{"id":5710,"date":"2021-07-02T12:00:37","date_gmt":"2021-07-02T10:00:37","guid":{"rendered":"https:\/\/www.anovapeneira.gal\/?p=5710"},"modified":"2021-06-28T12:54:29","modified_gmt":"2021-06-28T10:54:29","slug":"ponton-o-principal-problema-da-industria-en-vigo-e-politico-e-esta-na-confrontacion-esteril-entre-concello-e-xunta","status":"publish","type":"post","link":"https:\/\/www.anovapeneira.gal\/index.php\/2021\/07\/02\/ponton-o-principal-problema-da-industria-en-vigo-e-politico-e-esta-na-confrontacion-esteril-entre-concello-e-xunta\/","title":{"rendered":"Pont\u00f3n: \u201cO principal problema da industria en Vigo \u00e9 pol\u00edtico e est\u00e1 na confrontaci\u00f3n est\u00e9ril entre Concello e Xunta\u201d"},"content":{"rendered":"\n<h2 class=\"wp-block-heading\">A cidade precisa \u201ccolaboraci\u00f3n, non confrontaci\u00f3n\u201d ante os retos de futuro<\/h2>\n\n\n\n<p>Propostas BNG: Mesa da automoci\u00f3n e diversificaci\u00f3n da actividade, medidas contra a deslocalizaci\u00f3n, formaci\u00f3n profesional para unha industria 4.0 e centro de reparaci\u00f3n naval na R\u00eda<\/p>\n\n\n\n<p>Santiago de Compostela, 25 de Xu\u00f1o 2021.- A portavoz nacional, Ana Pont\u00f3n, mantivo en Vigo un encontro con delegados sindicais e de comit\u00e9s de empresa de sectores clave como o naval e a automoci\u00f3n, cos que repasou os principais problemas da industria na cidade e comarca.<\/p>\n\n\n\n<p>Ameazas recorrentes, explicou, como a falta de carga de traballo nos estaleiros, a deslocalizaci\u00f3n de empresas, a falta de planificaci\u00f3n para abordar os retos na automoci\u00f3n ou a ausencia de proxectos de calado vinculados aos fondos europeos de recuperaci\u00f3n econ\u00f3mica.<\/p>\n\n\n\n<p>\u201cPero a d\u00eda de hoxe &nbsp;o principal problema que ten o sector industrial de Vigo \u00e9 pol\u00edtico, o principal problema \u00e9 a confrontaci\u00f3n permanente e est\u00e9ril entre o alcalde e o presidente da Xunta, o conflito constante entre os m\u00e1ximos responsables de d\u00faas administraci\u00f3ns, -Concello e Xunta-, que deber\u00edan estar colaborando man a man, con lealdade e con rigor, para revitalizar o sector industrial de Vigo e comarca\u201d, denunciou Pont\u00f3n.<\/p>\n\n\n\n<p>Unha confrontaci\u00f3n, destacou, \u201cque chega ao paroxismo de pelexarse por un izado de bandeiras e, mentres se perde o tempo en batalli\u00f1as de bandeiras, quen paga o prezo desta guerra de egos son os vigueses e as viguesas, un prezo moi alto. No caso concreto do sector industrial que nos ocupa, Vigo ten hoxe 7.000 empregos menos que en 2009\u201d, advertiu.<\/p>\n\n\n\n<p>\u201cVigo necesita cooperaci\u00f3n e non confrontaci\u00f3n\u201d, subli\u00f1ou a portavoz do BNG, e necesita propostas a favor da s\u00faa industria, \u201cporque cal foi o ultimo gran proxecto industrial que se desenvolveu nesta cidade, cal \u00e9 o proxecto industrial de Feix\u00f3o para a primeira cidade do Pa\u00eds?\u201d, interpelou.<\/p>\n\n\n\n<p>Pont\u00f3n indicou que hai grandes retos de futuro que non poden esperar m\u00e1is, problemas que coa pandemia non fixeron sen\u00f3n agravarse, e urxe po\u00f1er sobre a mesa propostas e alternativas para os sector industrial vigu\u00e9s. Neste sentido, fronte \u00e1 confrontaci\u00f3n in\u00fatil, o Bloque ten propostas concretas para a cidade en \u00e1mbitos industriais clave como a automoci\u00f3n ou o naval.<\/p>\n\n\n\n<p>No sector da automoci\u00f3n, a formaci\u00f3n nacionalista defende unha Mesa da automoci\u00f3n, integrada por todo os axentes implicados e a elaboraci\u00f3n dun Plan da automoci\u00f3n que fomente a instalaci\u00f3n de novas actividades industriais vinculadas ao sector. Por exemplo, buscar alternativas \u00e1 planta de bater\u00edas, cando todo apunta que se instalar\u00e1 en Barcelona, porque o que non pode facer o Goberno de Feix\u00f3o \u00e9 \u201ccruzase de brazos\u201d.<\/p>\n\n\n\n<p>Tam\u00e9n, a posta en marcha dun plan de formaci\u00f3n profesional que prepare profesionais para a chamada industria 4.0, &nbsp;con coches de maior valor engadido que ve\u00f1en da man da transici\u00f3n enerx\u00e9tica; e a tarifa el\u00e9ctrica galega, para que os recursos enerx\u00e9ticos de Galiza sirvan para dar competitividade tam\u00e9n ao sector da automoci\u00f3n.&nbsp;<\/p>\n\n\n\n<p>O BNG tam\u00e9n pon o foco na deslocalizaci\u00f3n contra a que \u00e9 preciso tomar medidas, por exemplo, facilitando solo industrial a prezos competitivos. \u201cAlgo se est\u00e1 facendo mal cando Galiza non \u00e9 un polo de atracci\u00f3n de empresas\u201d, alegou, tendo en conta que este Pa\u00eds perdeu 2.000 empregos na automoci\u00f3n, mentres que o norte de Portugal ganou 6.000.&nbsp;<\/p>\n\n\n\n<p>En relaci\u00f3n ao sector naval, o BNG pon sobre a mesa d\u00faas propostas, &nbsp;\u201csacar do pozo\u201d a Vulcano e Barreras para que estes dous estaleiros te\u00f1an continuidade con apoio p\u00fablico e a creaci\u00f3n dun centro de reparaci\u00f3ns na R\u00eda de Vigo.&nbsp;<\/p>\n\n\n\n<p>Finalmente, os fondos europeos de recuperaci\u00f3n deben servir para sentar as bases dun novo modelo econ\u00f3mico, verde, sustentable, baseado na ciencia e na investigaci\u00f3n e, neste sentido, Vigo ten as &nbsp;mellores condici\u00f3ns para ser a capital galega da innovaci\u00f3n, acollendo un centro de desenvolvemento tecnol\u00f3xico e de I+D+i, que sume esforzos de empresa, universidade, Xunta e concello. Na reuni\u00f3n tam\u00e9n participou o portavoz municipal, Xabier P\u00e9rez Igrexas, e as deputadas Carmela Gonz\u00e1lez e Alexandra Fern\u00e1ndez.<\/p>\n","protected":false},"excerpt":{"rendered":"<div class=\"mh-excerpt\"><p>A cidade precisa \u201ccolaboraci\u00f3n, non confrontaci\u00f3n\u201d ante os retos de futuro <a class=\"mh-excerpt-more\" href=\"https:\/\/www.anovapeneira.gal\/index.php\/2021\/07\/02\/ponton-o-principal-problema-da-industria-en-vigo-e-politico-e-esta-na-confrontacion-esteril-entre-concello-e-xunta\/\" title=\"Pont\u00f3n: \u201cO principal problema da industria en Vigo \u00e9 pol\u00edtico e est\u00e1 na confrontaci\u00f3n est\u00e9ril entre Concello e Xunta\u201d\">[&#8230;]<\/a><\/p>\n<\/div>","protected":false},"author":3,"featured_media":4194,"comment_status":"open","ping_status":"open","sticky":false,"template":"","format":"standard","meta":{"_exactmetrics_skip_tracking":false,"_exactmetrics_sitenote_active":false,"_exactmetrics_sitenote_note":"","_exactmetrics_sitenote_category":0,"footnotes":""},"categories":[19],"tags":[227],"class_list":{"0":"post-5710","1":"post","2":"type-post","3":"status-publish","4":"format-standard","5":"has-post-thumbnail","7":"category-vigo","8":"tag-concello-de-vigo"},"yoast_head":"<!-- This site is optimized with the Yoast SEO plugin v27.4 - https:\/\/yoast.com\/product\/yoast-seo-wordpress\/ -->\n<title>Pont\u00f3n: \u201cO principal problema da industria en Vigo \u00e9 pol\u00edtico e est\u00e1 na confrontaci\u00f3n est\u00e9ril entre Concello e Xunta\u201d -<\/title>\n<meta name=\"description\" content=\"A cidade precisa \u201ccolaboraci\u00f3n, non confrontaci\u00f3n\u201d ante os retos de futuro\" \/>\n<meta name=\"robots\" content=\"index, follow, max-snippet:-1, max-image-preview:large, max-video-preview:-1\" \/>\n<link rel=\"canonical\" href=\"https:\/\/www.anovapeneira.gal\/index.php\/2021\/07\/02\/ponton-o-principal-problema-da-industria-en-vigo-e-politico-e-esta-na-confrontacion-esteril-entre-concello-e-xunta\/\" \/>\n<meta property=\"og:locale\" content=\"gl_ES\" \/>\n<meta property=\"og:type\" content=\"article\" \/>\n<meta property=\"og:title\" content=\"Pont\u00f3n: \u201cO principal problema da industria en Vigo \u00e9 pol\u00edtico e est\u00e1 na confrontaci\u00f3n est\u00e9ril entre Concello e Xunta\u201d -\" \/>\n<meta property=\"og:description\" content=\"A cidade precisa \u201ccolaboraci\u00f3n, non confrontaci\u00f3n\u201d ante os retos de futuro\" \/>\n<meta property=\"og:url\" content=\"https:\/\/www.anovapeneira.gal\/index.php\/2021\/07\/02\/ponton-o-principal-problema-da-industria-en-vigo-e-politico-e-esta-na-confrontacion-esteril-entre-concello-e-xunta\/\" \/>\n<meta property=\"article:publisher\" content=\"https:\/\/www.facebook.com\/anovapeneira\" \/>\n<meta property=\"article:published_time\" content=\"2021-07-02T10:00:37+00:00\" \/>\n<meta property=\"og:image\" content=\"https:\/\/www.anovapeneira.gal\/wp-content\/uploads\/2020\/11\/ana_ponton_2_onda_covid.jpg\" \/>\n\t<meta property=\"og:image:width\" content=\"720\" \/>\n\t<meta property=\"og:image:height\" content=\"432\" \/>\n\t<meta property=\"og:image:type\" content=\"image\/jpeg\" \/>\n<meta name=\"author\" content=\"Redacci\u00f3n A Nova Peneira\" \/>\n<meta name=\"twitter:card\" content=\"summary_large_image\" \/>\n<meta name=\"twitter:creator\" content=\"@APeneira\" \/>\n<meta name=\"twitter:site\" content=\"@APeneira\" \/>\n<meta name=\"twitter:label1\" content=\"Escrito por\" \/>\n\t<meta name=\"twitter:data1\" content=\"Redacci\u00f3n A Nova Peneira\" \/>\n\t<meta name=\"twitter:label2\" content=\"Tempo de lectura\" \/>\n\t<meta name=\"twitter:data2\" content=\"3 minutos\" \/>\n<script type=\"application\/ld+json\" class=\"yoast-schema-graph\">{\"@context\":\"https:\\\/\\\/schema.org\",\"@graph\":[{\"@type\":\"Article\",\"@id\":\"https:\\\/\\\/www.anovapeneira.gal\\\/index.php\\\/2021\\\/07\\\/02\\\/ponton-o-principal-problema-da-industria-en-vigo-e-politico-e-esta-na-confrontacion-esteril-entre-concello-e-xunta\\\/#article\",\"isPartOf\":{\"@id\":\"https:\\\/\\\/www.anovapeneira.gal\\\/index.php\\\/2021\\\/07\\\/02\\\/ponton-o-principal-problema-da-industria-en-vigo-e-politico-e-esta-na-confrontacion-esteril-entre-concello-e-xunta\\\/\"},\"author\":{\"name\":\"Redacci\u00f3n A Nova Peneira\",\"@id\":\"https:\\\/\\\/www.anovapeneira.gal\\\/#\\\/schema\\\/person\\\/b93e3f8932e3f8da96334607eb6ac6aa\"},\"headline\":\"Pont\u00f3n: \u201cO principal problema da industria en Vigo \u00e9 pol\u00edtico e est\u00e1 na confrontaci\u00f3n est\u00e9ril entre Concello e Xunta\u201d\",\"datePublished\":\"2021-07-02T10:00:37+00:00\",\"mainEntityOfPage\":{\"@id\":\"https:\\\/\\\/www.anovapeneira.gal\\\/index.php\\\/2021\\\/07\\\/02\\\/ponton-o-principal-problema-da-industria-en-vigo-e-politico-e-esta-na-confrontacion-esteril-entre-concello-e-xunta\\\/\"},\"wordCount\":749,\"commentCount\":0,\"publisher\":{\"@id\":\"https:\\\/\\\/www.anovapeneira.gal\\\/#organization\"},\"image\":{\"@id\":\"https:\\\/\\\/www.anovapeneira.gal\\\/index.php\\\/2021\\\/07\\\/02\\\/ponton-o-principal-problema-da-industria-en-vigo-e-politico-e-esta-na-confrontacion-esteril-entre-concello-e-xunta\\\/#primaryimage\"},\"thumbnailUrl\":\"https:\\\/\\\/www.anovapeneira.gal\\\/wp-content\\\/uploads\\\/2020\\\/11\\\/ana_ponton_2_onda_covid.jpg\",\"keywords\":[\"Concello de Vigo\"],\"articleSection\":[\"Vigo\"],\"inLanguage\":\"gl-ES\",\"potentialAction\":[{\"@type\":\"CommentAction\",\"name\":\"Comment\",\"target\":[\"https:\\\/\\\/www.anovapeneira.gal\\\/index.php\\\/2021\\\/07\\\/02\\\/ponton-o-principal-problema-da-industria-en-vigo-e-politico-e-esta-na-confrontacion-esteril-entre-concello-e-xunta\\\/#respond\"]}]},{\"@type\":\"WebPage\",\"@id\":\"https:\\\/\\\/www.anovapeneira.gal\\\/index.php\\\/2021\\\/07\\\/02\\\/ponton-o-principal-problema-da-industria-en-vigo-e-politico-e-esta-na-confrontacion-esteril-entre-concello-e-xunta\\\/\",\"url\":\"https:\\\/\\\/www.anovapeneira.gal\\\/index.php\\\/2021\\\/07\\\/02\\\/ponton-o-principal-problema-da-industria-en-vigo-e-politico-e-esta-na-confrontacion-esteril-entre-concello-e-xunta\\\/\",\"name\":\"Pont\u00f3n: \u201cO principal problema da industria en Vigo \u00e9 pol\u00edtico e est\u00e1 na confrontaci\u00f3n est\u00e9ril entre Concello e Xunta\u201d -\",\"isPartOf\":{\"@id\":\"https:\\\/\\\/www.anovapeneira.gal\\\/#website\"},\"primaryImageOfPage\":{\"@id\":\"https:\\\/\\\/www.anovapeneira.gal\\\/index.php\\\/2021\\\/07\\\/02\\\/ponton-o-principal-problema-da-industria-en-vigo-e-politico-e-esta-na-confrontacion-esteril-entre-concello-e-xunta\\\/#primaryimage\"},\"image\":{\"@id\":\"https:\\\/\\\/www.anovapeneira.gal\\\/index.php\\\/2021\\\/07\\\/02\\\/ponton-o-principal-problema-da-industria-en-vigo-e-politico-e-esta-na-confrontacion-esteril-entre-concello-e-xunta\\\/#primaryimage\"},\"thumbnailUrl\":\"https:\\\/\\\/www.anovapeneira.gal\\\/wp-content\\\/uploads\\\/2020\\\/11\\\/ana_ponton_2_onda_covid.jpg\",\"datePublished\":\"2021-07-02T10:00:37+00:00\",\"description\":\"A cidade precisa \u201ccolaboraci\u00f3n, non confrontaci\u00f3n\u201d ante os retos de futuro\",\"breadcrumb\":{\"@id\":\"https:\\\/\\\/www.anovapeneira.gal\\\/index.php\\\/2021\\\/07\\\/02\\\/ponton-o-principal-problema-da-industria-en-vigo-e-politico-e-esta-na-confrontacion-esteril-entre-concello-e-xunta\\\/#breadcrumb\"},\"inLanguage\":\"gl-ES\",\"potentialAction\":[{\"@type\":\"ReadAction\",\"target\":[\"https:\\\/\\\/www.anovapeneira.gal\\\/index.php\\\/2021\\\/07\\\/02\\\/ponton-o-principal-problema-da-industria-en-vigo-e-politico-e-esta-na-confrontacion-esteril-entre-concello-e-xunta\\\/\"]}]},{\"@type\":\"ImageObject\",\"inLanguage\":\"gl-ES\",\"@id\":\"https:\\\/\\\/www.anovapeneira.gal\\\/index.php\\\/2021\\\/07\\\/02\\\/ponton-o-principal-problema-da-industria-en-vigo-e-politico-e-esta-na-confrontacion-esteril-entre-concello-e-xunta\\\/#primaryimage\",\"url\":\"https:\\\/\\\/www.anovapeneira.gal\\\/wp-content\\\/uploads\\\/2020\\\/11\\\/ana_ponton_2_onda_covid.jpg\",\"contentUrl\":\"https:\\\/\\\/www.anovapeneira.gal\\\/wp-content\\\/uploads\\\/2020\\\/11\\\/ana_ponton_2_onda_covid.jpg\",\"width\":720,\"height\":432,\"caption\":\"O BNG a favor de tomar medidas contundentes para frear a segunda onda da COVID e esixe \u00e1 Xunta que act\u00fae con decisi\u00f3n\"},{\"@type\":\"BreadcrumbList\",\"@id\":\"https:\\\/\\\/www.anovapeneira.gal\\\/index.php\\\/2021\\\/07\\\/02\\\/ponton-o-principal-problema-da-industria-en-vigo-e-politico-e-esta-na-confrontacion-esteril-entre-concello-e-xunta\\\/#breadcrumb\",\"itemListElement\":[{\"@type\":\"ListItem\",\"position\":1,\"name\":\"Portada\",\"item\":\"https:\\\/\\\/www.anovapeneira.gal\\\/\"},{\"@type\":\"ListItem\",\"position\":2,\"name\":\"Pont\u00f3n: \u201cO principal problema da industria en Vigo \u00e9 pol\u00edtico e est\u00e1 na confrontaci\u00f3n est\u00e9ril entre Concello e Xunta\u201d\"}]},{\"@type\":\"WebSite\",\"@id\":\"https:\\\/\\\/www.anovapeneira.gal\\\/#website\",\"url\":\"https:\\\/\\\/www.anovapeneira.gal\\\/\",\"name\":\"\",\"description\":\"Xornal galego de informaci\u00f3n xeral Publicaci\u00f3n mensual de novas de Galicia e en especial dos Concellos da sur da provincia de Pontevedra.\",\"publisher\":{\"@id\":\"https:\\\/\\\/www.anovapeneira.gal\\\/#organization\"},\"potentialAction\":[{\"@type\":\"SearchAction\",\"target\":{\"@type\":\"EntryPoint\",\"urlTemplate\":\"https:\\\/\\\/www.anovapeneira.gal\\\/?s={search_term_string}\"},\"query-input\":{\"@type\":\"PropertyValueSpecification\",\"valueRequired\":true,\"valueName\":\"search_term_string\"}}],\"inLanguage\":\"gl-ES\"},{\"@type\":\"Organization\",\"@id\":\"https:\\\/\\\/www.anovapeneira.gal\\\/#organization\",\"name\":\"A Nova Peneira\",\"url\":\"https:\\\/\\\/www.anovapeneira.gal\\\/\",\"logo\":{\"@type\":\"ImageObject\",\"inLanguage\":\"gl-ES\",\"@id\":\"https:\\\/\\\/www.anovapeneira.gal\\\/#\\\/schema\\\/logo\\\/image\\\/\",\"url\":\"http:\\\/\\\/www.anovapeneira.gal\\\/wp-content\\\/uploads\\\/2019\\\/06\\\/logo_a_nova_peneira_portal_web.png\",\"contentUrl\":\"http:\\\/\\\/www.anovapeneira.gal\\\/wp-content\\\/uploads\\\/2019\\\/06\\\/logo_a_nova_peneira_portal_web.png\",\"width\":300,\"height\":100,\"caption\":\"A Nova Peneira\"},\"image\":{\"@id\":\"https:\\\/\\\/www.anovapeneira.gal\\\/#\\\/schema\\\/logo\\\/image\\\/\"},\"sameAs\":[\"https:\\\/\\\/www.facebook.com\\\/anovapeneira\",\"https:\\\/\\\/x.com\\\/APeneira\"]},{\"@type\":\"Person\",\"@id\":\"https:\\\/\\\/www.anovapeneira.gal\\\/#\\\/schema\\\/person\\\/b93e3f8932e3f8da96334607eb6ac6aa\",\"name\":\"Redacci\u00f3n A Nova Peneira\",\"image\":{\"@type\":\"ImageObject\",\"inLanguage\":\"gl-ES\",\"@id\":\"https:\\\/\\\/secure.gravatar.com\\\/avatar\\\/c052a2551a06e23fac63626232eaa90abd78dbcf1700fc46a2b2c89fd27b735f?s=96&d=mm&r=g\",\"url\":\"https:\\\/\\\/secure.gravatar.com\\\/avatar\\\/c052a2551a06e23fac63626232eaa90abd78dbcf1700fc46a2b2c89fd27b735f?s=96&d=mm&r=g\",\"contentUrl\":\"https:\\\/\\\/secure.gravatar.com\\\/avatar\\\/c052a2551a06e23fac63626232eaa90abd78dbcf1700fc46a2b2c89fd27b735f?s=96&d=mm&r=g\",\"caption\":\"Redacci\u00f3n A Nova Peneira\"},\"sameAs\":[\"http:\\\/\\\/www.anovapeneira.gal\\\/\"],\"url\":\"https:\\\/\\\/www.anovapeneira.gal\\\/index.php\\\/author\\\/redactor\\\/\"}]}<\/script>\n<!-- \/ Yoast SEO plugin. -->","yoast_head_json":{"title":"Pont\u00f3n: \u201cO principal problema da industria en Vigo \u00e9 pol\u00edtico e est\u00e1 na confrontaci\u00f3n est\u00e9ril entre Concello e Xunta\u201d -","description":"A cidade precisa \u201ccolaboraci\u00f3n, non confrontaci\u00f3n\u201d ante os retos de futuro","robots":{"index":"index","follow":"follow","max-snippet":"max-snippet:-1","max-image-preview":"max-image-preview:large","max-video-preview":"max-video-preview:-1"},"canonical":"https:\/\/www.anovapeneira.gal\/index.php\/2021\/07\/02\/ponton-o-principal-problema-da-industria-en-vigo-e-politico-e-esta-na-confrontacion-esteril-entre-concello-e-xunta\/","og_locale":"gl_ES","og_type":"article","og_title":"Pont\u00f3n: \u201cO principal problema da industria en Vigo \u00e9 pol\u00edtico e est\u00e1 na confrontaci\u00f3n est\u00e9ril entre Concello e Xunta\u201d -","og_description":"A cidade precisa \u201ccolaboraci\u00f3n, non confrontaci\u00f3n\u201d ante os retos de futuro","og_url":"https:\/\/www.anovapeneira.gal\/index.php\/2021\/07\/02\/ponton-o-principal-problema-da-industria-en-vigo-e-politico-e-esta-na-confrontacion-esteril-entre-concello-e-xunta\/","article_publisher":"https:\/\/www.facebook.com\/anovapeneira","article_published_time":"2021-07-02T10:00:37+00:00","og_image":[{"width":720,"height":432,"url":"https:\/\/www.anovapeneira.gal\/wp-content\/uploads\/2020\/11\/ana_ponton_2_onda_covid.jpg","type":"image\/jpeg"}],"author":"Redacci\u00f3n A Nova Peneira","twitter_card":"summary_large_image","twitter_creator":"@APeneira","twitter_site":"@APeneira","twitter_misc":{"Escrito por":"Redacci\u00f3n A Nova Peneira","Tempo de lectura":"3 minutos"},"schema":{"@context":"https:\/\/schema.org","@graph":[{"@type":"Article","@id":"https:\/\/www.anovapeneira.gal\/index.php\/2021\/07\/02\/ponton-o-principal-problema-da-industria-en-vigo-e-politico-e-esta-na-confrontacion-esteril-entre-concello-e-xunta\/#article","isPartOf":{"@id":"https:\/\/www.anovapeneira.gal\/index.php\/2021\/07\/02\/ponton-o-principal-problema-da-industria-en-vigo-e-politico-e-esta-na-confrontacion-esteril-entre-concello-e-xunta\/"},"author":{"name":"Redacci\u00f3n A Nova Peneira","@id":"https:\/\/www.anovapeneira.gal\/#\/schema\/person\/b93e3f8932e3f8da96334607eb6ac6aa"},"headline":"Pont\u00f3n: \u201cO principal problema da industria en Vigo \u00e9 pol\u00edtico e est\u00e1 na confrontaci\u00f3n est\u00e9ril entre Concello e Xunta\u201d","datePublished":"2021-07-02T10:00:37+00:00","mainEntityOfPage":{"@id":"https:\/\/www.anovapeneira.gal\/index.php\/2021\/07\/02\/ponton-o-principal-problema-da-industria-en-vigo-e-politico-e-esta-na-confrontacion-esteril-entre-concello-e-xunta\/"},"wordCount":749,"commentCount":0,"publisher":{"@id":"https:\/\/www.anovapeneira.gal\/#organization"},"image":{"@id":"https:\/\/www.anovapeneira.gal\/index.php\/2021\/07\/02\/ponton-o-principal-problema-da-industria-en-vigo-e-politico-e-esta-na-confrontacion-esteril-entre-concello-e-xunta\/#primaryimage"},"thumbnailUrl":"https:\/\/www.anovapeneira.gal\/wp-content\/uploads\/2020\/11\/ana_ponton_2_onda_covid.jpg","keywords":["Concello de Vigo"],"articleSection":["Vigo"],"inLanguage":"gl-ES","potentialAction":[{"@type":"CommentAction","name":"Comment","target":["https:\/\/www.anovapeneira.gal\/index.php\/2021\/07\/02\/ponton-o-principal-problema-da-industria-en-vigo-e-politico-e-esta-na-confrontacion-esteril-entre-concello-e-xunta\/#respond"]}]},{"@type":"WebPage","@id":"https:\/\/www.anovapeneira.gal\/index.php\/2021\/07\/02\/ponton-o-principal-problema-da-industria-en-vigo-e-politico-e-esta-na-confrontacion-esteril-entre-concello-e-xunta\/","url":"https:\/\/www.anovapeneira.gal\/index.php\/2021\/07\/02\/ponton-o-principal-problema-da-industria-en-vigo-e-politico-e-esta-na-confrontacion-esteril-entre-concello-e-xunta\/","name":"Pont\u00f3n: \u201cO principal problema da industria en Vigo \u00e9 pol\u00edtico e est\u00e1 na confrontaci\u00f3n est\u00e9ril entre Concello e Xunta\u201d -","isPartOf":{"@id":"https:\/\/www.anovapeneira.gal\/#website"},"primaryImageOfPage":{"@id":"https:\/\/www.anovapeneira.gal\/index.php\/2021\/07\/02\/ponton-o-principal-problema-da-industria-en-vigo-e-politico-e-esta-na-confrontacion-esteril-entre-concello-e-xunta\/#primaryimage"},"image":{"@id":"https:\/\/www.anovapeneira.gal\/index.php\/2021\/07\/02\/ponton-o-principal-problema-da-industria-en-vigo-e-politico-e-esta-na-confrontacion-esteril-entre-concello-e-xunta\/#primaryimage"},"thumbnailUrl":"https:\/\/www.anovapeneira.gal\/wp-content\/uploads\/2020\/11\/ana_ponton_2_onda_covid.jpg","datePublished":"2021-07-02T10:00:37+00:00","description":"A cidade precisa \u201ccolaboraci\u00f3n, non confrontaci\u00f3n\u201d ante os retos de futuro","breadcrumb":{"@id":"https:\/\/www.anovapeneira.gal\/index.php\/2021\/07\/02\/ponton-o-principal-problema-da-industria-en-vigo-e-politico-e-esta-na-confrontacion-esteril-entre-concello-e-xunta\/#breadcrumb"},"inLanguage":"gl-ES","potentialAction":[{"@type":"ReadAction","target":["https:\/\/www.anovapeneira.gal\/index.php\/2021\/07\/02\/ponton-o-principal-problema-da-industria-en-vigo-e-politico-e-esta-na-confrontacion-esteril-entre-concello-e-xunta\/"]}]},{"@type":"ImageObject","inLanguage":"gl-ES","@id":"https:\/\/www.anovapeneira.gal\/index.php\/2021\/07\/02\/ponton-o-principal-problema-da-industria-en-vigo-e-politico-e-esta-na-confrontacion-esteril-entre-concello-e-xunta\/#primaryimage","url":"https:\/\/www.anovapeneira.gal\/wp-content\/uploads\/2020\/11\/ana_ponton_2_onda_covid.jpg","contentUrl":"https:\/\/www.anovapeneira.gal\/wp-content\/uploads\/2020\/11\/ana_ponton_2_onda_covid.jpg","width":720,"height":432,"caption":"O BNG a favor de tomar medidas contundentes para frear a segunda onda da COVID e esixe \u00e1 Xunta que act\u00fae con decisi\u00f3n"},{"@type":"BreadcrumbList","@id":"https:\/\/www.anovapeneira.gal\/index.php\/2021\/07\/02\/ponton-o-principal-problema-da-industria-en-vigo-e-politico-e-esta-na-confrontacion-esteril-entre-concello-e-xunta\/#breadcrumb","itemListElement":[{"@type":"ListItem","position":1,"name":"Portada","item":"https:\/\/www.anovapeneira.gal\/"},{"@type":"ListItem","position":2,"name":"Pont\u00f3n: \u201cO principal problema da industria en Vigo \u00e9 pol\u00edtico e est\u00e1 na confrontaci\u00f3n est\u00e9ril entre Concello e Xunta\u201d"}]},{"@type":"WebSite","@id":"https:\/\/www.anovapeneira.gal\/#website","url":"https:\/\/www.anovapeneira.gal\/","name":"","description":"Xornal galego de informaci\u00f3n xeral Publicaci\u00f3n mensual de novas de Galicia e en especial dos Concellos da sur da provincia de Pontevedra.","publisher":{"@id":"https:\/\/www.anovapeneira.gal\/#organization"},"potentialAction":[{"@type":"SearchAction","target":{"@type":"EntryPoint","urlTemplate":"https:\/\/www.anovapeneira.gal\/?s={search_term_string}"},"query-input":{"@type":"PropertyValueSpecification","valueRequired":true,"valueName":"search_term_string"}}],"inLanguage":"gl-ES"},{"@type":"Organization","@id":"https:\/\/www.anovapeneira.gal\/#organization","name":"A Nova Peneira","url":"https:\/\/www.anovapeneira.gal\/","logo":{"@type":"ImageObject","inLanguage":"gl-ES","@id":"https:\/\/www.anovapeneira.gal\/#\/schema\/logo\/image\/","url":"http:\/\/www.anovapeneira.gal\/wp-content\/uploads\/2019\/06\/logo_a_nova_peneira_portal_web.png","contentUrl":"http:\/\/www.anovapeneira.gal\/wp-content\/uploads\/2019\/06\/logo_a_nova_peneira_portal_web.png","width":300,"height":100,"caption":"A Nova Peneira"},"image":{"@id":"https:\/\/www.anovapeneira.gal\/#\/schema\/logo\/image\/"},"sameAs":["https:\/\/www.facebook.com\/anovapeneira","https:\/\/x.com\/APeneira"]},{"@type":"Person","@id":"https:\/\/www.anovapeneira.gal\/#\/schema\/person\/b93e3f8932e3f8da96334607eb6ac6aa","name":"Redacci\u00f3n A Nova Peneira","image":{"@type":"ImageObject","inLanguage":"gl-ES","@id":"https:\/\/secure.gravatar.com\/avatar\/c052a2551a06e23fac63626232eaa90abd78dbcf1700fc46a2b2c89fd27b735f?s=96&d=mm&r=g","url":"https:\/\/secure.gravatar.com\/avatar\/c052a2551a06e23fac63626232eaa90abd78dbcf1700fc46a2b2c89fd27b735f?s=96&d=mm&r=g","contentUrl":"https:\/\/secure.gravatar.com\/avatar\/c052a2551a06e23fac63626232eaa90abd78dbcf1700fc46a2b2c89fd27b735f?s=96&d=mm&r=g","caption":"Redacci\u00f3n A Nova Peneira"},"sameAs":["http:\/\/www.anovapeneira.gal\/"],"url":"https:\/\/www.anovapeneira.gal\/index.php\/author\/redactor\/"}]}},"jetpack_featured_media_url":"https:\/\/www.anovapeneira.gal\/wp-content\/uploads\/2020\/11\/ana_ponton_2_onda_covid.jpg","_links":{"self":[{"href":"https:\/\/www.anovapeneira.gal\/index.php\/wp-json\/wp\/v2\/posts\/5710","targetHints":{"allow":["GET"]}}],"collection":[{"href":"https:\/\/www.anovapeneira.gal\/index.php\/wp-json\/wp\/v2\/posts"}],"about":[{"href":"https:\/\/www.anovapeneira.gal\/index.php\/wp-json\/wp\/v2\/types\/post"}],"author":[{"embeddable":true,"href":"https:\/\/www.anovapeneira.gal\/index.php\/wp-json\/wp\/v2\/users\/3"}],"replies":[{"embeddable":true,"href":"https:\/\/www.anovapeneira.gal\/index.php\/wp-json\/wp\/v2\/comments?post=5710"}],"version-history":[{"count":1,"href":"https:\/\/www.anovapeneira.gal\/index.php\/wp-json\/wp\/v2\/posts\/5710\/revisions"}],"predecessor-version":[{"id":5711,"href":"https:\/\/www.anovapeneira.gal\/index.php\/wp-json\/wp\/v2\/posts\/5710\/revisions\/5711"}],"wp:featuredmedia":[{"embeddable":true,"href":"https:\/\/www.anovapeneira.gal\/index.php\/wp-json\/wp\/v2\/media\/4194"}],"wp:attachment":[{"href":"https:\/\/www.anovapeneira.gal\/index.php\/wp-json\/wp\/v2\/media?parent=5710"}],"wp:term":[{"taxonomy":"category","embeddable":true,"href":"https:\/\/www.anovapeneira.gal\/index.php\/wp-json\/wp\/v2\/categories?post=5710"},{"taxonomy":"post_tag","embeddable":true,"href":"https:\/\/www.anovapeneira.gal\/index.php\/wp-json\/wp\/v2\/tags?post=5710"}],"curies":[{"name":"wp","href":"https:\/\/api.w.org\/{rel}","templated":true}]}}