{"id":5715,"date":"2021-07-05T12:00:33","date_gmt":"2021-07-05T10:00:33","guid":{"rendered":"https:\/\/www.anovapeneira.gal\/?p=5715"},"modified":"2021-07-02T13:15:02","modified_gmt":"2021-07-02T11:15:02","slug":"lembranza-dun-nino-de-merlos","status":"publish","type":"post","link":"https:\/\/www.anovapeneira.gal\/index.php\/2021\/07\/05\/lembranza-dun-nino-de-merlos\/","title":{"rendered":"Lembranza dun ni\u00f1o de merlos"},"content":{"rendered":"\n<pre class=\"wp-block-preformatted\"><strong>Manuel Alfonso Est\u00e9vez<\/strong><\/pre>\n\n\n\n<p>Como dir\u00eda Tino , esta \u00e9 a historia viva dun fillo de Fornelos da Ribeira, e como ,toda historia viva, tam\u00e9n a dunha parella de merlos que ani\u00f1aran no parral da entrada do eido da mi\u00f1a familia Cambra, no rueiro do Casco,cando eu ti\u00f1a 12 anos, e das observaci\u00f3ns daquelas criaturas, das s\u00faas costumes que converteran a toda a familia nuns improvisados aprendices ornit\u00f3logos.<\/p>\n\n\n\n<p>Fora no ver\u00e1n do ano 1.944 cando me dera conta de que al\u00ed, no parral da entrada o eido, hab\u00edan feito un ni\u00f1o:&nbsp;<strong>Unha prodixiosa cazola de follas e poli\u00f1as perfectamente trenzadas que deberan resistir a chuvia da \u00faltima semana.<\/strong><\/p>\n\n\n\n<p>A verdade era de que ningu\u00e9n sab\u00eda que estaba al\u00ed, e logo que o souben, non me faltou tempo para observalos e comentar as s\u00faas idas e vindas. Iso si, con toda a cautela e silencio para que non se asustaran e puideran cumprir coa s\u00faa tarefa que non era pouca.<\/p>\n\n\n\n<p>Dos catro ovos azuis, naceran catro poli\u00f1os, que se apertaban uns contra os outros naquel ni\u00f1o estreito. Apenas ti\u00f1an plumas e durm\u00edan case que todo o tempo ata que a fame azuzaba, e ent\u00f3n, co seu simp\u00e1tico xoldo, levantaban as s\u00faas cabeci\u00f1as e abr\u00edan o pico todo o que pod\u00edan esperando o alimento. O merlo pai, e a s\u00faa merli\u00f1a nai, turnabanse organizadamente para traerlles a s\u00faa comida.<\/p>\n\n\n\n<p>Eu vixilante, os v\u00eda chegar co pico repleto de mi\u00f1ocas, esperando non verme para achegarse e saciar os seus poli\u00f1os .E si alg\u00fan deles estaba no ni\u00f1o, se pousaba con coidado sobre os seus fillos inchando o seu corpo para darlles calor e acubillo, agardando o relevo, pero as veces as cr\u00edas se quedaban soas, e eu, aproveitaba para contemplalos. Eu ti\u00f1a, ent\u00f3n doce anos e me v\u00eda sentado moitas veces coa mi\u00f1a irm\u00e1 Pepita (q.e.p.d.), o pe do cruceiro do Casco, despois de observalos.<\/p>\n\n\n\n<p>Para min, esta familia de merli\u00f1os, tra\u00edame ilusi\u00f3n e o facelo no noso eido, era esencial, para gozala natureza, admirar a vida, coidala e protexela. Ata nome ti\u00f1an os merli\u00f1os, quizais por aquelo de domesticalos e velos tan libres e aut\u00e9nticos. Ent\u00f3n, est\u00e1bamos na eira lendo e escoitando o canto deles, nesa parcela abnegada que compart\u00eda a crianza da s\u00faa prole con un amor instintivo, leal e infindo, sen que poida caber entre eles ego\u00edsmo, odio e violencia.<\/p>\n\n\n\n<p>De todos aqueles tempos pasados, nos quedou a natureza. Tam\u00e9n daquela era un pouco vago, pero me encantaban os paxaros e con eles crec\u00edn, pensando ser algo na vida, que nunca foi cor de rosas, pero aqu\u00ed me tendes lembrando aqueles tempos de neno, comentando a historia viva de Fornelos da Ribeira, e a dunha parella de merlos. Os admiro tanto e escoito moitas veces dando paseos, polos parques e xard\u00edns de Vigo, e me lembro \u00a1Como non! Daqueles tempos pasados no eido solar da familia, en Fornelos da Ribeira, que non volver\u00e1n mais.<\/p>\n","protected":false},"excerpt":{"rendered":"<div class=\"mh-excerpt\"><p>Como dir\u00eda Tino , esta \u00e9 a historia viva dun fillo de Fornelos da Ribeira, e como ,toda historia viva, tam\u00e9n a dunha parella de merlos que ani\u00f1aran no parral da entrada do eido da mi\u00f1a familia Cambra, no rueiro do Casco,cando eu ti\u00f1a 12 anos, e das observaci\u00f3ns daquelas criaturas, das s\u00faas costumes que converteran a toda a familia nuns improvisados aprendices ornit\u00f3logos. <a class=\"mh-excerpt-more\" href=\"https:\/\/www.anovapeneira.gal\/index.php\/2021\/07\/05\/lembranza-dun-nino-de-merlos\/\" title=\"Lembranza dun ni\u00f1o de merlos\">[&#8230;]<\/a><\/p>\n<\/div>","protected":false},"author":12,"featured_media":5716,"comment_status":"open","ping_status":"open","sticky":false,"template":"","format":"standard","meta":{"_exactmetrics_skip_tracking":false,"_exactmetrics_sitenote_active":false,"_exactmetrics_sitenote_note":"","_exactmetrics_sitenote_category":0,"footnotes":""},"categories":[7],"tags":[],"class_list":{"0":"post-5715","1":"post","2":"type-post","3":"status-publish","4":"format-standard","5":"has-post-thumbnail","7":"category-artigos-de-opinion"},"yoast_head":"<!-- This site is optimized with the Yoast SEO plugin v27.4 - https:\/\/yoast.com\/product\/yoast-seo-wordpress\/ -->\n<title>Lembranza dun ni\u00f1o de merlos -<\/title>\n<meta name=\"description\" content=\"Como dir\u00eda Tino , esta \u00e9 a historia viva dun fillo de Fornelos da Ribeira, e como ,toda historia viva, tam\u00e9n a dunha parella de merlos que ani\u00f1aran no parral da entrada do eido da mi\u00f1a familia Cambra, no rueiro do Casco,cando eu ti\u00f1a 12 anos, e das observaci\u00f3ns daquelas criaturas, das s\u00faas costumes que converteran a toda a familia nuns improvisados aprendices ornit\u00f3logos.\" \/>\n<meta name=\"robots\" content=\"index, follow, max-snippet:-1, max-image-preview:large, max-video-preview:-1\" \/>\n<link rel=\"canonical\" href=\"https:\/\/www.anovapeneira.gal\/index.php\/2021\/07\/05\/lembranza-dun-nino-de-merlos\/\" \/>\n<meta property=\"og:locale\" content=\"gl_ES\" \/>\n<meta property=\"og:type\" content=\"article\" \/>\n<meta property=\"og:title\" content=\"Lembranza dun ni\u00f1o de merlos -\" \/>\n<meta property=\"og:description\" content=\"Como dir\u00eda Tino , esta \u00e9 a historia viva dun fillo de Fornelos da Ribeira, e como ,toda historia viva, tam\u00e9n a dunha parella de merlos que ani\u00f1aran no parral da entrada do eido da mi\u00f1a familia Cambra, no rueiro do Casco,cando eu ti\u00f1a 12 anos, e das observaci\u00f3ns daquelas criaturas, das s\u00faas costumes que converteran a toda a familia nuns improvisados aprendices ornit\u00f3logos.\" \/>\n<meta property=\"og:url\" content=\"https:\/\/www.anovapeneira.gal\/index.php\/2021\/07\/05\/lembranza-dun-nino-de-merlos\/\" \/>\n<meta property=\"article:publisher\" content=\"https:\/\/www.facebook.com\/anovapeneira\" \/>\n<meta property=\"article:published_time\" content=\"2021-07-05T10:00:33+00:00\" \/>\n<meta property=\"og:image\" content=\"https:\/\/www.anovapeneira.gal\/wp-content\/uploads\/2021\/07\/foto_cruceiro.jpg\" \/>\n\t<meta property=\"og:image:width\" content=\"720\" \/>\n\t<meta property=\"og:image:height\" content=\"432\" \/>\n\t<meta property=\"og:image:type\" content=\"image\/jpeg\" \/>\n<meta name=\"author\" content=\"Artigos Opini\u00f3n\" \/>\n<meta name=\"twitter:card\" content=\"summary_large_image\" \/>\n<meta name=\"twitter:creator\" content=\"@APeneira\" \/>\n<meta name=\"twitter:site\" content=\"@APeneira\" \/>\n<meta name=\"twitter:label1\" content=\"Escrito por\" \/>\n\t<meta name=\"twitter:data1\" content=\"Artigos Opini\u00f3n\" \/>\n\t<meta name=\"twitter:label2\" content=\"Tempo de lectura\" \/>\n\t<meta name=\"twitter:data2\" content=\"3 minutos\" \/>\n<script type=\"application\/ld+json\" class=\"yoast-schema-graph\">{\"@context\":\"https:\\\/\\\/schema.org\",\"@graph\":[{\"@type\":\"Article\",\"@id\":\"https:\\\/\\\/www.anovapeneira.gal\\\/index.php\\\/2021\\\/07\\\/05\\\/lembranza-dun-nino-de-merlos\\\/#article\",\"isPartOf\":{\"@id\":\"https:\\\/\\\/www.anovapeneira.gal\\\/index.php\\\/2021\\\/07\\\/05\\\/lembranza-dun-nino-de-merlos\\\/\"},\"author\":{\"name\":\"Artigos Opini\u00f3n\",\"@id\":\"https:\\\/\\\/www.anovapeneira.gal\\\/#\\\/schema\\\/person\\\/f18a4feb302e8f20bcef4490b5b60bb3\"},\"headline\":\"Lembranza dun ni\u00f1o de merlos\",\"datePublished\":\"2021-07-05T10:00:33+00:00\",\"mainEntityOfPage\":{\"@id\":\"https:\\\/\\\/www.anovapeneira.gal\\\/index.php\\\/2021\\\/07\\\/05\\\/lembranza-dun-nino-de-merlos\\\/\"},\"wordCount\":541,\"commentCount\":0,\"publisher\":{\"@id\":\"https:\\\/\\\/www.anovapeneira.gal\\\/#organization\"},\"image\":{\"@id\":\"https:\\\/\\\/www.anovapeneira.gal\\\/index.php\\\/2021\\\/07\\\/05\\\/lembranza-dun-nino-de-merlos\\\/#primaryimage\"},\"thumbnailUrl\":\"https:\\\/\\\/www.anovapeneira.gal\\\/wp-content\\\/uploads\\\/2021\\\/07\\\/foto_cruceiro.jpg\",\"articleSection\":[\"Artigos de opini\u00f3n\"],\"inLanguage\":\"gl-ES\",\"potentialAction\":[{\"@type\":\"CommentAction\",\"name\":\"Comment\",\"target\":[\"https:\\\/\\\/www.anovapeneira.gal\\\/index.php\\\/2021\\\/07\\\/05\\\/lembranza-dun-nino-de-merlos\\\/#respond\"]}]},{\"@type\":\"WebPage\",\"@id\":\"https:\\\/\\\/www.anovapeneira.gal\\\/index.php\\\/2021\\\/07\\\/05\\\/lembranza-dun-nino-de-merlos\\\/\",\"url\":\"https:\\\/\\\/www.anovapeneira.gal\\\/index.php\\\/2021\\\/07\\\/05\\\/lembranza-dun-nino-de-merlos\\\/\",\"name\":\"Lembranza dun ni\u00f1o de merlos -\",\"isPartOf\":{\"@id\":\"https:\\\/\\\/www.anovapeneira.gal\\\/#website\"},\"primaryImageOfPage\":{\"@id\":\"https:\\\/\\\/www.anovapeneira.gal\\\/index.php\\\/2021\\\/07\\\/05\\\/lembranza-dun-nino-de-merlos\\\/#primaryimage\"},\"image\":{\"@id\":\"https:\\\/\\\/www.anovapeneira.gal\\\/index.php\\\/2021\\\/07\\\/05\\\/lembranza-dun-nino-de-merlos\\\/#primaryimage\"},\"thumbnailUrl\":\"https:\\\/\\\/www.anovapeneira.gal\\\/wp-content\\\/uploads\\\/2021\\\/07\\\/foto_cruceiro.jpg\",\"datePublished\":\"2021-07-05T10:00:33+00:00\",\"description\":\"Como dir\u00eda Tino , esta \u00e9 a historia viva dun fillo de Fornelos da Ribeira, e como ,toda historia viva, tam\u00e9n a dunha parella de merlos que ani\u00f1aran no parral da entrada do eido da mi\u00f1a familia Cambra, no rueiro do Casco,cando eu ti\u00f1a 12 anos, e das observaci\u00f3ns daquelas criaturas, das s\u00faas costumes que converteran a toda a familia nuns improvisados aprendices ornit\u00f3logos.\",\"breadcrumb\":{\"@id\":\"https:\\\/\\\/www.anovapeneira.gal\\\/index.php\\\/2021\\\/07\\\/05\\\/lembranza-dun-nino-de-merlos\\\/#breadcrumb\"},\"inLanguage\":\"gl-ES\",\"potentialAction\":[{\"@type\":\"ReadAction\",\"target\":[\"https:\\\/\\\/www.anovapeneira.gal\\\/index.php\\\/2021\\\/07\\\/05\\\/lembranza-dun-nino-de-merlos\\\/\"]}]},{\"@type\":\"ImageObject\",\"inLanguage\":\"gl-ES\",\"@id\":\"https:\\\/\\\/www.anovapeneira.gal\\\/index.php\\\/2021\\\/07\\\/05\\\/lembranza-dun-nino-de-merlos\\\/#primaryimage\",\"url\":\"https:\\\/\\\/www.anovapeneira.gal\\\/wp-content\\\/uploads\\\/2021\\\/07\\\/foto_cruceiro.jpg\",\"contentUrl\":\"https:\\\/\\\/www.anovapeneira.gal\\\/wp-content\\\/uploads\\\/2021\\\/07\\\/foto_cruceiro.jpg\",\"width\":720,\"height\":432,\"caption\":\"Lembranza dun ni\u00f1o de merlos\"},{\"@type\":\"BreadcrumbList\",\"@id\":\"https:\\\/\\\/www.anovapeneira.gal\\\/index.php\\\/2021\\\/07\\\/05\\\/lembranza-dun-nino-de-merlos\\\/#breadcrumb\",\"itemListElement\":[{\"@type\":\"ListItem\",\"position\":1,\"name\":\"Portada\",\"item\":\"https:\\\/\\\/www.anovapeneira.gal\\\/\"},{\"@type\":\"ListItem\",\"position\":2,\"name\":\"Lembranza dun ni\u00f1o de merlos\"}]},{\"@type\":\"WebSite\",\"@id\":\"https:\\\/\\\/www.anovapeneira.gal\\\/#website\",\"url\":\"https:\\\/\\\/www.anovapeneira.gal\\\/\",\"name\":\"\",\"description\":\"Xornal galego de informaci\u00f3n xeral Publicaci\u00f3n mensual de novas de Galicia e en especial dos Concellos da sur da provincia de Pontevedra.\",\"publisher\":{\"@id\":\"https:\\\/\\\/www.anovapeneira.gal\\\/#organization\"},\"potentialAction\":[{\"@type\":\"SearchAction\",\"target\":{\"@type\":\"EntryPoint\",\"urlTemplate\":\"https:\\\/\\\/www.anovapeneira.gal\\\/?s={search_term_string}\"},\"query-input\":{\"@type\":\"PropertyValueSpecification\",\"valueRequired\":true,\"valueName\":\"search_term_string\"}}],\"inLanguage\":\"gl-ES\"},{\"@type\":\"Organization\",\"@id\":\"https:\\\/\\\/www.anovapeneira.gal\\\/#organization\",\"name\":\"A Nova Peneira\",\"url\":\"https:\\\/\\\/www.anovapeneira.gal\\\/\",\"logo\":{\"@type\":\"ImageObject\",\"inLanguage\":\"gl-ES\",\"@id\":\"https:\\\/\\\/www.anovapeneira.gal\\\/#\\\/schema\\\/logo\\\/image\\\/\",\"url\":\"http:\\\/\\\/www.anovapeneira.gal\\\/wp-content\\\/uploads\\\/2019\\\/06\\\/logo_a_nova_peneira_portal_web.png\",\"contentUrl\":\"http:\\\/\\\/www.anovapeneira.gal\\\/wp-content\\\/uploads\\\/2019\\\/06\\\/logo_a_nova_peneira_portal_web.png\",\"width\":300,\"height\":100,\"caption\":\"A Nova Peneira\"},\"image\":{\"@id\":\"https:\\\/\\\/www.anovapeneira.gal\\\/#\\\/schema\\\/logo\\\/image\\\/\"},\"sameAs\":[\"https:\\\/\\\/www.facebook.com\\\/anovapeneira\",\"https:\\\/\\\/x.com\\\/APeneira\"]},{\"@type\":\"Person\",\"@id\":\"https:\\\/\\\/www.anovapeneira.gal\\\/#\\\/schema\\\/person\\\/f18a4feb302e8f20bcef4490b5b60bb3\",\"name\":\"Artigos Opini\u00f3n\",\"image\":{\"@type\":\"ImageObject\",\"inLanguage\":\"gl-ES\",\"@id\":\"https:\\\/\\\/secure.gravatar.com\\\/avatar\\\/072844300f4881150aee2da4278f7a65d16eefdf8262eb67085f1e702de2b959?s=96&d=mm&r=g\",\"url\":\"https:\\\/\\\/secure.gravatar.com\\\/avatar\\\/072844300f4881150aee2da4278f7a65d16eefdf8262eb67085f1e702de2b959?s=96&d=mm&r=g\",\"contentUrl\":\"https:\\\/\\\/secure.gravatar.com\\\/avatar\\\/072844300f4881150aee2da4278f7a65d16eefdf8262eb67085f1e702de2b959?s=96&d=mm&r=g\",\"caption\":\"Artigos Opini\u00f3n\"},\"sameAs\":[\"http:\\\/\\\/anovapeneira.gal\"],\"url\":\"https:\\\/\\\/www.anovapeneira.gal\\\/index.php\\\/author\\\/artigosopinion\\\/\"}]}<\/script>\n<!-- \/ Yoast SEO plugin. -->","yoast_head_json":{"title":"Lembranza dun ni\u00f1o de merlos -","description":"Como dir\u00eda Tino , esta \u00e9 a historia viva dun fillo de Fornelos da Ribeira, e como ,toda historia viva, tam\u00e9n a dunha parella de merlos que ani\u00f1aran no parral da entrada do eido da mi\u00f1a familia Cambra, no rueiro do Casco,cando eu ti\u00f1a 12 anos, e das observaci\u00f3ns daquelas criaturas, das s\u00faas costumes que converteran a toda a familia nuns improvisados aprendices ornit\u00f3logos.","robots":{"index":"index","follow":"follow","max-snippet":"max-snippet:-1","max-image-preview":"max-image-preview:large","max-video-preview":"max-video-preview:-1"},"canonical":"https:\/\/www.anovapeneira.gal\/index.php\/2021\/07\/05\/lembranza-dun-nino-de-merlos\/","og_locale":"gl_ES","og_type":"article","og_title":"Lembranza dun ni\u00f1o de merlos -","og_description":"Como dir\u00eda Tino , esta \u00e9 a historia viva dun fillo de Fornelos da Ribeira, e como ,toda historia viva, tam\u00e9n a dunha parella de merlos que ani\u00f1aran no parral da entrada do eido da mi\u00f1a familia Cambra, no rueiro do Casco,cando eu ti\u00f1a 12 anos, e das observaci\u00f3ns daquelas criaturas, das s\u00faas costumes que converteran a toda a familia nuns improvisados aprendices ornit\u00f3logos.","og_url":"https:\/\/www.anovapeneira.gal\/index.php\/2021\/07\/05\/lembranza-dun-nino-de-merlos\/","article_publisher":"https:\/\/www.facebook.com\/anovapeneira","article_published_time":"2021-07-05T10:00:33+00:00","og_image":[{"width":720,"height":432,"url":"https:\/\/www.anovapeneira.gal\/wp-content\/uploads\/2021\/07\/foto_cruceiro.jpg","type":"image\/jpeg"}],"author":"Artigos Opini\u00f3n","twitter_card":"summary_large_image","twitter_creator":"@APeneira","twitter_site":"@APeneira","twitter_misc":{"Escrito por":"Artigos Opini\u00f3n","Tempo de lectura":"3 minutos"},"schema":{"@context":"https:\/\/schema.org","@graph":[{"@type":"Article","@id":"https:\/\/www.anovapeneira.gal\/index.php\/2021\/07\/05\/lembranza-dun-nino-de-merlos\/#article","isPartOf":{"@id":"https:\/\/www.anovapeneira.gal\/index.php\/2021\/07\/05\/lembranza-dun-nino-de-merlos\/"},"author":{"name":"Artigos Opini\u00f3n","@id":"https:\/\/www.anovapeneira.gal\/#\/schema\/person\/f18a4feb302e8f20bcef4490b5b60bb3"},"headline":"Lembranza dun ni\u00f1o de merlos","datePublished":"2021-07-05T10:00:33+00:00","mainEntityOfPage":{"@id":"https:\/\/www.anovapeneira.gal\/index.php\/2021\/07\/05\/lembranza-dun-nino-de-merlos\/"},"wordCount":541,"commentCount":0,"publisher":{"@id":"https:\/\/www.anovapeneira.gal\/#organization"},"image":{"@id":"https:\/\/www.anovapeneira.gal\/index.php\/2021\/07\/05\/lembranza-dun-nino-de-merlos\/#primaryimage"},"thumbnailUrl":"https:\/\/www.anovapeneira.gal\/wp-content\/uploads\/2021\/07\/foto_cruceiro.jpg","articleSection":["Artigos de opini\u00f3n"],"inLanguage":"gl-ES","potentialAction":[{"@type":"CommentAction","name":"Comment","target":["https:\/\/www.anovapeneira.gal\/index.php\/2021\/07\/05\/lembranza-dun-nino-de-merlos\/#respond"]}]},{"@type":"WebPage","@id":"https:\/\/www.anovapeneira.gal\/index.php\/2021\/07\/05\/lembranza-dun-nino-de-merlos\/","url":"https:\/\/www.anovapeneira.gal\/index.php\/2021\/07\/05\/lembranza-dun-nino-de-merlos\/","name":"Lembranza dun ni\u00f1o de merlos -","isPartOf":{"@id":"https:\/\/www.anovapeneira.gal\/#website"},"primaryImageOfPage":{"@id":"https:\/\/www.anovapeneira.gal\/index.php\/2021\/07\/05\/lembranza-dun-nino-de-merlos\/#primaryimage"},"image":{"@id":"https:\/\/www.anovapeneira.gal\/index.php\/2021\/07\/05\/lembranza-dun-nino-de-merlos\/#primaryimage"},"thumbnailUrl":"https:\/\/www.anovapeneira.gal\/wp-content\/uploads\/2021\/07\/foto_cruceiro.jpg","datePublished":"2021-07-05T10:00:33+00:00","description":"Como dir\u00eda Tino , esta \u00e9 a historia viva dun fillo de Fornelos da Ribeira, e como ,toda historia viva, tam\u00e9n a dunha parella de merlos que ani\u00f1aran no parral da entrada do eido da mi\u00f1a familia Cambra, no rueiro do Casco,cando eu ti\u00f1a 12 anos, e das observaci\u00f3ns daquelas criaturas, das s\u00faas costumes que converteran a toda a familia nuns improvisados aprendices ornit\u00f3logos.","breadcrumb":{"@id":"https:\/\/www.anovapeneira.gal\/index.php\/2021\/07\/05\/lembranza-dun-nino-de-merlos\/#breadcrumb"},"inLanguage":"gl-ES","potentialAction":[{"@type":"ReadAction","target":["https:\/\/www.anovapeneira.gal\/index.php\/2021\/07\/05\/lembranza-dun-nino-de-merlos\/"]}]},{"@type":"ImageObject","inLanguage":"gl-ES","@id":"https:\/\/www.anovapeneira.gal\/index.php\/2021\/07\/05\/lembranza-dun-nino-de-merlos\/#primaryimage","url":"https:\/\/www.anovapeneira.gal\/wp-content\/uploads\/2021\/07\/foto_cruceiro.jpg","contentUrl":"https:\/\/www.anovapeneira.gal\/wp-content\/uploads\/2021\/07\/foto_cruceiro.jpg","width":720,"height":432,"caption":"Lembranza dun ni\u00f1o de merlos"},{"@type":"BreadcrumbList","@id":"https:\/\/www.anovapeneira.gal\/index.php\/2021\/07\/05\/lembranza-dun-nino-de-merlos\/#breadcrumb","itemListElement":[{"@type":"ListItem","position":1,"name":"Portada","item":"https:\/\/www.anovapeneira.gal\/"},{"@type":"ListItem","position":2,"name":"Lembranza dun ni\u00f1o de merlos"}]},{"@type":"WebSite","@id":"https:\/\/www.anovapeneira.gal\/#website","url":"https:\/\/www.anovapeneira.gal\/","name":"","description":"Xornal galego de informaci\u00f3n xeral Publicaci\u00f3n mensual de novas de Galicia e en especial dos Concellos da sur da provincia de Pontevedra.","publisher":{"@id":"https:\/\/www.anovapeneira.gal\/#organization"},"potentialAction":[{"@type":"SearchAction","target":{"@type":"EntryPoint","urlTemplate":"https:\/\/www.anovapeneira.gal\/?s={search_term_string}"},"query-input":{"@type":"PropertyValueSpecification","valueRequired":true,"valueName":"search_term_string"}}],"inLanguage":"gl-ES"},{"@type":"Organization","@id":"https:\/\/www.anovapeneira.gal\/#organization","name":"A Nova Peneira","url":"https:\/\/www.anovapeneira.gal\/","logo":{"@type":"ImageObject","inLanguage":"gl-ES","@id":"https:\/\/www.anovapeneira.gal\/#\/schema\/logo\/image\/","url":"http:\/\/www.anovapeneira.gal\/wp-content\/uploads\/2019\/06\/logo_a_nova_peneira_portal_web.png","contentUrl":"http:\/\/www.anovapeneira.gal\/wp-content\/uploads\/2019\/06\/logo_a_nova_peneira_portal_web.png","width":300,"height":100,"caption":"A Nova Peneira"},"image":{"@id":"https:\/\/www.anovapeneira.gal\/#\/schema\/logo\/image\/"},"sameAs":["https:\/\/www.facebook.com\/anovapeneira","https:\/\/x.com\/APeneira"]},{"@type":"Person","@id":"https:\/\/www.anovapeneira.gal\/#\/schema\/person\/f18a4feb302e8f20bcef4490b5b60bb3","name":"Artigos Opini\u00f3n","image":{"@type":"ImageObject","inLanguage":"gl-ES","@id":"https:\/\/secure.gravatar.com\/avatar\/072844300f4881150aee2da4278f7a65d16eefdf8262eb67085f1e702de2b959?s=96&d=mm&r=g","url":"https:\/\/secure.gravatar.com\/avatar\/072844300f4881150aee2da4278f7a65d16eefdf8262eb67085f1e702de2b959?s=96&d=mm&r=g","contentUrl":"https:\/\/secure.gravatar.com\/avatar\/072844300f4881150aee2da4278f7a65d16eefdf8262eb67085f1e702de2b959?s=96&d=mm&r=g","caption":"Artigos Opini\u00f3n"},"sameAs":["http:\/\/anovapeneira.gal"],"url":"https:\/\/www.anovapeneira.gal\/index.php\/author\/artigosopinion\/"}]}},"jetpack_featured_media_url":"https:\/\/www.anovapeneira.gal\/wp-content\/uploads\/2021\/07\/foto_cruceiro.jpg","_links":{"self":[{"href":"https:\/\/www.anovapeneira.gal\/index.php\/wp-json\/wp\/v2\/posts\/5715","targetHints":{"allow":["GET"]}}],"collection":[{"href":"https:\/\/www.anovapeneira.gal\/index.php\/wp-json\/wp\/v2\/posts"}],"about":[{"href":"https:\/\/www.anovapeneira.gal\/index.php\/wp-json\/wp\/v2\/types\/post"}],"author":[{"embeddable":true,"href":"https:\/\/www.anovapeneira.gal\/index.php\/wp-json\/wp\/v2\/users\/12"}],"replies":[{"embeddable":true,"href":"https:\/\/www.anovapeneira.gal\/index.php\/wp-json\/wp\/v2\/comments?post=5715"}],"version-history":[{"count":1,"href":"https:\/\/www.anovapeneira.gal\/index.php\/wp-json\/wp\/v2\/posts\/5715\/revisions"}],"predecessor-version":[{"id":5717,"href":"https:\/\/www.anovapeneira.gal\/index.php\/wp-json\/wp\/v2\/posts\/5715\/revisions\/5717"}],"wp:featuredmedia":[{"embeddable":true,"href":"https:\/\/www.anovapeneira.gal\/index.php\/wp-json\/wp\/v2\/media\/5716"}],"wp:attachment":[{"href":"https:\/\/www.anovapeneira.gal\/index.php\/wp-json\/wp\/v2\/media?parent=5715"}],"wp:term":[{"taxonomy":"category","embeddable":true,"href":"https:\/\/www.anovapeneira.gal\/index.php\/wp-json\/wp\/v2\/categories?post=5715"},{"taxonomy":"post_tag","embeddable":true,"href":"https:\/\/www.anovapeneira.gal\/index.php\/wp-json\/wp\/v2\/tags?post=5715"}],"curies":[{"name":"wp","href":"https:\/\/api.w.org\/{rel}","templated":true}]}}