{"id":5721,"date":"2021-07-06T12:00:37","date_gmt":"2021-07-06T10:00:37","guid":{"rendered":"https:\/\/www.anovapeneira.gal\/?p=5721"},"modified":"2021-07-02T13:28:08","modified_gmt":"2021-07-02T11:28:08","slug":"ponteareas-presume-de-escritoras-e-ilustradoras-na-v-edicion-da-feira-do-libro","status":"publish","type":"post","link":"https:\/\/www.anovapeneira.gal\/index.php\/2021\/07\/06\/ponteareas-presume-de-escritoras-e-ilustradoras-na-v-edicion-da-feira-do-libro\/","title":{"rendered":"Ponteareas presume de escritoras e ilustradoras na V edici\u00f3n da Feira do Libro"},"content":{"rendered":"\n<h2 class=\"wp-block-heading\"><strong>A quinta edici\u00f3n celebrarase do 15 ao 18 de xullo con 22 presentaci\u00f3ns e sinaturas de libros, moitos deles escritos por autores e autoras de vila e da comarca<\/strong><\/h2>\n\n\n\n<p>A Feira do Libro volver\u00e1 \u00e1s r\u00faas de Ponteareas este mes de xullo. Do 15 ao 18, a Praza Maior converterase no epicentro literario da vila cunha feira que chega \u00e1 s\u00faa quinta edici\u00f3n cun programa repleto de actividades e cunha alta presenza de autores e autoras de Ponteareas e a s\u00faa comarca. Ao longo destes catro d\u00edas realizaranse 22 presentaci\u00f3ns e sinaturas de libros, m\u00e1is da metade creados por ponteare\u00e1ns e ponteare\u00e1s ou escritores e escritoras de concellos pr\u00f3ximos.&nbsp;<\/p>\n\n\n\n<p>Organizada entre o Concello de Ponteareas e a Federaci\u00f3n de Libreiros e Editores de Galicia co apoio da Deputaci\u00f3n de Pontevedra e Xunta de Galicia, a feira abrir\u00e1 as s\u00faas casetas todas as tardes de 18.00 a 22.00 horas. \u201cEsta cita cultural non soamente nos permitir\u00e1 animar \u00e1 lectura \u00e1 veci\u00f1anza, sen\u00f3n que tam\u00e9n servir\u00e1 para dinamizar un pouco m\u00e1is o sector\u201d, salientou a alcaldesa, Cristina Fern\u00e1ndez Davila, durante o acto de presentaci\u00f3n.<\/p>\n\n\n\n<p>Para o concelleiro de Cultura, Fernando Groba, presentar a quinta edici\u00f3n da feira \u201c\u00e9 un dobre orgullo, porque ademais de poder celebrar unha Feira do Libro que atraer\u00e1 a moito p\u00fablico temos entre as e os participantes a persoas ga\u00f1adoras dos premios organizados polo Concello ou vinculados aos nosos obradoiros de escritura creativa. Estamos moi satisfeitos de ver como iso repercute na nosa sociedade e como axudamos a achegar novos nomes ao panorama literario\u201d. As\u00ed, este ano o p\u00fablico poder\u00e1 desfrutar da presenza de autores e autoras como Pablo Prado, tam\u00e9n pregoeiro desta edici\u00f3n, Anabel Antela Castro, Alejandro Cid, Alexandro Bouz\u00f3, Teresa R\u00edos, Carlos Sampedro, Hortensia Bautista e Aurora Quinteiro, Elisabeth Guerra, Beatriz Cabaleiro, Raquel Castro, Samuel Merino ou Mar\u00eda Lado.&nbsp;<\/p>\n\n\n\n<p>Pola s\u00faa banda, a deputada de Cultura, Victoria Alonso, quixo agradecer ao Concello e \u00e1 Federaci\u00f3n o traballo que est\u00e1n a facer para celebrar esta feira do libro. \u201cOs libros foron grandes acompa\u00f1antes durante a pandemia e agora \u00e9 o momento de seguir fomentando a lectura e facelo na r\u00faa, onde m\u00e1is preto est\u00e1 a veci\u00f1anza. E facelo ademais con iniciativas como esta que tam\u00e9n serve para apostar polo comercio local\u201d, recalcou.<\/p>\n\n\n\n<p>Durante a presentaci\u00f3n, Carlos Blanco, en representaci\u00f3n da Federaci\u00f3n de Libreiros e Editores de Galicia, quixo resaltar a importancia de que os libros sigan estando na r\u00faa. \u201cIniciativas como esta perm\u00edtennos achegar a literatura \u00e1 poboaci\u00f3n a trav\u00e9s dunha actividade l\u00fadica pensada para que a xente desfrute\u201d, explicou.<\/p>\n\n\n\n<p><strong>O ilustrador Pablo Prado, pregoeiro<\/strong><\/p>\n\n\n\n<p>O ilustrador e caricaturista Pablo Prado ser\u00e1 o pregoeiro nesta quinta edici\u00f3n da Feira do Libro. Nado en Ourense en 1987 pero residente dende os 3 anos en Ponteareas, \u201cvila na que me fixen como individuo e \u00e1 que desexo volver sempre. Por iso para min \u00e9 tan especial este convite e faime tanta ilusi\u00f3n exercer de pregoeiro este ano\u201d.<\/p>\n\n\n\n<p>Sendo estudante de O Garaxe Herm\u00e9tico, a escola profesional de c\u00f3mic e ilustraci\u00f3n de Pontevedra, comeza en 2016 a facer traballos de humor gr\u00e1fico e caricatura para varios xornais galegos. Ao rematar os seus estudos asina un par de proxectos: \u2018Os berros da motocicleta\u2019, en colaboraci\u00f3n con Kiko da Silva, e \u2018O derradeiro libro de Emma Olsen\u2019, baseado na novela hom\u00f3nima de Berta D\u00e1vila.<\/p>\n\n\n\n<p>Dende fai anos colabora en proxectos vinculados \u00e1 loita pola igualdade como a asociaci\u00f3n feminista FestiVal das Br\u00e9temas ou SOS Racismo Galicia. No 2019 participa na ilustraci\u00f3n do videoclip de animaci\u00f3n \u2018Semillas\u2019, de Tremenda Jaur\u00eda, e en 2020 traballa como<em>storyboard<\/em>na serie de Netflix \u2018La casa de papel\u2019 e colabora con Fernando Llor na banda dese\u00f1ada \u2018O \u00faltimo festi\u2019, para o Armadi\u00f1a Rock de Combarro.<\/p>\n\n\n\n<p>Xa en 2021 ga\u00f1a o premio de banda dese\u00f1ada O Garaxe Herm\u00e9tico con \u2018Nerea e o pr\u00edncipe da Sorte\u2019, un traballo con gui\u00f3n de Miguel Rojo e publicado pola editorial Xerais.<strong><\/strong><\/p>\n","protected":false},"excerpt":{"rendered":"<div class=\"mh-excerpt\"><p>A quinta edici\u00f3n celebrarase do 15 ao 18 de xullo con 22 presentaci\u00f3ns e sinaturas de libros, moitos deles escritos por autores e autoras de vila e da comarca <a class=\"mh-excerpt-more\" href=\"https:\/\/www.anovapeneira.gal\/index.php\/2021\/07\/06\/ponteareas-presume-de-escritoras-e-ilustradoras-na-v-edicion-da-feira-do-libro\/\" title=\"Ponteareas presume de escritoras e ilustradoras na V edici\u00f3n da Feira do Libro\">[&#8230;]<\/a><\/p>\n<\/div>","protected":false},"author":3,"featured_media":5722,"comment_status":"open","ping_status":"open","sticky":false,"template":"","format":"standard","meta":{"_exactmetrics_skip_tracking":false,"_exactmetrics_sitenote_active":false,"_exactmetrics_sitenote_note":"","_exactmetrics_sitenote_category":0,"footnotes":""},"categories":[25],"tags":[208],"class_list":{"0":"post-5721","1":"post","2":"type-post","3":"status-publish","4":"format-standard","5":"has-post-thumbnail","7":"category-condado","8":"tag-concello-de-ponteareas"},"yoast_head":"<!-- This site is optimized with the Yoast SEO plugin v27.5 - https:\/\/yoast.com\/product\/yoast-seo-wordpress\/ -->\n<title>Ponteareas presume de escritoras e ilustradoras na V edici\u00f3n da Feira do Libro -<\/title>\n<meta name=\"robots\" content=\"index, follow, max-snippet:-1, max-image-preview:large, max-video-preview:-1\" \/>\n<link rel=\"canonical\" href=\"https:\/\/www.anovapeneira.gal\/index.php\/2021\/07\/06\/ponteareas-presume-de-escritoras-e-ilustradoras-na-v-edicion-da-feira-do-libro\/\" \/>\n<meta property=\"og:locale\" content=\"gl_ES\" \/>\n<meta property=\"og:type\" content=\"article\" \/>\n<meta property=\"og:title\" content=\"Ponteareas presume de escritoras e ilustradoras na V edici\u00f3n da Feira do Libro -\" \/>\n<meta property=\"og:description\" content=\"A quinta edici\u00f3n celebrarase do 15 ao 18 de xullo con 22 presentaci\u00f3ns e sinaturas de libros, moitos deles escritos por autores e autoras de vila e da comarca [...]\" \/>\n<meta property=\"og:url\" content=\"https:\/\/www.anovapeneira.gal\/index.php\/2021\/07\/06\/ponteareas-presume-de-escritoras-e-ilustradoras-na-v-edicion-da-feira-do-libro\/\" \/>\n<meta property=\"article:publisher\" content=\"https:\/\/www.facebook.com\/anovapeneira\" \/>\n<meta property=\"article:published_time\" content=\"2021-07-06T10:00:37+00:00\" \/>\n<meta property=\"og:image\" content=\"https:\/\/www.anovapeneira.gal\/wp-content\/uploads\/2021\/07\/Presentacion_Feira_Libro_v2-copia.jpg\" \/>\n\t<meta property=\"og:image:width\" content=\"720\" \/>\n\t<meta property=\"og:image:height\" content=\"432\" \/>\n\t<meta property=\"og:image:type\" content=\"image\/jpeg\" \/>\n<meta name=\"author\" content=\"Redacci\u00f3n A Nova Peneira\" \/>\n<meta name=\"twitter:card\" content=\"summary_large_image\" \/>\n<meta name=\"twitter:creator\" content=\"@APeneira\" \/>\n<meta name=\"twitter:site\" content=\"@APeneira\" \/>\n<meta name=\"twitter:label1\" content=\"Escrito por\" \/>\n\t<meta name=\"twitter:data1\" content=\"Redacci\u00f3n A Nova Peneira\" \/>\n\t<meta name=\"twitter:label2\" content=\"Tempo de lectura\" \/>\n\t<meta name=\"twitter:data2\" content=\"3 minutos\" \/>\n<script type=\"application\/ld+json\" class=\"yoast-schema-graph\">{\"@context\":\"https:\\\/\\\/schema.org\",\"@graph\":[{\"@type\":\"Article\",\"@id\":\"https:\\\/\\\/www.anovapeneira.gal\\\/index.php\\\/2021\\\/07\\\/06\\\/ponteareas-presume-de-escritoras-e-ilustradoras-na-v-edicion-da-feira-do-libro\\\/#article\",\"isPartOf\":{\"@id\":\"https:\\\/\\\/www.anovapeneira.gal\\\/index.php\\\/2021\\\/07\\\/06\\\/ponteareas-presume-de-escritoras-e-ilustradoras-na-v-edicion-da-feira-do-libro\\\/\"},\"author\":{\"name\":\"Redacci\u00f3n A Nova Peneira\",\"@id\":\"https:\\\/\\\/www.anovapeneira.gal\\\/#\\\/schema\\\/person\\\/b93e3f8932e3f8da96334607eb6ac6aa\"},\"headline\":\"Ponteareas presume de escritoras e ilustradoras na V edici\u00f3n da Feira do Libro\",\"datePublished\":\"2021-07-06T10:00:37+00:00\",\"mainEntityOfPage\":{\"@id\":\"https:\\\/\\\/www.anovapeneira.gal\\\/index.php\\\/2021\\\/07\\\/06\\\/ponteareas-presume-de-escritoras-e-ilustradoras-na-v-edicion-da-feira-do-libro\\\/\"},\"wordCount\":705,\"commentCount\":0,\"publisher\":{\"@id\":\"https:\\\/\\\/www.anovapeneira.gal\\\/#organization\"},\"image\":{\"@id\":\"https:\\\/\\\/www.anovapeneira.gal\\\/index.php\\\/2021\\\/07\\\/06\\\/ponteareas-presume-de-escritoras-e-ilustradoras-na-v-edicion-da-feira-do-libro\\\/#primaryimage\"},\"thumbnailUrl\":\"https:\\\/\\\/www.anovapeneira.gal\\\/wp-content\\\/uploads\\\/2021\\\/07\\\/Presentacion_Feira_Libro_v2-copia.jpg\",\"keywords\":[\"Concello de Ponteareas\"],\"articleSection\":[\"Condado\"],\"inLanguage\":\"gl-ES\",\"potentialAction\":[{\"@type\":\"CommentAction\",\"name\":\"Comment\",\"target\":[\"https:\\\/\\\/www.anovapeneira.gal\\\/index.php\\\/2021\\\/07\\\/06\\\/ponteareas-presume-de-escritoras-e-ilustradoras-na-v-edicion-da-feira-do-libro\\\/#respond\"]}]},{\"@type\":\"WebPage\",\"@id\":\"https:\\\/\\\/www.anovapeneira.gal\\\/index.php\\\/2021\\\/07\\\/06\\\/ponteareas-presume-de-escritoras-e-ilustradoras-na-v-edicion-da-feira-do-libro\\\/\",\"url\":\"https:\\\/\\\/www.anovapeneira.gal\\\/index.php\\\/2021\\\/07\\\/06\\\/ponteareas-presume-de-escritoras-e-ilustradoras-na-v-edicion-da-feira-do-libro\\\/\",\"name\":\"Ponteareas presume de escritoras e ilustradoras na V edici\u00f3n da Feira do Libro -\",\"isPartOf\":{\"@id\":\"https:\\\/\\\/www.anovapeneira.gal\\\/#website\"},\"primaryImageOfPage\":{\"@id\":\"https:\\\/\\\/www.anovapeneira.gal\\\/index.php\\\/2021\\\/07\\\/06\\\/ponteareas-presume-de-escritoras-e-ilustradoras-na-v-edicion-da-feira-do-libro\\\/#primaryimage\"},\"image\":{\"@id\":\"https:\\\/\\\/www.anovapeneira.gal\\\/index.php\\\/2021\\\/07\\\/06\\\/ponteareas-presume-de-escritoras-e-ilustradoras-na-v-edicion-da-feira-do-libro\\\/#primaryimage\"},\"thumbnailUrl\":\"https:\\\/\\\/www.anovapeneira.gal\\\/wp-content\\\/uploads\\\/2021\\\/07\\\/Presentacion_Feira_Libro_v2-copia.jpg\",\"datePublished\":\"2021-07-06T10:00:37+00:00\",\"breadcrumb\":{\"@id\":\"https:\\\/\\\/www.anovapeneira.gal\\\/index.php\\\/2021\\\/07\\\/06\\\/ponteareas-presume-de-escritoras-e-ilustradoras-na-v-edicion-da-feira-do-libro\\\/#breadcrumb\"},\"inLanguage\":\"gl-ES\",\"potentialAction\":[{\"@type\":\"ReadAction\",\"target\":[\"https:\\\/\\\/www.anovapeneira.gal\\\/index.php\\\/2021\\\/07\\\/06\\\/ponteareas-presume-de-escritoras-e-ilustradoras-na-v-edicion-da-feira-do-libro\\\/\"]}]},{\"@type\":\"ImageObject\",\"inLanguage\":\"gl-ES\",\"@id\":\"https:\\\/\\\/www.anovapeneira.gal\\\/index.php\\\/2021\\\/07\\\/06\\\/ponteareas-presume-de-escritoras-e-ilustradoras-na-v-edicion-da-feira-do-libro\\\/#primaryimage\",\"url\":\"https:\\\/\\\/www.anovapeneira.gal\\\/wp-content\\\/uploads\\\/2021\\\/07\\\/Presentacion_Feira_Libro_v2-copia.jpg\",\"contentUrl\":\"https:\\\/\\\/www.anovapeneira.gal\\\/wp-content\\\/uploads\\\/2021\\\/07\\\/Presentacion_Feira_Libro_v2-copia.jpg\",\"width\":720,\"height\":432},{\"@type\":\"BreadcrumbList\",\"@id\":\"https:\\\/\\\/www.anovapeneira.gal\\\/index.php\\\/2021\\\/07\\\/06\\\/ponteareas-presume-de-escritoras-e-ilustradoras-na-v-edicion-da-feira-do-libro\\\/#breadcrumb\",\"itemListElement\":[{\"@type\":\"ListItem\",\"position\":1,\"name\":\"Portada\",\"item\":\"https:\\\/\\\/www.anovapeneira.gal\\\/\"},{\"@type\":\"ListItem\",\"position\":2,\"name\":\"Ponteareas presume de escritoras e ilustradoras na V edici\u00f3n da Feira do Libro\"}]},{\"@type\":\"WebSite\",\"@id\":\"https:\\\/\\\/www.anovapeneira.gal\\\/#website\",\"url\":\"https:\\\/\\\/www.anovapeneira.gal\\\/\",\"name\":\"\",\"description\":\"Xornal galego de informaci\u00f3n xeral Publicaci\u00f3n mensual de novas de Galicia e en especial dos Concellos da sur da provincia de Pontevedra.\",\"publisher\":{\"@id\":\"https:\\\/\\\/www.anovapeneira.gal\\\/#organization\"},\"potentialAction\":[{\"@type\":\"SearchAction\",\"target\":{\"@type\":\"EntryPoint\",\"urlTemplate\":\"https:\\\/\\\/www.anovapeneira.gal\\\/?s={search_term_string}\"},\"query-input\":{\"@type\":\"PropertyValueSpecification\",\"valueRequired\":true,\"valueName\":\"search_term_string\"}}],\"inLanguage\":\"gl-ES\"},{\"@type\":\"Organization\",\"@id\":\"https:\\\/\\\/www.anovapeneira.gal\\\/#organization\",\"name\":\"A Nova Peneira\",\"url\":\"https:\\\/\\\/www.anovapeneira.gal\\\/\",\"logo\":{\"@type\":\"ImageObject\",\"inLanguage\":\"gl-ES\",\"@id\":\"https:\\\/\\\/www.anovapeneira.gal\\\/#\\\/schema\\\/logo\\\/image\\\/\",\"url\":\"http:\\\/\\\/www.anovapeneira.gal\\\/wp-content\\\/uploads\\\/2019\\\/06\\\/logo_a_nova_peneira_portal_web.png\",\"contentUrl\":\"http:\\\/\\\/www.anovapeneira.gal\\\/wp-content\\\/uploads\\\/2019\\\/06\\\/logo_a_nova_peneira_portal_web.png\",\"width\":300,\"height\":100,\"caption\":\"A Nova Peneira\"},\"image\":{\"@id\":\"https:\\\/\\\/www.anovapeneira.gal\\\/#\\\/schema\\\/logo\\\/image\\\/\"},\"sameAs\":[\"https:\\\/\\\/www.facebook.com\\\/anovapeneira\",\"https:\\\/\\\/x.com\\\/APeneira\"]},{\"@type\":\"Person\",\"@id\":\"https:\\\/\\\/www.anovapeneira.gal\\\/#\\\/schema\\\/person\\\/b93e3f8932e3f8da96334607eb6ac6aa\",\"name\":\"Redacci\u00f3n A Nova Peneira\",\"image\":{\"@type\":\"ImageObject\",\"inLanguage\":\"gl-ES\",\"@id\":\"https:\\\/\\\/secure.gravatar.com\\\/avatar\\\/c052a2551a06e23fac63626232eaa90abd78dbcf1700fc46a2b2c89fd27b735f?s=96&d=mm&r=g\",\"url\":\"https:\\\/\\\/secure.gravatar.com\\\/avatar\\\/c052a2551a06e23fac63626232eaa90abd78dbcf1700fc46a2b2c89fd27b735f?s=96&d=mm&r=g\",\"contentUrl\":\"https:\\\/\\\/secure.gravatar.com\\\/avatar\\\/c052a2551a06e23fac63626232eaa90abd78dbcf1700fc46a2b2c89fd27b735f?s=96&d=mm&r=g\",\"caption\":\"Redacci\u00f3n A Nova Peneira\"},\"sameAs\":[\"http:\\\/\\\/www.anovapeneira.gal\\\/\"],\"url\":\"https:\\\/\\\/www.anovapeneira.gal\\\/index.php\\\/author\\\/redactor\\\/\"}]}<\/script>\n<!-- \/ Yoast SEO plugin. -->","yoast_head_json":{"title":"Ponteareas presume de escritoras e ilustradoras na V edici\u00f3n da Feira do Libro -","robots":{"index":"index","follow":"follow","max-snippet":"max-snippet:-1","max-image-preview":"max-image-preview:large","max-video-preview":"max-video-preview:-1"},"canonical":"https:\/\/www.anovapeneira.gal\/index.php\/2021\/07\/06\/ponteareas-presume-de-escritoras-e-ilustradoras-na-v-edicion-da-feira-do-libro\/","og_locale":"gl_ES","og_type":"article","og_title":"Ponteareas presume de escritoras e ilustradoras na V edici\u00f3n da Feira do Libro -","og_description":"A quinta edici\u00f3n celebrarase do 15 ao 18 de xullo con 22 presentaci\u00f3ns e sinaturas de libros, moitos deles escritos por autores e autoras de vila e da comarca [...]","og_url":"https:\/\/www.anovapeneira.gal\/index.php\/2021\/07\/06\/ponteareas-presume-de-escritoras-e-ilustradoras-na-v-edicion-da-feira-do-libro\/","article_publisher":"https:\/\/www.facebook.com\/anovapeneira","article_published_time":"2021-07-06T10:00:37+00:00","og_image":[{"width":720,"height":432,"url":"https:\/\/www.anovapeneira.gal\/wp-content\/uploads\/2021\/07\/Presentacion_Feira_Libro_v2-copia.jpg","type":"image\/jpeg"}],"author":"Redacci\u00f3n A Nova Peneira","twitter_card":"summary_large_image","twitter_creator":"@APeneira","twitter_site":"@APeneira","twitter_misc":{"Escrito por":"Redacci\u00f3n A Nova Peneira","Tempo de lectura":"3 minutos"},"schema":{"@context":"https:\/\/schema.org","@graph":[{"@type":"Article","@id":"https:\/\/www.anovapeneira.gal\/index.php\/2021\/07\/06\/ponteareas-presume-de-escritoras-e-ilustradoras-na-v-edicion-da-feira-do-libro\/#article","isPartOf":{"@id":"https:\/\/www.anovapeneira.gal\/index.php\/2021\/07\/06\/ponteareas-presume-de-escritoras-e-ilustradoras-na-v-edicion-da-feira-do-libro\/"},"author":{"name":"Redacci\u00f3n A Nova Peneira","@id":"https:\/\/www.anovapeneira.gal\/#\/schema\/person\/b93e3f8932e3f8da96334607eb6ac6aa"},"headline":"Ponteareas presume de escritoras e ilustradoras na V edici\u00f3n da Feira do Libro","datePublished":"2021-07-06T10:00:37+00:00","mainEntityOfPage":{"@id":"https:\/\/www.anovapeneira.gal\/index.php\/2021\/07\/06\/ponteareas-presume-de-escritoras-e-ilustradoras-na-v-edicion-da-feira-do-libro\/"},"wordCount":705,"commentCount":0,"publisher":{"@id":"https:\/\/www.anovapeneira.gal\/#organization"},"image":{"@id":"https:\/\/www.anovapeneira.gal\/index.php\/2021\/07\/06\/ponteareas-presume-de-escritoras-e-ilustradoras-na-v-edicion-da-feira-do-libro\/#primaryimage"},"thumbnailUrl":"https:\/\/www.anovapeneira.gal\/wp-content\/uploads\/2021\/07\/Presentacion_Feira_Libro_v2-copia.jpg","keywords":["Concello de Ponteareas"],"articleSection":["Condado"],"inLanguage":"gl-ES","potentialAction":[{"@type":"CommentAction","name":"Comment","target":["https:\/\/www.anovapeneira.gal\/index.php\/2021\/07\/06\/ponteareas-presume-de-escritoras-e-ilustradoras-na-v-edicion-da-feira-do-libro\/#respond"]}]},{"@type":"WebPage","@id":"https:\/\/www.anovapeneira.gal\/index.php\/2021\/07\/06\/ponteareas-presume-de-escritoras-e-ilustradoras-na-v-edicion-da-feira-do-libro\/","url":"https:\/\/www.anovapeneira.gal\/index.php\/2021\/07\/06\/ponteareas-presume-de-escritoras-e-ilustradoras-na-v-edicion-da-feira-do-libro\/","name":"Ponteareas presume de escritoras e ilustradoras na V edici\u00f3n da Feira do Libro -","isPartOf":{"@id":"https:\/\/www.anovapeneira.gal\/#website"},"primaryImageOfPage":{"@id":"https:\/\/www.anovapeneira.gal\/index.php\/2021\/07\/06\/ponteareas-presume-de-escritoras-e-ilustradoras-na-v-edicion-da-feira-do-libro\/#primaryimage"},"image":{"@id":"https:\/\/www.anovapeneira.gal\/index.php\/2021\/07\/06\/ponteareas-presume-de-escritoras-e-ilustradoras-na-v-edicion-da-feira-do-libro\/#primaryimage"},"thumbnailUrl":"https:\/\/www.anovapeneira.gal\/wp-content\/uploads\/2021\/07\/Presentacion_Feira_Libro_v2-copia.jpg","datePublished":"2021-07-06T10:00:37+00:00","breadcrumb":{"@id":"https:\/\/www.anovapeneira.gal\/index.php\/2021\/07\/06\/ponteareas-presume-de-escritoras-e-ilustradoras-na-v-edicion-da-feira-do-libro\/#breadcrumb"},"inLanguage":"gl-ES","potentialAction":[{"@type":"ReadAction","target":["https:\/\/www.anovapeneira.gal\/index.php\/2021\/07\/06\/ponteareas-presume-de-escritoras-e-ilustradoras-na-v-edicion-da-feira-do-libro\/"]}]},{"@type":"ImageObject","inLanguage":"gl-ES","@id":"https:\/\/www.anovapeneira.gal\/index.php\/2021\/07\/06\/ponteareas-presume-de-escritoras-e-ilustradoras-na-v-edicion-da-feira-do-libro\/#primaryimage","url":"https:\/\/www.anovapeneira.gal\/wp-content\/uploads\/2021\/07\/Presentacion_Feira_Libro_v2-copia.jpg","contentUrl":"https:\/\/www.anovapeneira.gal\/wp-content\/uploads\/2021\/07\/Presentacion_Feira_Libro_v2-copia.jpg","width":720,"height":432},{"@type":"BreadcrumbList","@id":"https:\/\/www.anovapeneira.gal\/index.php\/2021\/07\/06\/ponteareas-presume-de-escritoras-e-ilustradoras-na-v-edicion-da-feira-do-libro\/#breadcrumb","itemListElement":[{"@type":"ListItem","position":1,"name":"Portada","item":"https:\/\/www.anovapeneira.gal\/"},{"@type":"ListItem","position":2,"name":"Ponteareas presume de escritoras e ilustradoras na V edici\u00f3n da Feira do Libro"}]},{"@type":"WebSite","@id":"https:\/\/www.anovapeneira.gal\/#website","url":"https:\/\/www.anovapeneira.gal\/","name":"","description":"Xornal galego de informaci\u00f3n xeral Publicaci\u00f3n mensual de novas de Galicia e en especial dos Concellos da sur da provincia de Pontevedra.","publisher":{"@id":"https:\/\/www.anovapeneira.gal\/#organization"},"potentialAction":[{"@type":"SearchAction","target":{"@type":"EntryPoint","urlTemplate":"https:\/\/www.anovapeneira.gal\/?s={search_term_string}"},"query-input":{"@type":"PropertyValueSpecification","valueRequired":true,"valueName":"search_term_string"}}],"inLanguage":"gl-ES"},{"@type":"Organization","@id":"https:\/\/www.anovapeneira.gal\/#organization","name":"A Nova Peneira","url":"https:\/\/www.anovapeneira.gal\/","logo":{"@type":"ImageObject","inLanguage":"gl-ES","@id":"https:\/\/www.anovapeneira.gal\/#\/schema\/logo\/image\/","url":"http:\/\/www.anovapeneira.gal\/wp-content\/uploads\/2019\/06\/logo_a_nova_peneira_portal_web.png","contentUrl":"http:\/\/www.anovapeneira.gal\/wp-content\/uploads\/2019\/06\/logo_a_nova_peneira_portal_web.png","width":300,"height":100,"caption":"A Nova Peneira"},"image":{"@id":"https:\/\/www.anovapeneira.gal\/#\/schema\/logo\/image\/"},"sameAs":["https:\/\/www.facebook.com\/anovapeneira","https:\/\/x.com\/APeneira"]},{"@type":"Person","@id":"https:\/\/www.anovapeneira.gal\/#\/schema\/person\/b93e3f8932e3f8da96334607eb6ac6aa","name":"Redacci\u00f3n A Nova Peneira","image":{"@type":"ImageObject","inLanguage":"gl-ES","@id":"https:\/\/secure.gravatar.com\/avatar\/c052a2551a06e23fac63626232eaa90abd78dbcf1700fc46a2b2c89fd27b735f?s=96&d=mm&r=g","url":"https:\/\/secure.gravatar.com\/avatar\/c052a2551a06e23fac63626232eaa90abd78dbcf1700fc46a2b2c89fd27b735f?s=96&d=mm&r=g","contentUrl":"https:\/\/secure.gravatar.com\/avatar\/c052a2551a06e23fac63626232eaa90abd78dbcf1700fc46a2b2c89fd27b735f?s=96&d=mm&r=g","caption":"Redacci\u00f3n A Nova Peneira"},"sameAs":["http:\/\/www.anovapeneira.gal\/"],"url":"https:\/\/www.anovapeneira.gal\/index.php\/author\/redactor\/"}]}},"jetpack_featured_media_url":"https:\/\/www.anovapeneira.gal\/wp-content\/uploads\/2021\/07\/Presentacion_Feira_Libro_v2-copia.jpg","_links":{"self":[{"href":"https:\/\/www.anovapeneira.gal\/index.php\/wp-json\/wp\/v2\/posts\/5721","targetHints":{"allow":["GET"]}}],"collection":[{"href":"https:\/\/www.anovapeneira.gal\/index.php\/wp-json\/wp\/v2\/posts"}],"about":[{"href":"https:\/\/www.anovapeneira.gal\/index.php\/wp-json\/wp\/v2\/types\/post"}],"author":[{"embeddable":true,"href":"https:\/\/www.anovapeneira.gal\/index.php\/wp-json\/wp\/v2\/users\/3"}],"replies":[{"embeddable":true,"href":"https:\/\/www.anovapeneira.gal\/index.php\/wp-json\/wp\/v2\/comments?post=5721"}],"version-history":[{"count":1,"href":"https:\/\/www.anovapeneira.gal\/index.php\/wp-json\/wp\/v2\/posts\/5721\/revisions"}],"predecessor-version":[{"id":5723,"href":"https:\/\/www.anovapeneira.gal\/index.php\/wp-json\/wp\/v2\/posts\/5721\/revisions\/5723"}],"wp:featuredmedia":[{"embeddable":true,"href":"https:\/\/www.anovapeneira.gal\/index.php\/wp-json\/wp\/v2\/media\/5722"}],"wp:attachment":[{"href":"https:\/\/www.anovapeneira.gal\/index.php\/wp-json\/wp\/v2\/media?parent=5721"}],"wp:term":[{"taxonomy":"category","embeddable":true,"href":"https:\/\/www.anovapeneira.gal\/index.php\/wp-json\/wp\/v2\/categories?post=5721"},{"taxonomy":"post_tag","embeddable":true,"href":"https:\/\/www.anovapeneira.gal\/index.php\/wp-json\/wp\/v2\/tags?post=5721"}],"curies":[{"name":"wp","href":"https:\/\/api.w.org\/{rel}","templated":true}]}}