{"id":5724,"date":"2021-07-08T10:00:01","date_gmt":"2021-07-08T08:00:01","guid":{"rendered":"https:\/\/www.anovapeneira.gal\/?p=5724"},"modified":"2021-07-05T12:18:24","modified_gmt":"2021-07-05T10:18:24","slug":"a-evolucion-do-paro-constata-un-aumento-da-destrucion-de-emprego-e-da-precarizacion-das-condicions-laborais","status":"publish","type":"post","link":"https:\/\/www.anovapeneira.gal\/index.php\/2021\/07\/08\/a-evolucion-do-paro-constata-un-aumento-da-destrucion-de-emprego-e-da-precarizacion-das-condicions-laborais\/","title":{"rendered":"A evolucio\u0301n do paro constata un aumento da destrucio\u0301n de emprego e da precarizacio\u0301n das condicio\u0301ns laborais"},"content":{"rendered":"\n<h2 class=\"wp-block-heading\"><em><strong>Galiza rematou o mes de xu\u00f1o con case 160.000 persoas anotadas nas oficinas do SEPE<\/strong><\/em><\/h2>\n\n\n\n<p><strong>Galiza, 2 de xullo de 2021.<\/strong><\/p>\n\n\n\n<p>A serie hist\u00f3rica e a evoluci\u00f3n dos datos do paro marcan unha tendencia moi preocupante que amosa o proceso de destruci\u00f3n de emprego e a precarizaci\u00f3n das condici\u00f3ns laborais: m\u00e1is do 90% dos contratos asinados seguen a ser eventuais e arredor do 60% da contrataci\u00f3n indefinida \u00e9 a tempo parcial, un panorama que contrasta co triunfalismo do Ministerio de Traballo espa\u00f1ol. Neste contexto, o noso pa\u00eds rematou xu\u00f1o con 157.718 persoas anotadas como demandantes de emprego nas oficinas do SEPE, apenas 7588 menos que en maio, un per\u00edodo no que tradicionalmente se rexistra unha baixada do paro ligada ao sector servizos.<\/p>\n\n\n\n<p>As cifras revelan que 2021 segue a ser o ano con maior cifra de persoas desempregadas dende 2017, a excepci\u00f3n de 2020 polo efecto da pandemia sobre o mundo do traballo. Os efectos desta situaci\u00f3n d\u00e9ixanse notar unha vez m\u00e1is en maior medida sobre as mulleres e a mocidade, at\u00e9 o punto de que en Galiza hai unhas 26.000 mulleres m\u00e1is no paro ca homes. Ademais, o baixada do desemprego rexistrada dende febreiro de 2020 foi da metade entre as mulleres con respecto aos homes.<\/p>\n\n\n\n<p>En xeral, o maior descenso do paro no mes de xu\u00f1o afectou o sector servizos, tendencia habitual nesta \u00e9poca como consecuencia da contrataci\u00f3n ligado ao per\u00edodo estival. Neste sector a baixada do desemprego con respecto a maio foi de 6249 persoas no conxunto do pa\u00eds, mentres que a industria contabilizou s\u00f3 717 persoas paradas menos, 439 a construci\u00f3n e 264 o sector primario.<\/p>\n\n\n\n<p>Menci\u00f3n especial merece a situaci\u00f3n industrial, con Galiza sumida nunha profunda crise que ameaza as principais empresas do pa\u00eds e pon en risco milleiros de postos de traballo, at\u00e9 o punto de que dende febreiro de 2020 unicamente 21 persoas atoparon un emprego neste sector. Neste senso, o secretario confederal de Emprego e Industria da CIG, Fran Cartelle, denuncia a falta dunha pol\u00edtica econ\u00f3mica de apoio aos nosos sectores produtivos e cuestiona que a Xunta se limite a agardar pola chegada do turismo. \u201cNecesitamos un plan de recuperaci\u00f3n econ\u00f3mica, industrializaci\u00f3n, creaci\u00f3n de emprego, dereitos e servizos p\u00fablicos que garanta o dereito a vivir e traballar dignamente na nosa terra\u201d, sinala.<\/p>\n\n\n\n<p>Ao tempo que fai fincap\u00e9 nas graves consecuencias que a \u201cinacci\u00f3n pol\u00edtica\u201d do Goberno do PP est\u00e1 a provocar na nosa industria, na que non se d\u00e1 recuperado o emprego a niveis de febreiro de 2020. \u201cEstamos asistindo a un proceso de desmantelamento industrial, sobre todo nas comarcas do norte do pa\u00eds, pero o Goberno galego segue sen prever pol\u00edticas p\u00fablicas para afrontar unha transici\u00f3n enerx\u00e9tica xusta\u201d.<\/p>\n\n\n\n<p>Por iso lamenta que se confirme a cada vez maior dependencia da econom\u00eda galega dun sector como o de servizos, e dentro deste da hostaler\u00eda, onde o emprego \u00e9 temporal e as condici\u00f3ns laborais precarias\u201d, remata. Precisamente son os altos niveis de precariedade os que definen o mercado laboral tanto de Galiza como do conxunto do Estado, como consecuencia das reformas laborais que contin\u00faan vixentes e contra as que a CIG leva anos de intensa ofensiva para forzar a s\u00faa derrogaci\u00f3n.<\/p>\n","protected":false},"excerpt":{"rendered":"<div class=\"mh-excerpt\"><p>Galiza rematou o mes de xu\u00f1o con case 160.000 persoas anotadas nas oficinas do SEPE <a class=\"mh-excerpt-more\" href=\"https:\/\/www.anovapeneira.gal\/index.php\/2021\/07\/08\/a-evolucion-do-paro-constata-un-aumento-da-destrucion-de-emprego-e-da-precarizacion-das-condicions-laborais\/\" title=\"A evolucio\u0301n do paro constata un aumento da destrucio\u0301n de emprego e da precarizacio\u0301n das condicio\u0301ns laborais\">[&#8230;]<\/a><\/p>\n<\/div>","protected":false},"author":3,"featured_media":632,"comment_status":"open","ping_status":"open","sticky":false,"template":"","format":"standard","meta":{"_exactmetrics_skip_tracking":false,"_exactmetrics_sitenote_active":false,"_exactmetrics_sitenote_note":"","_exactmetrics_sitenote_category":0,"footnotes":""},"categories":[263],"tags":[],"class_list":{"0":"post-5724","1":"post","2":"type-post","3":"status-publish","4":"format-standard","5":"has-post-thumbnail","7":"category-novas"},"yoast_head":"<!-- This site is optimized with the Yoast SEO plugin v27.4 - https:\/\/yoast.com\/product\/yoast-seo-wordpress\/ -->\n<title>A evolucio\u0301n do paro constata un aumento da destrucio\u0301n de emprego e da precarizacio\u0301n das condicio\u0301ns laborais -<\/title>\n<meta name=\"description\" content=\"Galiza rematou o mes de xu\u00f1o con case 160.000 persoas anotadas nas oficinas do SEPE\" \/>\n<meta name=\"robots\" content=\"index, follow, max-snippet:-1, max-image-preview:large, max-video-preview:-1\" \/>\n<link rel=\"canonical\" href=\"https:\/\/www.anovapeneira.gal\/index.php\/2021\/07\/08\/a-evolucion-do-paro-constata-un-aumento-da-destrucion-de-emprego-e-da-precarizacion-das-condicions-laborais\/\" \/>\n<meta property=\"og:locale\" content=\"gl_ES\" \/>\n<meta property=\"og:type\" content=\"article\" \/>\n<meta property=\"og:title\" content=\"A evolucio\u0301n do paro constata un aumento da destrucio\u0301n de emprego e da precarizacio\u0301n das condicio\u0301ns laborais -\" \/>\n<meta property=\"og:description\" content=\"Galiza rematou o mes de xu\u00f1o con case 160.000 persoas anotadas nas oficinas do SEPE\" \/>\n<meta property=\"og:url\" content=\"https:\/\/www.anovapeneira.gal\/index.php\/2021\/07\/08\/a-evolucion-do-paro-constata-un-aumento-da-destrucion-de-emprego-e-da-precarizacion-das-condicions-laborais\/\" \/>\n<meta property=\"article:publisher\" content=\"https:\/\/www.facebook.com\/anovapeneira\" \/>\n<meta property=\"article:published_time\" content=\"2021-07-08T08:00:01+00:00\" \/>\n<meta property=\"og:image\" content=\"https:\/\/www.anovapeneira.gal\/wp-content\/uploads\/2019\/07\/CIG_a_nova_peneira.png\" \/>\n\t<meta property=\"og:image:width\" content=\"720\" \/>\n\t<meta property=\"og:image:height\" content=\"473\" \/>\n\t<meta property=\"og:image:type\" content=\"image\/png\" \/>\n<meta name=\"author\" content=\"Redacci\u00f3n A Nova Peneira\" \/>\n<meta name=\"twitter:card\" content=\"summary_large_image\" \/>\n<meta name=\"twitter:creator\" content=\"@APeneira\" \/>\n<meta name=\"twitter:site\" content=\"@APeneira\" \/>\n<meta name=\"twitter:label1\" content=\"Escrito por\" \/>\n\t<meta name=\"twitter:data1\" content=\"Redacci\u00f3n A Nova Peneira\" \/>\n\t<meta name=\"twitter:label2\" content=\"Tempo de lectura\" \/>\n\t<meta name=\"twitter:data2\" content=\"3 minutos\" \/>\n<script type=\"application\/ld+json\" class=\"yoast-schema-graph\">{\"@context\":\"https:\\\/\\\/schema.org\",\"@graph\":[{\"@type\":\"Article\",\"@id\":\"https:\\\/\\\/www.anovapeneira.gal\\\/index.php\\\/2021\\\/07\\\/08\\\/a-evolucion-do-paro-constata-un-aumento-da-destrucion-de-emprego-e-da-precarizacion-das-condicions-laborais\\\/#article\",\"isPartOf\":{\"@id\":\"https:\\\/\\\/www.anovapeneira.gal\\\/index.php\\\/2021\\\/07\\\/08\\\/a-evolucion-do-paro-constata-un-aumento-da-destrucion-de-emprego-e-da-precarizacion-das-condicions-laborais\\\/\"},\"author\":{\"name\":\"Redacci\u00f3n A Nova Peneira\",\"@id\":\"https:\\\/\\\/www.anovapeneira.gal\\\/#\\\/schema\\\/person\\\/b93e3f8932e3f8da96334607eb6ac6aa\"},\"headline\":\"A evolucio\u0301n do paro constata un aumento da destrucio\u0301n de emprego e da precarizacio\u0301n das condicio\u0301ns laborais\",\"datePublished\":\"2021-07-08T08:00:01+00:00\",\"mainEntityOfPage\":{\"@id\":\"https:\\\/\\\/www.anovapeneira.gal\\\/index.php\\\/2021\\\/07\\\/08\\\/a-evolucion-do-paro-constata-un-aumento-da-destrucion-de-emprego-e-da-precarizacion-das-condicions-laborais\\\/\"},\"wordCount\":573,\"commentCount\":0,\"publisher\":{\"@id\":\"https:\\\/\\\/www.anovapeneira.gal\\\/#organization\"},\"image\":{\"@id\":\"https:\\\/\\\/www.anovapeneira.gal\\\/index.php\\\/2021\\\/07\\\/08\\\/a-evolucion-do-paro-constata-un-aumento-da-destrucion-de-emprego-e-da-precarizacion-das-condicions-laborais\\\/#primaryimage\"},\"thumbnailUrl\":\"https:\\\/\\\/www.anovapeneira.gal\\\/wp-content\\\/uploads\\\/2019\\\/07\\\/CIG_a_nova_peneira.png\",\"articleSection\":[\"Novas\"],\"inLanguage\":\"gl-ES\",\"potentialAction\":[{\"@type\":\"CommentAction\",\"name\":\"Comment\",\"target\":[\"https:\\\/\\\/www.anovapeneira.gal\\\/index.php\\\/2021\\\/07\\\/08\\\/a-evolucion-do-paro-constata-un-aumento-da-destrucion-de-emprego-e-da-precarizacion-das-condicions-laborais\\\/#respond\"]}]},{\"@type\":\"WebPage\",\"@id\":\"https:\\\/\\\/www.anovapeneira.gal\\\/index.php\\\/2021\\\/07\\\/08\\\/a-evolucion-do-paro-constata-un-aumento-da-destrucion-de-emprego-e-da-precarizacion-das-condicions-laborais\\\/\",\"url\":\"https:\\\/\\\/www.anovapeneira.gal\\\/index.php\\\/2021\\\/07\\\/08\\\/a-evolucion-do-paro-constata-un-aumento-da-destrucion-de-emprego-e-da-precarizacion-das-condicions-laborais\\\/\",\"name\":\"A evolucio\u0301n do paro constata un aumento da destrucio\u0301n de emprego e da precarizacio\u0301n das condicio\u0301ns laborais -\",\"isPartOf\":{\"@id\":\"https:\\\/\\\/www.anovapeneira.gal\\\/#website\"},\"primaryImageOfPage\":{\"@id\":\"https:\\\/\\\/www.anovapeneira.gal\\\/index.php\\\/2021\\\/07\\\/08\\\/a-evolucion-do-paro-constata-un-aumento-da-destrucion-de-emprego-e-da-precarizacion-das-condicions-laborais\\\/#primaryimage\"},\"image\":{\"@id\":\"https:\\\/\\\/www.anovapeneira.gal\\\/index.php\\\/2021\\\/07\\\/08\\\/a-evolucion-do-paro-constata-un-aumento-da-destrucion-de-emprego-e-da-precarizacion-das-condicions-laborais\\\/#primaryimage\"},\"thumbnailUrl\":\"https:\\\/\\\/www.anovapeneira.gal\\\/wp-content\\\/uploads\\\/2019\\\/07\\\/CIG_a_nova_peneira.png\",\"datePublished\":\"2021-07-08T08:00:01+00:00\",\"description\":\"Galiza rematou o mes de xu\u00f1o con case 160.000 persoas anotadas nas oficinas do SEPE\",\"breadcrumb\":{\"@id\":\"https:\\\/\\\/www.anovapeneira.gal\\\/index.php\\\/2021\\\/07\\\/08\\\/a-evolucion-do-paro-constata-un-aumento-da-destrucion-de-emprego-e-da-precarizacion-das-condicions-laborais\\\/#breadcrumb\"},\"inLanguage\":\"gl-ES\",\"potentialAction\":[{\"@type\":\"ReadAction\",\"target\":[\"https:\\\/\\\/www.anovapeneira.gal\\\/index.php\\\/2021\\\/07\\\/08\\\/a-evolucion-do-paro-constata-un-aumento-da-destrucion-de-emprego-e-da-precarizacion-das-condicions-laborais\\\/\"]}]},{\"@type\":\"ImageObject\",\"inLanguage\":\"gl-ES\",\"@id\":\"https:\\\/\\\/www.anovapeneira.gal\\\/index.php\\\/2021\\\/07\\\/08\\\/a-evolucion-do-paro-constata-un-aumento-da-destrucion-de-emprego-e-da-precarizacion-das-condicions-laborais\\\/#primaryimage\",\"url\":\"https:\\\/\\\/www.anovapeneira.gal\\\/wp-content\\\/uploads\\\/2019\\\/07\\\/CIG_a_nova_peneira.png\",\"contentUrl\":\"https:\\\/\\\/www.anovapeneira.gal\\\/wp-content\\\/uploads\\\/2019\\\/07\\\/CIG_a_nova_peneira.png\",\"width\":720,\"height\":473,\"caption\":\"Confederaci\u00f3n Intersindical Galega A Nova Peneira\"},{\"@type\":\"BreadcrumbList\",\"@id\":\"https:\\\/\\\/www.anovapeneira.gal\\\/index.php\\\/2021\\\/07\\\/08\\\/a-evolucion-do-paro-constata-un-aumento-da-destrucion-de-emprego-e-da-precarizacion-das-condicions-laborais\\\/#breadcrumb\",\"itemListElement\":[{\"@type\":\"ListItem\",\"position\":1,\"name\":\"Portada\",\"item\":\"https:\\\/\\\/www.anovapeneira.gal\\\/\"},{\"@type\":\"ListItem\",\"position\":2,\"name\":\"A evolucio\u0301n do paro constata un aumento da destrucio\u0301n de emprego e da precarizacio\u0301n das condicio\u0301ns laborais\"}]},{\"@type\":\"WebSite\",\"@id\":\"https:\\\/\\\/www.anovapeneira.gal\\\/#website\",\"url\":\"https:\\\/\\\/www.anovapeneira.gal\\\/\",\"name\":\"\",\"description\":\"Xornal galego de informaci\u00f3n xeral Publicaci\u00f3n mensual de novas de Galicia e en especial dos Concellos da sur da provincia de Pontevedra.\",\"publisher\":{\"@id\":\"https:\\\/\\\/www.anovapeneira.gal\\\/#organization\"},\"potentialAction\":[{\"@type\":\"SearchAction\",\"target\":{\"@type\":\"EntryPoint\",\"urlTemplate\":\"https:\\\/\\\/www.anovapeneira.gal\\\/?s={search_term_string}\"},\"query-input\":{\"@type\":\"PropertyValueSpecification\",\"valueRequired\":true,\"valueName\":\"search_term_string\"}}],\"inLanguage\":\"gl-ES\"},{\"@type\":\"Organization\",\"@id\":\"https:\\\/\\\/www.anovapeneira.gal\\\/#organization\",\"name\":\"A Nova Peneira\",\"url\":\"https:\\\/\\\/www.anovapeneira.gal\\\/\",\"logo\":{\"@type\":\"ImageObject\",\"inLanguage\":\"gl-ES\",\"@id\":\"https:\\\/\\\/www.anovapeneira.gal\\\/#\\\/schema\\\/logo\\\/image\\\/\",\"url\":\"http:\\\/\\\/www.anovapeneira.gal\\\/wp-content\\\/uploads\\\/2019\\\/06\\\/logo_a_nova_peneira_portal_web.png\",\"contentUrl\":\"http:\\\/\\\/www.anovapeneira.gal\\\/wp-content\\\/uploads\\\/2019\\\/06\\\/logo_a_nova_peneira_portal_web.png\",\"width\":300,\"height\":100,\"caption\":\"A Nova Peneira\"},\"image\":{\"@id\":\"https:\\\/\\\/www.anovapeneira.gal\\\/#\\\/schema\\\/logo\\\/image\\\/\"},\"sameAs\":[\"https:\\\/\\\/www.facebook.com\\\/anovapeneira\",\"https:\\\/\\\/x.com\\\/APeneira\"]},{\"@type\":\"Person\",\"@id\":\"https:\\\/\\\/www.anovapeneira.gal\\\/#\\\/schema\\\/person\\\/b93e3f8932e3f8da96334607eb6ac6aa\",\"name\":\"Redacci\u00f3n A Nova Peneira\",\"image\":{\"@type\":\"ImageObject\",\"inLanguage\":\"gl-ES\",\"@id\":\"https:\\\/\\\/secure.gravatar.com\\\/avatar\\\/c052a2551a06e23fac63626232eaa90abd78dbcf1700fc46a2b2c89fd27b735f?s=96&d=mm&r=g\",\"url\":\"https:\\\/\\\/secure.gravatar.com\\\/avatar\\\/c052a2551a06e23fac63626232eaa90abd78dbcf1700fc46a2b2c89fd27b735f?s=96&d=mm&r=g\",\"contentUrl\":\"https:\\\/\\\/secure.gravatar.com\\\/avatar\\\/c052a2551a06e23fac63626232eaa90abd78dbcf1700fc46a2b2c89fd27b735f?s=96&d=mm&r=g\",\"caption\":\"Redacci\u00f3n A Nova Peneira\"},\"sameAs\":[\"http:\\\/\\\/www.anovapeneira.gal\\\/\"],\"url\":\"https:\\\/\\\/www.anovapeneira.gal\\\/index.php\\\/author\\\/redactor\\\/\"}]}<\/script>\n<!-- \/ Yoast SEO plugin. -->","yoast_head_json":{"title":"A evolucio\u0301n do paro constata un aumento da destrucio\u0301n de emprego e da precarizacio\u0301n das condicio\u0301ns laborais -","description":"Galiza rematou o mes de xu\u00f1o con case 160.000 persoas anotadas nas oficinas do SEPE","robots":{"index":"index","follow":"follow","max-snippet":"max-snippet:-1","max-image-preview":"max-image-preview:large","max-video-preview":"max-video-preview:-1"},"canonical":"https:\/\/www.anovapeneira.gal\/index.php\/2021\/07\/08\/a-evolucion-do-paro-constata-un-aumento-da-destrucion-de-emprego-e-da-precarizacion-das-condicions-laborais\/","og_locale":"gl_ES","og_type":"article","og_title":"A evolucio\u0301n do paro constata un aumento da destrucio\u0301n de emprego e da precarizacio\u0301n das condicio\u0301ns laborais -","og_description":"Galiza rematou o mes de xu\u00f1o con case 160.000 persoas anotadas nas oficinas do SEPE","og_url":"https:\/\/www.anovapeneira.gal\/index.php\/2021\/07\/08\/a-evolucion-do-paro-constata-un-aumento-da-destrucion-de-emprego-e-da-precarizacion-das-condicions-laborais\/","article_publisher":"https:\/\/www.facebook.com\/anovapeneira","article_published_time":"2021-07-08T08:00:01+00:00","og_image":[{"width":720,"height":473,"url":"https:\/\/www.anovapeneira.gal\/wp-content\/uploads\/2019\/07\/CIG_a_nova_peneira.png","type":"image\/png"}],"author":"Redacci\u00f3n A Nova Peneira","twitter_card":"summary_large_image","twitter_creator":"@APeneira","twitter_site":"@APeneira","twitter_misc":{"Escrito por":"Redacci\u00f3n A Nova Peneira","Tempo de lectura":"3 minutos"},"schema":{"@context":"https:\/\/schema.org","@graph":[{"@type":"Article","@id":"https:\/\/www.anovapeneira.gal\/index.php\/2021\/07\/08\/a-evolucion-do-paro-constata-un-aumento-da-destrucion-de-emprego-e-da-precarizacion-das-condicions-laborais\/#article","isPartOf":{"@id":"https:\/\/www.anovapeneira.gal\/index.php\/2021\/07\/08\/a-evolucion-do-paro-constata-un-aumento-da-destrucion-de-emprego-e-da-precarizacion-das-condicions-laborais\/"},"author":{"name":"Redacci\u00f3n A Nova Peneira","@id":"https:\/\/www.anovapeneira.gal\/#\/schema\/person\/b93e3f8932e3f8da96334607eb6ac6aa"},"headline":"A evolucio\u0301n do paro constata un aumento da destrucio\u0301n de emprego e da precarizacio\u0301n das condicio\u0301ns laborais","datePublished":"2021-07-08T08:00:01+00:00","mainEntityOfPage":{"@id":"https:\/\/www.anovapeneira.gal\/index.php\/2021\/07\/08\/a-evolucion-do-paro-constata-un-aumento-da-destrucion-de-emprego-e-da-precarizacion-das-condicions-laborais\/"},"wordCount":573,"commentCount":0,"publisher":{"@id":"https:\/\/www.anovapeneira.gal\/#organization"},"image":{"@id":"https:\/\/www.anovapeneira.gal\/index.php\/2021\/07\/08\/a-evolucion-do-paro-constata-un-aumento-da-destrucion-de-emprego-e-da-precarizacion-das-condicions-laborais\/#primaryimage"},"thumbnailUrl":"https:\/\/www.anovapeneira.gal\/wp-content\/uploads\/2019\/07\/CIG_a_nova_peneira.png","articleSection":["Novas"],"inLanguage":"gl-ES","potentialAction":[{"@type":"CommentAction","name":"Comment","target":["https:\/\/www.anovapeneira.gal\/index.php\/2021\/07\/08\/a-evolucion-do-paro-constata-un-aumento-da-destrucion-de-emprego-e-da-precarizacion-das-condicions-laborais\/#respond"]}]},{"@type":"WebPage","@id":"https:\/\/www.anovapeneira.gal\/index.php\/2021\/07\/08\/a-evolucion-do-paro-constata-un-aumento-da-destrucion-de-emprego-e-da-precarizacion-das-condicions-laborais\/","url":"https:\/\/www.anovapeneira.gal\/index.php\/2021\/07\/08\/a-evolucion-do-paro-constata-un-aumento-da-destrucion-de-emprego-e-da-precarizacion-das-condicions-laborais\/","name":"A evolucio\u0301n do paro constata un aumento da destrucio\u0301n de emprego e da precarizacio\u0301n das condicio\u0301ns laborais -","isPartOf":{"@id":"https:\/\/www.anovapeneira.gal\/#website"},"primaryImageOfPage":{"@id":"https:\/\/www.anovapeneira.gal\/index.php\/2021\/07\/08\/a-evolucion-do-paro-constata-un-aumento-da-destrucion-de-emprego-e-da-precarizacion-das-condicions-laborais\/#primaryimage"},"image":{"@id":"https:\/\/www.anovapeneira.gal\/index.php\/2021\/07\/08\/a-evolucion-do-paro-constata-un-aumento-da-destrucion-de-emprego-e-da-precarizacion-das-condicions-laborais\/#primaryimage"},"thumbnailUrl":"https:\/\/www.anovapeneira.gal\/wp-content\/uploads\/2019\/07\/CIG_a_nova_peneira.png","datePublished":"2021-07-08T08:00:01+00:00","description":"Galiza rematou o mes de xu\u00f1o con case 160.000 persoas anotadas nas oficinas do SEPE","breadcrumb":{"@id":"https:\/\/www.anovapeneira.gal\/index.php\/2021\/07\/08\/a-evolucion-do-paro-constata-un-aumento-da-destrucion-de-emprego-e-da-precarizacion-das-condicions-laborais\/#breadcrumb"},"inLanguage":"gl-ES","potentialAction":[{"@type":"ReadAction","target":["https:\/\/www.anovapeneira.gal\/index.php\/2021\/07\/08\/a-evolucion-do-paro-constata-un-aumento-da-destrucion-de-emprego-e-da-precarizacion-das-condicions-laborais\/"]}]},{"@type":"ImageObject","inLanguage":"gl-ES","@id":"https:\/\/www.anovapeneira.gal\/index.php\/2021\/07\/08\/a-evolucion-do-paro-constata-un-aumento-da-destrucion-de-emprego-e-da-precarizacion-das-condicions-laborais\/#primaryimage","url":"https:\/\/www.anovapeneira.gal\/wp-content\/uploads\/2019\/07\/CIG_a_nova_peneira.png","contentUrl":"https:\/\/www.anovapeneira.gal\/wp-content\/uploads\/2019\/07\/CIG_a_nova_peneira.png","width":720,"height":473,"caption":"Confederaci\u00f3n Intersindical Galega A Nova Peneira"},{"@type":"BreadcrumbList","@id":"https:\/\/www.anovapeneira.gal\/index.php\/2021\/07\/08\/a-evolucion-do-paro-constata-un-aumento-da-destrucion-de-emprego-e-da-precarizacion-das-condicions-laborais\/#breadcrumb","itemListElement":[{"@type":"ListItem","position":1,"name":"Portada","item":"https:\/\/www.anovapeneira.gal\/"},{"@type":"ListItem","position":2,"name":"A evolucio\u0301n do paro constata un aumento da destrucio\u0301n de emprego e da precarizacio\u0301n das condicio\u0301ns laborais"}]},{"@type":"WebSite","@id":"https:\/\/www.anovapeneira.gal\/#website","url":"https:\/\/www.anovapeneira.gal\/","name":"","description":"Xornal galego de informaci\u00f3n xeral Publicaci\u00f3n mensual de novas de Galicia e en especial dos Concellos da sur da provincia de Pontevedra.","publisher":{"@id":"https:\/\/www.anovapeneira.gal\/#organization"},"potentialAction":[{"@type":"SearchAction","target":{"@type":"EntryPoint","urlTemplate":"https:\/\/www.anovapeneira.gal\/?s={search_term_string}"},"query-input":{"@type":"PropertyValueSpecification","valueRequired":true,"valueName":"search_term_string"}}],"inLanguage":"gl-ES"},{"@type":"Organization","@id":"https:\/\/www.anovapeneira.gal\/#organization","name":"A Nova Peneira","url":"https:\/\/www.anovapeneira.gal\/","logo":{"@type":"ImageObject","inLanguage":"gl-ES","@id":"https:\/\/www.anovapeneira.gal\/#\/schema\/logo\/image\/","url":"http:\/\/www.anovapeneira.gal\/wp-content\/uploads\/2019\/06\/logo_a_nova_peneira_portal_web.png","contentUrl":"http:\/\/www.anovapeneira.gal\/wp-content\/uploads\/2019\/06\/logo_a_nova_peneira_portal_web.png","width":300,"height":100,"caption":"A Nova Peneira"},"image":{"@id":"https:\/\/www.anovapeneira.gal\/#\/schema\/logo\/image\/"},"sameAs":["https:\/\/www.facebook.com\/anovapeneira","https:\/\/x.com\/APeneira"]},{"@type":"Person","@id":"https:\/\/www.anovapeneira.gal\/#\/schema\/person\/b93e3f8932e3f8da96334607eb6ac6aa","name":"Redacci\u00f3n A Nova Peneira","image":{"@type":"ImageObject","inLanguage":"gl-ES","@id":"https:\/\/secure.gravatar.com\/avatar\/c052a2551a06e23fac63626232eaa90abd78dbcf1700fc46a2b2c89fd27b735f?s=96&d=mm&r=g","url":"https:\/\/secure.gravatar.com\/avatar\/c052a2551a06e23fac63626232eaa90abd78dbcf1700fc46a2b2c89fd27b735f?s=96&d=mm&r=g","contentUrl":"https:\/\/secure.gravatar.com\/avatar\/c052a2551a06e23fac63626232eaa90abd78dbcf1700fc46a2b2c89fd27b735f?s=96&d=mm&r=g","caption":"Redacci\u00f3n A Nova Peneira"},"sameAs":["http:\/\/www.anovapeneira.gal\/"],"url":"https:\/\/www.anovapeneira.gal\/index.php\/author\/redactor\/"}]}},"jetpack_featured_media_url":"https:\/\/www.anovapeneira.gal\/wp-content\/uploads\/2019\/07\/CIG_a_nova_peneira.png","_links":{"self":[{"href":"https:\/\/www.anovapeneira.gal\/index.php\/wp-json\/wp\/v2\/posts\/5724","targetHints":{"allow":["GET"]}}],"collection":[{"href":"https:\/\/www.anovapeneira.gal\/index.php\/wp-json\/wp\/v2\/posts"}],"about":[{"href":"https:\/\/www.anovapeneira.gal\/index.php\/wp-json\/wp\/v2\/types\/post"}],"author":[{"embeddable":true,"href":"https:\/\/www.anovapeneira.gal\/index.php\/wp-json\/wp\/v2\/users\/3"}],"replies":[{"embeddable":true,"href":"https:\/\/www.anovapeneira.gal\/index.php\/wp-json\/wp\/v2\/comments?post=5724"}],"version-history":[{"count":1,"href":"https:\/\/www.anovapeneira.gal\/index.php\/wp-json\/wp\/v2\/posts\/5724\/revisions"}],"predecessor-version":[{"id":5725,"href":"https:\/\/www.anovapeneira.gal\/index.php\/wp-json\/wp\/v2\/posts\/5724\/revisions\/5725"}],"wp:featuredmedia":[{"embeddable":true,"href":"https:\/\/www.anovapeneira.gal\/index.php\/wp-json\/wp\/v2\/media\/632"}],"wp:attachment":[{"href":"https:\/\/www.anovapeneira.gal\/index.php\/wp-json\/wp\/v2\/media?parent=5724"}],"wp:term":[{"taxonomy":"category","embeddable":true,"href":"https:\/\/www.anovapeneira.gal\/index.php\/wp-json\/wp\/v2\/categories?post=5724"},{"taxonomy":"post_tag","embeddable":true,"href":"https:\/\/www.anovapeneira.gal\/index.php\/wp-json\/wp\/v2\/tags?post=5724"}],"curies":[{"name":"wp","href":"https:\/\/api.w.org\/{rel}","templated":true}]}}