{"id":5726,"date":"2021-07-08T12:00:07","date_gmt":"2021-07-08T10:00:07","guid":{"rendered":"https:\/\/www.anovapeneira.gal\/?p=5726"},"modified":"2021-07-05T12:22:06","modified_gmt":"2021-07-05T10:22:06","slug":"aer-esixe-a-alcaldesa-de-redondela-que-depure-responsabilidades-ao-maximo-nivel-pola-gravisima-situacion-creada-na-organizacion-da-policia-local","status":"publish","type":"post","link":"https:\/\/www.anovapeneira.gal\/index.php\/2021\/07\/08\/aer-esixe-a-alcaldesa-de-redondela-que-depure-responsabilidades-ao-maximo-nivel-pola-gravisima-situacion-creada-na-organizacion-da-policia-local\/","title":{"rendered":"AER esixe \u00e1 alcaldesa de Redondela que depure responsabilidades ao m\u00e1ximo nivel pola grav\u00edsima situaci\u00f3n creada na organizaci\u00f3n da polic\u00eda local"},"content":{"rendered":"\n<h2 class=\"wp-block-heading\"><strong>A neglixente xesti\u00f3n das responsables pol\u00edticas da Polic\u00eda Local fai que, en determinados momentos, non haxa ningunha persoa prestando o servizo.<\/strong><\/h2>\n\n\n\n<p><strong>Neste caso, AE<\/strong><strong>R<\/strong><strong> ten que dar toda a raz\u00f3n ao PP, que foi a primeira forza pol\u00edtica en denunciar os feitos, posteriormente confirmados pola propia Polic\u00eda.<\/strong><\/p>\n\n\n\n<p>\u201c<em><strong>Non se trata de que algu\u00e9n reaccionou tarde ou mal ante unha situaci\u00f3n inesperada. Tr\u00e1tase dun calendario \u201cpensado\u201d con tempo no que se asume e se acepta que, en determinados momentos, non vai haber ningunha persoa de servizo no noso municipio.\u201d<\/strong><\/em><\/p>\n\n\n\n<p><strong>2 de xullo de 2021<\/strong><\/p>\n\n\n\n<p>O pasado s\u00e1bado 26 de xu\u00f1o, produciuse un lamentable accidente mortal nas inmediaci\u00f3ns da gasolineira do casco urbano de Redondela. O lutuoso sinistro fixo sa\u00edr a luz unha situaci\u00f3n grav\u00edsima: nese momento non hab\u00eda ningunha persoa de servizo na Polic\u00eda Local de Redondela. De feito, como reco\u00f1ece o propio persoal, a Polic\u00eda de Redondela non levantou atestado do accidente, como ser\u00eda a s\u00faa obriga competencial; traballo que tivo que ser realizado por outros corpos de seguridade desprazados ao lugar dos feitos.<\/p>\n\n\n\n<p><strong>Neglixente organizaci\u00f3n.<\/strong><\/p>\n\n\n\n<p>Por motivos que son moi dif\u00edciles de entender, as persoas con responsabilidade pol\u00edtica na Polic\u00eda Local de Redondela consideraron que este ano non era necesario contratar auxiliares de polic\u00eda para reforzar as necesidades do cadro de persoal, nin tampouco se buscaron outras alternativas como poden ser subscribir convenios coa Academia Galega de Seguridade.<\/p>\n\n\n\n<p>A consecuencia \u00e9 que tendo en conta vacaci\u00f3ns, permisos, baixas, etc; nestes momentos non hai recursos suficientes na Polic\u00eda Local para cubrir as 24 horas do d\u00eda os sete d\u00edas da semana.<\/p>\n\n\n\n<p><strong>Depuraci\u00f3n de responsabilidades.<\/strong><\/p>\n\n\n\n<p>AE<strong>R<\/strong> esixe \u00e1 Alcaldesa a depuraci\u00f3n de responsabilidades desta monumental desfeita. Se houbera unha m\u00ednima honestidade pol\u00edtica, un m\u00ednimo de decoro, a d\u00eda de hoxe xa estar\u00edan presentadas dimisi\u00f3ns; pero nin est\u00e1n nin se esperan. A Agrupaci\u00f3n de Electores\/as de Redondela ten claro que este \u00e9 un problema de xesti\u00f3n pol\u00edtica e as persoas que se dedican \u00e1 xesti\u00f3n p\u00fablica te\u00f1en que asumir responsabilidades.<\/p>\n\n\n\n<p>\u201cNon vemos outra soluci\u00f3n que unha dimisi\u00f3n ou cese ao m\u00e1ximo nivel. Non \u00e9 un erro pol\u00edtico nun momento puntual. Non se trata de que algu\u00e9n reaccionou tarde ou mal ante unha situaci\u00f3n inesperada. Estamos a falar dunha programaci\u00f3n da Polic\u00eda Local, do dese\u00f1o dun calendario \u201cpensado\u201d con tempo no que se asume e se acepta que, en determinados momentos, non vai haber ningunha persoa de servizo no noso municipio. Un comportamento tan neglixente, tan desastrosamente aleivoso, inhabilita \u00e1s persoas responsables para a xesti\u00f3n p\u00fablica\u201c; comentan desde AE<strong>R<\/strong>.<\/p>\n","protected":false},"excerpt":{"rendered":"<div class=\"mh-excerpt\"><p>A neglixente xesti\u00f3n das responsables pol\u00edticas da Polic\u00eda Local fai que, en determinados momentos, non haxa ningunha persoa prestando o servizo. <a class=\"mh-excerpt-more\" href=\"https:\/\/www.anovapeneira.gal\/index.php\/2021\/07\/08\/aer-esixe-a-alcaldesa-de-redondela-que-depure-responsabilidades-ao-maximo-nivel-pola-gravisima-situacion-creada-na-organizacion-da-policia-local\/\" title=\"AER esixe \u00e1 alcaldesa de Redondela que depure responsabilidades ao m\u00e1ximo nivel pola grav\u00edsima situaci\u00f3n creada na organizaci\u00f3n da polic\u00eda local\">[&#8230;]<\/a><\/p>\n<\/div>","protected":false},"author":3,"featured_media":4504,"comment_status":"open","ping_status":"open","sticky":false,"template":"","format":"standard","meta":{"_exactmetrics_skip_tracking":false,"_exactmetrics_sitenote_active":false,"_exactmetrics_sitenote_note":"","_exactmetrics_sitenote_category":0,"footnotes":""},"categories":[24],"tags":[171],"class_list":{"0":"post-5726","1":"post","2":"type-post","3":"status-publish","4":"format-standard","5":"has-post-thumbnail","7":"category-redondela","8":"tag-concello-de-redondela"},"yoast_head":"<!-- This site is optimized with the Yoast SEO plugin v27.4 - https:\/\/yoast.com\/product\/yoast-seo-wordpress\/ -->\n<title>AER esixe \u00e1 alcaldesa de Redondela que depure responsabilidades ao m\u00e1ximo nivel pola grav\u00edsima situaci\u00f3n creada na organizaci\u00f3n da polic\u00eda local -<\/title>\n<meta name=\"description\" content=\"A neglixente xesti\u00f3n das responsables pol\u00edticas da Polic\u00eda Local fai que, en determinados momentos, non haxa ningunha persoa prestando o servizo.\" \/>\n<meta name=\"robots\" content=\"index, follow, max-snippet:-1, max-image-preview:large, max-video-preview:-1\" \/>\n<link rel=\"canonical\" href=\"https:\/\/www.anovapeneira.gal\/index.php\/2021\/07\/08\/aer-esixe-a-alcaldesa-de-redondela-que-depure-responsabilidades-ao-maximo-nivel-pola-gravisima-situacion-creada-na-organizacion-da-policia-local\/\" \/>\n<meta property=\"og:locale\" content=\"gl_ES\" \/>\n<meta property=\"og:type\" content=\"article\" \/>\n<meta property=\"og:title\" content=\"AER esixe \u00e1 alcaldesa de Redondela que depure responsabilidades ao m\u00e1ximo nivel pola grav\u00edsima situaci\u00f3n creada na organizaci\u00f3n da polic\u00eda local -\" \/>\n<meta property=\"og:description\" content=\"A neglixente xesti\u00f3n das responsables pol\u00edticas da Polic\u00eda Local fai que, en determinados momentos, non haxa ningunha persoa prestando o servizo.\" \/>\n<meta property=\"og:url\" content=\"https:\/\/www.anovapeneira.gal\/index.php\/2021\/07\/08\/aer-esixe-a-alcaldesa-de-redondela-que-depure-responsabilidades-ao-maximo-nivel-pola-gravisima-situacion-creada-na-organizacion-da-policia-local\/\" \/>\n<meta property=\"article:publisher\" content=\"https:\/\/www.facebook.com\/anovapeneira\" \/>\n<meta property=\"article:published_time\" content=\"2021-07-08T10:00:07+00:00\" \/>\n<meta property=\"og:image\" content=\"https:\/\/www.anovapeneira.gal\/wp-content\/uploads\/2020\/12\/aer_redondela.jpg\" \/>\n\t<meta property=\"og:image:width\" content=\"720\" \/>\n\t<meta property=\"og:image:height\" content=\"432\" \/>\n\t<meta property=\"og:image:type\" content=\"image\/jpeg\" \/>\n<meta name=\"author\" content=\"Redacci\u00f3n A Nova Peneira\" \/>\n<meta name=\"twitter:card\" content=\"summary_large_image\" \/>\n<meta name=\"twitter:creator\" content=\"@APeneira\" \/>\n<meta name=\"twitter:site\" content=\"@APeneira\" \/>\n<meta name=\"twitter:label1\" content=\"Escrito por\" \/>\n\t<meta name=\"twitter:data1\" content=\"Redacci\u00f3n A Nova Peneira\" \/>\n\t<meta name=\"twitter:label2\" content=\"Tempo de lectura\" \/>\n\t<meta name=\"twitter:data2\" content=\"2 minutos\" \/>\n<script type=\"application\/ld+json\" class=\"yoast-schema-graph\">{\"@context\":\"https:\\\/\\\/schema.org\",\"@graph\":[{\"@type\":\"Article\",\"@id\":\"https:\\\/\\\/www.anovapeneira.gal\\\/index.php\\\/2021\\\/07\\\/08\\\/aer-esixe-a-alcaldesa-de-redondela-que-depure-responsabilidades-ao-maximo-nivel-pola-gravisima-situacion-creada-na-organizacion-da-policia-local\\\/#article\",\"isPartOf\":{\"@id\":\"https:\\\/\\\/www.anovapeneira.gal\\\/index.php\\\/2021\\\/07\\\/08\\\/aer-esixe-a-alcaldesa-de-redondela-que-depure-responsabilidades-ao-maximo-nivel-pola-gravisima-situacion-creada-na-organizacion-da-policia-local\\\/\"},\"author\":{\"name\":\"Redacci\u00f3n A Nova Peneira\",\"@id\":\"https:\\\/\\\/www.anovapeneira.gal\\\/#\\\/schema\\\/person\\\/b93e3f8932e3f8da96334607eb6ac6aa\"},\"headline\":\"AER esixe \u00e1 alcaldesa de Redondela que depure responsabilidades ao m\u00e1ximo nivel pola grav\u00edsima situaci\u00f3n creada na organizaci\u00f3n da polic\u00eda local\",\"datePublished\":\"2021-07-08T10:00:07+00:00\",\"mainEntityOfPage\":{\"@id\":\"https:\\\/\\\/www.anovapeneira.gal\\\/index.php\\\/2021\\\/07\\\/08\\\/aer-esixe-a-alcaldesa-de-redondela-que-depure-responsabilidades-ao-maximo-nivel-pola-gravisima-situacion-creada-na-organizacion-da-policia-local\\\/\"},\"wordCount\":490,\"commentCount\":0,\"publisher\":{\"@id\":\"https:\\\/\\\/www.anovapeneira.gal\\\/#organization\"},\"image\":{\"@id\":\"https:\\\/\\\/www.anovapeneira.gal\\\/index.php\\\/2021\\\/07\\\/08\\\/aer-esixe-a-alcaldesa-de-redondela-que-depure-responsabilidades-ao-maximo-nivel-pola-gravisima-situacion-creada-na-organizacion-da-policia-local\\\/#primaryimage\"},\"thumbnailUrl\":\"https:\\\/\\\/www.anovapeneira.gal\\\/wp-content\\\/uploads\\\/2020\\\/12\\\/aer_redondela.jpg\",\"keywords\":[\"Concello de Redondela\"],\"articleSection\":[\"Redondela\"],\"inLanguage\":\"gl-ES\",\"potentialAction\":[{\"@type\":\"CommentAction\",\"name\":\"Comment\",\"target\":[\"https:\\\/\\\/www.anovapeneira.gal\\\/index.php\\\/2021\\\/07\\\/08\\\/aer-esixe-a-alcaldesa-de-redondela-que-depure-responsabilidades-ao-maximo-nivel-pola-gravisima-situacion-creada-na-organizacion-da-policia-local\\\/#respond\"]}]},{\"@type\":\"WebPage\",\"@id\":\"https:\\\/\\\/www.anovapeneira.gal\\\/index.php\\\/2021\\\/07\\\/08\\\/aer-esixe-a-alcaldesa-de-redondela-que-depure-responsabilidades-ao-maximo-nivel-pola-gravisima-situacion-creada-na-organizacion-da-policia-local\\\/\",\"url\":\"https:\\\/\\\/www.anovapeneira.gal\\\/index.php\\\/2021\\\/07\\\/08\\\/aer-esixe-a-alcaldesa-de-redondela-que-depure-responsabilidades-ao-maximo-nivel-pola-gravisima-situacion-creada-na-organizacion-da-policia-local\\\/\",\"name\":\"AER esixe \u00e1 alcaldesa de Redondela que depure responsabilidades ao m\u00e1ximo nivel pola grav\u00edsima situaci\u00f3n creada na organizaci\u00f3n da polic\u00eda local -\",\"isPartOf\":{\"@id\":\"https:\\\/\\\/www.anovapeneira.gal\\\/#website\"},\"primaryImageOfPage\":{\"@id\":\"https:\\\/\\\/www.anovapeneira.gal\\\/index.php\\\/2021\\\/07\\\/08\\\/aer-esixe-a-alcaldesa-de-redondela-que-depure-responsabilidades-ao-maximo-nivel-pola-gravisima-situacion-creada-na-organizacion-da-policia-local\\\/#primaryimage\"},\"image\":{\"@id\":\"https:\\\/\\\/www.anovapeneira.gal\\\/index.php\\\/2021\\\/07\\\/08\\\/aer-esixe-a-alcaldesa-de-redondela-que-depure-responsabilidades-ao-maximo-nivel-pola-gravisima-situacion-creada-na-organizacion-da-policia-local\\\/#primaryimage\"},\"thumbnailUrl\":\"https:\\\/\\\/www.anovapeneira.gal\\\/wp-content\\\/uploads\\\/2020\\\/12\\\/aer_redondela.jpg\",\"datePublished\":\"2021-07-08T10:00:07+00:00\",\"description\":\"A neglixente xesti\u00f3n das responsables pol\u00edticas da Polic\u00eda Local fai que, en determinados momentos, non haxa ningunha persoa prestando o servizo.\",\"breadcrumb\":{\"@id\":\"https:\\\/\\\/www.anovapeneira.gal\\\/index.php\\\/2021\\\/07\\\/08\\\/aer-esixe-a-alcaldesa-de-redondela-que-depure-responsabilidades-ao-maximo-nivel-pola-gravisima-situacion-creada-na-organizacion-da-policia-local\\\/#breadcrumb\"},\"inLanguage\":\"gl-ES\",\"potentialAction\":[{\"@type\":\"ReadAction\",\"target\":[\"https:\\\/\\\/www.anovapeneira.gal\\\/index.php\\\/2021\\\/07\\\/08\\\/aer-esixe-a-alcaldesa-de-redondela-que-depure-responsabilidades-ao-maximo-nivel-pola-gravisima-situacion-creada-na-organizacion-da-policia-local\\\/\"]}]},{\"@type\":\"ImageObject\",\"inLanguage\":\"gl-ES\",\"@id\":\"https:\\\/\\\/www.anovapeneira.gal\\\/index.php\\\/2021\\\/07\\\/08\\\/aer-esixe-a-alcaldesa-de-redondela-que-depure-responsabilidades-ao-maximo-nivel-pola-gravisima-situacion-creada-na-organizacion-da-policia-local\\\/#primaryimage\",\"url\":\"https:\\\/\\\/www.anovapeneira.gal\\\/wp-content\\\/uploads\\\/2020\\\/12\\\/aer_redondela.jpg\",\"contentUrl\":\"https:\\\/\\\/www.anovapeneira.gal\\\/wp-content\\\/uploads\\\/2020\\\/12\\\/aer_redondela.jpg\",\"width\":720,\"height\":432,\"caption\":\"AER agrupaci\u00f3n electores de Redondela\"},{\"@type\":\"BreadcrumbList\",\"@id\":\"https:\\\/\\\/www.anovapeneira.gal\\\/index.php\\\/2021\\\/07\\\/08\\\/aer-esixe-a-alcaldesa-de-redondela-que-depure-responsabilidades-ao-maximo-nivel-pola-gravisima-situacion-creada-na-organizacion-da-policia-local\\\/#breadcrumb\",\"itemListElement\":[{\"@type\":\"ListItem\",\"position\":1,\"name\":\"Portada\",\"item\":\"https:\\\/\\\/www.anovapeneira.gal\\\/\"},{\"@type\":\"ListItem\",\"position\":2,\"name\":\"AER esixe \u00e1 alcaldesa de Redondela que depure responsabilidades ao m\u00e1ximo nivel pola grav\u00edsima situaci\u00f3n creada na organizaci\u00f3n da polic\u00eda local\"}]},{\"@type\":\"WebSite\",\"@id\":\"https:\\\/\\\/www.anovapeneira.gal\\\/#website\",\"url\":\"https:\\\/\\\/www.anovapeneira.gal\\\/\",\"name\":\"\",\"description\":\"Xornal galego de informaci\u00f3n xeral Publicaci\u00f3n mensual de novas de Galicia e en especial dos Concellos da sur da provincia de Pontevedra.\",\"publisher\":{\"@id\":\"https:\\\/\\\/www.anovapeneira.gal\\\/#organization\"},\"potentialAction\":[{\"@type\":\"SearchAction\",\"target\":{\"@type\":\"EntryPoint\",\"urlTemplate\":\"https:\\\/\\\/www.anovapeneira.gal\\\/?s={search_term_string}\"},\"query-input\":{\"@type\":\"PropertyValueSpecification\",\"valueRequired\":true,\"valueName\":\"search_term_string\"}}],\"inLanguage\":\"gl-ES\"},{\"@type\":\"Organization\",\"@id\":\"https:\\\/\\\/www.anovapeneira.gal\\\/#organization\",\"name\":\"A Nova Peneira\",\"url\":\"https:\\\/\\\/www.anovapeneira.gal\\\/\",\"logo\":{\"@type\":\"ImageObject\",\"inLanguage\":\"gl-ES\",\"@id\":\"https:\\\/\\\/www.anovapeneira.gal\\\/#\\\/schema\\\/logo\\\/image\\\/\",\"url\":\"http:\\\/\\\/www.anovapeneira.gal\\\/wp-content\\\/uploads\\\/2019\\\/06\\\/logo_a_nova_peneira_portal_web.png\",\"contentUrl\":\"http:\\\/\\\/www.anovapeneira.gal\\\/wp-content\\\/uploads\\\/2019\\\/06\\\/logo_a_nova_peneira_portal_web.png\",\"width\":300,\"height\":100,\"caption\":\"A Nova Peneira\"},\"image\":{\"@id\":\"https:\\\/\\\/www.anovapeneira.gal\\\/#\\\/schema\\\/logo\\\/image\\\/\"},\"sameAs\":[\"https:\\\/\\\/www.facebook.com\\\/anovapeneira\",\"https:\\\/\\\/x.com\\\/APeneira\"]},{\"@type\":\"Person\",\"@id\":\"https:\\\/\\\/www.anovapeneira.gal\\\/#\\\/schema\\\/person\\\/b93e3f8932e3f8da96334607eb6ac6aa\",\"name\":\"Redacci\u00f3n A Nova Peneira\",\"image\":{\"@type\":\"ImageObject\",\"inLanguage\":\"gl-ES\",\"@id\":\"https:\\\/\\\/secure.gravatar.com\\\/avatar\\\/c052a2551a06e23fac63626232eaa90abd78dbcf1700fc46a2b2c89fd27b735f?s=96&d=mm&r=g\",\"url\":\"https:\\\/\\\/secure.gravatar.com\\\/avatar\\\/c052a2551a06e23fac63626232eaa90abd78dbcf1700fc46a2b2c89fd27b735f?s=96&d=mm&r=g\",\"contentUrl\":\"https:\\\/\\\/secure.gravatar.com\\\/avatar\\\/c052a2551a06e23fac63626232eaa90abd78dbcf1700fc46a2b2c89fd27b735f?s=96&d=mm&r=g\",\"caption\":\"Redacci\u00f3n A Nova Peneira\"},\"sameAs\":[\"http:\\\/\\\/www.anovapeneira.gal\\\/\"],\"url\":\"https:\\\/\\\/www.anovapeneira.gal\\\/index.php\\\/author\\\/redactor\\\/\"}]}<\/script>\n<!-- \/ Yoast SEO plugin. -->","yoast_head_json":{"title":"AER esixe \u00e1 alcaldesa de Redondela que depure responsabilidades ao m\u00e1ximo nivel pola grav\u00edsima situaci\u00f3n creada na organizaci\u00f3n da polic\u00eda local -","description":"A neglixente xesti\u00f3n das responsables pol\u00edticas da Polic\u00eda Local fai que, en determinados momentos, non haxa ningunha persoa prestando o servizo.","robots":{"index":"index","follow":"follow","max-snippet":"max-snippet:-1","max-image-preview":"max-image-preview:large","max-video-preview":"max-video-preview:-1"},"canonical":"https:\/\/www.anovapeneira.gal\/index.php\/2021\/07\/08\/aer-esixe-a-alcaldesa-de-redondela-que-depure-responsabilidades-ao-maximo-nivel-pola-gravisima-situacion-creada-na-organizacion-da-policia-local\/","og_locale":"gl_ES","og_type":"article","og_title":"AER esixe \u00e1 alcaldesa de Redondela que depure responsabilidades ao m\u00e1ximo nivel pola grav\u00edsima situaci\u00f3n creada na organizaci\u00f3n da polic\u00eda local -","og_description":"A neglixente xesti\u00f3n das responsables pol\u00edticas da Polic\u00eda Local fai que, en determinados momentos, non haxa ningunha persoa prestando o servizo.","og_url":"https:\/\/www.anovapeneira.gal\/index.php\/2021\/07\/08\/aer-esixe-a-alcaldesa-de-redondela-que-depure-responsabilidades-ao-maximo-nivel-pola-gravisima-situacion-creada-na-organizacion-da-policia-local\/","article_publisher":"https:\/\/www.facebook.com\/anovapeneira","article_published_time":"2021-07-08T10:00:07+00:00","og_image":[{"width":720,"height":432,"url":"https:\/\/www.anovapeneira.gal\/wp-content\/uploads\/2020\/12\/aer_redondela.jpg","type":"image\/jpeg"}],"author":"Redacci\u00f3n A Nova Peneira","twitter_card":"summary_large_image","twitter_creator":"@APeneira","twitter_site":"@APeneira","twitter_misc":{"Escrito por":"Redacci\u00f3n A Nova Peneira","Tempo de lectura":"2 minutos"},"schema":{"@context":"https:\/\/schema.org","@graph":[{"@type":"Article","@id":"https:\/\/www.anovapeneira.gal\/index.php\/2021\/07\/08\/aer-esixe-a-alcaldesa-de-redondela-que-depure-responsabilidades-ao-maximo-nivel-pola-gravisima-situacion-creada-na-organizacion-da-policia-local\/#article","isPartOf":{"@id":"https:\/\/www.anovapeneira.gal\/index.php\/2021\/07\/08\/aer-esixe-a-alcaldesa-de-redondela-que-depure-responsabilidades-ao-maximo-nivel-pola-gravisima-situacion-creada-na-organizacion-da-policia-local\/"},"author":{"name":"Redacci\u00f3n A Nova Peneira","@id":"https:\/\/www.anovapeneira.gal\/#\/schema\/person\/b93e3f8932e3f8da96334607eb6ac6aa"},"headline":"AER esixe \u00e1 alcaldesa de Redondela que depure responsabilidades ao m\u00e1ximo nivel pola grav\u00edsima situaci\u00f3n creada na organizaci\u00f3n da polic\u00eda local","datePublished":"2021-07-08T10:00:07+00:00","mainEntityOfPage":{"@id":"https:\/\/www.anovapeneira.gal\/index.php\/2021\/07\/08\/aer-esixe-a-alcaldesa-de-redondela-que-depure-responsabilidades-ao-maximo-nivel-pola-gravisima-situacion-creada-na-organizacion-da-policia-local\/"},"wordCount":490,"commentCount":0,"publisher":{"@id":"https:\/\/www.anovapeneira.gal\/#organization"},"image":{"@id":"https:\/\/www.anovapeneira.gal\/index.php\/2021\/07\/08\/aer-esixe-a-alcaldesa-de-redondela-que-depure-responsabilidades-ao-maximo-nivel-pola-gravisima-situacion-creada-na-organizacion-da-policia-local\/#primaryimage"},"thumbnailUrl":"https:\/\/www.anovapeneira.gal\/wp-content\/uploads\/2020\/12\/aer_redondela.jpg","keywords":["Concello de Redondela"],"articleSection":["Redondela"],"inLanguage":"gl-ES","potentialAction":[{"@type":"CommentAction","name":"Comment","target":["https:\/\/www.anovapeneira.gal\/index.php\/2021\/07\/08\/aer-esixe-a-alcaldesa-de-redondela-que-depure-responsabilidades-ao-maximo-nivel-pola-gravisima-situacion-creada-na-organizacion-da-policia-local\/#respond"]}]},{"@type":"WebPage","@id":"https:\/\/www.anovapeneira.gal\/index.php\/2021\/07\/08\/aer-esixe-a-alcaldesa-de-redondela-que-depure-responsabilidades-ao-maximo-nivel-pola-gravisima-situacion-creada-na-organizacion-da-policia-local\/","url":"https:\/\/www.anovapeneira.gal\/index.php\/2021\/07\/08\/aer-esixe-a-alcaldesa-de-redondela-que-depure-responsabilidades-ao-maximo-nivel-pola-gravisima-situacion-creada-na-organizacion-da-policia-local\/","name":"AER esixe \u00e1 alcaldesa de Redondela que depure responsabilidades ao m\u00e1ximo nivel pola grav\u00edsima situaci\u00f3n creada na organizaci\u00f3n da polic\u00eda local -","isPartOf":{"@id":"https:\/\/www.anovapeneira.gal\/#website"},"primaryImageOfPage":{"@id":"https:\/\/www.anovapeneira.gal\/index.php\/2021\/07\/08\/aer-esixe-a-alcaldesa-de-redondela-que-depure-responsabilidades-ao-maximo-nivel-pola-gravisima-situacion-creada-na-organizacion-da-policia-local\/#primaryimage"},"image":{"@id":"https:\/\/www.anovapeneira.gal\/index.php\/2021\/07\/08\/aer-esixe-a-alcaldesa-de-redondela-que-depure-responsabilidades-ao-maximo-nivel-pola-gravisima-situacion-creada-na-organizacion-da-policia-local\/#primaryimage"},"thumbnailUrl":"https:\/\/www.anovapeneira.gal\/wp-content\/uploads\/2020\/12\/aer_redondela.jpg","datePublished":"2021-07-08T10:00:07+00:00","description":"A neglixente xesti\u00f3n das responsables pol\u00edticas da Polic\u00eda Local fai que, en determinados momentos, non haxa ningunha persoa prestando o servizo.","breadcrumb":{"@id":"https:\/\/www.anovapeneira.gal\/index.php\/2021\/07\/08\/aer-esixe-a-alcaldesa-de-redondela-que-depure-responsabilidades-ao-maximo-nivel-pola-gravisima-situacion-creada-na-organizacion-da-policia-local\/#breadcrumb"},"inLanguage":"gl-ES","potentialAction":[{"@type":"ReadAction","target":["https:\/\/www.anovapeneira.gal\/index.php\/2021\/07\/08\/aer-esixe-a-alcaldesa-de-redondela-que-depure-responsabilidades-ao-maximo-nivel-pola-gravisima-situacion-creada-na-organizacion-da-policia-local\/"]}]},{"@type":"ImageObject","inLanguage":"gl-ES","@id":"https:\/\/www.anovapeneira.gal\/index.php\/2021\/07\/08\/aer-esixe-a-alcaldesa-de-redondela-que-depure-responsabilidades-ao-maximo-nivel-pola-gravisima-situacion-creada-na-organizacion-da-policia-local\/#primaryimage","url":"https:\/\/www.anovapeneira.gal\/wp-content\/uploads\/2020\/12\/aer_redondela.jpg","contentUrl":"https:\/\/www.anovapeneira.gal\/wp-content\/uploads\/2020\/12\/aer_redondela.jpg","width":720,"height":432,"caption":"AER agrupaci\u00f3n electores de Redondela"},{"@type":"BreadcrumbList","@id":"https:\/\/www.anovapeneira.gal\/index.php\/2021\/07\/08\/aer-esixe-a-alcaldesa-de-redondela-que-depure-responsabilidades-ao-maximo-nivel-pola-gravisima-situacion-creada-na-organizacion-da-policia-local\/#breadcrumb","itemListElement":[{"@type":"ListItem","position":1,"name":"Portada","item":"https:\/\/www.anovapeneira.gal\/"},{"@type":"ListItem","position":2,"name":"AER esixe \u00e1 alcaldesa de Redondela que depure responsabilidades ao m\u00e1ximo nivel pola grav\u00edsima situaci\u00f3n creada na organizaci\u00f3n da polic\u00eda local"}]},{"@type":"WebSite","@id":"https:\/\/www.anovapeneira.gal\/#website","url":"https:\/\/www.anovapeneira.gal\/","name":"","description":"Xornal galego de informaci\u00f3n xeral Publicaci\u00f3n mensual de novas de Galicia e en especial dos Concellos da sur da provincia de Pontevedra.","publisher":{"@id":"https:\/\/www.anovapeneira.gal\/#organization"},"potentialAction":[{"@type":"SearchAction","target":{"@type":"EntryPoint","urlTemplate":"https:\/\/www.anovapeneira.gal\/?s={search_term_string}"},"query-input":{"@type":"PropertyValueSpecification","valueRequired":true,"valueName":"search_term_string"}}],"inLanguage":"gl-ES"},{"@type":"Organization","@id":"https:\/\/www.anovapeneira.gal\/#organization","name":"A Nova Peneira","url":"https:\/\/www.anovapeneira.gal\/","logo":{"@type":"ImageObject","inLanguage":"gl-ES","@id":"https:\/\/www.anovapeneira.gal\/#\/schema\/logo\/image\/","url":"http:\/\/www.anovapeneira.gal\/wp-content\/uploads\/2019\/06\/logo_a_nova_peneira_portal_web.png","contentUrl":"http:\/\/www.anovapeneira.gal\/wp-content\/uploads\/2019\/06\/logo_a_nova_peneira_portal_web.png","width":300,"height":100,"caption":"A Nova Peneira"},"image":{"@id":"https:\/\/www.anovapeneira.gal\/#\/schema\/logo\/image\/"},"sameAs":["https:\/\/www.facebook.com\/anovapeneira","https:\/\/x.com\/APeneira"]},{"@type":"Person","@id":"https:\/\/www.anovapeneira.gal\/#\/schema\/person\/b93e3f8932e3f8da96334607eb6ac6aa","name":"Redacci\u00f3n A Nova Peneira","image":{"@type":"ImageObject","inLanguage":"gl-ES","@id":"https:\/\/secure.gravatar.com\/avatar\/c052a2551a06e23fac63626232eaa90abd78dbcf1700fc46a2b2c89fd27b735f?s=96&d=mm&r=g","url":"https:\/\/secure.gravatar.com\/avatar\/c052a2551a06e23fac63626232eaa90abd78dbcf1700fc46a2b2c89fd27b735f?s=96&d=mm&r=g","contentUrl":"https:\/\/secure.gravatar.com\/avatar\/c052a2551a06e23fac63626232eaa90abd78dbcf1700fc46a2b2c89fd27b735f?s=96&d=mm&r=g","caption":"Redacci\u00f3n A Nova Peneira"},"sameAs":["http:\/\/www.anovapeneira.gal\/"],"url":"https:\/\/www.anovapeneira.gal\/index.php\/author\/redactor\/"}]}},"jetpack_featured_media_url":"https:\/\/www.anovapeneira.gal\/wp-content\/uploads\/2020\/12\/aer_redondela.jpg","_links":{"self":[{"href":"https:\/\/www.anovapeneira.gal\/index.php\/wp-json\/wp\/v2\/posts\/5726","targetHints":{"allow":["GET"]}}],"collection":[{"href":"https:\/\/www.anovapeneira.gal\/index.php\/wp-json\/wp\/v2\/posts"}],"about":[{"href":"https:\/\/www.anovapeneira.gal\/index.php\/wp-json\/wp\/v2\/types\/post"}],"author":[{"embeddable":true,"href":"https:\/\/www.anovapeneira.gal\/index.php\/wp-json\/wp\/v2\/users\/3"}],"replies":[{"embeddable":true,"href":"https:\/\/www.anovapeneira.gal\/index.php\/wp-json\/wp\/v2\/comments?post=5726"}],"version-history":[{"count":1,"href":"https:\/\/www.anovapeneira.gal\/index.php\/wp-json\/wp\/v2\/posts\/5726\/revisions"}],"predecessor-version":[{"id":5727,"href":"https:\/\/www.anovapeneira.gal\/index.php\/wp-json\/wp\/v2\/posts\/5726\/revisions\/5727"}],"wp:featuredmedia":[{"embeddable":true,"href":"https:\/\/www.anovapeneira.gal\/index.php\/wp-json\/wp\/v2\/media\/4504"}],"wp:attachment":[{"href":"https:\/\/www.anovapeneira.gal\/index.php\/wp-json\/wp\/v2\/media?parent=5726"}],"wp:term":[{"taxonomy":"category","embeddable":true,"href":"https:\/\/www.anovapeneira.gal\/index.php\/wp-json\/wp\/v2\/categories?post=5726"},{"taxonomy":"post_tag","embeddable":true,"href":"https:\/\/www.anovapeneira.gal\/index.php\/wp-json\/wp\/v2\/tags?post=5726"}],"curies":[{"name":"wp","href":"https:\/\/api.w.org\/{rel}","templated":true}]}}