{"id":5730,"date":"2021-07-07T12:00:17","date_gmt":"2021-07-07T10:00:17","guid":{"rendered":"https:\/\/www.anovapeneira.gal\/?p=5730"},"modified":"2021-07-05T12:29:47","modified_gmt":"2021-07-05T10:29:47","slug":"alternativa-por-mondariz-pidelle-que-siga-o-exemplo-de-covelo-as-neves-ou-a-caniza","status":"publish","type":"post","link":"https:\/\/www.anovapeneira.gal\/index.php\/2021\/07\/07\/alternativa-por-mondariz-pidelle-que-siga-o-exemplo-de-covelo-as-neves-ou-a-caniza\/","title":{"rendered":"Alternativa por Mondariz p\u00eddelle que siga o exemplo de Covelo, As Neves ou A Ca\u00f1iza"},"content":{"rendered":"\n<h2 class=\"wp-block-heading\">Calis prop\u00f3n ao goberno municipal a reapertura da piscina de Mondariz este ver\u00e1n<\/h2>\n\n\n\n<p><strong>Mondariz, a 16.06.2021<\/strong><\/p>\n\n\n\n<p>Xo\u00e1n C. Montes Bugar\u00edn -Calis-, portavoz de AporM, v\u00e9n de rexistrar un escrito solicitando a reapertura da piscina municipal do P\u00e9 do Mu\u00ed\u00f1o \u201cneste ver\u00e1n\u201d. Calis sinala que as medidas sanitarias que est\u00e1n a adoptar tanto o goberno de Espa\u00f1a como o goberno da Xunta de Galicia van no sentido de relaxar, de forma progresiva, as restrici\u00f3ns (uso da m\u00e1scara, utilizaci\u00f3n dos espazos p\u00fablicos, etc), de forma que \u201co escenario que se presenta \u00e9 moito m\u00e1is favorable que o que vivimos ata agora, facendo viable a recuperaci\u00f3n da vida social que vivimos antes da pandemia\u201d.<\/p>\n\n\n\n<p>O l\u00edder da oposici\u00f3n mondariz\u00e1 p\u00eddelle ao goberno municipal que mire a concellos como Covelo, As Neves ou A Ca\u00f1iza, que abrir\u00e1n as s\u00faas piscinas nas pr\u00f3ximas semanas, \u201co que conecta coa demanda da veci\u00f1anza de Mondariz, que est\u00e1 a vivir agora unha onda de calor que volver\u00e1 con m\u00e1is forza nos meses de xullo e agosto\u201d.<\/p>\n\n\n\n<p>AporM p\u00eddelle ao goberno local que \u201cadopte todas as medidas de seguridade necesarias para dar este servizo este ver\u00e1n, controlando a capacidade de acollida e limpando as instalaci\u00f3ns coa periodicidade necesaria, sobre todo os vestiarios\u201d. Montes Bugar\u00edn avoga porque Mondariz vaia recuperando pouco a pouco a normalidade da vida social, o que pasa por recuperar servizos p\u00fablicos como o da piscina municipal.<\/p>\n\n\n\n<p>Deterioro das instalaci\u00f3ns<\/p>\n\n\n\n<p>O portavoz municipalista sinalou tam\u00e9n que \u201cse este ver\u00e1n non abre a piscina, sumar\u00e1 dous anos pechada, o que provocar\u00e1 o deterioro das instalaci\u00f3ns, de forma que, cando reabra en 2022, as obras que haber\u00e1 que acometer con cargo ao orzamento municipal ser\u00e1n maiores\u201d.<\/p>\n","protected":false},"excerpt":{"rendered":"<div class=\"mh-excerpt\"><p>Calis prop\u00f3n ao goberno municipal a reapertura da piscina de Mondariz este ver\u00e1n <a class=\"mh-excerpt-more\" href=\"https:\/\/www.anovapeneira.gal\/index.php\/2021\/07\/07\/alternativa-por-mondariz-pidelle-que-siga-o-exemplo-de-covelo-as-neves-ou-a-caniza\/\" title=\"Alternativa por Mondariz p\u00eddelle que siga o exemplo de Covelo, As Neves ou A Ca\u00f1iza\">[&#8230;]<\/a><\/p>\n<\/div>","protected":false},"author":3,"featured_media":3672,"comment_status":"open","ping_status":"open","sticky":false,"template":"","format":"standard","meta":{"_exactmetrics_skip_tracking":false,"_exactmetrics_sitenote_active":false,"_exactmetrics_sitenote_note":"","_exactmetrics_sitenote_category":0,"footnotes":""},"categories":[25],"tags":[405],"class_list":{"0":"post-5730","1":"post","2":"type-post","3":"status-publish","4":"format-standard","5":"has-post-thumbnail","7":"category-condado","8":"tag-concello-de-mondariz"},"yoast_head":"<!-- This site is optimized with the Yoast SEO plugin v27.5 - https:\/\/yoast.com\/product\/yoast-seo-wordpress\/ -->\n<title>Alternativa por Mondariz p\u00eddelle que siga o exemplo de Covelo, As Neves ou A Ca\u00f1iza -<\/title>\n<meta name=\"description\" content=\"Calis prop\u00f3n ao goberno municipal a reapertura da piscina de Mondariz este ver\u00e1n\" \/>\n<meta name=\"robots\" content=\"index, follow, max-snippet:-1, max-image-preview:large, max-video-preview:-1\" \/>\n<link rel=\"canonical\" href=\"https:\/\/www.anovapeneira.gal\/index.php\/2021\/07\/07\/alternativa-por-mondariz-pidelle-que-siga-o-exemplo-de-covelo-as-neves-ou-a-caniza\/\" \/>\n<meta property=\"og:locale\" content=\"gl_ES\" \/>\n<meta property=\"og:type\" content=\"article\" \/>\n<meta property=\"og:title\" content=\"Alternativa por Mondariz p\u00eddelle que siga o exemplo de Covelo, As Neves ou A Ca\u00f1iza -\" \/>\n<meta property=\"og:description\" content=\"Calis prop\u00f3n ao goberno municipal a reapertura da piscina de Mondariz este ver\u00e1n\" \/>\n<meta property=\"og:url\" content=\"https:\/\/www.anovapeneira.gal\/index.php\/2021\/07\/07\/alternativa-por-mondariz-pidelle-que-siga-o-exemplo-de-covelo-as-neves-ou-a-caniza\/\" \/>\n<meta property=\"article:publisher\" content=\"https:\/\/www.facebook.com\/anovapeneira\" \/>\n<meta property=\"article:published_time\" content=\"2021-07-07T10:00:17+00:00\" \/>\n<meta property=\"og:image\" content=\"https:\/\/www.anovapeneira.gal\/wp-content\/uploads\/2020\/08\/alternativa_por_mondariz_a_nova_peneira.jpg\" \/>\n\t<meta property=\"og:image:width\" content=\"720\" \/>\n\t<meta property=\"og:image:height\" content=\"432\" \/>\n\t<meta property=\"og:image:type\" content=\"image\/jpeg\" \/>\n<meta name=\"author\" content=\"Redacci\u00f3n A Nova Peneira\" \/>\n<meta name=\"twitter:card\" content=\"summary_large_image\" \/>\n<meta name=\"twitter:creator\" content=\"@APeneira\" \/>\n<meta name=\"twitter:site\" content=\"@APeneira\" \/>\n<meta name=\"twitter:label1\" content=\"Escrito por\" \/>\n\t<meta name=\"twitter:data1\" content=\"Redacci\u00f3n A Nova Peneira\" \/>\n\t<meta name=\"twitter:label2\" content=\"Tempo de lectura\" \/>\n\t<meta name=\"twitter:data2\" content=\"2 minutos\" \/>\n<script type=\"application\/ld+json\" class=\"yoast-schema-graph\">{\"@context\":\"https:\\\/\\\/schema.org\",\"@graph\":[{\"@type\":\"Article\",\"@id\":\"https:\\\/\\\/www.anovapeneira.gal\\\/index.php\\\/2021\\\/07\\\/07\\\/alternativa-por-mondariz-pidelle-que-siga-o-exemplo-de-covelo-as-neves-ou-a-caniza\\\/#article\",\"isPartOf\":{\"@id\":\"https:\\\/\\\/www.anovapeneira.gal\\\/index.php\\\/2021\\\/07\\\/07\\\/alternativa-por-mondariz-pidelle-que-siga-o-exemplo-de-covelo-as-neves-ou-a-caniza\\\/\"},\"author\":{\"name\":\"Redacci\u00f3n A Nova Peneira\",\"@id\":\"https:\\\/\\\/www.anovapeneira.gal\\\/#\\\/schema\\\/person\\\/b93e3f8932e3f8da96334607eb6ac6aa\"},\"headline\":\"Alternativa por Mondariz p\u00eddelle que siga o exemplo de Covelo, As Neves ou A Ca\u00f1iza\",\"datePublished\":\"2021-07-07T10:00:17+00:00\",\"mainEntityOfPage\":{\"@id\":\"https:\\\/\\\/www.anovapeneira.gal\\\/index.php\\\/2021\\\/07\\\/07\\\/alternativa-por-mondariz-pidelle-que-siga-o-exemplo-de-covelo-as-neves-ou-a-caniza\\\/\"},\"wordCount\":325,\"commentCount\":0,\"publisher\":{\"@id\":\"https:\\\/\\\/www.anovapeneira.gal\\\/#organization\"},\"image\":{\"@id\":\"https:\\\/\\\/www.anovapeneira.gal\\\/index.php\\\/2021\\\/07\\\/07\\\/alternativa-por-mondariz-pidelle-que-siga-o-exemplo-de-covelo-as-neves-ou-a-caniza\\\/#primaryimage\"},\"thumbnailUrl\":\"https:\\\/\\\/www.anovapeneira.gal\\\/wp-content\\\/uploads\\\/2020\\\/08\\\/alternativa_por_mondariz_a_nova_peneira.jpg\",\"keywords\":[\"Concello de Mondariz\"],\"articleSection\":[\"Condado\"],\"inLanguage\":\"gl-ES\",\"potentialAction\":[{\"@type\":\"CommentAction\",\"name\":\"Comment\",\"target\":[\"https:\\\/\\\/www.anovapeneira.gal\\\/index.php\\\/2021\\\/07\\\/07\\\/alternativa-por-mondariz-pidelle-que-siga-o-exemplo-de-covelo-as-neves-ou-a-caniza\\\/#respond\"]}]},{\"@type\":\"WebPage\",\"@id\":\"https:\\\/\\\/www.anovapeneira.gal\\\/index.php\\\/2021\\\/07\\\/07\\\/alternativa-por-mondariz-pidelle-que-siga-o-exemplo-de-covelo-as-neves-ou-a-caniza\\\/\",\"url\":\"https:\\\/\\\/www.anovapeneira.gal\\\/index.php\\\/2021\\\/07\\\/07\\\/alternativa-por-mondariz-pidelle-que-siga-o-exemplo-de-covelo-as-neves-ou-a-caniza\\\/\",\"name\":\"Alternativa por Mondariz p\u00eddelle que siga o exemplo de Covelo, As Neves ou A Ca\u00f1iza -\",\"isPartOf\":{\"@id\":\"https:\\\/\\\/www.anovapeneira.gal\\\/#website\"},\"primaryImageOfPage\":{\"@id\":\"https:\\\/\\\/www.anovapeneira.gal\\\/index.php\\\/2021\\\/07\\\/07\\\/alternativa-por-mondariz-pidelle-que-siga-o-exemplo-de-covelo-as-neves-ou-a-caniza\\\/#primaryimage\"},\"image\":{\"@id\":\"https:\\\/\\\/www.anovapeneira.gal\\\/index.php\\\/2021\\\/07\\\/07\\\/alternativa-por-mondariz-pidelle-que-siga-o-exemplo-de-covelo-as-neves-ou-a-caniza\\\/#primaryimage\"},\"thumbnailUrl\":\"https:\\\/\\\/www.anovapeneira.gal\\\/wp-content\\\/uploads\\\/2020\\\/08\\\/alternativa_por_mondariz_a_nova_peneira.jpg\",\"datePublished\":\"2021-07-07T10:00:17+00:00\",\"description\":\"Calis prop\u00f3n ao goberno municipal a reapertura da piscina de Mondariz este ver\u00e1n\",\"breadcrumb\":{\"@id\":\"https:\\\/\\\/www.anovapeneira.gal\\\/index.php\\\/2021\\\/07\\\/07\\\/alternativa-por-mondariz-pidelle-que-siga-o-exemplo-de-covelo-as-neves-ou-a-caniza\\\/#breadcrumb\"},\"inLanguage\":\"gl-ES\",\"potentialAction\":[{\"@type\":\"ReadAction\",\"target\":[\"https:\\\/\\\/www.anovapeneira.gal\\\/index.php\\\/2021\\\/07\\\/07\\\/alternativa-por-mondariz-pidelle-que-siga-o-exemplo-de-covelo-as-neves-ou-a-caniza\\\/\"]}]},{\"@type\":\"ImageObject\",\"inLanguage\":\"gl-ES\",\"@id\":\"https:\\\/\\\/www.anovapeneira.gal\\\/index.php\\\/2021\\\/07\\\/07\\\/alternativa-por-mondariz-pidelle-que-siga-o-exemplo-de-covelo-as-neves-ou-a-caniza\\\/#primaryimage\",\"url\":\"https:\\\/\\\/www.anovapeneira.gal\\\/wp-content\\\/uploads\\\/2020\\\/08\\\/alternativa_por_mondariz_a_nova_peneira.jpg\",\"contentUrl\":\"https:\\\/\\\/www.anovapeneira.gal\\\/wp-content\\\/uploads\\\/2020\\\/08\\\/alternativa_por_mondariz_a_nova_peneira.jpg\",\"width\":720,\"height\":432,\"caption\":\"Alternativa por Mondariz Orzamentos A Nova Peneira\"},{\"@type\":\"BreadcrumbList\",\"@id\":\"https:\\\/\\\/www.anovapeneira.gal\\\/index.php\\\/2021\\\/07\\\/07\\\/alternativa-por-mondariz-pidelle-que-siga-o-exemplo-de-covelo-as-neves-ou-a-caniza\\\/#breadcrumb\",\"itemListElement\":[{\"@type\":\"ListItem\",\"position\":1,\"name\":\"Portada\",\"item\":\"https:\\\/\\\/www.anovapeneira.gal\\\/\"},{\"@type\":\"ListItem\",\"position\":2,\"name\":\"Alternativa por Mondariz p\u00eddelle que siga o exemplo de Covelo, As Neves ou A Ca\u00f1iza\"}]},{\"@type\":\"WebSite\",\"@id\":\"https:\\\/\\\/www.anovapeneira.gal\\\/#website\",\"url\":\"https:\\\/\\\/www.anovapeneira.gal\\\/\",\"name\":\"\",\"description\":\"Xornal galego de informaci\u00f3n xeral Publicaci\u00f3n mensual de novas de Galicia e en especial dos Concellos da sur da provincia de Pontevedra.\",\"publisher\":{\"@id\":\"https:\\\/\\\/www.anovapeneira.gal\\\/#organization\"},\"potentialAction\":[{\"@type\":\"SearchAction\",\"target\":{\"@type\":\"EntryPoint\",\"urlTemplate\":\"https:\\\/\\\/www.anovapeneira.gal\\\/?s={search_term_string}\"},\"query-input\":{\"@type\":\"PropertyValueSpecification\",\"valueRequired\":true,\"valueName\":\"search_term_string\"}}],\"inLanguage\":\"gl-ES\"},{\"@type\":\"Organization\",\"@id\":\"https:\\\/\\\/www.anovapeneira.gal\\\/#organization\",\"name\":\"A Nova Peneira\",\"url\":\"https:\\\/\\\/www.anovapeneira.gal\\\/\",\"logo\":{\"@type\":\"ImageObject\",\"inLanguage\":\"gl-ES\",\"@id\":\"https:\\\/\\\/www.anovapeneira.gal\\\/#\\\/schema\\\/logo\\\/image\\\/\",\"url\":\"http:\\\/\\\/www.anovapeneira.gal\\\/wp-content\\\/uploads\\\/2019\\\/06\\\/logo_a_nova_peneira_portal_web.png\",\"contentUrl\":\"http:\\\/\\\/www.anovapeneira.gal\\\/wp-content\\\/uploads\\\/2019\\\/06\\\/logo_a_nova_peneira_portal_web.png\",\"width\":300,\"height\":100,\"caption\":\"A Nova Peneira\"},\"image\":{\"@id\":\"https:\\\/\\\/www.anovapeneira.gal\\\/#\\\/schema\\\/logo\\\/image\\\/\"},\"sameAs\":[\"https:\\\/\\\/www.facebook.com\\\/anovapeneira\",\"https:\\\/\\\/x.com\\\/APeneira\"]},{\"@type\":\"Person\",\"@id\":\"https:\\\/\\\/www.anovapeneira.gal\\\/#\\\/schema\\\/person\\\/b93e3f8932e3f8da96334607eb6ac6aa\",\"name\":\"Redacci\u00f3n A Nova Peneira\",\"image\":{\"@type\":\"ImageObject\",\"inLanguage\":\"gl-ES\",\"@id\":\"https:\\\/\\\/secure.gravatar.com\\\/avatar\\\/c052a2551a06e23fac63626232eaa90abd78dbcf1700fc46a2b2c89fd27b735f?s=96&d=mm&r=g\",\"url\":\"https:\\\/\\\/secure.gravatar.com\\\/avatar\\\/c052a2551a06e23fac63626232eaa90abd78dbcf1700fc46a2b2c89fd27b735f?s=96&d=mm&r=g\",\"contentUrl\":\"https:\\\/\\\/secure.gravatar.com\\\/avatar\\\/c052a2551a06e23fac63626232eaa90abd78dbcf1700fc46a2b2c89fd27b735f?s=96&d=mm&r=g\",\"caption\":\"Redacci\u00f3n A Nova Peneira\"},\"sameAs\":[\"http:\\\/\\\/www.anovapeneira.gal\\\/\"],\"url\":\"https:\\\/\\\/www.anovapeneira.gal\\\/index.php\\\/author\\\/redactor\\\/\"}]}<\/script>\n<!-- \/ Yoast SEO plugin. -->","yoast_head_json":{"title":"Alternativa por Mondariz p\u00eddelle que siga o exemplo de Covelo, As Neves ou A Ca\u00f1iza -","description":"Calis prop\u00f3n ao goberno municipal a reapertura da piscina de Mondariz este ver\u00e1n","robots":{"index":"index","follow":"follow","max-snippet":"max-snippet:-1","max-image-preview":"max-image-preview:large","max-video-preview":"max-video-preview:-1"},"canonical":"https:\/\/www.anovapeneira.gal\/index.php\/2021\/07\/07\/alternativa-por-mondariz-pidelle-que-siga-o-exemplo-de-covelo-as-neves-ou-a-caniza\/","og_locale":"gl_ES","og_type":"article","og_title":"Alternativa por Mondariz p\u00eddelle que siga o exemplo de Covelo, As Neves ou A Ca\u00f1iza -","og_description":"Calis prop\u00f3n ao goberno municipal a reapertura da piscina de Mondariz este ver\u00e1n","og_url":"https:\/\/www.anovapeneira.gal\/index.php\/2021\/07\/07\/alternativa-por-mondariz-pidelle-que-siga-o-exemplo-de-covelo-as-neves-ou-a-caniza\/","article_publisher":"https:\/\/www.facebook.com\/anovapeneira","article_published_time":"2021-07-07T10:00:17+00:00","og_image":[{"width":720,"height":432,"url":"https:\/\/www.anovapeneira.gal\/wp-content\/uploads\/2020\/08\/alternativa_por_mondariz_a_nova_peneira.jpg","type":"image\/jpeg"}],"author":"Redacci\u00f3n A Nova Peneira","twitter_card":"summary_large_image","twitter_creator":"@APeneira","twitter_site":"@APeneira","twitter_misc":{"Escrito por":"Redacci\u00f3n A Nova Peneira","Tempo de lectura":"2 minutos"},"schema":{"@context":"https:\/\/schema.org","@graph":[{"@type":"Article","@id":"https:\/\/www.anovapeneira.gal\/index.php\/2021\/07\/07\/alternativa-por-mondariz-pidelle-que-siga-o-exemplo-de-covelo-as-neves-ou-a-caniza\/#article","isPartOf":{"@id":"https:\/\/www.anovapeneira.gal\/index.php\/2021\/07\/07\/alternativa-por-mondariz-pidelle-que-siga-o-exemplo-de-covelo-as-neves-ou-a-caniza\/"},"author":{"name":"Redacci\u00f3n A Nova Peneira","@id":"https:\/\/www.anovapeneira.gal\/#\/schema\/person\/b93e3f8932e3f8da96334607eb6ac6aa"},"headline":"Alternativa por Mondariz p\u00eddelle que siga o exemplo de Covelo, As Neves ou A Ca\u00f1iza","datePublished":"2021-07-07T10:00:17+00:00","mainEntityOfPage":{"@id":"https:\/\/www.anovapeneira.gal\/index.php\/2021\/07\/07\/alternativa-por-mondariz-pidelle-que-siga-o-exemplo-de-covelo-as-neves-ou-a-caniza\/"},"wordCount":325,"commentCount":0,"publisher":{"@id":"https:\/\/www.anovapeneira.gal\/#organization"},"image":{"@id":"https:\/\/www.anovapeneira.gal\/index.php\/2021\/07\/07\/alternativa-por-mondariz-pidelle-que-siga-o-exemplo-de-covelo-as-neves-ou-a-caniza\/#primaryimage"},"thumbnailUrl":"https:\/\/www.anovapeneira.gal\/wp-content\/uploads\/2020\/08\/alternativa_por_mondariz_a_nova_peneira.jpg","keywords":["Concello de Mondariz"],"articleSection":["Condado"],"inLanguage":"gl-ES","potentialAction":[{"@type":"CommentAction","name":"Comment","target":["https:\/\/www.anovapeneira.gal\/index.php\/2021\/07\/07\/alternativa-por-mondariz-pidelle-que-siga-o-exemplo-de-covelo-as-neves-ou-a-caniza\/#respond"]}]},{"@type":"WebPage","@id":"https:\/\/www.anovapeneira.gal\/index.php\/2021\/07\/07\/alternativa-por-mondariz-pidelle-que-siga-o-exemplo-de-covelo-as-neves-ou-a-caniza\/","url":"https:\/\/www.anovapeneira.gal\/index.php\/2021\/07\/07\/alternativa-por-mondariz-pidelle-que-siga-o-exemplo-de-covelo-as-neves-ou-a-caniza\/","name":"Alternativa por Mondariz p\u00eddelle que siga o exemplo de Covelo, As Neves ou A Ca\u00f1iza -","isPartOf":{"@id":"https:\/\/www.anovapeneira.gal\/#website"},"primaryImageOfPage":{"@id":"https:\/\/www.anovapeneira.gal\/index.php\/2021\/07\/07\/alternativa-por-mondariz-pidelle-que-siga-o-exemplo-de-covelo-as-neves-ou-a-caniza\/#primaryimage"},"image":{"@id":"https:\/\/www.anovapeneira.gal\/index.php\/2021\/07\/07\/alternativa-por-mondariz-pidelle-que-siga-o-exemplo-de-covelo-as-neves-ou-a-caniza\/#primaryimage"},"thumbnailUrl":"https:\/\/www.anovapeneira.gal\/wp-content\/uploads\/2020\/08\/alternativa_por_mondariz_a_nova_peneira.jpg","datePublished":"2021-07-07T10:00:17+00:00","description":"Calis prop\u00f3n ao goberno municipal a reapertura da piscina de Mondariz este ver\u00e1n","breadcrumb":{"@id":"https:\/\/www.anovapeneira.gal\/index.php\/2021\/07\/07\/alternativa-por-mondariz-pidelle-que-siga-o-exemplo-de-covelo-as-neves-ou-a-caniza\/#breadcrumb"},"inLanguage":"gl-ES","potentialAction":[{"@type":"ReadAction","target":["https:\/\/www.anovapeneira.gal\/index.php\/2021\/07\/07\/alternativa-por-mondariz-pidelle-que-siga-o-exemplo-de-covelo-as-neves-ou-a-caniza\/"]}]},{"@type":"ImageObject","inLanguage":"gl-ES","@id":"https:\/\/www.anovapeneira.gal\/index.php\/2021\/07\/07\/alternativa-por-mondariz-pidelle-que-siga-o-exemplo-de-covelo-as-neves-ou-a-caniza\/#primaryimage","url":"https:\/\/www.anovapeneira.gal\/wp-content\/uploads\/2020\/08\/alternativa_por_mondariz_a_nova_peneira.jpg","contentUrl":"https:\/\/www.anovapeneira.gal\/wp-content\/uploads\/2020\/08\/alternativa_por_mondariz_a_nova_peneira.jpg","width":720,"height":432,"caption":"Alternativa por Mondariz Orzamentos A Nova Peneira"},{"@type":"BreadcrumbList","@id":"https:\/\/www.anovapeneira.gal\/index.php\/2021\/07\/07\/alternativa-por-mondariz-pidelle-que-siga-o-exemplo-de-covelo-as-neves-ou-a-caniza\/#breadcrumb","itemListElement":[{"@type":"ListItem","position":1,"name":"Portada","item":"https:\/\/www.anovapeneira.gal\/"},{"@type":"ListItem","position":2,"name":"Alternativa por Mondariz p\u00eddelle que siga o exemplo de Covelo, As Neves ou A Ca\u00f1iza"}]},{"@type":"WebSite","@id":"https:\/\/www.anovapeneira.gal\/#website","url":"https:\/\/www.anovapeneira.gal\/","name":"","description":"Xornal galego de informaci\u00f3n xeral Publicaci\u00f3n mensual de novas de Galicia e en especial dos Concellos da sur da provincia de Pontevedra.","publisher":{"@id":"https:\/\/www.anovapeneira.gal\/#organization"},"potentialAction":[{"@type":"SearchAction","target":{"@type":"EntryPoint","urlTemplate":"https:\/\/www.anovapeneira.gal\/?s={search_term_string}"},"query-input":{"@type":"PropertyValueSpecification","valueRequired":true,"valueName":"search_term_string"}}],"inLanguage":"gl-ES"},{"@type":"Organization","@id":"https:\/\/www.anovapeneira.gal\/#organization","name":"A Nova Peneira","url":"https:\/\/www.anovapeneira.gal\/","logo":{"@type":"ImageObject","inLanguage":"gl-ES","@id":"https:\/\/www.anovapeneira.gal\/#\/schema\/logo\/image\/","url":"http:\/\/www.anovapeneira.gal\/wp-content\/uploads\/2019\/06\/logo_a_nova_peneira_portal_web.png","contentUrl":"http:\/\/www.anovapeneira.gal\/wp-content\/uploads\/2019\/06\/logo_a_nova_peneira_portal_web.png","width":300,"height":100,"caption":"A Nova Peneira"},"image":{"@id":"https:\/\/www.anovapeneira.gal\/#\/schema\/logo\/image\/"},"sameAs":["https:\/\/www.facebook.com\/anovapeneira","https:\/\/x.com\/APeneira"]},{"@type":"Person","@id":"https:\/\/www.anovapeneira.gal\/#\/schema\/person\/b93e3f8932e3f8da96334607eb6ac6aa","name":"Redacci\u00f3n A Nova Peneira","image":{"@type":"ImageObject","inLanguage":"gl-ES","@id":"https:\/\/secure.gravatar.com\/avatar\/c052a2551a06e23fac63626232eaa90abd78dbcf1700fc46a2b2c89fd27b735f?s=96&d=mm&r=g","url":"https:\/\/secure.gravatar.com\/avatar\/c052a2551a06e23fac63626232eaa90abd78dbcf1700fc46a2b2c89fd27b735f?s=96&d=mm&r=g","contentUrl":"https:\/\/secure.gravatar.com\/avatar\/c052a2551a06e23fac63626232eaa90abd78dbcf1700fc46a2b2c89fd27b735f?s=96&d=mm&r=g","caption":"Redacci\u00f3n A Nova Peneira"},"sameAs":["http:\/\/www.anovapeneira.gal\/"],"url":"https:\/\/www.anovapeneira.gal\/index.php\/author\/redactor\/"}]}},"jetpack_featured_media_url":"https:\/\/www.anovapeneira.gal\/wp-content\/uploads\/2020\/08\/alternativa_por_mondariz_a_nova_peneira.jpg","_links":{"self":[{"href":"https:\/\/www.anovapeneira.gal\/index.php\/wp-json\/wp\/v2\/posts\/5730","targetHints":{"allow":["GET"]}}],"collection":[{"href":"https:\/\/www.anovapeneira.gal\/index.php\/wp-json\/wp\/v2\/posts"}],"about":[{"href":"https:\/\/www.anovapeneira.gal\/index.php\/wp-json\/wp\/v2\/types\/post"}],"author":[{"embeddable":true,"href":"https:\/\/www.anovapeneira.gal\/index.php\/wp-json\/wp\/v2\/users\/3"}],"replies":[{"embeddable":true,"href":"https:\/\/www.anovapeneira.gal\/index.php\/wp-json\/wp\/v2\/comments?post=5730"}],"version-history":[{"count":1,"href":"https:\/\/www.anovapeneira.gal\/index.php\/wp-json\/wp\/v2\/posts\/5730\/revisions"}],"predecessor-version":[{"id":5731,"href":"https:\/\/www.anovapeneira.gal\/index.php\/wp-json\/wp\/v2\/posts\/5730\/revisions\/5731"}],"wp:featuredmedia":[{"embeddable":true,"href":"https:\/\/www.anovapeneira.gal\/index.php\/wp-json\/wp\/v2\/media\/3672"}],"wp:attachment":[{"href":"https:\/\/www.anovapeneira.gal\/index.php\/wp-json\/wp\/v2\/media?parent=5730"}],"wp:term":[{"taxonomy":"category","embeddable":true,"href":"https:\/\/www.anovapeneira.gal\/index.php\/wp-json\/wp\/v2\/categories?post=5730"},{"taxonomy":"post_tag","embeddable":true,"href":"https:\/\/www.anovapeneira.gal\/index.php\/wp-json\/wp\/v2\/tags?post=5730"}],"curies":[{"name":"wp","href":"https:\/\/api.w.org\/{rel}","templated":true}]}}