{"id":5748,"date":"2021-07-12T12:00:46","date_gmt":"2021-07-12T10:00:46","guid":{"rendered":"https:\/\/www.anovapeneira.gal\/?p=5748"},"modified":"2021-07-08T11:07:15","modified_gmt":"2021-07-08T09:07:15","slug":"manual-para-a-limpeza-ecoloxica-de-praias-aos-concellos-das-rias-baixas","status":"publish","type":"post","link":"https:\/\/www.anovapeneira.gal\/index.php\/2021\/07\/12\/manual-para-a-limpeza-ecoloxica-de-praias-aos-concellos-das-rias-baixas\/","title":{"rendered":"Manual para a limpeza ecol\u00f3xica de praias aos concellos das R\u00edas Baixas"},"content":{"rendered":"\n<ul class=\"wp-block-list\"><li><strong>Ecoloxistas en Acci\u00f3n presenta a todos os concellos das R\u00edas Baixas un<a href=\"https:\/\/www.ecologistasenaccion.org\/wp-content\/uploads\/2021\/06\/manual-recomendacions-limpeza-praia.pdf\" target=\"_blank\" rel=\"noreferrer noopener\">&nbsp;manual de recomendaci\u00f3n para realizar unha limpeza das praias&nbsp;<\/a>de xeito respectuoso co medio ambiente.<\/strong><\/li><li><strong>A organizaci\u00f3n ecoloxistas agarda que os concellos atendan as s\u00faas recomendaci\u00f3ns e deste xeito rematar con pr\u00e1cticas moi agresivas para a biodiversidade dos areais.<\/strong><\/li><\/ul>\n\n\n\n<figure class=\"wp-block-embed is-type-video is-provider-youtube wp-block-embed-youtube wp-embed-aspect-16-9 wp-has-aspect-ratio\"><div class=\"wp-block-embed__wrapper\">\n<iframe loading=\"lazy\" title=\"Manual para a limpeza ecol\u00f3xica de praias\" width=\"500\" height=\"281\" src=\"https:\/\/www.youtube.com\/embed\/DJOX_XXssqA?feature=oembed\" frameborder=\"0\" allow=\"accelerometer; autoplay; clipboard-write; encrypted-media; gyroscope; picture-in-picture; web-share\" referrerpolicy=\"strict-origin-when-cross-origin\" allowfullscreen><\/iframe>\n<\/div><\/figure>\n\n\n\n<p>A sociedade do lecer actual xera unha gran presi\u00f3n sobre os areais, moito m\u00e1is intensiva coa chegada da \u00e9poca estival, cando se esixe por parte dos usuarios en maior medida unha adecuada calidade hixi\u00e9nica da area e da auga de ba\u00f1o. Con todo, esta a limpeza non debe supo\u00f1er un impacto negativo ao ecosistema natural litoral. O uso de maquinaria pesada (pas escavadoras e m\u00e1quinas cribadoras), co fin de realizar unha limpeza exhaustiva, pode provocar unha reduci\u00f3n dos sedimentos e unha alteraci\u00f3n da biodiversidade existente, producindo un impacto m\u00e1is significativo naquelas praias con sistemas dunares.<br><br>As algas e faner\u00f3gamas, que \u00e1s veces son consideradas como sucias e molestas tras ser depositadas polas mareas periodicamente nas praias de Galicia, son en realidade o h\u00e1bitat e o alimento de gran n\u00famero de especies de pequeno tama\u00f1o, cuxa existencia depende totalmente da chegada dos&nbsp; arribazones posto que as praias carecen de vexetaci\u00f3n. Ademais, son a base de todo un sistema e unha pir\u00e1mide tr\u00f3fica que act\u00faan como h\u00e1bitat exclusivo e recurso alimenticio de numerosos invertebrados, tales como crust\u00e1ceos, insectos e outros grupos que non supo\u00f1en ning\u00fan risco para a sa\u00fade humana e cuxo nicho se atopa ligado de forma practicamente exclusiva a estes ac\u00famulos.<br><br>A importancia da presenza destes organismos, non reside tan s\u00f3 en que por si mesmos achegan riqueza e diversidade biol\u00f3xica \u00e1s praias, sen\u00f3n que tam\u00e9n supo\u00f1en a fonte de alimento de distintas aves de enorme interese ecol\u00f3xico, algunhas delas en risco de desaparici\u00f3n en Galicia como o Chorlitejo patinegro (Charadrius alexandrinus).<br><br>A limpeza mecanizada das praias de forma exhaustiva e sen aplicar criterios&nbsp; geomorfol\u00f3gicos e ambientais de xesti\u00f3n non s\u00f3 reduce a biodiversidade costeira, tam\u00e9n altera os perf\u00eds de praia e provoca unha perda de sedimentos. A&nbsp; compactaci\u00f3n producida polo paso continuado da maquinaria pesada favorece a entrada da ondada, incrementando os procesos&nbsp; erosivos. Doutra banda, a limpeza mecanizada desestabiliza o p\u00e9 de noiro de en zonas dunares, coa consecuente eliminaci\u00f3n vexetal, facilitando a acci\u00f3n directa do vento no seu proceso erosivo. Ademais, a retirada de&nbsp; plantones afecta negativamente as dunas embrionarias, xa que estabilizan de forma natural o sedimento.&nbsp;&nbsp;<br><br>A todo isto, \u00fanese a retirada involuntaria dun gran volume de area retida polas algas, que se produce ao recoller estas de forma mec\u00e1nica. Acons\u00e9llase que as algas se retiren de forma manual, pero nunca con medios mec\u00e1nicos xa que arrasan con toda a riqueza que conleva. En caso da total retirada das algas, ser\u00eda acons\u00e9llase depositalas nalg\u00fan lugar outro lugar da mesma praia.<br><br><em>&#8220;O concepto de sucidade non pode asociarse \u00e1 presenza dos&nbsp; ac\u00famulos de algas que cumpren un notable papel ecol\u00f3xico. Tr\u00e1tase de ver as praias como enclaves naturais que te\u00f1en a s\u00faa propia din\u00e1mica biol\u00f3xica, e non como meras extensi\u00f3ns de area case est\u00e9ril.<\/em>&#8221; -resalta Ana Prado, bi\u00f3loga e voceira da \u00e1rea marina de Ecoloxistas en Acci\u00f3n<\/p>\n","protected":false},"excerpt":{"rendered":"<div class=\"mh-excerpt\"><p>A sociedade do lecer actual xera unha gran presi\u00f3n sobre os areais, moito m\u00e1is intensiva coa chegada da \u00e9poca estival, cando se esixe por parte dos usuarios en maior medida unha adecuada calidade hixi\u00e9nica da area e da auga de ba\u00f1o. Con todo, esta a limpeza non debe supo\u00f1er un impacto negativo ao ecosistema natural litoral. <a class=\"mh-excerpt-more\" href=\"https:\/\/www.anovapeneira.gal\/index.php\/2021\/07\/12\/manual-para-a-limpeza-ecoloxica-de-praias-aos-concellos-das-rias-baixas\/\" title=\"Manual para a limpeza ecol\u00f3xica de praias aos concellos das R\u00edas Baixas\">[&#8230;]<\/a><\/p>\n<\/div>","protected":false},"author":3,"featured_media":2572,"comment_status":"open","ping_status":"open","sticky":false,"template":"","format":"standard","meta":{"_exactmetrics_skip_tracking":false,"_exactmetrics_sitenote_active":false,"_exactmetrics_sitenote_note":"","_exactmetrics_sitenote_category":0,"footnotes":""},"categories":[263],"tags":[924],"class_list":{"0":"post-5748","1":"post","2":"type-post","3":"status-publish","4":"format-standard","5":"has-post-thumbnail","7":"category-novas","8":"tag-ecoloxistas-en-accion"},"yoast_head":"<!-- This site is optimized with the Yoast SEO plugin v27.4 - https:\/\/yoast.com\/product\/yoast-seo-wordpress\/ -->\n<title>Manual para a limpeza ecol\u00f3xica de praias aos concellos das R\u00edas Baixas -<\/title>\n<meta name=\"description\" content=\"A sociedade do lecer actual xera unha gran presi\u00f3n sobre os areais, moito m\u00e1is intensiva coa chegada da \u00e9poca estival, cando se esixe por parte dos usuarios en maior medida unha adecuada calidade hixi\u00e9nica da area e da auga de ba\u00f1o. Con todo, esta a limpeza non debe supo\u00f1er un impacto negativo ao ecosistema natural litoral.\" \/>\n<meta name=\"robots\" content=\"index, follow, max-snippet:-1, max-image-preview:large, max-video-preview:-1\" \/>\n<link rel=\"canonical\" href=\"https:\/\/www.anovapeneira.gal\/index.php\/2021\/07\/12\/manual-para-a-limpeza-ecoloxica-de-praias-aos-concellos-das-rias-baixas\/\" \/>\n<meta property=\"og:locale\" content=\"gl_ES\" \/>\n<meta property=\"og:type\" content=\"article\" \/>\n<meta property=\"og:title\" content=\"Manual para a limpeza ecol\u00f3xica de praias aos concellos das R\u00edas Baixas -\" \/>\n<meta property=\"og:description\" content=\"A sociedade do lecer actual xera unha gran presi\u00f3n sobre os areais, moito m\u00e1is intensiva coa chegada da \u00e9poca estival, cando se esixe por parte dos usuarios en maior medida unha adecuada calidade hixi\u00e9nica da area e da auga de ba\u00f1o. Con todo, esta a limpeza non debe supo\u00f1er un impacto negativo ao ecosistema natural litoral.\" \/>\n<meta property=\"og:url\" content=\"https:\/\/www.anovapeneira.gal\/index.php\/2021\/07\/12\/manual-para-a-limpeza-ecoloxica-de-praias-aos-concellos-das-rias-baixas\/\" \/>\n<meta property=\"article:publisher\" content=\"https:\/\/www.facebook.com\/anovapeneira\" \/>\n<meta property=\"article:published_time\" content=\"2021-07-12T10:00:46+00:00\" \/>\n<meta property=\"og:image\" content=\"https:\/\/www.anovapeneira.gal\/wp-content\/uploads\/2020\/02\/ecoloxitas_en_accion.png\" \/>\n\t<meta property=\"og:image:width\" content=\"720\" \/>\n\t<meta property=\"og:image:height\" content=\"432\" \/>\n\t<meta property=\"og:image:type\" content=\"image\/png\" \/>\n<meta name=\"author\" content=\"Redacci\u00f3n A Nova Peneira\" \/>\n<meta name=\"twitter:card\" content=\"summary_large_image\" \/>\n<meta name=\"twitter:creator\" content=\"@APeneira\" \/>\n<meta name=\"twitter:site\" content=\"@APeneira\" \/>\n<meta name=\"twitter:label1\" content=\"Escrito por\" \/>\n\t<meta name=\"twitter:data1\" content=\"Redacci\u00f3n A Nova Peneira\" \/>\n\t<meta name=\"twitter:label2\" content=\"Tempo de lectura\" \/>\n\t<meta name=\"twitter:data2\" content=\"3 minutos\" \/>\n<script type=\"application\/ld+json\" class=\"yoast-schema-graph\">{\"@context\":\"https:\\\/\\\/schema.org\",\"@graph\":[{\"@type\":\"Article\",\"@id\":\"https:\\\/\\\/www.anovapeneira.gal\\\/index.php\\\/2021\\\/07\\\/12\\\/manual-para-a-limpeza-ecoloxica-de-praias-aos-concellos-das-rias-baixas\\\/#article\",\"isPartOf\":{\"@id\":\"https:\\\/\\\/www.anovapeneira.gal\\\/index.php\\\/2021\\\/07\\\/12\\\/manual-para-a-limpeza-ecoloxica-de-praias-aos-concellos-das-rias-baixas\\\/\"},\"author\":{\"name\":\"Redacci\u00f3n A Nova Peneira\",\"@id\":\"https:\\\/\\\/www.anovapeneira.gal\\\/#\\\/schema\\\/person\\\/b93e3f8932e3f8da96334607eb6ac6aa\"},\"headline\":\"Manual para a limpeza ecol\u00f3xica de praias aos concellos das R\u00edas Baixas\",\"datePublished\":\"2021-07-12T10:00:46+00:00\",\"mainEntityOfPage\":{\"@id\":\"https:\\\/\\\/www.anovapeneira.gal\\\/index.php\\\/2021\\\/07\\\/12\\\/manual-para-a-limpeza-ecoloxica-de-praias-aos-concellos-das-rias-baixas\\\/\"},\"wordCount\":610,\"commentCount\":0,\"publisher\":{\"@id\":\"https:\\\/\\\/www.anovapeneira.gal\\\/#organization\"},\"image\":{\"@id\":\"https:\\\/\\\/www.anovapeneira.gal\\\/index.php\\\/2021\\\/07\\\/12\\\/manual-para-a-limpeza-ecoloxica-de-praias-aos-concellos-das-rias-baixas\\\/#primaryimage\"},\"thumbnailUrl\":\"https:\\\/\\\/www.anovapeneira.gal\\\/wp-content\\\/uploads\\\/2020\\\/02\\\/ecoloxitas_en_accion.png\",\"keywords\":[\"Ecoloxistas en Acci\u00f3n\"],\"articleSection\":[\"Novas\"],\"inLanguage\":\"gl-ES\",\"potentialAction\":[{\"@type\":\"CommentAction\",\"name\":\"Comment\",\"target\":[\"https:\\\/\\\/www.anovapeneira.gal\\\/index.php\\\/2021\\\/07\\\/12\\\/manual-para-a-limpeza-ecoloxica-de-praias-aos-concellos-das-rias-baixas\\\/#respond\"]}]},{\"@type\":\"WebPage\",\"@id\":\"https:\\\/\\\/www.anovapeneira.gal\\\/index.php\\\/2021\\\/07\\\/12\\\/manual-para-a-limpeza-ecoloxica-de-praias-aos-concellos-das-rias-baixas\\\/\",\"url\":\"https:\\\/\\\/www.anovapeneira.gal\\\/index.php\\\/2021\\\/07\\\/12\\\/manual-para-a-limpeza-ecoloxica-de-praias-aos-concellos-das-rias-baixas\\\/\",\"name\":\"Manual para a limpeza ecol\u00f3xica de praias aos concellos das R\u00edas Baixas -\",\"isPartOf\":{\"@id\":\"https:\\\/\\\/www.anovapeneira.gal\\\/#website\"},\"primaryImageOfPage\":{\"@id\":\"https:\\\/\\\/www.anovapeneira.gal\\\/index.php\\\/2021\\\/07\\\/12\\\/manual-para-a-limpeza-ecoloxica-de-praias-aos-concellos-das-rias-baixas\\\/#primaryimage\"},\"image\":{\"@id\":\"https:\\\/\\\/www.anovapeneira.gal\\\/index.php\\\/2021\\\/07\\\/12\\\/manual-para-a-limpeza-ecoloxica-de-praias-aos-concellos-das-rias-baixas\\\/#primaryimage\"},\"thumbnailUrl\":\"https:\\\/\\\/www.anovapeneira.gal\\\/wp-content\\\/uploads\\\/2020\\\/02\\\/ecoloxitas_en_accion.png\",\"datePublished\":\"2021-07-12T10:00:46+00:00\",\"description\":\"A sociedade do lecer actual xera unha gran presi\u00f3n sobre os areais, moito m\u00e1is intensiva coa chegada da \u00e9poca estival, cando se esixe por parte dos usuarios en maior medida unha adecuada calidade hixi\u00e9nica da area e da auga de ba\u00f1o. Con todo, esta a limpeza non debe supo\u00f1er un impacto negativo ao ecosistema natural litoral.\",\"breadcrumb\":{\"@id\":\"https:\\\/\\\/www.anovapeneira.gal\\\/index.php\\\/2021\\\/07\\\/12\\\/manual-para-a-limpeza-ecoloxica-de-praias-aos-concellos-das-rias-baixas\\\/#breadcrumb\"},\"inLanguage\":\"gl-ES\",\"potentialAction\":[{\"@type\":\"ReadAction\",\"target\":[\"https:\\\/\\\/www.anovapeneira.gal\\\/index.php\\\/2021\\\/07\\\/12\\\/manual-para-a-limpeza-ecoloxica-de-praias-aos-concellos-das-rias-baixas\\\/\"]}]},{\"@type\":\"ImageObject\",\"inLanguage\":\"gl-ES\",\"@id\":\"https:\\\/\\\/www.anovapeneira.gal\\\/index.php\\\/2021\\\/07\\\/12\\\/manual-para-a-limpeza-ecoloxica-de-praias-aos-concellos-das-rias-baixas\\\/#primaryimage\",\"url\":\"https:\\\/\\\/www.anovapeneira.gal\\\/wp-content\\\/uploads\\\/2020\\\/02\\\/ecoloxitas_en_accion.png\",\"contentUrl\":\"https:\\\/\\\/www.anovapeneira.gal\\\/wp-content\\\/uploads\\\/2020\\\/02\\\/ecoloxitas_en_accion.png\",\"width\":720,\"height\":432,\"caption\":\"Ecoloxistas en acci\u00f3n Galiza\"},{\"@type\":\"BreadcrumbList\",\"@id\":\"https:\\\/\\\/www.anovapeneira.gal\\\/index.php\\\/2021\\\/07\\\/12\\\/manual-para-a-limpeza-ecoloxica-de-praias-aos-concellos-das-rias-baixas\\\/#breadcrumb\",\"itemListElement\":[{\"@type\":\"ListItem\",\"position\":1,\"name\":\"Portada\",\"item\":\"https:\\\/\\\/www.anovapeneira.gal\\\/\"},{\"@type\":\"ListItem\",\"position\":2,\"name\":\"Manual para a limpeza ecol\u00f3xica de praias aos concellos das R\u00edas Baixas\"}]},{\"@type\":\"WebSite\",\"@id\":\"https:\\\/\\\/www.anovapeneira.gal\\\/#website\",\"url\":\"https:\\\/\\\/www.anovapeneira.gal\\\/\",\"name\":\"\",\"description\":\"Xornal galego de informaci\u00f3n xeral Publicaci\u00f3n mensual de novas de Galicia e en especial dos Concellos da sur da provincia de Pontevedra.\",\"publisher\":{\"@id\":\"https:\\\/\\\/www.anovapeneira.gal\\\/#organization\"},\"potentialAction\":[{\"@type\":\"SearchAction\",\"target\":{\"@type\":\"EntryPoint\",\"urlTemplate\":\"https:\\\/\\\/www.anovapeneira.gal\\\/?s={search_term_string}\"},\"query-input\":{\"@type\":\"PropertyValueSpecification\",\"valueRequired\":true,\"valueName\":\"search_term_string\"}}],\"inLanguage\":\"gl-ES\"},{\"@type\":\"Organization\",\"@id\":\"https:\\\/\\\/www.anovapeneira.gal\\\/#organization\",\"name\":\"A Nova Peneira\",\"url\":\"https:\\\/\\\/www.anovapeneira.gal\\\/\",\"logo\":{\"@type\":\"ImageObject\",\"inLanguage\":\"gl-ES\",\"@id\":\"https:\\\/\\\/www.anovapeneira.gal\\\/#\\\/schema\\\/logo\\\/image\\\/\",\"url\":\"http:\\\/\\\/www.anovapeneira.gal\\\/wp-content\\\/uploads\\\/2019\\\/06\\\/logo_a_nova_peneira_portal_web.png\",\"contentUrl\":\"http:\\\/\\\/www.anovapeneira.gal\\\/wp-content\\\/uploads\\\/2019\\\/06\\\/logo_a_nova_peneira_portal_web.png\",\"width\":300,\"height\":100,\"caption\":\"A Nova Peneira\"},\"image\":{\"@id\":\"https:\\\/\\\/www.anovapeneira.gal\\\/#\\\/schema\\\/logo\\\/image\\\/\"},\"sameAs\":[\"https:\\\/\\\/www.facebook.com\\\/anovapeneira\",\"https:\\\/\\\/x.com\\\/APeneira\"]},{\"@type\":\"Person\",\"@id\":\"https:\\\/\\\/www.anovapeneira.gal\\\/#\\\/schema\\\/person\\\/b93e3f8932e3f8da96334607eb6ac6aa\",\"name\":\"Redacci\u00f3n A Nova Peneira\",\"image\":{\"@type\":\"ImageObject\",\"inLanguage\":\"gl-ES\",\"@id\":\"https:\\\/\\\/secure.gravatar.com\\\/avatar\\\/c052a2551a06e23fac63626232eaa90abd78dbcf1700fc46a2b2c89fd27b735f?s=96&d=mm&r=g\",\"url\":\"https:\\\/\\\/secure.gravatar.com\\\/avatar\\\/c052a2551a06e23fac63626232eaa90abd78dbcf1700fc46a2b2c89fd27b735f?s=96&d=mm&r=g\",\"contentUrl\":\"https:\\\/\\\/secure.gravatar.com\\\/avatar\\\/c052a2551a06e23fac63626232eaa90abd78dbcf1700fc46a2b2c89fd27b735f?s=96&d=mm&r=g\",\"caption\":\"Redacci\u00f3n A Nova Peneira\"},\"sameAs\":[\"http:\\\/\\\/www.anovapeneira.gal\\\/\"],\"url\":\"https:\\\/\\\/www.anovapeneira.gal\\\/index.php\\\/author\\\/redactor\\\/\"}]}<\/script>\n<!-- \/ Yoast SEO plugin. -->","yoast_head_json":{"title":"Manual para a limpeza ecol\u00f3xica de praias aos concellos das R\u00edas Baixas -","description":"A sociedade do lecer actual xera unha gran presi\u00f3n sobre os areais, moito m\u00e1is intensiva coa chegada da \u00e9poca estival, cando se esixe por parte dos usuarios en maior medida unha adecuada calidade hixi\u00e9nica da area e da auga de ba\u00f1o. Con todo, esta a limpeza non debe supo\u00f1er un impacto negativo ao ecosistema natural litoral.","robots":{"index":"index","follow":"follow","max-snippet":"max-snippet:-1","max-image-preview":"max-image-preview:large","max-video-preview":"max-video-preview:-1"},"canonical":"https:\/\/www.anovapeneira.gal\/index.php\/2021\/07\/12\/manual-para-a-limpeza-ecoloxica-de-praias-aos-concellos-das-rias-baixas\/","og_locale":"gl_ES","og_type":"article","og_title":"Manual para a limpeza ecol\u00f3xica de praias aos concellos das R\u00edas Baixas -","og_description":"A sociedade do lecer actual xera unha gran presi\u00f3n sobre os areais, moito m\u00e1is intensiva coa chegada da \u00e9poca estival, cando se esixe por parte dos usuarios en maior medida unha adecuada calidade hixi\u00e9nica da area e da auga de ba\u00f1o. Con todo, esta a limpeza non debe supo\u00f1er un impacto negativo ao ecosistema natural litoral.","og_url":"https:\/\/www.anovapeneira.gal\/index.php\/2021\/07\/12\/manual-para-a-limpeza-ecoloxica-de-praias-aos-concellos-das-rias-baixas\/","article_publisher":"https:\/\/www.facebook.com\/anovapeneira","article_published_time":"2021-07-12T10:00:46+00:00","og_image":[{"width":720,"height":432,"url":"https:\/\/www.anovapeneira.gal\/wp-content\/uploads\/2020\/02\/ecoloxitas_en_accion.png","type":"image\/png"}],"author":"Redacci\u00f3n A Nova Peneira","twitter_card":"summary_large_image","twitter_creator":"@APeneira","twitter_site":"@APeneira","twitter_misc":{"Escrito por":"Redacci\u00f3n A Nova Peneira","Tempo de lectura":"3 minutos"},"schema":{"@context":"https:\/\/schema.org","@graph":[{"@type":"Article","@id":"https:\/\/www.anovapeneira.gal\/index.php\/2021\/07\/12\/manual-para-a-limpeza-ecoloxica-de-praias-aos-concellos-das-rias-baixas\/#article","isPartOf":{"@id":"https:\/\/www.anovapeneira.gal\/index.php\/2021\/07\/12\/manual-para-a-limpeza-ecoloxica-de-praias-aos-concellos-das-rias-baixas\/"},"author":{"name":"Redacci\u00f3n A Nova Peneira","@id":"https:\/\/www.anovapeneira.gal\/#\/schema\/person\/b93e3f8932e3f8da96334607eb6ac6aa"},"headline":"Manual para a limpeza ecol\u00f3xica de praias aos concellos das R\u00edas Baixas","datePublished":"2021-07-12T10:00:46+00:00","mainEntityOfPage":{"@id":"https:\/\/www.anovapeneira.gal\/index.php\/2021\/07\/12\/manual-para-a-limpeza-ecoloxica-de-praias-aos-concellos-das-rias-baixas\/"},"wordCount":610,"commentCount":0,"publisher":{"@id":"https:\/\/www.anovapeneira.gal\/#organization"},"image":{"@id":"https:\/\/www.anovapeneira.gal\/index.php\/2021\/07\/12\/manual-para-a-limpeza-ecoloxica-de-praias-aos-concellos-das-rias-baixas\/#primaryimage"},"thumbnailUrl":"https:\/\/www.anovapeneira.gal\/wp-content\/uploads\/2020\/02\/ecoloxitas_en_accion.png","keywords":["Ecoloxistas en Acci\u00f3n"],"articleSection":["Novas"],"inLanguage":"gl-ES","potentialAction":[{"@type":"CommentAction","name":"Comment","target":["https:\/\/www.anovapeneira.gal\/index.php\/2021\/07\/12\/manual-para-a-limpeza-ecoloxica-de-praias-aos-concellos-das-rias-baixas\/#respond"]}]},{"@type":"WebPage","@id":"https:\/\/www.anovapeneira.gal\/index.php\/2021\/07\/12\/manual-para-a-limpeza-ecoloxica-de-praias-aos-concellos-das-rias-baixas\/","url":"https:\/\/www.anovapeneira.gal\/index.php\/2021\/07\/12\/manual-para-a-limpeza-ecoloxica-de-praias-aos-concellos-das-rias-baixas\/","name":"Manual para a limpeza ecol\u00f3xica de praias aos concellos das R\u00edas Baixas -","isPartOf":{"@id":"https:\/\/www.anovapeneira.gal\/#website"},"primaryImageOfPage":{"@id":"https:\/\/www.anovapeneira.gal\/index.php\/2021\/07\/12\/manual-para-a-limpeza-ecoloxica-de-praias-aos-concellos-das-rias-baixas\/#primaryimage"},"image":{"@id":"https:\/\/www.anovapeneira.gal\/index.php\/2021\/07\/12\/manual-para-a-limpeza-ecoloxica-de-praias-aos-concellos-das-rias-baixas\/#primaryimage"},"thumbnailUrl":"https:\/\/www.anovapeneira.gal\/wp-content\/uploads\/2020\/02\/ecoloxitas_en_accion.png","datePublished":"2021-07-12T10:00:46+00:00","description":"A sociedade do lecer actual xera unha gran presi\u00f3n sobre os areais, moito m\u00e1is intensiva coa chegada da \u00e9poca estival, cando se esixe por parte dos usuarios en maior medida unha adecuada calidade hixi\u00e9nica da area e da auga de ba\u00f1o. Con todo, esta a limpeza non debe supo\u00f1er un impacto negativo ao ecosistema natural litoral.","breadcrumb":{"@id":"https:\/\/www.anovapeneira.gal\/index.php\/2021\/07\/12\/manual-para-a-limpeza-ecoloxica-de-praias-aos-concellos-das-rias-baixas\/#breadcrumb"},"inLanguage":"gl-ES","potentialAction":[{"@type":"ReadAction","target":["https:\/\/www.anovapeneira.gal\/index.php\/2021\/07\/12\/manual-para-a-limpeza-ecoloxica-de-praias-aos-concellos-das-rias-baixas\/"]}]},{"@type":"ImageObject","inLanguage":"gl-ES","@id":"https:\/\/www.anovapeneira.gal\/index.php\/2021\/07\/12\/manual-para-a-limpeza-ecoloxica-de-praias-aos-concellos-das-rias-baixas\/#primaryimage","url":"https:\/\/www.anovapeneira.gal\/wp-content\/uploads\/2020\/02\/ecoloxitas_en_accion.png","contentUrl":"https:\/\/www.anovapeneira.gal\/wp-content\/uploads\/2020\/02\/ecoloxitas_en_accion.png","width":720,"height":432,"caption":"Ecoloxistas en acci\u00f3n Galiza"},{"@type":"BreadcrumbList","@id":"https:\/\/www.anovapeneira.gal\/index.php\/2021\/07\/12\/manual-para-a-limpeza-ecoloxica-de-praias-aos-concellos-das-rias-baixas\/#breadcrumb","itemListElement":[{"@type":"ListItem","position":1,"name":"Portada","item":"https:\/\/www.anovapeneira.gal\/"},{"@type":"ListItem","position":2,"name":"Manual para a limpeza ecol\u00f3xica de praias aos concellos das R\u00edas Baixas"}]},{"@type":"WebSite","@id":"https:\/\/www.anovapeneira.gal\/#website","url":"https:\/\/www.anovapeneira.gal\/","name":"","description":"Xornal galego de informaci\u00f3n xeral Publicaci\u00f3n mensual de novas de Galicia e en especial dos Concellos da sur da provincia de Pontevedra.","publisher":{"@id":"https:\/\/www.anovapeneira.gal\/#organization"},"potentialAction":[{"@type":"SearchAction","target":{"@type":"EntryPoint","urlTemplate":"https:\/\/www.anovapeneira.gal\/?s={search_term_string}"},"query-input":{"@type":"PropertyValueSpecification","valueRequired":true,"valueName":"search_term_string"}}],"inLanguage":"gl-ES"},{"@type":"Organization","@id":"https:\/\/www.anovapeneira.gal\/#organization","name":"A Nova Peneira","url":"https:\/\/www.anovapeneira.gal\/","logo":{"@type":"ImageObject","inLanguage":"gl-ES","@id":"https:\/\/www.anovapeneira.gal\/#\/schema\/logo\/image\/","url":"http:\/\/www.anovapeneira.gal\/wp-content\/uploads\/2019\/06\/logo_a_nova_peneira_portal_web.png","contentUrl":"http:\/\/www.anovapeneira.gal\/wp-content\/uploads\/2019\/06\/logo_a_nova_peneira_portal_web.png","width":300,"height":100,"caption":"A Nova Peneira"},"image":{"@id":"https:\/\/www.anovapeneira.gal\/#\/schema\/logo\/image\/"},"sameAs":["https:\/\/www.facebook.com\/anovapeneira","https:\/\/x.com\/APeneira"]},{"@type":"Person","@id":"https:\/\/www.anovapeneira.gal\/#\/schema\/person\/b93e3f8932e3f8da96334607eb6ac6aa","name":"Redacci\u00f3n A Nova Peneira","image":{"@type":"ImageObject","inLanguage":"gl-ES","@id":"https:\/\/secure.gravatar.com\/avatar\/c052a2551a06e23fac63626232eaa90abd78dbcf1700fc46a2b2c89fd27b735f?s=96&d=mm&r=g","url":"https:\/\/secure.gravatar.com\/avatar\/c052a2551a06e23fac63626232eaa90abd78dbcf1700fc46a2b2c89fd27b735f?s=96&d=mm&r=g","contentUrl":"https:\/\/secure.gravatar.com\/avatar\/c052a2551a06e23fac63626232eaa90abd78dbcf1700fc46a2b2c89fd27b735f?s=96&d=mm&r=g","caption":"Redacci\u00f3n A Nova Peneira"},"sameAs":["http:\/\/www.anovapeneira.gal\/"],"url":"https:\/\/www.anovapeneira.gal\/index.php\/author\/redactor\/"}]}},"jetpack_featured_media_url":"https:\/\/www.anovapeneira.gal\/wp-content\/uploads\/2020\/02\/ecoloxitas_en_accion.png","_links":{"self":[{"href":"https:\/\/www.anovapeneira.gal\/index.php\/wp-json\/wp\/v2\/posts\/5748","targetHints":{"allow":["GET"]}}],"collection":[{"href":"https:\/\/www.anovapeneira.gal\/index.php\/wp-json\/wp\/v2\/posts"}],"about":[{"href":"https:\/\/www.anovapeneira.gal\/index.php\/wp-json\/wp\/v2\/types\/post"}],"author":[{"embeddable":true,"href":"https:\/\/www.anovapeneira.gal\/index.php\/wp-json\/wp\/v2\/users\/3"}],"replies":[{"embeddable":true,"href":"https:\/\/www.anovapeneira.gal\/index.php\/wp-json\/wp\/v2\/comments?post=5748"}],"version-history":[{"count":2,"href":"https:\/\/www.anovapeneira.gal\/index.php\/wp-json\/wp\/v2\/posts\/5748\/revisions"}],"predecessor-version":[{"id":5750,"href":"https:\/\/www.anovapeneira.gal\/index.php\/wp-json\/wp\/v2\/posts\/5748\/revisions\/5750"}],"wp:featuredmedia":[{"embeddable":true,"href":"https:\/\/www.anovapeneira.gal\/index.php\/wp-json\/wp\/v2\/media\/2572"}],"wp:attachment":[{"href":"https:\/\/www.anovapeneira.gal\/index.php\/wp-json\/wp\/v2\/media?parent=5748"}],"wp:term":[{"taxonomy":"category","embeddable":true,"href":"https:\/\/www.anovapeneira.gal\/index.php\/wp-json\/wp\/v2\/categories?post=5748"},{"taxonomy":"post_tag","embeddable":true,"href":"https:\/\/www.anovapeneira.gal\/index.php\/wp-json\/wp\/v2\/tags?post=5748"}],"curies":[{"name":"wp","href":"https:\/\/api.w.org\/{rel}","templated":true}]}}