{"id":5751,"date":"2021-07-13T10:00:00","date_gmt":"2021-07-13T08:00:00","guid":{"rendered":"https:\/\/www.anovapeneira.gal\/?p=5751"},"modified":"2021-07-13T09:44:37","modified_gmt":"2021-07-13T07:44:37","slug":"nidia-arevalo-pide-informes-favorables-para-os-campos-do-celta-entre-amigos-politicos","status":"publish","type":"post","link":"https:\/\/www.anovapeneira.gal\/index.php\/2021\/07\/13\/nidia-arevalo-pide-informes-favorables-para-os-campos-do-celta-entre-amigos-politicos\/","title":{"rendered":"Nidia Arevalo pide informes favorables para os campos do Celta entre \u201camigos pol\u00edticos\u201d"},"content":{"rendered":"\n<p>Tras facerse p\u00fablica a sentenza na que unha maxistrada valora como anulables e revisables \u00e1mbalas licencias outorgadas o Celta, para a construci\u00f3n dos vestiarios e dun campo de f\u00fatbol dobre, a decisi\u00f3n tomada polo Partido Popular dende o Concello de Mos foi presentar un recurso e solicitar informes que avaliasen o proxecto como positivo e favorable, as\u00ed denuncia o Partido Socialista de Mos.<\/p>\n\n\n\n<p>Un deses informes foi solicitado a Federaci\u00f3n Galega de F\u00fatbol, actualmente presidida por Rafael Louz\u00e1n dende que xa non \u00e9 presidente da Deputaci\u00f3n de Pontevedra. Dende a bancada socialista din que esta \u00e9 unha manobra de distracci\u00f3n xa que este informe non infl\u00fae a hora de outorga a licenza nin a hora de defender a legalidade dos procedementos levados a cabo. Este informe lim\u00edtase a dicir que realiz\u00e1ronse obras que son imprescindibles para un clube da categor\u00eda do Celta.<\/p>\n\n\n\n<p>Os socialistas queren resaltar, que dita Federaci\u00f3n a\u00ednda segue presidida por un cargo do Partido Popular condenado a 2 anos de c\u00e1rcere por outorgar unha subvenci\u00f3n para unhas obras nun campo de f\u00fatbol que xa estaban realizadas. Considerando que despois de quedar demostrada a mala xesti\u00f3n e ilegalidades do expresidente da Deputaci\u00f3n en temas deportivos, non est\u00e1 moralmente capacitado para outorgar informes favorables nunha cuesti\u00f3n tan delicada coma a que se est\u00e1 a tratar.<\/p>\n\n\n\n<p>A voceira socialista, Victoria Alonso, repr\u00f3challe a alcaldesa unha actitude de desesperaci\u00f3n que a leva a botar man de compa\u00f1eiros de partido vinculados a ilegalidades relacionadas con campos de f\u00fatbol para que avalen o seu pelotazo urban\u00edstico. Engade que Rafael Louz\u00e1n ademais de que non deber\u00eda seguir ao fronte de ning\u00fan cargo p\u00fablico, tampouco \u00e9 a persoa m\u00e1is indicada para emitir dende a s\u00faa federaci\u00f3n informes favorables en cuesti\u00f3n de campos de f\u00fatbol. Finaliza dicindo que cada d\u00eda queda m\u00e1is constatado que o Partido Popular e a actual rexedora te\u00f1en menos tino a hora de escoller as amizades, xa que contin\u00faan relacion\u00e1ndose con cargos condenados e empresarios especuladores no canto de velar polo municipio.<\/p>\n","protected":false},"excerpt":{"rendered":"<div class=\"mh-excerpt\"><p>Tras facerse p\u00fablica a sentenza na que unha maxistrada valora como anulables e revisables \u00e1mbalas licencias outorgadas o Celta, para a construci\u00f3n dos vestiarios e dun campo de f\u00fatbol dobre, a decisi\u00f3n tomada polo Partido Popular dende o Concello de Mos foi presentar un recurso e solicitar informes que avaliasen o proxecto como positivo e favorable, as\u00ed denuncia o Partido Socialista de Mos <a class=\"mh-excerpt-more\" href=\"https:\/\/www.anovapeneira.gal\/index.php\/2021\/07\/13\/nidia-arevalo-pide-informes-favorables-para-os-campos-do-celta-entre-amigos-politicos\/\" title=\"Nidia Arevalo pide informes favorables para os campos do Celta entre \u201camigos pol\u00edticos\u201d\">[&#8230;]<\/a><\/p>\n<\/div>","protected":false},"author":3,"featured_media":5753,"comment_status":"open","ping_status":"open","sticky":false,"template":"","format":"standard","meta":{"_exactmetrics_skip_tracking":false,"_exactmetrics_sitenote_active":false,"_exactmetrics_sitenote_note":"","_exactmetrics_sitenote_category":0,"footnotes":""},"categories":[23],"tags":[218],"class_list":{"0":"post-5751","1":"post","2":"type-post","3":"status-publish","4":"format-standard","5":"has-post-thumbnail","7":"category-a-lourina","8":"tag-concello-de-mos"},"yoast_head":"<!-- This site is optimized with the Yoast SEO plugin v27.4 - https:\/\/yoast.com\/product\/yoast-seo-wordpress\/ -->\n<title>Nidia Arevalo pide informes favorables para os campos do Celta entre \u201camigos pol\u00edticos\u201d -<\/title>\n<meta name=\"description\" content=\"Tras facerse p\u00fablica a sentenza na que unha maxistrada valora como anulables e revisables \u00e1mbalas licencias outorgadas o Celta, para a construci\u00f3n dos vestiarios e dun campo de f\u00fatbol dobre, a decisi\u00f3n tomada polo Partido Popular dende o Concello de Mos foi presentar un recurso e solicitar informes que avaliasen o proxecto como positivo e favorable, as\u00ed denuncia o Partido Socialista de Mos\" \/>\n<meta name=\"robots\" content=\"index, follow, max-snippet:-1, max-image-preview:large, max-video-preview:-1\" \/>\n<link rel=\"canonical\" href=\"https:\/\/www.anovapeneira.gal\/index.php\/2021\/07\/13\/nidia-arevalo-pide-informes-favorables-para-os-campos-do-celta-entre-amigos-politicos\/\" \/>\n<meta property=\"og:locale\" content=\"gl_ES\" \/>\n<meta property=\"og:type\" content=\"article\" \/>\n<meta property=\"og:title\" content=\"Nidia Arevalo pide informes favorables para os campos do Celta entre \u201camigos pol\u00edticos\u201d -\" \/>\n<meta property=\"og:description\" content=\"Tras facerse p\u00fablica a sentenza na que unha maxistrada valora como anulables e revisables \u00e1mbalas licencias outorgadas o Celta, para a construci\u00f3n dos vestiarios e dun campo de f\u00fatbol dobre, a decisi\u00f3n tomada polo Partido Popular dende o Concello de Mos foi presentar un recurso e solicitar informes que avaliasen o proxecto como positivo e favorable, as\u00ed denuncia o Partido Socialista de Mos\" \/>\n<meta property=\"og:url\" content=\"https:\/\/www.anovapeneira.gal\/index.php\/2021\/07\/13\/nidia-arevalo-pide-informes-favorables-para-os-campos-do-celta-entre-amigos-politicos\/\" \/>\n<meta property=\"article:publisher\" content=\"https:\/\/www.facebook.com\/anovapeneira\" \/>\n<meta property=\"article:published_time\" content=\"2021-07-13T08:00:00+00:00\" \/>\n<meta property=\"og:image\" content=\"https:\/\/www.anovapeneira.gal\/wp-content\/uploads\/2021\/07\/Nidia_Rafa_pp.jpg\" \/>\n\t<meta property=\"og:image:width\" content=\"720\" \/>\n\t<meta property=\"og:image:height\" content=\"432\" \/>\n\t<meta property=\"og:image:type\" content=\"image\/jpeg\" \/>\n<meta name=\"author\" content=\"Redacci\u00f3n A Nova Peneira\" \/>\n<meta name=\"twitter:card\" content=\"summary_large_image\" \/>\n<meta name=\"twitter:creator\" content=\"@APeneira\" \/>\n<meta name=\"twitter:site\" content=\"@APeneira\" \/>\n<meta name=\"twitter:label1\" content=\"Escrito por\" \/>\n\t<meta name=\"twitter:data1\" content=\"Redacci\u00f3n A Nova Peneira\" \/>\n\t<meta name=\"twitter:label2\" content=\"Tempo de lectura\" \/>\n\t<meta name=\"twitter:data2\" content=\"2 minutos\" \/>\n<script type=\"application\/ld+json\" class=\"yoast-schema-graph\">{\"@context\":\"https:\\\/\\\/schema.org\",\"@graph\":[{\"@type\":\"Article\",\"@id\":\"https:\\\/\\\/www.anovapeneira.gal\\\/index.php\\\/2021\\\/07\\\/13\\\/nidia-arevalo-pide-informes-favorables-para-os-campos-do-celta-entre-amigos-politicos\\\/#article\",\"isPartOf\":{\"@id\":\"https:\\\/\\\/www.anovapeneira.gal\\\/index.php\\\/2021\\\/07\\\/13\\\/nidia-arevalo-pide-informes-favorables-para-os-campos-do-celta-entre-amigos-politicos\\\/\"},\"author\":{\"name\":\"Redacci\u00f3n A Nova Peneira\",\"@id\":\"https:\\\/\\\/www.anovapeneira.gal\\\/#\\\/schema\\\/person\\\/b93e3f8932e3f8da96334607eb6ac6aa\"},\"headline\":\"Nidia Arevalo pide informes favorables para os campos do Celta entre \u201camigos pol\u00edticos\u201d\",\"datePublished\":\"2021-07-13T08:00:00+00:00\",\"mainEntityOfPage\":{\"@id\":\"https:\\\/\\\/www.anovapeneira.gal\\\/index.php\\\/2021\\\/07\\\/13\\\/nidia-arevalo-pide-informes-favorables-para-os-campos-do-celta-entre-amigos-politicos\\\/\"},\"wordCount\":380,\"commentCount\":0,\"publisher\":{\"@id\":\"https:\\\/\\\/www.anovapeneira.gal\\\/#organization\"},\"image\":{\"@id\":\"https:\\\/\\\/www.anovapeneira.gal\\\/index.php\\\/2021\\\/07\\\/13\\\/nidia-arevalo-pide-informes-favorables-para-os-campos-do-celta-entre-amigos-politicos\\\/#primaryimage\"},\"thumbnailUrl\":\"https:\\\/\\\/www.anovapeneira.gal\\\/wp-content\\\/uploads\\\/2021\\\/07\\\/Nidia_Rafa_pp.jpg\",\"keywords\":[\"Concello de Mos\"],\"articleSection\":[\"A Louri\u00f1a\"],\"inLanguage\":\"gl-ES\",\"potentialAction\":[{\"@type\":\"CommentAction\",\"name\":\"Comment\",\"target\":[\"https:\\\/\\\/www.anovapeneira.gal\\\/index.php\\\/2021\\\/07\\\/13\\\/nidia-arevalo-pide-informes-favorables-para-os-campos-do-celta-entre-amigos-politicos\\\/#respond\"]}]},{\"@type\":\"WebPage\",\"@id\":\"https:\\\/\\\/www.anovapeneira.gal\\\/index.php\\\/2021\\\/07\\\/13\\\/nidia-arevalo-pide-informes-favorables-para-os-campos-do-celta-entre-amigos-politicos\\\/\",\"url\":\"https:\\\/\\\/www.anovapeneira.gal\\\/index.php\\\/2021\\\/07\\\/13\\\/nidia-arevalo-pide-informes-favorables-para-os-campos-do-celta-entre-amigos-politicos\\\/\",\"name\":\"Nidia Arevalo pide informes favorables para os campos do Celta entre \u201camigos pol\u00edticos\u201d -\",\"isPartOf\":{\"@id\":\"https:\\\/\\\/www.anovapeneira.gal\\\/#website\"},\"primaryImageOfPage\":{\"@id\":\"https:\\\/\\\/www.anovapeneira.gal\\\/index.php\\\/2021\\\/07\\\/13\\\/nidia-arevalo-pide-informes-favorables-para-os-campos-do-celta-entre-amigos-politicos\\\/#primaryimage\"},\"image\":{\"@id\":\"https:\\\/\\\/www.anovapeneira.gal\\\/index.php\\\/2021\\\/07\\\/13\\\/nidia-arevalo-pide-informes-favorables-para-os-campos-do-celta-entre-amigos-politicos\\\/#primaryimage\"},\"thumbnailUrl\":\"https:\\\/\\\/www.anovapeneira.gal\\\/wp-content\\\/uploads\\\/2021\\\/07\\\/Nidia_Rafa_pp.jpg\",\"datePublished\":\"2021-07-13T08:00:00+00:00\",\"description\":\"Tras facerse p\u00fablica a sentenza na que unha maxistrada valora como anulables e revisables \u00e1mbalas licencias outorgadas o Celta, para a construci\u00f3n dos vestiarios e dun campo de f\u00fatbol dobre, a decisi\u00f3n tomada polo Partido Popular dende o Concello de Mos foi presentar un recurso e solicitar informes que avaliasen o proxecto como positivo e favorable, as\u00ed denuncia o Partido Socialista de Mos\",\"breadcrumb\":{\"@id\":\"https:\\\/\\\/www.anovapeneira.gal\\\/index.php\\\/2021\\\/07\\\/13\\\/nidia-arevalo-pide-informes-favorables-para-os-campos-do-celta-entre-amigos-politicos\\\/#breadcrumb\"},\"inLanguage\":\"gl-ES\",\"potentialAction\":[{\"@type\":\"ReadAction\",\"target\":[\"https:\\\/\\\/www.anovapeneira.gal\\\/index.php\\\/2021\\\/07\\\/13\\\/nidia-arevalo-pide-informes-favorables-para-os-campos-do-celta-entre-amigos-politicos\\\/\"]}]},{\"@type\":\"ImageObject\",\"inLanguage\":\"gl-ES\",\"@id\":\"https:\\\/\\\/www.anovapeneira.gal\\\/index.php\\\/2021\\\/07\\\/13\\\/nidia-arevalo-pide-informes-favorables-para-os-campos-do-celta-entre-amigos-politicos\\\/#primaryimage\",\"url\":\"https:\\\/\\\/www.anovapeneira.gal\\\/wp-content\\\/uploads\\\/2021\\\/07\\\/Nidia_Rafa_pp.jpg\",\"contentUrl\":\"https:\\\/\\\/www.anovapeneira.gal\\\/wp-content\\\/uploads\\\/2021\\\/07\\\/Nidia_Rafa_pp.jpg\",\"width\":720,\"height\":432,\"caption\":\"Nidia Ar\u00e9valo Concello de Mos Tameiga A Nova Peneira\"},{\"@type\":\"BreadcrumbList\",\"@id\":\"https:\\\/\\\/www.anovapeneira.gal\\\/index.php\\\/2021\\\/07\\\/13\\\/nidia-arevalo-pide-informes-favorables-para-os-campos-do-celta-entre-amigos-politicos\\\/#breadcrumb\",\"itemListElement\":[{\"@type\":\"ListItem\",\"position\":1,\"name\":\"Portada\",\"item\":\"https:\\\/\\\/www.anovapeneira.gal\\\/\"},{\"@type\":\"ListItem\",\"position\":2,\"name\":\"Nidia Arevalo pide informes favorables para os campos do Celta entre \u201camigos pol\u00edticos\u201d\"}]},{\"@type\":\"WebSite\",\"@id\":\"https:\\\/\\\/www.anovapeneira.gal\\\/#website\",\"url\":\"https:\\\/\\\/www.anovapeneira.gal\\\/\",\"name\":\"\",\"description\":\"Xornal galego de informaci\u00f3n xeral Publicaci\u00f3n mensual de novas de Galicia e en especial dos Concellos da sur da provincia de Pontevedra.\",\"publisher\":{\"@id\":\"https:\\\/\\\/www.anovapeneira.gal\\\/#organization\"},\"potentialAction\":[{\"@type\":\"SearchAction\",\"target\":{\"@type\":\"EntryPoint\",\"urlTemplate\":\"https:\\\/\\\/www.anovapeneira.gal\\\/?s={search_term_string}\"},\"query-input\":{\"@type\":\"PropertyValueSpecification\",\"valueRequired\":true,\"valueName\":\"search_term_string\"}}],\"inLanguage\":\"gl-ES\"},{\"@type\":\"Organization\",\"@id\":\"https:\\\/\\\/www.anovapeneira.gal\\\/#organization\",\"name\":\"A Nova Peneira\",\"url\":\"https:\\\/\\\/www.anovapeneira.gal\\\/\",\"logo\":{\"@type\":\"ImageObject\",\"inLanguage\":\"gl-ES\",\"@id\":\"https:\\\/\\\/www.anovapeneira.gal\\\/#\\\/schema\\\/logo\\\/image\\\/\",\"url\":\"http:\\\/\\\/www.anovapeneira.gal\\\/wp-content\\\/uploads\\\/2019\\\/06\\\/logo_a_nova_peneira_portal_web.png\",\"contentUrl\":\"http:\\\/\\\/www.anovapeneira.gal\\\/wp-content\\\/uploads\\\/2019\\\/06\\\/logo_a_nova_peneira_portal_web.png\",\"width\":300,\"height\":100,\"caption\":\"A Nova Peneira\"},\"image\":{\"@id\":\"https:\\\/\\\/www.anovapeneira.gal\\\/#\\\/schema\\\/logo\\\/image\\\/\"},\"sameAs\":[\"https:\\\/\\\/www.facebook.com\\\/anovapeneira\",\"https:\\\/\\\/x.com\\\/APeneira\"]},{\"@type\":\"Person\",\"@id\":\"https:\\\/\\\/www.anovapeneira.gal\\\/#\\\/schema\\\/person\\\/b93e3f8932e3f8da96334607eb6ac6aa\",\"name\":\"Redacci\u00f3n A Nova Peneira\",\"image\":{\"@type\":\"ImageObject\",\"inLanguage\":\"gl-ES\",\"@id\":\"https:\\\/\\\/secure.gravatar.com\\\/avatar\\\/c052a2551a06e23fac63626232eaa90abd78dbcf1700fc46a2b2c89fd27b735f?s=96&d=mm&r=g\",\"url\":\"https:\\\/\\\/secure.gravatar.com\\\/avatar\\\/c052a2551a06e23fac63626232eaa90abd78dbcf1700fc46a2b2c89fd27b735f?s=96&d=mm&r=g\",\"contentUrl\":\"https:\\\/\\\/secure.gravatar.com\\\/avatar\\\/c052a2551a06e23fac63626232eaa90abd78dbcf1700fc46a2b2c89fd27b735f?s=96&d=mm&r=g\",\"caption\":\"Redacci\u00f3n A Nova Peneira\"},\"sameAs\":[\"http:\\\/\\\/www.anovapeneira.gal\\\/\"],\"url\":\"https:\\\/\\\/www.anovapeneira.gal\\\/index.php\\\/author\\\/redactor\\\/\"}]}<\/script>\n<!-- \/ Yoast SEO plugin. -->","yoast_head_json":{"title":"Nidia Arevalo pide informes favorables para os campos do Celta entre \u201camigos pol\u00edticos\u201d -","description":"Tras facerse p\u00fablica a sentenza na que unha maxistrada valora como anulables e revisables \u00e1mbalas licencias outorgadas o Celta, para a construci\u00f3n dos vestiarios e dun campo de f\u00fatbol dobre, a decisi\u00f3n tomada polo Partido Popular dende o Concello de Mos foi presentar un recurso e solicitar informes que avaliasen o proxecto como positivo e favorable, as\u00ed denuncia o Partido Socialista de Mos","robots":{"index":"index","follow":"follow","max-snippet":"max-snippet:-1","max-image-preview":"max-image-preview:large","max-video-preview":"max-video-preview:-1"},"canonical":"https:\/\/www.anovapeneira.gal\/index.php\/2021\/07\/13\/nidia-arevalo-pide-informes-favorables-para-os-campos-do-celta-entre-amigos-politicos\/","og_locale":"gl_ES","og_type":"article","og_title":"Nidia Arevalo pide informes favorables para os campos do Celta entre \u201camigos pol\u00edticos\u201d -","og_description":"Tras facerse p\u00fablica a sentenza na que unha maxistrada valora como anulables e revisables \u00e1mbalas licencias outorgadas o Celta, para a construci\u00f3n dos vestiarios e dun campo de f\u00fatbol dobre, a decisi\u00f3n tomada polo Partido Popular dende o Concello de Mos foi presentar un recurso e solicitar informes que avaliasen o proxecto como positivo e favorable, as\u00ed denuncia o Partido Socialista de Mos","og_url":"https:\/\/www.anovapeneira.gal\/index.php\/2021\/07\/13\/nidia-arevalo-pide-informes-favorables-para-os-campos-do-celta-entre-amigos-politicos\/","article_publisher":"https:\/\/www.facebook.com\/anovapeneira","article_published_time":"2021-07-13T08:00:00+00:00","og_image":[{"width":720,"height":432,"url":"https:\/\/www.anovapeneira.gal\/wp-content\/uploads\/2021\/07\/Nidia_Rafa_pp.jpg","type":"image\/jpeg"}],"author":"Redacci\u00f3n A Nova Peneira","twitter_card":"summary_large_image","twitter_creator":"@APeneira","twitter_site":"@APeneira","twitter_misc":{"Escrito por":"Redacci\u00f3n A Nova Peneira","Tempo de lectura":"2 minutos"},"schema":{"@context":"https:\/\/schema.org","@graph":[{"@type":"Article","@id":"https:\/\/www.anovapeneira.gal\/index.php\/2021\/07\/13\/nidia-arevalo-pide-informes-favorables-para-os-campos-do-celta-entre-amigos-politicos\/#article","isPartOf":{"@id":"https:\/\/www.anovapeneira.gal\/index.php\/2021\/07\/13\/nidia-arevalo-pide-informes-favorables-para-os-campos-do-celta-entre-amigos-politicos\/"},"author":{"name":"Redacci\u00f3n A Nova Peneira","@id":"https:\/\/www.anovapeneira.gal\/#\/schema\/person\/b93e3f8932e3f8da96334607eb6ac6aa"},"headline":"Nidia Arevalo pide informes favorables para os campos do Celta entre \u201camigos pol\u00edticos\u201d","datePublished":"2021-07-13T08:00:00+00:00","mainEntityOfPage":{"@id":"https:\/\/www.anovapeneira.gal\/index.php\/2021\/07\/13\/nidia-arevalo-pide-informes-favorables-para-os-campos-do-celta-entre-amigos-politicos\/"},"wordCount":380,"commentCount":0,"publisher":{"@id":"https:\/\/www.anovapeneira.gal\/#organization"},"image":{"@id":"https:\/\/www.anovapeneira.gal\/index.php\/2021\/07\/13\/nidia-arevalo-pide-informes-favorables-para-os-campos-do-celta-entre-amigos-politicos\/#primaryimage"},"thumbnailUrl":"https:\/\/www.anovapeneira.gal\/wp-content\/uploads\/2021\/07\/Nidia_Rafa_pp.jpg","keywords":["Concello de Mos"],"articleSection":["A Louri\u00f1a"],"inLanguage":"gl-ES","potentialAction":[{"@type":"CommentAction","name":"Comment","target":["https:\/\/www.anovapeneira.gal\/index.php\/2021\/07\/13\/nidia-arevalo-pide-informes-favorables-para-os-campos-do-celta-entre-amigos-politicos\/#respond"]}]},{"@type":"WebPage","@id":"https:\/\/www.anovapeneira.gal\/index.php\/2021\/07\/13\/nidia-arevalo-pide-informes-favorables-para-os-campos-do-celta-entre-amigos-politicos\/","url":"https:\/\/www.anovapeneira.gal\/index.php\/2021\/07\/13\/nidia-arevalo-pide-informes-favorables-para-os-campos-do-celta-entre-amigos-politicos\/","name":"Nidia Arevalo pide informes favorables para os campos do Celta entre \u201camigos pol\u00edticos\u201d -","isPartOf":{"@id":"https:\/\/www.anovapeneira.gal\/#website"},"primaryImageOfPage":{"@id":"https:\/\/www.anovapeneira.gal\/index.php\/2021\/07\/13\/nidia-arevalo-pide-informes-favorables-para-os-campos-do-celta-entre-amigos-politicos\/#primaryimage"},"image":{"@id":"https:\/\/www.anovapeneira.gal\/index.php\/2021\/07\/13\/nidia-arevalo-pide-informes-favorables-para-os-campos-do-celta-entre-amigos-politicos\/#primaryimage"},"thumbnailUrl":"https:\/\/www.anovapeneira.gal\/wp-content\/uploads\/2021\/07\/Nidia_Rafa_pp.jpg","datePublished":"2021-07-13T08:00:00+00:00","description":"Tras facerse p\u00fablica a sentenza na que unha maxistrada valora como anulables e revisables \u00e1mbalas licencias outorgadas o Celta, para a construci\u00f3n dos vestiarios e dun campo de f\u00fatbol dobre, a decisi\u00f3n tomada polo Partido Popular dende o Concello de Mos foi presentar un recurso e solicitar informes que avaliasen o proxecto como positivo e favorable, as\u00ed denuncia o Partido Socialista de Mos","breadcrumb":{"@id":"https:\/\/www.anovapeneira.gal\/index.php\/2021\/07\/13\/nidia-arevalo-pide-informes-favorables-para-os-campos-do-celta-entre-amigos-politicos\/#breadcrumb"},"inLanguage":"gl-ES","potentialAction":[{"@type":"ReadAction","target":["https:\/\/www.anovapeneira.gal\/index.php\/2021\/07\/13\/nidia-arevalo-pide-informes-favorables-para-os-campos-do-celta-entre-amigos-politicos\/"]}]},{"@type":"ImageObject","inLanguage":"gl-ES","@id":"https:\/\/www.anovapeneira.gal\/index.php\/2021\/07\/13\/nidia-arevalo-pide-informes-favorables-para-os-campos-do-celta-entre-amigos-politicos\/#primaryimage","url":"https:\/\/www.anovapeneira.gal\/wp-content\/uploads\/2021\/07\/Nidia_Rafa_pp.jpg","contentUrl":"https:\/\/www.anovapeneira.gal\/wp-content\/uploads\/2021\/07\/Nidia_Rafa_pp.jpg","width":720,"height":432,"caption":"Nidia Ar\u00e9valo Concello de Mos Tameiga A Nova Peneira"},{"@type":"BreadcrumbList","@id":"https:\/\/www.anovapeneira.gal\/index.php\/2021\/07\/13\/nidia-arevalo-pide-informes-favorables-para-os-campos-do-celta-entre-amigos-politicos\/#breadcrumb","itemListElement":[{"@type":"ListItem","position":1,"name":"Portada","item":"https:\/\/www.anovapeneira.gal\/"},{"@type":"ListItem","position":2,"name":"Nidia Arevalo pide informes favorables para os campos do Celta entre \u201camigos pol\u00edticos\u201d"}]},{"@type":"WebSite","@id":"https:\/\/www.anovapeneira.gal\/#website","url":"https:\/\/www.anovapeneira.gal\/","name":"","description":"Xornal galego de informaci\u00f3n xeral Publicaci\u00f3n mensual de novas de Galicia e en especial dos Concellos da sur da provincia de Pontevedra.","publisher":{"@id":"https:\/\/www.anovapeneira.gal\/#organization"},"potentialAction":[{"@type":"SearchAction","target":{"@type":"EntryPoint","urlTemplate":"https:\/\/www.anovapeneira.gal\/?s={search_term_string}"},"query-input":{"@type":"PropertyValueSpecification","valueRequired":true,"valueName":"search_term_string"}}],"inLanguage":"gl-ES"},{"@type":"Organization","@id":"https:\/\/www.anovapeneira.gal\/#organization","name":"A Nova Peneira","url":"https:\/\/www.anovapeneira.gal\/","logo":{"@type":"ImageObject","inLanguage":"gl-ES","@id":"https:\/\/www.anovapeneira.gal\/#\/schema\/logo\/image\/","url":"http:\/\/www.anovapeneira.gal\/wp-content\/uploads\/2019\/06\/logo_a_nova_peneira_portal_web.png","contentUrl":"http:\/\/www.anovapeneira.gal\/wp-content\/uploads\/2019\/06\/logo_a_nova_peneira_portal_web.png","width":300,"height":100,"caption":"A Nova Peneira"},"image":{"@id":"https:\/\/www.anovapeneira.gal\/#\/schema\/logo\/image\/"},"sameAs":["https:\/\/www.facebook.com\/anovapeneira","https:\/\/x.com\/APeneira"]},{"@type":"Person","@id":"https:\/\/www.anovapeneira.gal\/#\/schema\/person\/b93e3f8932e3f8da96334607eb6ac6aa","name":"Redacci\u00f3n A Nova Peneira","image":{"@type":"ImageObject","inLanguage":"gl-ES","@id":"https:\/\/secure.gravatar.com\/avatar\/c052a2551a06e23fac63626232eaa90abd78dbcf1700fc46a2b2c89fd27b735f?s=96&d=mm&r=g","url":"https:\/\/secure.gravatar.com\/avatar\/c052a2551a06e23fac63626232eaa90abd78dbcf1700fc46a2b2c89fd27b735f?s=96&d=mm&r=g","contentUrl":"https:\/\/secure.gravatar.com\/avatar\/c052a2551a06e23fac63626232eaa90abd78dbcf1700fc46a2b2c89fd27b735f?s=96&d=mm&r=g","caption":"Redacci\u00f3n A Nova Peneira"},"sameAs":["http:\/\/www.anovapeneira.gal\/"],"url":"https:\/\/www.anovapeneira.gal\/index.php\/author\/redactor\/"}]}},"jetpack_featured_media_url":"https:\/\/www.anovapeneira.gal\/wp-content\/uploads\/2021\/07\/Nidia_Rafa_pp.jpg","_links":{"self":[{"href":"https:\/\/www.anovapeneira.gal\/index.php\/wp-json\/wp\/v2\/posts\/5751","targetHints":{"allow":["GET"]}}],"collection":[{"href":"https:\/\/www.anovapeneira.gal\/index.php\/wp-json\/wp\/v2\/posts"}],"about":[{"href":"https:\/\/www.anovapeneira.gal\/index.php\/wp-json\/wp\/v2\/types\/post"}],"author":[{"embeddable":true,"href":"https:\/\/www.anovapeneira.gal\/index.php\/wp-json\/wp\/v2\/users\/3"}],"replies":[{"embeddable":true,"href":"https:\/\/www.anovapeneira.gal\/index.php\/wp-json\/wp\/v2\/comments?post=5751"}],"version-history":[{"count":1,"href":"https:\/\/www.anovapeneira.gal\/index.php\/wp-json\/wp\/v2\/posts\/5751\/revisions"}],"predecessor-version":[{"id":5752,"href":"https:\/\/www.anovapeneira.gal\/index.php\/wp-json\/wp\/v2\/posts\/5751\/revisions\/5752"}],"wp:featuredmedia":[{"embeddable":true,"href":"https:\/\/www.anovapeneira.gal\/index.php\/wp-json\/wp\/v2\/media\/5753"}],"wp:attachment":[{"href":"https:\/\/www.anovapeneira.gal\/index.php\/wp-json\/wp\/v2\/media?parent=5751"}],"wp:term":[{"taxonomy":"category","embeddable":true,"href":"https:\/\/www.anovapeneira.gal\/index.php\/wp-json\/wp\/v2\/categories?post=5751"},{"taxonomy":"post_tag","embeddable":true,"href":"https:\/\/www.anovapeneira.gal\/index.php\/wp-json\/wp\/v2\/tags?post=5751"}],"curies":[{"name":"wp","href":"https:\/\/api.w.org\/{rel}","templated":true}]}}