{"id":5762,"date":"2021-07-14T10:00:01","date_gmt":"2021-07-14T08:00:01","guid":{"rendered":"https:\/\/www.anovapeneira.gal\/?p=5762"},"modified":"2021-07-13T16:39:19","modified_gmt":"2021-07-13T14:39:19","slug":"o-bng-vai-denunciar-ante-a-comision-europea-o-boom-eolico-depredador-por-vulneracion-de-normativa-comunitaria","status":"publish","type":"post","link":"https:\/\/www.anovapeneira.gal\/index.php\/2021\/07\/14\/o-bng-vai-denunciar-ante-a-comision-europea-o-boom-eolico-depredador-por-vulneracion-de-normativa-comunitaria\/","title":{"rendered":"O BNG vai denunciar ante a Comisi\u00f3n Europea o boom e\u00f3lico depredador por vulneraci\u00f3n de normativa comunitaria"},"content":{"rendered":"\n<h2 class=\"wp-block-heading\"><strong>Prop\u00f3n aumentar a rede natura at\u00e9 o 20% do territorio e deixar libre de novos parques e\u00f3licos a zona de ampliaci\u00f3n que leva doce anos conxelada<\/strong><\/h2>\n\n\n\n<h4 class=\"wp-block-heading\"><strong>Pont\u00f3n: \u201cnon imos permitir que se trate a Galiza como unha colonia que subministra materias primas para que se forren as el\u00e9ctricas\u201d<\/strong><\/h4>\n\n\n\n<p><strong>Miranda: \u201ceste boom atenta contra a normativa do h\u00e1bitat, da auga e da biodiversidade da UE\u201d<\/strong><\/p>\n\n\n\n<p><strong>Santiago de Compostela, 8 de Xullo 2021<\/strong><\/p>\n\n\n\n<p>O BNG vai facer todo o posible para frear o actual boom e\u00f3lico depredador a favor do lobby el\u00e9ctrico, e mudar cara un modelo e\u00f3lico dese\u00f1ado a favor do Pa\u00eds, no que os beneficios repercutan nas familias e nas empresas e non se queden nas mans das el\u00e9ctricas. Nesa li\u00f1a, a formaci\u00f3n nacionalista anunciou hoxe d\u00faas medidas concretas: a presentaci\u00f3n dunha denuncia ante a Comisi\u00f3n Europea por vulneraci\u00f3n de normativa comunitaria deste boom especulativo e a ampliaci\u00f3n da rede natura do 12% actual at\u00e9 o 20% do territorio.<\/p>\n\n\n\n<p>\u201cO BNG non est\u00e1 disposto a permitir que se trate a Galiza como unha colonia subministradora de materias primas para que se forren \u00e1s multinacionais el\u00e9ctricas, nin a permitir un boom depredador co medio rural, co medio ambiente e co territorio, un modelo que, ademais, incumpre a normativa da Uni\u00f3n Europea en materia de biodiversidade e de conservaci\u00f3n de h\u00e1bitats\u201d, alegou a portavoz nacional, Ana Pont\u00f3n, de a\u00ed a denuncia ante o Executivo da UE.<\/p>\n\n\n\n<p>\u201cO que queremos \u00e9 un modelo e\u00f3lico que po\u00f1a os recursos naturais ao servizo das familias e das empresas\u201d, recalcou, tras indicar que xa hai m\u00e1is de 4.000 aeroxeradores en 106 concellos que levan d\u00e9cadas soportando o custe ambiental sen ver beneficios, pois perden poboaci\u00f3n, emprego, servizos e calidade de vida. \u201cApenas un 5% do beneficio queda nos concellos e menos do 2% da riqueza recae nos propietarios das terras\u201d, denunciou.<\/p>\n\n\n\n<p>\u201cSi rotundo ao desenvolvemento e\u00f3lico, pero non as\u00ed\u201d, alegou Pont\u00f3n. E nesa direcci\u00f3n, o BNG considera urxente ampliar a rede natura do \u201cmin\u00fasculo\u201d 12% actual at\u00e9 o 20%, \u201ce exclu\u00edr da zona de ampliaci\u00f3n a posibilidade de instalar novos parques e\u00f3licos\u201d, tendo en conta que o Goberno bipartito deixou definida unha ampliaci\u00f3n que Feix\u00f3o mant\u00e9n conxelada desde que chegou \u00e1 Presidencia.<\/p>\n\n\n\n<p>\u201cHai que cambiar este modelo de portas xiratorias PP-PSOE no que o lobby el\u00e9ctrico manda m\u00e1is cos gobernos\u201d, alegou Pont\u00f3n, tras indicar que est\u00e1n en tramitaci\u00f3n 130 proxectos de parques e\u00f3licos para encher Galiza de aeroxeneradores de 200 metros de altura, mesmo ameazando explotaci\u00f3ns agrogandeiras e n\u00facleos de poboaci\u00f3n. \u201cBarra libre para \u00e1s el\u00e9ctricas sen que os galegos e as galegas te\u00f1amos contrapartidas, ao contrario, cada vez pagamos m\u00e1is pola factura da luz e miles de emprego est\u00e1n en xogo polos custes enerx\u00e9ticos\u201d.<\/p>\n\n\n\n<p>O BNG aposta por un modelo con participaci\u00f3n p\u00fablica nos beneficios da riqueza e\u00f3lica, no que os parques e\u00f3licos se vinculen a proxectos industriais que xeren emprego, e medidas como a tarifa el\u00e9ctrica galega que abarate a factura da luz. \u201cPara todo isto s\u00f3 fai falta vontade pol\u00edtica\u201d, conclu\u00edu.<\/p>\n\n\n\n<p>Pola s\u00faa parte, a portavoz do BNG en Bruxelas, Ana Miranda, explicou que o motivo da denuncia \u00e9 dobre: \u201cpor un lado porque vulnera at\u00e9 seis normativas comunitarias en materia de participaci\u00f3n cidad\u00e1, impacto ambiental, paisaxe, directiva da auga ou conservaci\u00f3n de h\u00e1bitats naturais. E, por outro, porque defendemos un modelo de desenvolvemento e\u00f3lico a favor de Galiza\u201d.<\/p>\n\n\n\n<p>\u201cHai moitos parques en tramitaci\u00f3n que te\u00f1en unha afectaci\u00f3n directa sobre h\u00e1bitats, flora e fauna, cun n\u00famero moi elevado de proxectos que pretenden instalarse en zonas de especial protecci\u00f3n, e tam\u00e9n hai unha moi elevada afectaci\u00f3n no relativo \u00e1 normativa da auga e a zonas que deber\u00edan ter declaraci\u00f3n de humidais protexidos\u201d, alegou.<\/p>\n\n\n\n<p>Miranda subli\u00f1ou que a expansi\u00f3n e\u00f3lica ten un amplo historial de \u201cfalta de planificaci\u00f3n e regulaci\u00f3n\u201d que, a d\u00eda de hoxe, foi substitu\u00eddo por unha normativa do Goberno do PP, \u201cque permite expropiaci\u00f3ns deixando indefensos aos propietarixs dos terreos, permite a fragmentaci\u00f3n artificial dos proxectos para facilitar a s\u00faa tramitaci\u00f3n e deixa fora aos concellos a trav\u00e9s da figura da supra municipalidade deixando fora da toma de decisi\u00f3n a administraci\u00f3n m\u00e1is pr\u00f3xima \u00e1 comunidade que deber\u00e1 soportar o impacto\u201d.<\/p>\n\n\n\n<p>\u201cEstamos ante un marco normativo que n\u00f3s deixa vendidos\u201d, sintetizou, ao que se suma a vulneraci\u00f3n de directivas europeas, de a\u00ed a decisi\u00f3n de presentar a denuncia en Bruxelas.<\/p>\n","protected":false},"excerpt":{"rendered":"<div class=\"mh-excerpt\"><p>Prop\u00f3n aumentar a rede natura at\u00e9 o 20% do territorio e deixar libre de novos parques e\u00f3licos a zona de ampliaci\u00f3n que leva doce anos conxelada <a class=\"mh-excerpt-more\" href=\"https:\/\/www.anovapeneira.gal\/index.php\/2021\/07\/14\/o-bng-vai-denunciar-ante-a-comision-europea-o-boom-eolico-depredador-por-vulneracion-de-normativa-comunitaria\/\" title=\"O BNG vai denunciar ante a Comisi\u00f3n Europea o boom e\u00f3lico depredador por vulneraci\u00f3n de normativa comunitaria\">[&#8230;]<\/a><\/p>\n<\/div>","protected":false},"author":3,"featured_media":5764,"comment_status":"open","ping_status":"open","sticky":false,"template":"","format":"standard","meta":{"_exactmetrics_skip_tracking":false,"_exactmetrics_sitenote_active":false,"_exactmetrics_sitenote_note":"","_exactmetrics_sitenote_category":0,"footnotes":""},"categories":[263],"tags":[281,10],"class_list":{"0":"post-5762","1":"post","2":"type-post","3":"status-publish","4":"format-standard","5":"has-post-thumbnail","7":"category-novas","8":"tag-ana-ponton","9":"tag-bng"},"yoast_head":"<!-- This site is optimized with the Yoast SEO plugin v27.4 - https:\/\/yoast.com\/product\/yoast-seo-wordpress\/ -->\n<title>O BNG vai denunciar ante a Comisi\u00f3n Europea o boom e\u00f3lico depredador por vulneraci\u00f3n de normativa comunitaria -<\/title>\n<meta name=\"description\" content=\"Prop\u00f3n aumentar a rede natura at\u00e9 o 20% do territorio e deixar libre de novos parques e\u00f3licos a zona de ampliaci\u00f3n que leva doce anos conxelada\" \/>\n<meta name=\"robots\" content=\"index, follow, max-snippet:-1, max-image-preview:large, max-video-preview:-1\" \/>\n<link rel=\"canonical\" href=\"https:\/\/www.anovapeneira.gal\/index.php\/2021\/07\/14\/o-bng-vai-denunciar-ante-a-comision-europea-o-boom-eolico-depredador-por-vulneracion-de-normativa-comunitaria\/\" \/>\n<meta property=\"og:locale\" content=\"gl_ES\" \/>\n<meta property=\"og:type\" content=\"article\" \/>\n<meta property=\"og:title\" content=\"O BNG vai denunciar ante a Comisi\u00f3n Europea o boom e\u00f3lico depredador por vulneraci\u00f3n de normativa comunitaria -\" \/>\n<meta property=\"og:description\" content=\"Prop\u00f3n aumentar a rede natura at\u00e9 o 20% do territorio e deixar libre de novos parques e\u00f3licos a zona de ampliaci\u00f3n que leva doce anos conxelada\" \/>\n<meta property=\"og:url\" content=\"https:\/\/www.anovapeneira.gal\/index.php\/2021\/07\/14\/o-bng-vai-denunciar-ante-a-comision-europea-o-boom-eolico-depredador-por-vulneracion-de-normativa-comunitaria\/\" \/>\n<meta property=\"article:publisher\" content=\"https:\/\/www.facebook.com\/anovapeneira\" \/>\n<meta property=\"article:published_time\" content=\"2021-07-14T08:00:01+00:00\" \/>\n<meta property=\"og:image\" content=\"https:\/\/www.anovapeneira.gal\/wp-content\/uploads\/2021\/07\/PONTON-E-MIRANDA.jpg\" \/>\n\t<meta property=\"og:image:width\" content=\"720\" \/>\n\t<meta property=\"og:image:height\" content=\"432\" \/>\n\t<meta property=\"og:image:type\" content=\"image\/jpeg\" \/>\n<meta name=\"author\" content=\"Redacci\u00f3n A Nova Peneira\" \/>\n<meta name=\"twitter:card\" content=\"summary_large_image\" \/>\n<meta name=\"twitter:creator\" content=\"@APeneira\" \/>\n<meta name=\"twitter:site\" content=\"@APeneira\" \/>\n<meta name=\"twitter:label1\" content=\"Escrito por\" \/>\n\t<meta name=\"twitter:data1\" content=\"Redacci\u00f3n A Nova Peneira\" \/>\n\t<meta name=\"twitter:label2\" content=\"Tempo de lectura\" \/>\n\t<meta name=\"twitter:data2\" content=\"4 minutos\" \/>\n<script type=\"application\/ld+json\" class=\"yoast-schema-graph\">{\"@context\":\"https:\\\/\\\/schema.org\",\"@graph\":[{\"@type\":\"Article\",\"@id\":\"https:\\\/\\\/www.anovapeneira.gal\\\/index.php\\\/2021\\\/07\\\/14\\\/o-bng-vai-denunciar-ante-a-comision-europea-o-boom-eolico-depredador-por-vulneracion-de-normativa-comunitaria\\\/#article\",\"isPartOf\":{\"@id\":\"https:\\\/\\\/www.anovapeneira.gal\\\/index.php\\\/2021\\\/07\\\/14\\\/o-bng-vai-denunciar-ante-a-comision-europea-o-boom-eolico-depredador-por-vulneracion-de-normativa-comunitaria\\\/\"},\"author\":{\"name\":\"Redacci\u00f3n A Nova Peneira\",\"@id\":\"https:\\\/\\\/www.anovapeneira.gal\\\/#\\\/schema\\\/person\\\/b93e3f8932e3f8da96334607eb6ac6aa\"},\"headline\":\"O BNG vai denunciar ante a Comisi\u00f3n Europea o boom e\u00f3lico depredador por vulneraci\u00f3n de normativa comunitaria\",\"datePublished\":\"2021-07-14T08:00:01+00:00\",\"mainEntityOfPage\":{\"@id\":\"https:\\\/\\\/www.anovapeneira.gal\\\/index.php\\\/2021\\\/07\\\/14\\\/o-bng-vai-denunciar-ante-a-comision-europea-o-boom-eolico-depredador-por-vulneracion-de-normativa-comunitaria\\\/\"},\"wordCount\":813,\"commentCount\":0,\"publisher\":{\"@id\":\"https:\\\/\\\/www.anovapeneira.gal\\\/#organization\"},\"image\":{\"@id\":\"https:\\\/\\\/www.anovapeneira.gal\\\/index.php\\\/2021\\\/07\\\/14\\\/o-bng-vai-denunciar-ante-a-comision-europea-o-boom-eolico-depredador-por-vulneracion-de-normativa-comunitaria\\\/#primaryimage\"},\"thumbnailUrl\":\"https:\\\/\\\/www.anovapeneira.gal\\\/wp-content\\\/uploads\\\/2021\\\/07\\\/PONTON-E-MIRANDA.jpg\",\"keywords\":[\"Ana Pont\u00f3n\",\"BNG\"],\"articleSection\":[\"Novas\"],\"inLanguage\":\"gl-ES\",\"potentialAction\":[{\"@type\":\"CommentAction\",\"name\":\"Comment\",\"target\":[\"https:\\\/\\\/www.anovapeneira.gal\\\/index.php\\\/2021\\\/07\\\/14\\\/o-bng-vai-denunciar-ante-a-comision-europea-o-boom-eolico-depredador-por-vulneracion-de-normativa-comunitaria\\\/#respond\"]}]},{\"@type\":\"WebPage\",\"@id\":\"https:\\\/\\\/www.anovapeneira.gal\\\/index.php\\\/2021\\\/07\\\/14\\\/o-bng-vai-denunciar-ante-a-comision-europea-o-boom-eolico-depredador-por-vulneracion-de-normativa-comunitaria\\\/\",\"url\":\"https:\\\/\\\/www.anovapeneira.gal\\\/index.php\\\/2021\\\/07\\\/14\\\/o-bng-vai-denunciar-ante-a-comision-europea-o-boom-eolico-depredador-por-vulneracion-de-normativa-comunitaria\\\/\",\"name\":\"O BNG vai denunciar ante a Comisi\u00f3n Europea o boom e\u00f3lico depredador por vulneraci\u00f3n de normativa comunitaria -\",\"isPartOf\":{\"@id\":\"https:\\\/\\\/www.anovapeneira.gal\\\/#website\"},\"primaryImageOfPage\":{\"@id\":\"https:\\\/\\\/www.anovapeneira.gal\\\/index.php\\\/2021\\\/07\\\/14\\\/o-bng-vai-denunciar-ante-a-comision-europea-o-boom-eolico-depredador-por-vulneracion-de-normativa-comunitaria\\\/#primaryimage\"},\"image\":{\"@id\":\"https:\\\/\\\/www.anovapeneira.gal\\\/index.php\\\/2021\\\/07\\\/14\\\/o-bng-vai-denunciar-ante-a-comision-europea-o-boom-eolico-depredador-por-vulneracion-de-normativa-comunitaria\\\/#primaryimage\"},\"thumbnailUrl\":\"https:\\\/\\\/www.anovapeneira.gal\\\/wp-content\\\/uploads\\\/2021\\\/07\\\/PONTON-E-MIRANDA.jpg\",\"datePublished\":\"2021-07-14T08:00:01+00:00\",\"description\":\"Prop\u00f3n aumentar a rede natura at\u00e9 o 20% do territorio e deixar libre de novos parques e\u00f3licos a zona de ampliaci\u00f3n que leva doce anos conxelada\",\"breadcrumb\":{\"@id\":\"https:\\\/\\\/www.anovapeneira.gal\\\/index.php\\\/2021\\\/07\\\/14\\\/o-bng-vai-denunciar-ante-a-comision-europea-o-boom-eolico-depredador-por-vulneracion-de-normativa-comunitaria\\\/#breadcrumb\"},\"inLanguage\":\"gl-ES\",\"potentialAction\":[{\"@type\":\"ReadAction\",\"target\":[\"https:\\\/\\\/www.anovapeneira.gal\\\/index.php\\\/2021\\\/07\\\/14\\\/o-bng-vai-denunciar-ante-a-comision-europea-o-boom-eolico-depredador-por-vulneracion-de-normativa-comunitaria\\\/\"]}]},{\"@type\":\"ImageObject\",\"inLanguage\":\"gl-ES\",\"@id\":\"https:\\\/\\\/www.anovapeneira.gal\\\/index.php\\\/2021\\\/07\\\/14\\\/o-bng-vai-denunciar-ante-a-comision-europea-o-boom-eolico-depredador-por-vulneracion-de-normativa-comunitaria\\\/#primaryimage\",\"url\":\"https:\\\/\\\/www.anovapeneira.gal\\\/wp-content\\\/uploads\\\/2021\\\/07\\\/PONTON-E-MIRANDA.jpg\",\"contentUrl\":\"https:\\\/\\\/www.anovapeneira.gal\\\/wp-content\\\/uploads\\\/2021\\\/07\\\/PONTON-E-MIRANDA.jpg\",\"width\":720,\"height\":432,\"caption\":\"Ana Pont\u00f3n Miranda BNG\"},{\"@type\":\"BreadcrumbList\",\"@id\":\"https:\\\/\\\/www.anovapeneira.gal\\\/index.php\\\/2021\\\/07\\\/14\\\/o-bng-vai-denunciar-ante-a-comision-europea-o-boom-eolico-depredador-por-vulneracion-de-normativa-comunitaria\\\/#breadcrumb\",\"itemListElement\":[{\"@type\":\"ListItem\",\"position\":1,\"name\":\"Portada\",\"item\":\"https:\\\/\\\/www.anovapeneira.gal\\\/\"},{\"@type\":\"ListItem\",\"position\":2,\"name\":\"O BNG vai denunciar ante a Comisi\u00f3n Europea o boom e\u00f3lico depredador por vulneraci\u00f3n de normativa comunitaria\"}]},{\"@type\":\"WebSite\",\"@id\":\"https:\\\/\\\/www.anovapeneira.gal\\\/#website\",\"url\":\"https:\\\/\\\/www.anovapeneira.gal\\\/\",\"name\":\"\",\"description\":\"Xornal galego de informaci\u00f3n xeral Publicaci\u00f3n mensual de novas de Galicia e en especial dos Concellos da sur da provincia de Pontevedra.\",\"publisher\":{\"@id\":\"https:\\\/\\\/www.anovapeneira.gal\\\/#organization\"},\"potentialAction\":[{\"@type\":\"SearchAction\",\"target\":{\"@type\":\"EntryPoint\",\"urlTemplate\":\"https:\\\/\\\/www.anovapeneira.gal\\\/?s={search_term_string}\"},\"query-input\":{\"@type\":\"PropertyValueSpecification\",\"valueRequired\":true,\"valueName\":\"search_term_string\"}}],\"inLanguage\":\"gl-ES\"},{\"@type\":\"Organization\",\"@id\":\"https:\\\/\\\/www.anovapeneira.gal\\\/#organization\",\"name\":\"A Nova Peneira\",\"url\":\"https:\\\/\\\/www.anovapeneira.gal\\\/\",\"logo\":{\"@type\":\"ImageObject\",\"inLanguage\":\"gl-ES\",\"@id\":\"https:\\\/\\\/www.anovapeneira.gal\\\/#\\\/schema\\\/logo\\\/image\\\/\",\"url\":\"http:\\\/\\\/www.anovapeneira.gal\\\/wp-content\\\/uploads\\\/2019\\\/06\\\/logo_a_nova_peneira_portal_web.png\",\"contentUrl\":\"http:\\\/\\\/www.anovapeneira.gal\\\/wp-content\\\/uploads\\\/2019\\\/06\\\/logo_a_nova_peneira_portal_web.png\",\"width\":300,\"height\":100,\"caption\":\"A Nova Peneira\"},\"image\":{\"@id\":\"https:\\\/\\\/www.anovapeneira.gal\\\/#\\\/schema\\\/logo\\\/image\\\/\"},\"sameAs\":[\"https:\\\/\\\/www.facebook.com\\\/anovapeneira\",\"https:\\\/\\\/x.com\\\/APeneira\"]},{\"@type\":\"Person\",\"@id\":\"https:\\\/\\\/www.anovapeneira.gal\\\/#\\\/schema\\\/person\\\/b93e3f8932e3f8da96334607eb6ac6aa\",\"name\":\"Redacci\u00f3n A Nova Peneira\",\"image\":{\"@type\":\"ImageObject\",\"inLanguage\":\"gl-ES\",\"@id\":\"https:\\\/\\\/secure.gravatar.com\\\/avatar\\\/c052a2551a06e23fac63626232eaa90abd78dbcf1700fc46a2b2c89fd27b735f?s=96&d=mm&r=g\",\"url\":\"https:\\\/\\\/secure.gravatar.com\\\/avatar\\\/c052a2551a06e23fac63626232eaa90abd78dbcf1700fc46a2b2c89fd27b735f?s=96&d=mm&r=g\",\"contentUrl\":\"https:\\\/\\\/secure.gravatar.com\\\/avatar\\\/c052a2551a06e23fac63626232eaa90abd78dbcf1700fc46a2b2c89fd27b735f?s=96&d=mm&r=g\",\"caption\":\"Redacci\u00f3n A Nova Peneira\"},\"sameAs\":[\"http:\\\/\\\/www.anovapeneira.gal\\\/\"],\"url\":\"https:\\\/\\\/www.anovapeneira.gal\\\/index.php\\\/author\\\/redactor\\\/\"}]}<\/script>\n<!-- \/ Yoast SEO plugin. -->","yoast_head_json":{"title":"O BNG vai denunciar ante a Comisi\u00f3n Europea o boom e\u00f3lico depredador por vulneraci\u00f3n de normativa comunitaria -","description":"Prop\u00f3n aumentar a rede natura at\u00e9 o 20% do territorio e deixar libre de novos parques e\u00f3licos a zona de ampliaci\u00f3n que leva doce anos conxelada","robots":{"index":"index","follow":"follow","max-snippet":"max-snippet:-1","max-image-preview":"max-image-preview:large","max-video-preview":"max-video-preview:-1"},"canonical":"https:\/\/www.anovapeneira.gal\/index.php\/2021\/07\/14\/o-bng-vai-denunciar-ante-a-comision-europea-o-boom-eolico-depredador-por-vulneracion-de-normativa-comunitaria\/","og_locale":"gl_ES","og_type":"article","og_title":"O BNG vai denunciar ante a Comisi\u00f3n Europea o boom e\u00f3lico depredador por vulneraci\u00f3n de normativa comunitaria -","og_description":"Prop\u00f3n aumentar a rede natura at\u00e9 o 20% do territorio e deixar libre de novos parques e\u00f3licos a zona de ampliaci\u00f3n que leva doce anos conxelada","og_url":"https:\/\/www.anovapeneira.gal\/index.php\/2021\/07\/14\/o-bng-vai-denunciar-ante-a-comision-europea-o-boom-eolico-depredador-por-vulneracion-de-normativa-comunitaria\/","article_publisher":"https:\/\/www.facebook.com\/anovapeneira","article_published_time":"2021-07-14T08:00:01+00:00","og_image":[{"width":720,"height":432,"url":"https:\/\/www.anovapeneira.gal\/wp-content\/uploads\/2021\/07\/PONTON-E-MIRANDA.jpg","type":"image\/jpeg"}],"author":"Redacci\u00f3n A Nova Peneira","twitter_card":"summary_large_image","twitter_creator":"@APeneira","twitter_site":"@APeneira","twitter_misc":{"Escrito por":"Redacci\u00f3n A Nova Peneira","Tempo de lectura":"4 minutos"},"schema":{"@context":"https:\/\/schema.org","@graph":[{"@type":"Article","@id":"https:\/\/www.anovapeneira.gal\/index.php\/2021\/07\/14\/o-bng-vai-denunciar-ante-a-comision-europea-o-boom-eolico-depredador-por-vulneracion-de-normativa-comunitaria\/#article","isPartOf":{"@id":"https:\/\/www.anovapeneira.gal\/index.php\/2021\/07\/14\/o-bng-vai-denunciar-ante-a-comision-europea-o-boom-eolico-depredador-por-vulneracion-de-normativa-comunitaria\/"},"author":{"name":"Redacci\u00f3n A Nova Peneira","@id":"https:\/\/www.anovapeneira.gal\/#\/schema\/person\/b93e3f8932e3f8da96334607eb6ac6aa"},"headline":"O BNG vai denunciar ante a Comisi\u00f3n Europea o boom e\u00f3lico depredador por vulneraci\u00f3n de normativa comunitaria","datePublished":"2021-07-14T08:00:01+00:00","mainEntityOfPage":{"@id":"https:\/\/www.anovapeneira.gal\/index.php\/2021\/07\/14\/o-bng-vai-denunciar-ante-a-comision-europea-o-boom-eolico-depredador-por-vulneracion-de-normativa-comunitaria\/"},"wordCount":813,"commentCount":0,"publisher":{"@id":"https:\/\/www.anovapeneira.gal\/#organization"},"image":{"@id":"https:\/\/www.anovapeneira.gal\/index.php\/2021\/07\/14\/o-bng-vai-denunciar-ante-a-comision-europea-o-boom-eolico-depredador-por-vulneracion-de-normativa-comunitaria\/#primaryimage"},"thumbnailUrl":"https:\/\/www.anovapeneira.gal\/wp-content\/uploads\/2021\/07\/PONTON-E-MIRANDA.jpg","keywords":["Ana Pont\u00f3n","BNG"],"articleSection":["Novas"],"inLanguage":"gl-ES","potentialAction":[{"@type":"CommentAction","name":"Comment","target":["https:\/\/www.anovapeneira.gal\/index.php\/2021\/07\/14\/o-bng-vai-denunciar-ante-a-comision-europea-o-boom-eolico-depredador-por-vulneracion-de-normativa-comunitaria\/#respond"]}]},{"@type":"WebPage","@id":"https:\/\/www.anovapeneira.gal\/index.php\/2021\/07\/14\/o-bng-vai-denunciar-ante-a-comision-europea-o-boom-eolico-depredador-por-vulneracion-de-normativa-comunitaria\/","url":"https:\/\/www.anovapeneira.gal\/index.php\/2021\/07\/14\/o-bng-vai-denunciar-ante-a-comision-europea-o-boom-eolico-depredador-por-vulneracion-de-normativa-comunitaria\/","name":"O BNG vai denunciar ante a Comisi\u00f3n Europea o boom e\u00f3lico depredador por vulneraci\u00f3n de normativa comunitaria -","isPartOf":{"@id":"https:\/\/www.anovapeneira.gal\/#website"},"primaryImageOfPage":{"@id":"https:\/\/www.anovapeneira.gal\/index.php\/2021\/07\/14\/o-bng-vai-denunciar-ante-a-comision-europea-o-boom-eolico-depredador-por-vulneracion-de-normativa-comunitaria\/#primaryimage"},"image":{"@id":"https:\/\/www.anovapeneira.gal\/index.php\/2021\/07\/14\/o-bng-vai-denunciar-ante-a-comision-europea-o-boom-eolico-depredador-por-vulneracion-de-normativa-comunitaria\/#primaryimage"},"thumbnailUrl":"https:\/\/www.anovapeneira.gal\/wp-content\/uploads\/2021\/07\/PONTON-E-MIRANDA.jpg","datePublished":"2021-07-14T08:00:01+00:00","description":"Prop\u00f3n aumentar a rede natura at\u00e9 o 20% do territorio e deixar libre de novos parques e\u00f3licos a zona de ampliaci\u00f3n que leva doce anos conxelada","breadcrumb":{"@id":"https:\/\/www.anovapeneira.gal\/index.php\/2021\/07\/14\/o-bng-vai-denunciar-ante-a-comision-europea-o-boom-eolico-depredador-por-vulneracion-de-normativa-comunitaria\/#breadcrumb"},"inLanguage":"gl-ES","potentialAction":[{"@type":"ReadAction","target":["https:\/\/www.anovapeneira.gal\/index.php\/2021\/07\/14\/o-bng-vai-denunciar-ante-a-comision-europea-o-boom-eolico-depredador-por-vulneracion-de-normativa-comunitaria\/"]}]},{"@type":"ImageObject","inLanguage":"gl-ES","@id":"https:\/\/www.anovapeneira.gal\/index.php\/2021\/07\/14\/o-bng-vai-denunciar-ante-a-comision-europea-o-boom-eolico-depredador-por-vulneracion-de-normativa-comunitaria\/#primaryimage","url":"https:\/\/www.anovapeneira.gal\/wp-content\/uploads\/2021\/07\/PONTON-E-MIRANDA.jpg","contentUrl":"https:\/\/www.anovapeneira.gal\/wp-content\/uploads\/2021\/07\/PONTON-E-MIRANDA.jpg","width":720,"height":432,"caption":"Ana Pont\u00f3n Miranda BNG"},{"@type":"BreadcrumbList","@id":"https:\/\/www.anovapeneira.gal\/index.php\/2021\/07\/14\/o-bng-vai-denunciar-ante-a-comision-europea-o-boom-eolico-depredador-por-vulneracion-de-normativa-comunitaria\/#breadcrumb","itemListElement":[{"@type":"ListItem","position":1,"name":"Portada","item":"https:\/\/www.anovapeneira.gal\/"},{"@type":"ListItem","position":2,"name":"O BNG vai denunciar ante a Comisi\u00f3n Europea o boom e\u00f3lico depredador por vulneraci\u00f3n de normativa comunitaria"}]},{"@type":"WebSite","@id":"https:\/\/www.anovapeneira.gal\/#website","url":"https:\/\/www.anovapeneira.gal\/","name":"","description":"Xornal galego de informaci\u00f3n xeral Publicaci\u00f3n mensual de novas de Galicia e en especial dos Concellos da sur da provincia de Pontevedra.","publisher":{"@id":"https:\/\/www.anovapeneira.gal\/#organization"},"potentialAction":[{"@type":"SearchAction","target":{"@type":"EntryPoint","urlTemplate":"https:\/\/www.anovapeneira.gal\/?s={search_term_string}"},"query-input":{"@type":"PropertyValueSpecification","valueRequired":true,"valueName":"search_term_string"}}],"inLanguage":"gl-ES"},{"@type":"Organization","@id":"https:\/\/www.anovapeneira.gal\/#organization","name":"A Nova Peneira","url":"https:\/\/www.anovapeneira.gal\/","logo":{"@type":"ImageObject","inLanguage":"gl-ES","@id":"https:\/\/www.anovapeneira.gal\/#\/schema\/logo\/image\/","url":"http:\/\/www.anovapeneira.gal\/wp-content\/uploads\/2019\/06\/logo_a_nova_peneira_portal_web.png","contentUrl":"http:\/\/www.anovapeneira.gal\/wp-content\/uploads\/2019\/06\/logo_a_nova_peneira_portal_web.png","width":300,"height":100,"caption":"A Nova Peneira"},"image":{"@id":"https:\/\/www.anovapeneira.gal\/#\/schema\/logo\/image\/"},"sameAs":["https:\/\/www.facebook.com\/anovapeneira","https:\/\/x.com\/APeneira"]},{"@type":"Person","@id":"https:\/\/www.anovapeneira.gal\/#\/schema\/person\/b93e3f8932e3f8da96334607eb6ac6aa","name":"Redacci\u00f3n A Nova Peneira","image":{"@type":"ImageObject","inLanguage":"gl-ES","@id":"https:\/\/secure.gravatar.com\/avatar\/c052a2551a06e23fac63626232eaa90abd78dbcf1700fc46a2b2c89fd27b735f?s=96&d=mm&r=g","url":"https:\/\/secure.gravatar.com\/avatar\/c052a2551a06e23fac63626232eaa90abd78dbcf1700fc46a2b2c89fd27b735f?s=96&d=mm&r=g","contentUrl":"https:\/\/secure.gravatar.com\/avatar\/c052a2551a06e23fac63626232eaa90abd78dbcf1700fc46a2b2c89fd27b735f?s=96&d=mm&r=g","caption":"Redacci\u00f3n A Nova Peneira"},"sameAs":["http:\/\/www.anovapeneira.gal\/"],"url":"https:\/\/www.anovapeneira.gal\/index.php\/author\/redactor\/"}]}},"jetpack_featured_media_url":"https:\/\/www.anovapeneira.gal\/wp-content\/uploads\/2021\/07\/PONTON-E-MIRANDA.jpg","_links":{"self":[{"href":"https:\/\/www.anovapeneira.gal\/index.php\/wp-json\/wp\/v2\/posts\/5762","targetHints":{"allow":["GET"]}}],"collection":[{"href":"https:\/\/www.anovapeneira.gal\/index.php\/wp-json\/wp\/v2\/posts"}],"about":[{"href":"https:\/\/www.anovapeneira.gal\/index.php\/wp-json\/wp\/v2\/types\/post"}],"author":[{"embeddable":true,"href":"https:\/\/www.anovapeneira.gal\/index.php\/wp-json\/wp\/v2\/users\/3"}],"replies":[{"embeddable":true,"href":"https:\/\/www.anovapeneira.gal\/index.php\/wp-json\/wp\/v2\/comments?post=5762"}],"version-history":[{"count":1,"href":"https:\/\/www.anovapeneira.gal\/index.php\/wp-json\/wp\/v2\/posts\/5762\/revisions"}],"predecessor-version":[{"id":5765,"href":"https:\/\/www.anovapeneira.gal\/index.php\/wp-json\/wp\/v2\/posts\/5762\/revisions\/5765"}],"wp:featuredmedia":[{"embeddable":true,"href":"https:\/\/www.anovapeneira.gal\/index.php\/wp-json\/wp\/v2\/media\/5764"}],"wp:attachment":[{"href":"https:\/\/www.anovapeneira.gal\/index.php\/wp-json\/wp\/v2\/media?parent=5762"}],"wp:term":[{"taxonomy":"category","embeddable":true,"href":"https:\/\/www.anovapeneira.gal\/index.php\/wp-json\/wp\/v2\/categories?post=5762"},{"taxonomy":"post_tag","embeddable":true,"href":"https:\/\/www.anovapeneira.gal\/index.php\/wp-json\/wp\/v2\/tags?post=5762"}],"curies":[{"name":"wp","href":"https:\/\/api.w.org\/{rel}","templated":true}]}}