{"id":5766,"date":"2021-07-14T12:00:30","date_gmt":"2021-07-14T10:00:30","guid":{"rendered":"https:\/\/www.anovapeneira.gal\/?p=5766"},"modified":"2021-07-13T16:42:58","modified_gmt":"2021-07-13T14:42:58","slug":"victoria-alonso-voceira-do-psoe-de-mos","status":"publish","type":"post","link":"https:\/\/www.anovapeneira.gal\/index.php\/2021\/07\/14\/victoria-alonso-voceira-do-psoe-de-mos\/","title":{"rendered":"Victoria Alonso Voceira do PSOE de Mos"},"content":{"rendered":"\n<h2 class=\"wp-block-heading\"><strong>Nunha das nosas viaxes polos cami\u00f1os e corredoiras da Louri\u00f1a a casualidade fixo que nos cruzaramos coa voceira socialista, lendo unha peneira, e as\u00ed, de s\u00fapeto, sen ter nada previsto, conversamos un rati\u00f1o con ela<\/strong><\/h2>\n\n\n\n<p>\u201c <strong>O PP de Mos sempre avalou o transfuguismo\u201d<\/strong><\/p>\n\n\n\n<p><strong>Non ti\u00f1a previsto facerche esta entrevista , pero at\u00f3poche de casualidade lendo unha Peneira, que ten na portada \u00e1 t\u00faa compa\u00f1eira socialista Ver\u00f3nica Tour\u00f3n co titular: \u201c Ver\u00f3nica Tour\u00f3n nova alcaldesa de Salceda\u201d, e case me animo a preguntarche se algunha vez poderemos ver nunha portada da Peneira :\u201dVictoria Alonso nova alcaldesa de Mos\u201d?<\/strong><\/p>\n\n\n\n<blockquote class=\"wp-block-quote is-layout-flow wp-block-quote-is-layout-flow\"><p>Eu son unha dem\u00f3crata de verdade e iso que me preguntas vai depender da vontade maioritaria da veci\u00f1anza de Mos. Desde logo iso \u00e9 o que eu desexo, iso \u00e9 polo que pelexa toda agrupaci\u00f3n socialista de Mos, porque, con toda a humildade , considero que, non unha alcald\u00eda de Vitoria Alonso sen\u00f3n, un goberno do partido socialista ser\u00eda moito m\u00e1is xusto, humano, solidario e digno c\u00f3 que padece o noso pobo na actualidade.<\/p><\/blockquote>\n\n\n\n<p><strong>O substantivo \u201cveci\u00f1anza\u201d, que mencionas, esc\u00f3itase ultimamente con moita frecuencia na pol\u00edtica local de Mos&#8230;<\/strong><\/p>\n\n\n\n<blockquote class=\"wp-block-quote is-layout-flow wp-block-quote-is-layout-flow\"><p>Pois non sei, pero eu s\u00edntome unha representante lex\u00edtima da parte da veci\u00f1anza que votou \u00e1s listas do PSOE, e a ese segmento de poboaci\u00f3n procuro representar o mellor que saiba e poida. As e os votantes votan listas con programas pol\u00edticos concretos, non persoas que act\u00faen segundo o seu criterio individual<\/p><\/blockquote>\n\n\n\n<p><strong>Es co\u00f1ecedora de que Ga\u00f1aMos presentou unha moci\u00f3n, para o seu debate no pleno, defendendo a \u00e9tica na pr\u00e1ctica pol\u00edtica, que o goberno local non permitiu que se debatera?<\/strong><\/p>\n\n\n\n<blockquote class=\"wp-block-quote is-layout-flow wp-block-quote-is-layout-flow\"><p>Si, seino e lin o texto. Non me sorprende en absoluto que o PP rexeite debater esa moci\u00f3n porque sempre avalaron, e incluso se beneficiaron, do transfuguismo<\/p><\/blockquote>\n\n\n\n<p><strong>Cal \u00e9 a t\u00faa opini\u00f3n do contido dese texto?<\/strong><\/p>\n\n\n\n<blockquote class=\"wp-block-quote is-layout-flow wp-block-quote-is-layout-flow\"><p>Estou completamente de acordo, e de terse debatido votariamos a favor sen d\u00fabida de ningunha clase.<\/p><\/blockquote>\n\n\n\n<p><strong>Ben, que tipo de oposici\u00f3n do PSOE imos ver nos dous anos que restan de mandato?<\/strong><\/p>\n\n\n\n<blockquote class=\"wp-block-quote is-layout-flow wp-block-quote-is-layout-flow\"><p>A nosa li\u00f1a de acci\u00f3n pol\u00edtica bas\u00e9ase na fiscalizaci\u00f3n constante ao grupo de goberno para que a xesti\u00f3n dos servizos municipais , dos que depende o benestar das veci\u00f1as e veci\u00f1os, sexa dilixente e non neglixente como por desgraza \u00e9. Al\u00e9n de procurar que a xesti\u00f3n de recursos p\u00fablicos sexa racional e non irracional como por desgraza \u00e9.<\/p><\/blockquote>\n\n\n\n<p><strong>Alg\u00fan exemplo desa suposta irracionalidade que mencionas?<\/strong><\/p>\n\n\n\n<blockquote class=\"wp-block-quote is-layout-flow wp-block-quote-is-layout-flow\"><p>O desmesurado gasto en publicidade<\/p><\/blockquote>\n\n\n\n<p><strong>Que opinas da etapa da Volta Ciclista en Mos?<\/strong><\/p>\n\n\n\n<blockquote class=\"wp-block-quote is-layout-flow wp-block-quote-is-layout-flow\"><p>A min o que me gustar\u00eda saber \u00e9 canto lle vai custar ao Concello. Hai un enorme escurantismo ao respecto. Unha vez que saibamos o que lle vai custar ao Concello poderemos facer unha valoraci\u00f3n rigorosa<\/p><\/blockquote>\n\n\n\n<p><strong>E do tema da sentenza xudicial ao respecto da cidade deportiva do Celta?<\/strong><\/p>\n\n\n\n<blockquote class=\"wp-block-quote is-layout-flow wp-block-quote-is-layout-flow\"><p>Ben, haber\u00e1 que agardar a que a sentenza sexa firme pero polo de agora unha xu\u00edza xa manifestou unha sentenza contraria a como se desenvolveu a s\u00faa construci\u00f3n.<\/p><\/blockquote>\n","protected":false},"excerpt":{"rendered":"<div class=\"mh-excerpt\"><p>Nunha das nosas viaxes polos cami\u00f1os e corredoiras da Louri\u00f1a a casualidade fixo que nos cruzaramos coa voceira socialista, lendo unha peneira, e as\u00ed, de s\u00fapeto, sen ter nada previsto, conversamos un rati\u00f1o con ela <a class=\"mh-excerpt-more\" href=\"https:\/\/www.anovapeneira.gal\/index.php\/2021\/07\/14\/victoria-alonso-voceira-do-psoe-de-mos\/\" title=\"Victoria Alonso Voceira do PSOE de Mos\">[&#8230;]<\/a><\/p>\n<\/div>","protected":false},"author":3,"featured_media":5767,"comment_status":"open","ping_status":"open","sticky":false,"template":"","format":"standard","meta":{"_exactmetrics_skip_tracking":false,"_exactmetrics_sitenote_active":false,"_exactmetrics_sitenote_note":"","_exactmetrics_sitenote_category":0,"footnotes":""},"categories":[265],"tags":[218],"class_list":{"0":"post-5766","1":"post","2":"type-post","3":"status-publish","4":"format-standard","5":"has-post-thumbnail","7":"category-a-lourina-entrevistas","8":"tag-concello-de-mos"},"yoast_head":"<!-- This site is optimized with the Yoast SEO plugin v27.5 - https:\/\/yoast.com\/product\/yoast-seo-wordpress\/ -->\n<title>Victoria Alonso Voceira do PSOE de Mos -<\/title>\n<meta name=\"description\" content=\"Nunha das nosas viaxes polos cami\u00f1os e corredoiras da Louri\u00f1a a casualidade fixo que nos cruzaramos coa voceira socialista, lendo unha peneira, e as\u00ed, de s\u00fapeto, sen ter nada previsto, conversamos un rati\u00f1o con ela\" \/>\n<meta name=\"robots\" content=\"index, follow, max-snippet:-1, max-image-preview:large, max-video-preview:-1\" \/>\n<link rel=\"canonical\" href=\"https:\/\/www.anovapeneira.gal\/index.php\/2021\/07\/14\/victoria-alonso-voceira-do-psoe-de-mos\/\" \/>\n<meta property=\"og:locale\" content=\"gl_ES\" \/>\n<meta property=\"og:type\" content=\"article\" \/>\n<meta property=\"og:title\" content=\"Victoria Alonso Voceira do PSOE de Mos -\" \/>\n<meta property=\"og:description\" content=\"Nunha das nosas viaxes polos cami\u00f1os e corredoiras da Louri\u00f1a a casualidade fixo que nos cruzaramos coa voceira socialista, lendo unha peneira, e as\u00ed, de s\u00fapeto, sen ter nada previsto, conversamos un rati\u00f1o con ela\" \/>\n<meta property=\"og:url\" content=\"https:\/\/www.anovapeneira.gal\/index.php\/2021\/07\/14\/victoria-alonso-voceira-do-psoe-de-mos\/\" \/>\n<meta property=\"article:publisher\" content=\"https:\/\/www.facebook.com\/anovapeneira\" \/>\n<meta property=\"article:published_time\" content=\"2021-07-14T10:00:30+00:00\" \/>\n<meta property=\"og:image\" content=\"https:\/\/www.anovapeneira.gal\/wp-content\/uploads\/2021\/07\/victoria_alonso_mos.jpg\" \/>\n\t<meta property=\"og:image:width\" content=\"720\" \/>\n\t<meta property=\"og:image:height\" content=\"432\" \/>\n\t<meta property=\"og:image:type\" content=\"image\/jpeg\" \/>\n<meta name=\"author\" content=\"Redacci\u00f3n A Nova Peneira\" \/>\n<meta name=\"twitter:card\" content=\"summary_large_image\" \/>\n<meta name=\"twitter:creator\" content=\"@APeneira\" \/>\n<meta name=\"twitter:site\" content=\"@APeneira\" \/>\n<meta name=\"twitter:label1\" content=\"Escrito por\" \/>\n\t<meta name=\"twitter:data1\" content=\"Redacci\u00f3n A Nova Peneira\" \/>\n\t<meta name=\"twitter:label2\" content=\"Tempo de lectura\" \/>\n\t<meta name=\"twitter:data2\" content=\"3 minutos\" \/>\n<script type=\"application\/ld+json\" class=\"yoast-schema-graph\">{\"@context\":\"https:\\\/\\\/schema.org\",\"@graph\":[{\"@type\":\"Article\",\"@id\":\"https:\\\/\\\/www.anovapeneira.gal\\\/index.php\\\/2021\\\/07\\\/14\\\/victoria-alonso-voceira-do-psoe-de-mos\\\/#article\",\"isPartOf\":{\"@id\":\"https:\\\/\\\/www.anovapeneira.gal\\\/index.php\\\/2021\\\/07\\\/14\\\/victoria-alonso-voceira-do-psoe-de-mos\\\/\"},\"author\":{\"name\":\"Redacci\u00f3n A Nova Peneira\",\"@id\":\"https:\\\/\\\/www.anovapeneira.gal\\\/#\\\/schema\\\/person\\\/b93e3f8932e3f8da96334607eb6ac6aa\"},\"headline\":\"Victoria Alonso Voceira do PSOE de Mos\",\"datePublished\":\"2021-07-14T10:00:30+00:00\",\"mainEntityOfPage\":{\"@id\":\"https:\\\/\\\/www.anovapeneira.gal\\\/index.php\\\/2021\\\/07\\\/14\\\/victoria-alonso-voceira-do-psoe-de-mos\\\/\"},\"wordCount\":542,\"commentCount\":0,\"publisher\":{\"@id\":\"https:\\\/\\\/www.anovapeneira.gal\\\/#organization\"},\"image\":{\"@id\":\"https:\\\/\\\/www.anovapeneira.gal\\\/index.php\\\/2021\\\/07\\\/14\\\/victoria-alonso-voceira-do-psoe-de-mos\\\/#primaryimage\"},\"thumbnailUrl\":\"https:\\\/\\\/www.anovapeneira.gal\\\/wp-content\\\/uploads\\\/2021\\\/07\\\/victoria_alonso_mos.jpg\",\"keywords\":[\"Concello de Mos\"],\"articleSection\":[\"A Louri\u00f1a\"],\"inLanguage\":\"gl-ES\",\"potentialAction\":[{\"@type\":\"CommentAction\",\"name\":\"Comment\",\"target\":[\"https:\\\/\\\/www.anovapeneira.gal\\\/index.php\\\/2021\\\/07\\\/14\\\/victoria-alonso-voceira-do-psoe-de-mos\\\/#respond\"]}]},{\"@type\":\"WebPage\",\"@id\":\"https:\\\/\\\/www.anovapeneira.gal\\\/index.php\\\/2021\\\/07\\\/14\\\/victoria-alonso-voceira-do-psoe-de-mos\\\/\",\"url\":\"https:\\\/\\\/www.anovapeneira.gal\\\/index.php\\\/2021\\\/07\\\/14\\\/victoria-alonso-voceira-do-psoe-de-mos\\\/\",\"name\":\"Victoria Alonso Voceira do PSOE de Mos -\",\"isPartOf\":{\"@id\":\"https:\\\/\\\/www.anovapeneira.gal\\\/#website\"},\"primaryImageOfPage\":{\"@id\":\"https:\\\/\\\/www.anovapeneira.gal\\\/index.php\\\/2021\\\/07\\\/14\\\/victoria-alonso-voceira-do-psoe-de-mos\\\/#primaryimage\"},\"image\":{\"@id\":\"https:\\\/\\\/www.anovapeneira.gal\\\/index.php\\\/2021\\\/07\\\/14\\\/victoria-alonso-voceira-do-psoe-de-mos\\\/#primaryimage\"},\"thumbnailUrl\":\"https:\\\/\\\/www.anovapeneira.gal\\\/wp-content\\\/uploads\\\/2021\\\/07\\\/victoria_alonso_mos.jpg\",\"datePublished\":\"2021-07-14T10:00:30+00:00\",\"description\":\"Nunha das nosas viaxes polos cami\u00f1os e corredoiras da Louri\u00f1a a casualidade fixo que nos cruzaramos coa voceira socialista, lendo unha peneira, e as\u00ed, de s\u00fapeto, sen ter nada previsto, conversamos un rati\u00f1o con ela\",\"breadcrumb\":{\"@id\":\"https:\\\/\\\/www.anovapeneira.gal\\\/index.php\\\/2021\\\/07\\\/14\\\/victoria-alonso-voceira-do-psoe-de-mos\\\/#breadcrumb\"},\"inLanguage\":\"gl-ES\",\"potentialAction\":[{\"@type\":\"ReadAction\",\"target\":[\"https:\\\/\\\/www.anovapeneira.gal\\\/index.php\\\/2021\\\/07\\\/14\\\/victoria-alonso-voceira-do-psoe-de-mos\\\/\"]}]},{\"@type\":\"ImageObject\",\"inLanguage\":\"gl-ES\",\"@id\":\"https:\\\/\\\/www.anovapeneira.gal\\\/index.php\\\/2021\\\/07\\\/14\\\/victoria-alonso-voceira-do-psoe-de-mos\\\/#primaryimage\",\"url\":\"https:\\\/\\\/www.anovapeneira.gal\\\/wp-content\\\/uploads\\\/2021\\\/07\\\/victoria_alonso_mos.jpg\",\"contentUrl\":\"https:\\\/\\\/www.anovapeneira.gal\\\/wp-content\\\/uploads\\\/2021\\\/07\\\/victoria_alonso_mos.jpg\",\"width\":720,\"height\":432,\"caption\":\"Victoria Alonso Mos\"},{\"@type\":\"BreadcrumbList\",\"@id\":\"https:\\\/\\\/www.anovapeneira.gal\\\/index.php\\\/2021\\\/07\\\/14\\\/victoria-alonso-voceira-do-psoe-de-mos\\\/#breadcrumb\",\"itemListElement\":[{\"@type\":\"ListItem\",\"position\":1,\"name\":\"Portada\",\"item\":\"https:\\\/\\\/www.anovapeneira.gal\\\/\"},{\"@type\":\"ListItem\",\"position\":2,\"name\":\"Victoria Alonso Voceira do PSOE de Mos\"}]},{\"@type\":\"WebSite\",\"@id\":\"https:\\\/\\\/www.anovapeneira.gal\\\/#website\",\"url\":\"https:\\\/\\\/www.anovapeneira.gal\\\/\",\"name\":\"\",\"description\":\"Xornal galego de informaci\u00f3n xeral Publicaci\u00f3n mensual de novas de Galicia e en especial dos Concellos da sur da provincia de Pontevedra.\",\"publisher\":{\"@id\":\"https:\\\/\\\/www.anovapeneira.gal\\\/#organization\"},\"potentialAction\":[{\"@type\":\"SearchAction\",\"target\":{\"@type\":\"EntryPoint\",\"urlTemplate\":\"https:\\\/\\\/www.anovapeneira.gal\\\/?s={search_term_string}\"},\"query-input\":{\"@type\":\"PropertyValueSpecification\",\"valueRequired\":true,\"valueName\":\"search_term_string\"}}],\"inLanguage\":\"gl-ES\"},{\"@type\":\"Organization\",\"@id\":\"https:\\\/\\\/www.anovapeneira.gal\\\/#organization\",\"name\":\"A Nova Peneira\",\"url\":\"https:\\\/\\\/www.anovapeneira.gal\\\/\",\"logo\":{\"@type\":\"ImageObject\",\"inLanguage\":\"gl-ES\",\"@id\":\"https:\\\/\\\/www.anovapeneira.gal\\\/#\\\/schema\\\/logo\\\/image\\\/\",\"url\":\"http:\\\/\\\/www.anovapeneira.gal\\\/wp-content\\\/uploads\\\/2019\\\/06\\\/logo_a_nova_peneira_portal_web.png\",\"contentUrl\":\"http:\\\/\\\/www.anovapeneira.gal\\\/wp-content\\\/uploads\\\/2019\\\/06\\\/logo_a_nova_peneira_portal_web.png\",\"width\":300,\"height\":100,\"caption\":\"A Nova Peneira\"},\"image\":{\"@id\":\"https:\\\/\\\/www.anovapeneira.gal\\\/#\\\/schema\\\/logo\\\/image\\\/\"},\"sameAs\":[\"https:\\\/\\\/www.facebook.com\\\/anovapeneira\",\"https:\\\/\\\/x.com\\\/APeneira\"]},{\"@type\":\"Person\",\"@id\":\"https:\\\/\\\/www.anovapeneira.gal\\\/#\\\/schema\\\/person\\\/b93e3f8932e3f8da96334607eb6ac6aa\",\"name\":\"Redacci\u00f3n A Nova Peneira\",\"image\":{\"@type\":\"ImageObject\",\"inLanguage\":\"gl-ES\",\"@id\":\"https:\\\/\\\/secure.gravatar.com\\\/avatar\\\/c052a2551a06e23fac63626232eaa90abd78dbcf1700fc46a2b2c89fd27b735f?s=96&d=mm&r=g\",\"url\":\"https:\\\/\\\/secure.gravatar.com\\\/avatar\\\/c052a2551a06e23fac63626232eaa90abd78dbcf1700fc46a2b2c89fd27b735f?s=96&d=mm&r=g\",\"contentUrl\":\"https:\\\/\\\/secure.gravatar.com\\\/avatar\\\/c052a2551a06e23fac63626232eaa90abd78dbcf1700fc46a2b2c89fd27b735f?s=96&d=mm&r=g\",\"caption\":\"Redacci\u00f3n A Nova Peneira\"},\"sameAs\":[\"http:\\\/\\\/www.anovapeneira.gal\\\/\"],\"url\":\"https:\\\/\\\/www.anovapeneira.gal\\\/index.php\\\/author\\\/redactor\\\/\"}]}<\/script>\n<!-- \/ Yoast SEO plugin. -->","yoast_head_json":{"title":"Victoria Alonso Voceira do PSOE de Mos -","description":"Nunha das nosas viaxes polos cami\u00f1os e corredoiras da Louri\u00f1a a casualidade fixo que nos cruzaramos coa voceira socialista, lendo unha peneira, e as\u00ed, de s\u00fapeto, sen ter nada previsto, conversamos un rati\u00f1o con ela","robots":{"index":"index","follow":"follow","max-snippet":"max-snippet:-1","max-image-preview":"max-image-preview:large","max-video-preview":"max-video-preview:-1"},"canonical":"https:\/\/www.anovapeneira.gal\/index.php\/2021\/07\/14\/victoria-alonso-voceira-do-psoe-de-mos\/","og_locale":"gl_ES","og_type":"article","og_title":"Victoria Alonso Voceira do PSOE de Mos -","og_description":"Nunha das nosas viaxes polos cami\u00f1os e corredoiras da Louri\u00f1a a casualidade fixo que nos cruzaramos coa voceira socialista, lendo unha peneira, e as\u00ed, de s\u00fapeto, sen ter nada previsto, conversamos un rati\u00f1o con ela","og_url":"https:\/\/www.anovapeneira.gal\/index.php\/2021\/07\/14\/victoria-alonso-voceira-do-psoe-de-mos\/","article_publisher":"https:\/\/www.facebook.com\/anovapeneira","article_published_time":"2021-07-14T10:00:30+00:00","og_image":[{"width":720,"height":432,"url":"https:\/\/www.anovapeneira.gal\/wp-content\/uploads\/2021\/07\/victoria_alonso_mos.jpg","type":"image\/jpeg"}],"author":"Redacci\u00f3n A Nova Peneira","twitter_card":"summary_large_image","twitter_creator":"@APeneira","twitter_site":"@APeneira","twitter_misc":{"Escrito por":"Redacci\u00f3n A Nova Peneira","Tempo de lectura":"3 minutos"},"schema":{"@context":"https:\/\/schema.org","@graph":[{"@type":"Article","@id":"https:\/\/www.anovapeneira.gal\/index.php\/2021\/07\/14\/victoria-alonso-voceira-do-psoe-de-mos\/#article","isPartOf":{"@id":"https:\/\/www.anovapeneira.gal\/index.php\/2021\/07\/14\/victoria-alonso-voceira-do-psoe-de-mos\/"},"author":{"name":"Redacci\u00f3n A Nova Peneira","@id":"https:\/\/www.anovapeneira.gal\/#\/schema\/person\/b93e3f8932e3f8da96334607eb6ac6aa"},"headline":"Victoria Alonso Voceira do PSOE de Mos","datePublished":"2021-07-14T10:00:30+00:00","mainEntityOfPage":{"@id":"https:\/\/www.anovapeneira.gal\/index.php\/2021\/07\/14\/victoria-alonso-voceira-do-psoe-de-mos\/"},"wordCount":542,"commentCount":0,"publisher":{"@id":"https:\/\/www.anovapeneira.gal\/#organization"},"image":{"@id":"https:\/\/www.anovapeneira.gal\/index.php\/2021\/07\/14\/victoria-alonso-voceira-do-psoe-de-mos\/#primaryimage"},"thumbnailUrl":"https:\/\/www.anovapeneira.gal\/wp-content\/uploads\/2021\/07\/victoria_alonso_mos.jpg","keywords":["Concello de Mos"],"articleSection":["A Louri\u00f1a"],"inLanguage":"gl-ES","potentialAction":[{"@type":"CommentAction","name":"Comment","target":["https:\/\/www.anovapeneira.gal\/index.php\/2021\/07\/14\/victoria-alonso-voceira-do-psoe-de-mos\/#respond"]}]},{"@type":"WebPage","@id":"https:\/\/www.anovapeneira.gal\/index.php\/2021\/07\/14\/victoria-alonso-voceira-do-psoe-de-mos\/","url":"https:\/\/www.anovapeneira.gal\/index.php\/2021\/07\/14\/victoria-alonso-voceira-do-psoe-de-mos\/","name":"Victoria Alonso Voceira do PSOE de Mos -","isPartOf":{"@id":"https:\/\/www.anovapeneira.gal\/#website"},"primaryImageOfPage":{"@id":"https:\/\/www.anovapeneira.gal\/index.php\/2021\/07\/14\/victoria-alonso-voceira-do-psoe-de-mos\/#primaryimage"},"image":{"@id":"https:\/\/www.anovapeneira.gal\/index.php\/2021\/07\/14\/victoria-alonso-voceira-do-psoe-de-mos\/#primaryimage"},"thumbnailUrl":"https:\/\/www.anovapeneira.gal\/wp-content\/uploads\/2021\/07\/victoria_alonso_mos.jpg","datePublished":"2021-07-14T10:00:30+00:00","description":"Nunha das nosas viaxes polos cami\u00f1os e corredoiras da Louri\u00f1a a casualidade fixo que nos cruzaramos coa voceira socialista, lendo unha peneira, e as\u00ed, de s\u00fapeto, sen ter nada previsto, conversamos un rati\u00f1o con ela","breadcrumb":{"@id":"https:\/\/www.anovapeneira.gal\/index.php\/2021\/07\/14\/victoria-alonso-voceira-do-psoe-de-mos\/#breadcrumb"},"inLanguage":"gl-ES","potentialAction":[{"@type":"ReadAction","target":["https:\/\/www.anovapeneira.gal\/index.php\/2021\/07\/14\/victoria-alonso-voceira-do-psoe-de-mos\/"]}]},{"@type":"ImageObject","inLanguage":"gl-ES","@id":"https:\/\/www.anovapeneira.gal\/index.php\/2021\/07\/14\/victoria-alonso-voceira-do-psoe-de-mos\/#primaryimage","url":"https:\/\/www.anovapeneira.gal\/wp-content\/uploads\/2021\/07\/victoria_alonso_mos.jpg","contentUrl":"https:\/\/www.anovapeneira.gal\/wp-content\/uploads\/2021\/07\/victoria_alonso_mos.jpg","width":720,"height":432,"caption":"Victoria Alonso Mos"},{"@type":"BreadcrumbList","@id":"https:\/\/www.anovapeneira.gal\/index.php\/2021\/07\/14\/victoria-alonso-voceira-do-psoe-de-mos\/#breadcrumb","itemListElement":[{"@type":"ListItem","position":1,"name":"Portada","item":"https:\/\/www.anovapeneira.gal\/"},{"@type":"ListItem","position":2,"name":"Victoria Alonso Voceira do PSOE de Mos"}]},{"@type":"WebSite","@id":"https:\/\/www.anovapeneira.gal\/#website","url":"https:\/\/www.anovapeneira.gal\/","name":"","description":"Xornal galego de informaci\u00f3n xeral Publicaci\u00f3n mensual de novas de Galicia e en especial dos Concellos da sur da provincia de Pontevedra.","publisher":{"@id":"https:\/\/www.anovapeneira.gal\/#organization"},"potentialAction":[{"@type":"SearchAction","target":{"@type":"EntryPoint","urlTemplate":"https:\/\/www.anovapeneira.gal\/?s={search_term_string}"},"query-input":{"@type":"PropertyValueSpecification","valueRequired":true,"valueName":"search_term_string"}}],"inLanguage":"gl-ES"},{"@type":"Organization","@id":"https:\/\/www.anovapeneira.gal\/#organization","name":"A Nova Peneira","url":"https:\/\/www.anovapeneira.gal\/","logo":{"@type":"ImageObject","inLanguage":"gl-ES","@id":"https:\/\/www.anovapeneira.gal\/#\/schema\/logo\/image\/","url":"http:\/\/www.anovapeneira.gal\/wp-content\/uploads\/2019\/06\/logo_a_nova_peneira_portal_web.png","contentUrl":"http:\/\/www.anovapeneira.gal\/wp-content\/uploads\/2019\/06\/logo_a_nova_peneira_portal_web.png","width":300,"height":100,"caption":"A Nova Peneira"},"image":{"@id":"https:\/\/www.anovapeneira.gal\/#\/schema\/logo\/image\/"},"sameAs":["https:\/\/www.facebook.com\/anovapeneira","https:\/\/x.com\/APeneira"]},{"@type":"Person","@id":"https:\/\/www.anovapeneira.gal\/#\/schema\/person\/b93e3f8932e3f8da96334607eb6ac6aa","name":"Redacci\u00f3n A Nova Peneira","image":{"@type":"ImageObject","inLanguage":"gl-ES","@id":"https:\/\/secure.gravatar.com\/avatar\/c052a2551a06e23fac63626232eaa90abd78dbcf1700fc46a2b2c89fd27b735f?s=96&d=mm&r=g","url":"https:\/\/secure.gravatar.com\/avatar\/c052a2551a06e23fac63626232eaa90abd78dbcf1700fc46a2b2c89fd27b735f?s=96&d=mm&r=g","contentUrl":"https:\/\/secure.gravatar.com\/avatar\/c052a2551a06e23fac63626232eaa90abd78dbcf1700fc46a2b2c89fd27b735f?s=96&d=mm&r=g","caption":"Redacci\u00f3n A Nova Peneira"},"sameAs":["http:\/\/www.anovapeneira.gal\/"],"url":"https:\/\/www.anovapeneira.gal\/index.php\/author\/redactor\/"}]}},"jetpack_featured_media_url":"https:\/\/www.anovapeneira.gal\/wp-content\/uploads\/2021\/07\/victoria_alonso_mos.jpg","_links":{"self":[{"href":"https:\/\/www.anovapeneira.gal\/index.php\/wp-json\/wp\/v2\/posts\/5766","targetHints":{"allow":["GET"]}}],"collection":[{"href":"https:\/\/www.anovapeneira.gal\/index.php\/wp-json\/wp\/v2\/posts"}],"about":[{"href":"https:\/\/www.anovapeneira.gal\/index.php\/wp-json\/wp\/v2\/types\/post"}],"author":[{"embeddable":true,"href":"https:\/\/www.anovapeneira.gal\/index.php\/wp-json\/wp\/v2\/users\/3"}],"replies":[{"embeddable":true,"href":"https:\/\/www.anovapeneira.gal\/index.php\/wp-json\/wp\/v2\/comments?post=5766"}],"version-history":[{"count":1,"href":"https:\/\/www.anovapeneira.gal\/index.php\/wp-json\/wp\/v2\/posts\/5766\/revisions"}],"predecessor-version":[{"id":5768,"href":"https:\/\/www.anovapeneira.gal\/index.php\/wp-json\/wp\/v2\/posts\/5766\/revisions\/5768"}],"wp:featuredmedia":[{"embeddable":true,"href":"https:\/\/www.anovapeneira.gal\/index.php\/wp-json\/wp\/v2\/media\/5767"}],"wp:attachment":[{"href":"https:\/\/www.anovapeneira.gal\/index.php\/wp-json\/wp\/v2\/media?parent=5766"}],"wp:term":[{"taxonomy":"category","embeddable":true,"href":"https:\/\/www.anovapeneira.gal\/index.php\/wp-json\/wp\/v2\/categories?post=5766"},{"taxonomy":"post_tag","embeddable":true,"href":"https:\/\/www.anovapeneira.gal\/index.php\/wp-json\/wp\/v2\/tags?post=5766"}],"curies":[{"name":"wp","href":"https:\/\/api.w.org\/{rel}","templated":true}]}}