{"id":5769,"date":"2021-07-15T10:00:34","date_gmt":"2021-07-15T08:00:34","guid":{"rendered":"https:\/\/www.anovapeneira.gal\/?p=5769"},"modified":"2021-07-13T16:47:07","modified_gmt":"2021-07-13T14:47:07","slug":"manifestacion-historica-da-vecinanza-das-parroquias-polas-ruas-de-seixo-para-defender-o-centro-de-saude-e-contra-os-recortes-da-xunta-na-sanidade","status":"publish","type":"post","link":"https:\/\/www.anovapeneira.gal\/index.php\/2021\/07\/15\/manifestacion-historica-da-vecinanza-das-parroquias-polas-ruas-de-seixo-para-defender-o-centro-de-saude-e-contra-os-recortes-da-xunta-na-sanidade\/","title":{"rendered":"Manifestaci\u00f3n \u201chist\u00f3rica\u201d da veci\u00f1anza das parroquias polas r\u00faas de Seixo para \u201cdefender o Centro de Sa\u00fade e contra os recortes da Xunta na sanidade.\u201d"},"content":{"rendered":"\n<h2 class=\"wp-block-heading\">A Plataforma cre \u201cque despois desta demostraci\u00f3n de forza da veci\u00f1anza \u00e9 hora que na Xunta pasen da propaganda aos compromisos por escrito.\u201d<\/h2>\n\n\n\n<p><strong>Mar\u00edn, 09\/06\/21. <\/strong><\/p>\n\n\n\n<p>A veci\u00f1anza de O Campo, Santom\u00e9, Ard\u00e1n e Seixo viviu esta tarde unha mobilizaci\u00f3n \u201chist\u00f3rica\u201d que \u201cnon se ti\u00f1a visto antes nas parroquias do rural marinense.\u201d M\u00e1is de 3.500 persoas, segundo a organizaci\u00f3n, participaron nesta mobilizaci\u00f3n masiva que esixiu \u201ccompromisos claros e por escrito \u00e1 Xunta para cubrir todas as prazas do Centro de Sa\u00fade de Seixo e garantir unha asistencia sanitaria digna nas parroquias, que evite o desmantelamento do consultorio.\u201d<\/p>\n\n\n\n<p>A marcha arrancou coa pancarta da Plataforma \u201cpola defensa do centro de sa\u00fade de Seixo, contra os recortes e a privatizaci\u00f3n da sanidade p\u00fablica\u201d, con representantes das catro parroquias afectadas, \u00e1 que lle seguiron pancartas dos comerciantes de ACEMAS e de diferentes lugares como O Campo ou A Torre \u201cdefendendo o centro de sa\u00fade e un rural vivo\u201d e tam\u00e9n con nenos e nenas sostendo a pancarta \u201cqueremos pediatra en Seixo\u201d. A veci\u00f1anza sa\u00edu da gasolineira para percorrer varias r\u00faas, onde se berraron consignas como \u201csanidade, p\u00fablica e de calidade\u201d, \u201cSeixo, Ard\u00e1n, O Campo, Santom\u00e9, os da Xunta con n\u00f3s non van poder\u201d, \u201ca sanidade non se vende, sen\u00f3n que se defende\u201d, \u201cos do rural tam\u00e9n temos dereitos\u201d ata o Centro de Sa\u00fade onde se deu lectura conxunta ao manifesto da Plataforma, por catro representantes das parroquias.<\/p>\n\n\n\n<p>Ao seu paso pola oficina de Abanca, que anunciou o seu peche para o vindeiro 21 de xullo, veci\u00f1as e veci\u00f1os pegaron carteis \u201ccontra o peche da \u00fanica sucursal que queda na zona\u201d. A marcha contou coa asistencia dos profesionais do centro de sa\u00fade, persoal de ambulancias, a plataforma galega SOS Sanidade P\u00fablica e, tam\u00e9n, co apoio do PSOE e o BNG, cos seus portavoces locais e varios dos seus deputados galegos.<\/p>\n\n\n\n<p>A Plataforma insiste en que \u201cdespois desta manifestaci\u00f3n, a Xunta debe pasar da propaganda aos compromisos claros e por escrito. A veci\u00f1anza sa\u00edu \u00e1 r\u00faa porque non se f\u00eda do que din dende a Xunta e repiten do Concello. Sobran exemplos de recortes en centros de sa\u00fade como o noso. As veci\u00f1as e veci\u00f1os non queremos chegar ao 15 de agosto e atoparnos coa praza dun dos m\u00e9dicos que marcha por xubilaci\u00f3n e a do outro que marcha de vacaci\u00f3ns sen cubrir, e que aproveiten para mandarnos a todos a Mar\u00edn. Mobiliz\u00e1monos para que non nos deterioren o servizo e porque temos dereito a unha atenci\u00f3ns sanitaria digna.\u201d<\/p>\n\n\n\n<p>Por \u00faltimo, reiteran que \u201cmentres o compromiso por escrito non se consiga, mobilizar\u00e9monos o que sexa necesario para reclamar os nosos dereitos e evitar o deterioro e desmantelamento destes servizos b\u00e1sicos para toda a veci\u00f1anza da nosa zona.\u201d De feito, xa anunciaron a s\u00faa intenci\u00f3n de chegar \u00e1 Deputaci\u00f3n, \u00e1 Valedora do Pobo e o Parlamento Galego.<\/p>\n","protected":false},"excerpt":{"rendered":"<div class=\"mh-excerpt\"><p>A Plataforma cre \u201cque despois desta demostraci\u00f3n de forza da veci\u00f1anza \u00e9 hora que na Xunta pasen da propaganda aos compromisos por escrito.\u201d <a class=\"mh-excerpt-more\" href=\"https:\/\/www.anovapeneira.gal\/index.php\/2021\/07\/15\/manifestacion-historica-da-vecinanza-das-parroquias-polas-ruas-de-seixo-para-defender-o-centro-de-saude-e-contra-os-recortes-da-xunta-na-sanidade\/\" title=\"Manifestaci\u00f3n \u201chist\u00f3rica\u201d da veci\u00f1anza das parroquias polas r\u00faas de Seixo para \u201cdefender o Centro de Sa\u00fade e contra os recortes da Xunta na sanidade.\u201d\">[&#8230;]<\/a><\/p>\n<\/div>","protected":false},"author":3,"featured_media":5771,"comment_status":"open","ping_status":"open","sticky":false,"template":"","format":"standard","meta":{"_exactmetrics_skip_tracking":false,"_exactmetrics_sitenote_active":false,"_exactmetrics_sitenote_note":"","_exactmetrics_sitenote_category":0,"footnotes":""},"categories":[22],"tags":[144],"class_list":{"0":"post-5769","1":"post","2":"type-post","3":"status-publish","4":"format-standard","5":"has-post-thumbnail","7":"category-morrazo","8":"tag-concello-de-marin"},"yoast_head":"<!-- This site is optimized with the Yoast SEO plugin v27.4 - https:\/\/yoast.com\/product\/yoast-seo-wordpress\/ -->\n<title>Manifestaci\u00f3n \u201chist\u00f3rica\u201d da veci\u00f1anza das parroquias polas r\u00faas de Seixo para \u201cdefender o Centro de Sa\u00fade e contra os recortes da Xunta na sanidade.\u201d -<\/title>\n<meta name=\"description\" content=\"A Plataforma cre \u201cque despois desta demostraci\u00f3n de forza da veci\u00f1anza \u00e9 hora que na Xunta pasen da propaganda aos compromisos por escrito.\u201d\" \/>\n<meta name=\"robots\" content=\"index, follow, max-snippet:-1, max-image-preview:large, max-video-preview:-1\" \/>\n<link rel=\"canonical\" href=\"https:\/\/www.anovapeneira.gal\/index.php\/2021\/07\/15\/manifestacion-historica-da-vecinanza-das-parroquias-polas-ruas-de-seixo-para-defender-o-centro-de-saude-e-contra-os-recortes-da-xunta-na-sanidade\/\" \/>\n<meta property=\"og:locale\" content=\"gl_ES\" \/>\n<meta property=\"og:type\" content=\"article\" \/>\n<meta property=\"og:title\" content=\"Manifestaci\u00f3n \u201chist\u00f3rica\u201d da veci\u00f1anza das parroquias polas r\u00faas de Seixo para \u201cdefender o Centro de Sa\u00fade e contra os recortes da Xunta na sanidade.\u201d -\" \/>\n<meta property=\"og:description\" content=\"A Plataforma cre \u201cque despois desta demostraci\u00f3n de forza da veci\u00f1anza \u00e9 hora que na Xunta pasen da propaganda aos compromisos por escrito.\u201d\" \/>\n<meta property=\"og:url\" content=\"https:\/\/www.anovapeneira.gal\/index.php\/2021\/07\/15\/manifestacion-historica-da-vecinanza-das-parroquias-polas-ruas-de-seixo-para-defender-o-centro-de-saude-e-contra-os-recortes-da-xunta-na-sanidade\/\" \/>\n<meta property=\"article:publisher\" content=\"https:\/\/www.facebook.com\/anovapeneira\" \/>\n<meta property=\"article:published_time\" content=\"2021-07-15T08:00:34+00:00\" \/>\n<meta property=\"og:image\" content=\"https:\/\/www.anovapeneira.gal\/wp-content\/uploads\/2021\/07\/centro_saude_seixo-1.jpg\" \/>\n\t<meta property=\"og:image:width\" content=\"720\" \/>\n\t<meta property=\"og:image:height\" content=\"432\" \/>\n\t<meta property=\"og:image:type\" content=\"image\/jpeg\" \/>\n<meta name=\"author\" content=\"Redacci\u00f3n A Nova Peneira\" \/>\n<meta name=\"twitter:card\" content=\"summary_large_image\" \/>\n<meta name=\"twitter:creator\" content=\"@APeneira\" \/>\n<meta name=\"twitter:site\" content=\"@APeneira\" \/>\n<meta name=\"twitter:label1\" content=\"Escrito por\" \/>\n\t<meta name=\"twitter:data1\" content=\"Redacci\u00f3n A Nova Peneira\" \/>\n\t<meta name=\"twitter:label2\" content=\"Tempo de lectura\" \/>\n\t<meta name=\"twitter:data2\" content=\"3 minutos\" \/>\n<script type=\"application\/ld+json\" class=\"yoast-schema-graph\">{\"@context\":\"https:\\\/\\\/schema.org\",\"@graph\":[{\"@type\":\"Article\",\"@id\":\"https:\\\/\\\/www.anovapeneira.gal\\\/index.php\\\/2021\\\/07\\\/15\\\/manifestacion-historica-da-vecinanza-das-parroquias-polas-ruas-de-seixo-para-defender-o-centro-de-saude-e-contra-os-recortes-da-xunta-na-sanidade\\\/#article\",\"isPartOf\":{\"@id\":\"https:\\\/\\\/www.anovapeneira.gal\\\/index.php\\\/2021\\\/07\\\/15\\\/manifestacion-historica-da-vecinanza-das-parroquias-polas-ruas-de-seixo-para-defender-o-centro-de-saude-e-contra-os-recortes-da-xunta-na-sanidade\\\/\"},\"author\":{\"name\":\"Redacci\u00f3n A Nova Peneira\",\"@id\":\"https:\\\/\\\/www.anovapeneira.gal\\\/#\\\/schema\\\/person\\\/b93e3f8932e3f8da96334607eb6ac6aa\"},\"headline\":\"Manifestaci\u00f3n \u201chist\u00f3rica\u201d da veci\u00f1anza das parroquias polas r\u00faas de Seixo para \u201cdefender o Centro de Sa\u00fade e contra os recortes da Xunta na sanidade.\u201d\",\"datePublished\":\"2021-07-15T08:00:34+00:00\",\"mainEntityOfPage\":{\"@id\":\"https:\\\/\\\/www.anovapeneira.gal\\\/index.php\\\/2021\\\/07\\\/15\\\/manifestacion-historica-da-vecinanza-das-parroquias-polas-ruas-de-seixo-para-defender-o-centro-de-saude-e-contra-os-recortes-da-xunta-na-sanidade\\\/\"},\"wordCount\":540,\"commentCount\":0,\"publisher\":{\"@id\":\"https:\\\/\\\/www.anovapeneira.gal\\\/#organization\"},\"image\":{\"@id\":\"https:\\\/\\\/www.anovapeneira.gal\\\/index.php\\\/2021\\\/07\\\/15\\\/manifestacion-historica-da-vecinanza-das-parroquias-polas-ruas-de-seixo-para-defender-o-centro-de-saude-e-contra-os-recortes-da-xunta-na-sanidade\\\/#primaryimage\"},\"thumbnailUrl\":\"https:\\\/\\\/www.anovapeneira.gal\\\/wp-content\\\/uploads\\\/2021\\\/07\\\/centro_saude_seixo-1.jpg\",\"keywords\":[\"Concello de Mar\u00edn\"],\"articleSection\":[\"Morrazo\"],\"inLanguage\":\"gl-ES\",\"potentialAction\":[{\"@type\":\"CommentAction\",\"name\":\"Comment\",\"target\":[\"https:\\\/\\\/www.anovapeneira.gal\\\/index.php\\\/2021\\\/07\\\/15\\\/manifestacion-historica-da-vecinanza-das-parroquias-polas-ruas-de-seixo-para-defender-o-centro-de-saude-e-contra-os-recortes-da-xunta-na-sanidade\\\/#respond\"]}]},{\"@type\":\"WebPage\",\"@id\":\"https:\\\/\\\/www.anovapeneira.gal\\\/index.php\\\/2021\\\/07\\\/15\\\/manifestacion-historica-da-vecinanza-das-parroquias-polas-ruas-de-seixo-para-defender-o-centro-de-saude-e-contra-os-recortes-da-xunta-na-sanidade\\\/\",\"url\":\"https:\\\/\\\/www.anovapeneira.gal\\\/index.php\\\/2021\\\/07\\\/15\\\/manifestacion-historica-da-vecinanza-das-parroquias-polas-ruas-de-seixo-para-defender-o-centro-de-saude-e-contra-os-recortes-da-xunta-na-sanidade\\\/\",\"name\":\"Manifestaci\u00f3n \u201chist\u00f3rica\u201d da veci\u00f1anza das parroquias polas r\u00faas de Seixo para \u201cdefender o Centro de Sa\u00fade e contra os recortes da Xunta na sanidade.\u201d -\",\"isPartOf\":{\"@id\":\"https:\\\/\\\/www.anovapeneira.gal\\\/#website\"},\"primaryImageOfPage\":{\"@id\":\"https:\\\/\\\/www.anovapeneira.gal\\\/index.php\\\/2021\\\/07\\\/15\\\/manifestacion-historica-da-vecinanza-das-parroquias-polas-ruas-de-seixo-para-defender-o-centro-de-saude-e-contra-os-recortes-da-xunta-na-sanidade\\\/#primaryimage\"},\"image\":{\"@id\":\"https:\\\/\\\/www.anovapeneira.gal\\\/index.php\\\/2021\\\/07\\\/15\\\/manifestacion-historica-da-vecinanza-das-parroquias-polas-ruas-de-seixo-para-defender-o-centro-de-saude-e-contra-os-recortes-da-xunta-na-sanidade\\\/#primaryimage\"},\"thumbnailUrl\":\"https:\\\/\\\/www.anovapeneira.gal\\\/wp-content\\\/uploads\\\/2021\\\/07\\\/centro_saude_seixo-1.jpg\",\"datePublished\":\"2021-07-15T08:00:34+00:00\",\"description\":\"A Plataforma cre \u201cque despois desta demostraci\u00f3n de forza da veci\u00f1anza \u00e9 hora que na Xunta pasen da propaganda aos compromisos por escrito.\u201d\",\"breadcrumb\":{\"@id\":\"https:\\\/\\\/www.anovapeneira.gal\\\/index.php\\\/2021\\\/07\\\/15\\\/manifestacion-historica-da-vecinanza-das-parroquias-polas-ruas-de-seixo-para-defender-o-centro-de-saude-e-contra-os-recortes-da-xunta-na-sanidade\\\/#breadcrumb\"},\"inLanguage\":\"gl-ES\",\"potentialAction\":[{\"@type\":\"ReadAction\",\"target\":[\"https:\\\/\\\/www.anovapeneira.gal\\\/index.php\\\/2021\\\/07\\\/15\\\/manifestacion-historica-da-vecinanza-das-parroquias-polas-ruas-de-seixo-para-defender-o-centro-de-saude-e-contra-os-recortes-da-xunta-na-sanidade\\\/\"]}]},{\"@type\":\"ImageObject\",\"inLanguage\":\"gl-ES\",\"@id\":\"https:\\\/\\\/www.anovapeneira.gal\\\/index.php\\\/2021\\\/07\\\/15\\\/manifestacion-historica-da-vecinanza-das-parroquias-polas-ruas-de-seixo-para-defender-o-centro-de-saude-e-contra-os-recortes-da-xunta-na-sanidade\\\/#primaryimage\",\"url\":\"https:\\\/\\\/www.anovapeneira.gal\\\/wp-content\\\/uploads\\\/2021\\\/07\\\/centro_saude_seixo-1.jpg\",\"contentUrl\":\"https:\\\/\\\/www.anovapeneira.gal\\\/wp-content\\\/uploads\\\/2021\\\/07\\\/centro_saude_seixo-1.jpg\",\"width\":720,\"height\":432,\"caption\":\"Centro de Sa\u00fade Seixo\"},{\"@type\":\"BreadcrumbList\",\"@id\":\"https:\\\/\\\/www.anovapeneira.gal\\\/index.php\\\/2021\\\/07\\\/15\\\/manifestacion-historica-da-vecinanza-das-parroquias-polas-ruas-de-seixo-para-defender-o-centro-de-saude-e-contra-os-recortes-da-xunta-na-sanidade\\\/#breadcrumb\",\"itemListElement\":[{\"@type\":\"ListItem\",\"position\":1,\"name\":\"Portada\",\"item\":\"https:\\\/\\\/www.anovapeneira.gal\\\/\"},{\"@type\":\"ListItem\",\"position\":2,\"name\":\"Manifestaci\u00f3n \u201chist\u00f3rica\u201d da veci\u00f1anza das parroquias polas r\u00faas de Seixo para \u201cdefender o Centro de Sa\u00fade e contra os recortes da Xunta na sanidade.\u201d\"}]},{\"@type\":\"WebSite\",\"@id\":\"https:\\\/\\\/www.anovapeneira.gal\\\/#website\",\"url\":\"https:\\\/\\\/www.anovapeneira.gal\\\/\",\"name\":\"\",\"description\":\"Xornal galego de informaci\u00f3n xeral Publicaci\u00f3n mensual de novas de Galicia e en especial dos Concellos da sur da provincia de Pontevedra.\",\"publisher\":{\"@id\":\"https:\\\/\\\/www.anovapeneira.gal\\\/#organization\"},\"potentialAction\":[{\"@type\":\"SearchAction\",\"target\":{\"@type\":\"EntryPoint\",\"urlTemplate\":\"https:\\\/\\\/www.anovapeneira.gal\\\/?s={search_term_string}\"},\"query-input\":{\"@type\":\"PropertyValueSpecification\",\"valueRequired\":true,\"valueName\":\"search_term_string\"}}],\"inLanguage\":\"gl-ES\"},{\"@type\":\"Organization\",\"@id\":\"https:\\\/\\\/www.anovapeneira.gal\\\/#organization\",\"name\":\"A Nova Peneira\",\"url\":\"https:\\\/\\\/www.anovapeneira.gal\\\/\",\"logo\":{\"@type\":\"ImageObject\",\"inLanguage\":\"gl-ES\",\"@id\":\"https:\\\/\\\/www.anovapeneira.gal\\\/#\\\/schema\\\/logo\\\/image\\\/\",\"url\":\"http:\\\/\\\/www.anovapeneira.gal\\\/wp-content\\\/uploads\\\/2019\\\/06\\\/logo_a_nova_peneira_portal_web.png\",\"contentUrl\":\"http:\\\/\\\/www.anovapeneira.gal\\\/wp-content\\\/uploads\\\/2019\\\/06\\\/logo_a_nova_peneira_portal_web.png\",\"width\":300,\"height\":100,\"caption\":\"A Nova Peneira\"},\"image\":{\"@id\":\"https:\\\/\\\/www.anovapeneira.gal\\\/#\\\/schema\\\/logo\\\/image\\\/\"},\"sameAs\":[\"https:\\\/\\\/www.facebook.com\\\/anovapeneira\",\"https:\\\/\\\/x.com\\\/APeneira\"]},{\"@type\":\"Person\",\"@id\":\"https:\\\/\\\/www.anovapeneira.gal\\\/#\\\/schema\\\/person\\\/b93e3f8932e3f8da96334607eb6ac6aa\",\"name\":\"Redacci\u00f3n A Nova Peneira\",\"image\":{\"@type\":\"ImageObject\",\"inLanguage\":\"gl-ES\",\"@id\":\"https:\\\/\\\/secure.gravatar.com\\\/avatar\\\/c052a2551a06e23fac63626232eaa90abd78dbcf1700fc46a2b2c89fd27b735f?s=96&d=mm&r=g\",\"url\":\"https:\\\/\\\/secure.gravatar.com\\\/avatar\\\/c052a2551a06e23fac63626232eaa90abd78dbcf1700fc46a2b2c89fd27b735f?s=96&d=mm&r=g\",\"contentUrl\":\"https:\\\/\\\/secure.gravatar.com\\\/avatar\\\/c052a2551a06e23fac63626232eaa90abd78dbcf1700fc46a2b2c89fd27b735f?s=96&d=mm&r=g\",\"caption\":\"Redacci\u00f3n A Nova Peneira\"},\"sameAs\":[\"http:\\\/\\\/www.anovapeneira.gal\\\/\"],\"url\":\"https:\\\/\\\/www.anovapeneira.gal\\\/index.php\\\/author\\\/redactor\\\/\"}]}<\/script>\n<!-- \/ Yoast SEO plugin. -->","yoast_head_json":{"title":"Manifestaci\u00f3n \u201chist\u00f3rica\u201d da veci\u00f1anza das parroquias polas r\u00faas de Seixo para \u201cdefender o Centro de Sa\u00fade e contra os recortes da Xunta na sanidade.\u201d -","description":"A Plataforma cre \u201cque despois desta demostraci\u00f3n de forza da veci\u00f1anza \u00e9 hora que na Xunta pasen da propaganda aos compromisos por escrito.\u201d","robots":{"index":"index","follow":"follow","max-snippet":"max-snippet:-1","max-image-preview":"max-image-preview:large","max-video-preview":"max-video-preview:-1"},"canonical":"https:\/\/www.anovapeneira.gal\/index.php\/2021\/07\/15\/manifestacion-historica-da-vecinanza-das-parroquias-polas-ruas-de-seixo-para-defender-o-centro-de-saude-e-contra-os-recortes-da-xunta-na-sanidade\/","og_locale":"gl_ES","og_type":"article","og_title":"Manifestaci\u00f3n \u201chist\u00f3rica\u201d da veci\u00f1anza das parroquias polas r\u00faas de Seixo para \u201cdefender o Centro de Sa\u00fade e contra os recortes da Xunta na sanidade.\u201d -","og_description":"A Plataforma cre \u201cque despois desta demostraci\u00f3n de forza da veci\u00f1anza \u00e9 hora que na Xunta pasen da propaganda aos compromisos por escrito.\u201d","og_url":"https:\/\/www.anovapeneira.gal\/index.php\/2021\/07\/15\/manifestacion-historica-da-vecinanza-das-parroquias-polas-ruas-de-seixo-para-defender-o-centro-de-saude-e-contra-os-recortes-da-xunta-na-sanidade\/","article_publisher":"https:\/\/www.facebook.com\/anovapeneira","article_published_time":"2021-07-15T08:00:34+00:00","og_image":[{"width":720,"height":432,"url":"https:\/\/www.anovapeneira.gal\/wp-content\/uploads\/2021\/07\/centro_saude_seixo-1.jpg","type":"image\/jpeg"}],"author":"Redacci\u00f3n A Nova Peneira","twitter_card":"summary_large_image","twitter_creator":"@APeneira","twitter_site":"@APeneira","twitter_misc":{"Escrito por":"Redacci\u00f3n A Nova Peneira","Tempo de lectura":"3 minutos"},"schema":{"@context":"https:\/\/schema.org","@graph":[{"@type":"Article","@id":"https:\/\/www.anovapeneira.gal\/index.php\/2021\/07\/15\/manifestacion-historica-da-vecinanza-das-parroquias-polas-ruas-de-seixo-para-defender-o-centro-de-saude-e-contra-os-recortes-da-xunta-na-sanidade\/#article","isPartOf":{"@id":"https:\/\/www.anovapeneira.gal\/index.php\/2021\/07\/15\/manifestacion-historica-da-vecinanza-das-parroquias-polas-ruas-de-seixo-para-defender-o-centro-de-saude-e-contra-os-recortes-da-xunta-na-sanidade\/"},"author":{"name":"Redacci\u00f3n A Nova Peneira","@id":"https:\/\/www.anovapeneira.gal\/#\/schema\/person\/b93e3f8932e3f8da96334607eb6ac6aa"},"headline":"Manifestaci\u00f3n \u201chist\u00f3rica\u201d da veci\u00f1anza das parroquias polas r\u00faas de Seixo para \u201cdefender o Centro de Sa\u00fade e contra os recortes da Xunta na sanidade.\u201d","datePublished":"2021-07-15T08:00:34+00:00","mainEntityOfPage":{"@id":"https:\/\/www.anovapeneira.gal\/index.php\/2021\/07\/15\/manifestacion-historica-da-vecinanza-das-parroquias-polas-ruas-de-seixo-para-defender-o-centro-de-saude-e-contra-os-recortes-da-xunta-na-sanidade\/"},"wordCount":540,"commentCount":0,"publisher":{"@id":"https:\/\/www.anovapeneira.gal\/#organization"},"image":{"@id":"https:\/\/www.anovapeneira.gal\/index.php\/2021\/07\/15\/manifestacion-historica-da-vecinanza-das-parroquias-polas-ruas-de-seixo-para-defender-o-centro-de-saude-e-contra-os-recortes-da-xunta-na-sanidade\/#primaryimage"},"thumbnailUrl":"https:\/\/www.anovapeneira.gal\/wp-content\/uploads\/2021\/07\/centro_saude_seixo-1.jpg","keywords":["Concello de Mar\u00edn"],"articleSection":["Morrazo"],"inLanguage":"gl-ES","potentialAction":[{"@type":"CommentAction","name":"Comment","target":["https:\/\/www.anovapeneira.gal\/index.php\/2021\/07\/15\/manifestacion-historica-da-vecinanza-das-parroquias-polas-ruas-de-seixo-para-defender-o-centro-de-saude-e-contra-os-recortes-da-xunta-na-sanidade\/#respond"]}]},{"@type":"WebPage","@id":"https:\/\/www.anovapeneira.gal\/index.php\/2021\/07\/15\/manifestacion-historica-da-vecinanza-das-parroquias-polas-ruas-de-seixo-para-defender-o-centro-de-saude-e-contra-os-recortes-da-xunta-na-sanidade\/","url":"https:\/\/www.anovapeneira.gal\/index.php\/2021\/07\/15\/manifestacion-historica-da-vecinanza-das-parroquias-polas-ruas-de-seixo-para-defender-o-centro-de-saude-e-contra-os-recortes-da-xunta-na-sanidade\/","name":"Manifestaci\u00f3n \u201chist\u00f3rica\u201d da veci\u00f1anza das parroquias polas r\u00faas de Seixo para \u201cdefender o Centro de Sa\u00fade e contra os recortes da Xunta na sanidade.\u201d -","isPartOf":{"@id":"https:\/\/www.anovapeneira.gal\/#website"},"primaryImageOfPage":{"@id":"https:\/\/www.anovapeneira.gal\/index.php\/2021\/07\/15\/manifestacion-historica-da-vecinanza-das-parroquias-polas-ruas-de-seixo-para-defender-o-centro-de-saude-e-contra-os-recortes-da-xunta-na-sanidade\/#primaryimage"},"image":{"@id":"https:\/\/www.anovapeneira.gal\/index.php\/2021\/07\/15\/manifestacion-historica-da-vecinanza-das-parroquias-polas-ruas-de-seixo-para-defender-o-centro-de-saude-e-contra-os-recortes-da-xunta-na-sanidade\/#primaryimage"},"thumbnailUrl":"https:\/\/www.anovapeneira.gal\/wp-content\/uploads\/2021\/07\/centro_saude_seixo-1.jpg","datePublished":"2021-07-15T08:00:34+00:00","description":"A Plataforma cre \u201cque despois desta demostraci\u00f3n de forza da veci\u00f1anza \u00e9 hora que na Xunta pasen da propaganda aos compromisos por escrito.\u201d","breadcrumb":{"@id":"https:\/\/www.anovapeneira.gal\/index.php\/2021\/07\/15\/manifestacion-historica-da-vecinanza-das-parroquias-polas-ruas-de-seixo-para-defender-o-centro-de-saude-e-contra-os-recortes-da-xunta-na-sanidade\/#breadcrumb"},"inLanguage":"gl-ES","potentialAction":[{"@type":"ReadAction","target":["https:\/\/www.anovapeneira.gal\/index.php\/2021\/07\/15\/manifestacion-historica-da-vecinanza-das-parroquias-polas-ruas-de-seixo-para-defender-o-centro-de-saude-e-contra-os-recortes-da-xunta-na-sanidade\/"]}]},{"@type":"ImageObject","inLanguage":"gl-ES","@id":"https:\/\/www.anovapeneira.gal\/index.php\/2021\/07\/15\/manifestacion-historica-da-vecinanza-das-parroquias-polas-ruas-de-seixo-para-defender-o-centro-de-saude-e-contra-os-recortes-da-xunta-na-sanidade\/#primaryimage","url":"https:\/\/www.anovapeneira.gal\/wp-content\/uploads\/2021\/07\/centro_saude_seixo-1.jpg","contentUrl":"https:\/\/www.anovapeneira.gal\/wp-content\/uploads\/2021\/07\/centro_saude_seixo-1.jpg","width":720,"height":432,"caption":"Centro de Sa\u00fade Seixo"},{"@type":"BreadcrumbList","@id":"https:\/\/www.anovapeneira.gal\/index.php\/2021\/07\/15\/manifestacion-historica-da-vecinanza-das-parroquias-polas-ruas-de-seixo-para-defender-o-centro-de-saude-e-contra-os-recortes-da-xunta-na-sanidade\/#breadcrumb","itemListElement":[{"@type":"ListItem","position":1,"name":"Portada","item":"https:\/\/www.anovapeneira.gal\/"},{"@type":"ListItem","position":2,"name":"Manifestaci\u00f3n \u201chist\u00f3rica\u201d da veci\u00f1anza das parroquias polas r\u00faas de Seixo para \u201cdefender o Centro de Sa\u00fade e contra os recortes da Xunta na sanidade.\u201d"}]},{"@type":"WebSite","@id":"https:\/\/www.anovapeneira.gal\/#website","url":"https:\/\/www.anovapeneira.gal\/","name":"","description":"Xornal galego de informaci\u00f3n xeral Publicaci\u00f3n mensual de novas de Galicia e en especial dos Concellos da sur da provincia de Pontevedra.","publisher":{"@id":"https:\/\/www.anovapeneira.gal\/#organization"},"potentialAction":[{"@type":"SearchAction","target":{"@type":"EntryPoint","urlTemplate":"https:\/\/www.anovapeneira.gal\/?s={search_term_string}"},"query-input":{"@type":"PropertyValueSpecification","valueRequired":true,"valueName":"search_term_string"}}],"inLanguage":"gl-ES"},{"@type":"Organization","@id":"https:\/\/www.anovapeneira.gal\/#organization","name":"A Nova Peneira","url":"https:\/\/www.anovapeneira.gal\/","logo":{"@type":"ImageObject","inLanguage":"gl-ES","@id":"https:\/\/www.anovapeneira.gal\/#\/schema\/logo\/image\/","url":"http:\/\/www.anovapeneira.gal\/wp-content\/uploads\/2019\/06\/logo_a_nova_peneira_portal_web.png","contentUrl":"http:\/\/www.anovapeneira.gal\/wp-content\/uploads\/2019\/06\/logo_a_nova_peneira_portal_web.png","width":300,"height":100,"caption":"A Nova Peneira"},"image":{"@id":"https:\/\/www.anovapeneira.gal\/#\/schema\/logo\/image\/"},"sameAs":["https:\/\/www.facebook.com\/anovapeneira","https:\/\/x.com\/APeneira"]},{"@type":"Person","@id":"https:\/\/www.anovapeneira.gal\/#\/schema\/person\/b93e3f8932e3f8da96334607eb6ac6aa","name":"Redacci\u00f3n A Nova Peneira","image":{"@type":"ImageObject","inLanguage":"gl-ES","@id":"https:\/\/secure.gravatar.com\/avatar\/c052a2551a06e23fac63626232eaa90abd78dbcf1700fc46a2b2c89fd27b735f?s=96&d=mm&r=g","url":"https:\/\/secure.gravatar.com\/avatar\/c052a2551a06e23fac63626232eaa90abd78dbcf1700fc46a2b2c89fd27b735f?s=96&d=mm&r=g","contentUrl":"https:\/\/secure.gravatar.com\/avatar\/c052a2551a06e23fac63626232eaa90abd78dbcf1700fc46a2b2c89fd27b735f?s=96&d=mm&r=g","caption":"Redacci\u00f3n A Nova Peneira"},"sameAs":["http:\/\/www.anovapeneira.gal\/"],"url":"https:\/\/www.anovapeneira.gal\/index.php\/author\/redactor\/"}]}},"jetpack_featured_media_url":"https:\/\/www.anovapeneira.gal\/wp-content\/uploads\/2021\/07\/centro_saude_seixo-1.jpg","_links":{"self":[{"href":"https:\/\/www.anovapeneira.gal\/index.php\/wp-json\/wp\/v2\/posts\/5769","targetHints":{"allow":["GET"]}}],"collection":[{"href":"https:\/\/www.anovapeneira.gal\/index.php\/wp-json\/wp\/v2\/posts"}],"about":[{"href":"https:\/\/www.anovapeneira.gal\/index.php\/wp-json\/wp\/v2\/types\/post"}],"author":[{"embeddable":true,"href":"https:\/\/www.anovapeneira.gal\/index.php\/wp-json\/wp\/v2\/users\/3"}],"replies":[{"embeddable":true,"href":"https:\/\/www.anovapeneira.gal\/index.php\/wp-json\/wp\/v2\/comments?post=5769"}],"version-history":[{"count":2,"href":"https:\/\/www.anovapeneira.gal\/index.php\/wp-json\/wp\/v2\/posts\/5769\/revisions"}],"predecessor-version":[{"id":5772,"href":"https:\/\/www.anovapeneira.gal\/index.php\/wp-json\/wp\/v2\/posts\/5769\/revisions\/5772"}],"wp:featuredmedia":[{"embeddable":true,"href":"https:\/\/www.anovapeneira.gal\/index.php\/wp-json\/wp\/v2\/media\/5771"}],"wp:attachment":[{"href":"https:\/\/www.anovapeneira.gal\/index.php\/wp-json\/wp\/v2\/media?parent=5769"}],"wp:term":[{"taxonomy":"category","embeddable":true,"href":"https:\/\/www.anovapeneira.gal\/index.php\/wp-json\/wp\/v2\/categories?post=5769"},{"taxonomy":"post_tag","embeddable":true,"href":"https:\/\/www.anovapeneira.gal\/index.php\/wp-json\/wp\/v2\/tags?post=5769"}],"curies":[{"name":"wp","href":"https:\/\/api.w.org\/{rel}","templated":true}]}}