{"id":5783,"date":"2021-07-19T12:00:26","date_gmt":"2021-07-19T10:00:26","guid":{"rendered":"https:\/\/www.anovapeneira.gal\/?p=5783"},"modified":"2021-07-13T17:11:52","modified_gmt":"2021-07-13T15:11:52","slug":"matria-e-patria","status":"publish","type":"post","link":"https:\/\/www.anovapeneira.gal\/index.php\/2021\/07\/19\/matria-e-patria\/","title":{"rendered":"MATRIA E PATRIA"},"content":{"rendered":"\n<figure class=\"wp-block-image size-large is-resized\"><img loading=\"lazy\" decoding=\"async\" src=\"http:\/\/www.anovapeneira.gal\/wp-content\/uploads\/2019\/07\/Baldomero_Iglesias_Dobarrio_Mero.jpg\" alt=\"Baldomero Iglesias Dobarrio Mero artigos de opini\u00f3n A Nova Peneira\" class=\"wp-image-482\" width=\"95\" height=\"111\"\/><figcaption>Baldomero Iglesias Dobarrio, Mero<\/figcaption><\/figure>\n\n\n\n<p>Ano de 2021, 25 de xullo, como cada ano, D\u00eda da M\/Patria Galega. D\u00eda de celebraci\u00f3n e sobre todo exercicio. Anque este debera ser todo o ano, celebrando as\u00ed, nesta Lingua que nos ocupa, nesta Matria que nos envolve, nesta Historia que nos define, propietarios para gardar canto temos e enriquecelo en porvir de confianza, sendo cr\u00edticos, esixindo o que \u00e9 noso e sen cegarnos, sendo solidarios e xenerosos. Claro que o lado negativo da proclama tam\u00e9n require esforzos e indica que temos uns deberes para con ela, que non se cumprimentan por veces, como non vendela a ning\u00fan amigo\/inimigo de conveniencia, nin permitir que a vendan envoltos en envexas nin atropelos, sen permitir que a profanen traidores, hoxe moi ben gardados e aparentes por detr\u00e1s de sorrisos compracentes. Sen deixar que nos asoballen dereitos, e facendo de Galiza unha terra de Liberdade, no orgullo e honra de ser quen somos e de repartir para todxs nesa paridade solidaria escrita en equidade. Volvendo por quen nos defendan, quen xestionan ben e buscan sen descanso soluci\u00f3ns. Sinalando e castigando a quen nos danan e a quen ve\u00f1an contra de n\u00f3s, normalmente prometendo e sen ter creto.<\/p>\n\n\n\n<p>Anque ao abrir os ollos vemos unha realidade triste e gris, asolagada na mediocridade. Perdoade, mais cada r\u00faa \u00e9 un lamento de urxencias, cada aldea unha illa que resiste afogando en ameazas de destruci\u00f3n. Matria onde os bancos, a\u00ednda despois de esquilmar aos contribu\u00edntes, pegan coas portas nos narices dicindo &#8220;non&#8221; a calquera anceio de progreso ou de particular iniciativa. Patria onde as empresas son para beneficio da empresa e non para reparto entre traballadores e usuarios, onde gardan no caix\u00f3n -e sen mirar- os curr\u00edculos de quen pide traballo en dignidade. Como ousar\u00edan promover inversi\u00f3n en si mesmas? Matria onde todo se compra e toda a xente se vende, po\u00f1endo prezo, alt\u00edsimo tam\u00e9n, ao que \u00e9 necesario (enerx\u00eda, sa\u00fade, aire, auga, paisaxe, natureza, cultura, educaci\u00f3n, creaci\u00f3n, investigaci\u00f3n). Patria onde campa a corrupci\u00f3n e a mentira para falsear calquera realidade. Matria de moita m\u00e1is tristura, agora coa pandemia e as olladas perdidas, con colas para comer e abeirar, para agardar nas moreas de lixo o momento da miseria e inmoralidade feita fames, buscando algo no medio da podremia. Mentres, inv\u00e1denos a nube negra da incompetencia e a resolta mediocridade, envoltos en palabras, dos que din que nos gobernan e parlamentan soluci\u00f3ns, axudados da lei que non repara nin corrixe sen\u00f3n que oculta, a\u00ednda m\u00e1is, aos culpables. Neste intre, axudados de tantos virus, medos, ameazas, eres e ertes, paro, migallas laborais improvisadas e nefastas. Para remate feliz, as &nbsp;leis de transparencia serven para validar silencios e indultar opacidades que a eles mesmos deber\u00edan declarar, as\u00ed tapan infectando de novo o benestar, obstaculizando e creando sombras que danan a vida social. No momento exacto en que os sectores p\u00fablicos facilitan o c\u00famulo de porcalladas, de corrupci\u00f3n e indecencia que, tantas veces, habita no \u00e1mbito privado. Semella como que queren imitalos, retroceder na consideraci\u00f3n e no trato. Patria que o primeiro que fai e salvagardar os intereses propios e familiares, inclu\u00edndo na n\u00f3mina do estado aos parentes e &#8220;amizades&#8221;. Matria onde a hucha sempre est\u00e1 baleira e nunca d\u00e1 para m\u00e1is, onde as promesas son s\u00f3 un anuncio de campa\u00f1a.<\/p>\n\n\n\n<p>Antes dic\u00edan que viviamos por riba de n\u00f3s, agora xa non o din pero obr\u00edgannos a vivir por baixo deles. E din que non hai para Sanidade, nin para Educaci\u00f3n, nin para os pensionistas ou dependentes. Seica van vir moitos mill\u00f3ns, que logo pagaremos, de Europa para erguer a econom\u00eda! Pagar\u00e9molos ben pagados, non hai d\u00fabida. Ent\u00f3n \u00e9 cando un se cabrea e ch\u00e1malles de todo perdendo os estribos e a educaci\u00f3n, pouca xa, ao aceler\u00e1rsenos o pulso. Patria na que escoitamos como nos falan de ir xuntos, nesa unidade que unifica sen ter en conta as valios\u00edsimas peculiaridades que habitan a diferenza e que, evidentemente, son o mellor agasallo humano, xunto coa Xustiza e Liberdade. A s\u00faa unidade \u00e9 un rolo que pisa todo, globalizando, uniformando para borrarnos do escenario. Empregan, levan s\u00e9culos, m\u00e9todos de insulto e menosprezo, de falta de equidade e dignidade, cara a n\u00f3s e a nosa Lingua, a Nosa Cultura. Burla e apoucamentos. A unidade que eles proclaman, non hai que ir moi lonxe nin ser adivi\u00f1o, \u00e9 esta que vemos, a de mendigar traballos para que eles enchan satisfacci\u00f3ns e vivan \u00e1 nosa costa relaxados, permit\u00edndose o luxo de darnos clases de moral e \u00e9tica. Celebraremos, un ano m\u00e1is, as festas do consolo, agora esta da M\/Patria Galega, anque deberiamos considerar arrepo\u00f1emos, mandar parar a desfeita. C\u00f3mpre outro Medulio onde ardan eles, quen non se quere nin ama a M\/Patria, anque &nbsp;quizais nin sequera ardan! Por riba de todo, debemos gardar a esperanza sen permitir que nola rouben. Nosas son, mesmo as nosas fames!<\/p>\n","protected":false},"excerpt":{"rendered":"<div class=\"mh-excerpt\"><p>Ano de 2021, 25 de xullo, como cada ano, D\u00eda da M\/Patria Galega. D\u00eda de celebraci\u00f3n e sobre todo exercicio. Anque este debera ser todo o ano, celebrando as\u00ed, nesta Lingua que nos ocupa, nesta Matria que nos envolve, nesta Historia que nos define, propietarios para gardar canto temos e enriquecelo en porvir de confianza, sendo cr\u00edticos, esixindo o que \u00e9 noso e sen cegarnos, sendo solidarios e xenerosos <a class=\"mh-excerpt-more\" href=\"https:\/\/www.anovapeneira.gal\/index.php\/2021\/07\/19\/matria-e-patria\/\" title=\"MATRIA E PATRIA\">[&#8230;]<\/a><\/p>\n<\/div>","protected":false},"author":5,"featured_media":584,"comment_status":"open","ping_status":"open","sticky":false,"template":"","format":"standard","meta":{"_exactmetrics_skip_tracking":false,"_exactmetrics_sitenote_active":false,"_exactmetrics_sitenote_note":"","_exactmetrics_sitenote_category":0,"footnotes":""},"categories":[7],"tags":[78],"class_list":{"0":"post-5783","1":"post","2":"type-post","3":"status-publish","4":"format-standard","5":"has-post-thumbnail","7":"category-artigos-de-opinion","8":"tag-mero"},"yoast_head":"<!-- This site is optimized with the Yoast SEO plugin v27.4 - https:\/\/yoast.com\/product\/yoast-seo-wordpress\/ -->\n<title>MATRIA E PATRIA -<\/title>\n<meta name=\"description\" content=\"Ano de 2021, 25 de xullo, como cada ano, D\u00eda da M\/Patria Galega. D\u00eda de celebraci\u00f3n e sobre todo exercicio. Anque este debera ser todo o ano, celebrando as\u00ed, nesta Lingua que nos ocupa, nesta Matria que nos envolve, nesta Historia que nos define, propietarios para gardar canto temos e enriquecelo en porvir de confianza, sendo cr\u00edticos, esixindo o que \u00e9 noso e sen cegarnos, sendo solidarios e xenerosos\" \/>\n<meta name=\"robots\" content=\"index, follow, max-snippet:-1, max-image-preview:large, max-video-preview:-1\" \/>\n<link rel=\"canonical\" href=\"https:\/\/www.anovapeneira.gal\/index.php\/2021\/07\/19\/matria-e-patria\/\" \/>\n<meta property=\"og:locale\" content=\"gl_ES\" \/>\n<meta property=\"og:type\" content=\"article\" \/>\n<meta property=\"og:title\" content=\"MATRIA E PATRIA -\" \/>\n<meta property=\"og:description\" content=\"Ano de 2021, 25 de xullo, como cada ano, D\u00eda da M\/Patria Galega. D\u00eda de celebraci\u00f3n e sobre todo exercicio. Anque este debera ser todo o ano, celebrando as\u00ed, nesta Lingua que nos ocupa, nesta Matria que nos envolve, nesta Historia que nos define, propietarios para gardar canto temos e enriquecelo en porvir de confianza, sendo cr\u00edticos, esixindo o que \u00e9 noso e sen cegarnos, sendo solidarios e xenerosos\" \/>\n<meta property=\"og:url\" content=\"https:\/\/www.anovapeneira.gal\/index.php\/2021\/07\/19\/matria-e-patria\/\" \/>\n<meta property=\"article:publisher\" content=\"https:\/\/www.facebook.com\/anovapeneira\" \/>\n<meta property=\"article:published_time\" content=\"2021-07-19T10:00:26+00:00\" \/>\n<meta property=\"og:image\" content=\"https:\/\/www.anovapeneira.gal\/wp-content\/uploads\/2019\/07\/ARTIGO_DE_OPINION_A_NOVA_PENEIRA.jpg\" \/>\n\t<meta property=\"og:image:width\" content=\"720\" \/>\n\t<meta property=\"og:image:height\" content=\"473\" \/>\n\t<meta property=\"og:image:type\" content=\"image\/jpeg\" \/>\n<meta name=\"author\" content=\"Baldomero Iglesias Dobarrio, Mero\" \/>\n<meta name=\"twitter:card\" content=\"summary_large_image\" \/>\n<meta name=\"twitter:image\" content=\"https:\/\/www.anovapeneira.gal\/wp-content\/uploads\/2019\/07\/ARTIGO_DE_OPINION_A_NOVA_PENEIRA.jpg\" \/>\n<meta name=\"twitter:creator\" content=\"@APeneira\" \/>\n<meta name=\"twitter:site\" content=\"@APeneira\" \/>\n<meta name=\"twitter:label1\" content=\"Escrito por\" \/>\n\t<meta name=\"twitter:data1\" content=\"Baldomero Iglesias Dobarrio, Mero\" \/>\n\t<meta name=\"twitter:label2\" content=\"Tempo de lectura\" \/>\n\t<meta name=\"twitter:data2\" content=\"4 minutos\" \/>\n<script type=\"application\/ld+json\" class=\"yoast-schema-graph\">{\"@context\":\"https:\\\/\\\/schema.org\",\"@graph\":[{\"@type\":\"Article\",\"@id\":\"https:\\\/\\\/www.anovapeneira.gal\\\/index.php\\\/2021\\\/07\\\/19\\\/matria-e-patria\\\/#article\",\"isPartOf\":{\"@id\":\"https:\\\/\\\/www.anovapeneira.gal\\\/index.php\\\/2021\\\/07\\\/19\\\/matria-e-patria\\\/\"},\"author\":{\"name\":\"Baldomero Iglesias Dobarrio, Mero\",\"@id\":\"https:\\\/\\\/www.anovapeneira.gal\\\/#\\\/schema\\\/person\\\/b051ed40cfc100e281476674783b32fc\"},\"headline\":\"MATRIA E PATRIA\",\"datePublished\":\"2021-07-19T10:00:26+00:00\",\"mainEntityOfPage\":{\"@id\":\"https:\\\/\\\/www.anovapeneira.gal\\\/index.php\\\/2021\\\/07\\\/19\\\/matria-e-patria\\\/\"},\"wordCount\":867,\"commentCount\":0,\"publisher\":{\"@id\":\"https:\\\/\\\/www.anovapeneira.gal\\\/#organization\"},\"image\":{\"@id\":\"https:\\\/\\\/www.anovapeneira.gal\\\/index.php\\\/2021\\\/07\\\/19\\\/matria-e-patria\\\/#primaryimage\"},\"thumbnailUrl\":\"https:\\\/\\\/www.anovapeneira.gal\\\/wp-content\\\/uploads\\\/2019\\\/07\\\/ARTIGO_DE_OPINION_A_NOVA_PENEIRA.jpg\",\"keywords\":[\"Mero\"],\"articleSection\":[\"Artigos de opini\u00f3n\"],\"inLanguage\":\"gl-ES\",\"potentialAction\":[{\"@type\":\"CommentAction\",\"name\":\"Comment\",\"target\":[\"https:\\\/\\\/www.anovapeneira.gal\\\/index.php\\\/2021\\\/07\\\/19\\\/matria-e-patria\\\/#respond\"]}]},{\"@type\":\"WebPage\",\"@id\":\"https:\\\/\\\/www.anovapeneira.gal\\\/index.php\\\/2021\\\/07\\\/19\\\/matria-e-patria\\\/\",\"url\":\"https:\\\/\\\/www.anovapeneira.gal\\\/index.php\\\/2021\\\/07\\\/19\\\/matria-e-patria\\\/\",\"name\":\"MATRIA E PATRIA -\",\"isPartOf\":{\"@id\":\"https:\\\/\\\/www.anovapeneira.gal\\\/#website\"},\"primaryImageOfPage\":{\"@id\":\"https:\\\/\\\/www.anovapeneira.gal\\\/index.php\\\/2021\\\/07\\\/19\\\/matria-e-patria\\\/#primaryimage\"},\"image\":{\"@id\":\"https:\\\/\\\/www.anovapeneira.gal\\\/index.php\\\/2021\\\/07\\\/19\\\/matria-e-patria\\\/#primaryimage\"},\"thumbnailUrl\":\"https:\\\/\\\/www.anovapeneira.gal\\\/wp-content\\\/uploads\\\/2019\\\/07\\\/ARTIGO_DE_OPINION_A_NOVA_PENEIRA.jpg\",\"datePublished\":\"2021-07-19T10:00:26+00:00\",\"description\":\"Ano de 2021, 25 de xullo, como cada ano, D\u00eda da M\\\/Patria Galega. D\u00eda de celebraci\u00f3n e sobre todo exercicio. Anque este debera ser todo o ano, celebrando as\u00ed, nesta Lingua que nos ocupa, nesta Matria que nos envolve, nesta Historia que nos define, propietarios para gardar canto temos e enriquecelo en porvir de confianza, sendo cr\u00edticos, esixindo o que \u00e9 noso e sen cegarnos, sendo solidarios e xenerosos\",\"breadcrumb\":{\"@id\":\"https:\\\/\\\/www.anovapeneira.gal\\\/index.php\\\/2021\\\/07\\\/19\\\/matria-e-patria\\\/#breadcrumb\"},\"inLanguage\":\"gl-ES\",\"potentialAction\":[{\"@type\":\"ReadAction\",\"target\":[\"https:\\\/\\\/www.anovapeneira.gal\\\/index.php\\\/2021\\\/07\\\/19\\\/matria-e-patria\\\/\"]}]},{\"@type\":\"ImageObject\",\"inLanguage\":\"gl-ES\",\"@id\":\"https:\\\/\\\/www.anovapeneira.gal\\\/index.php\\\/2021\\\/07\\\/19\\\/matria-e-patria\\\/#primaryimage\",\"url\":\"https:\\\/\\\/www.anovapeneira.gal\\\/wp-content\\\/uploads\\\/2019\\\/07\\\/ARTIGO_DE_OPINION_A_NOVA_PENEIRA.jpg\",\"contentUrl\":\"https:\\\/\\\/www.anovapeneira.gal\\\/wp-content\\\/uploads\\\/2019\\\/07\\\/ARTIGO_DE_OPINION_A_NOVA_PENEIRA.jpg\",\"width\":720,\"height\":473,\"caption\":\"Artigo de opini\u00f3n A Nova Peneira\"},{\"@type\":\"BreadcrumbList\",\"@id\":\"https:\\\/\\\/www.anovapeneira.gal\\\/index.php\\\/2021\\\/07\\\/19\\\/matria-e-patria\\\/#breadcrumb\",\"itemListElement\":[{\"@type\":\"ListItem\",\"position\":1,\"name\":\"Portada\",\"item\":\"https:\\\/\\\/www.anovapeneira.gal\\\/\"},{\"@type\":\"ListItem\",\"position\":2,\"name\":\"MATRIA E PATRIA\"}]},{\"@type\":\"WebSite\",\"@id\":\"https:\\\/\\\/www.anovapeneira.gal\\\/#website\",\"url\":\"https:\\\/\\\/www.anovapeneira.gal\\\/\",\"name\":\"\",\"description\":\"Xornal galego de informaci\u00f3n xeral Publicaci\u00f3n mensual de novas de Galicia e en especial dos Concellos da sur da provincia de Pontevedra.\",\"publisher\":{\"@id\":\"https:\\\/\\\/www.anovapeneira.gal\\\/#organization\"},\"potentialAction\":[{\"@type\":\"SearchAction\",\"target\":{\"@type\":\"EntryPoint\",\"urlTemplate\":\"https:\\\/\\\/www.anovapeneira.gal\\\/?s={search_term_string}\"},\"query-input\":{\"@type\":\"PropertyValueSpecification\",\"valueRequired\":true,\"valueName\":\"search_term_string\"}}],\"inLanguage\":\"gl-ES\"},{\"@type\":\"Organization\",\"@id\":\"https:\\\/\\\/www.anovapeneira.gal\\\/#organization\",\"name\":\"A Nova Peneira\",\"url\":\"https:\\\/\\\/www.anovapeneira.gal\\\/\",\"logo\":{\"@type\":\"ImageObject\",\"inLanguage\":\"gl-ES\",\"@id\":\"https:\\\/\\\/www.anovapeneira.gal\\\/#\\\/schema\\\/logo\\\/image\\\/\",\"url\":\"http:\\\/\\\/www.anovapeneira.gal\\\/wp-content\\\/uploads\\\/2019\\\/06\\\/logo_a_nova_peneira_portal_web.png\",\"contentUrl\":\"http:\\\/\\\/www.anovapeneira.gal\\\/wp-content\\\/uploads\\\/2019\\\/06\\\/logo_a_nova_peneira_portal_web.png\",\"width\":300,\"height\":100,\"caption\":\"A Nova Peneira\"},\"image\":{\"@id\":\"https:\\\/\\\/www.anovapeneira.gal\\\/#\\\/schema\\\/logo\\\/image\\\/\"},\"sameAs\":[\"https:\\\/\\\/www.facebook.com\\\/anovapeneira\",\"https:\\\/\\\/x.com\\\/APeneira\"]},{\"@type\":\"Person\",\"@id\":\"https:\\\/\\\/www.anovapeneira.gal\\\/#\\\/schema\\\/person\\\/b051ed40cfc100e281476674783b32fc\",\"name\":\"Baldomero Iglesias Dobarrio, Mero\",\"image\":{\"@type\":\"ImageObject\",\"inLanguage\":\"gl-ES\",\"@id\":\"https:\\\/\\\/secure.gravatar.com\\\/avatar\\\/ca78fc089f8cf28197f88de2c9ac213e2f7d2097d8e359d9359b8778b539c59d?s=96&d=mm&r=g\",\"url\":\"https:\\\/\\\/secure.gravatar.com\\\/avatar\\\/ca78fc089f8cf28197f88de2c9ac213e2f7d2097d8e359d9359b8778b539c59d?s=96&d=mm&r=g\",\"contentUrl\":\"https:\\\/\\\/secure.gravatar.com\\\/avatar\\\/ca78fc089f8cf28197f88de2c9ac213e2f7d2097d8e359d9359b8778b539c59d?s=96&d=mm&r=g\",\"caption\":\"Baldomero Iglesias Dobarrio, Mero\"},\"sameAs\":[\"http:\\\/\\\/anovapeneira.gal\"],\"url\":\"https:\\\/\\\/www.anovapeneira.gal\\\/index.php\\\/author\\\/opinionmero\\\/\"}]}<\/script>\n<!-- \/ Yoast SEO plugin. -->","yoast_head_json":{"title":"MATRIA E PATRIA -","description":"Ano de 2021, 25 de xullo, como cada ano, D\u00eda da M\/Patria Galega. D\u00eda de celebraci\u00f3n e sobre todo exercicio. Anque este debera ser todo o ano, celebrando as\u00ed, nesta Lingua que nos ocupa, nesta Matria que nos envolve, nesta Historia que nos define, propietarios para gardar canto temos e enriquecelo en porvir de confianza, sendo cr\u00edticos, esixindo o que \u00e9 noso e sen cegarnos, sendo solidarios e xenerosos","robots":{"index":"index","follow":"follow","max-snippet":"max-snippet:-1","max-image-preview":"max-image-preview:large","max-video-preview":"max-video-preview:-1"},"canonical":"https:\/\/www.anovapeneira.gal\/index.php\/2021\/07\/19\/matria-e-patria\/","og_locale":"gl_ES","og_type":"article","og_title":"MATRIA E PATRIA -","og_description":"Ano de 2021, 25 de xullo, como cada ano, D\u00eda da M\/Patria Galega. D\u00eda de celebraci\u00f3n e sobre todo exercicio. Anque este debera ser todo o ano, celebrando as\u00ed, nesta Lingua que nos ocupa, nesta Matria que nos envolve, nesta Historia que nos define, propietarios para gardar canto temos e enriquecelo en porvir de confianza, sendo cr\u00edticos, esixindo o que \u00e9 noso e sen cegarnos, sendo solidarios e xenerosos","og_url":"https:\/\/www.anovapeneira.gal\/index.php\/2021\/07\/19\/matria-e-patria\/","article_publisher":"https:\/\/www.facebook.com\/anovapeneira","article_published_time":"2021-07-19T10:00:26+00:00","og_image":[{"width":720,"height":473,"url":"https:\/\/www.anovapeneira.gal\/wp-content\/uploads\/2019\/07\/ARTIGO_DE_OPINION_A_NOVA_PENEIRA.jpg","type":"image\/jpeg"}],"author":"Baldomero Iglesias Dobarrio, Mero","twitter_card":"summary_large_image","twitter_image":"https:\/\/www.anovapeneira.gal\/wp-content\/uploads\/2019\/07\/ARTIGO_DE_OPINION_A_NOVA_PENEIRA.jpg","twitter_creator":"@APeneira","twitter_site":"@APeneira","twitter_misc":{"Escrito por":"Baldomero Iglesias Dobarrio, Mero","Tempo de lectura":"4 minutos"},"schema":{"@context":"https:\/\/schema.org","@graph":[{"@type":"Article","@id":"https:\/\/www.anovapeneira.gal\/index.php\/2021\/07\/19\/matria-e-patria\/#article","isPartOf":{"@id":"https:\/\/www.anovapeneira.gal\/index.php\/2021\/07\/19\/matria-e-patria\/"},"author":{"name":"Baldomero Iglesias Dobarrio, Mero","@id":"https:\/\/www.anovapeneira.gal\/#\/schema\/person\/b051ed40cfc100e281476674783b32fc"},"headline":"MATRIA E PATRIA","datePublished":"2021-07-19T10:00:26+00:00","mainEntityOfPage":{"@id":"https:\/\/www.anovapeneira.gal\/index.php\/2021\/07\/19\/matria-e-patria\/"},"wordCount":867,"commentCount":0,"publisher":{"@id":"https:\/\/www.anovapeneira.gal\/#organization"},"image":{"@id":"https:\/\/www.anovapeneira.gal\/index.php\/2021\/07\/19\/matria-e-patria\/#primaryimage"},"thumbnailUrl":"https:\/\/www.anovapeneira.gal\/wp-content\/uploads\/2019\/07\/ARTIGO_DE_OPINION_A_NOVA_PENEIRA.jpg","keywords":["Mero"],"articleSection":["Artigos de opini\u00f3n"],"inLanguage":"gl-ES","potentialAction":[{"@type":"CommentAction","name":"Comment","target":["https:\/\/www.anovapeneira.gal\/index.php\/2021\/07\/19\/matria-e-patria\/#respond"]}]},{"@type":"WebPage","@id":"https:\/\/www.anovapeneira.gal\/index.php\/2021\/07\/19\/matria-e-patria\/","url":"https:\/\/www.anovapeneira.gal\/index.php\/2021\/07\/19\/matria-e-patria\/","name":"MATRIA E PATRIA -","isPartOf":{"@id":"https:\/\/www.anovapeneira.gal\/#website"},"primaryImageOfPage":{"@id":"https:\/\/www.anovapeneira.gal\/index.php\/2021\/07\/19\/matria-e-patria\/#primaryimage"},"image":{"@id":"https:\/\/www.anovapeneira.gal\/index.php\/2021\/07\/19\/matria-e-patria\/#primaryimage"},"thumbnailUrl":"https:\/\/www.anovapeneira.gal\/wp-content\/uploads\/2019\/07\/ARTIGO_DE_OPINION_A_NOVA_PENEIRA.jpg","datePublished":"2021-07-19T10:00:26+00:00","description":"Ano de 2021, 25 de xullo, como cada ano, D\u00eda da M\/Patria Galega. D\u00eda de celebraci\u00f3n e sobre todo exercicio. Anque este debera ser todo o ano, celebrando as\u00ed, nesta Lingua que nos ocupa, nesta Matria que nos envolve, nesta Historia que nos define, propietarios para gardar canto temos e enriquecelo en porvir de confianza, sendo cr\u00edticos, esixindo o que \u00e9 noso e sen cegarnos, sendo solidarios e xenerosos","breadcrumb":{"@id":"https:\/\/www.anovapeneira.gal\/index.php\/2021\/07\/19\/matria-e-patria\/#breadcrumb"},"inLanguage":"gl-ES","potentialAction":[{"@type":"ReadAction","target":["https:\/\/www.anovapeneira.gal\/index.php\/2021\/07\/19\/matria-e-patria\/"]}]},{"@type":"ImageObject","inLanguage":"gl-ES","@id":"https:\/\/www.anovapeneira.gal\/index.php\/2021\/07\/19\/matria-e-patria\/#primaryimage","url":"https:\/\/www.anovapeneira.gal\/wp-content\/uploads\/2019\/07\/ARTIGO_DE_OPINION_A_NOVA_PENEIRA.jpg","contentUrl":"https:\/\/www.anovapeneira.gal\/wp-content\/uploads\/2019\/07\/ARTIGO_DE_OPINION_A_NOVA_PENEIRA.jpg","width":720,"height":473,"caption":"Artigo de opini\u00f3n A Nova Peneira"},{"@type":"BreadcrumbList","@id":"https:\/\/www.anovapeneira.gal\/index.php\/2021\/07\/19\/matria-e-patria\/#breadcrumb","itemListElement":[{"@type":"ListItem","position":1,"name":"Portada","item":"https:\/\/www.anovapeneira.gal\/"},{"@type":"ListItem","position":2,"name":"MATRIA E PATRIA"}]},{"@type":"WebSite","@id":"https:\/\/www.anovapeneira.gal\/#website","url":"https:\/\/www.anovapeneira.gal\/","name":"","description":"Xornal galego de informaci\u00f3n xeral Publicaci\u00f3n mensual de novas de Galicia e en especial dos Concellos da sur da provincia de Pontevedra.","publisher":{"@id":"https:\/\/www.anovapeneira.gal\/#organization"},"potentialAction":[{"@type":"SearchAction","target":{"@type":"EntryPoint","urlTemplate":"https:\/\/www.anovapeneira.gal\/?s={search_term_string}"},"query-input":{"@type":"PropertyValueSpecification","valueRequired":true,"valueName":"search_term_string"}}],"inLanguage":"gl-ES"},{"@type":"Organization","@id":"https:\/\/www.anovapeneira.gal\/#organization","name":"A Nova Peneira","url":"https:\/\/www.anovapeneira.gal\/","logo":{"@type":"ImageObject","inLanguage":"gl-ES","@id":"https:\/\/www.anovapeneira.gal\/#\/schema\/logo\/image\/","url":"http:\/\/www.anovapeneira.gal\/wp-content\/uploads\/2019\/06\/logo_a_nova_peneira_portal_web.png","contentUrl":"http:\/\/www.anovapeneira.gal\/wp-content\/uploads\/2019\/06\/logo_a_nova_peneira_portal_web.png","width":300,"height":100,"caption":"A Nova Peneira"},"image":{"@id":"https:\/\/www.anovapeneira.gal\/#\/schema\/logo\/image\/"},"sameAs":["https:\/\/www.facebook.com\/anovapeneira","https:\/\/x.com\/APeneira"]},{"@type":"Person","@id":"https:\/\/www.anovapeneira.gal\/#\/schema\/person\/b051ed40cfc100e281476674783b32fc","name":"Baldomero Iglesias Dobarrio, Mero","image":{"@type":"ImageObject","inLanguage":"gl-ES","@id":"https:\/\/secure.gravatar.com\/avatar\/ca78fc089f8cf28197f88de2c9ac213e2f7d2097d8e359d9359b8778b539c59d?s=96&d=mm&r=g","url":"https:\/\/secure.gravatar.com\/avatar\/ca78fc089f8cf28197f88de2c9ac213e2f7d2097d8e359d9359b8778b539c59d?s=96&d=mm&r=g","contentUrl":"https:\/\/secure.gravatar.com\/avatar\/ca78fc089f8cf28197f88de2c9ac213e2f7d2097d8e359d9359b8778b539c59d?s=96&d=mm&r=g","caption":"Baldomero Iglesias Dobarrio, Mero"},"sameAs":["http:\/\/anovapeneira.gal"],"url":"https:\/\/www.anovapeneira.gal\/index.php\/author\/opinionmero\/"}]}},"jetpack_featured_media_url":"https:\/\/www.anovapeneira.gal\/wp-content\/uploads\/2019\/07\/ARTIGO_DE_OPINION_A_NOVA_PENEIRA.jpg","_links":{"self":[{"href":"https:\/\/www.anovapeneira.gal\/index.php\/wp-json\/wp\/v2\/posts\/5783","targetHints":{"allow":["GET"]}}],"collection":[{"href":"https:\/\/www.anovapeneira.gal\/index.php\/wp-json\/wp\/v2\/posts"}],"about":[{"href":"https:\/\/www.anovapeneira.gal\/index.php\/wp-json\/wp\/v2\/types\/post"}],"author":[{"embeddable":true,"href":"https:\/\/www.anovapeneira.gal\/index.php\/wp-json\/wp\/v2\/users\/5"}],"replies":[{"embeddable":true,"href":"https:\/\/www.anovapeneira.gal\/index.php\/wp-json\/wp\/v2\/comments?post=5783"}],"version-history":[{"count":1,"href":"https:\/\/www.anovapeneira.gal\/index.php\/wp-json\/wp\/v2\/posts\/5783\/revisions"}],"predecessor-version":[{"id":5784,"href":"https:\/\/www.anovapeneira.gal\/index.php\/wp-json\/wp\/v2\/posts\/5783\/revisions\/5784"}],"wp:featuredmedia":[{"embeddable":true,"href":"https:\/\/www.anovapeneira.gal\/index.php\/wp-json\/wp\/v2\/media\/584"}],"wp:attachment":[{"href":"https:\/\/www.anovapeneira.gal\/index.php\/wp-json\/wp\/v2\/media?parent=5783"}],"wp:term":[{"taxonomy":"category","embeddable":true,"href":"https:\/\/www.anovapeneira.gal\/index.php\/wp-json\/wp\/v2\/categories?post=5783"},{"taxonomy":"post_tag","embeddable":true,"href":"https:\/\/www.anovapeneira.gal\/index.php\/wp-json\/wp\/v2\/tags?post=5783"}],"curies":[{"name":"wp","href":"https:\/\/api.w.org\/{rel}","templated":true}]}}