{"id":5785,"date":"2021-07-20T10:00:03","date_gmt":"2021-07-20T08:00:03","guid":{"rendered":"https:\/\/www.anovapeneira.gal\/?p=5785"},"modified":"2021-07-16T18:26:58","modified_gmt":"2021-07-16T16:26:58","slug":"25-de-xullo-a-nova-peneira-por-unha-galicia-libre-e-digna","status":"publish","type":"post","link":"https:\/\/www.anovapeneira.gal\/index.php\/2021\/07\/20\/25-de-xullo-a-nova-peneira-por-unha-galicia-libre-e-digna\/","title":{"rendered":"25 De xullo, A Nova Peneira por unha Galicia libre e digna"},"content":{"rendered":"\n\n\n<p><strong>A mi\u00f1a filla Mari\u00f1a ten 15 anos e inter\u00e9sase cada vez m\u00e1is por dous temas non moi com\u00fans nos intereses habituais das persoas da s\u00faa idade ; a historia e o feminismo. Devora textos hist\u00f3ricos con paix\u00f3n e enf\u00e1dase cada vez que percibe alg\u00fan tipo de comportamento que ela sexa capaz de relacionar con actitudes machistas. Actualmente est\u00e1 a ler \u201cUn cesto de maz\u00e1s\u201d, obra da nosa colaboradora Montse Fajardo \u00e1 quen lle estou profundamente agradecido por terlla agasallado. Unha persoa do contexto da mi\u00f1a filla, unha boa persoa, cando a viu ler o libro de Montse preguntoulle de que \u00eda, e a mi\u00f1a filla contestoulle que eran unha serie de historias acerca de mulleres e homes que padeceron a represi\u00f3n do franquismo. A resposta da persoa adulta que dialogaba con Mari\u00f1a foi que vale, que iso estaba ben, pero que ser\u00eda necesario que tam\u00e9n lese alg\u00fan libro sobre \u201c as v\u00edtimas que causaron os republicanos\u201d. E este episodio anecd\u00f3tico non fixo m\u00e1is que reafirmarme na conclusi\u00f3n \u00e1 que cheguei hai tempo; Espa\u00f1a, esta Espa\u00f1a sen H, oposta a aquela Hespa\u00f1a que maxistralmente imaxinou un d\u00eda Castelao, non \u00e9 viable. Est\u00e1 constru\u00edda de tal maneira que fai imposible a convivencia en harmon\u00eda de todos os pobos que nela vivimos<\/strong><\/p>\n\n\n\n<p><strong>Non sempre o consigo, pero si sempre procuro que todas as mi\u00f1as posici\u00f3ns intelectuais sexan consecuencia dun proceso reflexivo previo, que agromen da raz\u00f3n do acougo e da serenidade. Non sempre o consigo , peros si sempre procuro que todas as mi\u00f1as posici\u00f3ns intelectuais escapen dos apriorismos, como a sensibilidade escapa da brutalidade, e fuxan dos instintos e das secreci\u00f3ns de bile. E no caso de Espa\u00f1a, desde a serenidade e o respecto m\u00e1is absoluto a quen si se sente espa\u00f1ol hai tempo que te\u00f1o a convicci\u00f3n de que non \u00e9 posible pois:<\/strong><\/p>\n\n\n\n<p><strong>-\u00c9 imposible manter ning\u00fan tipo de relaci\u00f3n sen que todas as partes que a forman estean c\u00f3modas. E Espa\u00f1a \u00e9 un estado constru\u00eddo non en igualdade entre todos os seus pobos, sen\u00f3n na superposici\u00f3n dunha das s\u00faas naci\u00f3ns sobre as demais. Todos os habitantes do estado temos o deber de aprender o idioma castel\u00e1n pero os espa\u00f1ois non galegos que vivan no noso pa\u00eds s\u00f3 te\u00f1en o dereito de aprender o noso idioma<\/strong><\/p>\n\n\n\n<p><strong>&#8211; \u00c9 imposible unha relaci\u00f3n entre iguais cando \u00e1s realidades nacionais distintas \u00e1 castel\u00e1, reco\u00f1ecidas incluso pola constituci\u00f3n espa\u00f1ola como \u201c nacionalidades\u201d, n\u00e9gaselles a condici\u00f3n de parte e a posibilidade de decidiren libremente como queiran relacionarse co resto do estado .A represi\u00f3n brutal que sufriu a parte do pobo catal\u00e1n que quixo votar en outubro do ano 17 non ten cabida na Europa civilizada, e se a comparamos cos referendos de autodeterminaci\u00f3n en Escocia, en Quebec, ou en Nova Caledonia deber\u00eda avergonzar a calquera espa\u00f1ol dem\u00f3crata e decente<\/strong><\/p>\n\n\n\n<p><strong>-\u00c9 imposible a convivencia pac\u00edfica con quen prefire o \u201c apor ellos \u201c que o con eles<\/strong><\/p>\n\n\n\n<p><strong>-\u00c9 imposible a convivencia pac\u00edfica con quen se alegra de que o adversario pol\u00edtico podreza no c\u00e1rcere e presenta recursos xudiciais para que as\u00ed sexa<\/strong><\/p>\n\n\n\n<p><strong>-\u00c9 imposible a convivencia con quen considera ao adversario pol\u00edtico como \u201c 26 millones de hijos de puta que deben ser fusilados\u201d<\/strong><\/p>\n\n\n\n<p><strong>-\u00c9 imposible en esencia un estado constru\u00eddo sobre os piares dunha ditadura asasina que mant\u00e9n amplos segmentos de poboaci\u00f3n que se sit\u00faen na equidistancia ou peor, que lle dean alg\u00fan tipo de lexitimidade<\/strong><\/p>\n\n\n\n<p><strong>-\u00c9 imposible en esencia un estado cuxo xefe resulta da designaci\u00f3n dixital dun asasino, e aos seus cidad\u00e1s e cidad\u00e1s non se nos permitiu nunca decidirmos a forma pol\u00edtica do mesmo<\/strong><\/p>\n\n\n\n<p><strong>-\u00c9 imposible en esencia un estado que se alimenta dos recursos naturais de outros, entre eles os do pobo galego, para nutrir ao inmenso p\u00e1ramo madrile\u00f1o onde non se produce nada, absolutamente nada, do necesario para a vida<\/strong><\/p>\n\n\n\n<p><strong>E fronte ao imposible s\u00f3 cabe o posible, o desexable e o necesario; algo tan sinxelo como un pa\u00eds galego cuxos recursos e inmensas potencialidades sexan xestionadas polos galegos e polas galegas para o beneficio do pobo galego, de forma xusta e responsable sen deixarmos a ningu\u00e9n atr\u00e1s. Un pa\u00eds verde, sostible, feminista ,que honre a memoria de quen sufriu por defendela democracia, xusto solidario , fraternal e internacionalista. En definitiva<\/strong><\/p>\n\n\n\n<p><strong>Unha Galicia ceibe<\/strong><\/p>\n","protected":false},"excerpt":{"rendered":"<div class=\"mh-excerpt\"><p>A mi\u00f1a filla Mari\u00f1a ten 15 anos e inter\u00e9sase cada vez m\u00e1is por dous temas non moi com\u00fans nos intereses habituais das persoas da s\u00faa idade ; a historia e o feminismo. Devora textos hist\u00f3ricos <a class=\"mh-excerpt-more\" href=\"https:\/\/www.anovapeneira.gal\/index.php\/2021\/07\/20\/25-de-xullo-a-nova-peneira-por-unha-galicia-libre-e-digna\/\" title=\"25 De xullo, A Nova Peneira por unha Galicia libre e digna\">[&#8230;]<\/a><\/p>\n<\/div>","protected":false},"author":2,"featured_media":688,"comment_status":"open","ping_status":"open","sticky":false,"template":"","format":"standard","meta":{"_exactmetrics_skip_tracking":false,"_exactmetrics_sitenote_active":false,"_exactmetrics_sitenote_note":"","_exactmetrics_sitenote_category":0,"footnotes":""},"categories":[61],"tags":[282],"class_list":{"0":"post-5785","1":"post","2":"type-post","3":"status-publish","4":"format-standard","5":"has-post-thumbnail","7":"category-artigo-editorial","8":"tag-25-de-xullo"},"yoast_head":"<!-- This site is optimized with the Yoast SEO plugin v27.4 - https:\/\/yoast.com\/product\/yoast-seo-wordpress\/ -->\n<title>25 De xullo, A Nova Peneira por unha Galicia libre e digna -<\/title>\n<meta name=\"description\" content=\"A mi\u00f1a filla Mari\u00f1a ten 15 anos e inter\u00e9sase cada vez m\u00e1is por dous temas non moi com\u00fans nos intereses habituais das persoas da s\u00faa idade ; a historia e o feminismo. Devora textos hist\u00f3ricos con paix\u00f3n e enf\u00e1dase cada vez que percibe alg\u00fan tipo de comportamento que ela sexa capaz de relacionar con actitudes machistas.\" \/>\n<meta name=\"robots\" content=\"index, follow, max-snippet:-1, max-image-preview:large, max-video-preview:-1\" \/>\n<link rel=\"canonical\" href=\"https:\/\/www.anovapeneira.gal\/index.php\/2021\/07\/20\/25-de-xullo-a-nova-peneira-por-unha-galicia-libre-e-digna\/\" \/>\n<meta property=\"og:locale\" content=\"gl_ES\" \/>\n<meta property=\"og:type\" content=\"article\" \/>\n<meta property=\"og:title\" content=\"25 De xullo, A Nova Peneira por unha Galicia libre e digna -\" \/>\n<meta property=\"og:description\" content=\"A mi\u00f1a filla Mari\u00f1a ten 15 anos e inter\u00e9sase cada vez m\u00e1is por dous temas non moi com\u00fans nos intereses habituais das persoas da s\u00faa idade ; a historia e o feminismo. Devora textos hist\u00f3ricos con paix\u00f3n e enf\u00e1dase cada vez que percibe alg\u00fan tipo de comportamento que ela sexa capaz de relacionar con actitudes machistas.\" \/>\n<meta property=\"og:url\" content=\"https:\/\/www.anovapeneira.gal\/index.php\/2021\/07\/20\/25-de-xullo-a-nova-peneira-por-unha-galicia-libre-e-digna\/\" \/>\n<meta property=\"article:publisher\" content=\"https:\/\/www.facebook.com\/anovapeneira\" \/>\n<meta property=\"article:published_time\" content=\"2021-07-20T08:00:03+00:00\" \/>\n<meta property=\"og:image\" content=\"https:\/\/www.anovapeneira.gal\/wp-content\/uploads\/2019\/07\/Bandeira_galega_nacionalista_estreleira.png\" \/>\n\t<meta property=\"og:image:width\" content=\"720\" \/>\n\t<meta property=\"og:image:height\" content=\"473\" \/>\n\t<meta property=\"og:image:type\" content=\"image\/png\" \/>\n<meta name=\"author\" content=\"Tino Lago\" \/>\n<meta name=\"twitter:card\" content=\"summary_large_image\" \/>\n<meta name=\"twitter:creator\" content=\"@APeneira\" \/>\n<meta name=\"twitter:site\" content=\"@APeneira\" \/>\n<meta name=\"twitter:label1\" content=\"Escrito por\" \/>\n\t<meta name=\"twitter:data1\" content=\"Tino Lago\" \/>\n\t<meta name=\"twitter:label2\" content=\"Tempo de lectura\" \/>\n\t<meta name=\"twitter:data2\" content=\"4 minutos\" \/>\n<script type=\"application\/ld+json\" class=\"yoast-schema-graph\">{\"@context\":\"https:\\\/\\\/schema.org\",\"@graph\":[{\"@type\":\"Article\",\"@id\":\"https:\\\/\\\/www.anovapeneira.gal\\\/index.php\\\/2021\\\/07\\\/20\\\/25-de-xullo-a-nova-peneira-por-unha-galicia-libre-e-digna\\\/#article\",\"isPartOf\":{\"@id\":\"https:\\\/\\\/www.anovapeneira.gal\\\/index.php\\\/2021\\\/07\\\/20\\\/25-de-xullo-a-nova-peneira-por-unha-galicia-libre-e-digna\\\/\"},\"author\":{\"name\":\"Tino Lago\",\"@id\":\"https:\\\/\\\/www.anovapeneira.gal\\\/#\\\/schema\\\/person\\\/424dfe65e3070fd8a44d22d2c088762a\"},\"headline\":\"25 De xullo, A Nova Peneira por unha Galicia libre e digna\",\"datePublished\":\"2021-07-20T08:00:03+00:00\",\"mainEntityOfPage\":{\"@id\":\"https:\\\/\\\/www.anovapeneira.gal\\\/index.php\\\/2021\\\/07\\\/20\\\/25-de-xullo-a-nova-peneira-por-unha-galicia-libre-e-digna\\\/\"},\"wordCount\":780,\"commentCount\":0,\"publisher\":{\"@id\":\"https:\\\/\\\/www.anovapeneira.gal\\\/#organization\"},\"image\":{\"@id\":\"https:\\\/\\\/www.anovapeneira.gal\\\/index.php\\\/2021\\\/07\\\/20\\\/25-de-xullo-a-nova-peneira-por-unha-galicia-libre-e-digna\\\/#primaryimage\"},\"thumbnailUrl\":\"https:\\\/\\\/www.anovapeneira.gal\\\/wp-content\\\/uploads\\\/2019\\\/07\\\/Bandeira_galega_nacionalista_estreleira.png\",\"keywords\":[\"25 de xullo\"],\"articleSection\":[\"Artigo editorial\"],\"inLanguage\":\"gl-ES\",\"potentialAction\":[{\"@type\":\"CommentAction\",\"name\":\"Comment\",\"target\":[\"https:\\\/\\\/www.anovapeneira.gal\\\/index.php\\\/2021\\\/07\\\/20\\\/25-de-xullo-a-nova-peneira-por-unha-galicia-libre-e-digna\\\/#respond\"]}]},{\"@type\":\"WebPage\",\"@id\":\"https:\\\/\\\/www.anovapeneira.gal\\\/index.php\\\/2021\\\/07\\\/20\\\/25-de-xullo-a-nova-peneira-por-unha-galicia-libre-e-digna\\\/\",\"url\":\"https:\\\/\\\/www.anovapeneira.gal\\\/index.php\\\/2021\\\/07\\\/20\\\/25-de-xullo-a-nova-peneira-por-unha-galicia-libre-e-digna\\\/\",\"name\":\"25 De xullo, A Nova Peneira por unha Galicia libre e digna -\",\"isPartOf\":{\"@id\":\"https:\\\/\\\/www.anovapeneira.gal\\\/#website\"},\"primaryImageOfPage\":{\"@id\":\"https:\\\/\\\/www.anovapeneira.gal\\\/index.php\\\/2021\\\/07\\\/20\\\/25-de-xullo-a-nova-peneira-por-unha-galicia-libre-e-digna\\\/#primaryimage\"},\"image\":{\"@id\":\"https:\\\/\\\/www.anovapeneira.gal\\\/index.php\\\/2021\\\/07\\\/20\\\/25-de-xullo-a-nova-peneira-por-unha-galicia-libre-e-digna\\\/#primaryimage\"},\"thumbnailUrl\":\"https:\\\/\\\/www.anovapeneira.gal\\\/wp-content\\\/uploads\\\/2019\\\/07\\\/Bandeira_galega_nacionalista_estreleira.png\",\"datePublished\":\"2021-07-20T08:00:03+00:00\",\"description\":\"A mi\u00f1a filla Mari\u00f1a ten 15 anos e inter\u00e9sase cada vez m\u00e1is por dous temas non moi com\u00fans nos intereses habituais das persoas da s\u00faa idade ; a historia e o feminismo. Devora textos hist\u00f3ricos con paix\u00f3n e enf\u00e1dase cada vez que percibe alg\u00fan tipo de comportamento que ela sexa capaz de relacionar con actitudes machistas.\",\"breadcrumb\":{\"@id\":\"https:\\\/\\\/www.anovapeneira.gal\\\/index.php\\\/2021\\\/07\\\/20\\\/25-de-xullo-a-nova-peneira-por-unha-galicia-libre-e-digna\\\/#breadcrumb\"},\"inLanguage\":\"gl-ES\",\"potentialAction\":[{\"@type\":\"ReadAction\",\"target\":[\"https:\\\/\\\/www.anovapeneira.gal\\\/index.php\\\/2021\\\/07\\\/20\\\/25-de-xullo-a-nova-peneira-por-unha-galicia-libre-e-digna\\\/\"]}]},{\"@type\":\"ImageObject\",\"inLanguage\":\"gl-ES\",\"@id\":\"https:\\\/\\\/www.anovapeneira.gal\\\/index.php\\\/2021\\\/07\\\/20\\\/25-de-xullo-a-nova-peneira-por-unha-galicia-libre-e-digna\\\/#primaryimage\",\"url\":\"https:\\\/\\\/www.anovapeneira.gal\\\/wp-content\\\/uploads\\\/2019\\\/07\\\/Bandeira_galega_nacionalista_estreleira.png\",\"contentUrl\":\"https:\\\/\\\/www.anovapeneira.gal\\\/wp-content\\\/uploads\\\/2019\\\/07\\\/Bandeira_galega_nacionalista_estreleira.png\",\"width\":720,\"height\":473,\"caption\":\"Bandera Galega Nacionalista A Nova Peneira\"},{\"@type\":\"BreadcrumbList\",\"@id\":\"https:\\\/\\\/www.anovapeneira.gal\\\/index.php\\\/2021\\\/07\\\/20\\\/25-de-xullo-a-nova-peneira-por-unha-galicia-libre-e-digna\\\/#breadcrumb\",\"itemListElement\":[{\"@type\":\"ListItem\",\"position\":1,\"name\":\"Portada\",\"item\":\"https:\\\/\\\/www.anovapeneira.gal\\\/\"},{\"@type\":\"ListItem\",\"position\":2,\"name\":\"25 De xullo, A Nova Peneira por unha Galicia libre e digna\"}]},{\"@type\":\"WebSite\",\"@id\":\"https:\\\/\\\/www.anovapeneira.gal\\\/#website\",\"url\":\"https:\\\/\\\/www.anovapeneira.gal\\\/\",\"name\":\"\",\"description\":\"Xornal galego de informaci\u00f3n xeral Publicaci\u00f3n mensual de novas de Galicia e en especial dos Concellos da sur da provincia de Pontevedra.\",\"publisher\":{\"@id\":\"https:\\\/\\\/www.anovapeneira.gal\\\/#organization\"},\"potentialAction\":[{\"@type\":\"SearchAction\",\"target\":{\"@type\":\"EntryPoint\",\"urlTemplate\":\"https:\\\/\\\/www.anovapeneira.gal\\\/?s={search_term_string}\"},\"query-input\":{\"@type\":\"PropertyValueSpecification\",\"valueRequired\":true,\"valueName\":\"search_term_string\"}}],\"inLanguage\":\"gl-ES\"},{\"@type\":\"Organization\",\"@id\":\"https:\\\/\\\/www.anovapeneira.gal\\\/#organization\",\"name\":\"A Nova Peneira\",\"url\":\"https:\\\/\\\/www.anovapeneira.gal\\\/\",\"logo\":{\"@type\":\"ImageObject\",\"inLanguage\":\"gl-ES\",\"@id\":\"https:\\\/\\\/www.anovapeneira.gal\\\/#\\\/schema\\\/logo\\\/image\\\/\",\"url\":\"http:\\\/\\\/www.anovapeneira.gal\\\/wp-content\\\/uploads\\\/2019\\\/06\\\/logo_a_nova_peneira_portal_web.png\",\"contentUrl\":\"http:\\\/\\\/www.anovapeneira.gal\\\/wp-content\\\/uploads\\\/2019\\\/06\\\/logo_a_nova_peneira_portal_web.png\",\"width\":300,\"height\":100,\"caption\":\"A Nova Peneira\"},\"image\":{\"@id\":\"https:\\\/\\\/www.anovapeneira.gal\\\/#\\\/schema\\\/logo\\\/image\\\/\"},\"sameAs\":[\"https:\\\/\\\/www.facebook.com\\\/anovapeneira\",\"https:\\\/\\\/x.com\\\/APeneira\"]},{\"@type\":\"Person\",\"@id\":\"https:\\\/\\\/www.anovapeneira.gal\\\/#\\\/schema\\\/person\\\/424dfe65e3070fd8a44d22d2c088762a\",\"name\":\"Tino Lago\",\"image\":{\"@type\":\"ImageObject\",\"inLanguage\":\"gl-ES\",\"@id\":\"https:\\\/\\\/secure.gravatar.com\\\/avatar\\\/b3df6a06e44bab3111583b90f0f33a0379ee5e3d22cbadd232d39f21c30c62be?s=96&d=mm&r=g\",\"url\":\"https:\\\/\\\/secure.gravatar.com\\\/avatar\\\/b3df6a06e44bab3111583b90f0f33a0379ee5e3d22cbadd232d39f21c30c62be?s=96&d=mm&r=g\",\"contentUrl\":\"https:\\\/\\\/secure.gravatar.com\\\/avatar\\\/b3df6a06e44bab3111583b90f0f33a0379ee5e3d22cbadd232d39f21c30c62be?s=96&d=mm&r=g\",\"caption\":\"Tino Lago\"},\"sameAs\":[\"http:\\\/\\\/www.anovapeneira.gal\"],\"url\":\"https:\\\/\\\/www.anovapeneira.gal\\\/index.php\\\/author\\\/director\\\/\"}]}<\/script>\n<!-- \/ Yoast SEO plugin. -->","yoast_head_json":{"title":"25 De xullo, A Nova Peneira por unha Galicia libre e digna -","description":"A mi\u00f1a filla Mari\u00f1a ten 15 anos e inter\u00e9sase cada vez m\u00e1is por dous temas non moi com\u00fans nos intereses habituais das persoas da s\u00faa idade ; a historia e o feminismo. Devora textos hist\u00f3ricos con paix\u00f3n e enf\u00e1dase cada vez que percibe alg\u00fan tipo de comportamento que ela sexa capaz de relacionar con actitudes machistas.","robots":{"index":"index","follow":"follow","max-snippet":"max-snippet:-1","max-image-preview":"max-image-preview:large","max-video-preview":"max-video-preview:-1"},"canonical":"https:\/\/www.anovapeneira.gal\/index.php\/2021\/07\/20\/25-de-xullo-a-nova-peneira-por-unha-galicia-libre-e-digna\/","og_locale":"gl_ES","og_type":"article","og_title":"25 De xullo, A Nova Peneira por unha Galicia libre e digna -","og_description":"A mi\u00f1a filla Mari\u00f1a ten 15 anos e inter\u00e9sase cada vez m\u00e1is por dous temas non moi com\u00fans nos intereses habituais das persoas da s\u00faa idade ; a historia e o feminismo. Devora textos hist\u00f3ricos con paix\u00f3n e enf\u00e1dase cada vez que percibe alg\u00fan tipo de comportamento que ela sexa capaz de relacionar con actitudes machistas.","og_url":"https:\/\/www.anovapeneira.gal\/index.php\/2021\/07\/20\/25-de-xullo-a-nova-peneira-por-unha-galicia-libre-e-digna\/","article_publisher":"https:\/\/www.facebook.com\/anovapeneira","article_published_time":"2021-07-20T08:00:03+00:00","og_image":[{"width":720,"height":473,"url":"https:\/\/www.anovapeneira.gal\/wp-content\/uploads\/2019\/07\/Bandeira_galega_nacionalista_estreleira.png","type":"image\/png"}],"author":"Tino Lago","twitter_card":"summary_large_image","twitter_creator":"@APeneira","twitter_site":"@APeneira","twitter_misc":{"Escrito por":"Tino Lago","Tempo de lectura":"4 minutos"},"schema":{"@context":"https:\/\/schema.org","@graph":[{"@type":"Article","@id":"https:\/\/www.anovapeneira.gal\/index.php\/2021\/07\/20\/25-de-xullo-a-nova-peneira-por-unha-galicia-libre-e-digna\/#article","isPartOf":{"@id":"https:\/\/www.anovapeneira.gal\/index.php\/2021\/07\/20\/25-de-xullo-a-nova-peneira-por-unha-galicia-libre-e-digna\/"},"author":{"name":"Tino Lago","@id":"https:\/\/www.anovapeneira.gal\/#\/schema\/person\/424dfe65e3070fd8a44d22d2c088762a"},"headline":"25 De xullo, A Nova Peneira por unha Galicia libre e digna","datePublished":"2021-07-20T08:00:03+00:00","mainEntityOfPage":{"@id":"https:\/\/www.anovapeneira.gal\/index.php\/2021\/07\/20\/25-de-xullo-a-nova-peneira-por-unha-galicia-libre-e-digna\/"},"wordCount":780,"commentCount":0,"publisher":{"@id":"https:\/\/www.anovapeneira.gal\/#organization"},"image":{"@id":"https:\/\/www.anovapeneira.gal\/index.php\/2021\/07\/20\/25-de-xullo-a-nova-peneira-por-unha-galicia-libre-e-digna\/#primaryimage"},"thumbnailUrl":"https:\/\/www.anovapeneira.gal\/wp-content\/uploads\/2019\/07\/Bandeira_galega_nacionalista_estreleira.png","keywords":["25 de xullo"],"articleSection":["Artigo editorial"],"inLanguage":"gl-ES","potentialAction":[{"@type":"CommentAction","name":"Comment","target":["https:\/\/www.anovapeneira.gal\/index.php\/2021\/07\/20\/25-de-xullo-a-nova-peneira-por-unha-galicia-libre-e-digna\/#respond"]}]},{"@type":"WebPage","@id":"https:\/\/www.anovapeneira.gal\/index.php\/2021\/07\/20\/25-de-xullo-a-nova-peneira-por-unha-galicia-libre-e-digna\/","url":"https:\/\/www.anovapeneira.gal\/index.php\/2021\/07\/20\/25-de-xullo-a-nova-peneira-por-unha-galicia-libre-e-digna\/","name":"25 De xullo, A Nova Peneira por unha Galicia libre e digna -","isPartOf":{"@id":"https:\/\/www.anovapeneira.gal\/#website"},"primaryImageOfPage":{"@id":"https:\/\/www.anovapeneira.gal\/index.php\/2021\/07\/20\/25-de-xullo-a-nova-peneira-por-unha-galicia-libre-e-digna\/#primaryimage"},"image":{"@id":"https:\/\/www.anovapeneira.gal\/index.php\/2021\/07\/20\/25-de-xullo-a-nova-peneira-por-unha-galicia-libre-e-digna\/#primaryimage"},"thumbnailUrl":"https:\/\/www.anovapeneira.gal\/wp-content\/uploads\/2019\/07\/Bandeira_galega_nacionalista_estreleira.png","datePublished":"2021-07-20T08:00:03+00:00","description":"A mi\u00f1a filla Mari\u00f1a ten 15 anos e inter\u00e9sase cada vez m\u00e1is por dous temas non moi com\u00fans nos intereses habituais das persoas da s\u00faa idade ; a historia e o feminismo. Devora textos hist\u00f3ricos con paix\u00f3n e enf\u00e1dase cada vez que percibe alg\u00fan tipo de comportamento que ela sexa capaz de relacionar con actitudes machistas.","breadcrumb":{"@id":"https:\/\/www.anovapeneira.gal\/index.php\/2021\/07\/20\/25-de-xullo-a-nova-peneira-por-unha-galicia-libre-e-digna\/#breadcrumb"},"inLanguage":"gl-ES","potentialAction":[{"@type":"ReadAction","target":["https:\/\/www.anovapeneira.gal\/index.php\/2021\/07\/20\/25-de-xullo-a-nova-peneira-por-unha-galicia-libre-e-digna\/"]}]},{"@type":"ImageObject","inLanguage":"gl-ES","@id":"https:\/\/www.anovapeneira.gal\/index.php\/2021\/07\/20\/25-de-xullo-a-nova-peneira-por-unha-galicia-libre-e-digna\/#primaryimage","url":"https:\/\/www.anovapeneira.gal\/wp-content\/uploads\/2019\/07\/Bandeira_galega_nacionalista_estreleira.png","contentUrl":"https:\/\/www.anovapeneira.gal\/wp-content\/uploads\/2019\/07\/Bandeira_galega_nacionalista_estreleira.png","width":720,"height":473,"caption":"Bandera Galega Nacionalista A Nova Peneira"},{"@type":"BreadcrumbList","@id":"https:\/\/www.anovapeneira.gal\/index.php\/2021\/07\/20\/25-de-xullo-a-nova-peneira-por-unha-galicia-libre-e-digna\/#breadcrumb","itemListElement":[{"@type":"ListItem","position":1,"name":"Portada","item":"https:\/\/www.anovapeneira.gal\/"},{"@type":"ListItem","position":2,"name":"25 De xullo, A Nova Peneira por unha Galicia libre e digna"}]},{"@type":"WebSite","@id":"https:\/\/www.anovapeneira.gal\/#website","url":"https:\/\/www.anovapeneira.gal\/","name":"","description":"Xornal galego de informaci\u00f3n xeral Publicaci\u00f3n mensual de novas de Galicia e en especial dos Concellos da sur da provincia de Pontevedra.","publisher":{"@id":"https:\/\/www.anovapeneira.gal\/#organization"},"potentialAction":[{"@type":"SearchAction","target":{"@type":"EntryPoint","urlTemplate":"https:\/\/www.anovapeneira.gal\/?s={search_term_string}"},"query-input":{"@type":"PropertyValueSpecification","valueRequired":true,"valueName":"search_term_string"}}],"inLanguage":"gl-ES"},{"@type":"Organization","@id":"https:\/\/www.anovapeneira.gal\/#organization","name":"A Nova Peneira","url":"https:\/\/www.anovapeneira.gal\/","logo":{"@type":"ImageObject","inLanguage":"gl-ES","@id":"https:\/\/www.anovapeneira.gal\/#\/schema\/logo\/image\/","url":"http:\/\/www.anovapeneira.gal\/wp-content\/uploads\/2019\/06\/logo_a_nova_peneira_portal_web.png","contentUrl":"http:\/\/www.anovapeneira.gal\/wp-content\/uploads\/2019\/06\/logo_a_nova_peneira_portal_web.png","width":300,"height":100,"caption":"A Nova Peneira"},"image":{"@id":"https:\/\/www.anovapeneira.gal\/#\/schema\/logo\/image\/"},"sameAs":["https:\/\/www.facebook.com\/anovapeneira","https:\/\/x.com\/APeneira"]},{"@type":"Person","@id":"https:\/\/www.anovapeneira.gal\/#\/schema\/person\/424dfe65e3070fd8a44d22d2c088762a","name":"Tino Lago","image":{"@type":"ImageObject","inLanguage":"gl-ES","@id":"https:\/\/secure.gravatar.com\/avatar\/b3df6a06e44bab3111583b90f0f33a0379ee5e3d22cbadd232d39f21c30c62be?s=96&d=mm&r=g","url":"https:\/\/secure.gravatar.com\/avatar\/b3df6a06e44bab3111583b90f0f33a0379ee5e3d22cbadd232d39f21c30c62be?s=96&d=mm&r=g","contentUrl":"https:\/\/secure.gravatar.com\/avatar\/b3df6a06e44bab3111583b90f0f33a0379ee5e3d22cbadd232d39f21c30c62be?s=96&d=mm&r=g","caption":"Tino Lago"},"sameAs":["http:\/\/www.anovapeneira.gal"],"url":"https:\/\/www.anovapeneira.gal\/index.php\/author\/director\/"}]}},"jetpack_featured_media_url":"https:\/\/www.anovapeneira.gal\/wp-content\/uploads\/2019\/07\/Bandeira_galega_nacionalista_estreleira.png","_links":{"self":[{"href":"https:\/\/www.anovapeneira.gal\/index.php\/wp-json\/wp\/v2\/posts\/5785","targetHints":{"allow":["GET"]}}],"collection":[{"href":"https:\/\/www.anovapeneira.gal\/index.php\/wp-json\/wp\/v2\/posts"}],"about":[{"href":"https:\/\/www.anovapeneira.gal\/index.php\/wp-json\/wp\/v2\/types\/post"}],"author":[{"embeddable":true,"href":"https:\/\/www.anovapeneira.gal\/index.php\/wp-json\/wp\/v2\/users\/2"}],"replies":[{"embeddable":true,"href":"https:\/\/www.anovapeneira.gal\/index.php\/wp-json\/wp\/v2\/comments?post=5785"}],"version-history":[{"count":1,"href":"https:\/\/www.anovapeneira.gal\/index.php\/wp-json\/wp\/v2\/posts\/5785\/revisions"}],"predecessor-version":[{"id":5787,"href":"https:\/\/www.anovapeneira.gal\/index.php\/wp-json\/wp\/v2\/posts\/5785\/revisions\/5787"}],"wp:featuredmedia":[{"embeddable":true,"href":"https:\/\/www.anovapeneira.gal\/index.php\/wp-json\/wp\/v2\/media\/688"}],"wp:attachment":[{"href":"https:\/\/www.anovapeneira.gal\/index.php\/wp-json\/wp\/v2\/media?parent=5785"}],"wp:term":[{"taxonomy":"category","embeddable":true,"href":"https:\/\/www.anovapeneira.gal\/index.php\/wp-json\/wp\/v2\/categories?post=5785"},{"taxonomy":"post_tag","embeddable":true,"href":"https:\/\/www.anovapeneira.gal\/index.php\/wp-json\/wp\/v2\/tags?post=5785"}],"curies":[{"name":"wp","href":"https:\/\/api.w.org\/{rel}","templated":true}]}}