{"id":5788,"date":"2021-07-20T12:00:03","date_gmt":"2021-07-20T10:00:03","guid":{"rendered":"https:\/\/www.anovapeneira.gal\/?p=5788"},"modified":"2021-07-13T17:21:37","modified_gmt":"2021-07-13T15:21:37","slug":"a-hemeroteca-cuantica-do-decano","status":"publish","type":"post","link":"https:\/\/www.anovapeneira.gal\/index.php\/2021\/07\/20\/a-hemeroteca-cuantica-do-decano\/","title":{"rendered":"A HEMEROTECA CU\u00c1NTICA DO DECANO"},"content":{"rendered":"\n<figure class=\"wp-block-image size-large is-resized is-style-default\"><img loading=\"lazy\" decoding=\"async\" src=\"http:\/\/www.anovapeneira.gal\/wp-content\/uploads\/2020\/03\/mestre_ceip_salvaterra_a_nova_peneira.jpg\" alt=\"Xo\u00e1n Carlos Caballero\" class=\"wp-image-2693\" width=\"95\" height=\"111\"\/><figcaption>Xo\u00e1n Carlos Caballero\n&#8211; Mestre no CEIP de Salvaterra<\/figcaption><\/figure>\n\n\n\n<p>Como fiel lector da Hemeroteca do Decano, a\u00ednda tardei en darme conta do burato de verme que se atopa no seu universo. Cal f\u00edsico cualificado e aplicando o empirismo m\u00e1is ortodoxo, investiguei a posibilidade de que as vivencias humanas, tales que miserias, alegr\u00edas, tristezas, felicidade, penurias, benestar, etc., son galaxias interconectadas por pasadizos nos que entramos e sa\u00edmos de forma c\u00edclica. No meu laboratorio, o mesmo sitio onde almorzo a diario, pedinlle o xornal a Felipe, que \u00e9 o camareiro e colega sen o cal esta investigaci\u00f3n non ter\u00eda visto a luz.<\/p>\n\n\n\n<p>O traballo de campo comezou un d\u00eda que non hab\u00eda xornal, era moi cedo e a\u00ednda non chegara o repartidor. Na Broa, coma en moitas cafeter\u00edas, apilan varios meses a prensa diaria, e soliciteille que me pasara un exemplar ao chou, a antig\u00fcidade do mesmo tanto daba. Ti\u00f1a data de 24 de maio deste ano, soprei para espantar os restos de migallas e fari\u00f1a e busquei a p\u00e1xina con avidez para confirmar a certeza da teor\u00eda. Ese d\u00eda reflect\u00edanse acontecementos tan similares os actuais, a pesares de ter acontecido entre 1891 e 1971, que poder\u00edan ser portada dun telexornal de hoxe mesmo, sen que ningu\u00e9n se decatase do salto no tempo.<\/p>\n\n\n\n<p>Recopilei toda informaci\u00f3n que al\u00ed se recoll\u00eda para introducila no meu acelerador de part\u00edculas coa intenci\u00f3n de rescatar do pasado obxectos, feitos, lugares e personaxes. O resultado non me colleu por sorpresa, salvo por pequenos desaxustes de programaci\u00f3n do acelerador, que provocaron que os acontecementos se mesturaran saltando entre os diferentes universos paralelos ou multiversos, pero que de t\u00f3dolos xeitos, vi\u00f1a a confirmar a irrefutabilidade do estudo.<\/p>\n\n\n\n<p>Os efectos non se fixeron esperar e tanto Joaqu\u00edn Bonet como Pousada, futbolista do Vigo, present\u00e1ronse no \u201cTagus\u201d, unha nave espacial inglesa. Nada m\u00e1is chegar pediron desculpas pola tardanza e explic\u00e1ronme que durante o traxecto foran obrigados a facer corentena, non en San Sim\u00f3n, como fixeran no pasado, sen\u00f3n no Cunqueiro. Cont\u00e1ronme que, debido \u00e1 miseria e a fame que pasaban, embarcaran cara Am\u00e9rica en busca dunha vida digna. Non fixeron s\u00f3s a traves\u00eda, eran m\u00e1is de catrocentos, que logo de chegar a Vigo a p\u00e9, dende diferentes puntos da pen\u00ednsula, extenuados, embarcaron sen saber co que se \u00edan atopar ao outro lado do Atl\u00e1ntico. Antes deles xa foran miles as persoas que foran captadas polos \u201cganchos\u201d, como daquela se lle chamaba aos que promet\u00edan o \u201cpara\u00edso\u201d<\/p>\n\n\n\n<p>Relataron que unha vez al\u00ed atop\u00e1ronse con que alg\u00fans pa\u00edses endureceran as medidas para poder baixar do barco e moitos dos seus compa\u00f1eiros foron devoltos \u2018en quente` ao punto de partida. A pesares da distancia, seguiron en contacto con eles e a trav\u00e9s do correo enter\u00e1ronse de que estaban vivindo, aproveitando que na cidade pux\u00e9rase en marcha un plan social, nun local habilitado para as persoas que ped\u00edan esmola. Ning\u00fan deles se dera por vencido e adic\u00e1banse a deambular polo porto agardando o momento propicio para agocharse en calquer recuncho dun barco que partise. Os que o conseguiron foron explotados durante anos por ser migrantes sen papeis e viviron en condici\u00f3ns de extrema dureza ata que regularizaron a s\u00faa situaci\u00f3n. Por mor da velocidade cu\u00e1ntica, o encontro foi moi breve e a dicir verdade, excepto a fusi\u00f3n do Fortuna e o Vigo, daquela rivais encarnizados, para fundar o Celta, nada lles sorprendeu, comentoume Pousada. Ambos coincid\u00edan en que neste futuro seguimos a ter os mesmo problemas, e dicir, epidemias, pobreza, emigraci\u00f3n, explotaci\u00f3n, cuarentenas, axudas sociais, v\u00edas de comunicaci\u00f3n deficientes e f\u00fatbol como v\u00e1lvula de escape.<\/p>\n\n\n\n<p>Antes de emprender a viaxe de volta ao pasado, aproveitando que era ano Xubilar, ped\u00edronme un pouco de tempo para facer un tramo do cami\u00f1o de Santiago, prometendo cumprir escrupulosamente co protocolo Covid, para non complicar a\u00ednda m\u00e1is a epidemia de gripe que sufr\u00eda Arxentina, unha vez que \u201cTagus\u201d os levara de novo a tempos pret\u00e9ritos.<\/p>\n","protected":false},"excerpt":{"rendered":"<div class=\"mh-excerpt\"><p>Como fiel lector da Hemeroteca do Decano, a\u00ednda tardei en darme conta do burato de verme que se atopa no seu universo. Cal f\u00edsico cualificado e aplicando o empirismo m\u00e1is ortodoxo, investiguei a posibilidade de que as vivencias humanas, tales que miserias, alegr\u00edas, tristezas, felicidade, penurias, benestar, etc. <a class=\"mh-excerpt-more\" href=\"https:\/\/www.anovapeneira.gal\/index.php\/2021\/07\/20\/a-hemeroteca-cuantica-do-decano\/\" title=\"A HEMEROTECA CU\u00c1NTICA DO DECANO\">[&#8230;]<\/a><\/p>\n<\/div>","protected":false},"author":22,"featured_media":584,"comment_status":"open","ping_status":"open","sticky":false,"template":"","format":"standard","meta":{"_exactmetrics_skip_tracking":false,"_exactmetrics_sitenote_active":false,"_exactmetrics_sitenote_note":"","_exactmetrics_sitenote_category":0,"footnotes":""},"categories":[7],"tags":[58],"class_list":{"0":"post-5788","1":"post","2":"type-post","3":"status-publish","4":"format-standard","5":"has-post-thumbnail","7":"category-artigos-de-opinion","8":"tag-opinion"},"yoast_head":"<!-- This site is optimized with the Yoast SEO plugin v27.4 - https:\/\/yoast.com\/product\/yoast-seo-wordpress\/ -->\n<title>A HEMEROTECA CU\u00c1NTICA DO DECANO -<\/title>\n<meta name=\"description\" content=\"Como fiel lector da Hemeroteca do Decano, a\u00ednda tardei en darme conta do burato de verme que se atopa no seu universo. Cal f\u00edsico cualificado e aplicando o empirismo m\u00e1is ortodoxo, investiguei a posibilidade de que as vivencias humanas, tales que miserias, alegr\u00edas, tristezas, felicidade, penurias, benestar, etc.\" \/>\n<meta name=\"robots\" content=\"index, follow, max-snippet:-1, max-image-preview:large, max-video-preview:-1\" \/>\n<link rel=\"canonical\" href=\"https:\/\/www.anovapeneira.gal\/index.php\/2021\/07\/20\/a-hemeroteca-cuantica-do-decano\/\" \/>\n<meta property=\"og:locale\" content=\"gl_ES\" \/>\n<meta property=\"og:type\" content=\"article\" \/>\n<meta property=\"og:title\" content=\"A HEMEROTECA CU\u00c1NTICA DO DECANO -\" \/>\n<meta property=\"og:description\" content=\"Como fiel lector da Hemeroteca do Decano, a\u00ednda tardei en darme conta do burato de verme que se atopa no seu universo. Cal f\u00edsico cualificado e aplicando o empirismo m\u00e1is ortodoxo, investiguei a posibilidade de que as vivencias humanas, tales que miserias, alegr\u00edas, tristezas, felicidade, penurias, benestar, etc.\" \/>\n<meta property=\"og:url\" content=\"https:\/\/www.anovapeneira.gal\/index.php\/2021\/07\/20\/a-hemeroteca-cuantica-do-decano\/\" \/>\n<meta property=\"article:publisher\" content=\"https:\/\/www.facebook.com\/anovapeneira\" \/>\n<meta property=\"article:published_time\" content=\"2021-07-20T10:00:03+00:00\" \/>\n<meta property=\"og:image\" content=\"https:\/\/www.anovapeneira.gal\/wp-content\/uploads\/2019\/07\/ARTIGO_DE_OPINION_A_NOVA_PENEIRA.jpg\" \/>\n\t<meta property=\"og:image:width\" content=\"720\" \/>\n\t<meta property=\"og:image:height\" content=\"473\" \/>\n\t<meta property=\"og:image:type\" content=\"image\/jpeg\" \/>\n<meta name=\"author\" content=\"Xo\u00e1n Carlos Caballero\" \/>\n<meta name=\"twitter:card\" content=\"summary_large_image\" \/>\n<meta name=\"twitter:image\" content=\"https:\/\/www.anovapeneira.gal\/wp-content\/uploads\/2019\/07\/ARTIGO_DE_OPINION_A_NOVA_PENEIRA.jpg\" \/>\n<meta name=\"twitter:creator\" content=\"@APeneira\" \/>\n<meta name=\"twitter:site\" content=\"@APeneira\" \/>\n<meta name=\"twitter:label1\" content=\"Escrito por\" \/>\n\t<meta name=\"twitter:data1\" content=\"Xo\u00e1n Carlos Caballero\" \/>\n\t<meta name=\"twitter:label2\" content=\"Tempo de lectura\" \/>\n\t<meta name=\"twitter:data2\" content=\"3 minutos\" \/>\n<script type=\"application\/ld+json\" class=\"yoast-schema-graph\">{\"@context\":\"https:\\\/\\\/schema.org\",\"@graph\":[{\"@type\":\"Article\",\"@id\":\"https:\\\/\\\/www.anovapeneira.gal\\\/index.php\\\/2021\\\/07\\\/20\\\/a-hemeroteca-cuantica-do-decano\\\/#article\",\"isPartOf\":{\"@id\":\"https:\\\/\\\/www.anovapeneira.gal\\\/index.php\\\/2021\\\/07\\\/20\\\/a-hemeroteca-cuantica-do-decano\\\/\"},\"author\":{\"name\":\"Xo\u00e1n Carlos Caballero\",\"@id\":\"https:\\\/\\\/www.anovapeneira.gal\\\/#\\\/schema\\\/person\\\/1b50ea4c70279e2639668c02bf1674e5\"},\"headline\":\"A HEMEROTECA CU\u00c1NTICA DO DECANO\",\"datePublished\":\"2021-07-20T10:00:03+00:00\",\"mainEntityOfPage\":{\"@id\":\"https:\\\/\\\/www.anovapeneira.gal\\\/index.php\\\/2021\\\/07\\\/20\\\/a-hemeroteca-cuantica-do-decano\\\/\"},\"wordCount\":710,\"commentCount\":0,\"publisher\":{\"@id\":\"https:\\\/\\\/www.anovapeneira.gal\\\/#organization\"},\"image\":{\"@id\":\"https:\\\/\\\/www.anovapeneira.gal\\\/index.php\\\/2021\\\/07\\\/20\\\/a-hemeroteca-cuantica-do-decano\\\/#primaryimage\"},\"thumbnailUrl\":\"https:\\\/\\\/www.anovapeneira.gal\\\/wp-content\\\/uploads\\\/2019\\\/07\\\/ARTIGO_DE_OPINION_A_NOVA_PENEIRA.jpg\",\"keywords\":[\"Opini\u00f3n\"],\"articleSection\":[\"Artigos de opini\u00f3n\"],\"inLanguage\":\"gl-ES\",\"potentialAction\":[{\"@type\":\"CommentAction\",\"name\":\"Comment\",\"target\":[\"https:\\\/\\\/www.anovapeneira.gal\\\/index.php\\\/2021\\\/07\\\/20\\\/a-hemeroteca-cuantica-do-decano\\\/#respond\"]}]},{\"@type\":\"WebPage\",\"@id\":\"https:\\\/\\\/www.anovapeneira.gal\\\/index.php\\\/2021\\\/07\\\/20\\\/a-hemeroteca-cuantica-do-decano\\\/\",\"url\":\"https:\\\/\\\/www.anovapeneira.gal\\\/index.php\\\/2021\\\/07\\\/20\\\/a-hemeroteca-cuantica-do-decano\\\/\",\"name\":\"A HEMEROTECA CU\u00c1NTICA DO DECANO -\",\"isPartOf\":{\"@id\":\"https:\\\/\\\/www.anovapeneira.gal\\\/#website\"},\"primaryImageOfPage\":{\"@id\":\"https:\\\/\\\/www.anovapeneira.gal\\\/index.php\\\/2021\\\/07\\\/20\\\/a-hemeroteca-cuantica-do-decano\\\/#primaryimage\"},\"image\":{\"@id\":\"https:\\\/\\\/www.anovapeneira.gal\\\/index.php\\\/2021\\\/07\\\/20\\\/a-hemeroteca-cuantica-do-decano\\\/#primaryimage\"},\"thumbnailUrl\":\"https:\\\/\\\/www.anovapeneira.gal\\\/wp-content\\\/uploads\\\/2019\\\/07\\\/ARTIGO_DE_OPINION_A_NOVA_PENEIRA.jpg\",\"datePublished\":\"2021-07-20T10:00:03+00:00\",\"description\":\"Como fiel lector da Hemeroteca do Decano, a\u00ednda tardei en darme conta do burato de verme que se atopa no seu universo. Cal f\u00edsico cualificado e aplicando o empirismo m\u00e1is ortodoxo, investiguei a posibilidade de que as vivencias humanas, tales que miserias, alegr\u00edas, tristezas, felicidade, penurias, benestar, etc.\",\"breadcrumb\":{\"@id\":\"https:\\\/\\\/www.anovapeneira.gal\\\/index.php\\\/2021\\\/07\\\/20\\\/a-hemeroteca-cuantica-do-decano\\\/#breadcrumb\"},\"inLanguage\":\"gl-ES\",\"potentialAction\":[{\"@type\":\"ReadAction\",\"target\":[\"https:\\\/\\\/www.anovapeneira.gal\\\/index.php\\\/2021\\\/07\\\/20\\\/a-hemeroteca-cuantica-do-decano\\\/\"]}]},{\"@type\":\"ImageObject\",\"inLanguage\":\"gl-ES\",\"@id\":\"https:\\\/\\\/www.anovapeneira.gal\\\/index.php\\\/2021\\\/07\\\/20\\\/a-hemeroteca-cuantica-do-decano\\\/#primaryimage\",\"url\":\"https:\\\/\\\/www.anovapeneira.gal\\\/wp-content\\\/uploads\\\/2019\\\/07\\\/ARTIGO_DE_OPINION_A_NOVA_PENEIRA.jpg\",\"contentUrl\":\"https:\\\/\\\/www.anovapeneira.gal\\\/wp-content\\\/uploads\\\/2019\\\/07\\\/ARTIGO_DE_OPINION_A_NOVA_PENEIRA.jpg\",\"width\":720,\"height\":473,\"caption\":\"Artigo de opini\u00f3n A Nova Peneira\"},{\"@type\":\"BreadcrumbList\",\"@id\":\"https:\\\/\\\/www.anovapeneira.gal\\\/index.php\\\/2021\\\/07\\\/20\\\/a-hemeroteca-cuantica-do-decano\\\/#breadcrumb\",\"itemListElement\":[{\"@type\":\"ListItem\",\"position\":1,\"name\":\"Portada\",\"item\":\"https:\\\/\\\/www.anovapeneira.gal\\\/\"},{\"@type\":\"ListItem\",\"position\":2,\"name\":\"A HEMEROTECA CU\u00c1NTICA DO DECANO\"}]},{\"@type\":\"WebSite\",\"@id\":\"https:\\\/\\\/www.anovapeneira.gal\\\/#website\",\"url\":\"https:\\\/\\\/www.anovapeneira.gal\\\/\",\"name\":\"\",\"description\":\"Xornal galego de informaci\u00f3n xeral Publicaci\u00f3n mensual de novas de Galicia e en especial dos Concellos da sur da provincia de Pontevedra.\",\"publisher\":{\"@id\":\"https:\\\/\\\/www.anovapeneira.gal\\\/#organization\"},\"potentialAction\":[{\"@type\":\"SearchAction\",\"target\":{\"@type\":\"EntryPoint\",\"urlTemplate\":\"https:\\\/\\\/www.anovapeneira.gal\\\/?s={search_term_string}\"},\"query-input\":{\"@type\":\"PropertyValueSpecification\",\"valueRequired\":true,\"valueName\":\"search_term_string\"}}],\"inLanguage\":\"gl-ES\"},{\"@type\":\"Organization\",\"@id\":\"https:\\\/\\\/www.anovapeneira.gal\\\/#organization\",\"name\":\"A Nova Peneira\",\"url\":\"https:\\\/\\\/www.anovapeneira.gal\\\/\",\"logo\":{\"@type\":\"ImageObject\",\"inLanguage\":\"gl-ES\",\"@id\":\"https:\\\/\\\/www.anovapeneira.gal\\\/#\\\/schema\\\/logo\\\/image\\\/\",\"url\":\"http:\\\/\\\/www.anovapeneira.gal\\\/wp-content\\\/uploads\\\/2019\\\/06\\\/logo_a_nova_peneira_portal_web.png\",\"contentUrl\":\"http:\\\/\\\/www.anovapeneira.gal\\\/wp-content\\\/uploads\\\/2019\\\/06\\\/logo_a_nova_peneira_portal_web.png\",\"width\":300,\"height\":100,\"caption\":\"A Nova Peneira\"},\"image\":{\"@id\":\"https:\\\/\\\/www.anovapeneira.gal\\\/#\\\/schema\\\/logo\\\/image\\\/\"},\"sameAs\":[\"https:\\\/\\\/www.facebook.com\\\/anovapeneira\",\"https:\\\/\\\/x.com\\\/APeneira\"]},{\"@type\":\"Person\",\"@id\":\"https:\\\/\\\/www.anovapeneira.gal\\\/#\\\/schema\\\/person\\\/1b50ea4c70279e2639668c02bf1674e5\",\"name\":\"Xo\u00e1n Carlos Caballero\",\"image\":{\"@type\":\"ImageObject\",\"inLanguage\":\"gl-ES\",\"@id\":\"https:\\\/\\\/secure.gravatar.com\\\/avatar\\\/3527a74f68662d57f3183bf223473824f80a9c34a28b750bb59badaf22fb2f38?s=96&d=mm&r=g\",\"url\":\"https:\\\/\\\/secure.gravatar.com\\\/avatar\\\/3527a74f68662d57f3183bf223473824f80a9c34a28b750bb59badaf22fb2f38?s=96&d=mm&r=g\",\"contentUrl\":\"https:\\\/\\\/secure.gravatar.com\\\/avatar\\\/3527a74f68662d57f3183bf223473824f80a9c34a28b750bb59badaf22fb2f38?s=96&d=mm&r=g\",\"caption\":\"Xo\u00e1n Carlos Caballero\"},\"sameAs\":[\"http:\\\/\\\/anovapeneira.gal\"],\"url\":\"https:\\\/\\\/www.anovapeneira.gal\\\/index.php\\\/author\\\/xoan-carlos-caballero\\\/\"}]}<\/script>\n<!-- \/ Yoast SEO plugin. -->","yoast_head_json":{"title":"A HEMEROTECA CU\u00c1NTICA DO DECANO -","description":"Como fiel lector da Hemeroteca do Decano, a\u00ednda tardei en darme conta do burato de verme que se atopa no seu universo. Cal f\u00edsico cualificado e aplicando o empirismo m\u00e1is ortodoxo, investiguei a posibilidade de que as vivencias humanas, tales que miserias, alegr\u00edas, tristezas, felicidade, penurias, benestar, etc.","robots":{"index":"index","follow":"follow","max-snippet":"max-snippet:-1","max-image-preview":"max-image-preview:large","max-video-preview":"max-video-preview:-1"},"canonical":"https:\/\/www.anovapeneira.gal\/index.php\/2021\/07\/20\/a-hemeroteca-cuantica-do-decano\/","og_locale":"gl_ES","og_type":"article","og_title":"A HEMEROTECA CU\u00c1NTICA DO DECANO -","og_description":"Como fiel lector da Hemeroteca do Decano, a\u00ednda tardei en darme conta do burato de verme que se atopa no seu universo. Cal f\u00edsico cualificado e aplicando o empirismo m\u00e1is ortodoxo, investiguei a posibilidade de que as vivencias humanas, tales que miserias, alegr\u00edas, tristezas, felicidade, penurias, benestar, etc.","og_url":"https:\/\/www.anovapeneira.gal\/index.php\/2021\/07\/20\/a-hemeroteca-cuantica-do-decano\/","article_publisher":"https:\/\/www.facebook.com\/anovapeneira","article_published_time":"2021-07-20T10:00:03+00:00","og_image":[{"width":720,"height":473,"url":"https:\/\/www.anovapeneira.gal\/wp-content\/uploads\/2019\/07\/ARTIGO_DE_OPINION_A_NOVA_PENEIRA.jpg","type":"image\/jpeg"}],"author":"Xo\u00e1n Carlos Caballero","twitter_card":"summary_large_image","twitter_image":"https:\/\/www.anovapeneira.gal\/wp-content\/uploads\/2019\/07\/ARTIGO_DE_OPINION_A_NOVA_PENEIRA.jpg","twitter_creator":"@APeneira","twitter_site":"@APeneira","twitter_misc":{"Escrito por":"Xo\u00e1n Carlos Caballero","Tempo de lectura":"3 minutos"},"schema":{"@context":"https:\/\/schema.org","@graph":[{"@type":"Article","@id":"https:\/\/www.anovapeneira.gal\/index.php\/2021\/07\/20\/a-hemeroteca-cuantica-do-decano\/#article","isPartOf":{"@id":"https:\/\/www.anovapeneira.gal\/index.php\/2021\/07\/20\/a-hemeroteca-cuantica-do-decano\/"},"author":{"name":"Xo\u00e1n Carlos Caballero","@id":"https:\/\/www.anovapeneira.gal\/#\/schema\/person\/1b50ea4c70279e2639668c02bf1674e5"},"headline":"A HEMEROTECA CU\u00c1NTICA DO DECANO","datePublished":"2021-07-20T10:00:03+00:00","mainEntityOfPage":{"@id":"https:\/\/www.anovapeneira.gal\/index.php\/2021\/07\/20\/a-hemeroteca-cuantica-do-decano\/"},"wordCount":710,"commentCount":0,"publisher":{"@id":"https:\/\/www.anovapeneira.gal\/#organization"},"image":{"@id":"https:\/\/www.anovapeneira.gal\/index.php\/2021\/07\/20\/a-hemeroteca-cuantica-do-decano\/#primaryimage"},"thumbnailUrl":"https:\/\/www.anovapeneira.gal\/wp-content\/uploads\/2019\/07\/ARTIGO_DE_OPINION_A_NOVA_PENEIRA.jpg","keywords":["Opini\u00f3n"],"articleSection":["Artigos de opini\u00f3n"],"inLanguage":"gl-ES","potentialAction":[{"@type":"CommentAction","name":"Comment","target":["https:\/\/www.anovapeneira.gal\/index.php\/2021\/07\/20\/a-hemeroteca-cuantica-do-decano\/#respond"]}]},{"@type":"WebPage","@id":"https:\/\/www.anovapeneira.gal\/index.php\/2021\/07\/20\/a-hemeroteca-cuantica-do-decano\/","url":"https:\/\/www.anovapeneira.gal\/index.php\/2021\/07\/20\/a-hemeroteca-cuantica-do-decano\/","name":"A HEMEROTECA CU\u00c1NTICA DO DECANO -","isPartOf":{"@id":"https:\/\/www.anovapeneira.gal\/#website"},"primaryImageOfPage":{"@id":"https:\/\/www.anovapeneira.gal\/index.php\/2021\/07\/20\/a-hemeroteca-cuantica-do-decano\/#primaryimage"},"image":{"@id":"https:\/\/www.anovapeneira.gal\/index.php\/2021\/07\/20\/a-hemeroteca-cuantica-do-decano\/#primaryimage"},"thumbnailUrl":"https:\/\/www.anovapeneira.gal\/wp-content\/uploads\/2019\/07\/ARTIGO_DE_OPINION_A_NOVA_PENEIRA.jpg","datePublished":"2021-07-20T10:00:03+00:00","description":"Como fiel lector da Hemeroteca do Decano, a\u00ednda tardei en darme conta do burato de verme que se atopa no seu universo. Cal f\u00edsico cualificado e aplicando o empirismo m\u00e1is ortodoxo, investiguei a posibilidade de que as vivencias humanas, tales que miserias, alegr\u00edas, tristezas, felicidade, penurias, benestar, etc.","breadcrumb":{"@id":"https:\/\/www.anovapeneira.gal\/index.php\/2021\/07\/20\/a-hemeroteca-cuantica-do-decano\/#breadcrumb"},"inLanguage":"gl-ES","potentialAction":[{"@type":"ReadAction","target":["https:\/\/www.anovapeneira.gal\/index.php\/2021\/07\/20\/a-hemeroteca-cuantica-do-decano\/"]}]},{"@type":"ImageObject","inLanguage":"gl-ES","@id":"https:\/\/www.anovapeneira.gal\/index.php\/2021\/07\/20\/a-hemeroteca-cuantica-do-decano\/#primaryimage","url":"https:\/\/www.anovapeneira.gal\/wp-content\/uploads\/2019\/07\/ARTIGO_DE_OPINION_A_NOVA_PENEIRA.jpg","contentUrl":"https:\/\/www.anovapeneira.gal\/wp-content\/uploads\/2019\/07\/ARTIGO_DE_OPINION_A_NOVA_PENEIRA.jpg","width":720,"height":473,"caption":"Artigo de opini\u00f3n A Nova Peneira"},{"@type":"BreadcrumbList","@id":"https:\/\/www.anovapeneira.gal\/index.php\/2021\/07\/20\/a-hemeroteca-cuantica-do-decano\/#breadcrumb","itemListElement":[{"@type":"ListItem","position":1,"name":"Portada","item":"https:\/\/www.anovapeneira.gal\/"},{"@type":"ListItem","position":2,"name":"A HEMEROTECA CU\u00c1NTICA DO DECANO"}]},{"@type":"WebSite","@id":"https:\/\/www.anovapeneira.gal\/#website","url":"https:\/\/www.anovapeneira.gal\/","name":"","description":"Xornal galego de informaci\u00f3n xeral Publicaci\u00f3n mensual de novas de Galicia e en especial dos Concellos da sur da provincia de Pontevedra.","publisher":{"@id":"https:\/\/www.anovapeneira.gal\/#organization"},"potentialAction":[{"@type":"SearchAction","target":{"@type":"EntryPoint","urlTemplate":"https:\/\/www.anovapeneira.gal\/?s={search_term_string}"},"query-input":{"@type":"PropertyValueSpecification","valueRequired":true,"valueName":"search_term_string"}}],"inLanguage":"gl-ES"},{"@type":"Organization","@id":"https:\/\/www.anovapeneira.gal\/#organization","name":"A Nova Peneira","url":"https:\/\/www.anovapeneira.gal\/","logo":{"@type":"ImageObject","inLanguage":"gl-ES","@id":"https:\/\/www.anovapeneira.gal\/#\/schema\/logo\/image\/","url":"http:\/\/www.anovapeneira.gal\/wp-content\/uploads\/2019\/06\/logo_a_nova_peneira_portal_web.png","contentUrl":"http:\/\/www.anovapeneira.gal\/wp-content\/uploads\/2019\/06\/logo_a_nova_peneira_portal_web.png","width":300,"height":100,"caption":"A Nova Peneira"},"image":{"@id":"https:\/\/www.anovapeneira.gal\/#\/schema\/logo\/image\/"},"sameAs":["https:\/\/www.facebook.com\/anovapeneira","https:\/\/x.com\/APeneira"]},{"@type":"Person","@id":"https:\/\/www.anovapeneira.gal\/#\/schema\/person\/1b50ea4c70279e2639668c02bf1674e5","name":"Xo\u00e1n Carlos Caballero","image":{"@type":"ImageObject","inLanguage":"gl-ES","@id":"https:\/\/secure.gravatar.com\/avatar\/3527a74f68662d57f3183bf223473824f80a9c34a28b750bb59badaf22fb2f38?s=96&d=mm&r=g","url":"https:\/\/secure.gravatar.com\/avatar\/3527a74f68662d57f3183bf223473824f80a9c34a28b750bb59badaf22fb2f38?s=96&d=mm&r=g","contentUrl":"https:\/\/secure.gravatar.com\/avatar\/3527a74f68662d57f3183bf223473824f80a9c34a28b750bb59badaf22fb2f38?s=96&d=mm&r=g","caption":"Xo\u00e1n Carlos Caballero"},"sameAs":["http:\/\/anovapeneira.gal"],"url":"https:\/\/www.anovapeneira.gal\/index.php\/author\/xoan-carlos-caballero\/"}]}},"jetpack_featured_media_url":"https:\/\/www.anovapeneira.gal\/wp-content\/uploads\/2019\/07\/ARTIGO_DE_OPINION_A_NOVA_PENEIRA.jpg","_links":{"self":[{"href":"https:\/\/www.anovapeneira.gal\/index.php\/wp-json\/wp\/v2\/posts\/5788","targetHints":{"allow":["GET"]}}],"collection":[{"href":"https:\/\/www.anovapeneira.gal\/index.php\/wp-json\/wp\/v2\/posts"}],"about":[{"href":"https:\/\/www.anovapeneira.gal\/index.php\/wp-json\/wp\/v2\/types\/post"}],"author":[{"embeddable":true,"href":"https:\/\/www.anovapeneira.gal\/index.php\/wp-json\/wp\/v2\/users\/22"}],"replies":[{"embeddable":true,"href":"https:\/\/www.anovapeneira.gal\/index.php\/wp-json\/wp\/v2\/comments?post=5788"}],"version-history":[{"count":1,"href":"https:\/\/www.anovapeneira.gal\/index.php\/wp-json\/wp\/v2\/posts\/5788\/revisions"}],"predecessor-version":[{"id":5789,"href":"https:\/\/www.anovapeneira.gal\/index.php\/wp-json\/wp\/v2\/posts\/5788\/revisions\/5789"}],"wp:featuredmedia":[{"embeddable":true,"href":"https:\/\/www.anovapeneira.gal\/index.php\/wp-json\/wp\/v2\/media\/584"}],"wp:attachment":[{"href":"https:\/\/www.anovapeneira.gal\/index.php\/wp-json\/wp\/v2\/media?parent=5788"}],"wp:term":[{"taxonomy":"category","embeddable":true,"href":"https:\/\/www.anovapeneira.gal\/index.php\/wp-json\/wp\/v2\/categories?post=5788"},{"taxonomy":"post_tag","embeddable":true,"href":"https:\/\/www.anovapeneira.gal\/index.php\/wp-json\/wp\/v2\/tags?post=5788"}],"curies":[{"name":"wp","href":"https:\/\/api.w.org\/{rel}","templated":true}]}}