{"id":5790,"date":"2021-07-16T12:00:23","date_gmt":"2021-07-16T10:00:23","guid":{"rendered":"https:\/\/www.anovapeneira.gal\/?p=5790"},"modified":"2021-07-14T11:02:55","modified_gmt":"2021-07-14T09:02:55","slug":"unidas-podemos-pregunta-no-congreso-por-que-non-se-executaron-as-obras-orzamentadas-fai-dous-anos-da-n-550-en-mos","status":"publish","type":"post","link":"https:\/\/www.anovapeneira.gal\/index.php\/2021\/07\/16\/unidas-podemos-pregunta-no-congreso-por-que-non-se-executaron-as-obras-orzamentadas-fai-dous-anos-da-n-550-en-mos\/","title":{"rendered":"Unidas Podemos pregunta no Congreso por que non se executaron as obras orzamentadas fai dous anos da N-550 en Mos"},"content":{"rendered":"\n<h3 class=\"wp-block-heading\">\u2022 G\u00f3mez Reino: \u201cQueremos co\u00f1ecer o motivo polo cal estas obras tan necesarias para salvagardar aos usuarios da N-550 non se puxeron en marcha, a pesar de ser orzamentadas\u201d<\/h3>\n\n\n\n<h3 class=\"wp-block-heading\">\u2022Rom\u00e1n Gonz\u00e1lez: &#8220;\u00c9 un aut\u00e9ntico desprop\u00f3sito, e unha falta de respeto a veci\u00f1anza, que pasen os gobernos e que o \u00fanico que se faga neste asunto sexa publicidade populista. A veci\u00f1anza de Mos afectada precisa dunha soluci\u00f3n de maneira urxente&#8221;.<\/h3>\n\n\n\n<p><strong>S\u00e1bado, 10 de xullo de 2021<\/strong><\/p>\n\n\n\n<p>O Grupo Parlamentario Confederal Unidas Podemos-En Com\u00fa Podem-Galicia en Com\u00fan, rexistrou unha pregunta no Congreso a iniciativa de Ant\u00f3n G\u00f3mez Reino, logo de manter var\u00edas xuntanzas co concelleiro de Mos e voceiro provincial de Podemos, para co\u00f1ecer a causa da non licitaci\u00f3n e execuci\u00f3n do proxecto de remodelaci\u00f3n da intersecci\u00f3n da Estrada N-550 ao seu paso por Louredo, no municipio de Mos.<\/p>\n\n\n\n<p>Esta obra responder\u00eda a unha demanda veci\u00f1al de fai anos para permitir o xiro na estrada a Pombal, Panta\u00f1o e San Gregorio, as\u00ed como cambios de sentido garantindo a seguridade desta v\u00eda. En maio de 2019, o Ministerio de Fomento remitiu este proxecto ao Concello de Mos e anunciouse unha dotaci\u00f3n de 711.418,47 euros, IVE inclu\u00eddo.<\/p>\n\n\n\n<p>Ata a data, este plan nunca se chegou a executar de maneira que os problemas de seguridade contin\u00faan na actualidade, como denunciou a xestora \u201cAfectados N-550\u201d. Ademais, nesta zona xa se produciron varios accidentes de tr\u00e1ficos e ata tres mortes. Nos \u00faltimos accidentes tiveron que intervir equipos sanitarios con traslado aos hospitais pola gravidade dos feridos.<\/p>\n\n\n\n<p>No documento xa rexistrado no Congreso, Unidas Podemos pregunta tam\u00e9n polas previsi\u00f3ns do Ministerio de Transportes sobre a execuci\u00f3n deste proxecto, tanto en materia orzamentaria como de planificaci\u00f3n temporal das obras.<\/p>\n\n\n\n<p>O deputado Ant\u00f3n G\u00f3mez Reino, e o concelleiro de Mos e voceiro provincial de Podemos, Rom\u00e1n Gonz\u00e1lez, insistiron na \u201curxencia\u201d de abordar estas remodelaci\u00f3ns na N-550. \u201cTemos que dar resposta a esta demanda da poboaci\u00f3n de Mos que mira alarmada o perigo da v\u00eda. Queremos co\u00f1ecer o motivo polo cal estas obras tan necesarias para salvagardar aos usuarios da N-550 non se puxeron en marcha, a pesar de ser orzamentadas\u201d.<\/p>\n","protected":false},"excerpt":{"rendered":"<div class=\"mh-excerpt\"><p> G\u00f3mez Reino: \u201cQueremos co\u00f1ecer o motivo polo cal estas obras tan necesarias para salvagardar aos usuarios da N-550 non se puxeron en marcha, a pesar de ser orzamentadas\u201d <a class=\"mh-excerpt-more\" href=\"https:\/\/www.anovapeneira.gal\/index.php\/2021\/07\/16\/unidas-podemos-pregunta-no-congreso-por-que-non-se-executaron-as-obras-orzamentadas-fai-dous-anos-da-n-550-en-mos\/\" title=\"Unidas Podemos pregunta no Congreso por que non se executaron as obras orzamentadas fai dous anos da N-550 en Mos\">[&#8230;]<\/a><\/p>\n<\/div>","protected":false},"author":3,"featured_media":3165,"comment_status":"open","ping_status":"open","sticky":false,"template":"","format":"standard","meta":{"_exactmetrics_skip_tracking":false,"_exactmetrics_sitenote_active":false,"_exactmetrics_sitenote_note":"","_exactmetrics_sitenote_category":0,"footnotes":""},"categories":[23],"tags":[218,348],"class_list":{"0":"post-5790","1":"post","2":"type-post","3":"status-publish","4":"format-standard","5":"has-post-thumbnail","7":"category-a-lourina","8":"tag-concello-de-mos","9":"tag-unidas-podemos"},"yoast_head":"<!-- This site is optimized with the Yoast SEO plugin v27.4 - https:\/\/yoast.com\/product\/yoast-seo-wordpress\/ -->\n<title>Unidas Podemos pregunta no Congreso por que non se executaron as obras orzamentadas fai dous anos da N-550 en Mos -<\/title>\n<meta name=\"description\" content=\"G\u00f3mez Reino: \u201cQueremos co\u00f1ecer o motivo polo cal estas obras tan necesarias para salvagardar aos usuarios da N-550 non se puxeron en marcha, a pesar de ser orzamentadas\u201d\" \/>\n<meta name=\"robots\" content=\"index, follow, max-snippet:-1, max-image-preview:large, max-video-preview:-1\" \/>\n<link rel=\"canonical\" href=\"https:\/\/www.anovapeneira.gal\/index.php\/2021\/07\/16\/unidas-podemos-pregunta-no-congreso-por-que-non-se-executaron-as-obras-orzamentadas-fai-dous-anos-da-n-550-en-mos\/\" \/>\n<meta property=\"og:locale\" content=\"gl_ES\" \/>\n<meta property=\"og:type\" content=\"article\" \/>\n<meta property=\"og:title\" content=\"Unidas Podemos pregunta no Congreso por que non se executaron as obras orzamentadas fai dous anos da N-550 en Mos -\" \/>\n<meta property=\"og:description\" content=\"G\u00f3mez Reino: \u201cQueremos co\u00f1ecer o motivo polo cal estas obras tan necesarias para salvagardar aos usuarios da N-550 non se puxeron en marcha, a pesar de ser orzamentadas\u201d\" \/>\n<meta property=\"og:url\" content=\"https:\/\/www.anovapeneira.gal\/index.php\/2021\/07\/16\/unidas-podemos-pregunta-no-congreso-por-que-non-se-executaron-as-obras-orzamentadas-fai-dous-anos-da-n-550-en-mos\/\" \/>\n<meta property=\"article:publisher\" content=\"https:\/\/www.facebook.com\/anovapeneira\" \/>\n<meta property=\"article:published_time\" content=\"2021-07-16T10:00:23+00:00\" \/>\n<meta property=\"og:image\" content=\"https:\/\/www.anovapeneira.gal\/wp-content\/uploads\/2020\/05\/gomez_reino_a_nova_peneira.jpg\" \/>\n\t<meta property=\"og:image:width\" content=\"720\" \/>\n\t<meta property=\"og:image:height\" content=\"432\" \/>\n\t<meta property=\"og:image:type\" content=\"image\/jpeg\" \/>\n<meta name=\"author\" content=\"Redacci\u00f3n A Nova Peneira\" \/>\n<meta name=\"twitter:card\" content=\"summary_large_image\" \/>\n<meta name=\"twitter:creator\" content=\"@APeneira\" \/>\n<meta name=\"twitter:site\" content=\"@APeneira\" \/>\n<meta name=\"twitter:label1\" content=\"Escrito por\" \/>\n\t<meta name=\"twitter:data1\" content=\"Redacci\u00f3n A Nova Peneira\" \/>\n\t<meta name=\"twitter:label2\" content=\"Tempo de lectura\" \/>\n\t<meta name=\"twitter:data2\" content=\"2 minutos\" \/>\n<script type=\"application\/ld+json\" class=\"yoast-schema-graph\">{\"@context\":\"https:\\\/\\\/schema.org\",\"@graph\":[{\"@type\":\"Article\",\"@id\":\"https:\\\/\\\/www.anovapeneira.gal\\\/index.php\\\/2021\\\/07\\\/16\\\/unidas-podemos-pregunta-no-congreso-por-que-non-se-executaron-as-obras-orzamentadas-fai-dous-anos-da-n-550-en-mos\\\/#article\",\"isPartOf\":{\"@id\":\"https:\\\/\\\/www.anovapeneira.gal\\\/index.php\\\/2021\\\/07\\\/16\\\/unidas-podemos-pregunta-no-congreso-por-que-non-se-executaron-as-obras-orzamentadas-fai-dous-anos-da-n-550-en-mos\\\/\"},\"author\":{\"name\":\"Redacci\u00f3n A Nova Peneira\",\"@id\":\"https:\\\/\\\/www.anovapeneira.gal\\\/#\\\/schema\\\/person\\\/b93e3f8932e3f8da96334607eb6ac6aa\"},\"headline\":\"Unidas Podemos pregunta no Congreso por que non se executaron as obras orzamentadas fai dous anos da N-550 en Mos\",\"datePublished\":\"2021-07-16T10:00:23+00:00\",\"mainEntityOfPage\":{\"@id\":\"https:\\\/\\\/www.anovapeneira.gal\\\/index.php\\\/2021\\\/07\\\/16\\\/unidas-podemos-pregunta-no-congreso-por-que-non-se-executaron-as-obras-orzamentadas-fai-dous-anos-da-n-550-en-mos\\\/\"},\"wordCount\":403,\"commentCount\":0,\"publisher\":{\"@id\":\"https:\\\/\\\/www.anovapeneira.gal\\\/#organization\"},\"image\":{\"@id\":\"https:\\\/\\\/www.anovapeneira.gal\\\/index.php\\\/2021\\\/07\\\/16\\\/unidas-podemos-pregunta-no-congreso-por-que-non-se-executaron-as-obras-orzamentadas-fai-dous-anos-da-n-550-en-mos\\\/#primaryimage\"},\"thumbnailUrl\":\"https:\\\/\\\/www.anovapeneira.gal\\\/wp-content\\\/uploads\\\/2020\\\/05\\\/gomez_reino_a_nova_peneira.jpg\",\"keywords\":[\"Concello de Mos\",\"Unidas Podemos\"],\"articleSection\":[\"A Louri\u00f1a\"],\"inLanguage\":\"gl-ES\",\"potentialAction\":[{\"@type\":\"CommentAction\",\"name\":\"Comment\",\"target\":[\"https:\\\/\\\/www.anovapeneira.gal\\\/index.php\\\/2021\\\/07\\\/16\\\/unidas-podemos-pregunta-no-congreso-por-que-non-se-executaron-as-obras-orzamentadas-fai-dous-anos-da-n-550-en-mos\\\/#respond\"]}]},{\"@type\":\"WebPage\",\"@id\":\"https:\\\/\\\/www.anovapeneira.gal\\\/index.php\\\/2021\\\/07\\\/16\\\/unidas-podemos-pregunta-no-congreso-por-que-non-se-executaron-as-obras-orzamentadas-fai-dous-anos-da-n-550-en-mos\\\/\",\"url\":\"https:\\\/\\\/www.anovapeneira.gal\\\/index.php\\\/2021\\\/07\\\/16\\\/unidas-podemos-pregunta-no-congreso-por-que-non-se-executaron-as-obras-orzamentadas-fai-dous-anos-da-n-550-en-mos\\\/\",\"name\":\"Unidas Podemos pregunta no Congreso por que non se executaron as obras orzamentadas fai dous anos da N-550 en Mos -\",\"isPartOf\":{\"@id\":\"https:\\\/\\\/www.anovapeneira.gal\\\/#website\"},\"primaryImageOfPage\":{\"@id\":\"https:\\\/\\\/www.anovapeneira.gal\\\/index.php\\\/2021\\\/07\\\/16\\\/unidas-podemos-pregunta-no-congreso-por-que-non-se-executaron-as-obras-orzamentadas-fai-dous-anos-da-n-550-en-mos\\\/#primaryimage\"},\"image\":{\"@id\":\"https:\\\/\\\/www.anovapeneira.gal\\\/index.php\\\/2021\\\/07\\\/16\\\/unidas-podemos-pregunta-no-congreso-por-que-non-se-executaron-as-obras-orzamentadas-fai-dous-anos-da-n-550-en-mos\\\/#primaryimage\"},\"thumbnailUrl\":\"https:\\\/\\\/www.anovapeneira.gal\\\/wp-content\\\/uploads\\\/2020\\\/05\\\/gomez_reino_a_nova_peneira.jpg\",\"datePublished\":\"2021-07-16T10:00:23+00:00\",\"description\":\"G\u00f3mez Reino: \u201cQueremos co\u00f1ecer o motivo polo cal estas obras tan necesarias para salvagardar aos usuarios da N-550 non se puxeron en marcha, a pesar de ser orzamentadas\u201d\",\"breadcrumb\":{\"@id\":\"https:\\\/\\\/www.anovapeneira.gal\\\/index.php\\\/2021\\\/07\\\/16\\\/unidas-podemos-pregunta-no-congreso-por-que-non-se-executaron-as-obras-orzamentadas-fai-dous-anos-da-n-550-en-mos\\\/#breadcrumb\"},\"inLanguage\":\"gl-ES\",\"potentialAction\":[{\"@type\":\"ReadAction\",\"target\":[\"https:\\\/\\\/www.anovapeneira.gal\\\/index.php\\\/2021\\\/07\\\/16\\\/unidas-podemos-pregunta-no-congreso-por-que-non-se-executaron-as-obras-orzamentadas-fai-dous-anos-da-n-550-en-mos\\\/\"]}]},{\"@type\":\"ImageObject\",\"inLanguage\":\"gl-ES\",\"@id\":\"https:\\\/\\\/www.anovapeneira.gal\\\/index.php\\\/2021\\\/07\\\/16\\\/unidas-podemos-pregunta-no-congreso-por-que-non-se-executaron-as-obras-orzamentadas-fai-dous-anos-da-n-550-en-mos\\\/#primaryimage\",\"url\":\"https:\\\/\\\/www.anovapeneira.gal\\\/wp-content\\\/uploads\\\/2020\\\/05\\\/gomez_reino_a_nova_peneira.jpg\",\"contentUrl\":\"https:\\\/\\\/www.anovapeneira.gal\\\/wp-content\\\/uploads\\\/2020\\\/05\\\/gomez_reino_a_nova_peneira.jpg\",\"width\":720,\"height\":432,\"caption\":\"G\u00f3mez Reino A Nova Peneira\"},{\"@type\":\"BreadcrumbList\",\"@id\":\"https:\\\/\\\/www.anovapeneira.gal\\\/index.php\\\/2021\\\/07\\\/16\\\/unidas-podemos-pregunta-no-congreso-por-que-non-se-executaron-as-obras-orzamentadas-fai-dous-anos-da-n-550-en-mos\\\/#breadcrumb\",\"itemListElement\":[{\"@type\":\"ListItem\",\"position\":1,\"name\":\"Portada\",\"item\":\"https:\\\/\\\/www.anovapeneira.gal\\\/\"},{\"@type\":\"ListItem\",\"position\":2,\"name\":\"Unidas Podemos pregunta no Congreso por que non se executaron as obras orzamentadas fai dous anos da N-550 en Mos\"}]},{\"@type\":\"WebSite\",\"@id\":\"https:\\\/\\\/www.anovapeneira.gal\\\/#website\",\"url\":\"https:\\\/\\\/www.anovapeneira.gal\\\/\",\"name\":\"\",\"description\":\"Xornal galego de informaci\u00f3n xeral Publicaci\u00f3n mensual de novas de Galicia e en especial dos Concellos da sur da provincia de Pontevedra.\",\"publisher\":{\"@id\":\"https:\\\/\\\/www.anovapeneira.gal\\\/#organization\"},\"potentialAction\":[{\"@type\":\"SearchAction\",\"target\":{\"@type\":\"EntryPoint\",\"urlTemplate\":\"https:\\\/\\\/www.anovapeneira.gal\\\/?s={search_term_string}\"},\"query-input\":{\"@type\":\"PropertyValueSpecification\",\"valueRequired\":true,\"valueName\":\"search_term_string\"}}],\"inLanguage\":\"gl-ES\"},{\"@type\":\"Organization\",\"@id\":\"https:\\\/\\\/www.anovapeneira.gal\\\/#organization\",\"name\":\"A Nova Peneira\",\"url\":\"https:\\\/\\\/www.anovapeneira.gal\\\/\",\"logo\":{\"@type\":\"ImageObject\",\"inLanguage\":\"gl-ES\",\"@id\":\"https:\\\/\\\/www.anovapeneira.gal\\\/#\\\/schema\\\/logo\\\/image\\\/\",\"url\":\"http:\\\/\\\/www.anovapeneira.gal\\\/wp-content\\\/uploads\\\/2019\\\/06\\\/logo_a_nova_peneira_portal_web.png\",\"contentUrl\":\"http:\\\/\\\/www.anovapeneira.gal\\\/wp-content\\\/uploads\\\/2019\\\/06\\\/logo_a_nova_peneira_portal_web.png\",\"width\":300,\"height\":100,\"caption\":\"A Nova Peneira\"},\"image\":{\"@id\":\"https:\\\/\\\/www.anovapeneira.gal\\\/#\\\/schema\\\/logo\\\/image\\\/\"},\"sameAs\":[\"https:\\\/\\\/www.facebook.com\\\/anovapeneira\",\"https:\\\/\\\/x.com\\\/APeneira\"]},{\"@type\":\"Person\",\"@id\":\"https:\\\/\\\/www.anovapeneira.gal\\\/#\\\/schema\\\/person\\\/b93e3f8932e3f8da96334607eb6ac6aa\",\"name\":\"Redacci\u00f3n A Nova Peneira\",\"image\":{\"@type\":\"ImageObject\",\"inLanguage\":\"gl-ES\",\"@id\":\"https:\\\/\\\/secure.gravatar.com\\\/avatar\\\/c052a2551a06e23fac63626232eaa90abd78dbcf1700fc46a2b2c89fd27b735f?s=96&d=mm&r=g\",\"url\":\"https:\\\/\\\/secure.gravatar.com\\\/avatar\\\/c052a2551a06e23fac63626232eaa90abd78dbcf1700fc46a2b2c89fd27b735f?s=96&d=mm&r=g\",\"contentUrl\":\"https:\\\/\\\/secure.gravatar.com\\\/avatar\\\/c052a2551a06e23fac63626232eaa90abd78dbcf1700fc46a2b2c89fd27b735f?s=96&d=mm&r=g\",\"caption\":\"Redacci\u00f3n A Nova Peneira\"},\"sameAs\":[\"http:\\\/\\\/www.anovapeneira.gal\\\/\"],\"url\":\"https:\\\/\\\/www.anovapeneira.gal\\\/index.php\\\/author\\\/redactor\\\/\"}]}<\/script>\n<!-- \/ Yoast SEO plugin. -->","yoast_head_json":{"title":"Unidas Podemos pregunta no Congreso por que non se executaron as obras orzamentadas fai dous anos da N-550 en Mos -","description":"G\u00f3mez Reino: \u201cQueremos co\u00f1ecer o motivo polo cal estas obras tan necesarias para salvagardar aos usuarios da N-550 non se puxeron en marcha, a pesar de ser orzamentadas\u201d","robots":{"index":"index","follow":"follow","max-snippet":"max-snippet:-1","max-image-preview":"max-image-preview:large","max-video-preview":"max-video-preview:-1"},"canonical":"https:\/\/www.anovapeneira.gal\/index.php\/2021\/07\/16\/unidas-podemos-pregunta-no-congreso-por-que-non-se-executaron-as-obras-orzamentadas-fai-dous-anos-da-n-550-en-mos\/","og_locale":"gl_ES","og_type":"article","og_title":"Unidas Podemos pregunta no Congreso por que non se executaron as obras orzamentadas fai dous anos da N-550 en Mos -","og_description":"G\u00f3mez Reino: \u201cQueremos co\u00f1ecer o motivo polo cal estas obras tan necesarias para salvagardar aos usuarios da N-550 non se puxeron en marcha, a pesar de ser orzamentadas\u201d","og_url":"https:\/\/www.anovapeneira.gal\/index.php\/2021\/07\/16\/unidas-podemos-pregunta-no-congreso-por-que-non-se-executaron-as-obras-orzamentadas-fai-dous-anos-da-n-550-en-mos\/","article_publisher":"https:\/\/www.facebook.com\/anovapeneira","article_published_time":"2021-07-16T10:00:23+00:00","og_image":[{"width":720,"height":432,"url":"https:\/\/www.anovapeneira.gal\/wp-content\/uploads\/2020\/05\/gomez_reino_a_nova_peneira.jpg","type":"image\/jpeg"}],"author":"Redacci\u00f3n A Nova Peneira","twitter_card":"summary_large_image","twitter_creator":"@APeneira","twitter_site":"@APeneira","twitter_misc":{"Escrito por":"Redacci\u00f3n A Nova Peneira","Tempo de lectura":"2 minutos"},"schema":{"@context":"https:\/\/schema.org","@graph":[{"@type":"Article","@id":"https:\/\/www.anovapeneira.gal\/index.php\/2021\/07\/16\/unidas-podemos-pregunta-no-congreso-por-que-non-se-executaron-as-obras-orzamentadas-fai-dous-anos-da-n-550-en-mos\/#article","isPartOf":{"@id":"https:\/\/www.anovapeneira.gal\/index.php\/2021\/07\/16\/unidas-podemos-pregunta-no-congreso-por-que-non-se-executaron-as-obras-orzamentadas-fai-dous-anos-da-n-550-en-mos\/"},"author":{"name":"Redacci\u00f3n A Nova Peneira","@id":"https:\/\/www.anovapeneira.gal\/#\/schema\/person\/b93e3f8932e3f8da96334607eb6ac6aa"},"headline":"Unidas Podemos pregunta no Congreso por que non se executaron as obras orzamentadas fai dous anos da N-550 en Mos","datePublished":"2021-07-16T10:00:23+00:00","mainEntityOfPage":{"@id":"https:\/\/www.anovapeneira.gal\/index.php\/2021\/07\/16\/unidas-podemos-pregunta-no-congreso-por-que-non-se-executaron-as-obras-orzamentadas-fai-dous-anos-da-n-550-en-mos\/"},"wordCount":403,"commentCount":0,"publisher":{"@id":"https:\/\/www.anovapeneira.gal\/#organization"},"image":{"@id":"https:\/\/www.anovapeneira.gal\/index.php\/2021\/07\/16\/unidas-podemos-pregunta-no-congreso-por-que-non-se-executaron-as-obras-orzamentadas-fai-dous-anos-da-n-550-en-mos\/#primaryimage"},"thumbnailUrl":"https:\/\/www.anovapeneira.gal\/wp-content\/uploads\/2020\/05\/gomez_reino_a_nova_peneira.jpg","keywords":["Concello de Mos","Unidas Podemos"],"articleSection":["A Louri\u00f1a"],"inLanguage":"gl-ES","potentialAction":[{"@type":"CommentAction","name":"Comment","target":["https:\/\/www.anovapeneira.gal\/index.php\/2021\/07\/16\/unidas-podemos-pregunta-no-congreso-por-que-non-se-executaron-as-obras-orzamentadas-fai-dous-anos-da-n-550-en-mos\/#respond"]}]},{"@type":"WebPage","@id":"https:\/\/www.anovapeneira.gal\/index.php\/2021\/07\/16\/unidas-podemos-pregunta-no-congreso-por-que-non-se-executaron-as-obras-orzamentadas-fai-dous-anos-da-n-550-en-mos\/","url":"https:\/\/www.anovapeneira.gal\/index.php\/2021\/07\/16\/unidas-podemos-pregunta-no-congreso-por-que-non-se-executaron-as-obras-orzamentadas-fai-dous-anos-da-n-550-en-mos\/","name":"Unidas Podemos pregunta no Congreso por que non se executaron as obras orzamentadas fai dous anos da N-550 en Mos -","isPartOf":{"@id":"https:\/\/www.anovapeneira.gal\/#website"},"primaryImageOfPage":{"@id":"https:\/\/www.anovapeneira.gal\/index.php\/2021\/07\/16\/unidas-podemos-pregunta-no-congreso-por-que-non-se-executaron-as-obras-orzamentadas-fai-dous-anos-da-n-550-en-mos\/#primaryimage"},"image":{"@id":"https:\/\/www.anovapeneira.gal\/index.php\/2021\/07\/16\/unidas-podemos-pregunta-no-congreso-por-que-non-se-executaron-as-obras-orzamentadas-fai-dous-anos-da-n-550-en-mos\/#primaryimage"},"thumbnailUrl":"https:\/\/www.anovapeneira.gal\/wp-content\/uploads\/2020\/05\/gomez_reino_a_nova_peneira.jpg","datePublished":"2021-07-16T10:00:23+00:00","description":"G\u00f3mez Reino: \u201cQueremos co\u00f1ecer o motivo polo cal estas obras tan necesarias para salvagardar aos usuarios da N-550 non se puxeron en marcha, a pesar de ser orzamentadas\u201d","breadcrumb":{"@id":"https:\/\/www.anovapeneira.gal\/index.php\/2021\/07\/16\/unidas-podemos-pregunta-no-congreso-por-que-non-se-executaron-as-obras-orzamentadas-fai-dous-anos-da-n-550-en-mos\/#breadcrumb"},"inLanguage":"gl-ES","potentialAction":[{"@type":"ReadAction","target":["https:\/\/www.anovapeneira.gal\/index.php\/2021\/07\/16\/unidas-podemos-pregunta-no-congreso-por-que-non-se-executaron-as-obras-orzamentadas-fai-dous-anos-da-n-550-en-mos\/"]}]},{"@type":"ImageObject","inLanguage":"gl-ES","@id":"https:\/\/www.anovapeneira.gal\/index.php\/2021\/07\/16\/unidas-podemos-pregunta-no-congreso-por-que-non-se-executaron-as-obras-orzamentadas-fai-dous-anos-da-n-550-en-mos\/#primaryimage","url":"https:\/\/www.anovapeneira.gal\/wp-content\/uploads\/2020\/05\/gomez_reino_a_nova_peneira.jpg","contentUrl":"https:\/\/www.anovapeneira.gal\/wp-content\/uploads\/2020\/05\/gomez_reino_a_nova_peneira.jpg","width":720,"height":432,"caption":"G\u00f3mez Reino A Nova Peneira"},{"@type":"BreadcrumbList","@id":"https:\/\/www.anovapeneira.gal\/index.php\/2021\/07\/16\/unidas-podemos-pregunta-no-congreso-por-que-non-se-executaron-as-obras-orzamentadas-fai-dous-anos-da-n-550-en-mos\/#breadcrumb","itemListElement":[{"@type":"ListItem","position":1,"name":"Portada","item":"https:\/\/www.anovapeneira.gal\/"},{"@type":"ListItem","position":2,"name":"Unidas Podemos pregunta no Congreso por que non se executaron as obras orzamentadas fai dous anos da N-550 en Mos"}]},{"@type":"WebSite","@id":"https:\/\/www.anovapeneira.gal\/#website","url":"https:\/\/www.anovapeneira.gal\/","name":"","description":"Xornal galego de informaci\u00f3n xeral Publicaci\u00f3n mensual de novas de Galicia e en especial dos Concellos da sur da provincia de Pontevedra.","publisher":{"@id":"https:\/\/www.anovapeneira.gal\/#organization"},"potentialAction":[{"@type":"SearchAction","target":{"@type":"EntryPoint","urlTemplate":"https:\/\/www.anovapeneira.gal\/?s={search_term_string}"},"query-input":{"@type":"PropertyValueSpecification","valueRequired":true,"valueName":"search_term_string"}}],"inLanguage":"gl-ES"},{"@type":"Organization","@id":"https:\/\/www.anovapeneira.gal\/#organization","name":"A Nova Peneira","url":"https:\/\/www.anovapeneira.gal\/","logo":{"@type":"ImageObject","inLanguage":"gl-ES","@id":"https:\/\/www.anovapeneira.gal\/#\/schema\/logo\/image\/","url":"http:\/\/www.anovapeneira.gal\/wp-content\/uploads\/2019\/06\/logo_a_nova_peneira_portal_web.png","contentUrl":"http:\/\/www.anovapeneira.gal\/wp-content\/uploads\/2019\/06\/logo_a_nova_peneira_portal_web.png","width":300,"height":100,"caption":"A Nova Peneira"},"image":{"@id":"https:\/\/www.anovapeneira.gal\/#\/schema\/logo\/image\/"},"sameAs":["https:\/\/www.facebook.com\/anovapeneira","https:\/\/x.com\/APeneira"]},{"@type":"Person","@id":"https:\/\/www.anovapeneira.gal\/#\/schema\/person\/b93e3f8932e3f8da96334607eb6ac6aa","name":"Redacci\u00f3n A Nova Peneira","image":{"@type":"ImageObject","inLanguage":"gl-ES","@id":"https:\/\/secure.gravatar.com\/avatar\/c052a2551a06e23fac63626232eaa90abd78dbcf1700fc46a2b2c89fd27b735f?s=96&d=mm&r=g","url":"https:\/\/secure.gravatar.com\/avatar\/c052a2551a06e23fac63626232eaa90abd78dbcf1700fc46a2b2c89fd27b735f?s=96&d=mm&r=g","contentUrl":"https:\/\/secure.gravatar.com\/avatar\/c052a2551a06e23fac63626232eaa90abd78dbcf1700fc46a2b2c89fd27b735f?s=96&d=mm&r=g","caption":"Redacci\u00f3n A Nova Peneira"},"sameAs":["http:\/\/www.anovapeneira.gal\/"],"url":"https:\/\/www.anovapeneira.gal\/index.php\/author\/redactor\/"}]}},"jetpack_featured_media_url":"https:\/\/www.anovapeneira.gal\/wp-content\/uploads\/2020\/05\/gomez_reino_a_nova_peneira.jpg","_links":{"self":[{"href":"https:\/\/www.anovapeneira.gal\/index.php\/wp-json\/wp\/v2\/posts\/5790","targetHints":{"allow":["GET"]}}],"collection":[{"href":"https:\/\/www.anovapeneira.gal\/index.php\/wp-json\/wp\/v2\/posts"}],"about":[{"href":"https:\/\/www.anovapeneira.gal\/index.php\/wp-json\/wp\/v2\/types\/post"}],"author":[{"embeddable":true,"href":"https:\/\/www.anovapeneira.gal\/index.php\/wp-json\/wp\/v2\/users\/3"}],"replies":[{"embeddable":true,"href":"https:\/\/www.anovapeneira.gal\/index.php\/wp-json\/wp\/v2\/comments?post=5790"}],"version-history":[{"count":1,"href":"https:\/\/www.anovapeneira.gal\/index.php\/wp-json\/wp\/v2\/posts\/5790\/revisions"}],"predecessor-version":[{"id":5791,"href":"https:\/\/www.anovapeneira.gal\/index.php\/wp-json\/wp\/v2\/posts\/5790\/revisions\/5791"}],"wp:featuredmedia":[{"embeddable":true,"href":"https:\/\/www.anovapeneira.gal\/index.php\/wp-json\/wp\/v2\/media\/3165"}],"wp:attachment":[{"href":"https:\/\/www.anovapeneira.gal\/index.php\/wp-json\/wp\/v2\/media?parent=5790"}],"wp:term":[{"taxonomy":"category","embeddable":true,"href":"https:\/\/www.anovapeneira.gal\/index.php\/wp-json\/wp\/v2\/categories?post=5790"},{"taxonomy":"post_tag","embeddable":true,"href":"https:\/\/www.anovapeneira.gal\/index.php\/wp-json\/wp\/v2\/tags?post=5790"}],"curies":[{"name":"wp","href":"https:\/\/api.w.org\/{rel}","templated":true}]}}