{"id":5792,"date":"2021-07-21T10:00:46","date_gmt":"2021-07-21T08:00:46","guid":{"rendered":"https:\/\/www.anovapeneira.gal\/?p=5792"},"modified":"2021-07-21T17:32:05","modified_gmt":"2021-07-21T15:32:05","slug":"os-camaradas-os-companeiros-e-companeiras","status":"publish","type":"post","link":"https:\/\/www.anovapeneira.gal\/index.php\/2021\/07\/21\/os-camaradas-os-companeiros-e-companeiras\/","title":{"rendered":"Os camaradas, os compa\u00f1eiros e compa\u00f1eiras"},"content":{"rendered":"\n\n\n<figure class=\"wp-block-image size-large is-resized\"><img loading=\"lazy\" decoding=\"async\" src=\"https:\/\/www.anovapeneira.gal\/wp-content\/uploads\/2019\/05\/tino_lago_director_a_nova_peneira.jpg\" alt=\"Tino Lago director a Nova Peneira\" class=\"wp-image-189\" width=\"95\" height=\"111\"\/><figcaption>Tino Lago director a Nova Peneira<\/figcaption><\/figure>\n\n\n\n<p>Nas persoas da mi\u00f1a xeraci\u00f3n, que vivimos a nosa adolescencia nos primeiros anos da d\u00e9cada dos 80 do pasado s\u00e9culo, hab\u00eda un nivel moi elevado de politizaci\u00f3n e non era estra\u00f1o que un estivese, sen pretendelo, metido no medio de debates de elevada complexidade te\u00f3rica pol\u00edtica con matices que agora ser\u00edan impensables. Non me imaxino, nin de lonxe, a mozos que rozan as d\u00faas d\u00e9cadas de idade discutindo sobre o maoismo ou trotskismo cun grao de paix\u00f3n e intensidade semellante ao que puidese existir nas est\u00fapidas discusi\u00f3ns entre fan\u00e1ticos seareiros de calquera equipo de f\u00fatbol. \u00c1s veces cando a nostalxia compartida daqueles azuis d\u00edas da mocidade invade o meu coraz\u00f3n, lembro co meu amigo Quique un episodio no que estabamos a debater cuns comunistas dun grupo, de cuxo nome non me quero acordar, e no medio da treboada dial\u00e9ctica a Quique ocorr\u00e9uselle chamar \u201c social dem\u00f3crata\u201d a un dos nosos interlocutores. Non podo evitar o sorriso oce\u00e1nico cando lembro a indignaci\u00f3n enorme do aludido, como o m\u00e1is enorme dos ra\u00f1a ceos , ao ser interpelado desa maneira. E non creo que nunca esqueza a s\u00faa resposta: \u201cMira, prefiro que me chames fillo de puta que socialdem\u00f3crata. Ese \u00e9 o peor insulto que me podes facer\u201d<\/p>\n\n\n\n<p>Entre todo o universo nos que nos moviamos as persoas que dun modo ou outro ti\u00f1amos relaci\u00f3n coa esquerda pol\u00edtica naqueles tempos era moi frecuente substitu\u00edr o noso nome, ao dirixirnos a algu\u00e9n, polo termo camarada ou compa\u00f1eiro. Ambos simbolizaban o desexo de manifestar a intenci\u00f3n de manter unha relaci\u00f3n entre iguais, na que ningu\u00e9n fose m\u00e1is que ningu\u00e9n e na que a solidariedade e a fraternidade fosen os eixos que definisen as interacci\u00f3ns rec\u00edprocas. De feito eu a\u00ednda mante\u00f1o ese costume \u00e1 hora de dirixirme a algu\u00e9n que aprecio que me fai compa\u00f1\u00eda e co que sei que podo contar nos momentos de debilidade e angustia existencial. Malia as enormes decepci\u00f3ns vitais acontecidas no meu cami\u00f1ar persoal, seguro que igual ca no de todo o mundo, malia a recua de traidores, cr\u00e1pulas ,interesados e desagradecidos cos que me te\u00f1o cruzado, seguro que igual que todo o mundo, sirva este texto como homenaxe, desde o mais \u00edntimo e profundo de min, aos compa\u00f1eiros e compa\u00f1eiras, aos e as camaradas de verdade, a quen aconsella sen, xulgar a quen d\u00e1 sen pedir e a quen se move pola forza motriz dos seus valores das s\u00faas ideas e das s\u00faas convicci\u00f3ns. A imaxe que ilustra este texto \u00e9 a do meu camarada Nocho da Guarda. Camarada no sentido estrito do termo. E a s\u00faa imaxe \u00e9 unha metonimia de todos aqueles e aquelas que coa s\u00faa xenerosidade fan mellor \u00e1 humanidade. Grazas Lare de Redondela, Grazas Ant\u00f3n de Salvaterra, Grazas Luc\u00eda de Mar\u00edn, Grazas Susana de Vigo, Grazas Miriam de Tui, Grazas Waldo de Mos, Grazas Pedro do Porri\u00f1o, Grazas Quique, Raquel, Segundo Dani, Paco Sio e Triqui de Vigo&#8230;&#8230;&#8230;&#8230;&#8230;Sen v\u00f3s A Nova Peneira ser\u00eda imposible.<\/p>\n","protected":false},"excerpt":{"rendered":"<div class=\"mh-excerpt\"><p>Nas persoas da mi\u00f1a xeraci\u00f3n, que vivimos a nosa adolescencia nos primeiros anos da d\u00e9cada dos 80 do pasado s\u00e9culo, hab\u00eda un nivel moi elevado de politizaci\u00f3n e non era estra\u00f1o que un estivese, sen pretendelo, metido no medio de debates de elevada complexidade te\u00f3rica pol\u00edtica con matices que agora ser\u00edan impensables <a class=\"mh-excerpt-more\" href=\"https:\/\/www.anovapeneira.gal\/index.php\/2021\/07\/21\/os-camaradas-os-companeiros-e-companeiras\/\" title=\"Os camaradas, os compa\u00f1eiros e compa\u00f1eiras\">[&#8230;]<\/a><\/p>\n<\/div>","protected":false},"author":2,"featured_media":5794,"comment_status":"open","ping_status":"open","sticky":false,"template":"","format":"standard","meta":{"_exactmetrics_skip_tracking":false,"_exactmetrics_sitenote_active":false,"_exactmetrics_sitenote_note":"","_exactmetrics_sitenote_category":0,"footnotes":""},"categories":[61],"tags":[],"class_list":{"0":"post-5792","1":"post","2":"type-post","3":"status-publish","4":"format-standard","5":"has-post-thumbnail","7":"category-artigo-editorial"},"yoast_head":"<!-- This site is optimized with the Yoast SEO plugin v27.5 - https:\/\/yoast.com\/product\/yoast-seo-wordpress\/ -->\n<title>Os camaradas, os compa\u00f1eiros e compa\u00f1eiras -<\/title>\n<meta name=\"description\" content=\"Nas persoas da mi\u00f1a xeraci\u00f3n, que vivimos a nosa adolescencia nos primeiros anos da d\u00e9cada dos 80 do pasado s\u00e9culo, hab\u00eda un nivel moi elevado de politizaci\u00f3n e non era estra\u00f1o que un estivese, sen pretendelo, metido no medio de debates de elevada complexidade te\u00f3rica pol\u00edtica con matices que agora ser\u00edan impensables\" \/>\n<meta name=\"robots\" content=\"index, follow, max-snippet:-1, max-image-preview:large, max-video-preview:-1\" \/>\n<link rel=\"canonical\" href=\"https:\/\/www.anovapeneira.gal\/index.php\/2021\/07\/21\/os-camaradas-os-companeiros-e-companeiras\/\" \/>\n<meta property=\"og:locale\" content=\"gl_ES\" \/>\n<meta property=\"og:type\" content=\"article\" \/>\n<meta property=\"og:title\" content=\"Os camaradas, os compa\u00f1eiros e compa\u00f1eiras -\" \/>\n<meta property=\"og:description\" content=\"Nas persoas da mi\u00f1a xeraci\u00f3n, que vivimos a nosa adolescencia nos primeiros anos da d\u00e9cada dos 80 do pasado s\u00e9culo, hab\u00eda un nivel moi elevado de politizaci\u00f3n e non era estra\u00f1o que un estivese, sen pretendelo, metido no medio de debates de elevada complexidade te\u00f3rica pol\u00edtica con matices que agora ser\u00edan impensables\" \/>\n<meta property=\"og:url\" content=\"https:\/\/www.anovapeneira.gal\/index.php\/2021\/07\/21\/os-camaradas-os-companeiros-e-companeiras\/\" \/>\n<meta property=\"article:publisher\" content=\"https:\/\/www.facebook.com\/anovapeneira\" \/>\n<meta property=\"article:published_time\" content=\"2021-07-21T08:00:46+00:00\" \/>\n<meta property=\"article:modified_time\" content=\"2021-07-21T15:32:05+00:00\" \/>\n<meta property=\"og:image\" content=\"https:\/\/www.anovapeneira.gal\/wp-content\/uploads\/2021\/07\/camarada_nocho_guarda.jpg\" \/>\n\t<meta property=\"og:image:width\" content=\"720\" \/>\n\t<meta property=\"og:image:height\" content=\"432\" \/>\n\t<meta property=\"og:image:type\" content=\"image\/jpeg\" \/>\n<meta name=\"author\" content=\"Tino Lago\" \/>\n<meta name=\"twitter:card\" content=\"summary_large_image\" \/>\n<meta name=\"twitter:image\" content=\"https:\/\/www.anovapeneira.gal\/wp-content\/uploads\/2021\/07\/camarada_nocho_guarda.jpg\" \/>\n<meta name=\"twitter:creator\" content=\"@APeneira\" \/>\n<meta name=\"twitter:site\" content=\"@APeneira\" \/>\n<meta name=\"twitter:label1\" content=\"Escrito por\" \/>\n\t<meta name=\"twitter:data1\" content=\"Tino Lago\" \/>\n\t<meta name=\"twitter:label2\" content=\"Tempo de lectura\" \/>\n\t<meta name=\"twitter:data2\" content=\"3 minutos\" \/>\n<script type=\"application\/ld+json\" class=\"yoast-schema-graph\">{\"@context\":\"https:\\\/\\\/schema.org\",\"@graph\":[{\"@type\":\"Article\",\"@id\":\"https:\\\/\\\/www.anovapeneira.gal\\\/index.php\\\/2021\\\/07\\\/21\\\/os-camaradas-os-companeiros-e-companeiras\\\/#article\",\"isPartOf\":{\"@id\":\"https:\\\/\\\/www.anovapeneira.gal\\\/index.php\\\/2021\\\/07\\\/21\\\/os-camaradas-os-companeiros-e-companeiras\\\/\"},\"author\":{\"name\":\"Tino Lago\",\"@id\":\"https:\\\/\\\/www.anovapeneira.gal\\\/#\\\/schema\\\/person\\\/424dfe65e3070fd8a44d22d2c088762a\"},\"headline\":\"Os camaradas, os compa\u00f1eiros e compa\u00f1eiras\",\"datePublished\":\"2021-07-21T08:00:46+00:00\",\"dateModified\":\"2021-07-21T15:32:05+00:00\",\"mainEntityOfPage\":{\"@id\":\"https:\\\/\\\/www.anovapeneira.gal\\\/index.php\\\/2021\\\/07\\\/21\\\/os-camaradas-os-companeiros-e-companeiras\\\/\"},\"wordCount\":558,\"commentCount\":0,\"publisher\":{\"@id\":\"https:\\\/\\\/www.anovapeneira.gal\\\/#organization\"},\"image\":{\"@id\":\"https:\\\/\\\/www.anovapeneira.gal\\\/index.php\\\/2021\\\/07\\\/21\\\/os-camaradas-os-companeiros-e-companeiras\\\/#primaryimage\"},\"thumbnailUrl\":\"https:\\\/\\\/www.anovapeneira.gal\\\/wp-content\\\/uploads\\\/2021\\\/07\\\/camarada_nocho_guarda.jpg\",\"articleSection\":[\"Artigo editorial\"],\"inLanguage\":\"gl-ES\",\"potentialAction\":[{\"@type\":\"CommentAction\",\"name\":\"Comment\",\"target\":[\"https:\\\/\\\/www.anovapeneira.gal\\\/index.php\\\/2021\\\/07\\\/21\\\/os-camaradas-os-companeiros-e-companeiras\\\/#respond\"]}]},{\"@type\":\"WebPage\",\"@id\":\"https:\\\/\\\/www.anovapeneira.gal\\\/index.php\\\/2021\\\/07\\\/21\\\/os-camaradas-os-companeiros-e-companeiras\\\/\",\"url\":\"https:\\\/\\\/www.anovapeneira.gal\\\/index.php\\\/2021\\\/07\\\/21\\\/os-camaradas-os-companeiros-e-companeiras\\\/\",\"name\":\"Os camaradas, os compa\u00f1eiros e compa\u00f1eiras -\",\"isPartOf\":{\"@id\":\"https:\\\/\\\/www.anovapeneira.gal\\\/#website\"},\"primaryImageOfPage\":{\"@id\":\"https:\\\/\\\/www.anovapeneira.gal\\\/index.php\\\/2021\\\/07\\\/21\\\/os-camaradas-os-companeiros-e-companeiras\\\/#primaryimage\"},\"image\":{\"@id\":\"https:\\\/\\\/www.anovapeneira.gal\\\/index.php\\\/2021\\\/07\\\/21\\\/os-camaradas-os-companeiros-e-companeiras\\\/#primaryimage\"},\"thumbnailUrl\":\"https:\\\/\\\/www.anovapeneira.gal\\\/wp-content\\\/uploads\\\/2021\\\/07\\\/camarada_nocho_guarda.jpg\",\"datePublished\":\"2021-07-21T08:00:46+00:00\",\"dateModified\":\"2021-07-21T15:32:05+00:00\",\"description\":\"Nas persoas da mi\u00f1a xeraci\u00f3n, que vivimos a nosa adolescencia nos primeiros anos da d\u00e9cada dos 80 do pasado s\u00e9culo, hab\u00eda un nivel moi elevado de politizaci\u00f3n e non era estra\u00f1o que un estivese, sen pretendelo, metido no medio de debates de elevada complexidade te\u00f3rica pol\u00edtica con matices que agora ser\u00edan impensables\",\"breadcrumb\":{\"@id\":\"https:\\\/\\\/www.anovapeneira.gal\\\/index.php\\\/2021\\\/07\\\/21\\\/os-camaradas-os-companeiros-e-companeiras\\\/#breadcrumb\"},\"inLanguage\":\"gl-ES\",\"potentialAction\":[{\"@type\":\"ReadAction\",\"target\":[\"https:\\\/\\\/www.anovapeneira.gal\\\/index.php\\\/2021\\\/07\\\/21\\\/os-camaradas-os-companeiros-e-companeiras\\\/\"]}]},{\"@type\":\"ImageObject\",\"inLanguage\":\"gl-ES\",\"@id\":\"https:\\\/\\\/www.anovapeneira.gal\\\/index.php\\\/2021\\\/07\\\/21\\\/os-camaradas-os-companeiros-e-companeiras\\\/#primaryimage\",\"url\":\"https:\\\/\\\/www.anovapeneira.gal\\\/wp-content\\\/uploads\\\/2021\\\/07\\\/camarada_nocho_guarda.jpg\",\"contentUrl\":\"https:\\\/\\\/www.anovapeneira.gal\\\/wp-content\\\/uploads\\\/2021\\\/07\\\/camarada_nocho_guarda.jpg\",\"width\":720,\"height\":432,\"caption\":\"Camarada Nocho\"},{\"@type\":\"BreadcrumbList\",\"@id\":\"https:\\\/\\\/www.anovapeneira.gal\\\/index.php\\\/2021\\\/07\\\/21\\\/os-camaradas-os-companeiros-e-companeiras\\\/#breadcrumb\",\"itemListElement\":[{\"@type\":\"ListItem\",\"position\":1,\"name\":\"Portada\",\"item\":\"https:\\\/\\\/www.anovapeneira.gal\\\/\"},{\"@type\":\"ListItem\",\"position\":2,\"name\":\"Os camaradas, os compa\u00f1eiros e compa\u00f1eiras\"}]},{\"@type\":\"WebSite\",\"@id\":\"https:\\\/\\\/www.anovapeneira.gal\\\/#website\",\"url\":\"https:\\\/\\\/www.anovapeneira.gal\\\/\",\"name\":\"\",\"description\":\"Xornal galego de informaci\u00f3n xeral Publicaci\u00f3n mensual de novas de Galicia e en especial dos Concellos da sur da provincia de Pontevedra.\",\"publisher\":{\"@id\":\"https:\\\/\\\/www.anovapeneira.gal\\\/#organization\"},\"potentialAction\":[{\"@type\":\"SearchAction\",\"target\":{\"@type\":\"EntryPoint\",\"urlTemplate\":\"https:\\\/\\\/www.anovapeneira.gal\\\/?s={search_term_string}\"},\"query-input\":{\"@type\":\"PropertyValueSpecification\",\"valueRequired\":true,\"valueName\":\"search_term_string\"}}],\"inLanguage\":\"gl-ES\"},{\"@type\":\"Organization\",\"@id\":\"https:\\\/\\\/www.anovapeneira.gal\\\/#organization\",\"name\":\"A Nova Peneira\",\"url\":\"https:\\\/\\\/www.anovapeneira.gal\\\/\",\"logo\":{\"@type\":\"ImageObject\",\"inLanguage\":\"gl-ES\",\"@id\":\"https:\\\/\\\/www.anovapeneira.gal\\\/#\\\/schema\\\/logo\\\/image\\\/\",\"url\":\"http:\\\/\\\/www.anovapeneira.gal\\\/wp-content\\\/uploads\\\/2019\\\/06\\\/logo_a_nova_peneira_portal_web.png\",\"contentUrl\":\"http:\\\/\\\/www.anovapeneira.gal\\\/wp-content\\\/uploads\\\/2019\\\/06\\\/logo_a_nova_peneira_portal_web.png\",\"width\":300,\"height\":100,\"caption\":\"A Nova Peneira\"},\"image\":{\"@id\":\"https:\\\/\\\/www.anovapeneira.gal\\\/#\\\/schema\\\/logo\\\/image\\\/\"},\"sameAs\":[\"https:\\\/\\\/www.facebook.com\\\/anovapeneira\",\"https:\\\/\\\/x.com\\\/APeneira\"]},{\"@type\":\"Person\",\"@id\":\"https:\\\/\\\/www.anovapeneira.gal\\\/#\\\/schema\\\/person\\\/424dfe65e3070fd8a44d22d2c088762a\",\"name\":\"Tino Lago\",\"image\":{\"@type\":\"ImageObject\",\"inLanguage\":\"gl-ES\",\"@id\":\"https:\\\/\\\/secure.gravatar.com\\\/avatar\\\/b3df6a06e44bab3111583b90f0f33a0379ee5e3d22cbadd232d39f21c30c62be?s=96&d=mm&r=g\",\"url\":\"https:\\\/\\\/secure.gravatar.com\\\/avatar\\\/b3df6a06e44bab3111583b90f0f33a0379ee5e3d22cbadd232d39f21c30c62be?s=96&d=mm&r=g\",\"contentUrl\":\"https:\\\/\\\/secure.gravatar.com\\\/avatar\\\/b3df6a06e44bab3111583b90f0f33a0379ee5e3d22cbadd232d39f21c30c62be?s=96&d=mm&r=g\",\"caption\":\"Tino Lago\"},\"sameAs\":[\"http:\\\/\\\/www.anovapeneira.gal\"],\"url\":\"https:\\\/\\\/www.anovapeneira.gal\\\/index.php\\\/author\\\/director\\\/\"}]}<\/script>\n<!-- \/ Yoast SEO plugin. -->","yoast_head_json":{"title":"Os camaradas, os compa\u00f1eiros e compa\u00f1eiras -","description":"Nas persoas da mi\u00f1a xeraci\u00f3n, que vivimos a nosa adolescencia nos primeiros anos da d\u00e9cada dos 80 do pasado s\u00e9culo, hab\u00eda un nivel moi elevado de politizaci\u00f3n e non era estra\u00f1o que un estivese, sen pretendelo, metido no medio de debates de elevada complexidade te\u00f3rica pol\u00edtica con matices que agora ser\u00edan impensables","robots":{"index":"index","follow":"follow","max-snippet":"max-snippet:-1","max-image-preview":"max-image-preview:large","max-video-preview":"max-video-preview:-1"},"canonical":"https:\/\/www.anovapeneira.gal\/index.php\/2021\/07\/21\/os-camaradas-os-companeiros-e-companeiras\/","og_locale":"gl_ES","og_type":"article","og_title":"Os camaradas, os compa\u00f1eiros e compa\u00f1eiras -","og_description":"Nas persoas da mi\u00f1a xeraci\u00f3n, que vivimos a nosa adolescencia nos primeiros anos da d\u00e9cada dos 80 do pasado s\u00e9culo, hab\u00eda un nivel moi elevado de politizaci\u00f3n e non era estra\u00f1o que un estivese, sen pretendelo, metido no medio de debates de elevada complexidade te\u00f3rica pol\u00edtica con matices que agora ser\u00edan impensables","og_url":"https:\/\/www.anovapeneira.gal\/index.php\/2021\/07\/21\/os-camaradas-os-companeiros-e-companeiras\/","article_publisher":"https:\/\/www.facebook.com\/anovapeneira","article_published_time":"2021-07-21T08:00:46+00:00","article_modified_time":"2021-07-21T15:32:05+00:00","og_image":[{"width":720,"height":432,"url":"https:\/\/www.anovapeneira.gal\/wp-content\/uploads\/2021\/07\/camarada_nocho_guarda.jpg","type":"image\/jpeg"}],"author":"Tino Lago","twitter_card":"summary_large_image","twitter_image":"https:\/\/www.anovapeneira.gal\/wp-content\/uploads\/2021\/07\/camarada_nocho_guarda.jpg","twitter_creator":"@APeneira","twitter_site":"@APeneira","twitter_misc":{"Escrito por":"Tino Lago","Tempo de lectura":"3 minutos"},"schema":{"@context":"https:\/\/schema.org","@graph":[{"@type":"Article","@id":"https:\/\/www.anovapeneira.gal\/index.php\/2021\/07\/21\/os-camaradas-os-companeiros-e-companeiras\/#article","isPartOf":{"@id":"https:\/\/www.anovapeneira.gal\/index.php\/2021\/07\/21\/os-camaradas-os-companeiros-e-companeiras\/"},"author":{"name":"Tino Lago","@id":"https:\/\/www.anovapeneira.gal\/#\/schema\/person\/424dfe65e3070fd8a44d22d2c088762a"},"headline":"Os camaradas, os compa\u00f1eiros e compa\u00f1eiras","datePublished":"2021-07-21T08:00:46+00:00","dateModified":"2021-07-21T15:32:05+00:00","mainEntityOfPage":{"@id":"https:\/\/www.anovapeneira.gal\/index.php\/2021\/07\/21\/os-camaradas-os-companeiros-e-companeiras\/"},"wordCount":558,"commentCount":0,"publisher":{"@id":"https:\/\/www.anovapeneira.gal\/#organization"},"image":{"@id":"https:\/\/www.anovapeneira.gal\/index.php\/2021\/07\/21\/os-camaradas-os-companeiros-e-companeiras\/#primaryimage"},"thumbnailUrl":"https:\/\/www.anovapeneira.gal\/wp-content\/uploads\/2021\/07\/camarada_nocho_guarda.jpg","articleSection":["Artigo editorial"],"inLanguage":"gl-ES","potentialAction":[{"@type":"CommentAction","name":"Comment","target":["https:\/\/www.anovapeneira.gal\/index.php\/2021\/07\/21\/os-camaradas-os-companeiros-e-companeiras\/#respond"]}]},{"@type":"WebPage","@id":"https:\/\/www.anovapeneira.gal\/index.php\/2021\/07\/21\/os-camaradas-os-companeiros-e-companeiras\/","url":"https:\/\/www.anovapeneira.gal\/index.php\/2021\/07\/21\/os-camaradas-os-companeiros-e-companeiras\/","name":"Os camaradas, os compa\u00f1eiros e compa\u00f1eiras -","isPartOf":{"@id":"https:\/\/www.anovapeneira.gal\/#website"},"primaryImageOfPage":{"@id":"https:\/\/www.anovapeneira.gal\/index.php\/2021\/07\/21\/os-camaradas-os-companeiros-e-companeiras\/#primaryimage"},"image":{"@id":"https:\/\/www.anovapeneira.gal\/index.php\/2021\/07\/21\/os-camaradas-os-companeiros-e-companeiras\/#primaryimage"},"thumbnailUrl":"https:\/\/www.anovapeneira.gal\/wp-content\/uploads\/2021\/07\/camarada_nocho_guarda.jpg","datePublished":"2021-07-21T08:00:46+00:00","dateModified":"2021-07-21T15:32:05+00:00","description":"Nas persoas da mi\u00f1a xeraci\u00f3n, que vivimos a nosa adolescencia nos primeiros anos da d\u00e9cada dos 80 do pasado s\u00e9culo, hab\u00eda un nivel moi elevado de politizaci\u00f3n e non era estra\u00f1o que un estivese, sen pretendelo, metido no medio de debates de elevada complexidade te\u00f3rica pol\u00edtica con matices que agora ser\u00edan impensables","breadcrumb":{"@id":"https:\/\/www.anovapeneira.gal\/index.php\/2021\/07\/21\/os-camaradas-os-companeiros-e-companeiras\/#breadcrumb"},"inLanguage":"gl-ES","potentialAction":[{"@type":"ReadAction","target":["https:\/\/www.anovapeneira.gal\/index.php\/2021\/07\/21\/os-camaradas-os-companeiros-e-companeiras\/"]}]},{"@type":"ImageObject","inLanguage":"gl-ES","@id":"https:\/\/www.anovapeneira.gal\/index.php\/2021\/07\/21\/os-camaradas-os-companeiros-e-companeiras\/#primaryimage","url":"https:\/\/www.anovapeneira.gal\/wp-content\/uploads\/2021\/07\/camarada_nocho_guarda.jpg","contentUrl":"https:\/\/www.anovapeneira.gal\/wp-content\/uploads\/2021\/07\/camarada_nocho_guarda.jpg","width":720,"height":432,"caption":"Camarada Nocho"},{"@type":"BreadcrumbList","@id":"https:\/\/www.anovapeneira.gal\/index.php\/2021\/07\/21\/os-camaradas-os-companeiros-e-companeiras\/#breadcrumb","itemListElement":[{"@type":"ListItem","position":1,"name":"Portada","item":"https:\/\/www.anovapeneira.gal\/"},{"@type":"ListItem","position":2,"name":"Os camaradas, os compa\u00f1eiros e compa\u00f1eiras"}]},{"@type":"WebSite","@id":"https:\/\/www.anovapeneira.gal\/#website","url":"https:\/\/www.anovapeneira.gal\/","name":"","description":"Xornal galego de informaci\u00f3n xeral Publicaci\u00f3n mensual de novas de Galicia e en especial dos Concellos da sur da provincia de Pontevedra.","publisher":{"@id":"https:\/\/www.anovapeneira.gal\/#organization"},"potentialAction":[{"@type":"SearchAction","target":{"@type":"EntryPoint","urlTemplate":"https:\/\/www.anovapeneira.gal\/?s={search_term_string}"},"query-input":{"@type":"PropertyValueSpecification","valueRequired":true,"valueName":"search_term_string"}}],"inLanguage":"gl-ES"},{"@type":"Organization","@id":"https:\/\/www.anovapeneira.gal\/#organization","name":"A Nova Peneira","url":"https:\/\/www.anovapeneira.gal\/","logo":{"@type":"ImageObject","inLanguage":"gl-ES","@id":"https:\/\/www.anovapeneira.gal\/#\/schema\/logo\/image\/","url":"http:\/\/www.anovapeneira.gal\/wp-content\/uploads\/2019\/06\/logo_a_nova_peneira_portal_web.png","contentUrl":"http:\/\/www.anovapeneira.gal\/wp-content\/uploads\/2019\/06\/logo_a_nova_peneira_portal_web.png","width":300,"height":100,"caption":"A Nova Peneira"},"image":{"@id":"https:\/\/www.anovapeneira.gal\/#\/schema\/logo\/image\/"},"sameAs":["https:\/\/www.facebook.com\/anovapeneira","https:\/\/x.com\/APeneira"]},{"@type":"Person","@id":"https:\/\/www.anovapeneira.gal\/#\/schema\/person\/424dfe65e3070fd8a44d22d2c088762a","name":"Tino Lago","image":{"@type":"ImageObject","inLanguage":"gl-ES","@id":"https:\/\/secure.gravatar.com\/avatar\/b3df6a06e44bab3111583b90f0f33a0379ee5e3d22cbadd232d39f21c30c62be?s=96&d=mm&r=g","url":"https:\/\/secure.gravatar.com\/avatar\/b3df6a06e44bab3111583b90f0f33a0379ee5e3d22cbadd232d39f21c30c62be?s=96&d=mm&r=g","contentUrl":"https:\/\/secure.gravatar.com\/avatar\/b3df6a06e44bab3111583b90f0f33a0379ee5e3d22cbadd232d39f21c30c62be?s=96&d=mm&r=g","caption":"Tino Lago"},"sameAs":["http:\/\/www.anovapeneira.gal"],"url":"https:\/\/www.anovapeneira.gal\/index.php\/author\/director\/"}]}},"jetpack_featured_media_url":"https:\/\/www.anovapeneira.gal\/wp-content\/uploads\/2021\/07\/camarada_nocho_guarda.jpg","_links":{"self":[{"href":"https:\/\/www.anovapeneira.gal\/index.php\/wp-json\/wp\/v2\/posts\/5792","targetHints":{"allow":["GET"]}}],"collection":[{"href":"https:\/\/www.anovapeneira.gal\/index.php\/wp-json\/wp\/v2\/posts"}],"about":[{"href":"https:\/\/www.anovapeneira.gal\/index.php\/wp-json\/wp\/v2\/types\/post"}],"author":[{"embeddable":true,"href":"https:\/\/www.anovapeneira.gal\/index.php\/wp-json\/wp\/v2\/users\/2"}],"replies":[{"embeddable":true,"href":"https:\/\/www.anovapeneira.gal\/index.php\/wp-json\/wp\/v2\/comments?post=5792"}],"version-history":[{"count":6,"href":"https:\/\/www.anovapeneira.gal\/index.php\/wp-json\/wp\/v2\/posts\/5792\/revisions"}],"predecessor-version":[{"id":5857,"href":"https:\/\/www.anovapeneira.gal\/index.php\/wp-json\/wp\/v2\/posts\/5792\/revisions\/5857"}],"wp:featuredmedia":[{"embeddable":true,"href":"https:\/\/www.anovapeneira.gal\/index.php\/wp-json\/wp\/v2\/media\/5794"}],"wp:attachment":[{"href":"https:\/\/www.anovapeneira.gal\/index.php\/wp-json\/wp\/v2\/media?parent=5792"}],"wp:term":[{"taxonomy":"category","embeddable":true,"href":"https:\/\/www.anovapeneira.gal\/index.php\/wp-json\/wp\/v2\/categories?post=5792"},{"taxonomy":"post_tag","embeddable":true,"href":"https:\/\/www.anovapeneira.gal\/index.php\/wp-json\/wp\/v2\/tags?post=5792"}],"curies":[{"name":"wp","href":"https:\/\/api.w.org\/{rel}","templated":true}]}}