{"id":5796,"date":"2021-07-21T12:00:22","date_gmt":"2021-07-21T10:00:22","guid":{"rendered":"https:\/\/www.anovapeneira.gal\/?p=5796"},"modified":"2021-07-16T18:27:17","modified_gmt":"2021-07-16T16:27:17","slug":"25-de-xullo-na-encrucillada-economica","status":"publish","type":"post","link":"https:\/\/www.anovapeneira.gal\/index.php\/2021\/07\/21\/25-de-xullo-na-encrucillada-economica\/","title":{"rendered":"25 de Xullo na encrucillada econ\u00f3mica"},"content":{"rendered":"\n<p>Un ano despois das elecci\u00f3ns auton\u00f3micas e un ano despois dos primeiros confinamentos os sectores produtivos galegos contin\u00faan agardando que a Xunta de Galicia aprobe alg\u00fan plan con dotaci\u00f3n orzamentaria propia para facer fronte \u00e1 desfeita econ\u00f3mica.<\/p>\n\n\n\n<p>A realidade \u00e9 que a maior\u00eda das axudas administradas pola Xunta foron asignaci\u00f3ns nutridas con fondos do Goberno Central. E as \u00fanicas ocasi\u00f3ns en que o Goberno Auton\u00f3mico se dignou en aprobar un paquete de axudas, as cont\u00edas foron francamente inaceptables.<\/p>\n\n\n\n<p>Por po\u00f1er un exemplo, a Xunta de Feij\u00f3o anunciaba recentemente o chamado \u201cbono aut\u00f3nomo\u201d, unha li\u00f1a de axudas dotada con 5,5 mill\u00f3ns de euros. S\u00ed, unha li\u00f1a de 5,5 mill\u00f3ns de euros para as 290.254 traballadoras e traballadores por conta allea de Galicia, segundo os datos do Ministerio de Traballo a xu\u00f1o de 2021. Ou o que \u00e9 o mesmo, se todas elas recibiran unha axuda, tocar\u00eda a algo m\u00e1is de 26 euros por cabeza.<\/p>\n\n\n\n<p>Cifras de car\u00e1cter cosm\u00e9tico, s\u00f3 \u00fatiles para encher portadas, que chocan cos 472 mill\u00f3ns de euros que a Xunta reco\u00f1eceu deixou de ingresar neste 2021 pola baixada de impostos a moitos que s\u00ed poden pagalos. Pouca broma.<\/p>\n\n\n\n<p>Os fondos europeos tam\u00e9n est\u00e1n a funcionar como un velo cosm\u00e9tico, un titular apa\u00f1ado para aqueles d\u00edas nos que a Xunta non ten m\u00e1is que anunciar.<\/p>\n\n\n\n<p>Resulta que os fondos <em>Next Generation <\/em>son coma o man\u00e1, un riqu\u00edsimo alimento econ\u00f3mico que nos vai caer do ceo. Parecera que sen condici\u00f3n e sen l\u00edmite.<\/p>\n\n\n\n<p>A realidade \u00e9 que desde fai un ano a Xunta vai anunciando cifras sen ton nin son e mesmo chegou a facer referencia \u00e1 existencia de m\u00e1is de 354 proxectos. Proxectos dos que a d\u00eda de hoxe s\u00f3 co\u00f1ecemos os seus \u201ct\u00edtulos\u201d ,gracias ao medio de comunicaci\u00f3n <em>Praza.gal <\/em>porque a Xunta mant\u00e9n ocultos os presuntos textos de desenvolvemento dos mesmos.<\/p>\n\n\n\n<p>Recentemente, N\u00fa\u00f1ez Feij\u00f3o anunciaba unha candidatura de Stellantis para producir na PSA bater\u00edas el\u00e9ctricas, manexando un investimento de <em>\u201c3.000 ou 4.000 mill\u00f3ns\u201d <\/em>, seis d\u00edas despois o Vicepresidente Rueda reco\u00f1ec\u00eda non saber cantos fondos vir\u00edan para Galicia, ao tempo que reclamaba maior porcentaxe dos mesmos para o turismo.<\/p>\n\n\n\n<p>O pasado d\u00eda 13 o Parlamento de Galicia aprobaba o ditame da Comisi\u00f3n de Estudo para a Reactivaci\u00f3n Econ\u00f3mica con 400 propostas no papel. Propostas que en ning\u00fan caso debulla o ditame como se van levar a cabo e que deixan \u00e1s claras, unha vez m\u00e1is, a inutilidade deste tipo de comisi\u00f3ns parlamentarias.<\/p>\n\n\n\n<p>Sen embargo, o que si sabemos \u00e9 que mentres a Xunta nos ten entretidas e entretidos co baile de cifras e coa escenificaci\u00f3n parlamentaria, xa se ten encargado de asegurar que os poucos ou moitos fondos que recibamos en Galicia vaian a parar \u00e1s mans dos de sempre.<\/p>\n\n\n\n<p>A constituci\u00f3n dunha sociedade privada de xesti\u00f3n dos fondos p\u00fablicos as\u00ed o garante. Xunta, Abanca, Reganosa e Sogama marcar\u00e1n as pautas de onde se van a empregar boa parte dos fondos. Onde quedaron as PEMES? Onde fican as persoas aut\u00f3nomas? E os servizos p\u00fablicos?<\/p>\n\n\n\n<p>Lonxe de discursos solemnes e de cuesti\u00f3ns territoriais, este 25 de xullo m\u00e1is nos vale a galegas e galegos abandeirar o discurso de clase e mirar cara os nosos sectores produtivos, antes de que nesta encrucillada econ\u00f3mica os investimentos nos pasen de longo sen ter posto un p\u00e9 na r\u00faa para reclamalos.<\/p>\n","protected":false},"excerpt":{"rendered":"<div class=\"mh-excerpt\"><p>Un ano despois das elecci\u00f3ns auton\u00f3micas e un ano despois dos primeiros confinamentos os sectores produtivos galegos contin\u00faan agardando que a Xunta de Galicia aprobe alg\u00fan plan con dotaci\u00f3n orzamentaria propia para facer fronte \u00e1 desfeita econ\u00f3mica. <a class=\"mh-excerpt-more\" href=\"https:\/\/www.anovapeneira.gal\/index.php\/2021\/07\/21\/25-de-xullo-na-encrucillada-economica\/\" title=\"25 de Xullo na encrucillada econ\u00f3mica\">[&#8230;]<\/a><\/p>\n<\/div>","protected":false},"author":12,"featured_media":525,"comment_status":"open","ping_status":"open","sticky":false,"template":"","format":"standard","meta":{"_exactmetrics_skip_tracking":false,"_exactmetrics_sitenote_active":false,"_exactmetrics_sitenote_note":"","_exactmetrics_sitenote_category":0,"footnotes":""},"categories":[7],"tags":[],"class_list":{"0":"post-5796","1":"post","2":"type-post","3":"status-publish","4":"format-standard","5":"has-post-thumbnail","7":"category-artigos-de-opinion"},"yoast_head":"<!-- This site is optimized with the Yoast SEO plugin v27.5 - https:\/\/yoast.com\/product\/yoast-seo-wordpress\/ -->\n<title>25 de Xullo na encrucillada econ\u00f3mica -<\/title>\n<meta name=\"description\" content=\"Un ano despois das elecci\u00f3ns auton\u00f3micas e un ano despois dos primeiros confinamentos os sectores produtivos galegos contin\u00faan agardando que a Xunta de Galicia aprobe alg\u00fan plan con dotaci\u00f3n orzamentaria propia para facer fronte \u00e1 desfeita econ\u00f3mica.\" \/>\n<meta name=\"robots\" content=\"index, follow, max-snippet:-1, max-image-preview:large, max-video-preview:-1\" \/>\n<link rel=\"canonical\" href=\"https:\/\/www.anovapeneira.gal\/index.php\/2021\/07\/21\/25-de-xullo-na-encrucillada-economica\/\" \/>\n<meta property=\"og:locale\" content=\"gl_ES\" \/>\n<meta property=\"og:type\" content=\"article\" \/>\n<meta property=\"og:title\" content=\"25 de Xullo na encrucillada econ\u00f3mica -\" \/>\n<meta property=\"og:description\" content=\"Un ano despois das elecci\u00f3ns auton\u00f3micas e un ano despois dos primeiros confinamentos os sectores produtivos galegos contin\u00faan agardando que a Xunta de Galicia aprobe alg\u00fan plan con dotaci\u00f3n orzamentaria propia para facer fronte \u00e1 desfeita econ\u00f3mica.\" \/>\n<meta property=\"og:url\" content=\"https:\/\/www.anovapeneira.gal\/index.php\/2021\/07\/21\/25-de-xullo-na-encrucillada-economica\/\" \/>\n<meta property=\"article:publisher\" content=\"https:\/\/www.facebook.com\/anovapeneira\" \/>\n<meta property=\"article:published_time\" content=\"2021-07-21T10:00:22+00:00\" \/>\n<meta property=\"og:image\" content=\"https:\/\/www.anovapeneira.gal\/wp-content\/uploads\/2019\/07\/eva_solla_a_nova_peneira.jpg\" \/>\n\t<meta property=\"og:image:width\" content=\"720\" \/>\n\t<meta property=\"og:image:height\" content=\"473\" \/>\n\t<meta property=\"og:image:type\" content=\"image\/jpeg\" \/>\n<meta name=\"author\" content=\"Artigos Opini\u00f3n\" \/>\n<meta name=\"twitter:card\" content=\"summary_large_image\" \/>\n<meta name=\"twitter:creator\" content=\"@APeneira\" \/>\n<meta name=\"twitter:site\" content=\"@APeneira\" \/>\n<meta name=\"twitter:label1\" content=\"Escrito por\" \/>\n\t<meta name=\"twitter:data1\" content=\"Artigos Opini\u00f3n\" \/>\n\t<meta name=\"twitter:label2\" content=\"Tempo de lectura\" \/>\n\t<meta name=\"twitter:data2\" content=\"3 minutos\" \/>\n<script type=\"application\/ld+json\" class=\"yoast-schema-graph\">{\"@context\":\"https:\\\/\\\/schema.org\",\"@graph\":[{\"@type\":\"Article\",\"@id\":\"https:\\\/\\\/www.anovapeneira.gal\\\/index.php\\\/2021\\\/07\\\/21\\\/25-de-xullo-na-encrucillada-economica\\\/#article\",\"isPartOf\":{\"@id\":\"https:\\\/\\\/www.anovapeneira.gal\\\/index.php\\\/2021\\\/07\\\/21\\\/25-de-xullo-na-encrucillada-economica\\\/\"},\"author\":{\"name\":\"Artigos Opini\u00f3n\",\"@id\":\"https:\\\/\\\/www.anovapeneira.gal\\\/#\\\/schema\\\/person\\\/f18a4feb302e8f20bcef4490b5b60bb3\"},\"headline\":\"25 de Xullo na encrucillada econ\u00f3mica\",\"datePublished\":\"2021-07-21T10:00:22+00:00\",\"mainEntityOfPage\":{\"@id\":\"https:\\\/\\\/www.anovapeneira.gal\\\/index.php\\\/2021\\\/07\\\/21\\\/25-de-xullo-na-encrucillada-economica\\\/\"},\"wordCount\":603,\"commentCount\":0,\"publisher\":{\"@id\":\"https:\\\/\\\/www.anovapeneira.gal\\\/#organization\"},\"image\":{\"@id\":\"https:\\\/\\\/www.anovapeneira.gal\\\/index.php\\\/2021\\\/07\\\/21\\\/25-de-xullo-na-encrucillada-economica\\\/#primaryimage\"},\"thumbnailUrl\":\"https:\\\/\\\/www.anovapeneira.gal\\\/wp-content\\\/uploads\\\/2019\\\/07\\\/eva_solla_a_nova_peneira.jpg\",\"articleSection\":[\"Artigos de opini\u00f3n\"],\"inLanguage\":\"gl-ES\",\"potentialAction\":[{\"@type\":\"CommentAction\",\"name\":\"Comment\",\"target\":[\"https:\\\/\\\/www.anovapeneira.gal\\\/index.php\\\/2021\\\/07\\\/21\\\/25-de-xullo-na-encrucillada-economica\\\/#respond\"]}]},{\"@type\":\"WebPage\",\"@id\":\"https:\\\/\\\/www.anovapeneira.gal\\\/index.php\\\/2021\\\/07\\\/21\\\/25-de-xullo-na-encrucillada-economica\\\/\",\"url\":\"https:\\\/\\\/www.anovapeneira.gal\\\/index.php\\\/2021\\\/07\\\/21\\\/25-de-xullo-na-encrucillada-economica\\\/\",\"name\":\"25 de Xullo na encrucillada econ\u00f3mica -\",\"isPartOf\":{\"@id\":\"https:\\\/\\\/www.anovapeneira.gal\\\/#website\"},\"primaryImageOfPage\":{\"@id\":\"https:\\\/\\\/www.anovapeneira.gal\\\/index.php\\\/2021\\\/07\\\/21\\\/25-de-xullo-na-encrucillada-economica\\\/#primaryimage\"},\"image\":{\"@id\":\"https:\\\/\\\/www.anovapeneira.gal\\\/index.php\\\/2021\\\/07\\\/21\\\/25-de-xullo-na-encrucillada-economica\\\/#primaryimage\"},\"thumbnailUrl\":\"https:\\\/\\\/www.anovapeneira.gal\\\/wp-content\\\/uploads\\\/2019\\\/07\\\/eva_solla_a_nova_peneira.jpg\",\"datePublished\":\"2021-07-21T10:00:22+00:00\",\"description\":\"Un ano despois das elecci\u00f3ns auton\u00f3micas e un ano despois dos primeiros confinamentos os sectores produtivos galegos contin\u00faan agardando que a Xunta de Galicia aprobe alg\u00fan plan con dotaci\u00f3n orzamentaria propia para facer fronte \u00e1 desfeita econ\u00f3mica.\",\"breadcrumb\":{\"@id\":\"https:\\\/\\\/www.anovapeneira.gal\\\/index.php\\\/2021\\\/07\\\/21\\\/25-de-xullo-na-encrucillada-economica\\\/#breadcrumb\"},\"inLanguage\":\"gl-ES\",\"potentialAction\":[{\"@type\":\"ReadAction\",\"target\":[\"https:\\\/\\\/www.anovapeneira.gal\\\/index.php\\\/2021\\\/07\\\/21\\\/25-de-xullo-na-encrucillada-economica\\\/\"]}]},{\"@type\":\"ImageObject\",\"inLanguage\":\"gl-ES\",\"@id\":\"https:\\\/\\\/www.anovapeneira.gal\\\/index.php\\\/2021\\\/07\\\/21\\\/25-de-xullo-na-encrucillada-economica\\\/#primaryimage\",\"url\":\"https:\\\/\\\/www.anovapeneira.gal\\\/wp-content\\\/uploads\\\/2019\\\/07\\\/eva_solla_a_nova_peneira.jpg\",\"contentUrl\":\"https:\\\/\\\/www.anovapeneira.gal\\\/wp-content\\\/uploads\\\/2019\\\/07\\\/eva_solla_a_nova_peneira.jpg\",\"width\":720,\"height\":473,\"caption\":\"Eva Solla coordinadora nacional de Esquerda Unida. A Nova Peneira\"},{\"@type\":\"BreadcrumbList\",\"@id\":\"https:\\\/\\\/www.anovapeneira.gal\\\/index.php\\\/2021\\\/07\\\/21\\\/25-de-xullo-na-encrucillada-economica\\\/#breadcrumb\",\"itemListElement\":[{\"@type\":\"ListItem\",\"position\":1,\"name\":\"Portada\",\"item\":\"https:\\\/\\\/www.anovapeneira.gal\\\/\"},{\"@type\":\"ListItem\",\"position\":2,\"name\":\"25 de Xullo na encrucillada econ\u00f3mica\"}]},{\"@type\":\"WebSite\",\"@id\":\"https:\\\/\\\/www.anovapeneira.gal\\\/#website\",\"url\":\"https:\\\/\\\/www.anovapeneira.gal\\\/\",\"name\":\"\",\"description\":\"Xornal galego de informaci\u00f3n xeral Publicaci\u00f3n mensual de novas de Galicia e en especial dos Concellos da sur da provincia de Pontevedra.\",\"publisher\":{\"@id\":\"https:\\\/\\\/www.anovapeneira.gal\\\/#organization\"},\"potentialAction\":[{\"@type\":\"SearchAction\",\"target\":{\"@type\":\"EntryPoint\",\"urlTemplate\":\"https:\\\/\\\/www.anovapeneira.gal\\\/?s={search_term_string}\"},\"query-input\":{\"@type\":\"PropertyValueSpecification\",\"valueRequired\":true,\"valueName\":\"search_term_string\"}}],\"inLanguage\":\"gl-ES\"},{\"@type\":\"Organization\",\"@id\":\"https:\\\/\\\/www.anovapeneira.gal\\\/#organization\",\"name\":\"A Nova Peneira\",\"url\":\"https:\\\/\\\/www.anovapeneira.gal\\\/\",\"logo\":{\"@type\":\"ImageObject\",\"inLanguage\":\"gl-ES\",\"@id\":\"https:\\\/\\\/www.anovapeneira.gal\\\/#\\\/schema\\\/logo\\\/image\\\/\",\"url\":\"http:\\\/\\\/www.anovapeneira.gal\\\/wp-content\\\/uploads\\\/2019\\\/06\\\/logo_a_nova_peneira_portal_web.png\",\"contentUrl\":\"http:\\\/\\\/www.anovapeneira.gal\\\/wp-content\\\/uploads\\\/2019\\\/06\\\/logo_a_nova_peneira_portal_web.png\",\"width\":300,\"height\":100,\"caption\":\"A Nova Peneira\"},\"image\":{\"@id\":\"https:\\\/\\\/www.anovapeneira.gal\\\/#\\\/schema\\\/logo\\\/image\\\/\"},\"sameAs\":[\"https:\\\/\\\/www.facebook.com\\\/anovapeneira\",\"https:\\\/\\\/x.com\\\/APeneira\"]},{\"@type\":\"Person\",\"@id\":\"https:\\\/\\\/www.anovapeneira.gal\\\/#\\\/schema\\\/person\\\/f18a4feb302e8f20bcef4490b5b60bb3\",\"name\":\"Artigos Opini\u00f3n\",\"image\":{\"@type\":\"ImageObject\",\"inLanguage\":\"gl-ES\",\"@id\":\"https:\\\/\\\/secure.gravatar.com\\\/avatar\\\/072844300f4881150aee2da4278f7a65d16eefdf8262eb67085f1e702de2b959?s=96&d=mm&r=g\",\"url\":\"https:\\\/\\\/secure.gravatar.com\\\/avatar\\\/072844300f4881150aee2da4278f7a65d16eefdf8262eb67085f1e702de2b959?s=96&d=mm&r=g\",\"contentUrl\":\"https:\\\/\\\/secure.gravatar.com\\\/avatar\\\/072844300f4881150aee2da4278f7a65d16eefdf8262eb67085f1e702de2b959?s=96&d=mm&r=g\",\"caption\":\"Artigos Opini\u00f3n\"},\"sameAs\":[\"http:\\\/\\\/anovapeneira.gal\"],\"url\":\"https:\\\/\\\/www.anovapeneira.gal\\\/index.php\\\/author\\\/artigosopinion\\\/\"}]}<\/script>\n<!-- \/ Yoast SEO plugin. -->","yoast_head_json":{"title":"25 de Xullo na encrucillada econ\u00f3mica -","description":"Un ano despois das elecci\u00f3ns auton\u00f3micas e un ano despois dos primeiros confinamentos os sectores produtivos galegos contin\u00faan agardando que a Xunta de Galicia aprobe alg\u00fan plan con dotaci\u00f3n orzamentaria propia para facer fronte \u00e1 desfeita econ\u00f3mica.","robots":{"index":"index","follow":"follow","max-snippet":"max-snippet:-1","max-image-preview":"max-image-preview:large","max-video-preview":"max-video-preview:-1"},"canonical":"https:\/\/www.anovapeneira.gal\/index.php\/2021\/07\/21\/25-de-xullo-na-encrucillada-economica\/","og_locale":"gl_ES","og_type":"article","og_title":"25 de Xullo na encrucillada econ\u00f3mica -","og_description":"Un ano despois das elecci\u00f3ns auton\u00f3micas e un ano despois dos primeiros confinamentos os sectores produtivos galegos contin\u00faan agardando que a Xunta de Galicia aprobe alg\u00fan plan con dotaci\u00f3n orzamentaria propia para facer fronte \u00e1 desfeita econ\u00f3mica.","og_url":"https:\/\/www.anovapeneira.gal\/index.php\/2021\/07\/21\/25-de-xullo-na-encrucillada-economica\/","article_publisher":"https:\/\/www.facebook.com\/anovapeneira","article_published_time":"2021-07-21T10:00:22+00:00","og_image":[{"width":720,"height":473,"url":"https:\/\/www.anovapeneira.gal\/wp-content\/uploads\/2019\/07\/eva_solla_a_nova_peneira.jpg","type":"image\/jpeg"}],"author":"Artigos Opini\u00f3n","twitter_card":"summary_large_image","twitter_creator":"@APeneira","twitter_site":"@APeneira","twitter_misc":{"Escrito por":"Artigos Opini\u00f3n","Tempo de lectura":"3 minutos"},"schema":{"@context":"https:\/\/schema.org","@graph":[{"@type":"Article","@id":"https:\/\/www.anovapeneira.gal\/index.php\/2021\/07\/21\/25-de-xullo-na-encrucillada-economica\/#article","isPartOf":{"@id":"https:\/\/www.anovapeneira.gal\/index.php\/2021\/07\/21\/25-de-xullo-na-encrucillada-economica\/"},"author":{"name":"Artigos Opini\u00f3n","@id":"https:\/\/www.anovapeneira.gal\/#\/schema\/person\/f18a4feb302e8f20bcef4490b5b60bb3"},"headline":"25 de Xullo na encrucillada econ\u00f3mica","datePublished":"2021-07-21T10:00:22+00:00","mainEntityOfPage":{"@id":"https:\/\/www.anovapeneira.gal\/index.php\/2021\/07\/21\/25-de-xullo-na-encrucillada-economica\/"},"wordCount":603,"commentCount":0,"publisher":{"@id":"https:\/\/www.anovapeneira.gal\/#organization"},"image":{"@id":"https:\/\/www.anovapeneira.gal\/index.php\/2021\/07\/21\/25-de-xullo-na-encrucillada-economica\/#primaryimage"},"thumbnailUrl":"https:\/\/www.anovapeneira.gal\/wp-content\/uploads\/2019\/07\/eva_solla_a_nova_peneira.jpg","articleSection":["Artigos de opini\u00f3n"],"inLanguage":"gl-ES","potentialAction":[{"@type":"CommentAction","name":"Comment","target":["https:\/\/www.anovapeneira.gal\/index.php\/2021\/07\/21\/25-de-xullo-na-encrucillada-economica\/#respond"]}]},{"@type":"WebPage","@id":"https:\/\/www.anovapeneira.gal\/index.php\/2021\/07\/21\/25-de-xullo-na-encrucillada-economica\/","url":"https:\/\/www.anovapeneira.gal\/index.php\/2021\/07\/21\/25-de-xullo-na-encrucillada-economica\/","name":"25 de Xullo na encrucillada econ\u00f3mica -","isPartOf":{"@id":"https:\/\/www.anovapeneira.gal\/#website"},"primaryImageOfPage":{"@id":"https:\/\/www.anovapeneira.gal\/index.php\/2021\/07\/21\/25-de-xullo-na-encrucillada-economica\/#primaryimage"},"image":{"@id":"https:\/\/www.anovapeneira.gal\/index.php\/2021\/07\/21\/25-de-xullo-na-encrucillada-economica\/#primaryimage"},"thumbnailUrl":"https:\/\/www.anovapeneira.gal\/wp-content\/uploads\/2019\/07\/eva_solla_a_nova_peneira.jpg","datePublished":"2021-07-21T10:00:22+00:00","description":"Un ano despois das elecci\u00f3ns auton\u00f3micas e un ano despois dos primeiros confinamentos os sectores produtivos galegos contin\u00faan agardando que a Xunta de Galicia aprobe alg\u00fan plan con dotaci\u00f3n orzamentaria propia para facer fronte \u00e1 desfeita econ\u00f3mica.","breadcrumb":{"@id":"https:\/\/www.anovapeneira.gal\/index.php\/2021\/07\/21\/25-de-xullo-na-encrucillada-economica\/#breadcrumb"},"inLanguage":"gl-ES","potentialAction":[{"@type":"ReadAction","target":["https:\/\/www.anovapeneira.gal\/index.php\/2021\/07\/21\/25-de-xullo-na-encrucillada-economica\/"]}]},{"@type":"ImageObject","inLanguage":"gl-ES","@id":"https:\/\/www.anovapeneira.gal\/index.php\/2021\/07\/21\/25-de-xullo-na-encrucillada-economica\/#primaryimage","url":"https:\/\/www.anovapeneira.gal\/wp-content\/uploads\/2019\/07\/eva_solla_a_nova_peneira.jpg","contentUrl":"https:\/\/www.anovapeneira.gal\/wp-content\/uploads\/2019\/07\/eva_solla_a_nova_peneira.jpg","width":720,"height":473,"caption":"Eva Solla coordinadora nacional de Esquerda Unida. A Nova Peneira"},{"@type":"BreadcrumbList","@id":"https:\/\/www.anovapeneira.gal\/index.php\/2021\/07\/21\/25-de-xullo-na-encrucillada-economica\/#breadcrumb","itemListElement":[{"@type":"ListItem","position":1,"name":"Portada","item":"https:\/\/www.anovapeneira.gal\/"},{"@type":"ListItem","position":2,"name":"25 de Xullo na encrucillada econ\u00f3mica"}]},{"@type":"WebSite","@id":"https:\/\/www.anovapeneira.gal\/#website","url":"https:\/\/www.anovapeneira.gal\/","name":"","description":"Xornal galego de informaci\u00f3n xeral Publicaci\u00f3n mensual de novas de Galicia e en especial dos Concellos da sur da provincia de Pontevedra.","publisher":{"@id":"https:\/\/www.anovapeneira.gal\/#organization"},"potentialAction":[{"@type":"SearchAction","target":{"@type":"EntryPoint","urlTemplate":"https:\/\/www.anovapeneira.gal\/?s={search_term_string}"},"query-input":{"@type":"PropertyValueSpecification","valueRequired":true,"valueName":"search_term_string"}}],"inLanguage":"gl-ES"},{"@type":"Organization","@id":"https:\/\/www.anovapeneira.gal\/#organization","name":"A Nova Peneira","url":"https:\/\/www.anovapeneira.gal\/","logo":{"@type":"ImageObject","inLanguage":"gl-ES","@id":"https:\/\/www.anovapeneira.gal\/#\/schema\/logo\/image\/","url":"http:\/\/www.anovapeneira.gal\/wp-content\/uploads\/2019\/06\/logo_a_nova_peneira_portal_web.png","contentUrl":"http:\/\/www.anovapeneira.gal\/wp-content\/uploads\/2019\/06\/logo_a_nova_peneira_portal_web.png","width":300,"height":100,"caption":"A Nova Peneira"},"image":{"@id":"https:\/\/www.anovapeneira.gal\/#\/schema\/logo\/image\/"},"sameAs":["https:\/\/www.facebook.com\/anovapeneira","https:\/\/x.com\/APeneira"]},{"@type":"Person","@id":"https:\/\/www.anovapeneira.gal\/#\/schema\/person\/f18a4feb302e8f20bcef4490b5b60bb3","name":"Artigos Opini\u00f3n","image":{"@type":"ImageObject","inLanguage":"gl-ES","@id":"https:\/\/secure.gravatar.com\/avatar\/072844300f4881150aee2da4278f7a65d16eefdf8262eb67085f1e702de2b959?s=96&d=mm&r=g","url":"https:\/\/secure.gravatar.com\/avatar\/072844300f4881150aee2da4278f7a65d16eefdf8262eb67085f1e702de2b959?s=96&d=mm&r=g","contentUrl":"https:\/\/secure.gravatar.com\/avatar\/072844300f4881150aee2da4278f7a65d16eefdf8262eb67085f1e702de2b959?s=96&d=mm&r=g","caption":"Artigos Opini\u00f3n"},"sameAs":["http:\/\/anovapeneira.gal"],"url":"https:\/\/www.anovapeneira.gal\/index.php\/author\/artigosopinion\/"}]}},"jetpack_featured_media_url":"https:\/\/www.anovapeneira.gal\/wp-content\/uploads\/2019\/07\/eva_solla_a_nova_peneira.jpg","_links":{"self":[{"href":"https:\/\/www.anovapeneira.gal\/index.php\/wp-json\/wp\/v2\/posts\/5796","targetHints":{"allow":["GET"]}}],"collection":[{"href":"https:\/\/www.anovapeneira.gal\/index.php\/wp-json\/wp\/v2\/posts"}],"about":[{"href":"https:\/\/www.anovapeneira.gal\/index.php\/wp-json\/wp\/v2\/types\/post"}],"author":[{"embeddable":true,"href":"https:\/\/www.anovapeneira.gal\/index.php\/wp-json\/wp\/v2\/users\/12"}],"replies":[{"embeddable":true,"href":"https:\/\/www.anovapeneira.gal\/index.php\/wp-json\/wp\/v2\/comments?post=5796"}],"version-history":[{"count":1,"href":"https:\/\/www.anovapeneira.gal\/index.php\/wp-json\/wp\/v2\/posts\/5796\/revisions"}],"predecessor-version":[{"id":5797,"href":"https:\/\/www.anovapeneira.gal\/index.php\/wp-json\/wp\/v2\/posts\/5796\/revisions\/5797"}],"wp:featuredmedia":[{"embeddable":true,"href":"https:\/\/www.anovapeneira.gal\/index.php\/wp-json\/wp\/v2\/media\/525"}],"wp:attachment":[{"href":"https:\/\/www.anovapeneira.gal\/index.php\/wp-json\/wp\/v2\/media?parent=5796"}],"wp:term":[{"taxonomy":"category","embeddable":true,"href":"https:\/\/www.anovapeneira.gal\/index.php\/wp-json\/wp\/v2\/categories?post=5796"},{"taxonomy":"post_tag","embeddable":true,"href":"https:\/\/www.anovapeneira.gal\/index.php\/wp-json\/wp\/v2\/tags?post=5796"}],"curies":[{"name":"wp","href":"https:\/\/api.w.org\/{rel}","templated":true}]}}