{"id":5802,"date":"2021-07-22T12:00:47","date_gmt":"2021-07-22T10:00:47","guid":{"rendered":"https:\/\/www.anovapeneira.gal\/?p=5802"},"modified":"2021-07-16T18:54:11","modified_gmt":"2021-07-16T16:54:11","slug":"orgullo-e-confianza","status":"publish","type":"post","link":"https:\/\/www.anovapeneira.gal\/index.php\/2021\/07\/22\/orgullo-e-confianza\/","title":{"rendered":"Orgullo e confianza"},"content":{"rendered":"\n<p>Galiza celebra este 25 de Xullo a\u00ednda inmersa nunha pandemia que puxo as nosa vidas patas arriba e que provocou unha crise sen precedentes en tempos de paz.<\/p>\n\n\n\n<p>Por iso, este D\u00eda a Patria estar\u00e1 marcado por unha emoci\u00f3n especial, a que sup\u00f3n o reencontro tras un ano de restrici\u00f3ns e distancias no f\u00edsico e no afectivo; a emoci\u00f3n da lembranza das persoas queridas que nos deixaron pero que permanecer\u00e1n sempre na nosa memoria, o agradecemento aos homes e mulleres que deron o mellor de si para coidarnos, mesmo arriscando a s\u00faa seguridade para salvagardar a nosa sa\u00fade, desde a sanidade, as residencias e en tantos outros sectores cuxos profesionais resultaron imprescindibles para sacarnos a flote.<\/p>\n\n\n\n<p>Os reco\u00f1ecementos oficiais est\u00e1n ben e son oportunos, pero hai que ir m\u00e1is al\u00f3: reforzar a sanidade p\u00fablica, dese\u00f1ar un modelo de coidados que garanta unha vellez digna, acabar coa precariedade e cos baixos salarios de sectores que foron clave durante a pandemia, pero que est\u00e1n mal pagados e pouco valorados e son maioritariamente prestados por mulleres.<\/p>\n\n\n\n<p>\u00c9 tam\u00e9n un D\u00eda da Patria marcado pola emoci\u00f3n e o orgullo de saber que o pobo galego estivo \u00e1 altura das circunstancias, que demostrou a s\u00faa capacidade para sa\u00edr adiante incluso nos peores momentos, e facelo desde a solidariedade, desde a xenerosidade e dando un exemplo de responsabilidade.<\/p>\n\n\n\n<p>Galiza \u00e9 unha naci\u00f3n con capacidade, talento e riqueza pero precisamos que todo iso se po\u00f1a ao servizo do desenvolvemento do Pa\u00eds, para activar os seus sectores produtivos, xerar emprego de calidade e darlle futuro a xente moza, que hoxe soporta precariedade, paro ou emigraci\u00f3n.<\/p>\n\n\n\n<p>Somos unha naci\u00f3n de persoas solidarias cun comportamento exemplar cada vez que nos po\u00f1en a proba, unha Galiza diversa, aberta, acolledora, que non admite l\u00edmites \u00e1s liberdades, aos dereitos e ao respecto a todas as persoas.<\/p>\n\n\n\n<p>Somos tam\u00e9n unha naci\u00f3n rica en recursos, con enormes potencialidades ambientais e materiais, cunha cidadan\u00eda traballadora e formada que se esforza para sa\u00edr adiante e ter un futuro na s\u00faa terra. Pero temos que po\u00f1er todo ese potencial a favor da xente do Pa\u00eds, rompendo co centralismo que nos discrimina e que espolia os nosos recursos naturais.<\/p>\n\n\n\n<p>Un exemplo de libro \u00e9 o que pasa coa riqueza el\u00e9ctrica. Como \u00e9 posible que unha Galiza que produce electricidade a esgalla non te\u00f1a ning\u00fan beneficio? Ao contrario, pagamos un prezo desorbitado na factura da luz e miles de empregos est\u00e1n en risco polos prezo da enerx\u00eda.<\/p>\n\n\n\n<p>Desde o BNG defendemos unha tarifa el\u00e9ctrica galega para que as familias e as empresas paguen menos e se beneficien, porque at\u00e9 agora s\u00f3 asumimos os custes ambientais e sociais. Pero as forzas estatais vetan esta proposta do Bloque, pese a que non inventamos nada, de feito, pa\u00edses como Suecia, Dinamarca, Noruega, Gran Breta\u00f1a ou Alema\u00f1a te\u00f1en tarifas da luz diferentes e os territorios que producen pagan menos. Algo de sentido com\u00fan e de xustiza.<\/p>\n\n\n\n<p>Cando decide Madrid, Galiza perde, e queremos que este Pa\u00eds gane; hai que acabar coa discriminaci\u00f3n do Estado, na que se alternan uns e outros, e ganar capacidade para decidir n\u00f3s nos nosos asuntos e tomar decisi\u00f3ns ao noso favor.<\/p>\n\n\n\n<p>Nese cami\u00f1o estamos, co BNG como referencia de cada vez m\u00e1is galegos e galegas que ven en n\u00f3s a mellor ferramenta para constru\u00edr un futuro de oportunidades. Por iso, digo con orgullo, cada vez sumamos m\u00e1is apoio social, porque cada vez son m\u00e1is as persoas que ven esta forza pol\u00edtica a alternativa real ao Goberno do PP.<\/p>\n\n\n\n<p>Forzas estatais que se alternan na discriminaci\u00f3n a Galiza. Antes o PP, pero tam\u00e9n agora as forzas do que se autoproclama o goberno m\u00e1is progresista da historia pero que non cumpre os compromiso asinados con BNG no acordo de investidura, facendo esperar aos galegos e as galegas, como por exemplo coa rebaixa das peaxes da AP9.<\/p>\n\n\n\n<p>O BNG ten unha \u00fanica lealdade, a do pobo galego. E esa lealdade marca a nosa actuaci\u00f3n e traballo pol\u00edtico onte, hoxe e sempre. Defendemos os intereses da sociedade galega en todos os foros, contextos, situaci\u00f3ns. Somos unha organizaci\u00f3n seria, con palabra, respons\u00e1bel e coa man sempre tendida para traballar na defensa dos intereses deste Pa\u00eds, avanzar en dereitos e impulsar pol\u00edticas sociais.<\/p>\n\n\n\n<p>Quero aproveitar esta data do D\u00eda da Patria para facer un chamamento a constru\u00edr sumando co BNG, porque somos maior\u00eda as persoas que levamos Galiza na cabeza e no coraz\u00f3n e que, desde diferentes formas de vivir e sentir o Pa\u00eds, queremos un futuro mellor para todas e todos. Unha Galiza sen l\u00edmites.<\/p>\n\n\n\n<p><strong>Ana Pont\u00f3n.<\/strong><\/p>\n\n\n\n<p><strong>Portavoz nacional do BNG.<\/strong><\/p>\n","protected":false},"excerpt":{"rendered":"<div class=\"mh-excerpt\"><p>Galiza celebra este 25 de Xullo a\u00ednda inmersa nunha pandemia que puxo as nosa vidas patas arriba e que provocou unha crise sen precedentes en tempos de paz. <a class=\"mh-excerpt-more\" href=\"https:\/\/www.anovapeneira.gal\/index.php\/2021\/07\/22\/orgullo-e-confianza\/\" title=\"Orgullo e confianza\">[&#8230;]<\/a><\/p>\n<\/div>","protected":false},"author":12,"featured_media":4194,"comment_status":"open","ping_status":"open","sticky":false,"template":"","format":"standard","meta":{"_exactmetrics_skip_tracking":false,"_exactmetrics_sitenote_active":false,"_exactmetrics_sitenote_note":"","_exactmetrics_sitenote_category":0,"footnotes":""},"categories":[7],"tags":[],"class_list":{"0":"post-5802","1":"post","2":"type-post","3":"status-publish","4":"format-standard","5":"has-post-thumbnail","7":"category-artigos-de-opinion"},"yoast_head":"<!-- This site is optimized with the Yoast SEO plugin v27.4 - https:\/\/yoast.com\/product\/yoast-seo-wordpress\/ -->\n<title>Orgullo e confianza -<\/title>\n<meta name=\"description\" content=\"Galiza celebra este 25 de Xullo a\u00ednda inmersa nunha pandemia que puxo as nosa vidas patas arriba e que provocou unha crise sen precedentes en tempos de paz.\" \/>\n<meta name=\"robots\" content=\"index, follow, max-snippet:-1, max-image-preview:large, max-video-preview:-1\" \/>\n<link rel=\"canonical\" href=\"https:\/\/www.anovapeneira.gal\/index.php\/2021\/07\/22\/orgullo-e-confianza\/\" \/>\n<meta property=\"og:locale\" content=\"gl_ES\" \/>\n<meta property=\"og:type\" content=\"article\" \/>\n<meta property=\"og:title\" content=\"Orgullo e confianza -\" \/>\n<meta property=\"og:description\" content=\"Galiza celebra este 25 de Xullo a\u00ednda inmersa nunha pandemia que puxo as nosa vidas patas arriba e que provocou unha crise sen precedentes en tempos de paz.\" \/>\n<meta property=\"og:url\" content=\"https:\/\/www.anovapeneira.gal\/index.php\/2021\/07\/22\/orgullo-e-confianza\/\" \/>\n<meta property=\"article:publisher\" content=\"https:\/\/www.facebook.com\/anovapeneira\" \/>\n<meta property=\"article:published_time\" content=\"2021-07-22T10:00:47+00:00\" \/>\n<meta property=\"og:image\" content=\"https:\/\/www.anovapeneira.gal\/wp-content\/uploads\/2020\/11\/ana_ponton_2_onda_covid.jpg\" \/>\n\t<meta property=\"og:image:width\" content=\"720\" \/>\n\t<meta property=\"og:image:height\" content=\"432\" \/>\n\t<meta property=\"og:image:type\" content=\"image\/jpeg\" \/>\n<meta name=\"author\" content=\"Artigos Opini\u00f3n\" \/>\n<meta name=\"twitter:card\" content=\"summary_large_image\" \/>\n<meta name=\"twitter:creator\" content=\"@APeneira\" \/>\n<meta name=\"twitter:site\" content=\"@APeneira\" \/>\n<meta name=\"twitter:label1\" content=\"Escrito por\" \/>\n\t<meta name=\"twitter:data1\" content=\"Artigos Opini\u00f3n\" \/>\n\t<meta name=\"twitter:label2\" content=\"Tempo de lectura\" \/>\n\t<meta name=\"twitter:data2\" content=\"4 minutos\" \/>\n<script type=\"application\/ld+json\" class=\"yoast-schema-graph\">{\"@context\":\"https:\\\/\\\/schema.org\",\"@graph\":[{\"@type\":\"Article\",\"@id\":\"https:\\\/\\\/www.anovapeneira.gal\\\/index.php\\\/2021\\\/07\\\/22\\\/orgullo-e-confianza\\\/#article\",\"isPartOf\":{\"@id\":\"https:\\\/\\\/www.anovapeneira.gal\\\/index.php\\\/2021\\\/07\\\/22\\\/orgullo-e-confianza\\\/\"},\"author\":{\"name\":\"Artigos Opini\u00f3n\",\"@id\":\"https:\\\/\\\/www.anovapeneira.gal\\\/#\\\/schema\\\/person\\\/f18a4feb302e8f20bcef4490b5b60bb3\"},\"headline\":\"Orgullo e confianza\",\"datePublished\":\"2021-07-22T10:00:47+00:00\",\"mainEntityOfPage\":{\"@id\":\"https:\\\/\\\/www.anovapeneira.gal\\\/index.php\\\/2021\\\/07\\\/22\\\/orgullo-e-confianza\\\/\"},\"wordCount\":828,\"commentCount\":0,\"publisher\":{\"@id\":\"https:\\\/\\\/www.anovapeneira.gal\\\/#organization\"},\"image\":{\"@id\":\"https:\\\/\\\/www.anovapeneira.gal\\\/index.php\\\/2021\\\/07\\\/22\\\/orgullo-e-confianza\\\/#primaryimage\"},\"thumbnailUrl\":\"https:\\\/\\\/www.anovapeneira.gal\\\/wp-content\\\/uploads\\\/2020\\\/11\\\/ana_ponton_2_onda_covid.jpg\",\"articleSection\":[\"Artigos de opini\u00f3n\"],\"inLanguage\":\"gl-ES\",\"potentialAction\":[{\"@type\":\"CommentAction\",\"name\":\"Comment\",\"target\":[\"https:\\\/\\\/www.anovapeneira.gal\\\/index.php\\\/2021\\\/07\\\/22\\\/orgullo-e-confianza\\\/#respond\"]}]},{\"@type\":\"WebPage\",\"@id\":\"https:\\\/\\\/www.anovapeneira.gal\\\/index.php\\\/2021\\\/07\\\/22\\\/orgullo-e-confianza\\\/\",\"url\":\"https:\\\/\\\/www.anovapeneira.gal\\\/index.php\\\/2021\\\/07\\\/22\\\/orgullo-e-confianza\\\/\",\"name\":\"Orgullo e confianza -\",\"isPartOf\":{\"@id\":\"https:\\\/\\\/www.anovapeneira.gal\\\/#website\"},\"primaryImageOfPage\":{\"@id\":\"https:\\\/\\\/www.anovapeneira.gal\\\/index.php\\\/2021\\\/07\\\/22\\\/orgullo-e-confianza\\\/#primaryimage\"},\"image\":{\"@id\":\"https:\\\/\\\/www.anovapeneira.gal\\\/index.php\\\/2021\\\/07\\\/22\\\/orgullo-e-confianza\\\/#primaryimage\"},\"thumbnailUrl\":\"https:\\\/\\\/www.anovapeneira.gal\\\/wp-content\\\/uploads\\\/2020\\\/11\\\/ana_ponton_2_onda_covid.jpg\",\"datePublished\":\"2021-07-22T10:00:47+00:00\",\"description\":\"Galiza celebra este 25 de Xullo a\u00ednda inmersa nunha pandemia que puxo as nosa vidas patas arriba e que provocou unha crise sen precedentes en tempos de paz.\",\"breadcrumb\":{\"@id\":\"https:\\\/\\\/www.anovapeneira.gal\\\/index.php\\\/2021\\\/07\\\/22\\\/orgullo-e-confianza\\\/#breadcrumb\"},\"inLanguage\":\"gl-ES\",\"potentialAction\":[{\"@type\":\"ReadAction\",\"target\":[\"https:\\\/\\\/www.anovapeneira.gal\\\/index.php\\\/2021\\\/07\\\/22\\\/orgullo-e-confianza\\\/\"]}]},{\"@type\":\"ImageObject\",\"inLanguage\":\"gl-ES\",\"@id\":\"https:\\\/\\\/www.anovapeneira.gal\\\/index.php\\\/2021\\\/07\\\/22\\\/orgullo-e-confianza\\\/#primaryimage\",\"url\":\"https:\\\/\\\/www.anovapeneira.gal\\\/wp-content\\\/uploads\\\/2020\\\/11\\\/ana_ponton_2_onda_covid.jpg\",\"contentUrl\":\"https:\\\/\\\/www.anovapeneira.gal\\\/wp-content\\\/uploads\\\/2020\\\/11\\\/ana_ponton_2_onda_covid.jpg\",\"width\":720,\"height\":432,\"caption\":\"O BNG a favor de tomar medidas contundentes para frear a segunda onda da COVID e esixe \u00e1 Xunta que act\u00fae con decisi\u00f3n\"},{\"@type\":\"BreadcrumbList\",\"@id\":\"https:\\\/\\\/www.anovapeneira.gal\\\/index.php\\\/2021\\\/07\\\/22\\\/orgullo-e-confianza\\\/#breadcrumb\",\"itemListElement\":[{\"@type\":\"ListItem\",\"position\":1,\"name\":\"Portada\",\"item\":\"https:\\\/\\\/www.anovapeneira.gal\\\/\"},{\"@type\":\"ListItem\",\"position\":2,\"name\":\"Orgullo e confianza\"}]},{\"@type\":\"WebSite\",\"@id\":\"https:\\\/\\\/www.anovapeneira.gal\\\/#website\",\"url\":\"https:\\\/\\\/www.anovapeneira.gal\\\/\",\"name\":\"\",\"description\":\"Xornal galego de informaci\u00f3n xeral Publicaci\u00f3n mensual de novas de Galicia e en especial dos Concellos da sur da provincia de Pontevedra.\",\"publisher\":{\"@id\":\"https:\\\/\\\/www.anovapeneira.gal\\\/#organization\"},\"potentialAction\":[{\"@type\":\"SearchAction\",\"target\":{\"@type\":\"EntryPoint\",\"urlTemplate\":\"https:\\\/\\\/www.anovapeneira.gal\\\/?s={search_term_string}\"},\"query-input\":{\"@type\":\"PropertyValueSpecification\",\"valueRequired\":true,\"valueName\":\"search_term_string\"}}],\"inLanguage\":\"gl-ES\"},{\"@type\":\"Organization\",\"@id\":\"https:\\\/\\\/www.anovapeneira.gal\\\/#organization\",\"name\":\"A Nova Peneira\",\"url\":\"https:\\\/\\\/www.anovapeneira.gal\\\/\",\"logo\":{\"@type\":\"ImageObject\",\"inLanguage\":\"gl-ES\",\"@id\":\"https:\\\/\\\/www.anovapeneira.gal\\\/#\\\/schema\\\/logo\\\/image\\\/\",\"url\":\"http:\\\/\\\/www.anovapeneira.gal\\\/wp-content\\\/uploads\\\/2019\\\/06\\\/logo_a_nova_peneira_portal_web.png\",\"contentUrl\":\"http:\\\/\\\/www.anovapeneira.gal\\\/wp-content\\\/uploads\\\/2019\\\/06\\\/logo_a_nova_peneira_portal_web.png\",\"width\":300,\"height\":100,\"caption\":\"A Nova Peneira\"},\"image\":{\"@id\":\"https:\\\/\\\/www.anovapeneira.gal\\\/#\\\/schema\\\/logo\\\/image\\\/\"},\"sameAs\":[\"https:\\\/\\\/www.facebook.com\\\/anovapeneira\",\"https:\\\/\\\/x.com\\\/APeneira\"]},{\"@type\":\"Person\",\"@id\":\"https:\\\/\\\/www.anovapeneira.gal\\\/#\\\/schema\\\/person\\\/f18a4feb302e8f20bcef4490b5b60bb3\",\"name\":\"Artigos Opini\u00f3n\",\"image\":{\"@type\":\"ImageObject\",\"inLanguage\":\"gl-ES\",\"@id\":\"https:\\\/\\\/secure.gravatar.com\\\/avatar\\\/072844300f4881150aee2da4278f7a65d16eefdf8262eb67085f1e702de2b959?s=96&d=mm&r=g\",\"url\":\"https:\\\/\\\/secure.gravatar.com\\\/avatar\\\/072844300f4881150aee2da4278f7a65d16eefdf8262eb67085f1e702de2b959?s=96&d=mm&r=g\",\"contentUrl\":\"https:\\\/\\\/secure.gravatar.com\\\/avatar\\\/072844300f4881150aee2da4278f7a65d16eefdf8262eb67085f1e702de2b959?s=96&d=mm&r=g\",\"caption\":\"Artigos Opini\u00f3n\"},\"sameAs\":[\"http:\\\/\\\/anovapeneira.gal\"],\"url\":\"https:\\\/\\\/www.anovapeneira.gal\\\/index.php\\\/author\\\/artigosopinion\\\/\"}]}<\/script>\n<!-- \/ Yoast SEO plugin. -->","yoast_head_json":{"title":"Orgullo e confianza -","description":"Galiza celebra este 25 de Xullo a\u00ednda inmersa nunha pandemia que puxo as nosa vidas patas arriba e que provocou unha crise sen precedentes en tempos de paz.","robots":{"index":"index","follow":"follow","max-snippet":"max-snippet:-1","max-image-preview":"max-image-preview:large","max-video-preview":"max-video-preview:-1"},"canonical":"https:\/\/www.anovapeneira.gal\/index.php\/2021\/07\/22\/orgullo-e-confianza\/","og_locale":"gl_ES","og_type":"article","og_title":"Orgullo e confianza -","og_description":"Galiza celebra este 25 de Xullo a\u00ednda inmersa nunha pandemia que puxo as nosa vidas patas arriba e que provocou unha crise sen precedentes en tempos de paz.","og_url":"https:\/\/www.anovapeneira.gal\/index.php\/2021\/07\/22\/orgullo-e-confianza\/","article_publisher":"https:\/\/www.facebook.com\/anovapeneira","article_published_time":"2021-07-22T10:00:47+00:00","og_image":[{"width":720,"height":432,"url":"https:\/\/www.anovapeneira.gal\/wp-content\/uploads\/2020\/11\/ana_ponton_2_onda_covid.jpg","type":"image\/jpeg"}],"author":"Artigos Opini\u00f3n","twitter_card":"summary_large_image","twitter_creator":"@APeneira","twitter_site":"@APeneira","twitter_misc":{"Escrito por":"Artigos Opini\u00f3n","Tempo de lectura":"4 minutos"},"schema":{"@context":"https:\/\/schema.org","@graph":[{"@type":"Article","@id":"https:\/\/www.anovapeneira.gal\/index.php\/2021\/07\/22\/orgullo-e-confianza\/#article","isPartOf":{"@id":"https:\/\/www.anovapeneira.gal\/index.php\/2021\/07\/22\/orgullo-e-confianza\/"},"author":{"name":"Artigos Opini\u00f3n","@id":"https:\/\/www.anovapeneira.gal\/#\/schema\/person\/f18a4feb302e8f20bcef4490b5b60bb3"},"headline":"Orgullo e confianza","datePublished":"2021-07-22T10:00:47+00:00","mainEntityOfPage":{"@id":"https:\/\/www.anovapeneira.gal\/index.php\/2021\/07\/22\/orgullo-e-confianza\/"},"wordCount":828,"commentCount":0,"publisher":{"@id":"https:\/\/www.anovapeneira.gal\/#organization"},"image":{"@id":"https:\/\/www.anovapeneira.gal\/index.php\/2021\/07\/22\/orgullo-e-confianza\/#primaryimage"},"thumbnailUrl":"https:\/\/www.anovapeneira.gal\/wp-content\/uploads\/2020\/11\/ana_ponton_2_onda_covid.jpg","articleSection":["Artigos de opini\u00f3n"],"inLanguage":"gl-ES","potentialAction":[{"@type":"CommentAction","name":"Comment","target":["https:\/\/www.anovapeneira.gal\/index.php\/2021\/07\/22\/orgullo-e-confianza\/#respond"]}]},{"@type":"WebPage","@id":"https:\/\/www.anovapeneira.gal\/index.php\/2021\/07\/22\/orgullo-e-confianza\/","url":"https:\/\/www.anovapeneira.gal\/index.php\/2021\/07\/22\/orgullo-e-confianza\/","name":"Orgullo e confianza -","isPartOf":{"@id":"https:\/\/www.anovapeneira.gal\/#website"},"primaryImageOfPage":{"@id":"https:\/\/www.anovapeneira.gal\/index.php\/2021\/07\/22\/orgullo-e-confianza\/#primaryimage"},"image":{"@id":"https:\/\/www.anovapeneira.gal\/index.php\/2021\/07\/22\/orgullo-e-confianza\/#primaryimage"},"thumbnailUrl":"https:\/\/www.anovapeneira.gal\/wp-content\/uploads\/2020\/11\/ana_ponton_2_onda_covid.jpg","datePublished":"2021-07-22T10:00:47+00:00","description":"Galiza celebra este 25 de Xullo a\u00ednda inmersa nunha pandemia que puxo as nosa vidas patas arriba e que provocou unha crise sen precedentes en tempos de paz.","breadcrumb":{"@id":"https:\/\/www.anovapeneira.gal\/index.php\/2021\/07\/22\/orgullo-e-confianza\/#breadcrumb"},"inLanguage":"gl-ES","potentialAction":[{"@type":"ReadAction","target":["https:\/\/www.anovapeneira.gal\/index.php\/2021\/07\/22\/orgullo-e-confianza\/"]}]},{"@type":"ImageObject","inLanguage":"gl-ES","@id":"https:\/\/www.anovapeneira.gal\/index.php\/2021\/07\/22\/orgullo-e-confianza\/#primaryimage","url":"https:\/\/www.anovapeneira.gal\/wp-content\/uploads\/2020\/11\/ana_ponton_2_onda_covid.jpg","contentUrl":"https:\/\/www.anovapeneira.gal\/wp-content\/uploads\/2020\/11\/ana_ponton_2_onda_covid.jpg","width":720,"height":432,"caption":"O BNG a favor de tomar medidas contundentes para frear a segunda onda da COVID e esixe \u00e1 Xunta que act\u00fae con decisi\u00f3n"},{"@type":"BreadcrumbList","@id":"https:\/\/www.anovapeneira.gal\/index.php\/2021\/07\/22\/orgullo-e-confianza\/#breadcrumb","itemListElement":[{"@type":"ListItem","position":1,"name":"Portada","item":"https:\/\/www.anovapeneira.gal\/"},{"@type":"ListItem","position":2,"name":"Orgullo e confianza"}]},{"@type":"WebSite","@id":"https:\/\/www.anovapeneira.gal\/#website","url":"https:\/\/www.anovapeneira.gal\/","name":"","description":"Xornal galego de informaci\u00f3n xeral Publicaci\u00f3n mensual de novas de Galicia e en especial dos Concellos da sur da provincia de Pontevedra.","publisher":{"@id":"https:\/\/www.anovapeneira.gal\/#organization"},"potentialAction":[{"@type":"SearchAction","target":{"@type":"EntryPoint","urlTemplate":"https:\/\/www.anovapeneira.gal\/?s={search_term_string}"},"query-input":{"@type":"PropertyValueSpecification","valueRequired":true,"valueName":"search_term_string"}}],"inLanguage":"gl-ES"},{"@type":"Organization","@id":"https:\/\/www.anovapeneira.gal\/#organization","name":"A Nova Peneira","url":"https:\/\/www.anovapeneira.gal\/","logo":{"@type":"ImageObject","inLanguage":"gl-ES","@id":"https:\/\/www.anovapeneira.gal\/#\/schema\/logo\/image\/","url":"http:\/\/www.anovapeneira.gal\/wp-content\/uploads\/2019\/06\/logo_a_nova_peneira_portal_web.png","contentUrl":"http:\/\/www.anovapeneira.gal\/wp-content\/uploads\/2019\/06\/logo_a_nova_peneira_portal_web.png","width":300,"height":100,"caption":"A Nova Peneira"},"image":{"@id":"https:\/\/www.anovapeneira.gal\/#\/schema\/logo\/image\/"},"sameAs":["https:\/\/www.facebook.com\/anovapeneira","https:\/\/x.com\/APeneira"]},{"@type":"Person","@id":"https:\/\/www.anovapeneira.gal\/#\/schema\/person\/f18a4feb302e8f20bcef4490b5b60bb3","name":"Artigos Opini\u00f3n","image":{"@type":"ImageObject","inLanguage":"gl-ES","@id":"https:\/\/secure.gravatar.com\/avatar\/072844300f4881150aee2da4278f7a65d16eefdf8262eb67085f1e702de2b959?s=96&d=mm&r=g","url":"https:\/\/secure.gravatar.com\/avatar\/072844300f4881150aee2da4278f7a65d16eefdf8262eb67085f1e702de2b959?s=96&d=mm&r=g","contentUrl":"https:\/\/secure.gravatar.com\/avatar\/072844300f4881150aee2da4278f7a65d16eefdf8262eb67085f1e702de2b959?s=96&d=mm&r=g","caption":"Artigos Opini\u00f3n"},"sameAs":["http:\/\/anovapeneira.gal"],"url":"https:\/\/www.anovapeneira.gal\/index.php\/author\/artigosopinion\/"}]}},"jetpack_featured_media_url":"https:\/\/www.anovapeneira.gal\/wp-content\/uploads\/2020\/11\/ana_ponton_2_onda_covid.jpg","_links":{"self":[{"href":"https:\/\/www.anovapeneira.gal\/index.php\/wp-json\/wp\/v2\/posts\/5802","targetHints":{"allow":["GET"]}}],"collection":[{"href":"https:\/\/www.anovapeneira.gal\/index.php\/wp-json\/wp\/v2\/posts"}],"about":[{"href":"https:\/\/www.anovapeneira.gal\/index.php\/wp-json\/wp\/v2\/types\/post"}],"author":[{"embeddable":true,"href":"https:\/\/www.anovapeneira.gal\/index.php\/wp-json\/wp\/v2\/users\/12"}],"replies":[{"embeddable":true,"href":"https:\/\/www.anovapeneira.gal\/index.php\/wp-json\/wp\/v2\/comments?post=5802"}],"version-history":[{"count":1,"href":"https:\/\/www.anovapeneira.gal\/index.php\/wp-json\/wp\/v2\/posts\/5802\/revisions"}],"predecessor-version":[{"id":5803,"href":"https:\/\/www.anovapeneira.gal\/index.php\/wp-json\/wp\/v2\/posts\/5802\/revisions\/5803"}],"wp:featuredmedia":[{"embeddable":true,"href":"https:\/\/www.anovapeneira.gal\/index.php\/wp-json\/wp\/v2\/media\/4194"}],"wp:attachment":[{"href":"https:\/\/www.anovapeneira.gal\/index.php\/wp-json\/wp\/v2\/media?parent=5802"}],"wp:term":[{"taxonomy":"category","embeddable":true,"href":"https:\/\/www.anovapeneira.gal\/index.php\/wp-json\/wp\/v2\/categories?post=5802"},{"taxonomy":"post_tag","embeddable":true,"href":"https:\/\/www.anovapeneira.gal\/index.php\/wp-json\/wp\/v2\/tags?post=5802"}],"curies":[{"name":"wp","href":"https:\/\/api.w.org\/{rel}","templated":true}]}}