{"id":5813,"date":"2021-07-23T12:00:04","date_gmt":"2021-07-23T10:00:04","guid":{"rendered":"https:\/\/www.anovapeneira.gal\/?p=5813"},"modified":"2021-07-19T16:26:22","modified_gmt":"2021-07-19T14:26:22","slug":"tecendo-as-redes-da-republica","status":"publish","type":"post","link":"https:\/\/www.anovapeneira.gal\/index.php\/2021\/07\/23\/tecendo-as-redes-da-republica\/","title":{"rendered":"Tecendo as redes da Rep\u00fablica"},"content":{"rendered":"\n<pre class=\"wp-block-verse\">Ant\u00f3n S\u00e1nchez. Portavoz nacional de Anova<\/pre>\n\n\n\n<p>Un dos berros que m\u00e1is repetimos o 25 de xullo entre os que ese d\u00eda reivindicamos Galiza como naci\u00f3n ,\u00e9 o de \u201cGaliza ceive, poder popular\u201d porque o obxetivo final da liberacion nacional para a esquerda soberanista \u00e9 que todo o poder pase a residir no pobo.<\/p>\n\n\n\n<p>Un pobo que precisa ese poder para decidir realmente sobre toda e cada unha das cousas que infl\u00faen na s\u00faa vida,\u00e9 dicir ,un pobo para o que \u00e9 imprescindible unha democracia real.<\/p>\n\n\n\n<p>Estamos inmersos na quinta ola dunha pandemia que demostrou unha vez m\u00e1is o valor do p\u00fablico e do com\u00fan para a clase traballadora, cando ve\u00f1en mal dadas, pero da que, parad\u00f3xicamente, podemos sair m\u00e1is desiguais, cun sistema p\u00fablico debilitado e con sectores estrat\u00e9xicos de futuro entregados \u00e1s grandes corporaci\u00f3ns.<\/p>\n\n\n\n<p>Si na crise de 2008 rescatouse con miles de mill\u00f3ns de di\u00f1eiro publico o sistema bancario, desta vez, semella que o cami\u00f1o \u00e9 inxectalos \u00e1s grandes corporaci\u00f3ns a trav\u00e9s dos Fondos Europeos Next Generation, deixando nun segundo plano as necesidades prioritarias da xente do com\u00fan. As\u00ed o que foi decisivo para a xente no pior da pandemia queda supeditado ao gran negocio privado;reforzar a sanidade p\u00fablica, os servizos sociais, especialmente un modelo de atenci\u00f3n \u00e1 dependencia p\u00fablico e de calidade, unha transici\u00f3n enerx\u00e9tica democr\u00e1tica e que atenda realmente aos l\u00edmite do planeta, ou unhas pol\u00edticas de vivenda que garantan un teito a todas e todos.<\/p>\n\n\n\n<p>Ante unhas instituci\u00f3ns que se moven dentro duns l\u00edmites que marcan poderes que non se presentan \u00e1s elecci\u00f3ns, e un R\u00e9xime borb\u00f3nico en inestabilidade constante no que emerxe unha ultradereita con apoios nas m\u00e1is altas instancias xudiciais e medi\u00e1ticas, a organizaci\u00f3n popular \u00e9 fundamental para afrontar con \u00e9xito as loitas necesarias para revertir a desigualdade crecente, a explotaci\u00f3n e a precariedade e para conquerir que non se retroceda gravemente en dereitos.<\/p>\n\n\n\n<p>Con este enfoque, en Anova afrontamos este 25 de xullo co lema \u201cTecendo as redes da Rep\u00fablica\u201d po\u00f1endo en valor as m\u00faltiples loitas que a sociedade civil est\u00e1 a manter en cuesti\u00f3ns fundamentais como a defensa do territorio ante a econom\u00eda extractivistra e depredadora \u00e1 que nos pretende entregar a Xunta de Galicia do PP, a reivindicaci\u00f3n dun servizo de atenci\u00f3n ao fogar dos dependentes p\u00fablico de calidade e sin explotaci\u00f3n laboral, o dereito de calqueir persoa a unha vivenda digna fronte ao af\u00e1n especulativo apoiado nas decisi\u00f3ns dos gobernos, ou a pelexa polo emprego digno.<\/p>\n\n\n\n<p>Ese tecer redes entre as diferentes loitas \u00e9 o que nos dar\u00e1 a forza para doblar o pulso aos que queren unha sa\u00edda inxusta \u00e1 crise.Ou \u00e1 inversa, non haber\u00e1 transformaci\u00f3ns profundas si detr\u00e1s non hai mobilizaci\u00f3ns cidad\u00e1ns potentes.<\/p>\n\n\n\n<p>E falamos de Rep\u00fablica, non s\u00f3 porque anhelamos outra forma institucional de goberno, sen\u00f3n pola defensa inquebrantable dos valores republicanos, xa que aspiramos \u00e1 igualdade real entre as persoas, nunha sociedade na que esa igualdade non sexa s\u00f3 palabras e se traduza nunha realidade material que a posibilite.<\/p>\n\n\n\n<p>A desigualdade crecente non \u00e9 un feito natural como nos queren facer ver.\u00c9 o resultado da suma de decisi\u00f3ns pol\u00edticas e econ\u00f3micas tomadas en instituci\u00f3ns que deberan velar polo interese xeral pero fan o contrario.As pol\u00edticas de vivenda sostidas no tempo, cos rescates a bancos, os privilexios fiscais aos fondos voitre, a ausencia dun parque p\u00fablico de vivenda con alugueiro social, a pol\u00edtica enerx\u00e9tica onde se pon en mans dun oligopolio un sector estart\u00e9xico e se impo\u00f1en uns prezos que conducen \u00e1 pobreza enerx\u00e9tica de moita xente, ou as reformas laborais son pedras que constr\u00faen o valado da desigualdade, que e cada vez maior.<\/p>\n\n\n\n<p>Defender valores republicanos trad\u00facese no dereito da cidadan\u00eda a controlar o sistema enerx\u00e9tico para que sirva \u00e1 xente e ao obxetivo de coidar do planeta, no dereito real \u00e1 vivenda a trav\u00e9s da creaci\u00f3n dun parque p\u00fablico de alugueiro social, da fiscalidade sobre os grandes posuidores de vivenda ou o control dos prezos, no dereito a un emprego cun salario digno e suficiente para vivir, unha pol\u00edtica fiscal xusta e progresiva ou pensi\u00f3ns dignas para todas.<\/p>\n\n\n\n<p>Loitas, todas ellas, que se dan nas r\u00faas galegas e que compre afortalar pol\u00edticamente, porque estamos a xogarnos sobre qu\u00e9 bases se constr\u00fae o futuro fronte aos que ocupan as instituci\u00f3ns para traballar para a \u00e9lite econ\u00f3mica.<\/p>\n\n\n\n<p>Compre pois, este 25 de xullo, e no futuro, tecer rede, construir poder popular.<\/p>\n","protected":false},"excerpt":{"rendered":"<div class=\"mh-excerpt\"><p>Un dos berros que m\u00e1is repetimos o 25 de xullo entre os que ese d\u00eda reivindicamos Galiza como naci\u00f3n ,\u00e9 o de \u201cGaliza ceive, poder popular\u201d porque o obxetivo final da liberacion nacional para a esquerda soberanista \u00e9 que todo o poder pase a residir no pobo. <a class=\"mh-excerpt-more\" href=\"https:\/\/www.anovapeneira.gal\/index.php\/2021\/07\/23\/tecendo-as-redes-da-republica\/\" title=\"Tecendo as redes da Rep\u00fablica\">[&#8230;]<\/a><\/p>\n<\/div>","protected":false},"author":12,"featured_media":3435,"comment_status":"open","ping_status":"open","sticky":false,"template":"","format":"standard","meta":{"_exactmetrics_skip_tracking":false,"_exactmetrics_sitenote_active":false,"_exactmetrics_sitenote_note":"","_exactmetrics_sitenote_category":0,"footnotes":""},"categories":[7],"tags":[1129,1204],"class_list":{"0":"post-5813","1":"post","2":"type-post","3":"status-publish","4":"format-standard","5":"has-post-thumbnail","7":"category-artigos-de-opinion","8":"tag-anton-sanchez","9":"tag-portavoz-nacional-de-anova"},"yoast_head":"<!-- This site is optimized with the Yoast SEO plugin v27.4 - https:\/\/yoast.com\/product\/yoast-seo-wordpress\/ -->\n<title>Tecendo as redes da Rep\u00fablica -<\/title>\n<meta name=\"description\" content=\"Un dos berros que m\u00e1is repetimos o 25 de xullo entre os que ese d\u00eda reivindicamos Galiza como naci\u00f3n ,\u00e9 o de \u201cGaliza ceive, poder popular\u201d porque o obxetivo final da liberacion nacional para a esquerda soberanista \u00e9 que todo o poder pase a residir no pobo.\" \/>\n<meta name=\"robots\" content=\"index, follow, max-snippet:-1, max-image-preview:large, max-video-preview:-1\" \/>\n<link rel=\"canonical\" href=\"https:\/\/www.anovapeneira.gal\/index.php\/2021\/07\/23\/tecendo-as-redes-da-republica\/\" \/>\n<meta property=\"og:locale\" content=\"gl_ES\" \/>\n<meta property=\"og:type\" content=\"article\" \/>\n<meta property=\"og:title\" content=\"Tecendo as redes da Rep\u00fablica -\" \/>\n<meta property=\"og:description\" content=\"Un dos berros que m\u00e1is repetimos o 25 de xullo entre os que ese d\u00eda reivindicamos Galiza como naci\u00f3n ,\u00e9 o de \u201cGaliza ceive, poder popular\u201d porque o obxetivo final da liberacion nacional para a esquerda soberanista \u00e9 que todo o poder pase a residir no pobo.\" \/>\n<meta property=\"og:url\" content=\"https:\/\/www.anovapeneira.gal\/index.php\/2021\/07\/23\/tecendo-as-redes-da-republica\/\" \/>\n<meta property=\"article:publisher\" content=\"https:\/\/www.facebook.com\/anovapeneira\" \/>\n<meta property=\"article:published_time\" content=\"2021-07-23T10:00:04+00:00\" \/>\n<meta property=\"og:image\" content=\"https:\/\/www.anovapeneira.gal\/wp-content\/uploads\/2020\/06\/galicia_en_comun_a_nova_peneira.jpg\" \/>\n\t<meta property=\"og:image:width\" content=\"720\" \/>\n\t<meta property=\"og:image:height\" content=\"432\" \/>\n\t<meta property=\"og:image:type\" content=\"image\/jpeg\" \/>\n<meta name=\"author\" content=\"Artigos Opini\u00f3n\" \/>\n<meta name=\"twitter:card\" content=\"summary_large_image\" \/>\n<meta name=\"twitter:creator\" content=\"@APeneira\" \/>\n<meta name=\"twitter:site\" content=\"@APeneira\" \/>\n<meta name=\"twitter:label1\" content=\"Escrito por\" \/>\n\t<meta name=\"twitter:data1\" content=\"Artigos Opini\u00f3n\" \/>\n\t<meta name=\"twitter:label2\" content=\"Tempo de lectura\" \/>\n\t<meta name=\"twitter:data2\" content=\"4 minutos\" \/>\n<script type=\"application\/ld+json\" class=\"yoast-schema-graph\">{\"@context\":\"https:\\\/\\\/schema.org\",\"@graph\":[{\"@type\":\"Article\",\"@id\":\"https:\\\/\\\/www.anovapeneira.gal\\\/index.php\\\/2021\\\/07\\\/23\\\/tecendo-as-redes-da-republica\\\/#article\",\"isPartOf\":{\"@id\":\"https:\\\/\\\/www.anovapeneira.gal\\\/index.php\\\/2021\\\/07\\\/23\\\/tecendo-as-redes-da-republica\\\/\"},\"author\":{\"name\":\"Artigos Opini\u00f3n\",\"@id\":\"https:\\\/\\\/www.anovapeneira.gal\\\/#\\\/schema\\\/person\\\/f18a4feb302e8f20bcef4490b5b60bb3\"},\"headline\":\"Tecendo as redes da Rep\u00fablica\",\"datePublished\":\"2021-07-23T10:00:04+00:00\",\"mainEntityOfPage\":{\"@id\":\"https:\\\/\\\/www.anovapeneira.gal\\\/index.php\\\/2021\\\/07\\\/23\\\/tecendo-as-redes-da-republica\\\/\"},\"wordCount\":788,\"commentCount\":0,\"publisher\":{\"@id\":\"https:\\\/\\\/www.anovapeneira.gal\\\/#organization\"},\"image\":{\"@id\":\"https:\\\/\\\/www.anovapeneira.gal\\\/index.php\\\/2021\\\/07\\\/23\\\/tecendo-as-redes-da-republica\\\/#primaryimage\"},\"thumbnailUrl\":\"https:\\\/\\\/www.anovapeneira.gal\\\/wp-content\\\/uploads\\\/2020\\\/06\\\/galicia_en_comun_a_nova_peneira.jpg\",\"keywords\":[\"Ant\u00f3n S\u00e1nchez\",\"portavoz nacional de Anova\"],\"articleSection\":[\"Artigos de opini\u00f3n\"],\"inLanguage\":\"gl-ES\",\"potentialAction\":[{\"@type\":\"CommentAction\",\"name\":\"Comment\",\"target\":[\"https:\\\/\\\/www.anovapeneira.gal\\\/index.php\\\/2021\\\/07\\\/23\\\/tecendo-as-redes-da-republica\\\/#respond\"]}]},{\"@type\":\"WebPage\",\"@id\":\"https:\\\/\\\/www.anovapeneira.gal\\\/index.php\\\/2021\\\/07\\\/23\\\/tecendo-as-redes-da-republica\\\/\",\"url\":\"https:\\\/\\\/www.anovapeneira.gal\\\/index.php\\\/2021\\\/07\\\/23\\\/tecendo-as-redes-da-republica\\\/\",\"name\":\"Tecendo as redes da Rep\u00fablica -\",\"isPartOf\":{\"@id\":\"https:\\\/\\\/www.anovapeneira.gal\\\/#website\"},\"primaryImageOfPage\":{\"@id\":\"https:\\\/\\\/www.anovapeneira.gal\\\/index.php\\\/2021\\\/07\\\/23\\\/tecendo-as-redes-da-republica\\\/#primaryimage\"},\"image\":{\"@id\":\"https:\\\/\\\/www.anovapeneira.gal\\\/index.php\\\/2021\\\/07\\\/23\\\/tecendo-as-redes-da-republica\\\/#primaryimage\"},\"thumbnailUrl\":\"https:\\\/\\\/www.anovapeneira.gal\\\/wp-content\\\/uploads\\\/2020\\\/06\\\/galicia_en_comun_a_nova_peneira.jpg\",\"datePublished\":\"2021-07-23T10:00:04+00:00\",\"description\":\"Un dos berros que m\u00e1is repetimos o 25 de xullo entre os que ese d\u00eda reivindicamos Galiza como naci\u00f3n ,\u00e9 o de \u201cGaliza ceive, poder popular\u201d porque o obxetivo final da liberacion nacional para a esquerda soberanista \u00e9 que todo o poder pase a residir no pobo.\",\"breadcrumb\":{\"@id\":\"https:\\\/\\\/www.anovapeneira.gal\\\/index.php\\\/2021\\\/07\\\/23\\\/tecendo-as-redes-da-republica\\\/#breadcrumb\"},\"inLanguage\":\"gl-ES\",\"potentialAction\":[{\"@type\":\"ReadAction\",\"target\":[\"https:\\\/\\\/www.anovapeneira.gal\\\/index.php\\\/2021\\\/07\\\/23\\\/tecendo-as-redes-da-republica\\\/\"]}]},{\"@type\":\"ImageObject\",\"inLanguage\":\"gl-ES\",\"@id\":\"https:\\\/\\\/www.anovapeneira.gal\\\/index.php\\\/2021\\\/07\\\/23\\\/tecendo-as-redes-da-republica\\\/#primaryimage\",\"url\":\"https:\\\/\\\/www.anovapeneira.gal\\\/wp-content\\\/uploads\\\/2020\\\/06\\\/galicia_en_comun_a_nova_peneira.jpg\",\"contentUrl\":\"https:\\\/\\\/www.anovapeneira.gal\\\/wp-content\\\/uploads\\\/2020\\\/06\\\/galicia_en_comun_a_nova_peneira.jpg\",\"width\":720,\"height\":432,\"caption\":\"Ant\u00f3n S\u00e1nchez, nunha intervenci\u00f3n no Parlamento\"},{\"@type\":\"BreadcrumbList\",\"@id\":\"https:\\\/\\\/www.anovapeneira.gal\\\/index.php\\\/2021\\\/07\\\/23\\\/tecendo-as-redes-da-republica\\\/#breadcrumb\",\"itemListElement\":[{\"@type\":\"ListItem\",\"position\":1,\"name\":\"Portada\",\"item\":\"https:\\\/\\\/www.anovapeneira.gal\\\/\"},{\"@type\":\"ListItem\",\"position\":2,\"name\":\"Tecendo as redes da Rep\u00fablica\"}]},{\"@type\":\"WebSite\",\"@id\":\"https:\\\/\\\/www.anovapeneira.gal\\\/#website\",\"url\":\"https:\\\/\\\/www.anovapeneira.gal\\\/\",\"name\":\"\",\"description\":\"Xornal galego de informaci\u00f3n xeral Publicaci\u00f3n mensual de novas de Galicia e en especial dos Concellos da sur da provincia de Pontevedra.\",\"publisher\":{\"@id\":\"https:\\\/\\\/www.anovapeneira.gal\\\/#organization\"},\"potentialAction\":[{\"@type\":\"SearchAction\",\"target\":{\"@type\":\"EntryPoint\",\"urlTemplate\":\"https:\\\/\\\/www.anovapeneira.gal\\\/?s={search_term_string}\"},\"query-input\":{\"@type\":\"PropertyValueSpecification\",\"valueRequired\":true,\"valueName\":\"search_term_string\"}}],\"inLanguage\":\"gl-ES\"},{\"@type\":\"Organization\",\"@id\":\"https:\\\/\\\/www.anovapeneira.gal\\\/#organization\",\"name\":\"A Nova Peneira\",\"url\":\"https:\\\/\\\/www.anovapeneira.gal\\\/\",\"logo\":{\"@type\":\"ImageObject\",\"inLanguage\":\"gl-ES\",\"@id\":\"https:\\\/\\\/www.anovapeneira.gal\\\/#\\\/schema\\\/logo\\\/image\\\/\",\"url\":\"http:\\\/\\\/www.anovapeneira.gal\\\/wp-content\\\/uploads\\\/2019\\\/06\\\/logo_a_nova_peneira_portal_web.png\",\"contentUrl\":\"http:\\\/\\\/www.anovapeneira.gal\\\/wp-content\\\/uploads\\\/2019\\\/06\\\/logo_a_nova_peneira_portal_web.png\",\"width\":300,\"height\":100,\"caption\":\"A Nova Peneira\"},\"image\":{\"@id\":\"https:\\\/\\\/www.anovapeneira.gal\\\/#\\\/schema\\\/logo\\\/image\\\/\"},\"sameAs\":[\"https:\\\/\\\/www.facebook.com\\\/anovapeneira\",\"https:\\\/\\\/x.com\\\/APeneira\"]},{\"@type\":\"Person\",\"@id\":\"https:\\\/\\\/www.anovapeneira.gal\\\/#\\\/schema\\\/person\\\/f18a4feb302e8f20bcef4490b5b60bb3\",\"name\":\"Artigos Opini\u00f3n\",\"image\":{\"@type\":\"ImageObject\",\"inLanguage\":\"gl-ES\",\"@id\":\"https:\\\/\\\/secure.gravatar.com\\\/avatar\\\/072844300f4881150aee2da4278f7a65d16eefdf8262eb67085f1e702de2b959?s=96&d=mm&r=g\",\"url\":\"https:\\\/\\\/secure.gravatar.com\\\/avatar\\\/072844300f4881150aee2da4278f7a65d16eefdf8262eb67085f1e702de2b959?s=96&d=mm&r=g\",\"contentUrl\":\"https:\\\/\\\/secure.gravatar.com\\\/avatar\\\/072844300f4881150aee2da4278f7a65d16eefdf8262eb67085f1e702de2b959?s=96&d=mm&r=g\",\"caption\":\"Artigos Opini\u00f3n\"},\"sameAs\":[\"http:\\\/\\\/anovapeneira.gal\"],\"url\":\"https:\\\/\\\/www.anovapeneira.gal\\\/index.php\\\/author\\\/artigosopinion\\\/\"}]}<\/script>\n<!-- \/ Yoast SEO plugin. -->","yoast_head_json":{"title":"Tecendo as redes da Rep\u00fablica -","description":"Un dos berros que m\u00e1is repetimos o 25 de xullo entre os que ese d\u00eda reivindicamos Galiza como naci\u00f3n ,\u00e9 o de \u201cGaliza ceive, poder popular\u201d porque o obxetivo final da liberacion nacional para a esquerda soberanista \u00e9 que todo o poder pase a residir no pobo.","robots":{"index":"index","follow":"follow","max-snippet":"max-snippet:-1","max-image-preview":"max-image-preview:large","max-video-preview":"max-video-preview:-1"},"canonical":"https:\/\/www.anovapeneira.gal\/index.php\/2021\/07\/23\/tecendo-as-redes-da-republica\/","og_locale":"gl_ES","og_type":"article","og_title":"Tecendo as redes da Rep\u00fablica -","og_description":"Un dos berros que m\u00e1is repetimos o 25 de xullo entre os que ese d\u00eda reivindicamos Galiza como naci\u00f3n ,\u00e9 o de \u201cGaliza ceive, poder popular\u201d porque o obxetivo final da liberacion nacional para a esquerda soberanista \u00e9 que todo o poder pase a residir no pobo.","og_url":"https:\/\/www.anovapeneira.gal\/index.php\/2021\/07\/23\/tecendo-as-redes-da-republica\/","article_publisher":"https:\/\/www.facebook.com\/anovapeneira","article_published_time":"2021-07-23T10:00:04+00:00","og_image":[{"width":720,"height":432,"url":"https:\/\/www.anovapeneira.gal\/wp-content\/uploads\/2020\/06\/galicia_en_comun_a_nova_peneira.jpg","type":"image\/jpeg"}],"author":"Artigos Opini\u00f3n","twitter_card":"summary_large_image","twitter_creator":"@APeneira","twitter_site":"@APeneira","twitter_misc":{"Escrito por":"Artigos Opini\u00f3n","Tempo de lectura":"4 minutos"},"schema":{"@context":"https:\/\/schema.org","@graph":[{"@type":"Article","@id":"https:\/\/www.anovapeneira.gal\/index.php\/2021\/07\/23\/tecendo-as-redes-da-republica\/#article","isPartOf":{"@id":"https:\/\/www.anovapeneira.gal\/index.php\/2021\/07\/23\/tecendo-as-redes-da-republica\/"},"author":{"name":"Artigos Opini\u00f3n","@id":"https:\/\/www.anovapeneira.gal\/#\/schema\/person\/f18a4feb302e8f20bcef4490b5b60bb3"},"headline":"Tecendo as redes da Rep\u00fablica","datePublished":"2021-07-23T10:00:04+00:00","mainEntityOfPage":{"@id":"https:\/\/www.anovapeneira.gal\/index.php\/2021\/07\/23\/tecendo-as-redes-da-republica\/"},"wordCount":788,"commentCount":0,"publisher":{"@id":"https:\/\/www.anovapeneira.gal\/#organization"},"image":{"@id":"https:\/\/www.anovapeneira.gal\/index.php\/2021\/07\/23\/tecendo-as-redes-da-republica\/#primaryimage"},"thumbnailUrl":"https:\/\/www.anovapeneira.gal\/wp-content\/uploads\/2020\/06\/galicia_en_comun_a_nova_peneira.jpg","keywords":["Ant\u00f3n S\u00e1nchez","portavoz nacional de Anova"],"articleSection":["Artigos de opini\u00f3n"],"inLanguage":"gl-ES","potentialAction":[{"@type":"CommentAction","name":"Comment","target":["https:\/\/www.anovapeneira.gal\/index.php\/2021\/07\/23\/tecendo-as-redes-da-republica\/#respond"]}]},{"@type":"WebPage","@id":"https:\/\/www.anovapeneira.gal\/index.php\/2021\/07\/23\/tecendo-as-redes-da-republica\/","url":"https:\/\/www.anovapeneira.gal\/index.php\/2021\/07\/23\/tecendo-as-redes-da-republica\/","name":"Tecendo as redes da Rep\u00fablica -","isPartOf":{"@id":"https:\/\/www.anovapeneira.gal\/#website"},"primaryImageOfPage":{"@id":"https:\/\/www.anovapeneira.gal\/index.php\/2021\/07\/23\/tecendo-as-redes-da-republica\/#primaryimage"},"image":{"@id":"https:\/\/www.anovapeneira.gal\/index.php\/2021\/07\/23\/tecendo-as-redes-da-republica\/#primaryimage"},"thumbnailUrl":"https:\/\/www.anovapeneira.gal\/wp-content\/uploads\/2020\/06\/galicia_en_comun_a_nova_peneira.jpg","datePublished":"2021-07-23T10:00:04+00:00","description":"Un dos berros que m\u00e1is repetimos o 25 de xullo entre os que ese d\u00eda reivindicamos Galiza como naci\u00f3n ,\u00e9 o de \u201cGaliza ceive, poder popular\u201d porque o obxetivo final da liberacion nacional para a esquerda soberanista \u00e9 que todo o poder pase a residir no pobo.","breadcrumb":{"@id":"https:\/\/www.anovapeneira.gal\/index.php\/2021\/07\/23\/tecendo-as-redes-da-republica\/#breadcrumb"},"inLanguage":"gl-ES","potentialAction":[{"@type":"ReadAction","target":["https:\/\/www.anovapeneira.gal\/index.php\/2021\/07\/23\/tecendo-as-redes-da-republica\/"]}]},{"@type":"ImageObject","inLanguage":"gl-ES","@id":"https:\/\/www.anovapeneira.gal\/index.php\/2021\/07\/23\/tecendo-as-redes-da-republica\/#primaryimage","url":"https:\/\/www.anovapeneira.gal\/wp-content\/uploads\/2020\/06\/galicia_en_comun_a_nova_peneira.jpg","contentUrl":"https:\/\/www.anovapeneira.gal\/wp-content\/uploads\/2020\/06\/galicia_en_comun_a_nova_peneira.jpg","width":720,"height":432,"caption":"Ant\u00f3n S\u00e1nchez, nunha intervenci\u00f3n no Parlamento"},{"@type":"BreadcrumbList","@id":"https:\/\/www.anovapeneira.gal\/index.php\/2021\/07\/23\/tecendo-as-redes-da-republica\/#breadcrumb","itemListElement":[{"@type":"ListItem","position":1,"name":"Portada","item":"https:\/\/www.anovapeneira.gal\/"},{"@type":"ListItem","position":2,"name":"Tecendo as redes da Rep\u00fablica"}]},{"@type":"WebSite","@id":"https:\/\/www.anovapeneira.gal\/#website","url":"https:\/\/www.anovapeneira.gal\/","name":"","description":"Xornal galego de informaci\u00f3n xeral Publicaci\u00f3n mensual de novas de Galicia e en especial dos Concellos da sur da provincia de Pontevedra.","publisher":{"@id":"https:\/\/www.anovapeneira.gal\/#organization"},"potentialAction":[{"@type":"SearchAction","target":{"@type":"EntryPoint","urlTemplate":"https:\/\/www.anovapeneira.gal\/?s={search_term_string}"},"query-input":{"@type":"PropertyValueSpecification","valueRequired":true,"valueName":"search_term_string"}}],"inLanguage":"gl-ES"},{"@type":"Organization","@id":"https:\/\/www.anovapeneira.gal\/#organization","name":"A Nova Peneira","url":"https:\/\/www.anovapeneira.gal\/","logo":{"@type":"ImageObject","inLanguage":"gl-ES","@id":"https:\/\/www.anovapeneira.gal\/#\/schema\/logo\/image\/","url":"http:\/\/www.anovapeneira.gal\/wp-content\/uploads\/2019\/06\/logo_a_nova_peneira_portal_web.png","contentUrl":"http:\/\/www.anovapeneira.gal\/wp-content\/uploads\/2019\/06\/logo_a_nova_peneira_portal_web.png","width":300,"height":100,"caption":"A Nova Peneira"},"image":{"@id":"https:\/\/www.anovapeneira.gal\/#\/schema\/logo\/image\/"},"sameAs":["https:\/\/www.facebook.com\/anovapeneira","https:\/\/x.com\/APeneira"]},{"@type":"Person","@id":"https:\/\/www.anovapeneira.gal\/#\/schema\/person\/f18a4feb302e8f20bcef4490b5b60bb3","name":"Artigos Opini\u00f3n","image":{"@type":"ImageObject","inLanguage":"gl-ES","@id":"https:\/\/secure.gravatar.com\/avatar\/072844300f4881150aee2da4278f7a65d16eefdf8262eb67085f1e702de2b959?s=96&d=mm&r=g","url":"https:\/\/secure.gravatar.com\/avatar\/072844300f4881150aee2da4278f7a65d16eefdf8262eb67085f1e702de2b959?s=96&d=mm&r=g","contentUrl":"https:\/\/secure.gravatar.com\/avatar\/072844300f4881150aee2da4278f7a65d16eefdf8262eb67085f1e702de2b959?s=96&d=mm&r=g","caption":"Artigos Opini\u00f3n"},"sameAs":["http:\/\/anovapeneira.gal"],"url":"https:\/\/www.anovapeneira.gal\/index.php\/author\/artigosopinion\/"}]}},"jetpack_featured_media_url":"https:\/\/www.anovapeneira.gal\/wp-content\/uploads\/2020\/06\/galicia_en_comun_a_nova_peneira.jpg","_links":{"self":[{"href":"https:\/\/www.anovapeneira.gal\/index.php\/wp-json\/wp\/v2\/posts\/5813","targetHints":{"allow":["GET"]}}],"collection":[{"href":"https:\/\/www.anovapeneira.gal\/index.php\/wp-json\/wp\/v2\/posts"}],"about":[{"href":"https:\/\/www.anovapeneira.gal\/index.php\/wp-json\/wp\/v2\/types\/post"}],"author":[{"embeddable":true,"href":"https:\/\/www.anovapeneira.gal\/index.php\/wp-json\/wp\/v2\/users\/12"}],"replies":[{"embeddable":true,"href":"https:\/\/www.anovapeneira.gal\/index.php\/wp-json\/wp\/v2\/comments?post=5813"}],"version-history":[{"count":1,"href":"https:\/\/www.anovapeneira.gal\/index.php\/wp-json\/wp\/v2\/posts\/5813\/revisions"}],"predecessor-version":[{"id":5814,"href":"https:\/\/www.anovapeneira.gal\/index.php\/wp-json\/wp\/v2\/posts\/5813\/revisions\/5814"}],"wp:featuredmedia":[{"embeddable":true,"href":"https:\/\/www.anovapeneira.gal\/index.php\/wp-json\/wp\/v2\/media\/3435"}],"wp:attachment":[{"href":"https:\/\/www.anovapeneira.gal\/index.php\/wp-json\/wp\/v2\/media?parent=5813"}],"wp:term":[{"taxonomy":"category","embeddable":true,"href":"https:\/\/www.anovapeneira.gal\/index.php\/wp-json\/wp\/v2\/categories?post=5813"},{"taxonomy":"post_tag","embeddable":true,"href":"https:\/\/www.anovapeneira.gal\/index.php\/wp-json\/wp\/v2\/tags?post=5813"}],"curies":[{"name":"wp","href":"https:\/\/api.w.org\/{rel}","templated":true}]}}