{"id":5818,"date":"2021-07-29T10:00:04","date_gmt":"2021-07-29T08:00:04","guid":{"rendered":"https:\/\/www.anovapeneira.gal\/?p=5818"},"modified":"2021-07-19T16:38:24","modified_gmt":"2021-07-19T14:38:24","slug":"cangas-conta-con-6-praias-con-accesibilidade-3-das-mesmas-con-accesibilidade-universal","status":"publish","type":"post","link":"https:\/\/www.anovapeneira.gal\/index.php\/2021\/07\/29\/cangas-conta-con-6-praias-con-accesibilidade-3-das-mesmas-con-accesibilidade-universal\/","title":{"rendered":"Cangas conta con 6 praias con accesibilidade, 3 das mesmas con accesibilidade Universal"},"content":{"rendered":"\n<h2 class=\"wp-block-heading\">As praias con accesibilidade Universal son as de Rodeira, Nerga e Areabrava<\/h2>\n\n\n\n<p><strong>Cangas ao 18 de xullo de 2021<\/strong><\/p>\n\n\n\n<p>A alcaldesa Victoria Portas traballa desde o ano 2020, nun proxecto de accesibilidade universal en colaboraci\u00f3n con asociaci\u00f3ns do concello e outras entidades para conseguir dita accesibilidade.<\/p>\n\n\n\n<p>\u00c9 prioritario traballar na idea de incorporar a posibilidade de unha plena accesibilidade de todas as persoas con mobilidade reducida e cognitiva aos nosos areeiros, asegurar a provisi\u00f3n e a disposici\u00f3n dun sistema que garante a actividade de ba\u00f1o do mar a todas as persoas.<\/p>\n\n\n\n<figure class=\"wp-block-image size-large\"><img loading=\"lazy\" decoding=\"async\" width=\"1024\" height=\"823\" src=\"https:\/\/www.anovapeneira.gal\/wp-content\/uploads\/2021\/07\/cartel-praia-rodeira-accesibilidade-1-1024x823.jpg\" alt=\"\" class=\"wp-image-5820\" srcset=\"https:\/\/www.anovapeneira.gal\/wp-content\/uploads\/2021\/07\/cartel-praia-rodeira-accesibilidade-1-1024x823.jpg 1024w, https:\/\/www.anovapeneira.gal\/wp-content\/uploads\/2021\/07\/cartel-praia-rodeira-accesibilidade-1-300x241.jpg 300w, https:\/\/www.anovapeneira.gal\/wp-content\/uploads\/2021\/07\/cartel-praia-rodeira-accesibilidade-1-768x617.jpg 768w, https:\/\/www.anovapeneira.gal\/wp-content\/uploads\/2021\/07\/cartel-praia-rodeira-accesibilidade-1-1536x1234.jpg 1536w, https:\/\/www.anovapeneira.gal\/wp-content\/uploads\/2021\/07\/cartel-praia-rodeira-accesibilidade-1-2048x1645.jpg 2048w\" sizes=\"auto, (max-width: 1024px) 100vw, 1024px\" \/><\/figure>\n\n\n\n<p>Este traballo estase a estender a totalidade de 6 areais do Concello, e que neste 2021, 3 dos mesmos conseguiron a accesibilidade Universal. Pretendese achegar a informaci\u00f3n real e actual do grao de adaptaci\u00f3n das infraestruturas das nosas praias durante a tempada estival, para que se poida consultar polos usuarios, e sendo co\u00f1ecedores de que tipos de servizos poden atopar en cada areal.<\/p>\n\n\n\n<p>Para lograr o reco\u00f1ecemento de Accesibilidade Universal tendeuse que dotar de certas infraestruturas e servizos fundamentais como son; contar con aparcamentos reservados para condutores con discapacidade, ramplas e pasarelas de acceso ata a beira mar, duchas e aseos adaptados, fontes adaptadas, cadeiras anfibias e por suposto o poder contar con persoal de axuda para o momento de meterse no mar.<\/p>\n\n\n\n<p>Neste 2021 os areais que contan coa accesibilidade universal son Rodeira, Nerga e Areabrava e que estar\u00e1n sinalizados coa seguinte informaci\u00f3n. E os que contan con accesibilidade ( cadeira anfibia, socorristas e ramplas) Lim\u00e9ns, Areamilla, Mendui\u00f1a.<\/p>\n\n\n\n<p>Portas \u00e9 co\u00f1ecedora de que Cangas conta cos areais m\u00e1is fermosos da provincia, gustar\u00edalle que fosen accesibles na s\u00faa totalidade, pero tam\u00e9n \u00e9 certo que moitos destes areais, te\u00f1en unha orograf\u00eda con moi dif\u00edcil acceso, pero Vitoria Portas continuar\u00e1 traballando para incrementar este n\u00famero para o pr\u00f3ximo ver\u00e1n.<\/p>\n","protected":false},"excerpt":{"rendered":"<div class=\"mh-excerpt\"><p>As praias con accesibilidade Universal son as de Rodeira, Nerga e Areabrava <a class=\"mh-excerpt-more\" href=\"https:\/\/www.anovapeneira.gal\/index.php\/2021\/07\/29\/cangas-conta-con-6-praias-con-accesibilidade-3-das-mesmas-con-accesibilidade-universal\/\" title=\"Cangas conta con 6 praias con accesibilidade, 3 das mesmas con accesibilidade Universal\">[&#8230;]<\/a><\/p>\n<\/div>","protected":false},"author":3,"featured_media":5819,"comment_status":"open","ping_status":"open","sticky":false,"template":"","format":"standard","meta":{"_exactmetrics_skip_tracking":false,"_exactmetrics_sitenote_active":false,"_exactmetrics_sitenote_note":"","_exactmetrics_sitenote_category":0,"footnotes":""},"categories":[22],"tags":[681],"class_list":{"0":"post-5818","1":"post","2":"type-post","3":"status-publish","4":"format-standard","5":"has-post-thumbnail","7":"category-morrazo","8":"tag-concello-de-cangas-do-morrazo"},"yoast_head":"<!-- This site is optimized with the Yoast SEO plugin v27.5 - https:\/\/yoast.com\/product\/yoast-seo-wordpress\/ -->\n<title>Cangas conta con 6 praias con accesibilidade, 3 das mesmas con accesibilidade Universal -<\/title>\n<meta name=\"description\" content=\"As praias con accesibilidade Universal son as de Rodeira, Nerga e Areabrava\" \/>\n<meta name=\"robots\" content=\"index, follow, max-snippet:-1, max-image-preview:large, max-video-preview:-1\" \/>\n<link rel=\"canonical\" href=\"https:\/\/www.anovapeneira.gal\/index.php\/2021\/07\/29\/cangas-conta-con-6-praias-con-accesibilidade-3-das-mesmas-con-accesibilidade-universal\/\" \/>\n<meta property=\"og:locale\" content=\"gl_ES\" \/>\n<meta property=\"og:type\" content=\"article\" \/>\n<meta property=\"og:title\" content=\"Cangas conta con 6 praias con accesibilidade, 3 das mesmas con accesibilidade Universal -\" \/>\n<meta property=\"og:description\" content=\"As praias con accesibilidade Universal son as de Rodeira, Nerga e Areabrava\" \/>\n<meta property=\"og:url\" content=\"https:\/\/www.anovapeneira.gal\/index.php\/2021\/07\/29\/cangas-conta-con-6-praias-con-accesibilidade-3-das-mesmas-con-accesibilidade-universal\/\" \/>\n<meta property=\"article:publisher\" content=\"https:\/\/www.facebook.com\/anovapeneira\" \/>\n<meta property=\"article:published_time\" content=\"2021-07-29T08:00:04+00:00\" \/>\n<meta property=\"og:image\" content=\"https:\/\/www.anovapeneira.gal\/wp-content\/uploads\/2021\/07\/praia_accesible.jpg\" \/>\n\t<meta property=\"og:image:width\" content=\"720\" \/>\n\t<meta property=\"og:image:height\" content=\"432\" \/>\n\t<meta property=\"og:image:type\" content=\"image\/jpeg\" \/>\n<meta name=\"author\" content=\"Redacci\u00f3n A Nova Peneira\" \/>\n<meta name=\"twitter:card\" content=\"summary_large_image\" \/>\n<meta name=\"twitter:creator\" content=\"@APeneira\" \/>\n<meta name=\"twitter:site\" content=\"@APeneira\" \/>\n<meta name=\"twitter:label1\" content=\"Escrito por\" \/>\n\t<meta name=\"twitter:data1\" content=\"Redacci\u00f3n A Nova Peneira\" \/>\n\t<meta name=\"twitter:label2\" content=\"Tempo de lectura\" \/>\n\t<meta name=\"twitter:data2\" content=\"2 minutos\" \/>\n<script type=\"application\/ld+json\" class=\"yoast-schema-graph\">{\"@context\":\"https:\\\/\\\/schema.org\",\"@graph\":[{\"@type\":\"Article\",\"@id\":\"https:\\\/\\\/www.anovapeneira.gal\\\/index.php\\\/2021\\\/07\\\/29\\\/cangas-conta-con-6-praias-con-accesibilidade-3-das-mesmas-con-accesibilidade-universal\\\/#article\",\"isPartOf\":{\"@id\":\"https:\\\/\\\/www.anovapeneira.gal\\\/index.php\\\/2021\\\/07\\\/29\\\/cangas-conta-con-6-praias-con-accesibilidade-3-das-mesmas-con-accesibilidade-universal\\\/\"},\"author\":{\"name\":\"Redacci\u00f3n A Nova Peneira\",\"@id\":\"https:\\\/\\\/www.anovapeneira.gal\\\/#\\\/schema\\\/person\\\/b93e3f8932e3f8da96334607eb6ac6aa\"},\"headline\":\"Cangas conta con 6 praias con accesibilidade, 3 das mesmas con accesibilidade Universal\",\"datePublished\":\"2021-07-29T08:00:04+00:00\",\"mainEntityOfPage\":{\"@id\":\"https:\\\/\\\/www.anovapeneira.gal\\\/index.php\\\/2021\\\/07\\\/29\\\/cangas-conta-con-6-praias-con-accesibilidade-3-das-mesmas-con-accesibilidade-universal\\\/\"},\"wordCount\":322,\"commentCount\":0,\"publisher\":{\"@id\":\"https:\\\/\\\/www.anovapeneira.gal\\\/#organization\"},\"image\":{\"@id\":\"https:\\\/\\\/www.anovapeneira.gal\\\/index.php\\\/2021\\\/07\\\/29\\\/cangas-conta-con-6-praias-con-accesibilidade-3-das-mesmas-con-accesibilidade-universal\\\/#primaryimage\"},\"thumbnailUrl\":\"https:\\\/\\\/www.anovapeneira.gal\\\/wp-content\\\/uploads\\\/2021\\\/07\\\/praia_accesible.jpg\",\"keywords\":[\"Concello de Cangas do Morrazo\"],\"articleSection\":[\"Morrazo\"],\"inLanguage\":\"gl-ES\",\"potentialAction\":[{\"@type\":\"CommentAction\",\"name\":\"Comment\",\"target\":[\"https:\\\/\\\/www.anovapeneira.gal\\\/index.php\\\/2021\\\/07\\\/29\\\/cangas-conta-con-6-praias-con-accesibilidade-3-das-mesmas-con-accesibilidade-universal\\\/#respond\"]}]},{\"@type\":\"WebPage\",\"@id\":\"https:\\\/\\\/www.anovapeneira.gal\\\/index.php\\\/2021\\\/07\\\/29\\\/cangas-conta-con-6-praias-con-accesibilidade-3-das-mesmas-con-accesibilidade-universal\\\/\",\"url\":\"https:\\\/\\\/www.anovapeneira.gal\\\/index.php\\\/2021\\\/07\\\/29\\\/cangas-conta-con-6-praias-con-accesibilidade-3-das-mesmas-con-accesibilidade-universal\\\/\",\"name\":\"Cangas conta con 6 praias con accesibilidade, 3 das mesmas con accesibilidade Universal -\",\"isPartOf\":{\"@id\":\"https:\\\/\\\/www.anovapeneira.gal\\\/#website\"},\"primaryImageOfPage\":{\"@id\":\"https:\\\/\\\/www.anovapeneira.gal\\\/index.php\\\/2021\\\/07\\\/29\\\/cangas-conta-con-6-praias-con-accesibilidade-3-das-mesmas-con-accesibilidade-universal\\\/#primaryimage\"},\"image\":{\"@id\":\"https:\\\/\\\/www.anovapeneira.gal\\\/index.php\\\/2021\\\/07\\\/29\\\/cangas-conta-con-6-praias-con-accesibilidade-3-das-mesmas-con-accesibilidade-universal\\\/#primaryimage\"},\"thumbnailUrl\":\"https:\\\/\\\/www.anovapeneira.gal\\\/wp-content\\\/uploads\\\/2021\\\/07\\\/praia_accesible.jpg\",\"datePublished\":\"2021-07-29T08:00:04+00:00\",\"description\":\"As praias con accesibilidade Universal son as de Rodeira, Nerga e Areabrava\",\"breadcrumb\":{\"@id\":\"https:\\\/\\\/www.anovapeneira.gal\\\/index.php\\\/2021\\\/07\\\/29\\\/cangas-conta-con-6-praias-con-accesibilidade-3-das-mesmas-con-accesibilidade-universal\\\/#breadcrumb\"},\"inLanguage\":\"gl-ES\",\"potentialAction\":[{\"@type\":\"ReadAction\",\"target\":[\"https:\\\/\\\/www.anovapeneira.gal\\\/index.php\\\/2021\\\/07\\\/29\\\/cangas-conta-con-6-praias-con-accesibilidade-3-das-mesmas-con-accesibilidade-universal\\\/\"]}]},{\"@type\":\"ImageObject\",\"inLanguage\":\"gl-ES\",\"@id\":\"https:\\\/\\\/www.anovapeneira.gal\\\/index.php\\\/2021\\\/07\\\/29\\\/cangas-conta-con-6-praias-con-accesibilidade-3-das-mesmas-con-accesibilidade-universal\\\/#primaryimage\",\"url\":\"https:\\\/\\\/www.anovapeneira.gal\\\/wp-content\\\/uploads\\\/2021\\\/07\\\/praia_accesible.jpg\",\"contentUrl\":\"https:\\\/\\\/www.anovapeneira.gal\\\/wp-content\\\/uploads\\\/2021\\\/07\\\/praia_accesible.jpg\",\"width\":720,\"height\":432,\"caption\":\"Praias accesibles Cangas do Morrazo\"},{\"@type\":\"BreadcrumbList\",\"@id\":\"https:\\\/\\\/www.anovapeneira.gal\\\/index.php\\\/2021\\\/07\\\/29\\\/cangas-conta-con-6-praias-con-accesibilidade-3-das-mesmas-con-accesibilidade-universal\\\/#breadcrumb\",\"itemListElement\":[{\"@type\":\"ListItem\",\"position\":1,\"name\":\"Portada\",\"item\":\"https:\\\/\\\/www.anovapeneira.gal\\\/\"},{\"@type\":\"ListItem\",\"position\":2,\"name\":\"Cangas conta con 6 praias con accesibilidade, 3 das mesmas con accesibilidade Universal\"}]},{\"@type\":\"WebSite\",\"@id\":\"https:\\\/\\\/www.anovapeneira.gal\\\/#website\",\"url\":\"https:\\\/\\\/www.anovapeneira.gal\\\/\",\"name\":\"\",\"description\":\"Xornal galego de informaci\u00f3n xeral Publicaci\u00f3n mensual de novas de Galicia e en especial dos Concellos da sur da provincia de Pontevedra.\",\"publisher\":{\"@id\":\"https:\\\/\\\/www.anovapeneira.gal\\\/#organization\"},\"potentialAction\":[{\"@type\":\"SearchAction\",\"target\":{\"@type\":\"EntryPoint\",\"urlTemplate\":\"https:\\\/\\\/www.anovapeneira.gal\\\/?s={search_term_string}\"},\"query-input\":{\"@type\":\"PropertyValueSpecification\",\"valueRequired\":true,\"valueName\":\"search_term_string\"}}],\"inLanguage\":\"gl-ES\"},{\"@type\":\"Organization\",\"@id\":\"https:\\\/\\\/www.anovapeneira.gal\\\/#organization\",\"name\":\"A Nova Peneira\",\"url\":\"https:\\\/\\\/www.anovapeneira.gal\\\/\",\"logo\":{\"@type\":\"ImageObject\",\"inLanguage\":\"gl-ES\",\"@id\":\"https:\\\/\\\/www.anovapeneira.gal\\\/#\\\/schema\\\/logo\\\/image\\\/\",\"url\":\"http:\\\/\\\/www.anovapeneira.gal\\\/wp-content\\\/uploads\\\/2019\\\/06\\\/logo_a_nova_peneira_portal_web.png\",\"contentUrl\":\"http:\\\/\\\/www.anovapeneira.gal\\\/wp-content\\\/uploads\\\/2019\\\/06\\\/logo_a_nova_peneira_portal_web.png\",\"width\":300,\"height\":100,\"caption\":\"A Nova Peneira\"},\"image\":{\"@id\":\"https:\\\/\\\/www.anovapeneira.gal\\\/#\\\/schema\\\/logo\\\/image\\\/\"},\"sameAs\":[\"https:\\\/\\\/www.facebook.com\\\/anovapeneira\",\"https:\\\/\\\/x.com\\\/APeneira\"]},{\"@type\":\"Person\",\"@id\":\"https:\\\/\\\/www.anovapeneira.gal\\\/#\\\/schema\\\/person\\\/b93e3f8932e3f8da96334607eb6ac6aa\",\"name\":\"Redacci\u00f3n A Nova Peneira\",\"image\":{\"@type\":\"ImageObject\",\"inLanguage\":\"gl-ES\",\"@id\":\"https:\\\/\\\/secure.gravatar.com\\\/avatar\\\/c052a2551a06e23fac63626232eaa90abd78dbcf1700fc46a2b2c89fd27b735f?s=96&d=mm&r=g\",\"url\":\"https:\\\/\\\/secure.gravatar.com\\\/avatar\\\/c052a2551a06e23fac63626232eaa90abd78dbcf1700fc46a2b2c89fd27b735f?s=96&d=mm&r=g\",\"contentUrl\":\"https:\\\/\\\/secure.gravatar.com\\\/avatar\\\/c052a2551a06e23fac63626232eaa90abd78dbcf1700fc46a2b2c89fd27b735f?s=96&d=mm&r=g\",\"caption\":\"Redacci\u00f3n A Nova Peneira\"},\"sameAs\":[\"http:\\\/\\\/www.anovapeneira.gal\\\/\"],\"url\":\"https:\\\/\\\/www.anovapeneira.gal\\\/index.php\\\/author\\\/redactor\\\/\"}]}<\/script>\n<!-- \/ Yoast SEO plugin. -->","yoast_head_json":{"title":"Cangas conta con 6 praias con accesibilidade, 3 das mesmas con accesibilidade Universal -","description":"As praias con accesibilidade Universal son as de Rodeira, Nerga e Areabrava","robots":{"index":"index","follow":"follow","max-snippet":"max-snippet:-1","max-image-preview":"max-image-preview:large","max-video-preview":"max-video-preview:-1"},"canonical":"https:\/\/www.anovapeneira.gal\/index.php\/2021\/07\/29\/cangas-conta-con-6-praias-con-accesibilidade-3-das-mesmas-con-accesibilidade-universal\/","og_locale":"gl_ES","og_type":"article","og_title":"Cangas conta con 6 praias con accesibilidade, 3 das mesmas con accesibilidade Universal -","og_description":"As praias con accesibilidade Universal son as de Rodeira, Nerga e Areabrava","og_url":"https:\/\/www.anovapeneira.gal\/index.php\/2021\/07\/29\/cangas-conta-con-6-praias-con-accesibilidade-3-das-mesmas-con-accesibilidade-universal\/","article_publisher":"https:\/\/www.facebook.com\/anovapeneira","article_published_time":"2021-07-29T08:00:04+00:00","og_image":[{"width":720,"height":432,"url":"https:\/\/www.anovapeneira.gal\/wp-content\/uploads\/2021\/07\/praia_accesible.jpg","type":"image\/jpeg"}],"author":"Redacci\u00f3n A Nova Peneira","twitter_card":"summary_large_image","twitter_creator":"@APeneira","twitter_site":"@APeneira","twitter_misc":{"Escrito por":"Redacci\u00f3n A Nova Peneira","Tempo de lectura":"2 minutos"},"schema":{"@context":"https:\/\/schema.org","@graph":[{"@type":"Article","@id":"https:\/\/www.anovapeneira.gal\/index.php\/2021\/07\/29\/cangas-conta-con-6-praias-con-accesibilidade-3-das-mesmas-con-accesibilidade-universal\/#article","isPartOf":{"@id":"https:\/\/www.anovapeneira.gal\/index.php\/2021\/07\/29\/cangas-conta-con-6-praias-con-accesibilidade-3-das-mesmas-con-accesibilidade-universal\/"},"author":{"name":"Redacci\u00f3n A Nova Peneira","@id":"https:\/\/www.anovapeneira.gal\/#\/schema\/person\/b93e3f8932e3f8da96334607eb6ac6aa"},"headline":"Cangas conta con 6 praias con accesibilidade, 3 das mesmas con accesibilidade Universal","datePublished":"2021-07-29T08:00:04+00:00","mainEntityOfPage":{"@id":"https:\/\/www.anovapeneira.gal\/index.php\/2021\/07\/29\/cangas-conta-con-6-praias-con-accesibilidade-3-das-mesmas-con-accesibilidade-universal\/"},"wordCount":322,"commentCount":0,"publisher":{"@id":"https:\/\/www.anovapeneira.gal\/#organization"},"image":{"@id":"https:\/\/www.anovapeneira.gal\/index.php\/2021\/07\/29\/cangas-conta-con-6-praias-con-accesibilidade-3-das-mesmas-con-accesibilidade-universal\/#primaryimage"},"thumbnailUrl":"https:\/\/www.anovapeneira.gal\/wp-content\/uploads\/2021\/07\/praia_accesible.jpg","keywords":["Concello de Cangas do Morrazo"],"articleSection":["Morrazo"],"inLanguage":"gl-ES","potentialAction":[{"@type":"CommentAction","name":"Comment","target":["https:\/\/www.anovapeneira.gal\/index.php\/2021\/07\/29\/cangas-conta-con-6-praias-con-accesibilidade-3-das-mesmas-con-accesibilidade-universal\/#respond"]}]},{"@type":"WebPage","@id":"https:\/\/www.anovapeneira.gal\/index.php\/2021\/07\/29\/cangas-conta-con-6-praias-con-accesibilidade-3-das-mesmas-con-accesibilidade-universal\/","url":"https:\/\/www.anovapeneira.gal\/index.php\/2021\/07\/29\/cangas-conta-con-6-praias-con-accesibilidade-3-das-mesmas-con-accesibilidade-universal\/","name":"Cangas conta con 6 praias con accesibilidade, 3 das mesmas con accesibilidade Universal -","isPartOf":{"@id":"https:\/\/www.anovapeneira.gal\/#website"},"primaryImageOfPage":{"@id":"https:\/\/www.anovapeneira.gal\/index.php\/2021\/07\/29\/cangas-conta-con-6-praias-con-accesibilidade-3-das-mesmas-con-accesibilidade-universal\/#primaryimage"},"image":{"@id":"https:\/\/www.anovapeneira.gal\/index.php\/2021\/07\/29\/cangas-conta-con-6-praias-con-accesibilidade-3-das-mesmas-con-accesibilidade-universal\/#primaryimage"},"thumbnailUrl":"https:\/\/www.anovapeneira.gal\/wp-content\/uploads\/2021\/07\/praia_accesible.jpg","datePublished":"2021-07-29T08:00:04+00:00","description":"As praias con accesibilidade Universal son as de Rodeira, Nerga e Areabrava","breadcrumb":{"@id":"https:\/\/www.anovapeneira.gal\/index.php\/2021\/07\/29\/cangas-conta-con-6-praias-con-accesibilidade-3-das-mesmas-con-accesibilidade-universal\/#breadcrumb"},"inLanguage":"gl-ES","potentialAction":[{"@type":"ReadAction","target":["https:\/\/www.anovapeneira.gal\/index.php\/2021\/07\/29\/cangas-conta-con-6-praias-con-accesibilidade-3-das-mesmas-con-accesibilidade-universal\/"]}]},{"@type":"ImageObject","inLanguage":"gl-ES","@id":"https:\/\/www.anovapeneira.gal\/index.php\/2021\/07\/29\/cangas-conta-con-6-praias-con-accesibilidade-3-das-mesmas-con-accesibilidade-universal\/#primaryimage","url":"https:\/\/www.anovapeneira.gal\/wp-content\/uploads\/2021\/07\/praia_accesible.jpg","contentUrl":"https:\/\/www.anovapeneira.gal\/wp-content\/uploads\/2021\/07\/praia_accesible.jpg","width":720,"height":432,"caption":"Praias accesibles Cangas do Morrazo"},{"@type":"BreadcrumbList","@id":"https:\/\/www.anovapeneira.gal\/index.php\/2021\/07\/29\/cangas-conta-con-6-praias-con-accesibilidade-3-das-mesmas-con-accesibilidade-universal\/#breadcrumb","itemListElement":[{"@type":"ListItem","position":1,"name":"Portada","item":"https:\/\/www.anovapeneira.gal\/"},{"@type":"ListItem","position":2,"name":"Cangas conta con 6 praias con accesibilidade, 3 das mesmas con accesibilidade Universal"}]},{"@type":"WebSite","@id":"https:\/\/www.anovapeneira.gal\/#website","url":"https:\/\/www.anovapeneira.gal\/","name":"","description":"Xornal galego de informaci\u00f3n xeral Publicaci\u00f3n mensual de novas de Galicia e en especial dos Concellos da sur da provincia de Pontevedra.","publisher":{"@id":"https:\/\/www.anovapeneira.gal\/#organization"},"potentialAction":[{"@type":"SearchAction","target":{"@type":"EntryPoint","urlTemplate":"https:\/\/www.anovapeneira.gal\/?s={search_term_string}"},"query-input":{"@type":"PropertyValueSpecification","valueRequired":true,"valueName":"search_term_string"}}],"inLanguage":"gl-ES"},{"@type":"Organization","@id":"https:\/\/www.anovapeneira.gal\/#organization","name":"A Nova Peneira","url":"https:\/\/www.anovapeneira.gal\/","logo":{"@type":"ImageObject","inLanguage":"gl-ES","@id":"https:\/\/www.anovapeneira.gal\/#\/schema\/logo\/image\/","url":"http:\/\/www.anovapeneira.gal\/wp-content\/uploads\/2019\/06\/logo_a_nova_peneira_portal_web.png","contentUrl":"http:\/\/www.anovapeneira.gal\/wp-content\/uploads\/2019\/06\/logo_a_nova_peneira_portal_web.png","width":300,"height":100,"caption":"A Nova Peneira"},"image":{"@id":"https:\/\/www.anovapeneira.gal\/#\/schema\/logo\/image\/"},"sameAs":["https:\/\/www.facebook.com\/anovapeneira","https:\/\/x.com\/APeneira"]},{"@type":"Person","@id":"https:\/\/www.anovapeneira.gal\/#\/schema\/person\/b93e3f8932e3f8da96334607eb6ac6aa","name":"Redacci\u00f3n A Nova Peneira","image":{"@type":"ImageObject","inLanguage":"gl-ES","@id":"https:\/\/secure.gravatar.com\/avatar\/c052a2551a06e23fac63626232eaa90abd78dbcf1700fc46a2b2c89fd27b735f?s=96&d=mm&r=g","url":"https:\/\/secure.gravatar.com\/avatar\/c052a2551a06e23fac63626232eaa90abd78dbcf1700fc46a2b2c89fd27b735f?s=96&d=mm&r=g","contentUrl":"https:\/\/secure.gravatar.com\/avatar\/c052a2551a06e23fac63626232eaa90abd78dbcf1700fc46a2b2c89fd27b735f?s=96&d=mm&r=g","caption":"Redacci\u00f3n A Nova Peneira"},"sameAs":["http:\/\/www.anovapeneira.gal\/"],"url":"https:\/\/www.anovapeneira.gal\/index.php\/author\/redactor\/"}]}},"jetpack_featured_media_url":"https:\/\/www.anovapeneira.gal\/wp-content\/uploads\/2021\/07\/praia_accesible.jpg","_links":{"self":[{"href":"https:\/\/www.anovapeneira.gal\/index.php\/wp-json\/wp\/v2\/posts\/5818","targetHints":{"allow":["GET"]}}],"collection":[{"href":"https:\/\/www.anovapeneira.gal\/index.php\/wp-json\/wp\/v2\/posts"}],"about":[{"href":"https:\/\/www.anovapeneira.gal\/index.php\/wp-json\/wp\/v2\/types\/post"}],"author":[{"embeddable":true,"href":"https:\/\/www.anovapeneira.gal\/index.php\/wp-json\/wp\/v2\/users\/3"}],"replies":[{"embeddable":true,"href":"https:\/\/www.anovapeneira.gal\/index.php\/wp-json\/wp\/v2\/comments?post=5818"}],"version-history":[{"count":1,"href":"https:\/\/www.anovapeneira.gal\/index.php\/wp-json\/wp\/v2\/posts\/5818\/revisions"}],"predecessor-version":[{"id":5821,"href":"https:\/\/www.anovapeneira.gal\/index.php\/wp-json\/wp\/v2\/posts\/5818\/revisions\/5821"}],"wp:featuredmedia":[{"embeddable":true,"href":"https:\/\/www.anovapeneira.gal\/index.php\/wp-json\/wp\/v2\/media\/5819"}],"wp:attachment":[{"href":"https:\/\/www.anovapeneira.gal\/index.php\/wp-json\/wp\/v2\/media?parent=5818"}],"wp:term":[{"taxonomy":"category","embeddable":true,"href":"https:\/\/www.anovapeneira.gal\/index.php\/wp-json\/wp\/v2\/categories?post=5818"},{"taxonomy":"post_tag","embeddable":true,"href":"https:\/\/www.anovapeneira.gal\/index.php\/wp-json\/wp\/v2\/tags?post=5818"}],"curies":[{"name":"wp","href":"https:\/\/api.w.org\/{rel}","templated":true}]}}