{"id":5828,"date":"2021-07-25T00:02:40","date_gmt":"2021-07-24T22:02:40","guid":{"rendered":"https:\/\/www.anovapeneira.gal\/?p=5828"},"modified":"2021-07-19T16:49:14","modified_gmt":"2021-07-19T14:49:14","slug":"unha-galiza-sen-limites","status":"publish","type":"post","link":"https:\/\/www.anovapeneira.gal\/index.php\/2021\/07\/25\/unha-galiza-sen-limites\/","title":{"rendered":"Unha Galiza sen l\u00edmites"},"content":{"rendered":"\n<pre class=\"wp-block-verse\">N\u00e9stor Rego<\/pre>\n\n\n\n<p>Con todas as medidas de seguranza necesarias nunha situaci\u00f3n de pandemia a\u00ednda complexa, volta a mobilizaci\u00f3n nacional a Compostela neste D\u00eda da Patria Galega. D\u00eda de celebraci\u00f3n mais tam\u00e9n de reivindicaci\u00f3n. No 25 de xullo estaremos na r\u00faa para reclamar unha Galiza sen l\u00edmites, quer dicir: un Pa\u00eds novo que non contin\u00fae a ver limitado o seu futuro como consecuencia da subordinaci\u00f3n pol\u00edtica e do espolio econ\u00f3mico a que historicamente est\u00e1 sometido.<\/p>\n\n\n\n<p>Estamos a vivir nun contexto social e econ\u00f3mico especialmente dif\u00edcil. Unha crise industrial prolongada (naval de Vigo e Ferrol, Alcoa, fechamento de empresas, deslocalizaci\u00f3ns&#8230;) \u00e1 que se suman as consecuencias da emerxencia sanitaria, que afectan (e afectar\u00e1n a\u00ednda mais nos pr\u00f3ximos meses) os sectores econ\u00f3micos m\u00e1is fracos e que implican millares de empregos perdidos ou en risco de se perder. E a\u00ednda, unha crise demogr\u00e1fica que non cesa, agravada pola emigraci\u00f3n forzada de millares de mozas e mozos que non encontran oportunidades laborais na nosa Terra.<\/p>\n\n\n\n<p>Ademais, o noso Pa\u00eds ten de enfrontar unha verdadeira ofensiva de espolio e\u00f3lico, impulsada polos Gobernos espa\u00f1ol e galego, sob a forma de megaparques na terra ou no mar que estragan o territorio (espazos ambientalmente sens\u00edbeis, terras de produci\u00f3n agr\u00edcola e gandeira, zonas de alta produtividade pesqueira&#8230;) para maior lucro dunhas poucas grandes empresas el\u00e9ctricas. Unha nova fase no espolio enerx\u00e9tico que desde hai d\u00e9cadas v\u00e9n padecendo a Galiza.<\/p>\n\n\n\n<p>En todo o caso, e contra o que pregoa a permanente propaganda, a soluci\u00f3n a esta situaci\u00f3n de crise non vir\u00e1 lamentabelmente duns fondos europeos que, a partir dunha xesti\u00f3n opaca e centralizada en Madrid, van ser acaparados por grandes empresas espa\u00f1olas en vez de se orientaren a priorizar proxectos p\u00fablicos e de interese social. M\u00e1is unha vez, o noso Pa\u00eds sair\u00e1 perdendo. Para al\u00e9n das contrapartidas que est\u00e1 a exixir a UE en forma de novos recortes sociais, como xa estamos a ver no recente acordo que empeora as pensi\u00f3ns de xubilaci\u00f3n.<\/p>\n\n\n\n<p>Por tanto, frente a todo isto, \u00e9 preciso fortalecer unha resposta de Pa\u00eds, porque o noso pobo pode e debe reaxir. E a mobilizaci\u00f3n do D\u00eda da Patria \u00e9 a oportunidade de p\u00f3r en evidencia que a Galiza debe deitar abaixo os l\u00edmites que coutan o aproveitamento das enormes potencialidades que pos\u00fae e que s\u00f3 pode facelo con capacidade real de decidir. Precisamos unha Galiza soberana para p\u00f3r os nosos recursos ao servizo do desenvolvemento do Pa\u00eds e da mellora da calidade de vida e benestar de todos os galegos e galegas.<\/p>\n\n\n\n<p>A oportunidade tam\u00e9n de reforzar a \u00fanica alternativa que pode liderar esa resposta e impulsar a construci\u00f3n dun Pa\u00eds novo, a que representa o nacionalismo. Hoxe o BNG \u00e9 unha forza \u00e1 alza, cun crecemento sostido en apoio social, pol\u00edtico e electoral. Unha forza que nos \u00faltimos meses incorporou importantes contixentes de xente nova e que se erixe na ferramenta necesaria para poder mudar as cousas de verdade. Hoxe amplos sectores sociais, especialmente da mocidade, ollan para o BNG con esperanza. E, xustamente por iso, \u00e9 preciso consolidar ese crecemento e prepararse para enfrontar con \u00e9xito os desaf\u00edos pol\u00edticos que temos por diante.<\/p>\n\n\n\n<p>O nacionalismo sit\u00faase como a \u00fanica forza que realmente cuestiona o <em>statu quo, <\/em>un rexime constitucional mon\u00e1rquico opresor e corrupto e un marco auton\u00f3mico que demostrou por en\u00e9sima vez -e especialmente nesta situaci\u00f3n de pandemia- ser inadecuado e incapaz de dar soluci\u00f3n aos problemas do noso pobo.<\/p>\n\n\n\n<p>Por iso debemos cuestionar os l\u00edmites. Porque temos o dereito e o deber de mudar este presente de crise, de incerteza e de desesperanza por un horizonte de progreso, de benestar e de liberdade. Sabemos que non \u00e9 f\u00e1cil, mais \u00e9 necesario e, por tanto, temos que facelo pos\u00edbel.<\/p>\n","protected":false},"excerpt":{"rendered":"<div class=\"mh-excerpt\"><p>Con todas as medidas de seguranza necesarias nunha situaci\u00f3n de pandemia a\u00ednda complexa, volta a mobilizaci\u00f3n nacional a Compostela neste D\u00eda da Patria Galega. D\u00eda de celebraci\u00f3n mais tam\u00e9n de reivindicaci\u00f3n. No 25 de xullo estaremos na r\u00faa para reclamar unha Galiza sen l\u00edmites, quer dicir: un Pa\u00eds novo que non contin\u00fae a ver limitado o seu futuro como consecuencia da subordinaci\u00f3n pol\u00edtica e do espolio econ\u00f3mico a que historicamente est\u00e1 sometido. <a class=\"mh-excerpt-more\" href=\"https:\/\/www.anovapeneira.gal\/index.php\/2021\/07\/25\/unha-galiza-sen-limites\/\" title=\"Unha Galiza sen l\u00edmites\">[&#8230;]<\/a><\/p>\n<\/div>","protected":false},"author":9,"featured_media":1401,"comment_status":"open","ping_status":"open","sticky":false,"template":"","format":"standard","meta":{"_exactmetrics_skip_tracking":false,"_exactmetrics_sitenote_active":false,"_exactmetrics_sitenote_note":"","_exactmetrics_sitenote_category":0,"footnotes":""},"categories":[7],"tags":[282],"class_list":{"0":"post-5828","1":"post","2":"type-post","3":"status-publish","4":"format-standard","5":"has-post-thumbnail","7":"category-artigos-de-opinion","8":"tag-25-de-xullo"},"yoast_head":"<!-- This site is optimized with the Yoast SEO plugin v27.4 - https:\/\/yoast.com\/product\/yoast-seo-wordpress\/ -->\n<title>Unha Galiza sen l\u00edmites -<\/title>\n<meta name=\"description\" content=\"Con todas as medidas de seguranza necesarias nunha situaci\u00f3n de pandemia a\u00ednda complexa, volta a mobilizaci\u00f3n nacional a Compostela neste D\u00eda da Patria Galega. D\u00eda de celebraci\u00f3n mais tam\u00e9n de reivindicaci\u00f3n. No 25 de xullo estaremos na r\u00faa para reclamar unha Galiza sen l\u00edmites, quer dicir: un Pa\u00eds novo que non contin\u00fae a ver limitado o seu futuro como consecuencia da subordinaci\u00f3n pol\u00edtica e do espolio econ\u00f3mico a que historicamente est\u00e1 sometido.\" \/>\n<meta name=\"robots\" content=\"index, follow, max-snippet:-1, max-image-preview:large, max-video-preview:-1\" \/>\n<link rel=\"canonical\" href=\"https:\/\/www.anovapeneira.gal\/index.php\/2021\/07\/25\/unha-galiza-sen-limites\/\" \/>\n<meta property=\"og:locale\" content=\"gl_ES\" \/>\n<meta property=\"og:type\" content=\"article\" \/>\n<meta property=\"og:title\" content=\"Unha Galiza sen l\u00edmites -\" \/>\n<meta property=\"og:description\" content=\"Con todas as medidas de seguranza necesarias nunha situaci\u00f3n de pandemia a\u00ednda complexa, volta a mobilizaci\u00f3n nacional a Compostela neste D\u00eda da Patria Galega. D\u00eda de celebraci\u00f3n mais tam\u00e9n de reivindicaci\u00f3n. No 25 de xullo estaremos na r\u00faa para reclamar unha Galiza sen l\u00edmites, quer dicir: un Pa\u00eds novo que non contin\u00fae a ver limitado o seu futuro como consecuencia da subordinaci\u00f3n pol\u00edtica e do espolio econ\u00f3mico a que historicamente est\u00e1 sometido.\" \/>\n<meta property=\"og:url\" content=\"https:\/\/www.anovapeneira.gal\/index.php\/2021\/07\/25\/unha-galiza-sen-limites\/\" \/>\n<meta property=\"article:publisher\" content=\"https:\/\/www.facebook.com\/anovapeneira\" \/>\n<meta property=\"article:published_time\" content=\"2021-07-24T22:02:40+00:00\" \/>\n<meta property=\"og:image\" content=\"https:\/\/www.anovapeneira.gal\/wp-content\/uploads\/2019\/09\/NESTOR_REGO_A_NOVA_PENEIRA.jpg\" \/>\n\t<meta property=\"og:image:width\" content=\"720\" \/>\n\t<meta property=\"og:image:height\" content=\"473\" \/>\n\t<meta property=\"og:image:type\" content=\"image\/jpeg\" \/>\n<meta name=\"author\" content=\"N\u00e9stor Rego\" \/>\n<meta name=\"twitter:card\" content=\"summary_large_image\" \/>\n<meta name=\"twitter:creator\" content=\"@APeneira\" \/>\n<meta name=\"twitter:site\" content=\"@APeneira\" \/>\n<meta name=\"twitter:label1\" content=\"Escrito por\" \/>\n\t<meta name=\"twitter:data1\" content=\"N\u00e9stor Rego\" \/>\n\t<meta name=\"twitter:label2\" content=\"Tempo de lectura\" \/>\n\t<meta name=\"twitter:data2\" content=\"3 minutos\" \/>\n<script type=\"application\/ld+json\" class=\"yoast-schema-graph\">{\"@context\":\"https:\\\/\\\/schema.org\",\"@graph\":[{\"@type\":\"Article\",\"@id\":\"https:\\\/\\\/www.anovapeneira.gal\\\/index.php\\\/2021\\\/07\\\/25\\\/unha-galiza-sen-limites\\\/#article\",\"isPartOf\":{\"@id\":\"https:\\\/\\\/www.anovapeneira.gal\\\/index.php\\\/2021\\\/07\\\/25\\\/unha-galiza-sen-limites\\\/\"},\"author\":{\"name\":\"N\u00e9stor Rego\",\"@id\":\"https:\\\/\\\/www.anovapeneira.gal\\\/#\\\/schema\\\/person\\\/398f81b3541ce70bcc2c0633d10abf2b\"},\"headline\":\"Unha Galiza sen l\u00edmites\",\"datePublished\":\"2021-07-24T22:02:40+00:00\",\"mainEntityOfPage\":{\"@id\":\"https:\\\/\\\/www.anovapeneira.gal\\\/index.php\\\/2021\\\/07\\\/25\\\/unha-galiza-sen-limites\\\/\"},\"wordCount\":676,\"commentCount\":0,\"publisher\":{\"@id\":\"https:\\\/\\\/www.anovapeneira.gal\\\/#organization\"},\"image\":{\"@id\":\"https:\\\/\\\/www.anovapeneira.gal\\\/index.php\\\/2021\\\/07\\\/25\\\/unha-galiza-sen-limites\\\/#primaryimage\"},\"thumbnailUrl\":\"https:\\\/\\\/www.anovapeneira.gal\\\/wp-content\\\/uploads\\\/2019\\\/09\\\/NESTOR_REGO_A_NOVA_PENEIRA.jpg\",\"keywords\":[\"25 de xullo\"],\"articleSection\":[\"Artigos de opini\u00f3n\"],\"inLanguage\":\"gl-ES\",\"potentialAction\":[{\"@type\":\"CommentAction\",\"name\":\"Comment\",\"target\":[\"https:\\\/\\\/www.anovapeneira.gal\\\/index.php\\\/2021\\\/07\\\/25\\\/unha-galiza-sen-limites\\\/#respond\"]}]},{\"@type\":\"WebPage\",\"@id\":\"https:\\\/\\\/www.anovapeneira.gal\\\/index.php\\\/2021\\\/07\\\/25\\\/unha-galiza-sen-limites\\\/\",\"url\":\"https:\\\/\\\/www.anovapeneira.gal\\\/index.php\\\/2021\\\/07\\\/25\\\/unha-galiza-sen-limites\\\/\",\"name\":\"Unha Galiza sen l\u00edmites -\",\"isPartOf\":{\"@id\":\"https:\\\/\\\/www.anovapeneira.gal\\\/#website\"},\"primaryImageOfPage\":{\"@id\":\"https:\\\/\\\/www.anovapeneira.gal\\\/index.php\\\/2021\\\/07\\\/25\\\/unha-galiza-sen-limites\\\/#primaryimage\"},\"image\":{\"@id\":\"https:\\\/\\\/www.anovapeneira.gal\\\/index.php\\\/2021\\\/07\\\/25\\\/unha-galiza-sen-limites\\\/#primaryimage\"},\"thumbnailUrl\":\"https:\\\/\\\/www.anovapeneira.gal\\\/wp-content\\\/uploads\\\/2019\\\/09\\\/NESTOR_REGO_A_NOVA_PENEIRA.jpg\",\"datePublished\":\"2021-07-24T22:02:40+00:00\",\"description\":\"Con todas as medidas de seguranza necesarias nunha situaci\u00f3n de pandemia a\u00ednda complexa, volta a mobilizaci\u00f3n nacional a Compostela neste D\u00eda da Patria Galega. D\u00eda de celebraci\u00f3n mais tam\u00e9n de reivindicaci\u00f3n. No 25 de xullo estaremos na r\u00faa para reclamar unha Galiza sen l\u00edmites, quer dicir: un Pa\u00eds novo que non contin\u00fae a ver limitado o seu futuro como consecuencia da subordinaci\u00f3n pol\u00edtica e do espolio econ\u00f3mico a que historicamente est\u00e1 sometido.\",\"breadcrumb\":{\"@id\":\"https:\\\/\\\/www.anovapeneira.gal\\\/index.php\\\/2021\\\/07\\\/25\\\/unha-galiza-sen-limites\\\/#breadcrumb\"},\"inLanguage\":\"gl-ES\",\"potentialAction\":[{\"@type\":\"ReadAction\",\"target\":[\"https:\\\/\\\/www.anovapeneira.gal\\\/index.php\\\/2021\\\/07\\\/25\\\/unha-galiza-sen-limites\\\/\"]}]},{\"@type\":\"ImageObject\",\"inLanguage\":\"gl-ES\",\"@id\":\"https:\\\/\\\/www.anovapeneira.gal\\\/index.php\\\/2021\\\/07\\\/25\\\/unha-galiza-sen-limites\\\/#primaryimage\",\"url\":\"https:\\\/\\\/www.anovapeneira.gal\\\/wp-content\\\/uploads\\\/2019\\\/09\\\/NESTOR_REGO_A_NOVA_PENEIRA.jpg\",\"contentUrl\":\"https:\\\/\\\/www.anovapeneira.gal\\\/wp-content\\\/uploads\\\/2019\\\/09\\\/NESTOR_REGO_A_NOVA_PENEIRA.jpg\",\"width\":720,\"height\":473,\"caption\":\"N\u00e9stor Rego BNG A Nova Peneira\"},{\"@type\":\"BreadcrumbList\",\"@id\":\"https:\\\/\\\/www.anovapeneira.gal\\\/index.php\\\/2021\\\/07\\\/25\\\/unha-galiza-sen-limites\\\/#breadcrumb\",\"itemListElement\":[{\"@type\":\"ListItem\",\"position\":1,\"name\":\"Portada\",\"item\":\"https:\\\/\\\/www.anovapeneira.gal\\\/\"},{\"@type\":\"ListItem\",\"position\":2,\"name\":\"Unha Galiza sen l\u00edmites\"}]},{\"@type\":\"WebSite\",\"@id\":\"https:\\\/\\\/www.anovapeneira.gal\\\/#website\",\"url\":\"https:\\\/\\\/www.anovapeneira.gal\\\/\",\"name\":\"\",\"description\":\"Xornal galego de informaci\u00f3n xeral Publicaci\u00f3n mensual de novas de Galicia e en especial dos Concellos da sur da provincia de Pontevedra.\",\"publisher\":{\"@id\":\"https:\\\/\\\/www.anovapeneira.gal\\\/#organization\"},\"potentialAction\":[{\"@type\":\"SearchAction\",\"target\":{\"@type\":\"EntryPoint\",\"urlTemplate\":\"https:\\\/\\\/www.anovapeneira.gal\\\/?s={search_term_string}\"},\"query-input\":{\"@type\":\"PropertyValueSpecification\",\"valueRequired\":true,\"valueName\":\"search_term_string\"}}],\"inLanguage\":\"gl-ES\"},{\"@type\":\"Organization\",\"@id\":\"https:\\\/\\\/www.anovapeneira.gal\\\/#organization\",\"name\":\"A Nova Peneira\",\"url\":\"https:\\\/\\\/www.anovapeneira.gal\\\/\",\"logo\":{\"@type\":\"ImageObject\",\"inLanguage\":\"gl-ES\",\"@id\":\"https:\\\/\\\/www.anovapeneira.gal\\\/#\\\/schema\\\/logo\\\/image\\\/\",\"url\":\"http:\\\/\\\/www.anovapeneira.gal\\\/wp-content\\\/uploads\\\/2019\\\/06\\\/logo_a_nova_peneira_portal_web.png\",\"contentUrl\":\"http:\\\/\\\/www.anovapeneira.gal\\\/wp-content\\\/uploads\\\/2019\\\/06\\\/logo_a_nova_peneira_portal_web.png\",\"width\":300,\"height\":100,\"caption\":\"A Nova Peneira\"},\"image\":{\"@id\":\"https:\\\/\\\/www.anovapeneira.gal\\\/#\\\/schema\\\/logo\\\/image\\\/\"},\"sameAs\":[\"https:\\\/\\\/www.facebook.com\\\/anovapeneira\",\"https:\\\/\\\/x.com\\\/APeneira\"]},{\"@type\":\"Person\",\"@id\":\"https:\\\/\\\/www.anovapeneira.gal\\\/#\\\/schema\\\/person\\\/398f81b3541ce70bcc2c0633d10abf2b\",\"name\":\"N\u00e9stor Rego\",\"image\":{\"@type\":\"ImageObject\",\"inLanguage\":\"gl-ES\",\"@id\":\"https:\\\/\\\/secure.gravatar.com\\\/avatar\\\/582ac268e259e01434297c480ba20c3651e6dab442778296909153e75ae25c18?s=96&d=mm&r=g\",\"url\":\"https:\\\/\\\/secure.gravatar.com\\\/avatar\\\/582ac268e259e01434297c480ba20c3651e6dab442778296909153e75ae25c18?s=96&d=mm&r=g\",\"contentUrl\":\"https:\\\/\\\/secure.gravatar.com\\\/avatar\\\/582ac268e259e01434297c480ba20c3651e6dab442778296909153e75ae25c18?s=96&d=mm&r=g\",\"caption\":\"N\u00e9stor Rego\"},\"sameAs\":[\"http:\\\/\\\/www.anovapeneira.gal\\\/\"],\"url\":\"https:\\\/\\\/www.anovapeneira.gal\\\/index.php\\\/author\\\/opinionnestorrego\\\/\"}]}<\/script>\n<!-- \/ Yoast SEO plugin. -->","yoast_head_json":{"title":"Unha Galiza sen l\u00edmites -","description":"Con todas as medidas de seguranza necesarias nunha situaci\u00f3n de pandemia a\u00ednda complexa, volta a mobilizaci\u00f3n nacional a Compostela neste D\u00eda da Patria Galega. D\u00eda de celebraci\u00f3n mais tam\u00e9n de reivindicaci\u00f3n. No 25 de xullo estaremos na r\u00faa para reclamar unha Galiza sen l\u00edmites, quer dicir: un Pa\u00eds novo que non contin\u00fae a ver limitado o seu futuro como consecuencia da subordinaci\u00f3n pol\u00edtica e do espolio econ\u00f3mico a que historicamente est\u00e1 sometido.","robots":{"index":"index","follow":"follow","max-snippet":"max-snippet:-1","max-image-preview":"max-image-preview:large","max-video-preview":"max-video-preview:-1"},"canonical":"https:\/\/www.anovapeneira.gal\/index.php\/2021\/07\/25\/unha-galiza-sen-limites\/","og_locale":"gl_ES","og_type":"article","og_title":"Unha Galiza sen l\u00edmites -","og_description":"Con todas as medidas de seguranza necesarias nunha situaci\u00f3n de pandemia a\u00ednda complexa, volta a mobilizaci\u00f3n nacional a Compostela neste D\u00eda da Patria Galega. D\u00eda de celebraci\u00f3n mais tam\u00e9n de reivindicaci\u00f3n. No 25 de xullo estaremos na r\u00faa para reclamar unha Galiza sen l\u00edmites, quer dicir: un Pa\u00eds novo que non contin\u00fae a ver limitado o seu futuro como consecuencia da subordinaci\u00f3n pol\u00edtica e do espolio econ\u00f3mico a que historicamente est\u00e1 sometido.","og_url":"https:\/\/www.anovapeneira.gal\/index.php\/2021\/07\/25\/unha-galiza-sen-limites\/","article_publisher":"https:\/\/www.facebook.com\/anovapeneira","article_published_time":"2021-07-24T22:02:40+00:00","og_image":[{"width":720,"height":473,"url":"https:\/\/www.anovapeneira.gal\/wp-content\/uploads\/2019\/09\/NESTOR_REGO_A_NOVA_PENEIRA.jpg","type":"image\/jpeg"}],"author":"N\u00e9stor Rego","twitter_card":"summary_large_image","twitter_creator":"@APeneira","twitter_site":"@APeneira","twitter_misc":{"Escrito por":"N\u00e9stor Rego","Tempo de lectura":"3 minutos"},"schema":{"@context":"https:\/\/schema.org","@graph":[{"@type":"Article","@id":"https:\/\/www.anovapeneira.gal\/index.php\/2021\/07\/25\/unha-galiza-sen-limites\/#article","isPartOf":{"@id":"https:\/\/www.anovapeneira.gal\/index.php\/2021\/07\/25\/unha-galiza-sen-limites\/"},"author":{"name":"N\u00e9stor Rego","@id":"https:\/\/www.anovapeneira.gal\/#\/schema\/person\/398f81b3541ce70bcc2c0633d10abf2b"},"headline":"Unha Galiza sen l\u00edmites","datePublished":"2021-07-24T22:02:40+00:00","mainEntityOfPage":{"@id":"https:\/\/www.anovapeneira.gal\/index.php\/2021\/07\/25\/unha-galiza-sen-limites\/"},"wordCount":676,"commentCount":0,"publisher":{"@id":"https:\/\/www.anovapeneira.gal\/#organization"},"image":{"@id":"https:\/\/www.anovapeneira.gal\/index.php\/2021\/07\/25\/unha-galiza-sen-limites\/#primaryimage"},"thumbnailUrl":"https:\/\/www.anovapeneira.gal\/wp-content\/uploads\/2019\/09\/NESTOR_REGO_A_NOVA_PENEIRA.jpg","keywords":["25 de xullo"],"articleSection":["Artigos de opini\u00f3n"],"inLanguage":"gl-ES","potentialAction":[{"@type":"CommentAction","name":"Comment","target":["https:\/\/www.anovapeneira.gal\/index.php\/2021\/07\/25\/unha-galiza-sen-limites\/#respond"]}]},{"@type":"WebPage","@id":"https:\/\/www.anovapeneira.gal\/index.php\/2021\/07\/25\/unha-galiza-sen-limites\/","url":"https:\/\/www.anovapeneira.gal\/index.php\/2021\/07\/25\/unha-galiza-sen-limites\/","name":"Unha Galiza sen l\u00edmites -","isPartOf":{"@id":"https:\/\/www.anovapeneira.gal\/#website"},"primaryImageOfPage":{"@id":"https:\/\/www.anovapeneira.gal\/index.php\/2021\/07\/25\/unha-galiza-sen-limites\/#primaryimage"},"image":{"@id":"https:\/\/www.anovapeneira.gal\/index.php\/2021\/07\/25\/unha-galiza-sen-limites\/#primaryimage"},"thumbnailUrl":"https:\/\/www.anovapeneira.gal\/wp-content\/uploads\/2019\/09\/NESTOR_REGO_A_NOVA_PENEIRA.jpg","datePublished":"2021-07-24T22:02:40+00:00","description":"Con todas as medidas de seguranza necesarias nunha situaci\u00f3n de pandemia a\u00ednda complexa, volta a mobilizaci\u00f3n nacional a Compostela neste D\u00eda da Patria Galega. D\u00eda de celebraci\u00f3n mais tam\u00e9n de reivindicaci\u00f3n. No 25 de xullo estaremos na r\u00faa para reclamar unha Galiza sen l\u00edmites, quer dicir: un Pa\u00eds novo que non contin\u00fae a ver limitado o seu futuro como consecuencia da subordinaci\u00f3n pol\u00edtica e do espolio econ\u00f3mico a que historicamente est\u00e1 sometido.","breadcrumb":{"@id":"https:\/\/www.anovapeneira.gal\/index.php\/2021\/07\/25\/unha-galiza-sen-limites\/#breadcrumb"},"inLanguage":"gl-ES","potentialAction":[{"@type":"ReadAction","target":["https:\/\/www.anovapeneira.gal\/index.php\/2021\/07\/25\/unha-galiza-sen-limites\/"]}]},{"@type":"ImageObject","inLanguage":"gl-ES","@id":"https:\/\/www.anovapeneira.gal\/index.php\/2021\/07\/25\/unha-galiza-sen-limites\/#primaryimage","url":"https:\/\/www.anovapeneira.gal\/wp-content\/uploads\/2019\/09\/NESTOR_REGO_A_NOVA_PENEIRA.jpg","contentUrl":"https:\/\/www.anovapeneira.gal\/wp-content\/uploads\/2019\/09\/NESTOR_REGO_A_NOVA_PENEIRA.jpg","width":720,"height":473,"caption":"N\u00e9stor Rego BNG A Nova Peneira"},{"@type":"BreadcrumbList","@id":"https:\/\/www.anovapeneira.gal\/index.php\/2021\/07\/25\/unha-galiza-sen-limites\/#breadcrumb","itemListElement":[{"@type":"ListItem","position":1,"name":"Portada","item":"https:\/\/www.anovapeneira.gal\/"},{"@type":"ListItem","position":2,"name":"Unha Galiza sen l\u00edmites"}]},{"@type":"WebSite","@id":"https:\/\/www.anovapeneira.gal\/#website","url":"https:\/\/www.anovapeneira.gal\/","name":"","description":"Xornal galego de informaci\u00f3n xeral Publicaci\u00f3n mensual de novas de Galicia e en especial dos Concellos da sur da provincia de Pontevedra.","publisher":{"@id":"https:\/\/www.anovapeneira.gal\/#organization"},"potentialAction":[{"@type":"SearchAction","target":{"@type":"EntryPoint","urlTemplate":"https:\/\/www.anovapeneira.gal\/?s={search_term_string}"},"query-input":{"@type":"PropertyValueSpecification","valueRequired":true,"valueName":"search_term_string"}}],"inLanguage":"gl-ES"},{"@type":"Organization","@id":"https:\/\/www.anovapeneira.gal\/#organization","name":"A Nova Peneira","url":"https:\/\/www.anovapeneira.gal\/","logo":{"@type":"ImageObject","inLanguage":"gl-ES","@id":"https:\/\/www.anovapeneira.gal\/#\/schema\/logo\/image\/","url":"http:\/\/www.anovapeneira.gal\/wp-content\/uploads\/2019\/06\/logo_a_nova_peneira_portal_web.png","contentUrl":"http:\/\/www.anovapeneira.gal\/wp-content\/uploads\/2019\/06\/logo_a_nova_peneira_portal_web.png","width":300,"height":100,"caption":"A Nova Peneira"},"image":{"@id":"https:\/\/www.anovapeneira.gal\/#\/schema\/logo\/image\/"},"sameAs":["https:\/\/www.facebook.com\/anovapeneira","https:\/\/x.com\/APeneira"]},{"@type":"Person","@id":"https:\/\/www.anovapeneira.gal\/#\/schema\/person\/398f81b3541ce70bcc2c0633d10abf2b","name":"N\u00e9stor Rego","image":{"@type":"ImageObject","inLanguage":"gl-ES","@id":"https:\/\/secure.gravatar.com\/avatar\/582ac268e259e01434297c480ba20c3651e6dab442778296909153e75ae25c18?s=96&d=mm&r=g","url":"https:\/\/secure.gravatar.com\/avatar\/582ac268e259e01434297c480ba20c3651e6dab442778296909153e75ae25c18?s=96&d=mm&r=g","contentUrl":"https:\/\/secure.gravatar.com\/avatar\/582ac268e259e01434297c480ba20c3651e6dab442778296909153e75ae25c18?s=96&d=mm&r=g","caption":"N\u00e9stor Rego"},"sameAs":["http:\/\/www.anovapeneira.gal\/"],"url":"https:\/\/www.anovapeneira.gal\/index.php\/author\/opinionnestorrego\/"}]}},"jetpack_featured_media_url":"https:\/\/www.anovapeneira.gal\/wp-content\/uploads\/2019\/09\/NESTOR_REGO_A_NOVA_PENEIRA.jpg","_links":{"self":[{"href":"https:\/\/www.anovapeneira.gal\/index.php\/wp-json\/wp\/v2\/posts\/5828","targetHints":{"allow":["GET"]}}],"collection":[{"href":"https:\/\/www.anovapeneira.gal\/index.php\/wp-json\/wp\/v2\/posts"}],"about":[{"href":"https:\/\/www.anovapeneira.gal\/index.php\/wp-json\/wp\/v2\/types\/post"}],"author":[{"embeddable":true,"href":"https:\/\/www.anovapeneira.gal\/index.php\/wp-json\/wp\/v2\/users\/9"}],"replies":[{"embeddable":true,"href":"https:\/\/www.anovapeneira.gal\/index.php\/wp-json\/wp\/v2\/comments?post=5828"}],"version-history":[{"count":1,"href":"https:\/\/www.anovapeneira.gal\/index.php\/wp-json\/wp\/v2\/posts\/5828\/revisions"}],"predecessor-version":[{"id":5829,"href":"https:\/\/www.anovapeneira.gal\/index.php\/wp-json\/wp\/v2\/posts\/5828\/revisions\/5829"}],"wp:featuredmedia":[{"embeddable":true,"href":"https:\/\/www.anovapeneira.gal\/index.php\/wp-json\/wp\/v2\/media\/1401"}],"wp:attachment":[{"href":"https:\/\/www.anovapeneira.gal\/index.php\/wp-json\/wp\/v2\/media?parent=5828"}],"wp:term":[{"taxonomy":"category","embeddable":true,"href":"https:\/\/www.anovapeneira.gal\/index.php\/wp-json\/wp\/v2\/categories?post=5828"},{"taxonomy":"post_tag","embeddable":true,"href":"https:\/\/www.anovapeneira.gal\/index.php\/wp-json\/wp\/v2\/tags?post=5828"}],"curies":[{"name":"wp","href":"https:\/\/api.w.org\/{rel}","templated":true}]}}