{"id":5832,"date":"2021-07-30T10:00:06","date_gmt":"2021-07-30T08:00:06","guid":{"rendered":"https:\/\/www.anovapeneira.gal\/?p=5832"},"modified":"2021-07-19T20:45:14","modified_gmt":"2021-07-19T18:45:14","slug":"a-pianista-ana-belen-rodriguez-alumea-a-catedral-de-tui","status":"publish","type":"post","link":"https:\/\/www.anovapeneira.gal\/index.php\/2021\/07\/30\/a-pianista-ana-belen-rodriguez-alumea-a-catedral-de-tui\/","title":{"rendered":"A pianista Ana Bel\u00e9n Rodr\u00edguez alumea a catedral de Tui"},"content":{"rendered":"\n<p>O concerto de Ana Bel\u00e9n Rodr\u00edguez tr\u00edo, tivo lugar a noite do 16 de xullo na praza da Catedral de Tui. Foi o segundo concerto do ciclo M\u00fasica no Ar da Deputaci\u00f3n de Pontevedra, co que se pretende usar espazos emblem\u00e1ticos da provincia como escenarios para diversos espect\u00e1culos.<\/p>\n\n\n\n<p>Acompa\u00f1ada no escenario pola cantante Noelia \u00c1lvarez Rodr\u00edguez e na bater\u00eda por Fran Leboso, fixeron un percorrido por un repertorio moi variado formado por temas como L\u00e1grimas negras, With or without you, This is me ou Total eclipse of the heart.<\/p>\n\n\n\n<p>A m\u00fasica foi a protagonista pero o escenario, situado no P\u00f3rtico da Catedral encheuse de luces e efectos para que todo o p\u00fablico se deixase levar pola orixinalidade do espect\u00e1culo.<\/p>\n\n\n\n<p>Este concerto foi posible grazas \u00e1 iniciativa da Deputaci\u00f3n para promover a cultura, \u00e1 s\u00faa Presidenta Carmela Silva, \u00e1 Directora de Cultura Paula Cabaleiro e a Deputada provincial Victoria Alonso; ao concello de Tui por prestar a s\u00faa cidade e acoller o espect\u00e1culo, en concreto a seu Alcalde Kike Cabaleiro, \u00e1 s\u00faa concelleira de Cultura Sonsoles Vicente e a de Facenda Yolanda Rodr\u00edguez; e ao De\u00e1n da Catedral, Jos\u00e9 Di\u00e9guez por ceder un p\u00f3rtico emblem\u00e1tico e as\u00ed poder convertilo nun escenario \u00fanico.<\/p>\n\n\n\n<p>De esquerda a dereita :<\/p>\n\n\n\n<p>Paula Cabaleiro Directora de Cultura da Deputaci\u00f3n de Pontevedra.<\/p>\n\n\n\n<p>Yolanda Rodr\u00edguez concelleira de Facenda de Tui.<\/p>\n\n\n\n<p>Sonsoles Vicente concelleira de Cultura de Tui.<\/p>\n\n\n\n<p>Kike Cabaleiro Alcalde de Tui.<\/p>\n\n\n\n<p>Noelia \u00c1lvarez, cantante do concerto.<\/p>\n\n\n\n<p>Ana Bel\u00e9n Rodr\u00edguez Garc\u00eda, pianista do concerto.<\/p>\n\n\n\n<p>Victoria Alonso, Deputada provincial e voceira do PSOE de Mos.<\/p>\n\n\n\n<p>Ana Bel\u00e9n Rodr\u00edguez Garc\u00eda estudou piano cl\u00e1sico no Conservatorio Superior de M\u00fasica de Vigo e recibiu clases de pianistas da talla de Peter Efler, Eulalia Sole\u00b4, Olga Semouchina ou Luiz de Moura Castro entre outros. Obtivo o diploma en M\u00fasica Moderna e Jazz pola escola Estudio de Santiago de Compostela. Actualmente dirixe a s\u00faa propia aula de m\u00fasica, Pianagrama, e \u00e9 acompa\u00f1ante da Royal Academy of Dance, escola inglesa de danza onde interpreta as obras para as bailarinas e bailar\u00edns nos exames oficiais desta instituci\u00f3n. Actualmente tam\u00e9n forma parte do grupo de rock-pop KAF! no que toca diversos instrumentos e canta.<\/p>\n\n\n\n<p>Noelia \u00c1lvarez \u00e9 vocalista desde os 15 anos e profesora en diversas escolas da zona. Forma parte de diversos proxectos musicais coma Two in the Mirror ou Aretha Franklin Tribute Band.<\/p>\n\n\n\n<p>Fran Leboso \u00e9 m\u00fasico multiinstrumentista e nesta ocasi\u00f3n acompa\u00f1ou a Ana Bel\u00e9n na bater\u00eda; compositor, vocalista e guitarrista do grupo Kaf! Compaxina a s\u00faa faceta musical coa docencia na academia Traktys e Pianagrama.<\/p>\n","protected":false},"excerpt":{"rendered":"<div class=\"mh-excerpt\"><p>O concerto de Ana Bel\u00e9n Rodr\u00edguez tr\u00edo, tivo lugar a noite do 16 de xullo na praza da Catedral de Tui. Foi o segundo concerto do ciclo M\u00fasica no Ar da Deputaci\u00f3n de Pontevedra, co que se pretende usar espazos emblem\u00e1ticos da provincia como escenarios para diversos espect\u00e1culos. <a class=\"mh-excerpt-more\" href=\"https:\/\/www.anovapeneira.gal\/index.php\/2021\/07\/30\/a-pianista-ana-belen-rodriguez-alumea-a-catedral-de-tui\/\" title=\"A pianista Ana Bel\u00e9n Rodr\u00edguez alumea a catedral de Tui\">[&#8230;]<\/a><\/p>\n<\/div>","protected":false},"author":3,"featured_media":5833,"comment_status":"open","ping_status":"open","sticky":false,"template":"","format":"standard","meta":{"_exactmetrics_skip_tracking":false,"_exactmetrics_sitenote_active":false,"_exactmetrics_sitenote_note":"","_exactmetrics_sitenote_category":0,"footnotes":""},"categories":[21,1],"tags":[426],"class_list":{"0":"post-5832","1":"post","2":"type-post","3":"status-publish","4":"format-standard","5":"has-post-thumbnail","7":"category-baixo-mino","8":"category-sin-categoria","9":"tag-concello-de-tui"},"yoast_head":"<!-- This site is optimized with the Yoast SEO plugin v27.4 - https:\/\/yoast.com\/product\/yoast-seo-wordpress\/ -->\n<title>A pianista Ana Bel\u00e9n Rodr\u00edguez alumea a catedral de Tui -<\/title>\n<meta name=\"description\" content=\"O concerto de Ana Bel\u00e9n Rodr\u00edguez tr\u00edo, tivo lugar a noite do 16 de xullo na praza da Catedral de Tui. Foi o segundo concerto do ciclo M\u00fasica no Ar da Deputaci\u00f3n de Pontevedra, co que se pretende usar espazos emblem\u00e1ticos da provincia como escenarios para diversos espect\u00e1culos.\" \/>\n<meta name=\"robots\" content=\"index, follow, max-snippet:-1, max-image-preview:large, max-video-preview:-1\" \/>\n<link rel=\"canonical\" href=\"https:\/\/www.anovapeneira.gal\/index.php\/2021\/07\/30\/a-pianista-ana-belen-rodriguez-alumea-a-catedral-de-tui\/\" \/>\n<meta property=\"og:locale\" content=\"gl_ES\" \/>\n<meta property=\"og:type\" content=\"article\" \/>\n<meta property=\"og:title\" content=\"A pianista Ana Bel\u00e9n Rodr\u00edguez alumea a catedral de Tui -\" \/>\n<meta property=\"og:description\" content=\"O concerto de Ana Bel\u00e9n Rodr\u00edguez tr\u00edo, tivo lugar a noite do 16 de xullo na praza da Catedral de Tui. Foi o segundo concerto do ciclo M\u00fasica no Ar da Deputaci\u00f3n de Pontevedra, co que se pretende usar espazos emblem\u00e1ticos da provincia como escenarios para diversos espect\u00e1culos.\" \/>\n<meta property=\"og:url\" content=\"https:\/\/www.anovapeneira.gal\/index.php\/2021\/07\/30\/a-pianista-ana-belen-rodriguez-alumea-a-catedral-de-tui\/\" \/>\n<meta property=\"article:publisher\" content=\"https:\/\/www.facebook.com\/anovapeneira\" \/>\n<meta property=\"article:published_time\" content=\"2021-07-30T08:00:06+00:00\" \/>\n<meta property=\"og:image\" content=\"https:\/\/www.anovapeneira.gal\/wp-content\/uploads\/2021\/07\/concerto_ana_belen.jpg\" \/>\n\t<meta property=\"og:image:width\" content=\"720\" \/>\n\t<meta property=\"og:image:height\" content=\"432\" \/>\n\t<meta property=\"og:image:type\" content=\"image\/jpeg\" \/>\n<meta name=\"author\" content=\"Redacci\u00f3n A Nova Peneira\" \/>\n<meta name=\"twitter:card\" content=\"summary_large_image\" \/>\n<meta name=\"twitter:creator\" content=\"@APeneira\" \/>\n<meta name=\"twitter:site\" content=\"@APeneira\" \/>\n<meta name=\"twitter:label1\" content=\"Escrito por\" \/>\n\t<meta name=\"twitter:data1\" content=\"Redacci\u00f3n A Nova Peneira\" \/>\n\t<meta name=\"twitter:label2\" content=\"Tempo de lectura\" \/>\n\t<meta name=\"twitter:data2\" content=\"2 minutos\" \/>\n<script type=\"application\/ld+json\" class=\"yoast-schema-graph\">{\"@context\":\"https:\\\/\\\/schema.org\",\"@graph\":[{\"@type\":\"Article\",\"@id\":\"https:\\\/\\\/www.anovapeneira.gal\\\/index.php\\\/2021\\\/07\\\/30\\\/a-pianista-ana-belen-rodriguez-alumea-a-catedral-de-tui\\\/#article\",\"isPartOf\":{\"@id\":\"https:\\\/\\\/www.anovapeneira.gal\\\/index.php\\\/2021\\\/07\\\/30\\\/a-pianista-ana-belen-rodriguez-alumea-a-catedral-de-tui\\\/\"},\"author\":{\"name\":\"Redacci\u00f3n A Nova Peneira\",\"@id\":\"https:\\\/\\\/www.anovapeneira.gal\\\/#\\\/schema\\\/person\\\/b93e3f8932e3f8da96334607eb6ac6aa\"},\"headline\":\"A pianista Ana Bel\u00e9n Rodr\u00edguez alumea a catedral de Tui\",\"datePublished\":\"2021-07-30T08:00:06+00:00\",\"mainEntityOfPage\":{\"@id\":\"https:\\\/\\\/www.anovapeneira.gal\\\/index.php\\\/2021\\\/07\\\/30\\\/a-pianista-ana-belen-rodriguez-alumea-a-catedral-de-tui\\\/\"},\"wordCount\":471,\"commentCount\":0,\"publisher\":{\"@id\":\"https:\\\/\\\/www.anovapeneira.gal\\\/#organization\"},\"image\":{\"@id\":\"https:\\\/\\\/www.anovapeneira.gal\\\/index.php\\\/2021\\\/07\\\/30\\\/a-pianista-ana-belen-rodriguez-alumea-a-catedral-de-tui\\\/#primaryimage\"},\"thumbnailUrl\":\"https:\\\/\\\/www.anovapeneira.gal\\\/wp-content\\\/uploads\\\/2021\\\/07\\\/concerto_ana_belen.jpg\",\"keywords\":[\"Concello de Tui\"],\"articleSection\":[\"Baixo Mi\u00f1o\",\"Sin categor\u00eda\"],\"inLanguage\":\"gl-ES\",\"potentialAction\":[{\"@type\":\"CommentAction\",\"name\":\"Comment\",\"target\":[\"https:\\\/\\\/www.anovapeneira.gal\\\/index.php\\\/2021\\\/07\\\/30\\\/a-pianista-ana-belen-rodriguez-alumea-a-catedral-de-tui\\\/#respond\"]}]},{\"@type\":\"WebPage\",\"@id\":\"https:\\\/\\\/www.anovapeneira.gal\\\/index.php\\\/2021\\\/07\\\/30\\\/a-pianista-ana-belen-rodriguez-alumea-a-catedral-de-tui\\\/\",\"url\":\"https:\\\/\\\/www.anovapeneira.gal\\\/index.php\\\/2021\\\/07\\\/30\\\/a-pianista-ana-belen-rodriguez-alumea-a-catedral-de-tui\\\/\",\"name\":\"A pianista Ana Bel\u00e9n Rodr\u00edguez alumea a catedral de Tui -\",\"isPartOf\":{\"@id\":\"https:\\\/\\\/www.anovapeneira.gal\\\/#website\"},\"primaryImageOfPage\":{\"@id\":\"https:\\\/\\\/www.anovapeneira.gal\\\/index.php\\\/2021\\\/07\\\/30\\\/a-pianista-ana-belen-rodriguez-alumea-a-catedral-de-tui\\\/#primaryimage\"},\"image\":{\"@id\":\"https:\\\/\\\/www.anovapeneira.gal\\\/index.php\\\/2021\\\/07\\\/30\\\/a-pianista-ana-belen-rodriguez-alumea-a-catedral-de-tui\\\/#primaryimage\"},\"thumbnailUrl\":\"https:\\\/\\\/www.anovapeneira.gal\\\/wp-content\\\/uploads\\\/2021\\\/07\\\/concerto_ana_belen.jpg\",\"datePublished\":\"2021-07-30T08:00:06+00:00\",\"description\":\"O concerto de Ana Bel\u00e9n Rodr\u00edguez tr\u00edo, tivo lugar a noite do 16 de xullo na praza da Catedral de Tui. Foi o segundo concerto do ciclo M\u00fasica no Ar da Deputaci\u00f3n de Pontevedra, co que se pretende usar espazos emblem\u00e1ticos da provincia como escenarios para diversos espect\u00e1culos.\",\"breadcrumb\":{\"@id\":\"https:\\\/\\\/www.anovapeneira.gal\\\/index.php\\\/2021\\\/07\\\/30\\\/a-pianista-ana-belen-rodriguez-alumea-a-catedral-de-tui\\\/#breadcrumb\"},\"inLanguage\":\"gl-ES\",\"potentialAction\":[{\"@type\":\"ReadAction\",\"target\":[\"https:\\\/\\\/www.anovapeneira.gal\\\/index.php\\\/2021\\\/07\\\/30\\\/a-pianista-ana-belen-rodriguez-alumea-a-catedral-de-tui\\\/\"]}]},{\"@type\":\"ImageObject\",\"inLanguage\":\"gl-ES\",\"@id\":\"https:\\\/\\\/www.anovapeneira.gal\\\/index.php\\\/2021\\\/07\\\/30\\\/a-pianista-ana-belen-rodriguez-alumea-a-catedral-de-tui\\\/#primaryimage\",\"url\":\"https:\\\/\\\/www.anovapeneira.gal\\\/wp-content\\\/uploads\\\/2021\\\/07\\\/concerto_ana_belen.jpg\",\"contentUrl\":\"https:\\\/\\\/www.anovapeneira.gal\\\/wp-content\\\/uploads\\\/2021\\\/07\\\/concerto_ana_belen.jpg\",\"width\":720,\"height\":432,\"caption\":\"Concerto Ana Bel\u00e9n Catedral de Tui\"},{\"@type\":\"BreadcrumbList\",\"@id\":\"https:\\\/\\\/www.anovapeneira.gal\\\/index.php\\\/2021\\\/07\\\/30\\\/a-pianista-ana-belen-rodriguez-alumea-a-catedral-de-tui\\\/#breadcrumb\",\"itemListElement\":[{\"@type\":\"ListItem\",\"position\":1,\"name\":\"Portada\",\"item\":\"https:\\\/\\\/www.anovapeneira.gal\\\/\"},{\"@type\":\"ListItem\",\"position\":2,\"name\":\"A pianista Ana Bel\u00e9n Rodr\u00edguez alumea a catedral de Tui\"}]},{\"@type\":\"WebSite\",\"@id\":\"https:\\\/\\\/www.anovapeneira.gal\\\/#website\",\"url\":\"https:\\\/\\\/www.anovapeneira.gal\\\/\",\"name\":\"\",\"description\":\"Xornal galego de informaci\u00f3n xeral Publicaci\u00f3n mensual de novas de Galicia e en especial dos Concellos da sur da provincia de Pontevedra.\",\"publisher\":{\"@id\":\"https:\\\/\\\/www.anovapeneira.gal\\\/#organization\"},\"potentialAction\":[{\"@type\":\"SearchAction\",\"target\":{\"@type\":\"EntryPoint\",\"urlTemplate\":\"https:\\\/\\\/www.anovapeneira.gal\\\/?s={search_term_string}\"},\"query-input\":{\"@type\":\"PropertyValueSpecification\",\"valueRequired\":true,\"valueName\":\"search_term_string\"}}],\"inLanguage\":\"gl-ES\"},{\"@type\":\"Organization\",\"@id\":\"https:\\\/\\\/www.anovapeneira.gal\\\/#organization\",\"name\":\"A Nova Peneira\",\"url\":\"https:\\\/\\\/www.anovapeneira.gal\\\/\",\"logo\":{\"@type\":\"ImageObject\",\"inLanguage\":\"gl-ES\",\"@id\":\"https:\\\/\\\/www.anovapeneira.gal\\\/#\\\/schema\\\/logo\\\/image\\\/\",\"url\":\"http:\\\/\\\/www.anovapeneira.gal\\\/wp-content\\\/uploads\\\/2019\\\/06\\\/logo_a_nova_peneira_portal_web.png\",\"contentUrl\":\"http:\\\/\\\/www.anovapeneira.gal\\\/wp-content\\\/uploads\\\/2019\\\/06\\\/logo_a_nova_peneira_portal_web.png\",\"width\":300,\"height\":100,\"caption\":\"A Nova Peneira\"},\"image\":{\"@id\":\"https:\\\/\\\/www.anovapeneira.gal\\\/#\\\/schema\\\/logo\\\/image\\\/\"},\"sameAs\":[\"https:\\\/\\\/www.facebook.com\\\/anovapeneira\",\"https:\\\/\\\/x.com\\\/APeneira\"]},{\"@type\":\"Person\",\"@id\":\"https:\\\/\\\/www.anovapeneira.gal\\\/#\\\/schema\\\/person\\\/b93e3f8932e3f8da96334607eb6ac6aa\",\"name\":\"Redacci\u00f3n A Nova Peneira\",\"image\":{\"@type\":\"ImageObject\",\"inLanguage\":\"gl-ES\",\"@id\":\"https:\\\/\\\/secure.gravatar.com\\\/avatar\\\/c052a2551a06e23fac63626232eaa90abd78dbcf1700fc46a2b2c89fd27b735f?s=96&d=mm&r=g\",\"url\":\"https:\\\/\\\/secure.gravatar.com\\\/avatar\\\/c052a2551a06e23fac63626232eaa90abd78dbcf1700fc46a2b2c89fd27b735f?s=96&d=mm&r=g\",\"contentUrl\":\"https:\\\/\\\/secure.gravatar.com\\\/avatar\\\/c052a2551a06e23fac63626232eaa90abd78dbcf1700fc46a2b2c89fd27b735f?s=96&d=mm&r=g\",\"caption\":\"Redacci\u00f3n A Nova Peneira\"},\"sameAs\":[\"http:\\\/\\\/www.anovapeneira.gal\\\/\"],\"url\":\"https:\\\/\\\/www.anovapeneira.gal\\\/index.php\\\/author\\\/redactor\\\/\"}]}<\/script>\n<!-- \/ Yoast SEO plugin. -->","yoast_head_json":{"title":"A pianista Ana Bel\u00e9n Rodr\u00edguez alumea a catedral de Tui -","description":"O concerto de Ana Bel\u00e9n Rodr\u00edguez tr\u00edo, tivo lugar a noite do 16 de xullo na praza da Catedral de Tui. Foi o segundo concerto do ciclo M\u00fasica no Ar da Deputaci\u00f3n de Pontevedra, co que se pretende usar espazos emblem\u00e1ticos da provincia como escenarios para diversos espect\u00e1culos.","robots":{"index":"index","follow":"follow","max-snippet":"max-snippet:-1","max-image-preview":"max-image-preview:large","max-video-preview":"max-video-preview:-1"},"canonical":"https:\/\/www.anovapeneira.gal\/index.php\/2021\/07\/30\/a-pianista-ana-belen-rodriguez-alumea-a-catedral-de-tui\/","og_locale":"gl_ES","og_type":"article","og_title":"A pianista Ana Bel\u00e9n Rodr\u00edguez alumea a catedral de Tui -","og_description":"O concerto de Ana Bel\u00e9n Rodr\u00edguez tr\u00edo, tivo lugar a noite do 16 de xullo na praza da Catedral de Tui. Foi o segundo concerto do ciclo M\u00fasica no Ar da Deputaci\u00f3n de Pontevedra, co que se pretende usar espazos emblem\u00e1ticos da provincia como escenarios para diversos espect\u00e1culos.","og_url":"https:\/\/www.anovapeneira.gal\/index.php\/2021\/07\/30\/a-pianista-ana-belen-rodriguez-alumea-a-catedral-de-tui\/","article_publisher":"https:\/\/www.facebook.com\/anovapeneira","article_published_time":"2021-07-30T08:00:06+00:00","og_image":[{"width":720,"height":432,"url":"https:\/\/www.anovapeneira.gal\/wp-content\/uploads\/2021\/07\/concerto_ana_belen.jpg","type":"image\/jpeg"}],"author":"Redacci\u00f3n A Nova Peneira","twitter_card":"summary_large_image","twitter_creator":"@APeneira","twitter_site":"@APeneira","twitter_misc":{"Escrito por":"Redacci\u00f3n A Nova Peneira","Tempo de lectura":"2 minutos"},"schema":{"@context":"https:\/\/schema.org","@graph":[{"@type":"Article","@id":"https:\/\/www.anovapeneira.gal\/index.php\/2021\/07\/30\/a-pianista-ana-belen-rodriguez-alumea-a-catedral-de-tui\/#article","isPartOf":{"@id":"https:\/\/www.anovapeneira.gal\/index.php\/2021\/07\/30\/a-pianista-ana-belen-rodriguez-alumea-a-catedral-de-tui\/"},"author":{"name":"Redacci\u00f3n A Nova Peneira","@id":"https:\/\/www.anovapeneira.gal\/#\/schema\/person\/b93e3f8932e3f8da96334607eb6ac6aa"},"headline":"A pianista Ana Bel\u00e9n Rodr\u00edguez alumea a catedral de Tui","datePublished":"2021-07-30T08:00:06+00:00","mainEntityOfPage":{"@id":"https:\/\/www.anovapeneira.gal\/index.php\/2021\/07\/30\/a-pianista-ana-belen-rodriguez-alumea-a-catedral-de-tui\/"},"wordCount":471,"commentCount":0,"publisher":{"@id":"https:\/\/www.anovapeneira.gal\/#organization"},"image":{"@id":"https:\/\/www.anovapeneira.gal\/index.php\/2021\/07\/30\/a-pianista-ana-belen-rodriguez-alumea-a-catedral-de-tui\/#primaryimage"},"thumbnailUrl":"https:\/\/www.anovapeneira.gal\/wp-content\/uploads\/2021\/07\/concerto_ana_belen.jpg","keywords":["Concello de Tui"],"articleSection":["Baixo Mi\u00f1o","Sin categor\u00eda"],"inLanguage":"gl-ES","potentialAction":[{"@type":"CommentAction","name":"Comment","target":["https:\/\/www.anovapeneira.gal\/index.php\/2021\/07\/30\/a-pianista-ana-belen-rodriguez-alumea-a-catedral-de-tui\/#respond"]}]},{"@type":"WebPage","@id":"https:\/\/www.anovapeneira.gal\/index.php\/2021\/07\/30\/a-pianista-ana-belen-rodriguez-alumea-a-catedral-de-tui\/","url":"https:\/\/www.anovapeneira.gal\/index.php\/2021\/07\/30\/a-pianista-ana-belen-rodriguez-alumea-a-catedral-de-tui\/","name":"A pianista Ana Bel\u00e9n Rodr\u00edguez alumea a catedral de Tui -","isPartOf":{"@id":"https:\/\/www.anovapeneira.gal\/#website"},"primaryImageOfPage":{"@id":"https:\/\/www.anovapeneira.gal\/index.php\/2021\/07\/30\/a-pianista-ana-belen-rodriguez-alumea-a-catedral-de-tui\/#primaryimage"},"image":{"@id":"https:\/\/www.anovapeneira.gal\/index.php\/2021\/07\/30\/a-pianista-ana-belen-rodriguez-alumea-a-catedral-de-tui\/#primaryimage"},"thumbnailUrl":"https:\/\/www.anovapeneira.gal\/wp-content\/uploads\/2021\/07\/concerto_ana_belen.jpg","datePublished":"2021-07-30T08:00:06+00:00","description":"O concerto de Ana Bel\u00e9n Rodr\u00edguez tr\u00edo, tivo lugar a noite do 16 de xullo na praza da Catedral de Tui. Foi o segundo concerto do ciclo M\u00fasica no Ar da Deputaci\u00f3n de Pontevedra, co que se pretende usar espazos emblem\u00e1ticos da provincia como escenarios para diversos espect\u00e1culos.","breadcrumb":{"@id":"https:\/\/www.anovapeneira.gal\/index.php\/2021\/07\/30\/a-pianista-ana-belen-rodriguez-alumea-a-catedral-de-tui\/#breadcrumb"},"inLanguage":"gl-ES","potentialAction":[{"@type":"ReadAction","target":["https:\/\/www.anovapeneira.gal\/index.php\/2021\/07\/30\/a-pianista-ana-belen-rodriguez-alumea-a-catedral-de-tui\/"]}]},{"@type":"ImageObject","inLanguage":"gl-ES","@id":"https:\/\/www.anovapeneira.gal\/index.php\/2021\/07\/30\/a-pianista-ana-belen-rodriguez-alumea-a-catedral-de-tui\/#primaryimage","url":"https:\/\/www.anovapeneira.gal\/wp-content\/uploads\/2021\/07\/concerto_ana_belen.jpg","contentUrl":"https:\/\/www.anovapeneira.gal\/wp-content\/uploads\/2021\/07\/concerto_ana_belen.jpg","width":720,"height":432,"caption":"Concerto Ana Bel\u00e9n Catedral de Tui"},{"@type":"BreadcrumbList","@id":"https:\/\/www.anovapeneira.gal\/index.php\/2021\/07\/30\/a-pianista-ana-belen-rodriguez-alumea-a-catedral-de-tui\/#breadcrumb","itemListElement":[{"@type":"ListItem","position":1,"name":"Portada","item":"https:\/\/www.anovapeneira.gal\/"},{"@type":"ListItem","position":2,"name":"A pianista Ana Bel\u00e9n Rodr\u00edguez alumea a catedral de Tui"}]},{"@type":"WebSite","@id":"https:\/\/www.anovapeneira.gal\/#website","url":"https:\/\/www.anovapeneira.gal\/","name":"","description":"Xornal galego de informaci\u00f3n xeral Publicaci\u00f3n mensual de novas de Galicia e en especial dos Concellos da sur da provincia de Pontevedra.","publisher":{"@id":"https:\/\/www.anovapeneira.gal\/#organization"},"potentialAction":[{"@type":"SearchAction","target":{"@type":"EntryPoint","urlTemplate":"https:\/\/www.anovapeneira.gal\/?s={search_term_string}"},"query-input":{"@type":"PropertyValueSpecification","valueRequired":true,"valueName":"search_term_string"}}],"inLanguage":"gl-ES"},{"@type":"Organization","@id":"https:\/\/www.anovapeneira.gal\/#organization","name":"A Nova Peneira","url":"https:\/\/www.anovapeneira.gal\/","logo":{"@type":"ImageObject","inLanguage":"gl-ES","@id":"https:\/\/www.anovapeneira.gal\/#\/schema\/logo\/image\/","url":"http:\/\/www.anovapeneira.gal\/wp-content\/uploads\/2019\/06\/logo_a_nova_peneira_portal_web.png","contentUrl":"http:\/\/www.anovapeneira.gal\/wp-content\/uploads\/2019\/06\/logo_a_nova_peneira_portal_web.png","width":300,"height":100,"caption":"A Nova Peneira"},"image":{"@id":"https:\/\/www.anovapeneira.gal\/#\/schema\/logo\/image\/"},"sameAs":["https:\/\/www.facebook.com\/anovapeneira","https:\/\/x.com\/APeneira"]},{"@type":"Person","@id":"https:\/\/www.anovapeneira.gal\/#\/schema\/person\/b93e3f8932e3f8da96334607eb6ac6aa","name":"Redacci\u00f3n A Nova Peneira","image":{"@type":"ImageObject","inLanguage":"gl-ES","@id":"https:\/\/secure.gravatar.com\/avatar\/c052a2551a06e23fac63626232eaa90abd78dbcf1700fc46a2b2c89fd27b735f?s=96&d=mm&r=g","url":"https:\/\/secure.gravatar.com\/avatar\/c052a2551a06e23fac63626232eaa90abd78dbcf1700fc46a2b2c89fd27b735f?s=96&d=mm&r=g","contentUrl":"https:\/\/secure.gravatar.com\/avatar\/c052a2551a06e23fac63626232eaa90abd78dbcf1700fc46a2b2c89fd27b735f?s=96&d=mm&r=g","caption":"Redacci\u00f3n A Nova Peneira"},"sameAs":["http:\/\/www.anovapeneira.gal\/"],"url":"https:\/\/www.anovapeneira.gal\/index.php\/author\/redactor\/"}]}},"jetpack_featured_media_url":"https:\/\/www.anovapeneira.gal\/wp-content\/uploads\/2021\/07\/concerto_ana_belen.jpg","_links":{"self":[{"href":"https:\/\/www.anovapeneira.gal\/index.php\/wp-json\/wp\/v2\/posts\/5832","targetHints":{"allow":["GET"]}}],"collection":[{"href":"https:\/\/www.anovapeneira.gal\/index.php\/wp-json\/wp\/v2\/posts"}],"about":[{"href":"https:\/\/www.anovapeneira.gal\/index.php\/wp-json\/wp\/v2\/types\/post"}],"author":[{"embeddable":true,"href":"https:\/\/www.anovapeneira.gal\/index.php\/wp-json\/wp\/v2\/users\/3"}],"replies":[{"embeddable":true,"href":"https:\/\/www.anovapeneira.gal\/index.php\/wp-json\/wp\/v2\/comments?post=5832"}],"version-history":[{"count":1,"href":"https:\/\/www.anovapeneira.gal\/index.php\/wp-json\/wp\/v2\/posts\/5832\/revisions"}],"predecessor-version":[{"id":5834,"href":"https:\/\/www.anovapeneira.gal\/index.php\/wp-json\/wp\/v2\/posts\/5832\/revisions\/5834"}],"wp:featuredmedia":[{"embeddable":true,"href":"https:\/\/www.anovapeneira.gal\/index.php\/wp-json\/wp\/v2\/media\/5833"}],"wp:attachment":[{"href":"https:\/\/www.anovapeneira.gal\/index.php\/wp-json\/wp\/v2\/media?parent=5832"}],"wp:term":[{"taxonomy":"category","embeddable":true,"href":"https:\/\/www.anovapeneira.gal\/index.php\/wp-json\/wp\/v2\/categories?post=5832"},{"taxonomy":"post_tag","embeddable":true,"href":"https:\/\/www.anovapeneira.gal\/index.php\/wp-json\/wp\/v2\/tags?post=5832"}],"curies":[{"name":"wp","href":"https:\/\/api.w.org\/{rel}","templated":true}]}}