{"id":5841,"date":"2021-07-26T10:00:36","date_gmt":"2021-07-26T08:00:36","guid":{"rendered":"https:\/\/www.anovapeneira.gal\/?p=5841"},"modified":"2021-07-21T17:04:38","modified_gmt":"2021-07-21T15:04:38","slug":"un-brinde-por-galicia","status":"publish","type":"post","link":"https:\/\/www.anovapeneira.gal\/index.php\/2021\/07\/26\/un-brinde-por-galicia\/","title":{"rendered":"Un brinde por Galicia"},"content":{"rendered":"\n<pre class=\"wp-block-verse\">Alberto Pazos<\/pre>\n\n\n\n<p>Se calquera 25 de xullo resulta aca\u00eddo reflexionar sobre a Galicia na que vivimos, este ano 2021 br\u00edndanos a escusa perfecta para botar unha ollada ao noso pasado mais recente. Cumprimos 40 anos da aprobaci\u00f3n do Estatuto de Autonom\u00eda de Galicia. 40 anos de autogoberno que se corresponden co maior per\u00edodo de prosperidade da historia deste pais.<\/p>\n\n\n\n<p>Deixou escrito Chesterton que non se pode facer unha revoluci\u00f3n para acadar a democracia, e que compre ter unha democracia para facer unha revoluci\u00f3n. O galegos sabemos ben o acertado deste pensamento.<\/p>\n\n\n\n<p>A Transici\u00f3n espa\u00f1ola, reiteradamente desprezada tanto por nost\u00e1lxicos do r\u00e9xime franquista como polo neocomunismo m\u00e1is recalcitrante (os extremos sempre acaban por tocarse), achegou un r\u00e9xime de liberdades, articulado territorialmente a trav\u00e9s da Espa\u00f1a auton\u00f3mica, que permitiu alcanzar a Galicia, e \u00e1s demais Comunidades Aut\u00f3nomas, cotas da autogoberno nunca imaxinadas.<\/p>\n\n\n\n<p>E o certo \u00e9 que con estes vimbios, a sociedade galega foi quen de acadar unha aut\u00e9ntica revoluci\u00f3n social, cultural e econ\u00f3mica ao longo destas catro d\u00e9cadas fascinantes. A Galicia da Constituci\u00f3n e do Estatuto \u00e9, sen asomo de d\u00fabida, a mellor Galicia da historia.<\/p>\n\n\n\n<p>Non pretendo obviar as dificultades que a\u00ednda sufrimos en moi distintos \u00e1mbitos, e que precisan de ser corrixidas para que sexamos quen de despregar todo o potencial que atesouramos, sen\u00f3n recalcar a profunda transformaci\u00f3n que experimentamos os galegos como consecuencia da estabilidade institucional proporcionada por un dos sistemas democr\u00e1ticos m\u00e1is consolidado do mundo, como acredita o \u00edndice de calidade democr\u00e1tica que anualmente publica a prestixiosa \u201dThe Economist\u201d.<\/p>\n\n\n\n<p>Non debemos esquecer que durante este per\u00edodo democr\u00e1tico, Galicia pasou de ser unha das tres comunidades m\u00e1is pobres de Espa\u00f1a, a contar cun PIB per c\u00e1pita do 93 % da media estatal, ou que hoxe os galegos dispo\u00f1emos dunha renda que supera o 91 % da media nacional gracias a que somos o territorio que maior incremento experimentou durante todos estes anos.<\/p>\n\n\n\n<p>As xeraci\u00f3ns mais novas merecen co\u00f1ecer o pa\u00eds que eramos, para poder entender mellor o pa\u00eds que somos. Un pa\u00eds que duplicou o seu n\u00famero de hospitais p\u00fablicos, que pasou de ter 55 centros de sa\u00fade aos case 400 que hoxe salpican a nosa xeograf\u00eda, ou que dotou os seus servizos sociais dun xeito simplemente inimaxinable para a xeraci\u00f3n que viviu os albores da nosa democracia. Son realidades incontestables que permitiron incrementar a nosa esperanza de vida en case nove anos, ao tempo que reduc\u00edamos a mortalidade infantil ao m\u00ednimo hist\u00f3rico.<\/p>\n\n\n\n<p>Aquela terra con serios problemas de comunicaci\u00f3n, estendeu os paup\u00e9rrimos 86 quil\u00f3metros de autov\u00edas dos que dispo\u00f1\u00eda ent\u00f3n, ata os 1.398 quil\u00f3metros de v\u00edas de alta capacidade que podemos percorrer hoxe. Os nosos portos triplicaron o tr\u00e1fico de mercador\u00edas, ao tempo que se quintuplican os pasaxeiros que reciben os nosos aeroportos.<\/p>\n\n\n\n<p>Estas cifras non son m\u00e1is que pequenos exemplos da coti\u00e1 revoluci\u00f3n democr\u00e1tica que estamos a constru\u00edr entre todos. Alg\u00fans dos moitos logros que se foron acadando paseni\u00f1amente, sen estridencias, porque ese \u00e9 o modo galego de conquistar as grandes transformaci\u00f3ns sociais: calado, constante, paciente.<\/p>\n\n\n\n<p>Pero ata o pobo m\u00e1is humilde alberga un esp\u00edrito orgulloso. As\u00ed pois, saiamos \u00e1s r\u00faas e celebremos un ano m\u00e1is a nosa galeguidade. Abracemos a liturxia do D\u00eda de Galicia. Renovemos a devoci\u00f3n polo Ap\u00f3stolo. Voltemos a Bonaval para ofrendar \u00e1 rosa da Adina. Aplaudamos a entrega da Medalla de Ouro de Galicia aos heroes da vacinaci\u00f3n, na que depositamos a esperanza dunha pronta normalidade sen adxectivos. Brindemos polos que xa non est\u00e1n, e polos que a\u00ednda podemos levantar a copa &#8230;<\/p>\n\n\n\n<p>Festexemos a tediosa normalidade da democracia galega. Sempre igual. Sempre mudando.<\/p>\n\n\n\n<p>Sa\u00fade e Terra!!<\/p>\n","protected":false},"excerpt":{"rendered":"<div class=\"mh-excerpt\"><p>Se calquera 25 de xullo resulta aca\u00eddo reflexionar sobre a Galicia na que vivimos, este ano 2021 br\u00edndanos a escusa perfecta para botar unha ollada ao noso pasado mais recente. Cumprimos 40 anos da aprobaci\u00f3n do Estatuto de Autonom\u00eda de Galicia. 40 anos de autogoberno que se corresponden co maior per\u00edodo de prosperidade da historia deste pais. <a class=\"mh-excerpt-more\" href=\"https:\/\/www.anovapeneira.gal\/index.php\/2021\/07\/26\/un-brinde-por-galicia\/\" title=\"Un brinde por Galicia\">[&#8230;]<\/a><\/p>\n<\/div>","protected":false},"author":12,"featured_media":3732,"comment_status":"open","ping_status":"open","sticky":false,"template":"","format":"standard","meta":{"_exactmetrics_skip_tracking":false,"_exactmetrics_sitenote_active":false,"_exactmetrics_sitenote_note":"","_exactmetrics_sitenote_category":0,"footnotes":""},"categories":[7],"tags":[1264],"class_list":{"0":"post-5841","1":"post","2":"type-post","3":"status-publish","4":"format-standard","5":"has-post-thumbnail","7":"category-artigos-de-opinion","8":"tag-alberto-pazos"},"yoast_head":"<!-- This site is optimized with the Yoast SEO plugin v27.4 - https:\/\/yoast.com\/product\/yoast-seo-wordpress\/ -->\n<title>Un brinde por Galicia -<\/title>\n<meta name=\"description\" content=\"Se calquera 25 de xullo resulta aca\u00eddo reflexionar sobre a Galicia na que vivimos, este ano 2021 br\u00edndanos a escusa perfecta para botar unha ollada ao noso pasado mais recente. Cumprimos 40 anos da aprobaci\u00f3n do Estatuto de Autonom\u00eda de Galicia. 40 anos de autogoberno que se corresponden co maior per\u00edodo de prosperidade da historia deste pais.\" \/>\n<meta name=\"robots\" content=\"index, follow, max-snippet:-1, max-image-preview:large, max-video-preview:-1\" \/>\n<link rel=\"canonical\" href=\"https:\/\/www.anovapeneira.gal\/index.php\/2021\/07\/26\/un-brinde-por-galicia\/\" \/>\n<meta property=\"og:locale\" content=\"gl_ES\" \/>\n<meta property=\"og:type\" content=\"article\" \/>\n<meta property=\"og:title\" content=\"Un brinde por Galicia -\" \/>\n<meta property=\"og:description\" content=\"Se calquera 25 de xullo resulta aca\u00eddo reflexionar sobre a Galicia na que vivimos, este ano 2021 br\u00edndanos a escusa perfecta para botar unha ollada ao noso pasado mais recente. Cumprimos 40 anos da aprobaci\u00f3n do Estatuto de Autonom\u00eda de Galicia. 40 anos de autogoberno que se corresponden co maior per\u00edodo de prosperidade da historia deste pais.\" \/>\n<meta property=\"og:url\" content=\"https:\/\/www.anovapeneira.gal\/index.php\/2021\/07\/26\/un-brinde-por-galicia\/\" \/>\n<meta property=\"article:publisher\" content=\"https:\/\/www.facebook.com\/anovapeneira\" \/>\n<meta property=\"article:published_time\" content=\"2021-07-26T08:00:36+00:00\" \/>\n<meta property=\"og:image\" content=\"https:\/\/www.anovapeneira.gal\/wp-content\/uploads\/2020\/08\/alberto_pazos_secretario_organizacion_pp_a_nova_peneira.jpg\" \/>\n\t<meta property=\"og:image:width\" content=\"720\" \/>\n\t<meta property=\"og:image:height\" content=\"432\" \/>\n\t<meta property=\"og:image:type\" content=\"image\/jpeg\" \/>\n<meta name=\"author\" content=\"Artigos Opini\u00f3n\" \/>\n<meta name=\"twitter:card\" content=\"summary_large_image\" \/>\n<meta name=\"twitter:creator\" content=\"@APeneira\" \/>\n<meta name=\"twitter:site\" content=\"@APeneira\" \/>\n<meta name=\"twitter:label1\" content=\"Escrito por\" \/>\n\t<meta name=\"twitter:data1\" content=\"Artigos Opini\u00f3n\" \/>\n\t<meta name=\"twitter:label2\" content=\"Tempo de lectura\" \/>\n\t<meta name=\"twitter:data2\" content=\"3 minutos\" \/>\n<script type=\"application\/ld+json\" class=\"yoast-schema-graph\">{\"@context\":\"https:\\\/\\\/schema.org\",\"@graph\":[{\"@type\":\"Article\",\"@id\":\"https:\\\/\\\/www.anovapeneira.gal\\\/index.php\\\/2021\\\/07\\\/26\\\/un-brinde-por-galicia\\\/#article\",\"isPartOf\":{\"@id\":\"https:\\\/\\\/www.anovapeneira.gal\\\/index.php\\\/2021\\\/07\\\/26\\\/un-brinde-por-galicia\\\/\"},\"author\":{\"name\":\"Artigos Opini\u00f3n\",\"@id\":\"https:\\\/\\\/www.anovapeneira.gal\\\/#\\\/schema\\\/person\\\/f18a4feb302e8f20bcef4490b5b60bb3\"},\"headline\":\"Un brinde por Galicia\",\"datePublished\":\"2021-07-26T08:00:36+00:00\",\"mainEntityOfPage\":{\"@id\":\"https:\\\/\\\/www.anovapeneira.gal\\\/index.php\\\/2021\\\/07\\\/26\\\/un-brinde-por-galicia\\\/\"},\"wordCount\":657,\"commentCount\":0,\"publisher\":{\"@id\":\"https:\\\/\\\/www.anovapeneira.gal\\\/#organization\"},\"image\":{\"@id\":\"https:\\\/\\\/www.anovapeneira.gal\\\/index.php\\\/2021\\\/07\\\/26\\\/un-brinde-por-galicia\\\/#primaryimage\"},\"thumbnailUrl\":\"https:\\\/\\\/www.anovapeneira.gal\\\/wp-content\\\/uploads\\\/2020\\\/08\\\/alberto_pazos_secretario_organizacion_pp_a_nova_peneira.jpg\",\"keywords\":[\"Alberto Pazos\"],\"articleSection\":[\"Artigos de opini\u00f3n\"],\"inLanguage\":\"gl-ES\",\"potentialAction\":[{\"@type\":\"CommentAction\",\"name\":\"Comment\",\"target\":[\"https:\\\/\\\/www.anovapeneira.gal\\\/index.php\\\/2021\\\/07\\\/26\\\/un-brinde-por-galicia\\\/#respond\"]}]},{\"@type\":\"WebPage\",\"@id\":\"https:\\\/\\\/www.anovapeneira.gal\\\/index.php\\\/2021\\\/07\\\/26\\\/un-brinde-por-galicia\\\/\",\"url\":\"https:\\\/\\\/www.anovapeneira.gal\\\/index.php\\\/2021\\\/07\\\/26\\\/un-brinde-por-galicia\\\/\",\"name\":\"Un brinde por Galicia -\",\"isPartOf\":{\"@id\":\"https:\\\/\\\/www.anovapeneira.gal\\\/#website\"},\"primaryImageOfPage\":{\"@id\":\"https:\\\/\\\/www.anovapeneira.gal\\\/index.php\\\/2021\\\/07\\\/26\\\/un-brinde-por-galicia\\\/#primaryimage\"},\"image\":{\"@id\":\"https:\\\/\\\/www.anovapeneira.gal\\\/index.php\\\/2021\\\/07\\\/26\\\/un-brinde-por-galicia\\\/#primaryimage\"},\"thumbnailUrl\":\"https:\\\/\\\/www.anovapeneira.gal\\\/wp-content\\\/uploads\\\/2020\\\/08\\\/alberto_pazos_secretario_organizacion_pp_a_nova_peneira.jpg\",\"datePublished\":\"2021-07-26T08:00:36+00:00\",\"description\":\"Se calquera 25 de xullo resulta aca\u00eddo reflexionar sobre a Galicia na que vivimos, este ano 2021 br\u00edndanos a escusa perfecta para botar unha ollada ao noso pasado mais recente. Cumprimos 40 anos da aprobaci\u00f3n do Estatuto de Autonom\u00eda de Galicia. 40 anos de autogoberno que se corresponden co maior per\u00edodo de prosperidade da historia deste pais.\",\"breadcrumb\":{\"@id\":\"https:\\\/\\\/www.anovapeneira.gal\\\/index.php\\\/2021\\\/07\\\/26\\\/un-brinde-por-galicia\\\/#breadcrumb\"},\"inLanguage\":\"gl-ES\",\"potentialAction\":[{\"@type\":\"ReadAction\",\"target\":[\"https:\\\/\\\/www.anovapeneira.gal\\\/index.php\\\/2021\\\/07\\\/26\\\/un-brinde-por-galicia\\\/\"]}]},{\"@type\":\"ImageObject\",\"inLanguage\":\"gl-ES\",\"@id\":\"https:\\\/\\\/www.anovapeneira.gal\\\/index.php\\\/2021\\\/07\\\/26\\\/un-brinde-por-galicia\\\/#primaryimage\",\"url\":\"https:\\\/\\\/www.anovapeneira.gal\\\/wp-content\\\/uploads\\\/2020\\\/08\\\/alberto_pazos_secretario_organizacion_pp_a_nova_peneira.jpg\",\"contentUrl\":\"https:\\\/\\\/www.anovapeneira.gal\\\/wp-content\\\/uploads\\\/2020\\\/08\\\/alberto_pazos_secretario_organizacion_pp_a_nova_peneira.jpg\",\"width\":720,\"height\":432,\"caption\":\"Alberto Pazos secretario do PPdeG\"},{\"@type\":\"BreadcrumbList\",\"@id\":\"https:\\\/\\\/www.anovapeneira.gal\\\/index.php\\\/2021\\\/07\\\/26\\\/un-brinde-por-galicia\\\/#breadcrumb\",\"itemListElement\":[{\"@type\":\"ListItem\",\"position\":1,\"name\":\"Portada\",\"item\":\"https:\\\/\\\/www.anovapeneira.gal\\\/\"},{\"@type\":\"ListItem\",\"position\":2,\"name\":\"Un brinde por Galicia\"}]},{\"@type\":\"WebSite\",\"@id\":\"https:\\\/\\\/www.anovapeneira.gal\\\/#website\",\"url\":\"https:\\\/\\\/www.anovapeneira.gal\\\/\",\"name\":\"\",\"description\":\"Xornal galego de informaci\u00f3n xeral Publicaci\u00f3n mensual de novas de Galicia e en especial dos Concellos da sur da provincia de Pontevedra.\",\"publisher\":{\"@id\":\"https:\\\/\\\/www.anovapeneira.gal\\\/#organization\"},\"potentialAction\":[{\"@type\":\"SearchAction\",\"target\":{\"@type\":\"EntryPoint\",\"urlTemplate\":\"https:\\\/\\\/www.anovapeneira.gal\\\/?s={search_term_string}\"},\"query-input\":{\"@type\":\"PropertyValueSpecification\",\"valueRequired\":true,\"valueName\":\"search_term_string\"}}],\"inLanguage\":\"gl-ES\"},{\"@type\":\"Organization\",\"@id\":\"https:\\\/\\\/www.anovapeneira.gal\\\/#organization\",\"name\":\"A Nova Peneira\",\"url\":\"https:\\\/\\\/www.anovapeneira.gal\\\/\",\"logo\":{\"@type\":\"ImageObject\",\"inLanguage\":\"gl-ES\",\"@id\":\"https:\\\/\\\/www.anovapeneira.gal\\\/#\\\/schema\\\/logo\\\/image\\\/\",\"url\":\"http:\\\/\\\/www.anovapeneira.gal\\\/wp-content\\\/uploads\\\/2019\\\/06\\\/logo_a_nova_peneira_portal_web.png\",\"contentUrl\":\"http:\\\/\\\/www.anovapeneira.gal\\\/wp-content\\\/uploads\\\/2019\\\/06\\\/logo_a_nova_peneira_portal_web.png\",\"width\":300,\"height\":100,\"caption\":\"A Nova Peneira\"},\"image\":{\"@id\":\"https:\\\/\\\/www.anovapeneira.gal\\\/#\\\/schema\\\/logo\\\/image\\\/\"},\"sameAs\":[\"https:\\\/\\\/www.facebook.com\\\/anovapeneira\",\"https:\\\/\\\/x.com\\\/APeneira\"]},{\"@type\":\"Person\",\"@id\":\"https:\\\/\\\/www.anovapeneira.gal\\\/#\\\/schema\\\/person\\\/f18a4feb302e8f20bcef4490b5b60bb3\",\"name\":\"Artigos Opini\u00f3n\",\"image\":{\"@type\":\"ImageObject\",\"inLanguage\":\"gl-ES\",\"@id\":\"https:\\\/\\\/secure.gravatar.com\\\/avatar\\\/072844300f4881150aee2da4278f7a65d16eefdf8262eb67085f1e702de2b959?s=96&d=mm&r=g\",\"url\":\"https:\\\/\\\/secure.gravatar.com\\\/avatar\\\/072844300f4881150aee2da4278f7a65d16eefdf8262eb67085f1e702de2b959?s=96&d=mm&r=g\",\"contentUrl\":\"https:\\\/\\\/secure.gravatar.com\\\/avatar\\\/072844300f4881150aee2da4278f7a65d16eefdf8262eb67085f1e702de2b959?s=96&d=mm&r=g\",\"caption\":\"Artigos Opini\u00f3n\"},\"sameAs\":[\"http:\\\/\\\/anovapeneira.gal\"],\"url\":\"https:\\\/\\\/www.anovapeneira.gal\\\/index.php\\\/author\\\/artigosopinion\\\/\"}]}<\/script>\n<!-- \/ Yoast SEO plugin. -->","yoast_head_json":{"title":"Un brinde por Galicia -","description":"Se calquera 25 de xullo resulta aca\u00eddo reflexionar sobre a Galicia na que vivimos, este ano 2021 br\u00edndanos a escusa perfecta para botar unha ollada ao noso pasado mais recente. Cumprimos 40 anos da aprobaci\u00f3n do Estatuto de Autonom\u00eda de Galicia. 40 anos de autogoberno que se corresponden co maior per\u00edodo de prosperidade da historia deste pais.","robots":{"index":"index","follow":"follow","max-snippet":"max-snippet:-1","max-image-preview":"max-image-preview:large","max-video-preview":"max-video-preview:-1"},"canonical":"https:\/\/www.anovapeneira.gal\/index.php\/2021\/07\/26\/un-brinde-por-galicia\/","og_locale":"gl_ES","og_type":"article","og_title":"Un brinde por Galicia -","og_description":"Se calquera 25 de xullo resulta aca\u00eddo reflexionar sobre a Galicia na que vivimos, este ano 2021 br\u00edndanos a escusa perfecta para botar unha ollada ao noso pasado mais recente. Cumprimos 40 anos da aprobaci\u00f3n do Estatuto de Autonom\u00eda de Galicia. 40 anos de autogoberno que se corresponden co maior per\u00edodo de prosperidade da historia deste pais.","og_url":"https:\/\/www.anovapeneira.gal\/index.php\/2021\/07\/26\/un-brinde-por-galicia\/","article_publisher":"https:\/\/www.facebook.com\/anovapeneira","article_published_time":"2021-07-26T08:00:36+00:00","og_image":[{"width":720,"height":432,"url":"https:\/\/www.anovapeneira.gal\/wp-content\/uploads\/2020\/08\/alberto_pazos_secretario_organizacion_pp_a_nova_peneira.jpg","type":"image\/jpeg"}],"author":"Artigos Opini\u00f3n","twitter_card":"summary_large_image","twitter_creator":"@APeneira","twitter_site":"@APeneira","twitter_misc":{"Escrito por":"Artigos Opini\u00f3n","Tempo de lectura":"3 minutos"},"schema":{"@context":"https:\/\/schema.org","@graph":[{"@type":"Article","@id":"https:\/\/www.anovapeneira.gal\/index.php\/2021\/07\/26\/un-brinde-por-galicia\/#article","isPartOf":{"@id":"https:\/\/www.anovapeneira.gal\/index.php\/2021\/07\/26\/un-brinde-por-galicia\/"},"author":{"name":"Artigos Opini\u00f3n","@id":"https:\/\/www.anovapeneira.gal\/#\/schema\/person\/f18a4feb302e8f20bcef4490b5b60bb3"},"headline":"Un brinde por Galicia","datePublished":"2021-07-26T08:00:36+00:00","mainEntityOfPage":{"@id":"https:\/\/www.anovapeneira.gal\/index.php\/2021\/07\/26\/un-brinde-por-galicia\/"},"wordCount":657,"commentCount":0,"publisher":{"@id":"https:\/\/www.anovapeneira.gal\/#organization"},"image":{"@id":"https:\/\/www.anovapeneira.gal\/index.php\/2021\/07\/26\/un-brinde-por-galicia\/#primaryimage"},"thumbnailUrl":"https:\/\/www.anovapeneira.gal\/wp-content\/uploads\/2020\/08\/alberto_pazos_secretario_organizacion_pp_a_nova_peneira.jpg","keywords":["Alberto Pazos"],"articleSection":["Artigos de opini\u00f3n"],"inLanguage":"gl-ES","potentialAction":[{"@type":"CommentAction","name":"Comment","target":["https:\/\/www.anovapeneira.gal\/index.php\/2021\/07\/26\/un-brinde-por-galicia\/#respond"]}]},{"@type":"WebPage","@id":"https:\/\/www.anovapeneira.gal\/index.php\/2021\/07\/26\/un-brinde-por-galicia\/","url":"https:\/\/www.anovapeneira.gal\/index.php\/2021\/07\/26\/un-brinde-por-galicia\/","name":"Un brinde por Galicia -","isPartOf":{"@id":"https:\/\/www.anovapeneira.gal\/#website"},"primaryImageOfPage":{"@id":"https:\/\/www.anovapeneira.gal\/index.php\/2021\/07\/26\/un-brinde-por-galicia\/#primaryimage"},"image":{"@id":"https:\/\/www.anovapeneira.gal\/index.php\/2021\/07\/26\/un-brinde-por-galicia\/#primaryimage"},"thumbnailUrl":"https:\/\/www.anovapeneira.gal\/wp-content\/uploads\/2020\/08\/alberto_pazos_secretario_organizacion_pp_a_nova_peneira.jpg","datePublished":"2021-07-26T08:00:36+00:00","description":"Se calquera 25 de xullo resulta aca\u00eddo reflexionar sobre a Galicia na que vivimos, este ano 2021 br\u00edndanos a escusa perfecta para botar unha ollada ao noso pasado mais recente. Cumprimos 40 anos da aprobaci\u00f3n do Estatuto de Autonom\u00eda de Galicia. 40 anos de autogoberno que se corresponden co maior per\u00edodo de prosperidade da historia deste pais.","breadcrumb":{"@id":"https:\/\/www.anovapeneira.gal\/index.php\/2021\/07\/26\/un-brinde-por-galicia\/#breadcrumb"},"inLanguage":"gl-ES","potentialAction":[{"@type":"ReadAction","target":["https:\/\/www.anovapeneira.gal\/index.php\/2021\/07\/26\/un-brinde-por-galicia\/"]}]},{"@type":"ImageObject","inLanguage":"gl-ES","@id":"https:\/\/www.anovapeneira.gal\/index.php\/2021\/07\/26\/un-brinde-por-galicia\/#primaryimage","url":"https:\/\/www.anovapeneira.gal\/wp-content\/uploads\/2020\/08\/alberto_pazos_secretario_organizacion_pp_a_nova_peneira.jpg","contentUrl":"https:\/\/www.anovapeneira.gal\/wp-content\/uploads\/2020\/08\/alberto_pazos_secretario_organizacion_pp_a_nova_peneira.jpg","width":720,"height":432,"caption":"Alberto Pazos secretario do PPdeG"},{"@type":"BreadcrumbList","@id":"https:\/\/www.anovapeneira.gal\/index.php\/2021\/07\/26\/un-brinde-por-galicia\/#breadcrumb","itemListElement":[{"@type":"ListItem","position":1,"name":"Portada","item":"https:\/\/www.anovapeneira.gal\/"},{"@type":"ListItem","position":2,"name":"Un brinde por Galicia"}]},{"@type":"WebSite","@id":"https:\/\/www.anovapeneira.gal\/#website","url":"https:\/\/www.anovapeneira.gal\/","name":"","description":"Xornal galego de informaci\u00f3n xeral Publicaci\u00f3n mensual de novas de Galicia e en especial dos Concellos da sur da provincia de Pontevedra.","publisher":{"@id":"https:\/\/www.anovapeneira.gal\/#organization"},"potentialAction":[{"@type":"SearchAction","target":{"@type":"EntryPoint","urlTemplate":"https:\/\/www.anovapeneira.gal\/?s={search_term_string}"},"query-input":{"@type":"PropertyValueSpecification","valueRequired":true,"valueName":"search_term_string"}}],"inLanguage":"gl-ES"},{"@type":"Organization","@id":"https:\/\/www.anovapeneira.gal\/#organization","name":"A Nova Peneira","url":"https:\/\/www.anovapeneira.gal\/","logo":{"@type":"ImageObject","inLanguage":"gl-ES","@id":"https:\/\/www.anovapeneira.gal\/#\/schema\/logo\/image\/","url":"http:\/\/www.anovapeneira.gal\/wp-content\/uploads\/2019\/06\/logo_a_nova_peneira_portal_web.png","contentUrl":"http:\/\/www.anovapeneira.gal\/wp-content\/uploads\/2019\/06\/logo_a_nova_peneira_portal_web.png","width":300,"height":100,"caption":"A Nova Peneira"},"image":{"@id":"https:\/\/www.anovapeneira.gal\/#\/schema\/logo\/image\/"},"sameAs":["https:\/\/www.facebook.com\/anovapeneira","https:\/\/x.com\/APeneira"]},{"@type":"Person","@id":"https:\/\/www.anovapeneira.gal\/#\/schema\/person\/f18a4feb302e8f20bcef4490b5b60bb3","name":"Artigos Opini\u00f3n","image":{"@type":"ImageObject","inLanguage":"gl-ES","@id":"https:\/\/secure.gravatar.com\/avatar\/072844300f4881150aee2da4278f7a65d16eefdf8262eb67085f1e702de2b959?s=96&d=mm&r=g","url":"https:\/\/secure.gravatar.com\/avatar\/072844300f4881150aee2da4278f7a65d16eefdf8262eb67085f1e702de2b959?s=96&d=mm&r=g","contentUrl":"https:\/\/secure.gravatar.com\/avatar\/072844300f4881150aee2da4278f7a65d16eefdf8262eb67085f1e702de2b959?s=96&d=mm&r=g","caption":"Artigos Opini\u00f3n"},"sameAs":["http:\/\/anovapeneira.gal"],"url":"https:\/\/www.anovapeneira.gal\/index.php\/author\/artigosopinion\/"}]}},"jetpack_featured_media_url":"https:\/\/www.anovapeneira.gal\/wp-content\/uploads\/2020\/08\/alberto_pazos_secretario_organizacion_pp_a_nova_peneira.jpg","_links":{"self":[{"href":"https:\/\/www.anovapeneira.gal\/index.php\/wp-json\/wp\/v2\/posts\/5841","targetHints":{"allow":["GET"]}}],"collection":[{"href":"https:\/\/www.anovapeneira.gal\/index.php\/wp-json\/wp\/v2\/posts"}],"about":[{"href":"https:\/\/www.anovapeneira.gal\/index.php\/wp-json\/wp\/v2\/types\/post"}],"author":[{"embeddable":true,"href":"https:\/\/www.anovapeneira.gal\/index.php\/wp-json\/wp\/v2\/users\/12"}],"replies":[{"embeddable":true,"href":"https:\/\/www.anovapeneira.gal\/index.php\/wp-json\/wp\/v2\/comments?post=5841"}],"version-history":[{"count":1,"href":"https:\/\/www.anovapeneira.gal\/index.php\/wp-json\/wp\/v2\/posts\/5841\/revisions"}],"predecessor-version":[{"id":5842,"href":"https:\/\/www.anovapeneira.gal\/index.php\/wp-json\/wp\/v2\/posts\/5841\/revisions\/5842"}],"wp:featuredmedia":[{"embeddable":true,"href":"https:\/\/www.anovapeneira.gal\/index.php\/wp-json\/wp\/v2\/media\/3732"}],"wp:attachment":[{"href":"https:\/\/www.anovapeneira.gal\/index.php\/wp-json\/wp\/v2\/media?parent=5841"}],"wp:term":[{"taxonomy":"category","embeddable":true,"href":"https:\/\/www.anovapeneira.gal\/index.php\/wp-json\/wp\/v2\/categories?post=5841"},{"taxonomy":"post_tag","embeddable":true,"href":"https:\/\/www.anovapeneira.gal\/index.php\/wp-json\/wp\/v2\/tags?post=5841"}],"curies":[{"name":"wp","href":"https:\/\/api.w.org\/{rel}","templated":true}]}}