{"id":5843,"date":"2021-07-26T12:00:50","date_gmt":"2021-07-26T10:00:50","guid":{"rendered":"https:\/\/www.anovapeneira.gal\/?p=5843"},"modified":"2021-07-21T17:14:25","modified_gmt":"2021-07-21T15:14:25","slug":"as-cancelas-do-amor","status":"publish","type":"post","link":"https:\/\/www.anovapeneira.gal\/index.php\/2021\/07\/26\/as-cancelas-do-amor\/","title":{"rendered":"As cancelas do amor"},"content":{"rendered":"\n<figure class=\"wp-block-image size-large is-resized\"><img loading=\"lazy\" decoding=\"async\" src=\"https:\/\/www.anovapeneira.gal\/wp-content\/uploads\/2019\/07\/xoan_alonso_a_nova_peneira_r.jpg\" alt=\"Xo\u00e1n Alonso. Correspondente de A Nova Peneira en Euskadi\" class=\"wp-image-763\" width=\"95\" height=\"111\"\/><figcaption>Xo\u00e1n Alonso. Correspondente de A Nova Peneira en Euskadi<\/figcaption><\/figure>\n\n\n\n<p>Nunha das \u00faltimas entrevistas que lle fixeron a actriz catalana Rosa Mar\u00eda Sard\u00e1, pouco tempo antes de finar, aseguraba que nada iamos aprender de todo o que estabamos a vivir e que iamos seguir sendo unhas bestas depredadoras, faltas de toda empat\u00eda, por moito que aplaudiramos t\u00f3dolos d\u00edas dende o noso balc\u00f3n \u00e1s oito da tarde.<\/p>\n\n\n\n<p>Supo\u00f1o que a cr\u00edtica situaci\u00f3n sanitaria que estabamos a vivir e o sentimento de comunidade que agromou en todos n\u00f3s fixo que moitos pensaramos que Rosa estaba sendo un chisco pesimista.<\/p>\n\n\n\n<p>Non embargantes, a xente nova temos o mal costume de non escoitar as palabras da xente maior ca n\u00f3s, dos homes e das mulleres que levan nas s\u00faas costas m\u00e1is anos dos que levamos erguidos.<\/p>\n\n\n\n<p>Tanto \u00e9 as\u00ed que o tempo tirounos a raz\u00f3n e batemos cos dentes contra unha sociedade aborregada, mal educada e brutalmente hostil, onde pensar e amar, fora das marxes marcadas polo estado e pola relixi\u00f3n cat\u00f3lica pode, cando menos, facerte sentir alleo no teu pa\u00eds.<\/p>\n\n\n\n<p>Nos \u00faltimos anos, lonxe de nos converter nunha sociedade adiantada, madura e sen medo de medrar estamos a ver pantasmas escuras, de tempos escuros, cami\u00f1ando polas r\u00faas das nosas cidades con total impunidade, acubillados no colo de xuices e representantes pol\u00edticos.<\/p>\n\n\n\n<p>Se cadra, estas pantasmas sempre estiveron a\u00ed, ao noso car\u00f3n, compartindo mesa con n\u00f3s, escoitando a mesma m\u00fasica ca n\u00f3s, compartido o mesmo autob\u00fas, o mesmo pupitre na universidade, a mesma ducha no ximnasio ou mesmo compartindo o canelo para esnifar unha raia de farlopa.<\/p>\n\n\n\n<p>D\u00edas atr\u00e1s, o tres Xullo, asasinaron a un rapas na Coru\u00f1a dunha paliza, ao berro de maric\u00f3n, maric\u00f3n, sabendo o que fac\u00edan, sen que ning\u00fan dos agresores tivesse unha mighalla de lucidez e acabase co linchamento. Desafortunadmente, o rapas que sa\u00edra a vivir a vida non voltou aquela noite a durmir na s\u00faa casa.<\/p>\n\n\n\n<p>Segundo as estat\u00edsticas apr\u00e9ciase un crecimento, nos \u00faltimos cinco anos, dos delitos de agresi\u00f3ns hom\u00f3fobas no estado espa\u00f1ol, e estou segruro que este crecimento ser\u00eda moito maior se moitas das agresi\u00f3ns foran denunciadas e outras tantas foran catalogadas coma agresi\u00f3ns hom\u00f3fobas ou delitos de odio.<\/p>\n\n\n\n<p>Eu ti\u00f1a pensado que nestas alturas do conto a nigu\u00e9n lle importaba xa con que compart\u00eda a s\u00faa vida, o seu corpo, as s\u00faas dores, as s\u00faas ledicias, os seus so\u00f1os, os seus medos, a s\u00faa saliva o veci\u00f1o ou a veci\u00f1a.<\/p>\n\n\n\n<p>Nos enredos do amor, da atracci\u00f3n f\u00edsica, do placer non hai receita nin ten porque haber cancelas. A \u00fanica fronteira que ten que haber \u00e9 o consentimento mutuo, Si \u00e9 Si, e nada m\u00e1is. Que cada quen disfrute do seu corpo coma ben lle pareza.<\/p>\n\n\n\n<p>O resto sonche prexuizos herdados dunha educaci\u00f3n ins\u00e1 que parece ser a\u00ednda non temos curado.<\/p>\n\n\n\n<p>Ogall\u00e1 non voltemos a escoitar estas malas novas nos telexornais ou nas r\u00e1dios en moito tempo, pero coma dic\u00eda Rosa Mar\u00eda Sard\u00e1, o ser humano xam\u00e1is deixar\u00e1 de ser unha besta, un depredador.<\/p>\n\n\n\n<p>Daquela, no haber\u00e1 que dar un paso atr\u00e1s.<\/p>\n","protected":false},"excerpt":{"rendered":"<div class=\"mh-excerpt\"><p>Nunha das \u00faltimas entrevistas que lle fixeron a actriz catalana Rosa Mar\u00eda Sard\u00e1, pouco tempo antes de finar, aseguraba que nada iamos aprender de todo o que estabamos a vivir e que iamos seguir sendo unhas bestas depredadoras, faltas de toda empat\u00eda, por moito que aplaudiramos t\u00f3dolos d\u00edas dende o noso balc\u00f3n \u00e1s oito da tarde <a class=\"mh-excerpt-more\" href=\"https:\/\/www.anovapeneira.gal\/index.php\/2021\/07\/26\/as-cancelas-do-amor\/\" title=\"As cancelas do amor\">[&#8230;]<\/a><\/p>\n<\/div>","protected":false},"author":14,"featured_media":584,"comment_status":"open","ping_status":"open","sticky":false,"template":"","format":"standard","meta":{"_exactmetrics_skip_tracking":false,"_exactmetrics_sitenote_active":false,"_exactmetrics_sitenote_note":"","_exactmetrics_sitenote_category":0,"footnotes":""},"categories":[7],"tags":[58],"class_list":{"0":"post-5843","1":"post","2":"type-post","3":"status-publish","4":"format-standard","5":"has-post-thumbnail","7":"category-artigos-de-opinion","8":"tag-opinion"},"yoast_head":"<!-- This site is optimized with the Yoast SEO plugin v27.4 - https:\/\/yoast.com\/product\/yoast-seo-wordpress\/ -->\n<title>As cancelas do amor -<\/title>\n<meta name=\"description\" content=\"Nunha das \u00faltimas entrevistas que lle fixeron a actriz catalana Rosa Mar\u00eda Sard\u00e1, pouco tempo antes de finar, aseguraba que nada iamos aprender de todo o que estabamos a vivir e que iamos seguir sendo unhas bestas depredadoras, faltas de toda empat\u00eda, por moito que aplaudiramos t\u00f3dolos d\u00edas dende o noso balc\u00f3n \u00e1s oito da tarde\" \/>\n<meta name=\"robots\" content=\"index, follow, max-snippet:-1, max-image-preview:large, max-video-preview:-1\" \/>\n<link rel=\"canonical\" href=\"https:\/\/www.anovapeneira.gal\/index.php\/2021\/07\/26\/as-cancelas-do-amor\/\" \/>\n<meta property=\"og:locale\" content=\"gl_ES\" \/>\n<meta property=\"og:type\" content=\"article\" \/>\n<meta property=\"og:title\" content=\"As cancelas do amor -\" \/>\n<meta property=\"og:description\" content=\"Nunha das \u00faltimas entrevistas que lle fixeron a actriz catalana Rosa Mar\u00eda Sard\u00e1, pouco tempo antes de finar, aseguraba que nada iamos aprender de todo o que estabamos a vivir e que iamos seguir sendo unhas bestas depredadoras, faltas de toda empat\u00eda, por moito que aplaudiramos t\u00f3dolos d\u00edas dende o noso balc\u00f3n \u00e1s oito da tarde\" \/>\n<meta property=\"og:url\" content=\"https:\/\/www.anovapeneira.gal\/index.php\/2021\/07\/26\/as-cancelas-do-amor\/\" \/>\n<meta property=\"article:publisher\" content=\"https:\/\/www.facebook.com\/anovapeneira\" \/>\n<meta property=\"article:published_time\" content=\"2021-07-26T10:00:50+00:00\" \/>\n<meta property=\"og:image\" content=\"https:\/\/www.anovapeneira.gal\/wp-content\/uploads\/2019\/07\/ARTIGO_DE_OPINION_A_NOVA_PENEIRA.jpg\" \/>\n\t<meta property=\"og:image:width\" content=\"720\" \/>\n\t<meta property=\"og:image:height\" content=\"473\" \/>\n\t<meta property=\"og:image:type\" content=\"image\/jpeg\" \/>\n<meta name=\"author\" content=\"Xo\u00e1n Alonso\" \/>\n<meta name=\"twitter:card\" content=\"summary_large_image\" \/>\n<meta name=\"twitter:image\" content=\"https:\/\/www.anovapeneira.gal\/wp-content\/uploads\/2019\/07\/ARTIGO_DE_OPINION_A_NOVA_PENEIRA.jpg\" \/>\n<meta name=\"twitter:creator\" content=\"@APeneira\" \/>\n<meta name=\"twitter:site\" content=\"@APeneira\" \/>\n<meta name=\"twitter:label1\" content=\"Escrito por\" \/>\n\t<meta name=\"twitter:data1\" content=\"Xo\u00e1n Alonso\" \/>\n\t<meta name=\"twitter:label2\" content=\"Tempo de lectura\" \/>\n\t<meta name=\"twitter:data2\" content=\"3 minutos\" \/>\n<script type=\"application\/ld+json\" class=\"yoast-schema-graph\">{\"@context\":\"https:\\\/\\\/schema.org\",\"@graph\":[{\"@type\":\"Article\",\"@id\":\"https:\\\/\\\/www.anovapeneira.gal\\\/index.php\\\/2021\\\/07\\\/26\\\/as-cancelas-do-amor\\\/#article\",\"isPartOf\":{\"@id\":\"https:\\\/\\\/www.anovapeneira.gal\\\/index.php\\\/2021\\\/07\\\/26\\\/as-cancelas-do-amor\\\/\"},\"author\":{\"name\":\"Xo\u00e1n Alonso\",\"@id\":\"https:\\\/\\\/www.anovapeneira.gal\\\/#\\\/schema\\\/person\\\/3c0f6176a11937f0382c23cfcecc8810\"},\"headline\":\"As cancelas do amor\",\"datePublished\":\"2021-07-26T10:00:50+00:00\",\"mainEntityOfPage\":{\"@id\":\"https:\\\/\\\/www.anovapeneira.gal\\\/index.php\\\/2021\\\/07\\\/26\\\/as-cancelas-do-amor\\\/\"},\"wordCount\":558,\"commentCount\":0,\"publisher\":{\"@id\":\"https:\\\/\\\/www.anovapeneira.gal\\\/#organization\"},\"image\":{\"@id\":\"https:\\\/\\\/www.anovapeneira.gal\\\/index.php\\\/2021\\\/07\\\/26\\\/as-cancelas-do-amor\\\/#primaryimage\"},\"thumbnailUrl\":\"https:\\\/\\\/www.anovapeneira.gal\\\/wp-content\\\/uploads\\\/2019\\\/07\\\/ARTIGO_DE_OPINION_A_NOVA_PENEIRA.jpg\",\"keywords\":[\"Opini\u00f3n\"],\"articleSection\":[\"Artigos de opini\u00f3n\"],\"inLanguage\":\"gl-ES\",\"potentialAction\":[{\"@type\":\"CommentAction\",\"name\":\"Comment\",\"target\":[\"https:\\\/\\\/www.anovapeneira.gal\\\/index.php\\\/2021\\\/07\\\/26\\\/as-cancelas-do-amor\\\/#respond\"]}]},{\"@type\":\"WebPage\",\"@id\":\"https:\\\/\\\/www.anovapeneira.gal\\\/index.php\\\/2021\\\/07\\\/26\\\/as-cancelas-do-amor\\\/\",\"url\":\"https:\\\/\\\/www.anovapeneira.gal\\\/index.php\\\/2021\\\/07\\\/26\\\/as-cancelas-do-amor\\\/\",\"name\":\"As cancelas do amor -\",\"isPartOf\":{\"@id\":\"https:\\\/\\\/www.anovapeneira.gal\\\/#website\"},\"primaryImageOfPage\":{\"@id\":\"https:\\\/\\\/www.anovapeneira.gal\\\/index.php\\\/2021\\\/07\\\/26\\\/as-cancelas-do-amor\\\/#primaryimage\"},\"image\":{\"@id\":\"https:\\\/\\\/www.anovapeneira.gal\\\/index.php\\\/2021\\\/07\\\/26\\\/as-cancelas-do-amor\\\/#primaryimage\"},\"thumbnailUrl\":\"https:\\\/\\\/www.anovapeneira.gal\\\/wp-content\\\/uploads\\\/2019\\\/07\\\/ARTIGO_DE_OPINION_A_NOVA_PENEIRA.jpg\",\"datePublished\":\"2021-07-26T10:00:50+00:00\",\"description\":\"Nunha das \u00faltimas entrevistas que lle fixeron a actriz catalana Rosa Mar\u00eda Sard\u00e1, pouco tempo antes de finar, aseguraba que nada iamos aprender de todo o que estabamos a vivir e que iamos seguir sendo unhas bestas depredadoras, faltas de toda empat\u00eda, por moito que aplaudiramos t\u00f3dolos d\u00edas dende o noso balc\u00f3n \u00e1s oito da tarde\",\"breadcrumb\":{\"@id\":\"https:\\\/\\\/www.anovapeneira.gal\\\/index.php\\\/2021\\\/07\\\/26\\\/as-cancelas-do-amor\\\/#breadcrumb\"},\"inLanguage\":\"gl-ES\",\"potentialAction\":[{\"@type\":\"ReadAction\",\"target\":[\"https:\\\/\\\/www.anovapeneira.gal\\\/index.php\\\/2021\\\/07\\\/26\\\/as-cancelas-do-amor\\\/\"]}]},{\"@type\":\"ImageObject\",\"inLanguage\":\"gl-ES\",\"@id\":\"https:\\\/\\\/www.anovapeneira.gal\\\/index.php\\\/2021\\\/07\\\/26\\\/as-cancelas-do-amor\\\/#primaryimage\",\"url\":\"https:\\\/\\\/www.anovapeneira.gal\\\/wp-content\\\/uploads\\\/2019\\\/07\\\/ARTIGO_DE_OPINION_A_NOVA_PENEIRA.jpg\",\"contentUrl\":\"https:\\\/\\\/www.anovapeneira.gal\\\/wp-content\\\/uploads\\\/2019\\\/07\\\/ARTIGO_DE_OPINION_A_NOVA_PENEIRA.jpg\",\"width\":720,\"height\":473,\"caption\":\"Artigo de opini\u00f3n A Nova Peneira\"},{\"@type\":\"BreadcrumbList\",\"@id\":\"https:\\\/\\\/www.anovapeneira.gal\\\/index.php\\\/2021\\\/07\\\/26\\\/as-cancelas-do-amor\\\/#breadcrumb\",\"itemListElement\":[{\"@type\":\"ListItem\",\"position\":1,\"name\":\"Portada\",\"item\":\"https:\\\/\\\/www.anovapeneira.gal\\\/\"},{\"@type\":\"ListItem\",\"position\":2,\"name\":\"As cancelas do amor\"}]},{\"@type\":\"WebSite\",\"@id\":\"https:\\\/\\\/www.anovapeneira.gal\\\/#website\",\"url\":\"https:\\\/\\\/www.anovapeneira.gal\\\/\",\"name\":\"\",\"description\":\"Xornal galego de informaci\u00f3n xeral Publicaci\u00f3n mensual de novas de Galicia e en especial dos Concellos da sur da provincia de Pontevedra.\",\"publisher\":{\"@id\":\"https:\\\/\\\/www.anovapeneira.gal\\\/#organization\"},\"potentialAction\":[{\"@type\":\"SearchAction\",\"target\":{\"@type\":\"EntryPoint\",\"urlTemplate\":\"https:\\\/\\\/www.anovapeneira.gal\\\/?s={search_term_string}\"},\"query-input\":{\"@type\":\"PropertyValueSpecification\",\"valueRequired\":true,\"valueName\":\"search_term_string\"}}],\"inLanguage\":\"gl-ES\"},{\"@type\":\"Organization\",\"@id\":\"https:\\\/\\\/www.anovapeneira.gal\\\/#organization\",\"name\":\"A Nova Peneira\",\"url\":\"https:\\\/\\\/www.anovapeneira.gal\\\/\",\"logo\":{\"@type\":\"ImageObject\",\"inLanguage\":\"gl-ES\",\"@id\":\"https:\\\/\\\/www.anovapeneira.gal\\\/#\\\/schema\\\/logo\\\/image\\\/\",\"url\":\"http:\\\/\\\/www.anovapeneira.gal\\\/wp-content\\\/uploads\\\/2019\\\/06\\\/logo_a_nova_peneira_portal_web.png\",\"contentUrl\":\"http:\\\/\\\/www.anovapeneira.gal\\\/wp-content\\\/uploads\\\/2019\\\/06\\\/logo_a_nova_peneira_portal_web.png\",\"width\":300,\"height\":100,\"caption\":\"A Nova Peneira\"},\"image\":{\"@id\":\"https:\\\/\\\/www.anovapeneira.gal\\\/#\\\/schema\\\/logo\\\/image\\\/\"},\"sameAs\":[\"https:\\\/\\\/www.facebook.com\\\/anovapeneira\",\"https:\\\/\\\/x.com\\\/APeneira\"]},{\"@type\":\"Person\",\"@id\":\"https:\\\/\\\/www.anovapeneira.gal\\\/#\\\/schema\\\/person\\\/3c0f6176a11937f0382c23cfcecc8810\",\"name\":\"Xo\u00e1n Alonso\",\"image\":{\"@type\":\"ImageObject\",\"inLanguage\":\"gl-ES\",\"@id\":\"https:\\\/\\\/secure.gravatar.com\\\/avatar\\\/2363e2851e208cf25381166cf12eec1cad20b87f47b38097822f83644f99412d?s=96&d=mm&r=g\",\"url\":\"https:\\\/\\\/secure.gravatar.com\\\/avatar\\\/2363e2851e208cf25381166cf12eec1cad20b87f47b38097822f83644f99412d?s=96&d=mm&r=g\",\"contentUrl\":\"https:\\\/\\\/secure.gravatar.com\\\/avatar\\\/2363e2851e208cf25381166cf12eec1cad20b87f47b38097822f83644f99412d?s=96&d=mm&r=g\",\"caption\":\"Xo\u00e1n Alonso\"},\"sameAs\":[\"http:\\\/\\\/anovapeneira.gal\"],\"url\":\"https:\\\/\\\/www.anovapeneira.gal\\\/index.php\\\/author\\\/opinionxoan-alonso\\\/\"}]}<\/script>\n<!-- \/ Yoast SEO plugin. -->","yoast_head_json":{"title":"As cancelas do amor -","description":"Nunha das \u00faltimas entrevistas que lle fixeron a actriz catalana Rosa Mar\u00eda Sard\u00e1, pouco tempo antes de finar, aseguraba que nada iamos aprender de todo o que estabamos a vivir e que iamos seguir sendo unhas bestas depredadoras, faltas de toda empat\u00eda, por moito que aplaudiramos t\u00f3dolos d\u00edas dende o noso balc\u00f3n \u00e1s oito da tarde","robots":{"index":"index","follow":"follow","max-snippet":"max-snippet:-1","max-image-preview":"max-image-preview:large","max-video-preview":"max-video-preview:-1"},"canonical":"https:\/\/www.anovapeneira.gal\/index.php\/2021\/07\/26\/as-cancelas-do-amor\/","og_locale":"gl_ES","og_type":"article","og_title":"As cancelas do amor -","og_description":"Nunha das \u00faltimas entrevistas que lle fixeron a actriz catalana Rosa Mar\u00eda Sard\u00e1, pouco tempo antes de finar, aseguraba que nada iamos aprender de todo o que estabamos a vivir e que iamos seguir sendo unhas bestas depredadoras, faltas de toda empat\u00eda, por moito que aplaudiramos t\u00f3dolos d\u00edas dende o noso balc\u00f3n \u00e1s oito da tarde","og_url":"https:\/\/www.anovapeneira.gal\/index.php\/2021\/07\/26\/as-cancelas-do-amor\/","article_publisher":"https:\/\/www.facebook.com\/anovapeneira","article_published_time":"2021-07-26T10:00:50+00:00","og_image":[{"width":720,"height":473,"url":"https:\/\/www.anovapeneira.gal\/wp-content\/uploads\/2019\/07\/ARTIGO_DE_OPINION_A_NOVA_PENEIRA.jpg","type":"image\/jpeg"}],"author":"Xo\u00e1n Alonso","twitter_card":"summary_large_image","twitter_image":"https:\/\/www.anovapeneira.gal\/wp-content\/uploads\/2019\/07\/ARTIGO_DE_OPINION_A_NOVA_PENEIRA.jpg","twitter_creator":"@APeneira","twitter_site":"@APeneira","twitter_misc":{"Escrito por":"Xo\u00e1n Alonso","Tempo de lectura":"3 minutos"},"schema":{"@context":"https:\/\/schema.org","@graph":[{"@type":"Article","@id":"https:\/\/www.anovapeneira.gal\/index.php\/2021\/07\/26\/as-cancelas-do-amor\/#article","isPartOf":{"@id":"https:\/\/www.anovapeneira.gal\/index.php\/2021\/07\/26\/as-cancelas-do-amor\/"},"author":{"name":"Xo\u00e1n Alonso","@id":"https:\/\/www.anovapeneira.gal\/#\/schema\/person\/3c0f6176a11937f0382c23cfcecc8810"},"headline":"As cancelas do amor","datePublished":"2021-07-26T10:00:50+00:00","mainEntityOfPage":{"@id":"https:\/\/www.anovapeneira.gal\/index.php\/2021\/07\/26\/as-cancelas-do-amor\/"},"wordCount":558,"commentCount":0,"publisher":{"@id":"https:\/\/www.anovapeneira.gal\/#organization"},"image":{"@id":"https:\/\/www.anovapeneira.gal\/index.php\/2021\/07\/26\/as-cancelas-do-amor\/#primaryimage"},"thumbnailUrl":"https:\/\/www.anovapeneira.gal\/wp-content\/uploads\/2019\/07\/ARTIGO_DE_OPINION_A_NOVA_PENEIRA.jpg","keywords":["Opini\u00f3n"],"articleSection":["Artigos de opini\u00f3n"],"inLanguage":"gl-ES","potentialAction":[{"@type":"CommentAction","name":"Comment","target":["https:\/\/www.anovapeneira.gal\/index.php\/2021\/07\/26\/as-cancelas-do-amor\/#respond"]}]},{"@type":"WebPage","@id":"https:\/\/www.anovapeneira.gal\/index.php\/2021\/07\/26\/as-cancelas-do-amor\/","url":"https:\/\/www.anovapeneira.gal\/index.php\/2021\/07\/26\/as-cancelas-do-amor\/","name":"As cancelas do amor -","isPartOf":{"@id":"https:\/\/www.anovapeneira.gal\/#website"},"primaryImageOfPage":{"@id":"https:\/\/www.anovapeneira.gal\/index.php\/2021\/07\/26\/as-cancelas-do-amor\/#primaryimage"},"image":{"@id":"https:\/\/www.anovapeneira.gal\/index.php\/2021\/07\/26\/as-cancelas-do-amor\/#primaryimage"},"thumbnailUrl":"https:\/\/www.anovapeneira.gal\/wp-content\/uploads\/2019\/07\/ARTIGO_DE_OPINION_A_NOVA_PENEIRA.jpg","datePublished":"2021-07-26T10:00:50+00:00","description":"Nunha das \u00faltimas entrevistas que lle fixeron a actriz catalana Rosa Mar\u00eda Sard\u00e1, pouco tempo antes de finar, aseguraba que nada iamos aprender de todo o que estabamos a vivir e que iamos seguir sendo unhas bestas depredadoras, faltas de toda empat\u00eda, por moito que aplaudiramos t\u00f3dolos d\u00edas dende o noso balc\u00f3n \u00e1s oito da tarde","breadcrumb":{"@id":"https:\/\/www.anovapeneira.gal\/index.php\/2021\/07\/26\/as-cancelas-do-amor\/#breadcrumb"},"inLanguage":"gl-ES","potentialAction":[{"@type":"ReadAction","target":["https:\/\/www.anovapeneira.gal\/index.php\/2021\/07\/26\/as-cancelas-do-amor\/"]}]},{"@type":"ImageObject","inLanguage":"gl-ES","@id":"https:\/\/www.anovapeneira.gal\/index.php\/2021\/07\/26\/as-cancelas-do-amor\/#primaryimage","url":"https:\/\/www.anovapeneira.gal\/wp-content\/uploads\/2019\/07\/ARTIGO_DE_OPINION_A_NOVA_PENEIRA.jpg","contentUrl":"https:\/\/www.anovapeneira.gal\/wp-content\/uploads\/2019\/07\/ARTIGO_DE_OPINION_A_NOVA_PENEIRA.jpg","width":720,"height":473,"caption":"Artigo de opini\u00f3n A Nova Peneira"},{"@type":"BreadcrumbList","@id":"https:\/\/www.anovapeneira.gal\/index.php\/2021\/07\/26\/as-cancelas-do-amor\/#breadcrumb","itemListElement":[{"@type":"ListItem","position":1,"name":"Portada","item":"https:\/\/www.anovapeneira.gal\/"},{"@type":"ListItem","position":2,"name":"As cancelas do amor"}]},{"@type":"WebSite","@id":"https:\/\/www.anovapeneira.gal\/#website","url":"https:\/\/www.anovapeneira.gal\/","name":"","description":"Xornal galego de informaci\u00f3n xeral Publicaci\u00f3n mensual de novas de Galicia e en especial dos Concellos da sur da provincia de Pontevedra.","publisher":{"@id":"https:\/\/www.anovapeneira.gal\/#organization"},"potentialAction":[{"@type":"SearchAction","target":{"@type":"EntryPoint","urlTemplate":"https:\/\/www.anovapeneira.gal\/?s={search_term_string}"},"query-input":{"@type":"PropertyValueSpecification","valueRequired":true,"valueName":"search_term_string"}}],"inLanguage":"gl-ES"},{"@type":"Organization","@id":"https:\/\/www.anovapeneira.gal\/#organization","name":"A Nova Peneira","url":"https:\/\/www.anovapeneira.gal\/","logo":{"@type":"ImageObject","inLanguage":"gl-ES","@id":"https:\/\/www.anovapeneira.gal\/#\/schema\/logo\/image\/","url":"http:\/\/www.anovapeneira.gal\/wp-content\/uploads\/2019\/06\/logo_a_nova_peneira_portal_web.png","contentUrl":"http:\/\/www.anovapeneira.gal\/wp-content\/uploads\/2019\/06\/logo_a_nova_peneira_portal_web.png","width":300,"height":100,"caption":"A Nova Peneira"},"image":{"@id":"https:\/\/www.anovapeneira.gal\/#\/schema\/logo\/image\/"},"sameAs":["https:\/\/www.facebook.com\/anovapeneira","https:\/\/x.com\/APeneira"]},{"@type":"Person","@id":"https:\/\/www.anovapeneira.gal\/#\/schema\/person\/3c0f6176a11937f0382c23cfcecc8810","name":"Xo\u00e1n Alonso","image":{"@type":"ImageObject","inLanguage":"gl-ES","@id":"https:\/\/secure.gravatar.com\/avatar\/2363e2851e208cf25381166cf12eec1cad20b87f47b38097822f83644f99412d?s=96&d=mm&r=g","url":"https:\/\/secure.gravatar.com\/avatar\/2363e2851e208cf25381166cf12eec1cad20b87f47b38097822f83644f99412d?s=96&d=mm&r=g","contentUrl":"https:\/\/secure.gravatar.com\/avatar\/2363e2851e208cf25381166cf12eec1cad20b87f47b38097822f83644f99412d?s=96&d=mm&r=g","caption":"Xo\u00e1n Alonso"},"sameAs":["http:\/\/anovapeneira.gal"],"url":"https:\/\/www.anovapeneira.gal\/index.php\/author\/opinionxoan-alonso\/"}]}},"jetpack_featured_media_url":"https:\/\/www.anovapeneira.gal\/wp-content\/uploads\/2019\/07\/ARTIGO_DE_OPINION_A_NOVA_PENEIRA.jpg","_links":{"self":[{"href":"https:\/\/www.anovapeneira.gal\/index.php\/wp-json\/wp\/v2\/posts\/5843","targetHints":{"allow":["GET"]}}],"collection":[{"href":"https:\/\/www.anovapeneira.gal\/index.php\/wp-json\/wp\/v2\/posts"}],"about":[{"href":"https:\/\/www.anovapeneira.gal\/index.php\/wp-json\/wp\/v2\/types\/post"}],"author":[{"embeddable":true,"href":"https:\/\/www.anovapeneira.gal\/index.php\/wp-json\/wp\/v2\/users\/14"}],"replies":[{"embeddable":true,"href":"https:\/\/www.anovapeneira.gal\/index.php\/wp-json\/wp\/v2\/comments?post=5843"}],"version-history":[{"count":5,"href":"https:\/\/www.anovapeneira.gal\/index.php\/wp-json\/wp\/v2\/posts\/5843\/revisions"}],"predecessor-version":[{"id":5850,"href":"https:\/\/www.anovapeneira.gal\/index.php\/wp-json\/wp\/v2\/posts\/5843\/revisions\/5850"}],"wp:featuredmedia":[{"embeddable":true,"href":"https:\/\/www.anovapeneira.gal\/index.php\/wp-json\/wp\/v2\/media\/584"}],"wp:attachment":[{"href":"https:\/\/www.anovapeneira.gal\/index.php\/wp-json\/wp\/v2\/media?parent=5843"}],"wp:term":[{"taxonomy":"category","embeddable":true,"href":"https:\/\/www.anovapeneira.gal\/index.php\/wp-json\/wp\/v2\/categories?post=5843"},{"taxonomy":"post_tag","embeddable":true,"href":"https:\/\/www.anovapeneira.gal\/index.php\/wp-json\/wp\/v2\/tags?post=5843"}],"curies":[{"name":"wp","href":"https:\/\/api.w.org\/{rel}","templated":true}]}}