{"id":5863,"date":"2021-08-02T10:00:28","date_gmt":"2021-08-02T08:00:28","guid":{"rendered":"https:\/\/www.anovapeneira.gal\/?p=5863"},"modified":"2021-07-30T08:05:18","modified_gmt":"2021-07-30T06:05:18","slug":"a-plataforma-a-auga-e-vida-recupera-a-memoria-historica-das-traidas-vecinais-de-augas","status":"publish","type":"post","link":"https:\/\/www.anovapeneira.gal\/index.php\/2021\/08\/02\/a-plataforma-a-auga-e-vida-recupera-a-memoria-historica-das-traidas-vecinais-de-augas\/","title":{"rendered":"A Plataforma &#8216;A Auga \u00e9 Vida&#8217; recupera a memoria hist\u00f3rica das tra\u00eddas veci\u00f1ais de augas"},"content":{"rendered":"\n<ul class=\"wp-block-list\"><li><strong>A trav\u00e9s do proxecto &#8216;A nosa auga, a nosa historia&#8217; estase a compilar o testemu\u00f1o de fundadores e comuneiros hist\u00f3ricos.<\/strong><\/li><li><strong>Un documental servir\u00e1 para po\u00f1er en valor o traballo realizado dende hai m\u00e1is de catro d\u00e9cadas en torno a xesti\u00f3n veci\u00f1al do abastecemento en Mos.<\/strong><\/li><\/ul>\n\n\n\n<p>Os anos setenta do s\u00e9culo XX marcaron un punto de inflexi\u00f3n na historia recente de Mos. Eran tempos de mudanzas pol\u00edticas e sociais, nos que o movemento veci\u00f1al rexurd\u00eda ao tempo que agonizaba a ditadura e a xente empezou a organizarse para mellorar as s\u00faas condici\u00f3ns de vida nun momento en que a\u00ednda hab\u00eda moitas carencias. Unha das m\u00e1is importantes, o subministro de auga potable, que depend\u00eda ata ent\u00f3n de pozos ou mananciais particulares sen ning\u00fan tipo de garant\u00eda sanitaria. A administraci\u00f3n non ofrec\u00eda soluci\u00f3ns e as familias f\u00f3ronse organizando pola s\u00faa conta, por barrios, para constru\u00edr captaci\u00f3ns e dep\u00f3sitos no monte, despregar unha rede de abastecemento que chegara a todas as casas e crear un novo sistema de autoxesti\u00f3n para administrar o servizo de maneira eficaz.<\/p>\n\n\n\n<p>As persoas que participaron na construci\u00f3n das tra\u00eddas de augas desenvolveron un traballo en ocasi\u00f3ns heroico, xog\u00e1ndose a vida cavando a man unhas trincheiras que pod\u00edan derrubarse en calquera momento, e a trav\u00e9s do proxecto &#8216;A nosa auga, a nosa historia&#8217; a Plataforma &#8216;A Auga \u00e9 Vida&#8217; quere po\u00f1er en valor a relevancia deste movemento hist\u00f3rico. Nas \u00faltimas semanas organiz\u00e1ronse varios encontros de fundadores e membros das directivas das comunidades de usuarios onde se compilaron lembranzas e an\u00e9cdotas de m\u00e1is de catro d\u00e9cadas de xesti\u00f3n veci\u00f1al do abastecemento. Algunhas historias relativas \u00e1 procura dos mananciais, a adquisici\u00f3n dos terreos ou a organizaci\u00f3n de cuadrillas para a realizaci\u00f3n dos traballos xa foron difundidas en v\u00eddeos publicados nas redes sociais e todo ese material servir\u00e1 para elaborar un documental que ser\u00e1 presentado no outono.<\/p>\n\n\n\n<p>En todas as entrevistas realizadas ata o momento, queda de manifesto o sentimento de orgullo das persoas que participaron nese proceso, as\u00ed como a convicci\u00f3n de que a autoxesti\u00f3n veci\u00f1al da auga \u00e9 un sistema de abastecemento con moito futuro por diante. Fundadores e usuarios das tra\u00eddas de Monte Baxi\u00f1a, Tameiga-Casal e Petelos ofreceron xa o seu testemu\u00f1o e reivindicaron as vantaxes de contar cun subministro de calidade, econ\u00f3mico, con plenas garant\u00edas sanitarias e sustentable dende o punto de vista ambiental. Tal como expresou recentemente Augas de Galicia, a experiencia demostra que as tra\u00eddas comunitarias son a soluci\u00f3n m\u00e1is eficaz para o abastecemento en \u00e1reas de poboaci\u00f3n dispersa e fronte a certos discursos que non \u00faltimos tempos puxeron en cuesti\u00f3n a capacidade de xesti\u00f3n das comunidades de usuarios, a Plataforma &#8216;A Auga \u00e9 vida&#8217; quere reivindicar o traballo desenvolvido por varias xeraci\u00f3ns de mosenses para levar a auga a todos os fogares.<\/p>\n","protected":false},"excerpt":{"rendered":"<div class=\"mh-excerpt\"><p>A trav\u00e9s do proxecto &#8216;A nosa auga, a nosa historia&#8217; estase a compilar o testemu\u00f1o de fundadores e comuneiros hist\u00f3ricos <a class=\"mh-excerpt-more\" href=\"https:\/\/www.anovapeneira.gal\/index.php\/2021\/08\/02\/a-plataforma-a-auga-e-vida-recupera-a-memoria-historica-das-traidas-vecinais-de-augas\/\" title=\"A Plataforma &#8216;A Auga \u00e9 Vida&#8217; recupera a memoria hist\u00f3rica das tra\u00eddas veci\u00f1ais de augas\">[&#8230;]<\/a><\/p>\n<\/div>","protected":false},"author":3,"featured_media":5864,"comment_status":"open","ping_status":"open","sticky":false,"template":"","format":"standard","meta":{"_exactmetrics_skip_tracking":false,"_exactmetrics_sitenote_active":false,"_exactmetrics_sitenote_note":"","_exactmetrics_sitenote_category":0,"footnotes":""},"categories":[23],"tags":[218],"class_list":{"0":"post-5863","1":"post","2":"type-post","3":"status-publish","4":"format-standard","5":"has-post-thumbnail","7":"category-a-lourina","8":"tag-concello-de-mos"},"yoast_head":"<!-- This site is optimized with the Yoast SEO plugin v27.4 - https:\/\/yoast.com\/product\/yoast-seo-wordpress\/ -->\n<title>A Plataforma &#039;A Auga \u00e9 Vida&#039; recupera a memoria hist\u00f3rica das tra\u00eddas veci\u00f1ais de augas -<\/title>\n<meta name=\"description\" content=\"A trav\u00e9s do proxecto &#039;A nosa auga, a nosa historia&#039; estase a compilar o testemu\u00f1o de fundadores e comuneiros hist\u00f3ricos\" \/>\n<meta name=\"robots\" content=\"index, follow, max-snippet:-1, max-image-preview:large, max-video-preview:-1\" \/>\n<link rel=\"canonical\" href=\"https:\/\/www.anovapeneira.gal\/index.php\/2021\/08\/02\/a-plataforma-a-auga-e-vida-recupera-a-memoria-historica-das-traidas-vecinais-de-augas\/\" \/>\n<meta property=\"og:locale\" content=\"gl_ES\" \/>\n<meta property=\"og:type\" content=\"article\" \/>\n<meta property=\"og:title\" content=\"A Plataforma &#039;A Auga \u00e9 Vida&#039; recupera a memoria hist\u00f3rica das tra\u00eddas veci\u00f1ais de augas -\" \/>\n<meta property=\"og:description\" content=\"A trav\u00e9s do proxecto &#039;A nosa auga, a nosa historia&#039; estase a compilar o testemu\u00f1o de fundadores e comuneiros hist\u00f3ricos\" \/>\n<meta property=\"og:url\" content=\"https:\/\/www.anovapeneira.gal\/index.php\/2021\/08\/02\/a-plataforma-a-auga-e-vida-recupera-a-memoria-historica-das-traidas-vecinais-de-augas\/\" \/>\n<meta property=\"article:publisher\" content=\"https:\/\/www.facebook.com\/anovapeneira\" \/>\n<meta property=\"article:published_time\" content=\"2021-08-02T08:00:28+00:00\" \/>\n<meta property=\"og:image\" content=\"https:\/\/www.anovapeneira.gal\/wp-content\/uploads\/2021\/07\/plataforma_auga_e_vida_mos.jpg\" \/>\n\t<meta property=\"og:image:width\" content=\"720\" \/>\n\t<meta property=\"og:image:height\" content=\"432\" \/>\n\t<meta property=\"og:image:type\" content=\"image\/jpeg\" \/>\n<meta name=\"author\" content=\"Redacci\u00f3n A Nova Peneira\" \/>\n<meta name=\"twitter:card\" content=\"summary_large_image\" \/>\n<meta name=\"twitter:creator\" content=\"@APeneira\" \/>\n<meta name=\"twitter:site\" content=\"@APeneira\" \/>\n<meta name=\"twitter:label1\" content=\"Escrito por\" \/>\n\t<meta name=\"twitter:data1\" content=\"Redacci\u00f3n A Nova Peneira\" \/>\n\t<meta name=\"twitter:label2\" content=\"Tempo de lectura\" \/>\n\t<meta name=\"twitter:data2\" content=\"2 minutos\" \/>\n<script type=\"application\/ld+json\" class=\"yoast-schema-graph\">{\"@context\":\"https:\\\/\\\/schema.org\",\"@graph\":[{\"@type\":\"Article\",\"@id\":\"https:\\\/\\\/www.anovapeneira.gal\\\/index.php\\\/2021\\\/08\\\/02\\\/a-plataforma-a-auga-e-vida-recupera-a-memoria-historica-das-traidas-vecinais-de-augas\\\/#article\",\"isPartOf\":{\"@id\":\"https:\\\/\\\/www.anovapeneira.gal\\\/index.php\\\/2021\\\/08\\\/02\\\/a-plataforma-a-auga-e-vida-recupera-a-memoria-historica-das-traidas-vecinais-de-augas\\\/\"},\"author\":{\"name\":\"Redacci\u00f3n A Nova Peneira\",\"@id\":\"https:\\\/\\\/www.anovapeneira.gal\\\/#\\\/schema\\\/person\\\/b93e3f8932e3f8da96334607eb6ac6aa\"},\"headline\":\"A Plataforma &#8216;A Auga \u00e9 Vida&#8217; recupera a memoria hist\u00f3rica das tra\u00eddas veci\u00f1ais de augas\",\"datePublished\":\"2021-08-02T08:00:28+00:00\",\"mainEntityOfPage\":{\"@id\":\"https:\\\/\\\/www.anovapeneira.gal\\\/index.php\\\/2021\\\/08\\\/02\\\/a-plataforma-a-auga-e-vida-recupera-a-memoria-historica-das-traidas-vecinais-de-augas\\\/\"},\"wordCount\":533,\"commentCount\":0,\"publisher\":{\"@id\":\"https:\\\/\\\/www.anovapeneira.gal\\\/#organization\"},\"image\":{\"@id\":\"https:\\\/\\\/www.anovapeneira.gal\\\/index.php\\\/2021\\\/08\\\/02\\\/a-plataforma-a-auga-e-vida-recupera-a-memoria-historica-das-traidas-vecinais-de-augas\\\/#primaryimage\"},\"thumbnailUrl\":\"https:\\\/\\\/www.anovapeneira.gal\\\/wp-content\\\/uploads\\\/2021\\\/07\\\/plataforma_auga_e_vida_mos.jpg\",\"keywords\":[\"Concello de Mos\"],\"articleSection\":[\"A Louri\u00f1a\"],\"inLanguage\":\"gl-ES\",\"potentialAction\":[{\"@type\":\"CommentAction\",\"name\":\"Comment\",\"target\":[\"https:\\\/\\\/www.anovapeneira.gal\\\/index.php\\\/2021\\\/08\\\/02\\\/a-plataforma-a-auga-e-vida-recupera-a-memoria-historica-das-traidas-vecinais-de-augas\\\/#respond\"]}]},{\"@type\":\"WebPage\",\"@id\":\"https:\\\/\\\/www.anovapeneira.gal\\\/index.php\\\/2021\\\/08\\\/02\\\/a-plataforma-a-auga-e-vida-recupera-a-memoria-historica-das-traidas-vecinais-de-augas\\\/\",\"url\":\"https:\\\/\\\/www.anovapeneira.gal\\\/index.php\\\/2021\\\/08\\\/02\\\/a-plataforma-a-auga-e-vida-recupera-a-memoria-historica-das-traidas-vecinais-de-augas\\\/\",\"name\":\"A Plataforma 'A Auga \u00e9 Vida' recupera a memoria hist\u00f3rica das tra\u00eddas veci\u00f1ais de augas -\",\"isPartOf\":{\"@id\":\"https:\\\/\\\/www.anovapeneira.gal\\\/#website\"},\"primaryImageOfPage\":{\"@id\":\"https:\\\/\\\/www.anovapeneira.gal\\\/index.php\\\/2021\\\/08\\\/02\\\/a-plataforma-a-auga-e-vida-recupera-a-memoria-historica-das-traidas-vecinais-de-augas\\\/#primaryimage\"},\"image\":{\"@id\":\"https:\\\/\\\/www.anovapeneira.gal\\\/index.php\\\/2021\\\/08\\\/02\\\/a-plataforma-a-auga-e-vida-recupera-a-memoria-historica-das-traidas-vecinais-de-augas\\\/#primaryimage\"},\"thumbnailUrl\":\"https:\\\/\\\/www.anovapeneira.gal\\\/wp-content\\\/uploads\\\/2021\\\/07\\\/plataforma_auga_e_vida_mos.jpg\",\"datePublished\":\"2021-08-02T08:00:28+00:00\",\"description\":\"A trav\u00e9s do proxecto 'A nosa auga, a nosa historia' estase a compilar o testemu\u00f1o de fundadores e comuneiros hist\u00f3ricos\",\"breadcrumb\":{\"@id\":\"https:\\\/\\\/www.anovapeneira.gal\\\/index.php\\\/2021\\\/08\\\/02\\\/a-plataforma-a-auga-e-vida-recupera-a-memoria-historica-das-traidas-vecinais-de-augas\\\/#breadcrumb\"},\"inLanguage\":\"gl-ES\",\"potentialAction\":[{\"@type\":\"ReadAction\",\"target\":[\"https:\\\/\\\/www.anovapeneira.gal\\\/index.php\\\/2021\\\/08\\\/02\\\/a-plataforma-a-auga-e-vida-recupera-a-memoria-historica-das-traidas-vecinais-de-augas\\\/\"]}]},{\"@type\":\"ImageObject\",\"inLanguage\":\"gl-ES\",\"@id\":\"https:\\\/\\\/www.anovapeneira.gal\\\/index.php\\\/2021\\\/08\\\/02\\\/a-plataforma-a-auga-e-vida-recupera-a-memoria-historica-das-traidas-vecinais-de-augas\\\/#primaryimage\",\"url\":\"https:\\\/\\\/www.anovapeneira.gal\\\/wp-content\\\/uploads\\\/2021\\\/07\\\/plataforma_auga_e_vida_mos.jpg\",\"contentUrl\":\"https:\\\/\\\/www.anovapeneira.gal\\\/wp-content\\\/uploads\\\/2021\\\/07\\\/plataforma_auga_e_vida_mos.jpg\",\"width\":720,\"height\":432,\"caption\":\"A Plataforma 'A Auga \u00e9 Vida' recupera a memoria hist\u00f3rica das tra\u00eddas veci\u00f1ais de augas\"},{\"@type\":\"BreadcrumbList\",\"@id\":\"https:\\\/\\\/www.anovapeneira.gal\\\/index.php\\\/2021\\\/08\\\/02\\\/a-plataforma-a-auga-e-vida-recupera-a-memoria-historica-das-traidas-vecinais-de-augas\\\/#breadcrumb\",\"itemListElement\":[{\"@type\":\"ListItem\",\"position\":1,\"name\":\"Portada\",\"item\":\"https:\\\/\\\/www.anovapeneira.gal\\\/\"},{\"@type\":\"ListItem\",\"position\":2,\"name\":\"A Plataforma &#8216;A Auga \u00e9 Vida&#8217; recupera a memoria hist\u00f3rica das tra\u00eddas veci\u00f1ais de augas\"}]},{\"@type\":\"WebSite\",\"@id\":\"https:\\\/\\\/www.anovapeneira.gal\\\/#website\",\"url\":\"https:\\\/\\\/www.anovapeneira.gal\\\/\",\"name\":\"\",\"description\":\"Xornal galego de informaci\u00f3n xeral Publicaci\u00f3n mensual de novas de Galicia e en especial dos Concellos da sur da provincia de Pontevedra.\",\"publisher\":{\"@id\":\"https:\\\/\\\/www.anovapeneira.gal\\\/#organization\"},\"potentialAction\":[{\"@type\":\"SearchAction\",\"target\":{\"@type\":\"EntryPoint\",\"urlTemplate\":\"https:\\\/\\\/www.anovapeneira.gal\\\/?s={search_term_string}\"},\"query-input\":{\"@type\":\"PropertyValueSpecification\",\"valueRequired\":true,\"valueName\":\"search_term_string\"}}],\"inLanguage\":\"gl-ES\"},{\"@type\":\"Organization\",\"@id\":\"https:\\\/\\\/www.anovapeneira.gal\\\/#organization\",\"name\":\"A Nova Peneira\",\"url\":\"https:\\\/\\\/www.anovapeneira.gal\\\/\",\"logo\":{\"@type\":\"ImageObject\",\"inLanguage\":\"gl-ES\",\"@id\":\"https:\\\/\\\/www.anovapeneira.gal\\\/#\\\/schema\\\/logo\\\/image\\\/\",\"url\":\"http:\\\/\\\/www.anovapeneira.gal\\\/wp-content\\\/uploads\\\/2019\\\/06\\\/logo_a_nova_peneira_portal_web.png\",\"contentUrl\":\"http:\\\/\\\/www.anovapeneira.gal\\\/wp-content\\\/uploads\\\/2019\\\/06\\\/logo_a_nova_peneira_portal_web.png\",\"width\":300,\"height\":100,\"caption\":\"A Nova Peneira\"},\"image\":{\"@id\":\"https:\\\/\\\/www.anovapeneira.gal\\\/#\\\/schema\\\/logo\\\/image\\\/\"},\"sameAs\":[\"https:\\\/\\\/www.facebook.com\\\/anovapeneira\",\"https:\\\/\\\/x.com\\\/APeneira\"]},{\"@type\":\"Person\",\"@id\":\"https:\\\/\\\/www.anovapeneira.gal\\\/#\\\/schema\\\/person\\\/b93e3f8932e3f8da96334607eb6ac6aa\",\"name\":\"Redacci\u00f3n A Nova Peneira\",\"image\":{\"@type\":\"ImageObject\",\"inLanguage\":\"gl-ES\",\"@id\":\"https:\\\/\\\/secure.gravatar.com\\\/avatar\\\/c052a2551a06e23fac63626232eaa90abd78dbcf1700fc46a2b2c89fd27b735f?s=96&d=mm&r=g\",\"url\":\"https:\\\/\\\/secure.gravatar.com\\\/avatar\\\/c052a2551a06e23fac63626232eaa90abd78dbcf1700fc46a2b2c89fd27b735f?s=96&d=mm&r=g\",\"contentUrl\":\"https:\\\/\\\/secure.gravatar.com\\\/avatar\\\/c052a2551a06e23fac63626232eaa90abd78dbcf1700fc46a2b2c89fd27b735f?s=96&d=mm&r=g\",\"caption\":\"Redacci\u00f3n A Nova Peneira\"},\"sameAs\":[\"http:\\\/\\\/www.anovapeneira.gal\\\/\"],\"url\":\"https:\\\/\\\/www.anovapeneira.gal\\\/index.php\\\/author\\\/redactor\\\/\"}]}<\/script>\n<!-- \/ Yoast SEO plugin. -->","yoast_head_json":{"title":"A Plataforma 'A Auga \u00e9 Vida' recupera a memoria hist\u00f3rica das tra\u00eddas veci\u00f1ais de augas -","description":"A trav\u00e9s do proxecto 'A nosa auga, a nosa historia' estase a compilar o testemu\u00f1o de fundadores e comuneiros hist\u00f3ricos","robots":{"index":"index","follow":"follow","max-snippet":"max-snippet:-1","max-image-preview":"max-image-preview:large","max-video-preview":"max-video-preview:-1"},"canonical":"https:\/\/www.anovapeneira.gal\/index.php\/2021\/08\/02\/a-plataforma-a-auga-e-vida-recupera-a-memoria-historica-das-traidas-vecinais-de-augas\/","og_locale":"gl_ES","og_type":"article","og_title":"A Plataforma 'A Auga \u00e9 Vida' recupera a memoria hist\u00f3rica das tra\u00eddas veci\u00f1ais de augas -","og_description":"A trav\u00e9s do proxecto 'A nosa auga, a nosa historia' estase a compilar o testemu\u00f1o de fundadores e comuneiros hist\u00f3ricos","og_url":"https:\/\/www.anovapeneira.gal\/index.php\/2021\/08\/02\/a-plataforma-a-auga-e-vida-recupera-a-memoria-historica-das-traidas-vecinais-de-augas\/","article_publisher":"https:\/\/www.facebook.com\/anovapeneira","article_published_time":"2021-08-02T08:00:28+00:00","og_image":[{"width":720,"height":432,"url":"https:\/\/www.anovapeneira.gal\/wp-content\/uploads\/2021\/07\/plataforma_auga_e_vida_mos.jpg","type":"image\/jpeg"}],"author":"Redacci\u00f3n A Nova Peneira","twitter_card":"summary_large_image","twitter_creator":"@APeneira","twitter_site":"@APeneira","twitter_misc":{"Escrito por":"Redacci\u00f3n A Nova Peneira","Tempo de lectura":"2 minutos"},"schema":{"@context":"https:\/\/schema.org","@graph":[{"@type":"Article","@id":"https:\/\/www.anovapeneira.gal\/index.php\/2021\/08\/02\/a-plataforma-a-auga-e-vida-recupera-a-memoria-historica-das-traidas-vecinais-de-augas\/#article","isPartOf":{"@id":"https:\/\/www.anovapeneira.gal\/index.php\/2021\/08\/02\/a-plataforma-a-auga-e-vida-recupera-a-memoria-historica-das-traidas-vecinais-de-augas\/"},"author":{"name":"Redacci\u00f3n A Nova Peneira","@id":"https:\/\/www.anovapeneira.gal\/#\/schema\/person\/b93e3f8932e3f8da96334607eb6ac6aa"},"headline":"A Plataforma &#8216;A Auga \u00e9 Vida&#8217; recupera a memoria hist\u00f3rica das tra\u00eddas veci\u00f1ais de augas","datePublished":"2021-08-02T08:00:28+00:00","mainEntityOfPage":{"@id":"https:\/\/www.anovapeneira.gal\/index.php\/2021\/08\/02\/a-plataforma-a-auga-e-vida-recupera-a-memoria-historica-das-traidas-vecinais-de-augas\/"},"wordCount":533,"commentCount":0,"publisher":{"@id":"https:\/\/www.anovapeneira.gal\/#organization"},"image":{"@id":"https:\/\/www.anovapeneira.gal\/index.php\/2021\/08\/02\/a-plataforma-a-auga-e-vida-recupera-a-memoria-historica-das-traidas-vecinais-de-augas\/#primaryimage"},"thumbnailUrl":"https:\/\/www.anovapeneira.gal\/wp-content\/uploads\/2021\/07\/plataforma_auga_e_vida_mos.jpg","keywords":["Concello de Mos"],"articleSection":["A Louri\u00f1a"],"inLanguage":"gl-ES","potentialAction":[{"@type":"CommentAction","name":"Comment","target":["https:\/\/www.anovapeneira.gal\/index.php\/2021\/08\/02\/a-plataforma-a-auga-e-vida-recupera-a-memoria-historica-das-traidas-vecinais-de-augas\/#respond"]}]},{"@type":"WebPage","@id":"https:\/\/www.anovapeneira.gal\/index.php\/2021\/08\/02\/a-plataforma-a-auga-e-vida-recupera-a-memoria-historica-das-traidas-vecinais-de-augas\/","url":"https:\/\/www.anovapeneira.gal\/index.php\/2021\/08\/02\/a-plataforma-a-auga-e-vida-recupera-a-memoria-historica-das-traidas-vecinais-de-augas\/","name":"A Plataforma 'A Auga \u00e9 Vida' recupera a memoria hist\u00f3rica das tra\u00eddas veci\u00f1ais de augas -","isPartOf":{"@id":"https:\/\/www.anovapeneira.gal\/#website"},"primaryImageOfPage":{"@id":"https:\/\/www.anovapeneira.gal\/index.php\/2021\/08\/02\/a-plataforma-a-auga-e-vida-recupera-a-memoria-historica-das-traidas-vecinais-de-augas\/#primaryimage"},"image":{"@id":"https:\/\/www.anovapeneira.gal\/index.php\/2021\/08\/02\/a-plataforma-a-auga-e-vida-recupera-a-memoria-historica-das-traidas-vecinais-de-augas\/#primaryimage"},"thumbnailUrl":"https:\/\/www.anovapeneira.gal\/wp-content\/uploads\/2021\/07\/plataforma_auga_e_vida_mos.jpg","datePublished":"2021-08-02T08:00:28+00:00","description":"A trav\u00e9s do proxecto 'A nosa auga, a nosa historia' estase a compilar o testemu\u00f1o de fundadores e comuneiros hist\u00f3ricos","breadcrumb":{"@id":"https:\/\/www.anovapeneira.gal\/index.php\/2021\/08\/02\/a-plataforma-a-auga-e-vida-recupera-a-memoria-historica-das-traidas-vecinais-de-augas\/#breadcrumb"},"inLanguage":"gl-ES","potentialAction":[{"@type":"ReadAction","target":["https:\/\/www.anovapeneira.gal\/index.php\/2021\/08\/02\/a-plataforma-a-auga-e-vida-recupera-a-memoria-historica-das-traidas-vecinais-de-augas\/"]}]},{"@type":"ImageObject","inLanguage":"gl-ES","@id":"https:\/\/www.anovapeneira.gal\/index.php\/2021\/08\/02\/a-plataforma-a-auga-e-vida-recupera-a-memoria-historica-das-traidas-vecinais-de-augas\/#primaryimage","url":"https:\/\/www.anovapeneira.gal\/wp-content\/uploads\/2021\/07\/plataforma_auga_e_vida_mos.jpg","contentUrl":"https:\/\/www.anovapeneira.gal\/wp-content\/uploads\/2021\/07\/plataforma_auga_e_vida_mos.jpg","width":720,"height":432,"caption":"A Plataforma 'A Auga \u00e9 Vida' recupera a memoria hist\u00f3rica das tra\u00eddas veci\u00f1ais de augas"},{"@type":"BreadcrumbList","@id":"https:\/\/www.anovapeneira.gal\/index.php\/2021\/08\/02\/a-plataforma-a-auga-e-vida-recupera-a-memoria-historica-das-traidas-vecinais-de-augas\/#breadcrumb","itemListElement":[{"@type":"ListItem","position":1,"name":"Portada","item":"https:\/\/www.anovapeneira.gal\/"},{"@type":"ListItem","position":2,"name":"A Plataforma &#8216;A Auga \u00e9 Vida&#8217; recupera a memoria hist\u00f3rica das tra\u00eddas veci\u00f1ais de augas"}]},{"@type":"WebSite","@id":"https:\/\/www.anovapeneira.gal\/#website","url":"https:\/\/www.anovapeneira.gal\/","name":"","description":"Xornal galego de informaci\u00f3n xeral Publicaci\u00f3n mensual de novas de Galicia e en especial dos Concellos da sur da provincia de Pontevedra.","publisher":{"@id":"https:\/\/www.anovapeneira.gal\/#organization"},"potentialAction":[{"@type":"SearchAction","target":{"@type":"EntryPoint","urlTemplate":"https:\/\/www.anovapeneira.gal\/?s={search_term_string}"},"query-input":{"@type":"PropertyValueSpecification","valueRequired":true,"valueName":"search_term_string"}}],"inLanguage":"gl-ES"},{"@type":"Organization","@id":"https:\/\/www.anovapeneira.gal\/#organization","name":"A Nova Peneira","url":"https:\/\/www.anovapeneira.gal\/","logo":{"@type":"ImageObject","inLanguage":"gl-ES","@id":"https:\/\/www.anovapeneira.gal\/#\/schema\/logo\/image\/","url":"http:\/\/www.anovapeneira.gal\/wp-content\/uploads\/2019\/06\/logo_a_nova_peneira_portal_web.png","contentUrl":"http:\/\/www.anovapeneira.gal\/wp-content\/uploads\/2019\/06\/logo_a_nova_peneira_portal_web.png","width":300,"height":100,"caption":"A Nova Peneira"},"image":{"@id":"https:\/\/www.anovapeneira.gal\/#\/schema\/logo\/image\/"},"sameAs":["https:\/\/www.facebook.com\/anovapeneira","https:\/\/x.com\/APeneira"]},{"@type":"Person","@id":"https:\/\/www.anovapeneira.gal\/#\/schema\/person\/b93e3f8932e3f8da96334607eb6ac6aa","name":"Redacci\u00f3n A Nova Peneira","image":{"@type":"ImageObject","inLanguage":"gl-ES","@id":"https:\/\/secure.gravatar.com\/avatar\/c052a2551a06e23fac63626232eaa90abd78dbcf1700fc46a2b2c89fd27b735f?s=96&d=mm&r=g","url":"https:\/\/secure.gravatar.com\/avatar\/c052a2551a06e23fac63626232eaa90abd78dbcf1700fc46a2b2c89fd27b735f?s=96&d=mm&r=g","contentUrl":"https:\/\/secure.gravatar.com\/avatar\/c052a2551a06e23fac63626232eaa90abd78dbcf1700fc46a2b2c89fd27b735f?s=96&d=mm&r=g","caption":"Redacci\u00f3n A Nova Peneira"},"sameAs":["http:\/\/www.anovapeneira.gal\/"],"url":"https:\/\/www.anovapeneira.gal\/index.php\/author\/redactor\/"}]}},"jetpack_featured_media_url":"https:\/\/www.anovapeneira.gal\/wp-content\/uploads\/2021\/07\/plataforma_auga_e_vida_mos.jpg","_links":{"self":[{"href":"https:\/\/www.anovapeneira.gal\/index.php\/wp-json\/wp\/v2\/posts\/5863","targetHints":{"allow":["GET"]}}],"collection":[{"href":"https:\/\/www.anovapeneira.gal\/index.php\/wp-json\/wp\/v2\/posts"}],"about":[{"href":"https:\/\/www.anovapeneira.gal\/index.php\/wp-json\/wp\/v2\/types\/post"}],"author":[{"embeddable":true,"href":"https:\/\/www.anovapeneira.gal\/index.php\/wp-json\/wp\/v2\/users\/3"}],"replies":[{"embeddable":true,"href":"https:\/\/www.anovapeneira.gal\/index.php\/wp-json\/wp\/v2\/comments?post=5863"}],"version-history":[{"count":1,"href":"https:\/\/www.anovapeneira.gal\/index.php\/wp-json\/wp\/v2\/posts\/5863\/revisions"}],"predecessor-version":[{"id":5865,"href":"https:\/\/www.anovapeneira.gal\/index.php\/wp-json\/wp\/v2\/posts\/5863\/revisions\/5865"}],"wp:featuredmedia":[{"embeddable":true,"href":"https:\/\/www.anovapeneira.gal\/index.php\/wp-json\/wp\/v2\/media\/5864"}],"wp:attachment":[{"href":"https:\/\/www.anovapeneira.gal\/index.php\/wp-json\/wp\/v2\/media?parent=5863"}],"wp:term":[{"taxonomy":"category","embeddable":true,"href":"https:\/\/www.anovapeneira.gal\/index.php\/wp-json\/wp\/v2\/categories?post=5863"},{"taxonomy":"post_tag","embeddable":true,"href":"https:\/\/www.anovapeneira.gal\/index.php\/wp-json\/wp\/v2\/tags?post=5863"}],"curies":[{"name":"wp","href":"https:\/\/api.w.org\/{rel}","templated":true}]}}