{"id":5866,"date":"2021-08-02T12:00:23","date_gmt":"2021-08-02T10:00:23","guid":{"rendered":"https:\/\/www.anovapeneira.gal\/?p=5866"},"modified":"2021-07-30T08:11:01","modified_gmt":"2021-07-30T06:11:01","slug":"a-corporacion-aprobou-por-unanimidade-o-gasto-de-mais-de-700-000-e-en-asfaltado-e-saneamento-de-vias-municipais-duplicar-a-achega-ao-festival-de-cans-e-retomar-a-atencion-presencial-no-concello","status":"publish","type":"post","link":"https:\/\/www.anovapeneira.gal\/index.php\/2021\/08\/02\/a-corporacion-aprobou-por-unanimidade-o-gasto-de-mais-de-700-000-e-en-asfaltado-e-saneamento-de-vias-municipais-duplicar-a-achega-ao-festival-de-cans-e-retomar-a-atencion-presencial-no-concello\/","title":{"rendered":"A corporaci\u00f3n aprobou por unanimidade o gasto de m\u00e1is de 700.000 \u20ac en asfaltado e saneamento de v\u00edas municipais; duplicar a achega ao Festival de Cans e retomar a atenci\u00f3n presencial no Concello"},"content":{"rendered":"\n<h2 class=\"wp-block-heading\">A corporaci\u00f3n municipal do Porri\u00f1o aprobou por unanimidade dispo\u00f1er o gasto de 729.478 euros para obras de asfaltado e saneamento de v\u00edas municipais, segundo acordou o pleno ordinario de xullo celebrado onte. Tr\u00e1tase da primeira fase dun plan de actuaci\u00f3n plurianual m\u00e1is ambicioso valorado en m\u00e1is de 2 mill\u00f3ns de euros.&nbsp;<\/h2>\n\n\n\n<p>Este primeiro paquete de actuaci\u00f3ns financiase con remanente de tesourer\u00eda. Foi negociado pola concelleira de V\u00edas e Obras, Lourdes Moure cos demais grupos pol\u00edticos da corporaci\u00f3n local. A concelleira agradeceu nomeadamente ao Partido Popular e ao seu voceiro que &#8220;sexamos quen de chegar a acordos entre forzas pol\u00edticas tan antag\u00f3nicas&#8221; namentres Alejandro Lorenzo agradeceu \u00e1 concelleira de V\u00edas e Obras que &#8220;accedera a introducir as nosas propostas&#8221;.<\/p>\n\n\n\n<p>BNG e EU SON votaron a favor, a\u00ednda que a voceira de Esquerda Unida, Patricia S\u00edo expresou a s\u00faa discrepancia por non ter negociado a trav\u00e9s da xunta de voceiros, en lugar de reuni\u00f3ns bilaterais.<\/p>\n\n\n\n<p>Ao remate da votaci\u00f3n, a alcaldesa Eva Garc\u00eda felicitou a concelleira de V\u00edas e Obras polo consenso acadado.<\/p>\n\n\n\n<p>Tam\u00e9n por unanimidade, a corporaci\u00f3n porri\u00f1esa aprobou duplicar a achega ao Festival de Cans, que pasar\u00e1 de 20.000 a 40.000 euros anuais, segundo a proposta que defendeu Cami Moreira, concelleira de Cultura. A cambio do incremento, o Concello deixar\u00e1 de gastar en prestar apoio lox\u00edstico ao Festival en valados, sinalizaci\u00f3n, carpas e outras; realizaranse polos responsables do Festival unha ducia de proxecci\u00f3ns en parroquias e barrios ao longo do ano, e haber\u00e1 unha maior visibilidade nos actos do Festival do apoio institucional do Concello.<\/p>\n\n\n\n<p>A trav\u00e9s dunha moci\u00f3n presentada polo grupo EU SON e apoiada polos restantes grupos pol\u00edticos, o pleno da corporaci\u00f3n acordou por unanimidade recuperar a atenci\u00f3n presencial nas oficinas do Concello e prescindir da obrigatoriedade da cita previa para diversos tr\u00e1mites. En consonancia, a alcaldesa Eva Garcia anunciou que convocar\u00e1 a comisi\u00f3n municipal de seguimento da Covid para determinar as actuaci\u00f3ns a seguir e valorar a estrea de novas restrici\u00f3ns na hostaler\u00eda local, xa que O Porri\u00f1o entra a partires do s\u00e1bado 31, en nivel alto, por decisi\u00f3n da Xunta de Galicia.&nbsp;<\/p>\n","protected":false},"excerpt":{"rendered":"<div class=\"mh-excerpt\"><p>A corporaci\u00f3n municipal do Porri\u00f1o aprobou por unanimidade dispo\u00f1er o gasto de 729.478 euros para obras de asfaltado e saneamento de v\u00edas municipais, segundo acordou o pleno ordinario de xullo celebrado onte. Tr\u00e1tase da primeira fase dun plan de actuaci\u00f3n plurianual m\u00e1is ambicioso valorado en m\u00e1is de 2 mill\u00f3ns de euros <a class=\"mh-excerpt-more\" href=\"https:\/\/www.anovapeneira.gal\/index.php\/2021\/08\/02\/a-corporacion-aprobou-por-unanimidade-o-gasto-de-mais-de-700-000-e-en-asfaltado-e-saneamento-de-vias-municipais-duplicar-a-achega-ao-festival-de-cans-e-retomar-a-atencion-presencial-no-concello\/\" title=\"A corporaci\u00f3n aprobou por unanimidade o gasto de m\u00e1is de 700.000 \u20ac en asfaltado e saneamento de v\u00edas municipais; duplicar a achega ao Festival de Cans e retomar a atenci\u00f3n presencial no Concello\">[&#8230;]<\/a><\/p>\n<\/div>","protected":false},"author":3,"featured_media":5868,"comment_status":"open","ping_status":"open","sticky":false,"template":"","format":"standard","meta":{"_exactmetrics_skip_tracking":false,"_exactmetrics_sitenote_active":false,"_exactmetrics_sitenote_note":"","_exactmetrics_sitenote_category":0,"footnotes":""},"categories":[23],"tags":[411],"class_list":{"0":"post-5866","1":"post","2":"type-post","3":"status-publish","4":"format-standard","5":"has-post-thumbnail","7":"category-a-lourina","8":"tag-concello-do-porrino"},"yoast_head":"<!-- This site is optimized with the Yoast SEO plugin v27.4 - https:\/\/yoast.com\/product\/yoast-seo-wordpress\/ -->\n<title>A corporaci\u00f3n aprobou por unanimidade o gasto de m\u00e1is de 700.000 \u20ac en asfaltado e saneamento de v\u00edas municipais; duplicar a achega ao Festival de Cans e retomar a atenci\u00f3n presencial no Concello -<\/title>\n<meta name=\"description\" content=\"A corporaci\u00f3n municipal do Porri\u00f1o aprobou por unanimidade dispo\u00f1er o gasto de 729.478 euros para obras de asfaltado e saneamento de v\u00edas municipais, segundo acordou o pleno ordinario de xullo celebrado onte. Tr\u00e1tase da primeira fase dun plan de actuaci\u00f3n plurianual m\u00e1is ambicioso valorado en m\u00e1is de 2 mill\u00f3ns de euros\" \/>\n<meta name=\"robots\" content=\"index, follow, max-snippet:-1, max-image-preview:large, max-video-preview:-1\" \/>\n<link rel=\"canonical\" href=\"https:\/\/www.anovapeneira.gal\/index.php\/2021\/08\/02\/a-corporacion-aprobou-por-unanimidade-o-gasto-de-mais-de-700-000-e-en-asfaltado-e-saneamento-de-vias-municipais-duplicar-a-achega-ao-festival-de-cans-e-retomar-a-atencion-presencial-no-concello\/\" \/>\n<meta property=\"og:locale\" content=\"gl_ES\" \/>\n<meta property=\"og:type\" content=\"article\" \/>\n<meta property=\"og:title\" content=\"A corporaci\u00f3n aprobou por unanimidade o gasto de m\u00e1is de 700.000 \u20ac en asfaltado e saneamento de v\u00edas municipais; duplicar a achega ao Festival de Cans e retomar a atenci\u00f3n presencial no Concello -\" \/>\n<meta property=\"og:description\" content=\"A corporaci\u00f3n municipal do Porri\u00f1o aprobou por unanimidade dispo\u00f1er o gasto de 729.478 euros para obras de asfaltado e saneamento de v\u00edas municipais, segundo acordou o pleno ordinario de xullo celebrado onte. Tr\u00e1tase da primeira fase dun plan de actuaci\u00f3n plurianual m\u00e1is ambicioso valorado en m\u00e1is de 2 mill\u00f3ns de euros\" \/>\n<meta property=\"og:url\" content=\"https:\/\/www.anovapeneira.gal\/index.php\/2021\/08\/02\/a-corporacion-aprobou-por-unanimidade-o-gasto-de-mais-de-700-000-e-en-asfaltado-e-saneamento-de-vias-municipais-duplicar-a-achega-ao-festival-de-cans-e-retomar-a-atencion-presencial-no-concello\/\" \/>\n<meta property=\"article:publisher\" content=\"https:\/\/www.facebook.com\/anovapeneira\" \/>\n<meta property=\"article:published_time\" content=\"2021-08-02T10:00:23+00:00\" \/>\n<meta property=\"og:image\" content=\"https:\/\/www.anovapeneira.gal\/wp-content\/uploads\/2021\/07\/concello_porrino.jpg\" \/>\n\t<meta property=\"og:image:width\" content=\"720\" \/>\n\t<meta property=\"og:image:height\" content=\"432\" \/>\n\t<meta property=\"og:image:type\" content=\"image\/jpeg\" \/>\n<meta name=\"author\" content=\"Redacci\u00f3n A Nova Peneira\" \/>\n<meta name=\"twitter:card\" content=\"summary_large_image\" \/>\n<meta name=\"twitter:creator\" content=\"@APeneira\" \/>\n<meta name=\"twitter:site\" content=\"@APeneira\" \/>\n<meta name=\"twitter:label1\" content=\"Escrito por\" \/>\n\t<meta name=\"twitter:data1\" content=\"Redacci\u00f3n A Nova Peneira\" \/>\n\t<meta name=\"twitter:label2\" content=\"Tempo de lectura\" \/>\n\t<meta name=\"twitter:data2\" content=\"2 minutos\" \/>\n<script type=\"application\/ld+json\" class=\"yoast-schema-graph\">{\"@context\":\"https:\\\/\\\/schema.org\",\"@graph\":[{\"@type\":\"Article\",\"@id\":\"https:\\\/\\\/www.anovapeneira.gal\\\/index.php\\\/2021\\\/08\\\/02\\\/a-corporacion-aprobou-por-unanimidade-o-gasto-de-mais-de-700-000-e-en-asfaltado-e-saneamento-de-vias-municipais-duplicar-a-achega-ao-festival-de-cans-e-retomar-a-atencion-presencial-no-concello\\\/#article\",\"isPartOf\":{\"@id\":\"https:\\\/\\\/www.anovapeneira.gal\\\/index.php\\\/2021\\\/08\\\/02\\\/a-corporacion-aprobou-por-unanimidade-o-gasto-de-mais-de-700-000-e-en-asfaltado-e-saneamento-de-vias-municipais-duplicar-a-achega-ao-festival-de-cans-e-retomar-a-atencion-presencial-no-concello\\\/\"},\"author\":{\"name\":\"Redacci\u00f3n A Nova Peneira\",\"@id\":\"https:\\\/\\\/www.anovapeneira.gal\\\/#\\\/schema\\\/person\\\/b93e3f8932e3f8da96334607eb6ac6aa\"},\"headline\":\"A corporaci\u00f3n aprobou por unanimidade o gasto de m\u00e1is de 700.000 \u20ac en asfaltado e saneamento de v\u00edas municipais; duplicar a achega ao Festival de Cans e retomar a atenci\u00f3n presencial no Concello\",\"datePublished\":\"2021-08-02T10:00:23+00:00\",\"mainEntityOfPage\":{\"@id\":\"https:\\\/\\\/www.anovapeneira.gal\\\/index.php\\\/2021\\\/08\\\/02\\\/a-corporacion-aprobou-por-unanimidade-o-gasto-de-mais-de-700-000-e-en-asfaltado-e-saneamento-de-vias-municipais-duplicar-a-achega-ao-festival-de-cans-e-retomar-a-atencion-presencial-no-concello\\\/\"},\"wordCount\":421,\"commentCount\":0,\"publisher\":{\"@id\":\"https:\\\/\\\/www.anovapeneira.gal\\\/#organization\"},\"image\":{\"@id\":\"https:\\\/\\\/www.anovapeneira.gal\\\/index.php\\\/2021\\\/08\\\/02\\\/a-corporacion-aprobou-por-unanimidade-o-gasto-de-mais-de-700-000-e-en-asfaltado-e-saneamento-de-vias-municipais-duplicar-a-achega-ao-festival-de-cans-e-retomar-a-atencion-presencial-no-concello\\\/#primaryimage\"},\"thumbnailUrl\":\"https:\\\/\\\/www.anovapeneira.gal\\\/wp-content\\\/uploads\\\/2021\\\/07\\\/concello_porrino.jpg\",\"keywords\":[\"Concello do Porri\u00f1o\"],\"articleSection\":[\"A Louri\u00f1a\"],\"inLanguage\":\"gl-ES\",\"potentialAction\":[{\"@type\":\"CommentAction\",\"name\":\"Comment\",\"target\":[\"https:\\\/\\\/www.anovapeneira.gal\\\/index.php\\\/2021\\\/08\\\/02\\\/a-corporacion-aprobou-por-unanimidade-o-gasto-de-mais-de-700-000-e-en-asfaltado-e-saneamento-de-vias-municipais-duplicar-a-achega-ao-festival-de-cans-e-retomar-a-atencion-presencial-no-concello\\\/#respond\"]}]},{\"@type\":\"WebPage\",\"@id\":\"https:\\\/\\\/www.anovapeneira.gal\\\/index.php\\\/2021\\\/08\\\/02\\\/a-corporacion-aprobou-por-unanimidade-o-gasto-de-mais-de-700-000-e-en-asfaltado-e-saneamento-de-vias-municipais-duplicar-a-achega-ao-festival-de-cans-e-retomar-a-atencion-presencial-no-concello\\\/\",\"url\":\"https:\\\/\\\/www.anovapeneira.gal\\\/index.php\\\/2021\\\/08\\\/02\\\/a-corporacion-aprobou-por-unanimidade-o-gasto-de-mais-de-700-000-e-en-asfaltado-e-saneamento-de-vias-municipais-duplicar-a-achega-ao-festival-de-cans-e-retomar-a-atencion-presencial-no-concello\\\/\",\"name\":\"A corporaci\u00f3n aprobou por unanimidade o gasto de m\u00e1is de 700.000 \u20ac en asfaltado e saneamento de v\u00edas municipais; duplicar a achega ao Festival de Cans e retomar a atenci\u00f3n presencial no Concello -\",\"isPartOf\":{\"@id\":\"https:\\\/\\\/www.anovapeneira.gal\\\/#website\"},\"primaryImageOfPage\":{\"@id\":\"https:\\\/\\\/www.anovapeneira.gal\\\/index.php\\\/2021\\\/08\\\/02\\\/a-corporacion-aprobou-por-unanimidade-o-gasto-de-mais-de-700-000-e-en-asfaltado-e-saneamento-de-vias-municipais-duplicar-a-achega-ao-festival-de-cans-e-retomar-a-atencion-presencial-no-concello\\\/#primaryimage\"},\"image\":{\"@id\":\"https:\\\/\\\/www.anovapeneira.gal\\\/index.php\\\/2021\\\/08\\\/02\\\/a-corporacion-aprobou-por-unanimidade-o-gasto-de-mais-de-700-000-e-en-asfaltado-e-saneamento-de-vias-municipais-duplicar-a-achega-ao-festival-de-cans-e-retomar-a-atencion-presencial-no-concello\\\/#primaryimage\"},\"thumbnailUrl\":\"https:\\\/\\\/www.anovapeneira.gal\\\/wp-content\\\/uploads\\\/2021\\\/07\\\/concello_porrino.jpg\",\"datePublished\":\"2021-08-02T10:00:23+00:00\",\"description\":\"A corporaci\u00f3n municipal do Porri\u00f1o aprobou por unanimidade dispo\u00f1er o gasto de 729.478 euros para obras de asfaltado e saneamento de v\u00edas municipais, segundo acordou o pleno ordinario de xullo celebrado onte. Tr\u00e1tase da primeira fase dun plan de actuaci\u00f3n plurianual m\u00e1is ambicioso valorado en m\u00e1is de 2 mill\u00f3ns de euros\",\"breadcrumb\":{\"@id\":\"https:\\\/\\\/www.anovapeneira.gal\\\/index.php\\\/2021\\\/08\\\/02\\\/a-corporacion-aprobou-por-unanimidade-o-gasto-de-mais-de-700-000-e-en-asfaltado-e-saneamento-de-vias-municipais-duplicar-a-achega-ao-festival-de-cans-e-retomar-a-atencion-presencial-no-concello\\\/#breadcrumb\"},\"inLanguage\":\"gl-ES\",\"potentialAction\":[{\"@type\":\"ReadAction\",\"target\":[\"https:\\\/\\\/www.anovapeneira.gal\\\/index.php\\\/2021\\\/08\\\/02\\\/a-corporacion-aprobou-por-unanimidade-o-gasto-de-mais-de-700-000-e-en-asfaltado-e-saneamento-de-vias-municipais-duplicar-a-achega-ao-festival-de-cans-e-retomar-a-atencion-presencial-no-concello\\\/\"]}]},{\"@type\":\"ImageObject\",\"inLanguage\":\"gl-ES\",\"@id\":\"https:\\\/\\\/www.anovapeneira.gal\\\/index.php\\\/2021\\\/08\\\/02\\\/a-corporacion-aprobou-por-unanimidade-o-gasto-de-mais-de-700-000-e-en-asfaltado-e-saneamento-de-vias-municipais-duplicar-a-achega-ao-festival-de-cans-e-retomar-a-atencion-presencial-no-concello\\\/#primaryimage\",\"url\":\"https:\\\/\\\/www.anovapeneira.gal\\\/wp-content\\\/uploads\\\/2021\\\/07\\\/concello_porrino.jpg\",\"contentUrl\":\"https:\\\/\\\/www.anovapeneira.gal\\\/wp-content\\\/uploads\\\/2021\\\/07\\\/concello_porrino.jpg\",\"width\":720,\"height\":432,\"caption\":\"A corporaci\u00f3n aprobou por unanimidade o gasto de m\u00e1is de 700.000 \u20ac en asfaltado e saneamento de v\u00edas municipais; duplicar a achega ao Festival de Cans e retomar a atenci\u00f3n presencial no Concello\"},{\"@type\":\"BreadcrumbList\",\"@id\":\"https:\\\/\\\/www.anovapeneira.gal\\\/index.php\\\/2021\\\/08\\\/02\\\/a-corporacion-aprobou-por-unanimidade-o-gasto-de-mais-de-700-000-e-en-asfaltado-e-saneamento-de-vias-municipais-duplicar-a-achega-ao-festival-de-cans-e-retomar-a-atencion-presencial-no-concello\\\/#breadcrumb\",\"itemListElement\":[{\"@type\":\"ListItem\",\"position\":1,\"name\":\"Portada\",\"item\":\"https:\\\/\\\/www.anovapeneira.gal\\\/\"},{\"@type\":\"ListItem\",\"position\":2,\"name\":\"A corporaci\u00f3n aprobou por unanimidade o gasto de m\u00e1is de 700.000 \u20ac en asfaltado e saneamento de v\u00edas municipais; duplicar a achega ao Festival de Cans e retomar a atenci\u00f3n presencial no Concello\"}]},{\"@type\":\"WebSite\",\"@id\":\"https:\\\/\\\/www.anovapeneira.gal\\\/#website\",\"url\":\"https:\\\/\\\/www.anovapeneira.gal\\\/\",\"name\":\"\",\"description\":\"Xornal galego de informaci\u00f3n xeral Publicaci\u00f3n mensual de novas de Galicia e en especial dos Concellos da sur da provincia de Pontevedra.\",\"publisher\":{\"@id\":\"https:\\\/\\\/www.anovapeneira.gal\\\/#organization\"},\"potentialAction\":[{\"@type\":\"SearchAction\",\"target\":{\"@type\":\"EntryPoint\",\"urlTemplate\":\"https:\\\/\\\/www.anovapeneira.gal\\\/?s={search_term_string}\"},\"query-input\":{\"@type\":\"PropertyValueSpecification\",\"valueRequired\":true,\"valueName\":\"search_term_string\"}}],\"inLanguage\":\"gl-ES\"},{\"@type\":\"Organization\",\"@id\":\"https:\\\/\\\/www.anovapeneira.gal\\\/#organization\",\"name\":\"A Nova Peneira\",\"url\":\"https:\\\/\\\/www.anovapeneira.gal\\\/\",\"logo\":{\"@type\":\"ImageObject\",\"inLanguage\":\"gl-ES\",\"@id\":\"https:\\\/\\\/www.anovapeneira.gal\\\/#\\\/schema\\\/logo\\\/image\\\/\",\"url\":\"http:\\\/\\\/www.anovapeneira.gal\\\/wp-content\\\/uploads\\\/2019\\\/06\\\/logo_a_nova_peneira_portal_web.png\",\"contentUrl\":\"http:\\\/\\\/www.anovapeneira.gal\\\/wp-content\\\/uploads\\\/2019\\\/06\\\/logo_a_nova_peneira_portal_web.png\",\"width\":300,\"height\":100,\"caption\":\"A Nova Peneira\"},\"image\":{\"@id\":\"https:\\\/\\\/www.anovapeneira.gal\\\/#\\\/schema\\\/logo\\\/image\\\/\"},\"sameAs\":[\"https:\\\/\\\/www.facebook.com\\\/anovapeneira\",\"https:\\\/\\\/x.com\\\/APeneira\"]},{\"@type\":\"Person\",\"@id\":\"https:\\\/\\\/www.anovapeneira.gal\\\/#\\\/schema\\\/person\\\/b93e3f8932e3f8da96334607eb6ac6aa\",\"name\":\"Redacci\u00f3n A Nova Peneira\",\"image\":{\"@type\":\"ImageObject\",\"inLanguage\":\"gl-ES\",\"@id\":\"https:\\\/\\\/secure.gravatar.com\\\/avatar\\\/c052a2551a06e23fac63626232eaa90abd78dbcf1700fc46a2b2c89fd27b735f?s=96&d=mm&r=g\",\"url\":\"https:\\\/\\\/secure.gravatar.com\\\/avatar\\\/c052a2551a06e23fac63626232eaa90abd78dbcf1700fc46a2b2c89fd27b735f?s=96&d=mm&r=g\",\"contentUrl\":\"https:\\\/\\\/secure.gravatar.com\\\/avatar\\\/c052a2551a06e23fac63626232eaa90abd78dbcf1700fc46a2b2c89fd27b735f?s=96&d=mm&r=g\",\"caption\":\"Redacci\u00f3n A Nova Peneira\"},\"sameAs\":[\"http:\\\/\\\/www.anovapeneira.gal\\\/\"],\"url\":\"https:\\\/\\\/www.anovapeneira.gal\\\/index.php\\\/author\\\/redactor\\\/\"}]}<\/script>\n<!-- \/ Yoast SEO plugin. -->","yoast_head_json":{"title":"A corporaci\u00f3n aprobou por unanimidade o gasto de m\u00e1is de 700.000 \u20ac en asfaltado e saneamento de v\u00edas municipais; duplicar a achega ao Festival de Cans e retomar a atenci\u00f3n presencial no Concello -","description":"A corporaci\u00f3n municipal do Porri\u00f1o aprobou por unanimidade dispo\u00f1er o gasto de 729.478 euros para obras de asfaltado e saneamento de v\u00edas municipais, segundo acordou o pleno ordinario de xullo celebrado onte. Tr\u00e1tase da primeira fase dun plan de actuaci\u00f3n plurianual m\u00e1is ambicioso valorado en m\u00e1is de 2 mill\u00f3ns de euros","robots":{"index":"index","follow":"follow","max-snippet":"max-snippet:-1","max-image-preview":"max-image-preview:large","max-video-preview":"max-video-preview:-1"},"canonical":"https:\/\/www.anovapeneira.gal\/index.php\/2021\/08\/02\/a-corporacion-aprobou-por-unanimidade-o-gasto-de-mais-de-700-000-e-en-asfaltado-e-saneamento-de-vias-municipais-duplicar-a-achega-ao-festival-de-cans-e-retomar-a-atencion-presencial-no-concello\/","og_locale":"gl_ES","og_type":"article","og_title":"A corporaci\u00f3n aprobou por unanimidade o gasto de m\u00e1is de 700.000 \u20ac en asfaltado e saneamento de v\u00edas municipais; duplicar a achega ao Festival de Cans e retomar a atenci\u00f3n presencial no Concello -","og_description":"A corporaci\u00f3n municipal do Porri\u00f1o aprobou por unanimidade dispo\u00f1er o gasto de 729.478 euros para obras de asfaltado e saneamento de v\u00edas municipais, segundo acordou o pleno ordinario de xullo celebrado onte. Tr\u00e1tase da primeira fase dun plan de actuaci\u00f3n plurianual m\u00e1is ambicioso valorado en m\u00e1is de 2 mill\u00f3ns de euros","og_url":"https:\/\/www.anovapeneira.gal\/index.php\/2021\/08\/02\/a-corporacion-aprobou-por-unanimidade-o-gasto-de-mais-de-700-000-e-en-asfaltado-e-saneamento-de-vias-municipais-duplicar-a-achega-ao-festival-de-cans-e-retomar-a-atencion-presencial-no-concello\/","article_publisher":"https:\/\/www.facebook.com\/anovapeneira","article_published_time":"2021-08-02T10:00:23+00:00","og_image":[{"width":720,"height":432,"url":"https:\/\/www.anovapeneira.gal\/wp-content\/uploads\/2021\/07\/concello_porrino.jpg","type":"image\/jpeg"}],"author":"Redacci\u00f3n A Nova Peneira","twitter_card":"summary_large_image","twitter_creator":"@APeneira","twitter_site":"@APeneira","twitter_misc":{"Escrito por":"Redacci\u00f3n A Nova Peneira","Tempo de lectura":"2 minutos"},"schema":{"@context":"https:\/\/schema.org","@graph":[{"@type":"Article","@id":"https:\/\/www.anovapeneira.gal\/index.php\/2021\/08\/02\/a-corporacion-aprobou-por-unanimidade-o-gasto-de-mais-de-700-000-e-en-asfaltado-e-saneamento-de-vias-municipais-duplicar-a-achega-ao-festival-de-cans-e-retomar-a-atencion-presencial-no-concello\/#article","isPartOf":{"@id":"https:\/\/www.anovapeneira.gal\/index.php\/2021\/08\/02\/a-corporacion-aprobou-por-unanimidade-o-gasto-de-mais-de-700-000-e-en-asfaltado-e-saneamento-de-vias-municipais-duplicar-a-achega-ao-festival-de-cans-e-retomar-a-atencion-presencial-no-concello\/"},"author":{"name":"Redacci\u00f3n A Nova Peneira","@id":"https:\/\/www.anovapeneira.gal\/#\/schema\/person\/b93e3f8932e3f8da96334607eb6ac6aa"},"headline":"A corporaci\u00f3n aprobou por unanimidade o gasto de m\u00e1is de 700.000 \u20ac en asfaltado e saneamento de v\u00edas municipais; duplicar a achega ao Festival de Cans e retomar a atenci\u00f3n presencial no Concello","datePublished":"2021-08-02T10:00:23+00:00","mainEntityOfPage":{"@id":"https:\/\/www.anovapeneira.gal\/index.php\/2021\/08\/02\/a-corporacion-aprobou-por-unanimidade-o-gasto-de-mais-de-700-000-e-en-asfaltado-e-saneamento-de-vias-municipais-duplicar-a-achega-ao-festival-de-cans-e-retomar-a-atencion-presencial-no-concello\/"},"wordCount":421,"commentCount":0,"publisher":{"@id":"https:\/\/www.anovapeneira.gal\/#organization"},"image":{"@id":"https:\/\/www.anovapeneira.gal\/index.php\/2021\/08\/02\/a-corporacion-aprobou-por-unanimidade-o-gasto-de-mais-de-700-000-e-en-asfaltado-e-saneamento-de-vias-municipais-duplicar-a-achega-ao-festival-de-cans-e-retomar-a-atencion-presencial-no-concello\/#primaryimage"},"thumbnailUrl":"https:\/\/www.anovapeneira.gal\/wp-content\/uploads\/2021\/07\/concello_porrino.jpg","keywords":["Concello do Porri\u00f1o"],"articleSection":["A Louri\u00f1a"],"inLanguage":"gl-ES","potentialAction":[{"@type":"CommentAction","name":"Comment","target":["https:\/\/www.anovapeneira.gal\/index.php\/2021\/08\/02\/a-corporacion-aprobou-por-unanimidade-o-gasto-de-mais-de-700-000-e-en-asfaltado-e-saneamento-de-vias-municipais-duplicar-a-achega-ao-festival-de-cans-e-retomar-a-atencion-presencial-no-concello\/#respond"]}]},{"@type":"WebPage","@id":"https:\/\/www.anovapeneira.gal\/index.php\/2021\/08\/02\/a-corporacion-aprobou-por-unanimidade-o-gasto-de-mais-de-700-000-e-en-asfaltado-e-saneamento-de-vias-municipais-duplicar-a-achega-ao-festival-de-cans-e-retomar-a-atencion-presencial-no-concello\/","url":"https:\/\/www.anovapeneira.gal\/index.php\/2021\/08\/02\/a-corporacion-aprobou-por-unanimidade-o-gasto-de-mais-de-700-000-e-en-asfaltado-e-saneamento-de-vias-municipais-duplicar-a-achega-ao-festival-de-cans-e-retomar-a-atencion-presencial-no-concello\/","name":"A corporaci\u00f3n aprobou por unanimidade o gasto de m\u00e1is de 700.000 \u20ac en asfaltado e saneamento de v\u00edas municipais; duplicar a achega ao Festival de Cans e retomar a atenci\u00f3n presencial no Concello -","isPartOf":{"@id":"https:\/\/www.anovapeneira.gal\/#website"},"primaryImageOfPage":{"@id":"https:\/\/www.anovapeneira.gal\/index.php\/2021\/08\/02\/a-corporacion-aprobou-por-unanimidade-o-gasto-de-mais-de-700-000-e-en-asfaltado-e-saneamento-de-vias-municipais-duplicar-a-achega-ao-festival-de-cans-e-retomar-a-atencion-presencial-no-concello\/#primaryimage"},"image":{"@id":"https:\/\/www.anovapeneira.gal\/index.php\/2021\/08\/02\/a-corporacion-aprobou-por-unanimidade-o-gasto-de-mais-de-700-000-e-en-asfaltado-e-saneamento-de-vias-municipais-duplicar-a-achega-ao-festival-de-cans-e-retomar-a-atencion-presencial-no-concello\/#primaryimage"},"thumbnailUrl":"https:\/\/www.anovapeneira.gal\/wp-content\/uploads\/2021\/07\/concello_porrino.jpg","datePublished":"2021-08-02T10:00:23+00:00","description":"A corporaci\u00f3n municipal do Porri\u00f1o aprobou por unanimidade dispo\u00f1er o gasto de 729.478 euros para obras de asfaltado e saneamento de v\u00edas municipais, segundo acordou o pleno ordinario de xullo celebrado onte. Tr\u00e1tase da primeira fase dun plan de actuaci\u00f3n plurianual m\u00e1is ambicioso valorado en m\u00e1is de 2 mill\u00f3ns de euros","breadcrumb":{"@id":"https:\/\/www.anovapeneira.gal\/index.php\/2021\/08\/02\/a-corporacion-aprobou-por-unanimidade-o-gasto-de-mais-de-700-000-e-en-asfaltado-e-saneamento-de-vias-municipais-duplicar-a-achega-ao-festival-de-cans-e-retomar-a-atencion-presencial-no-concello\/#breadcrumb"},"inLanguage":"gl-ES","potentialAction":[{"@type":"ReadAction","target":["https:\/\/www.anovapeneira.gal\/index.php\/2021\/08\/02\/a-corporacion-aprobou-por-unanimidade-o-gasto-de-mais-de-700-000-e-en-asfaltado-e-saneamento-de-vias-municipais-duplicar-a-achega-ao-festival-de-cans-e-retomar-a-atencion-presencial-no-concello\/"]}]},{"@type":"ImageObject","inLanguage":"gl-ES","@id":"https:\/\/www.anovapeneira.gal\/index.php\/2021\/08\/02\/a-corporacion-aprobou-por-unanimidade-o-gasto-de-mais-de-700-000-e-en-asfaltado-e-saneamento-de-vias-municipais-duplicar-a-achega-ao-festival-de-cans-e-retomar-a-atencion-presencial-no-concello\/#primaryimage","url":"https:\/\/www.anovapeneira.gal\/wp-content\/uploads\/2021\/07\/concello_porrino.jpg","contentUrl":"https:\/\/www.anovapeneira.gal\/wp-content\/uploads\/2021\/07\/concello_porrino.jpg","width":720,"height":432,"caption":"A corporaci\u00f3n aprobou por unanimidade o gasto de m\u00e1is de 700.000 \u20ac en asfaltado e saneamento de v\u00edas municipais; duplicar a achega ao Festival de Cans e retomar a atenci\u00f3n presencial no Concello"},{"@type":"BreadcrumbList","@id":"https:\/\/www.anovapeneira.gal\/index.php\/2021\/08\/02\/a-corporacion-aprobou-por-unanimidade-o-gasto-de-mais-de-700-000-e-en-asfaltado-e-saneamento-de-vias-municipais-duplicar-a-achega-ao-festival-de-cans-e-retomar-a-atencion-presencial-no-concello\/#breadcrumb","itemListElement":[{"@type":"ListItem","position":1,"name":"Portada","item":"https:\/\/www.anovapeneira.gal\/"},{"@type":"ListItem","position":2,"name":"A corporaci\u00f3n aprobou por unanimidade o gasto de m\u00e1is de 700.000 \u20ac en asfaltado e saneamento de v\u00edas municipais; duplicar a achega ao Festival de Cans e retomar a atenci\u00f3n presencial no Concello"}]},{"@type":"WebSite","@id":"https:\/\/www.anovapeneira.gal\/#website","url":"https:\/\/www.anovapeneira.gal\/","name":"","description":"Xornal galego de informaci\u00f3n xeral Publicaci\u00f3n mensual de novas de Galicia e en especial dos Concellos da sur da provincia de Pontevedra.","publisher":{"@id":"https:\/\/www.anovapeneira.gal\/#organization"},"potentialAction":[{"@type":"SearchAction","target":{"@type":"EntryPoint","urlTemplate":"https:\/\/www.anovapeneira.gal\/?s={search_term_string}"},"query-input":{"@type":"PropertyValueSpecification","valueRequired":true,"valueName":"search_term_string"}}],"inLanguage":"gl-ES"},{"@type":"Organization","@id":"https:\/\/www.anovapeneira.gal\/#organization","name":"A Nova Peneira","url":"https:\/\/www.anovapeneira.gal\/","logo":{"@type":"ImageObject","inLanguage":"gl-ES","@id":"https:\/\/www.anovapeneira.gal\/#\/schema\/logo\/image\/","url":"http:\/\/www.anovapeneira.gal\/wp-content\/uploads\/2019\/06\/logo_a_nova_peneira_portal_web.png","contentUrl":"http:\/\/www.anovapeneira.gal\/wp-content\/uploads\/2019\/06\/logo_a_nova_peneira_portal_web.png","width":300,"height":100,"caption":"A Nova Peneira"},"image":{"@id":"https:\/\/www.anovapeneira.gal\/#\/schema\/logo\/image\/"},"sameAs":["https:\/\/www.facebook.com\/anovapeneira","https:\/\/x.com\/APeneira"]},{"@type":"Person","@id":"https:\/\/www.anovapeneira.gal\/#\/schema\/person\/b93e3f8932e3f8da96334607eb6ac6aa","name":"Redacci\u00f3n A Nova Peneira","image":{"@type":"ImageObject","inLanguage":"gl-ES","@id":"https:\/\/secure.gravatar.com\/avatar\/c052a2551a06e23fac63626232eaa90abd78dbcf1700fc46a2b2c89fd27b735f?s=96&d=mm&r=g","url":"https:\/\/secure.gravatar.com\/avatar\/c052a2551a06e23fac63626232eaa90abd78dbcf1700fc46a2b2c89fd27b735f?s=96&d=mm&r=g","contentUrl":"https:\/\/secure.gravatar.com\/avatar\/c052a2551a06e23fac63626232eaa90abd78dbcf1700fc46a2b2c89fd27b735f?s=96&d=mm&r=g","caption":"Redacci\u00f3n A Nova Peneira"},"sameAs":["http:\/\/www.anovapeneira.gal\/"],"url":"https:\/\/www.anovapeneira.gal\/index.php\/author\/redactor\/"}]}},"jetpack_featured_media_url":"https:\/\/www.anovapeneira.gal\/wp-content\/uploads\/2021\/07\/concello_porrino.jpg","_links":{"self":[{"href":"https:\/\/www.anovapeneira.gal\/index.php\/wp-json\/wp\/v2\/posts\/5866","targetHints":{"allow":["GET"]}}],"collection":[{"href":"https:\/\/www.anovapeneira.gal\/index.php\/wp-json\/wp\/v2\/posts"}],"about":[{"href":"https:\/\/www.anovapeneira.gal\/index.php\/wp-json\/wp\/v2\/types\/post"}],"author":[{"embeddable":true,"href":"https:\/\/www.anovapeneira.gal\/index.php\/wp-json\/wp\/v2\/users\/3"}],"replies":[{"embeddable":true,"href":"https:\/\/www.anovapeneira.gal\/index.php\/wp-json\/wp\/v2\/comments?post=5866"}],"version-history":[{"count":2,"href":"https:\/\/www.anovapeneira.gal\/index.php\/wp-json\/wp\/v2\/posts\/5866\/revisions"}],"predecessor-version":[{"id":5869,"href":"https:\/\/www.anovapeneira.gal\/index.php\/wp-json\/wp\/v2\/posts\/5866\/revisions\/5869"}],"wp:featuredmedia":[{"embeddable":true,"href":"https:\/\/www.anovapeneira.gal\/index.php\/wp-json\/wp\/v2\/media\/5868"}],"wp:attachment":[{"href":"https:\/\/www.anovapeneira.gal\/index.php\/wp-json\/wp\/v2\/media?parent=5866"}],"wp:term":[{"taxonomy":"category","embeddable":true,"href":"https:\/\/www.anovapeneira.gal\/index.php\/wp-json\/wp\/v2\/categories?post=5866"},{"taxonomy":"post_tag","embeddable":true,"href":"https:\/\/www.anovapeneira.gal\/index.php\/wp-json\/wp\/v2\/tags?post=5866"}],"curies":[{"name":"wp","href":"https:\/\/api.w.org\/{rel}","templated":true}]}}