{"id":587,"date":"2019-07-23T05:30:26","date_gmt":"2019-07-23T03:30:26","guid":{"rendered":"http:\/\/www.anovapeneira.gal\/?p=587"},"modified":"2019-07-23T08:12:07","modified_gmt":"2019-07-23T06:12:07","slug":"as-axudas-da-xunta-ao-galego-nos-centros-docentes-publicos-non-chega-nin-ao-20-dos-importes-solicitados","status":"publish","type":"post","link":"https:\/\/www.anovapeneira.gal\/index.php\/2019\/07\/23\/as-axudas-da-xunta-ao-galego-nos-centros-docentes-publicos-non-chega-nin-ao-20-dos-importes-solicitados\/","title":{"rendered":"As axudas da Xunta ao galego nos centros docentes p\u00fablicos non chega nin ao 20% dos importes solicitados"},"content":{"rendered":"\n<h2 class=\"wp-block-heading\"><strong>Const\u00e1tase a irrelevancia das axudas \u00e1 dinamizaci\u00f3n e normalizaci\u00f3n da nosa lingua e a desidia na s\u00faa tramitaci\u00f3n.<\/strong><\/h2>\n\n\n\n<p><strong>No DOG do xoves 27 de xu\u00f1o, un mes m\u00e1is tarde que no curso escolar anterior, a Secretar\u00eda Xeral de Pol\u00edtica Ling\u00fc\u00edstica v\u00e9n de publicar a resoluci\u00f3n pola que se conceden as axudas aos proxectos de fomento do uso do galego nos centros p\u00fablicos galegos. <\/strong> <\/p>\n\n\n\n<p>\nAs\naxudas ascenden a un total de 299.979\u20ac e lim\u00edtanse a cubrir o\n19,8% das cont\u00edas solicitadas polos colexios e institutos p\u00fablicos\ndo pa\u00eds, unha cifra que ascend\u00eda a 1.516.410\u20ac. Mais se xa \u00e9\nescandalosa a cifra global que se achega par \u201cfomentar o uso do\ngalego\u201d a\u00ednda \u00e9 m\u00e1is significativo contemplar que implica para\ncada centro esa axuda. As\u00ed, podemos observar como hai 295 centros\nque reciben menos de 1 por cada alumno ou alumna do plan solicitado,\nsendo a cont\u00eda m\u00ednima 0.07\u20ac\/alumno. S\u00f3 hai dous centros que\nreciben 20\u20ac por alumna e a maior\u00eda reciben menos de 3\u20ac, ficando\no promedio en 2,29\u20ac. Pode algu\u00e9n pensar que se fomenta o uso do\nnoso idioma cun investimento de 2\u20ac por cada alumno ou alumna dun\ncentro educativo?<\/p>\n\n\n\n<p>Desde a CIG-Ensino denunciamos novamente o nulo interese da Xunta de Galiza polo apoio ao noso idioma e instamos a un cambio de rumbo radical, tanto no financiamento dos programas de fomento da nosa lingua como en toda a normativa que desde hai case unha d\u00e9cada porf\u00eda en desmantelar o noso idioma, reducindo a s\u00faa presenza nos centros educativos e imposibilitando que o alumnado poda rematar a s\u00faa escolarizaci\u00f3n obrigatoria con capacidade para se desenvolver con normalidade na lingua propia do pa\u00eds. A consideraci\u00f3n do noso idioma como unha lingua subordinada ao respecto do castel\u00e1n, presente na propia discriminaci\u00f3n legal fomentada pola Xunta, est\u00e1 detr\u00e1s da perda acelerada de galego falantes entre as crianzas e a mocidade galega. Con axudas tan miserentas como as que se deron a co\u00f1ecer hoxe, xa sabemos que valor ten para a Xunta o uso do galego nos centros: menos de 300.000\u20ac e pouco m\u00e1is de 2\u20ac per c\u00e1pita nos 862 centros que reciben estas \u201caxudas\u201d.  <\/p>\n","protected":false},"excerpt":{"rendered":"<div class=\"mh-excerpt\"><p>Const\u00e1tase a irrelevancia das axudas \u00e1 dinamizaci\u00f3n e normalizaci\u00f3n da nosa lingua e a desidia na s\u00faa tramitaci\u00f3n <a class=\"mh-excerpt-more\" href=\"https:\/\/www.anovapeneira.gal\/index.php\/2019\/07\/23\/as-axudas-da-xunta-ao-galego-nos-centros-docentes-publicos-non-chega-nin-ao-20-dos-importes-solicitados\/\" title=\"As axudas da Xunta ao galego nos centros docentes p\u00fablicos non chega nin ao 20% dos importes solicitados\">[&#8230;]<\/a><\/p>\n<\/div>","protected":false},"author":3,"featured_media":483,"comment_status":"open","ping_status":"open","sticky":false,"template":"","format":"standard","meta":{"_exactmetrics_skip_tracking":false,"_exactmetrics_sitenote_active":false,"_exactmetrics_sitenote_note":"","_exactmetrics_sitenote_category":0,"footnotes":""},"categories":[263],"tags":[254,252,162,253,161,164],"class_list":{"0":"post-587","1":"post","2":"type-post","3":"status-publish","4":"format-standard","5":"has-post-thumbnail","7":"category-novas","8":"tag-cig-ensino","9":"tag-dinamizacion","10":"tag-lingua","11":"tag-normalizacion","12":"tag-nosa-lingua","13":"tag-politica-linguistica"},"yoast_head":"<!-- This site is optimized with the Yoast SEO plugin v27.4 - https:\/\/yoast.com\/product\/yoast-seo-wordpress\/ -->\n<title>As axudas da Xunta ao galego nos centros docentes p\u00fablicos non chega nin ao 20% dos importes solicitados -<\/title>\n<meta name=\"robots\" content=\"index, follow, max-snippet:-1, max-image-preview:large, max-video-preview:-1\" \/>\n<link rel=\"canonical\" href=\"https:\/\/www.anovapeneira.gal\/index.php\/2019\/07\/23\/as-axudas-da-xunta-ao-galego-nos-centros-docentes-publicos-non-chega-nin-ao-20-dos-importes-solicitados\/\" \/>\n<meta property=\"og:locale\" content=\"gl_ES\" \/>\n<meta property=\"og:type\" content=\"article\" \/>\n<meta property=\"og:title\" content=\"As axudas da Xunta ao galego nos centros docentes p\u00fablicos non chega nin ao 20% dos importes solicitados -\" \/>\n<meta property=\"og:description\" content=\"Const\u00e1tase a irrelevancia das axudas \u00e1 dinamizaci\u00f3n e normalizaci\u00f3n da nosa lingua e a desidia na s\u00faa tramitaci\u00f3n [...]\" \/>\n<meta property=\"og:url\" content=\"https:\/\/www.anovapeneira.gal\/index.php\/2019\/07\/23\/as-axudas-da-xunta-ao-galego-nos-centros-docentes-publicos-non-chega-nin-ao-20-dos-importes-solicitados\/\" \/>\n<meta property=\"article:publisher\" content=\"https:\/\/www.facebook.com\/anovapeneira\" \/>\n<meta property=\"article:published_time\" content=\"2019-07-23T03:30:26+00:00\" \/>\n<meta property=\"article:modified_time\" content=\"2019-07-23T06:12:07+00:00\" \/>\n<meta property=\"og:image\" content=\"https:\/\/www.anovapeneira.gal\/wp-content\/uploads\/2019\/07\/fala_galego_a_nova_peneira.jpg\" \/>\n\t<meta property=\"og:image:width\" content=\"720\" \/>\n\t<meta property=\"og:image:height\" content=\"473\" \/>\n\t<meta property=\"og:image:type\" content=\"image\/jpeg\" \/>\n<meta name=\"author\" content=\"Redacci\u00f3n A Nova Peneira\" \/>\n<meta name=\"twitter:card\" content=\"summary_large_image\" \/>\n<meta name=\"twitter:creator\" content=\"@APeneira\" \/>\n<meta name=\"twitter:site\" content=\"@APeneira\" \/>\n<meta name=\"twitter:label1\" content=\"Escrito por\" \/>\n\t<meta name=\"twitter:data1\" content=\"Redacci\u00f3n A Nova Peneira\" \/>\n\t<meta name=\"twitter:label2\" content=\"Tempo de lectura\" \/>\n\t<meta name=\"twitter:data2\" content=\"2 minutos\" \/>\n<script type=\"application\/ld+json\" class=\"yoast-schema-graph\">{\"@context\":\"https:\\\/\\\/schema.org\",\"@graph\":[{\"@type\":\"Article\",\"@id\":\"https:\\\/\\\/www.anovapeneira.gal\\\/index.php\\\/2019\\\/07\\\/23\\\/as-axudas-da-xunta-ao-galego-nos-centros-docentes-publicos-non-chega-nin-ao-20-dos-importes-solicitados\\\/#article\",\"isPartOf\":{\"@id\":\"https:\\\/\\\/www.anovapeneira.gal\\\/index.php\\\/2019\\\/07\\\/23\\\/as-axudas-da-xunta-ao-galego-nos-centros-docentes-publicos-non-chega-nin-ao-20-dos-importes-solicitados\\\/\"},\"author\":{\"name\":\"Redacci\u00f3n A Nova Peneira\",\"@id\":\"https:\\\/\\\/www.anovapeneira.gal\\\/#\\\/schema\\\/person\\\/b93e3f8932e3f8da96334607eb6ac6aa\"},\"headline\":\"As axudas da Xunta ao galego nos centros docentes p\u00fablicos non chega nin ao 20% dos importes solicitados\",\"datePublished\":\"2019-07-23T03:30:26+00:00\",\"dateModified\":\"2019-07-23T06:12:07+00:00\",\"mainEntityOfPage\":{\"@id\":\"https:\\\/\\\/www.anovapeneira.gal\\\/index.php\\\/2019\\\/07\\\/23\\\/as-axudas-da-xunta-ao-galego-nos-centros-docentes-publicos-non-chega-nin-ao-20-dos-importes-solicitados\\\/\"},\"wordCount\":391,\"commentCount\":0,\"publisher\":{\"@id\":\"https:\\\/\\\/www.anovapeneira.gal\\\/#organization\"},\"image\":{\"@id\":\"https:\\\/\\\/www.anovapeneira.gal\\\/index.php\\\/2019\\\/07\\\/23\\\/as-axudas-da-xunta-ao-galego-nos-centros-docentes-publicos-non-chega-nin-ao-20-dos-importes-solicitados\\\/#primaryimage\"},\"thumbnailUrl\":\"https:\\\/\\\/www.anovapeneira.gal\\\/wp-content\\\/uploads\\\/2019\\\/07\\\/fala_galego_a_nova_peneira.jpg\",\"keywords\":[\"CIG-Ensino\",\"Dinamizaci\u00f3n\",\"Lingua\",\"Normalizaci\u00f3n\",\"Nosa lingua\",\"Pol\u00edtica Ling\u00fc\u00edstica\"],\"articleSection\":[\"Novas\"],\"inLanguage\":\"gl-ES\",\"potentialAction\":[{\"@type\":\"CommentAction\",\"name\":\"Comment\",\"target\":[\"https:\\\/\\\/www.anovapeneira.gal\\\/index.php\\\/2019\\\/07\\\/23\\\/as-axudas-da-xunta-ao-galego-nos-centros-docentes-publicos-non-chega-nin-ao-20-dos-importes-solicitados\\\/#respond\"]}]},{\"@type\":\"WebPage\",\"@id\":\"https:\\\/\\\/www.anovapeneira.gal\\\/index.php\\\/2019\\\/07\\\/23\\\/as-axudas-da-xunta-ao-galego-nos-centros-docentes-publicos-non-chega-nin-ao-20-dos-importes-solicitados\\\/\",\"url\":\"https:\\\/\\\/www.anovapeneira.gal\\\/index.php\\\/2019\\\/07\\\/23\\\/as-axudas-da-xunta-ao-galego-nos-centros-docentes-publicos-non-chega-nin-ao-20-dos-importes-solicitados\\\/\",\"name\":\"As axudas da Xunta ao galego nos centros docentes p\u00fablicos non chega nin ao 20% dos importes solicitados -\",\"isPartOf\":{\"@id\":\"https:\\\/\\\/www.anovapeneira.gal\\\/#website\"},\"primaryImageOfPage\":{\"@id\":\"https:\\\/\\\/www.anovapeneira.gal\\\/index.php\\\/2019\\\/07\\\/23\\\/as-axudas-da-xunta-ao-galego-nos-centros-docentes-publicos-non-chega-nin-ao-20-dos-importes-solicitados\\\/#primaryimage\"},\"image\":{\"@id\":\"https:\\\/\\\/www.anovapeneira.gal\\\/index.php\\\/2019\\\/07\\\/23\\\/as-axudas-da-xunta-ao-galego-nos-centros-docentes-publicos-non-chega-nin-ao-20-dos-importes-solicitados\\\/#primaryimage\"},\"thumbnailUrl\":\"https:\\\/\\\/www.anovapeneira.gal\\\/wp-content\\\/uploads\\\/2019\\\/07\\\/fala_galego_a_nova_peneira.jpg\",\"datePublished\":\"2019-07-23T03:30:26+00:00\",\"dateModified\":\"2019-07-23T06:12:07+00:00\",\"breadcrumb\":{\"@id\":\"https:\\\/\\\/www.anovapeneira.gal\\\/index.php\\\/2019\\\/07\\\/23\\\/as-axudas-da-xunta-ao-galego-nos-centros-docentes-publicos-non-chega-nin-ao-20-dos-importes-solicitados\\\/#breadcrumb\"},\"inLanguage\":\"gl-ES\",\"potentialAction\":[{\"@type\":\"ReadAction\",\"target\":[\"https:\\\/\\\/www.anovapeneira.gal\\\/index.php\\\/2019\\\/07\\\/23\\\/as-axudas-da-xunta-ao-galego-nos-centros-docentes-publicos-non-chega-nin-ao-20-dos-importes-solicitados\\\/\"]}]},{\"@type\":\"ImageObject\",\"inLanguage\":\"gl-ES\",\"@id\":\"https:\\\/\\\/www.anovapeneira.gal\\\/index.php\\\/2019\\\/07\\\/23\\\/as-axudas-da-xunta-ao-galego-nos-centros-docentes-publicos-non-chega-nin-ao-20-dos-importes-solicitados\\\/#primaryimage\",\"url\":\"https:\\\/\\\/www.anovapeneira.gal\\\/wp-content\\\/uploads\\\/2019\\\/07\\\/fala_galego_a_nova_peneira.jpg\",\"contentUrl\":\"https:\\\/\\\/www.anovapeneira.gal\\\/wp-content\\\/uploads\\\/2019\\\/07\\\/fala_galego_a_nova_peneira.jpg\",\"width\":720,\"height\":473,\"caption\":\"Non \u00e9 para estar precisamente tan contentos Fala Galego A Nova Peneira Artigo de opini\u00f3n\"},{\"@type\":\"BreadcrumbList\",\"@id\":\"https:\\\/\\\/www.anovapeneira.gal\\\/index.php\\\/2019\\\/07\\\/23\\\/as-axudas-da-xunta-ao-galego-nos-centros-docentes-publicos-non-chega-nin-ao-20-dos-importes-solicitados\\\/#breadcrumb\",\"itemListElement\":[{\"@type\":\"ListItem\",\"position\":1,\"name\":\"Portada\",\"item\":\"https:\\\/\\\/www.anovapeneira.gal\\\/\"},{\"@type\":\"ListItem\",\"position\":2,\"name\":\"As axudas da Xunta ao galego nos centros docentes p\u00fablicos non chega nin ao 20% dos importes solicitados\"}]},{\"@type\":\"WebSite\",\"@id\":\"https:\\\/\\\/www.anovapeneira.gal\\\/#website\",\"url\":\"https:\\\/\\\/www.anovapeneira.gal\\\/\",\"name\":\"\",\"description\":\"Xornal galego de informaci\u00f3n xeral Publicaci\u00f3n mensual de novas de Galicia e en especial dos Concellos da sur da provincia de Pontevedra.\",\"publisher\":{\"@id\":\"https:\\\/\\\/www.anovapeneira.gal\\\/#organization\"},\"potentialAction\":[{\"@type\":\"SearchAction\",\"target\":{\"@type\":\"EntryPoint\",\"urlTemplate\":\"https:\\\/\\\/www.anovapeneira.gal\\\/?s={search_term_string}\"},\"query-input\":{\"@type\":\"PropertyValueSpecification\",\"valueRequired\":true,\"valueName\":\"search_term_string\"}}],\"inLanguage\":\"gl-ES\"},{\"@type\":\"Organization\",\"@id\":\"https:\\\/\\\/www.anovapeneira.gal\\\/#organization\",\"name\":\"A Nova Peneira\",\"url\":\"https:\\\/\\\/www.anovapeneira.gal\\\/\",\"logo\":{\"@type\":\"ImageObject\",\"inLanguage\":\"gl-ES\",\"@id\":\"https:\\\/\\\/www.anovapeneira.gal\\\/#\\\/schema\\\/logo\\\/image\\\/\",\"url\":\"http:\\\/\\\/www.anovapeneira.gal\\\/wp-content\\\/uploads\\\/2019\\\/06\\\/logo_a_nova_peneira_portal_web.png\",\"contentUrl\":\"http:\\\/\\\/www.anovapeneira.gal\\\/wp-content\\\/uploads\\\/2019\\\/06\\\/logo_a_nova_peneira_portal_web.png\",\"width\":300,\"height\":100,\"caption\":\"A Nova Peneira\"},\"image\":{\"@id\":\"https:\\\/\\\/www.anovapeneira.gal\\\/#\\\/schema\\\/logo\\\/image\\\/\"},\"sameAs\":[\"https:\\\/\\\/www.facebook.com\\\/anovapeneira\",\"https:\\\/\\\/x.com\\\/APeneira\"]},{\"@type\":\"Person\",\"@id\":\"https:\\\/\\\/www.anovapeneira.gal\\\/#\\\/schema\\\/person\\\/b93e3f8932e3f8da96334607eb6ac6aa\",\"name\":\"Redacci\u00f3n A Nova Peneira\",\"image\":{\"@type\":\"ImageObject\",\"inLanguage\":\"gl-ES\",\"@id\":\"https:\\\/\\\/secure.gravatar.com\\\/avatar\\\/c052a2551a06e23fac63626232eaa90abd78dbcf1700fc46a2b2c89fd27b735f?s=96&d=mm&r=g\",\"url\":\"https:\\\/\\\/secure.gravatar.com\\\/avatar\\\/c052a2551a06e23fac63626232eaa90abd78dbcf1700fc46a2b2c89fd27b735f?s=96&d=mm&r=g\",\"contentUrl\":\"https:\\\/\\\/secure.gravatar.com\\\/avatar\\\/c052a2551a06e23fac63626232eaa90abd78dbcf1700fc46a2b2c89fd27b735f?s=96&d=mm&r=g\",\"caption\":\"Redacci\u00f3n A Nova Peneira\"},\"sameAs\":[\"http:\\\/\\\/www.anovapeneira.gal\\\/\"],\"url\":\"https:\\\/\\\/www.anovapeneira.gal\\\/index.php\\\/author\\\/redactor\\\/\"}]}<\/script>\n<!-- \/ Yoast SEO plugin. -->","yoast_head_json":{"title":"As axudas da Xunta ao galego nos centros docentes p\u00fablicos non chega nin ao 20% dos importes solicitados -","robots":{"index":"index","follow":"follow","max-snippet":"max-snippet:-1","max-image-preview":"max-image-preview:large","max-video-preview":"max-video-preview:-1"},"canonical":"https:\/\/www.anovapeneira.gal\/index.php\/2019\/07\/23\/as-axudas-da-xunta-ao-galego-nos-centros-docentes-publicos-non-chega-nin-ao-20-dos-importes-solicitados\/","og_locale":"gl_ES","og_type":"article","og_title":"As axudas da Xunta ao galego nos centros docentes p\u00fablicos non chega nin ao 20% dos importes solicitados -","og_description":"Const\u00e1tase a irrelevancia das axudas \u00e1 dinamizaci\u00f3n e normalizaci\u00f3n da nosa lingua e a desidia na s\u00faa tramitaci\u00f3n [...]","og_url":"https:\/\/www.anovapeneira.gal\/index.php\/2019\/07\/23\/as-axudas-da-xunta-ao-galego-nos-centros-docentes-publicos-non-chega-nin-ao-20-dos-importes-solicitados\/","article_publisher":"https:\/\/www.facebook.com\/anovapeneira","article_published_time":"2019-07-23T03:30:26+00:00","article_modified_time":"2019-07-23T06:12:07+00:00","og_image":[{"width":720,"height":473,"url":"https:\/\/www.anovapeneira.gal\/wp-content\/uploads\/2019\/07\/fala_galego_a_nova_peneira.jpg","type":"image\/jpeg"}],"author":"Redacci\u00f3n A Nova Peneira","twitter_card":"summary_large_image","twitter_creator":"@APeneira","twitter_site":"@APeneira","twitter_misc":{"Escrito por":"Redacci\u00f3n A Nova Peneira","Tempo de lectura":"2 minutos"},"schema":{"@context":"https:\/\/schema.org","@graph":[{"@type":"Article","@id":"https:\/\/www.anovapeneira.gal\/index.php\/2019\/07\/23\/as-axudas-da-xunta-ao-galego-nos-centros-docentes-publicos-non-chega-nin-ao-20-dos-importes-solicitados\/#article","isPartOf":{"@id":"https:\/\/www.anovapeneira.gal\/index.php\/2019\/07\/23\/as-axudas-da-xunta-ao-galego-nos-centros-docentes-publicos-non-chega-nin-ao-20-dos-importes-solicitados\/"},"author":{"name":"Redacci\u00f3n A Nova Peneira","@id":"https:\/\/www.anovapeneira.gal\/#\/schema\/person\/b93e3f8932e3f8da96334607eb6ac6aa"},"headline":"As axudas da Xunta ao galego nos centros docentes p\u00fablicos non chega nin ao 20% dos importes solicitados","datePublished":"2019-07-23T03:30:26+00:00","dateModified":"2019-07-23T06:12:07+00:00","mainEntityOfPage":{"@id":"https:\/\/www.anovapeneira.gal\/index.php\/2019\/07\/23\/as-axudas-da-xunta-ao-galego-nos-centros-docentes-publicos-non-chega-nin-ao-20-dos-importes-solicitados\/"},"wordCount":391,"commentCount":0,"publisher":{"@id":"https:\/\/www.anovapeneira.gal\/#organization"},"image":{"@id":"https:\/\/www.anovapeneira.gal\/index.php\/2019\/07\/23\/as-axudas-da-xunta-ao-galego-nos-centros-docentes-publicos-non-chega-nin-ao-20-dos-importes-solicitados\/#primaryimage"},"thumbnailUrl":"https:\/\/www.anovapeneira.gal\/wp-content\/uploads\/2019\/07\/fala_galego_a_nova_peneira.jpg","keywords":["CIG-Ensino","Dinamizaci\u00f3n","Lingua","Normalizaci\u00f3n","Nosa lingua","Pol\u00edtica Ling\u00fc\u00edstica"],"articleSection":["Novas"],"inLanguage":"gl-ES","potentialAction":[{"@type":"CommentAction","name":"Comment","target":["https:\/\/www.anovapeneira.gal\/index.php\/2019\/07\/23\/as-axudas-da-xunta-ao-galego-nos-centros-docentes-publicos-non-chega-nin-ao-20-dos-importes-solicitados\/#respond"]}]},{"@type":"WebPage","@id":"https:\/\/www.anovapeneira.gal\/index.php\/2019\/07\/23\/as-axudas-da-xunta-ao-galego-nos-centros-docentes-publicos-non-chega-nin-ao-20-dos-importes-solicitados\/","url":"https:\/\/www.anovapeneira.gal\/index.php\/2019\/07\/23\/as-axudas-da-xunta-ao-galego-nos-centros-docentes-publicos-non-chega-nin-ao-20-dos-importes-solicitados\/","name":"As axudas da Xunta ao galego nos centros docentes p\u00fablicos non chega nin ao 20% dos importes solicitados -","isPartOf":{"@id":"https:\/\/www.anovapeneira.gal\/#website"},"primaryImageOfPage":{"@id":"https:\/\/www.anovapeneira.gal\/index.php\/2019\/07\/23\/as-axudas-da-xunta-ao-galego-nos-centros-docentes-publicos-non-chega-nin-ao-20-dos-importes-solicitados\/#primaryimage"},"image":{"@id":"https:\/\/www.anovapeneira.gal\/index.php\/2019\/07\/23\/as-axudas-da-xunta-ao-galego-nos-centros-docentes-publicos-non-chega-nin-ao-20-dos-importes-solicitados\/#primaryimage"},"thumbnailUrl":"https:\/\/www.anovapeneira.gal\/wp-content\/uploads\/2019\/07\/fala_galego_a_nova_peneira.jpg","datePublished":"2019-07-23T03:30:26+00:00","dateModified":"2019-07-23T06:12:07+00:00","breadcrumb":{"@id":"https:\/\/www.anovapeneira.gal\/index.php\/2019\/07\/23\/as-axudas-da-xunta-ao-galego-nos-centros-docentes-publicos-non-chega-nin-ao-20-dos-importes-solicitados\/#breadcrumb"},"inLanguage":"gl-ES","potentialAction":[{"@type":"ReadAction","target":["https:\/\/www.anovapeneira.gal\/index.php\/2019\/07\/23\/as-axudas-da-xunta-ao-galego-nos-centros-docentes-publicos-non-chega-nin-ao-20-dos-importes-solicitados\/"]}]},{"@type":"ImageObject","inLanguage":"gl-ES","@id":"https:\/\/www.anovapeneira.gal\/index.php\/2019\/07\/23\/as-axudas-da-xunta-ao-galego-nos-centros-docentes-publicos-non-chega-nin-ao-20-dos-importes-solicitados\/#primaryimage","url":"https:\/\/www.anovapeneira.gal\/wp-content\/uploads\/2019\/07\/fala_galego_a_nova_peneira.jpg","contentUrl":"https:\/\/www.anovapeneira.gal\/wp-content\/uploads\/2019\/07\/fala_galego_a_nova_peneira.jpg","width":720,"height":473,"caption":"Non \u00e9 para estar precisamente tan contentos Fala Galego A Nova Peneira Artigo de opini\u00f3n"},{"@type":"BreadcrumbList","@id":"https:\/\/www.anovapeneira.gal\/index.php\/2019\/07\/23\/as-axudas-da-xunta-ao-galego-nos-centros-docentes-publicos-non-chega-nin-ao-20-dos-importes-solicitados\/#breadcrumb","itemListElement":[{"@type":"ListItem","position":1,"name":"Portada","item":"https:\/\/www.anovapeneira.gal\/"},{"@type":"ListItem","position":2,"name":"As axudas da Xunta ao galego nos centros docentes p\u00fablicos non chega nin ao 20% dos importes solicitados"}]},{"@type":"WebSite","@id":"https:\/\/www.anovapeneira.gal\/#website","url":"https:\/\/www.anovapeneira.gal\/","name":"","description":"Xornal galego de informaci\u00f3n xeral Publicaci\u00f3n mensual de novas de Galicia e en especial dos Concellos da sur da provincia de Pontevedra.","publisher":{"@id":"https:\/\/www.anovapeneira.gal\/#organization"},"potentialAction":[{"@type":"SearchAction","target":{"@type":"EntryPoint","urlTemplate":"https:\/\/www.anovapeneira.gal\/?s={search_term_string}"},"query-input":{"@type":"PropertyValueSpecification","valueRequired":true,"valueName":"search_term_string"}}],"inLanguage":"gl-ES"},{"@type":"Organization","@id":"https:\/\/www.anovapeneira.gal\/#organization","name":"A Nova Peneira","url":"https:\/\/www.anovapeneira.gal\/","logo":{"@type":"ImageObject","inLanguage":"gl-ES","@id":"https:\/\/www.anovapeneira.gal\/#\/schema\/logo\/image\/","url":"http:\/\/www.anovapeneira.gal\/wp-content\/uploads\/2019\/06\/logo_a_nova_peneira_portal_web.png","contentUrl":"http:\/\/www.anovapeneira.gal\/wp-content\/uploads\/2019\/06\/logo_a_nova_peneira_portal_web.png","width":300,"height":100,"caption":"A Nova Peneira"},"image":{"@id":"https:\/\/www.anovapeneira.gal\/#\/schema\/logo\/image\/"},"sameAs":["https:\/\/www.facebook.com\/anovapeneira","https:\/\/x.com\/APeneira"]},{"@type":"Person","@id":"https:\/\/www.anovapeneira.gal\/#\/schema\/person\/b93e3f8932e3f8da96334607eb6ac6aa","name":"Redacci\u00f3n A Nova Peneira","image":{"@type":"ImageObject","inLanguage":"gl-ES","@id":"https:\/\/secure.gravatar.com\/avatar\/c052a2551a06e23fac63626232eaa90abd78dbcf1700fc46a2b2c89fd27b735f?s=96&d=mm&r=g","url":"https:\/\/secure.gravatar.com\/avatar\/c052a2551a06e23fac63626232eaa90abd78dbcf1700fc46a2b2c89fd27b735f?s=96&d=mm&r=g","contentUrl":"https:\/\/secure.gravatar.com\/avatar\/c052a2551a06e23fac63626232eaa90abd78dbcf1700fc46a2b2c89fd27b735f?s=96&d=mm&r=g","caption":"Redacci\u00f3n A Nova Peneira"},"sameAs":["http:\/\/www.anovapeneira.gal\/"],"url":"https:\/\/www.anovapeneira.gal\/index.php\/author\/redactor\/"}]}},"jetpack_featured_media_url":"https:\/\/www.anovapeneira.gal\/wp-content\/uploads\/2019\/07\/fala_galego_a_nova_peneira.jpg","_links":{"self":[{"href":"https:\/\/www.anovapeneira.gal\/index.php\/wp-json\/wp\/v2\/posts\/587","targetHints":{"allow":["GET"]}}],"collection":[{"href":"https:\/\/www.anovapeneira.gal\/index.php\/wp-json\/wp\/v2\/posts"}],"about":[{"href":"https:\/\/www.anovapeneira.gal\/index.php\/wp-json\/wp\/v2\/types\/post"}],"author":[{"embeddable":true,"href":"https:\/\/www.anovapeneira.gal\/index.php\/wp-json\/wp\/v2\/users\/3"}],"replies":[{"embeddable":true,"href":"https:\/\/www.anovapeneira.gal\/index.php\/wp-json\/wp\/v2\/comments?post=587"}],"version-history":[{"count":1,"href":"https:\/\/www.anovapeneira.gal\/index.php\/wp-json\/wp\/v2\/posts\/587\/revisions"}],"predecessor-version":[{"id":588,"href":"https:\/\/www.anovapeneira.gal\/index.php\/wp-json\/wp\/v2\/posts\/587\/revisions\/588"}],"wp:featuredmedia":[{"embeddable":true,"href":"https:\/\/www.anovapeneira.gal\/index.php\/wp-json\/wp\/v2\/media\/483"}],"wp:attachment":[{"href":"https:\/\/www.anovapeneira.gal\/index.php\/wp-json\/wp\/v2\/media?parent=587"}],"wp:term":[{"taxonomy":"category","embeddable":true,"href":"https:\/\/www.anovapeneira.gal\/index.php\/wp-json\/wp\/v2\/categories?post=587"},{"taxonomy":"post_tag","embeddable":true,"href":"https:\/\/www.anovapeneira.gal\/index.php\/wp-json\/wp\/v2\/tags?post=587"}],"curies":[{"name":"wp","href":"https:\/\/api.w.org\/{rel}","templated":true}]}}