{"id":5870,"date":"2021-08-03T10:00:41","date_gmt":"2021-08-03T08:00:41","guid":{"rendered":"https:\/\/www.anovapeneira.gal\/?p=5870"},"modified":"2021-07-30T08:15:31","modified_gmt":"2021-07-30T06:15:31","slug":"tomino-pon-en-marcha-cursos-para-aprender-a-manexar-as-app-passcovid-e-sergas-mobil","status":"publish","type":"post","link":"https:\/\/www.anovapeneira.gal\/index.php\/2021\/08\/03\/tomino-pon-en-marcha-cursos-para-aprender-a-manexar-as-app-passcovid-e-sergas-mobil\/","title":{"rendered":"Tomi\u00f1o pon en marcha cursos para aprender a manexar as app PassCOVID e Sergas M\u00f3bil"},"content":{"rendered":"\n<h2 class=\"wp-block-heading\"><strong>O Concello busca axudar \u00e1 veci\u00f1anza no uso das aplicaci\u00f3ns sanitarias con actividades de formaci\u00f3n de balde na aula CeMIT en agosto<\/strong><\/h2>\n\n\n\n<p><strong>Tomi\u00f1o, 28 de xullo de 2021<\/strong><\/p>\n\n\n\n<p>O Concello de Tomi\u00f1o quere axudar \u00e1 veci\u00f1anza a xestionar de xeito r\u00e1pido, \u00e1xil e c\u00f3modo todas aquelas cuesti\u00f3ns sanitarias accesibles a trav\u00e9s das novas tecnolox\u00edas. Por este motivo, pon a disposici\u00f3n de tomi\u00f1eses e tomi\u00f1easas a aula CeMIT, que organizar\u00e1 na primeira quincena de agosto varios cursos gratu\u00edtos para aprender a manexar as aplicaci\u00f3ns PassCOVID e Sergas M\u00f3bil. \u201cQueremos que todos os tomi\u00f1eses e tomi\u00f1esas te\u00f1an acceso \u00e1 sanidade non s\u00f3 de forma presencial ou telef\u00f3nica, sen\u00f3n tam\u00e9n dixital, o que ten unha morea de beneficios para a veci\u00f1anza\u201d, salienta a alcaldesa de Tomi\u00f1o, Sandra Gonz\u00e1lez.\u00a0<\/p>\n\n\n\n<p>Fomentar o emprego destas aplicaci\u00f3ns permitir\u00e1 ademais axudar a desconxestionar a xesti\u00f3n de tr\u00e1mites coti\u00e1s nos centros de sa\u00fade, que nestes intres est\u00e1n saturados ante a alta demanda de activaci\u00f3ns da \u2018Chave 365\u2019, necesaria para cuesti\u00f3ns como obter o certificado de vacinaci\u00f3n COVID. \u201cCada proceso leva m\u00e1is de 15 minutos e a\u00ednda que n\u00f3s ofrec\u00e9moslle ao Sergas poder realizar como administraci\u00f3n este tr\u00e1mite de momento non \u00e9 posible. Por iso queremos animar e ensinar \u00e1 veci\u00f1anza a empregar estas aplicaci\u00f3ns, que permiten realizar diferentes tr\u00e1mites sen ter que acudir ou chamar ao centro de sa\u00fade\u201d, explica a rexedora.&nbsp;<\/p>\n\n\n\n<p>A aula CeMIT organizar\u00e1 varias quendas deste curso de 2 horas de duraci\u00f3n na que as persoas participantes poder\u00e1n adaptar os horarios \u00e1s s\u00faas necesidades sempre que coincidan co horario de apertura da aula, de luns a venres de 09.30 a 13.30 horas e os martes tam\u00e9n de tarde de 16.30 a 20.30 horas.<\/p>\n\n\n\n<p>Para inscribirse s\u00f3 \u00e9 preciso anotarse presencialmente nas instalaci\u00f3ns da aula CeMIT, situada no Campo da Feira; chamando ao tel\u00e9fono 986 62 33 04 ou enviando un correo electr\u00f3nico a&nbsp;<a>cemit.tomino@xuntal.gal<\/a>.<\/p>\n","protected":false},"excerpt":{"rendered":"<div class=\"mh-excerpt\"><p>O Concello busca axudar \u00e1 veci\u00f1anza no uso das aplicaci\u00f3ns sanitarias con actividades de formaci\u00f3n de balde na aula CeMIT en agosto <a class=\"mh-excerpt-more\" href=\"https:\/\/www.anovapeneira.gal\/index.php\/2021\/08\/03\/tomino-pon-en-marcha-cursos-para-aprender-a-manexar-as-app-passcovid-e-sergas-mobil\/\" title=\"Tomi\u00f1o pon en marcha cursos para aprender a manexar as app PassCOVID e Sergas M\u00f3bil\">[&#8230;]<\/a><\/p>\n<\/div>","protected":false},"author":3,"featured_media":1336,"comment_status":"open","ping_status":"open","sticky":false,"template":"","format":"standard","meta":{"_exactmetrics_skip_tracking":false,"_exactmetrics_sitenote_active":false,"_exactmetrics_sitenote_note":"","_exactmetrics_sitenote_category":0,"footnotes":""},"categories":[21],"tags":[81],"class_list":{"0":"post-5870","1":"post","2":"type-post","3":"status-publish","4":"format-standard","5":"has-post-thumbnail","7":"category-baixo-mino","8":"tag-concello-de-tomino"},"yoast_head":"<!-- This site is optimized with the Yoast SEO plugin v27.4 - https:\/\/yoast.com\/product\/yoast-seo-wordpress\/ -->\n<title>Tomi\u00f1o pon en marcha cursos para aprender a manexar as app PassCOVID e Sergas M\u00f3bil -<\/title>\n<meta name=\"description\" content=\"O Concello busca axudar \u00e1 veci\u00f1anza no uso das aplicaci\u00f3ns sanitarias con actividades de formaci\u00f3n de balde na aula CeMIT en agosto\" \/>\n<meta name=\"robots\" content=\"index, follow, max-snippet:-1, max-image-preview:large, max-video-preview:-1\" \/>\n<link rel=\"canonical\" href=\"https:\/\/www.anovapeneira.gal\/index.php\/2021\/08\/03\/tomino-pon-en-marcha-cursos-para-aprender-a-manexar-as-app-passcovid-e-sergas-mobil\/\" \/>\n<meta property=\"og:locale\" content=\"gl_ES\" \/>\n<meta property=\"og:type\" content=\"article\" \/>\n<meta property=\"og:title\" content=\"Tomi\u00f1o pon en marcha cursos para aprender a manexar as app PassCOVID e Sergas M\u00f3bil -\" \/>\n<meta property=\"og:description\" content=\"O Concello busca axudar \u00e1 veci\u00f1anza no uso das aplicaci\u00f3ns sanitarias con actividades de formaci\u00f3n de balde na aula CeMIT en agosto\" \/>\n<meta property=\"og:url\" content=\"https:\/\/www.anovapeneira.gal\/index.php\/2021\/08\/03\/tomino-pon-en-marcha-cursos-para-aprender-a-manexar-as-app-passcovid-e-sergas-mobil\/\" \/>\n<meta property=\"article:publisher\" content=\"https:\/\/www.facebook.com\/anovapeneira\" \/>\n<meta property=\"article:published_time\" content=\"2021-08-03T08:00:41+00:00\" \/>\n<meta property=\"og:image\" content=\"https:\/\/www.anovapeneira.gal\/wp-content\/uploads\/2019\/09\/concello_De_tominho_a_nova_peneria.jpg\" \/>\n\t<meta property=\"og:image:width\" content=\"720\" \/>\n\t<meta property=\"og:image:height\" content=\"473\" \/>\n\t<meta property=\"og:image:type\" content=\"image\/jpeg\" \/>\n<meta name=\"author\" content=\"Redacci\u00f3n A Nova Peneira\" \/>\n<meta name=\"twitter:card\" content=\"summary_large_image\" \/>\n<meta name=\"twitter:creator\" content=\"@APeneira\" \/>\n<meta name=\"twitter:site\" content=\"@APeneira\" \/>\n<meta name=\"twitter:label1\" content=\"Escrito por\" \/>\n\t<meta name=\"twitter:data1\" content=\"Redacci\u00f3n A Nova Peneira\" \/>\n\t<meta name=\"twitter:label2\" content=\"Tempo de lectura\" \/>\n\t<meta name=\"twitter:data2\" content=\"2 minutos\" \/>\n<script type=\"application\/ld+json\" class=\"yoast-schema-graph\">{\"@context\":\"https:\\\/\\\/schema.org\",\"@graph\":[{\"@type\":\"Article\",\"@id\":\"https:\\\/\\\/www.anovapeneira.gal\\\/index.php\\\/2021\\\/08\\\/03\\\/tomino-pon-en-marcha-cursos-para-aprender-a-manexar-as-app-passcovid-e-sergas-mobil\\\/#article\",\"isPartOf\":{\"@id\":\"https:\\\/\\\/www.anovapeneira.gal\\\/index.php\\\/2021\\\/08\\\/03\\\/tomino-pon-en-marcha-cursos-para-aprender-a-manexar-as-app-passcovid-e-sergas-mobil\\\/\"},\"author\":{\"name\":\"Redacci\u00f3n A Nova Peneira\",\"@id\":\"https:\\\/\\\/www.anovapeneira.gal\\\/#\\\/schema\\\/person\\\/b93e3f8932e3f8da96334607eb6ac6aa\"},\"headline\":\"Tomi\u00f1o pon en marcha cursos para aprender a manexar as app PassCOVID e Sergas M\u00f3bil\",\"datePublished\":\"2021-08-03T08:00:41+00:00\",\"mainEntityOfPage\":{\"@id\":\"https:\\\/\\\/www.anovapeneira.gal\\\/index.php\\\/2021\\\/08\\\/03\\\/tomino-pon-en-marcha-cursos-para-aprender-a-manexar-as-app-passcovid-e-sergas-mobil\\\/\"},\"wordCount\":363,\"commentCount\":0,\"publisher\":{\"@id\":\"https:\\\/\\\/www.anovapeneira.gal\\\/#organization\"},\"image\":{\"@id\":\"https:\\\/\\\/www.anovapeneira.gal\\\/index.php\\\/2021\\\/08\\\/03\\\/tomino-pon-en-marcha-cursos-para-aprender-a-manexar-as-app-passcovid-e-sergas-mobil\\\/#primaryimage\"},\"thumbnailUrl\":\"https:\\\/\\\/www.anovapeneira.gal\\\/wp-content\\\/uploads\\\/2019\\\/09\\\/concello_De_tominho_a_nova_peneria.jpg\",\"keywords\":[\"Concello de Tomi\u00f1o\"],\"articleSection\":[\"Baixo Mi\u00f1o\"],\"inLanguage\":\"gl-ES\",\"potentialAction\":[{\"@type\":\"CommentAction\",\"name\":\"Comment\",\"target\":[\"https:\\\/\\\/www.anovapeneira.gal\\\/index.php\\\/2021\\\/08\\\/03\\\/tomino-pon-en-marcha-cursos-para-aprender-a-manexar-as-app-passcovid-e-sergas-mobil\\\/#respond\"]}]},{\"@type\":\"WebPage\",\"@id\":\"https:\\\/\\\/www.anovapeneira.gal\\\/index.php\\\/2021\\\/08\\\/03\\\/tomino-pon-en-marcha-cursos-para-aprender-a-manexar-as-app-passcovid-e-sergas-mobil\\\/\",\"url\":\"https:\\\/\\\/www.anovapeneira.gal\\\/index.php\\\/2021\\\/08\\\/03\\\/tomino-pon-en-marcha-cursos-para-aprender-a-manexar-as-app-passcovid-e-sergas-mobil\\\/\",\"name\":\"Tomi\u00f1o pon en marcha cursos para aprender a manexar as app PassCOVID e Sergas M\u00f3bil -\",\"isPartOf\":{\"@id\":\"https:\\\/\\\/www.anovapeneira.gal\\\/#website\"},\"primaryImageOfPage\":{\"@id\":\"https:\\\/\\\/www.anovapeneira.gal\\\/index.php\\\/2021\\\/08\\\/03\\\/tomino-pon-en-marcha-cursos-para-aprender-a-manexar-as-app-passcovid-e-sergas-mobil\\\/#primaryimage\"},\"image\":{\"@id\":\"https:\\\/\\\/www.anovapeneira.gal\\\/index.php\\\/2021\\\/08\\\/03\\\/tomino-pon-en-marcha-cursos-para-aprender-a-manexar-as-app-passcovid-e-sergas-mobil\\\/#primaryimage\"},\"thumbnailUrl\":\"https:\\\/\\\/www.anovapeneira.gal\\\/wp-content\\\/uploads\\\/2019\\\/09\\\/concello_De_tominho_a_nova_peneria.jpg\",\"datePublished\":\"2021-08-03T08:00:41+00:00\",\"description\":\"O Concello busca axudar \u00e1 veci\u00f1anza no uso das aplicaci\u00f3ns sanitarias con actividades de formaci\u00f3n de balde na aula CeMIT en agosto\",\"breadcrumb\":{\"@id\":\"https:\\\/\\\/www.anovapeneira.gal\\\/index.php\\\/2021\\\/08\\\/03\\\/tomino-pon-en-marcha-cursos-para-aprender-a-manexar-as-app-passcovid-e-sergas-mobil\\\/#breadcrumb\"},\"inLanguage\":\"gl-ES\",\"potentialAction\":[{\"@type\":\"ReadAction\",\"target\":[\"https:\\\/\\\/www.anovapeneira.gal\\\/index.php\\\/2021\\\/08\\\/03\\\/tomino-pon-en-marcha-cursos-para-aprender-a-manexar-as-app-passcovid-e-sergas-mobil\\\/\"]}]},{\"@type\":\"ImageObject\",\"inLanguage\":\"gl-ES\",\"@id\":\"https:\\\/\\\/www.anovapeneira.gal\\\/index.php\\\/2021\\\/08\\\/03\\\/tomino-pon-en-marcha-cursos-para-aprender-a-manexar-as-app-passcovid-e-sergas-mobil\\\/#primaryimage\",\"url\":\"https:\\\/\\\/www.anovapeneira.gal\\\/wp-content\\\/uploads\\\/2019\\\/09\\\/concello_De_tominho_a_nova_peneria.jpg\",\"contentUrl\":\"https:\\\/\\\/www.anovapeneira.gal\\\/wp-content\\\/uploads\\\/2019\\\/09\\\/concello_De_tominho_a_nova_peneria.jpg\",\"width\":720,\"height\":473,\"caption\":\"Concello de Tomi\u00f1o A Nova Peneira\"},{\"@type\":\"BreadcrumbList\",\"@id\":\"https:\\\/\\\/www.anovapeneira.gal\\\/index.php\\\/2021\\\/08\\\/03\\\/tomino-pon-en-marcha-cursos-para-aprender-a-manexar-as-app-passcovid-e-sergas-mobil\\\/#breadcrumb\",\"itemListElement\":[{\"@type\":\"ListItem\",\"position\":1,\"name\":\"Portada\",\"item\":\"https:\\\/\\\/www.anovapeneira.gal\\\/\"},{\"@type\":\"ListItem\",\"position\":2,\"name\":\"Tomi\u00f1o pon en marcha cursos para aprender a manexar as app PassCOVID e Sergas M\u00f3bil\"}]},{\"@type\":\"WebSite\",\"@id\":\"https:\\\/\\\/www.anovapeneira.gal\\\/#website\",\"url\":\"https:\\\/\\\/www.anovapeneira.gal\\\/\",\"name\":\"\",\"description\":\"Xornal galego de informaci\u00f3n xeral Publicaci\u00f3n mensual de novas de Galicia e en especial dos Concellos da sur da provincia de Pontevedra.\",\"publisher\":{\"@id\":\"https:\\\/\\\/www.anovapeneira.gal\\\/#organization\"},\"potentialAction\":[{\"@type\":\"SearchAction\",\"target\":{\"@type\":\"EntryPoint\",\"urlTemplate\":\"https:\\\/\\\/www.anovapeneira.gal\\\/?s={search_term_string}\"},\"query-input\":{\"@type\":\"PropertyValueSpecification\",\"valueRequired\":true,\"valueName\":\"search_term_string\"}}],\"inLanguage\":\"gl-ES\"},{\"@type\":\"Organization\",\"@id\":\"https:\\\/\\\/www.anovapeneira.gal\\\/#organization\",\"name\":\"A Nova Peneira\",\"url\":\"https:\\\/\\\/www.anovapeneira.gal\\\/\",\"logo\":{\"@type\":\"ImageObject\",\"inLanguage\":\"gl-ES\",\"@id\":\"https:\\\/\\\/www.anovapeneira.gal\\\/#\\\/schema\\\/logo\\\/image\\\/\",\"url\":\"http:\\\/\\\/www.anovapeneira.gal\\\/wp-content\\\/uploads\\\/2019\\\/06\\\/logo_a_nova_peneira_portal_web.png\",\"contentUrl\":\"http:\\\/\\\/www.anovapeneira.gal\\\/wp-content\\\/uploads\\\/2019\\\/06\\\/logo_a_nova_peneira_portal_web.png\",\"width\":300,\"height\":100,\"caption\":\"A Nova Peneira\"},\"image\":{\"@id\":\"https:\\\/\\\/www.anovapeneira.gal\\\/#\\\/schema\\\/logo\\\/image\\\/\"},\"sameAs\":[\"https:\\\/\\\/www.facebook.com\\\/anovapeneira\",\"https:\\\/\\\/x.com\\\/APeneira\"]},{\"@type\":\"Person\",\"@id\":\"https:\\\/\\\/www.anovapeneira.gal\\\/#\\\/schema\\\/person\\\/b93e3f8932e3f8da96334607eb6ac6aa\",\"name\":\"Redacci\u00f3n A Nova Peneira\",\"image\":{\"@type\":\"ImageObject\",\"inLanguage\":\"gl-ES\",\"@id\":\"https:\\\/\\\/secure.gravatar.com\\\/avatar\\\/c052a2551a06e23fac63626232eaa90abd78dbcf1700fc46a2b2c89fd27b735f?s=96&d=mm&r=g\",\"url\":\"https:\\\/\\\/secure.gravatar.com\\\/avatar\\\/c052a2551a06e23fac63626232eaa90abd78dbcf1700fc46a2b2c89fd27b735f?s=96&d=mm&r=g\",\"contentUrl\":\"https:\\\/\\\/secure.gravatar.com\\\/avatar\\\/c052a2551a06e23fac63626232eaa90abd78dbcf1700fc46a2b2c89fd27b735f?s=96&d=mm&r=g\",\"caption\":\"Redacci\u00f3n A Nova Peneira\"},\"sameAs\":[\"http:\\\/\\\/www.anovapeneira.gal\\\/\"],\"url\":\"https:\\\/\\\/www.anovapeneira.gal\\\/index.php\\\/author\\\/redactor\\\/\"}]}<\/script>\n<!-- \/ Yoast SEO plugin. -->","yoast_head_json":{"title":"Tomi\u00f1o pon en marcha cursos para aprender a manexar as app PassCOVID e Sergas M\u00f3bil -","description":"O Concello busca axudar \u00e1 veci\u00f1anza no uso das aplicaci\u00f3ns sanitarias con actividades de formaci\u00f3n de balde na aula CeMIT en agosto","robots":{"index":"index","follow":"follow","max-snippet":"max-snippet:-1","max-image-preview":"max-image-preview:large","max-video-preview":"max-video-preview:-1"},"canonical":"https:\/\/www.anovapeneira.gal\/index.php\/2021\/08\/03\/tomino-pon-en-marcha-cursos-para-aprender-a-manexar-as-app-passcovid-e-sergas-mobil\/","og_locale":"gl_ES","og_type":"article","og_title":"Tomi\u00f1o pon en marcha cursos para aprender a manexar as app PassCOVID e Sergas M\u00f3bil -","og_description":"O Concello busca axudar \u00e1 veci\u00f1anza no uso das aplicaci\u00f3ns sanitarias con actividades de formaci\u00f3n de balde na aula CeMIT en agosto","og_url":"https:\/\/www.anovapeneira.gal\/index.php\/2021\/08\/03\/tomino-pon-en-marcha-cursos-para-aprender-a-manexar-as-app-passcovid-e-sergas-mobil\/","article_publisher":"https:\/\/www.facebook.com\/anovapeneira","article_published_time":"2021-08-03T08:00:41+00:00","og_image":[{"width":720,"height":473,"url":"https:\/\/www.anovapeneira.gal\/wp-content\/uploads\/2019\/09\/concello_De_tominho_a_nova_peneria.jpg","type":"image\/jpeg"}],"author":"Redacci\u00f3n A Nova Peneira","twitter_card":"summary_large_image","twitter_creator":"@APeneira","twitter_site":"@APeneira","twitter_misc":{"Escrito por":"Redacci\u00f3n A Nova Peneira","Tempo de lectura":"2 minutos"},"schema":{"@context":"https:\/\/schema.org","@graph":[{"@type":"Article","@id":"https:\/\/www.anovapeneira.gal\/index.php\/2021\/08\/03\/tomino-pon-en-marcha-cursos-para-aprender-a-manexar-as-app-passcovid-e-sergas-mobil\/#article","isPartOf":{"@id":"https:\/\/www.anovapeneira.gal\/index.php\/2021\/08\/03\/tomino-pon-en-marcha-cursos-para-aprender-a-manexar-as-app-passcovid-e-sergas-mobil\/"},"author":{"name":"Redacci\u00f3n A Nova Peneira","@id":"https:\/\/www.anovapeneira.gal\/#\/schema\/person\/b93e3f8932e3f8da96334607eb6ac6aa"},"headline":"Tomi\u00f1o pon en marcha cursos para aprender a manexar as app PassCOVID e Sergas M\u00f3bil","datePublished":"2021-08-03T08:00:41+00:00","mainEntityOfPage":{"@id":"https:\/\/www.anovapeneira.gal\/index.php\/2021\/08\/03\/tomino-pon-en-marcha-cursos-para-aprender-a-manexar-as-app-passcovid-e-sergas-mobil\/"},"wordCount":363,"commentCount":0,"publisher":{"@id":"https:\/\/www.anovapeneira.gal\/#organization"},"image":{"@id":"https:\/\/www.anovapeneira.gal\/index.php\/2021\/08\/03\/tomino-pon-en-marcha-cursos-para-aprender-a-manexar-as-app-passcovid-e-sergas-mobil\/#primaryimage"},"thumbnailUrl":"https:\/\/www.anovapeneira.gal\/wp-content\/uploads\/2019\/09\/concello_De_tominho_a_nova_peneria.jpg","keywords":["Concello de Tomi\u00f1o"],"articleSection":["Baixo Mi\u00f1o"],"inLanguage":"gl-ES","potentialAction":[{"@type":"CommentAction","name":"Comment","target":["https:\/\/www.anovapeneira.gal\/index.php\/2021\/08\/03\/tomino-pon-en-marcha-cursos-para-aprender-a-manexar-as-app-passcovid-e-sergas-mobil\/#respond"]}]},{"@type":"WebPage","@id":"https:\/\/www.anovapeneira.gal\/index.php\/2021\/08\/03\/tomino-pon-en-marcha-cursos-para-aprender-a-manexar-as-app-passcovid-e-sergas-mobil\/","url":"https:\/\/www.anovapeneira.gal\/index.php\/2021\/08\/03\/tomino-pon-en-marcha-cursos-para-aprender-a-manexar-as-app-passcovid-e-sergas-mobil\/","name":"Tomi\u00f1o pon en marcha cursos para aprender a manexar as app PassCOVID e Sergas M\u00f3bil -","isPartOf":{"@id":"https:\/\/www.anovapeneira.gal\/#website"},"primaryImageOfPage":{"@id":"https:\/\/www.anovapeneira.gal\/index.php\/2021\/08\/03\/tomino-pon-en-marcha-cursos-para-aprender-a-manexar-as-app-passcovid-e-sergas-mobil\/#primaryimage"},"image":{"@id":"https:\/\/www.anovapeneira.gal\/index.php\/2021\/08\/03\/tomino-pon-en-marcha-cursos-para-aprender-a-manexar-as-app-passcovid-e-sergas-mobil\/#primaryimage"},"thumbnailUrl":"https:\/\/www.anovapeneira.gal\/wp-content\/uploads\/2019\/09\/concello_De_tominho_a_nova_peneria.jpg","datePublished":"2021-08-03T08:00:41+00:00","description":"O Concello busca axudar \u00e1 veci\u00f1anza no uso das aplicaci\u00f3ns sanitarias con actividades de formaci\u00f3n de balde na aula CeMIT en agosto","breadcrumb":{"@id":"https:\/\/www.anovapeneira.gal\/index.php\/2021\/08\/03\/tomino-pon-en-marcha-cursos-para-aprender-a-manexar-as-app-passcovid-e-sergas-mobil\/#breadcrumb"},"inLanguage":"gl-ES","potentialAction":[{"@type":"ReadAction","target":["https:\/\/www.anovapeneira.gal\/index.php\/2021\/08\/03\/tomino-pon-en-marcha-cursos-para-aprender-a-manexar-as-app-passcovid-e-sergas-mobil\/"]}]},{"@type":"ImageObject","inLanguage":"gl-ES","@id":"https:\/\/www.anovapeneira.gal\/index.php\/2021\/08\/03\/tomino-pon-en-marcha-cursos-para-aprender-a-manexar-as-app-passcovid-e-sergas-mobil\/#primaryimage","url":"https:\/\/www.anovapeneira.gal\/wp-content\/uploads\/2019\/09\/concello_De_tominho_a_nova_peneria.jpg","contentUrl":"https:\/\/www.anovapeneira.gal\/wp-content\/uploads\/2019\/09\/concello_De_tominho_a_nova_peneria.jpg","width":720,"height":473,"caption":"Concello de Tomi\u00f1o A Nova Peneira"},{"@type":"BreadcrumbList","@id":"https:\/\/www.anovapeneira.gal\/index.php\/2021\/08\/03\/tomino-pon-en-marcha-cursos-para-aprender-a-manexar-as-app-passcovid-e-sergas-mobil\/#breadcrumb","itemListElement":[{"@type":"ListItem","position":1,"name":"Portada","item":"https:\/\/www.anovapeneira.gal\/"},{"@type":"ListItem","position":2,"name":"Tomi\u00f1o pon en marcha cursos para aprender a manexar as app PassCOVID e Sergas M\u00f3bil"}]},{"@type":"WebSite","@id":"https:\/\/www.anovapeneira.gal\/#website","url":"https:\/\/www.anovapeneira.gal\/","name":"","description":"Xornal galego de informaci\u00f3n xeral Publicaci\u00f3n mensual de novas de Galicia e en especial dos Concellos da sur da provincia de Pontevedra.","publisher":{"@id":"https:\/\/www.anovapeneira.gal\/#organization"},"potentialAction":[{"@type":"SearchAction","target":{"@type":"EntryPoint","urlTemplate":"https:\/\/www.anovapeneira.gal\/?s={search_term_string}"},"query-input":{"@type":"PropertyValueSpecification","valueRequired":true,"valueName":"search_term_string"}}],"inLanguage":"gl-ES"},{"@type":"Organization","@id":"https:\/\/www.anovapeneira.gal\/#organization","name":"A Nova Peneira","url":"https:\/\/www.anovapeneira.gal\/","logo":{"@type":"ImageObject","inLanguage":"gl-ES","@id":"https:\/\/www.anovapeneira.gal\/#\/schema\/logo\/image\/","url":"http:\/\/www.anovapeneira.gal\/wp-content\/uploads\/2019\/06\/logo_a_nova_peneira_portal_web.png","contentUrl":"http:\/\/www.anovapeneira.gal\/wp-content\/uploads\/2019\/06\/logo_a_nova_peneira_portal_web.png","width":300,"height":100,"caption":"A Nova Peneira"},"image":{"@id":"https:\/\/www.anovapeneira.gal\/#\/schema\/logo\/image\/"},"sameAs":["https:\/\/www.facebook.com\/anovapeneira","https:\/\/x.com\/APeneira"]},{"@type":"Person","@id":"https:\/\/www.anovapeneira.gal\/#\/schema\/person\/b93e3f8932e3f8da96334607eb6ac6aa","name":"Redacci\u00f3n A Nova Peneira","image":{"@type":"ImageObject","inLanguage":"gl-ES","@id":"https:\/\/secure.gravatar.com\/avatar\/c052a2551a06e23fac63626232eaa90abd78dbcf1700fc46a2b2c89fd27b735f?s=96&d=mm&r=g","url":"https:\/\/secure.gravatar.com\/avatar\/c052a2551a06e23fac63626232eaa90abd78dbcf1700fc46a2b2c89fd27b735f?s=96&d=mm&r=g","contentUrl":"https:\/\/secure.gravatar.com\/avatar\/c052a2551a06e23fac63626232eaa90abd78dbcf1700fc46a2b2c89fd27b735f?s=96&d=mm&r=g","caption":"Redacci\u00f3n A Nova Peneira"},"sameAs":["http:\/\/www.anovapeneira.gal\/"],"url":"https:\/\/www.anovapeneira.gal\/index.php\/author\/redactor\/"}]}},"jetpack_featured_media_url":"https:\/\/www.anovapeneira.gal\/wp-content\/uploads\/2019\/09\/concello_De_tominho_a_nova_peneria.jpg","_links":{"self":[{"href":"https:\/\/www.anovapeneira.gal\/index.php\/wp-json\/wp\/v2\/posts\/5870","targetHints":{"allow":["GET"]}}],"collection":[{"href":"https:\/\/www.anovapeneira.gal\/index.php\/wp-json\/wp\/v2\/posts"}],"about":[{"href":"https:\/\/www.anovapeneira.gal\/index.php\/wp-json\/wp\/v2\/types\/post"}],"author":[{"embeddable":true,"href":"https:\/\/www.anovapeneira.gal\/index.php\/wp-json\/wp\/v2\/users\/3"}],"replies":[{"embeddable":true,"href":"https:\/\/www.anovapeneira.gal\/index.php\/wp-json\/wp\/v2\/comments?post=5870"}],"version-history":[{"count":1,"href":"https:\/\/www.anovapeneira.gal\/index.php\/wp-json\/wp\/v2\/posts\/5870\/revisions"}],"predecessor-version":[{"id":5871,"href":"https:\/\/www.anovapeneira.gal\/index.php\/wp-json\/wp\/v2\/posts\/5870\/revisions\/5871"}],"wp:featuredmedia":[{"embeddable":true,"href":"https:\/\/www.anovapeneira.gal\/index.php\/wp-json\/wp\/v2\/media\/1336"}],"wp:attachment":[{"href":"https:\/\/www.anovapeneira.gal\/index.php\/wp-json\/wp\/v2\/media?parent=5870"}],"wp:term":[{"taxonomy":"category","embeddable":true,"href":"https:\/\/www.anovapeneira.gal\/index.php\/wp-json\/wp\/v2\/categories?post=5870"},{"taxonomy":"post_tag","embeddable":true,"href":"https:\/\/www.anovapeneira.gal\/index.php\/wp-json\/wp\/v2\/tags?post=5870"}],"curies":[{"name":"wp","href":"https:\/\/api.w.org\/{rel}","templated":true}]}}