{"id":5872,"date":"2021-08-03T12:00:39","date_gmt":"2021-08-03T10:00:39","guid":{"rendered":"https:\/\/www.anovapeneira.gal\/?p=5872"},"modified":"2021-07-30T08:21:20","modified_gmt":"2021-07-30T06:21:20","slug":"a-concellaria-de-medio-ambiente-conclue-unha-vintena-de-melloras-na-contorna-das-praias","status":"publish","type":"post","link":"https:\/\/www.anovapeneira.gal\/index.php\/2021\/08\/03\/a-concellaria-de-medio-ambiente-conclue-unha-vintena-de-melloras-na-contorna-das-praias\/","title":{"rendered":"A Concellar\u00eda de Medio Ambiente concl\u00fae unha vintena de melloras na contorna das praias"},"content":{"rendered":"\n<h2 class=\"wp-block-heading\"><strong>O paseo de Cesantes estrear\u00e1 papeleiras, pintado de farois e toldos nos bancos e no acceso aos ba\u00f1os<\/strong><\/h2>\n\n\n\n<h4 class=\"wp-block-heading\"><strong>Estas obras acomet\u00e9ronse grazas ao aforro acadado co plan de recollida manual de algas<\/strong><\/h4>\n\n\n\n<p><strong>Redondela, 28 de xullo de 2021<\/strong><\/p>\n\n\n\n<p>A Concellar\u00eda de Medio Ambiente de Redondela, dirixida por Roberto Villar, v\u00e9n de rematar unha vintena de pequenas actuaci\u00f3ns para mellorar a contorna das praias do municipio, dando resposta con moitas delas a diferentes reclamaci\u00f3ns veci\u00f1ais. Todas estas obras lev\u00e1ronse a cabo grazas ao aforro acadado co plan de recollida de algas manual que supuxo dispor dun orzamento de entre 15.000 e 20.000 euros para desenvolver estas melloras que xa poden gozar os redondel\u00e1ns e os visitantes \u00e1s praias deste municipio.\u00a0<\/p>\n\n\n\n<p>Entre as actuaci\u00f3ns acometidas, destacan as do paseo da praia de Cesantes onde se instalaron toldos en varios bancos e nas entradas aos ba\u00f1os, pintaranse os 125 farois do mesmo e substituiranse todas as papeleiras. Tam\u00e9n en Cesantes elimin\u00e1ronse os carteis informativos de marisqueo que estaban soterrados no espazo de mar e coloc\u00e1ronse outros en terra. Tam\u00e9n acoutouse, cun valado de corda, a duna deste areal e, na zona dos estaleiros e na do regato, estendeuse area para mellorar as zonas de toallas.&nbsp;<\/p>\n\n\n\n<p>Nas zonas de A Mari\u00f1a as\u00ed como nas dunas da zona de kitesurf de A Punta procedeuse \u00e1 instalaci\u00f3n de fontes. Tam\u00e9n se mellorou o espazo contiguo ao club de Remo cun axardinamento e bolardos para evitar que os coches aparquen nas beirarr\u00faas. En Arelalonga, a Concellar\u00eda dispuxo unha varanda de protecci\u00f3n nos dous r\u00edos, mellorouse unha fonte nas duchas e estendeuse unha gabarra de area para mellorar distintas zonas deste areal e, na praia de Anto\u00f1ito, houbo unha intervenci\u00f3n nos accesos coa renovaci\u00f3n do valado.<\/p>\n\n\n\n<p>Tam\u00e9n, entre os servizos que se puxeron en marcha este ano en todos os areais de Redondela, destaca a limpeza das mesas dos merendeiros e a dos ba\u00f1os das praias que est\u00e1n abertos ao p\u00fablico de d\u00eda e noite.<\/p>\n","protected":false},"excerpt":{"rendered":"<div class=\"mh-excerpt\"><p>O paseo de Cesantes estrear\u00e1 papeleiras, pintado de farois e toldos nos bancos e no acceso aos ba\u00f1os <a class=\"mh-excerpt-more\" href=\"https:\/\/www.anovapeneira.gal\/index.php\/2021\/08\/03\/a-concellaria-de-medio-ambiente-conclue-unha-vintena-de-melloras-na-contorna-das-praias\/\" title=\"A Concellar\u00eda de Medio Ambiente concl\u00fae unha vintena de melloras na contorna das praias\">[&#8230;]<\/a><\/p>\n<\/div>","protected":false},"author":3,"featured_media":5873,"comment_status":"open","ping_status":"open","sticky":false,"template":"","format":"standard","meta":{"_exactmetrics_skip_tracking":false,"_exactmetrics_sitenote_active":false,"_exactmetrics_sitenote_note":"","_exactmetrics_sitenote_category":0,"footnotes":""},"categories":[24],"tags":[171],"class_list":{"0":"post-5872","1":"post","2":"type-post","3":"status-publish","4":"format-standard","5":"has-post-thumbnail","7":"category-redondela","8":"tag-concello-de-redondela"},"yoast_head":"<!-- This site is optimized with the Yoast SEO plugin v27.4 - https:\/\/yoast.com\/product\/yoast-seo-wordpress\/ -->\n<title>A Concellar\u00eda de Medio Ambiente concl\u00fae unha vintena de melloras na contorna das praias -<\/title>\n<meta name=\"description\" content=\"O paseo de Cesantes estrear\u00e1 papeleiras, pintado de farois e toldos nos bancos e no acceso aos ba\u00f1os\" \/>\n<meta name=\"robots\" content=\"index, follow, max-snippet:-1, max-image-preview:large, max-video-preview:-1\" \/>\n<link rel=\"canonical\" href=\"https:\/\/www.anovapeneira.gal\/index.php\/2021\/08\/03\/a-concellaria-de-medio-ambiente-conclue-unha-vintena-de-melloras-na-contorna-das-praias\/\" \/>\n<meta property=\"og:locale\" content=\"gl_ES\" \/>\n<meta property=\"og:type\" content=\"article\" \/>\n<meta property=\"og:title\" content=\"A Concellar\u00eda de Medio Ambiente concl\u00fae unha vintena de melloras na contorna das praias -\" \/>\n<meta property=\"og:description\" content=\"O paseo de Cesantes estrear\u00e1 papeleiras, pintado de farois e toldos nos bancos e no acceso aos ba\u00f1os\" \/>\n<meta property=\"og:url\" content=\"https:\/\/www.anovapeneira.gal\/index.php\/2021\/08\/03\/a-concellaria-de-medio-ambiente-conclue-unha-vintena-de-melloras-na-contorna-das-praias\/\" \/>\n<meta property=\"article:publisher\" content=\"https:\/\/www.facebook.com\/anovapeneira\" \/>\n<meta property=\"article:published_time\" content=\"2021-08-03T10:00:39+00:00\" \/>\n<meta property=\"og:image\" content=\"https:\/\/www.anovapeneira.gal\/wp-content\/uploads\/2021\/07\/toldos_cesantes.jpg\" \/>\n\t<meta property=\"og:image:width\" content=\"720\" \/>\n\t<meta property=\"og:image:height\" content=\"432\" \/>\n\t<meta property=\"og:image:type\" content=\"image\/jpeg\" \/>\n<meta name=\"author\" content=\"Redacci\u00f3n A Nova Peneira\" \/>\n<meta name=\"twitter:card\" content=\"summary_large_image\" \/>\n<meta name=\"twitter:creator\" content=\"@APeneira\" \/>\n<meta name=\"twitter:site\" content=\"@APeneira\" \/>\n<meta name=\"twitter:label1\" content=\"Escrito por\" \/>\n\t<meta name=\"twitter:data1\" content=\"Redacci\u00f3n A Nova Peneira\" \/>\n\t<meta name=\"twitter:label2\" content=\"Tempo de lectura\" \/>\n\t<meta name=\"twitter:data2\" content=\"2 minutos\" \/>\n<script type=\"application\/ld+json\" class=\"yoast-schema-graph\">{\"@context\":\"https:\\\/\\\/schema.org\",\"@graph\":[{\"@type\":\"Article\",\"@id\":\"https:\\\/\\\/www.anovapeneira.gal\\\/index.php\\\/2021\\\/08\\\/03\\\/a-concellaria-de-medio-ambiente-conclue-unha-vintena-de-melloras-na-contorna-das-praias\\\/#article\",\"isPartOf\":{\"@id\":\"https:\\\/\\\/www.anovapeneira.gal\\\/index.php\\\/2021\\\/08\\\/03\\\/a-concellaria-de-medio-ambiente-conclue-unha-vintena-de-melloras-na-contorna-das-praias\\\/\"},\"author\":{\"name\":\"Redacci\u00f3n A Nova Peneira\",\"@id\":\"https:\\\/\\\/www.anovapeneira.gal\\\/#\\\/schema\\\/person\\\/b93e3f8932e3f8da96334607eb6ac6aa\"},\"headline\":\"A Concellar\u00eda de Medio Ambiente concl\u00fae unha vintena de melloras na contorna das praias\",\"datePublished\":\"2021-08-03T10:00:39+00:00\",\"mainEntityOfPage\":{\"@id\":\"https:\\\/\\\/www.anovapeneira.gal\\\/index.php\\\/2021\\\/08\\\/03\\\/a-concellaria-de-medio-ambiente-conclue-unha-vintena-de-melloras-na-contorna-das-praias\\\/\"},\"wordCount\":368,\"commentCount\":0,\"publisher\":{\"@id\":\"https:\\\/\\\/www.anovapeneira.gal\\\/#organization\"},\"image\":{\"@id\":\"https:\\\/\\\/www.anovapeneira.gal\\\/index.php\\\/2021\\\/08\\\/03\\\/a-concellaria-de-medio-ambiente-conclue-unha-vintena-de-melloras-na-contorna-das-praias\\\/#primaryimage\"},\"thumbnailUrl\":\"https:\\\/\\\/www.anovapeneira.gal\\\/wp-content\\\/uploads\\\/2021\\\/07\\\/toldos_cesantes.jpg\",\"keywords\":[\"Concello de Redondela\"],\"articleSection\":[\"Redondela\"],\"inLanguage\":\"gl-ES\",\"potentialAction\":[{\"@type\":\"CommentAction\",\"name\":\"Comment\",\"target\":[\"https:\\\/\\\/www.anovapeneira.gal\\\/index.php\\\/2021\\\/08\\\/03\\\/a-concellaria-de-medio-ambiente-conclue-unha-vintena-de-melloras-na-contorna-das-praias\\\/#respond\"]}]},{\"@type\":\"WebPage\",\"@id\":\"https:\\\/\\\/www.anovapeneira.gal\\\/index.php\\\/2021\\\/08\\\/03\\\/a-concellaria-de-medio-ambiente-conclue-unha-vintena-de-melloras-na-contorna-das-praias\\\/\",\"url\":\"https:\\\/\\\/www.anovapeneira.gal\\\/index.php\\\/2021\\\/08\\\/03\\\/a-concellaria-de-medio-ambiente-conclue-unha-vintena-de-melloras-na-contorna-das-praias\\\/\",\"name\":\"A Concellar\u00eda de Medio Ambiente concl\u00fae unha vintena de melloras na contorna das praias -\",\"isPartOf\":{\"@id\":\"https:\\\/\\\/www.anovapeneira.gal\\\/#website\"},\"primaryImageOfPage\":{\"@id\":\"https:\\\/\\\/www.anovapeneira.gal\\\/index.php\\\/2021\\\/08\\\/03\\\/a-concellaria-de-medio-ambiente-conclue-unha-vintena-de-melloras-na-contorna-das-praias\\\/#primaryimage\"},\"image\":{\"@id\":\"https:\\\/\\\/www.anovapeneira.gal\\\/index.php\\\/2021\\\/08\\\/03\\\/a-concellaria-de-medio-ambiente-conclue-unha-vintena-de-melloras-na-contorna-das-praias\\\/#primaryimage\"},\"thumbnailUrl\":\"https:\\\/\\\/www.anovapeneira.gal\\\/wp-content\\\/uploads\\\/2021\\\/07\\\/toldos_cesantes.jpg\",\"datePublished\":\"2021-08-03T10:00:39+00:00\",\"description\":\"O paseo de Cesantes estrear\u00e1 papeleiras, pintado de farois e toldos nos bancos e no acceso aos ba\u00f1os\",\"breadcrumb\":{\"@id\":\"https:\\\/\\\/www.anovapeneira.gal\\\/index.php\\\/2021\\\/08\\\/03\\\/a-concellaria-de-medio-ambiente-conclue-unha-vintena-de-melloras-na-contorna-das-praias\\\/#breadcrumb\"},\"inLanguage\":\"gl-ES\",\"potentialAction\":[{\"@type\":\"ReadAction\",\"target\":[\"https:\\\/\\\/www.anovapeneira.gal\\\/index.php\\\/2021\\\/08\\\/03\\\/a-concellaria-de-medio-ambiente-conclue-unha-vintena-de-melloras-na-contorna-das-praias\\\/\"]}]},{\"@type\":\"ImageObject\",\"inLanguage\":\"gl-ES\",\"@id\":\"https:\\\/\\\/www.anovapeneira.gal\\\/index.php\\\/2021\\\/08\\\/03\\\/a-concellaria-de-medio-ambiente-conclue-unha-vintena-de-melloras-na-contorna-das-praias\\\/#primaryimage\",\"url\":\"https:\\\/\\\/www.anovapeneira.gal\\\/wp-content\\\/uploads\\\/2021\\\/07\\\/toldos_cesantes.jpg\",\"contentUrl\":\"https:\\\/\\\/www.anovapeneira.gal\\\/wp-content\\\/uploads\\\/2021\\\/07\\\/toldos_cesantes.jpg\",\"width\":720,\"height\":432,\"caption\":\"A Concellar\u00eda de Medio Ambiente concl\u00fae unha vintena de melloras na contorna das praias\"},{\"@type\":\"BreadcrumbList\",\"@id\":\"https:\\\/\\\/www.anovapeneira.gal\\\/index.php\\\/2021\\\/08\\\/03\\\/a-concellaria-de-medio-ambiente-conclue-unha-vintena-de-melloras-na-contorna-das-praias\\\/#breadcrumb\",\"itemListElement\":[{\"@type\":\"ListItem\",\"position\":1,\"name\":\"Portada\",\"item\":\"https:\\\/\\\/www.anovapeneira.gal\\\/\"},{\"@type\":\"ListItem\",\"position\":2,\"name\":\"A Concellar\u00eda de Medio Ambiente concl\u00fae unha vintena de melloras na contorna das praias\"}]},{\"@type\":\"WebSite\",\"@id\":\"https:\\\/\\\/www.anovapeneira.gal\\\/#website\",\"url\":\"https:\\\/\\\/www.anovapeneira.gal\\\/\",\"name\":\"\",\"description\":\"Xornal galego de informaci\u00f3n xeral Publicaci\u00f3n mensual de novas de Galicia e en especial dos Concellos da sur da provincia de Pontevedra.\",\"publisher\":{\"@id\":\"https:\\\/\\\/www.anovapeneira.gal\\\/#organization\"},\"potentialAction\":[{\"@type\":\"SearchAction\",\"target\":{\"@type\":\"EntryPoint\",\"urlTemplate\":\"https:\\\/\\\/www.anovapeneira.gal\\\/?s={search_term_string}\"},\"query-input\":{\"@type\":\"PropertyValueSpecification\",\"valueRequired\":true,\"valueName\":\"search_term_string\"}}],\"inLanguage\":\"gl-ES\"},{\"@type\":\"Organization\",\"@id\":\"https:\\\/\\\/www.anovapeneira.gal\\\/#organization\",\"name\":\"A Nova Peneira\",\"url\":\"https:\\\/\\\/www.anovapeneira.gal\\\/\",\"logo\":{\"@type\":\"ImageObject\",\"inLanguage\":\"gl-ES\",\"@id\":\"https:\\\/\\\/www.anovapeneira.gal\\\/#\\\/schema\\\/logo\\\/image\\\/\",\"url\":\"http:\\\/\\\/www.anovapeneira.gal\\\/wp-content\\\/uploads\\\/2019\\\/06\\\/logo_a_nova_peneira_portal_web.png\",\"contentUrl\":\"http:\\\/\\\/www.anovapeneira.gal\\\/wp-content\\\/uploads\\\/2019\\\/06\\\/logo_a_nova_peneira_portal_web.png\",\"width\":300,\"height\":100,\"caption\":\"A Nova Peneira\"},\"image\":{\"@id\":\"https:\\\/\\\/www.anovapeneira.gal\\\/#\\\/schema\\\/logo\\\/image\\\/\"},\"sameAs\":[\"https:\\\/\\\/www.facebook.com\\\/anovapeneira\",\"https:\\\/\\\/x.com\\\/APeneira\"]},{\"@type\":\"Person\",\"@id\":\"https:\\\/\\\/www.anovapeneira.gal\\\/#\\\/schema\\\/person\\\/b93e3f8932e3f8da96334607eb6ac6aa\",\"name\":\"Redacci\u00f3n A Nova Peneira\",\"image\":{\"@type\":\"ImageObject\",\"inLanguage\":\"gl-ES\",\"@id\":\"https:\\\/\\\/secure.gravatar.com\\\/avatar\\\/c052a2551a06e23fac63626232eaa90abd78dbcf1700fc46a2b2c89fd27b735f?s=96&d=mm&r=g\",\"url\":\"https:\\\/\\\/secure.gravatar.com\\\/avatar\\\/c052a2551a06e23fac63626232eaa90abd78dbcf1700fc46a2b2c89fd27b735f?s=96&d=mm&r=g\",\"contentUrl\":\"https:\\\/\\\/secure.gravatar.com\\\/avatar\\\/c052a2551a06e23fac63626232eaa90abd78dbcf1700fc46a2b2c89fd27b735f?s=96&d=mm&r=g\",\"caption\":\"Redacci\u00f3n A Nova Peneira\"},\"sameAs\":[\"http:\\\/\\\/www.anovapeneira.gal\\\/\"],\"url\":\"https:\\\/\\\/www.anovapeneira.gal\\\/index.php\\\/author\\\/redactor\\\/\"}]}<\/script>\n<!-- \/ Yoast SEO plugin. -->","yoast_head_json":{"title":"A Concellar\u00eda de Medio Ambiente concl\u00fae unha vintena de melloras na contorna das praias -","description":"O paseo de Cesantes estrear\u00e1 papeleiras, pintado de farois e toldos nos bancos e no acceso aos ba\u00f1os","robots":{"index":"index","follow":"follow","max-snippet":"max-snippet:-1","max-image-preview":"max-image-preview:large","max-video-preview":"max-video-preview:-1"},"canonical":"https:\/\/www.anovapeneira.gal\/index.php\/2021\/08\/03\/a-concellaria-de-medio-ambiente-conclue-unha-vintena-de-melloras-na-contorna-das-praias\/","og_locale":"gl_ES","og_type":"article","og_title":"A Concellar\u00eda de Medio Ambiente concl\u00fae unha vintena de melloras na contorna das praias -","og_description":"O paseo de Cesantes estrear\u00e1 papeleiras, pintado de farois e toldos nos bancos e no acceso aos ba\u00f1os","og_url":"https:\/\/www.anovapeneira.gal\/index.php\/2021\/08\/03\/a-concellaria-de-medio-ambiente-conclue-unha-vintena-de-melloras-na-contorna-das-praias\/","article_publisher":"https:\/\/www.facebook.com\/anovapeneira","article_published_time":"2021-08-03T10:00:39+00:00","og_image":[{"width":720,"height":432,"url":"https:\/\/www.anovapeneira.gal\/wp-content\/uploads\/2021\/07\/toldos_cesantes.jpg","type":"image\/jpeg"}],"author":"Redacci\u00f3n A Nova Peneira","twitter_card":"summary_large_image","twitter_creator":"@APeneira","twitter_site":"@APeneira","twitter_misc":{"Escrito por":"Redacci\u00f3n A Nova Peneira","Tempo de lectura":"2 minutos"},"schema":{"@context":"https:\/\/schema.org","@graph":[{"@type":"Article","@id":"https:\/\/www.anovapeneira.gal\/index.php\/2021\/08\/03\/a-concellaria-de-medio-ambiente-conclue-unha-vintena-de-melloras-na-contorna-das-praias\/#article","isPartOf":{"@id":"https:\/\/www.anovapeneira.gal\/index.php\/2021\/08\/03\/a-concellaria-de-medio-ambiente-conclue-unha-vintena-de-melloras-na-contorna-das-praias\/"},"author":{"name":"Redacci\u00f3n A Nova Peneira","@id":"https:\/\/www.anovapeneira.gal\/#\/schema\/person\/b93e3f8932e3f8da96334607eb6ac6aa"},"headline":"A Concellar\u00eda de Medio Ambiente concl\u00fae unha vintena de melloras na contorna das praias","datePublished":"2021-08-03T10:00:39+00:00","mainEntityOfPage":{"@id":"https:\/\/www.anovapeneira.gal\/index.php\/2021\/08\/03\/a-concellaria-de-medio-ambiente-conclue-unha-vintena-de-melloras-na-contorna-das-praias\/"},"wordCount":368,"commentCount":0,"publisher":{"@id":"https:\/\/www.anovapeneira.gal\/#organization"},"image":{"@id":"https:\/\/www.anovapeneira.gal\/index.php\/2021\/08\/03\/a-concellaria-de-medio-ambiente-conclue-unha-vintena-de-melloras-na-contorna-das-praias\/#primaryimage"},"thumbnailUrl":"https:\/\/www.anovapeneira.gal\/wp-content\/uploads\/2021\/07\/toldos_cesantes.jpg","keywords":["Concello de Redondela"],"articleSection":["Redondela"],"inLanguage":"gl-ES","potentialAction":[{"@type":"CommentAction","name":"Comment","target":["https:\/\/www.anovapeneira.gal\/index.php\/2021\/08\/03\/a-concellaria-de-medio-ambiente-conclue-unha-vintena-de-melloras-na-contorna-das-praias\/#respond"]}]},{"@type":"WebPage","@id":"https:\/\/www.anovapeneira.gal\/index.php\/2021\/08\/03\/a-concellaria-de-medio-ambiente-conclue-unha-vintena-de-melloras-na-contorna-das-praias\/","url":"https:\/\/www.anovapeneira.gal\/index.php\/2021\/08\/03\/a-concellaria-de-medio-ambiente-conclue-unha-vintena-de-melloras-na-contorna-das-praias\/","name":"A Concellar\u00eda de Medio Ambiente concl\u00fae unha vintena de melloras na contorna das praias -","isPartOf":{"@id":"https:\/\/www.anovapeneira.gal\/#website"},"primaryImageOfPage":{"@id":"https:\/\/www.anovapeneira.gal\/index.php\/2021\/08\/03\/a-concellaria-de-medio-ambiente-conclue-unha-vintena-de-melloras-na-contorna-das-praias\/#primaryimage"},"image":{"@id":"https:\/\/www.anovapeneira.gal\/index.php\/2021\/08\/03\/a-concellaria-de-medio-ambiente-conclue-unha-vintena-de-melloras-na-contorna-das-praias\/#primaryimage"},"thumbnailUrl":"https:\/\/www.anovapeneira.gal\/wp-content\/uploads\/2021\/07\/toldos_cesantes.jpg","datePublished":"2021-08-03T10:00:39+00:00","description":"O paseo de Cesantes estrear\u00e1 papeleiras, pintado de farois e toldos nos bancos e no acceso aos ba\u00f1os","breadcrumb":{"@id":"https:\/\/www.anovapeneira.gal\/index.php\/2021\/08\/03\/a-concellaria-de-medio-ambiente-conclue-unha-vintena-de-melloras-na-contorna-das-praias\/#breadcrumb"},"inLanguage":"gl-ES","potentialAction":[{"@type":"ReadAction","target":["https:\/\/www.anovapeneira.gal\/index.php\/2021\/08\/03\/a-concellaria-de-medio-ambiente-conclue-unha-vintena-de-melloras-na-contorna-das-praias\/"]}]},{"@type":"ImageObject","inLanguage":"gl-ES","@id":"https:\/\/www.anovapeneira.gal\/index.php\/2021\/08\/03\/a-concellaria-de-medio-ambiente-conclue-unha-vintena-de-melloras-na-contorna-das-praias\/#primaryimage","url":"https:\/\/www.anovapeneira.gal\/wp-content\/uploads\/2021\/07\/toldos_cesantes.jpg","contentUrl":"https:\/\/www.anovapeneira.gal\/wp-content\/uploads\/2021\/07\/toldos_cesantes.jpg","width":720,"height":432,"caption":"A Concellar\u00eda de Medio Ambiente concl\u00fae unha vintena de melloras na contorna das praias"},{"@type":"BreadcrumbList","@id":"https:\/\/www.anovapeneira.gal\/index.php\/2021\/08\/03\/a-concellaria-de-medio-ambiente-conclue-unha-vintena-de-melloras-na-contorna-das-praias\/#breadcrumb","itemListElement":[{"@type":"ListItem","position":1,"name":"Portada","item":"https:\/\/www.anovapeneira.gal\/"},{"@type":"ListItem","position":2,"name":"A Concellar\u00eda de Medio Ambiente concl\u00fae unha vintena de melloras na contorna das praias"}]},{"@type":"WebSite","@id":"https:\/\/www.anovapeneira.gal\/#website","url":"https:\/\/www.anovapeneira.gal\/","name":"","description":"Xornal galego de informaci\u00f3n xeral Publicaci\u00f3n mensual de novas de Galicia e en especial dos Concellos da sur da provincia de Pontevedra.","publisher":{"@id":"https:\/\/www.anovapeneira.gal\/#organization"},"potentialAction":[{"@type":"SearchAction","target":{"@type":"EntryPoint","urlTemplate":"https:\/\/www.anovapeneira.gal\/?s={search_term_string}"},"query-input":{"@type":"PropertyValueSpecification","valueRequired":true,"valueName":"search_term_string"}}],"inLanguage":"gl-ES"},{"@type":"Organization","@id":"https:\/\/www.anovapeneira.gal\/#organization","name":"A Nova Peneira","url":"https:\/\/www.anovapeneira.gal\/","logo":{"@type":"ImageObject","inLanguage":"gl-ES","@id":"https:\/\/www.anovapeneira.gal\/#\/schema\/logo\/image\/","url":"http:\/\/www.anovapeneira.gal\/wp-content\/uploads\/2019\/06\/logo_a_nova_peneira_portal_web.png","contentUrl":"http:\/\/www.anovapeneira.gal\/wp-content\/uploads\/2019\/06\/logo_a_nova_peneira_portal_web.png","width":300,"height":100,"caption":"A Nova Peneira"},"image":{"@id":"https:\/\/www.anovapeneira.gal\/#\/schema\/logo\/image\/"},"sameAs":["https:\/\/www.facebook.com\/anovapeneira","https:\/\/x.com\/APeneira"]},{"@type":"Person","@id":"https:\/\/www.anovapeneira.gal\/#\/schema\/person\/b93e3f8932e3f8da96334607eb6ac6aa","name":"Redacci\u00f3n A Nova Peneira","image":{"@type":"ImageObject","inLanguage":"gl-ES","@id":"https:\/\/secure.gravatar.com\/avatar\/c052a2551a06e23fac63626232eaa90abd78dbcf1700fc46a2b2c89fd27b735f?s=96&d=mm&r=g","url":"https:\/\/secure.gravatar.com\/avatar\/c052a2551a06e23fac63626232eaa90abd78dbcf1700fc46a2b2c89fd27b735f?s=96&d=mm&r=g","contentUrl":"https:\/\/secure.gravatar.com\/avatar\/c052a2551a06e23fac63626232eaa90abd78dbcf1700fc46a2b2c89fd27b735f?s=96&d=mm&r=g","caption":"Redacci\u00f3n A Nova Peneira"},"sameAs":["http:\/\/www.anovapeneira.gal\/"],"url":"https:\/\/www.anovapeneira.gal\/index.php\/author\/redactor\/"}]}},"jetpack_featured_media_url":"https:\/\/www.anovapeneira.gal\/wp-content\/uploads\/2021\/07\/toldos_cesantes.jpg","_links":{"self":[{"href":"https:\/\/www.anovapeneira.gal\/index.php\/wp-json\/wp\/v2\/posts\/5872","targetHints":{"allow":["GET"]}}],"collection":[{"href":"https:\/\/www.anovapeneira.gal\/index.php\/wp-json\/wp\/v2\/posts"}],"about":[{"href":"https:\/\/www.anovapeneira.gal\/index.php\/wp-json\/wp\/v2\/types\/post"}],"author":[{"embeddable":true,"href":"https:\/\/www.anovapeneira.gal\/index.php\/wp-json\/wp\/v2\/users\/3"}],"replies":[{"embeddable":true,"href":"https:\/\/www.anovapeneira.gal\/index.php\/wp-json\/wp\/v2\/comments?post=5872"}],"version-history":[{"count":1,"href":"https:\/\/www.anovapeneira.gal\/index.php\/wp-json\/wp\/v2\/posts\/5872\/revisions"}],"predecessor-version":[{"id":5874,"href":"https:\/\/www.anovapeneira.gal\/index.php\/wp-json\/wp\/v2\/posts\/5872\/revisions\/5874"}],"wp:featuredmedia":[{"embeddable":true,"href":"https:\/\/www.anovapeneira.gal\/index.php\/wp-json\/wp\/v2\/media\/5873"}],"wp:attachment":[{"href":"https:\/\/www.anovapeneira.gal\/index.php\/wp-json\/wp\/v2\/media?parent=5872"}],"wp:term":[{"taxonomy":"category","embeddable":true,"href":"https:\/\/www.anovapeneira.gal\/index.php\/wp-json\/wp\/v2\/categories?post=5872"},{"taxonomy":"post_tag","embeddable":true,"href":"https:\/\/www.anovapeneira.gal\/index.php\/wp-json\/wp\/v2\/tags?post=5872"}],"curies":[{"name":"wp","href":"https:\/\/api.w.org\/{rel}","templated":true}]}}