{"id":5875,"date":"2021-08-04T10:00:46","date_gmt":"2021-08-04T08:00:46","guid":{"rendered":"https:\/\/www.anovapeneira.gal\/?p=5875"},"modified":"2021-08-02T11:15:01","modified_gmt":"2021-08-02T09:15:01","slug":"creamos-a-plataforma-en-defensa-do-xures-e-celanova-contra-a-ameaza-eolica","status":"publish","type":"post","link":"https:\/\/www.anovapeneira.gal\/index.php\/2021\/08\/04\/creamos-a-plataforma-en-defensa-do-xures-e-celanova-contra-a-ameaza-eolica\/","title":{"rendered":"Creamos a plataforma en defensa do Xur\u00e9s e Celanova contra a ameaza e\u00f3lica"},"content":{"rendered":"\n<p><strong>Bande, 23 de xullo de 2021.<\/strong><\/p>\n\n\n\n<p>Veci\u00f1as e veci\u00f1os das Terras de Celanova e das comarcas do Xur\u00e9s decidimos unirnos e organizarnos para defender o noso territorio, as nosas aldeas e montes, contra a invasi\u00f3n e\u00f3lica que afecta a todo o pa\u00eds e que aqu\u00ed ameaza con instalar dous novos pol\u00edgonos na zona de aproveitamento e\u00f3lico do Vieiro, definida no Plan E\u00f3lico de Galiza e que afecta aos concellos de Bande, Verea, Celanova e Rairiz de Veiga; e tam\u00e9n proxecta a instalaci\u00f3n de catro novos pol\u00edgonos nas zonas de aproveitamento e\u00f3lico da Guioncha, Serra de Gomariz e San Marti\u00f1o, nos concellos de Calvos de Rand\u00edn, Os Blancos e Baltar.&nbsp;<\/p>\n\n\n\n<p>As veci\u00f1as e veci\u00f1os creamos a plataforma&nbsp;STOP E\u00d3LICOS XUR\u00c9S-CELANOVAdiante da pasividade das Administraci\u00f3ns P\u00fablicas, singularmente das administraci\u00f3ns locais, fronte as ameazas que para a sa\u00fade das poboaci\u00f3ns e do medio ambiente supo\u00f1en estas instalaci\u00f3ns de explotaci\u00f3n enerx\u00e9tica de maneira indiscriminada e sen admitir a participaci\u00f3n da cidadan\u00eda directamente afectada nas decisi\u00f3ns sobre os proxectos que fosen necesarios. Defender\u00e9monos contra a imposici\u00f3n de pol\u00edgonos e\u00f3licos que te\u00f1en como \u00fanico obxectivo conseguir beneficios para corporaci\u00f3ns estatais ou multinacionais.<\/p>\n\n\n\n<p>Ademais das afecci\u00f3ns para o medio natural e a sa\u00fade das persoas, estes proxectos e\u00f3licos nas nosas comarcas po\u00f1en en perigo \u00e1reas de alto valor hist\u00f3rico e patrimonial, particularmente nos territorios do Couto Mixto e Celanova. Ademais, e en todos os casos, producir\u00edan impactos moi severos e irrepar\u00e1beis \u00e1 paisaxe. A d\u00eda de hoxe sabemos tam\u00e9n que os prometidos beneficios econ\u00f3micos en forma de recadaci\u00f3n de impostos, compensaci\u00f3ns a trav\u00e9s de subvenci\u00f3ns e potencial xeraci\u00f3n de emprego non compensaron en ningunha experiencia anterior o principal efecto da instalaci\u00f3n de m\u00e1quinas aeroxeneradoras: o despoboamento do rural.<\/p>\n\n\n\n<p>Xa o vivimos cos encoros, entre 1949 e 1989 o Val do Limia foi asolagado para lucro de empresas que s\u00f3 deixaron miseria e destruci\u00f3n no territorio.<\/p>\n\n\n\n<p>Nas nosas comarcas, mobiliz\u00e1monos fronte \u00e1 invasi\u00f3n e\u00f3lica tam\u00e9n pola ameaza que sup\u00f3n contra a Reserva da Biosfera Transfronteiriza Ger\u00eas-Xur\u00e9s, contra as zonas de Rede Natura e contra outras \u00e1reas que merecen protecci\u00f3n e coidado. O territorio \u00e9 o noso maior patrimonio, tam\u00e9n o son a historia, a cultura, a paisaxe, a calidade de vida para as persoas e un medio natural san. Non ficaremos quietas mentres a avaricia das corporaci\u00f3ns pon todo iso en risco.<\/p>\n\n\n\n<p>Co fin de coordinarnos con outros colectivos que se enfrontan esta avalancha por todo o pa\u00eds, asumimos os principios do manifesto Aldeas con Horizonte as\u00ed como os obxectivos e as bases da Rede Galega STOP E\u00f3licos. E traballaremos para informarnos e informar a toda a veci\u00f1anza das nosas comarcas, e para que as autoridades que nos representan defendan o territorio e rexeiten estes proxectos.<\/p>\n","protected":false},"excerpt":{"rendered":"<div class=\"mh-excerpt\"><p>Veci\u00f1as e veci\u00f1os das Terras de Celanova e das comarcas do Xur\u00e9s decidimos unirnos e organizarnos para defender o noso territorio, as nosas aldeas e montes, contra a invasi\u00f3n e\u00f3lica que afecta a todo o pa\u00eds e que aqu\u00ed ameaza con instalar dous novos pol\u00edgonos na zona de aproveitamento e\u00f3lico do Vieiro, definida no Plan E\u00f3lico de Galiza e que afecta aos concellos de Bande, Verea, Celanova e Rairiz de Veiga <a class=\"mh-excerpt-more\" href=\"https:\/\/www.anovapeneira.gal\/index.php\/2021\/08\/04\/creamos-a-plataforma-en-defensa-do-xures-e-celanova-contra-a-ameaza-eolica\/\" title=\"Creamos a plataforma en defensa do Xur\u00e9s e Celanova contra a ameaza e\u00f3lica\">[&#8230;]<\/a><\/p>\n<\/div>","protected":false},"author":3,"featured_media":5876,"comment_status":"open","ping_status":"open","sticky":false,"template":"","format":"standard","meta":{"_exactmetrics_skip_tracking":false,"_exactmetrics_sitenote_active":false,"_exactmetrics_sitenote_note":"","_exactmetrics_sitenote_category":0,"footnotes":""},"categories":[263],"tags":[1265],"class_list":{"0":"post-5875","1":"post","2":"type-post","3":"status-publish","4":"format-standard","5":"has-post-thumbnail","7":"category-novas","8":"tag-concello-de-bande"},"yoast_head":"<!-- This site is optimized with the Yoast SEO plugin v27.4 - https:\/\/yoast.com\/product\/yoast-seo-wordpress\/ -->\n<title>Creamos a plataforma en defensa do Xur\u00e9s e Celanova contra a ameaza e\u00f3lica -<\/title>\n<meta name=\"description\" content=\"Veci\u00f1as e veci\u00f1os das Terras de Celanova e das comarcas do Xur\u00e9s decidimos unirnos e organizarnos para defender o noso territorio, as nosas aldeas e montes, contra a invasi\u00f3n e\u00f3lica que afecta a todo o pa\u00eds e que aqu\u00ed ameaza con instalar dous novos pol\u00edgonos na zona de aproveitamento e\u00f3lico do Vieiro, definida no Plan E\u00f3lico de Galiza e que afecta aos concellos de Bande, Verea, Celanova e Rairiz de Veiga\" \/>\n<meta name=\"robots\" content=\"index, follow, max-snippet:-1, max-image-preview:large, max-video-preview:-1\" \/>\n<link rel=\"canonical\" href=\"https:\/\/www.anovapeneira.gal\/index.php\/2021\/08\/04\/creamos-a-plataforma-en-defensa-do-xures-e-celanova-contra-a-ameaza-eolica\/\" \/>\n<meta property=\"og:locale\" content=\"gl_ES\" \/>\n<meta property=\"og:type\" content=\"article\" \/>\n<meta property=\"og:title\" content=\"Creamos a plataforma en defensa do Xur\u00e9s e Celanova contra a ameaza e\u00f3lica -\" \/>\n<meta property=\"og:description\" content=\"Veci\u00f1as e veci\u00f1os das Terras de Celanova e das comarcas do Xur\u00e9s decidimos unirnos e organizarnos para defender o noso territorio, as nosas aldeas e montes, contra a invasi\u00f3n e\u00f3lica que afecta a todo o pa\u00eds e que aqu\u00ed ameaza con instalar dous novos pol\u00edgonos na zona de aproveitamento e\u00f3lico do Vieiro, definida no Plan E\u00f3lico de Galiza e que afecta aos concellos de Bande, Verea, Celanova e Rairiz de Veiga\" \/>\n<meta property=\"og:url\" content=\"https:\/\/www.anovapeneira.gal\/index.php\/2021\/08\/04\/creamos-a-plataforma-en-defensa-do-xures-e-celanova-contra-a-ameaza-eolica\/\" \/>\n<meta property=\"article:publisher\" content=\"https:\/\/www.facebook.com\/anovapeneira\" \/>\n<meta property=\"article:published_time\" content=\"2021-08-04T08:00:46+00:00\" \/>\n<meta property=\"og:image\" content=\"https:\/\/www.anovapeneira.gal\/wp-content\/uploads\/2021\/08\/eolicos_celanova.jpg\" \/>\n\t<meta property=\"og:image:width\" content=\"720\" \/>\n\t<meta property=\"og:image:height\" content=\"432\" \/>\n\t<meta property=\"og:image:type\" content=\"image\/jpeg\" \/>\n<meta name=\"author\" content=\"Redacci\u00f3n A Nova Peneira\" \/>\n<meta name=\"twitter:card\" content=\"summary_large_image\" \/>\n<meta name=\"twitter:creator\" content=\"@APeneira\" \/>\n<meta name=\"twitter:site\" content=\"@APeneira\" \/>\n<meta name=\"twitter:label1\" content=\"Escrito por\" \/>\n\t<meta name=\"twitter:data1\" content=\"Redacci\u00f3n A Nova Peneira\" \/>\n\t<meta name=\"twitter:label2\" content=\"Tempo de lectura\" \/>\n\t<meta name=\"twitter:data2\" content=\"2 minutos\" \/>\n<script type=\"application\/ld+json\" class=\"yoast-schema-graph\">{\"@context\":\"https:\\\/\\\/schema.org\",\"@graph\":[{\"@type\":\"Article\",\"@id\":\"https:\\\/\\\/www.anovapeneira.gal\\\/index.php\\\/2021\\\/08\\\/04\\\/creamos-a-plataforma-en-defensa-do-xures-e-celanova-contra-a-ameaza-eolica\\\/#article\",\"isPartOf\":{\"@id\":\"https:\\\/\\\/www.anovapeneira.gal\\\/index.php\\\/2021\\\/08\\\/04\\\/creamos-a-plataforma-en-defensa-do-xures-e-celanova-contra-a-ameaza-eolica\\\/\"},\"author\":{\"name\":\"Redacci\u00f3n A Nova Peneira\",\"@id\":\"https:\\\/\\\/www.anovapeneira.gal\\\/#\\\/schema\\\/person\\\/b93e3f8932e3f8da96334607eb6ac6aa\"},\"headline\":\"Creamos a plataforma en defensa do Xur\u00e9s e Celanova contra a ameaza e\u00f3lica\",\"datePublished\":\"2021-08-04T08:00:46+00:00\",\"mainEntityOfPage\":{\"@id\":\"https:\\\/\\\/www.anovapeneira.gal\\\/index.php\\\/2021\\\/08\\\/04\\\/creamos-a-plataforma-en-defensa-do-xures-e-celanova-contra-a-ameaza-eolica\\\/\"},\"wordCount\":526,\"commentCount\":0,\"publisher\":{\"@id\":\"https:\\\/\\\/www.anovapeneira.gal\\\/#organization\"},\"image\":{\"@id\":\"https:\\\/\\\/www.anovapeneira.gal\\\/index.php\\\/2021\\\/08\\\/04\\\/creamos-a-plataforma-en-defensa-do-xures-e-celanova-contra-a-ameaza-eolica\\\/#primaryimage\"},\"thumbnailUrl\":\"https:\\\/\\\/www.anovapeneira.gal\\\/wp-content\\\/uploads\\\/2021\\\/08\\\/eolicos_celanova.jpg\",\"keywords\":[\"Concello de Bande\"],\"articleSection\":[\"Novas\"],\"inLanguage\":\"gl-ES\",\"potentialAction\":[{\"@type\":\"CommentAction\",\"name\":\"Comment\",\"target\":[\"https:\\\/\\\/www.anovapeneira.gal\\\/index.php\\\/2021\\\/08\\\/04\\\/creamos-a-plataforma-en-defensa-do-xures-e-celanova-contra-a-ameaza-eolica\\\/#respond\"]}]},{\"@type\":\"WebPage\",\"@id\":\"https:\\\/\\\/www.anovapeneira.gal\\\/index.php\\\/2021\\\/08\\\/04\\\/creamos-a-plataforma-en-defensa-do-xures-e-celanova-contra-a-ameaza-eolica\\\/\",\"url\":\"https:\\\/\\\/www.anovapeneira.gal\\\/index.php\\\/2021\\\/08\\\/04\\\/creamos-a-plataforma-en-defensa-do-xures-e-celanova-contra-a-ameaza-eolica\\\/\",\"name\":\"Creamos a plataforma en defensa do Xur\u00e9s e Celanova contra a ameaza e\u00f3lica -\",\"isPartOf\":{\"@id\":\"https:\\\/\\\/www.anovapeneira.gal\\\/#website\"},\"primaryImageOfPage\":{\"@id\":\"https:\\\/\\\/www.anovapeneira.gal\\\/index.php\\\/2021\\\/08\\\/04\\\/creamos-a-plataforma-en-defensa-do-xures-e-celanova-contra-a-ameaza-eolica\\\/#primaryimage\"},\"image\":{\"@id\":\"https:\\\/\\\/www.anovapeneira.gal\\\/index.php\\\/2021\\\/08\\\/04\\\/creamos-a-plataforma-en-defensa-do-xures-e-celanova-contra-a-ameaza-eolica\\\/#primaryimage\"},\"thumbnailUrl\":\"https:\\\/\\\/www.anovapeneira.gal\\\/wp-content\\\/uploads\\\/2021\\\/08\\\/eolicos_celanova.jpg\",\"datePublished\":\"2021-08-04T08:00:46+00:00\",\"description\":\"Veci\u00f1as e veci\u00f1os das Terras de Celanova e das comarcas do Xur\u00e9s decidimos unirnos e organizarnos para defender o noso territorio, as nosas aldeas e montes, contra a invasi\u00f3n e\u00f3lica que afecta a todo o pa\u00eds e que aqu\u00ed ameaza con instalar dous novos pol\u00edgonos na zona de aproveitamento e\u00f3lico do Vieiro, definida no Plan E\u00f3lico de Galiza e que afecta aos concellos de Bande, Verea, Celanova e Rairiz de Veiga\",\"breadcrumb\":{\"@id\":\"https:\\\/\\\/www.anovapeneira.gal\\\/index.php\\\/2021\\\/08\\\/04\\\/creamos-a-plataforma-en-defensa-do-xures-e-celanova-contra-a-ameaza-eolica\\\/#breadcrumb\"},\"inLanguage\":\"gl-ES\",\"potentialAction\":[{\"@type\":\"ReadAction\",\"target\":[\"https:\\\/\\\/www.anovapeneira.gal\\\/index.php\\\/2021\\\/08\\\/04\\\/creamos-a-plataforma-en-defensa-do-xures-e-celanova-contra-a-ameaza-eolica\\\/\"]}]},{\"@type\":\"ImageObject\",\"inLanguage\":\"gl-ES\",\"@id\":\"https:\\\/\\\/www.anovapeneira.gal\\\/index.php\\\/2021\\\/08\\\/04\\\/creamos-a-plataforma-en-defensa-do-xures-e-celanova-contra-a-ameaza-eolica\\\/#primaryimage\",\"url\":\"https:\\\/\\\/www.anovapeneira.gal\\\/wp-content\\\/uploads\\\/2021\\\/08\\\/eolicos_celanova.jpg\",\"contentUrl\":\"https:\\\/\\\/www.anovapeneira.gal\\\/wp-content\\\/uploads\\\/2021\\\/08\\\/eolicos_celanova.jpg\",\"width\":720,\"height\":432,\"caption\":\"E\u00f3licos Celanova\"},{\"@type\":\"BreadcrumbList\",\"@id\":\"https:\\\/\\\/www.anovapeneira.gal\\\/index.php\\\/2021\\\/08\\\/04\\\/creamos-a-plataforma-en-defensa-do-xures-e-celanova-contra-a-ameaza-eolica\\\/#breadcrumb\",\"itemListElement\":[{\"@type\":\"ListItem\",\"position\":1,\"name\":\"Portada\",\"item\":\"https:\\\/\\\/www.anovapeneira.gal\\\/\"},{\"@type\":\"ListItem\",\"position\":2,\"name\":\"Creamos a plataforma en defensa do Xur\u00e9s e Celanova contra a ameaza e\u00f3lica\"}]},{\"@type\":\"WebSite\",\"@id\":\"https:\\\/\\\/www.anovapeneira.gal\\\/#website\",\"url\":\"https:\\\/\\\/www.anovapeneira.gal\\\/\",\"name\":\"\",\"description\":\"Xornal galego de informaci\u00f3n xeral Publicaci\u00f3n mensual de novas de Galicia e en especial dos Concellos da sur da provincia de Pontevedra.\",\"publisher\":{\"@id\":\"https:\\\/\\\/www.anovapeneira.gal\\\/#organization\"},\"potentialAction\":[{\"@type\":\"SearchAction\",\"target\":{\"@type\":\"EntryPoint\",\"urlTemplate\":\"https:\\\/\\\/www.anovapeneira.gal\\\/?s={search_term_string}\"},\"query-input\":{\"@type\":\"PropertyValueSpecification\",\"valueRequired\":true,\"valueName\":\"search_term_string\"}}],\"inLanguage\":\"gl-ES\"},{\"@type\":\"Organization\",\"@id\":\"https:\\\/\\\/www.anovapeneira.gal\\\/#organization\",\"name\":\"A Nova Peneira\",\"url\":\"https:\\\/\\\/www.anovapeneira.gal\\\/\",\"logo\":{\"@type\":\"ImageObject\",\"inLanguage\":\"gl-ES\",\"@id\":\"https:\\\/\\\/www.anovapeneira.gal\\\/#\\\/schema\\\/logo\\\/image\\\/\",\"url\":\"http:\\\/\\\/www.anovapeneira.gal\\\/wp-content\\\/uploads\\\/2019\\\/06\\\/logo_a_nova_peneira_portal_web.png\",\"contentUrl\":\"http:\\\/\\\/www.anovapeneira.gal\\\/wp-content\\\/uploads\\\/2019\\\/06\\\/logo_a_nova_peneira_portal_web.png\",\"width\":300,\"height\":100,\"caption\":\"A Nova Peneira\"},\"image\":{\"@id\":\"https:\\\/\\\/www.anovapeneira.gal\\\/#\\\/schema\\\/logo\\\/image\\\/\"},\"sameAs\":[\"https:\\\/\\\/www.facebook.com\\\/anovapeneira\",\"https:\\\/\\\/x.com\\\/APeneira\"]},{\"@type\":\"Person\",\"@id\":\"https:\\\/\\\/www.anovapeneira.gal\\\/#\\\/schema\\\/person\\\/b93e3f8932e3f8da96334607eb6ac6aa\",\"name\":\"Redacci\u00f3n A Nova Peneira\",\"image\":{\"@type\":\"ImageObject\",\"inLanguage\":\"gl-ES\",\"@id\":\"https:\\\/\\\/secure.gravatar.com\\\/avatar\\\/c052a2551a06e23fac63626232eaa90abd78dbcf1700fc46a2b2c89fd27b735f?s=96&d=mm&r=g\",\"url\":\"https:\\\/\\\/secure.gravatar.com\\\/avatar\\\/c052a2551a06e23fac63626232eaa90abd78dbcf1700fc46a2b2c89fd27b735f?s=96&d=mm&r=g\",\"contentUrl\":\"https:\\\/\\\/secure.gravatar.com\\\/avatar\\\/c052a2551a06e23fac63626232eaa90abd78dbcf1700fc46a2b2c89fd27b735f?s=96&d=mm&r=g\",\"caption\":\"Redacci\u00f3n A Nova Peneira\"},\"sameAs\":[\"http:\\\/\\\/www.anovapeneira.gal\\\/\"],\"url\":\"https:\\\/\\\/www.anovapeneira.gal\\\/index.php\\\/author\\\/redactor\\\/\"}]}<\/script>\n<!-- \/ Yoast SEO plugin. -->","yoast_head_json":{"title":"Creamos a plataforma en defensa do Xur\u00e9s e Celanova contra a ameaza e\u00f3lica -","description":"Veci\u00f1as e veci\u00f1os das Terras de Celanova e das comarcas do Xur\u00e9s decidimos unirnos e organizarnos para defender o noso territorio, as nosas aldeas e montes, contra a invasi\u00f3n e\u00f3lica que afecta a todo o pa\u00eds e que aqu\u00ed ameaza con instalar dous novos pol\u00edgonos na zona de aproveitamento e\u00f3lico do Vieiro, definida no Plan E\u00f3lico de Galiza e que afecta aos concellos de Bande, Verea, Celanova e Rairiz de Veiga","robots":{"index":"index","follow":"follow","max-snippet":"max-snippet:-1","max-image-preview":"max-image-preview:large","max-video-preview":"max-video-preview:-1"},"canonical":"https:\/\/www.anovapeneira.gal\/index.php\/2021\/08\/04\/creamos-a-plataforma-en-defensa-do-xures-e-celanova-contra-a-ameaza-eolica\/","og_locale":"gl_ES","og_type":"article","og_title":"Creamos a plataforma en defensa do Xur\u00e9s e Celanova contra a ameaza e\u00f3lica -","og_description":"Veci\u00f1as e veci\u00f1os das Terras de Celanova e das comarcas do Xur\u00e9s decidimos unirnos e organizarnos para defender o noso territorio, as nosas aldeas e montes, contra a invasi\u00f3n e\u00f3lica que afecta a todo o pa\u00eds e que aqu\u00ed ameaza con instalar dous novos pol\u00edgonos na zona de aproveitamento e\u00f3lico do Vieiro, definida no Plan E\u00f3lico de Galiza e que afecta aos concellos de Bande, Verea, Celanova e Rairiz de Veiga","og_url":"https:\/\/www.anovapeneira.gal\/index.php\/2021\/08\/04\/creamos-a-plataforma-en-defensa-do-xures-e-celanova-contra-a-ameaza-eolica\/","article_publisher":"https:\/\/www.facebook.com\/anovapeneira","article_published_time":"2021-08-04T08:00:46+00:00","og_image":[{"width":720,"height":432,"url":"https:\/\/www.anovapeneira.gal\/wp-content\/uploads\/2021\/08\/eolicos_celanova.jpg","type":"image\/jpeg"}],"author":"Redacci\u00f3n A Nova Peneira","twitter_card":"summary_large_image","twitter_creator":"@APeneira","twitter_site":"@APeneira","twitter_misc":{"Escrito por":"Redacci\u00f3n A Nova Peneira","Tempo de lectura":"2 minutos"},"schema":{"@context":"https:\/\/schema.org","@graph":[{"@type":"Article","@id":"https:\/\/www.anovapeneira.gal\/index.php\/2021\/08\/04\/creamos-a-plataforma-en-defensa-do-xures-e-celanova-contra-a-ameaza-eolica\/#article","isPartOf":{"@id":"https:\/\/www.anovapeneira.gal\/index.php\/2021\/08\/04\/creamos-a-plataforma-en-defensa-do-xures-e-celanova-contra-a-ameaza-eolica\/"},"author":{"name":"Redacci\u00f3n A Nova Peneira","@id":"https:\/\/www.anovapeneira.gal\/#\/schema\/person\/b93e3f8932e3f8da96334607eb6ac6aa"},"headline":"Creamos a plataforma en defensa do Xur\u00e9s e Celanova contra a ameaza e\u00f3lica","datePublished":"2021-08-04T08:00:46+00:00","mainEntityOfPage":{"@id":"https:\/\/www.anovapeneira.gal\/index.php\/2021\/08\/04\/creamos-a-plataforma-en-defensa-do-xures-e-celanova-contra-a-ameaza-eolica\/"},"wordCount":526,"commentCount":0,"publisher":{"@id":"https:\/\/www.anovapeneira.gal\/#organization"},"image":{"@id":"https:\/\/www.anovapeneira.gal\/index.php\/2021\/08\/04\/creamos-a-plataforma-en-defensa-do-xures-e-celanova-contra-a-ameaza-eolica\/#primaryimage"},"thumbnailUrl":"https:\/\/www.anovapeneira.gal\/wp-content\/uploads\/2021\/08\/eolicos_celanova.jpg","keywords":["Concello de Bande"],"articleSection":["Novas"],"inLanguage":"gl-ES","potentialAction":[{"@type":"CommentAction","name":"Comment","target":["https:\/\/www.anovapeneira.gal\/index.php\/2021\/08\/04\/creamos-a-plataforma-en-defensa-do-xures-e-celanova-contra-a-ameaza-eolica\/#respond"]}]},{"@type":"WebPage","@id":"https:\/\/www.anovapeneira.gal\/index.php\/2021\/08\/04\/creamos-a-plataforma-en-defensa-do-xures-e-celanova-contra-a-ameaza-eolica\/","url":"https:\/\/www.anovapeneira.gal\/index.php\/2021\/08\/04\/creamos-a-plataforma-en-defensa-do-xures-e-celanova-contra-a-ameaza-eolica\/","name":"Creamos a plataforma en defensa do Xur\u00e9s e Celanova contra a ameaza e\u00f3lica -","isPartOf":{"@id":"https:\/\/www.anovapeneira.gal\/#website"},"primaryImageOfPage":{"@id":"https:\/\/www.anovapeneira.gal\/index.php\/2021\/08\/04\/creamos-a-plataforma-en-defensa-do-xures-e-celanova-contra-a-ameaza-eolica\/#primaryimage"},"image":{"@id":"https:\/\/www.anovapeneira.gal\/index.php\/2021\/08\/04\/creamos-a-plataforma-en-defensa-do-xures-e-celanova-contra-a-ameaza-eolica\/#primaryimage"},"thumbnailUrl":"https:\/\/www.anovapeneira.gal\/wp-content\/uploads\/2021\/08\/eolicos_celanova.jpg","datePublished":"2021-08-04T08:00:46+00:00","description":"Veci\u00f1as e veci\u00f1os das Terras de Celanova e das comarcas do Xur\u00e9s decidimos unirnos e organizarnos para defender o noso territorio, as nosas aldeas e montes, contra a invasi\u00f3n e\u00f3lica que afecta a todo o pa\u00eds e que aqu\u00ed ameaza con instalar dous novos pol\u00edgonos na zona de aproveitamento e\u00f3lico do Vieiro, definida no Plan E\u00f3lico de Galiza e que afecta aos concellos de Bande, Verea, Celanova e Rairiz de Veiga","breadcrumb":{"@id":"https:\/\/www.anovapeneira.gal\/index.php\/2021\/08\/04\/creamos-a-plataforma-en-defensa-do-xures-e-celanova-contra-a-ameaza-eolica\/#breadcrumb"},"inLanguage":"gl-ES","potentialAction":[{"@type":"ReadAction","target":["https:\/\/www.anovapeneira.gal\/index.php\/2021\/08\/04\/creamos-a-plataforma-en-defensa-do-xures-e-celanova-contra-a-ameaza-eolica\/"]}]},{"@type":"ImageObject","inLanguage":"gl-ES","@id":"https:\/\/www.anovapeneira.gal\/index.php\/2021\/08\/04\/creamos-a-plataforma-en-defensa-do-xures-e-celanova-contra-a-ameaza-eolica\/#primaryimage","url":"https:\/\/www.anovapeneira.gal\/wp-content\/uploads\/2021\/08\/eolicos_celanova.jpg","contentUrl":"https:\/\/www.anovapeneira.gal\/wp-content\/uploads\/2021\/08\/eolicos_celanova.jpg","width":720,"height":432,"caption":"E\u00f3licos Celanova"},{"@type":"BreadcrumbList","@id":"https:\/\/www.anovapeneira.gal\/index.php\/2021\/08\/04\/creamos-a-plataforma-en-defensa-do-xures-e-celanova-contra-a-ameaza-eolica\/#breadcrumb","itemListElement":[{"@type":"ListItem","position":1,"name":"Portada","item":"https:\/\/www.anovapeneira.gal\/"},{"@type":"ListItem","position":2,"name":"Creamos a plataforma en defensa do Xur\u00e9s e Celanova contra a ameaza e\u00f3lica"}]},{"@type":"WebSite","@id":"https:\/\/www.anovapeneira.gal\/#website","url":"https:\/\/www.anovapeneira.gal\/","name":"","description":"Xornal galego de informaci\u00f3n xeral Publicaci\u00f3n mensual de novas de Galicia e en especial dos Concellos da sur da provincia de Pontevedra.","publisher":{"@id":"https:\/\/www.anovapeneira.gal\/#organization"},"potentialAction":[{"@type":"SearchAction","target":{"@type":"EntryPoint","urlTemplate":"https:\/\/www.anovapeneira.gal\/?s={search_term_string}"},"query-input":{"@type":"PropertyValueSpecification","valueRequired":true,"valueName":"search_term_string"}}],"inLanguage":"gl-ES"},{"@type":"Organization","@id":"https:\/\/www.anovapeneira.gal\/#organization","name":"A Nova Peneira","url":"https:\/\/www.anovapeneira.gal\/","logo":{"@type":"ImageObject","inLanguage":"gl-ES","@id":"https:\/\/www.anovapeneira.gal\/#\/schema\/logo\/image\/","url":"http:\/\/www.anovapeneira.gal\/wp-content\/uploads\/2019\/06\/logo_a_nova_peneira_portal_web.png","contentUrl":"http:\/\/www.anovapeneira.gal\/wp-content\/uploads\/2019\/06\/logo_a_nova_peneira_portal_web.png","width":300,"height":100,"caption":"A Nova Peneira"},"image":{"@id":"https:\/\/www.anovapeneira.gal\/#\/schema\/logo\/image\/"},"sameAs":["https:\/\/www.facebook.com\/anovapeneira","https:\/\/x.com\/APeneira"]},{"@type":"Person","@id":"https:\/\/www.anovapeneira.gal\/#\/schema\/person\/b93e3f8932e3f8da96334607eb6ac6aa","name":"Redacci\u00f3n A Nova Peneira","image":{"@type":"ImageObject","inLanguage":"gl-ES","@id":"https:\/\/secure.gravatar.com\/avatar\/c052a2551a06e23fac63626232eaa90abd78dbcf1700fc46a2b2c89fd27b735f?s=96&d=mm&r=g","url":"https:\/\/secure.gravatar.com\/avatar\/c052a2551a06e23fac63626232eaa90abd78dbcf1700fc46a2b2c89fd27b735f?s=96&d=mm&r=g","contentUrl":"https:\/\/secure.gravatar.com\/avatar\/c052a2551a06e23fac63626232eaa90abd78dbcf1700fc46a2b2c89fd27b735f?s=96&d=mm&r=g","caption":"Redacci\u00f3n A Nova Peneira"},"sameAs":["http:\/\/www.anovapeneira.gal\/"],"url":"https:\/\/www.anovapeneira.gal\/index.php\/author\/redactor\/"}]}},"jetpack_featured_media_url":"https:\/\/www.anovapeneira.gal\/wp-content\/uploads\/2021\/08\/eolicos_celanova.jpg","_links":{"self":[{"href":"https:\/\/www.anovapeneira.gal\/index.php\/wp-json\/wp\/v2\/posts\/5875","targetHints":{"allow":["GET"]}}],"collection":[{"href":"https:\/\/www.anovapeneira.gal\/index.php\/wp-json\/wp\/v2\/posts"}],"about":[{"href":"https:\/\/www.anovapeneira.gal\/index.php\/wp-json\/wp\/v2\/types\/post"}],"author":[{"embeddable":true,"href":"https:\/\/www.anovapeneira.gal\/index.php\/wp-json\/wp\/v2\/users\/3"}],"replies":[{"embeddable":true,"href":"https:\/\/www.anovapeneira.gal\/index.php\/wp-json\/wp\/v2\/comments?post=5875"}],"version-history":[{"count":1,"href":"https:\/\/www.anovapeneira.gal\/index.php\/wp-json\/wp\/v2\/posts\/5875\/revisions"}],"predecessor-version":[{"id":5877,"href":"https:\/\/www.anovapeneira.gal\/index.php\/wp-json\/wp\/v2\/posts\/5875\/revisions\/5877"}],"wp:featuredmedia":[{"embeddable":true,"href":"https:\/\/www.anovapeneira.gal\/index.php\/wp-json\/wp\/v2\/media\/5876"}],"wp:attachment":[{"href":"https:\/\/www.anovapeneira.gal\/index.php\/wp-json\/wp\/v2\/media?parent=5875"}],"wp:term":[{"taxonomy":"category","embeddable":true,"href":"https:\/\/www.anovapeneira.gal\/index.php\/wp-json\/wp\/v2\/categories?post=5875"},{"taxonomy":"post_tag","embeddable":true,"href":"https:\/\/www.anovapeneira.gal\/index.php\/wp-json\/wp\/v2\/tags?post=5875"}],"curies":[{"name":"wp","href":"https:\/\/api.w.org\/{rel}","templated":true}]}}