{"id":5884,"date":"2021-08-05T12:00:55","date_gmt":"2021-08-05T10:00:55","guid":{"rendered":"https:\/\/www.anovapeneira.gal\/?p=5884"},"modified":"2021-08-02T11:27:24","modified_gmt":"2021-08-02T09:27:24","slug":"o-goberno-municipal-aprobou-no-pleno-a-relacion-de-postos-de-traballo-e-unha-mocion-contra-os-recortes-no-ensino-da-xunta-de-galicia","status":"publish","type":"post","link":"https:\/\/www.anovapeneira.gal\/index.php\/2021\/08\/05\/o-goberno-municipal-aprobou-no-pleno-a-relacion-de-postos-de-traballo-e-unha-mocion-contra-os-recortes-no-ensino-da-xunta-de-galicia\/","title":{"rendered":"O goberno municipal aprobou no pleno a relaci\u00f3n de postos de traballo e unha moci\u00f3n contra os recortes no ensino da Xunta de Galicia"},"content":{"rendered":"\n<h2 class=\"wp-block-heading\"><strong>Por unanimidade sa\u00edron adiante d\u00faas adxudicaci\u00f3ns: a do contrato do servizo de axuda no fogar e o do servizo de colaboraci\u00f3n na xesti\u00f3n tributaria<\/strong><\/h2>\n\n\n\n<p><strong>Bueu, a 30 de xullo de 2021<\/strong><\/p>\n\n\n\n<p>O Centro Social do Mar acolleu este venres, 30 de xullo, unha sesi\u00f3n plenaria extraordinaria na que se abordaron, entre outros, dous temas de gran relevancia municipal: a aprobaci\u00f3n inicial da Relaci\u00f3n de Postos de Traballo (RPT) e unha moci\u00f3n do grupo de goberno (BNG e ACB) contra os recortes da Xunta de Galicia no ensino p\u00fablico de Bueu.&nbsp;<\/p>\n\n\n\n<p>F\u00e9lix Juncal, alcalde de Bueu, interviu para defender a aprobaci\u00f3n inicial da RPT, que chega \u201ctras un longo proceso de negociaci\u00f3n colectiva que comezou no 2014\u201d, e que sup\u00f3n un \u201cacto de xustiza e de equidade\u201d ao po\u00f1er fin \u00e1 precariedade laboral e mellorar a xesti\u00f3n dos recursos humanos no Concello. Na mesma li\u00f1a interviu Julio Villanueva, vicealcalde e voceiro de ACB, quen fixo fincap\u00e9 en que \u201co obxectivo \u00e9 ser m\u00e1is solidarios e que cada traballador ou traballadora municipal perciba o salario que lle corresponde, eliminando a precariedade\u201d. Pola s\u00faa banda, Elena Est\u00e9vez, voceira do PP, aludiu \u00e1 existencia de informes negativos dos t\u00e9cnicos municipais, que fan que a proposta non conte con garant\u00edas xur\u00eddicas. Con todo, e tal e como destacou o rexedor, o expediente conta co informe favorable dunha consultora externa especializada na redaci\u00f3n de RPT noutros moitos concellos \u201co que confirma a s\u00faa legalidade\u201d. Esta proposta foi aprobada inicialmente cos votos a favor de BNG e ACB, e a abstenci\u00f3n do PP (o PSOE non asistiu \u00e1 sesi\u00f3n). Agora remitirase o anuncio ao Bolet\u00edn Oficial da Provincia, e tras a s\u00faa publicaci\u00f3n abrirase un prazo de vinte d\u00edas de alegaci\u00f3ns para despois proceder \u00e1 aprobaci\u00f3n definitiva.&nbsp;<\/p>\n\n\n\n<p>A moci\u00f3n sobre os recortes no ensino p\u00fablico centrou a outra parte do debate do pleno, e finalmente sa\u00edu adiante cos votos a favor do grupo de goberno, BNG e ACB, e en contra to PP. Nela acordouse instar \u00e1 Conseller\u00eda de Educaci\u00f3n a que dea marcha atr\u00e1s nos recortes en profesorado dos centros de ensino p\u00fablico de Bueu, Beluso e Cela, as\u00ed como que dote orzamentariamente as necesidades de profesorado nos centros educativos para cubrir as demandas do alumnado, e apoiar \u00e1 comunidade educativa dos tres centros en todas as acci\u00f3ns que leven a cabo para denunciar os recortes.&nbsp;<\/p>\n\n\n\n<p>Esta proposta nace tras os recortes da Xunta de Galicia que levan denunciando nas \u00faltimas semanas os Consellos Escolares e a trav\u00e9s das diferentes mobilizaci\u00f3ns das familias asociadas nas Anpas e o propio profesorado nos sindicatos. A moci\u00f3n pon o foco no esquecemento de cuesti\u00f3ns como \u201ca atenci\u00f3n \u00e1 diversidade e \u00e1 vulnerabilidade, a orientaci\u00f3n ou o pluriling\u00fcismo\u201d, que fai que se deteriore a calidade educativa e se prexudique a moitas familias da vila. A iso hai que engadir o desmantelamento da ensinanza p\u00fablica e de calidade que se est\u00e1 a dar na comarca e en toda Galiza. \u201cProd\u00facese un ataque a todos os centros que se une \u00e1 falta de actuaci\u00f3ns integrais nuns edificios que contan con case 50 anos de historia\u201d, apuntan. A proposta foi aprobada polo goberno municipal, e contou cos votos en contra dos e das ed\u00eds do PP.<\/p>\n\n\n\n<p>Por \u00faltimo, o pleno aprobou por unanimidade as adxudicaci\u00f3ns de dous procedementos de contrataci\u00f3n: o contrato do servizo de axuda no fogar e o do servizo de colaboraci\u00f3n na xesti\u00f3n tributaria, censual, inspectora e recadatoria e na xesti\u00f3n dos expedientes sancionadores en materia de tr\u00e1fico.&nbsp;<\/p>\n","protected":false},"excerpt":{"rendered":"<div class=\"mh-excerpt\"><p>Por unanimidade sa\u00edron adiante d\u00faas adxudicaci\u00f3ns: a do contrato do servizo de axuda no fogar e o do servizo de colaboraci\u00f3n na xesti\u00f3n tributaria <a class=\"mh-excerpt-more\" href=\"https:\/\/www.anovapeneira.gal\/index.php\/2021\/08\/05\/o-goberno-municipal-aprobou-no-pleno-a-relacion-de-postos-de-traballo-e-unha-mocion-contra-os-recortes-no-ensino-da-xunta-de-galicia\/\" title=\"O goberno municipal aprobou no pleno a relaci\u00f3n de postos de traballo e unha moci\u00f3n contra os recortes no ensino da Xunta de Galicia\">[&#8230;]<\/a><\/p>\n<\/div>","protected":false},"author":3,"featured_media":5885,"comment_status":"open","ping_status":"open","sticky":false,"template":"","format":"standard","meta":{"_exactmetrics_skip_tracking":false,"_exactmetrics_sitenote_active":false,"_exactmetrics_sitenote_note":"","_exactmetrics_sitenote_category":0,"footnotes":""},"categories":[22],"tags":[440],"class_list":{"0":"post-5884","1":"post","2":"type-post","3":"status-publish","4":"format-standard","5":"has-post-thumbnail","7":"category-morrazo","8":"tag-concello-de-bueu"},"yoast_head":"<!-- This site is optimized with the Yoast SEO plugin v27.4 - https:\/\/yoast.com\/product\/yoast-seo-wordpress\/ -->\n<title>O goberno municipal aprobou no pleno a relaci\u00f3n de postos de traballo e unha moci\u00f3n contra os recortes no ensino da Xunta de Galicia -<\/title>\n<meta name=\"description\" content=\"Por unanimidade sa\u00edron adiante d\u00faas adxudicaci\u00f3ns: a do contrato do servizo de axuda no fogar e o do servizo de colaboraci\u00f3n na xesti\u00f3n tributaria\" \/>\n<meta name=\"robots\" content=\"index, follow, max-snippet:-1, max-image-preview:large, max-video-preview:-1\" \/>\n<link rel=\"canonical\" href=\"https:\/\/www.anovapeneira.gal\/index.php\/2021\/08\/05\/o-goberno-municipal-aprobou-no-pleno-a-relacion-de-postos-de-traballo-e-unha-mocion-contra-os-recortes-no-ensino-da-xunta-de-galicia\/\" \/>\n<meta property=\"og:locale\" content=\"gl_ES\" \/>\n<meta property=\"og:type\" content=\"article\" \/>\n<meta property=\"og:title\" content=\"O goberno municipal aprobou no pleno a relaci\u00f3n de postos de traballo e unha moci\u00f3n contra os recortes no ensino da Xunta de Galicia -\" \/>\n<meta property=\"og:description\" content=\"Por unanimidade sa\u00edron adiante d\u00faas adxudicaci\u00f3ns: a do contrato do servizo de axuda no fogar e o do servizo de colaboraci\u00f3n na xesti\u00f3n tributaria\" \/>\n<meta property=\"og:url\" content=\"https:\/\/www.anovapeneira.gal\/index.php\/2021\/08\/05\/o-goberno-municipal-aprobou-no-pleno-a-relacion-de-postos-de-traballo-e-unha-mocion-contra-os-recortes-no-ensino-da-xunta-de-galicia\/\" \/>\n<meta property=\"article:publisher\" content=\"https:\/\/www.facebook.com\/anovapeneira\" \/>\n<meta property=\"article:published_time\" content=\"2021-08-05T10:00:55+00:00\" \/>\n<meta property=\"og:image\" content=\"https:\/\/www.anovapeneira.gal\/wp-content\/uploads\/2021\/08\/recorte_ensino_bueu.jpg\" \/>\n\t<meta property=\"og:image:width\" content=\"720\" \/>\n\t<meta property=\"og:image:height\" content=\"432\" \/>\n\t<meta property=\"og:image:type\" content=\"image\/jpeg\" \/>\n<meta name=\"author\" content=\"Redacci\u00f3n A Nova Peneira\" \/>\n<meta name=\"twitter:card\" content=\"summary_large_image\" \/>\n<meta name=\"twitter:creator\" content=\"@APeneira\" \/>\n<meta name=\"twitter:site\" content=\"@APeneira\" \/>\n<meta name=\"twitter:label1\" content=\"Escrito por\" \/>\n\t<meta name=\"twitter:data1\" content=\"Redacci\u00f3n A Nova Peneira\" \/>\n\t<meta name=\"twitter:label2\" content=\"Tempo de lectura\" \/>\n\t<meta name=\"twitter:data2\" content=\"3 minutos\" \/>\n<script type=\"application\/ld+json\" class=\"yoast-schema-graph\">{\"@context\":\"https:\\\/\\\/schema.org\",\"@graph\":[{\"@type\":\"Article\",\"@id\":\"https:\\\/\\\/www.anovapeneira.gal\\\/index.php\\\/2021\\\/08\\\/05\\\/o-goberno-municipal-aprobou-no-pleno-a-relacion-de-postos-de-traballo-e-unha-mocion-contra-os-recortes-no-ensino-da-xunta-de-galicia\\\/#article\",\"isPartOf\":{\"@id\":\"https:\\\/\\\/www.anovapeneira.gal\\\/index.php\\\/2021\\\/08\\\/05\\\/o-goberno-municipal-aprobou-no-pleno-a-relacion-de-postos-de-traballo-e-unha-mocion-contra-os-recortes-no-ensino-da-xunta-de-galicia\\\/\"},\"author\":{\"name\":\"Redacci\u00f3n A Nova Peneira\",\"@id\":\"https:\\\/\\\/www.anovapeneira.gal\\\/#\\\/schema\\\/person\\\/b93e3f8932e3f8da96334607eb6ac6aa\"},\"headline\":\"O goberno municipal aprobou no pleno a relaci\u00f3n de postos de traballo e unha moci\u00f3n contra os recortes no ensino da Xunta de Galicia\",\"datePublished\":\"2021-08-05T10:00:55+00:00\",\"mainEntityOfPage\":{\"@id\":\"https:\\\/\\\/www.anovapeneira.gal\\\/index.php\\\/2021\\\/08\\\/05\\\/o-goberno-municipal-aprobou-no-pleno-a-relacion-de-postos-de-traballo-e-unha-mocion-contra-os-recortes-no-ensino-da-xunta-de-galicia\\\/\"},\"wordCount\":651,\"commentCount\":0,\"publisher\":{\"@id\":\"https:\\\/\\\/www.anovapeneira.gal\\\/#organization\"},\"image\":{\"@id\":\"https:\\\/\\\/www.anovapeneira.gal\\\/index.php\\\/2021\\\/08\\\/05\\\/o-goberno-municipal-aprobou-no-pleno-a-relacion-de-postos-de-traballo-e-unha-mocion-contra-os-recortes-no-ensino-da-xunta-de-galicia\\\/#primaryimage\"},\"thumbnailUrl\":\"https:\\\/\\\/www.anovapeneira.gal\\\/wp-content\\\/uploads\\\/2021\\\/08\\\/recorte_ensino_bueu.jpg\",\"keywords\":[\"Concello de Bueu\"],\"articleSection\":[\"Morrazo\"],\"inLanguage\":\"gl-ES\",\"potentialAction\":[{\"@type\":\"CommentAction\",\"name\":\"Comment\",\"target\":[\"https:\\\/\\\/www.anovapeneira.gal\\\/index.php\\\/2021\\\/08\\\/05\\\/o-goberno-municipal-aprobou-no-pleno-a-relacion-de-postos-de-traballo-e-unha-mocion-contra-os-recortes-no-ensino-da-xunta-de-galicia\\\/#respond\"]}]},{\"@type\":\"WebPage\",\"@id\":\"https:\\\/\\\/www.anovapeneira.gal\\\/index.php\\\/2021\\\/08\\\/05\\\/o-goberno-municipal-aprobou-no-pleno-a-relacion-de-postos-de-traballo-e-unha-mocion-contra-os-recortes-no-ensino-da-xunta-de-galicia\\\/\",\"url\":\"https:\\\/\\\/www.anovapeneira.gal\\\/index.php\\\/2021\\\/08\\\/05\\\/o-goberno-municipal-aprobou-no-pleno-a-relacion-de-postos-de-traballo-e-unha-mocion-contra-os-recortes-no-ensino-da-xunta-de-galicia\\\/\",\"name\":\"O goberno municipal aprobou no pleno a relaci\u00f3n de postos de traballo e unha moci\u00f3n contra os recortes no ensino da Xunta de Galicia -\",\"isPartOf\":{\"@id\":\"https:\\\/\\\/www.anovapeneira.gal\\\/#website\"},\"primaryImageOfPage\":{\"@id\":\"https:\\\/\\\/www.anovapeneira.gal\\\/index.php\\\/2021\\\/08\\\/05\\\/o-goberno-municipal-aprobou-no-pleno-a-relacion-de-postos-de-traballo-e-unha-mocion-contra-os-recortes-no-ensino-da-xunta-de-galicia\\\/#primaryimage\"},\"image\":{\"@id\":\"https:\\\/\\\/www.anovapeneira.gal\\\/index.php\\\/2021\\\/08\\\/05\\\/o-goberno-municipal-aprobou-no-pleno-a-relacion-de-postos-de-traballo-e-unha-mocion-contra-os-recortes-no-ensino-da-xunta-de-galicia\\\/#primaryimage\"},\"thumbnailUrl\":\"https:\\\/\\\/www.anovapeneira.gal\\\/wp-content\\\/uploads\\\/2021\\\/08\\\/recorte_ensino_bueu.jpg\",\"datePublished\":\"2021-08-05T10:00:55+00:00\",\"description\":\"Por unanimidade sa\u00edron adiante d\u00faas adxudicaci\u00f3ns: a do contrato do servizo de axuda no fogar e o do servizo de colaboraci\u00f3n na xesti\u00f3n tributaria\",\"breadcrumb\":{\"@id\":\"https:\\\/\\\/www.anovapeneira.gal\\\/index.php\\\/2021\\\/08\\\/05\\\/o-goberno-municipal-aprobou-no-pleno-a-relacion-de-postos-de-traballo-e-unha-mocion-contra-os-recortes-no-ensino-da-xunta-de-galicia\\\/#breadcrumb\"},\"inLanguage\":\"gl-ES\",\"potentialAction\":[{\"@type\":\"ReadAction\",\"target\":[\"https:\\\/\\\/www.anovapeneira.gal\\\/index.php\\\/2021\\\/08\\\/05\\\/o-goberno-municipal-aprobou-no-pleno-a-relacion-de-postos-de-traballo-e-unha-mocion-contra-os-recortes-no-ensino-da-xunta-de-galicia\\\/\"]}]},{\"@type\":\"ImageObject\",\"inLanguage\":\"gl-ES\",\"@id\":\"https:\\\/\\\/www.anovapeneira.gal\\\/index.php\\\/2021\\\/08\\\/05\\\/o-goberno-municipal-aprobou-no-pleno-a-relacion-de-postos-de-traballo-e-unha-mocion-contra-os-recortes-no-ensino-da-xunta-de-galicia\\\/#primaryimage\",\"url\":\"https:\\\/\\\/www.anovapeneira.gal\\\/wp-content\\\/uploads\\\/2021\\\/08\\\/recorte_ensino_bueu.jpg\",\"contentUrl\":\"https:\\\/\\\/www.anovapeneira.gal\\\/wp-content\\\/uploads\\\/2021\\\/08\\\/recorte_ensino_bueu.jpg\",\"width\":720,\"height\":432},{\"@type\":\"BreadcrumbList\",\"@id\":\"https:\\\/\\\/www.anovapeneira.gal\\\/index.php\\\/2021\\\/08\\\/05\\\/o-goberno-municipal-aprobou-no-pleno-a-relacion-de-postos-de-traballo-e-unha-mocion-contra-os-recortes-no-ensino-da-xunta-de-galicia\\\/#breadcrumb\",\"itemListElement\":[{\"@type\":\"ListItem\",\"position\":1,\"name\":\"Portada\",\"item\":\"https:\\\/\\\/www.anovapeneira.gal\\\/\"},{\"@type\":\"ListItem\",\"position\":2,\"name\":\"O goberno municipal aprobou no pleno a relaci\u00f3n de postos de traballo e unha moci\u00f3n contra os recortes no ensino da Xunta de Galicia\"}]},{\"@type\":\"WebSite\",\"@id\":\"https:\\\/\\\/www.anovapeneira.gal\\\/#website\",\"url\":\"https:\\\/\\\/www.anovapeneira.gal\\\/\",\"name\":\"\",\"description\":\"Xornal galego de informaci\u00f3n xeral Publicaci\u00f3n mensual de novas de Galicia e en especial dos Concellos da sur da provincia de Pontevedra.\",\"publisher\":{\"@id\":\"https:\\\/\\\/www.anovapeneira.gal\\\/#organization\"},\"potentialAction\":[{\"@type\":\"SearchAction\",\"target\":{\"@type\":\"EntryPoint\",\"urlTemplate\":\"https:\\\/\\\/www.anovapeneira.gal\\\/?s={search_term_string}\"},\"query-input\":{\"@type\":\"PropertyValueSpecification\",\"valueRequired\":true,\"valueName\":\"search_term_string\"}}],\"inLanguage\":\"gl-ES\"},{\"@type\":\"Organization\",\"@id\":\"https:\\\/\\\/www.anovapeneira.gal\\\/#organization\",\"name\":\"A Nova Peneira\",\"url\":\"https:\\\/\\\/www.anovapeneira.gal\\\/\",\"logo\":{\"@type\":\"ImageObject\",\"inLanguage\":\"gl-ES\",\"@id\":\"https:\\\/\\\/www.anovapeneira.gal\\\/#\\\/schema\\\/logo\\\/image\\\/\",\"url\":\"http:\\\/\\\/www.anovapeneira.gal\\\/wp-content\\\/uploads\\\/2019\\\/06\\\/logo_a_nova_peneira_portal_web.png\",\"contentUrl\":\"http:\\\/\\\/www.anovapeneira.gal\\\/wp-content\\\/uploads\\\/2019\\\/06\\\/logo_a_nova_peneira_portal_web.png\",\"width\":300,\"height\":100,\"caption\":\"A Nova Peneira\"},\"image\":{\"@id\":\"https:\\\/\\\/www.anovapeneira.gal\\\/#\\\/schema\\\/logo\\\/image\\\/\"},\"sameAs\":[\"https:\\\/\\\/www.facebook.com\\\/anovapeneira\",\"https:\\\/\\\/x.com\\\/APeneira\"]},{\"@type\":\"Person\",\"@id\":\"https:\\\/\\\/www.anovapeneira.gal\\\/#\\\/schema\\\/person\\\/b93e3f8932e3f8da96334607eb6ac6aa\",\"name\":\"Redacci\u00f3n A Nova Peneira\",\"image\":{\"@type\":\"ImageObject\",\"inLanguage\":\"gl-ES\",\"@id\":\"https:\\\/\\\/secure.gravatar.com\\\/avatar\\\/c052a2551a06e23fac63626232eaa90abd78dbcf1700fc46a2b2c89fd27b735f?s=96&d=mm&r=g\",\"url\":\"https:\\\/\\\/secure.gravatar.com\\\/avatar\\\/c052a2551a06e23fac63626232eaa90abd78dbcf1700fc46a2b2c89fd27b735f?s=96&d=mm&r=g\",\"contentUrl\":\"https:\\\/\\\/secure.gravatar.com\\\/avatar\\\/c052a2551a06e23fac63626232eaa90abd78dbcf1700fc46a2b2c89fd27b735f?s=96&d=mm&r=g\",\"caption\":\"Redacci\u00f3n A Nova Peneira\"},\"sameAs\":[\"http:\\\/\\\/www.anovapeneira.gal\\\/\"],\"url\":\"https:\\\/\\\/www.anovapeneira.gal\\\/index.php\\\/author\\\/redactor\\\/\"}]}<\/script>\n<!-- \/ Yoast SEO plugin. -->","yoast_head_json":{"title":"O goberno municipal aprobou no pleno a relaci\u00f3n de postos de traballo e unha moci\u00f3n contra os recortes no ensino da Xunta de Galicia -","description":"Por unanimidade sa\u00edron adiante d\u00faas adxudicaci\u00f3ns: a do contrato do servizo de axuda no fogar e o do servizo de colaboraci\u00f3n na xesti\u00f3n tributaria","robots":{"index":"index","follow":"follow","max-snippet":"max-snippet:-1","max-image-preview":"max-image-preview:large","max-video-preview":"max-video-preview:-1"},"canonical":"https:\/\/www.anovapeneira.gal\/index.php\/2021\/08\/05\/o-goberno-municipal-aprobou-no-pleno-a-relacion-de-postos-de-traballo-e-unha-mocion-contra-os-recortes-no-ensino-da-xunta-de-galicia\/","og_locale":"gl_ES","og_type":"article","og_title":"O goberno municipal aprobou no pleno a relaci\u00f3n de postos de traballo e unha moci\u00f3n contra os recortes no ensino da Xunta de Galicia -","og_description":"Por unanimidade sa\u00edron adiante d\u00faas adxudicaci\u00f3ns: a do contrato do servizo de axuda no fogar e o do servizo de colaboraci\u00f3n na xesti\u00f3n tributaria","og_url":"https:\/\/www.anovapeneira.gal\/index.php\/2021\/08\/05\/o-goberno-municipal-aprobou-no-pleno-a-relacion-de-postos-de-traballo-e-unha-mocion-contra-os-recortes-no-ensino-da-xunta-de-galicia\/","article_publisher":"https:\/\/www.facebook.com\/anovapeneira","article_published_time":"2021-08-05T10:00:55+00:00","og_image":[{"width":720,"height":432,"url":"https:\/\/www.anovapeneira.gal\/wp-content\/uploads\/2021\/08\/recorte_ensino_bueu.jpg","type":"image\/jpeg"}],"author":"Redacci\u00f3n A Nova Peneira","twitter_card":"summary_large_image","twitter_creator":"@APeneira","twitter_site":"@APeneira","twitter_misc":{"Escrito por":"Redacci\u00f3n A Nova Peneira","Tempo de lectura":"3 minutos"},"schema":{"@context":"https:\/\/schema.org","@graph":[{"@type":"Article","@id":"https:\/\/www.anovapeneira.gal\/index.php\/2021\/08\/05\/o-goberno-municipal-aprobou-no-pleno-a-relacion-de-postos-de-traballo-e-unha-mocion-contra-os-recortes-no-ensino-da-xunta-de-galicia\/#article","isPartOf":{"@id":"https:\/\/www.anovapeneira.gal\/index.php\/2021\/08\/05\/o-goberno-municipal-aprobou-no-pleno-a-relacion-de-postos-de-traballo-e-unha-mocion-contra-os-recortes-no-ensino-da-xunta-de-galicia\/"},"author":{"name":"Redacci\u00f3n A Nova Peneira","@id":"https:\/\/www.anovapeneira.gal\/#\/schema\/person\/b93e3f8932e3f8da96334607eb6ac6aa"},"headline":"O goberno municipal aprobou no pleno a relaci\u00f3n de postos de traballo e unha moci\u00f3n contra os recortes no ensino da Xunta de Galicia","datePublished":"2021-08-05T10:00:55+00:00","mainEntityOfPage":{"@id":"https:\/\/www.anovapeneira.gal\/index.php\/2021\/08\/05\/o-goberno-municipal-aprobou-no-pleno-a-relacion-de-postos-de-traballo-e-unha-mocion-contra-os-recortes-no-ensino-da-xunta-de-galicia\/"},"wordCount":651,"commentCount":0,"publisher":{"@id":"https:\/\/www.anovapeneira.gal\/#organization"},"image":{"@id":"https:\/\/www.anovapeneira.gal\/index.php\/2021\/08\/05\/o-goberno-municipal-aprobou-no-pleno-a-relacion-de-postos-de-traballo-e-unha-mocion-contra-os-recortes-no-ensino-da-xunta-de-galicia\/#primaryimage"},"thumbnailUrl":"https:\/\/www.anovapeneira.gal\/wp-content\/uploads\/2021\/08\/recorte_ensino_bueu.jpg","keywords":["Concello de Bueu"],"articleSection":["Morrazo"],"inLanguage":"gl-ES","potentialAction":[{"@type":"CommentAction","name":"Comment","target":["https:\/\/www.anovapeneira.gal\/index.php\/2021\/08\/05\/o-goberno-municipal-aprobou-no-pleno-a-relacion-de-postos-de-traballo-e-unha-mocion-contra-os-recortes-no-ensino-da-xunta-de-galicia\/#respond"]}]},{"@type":"WebPage","@id":"https:\/\/www.anovapeneira.gal\/index.php\/2021\/08\/05\/o-goberno-municipal-aprobou-no-pleno-a-relacion-de-postos-de-traballo-e-unha-mocion-contra-os-recortes-no-ensino-da-xunta-de-galicia\/","url":"https:\/\/www.anovapeneira.gal\/index.php\/2021\/08\/05\/o-goberno-municipal-aprobou-no-pleno-a-relacion-de-postos-de-traballo-e-unha-mocion-contra-os-recortes-no-ensino-da-xunta-de-galicia\/","name":"O goberno municipal aprobou no pleno a relaci\u00f3n de postos de traballo e unha moci\u00f3n contra os recortes no ensino da Xunta de Galicia -","isPartOf":{"@id":"https:\/\/www.anovapeneira.gal\/#website"},"primaryImageOfPage":{"@id":"https:\/\/www.anovapeneira.gal\/index.php\/2021\/08\/05\/o-goberno-municipal-aprobou-no-pleno-a-relacion-de-postos-de-traballo-e-unha-mocion-contra-os-recortes-no-ensino-da-xunta-de-galicia\/#primaryimage"},"image":{"@id":"https:\/\/www.anovapeneira.gal\/index.php\/2021\/08\/05\/o-goberno-municipal-aprobou-no-pleno-a-relacion-de-postos-de-traballo-e-unha-mocion-contra-os-recortes-no-ensino-da-xunta-de-galicia\/#primaryimage"},"thumbnailUrl":"https:\/\/www.anovapeneira.gal\/wp-content\/uploads\/2021\/08\/recorte_ensino_bueu.jpg","datePublished":"2021-08-05T10:00:55+00:00","description":"Por unanimidade sa\u00edron adiante d\u00faas adxudicaci\u00f3ns: a do contrato do servizo de axuda no fogar e o do servizo de colaboraci\u00f3n na xesti\u00f3n tributaria","breadcrumb":{"@id":"https:\/\/www.anovapeneira.gal\/index.php\/2021\/08\/05\/o-goberno-municipal-aprobou-no-pleno-a-relacion-de-postos-de-traballo-e-unha-mocion-contra-os-recortes-no-ensino-da-xunta-de-galicia\/#breadcrumb"},"inLanguage":"gl-ES","potentialAction":[{"@type":"ReadAction","target":["https:\/\/www.anovapeneira.gal\/index.php\/2021\/08\/05\/o-goberno-municipal-aprobou-no-pleno-a-relacion-de-postos-de-traballo-e-unha-mocion-contra-os-recortes-no-ensino-da-xunta-de-galicia\/"]}]},{"@type":"ImageObject","inLanguage":"gl-ES","@id":"https:\/\/www.anovapeneira.gal\/index.php\/2021\/08\/05\/o-goberno-municipal-aprobou-no-pleno-a-relacion-de-postos-de-traballo-e-unha-mocion-contra-os-recortes-no-ensino-da-xunta-de-galicia\/#primaryimage","url":"https:\/\/www.anovapeneira.gal\/wp-content\/uploads\/2021\/08\/recorte_ensino_bueu.jpg","contentUrl":"https:\/\/www.anovapeneira.gal\/wp-content\/uploads\/2021\/08\/recorte_ensino_bueu.jpg","width":720,"height":432},{"@type":"BreadcrumbList","@id":"https:\/\/www.anovapeneira.gal\/index.php\/2021\/08\/05\/o-goberno-municipal-aprobou-no-pleno-a-relacion-de-postos-de-traballo-e-unha-mocion-contra-os-recortes-no-ensino-da-xunta-de-galicia\/#breadcrumb","itemListElement":[{"@type":"ListItem","position":1,"name":"Portada","item":"https:\/\/www.anovapeneira.gal\/"},{"@type":"ListItem","position":2,"name":"O goberno municipal aprobou no pleno a relaci\u00f3n de postos de traballo e unha moci\u00f3n contra os recortes no ensino da Xunta de Galicia"}]},{"@type":"WebSite","@id":"https:\/\/www.anovapeneira.gal\/#website","url":"https:\/\/www.anovapeneira.gal\/","name":"","description":"Xornal galego de informaci\u00f3n xeral Publicaci\u00f3n mensual de novas de Galicia e en especial dos Concellos da sur da provincia de Pontevedra.","publisher":{"@id":"https:\/\/www.anovapeneira.gal\/#organization"},"potentialAction":[{"@type":"SearchAction","target":{"@type":"EntryPoint","urlTemplate":"https:\/\/www.anovapeneira.gal\/?s={search_term_string}"},"query-input":{"@type":"PropertyValueSpecification","valueRequired":true,"valueName":"search_term_string"}}],"inLanguage":"gl-ES"},{"@type":"Organization","@id":"https:\/\/www.anovapeneira.gal\/#organization","name":"A Nova Peneira","url":"https:\/\/www.anovapeneira.gal\/","logo":{"@type":"ImageObject","inLanguage":"gl-ES","@id":"https:\/\/www.anovapeneira.gal\/#\/schema\/logo\/image\/","url":"http:\/\/www.anovapeneira.gal\/wp-content\/uploads\/2019\/06\/logo_a_nova_peneira_portal_web.png","contentUrl":"http:\/\/www.anovapeneira.gal\/wp-content\/uploads\/2019\/06\/logo_a_nova_peneira_portal_web.png","width":300,"height":100,"caption":"A Nova Peneira"},"image":{"@id":"https:\/\/www.anovapeneira.gal\/#\/schema\/logo\/image\/"},"sameAs":["https:\/\/www.facebook.com\/anovapeneira","https:\/\/x.com\/APeneira"]},{"@type":"Person","@id":"https:\/\/www.anovapeneira.gal\/#\/schema\/person\/b93e3f8932e3f8da96334607eb6ac6aa","name":"Redacci\u00f3n A Nova Peneira","image":{"@type":"ImageObject","inLanguage":"gl-ES","@id":"https:\/\/secure.gravatar.com\/avatar\/c052a2551a06e23fac63626232eaa90abd78dbcf1700fc46a2b2c89fd27b735f?s=96&d=mm&r=g","url":"https:\/\/secure.gravatar.com\/avatar\/c052a2551a06e23fac63626232eaa90abd78dbcf1700fc46a2b2c89fd27b735f?s=96&d=mm&r=g","contentUrl":"https:\/\/secure.gravatar.com\/avatar\/c052a2551a06e23fac63626232eaa90abd78dbcf1700fc46a2b2c89fd27b735f?s=96&d=mm&r=g","caption":"Redacci\u00f3n A Nova Peneira"},"sameAs":["http:\/\/www.anovapeneira.gal\/"],"url":"https:\/\/www.anovapeneira.gal\/index.php\/author\/redactor\/"}]}},"jetpack_featured_media_url":"https:\/\/www.anovapeneira.gal\/wp-content\/uploads\/2021\/08\/recorte_ensino_bueu.jpg","_links":{"self":[{"href":"https:\/\/www.anovapeneira.gal\/index.php\/wp-json\/wp\/v2\/posts\/5884","targetHints":{"allow":["GET"]}}],"collection":[{"href":"https:\/\/www.anovapeneira.gal\/index.php\/wp-json\/wp\/v2\/posts"}],"about":[{"href":"https:\/\/www.anovapeneira.gal\/index.php\/wp-json\/wp\/v2\/types\/post"}],"author":[{"embeddable":true,"href":"https:\/\/www.anovapeneira.gal\/index.php\/wp-json\/wp\/v2\/users\/3"}],"replies":[{"embeddable":true,"href":"https:\/\/www.anovapeneira.gal\/index.php\/wp-json\/wp\/v2\/comments?post=5884"}],"version-history":[{"count":1,"href":"https:\/\/www.anovapeneira.gal\/index.php\/wp-json\/wp\/v2\/posts\/5884\/revisions"}],"predecessor-version":[{"id":5886,"href":"https:\/\/www.anovapeneira.gal\/index.php\/wp-json\/wp\/v2\/posts\/5884\/revisions\/5886"}],"wp:featuredmedia":[{"embeddable":true,"href":"https:\/\/www.anovapeneira.gal\/index.php\/wp-json\/wp\/v2\/media\/5885"}],"wp:attachment":[{"href":"https:\/\/www.anovapeneira.gal\/index.php\/wp-json\/wp\/v2\/media?parent=5884"}],"wp:term":[{"taxonomy":"category","embeddable":true,"href":"https:\/\/www.anovapeneira.gal\/index.php\/wp-json\/wp\/v2\/categories?post=5884"},{"taxonomy":"post_tag","embeddable":true,"href":"https:\/\/www.anovapeneira.gal\/index.php\/wp-json\/wp\/v2\/tags?post=5884"}],"curies":[{"name":"wp","href":"https:\/\/api.w.org\/{rel}","templated":true}]}}