{"id":5891,"date":"2021-08-06T12:00:38","date_gmt":"2021-08-06T10:00:38","guid":{"rendered":"https:\/\/www.anovapeneira.gal\/?p=5891"},"modified":"2021-08-04T11:58:09","modified_gmt":"2021-08-04T09:58:09","slug":"sos-atencion-primaria","status":"publish","type":"post","link":"https:\/\/www.anovapeneira.gal\/index.php\/2021\/08\/06\/sos-atencion-primaria\/","title":{"rendered":"SOS Atenci\u00f3n Primaria"},"content":{"rendered":"\n<figure class=\"wp-block-image size-large is-resized\"><img loading=\"lazy\" decoding=\"async\" src=\"http:\/\/www.anovapeneira.gal\/wp-content\/uploads\/2019\/07\/pedro_cortegoso_opinion_a_nova_peneira_bn.jpg\" alt=\"Pedro M. Cortegoso Gago Artigo Opini\u00f3n A Nova Peneira\" class=\"wp-image-464\" width=\"95\" height=\"111\"\/><figcaption>Pedro M. Cortegoso Gago Traballador do Centro de Sa\u00fade de Moa\u00f1a<\/figcaption><\/figure>\n\n\n\n<p><strong>Mar\u00edn, 3 de agosto de 2021<\/strong><\/p>\n\n\n\n<p>A situaci\u00f3n da Atenci\u00f3n Primaria da sanidade galega \u00e9 de colapso e desesperaci\u00f3n. Calquera pode ver longas colas diante dos centros de sa\u00fade, calquera pode pasar horas tentando estabelecer conexi\u00f3n telef\u00f3nica para pedir unha cita.<\/p>\n\n\n\n<p>Os m\u00e9dicos e m\u00e9dicas atenden moitas m\u00e1is citas das que deber\u00edan para prestar un servizo digno e de calidade. Desde o inicio da pandemia fan funci\u00f3ns de telefonistas para atender as persoas doentes. Al\u00e9n diso na pr\u00e1ctica son os grandes rastrexadores da Covid, pois e onde acoden positivos e contactos desesperados ante a non comparecencia dos rastrexadores oficiais pagados pola Xunta.<\/p>\n\n\n\n<p>O persoal de enfermar\u00eda anda a cen por hora para poder atender o seu traballo habitual e a vacinaci\u00f3n da Covid.<\/p>\n\n\n\n<p>O Persoal de Servizos Xerais (PSX), o persoal administrativo que atende nos mostradores dos centros de sa\u00fade, est\u00e1 desbordado desde o principio da pandemia. Antes pola falta de informaci\u00f3n clara e o medo ao contaxio, e agora pola demanda masiva de citas e solicitude de certificados Covid e altas na Chave365. Aluvi\u00f3ns de xente cada vez que o Presidente da Xunta ou o Conselleiro de Sanidade fan declaraci\u00f3ns nos medios anunciando calquera nova ocorrencia: certificados para ir aos bares, vacinaci\u00f3n a demanda, etc.<\/p>\n\n\n\n<p>Os e as PSX te\u00f1en que facer funci\u00f3ns de asesores inform\u00e1ticos e instaladores de aplicaci\u00f3ns nos tel\u00e9fonos m\u00f3biles para que se poidan instalar os certificados Covid nos tel\u00e9fonos. Non pensaron que as habilidades tecnol\u00f3xicas da xente maior son limitadas?<\/p>\n\n\n\n<p>Todo isto, sumado ao funcionamento habitual e \u00e1s demandas sanitarias e administrativas habituais, fai que sexa impos\u00edbel unha actividade normal dos centros de sa\u00fade. O resultado son grandes colas e imposibilidade de atender as chamadas telef\u00f3nicas para concertar citas.<\/p>\n\n\n\n<p>E diante desa situaci\u00f3n que fai o Sergas? Reforzar os servizos e o persoal? Non, mantense na s\u00faa pol\u00edtica de non substituci\u00f3n do persoal. Seica non hai m\u00e9dicos, pediatras, Ats ou administrativos. Non haber\u00e1 por que non queren que os haxa, fixeron todo o pos\u00edbel por que se foran a outros pa\u00edses con mellores condici\u00f3ns laborais e salariais.<\/p>\n\n\n\n<p>Como se explica sen\u00f3n que no centro de sa\u00fade de Mar\u00edn haxa persoal m\u00e9dico de baixa durante un ano e non se chame un substituto para cubrir esa praza? Por que en Mar\u00edn na quenda de tarde s\u00f3 hai un PSX para atender todo o centro cando en Moa\u00f1a, con menor poboaci\u00f3n, hai tres?&nbsp;<\/p>\n\n\n\n<p>Por\u00e9n, isto non pasa por casualidade \u00e9 intencionado. Estamos ante unha estratexia ben definida que pretende o desprestixio da sanidade p\u00fablica galega e a derivaci\u00f3n dos galegos e galegas \u00e1 sanidade privada.&nbsp;<\/p>\n\n\n\n<p>Se un servizo p\u00fablico funciona mal e ten mala prensa, \u00e9 mais f\u00e1cil xustificar a s\u00faa privatizaci\u00f3n. Esta \u00e9 a pol\u00edtica do Partido Popular, esta \u00e9 a pol\u00edtica do Sr. Feixoo, o &#8220;gran xestor&#8221;, desde que chegou \u00e1 presidencia da Xunta.&nbsp;<\/p>\n\n\n\n<p>PD: Da a impresi\u00f3n de que os partidos que gobernan en Madrid e Santiago xa te\u00f1en amortizada a pandemia, que xa non importan as persoas: positivas, en corentena, ingresadas ou falecidas. Botaron contas e xa chegaron ao tope do custe pol\u00edtico que ti\u00f1an que descontar e agora poden &#8220;sacrificar&#8221; a unha parte da poboaci\u00f3n para salvar a econom\u00eda. O importante para eles sempre \u00e9 a conta de resultados, os electorais e os econ\u00f3micos.<\/p>\n","protected":false},"excerpt":{"rendered":"<div class=\"mh-excerpt\"><p>A situaci\u00f3n da Atenci\u00f3n Primaria da sanidade galega \u00e9 de colapso e desesperaci\u00f3n. Calquera pode ver longas colas diante dos centros de sa\u00fade, calquera pode pasar horas tentando estabelecer conexi\u00f3n telef\u00f3nica para pedir unha cita. <a class=\"mh-excerpt-more\" href=\"https:\/\/www.anovapeneira.gal\/index.php\/2021\/08\/06\/sos-atencion-primaria\/\" title=\"SOS Atenci\u00f3n Primaria\">[&#8230;]<\/a><\/p>\n<\/div>","protected":false},"author":4,"featured_media":584,"comment_status":"open","ping_status":"open","sticky":false,"template":"","format":"standard","meta":{"_exactmetrics_skip_tracking":false,"_exactmetrics_sitenote_active":false,"_exactmetrics_sitenote_note":"","_exactmetrics_sitenote_category":0,"footnotes":""},"categories":[7],"tags":[144],"class_list":{"0":"post-5891","1":"post","2":"type-post","3":"status-publish","4":"format-standard","5":"has-post-thumbnail","7":"category-artigos-de-opinion","8":"tag-concello-de-marin"},"yoast_head":"<!-- This site is optimized with the Yoast SEO plugin v27.4 - https:\/\/yoast.com\/product\/yoast-seo-wordpress\/ -->\n<title>SOS Atenci\u00f3n Primaria -<\/title>\n<meta name=\"description\" content=\"A situaci\u00f3n da Atenci\u00f3n Primaria da sanidade galega \u00e9 de colapso e desesperaci\u00f3n. Calquera pode ver longas colas diante dos centros de sa\u00fade, calquera pode pasar horas tentando estabelecer conexi\u00f3n telef\u00f3nica para pedir unha cita.\" \/>\n<meta name=\"robots\" content=\"index, follow, max-snippet:-1, max-image-preview:large, max-video-preview:-1\" \/>\n<link rel=\"canonical\" href=\"https:\/\/www.anovapeneira.gal\/index.php\/2021\/08\/06\/sos-atencion-primaria\/\" \/>\n<meta property=\"og:locale\" content=\"gl_ES\" \/>\n<meta property=\"og:type\" content=\"article\" \/>\n<meta property=\"og:title\" content=\"SOS Atenci\u00f3n Primaria -\" \/>\n<meta property=\"og:description\" content=\"A situaci\u00f3n da Atenci\u00f3n Primaria da sanidade galega \u00e9 de colapso e desesperaci\u00f3n. Calquera pode ver longas colas diante dos centros de sa\u00fade, calquera pode pasar horas tentando estabelecer conexi\u00f3n telef\u00f3nica para pedir unha cita.\" \/>\n<meta property=\"og:url\" content=\"https:\/\/www.anovapeneira.gal\/index.php\/2021\/08\/06\/sos-atencion-primaria\/\" \/>\n<meta property=\"article:publisher\" content=\"https:\/\/www.facebook.com\/anovapeneira\" \/>\n<meta property=\"article:published_time\" content=\"2021-08-06T10:00:38+00:00\" \/>\n<meta property=\"og:image\" content=\"https:\/\/www.anovapeneira.gal\/wp-content\/uploads\/2019\/07\/ARTIGO_DE_OPINION_A_NOVA_PENEIRA.jpg\" \/>\n\t<meta property=\"og:image:width\" content=\"720\" \/>\n\t<meta property=\"og:image:height\" content=\"473\" \/>\n\t<meta property=\"og:image:type\" content=\"image\/jpeg\" \/>\n<meta name=\"author\" content=\"Pedro M. Cortegoso Gago\" \/>\n<meta name=\"twitter:card\" content=\"summary_large_image\" \/>\n<meta name=\"twitter:image\" content=\"https:\/\/www.anovapeneira.gal\/wp-content\/uploads\/2019\/07\/ARTIGO_DE_OPINION_A_NOVA_PENEIRA.jpg\" \/>\n<meta name=\"twitter:creator\" content=\"@APeneira\" \/>\n<meta name=\"twitter:site\" content=\"@APeneira\" \/>\n<meta name=\"twitter:label1\" content=\"Escrito por\" \/>\n\t<meta name=\"twitter:data1\" content=\"Pedro M. Cortegoso Gago\" \/>\n\t<meta name=\"twitter:label2\" content=\"Tempo de lectura\" \/>\n\t<meta name=\"twitter:data2\" content=\"3 minutos\" \/>\n<script type=\"application\/ld+json\" class=\"yoast-schema-graph\">{\"@context\":\"https:\\\/\\\/schema.org\",\"@graph\":[{\"@type\":\"Article\",\"@id\":\"https:\\\/\\\/www.anovapeneira.gal\\\/index.php\\\/2021\\\/08\\\/06\\\/sos-atencion-primaria\\\/#article\",\"isPartOf\":{\"@id\":\"https:\\\/\\\/www.anovapeneira.gal\\\/index.php\\\/2021\\\/08\\\/06\\\/sos-atencion-primaria\\\/\"},\"author\":{\"name\":\"Pedro M. Cortegoso Gago\",\"@id\":\"https:\\\/\\\/www.anovapeneira.gal\\\/#\\\/schema\\\/person\\\/c04a9c9f722c9446e71ae434c0353337\"},\"headline\":\"SOS Atenci\u00f3n Primaria\",\"datePublished\":\"2021-08-06T10:00:38+00:00\",\"mainEntityOfPage\":{\"@id\":\"https:\\\/\\\/www.anovapeneira.gal\\\/index.php\\\/2021\\\/08\\\/06\\\/sos-atencion-primaria\\\/\"},\"wordCount\":602,\"commentCount\":0,\"publisher\":{\"@id\":\"https:\\\/\\\/www.anovapeneira.gal\\\/#organization\"},\"image\":{\"@id\":\"https:\\\/\\\/www.anovapeneira.gal\\\/index.php\\\/2021\\\/08\\\/06\\\/sos-atencion-primaria\\\/#primaryimage\"},\"thumbnailUrl\":\"https:\\\/\\\/www.anovapeneira.gal\\\/wp-content\\\/uploads\\\/2019\\\/07\\\/ARTIGO_DE_OPINION_A_NOVA_PENEIRA.jpg\",\"keywords\":[\"Concello de Mar\u00edn\"],\"articleSection\":[\"Artigos de opini\u00f3n\"],\"inLanguage\":\"gl-ES\",\"potentialAction\":[{\"@type\":\"CommentAction\",\"name\":\"Comment\",\"target\":[\"https:\\\/\\\/www.anovapeneira.gal\\\/index.php\\\/2021\\\/08\\\/06\\\/sos-atencion-primaria\\\/#respond\"]}]},{\"@type\":\"WebPage\",\"@id\":\"https:\\\/\\\/www.anovapeneira.gal\\\/index.php\\\/2021\\\/08\\\/06\\\/sos-atencion-primaria\\\/\",\"url\":\"https:\\\/\\\/www.anovapeneira.gal\\\/index.php\\\/2021\\\/08\\\/06\\\/sos-atencion-primaria\\\/\",\"name\":\"SOS Atenci\u00f3n Primaria -\",\"isPartOf\":{\"@id\":\"https:\\\/\\\/www.anovapeneira.gal\\\/#website\"},\"primaryImageOfPage\":{\"@id\":\"https:\\\/\\\/www.anovapeneira.gal\\\/index.php\\\/2021\\\/08\\\/06\\\/sos-atencion-primaria\\\/#primaryimage\"},\"image\":{\"@id\":\"https:\\\/\\\/www.anovapeneira.gal\\\/index.php\\\/2021\\\/08\\\/06\\\/sos-atencion-primaria\\\/#primaryimage\"},\"thumbnailUrl\":\"https:\\\/\\\/www.anovapeneira.gal\\\/wp-content\\\/uploads\\\/2019\\\/07\\\/ARTIGO_DE_OPINION_A_NOVA_PENEIRA.jpg\",\"datePublished\":\"2021-08-06T10:00:38+00:00\",\"description\":\"A situaci\u00f3n da Atenci\u00f3n Primaria da sanidade galega \u00e9 de colapso e desesperaci\u00f3n. Calquera pode ver longas colas diante dos centros de sa\u00fade, calquera pode pasar horas tentando estabelecer conexi\u00f3n telef\u00f3nica para pedir unha cita.\",\"breadcrumb\":{\"@id\":\"https:\\\/\\\/www.anovapeneira.gal\\\/index.php\\\/2021\\\/08\\\/06\\\/sos-atencion-primaria\\\/#breadcrumb\"},\"inLanguage\":\"gl-ES\",\"potentialAction\":[{\"@type\":\"ReadAction\",\"target\":[\"https:\\\/\\\/www.anovapeneira.gal\\\/index.php\\\/2021\\\/08\\\/06\\\/sos-atencion-primaria\\\/\"]}]},{\"@type\":\"ImageObject\",\"inLanguage\":\"gl-ES\",\"@id\":\"https:\\\/\\\/www.anovapeneira.gal\\\/index.php\\\/2021\\\/08\\\/06\\\/sos-atencion-primaria\\\/#primaryimage\",\"url\":\"https:\\\/\\\/www.anovapeneira.gal\\\/wp-content\\\/uploads\\\/2019\\\/07\\\/ARTIGO_DE_OPINION_A_NOVA_PENEIRA.jpg\",\"contentUrl\":\"https:\\\/\\\/www.anovapeneira.gal\\\/wp-content\\\/uploads\\\/2019\\\/07\\\/ARTIGO_DE_OPINION_A_NOVA_PENEIRA.jpg\",\"width\":720,\"height\":473,\"caption\":\"Artigo de opini\u00f3n A Nova Peneira\"},{\"@type\":\"BreadcrumbList\",\"@id\":\"https:\\\/\\\/www.anovapeneira.gal\\\/index.php\\\/2021\\\/08\\\/06\\\/sos-atencion-primaria\\\/#breadcrumb\",\"itemListElement\":[{\"@type\":\"ListItem\",\"position\":1,\"name\":\"Portada\",\"item\":\"https:\\\/\\\/www.anovapeneira.gal\\\/\"},{\"@type\":\"ListItem\",\"position\":2,\"name\":\"SOS Atenci\u00f3n Primaria\"}]},{\"@type\":\"WebSite\",\"@id\":\"https:\\\/\\\/www.anovapeneira.gal\\\/#website\",\"url\":\"https:\\\/\\\/www.anovapeneira.gal\\\/\",\"name\":\"\",\"description\":\"Xornal galego de informaci\u00f3n xeral Publicaci\u00f3n mensual de novas de Galicia e en especial dos Concellos da sur da provincia de Pontevedra.\",\"publisher\":{\"@id\":\"https:\\\/\\\/www.anovapeneira.gal\\\/#organization\"},\"potentialAction\":[{\"@type\":\"SearchAction\",\"target\":{\"@type\":\"EntryPoint\",\"urlTemplate\":\"https:\\\/\\\/www.anovapeneira.gal\\\/?s={search_term_string}\"},\"query-input\":{\"@type\":\"PropertyValueSpecification\",\"valueRequired\":true,\"valueName\":\"search_term_string\"}}],\"inLanguage\":\"gl-ES\"},{\"@type\":\"Organization\",\"@id\":\"https:\\\/\\\/www.anovapeneira.gal\\\/#organization\",\"name\":\"A Nova Peneira\",\"url\":\"https:\\\/\\\/www.anovapeneira.gal\\\/\",\"logo\":{\"@type\":\"ImageObject\",\"inLanguage\":\"gl-ES\",\"@id\":\"https:\\\/\\\/www.anovapeneira.gal\\\/#\\\/schema\\\/logo\\\/image\\\/\",\"url\":\"http:\\\/\\\/www.anovapeneira.gal\\\/wp-content\\\/uploads\\\/2019\\\/06\\\/logo_a_nova_peneira_portal_web.png\",\"contentUrl\":\"http:\\\/\\\/www.anovapeneira.gal\\\/wp-content\\\/uploads\\\/2019\\\/06\\\/logo_a_nova_peneira_portal_web.png\",\"width\":300,\"height\":100,\"caption\":\"A Nova Peneira\"},\"image\":{\"@id\":\"https:\\\/\\\/www.anovapeneira.gal\\\/#\\\/schema\\\/logo\\\/image\\\/\"},\"sameAs\":[\"https:\\\/\\\/www.facebook.com\\\/anovapeneira\",\"https:\\\/\\\/x.com\\\/APeneira\"]},{\"@type\":\"Person\",\"@id\":\"https:\\\/\\\/www.anovapeneira.gal\\\/#\\\/schema\\\/person\\\/c04a9c9f722c9446e71ae434c0353337\",\"name\":\"Pedro M. Cortegoso Gago\",\"image\":{\"@type\":\"ImageObject\",\"inLanguage\":\"gl-ES\",\"@id\":\"https:\\\/\\\/secure.gravatar.com\\\/avatar\\\/1613b27278a972c04db5c2f04fb2cbfa9edb58d6c3e2547817ecb8240eb58381?s=96&d=mm&r=g\",\"url\":\"https:\\\/\\\/secure.gravatar.com\\\/avatar\\\/1613b27278a972c04db5c2f04fb2cbfa9edb58d6c3e2547817ecb8240eb58381?s=96&d=mm&r=g\",\"contentUrl\":\"https:\\\/\\\/secure.gravatar.com\\\/avatar\\\/1613b27278a972c04db5c2f04fb2cbfa9edb58d6c3e2547817ecb8240eb58381?s=96&d=mm&r=g\",\"caption\":\"Pedro M. Cortegoso Gago\"},\"sameAs\":[\"http:\\\/\\\/anovapeneira.gal\"],\"url\":\"https:\\\/\\\/www.anovapeneira.gal\\\/index.php\\\/author\\\/opinionpcortegoso\\\/\"}]}<\/script>\n<!-- \/ Yoast SEO plugin. -->","yoast_head_json":{"title":"SOS Atenci\u00f3n Primaria -","description":"A situaci\u00f3n da Atenci\u00f3n Primaria da sanidade galega \u00e9 de colapso e desesperaci\u00f3n. Calquera pode ver longas colas diante dos centros de sa\u00fade, calquera pode pasar horas tentando estabelecer conexi\u00f3n telef\u00f3nica para pedir unha cita.","robots":{"index":"index","follow":"follow","max-snippet":"max-snippet:-1","max-image-preview":"max-image-preview:large","max-video-preview":"max-video-preview:-1"},"canonical":"https:\/\/www.anovapeneira.gal\/index.php\/2021\/08\/06\/sos-atencion-primaria\/","og_locale":"gl_ES","og_type":"article","og_title":"SOS Atenci\u00f3n Primaria -","og_description":"A situaci\u00f3n da Atenci\u00f3n Primaria da sanidade galega \u00e9 de colapso e desesperaci\u00f3n. Calquera pode ver longas colas diante dos centros de sa\u00fade, calquera pode pasar horas tentando estabelecer conexi\u00f3n telef\u00f3nica para pedir unha cita.","og_url":"https:\/\/www.anovapeneira.gal\/index.php\/2021\/08\/06\/sos-atencion-primaria\/","article_publisher":"https:\/\/www.facebook.com\/anovapeneira","article_published_time":"2021-08-06T10:00:38+00:00","og_image":[{"width":720,"height":473,"url":"https:\/\/www.anovapeneira.gal\/wp-content\/uploads\/2019\/07\/ARTIGO_DE_OPINION_A_NOVA_PENEIRA.jpg","type":"image\/jpeg"}],"author":"Pedro M. Cortegoso Gago","twitter_card":"summary_large_image","twitter_image":"https:\/\/www.anovapeneira.gal\/wp-content\/uploads\/2019\/07\/ARTIGO_DE_OPINION_A_NOVA_PENEIRA.jpg","twitter_creator":"@APeneira","twitter_site":"@APeneira","twitter_misc":{"Escrito por":"Pedro M. Cortegoso Gago","Tempo de lectura":"3 minutos"},"schema":{"@context":"https:\/\/schema.org","@graph":[{"@type":"Article","@id":"https:\/\/www.anovapeneira.gal\/index.php\/2021\/08\/06\/sos-atencion-primaria\/#article","isPartOf":{"@id":"https:\/\/www.anovapeneira.gal\/index.php\/2021\/08\/06\/sos-atencion-primaria\/"},"author":{"name":"Pedro M. Cortegoso Gago","@id":"https:\/\/www.anovapeneira.gal\/#\/schema\/person\/c04a9c9f722c9446e71ae434c0353337"},"headline":"SOS Atenci\u00f3n Primaria","datePublished":"2021-08-06T10:00:38+00:00","mainEntityOfPage":{"@id":"https:\/\/www.anovapeneira.gal\/index.php\/2021\/08\/06\/sos-atencion-primaria\/"},"wordCount":602,"commentCount":0,"publisher":{"@id":"https:\/\/www.anovapeneira.gal\/#organization"},"image":{"@id":"https:\/\/www.anovapeneira.gal\/index.php\/2021\/08\/06\/sos-atencion-primaria\/#primaryimage"},"thumbnailUrl":"https:\/\/www.anovapeneira.gal\/wp-content\/uploads\/2019\/07\/ARTIGO_DE_OPINION_A_NOVA_PENEIRA.jpg","keywords":["Concello de Mar\u00edn"],"articleSection":["Artigos de opini\u00f3n"],"inLanguage":"gl-ES","potentialAction":[{"@type":"CommentAction","name":"Comment","target":["https:\/\/www.anovapeneira.gal\/index.php\/2021\/08\/06\/sos-atencion-primaria\/#respond"]}]},{"@type":"WebPage","@id":"https:\/\/www.anovapeneira.gal\/index.php\/2021\/08\/06\/sos-atencion-primaria\/","url":"https:\/\/www.anovapeneira.gal\/index.php\/2021\/08\/06\/sos-atencion-primaria\/","name":"SOS Atenci\u00f3n Primaria -","isPartOf":{"@id":"https:\/\/www.anovapeneira.gal\/#website"},"primaryImageOfPage":{"@id":"https:\/\/www.anovapeneira.gal\/index.php\/2021\/08\/06\/sos-atencion-primaria\/#primaryimage"},"image":{"@id":"https:\/\/www.anovapeneira.gal\/index.php\/2021\/08\/06\/sos-atencion-primaria\/#primaryimage"},"thumbnailUrl":"https:\/\/www.anovapeneira.gal\/wp-content\/uploads\/2019\/07\/ARTIGO_DE_OPINION_A_NOVA_PENEIRA.jpg","datePublished":"2021-08-06T10:00:38+00:00","description":"A situaci\u00f3n da Atenci\u00f3n Primaria da sanidade galega \u00e9 de colapso e desesperaci\u00f3n. Calquera pode ver longas colas diante dos centros de sa\u00fade, calquera pode pasar horas tentando estabelecer conexi\u00f3n telef\u00f3nica para pedir unha cita.","breadcrumb":{"@id":"https:\/\/www.anovapeneira.gal\/index.php\/2021\/08\/06\/sos-atencion-primaria\/#breadcrumb"},"inLanguage":"gl-ES","potentialAction":[{"@type":"ReadAction","target":["https:\/\/www.anovapeneira.gal\/index.php\/2021\/08\/06\/sos-atencion-primaria\/"]}]},{"@type":"ImageObject","inLanguage":"gl-ES","@id":"https:\/\/www.anovapeneira.gal\/index.php\/2021\/08\/06\/sos-atencion-primaria\/#primaryimage","url":"https:\/\/www.anovapeneira.gal\/wp-content\/uploads\/2019\/07\/ARTIGO_DE_OPINION_A_NOVA_PENEIRA.jpg","contentUrl":"https:\/\/www.anovapeneira.gal\/wp-content\/uploads\/2019\/07\/ARTIGO_DE_OPINION_A_NOVA_PENEIRA.jpg","width":720,"height":473,"caption":"Artigo de opini\u00f3n A Nova Peneira"},{"@type":"BreadcrumbList","@id":"https:\/\/www.anovapeneira.gal\/index.php\/2021\/08\/06\/sos-atencion-primaria\/#breadcrumb","itemListElement":[{"@type":"ListItem","position":1,"name":"Portada","item":"https:\/\/www.anovapeneira.gal\/"},{"@type":"ListItem","position":2,"name":"SOS Atenci\u00f3n Primaria"}]},{"@type":"WebSite","@id":"https:\/\/www.anovapeneira.gal\/#website","url":"https:\/\/www.anovapeneira.gal\/","name":"","description":"Xornal galego de informaci\u00f3n xeral Publicaci\u00f3n mensual de novas de Galicia e en especial dos Concellos da sur da provincia de Pontevedra.","publisher":{"@id":"https:\/\/www.anovapeneira.gal\/#organization"},"potentialAction":[{"@type":"SearchAction","target":{"@type":"EntryPoint","urlTemplate":"https:\/\/www.anovapeneira.gal\/?s={search_term_string}"},"query-input":{"@type":"PropertyValueSpecification","valueRequired":true,"valueName":"search_term_string"}}],"inLanguage":"gl-ES"},{"@type":"Organization","@id":"https:\/\/www.anovapeneira.gal\/#organization","name":"A Nova Peneira","url":"https:\/\/www.anovapeneira.gal\/","logo":{"@type":"ImageObject","inLanguage":"gl-ES","@id":"https:\/\/www.anovapeneira.gal\/#\/schema\/logo\/image\/","url":"http:\/\/www.anovapeneira.gal\/wp-content\/uploads\/2019\/06\/logo_a_nova_peneira_portal_web.png","contentUrl":"http:\/\/www.anovapeneira.gal\/wp-content\/uploads\/2019\/06\/logo_a_nova_peneira_portal_web.png","width":300,"height":100,"caption":"A Nova Peneira"},"image":{"@id":"https:\/\/www.anovapeneira.gal\/#\/schema\/logo\/image\/"},"sameAs":["https:\/\/www.facebook.com\/anovapeneira","https:\/\/x.com\/APeneira"]},{"@type":"Person","@id":"https:\/\/www.anovapeneira.gal\/#\/schema\/person\/c04a9c9f722c9446e71ae434c0353337","name":"Pedro M. Cortegoso Gago","image":{"@type":"ImageObject","inLanguage":"gl-ES","@id":"https:\/\/secure.gravatar.com\/avatar\/1613b27278a972c04db5c2f04fb2cbfa9edb58d6c3e2547817ecb8240eb58381?s=96&d=mm&r=g","url":"https:\/\/secure.gravatar.com\/avatar\/1613b27278a972c04db5c2f04fb2cbfa9edb58d6c3e2547817ecb8240eb58381?s=96&d=mm&r=g","contentUrl":"https:\/\/secure.gravatar.com\/avatar\/1613b27278a972c04db5c2f04fb2cbfa9edb58d6c3e2547817ecb8240eb58381?s=96&d=mm&r=g","caption":"Pedro M. Cortegoso Gago"},"sameAs":["http:\/\/anovapeneira.gal"],"url":"https:\/\/www.anovapeneira.gal\/index.php\/author\/opinionpcortegoso\/"}]}},"jetpack_featured_media_url":"https:\/\/www.anovapeneira.gal\/wp-content\/uploads\/2019\/07\/ARTIGO_DE_OPINION_A_NOVA_PENEIRA.jpg","_links":{"self":[{"href":"https:\/\/www.anovapeneira.gal\/index.php\/wp-json\/wp\/v2\/posts\/5891","targetHints":{"allow":["GET"]}}],"collection":[{"href":"https:\/\/www.anovapeneira.gal\/index.php\/wp-json\/wp\/v2\/posts"}],"about":[{"href":"https:\/\/www.anovapeneira.gal\/index.php\/wp-json\/wp\/v2\/types\/post"}],"author":[{"embeddable":true,"href":"https:\/\/www.anovapeneira.gal\/index.php\/wp-json\/wp\/v2\/users\/4"}],"replies":[{"embeddable":true,"href":"https:\/\/www.anovapeneira.gal\/index.php\/wp-json\/wp\/v2\/comments?post=5891"}],"version-history":[{"count":1,"href":"https:\/\/www.anovapeneira.gal\/index.php\/wp-json\/wp\/v2\/posts\/5891\/revisions"}],"predecessor-version":[{"id":5892,"href":"https:\/\/www.anovapeneira.gal\/index.php\/wp-json\/wp\/v2\/posts\/5891\/revisions\/5892"}],"wp:featuredmedia":[{"embeddable":true,"href":"https:\/\/www.anovapeneira.gal\/index.php\/wp-json\/wp\/v2\/media\/584"}],"wp:attachment":[{"href":"https:\/\/www.anovapeneira.gal\/index.php\/wp-json\/wp\/v2\/media?parent=5891"}],"wp:term":[{"taxonomy":"category","embeddable":true,"href":"https:\/\/www.anovapeneira.gal\/index.php\/wp-json\/wp\/v2\/categories?post=5891"},{"taxonomy":"post_tag","embeddable":true,"href":"https:\/\/www.anovapeneira.gal\/index.php\/wp-json\/wp\/v2\/tags?post=5891"}],"curies":[{"name":"wp","href":"https:\/\/api.w.org\/{rel}","templated":true}]}}