{"id":5893,"date":"2021-08-09T10:00:12","date_gmt":"2021-08-09T08:00:12","guid":{"rendered":"https:\/\/www.anovapeneira.gal\/?p=5893"},"modified":"2021-08-04T12:08:30","modified_gmt":"2021-08-04T10:08:30","slug":"ikf-a-guarda-solidariedade-de-clase-na-loita-polo-ben-comun","status":"publish","type":"post","link":"https:\/\/www.anovapeneira.gal\/index.php\/2021\/08\/09\/ikf-a-guarda-solidariedade-de-clase-na-loita-polo-ben-comun\/","title":{"rendered":"IKF A Guarda Solidariedade de clase na loita polo ben com\u00fan"},"content":{"rendered":"\n<p>\u201cA igual traballo igual salario \u201c \u00e9 un axioma hist\u00f3rico nas loitas sindicais de todos os tempos. Por\u00e9n seica estamos en tempos nos que c\u00f3mpre dar a batalla para reivindicar o obvio. E que d\u00faas persoas que fan o mesmo non cobren o mesmo \u00e9 unha inxustiza flagrante. E ante as situaci\u00f3ns inxustas s\u00f3 caben d\u00faas actitudes posibles que son mirar cara a outro lado ou facer o que fan os traballadores e traballadoras desta empresa de A Guarda: a posici\u00f3n m\u00e1is digna posible consistente en sacrificar espazos do benestar individual en prol de acadar o ben com\u00fan. IKF \u00e9 a empresa m\u00e1is grande do concello de A Guarda e probablemente tam\u00e9n das m\u00e1is antigas pois non moitas empresas poden presumir de ter m\u00e1is dun s\u00e9culo historia. Na actualidade \u00e9 propiedade dunha compa\u00f1\u00eda francesa e os seus traballadores est\u00e1n en folga indefinida desde o 14 de xullo, agora desconvocada no mes de vacaci\u00f3ns, pois a dupla escala salarial que a empresa negociara co anterior comit\u00e9 sup\u00f3n que as novas incorporaci\u00f3ns cobren arredor de 5.000\u20ac ao ano menos que as persoas que xa traballan al\u00ed. De momento esta situaci\u00f3n s\u00f3 afecta a tres persoas pero nun dign\u00edsimo exercicio de solidariedade colectiva o 100% do persoal de produci\u00f3n secunda a folga. A primeira xuntanza entre a empresa e os representantes sindicais, celebrada o pasado 30 de xullo, rematou sen acordo. Estaremos pendentes dos acontecementos. N\u00f3s acheg\u00e1monos ata A Guarda e falamos cos representantes do comit\u00e9 de empresa e co secretario da uni\u00f3n local da CIG desa localidade. Vela\u00ed vai o que deron de si ambas conversas.<\/p>\n\n\n\n<p><strong>Comit\u00e9 de Empresa:<\/strong><\/p>\n\n\n\n<figure class=\"wp-block-image size-large\"><img loading=\"lazy\" decoding=\"async\" width=\"939\" height=\"706\" src=\"https:\/\/www.anovapeneira.gal\/wp-content\/uploads\/2021\/08\/image.png\" alt=\"\" class=\"wp-image-5895\" srcset=\"https:\/\/www.anovapeneira.gal\/wp-content\/uploads\/2021\/08\/image.png 939w, https:\/\/www.anovapeneira.gal\/wp-content\/uploads\/2021\/08\/image-300x226.png 300w, https:\/\/www.anovapeneira.gal\/wp-content\/uploads\/2021\/08\/image-768x577.png 768w, https:\/\/www.anovapeneira.gal\/wp-content\/uploads\/2021\/08\/image-678x509.png 678w, https:\/\/www.anovapeneira.gal\/wp-content\/uploads\/2021\/08\/image-326x245.png 326w, https:\/\/www.anovapeneira.gal\/wp-content\/uploads\/2021\/08\/image-80x60.png 80w\" sizes=\"auto, (max-width: 939px) 100vw, 939px\" \/><\/figure>\n\n\n\n<p><em><strong>Falamos con Isidro, Tonio, Julio, Luis e Iv\u00e1n. Luis \u00e9 o presidente do comit\u00e9 e dos cinco membros, catro pertencen \u00e1 CIG e un a CCOO .&nbsp;<\/strong><\/em><\/p>\n\n\n\n<p><strong>Cont\u00e1denos, cales son os motivos da folga?<\/strong><\/p>\n\n\n\n<blockquote class=\"wp-block-quote is-layout-flow wp-block-quote-is-layout-flow\"><p>Porque estamos negociando a renovaci\u00f3n do pacto. Este \u00e9 un pacto que temos interno. Temos unha li\u00f1as vermellas que non podemos pasar e a empresa quere alargar no tempo unha dobre escala salarial. Na negociaci\u00f3n p\u00eddennos que retrocedamos neste e noutra serie de dereitos que temos adquiridos.<\/p><\/blockquote>\n\n\n\n<p><strong>En concreto, en que consiste este retroceso?<\/strong><\/p>\n\n\n\n<blockquote class=\"wp-block-quote is-layout-flow wp-block-quote-is-layout-flow\"><p>No ano 2018 firmouse un dobre escala salarial suxeita a uns obxectivos de produci\u00f3n que nunca se compren, co cal, a xente que entrou despois dese ano nunca ter\u00e1 un salario equiparado ao noso. Neste novo pacto que rematou o ano pasado queremos eliminar esta dobre escala salarial coa que non estamos de acordo. Un traballador que desenrola o mesmo traballo cun compa\u00f1eiro que leva m\u00e1is tempo na empresa non pode ingresar de media uns 5.000\u20ac menos ao ano.<\/p><\/blockquote>\n\n\n\n<p><strong>Ese \u00e9 o montante da diferencia salarial, 5.000\u20ac?<\/strong><\/p>\n\n\n\n<blockquote class=\"wp-block-quote is-layout-flow wp-block-quote-is-layout-flow\"><p>A empresa f\u00edxonos unha proposta negociable a 8 anos en base a un 75% fixo e a un 25% dependendo de que o marxe de beneficio da empresa sexa superior a 1.000.000 de euros. A empresa nunca est\u00e1 conseguindo este obxectivo co cal este 25% alargar\u00edase moitos anos no tempo, nunca recuperar\u00edan esta parte do salario. Por outra banda, aqu\u00ed levamos durante 100 anos collendo todo o mes de agosto de vacaci\u00f3n e agora a empresa quere darnos s\u00f3 15 d\u00edas en agosto e os outros 15 desfrutalos cando a empresa queira de maio a outubro. Outro tema clave tam\u00e9n, \u00e9 que no \u00faltimo pacto firmouse a posibilidade de flexibilizar e traballar os s\u00e1bados a ma\u00f1\u00e1\u00a0pagando a 20\u20ac \u00e1 hora m\u00e1is un d\u00eda de vacaci\u00f3ns a desfrutar en 6 meses e agora queren obrigarnos a facer isto extensible aos s\u00e1bados pola tarde tam\u00e9n, co cal o tema da conciliaci\u00f3n familiar non sei por onde queda.<\/p><\/blockquote>\n\n\n\n<p><strong>Cando comezou a folga?<\/strong><\/p>\n\n\n\n<blockquote class=\"wp-block-quote is-layout-flow wp-block-quote-is-layout-flow\"><p>O m\u00e9rcores 14 de xullo e \u00e9 folga indefinida.\u00a0<\/p><\/blockquote>\n\n\n\n<p><strong>E que porcentaxe de paro tedes na empresa?<\/strong><\/p>\n\n\n\n<blockquote class=\"wp-block-quote is-layout-flow wp-block-quote-is-layout-flow\"><p>Agora mesmo estamos parados en produci\u00f3n ao 100%.<\/p><\/blockquote>\n\n\n\n<p><strong>Que expectativas tedes con esta folga, a empresa est\u00e1 negociando?<\/strong><\/p>\n\n\n\n<blockquote class=\"wp-block-quote is-layout-flow wp-block-quote-is-layout-flow\"><p>A empresa di que mentres esteamos en folga indefinida non negocia.<\/p><\/blockquote>\n\n\n\n<p><strong>Canto traballadores e traballadores sodes na empresa?<\/strong><\/p>\n\n\n\n<blockquote class=\"wp-block-quote is-layout-flow wp-block-quote-is-layout-flow\"><p>Sobre 62 persoas.<\/p><\/blockquote>\n\n\n\n<p><strong>E de produci\u00f3n cantas?<\/strong><\/p>\n\n\n\n<blockquote class=\"wp-block-quote is-layout-flow wp-block-quote-is-layout-flow\"><p>Sobre 40 persoas.<\/p><\/blockquote>\n\n\n\n<p><strong>A matriz da empresa de onde \u00e9?<\/strong><\/p>\n\n\n\n<blockquote class=\"wp-block-quote is-layout-flow wp-block-quote-is-layout-flow\"><p>A empresa \u00e9 francesa.<\/p><\/blockquote>\n\n\n\n<p><strong>En Galicia s\u00f3 ten esta fabrica na Guarda?<\/strong><\/p>\n\n\n\n<blockquote class=\"wp-block-quote is-layout-flow wp-block-quote-is-layout-flow\"><p>Si.<\/p><\/blockquote>\n\n\n\n<p><strong>Cantos anos de historia ten a empresa?<\/strong><\/p>\n\n\n\n<blockquote class=\"wp-block-quote is-layout-flow wp-block-quote-is-layout-flow\"><p>Esta empresa nace como unha compa\u00f1\u00eda familiar que se montou hai 108 anos e hai arredor de 15 a multinacional a que pertencemos agora mercouna.<\/p><\/blockquote>\n\n\n\n<p><strong>Desde que mercou a empresa a actual propiedade notastes que melloraron ou empeoraron as vosas condici\u00f3ns laborais?<\/strong><\/p>\n\n\n\n<blockquote class=\"wp-block-quote is-layout-flow wp-block-quote-is-layout-flow\"><p>Esta empresa agora e dun fondo de inversi\u00f3n. Eu levo uns 30 anos traballando aqu\u00ed e nunca se investiu en nada, inclusive seguimos traballado coas mesmas m\u00e1quinas. Non creo que sexa un tema social, sen\u00f3n de inversi\u00f3n. A d\u00eda de hoxe, se non hai investimento, a f\u00e1brica non vai ser rendible.<\/p><\/blockquote>\n\n\n\n<p><strong>E para rematar, notades o apoio da sociedade guardesa ?<\/strong><\/p>\n\n\n\n<blockquote class=\"wp-block-quote is-layout-flow wp-block-quote-is-layout-flow\"><p>Notamos totalmente o seu apoio. Tivemos unha reuni\u00f3n co alcalde hai uns d\u00edas e d\u00edxonos que, despois do concello est\u00e1 \u00e9 a empresa m\u00e1is grande da localidade.Se esta empresa pechara ser\u00eda unha enorme traxedia para a vila.<\/p><\/blockquote>\n\n\n\n<p><strong>O alcalde impl\u00edcase o suficiente co tema?<\/strong><\/p>\n\n\n\n<blockquote class=\"wp-block-quote is-layout-flow wp-block-quote-is-layout-flow\"><p>Creemos que poder\u00eda facer m\u00e1is.<\/p><\/blockquote>\n\n\n\n<p><strong>Por que?<\/strong><\/p>\n\n\n\n<blockquote class=\"wp-block-quote is-layout-flow wp-block-quote-is-layout-flow\"><p>A empresa mandoulle unha carta explic\u00e1ndolle a s\u00faa versi\u00f3n antes de que n\u00f3s foramos falar con el e cando tivemos a reuni\u00f3n entendemos que non est\u00e1 moito pola labor de axudarnos. Non se quere mollar<\/p><\/blockquote>\n\n\n\n<figure class=\"wp-block-image size-large\"><img loading=\"lazy\" decoding=\"async\" width=\"1006\" height=\"794\" src=\"https:\/\/www.anovapeneira.gal\/wp-content\/uploads\/2021\/08\/image-1.png\" alt=\"\" class=\"wp-image-5896\" srcset=\"https:\/\/www.anovapeneira.gal\/wp-content\/uploads\/2021\/08\/image-1.png 1006w, https:\/\/www.anovapeneira.gal\/wp-content\/uploads\/2021\/08\/image-1-300x237.png 300w, https:\/\/www.anovapeneira.gal\/wp-content\/uploads\/2021\/08\/image-1-768x606.png 768w\" sizes=\"auto, (max-width: 1006px) 100vw, 1006px\" \/><\/figure>\n\n\n\n<p><strong>Seraf\u00edn Fern\u00e1ndez, Secretario da Uni\u00f3n Local CIG.<\/strong><\/p>\n\n\n\n<p><strong>C\u00f3ntanos a visi\u00f3n que ten a CIG sobre este conflito?<\/strong><\/p>\n\n\n\n<blockquote class=\"wp-block-quote is-layout-flow wp-block-quote-is-layout-flow\"><p>Basicamente estamos herdando unha situaci\u00f3n do anterior comit\u00e9 onde pact\u00e1ronse uns determinados puntos dos que hoxe en d\u00eda a empresa non quere desprenderse.<\/p><\/blockquote>\n\n\n\n<p><strong>Que distribuci\u00f3n aritm\u00e9tica ti\u00f1a o comit\u00e9 anterior?<\/strong><\/p>\n\n\n\n<blockquote class=\"wp-block-quote is-layout-flow wp-block-quote-is-layout-flow\"><p>Eran 3 membros de CCOO e 2 de UXT.<\/p><\/blockquote>\n\n\n\n<p><strong>A CIG non estaba?<\/strong><\/p>\n\n\n\n<blockquote class=\"wp-block-quote is-layout-flow wp-block-quote-is-layout-flow\"><p>Non, non estabamos. Entramos nestas \u00faltimas elecci\u00f3ns con 4 compa\u00f1eiros da CIG e un de CCOO.\u00a0<\/p><\/blockquote>\n\n\n\n<blockquote class=\"wp-block-quote is-layout-flow wp-block-quote-is-layout-flow\"><p>Aqu\u00ed ocorre que a empresa conseguiu, no seu momento, unha dobre escala salarial. Isto quere dicir que a xente que pase a formar parte da empresa desde o \u00faltimo pacto do ano 2018 cara a diante, non vai a cobrar o complemento do pacto, unicamente cobran o salario de convenio de vidrio-cer\u00e1mica. Isto ser\u00eda as\u00ed de por vida. \u00c9 un plan de futuro da empresa.\u00a0<\/p><\/blockquote>\n\n\n\n<p><strong>Cont\u00e1ronme os compa\u00f1eiros do comit\u00e9 que poder\u00eda haber unha diferencia salarial anual duns 5.000\u20ac?.<\/strong><\/p>\n\n\n\n<blockquote class=\"wp-block-quote is-layout-flow wp-block-quote-is-layout-flow\"><p>Si, \u00e9 as\u00ed. Xa te imaxinar\u00e1s a situaci\u00f3n dun compa\u00f1eiro con outro, traballando o mesmo, que un leve uns 300 ou 400\u20ac menos ao mes para casa. \u00c9 unha discriminaci\u00f3n tremenda. Este \u00e9 o tema principal do conflito.\u00a0<\/p><\/blockquote>\n\n\n\n<blockquote class=\"wp-block-quote is-layout-flow wp-block-quote-is-layout-flow\"><p>Temos que darlle o noso agradecemento aos traballadores por secundar a folga, neste momento soamente hai tres persoas as que lles afecta esta dobre escala salarial e, sen embargo, xa ves que est\u00e1 toda a produci\u00f3n parada ao 100%.<\/p><\/blockquote>\n\n\n\n<p><strong>A verdade e que este exercicio de solidariedade \u00e9 absolutamente emocionante!<\/strong><\/p>\n\n\n\n<blockquote class=\"wp-block-quote is-layout-flow wp-block-quote-is-layout-flow\"><p>Si,abof\u00e9 que \u00e9 as\u00ed.Eu como responsable da uni\u00f3n local da CIG s\u00f3 podo dar as grazas emocionado aos compa\u00f1eiros polo seu compromiso colectivo. Asemade expresarlle o apoio sen fisuras da central sindical. De feito hoxe mesmo, casualmente, est\u00e1 con eles Alberto Gon\u00e7alvez SC da CIG en Vigo para apoialos nas s\u00faas demandas<\/p><\/blockquote>\n\n\n\n<blockquote class=\"wp-block-quote is-layout-flow wp-block-quote-is-layout-flow\"><p>Tam\u00e9n hai varios puntos m\u00e1is. Est\u00e1 o temas das vacaci\u00f3ns, e de poder obrigar a traballar os s\u00e1bados a tarde. O que temos claro \u00e9 que queremos levar este tema por unha cuesti\u00f3n de equidade: \u201c<em>Igual traballo, igual salario\u201d<\/em>e de aqu\u00ed non nos movemos.\u00a0<\/p><\/blockquote>\n\n\n\n<p><strong>Cal \u00e9 a t\u00faa visi\u00f3n ao respecto da posici\u00f3n da empresa?<\/strong><\/p>\n\n\n\n<blockquote class=\"wp-block-quote is-layout-flow wp-block-quote-is-layout-flow\"><p>A nosa visi\u00f3n \u00e9 que n\u00f3s temos que facer o noso traballo, evidentemente eles est\u00e1n exercendo medidas de presi\u00f3n. De feito, dous d\u00edas antes de comezara folga veu de visita un responsable de Barcelona e tratou un pouco de atemorizar a xente. O resultado foi que toda a xente estaba a pi\u00f1\u00f3n e, polo tanto, levou unha consigna moi clara.<\/p><\/blockquote>\n","protected":false},"excerpt":{"rendered":"<div class=\"mh-excerpt\"><p>\u201cA igual traballo igual salario \u201c \u00e9 un axioma hist\u00f3rico nas loitas sindicais de todos os tempos. Por\u00e9n seica estamos en tempos nos que c\u00f3mpre dar a batalla para reivindicar o obvio. E que d\u00faas persoas que fan o mesmo non cobren o mesmo \u00e9 unha inxustiza flagrante <a class=\"mh-excerpt-more\" href=\"https:\/\/www.anovapeneira.gal\/index.php\/2021\/08\/09\/ikf-a-guarda-solidariedade-de-clase-na-loita-polo-ben-comun\/\" title=\"IKF A Guarda Solidariedade de clase na loita polo ben com\u00fan\">[&#8230;]<\/a><\/p>\n<\/div>","protected":false},"author":3,"featured_media":5894,"comment_status":"open","ping_status":"open","sticky":false,"template":"","format":"standard","meta":{"_exactmetrics_skip_tracking":false,"_exactmetrics_sitenote_active":false,"_exactmetrics_sitenote_note":"","_exactmetrics_sitenote_category":0,"footnotes":""},"categories":[266],"tags":[238],"class_list":{"0":"post-5893","1":"post","2":"type-post","3":"status-publish","4":"format-standard","5":"has-post-thumbnail","7":"category-baixo-mino-entrevistas","8":"tag-concello-da-guarda"},"yoast_head":"<!-- This site is optimized with the Yoast SEO plugin v27.4 - https:\/\/yoast.com\/product\/yoast-seo-wordpress\/ -->\n<title>IKF A Guarda Solidariedade de clase na loita polo ben com\u00fan -<\/title>\n<meta name=\"description\" content=\"\u201cA igual traballo igual salario \u201c \u00e9 un axioma hist\u00f3rico nas loitas sindicais de todos os tempos. Por\u00e9n seica estamos en tempos nos que c\u00f3mpre dar a batalla para reivindicar o obvio. E que d\u00faas persoas que fan o mesmo non cobren o mesmo \u00e9 unha inxustiza flagrante\" \/>\n<meta name=\"robots\" content=\"index, follow, max-snippet:-1, max-image-preview:large, max-video-preview:-1\" \/>\n<link rel=\"canonical\" href=\"https:\/\/www.anovapeneira.gal\/index.php\/2021\/08\/09\/ikf-a-guarda-solidariedade-de-clase-na-loita-polo-ben-comun\/\" \/>\n<meta property=\"og:locale\" content=\"gl_ES\" \/>\n<meta property=\"og:type\" content=\"article\" \/>\n<meta property=\"og:title\" content=\"IKF A Guarda Solidariedade de clase na loita polo ben com\u00fan -\" \/>\n<meta property=\"og:description\" content=\"\u201cA igual traballo igual salario \u201c \u00e9 un axioma hist\u00f3rico nas loitas sindicais de todos os tempos. Por\u00e9n seica estamos en tempos nos que c\u00f3mpre dar a batalla para reivindicar o obvio. E que d\u00faas persoas que fan o mesmo non cobren o mesmo \u00e9 unha inxustiza flagrante\" \/>\n<meta property=\"og:url\" content=\"https:\/\/www.anovapeneira.gal\/index.php\/2021\/08\/09\/ikf-a-guarda-solidariedade-de-clase-na-loita-polo-ben-comun\/\" \/>\n<meta property=\"article:publisher\" content=\"https:\/\/www.facebook.com\/anovapeneira\" \/>\n<meta property=\"article:published_time\" content=\"2021-08-09T08:00:12+00:00\" \/>\n<meta property=\"og:image\" content=\"https:\/\/www.anovapeneira.gal\/wp-content\/uploads\/2021\/08\/folga_guarda.jpg\" \/>\n\t<meta property=\"og:image:width\" content=\"720\" \/>\n\t<meta property=\"og:image:height\" content=\"432\" \/>\n\t<meta property=\"og:image:type\" content=\"image\/jpeg\" \/>\n<meta name=\"author\" content=\"Redacci\u00f3n A Nova Peneira\" \/>\n<meta name=\"twitter:card\" content=\"summary_large_image\" \/>\n<meta name=\"twitter:creator\" content=\"@APeneira\" \/>\n<meta name=\"twitter:site\" content=\"@APeneira\" \/>\n<meta name=\"twitter:label1\" content=\"Escrito por\" \/>\n\t<meta name=\"twitter:data1\" content=\"Redacci\u00f3n A Nova Peneira\" \/>\n\t<meta name=\"twitter:label2\" content=\"Tempo de lectura\" \/>\n\t<meta name=\"twitter:data2\" content=\"7 minutos\" \/>\n<script type=\"application\/ld+json\" class=\"yoast-schema-graph\">{\"@context\":\"https:\\\/\\\/schema.org\",\"@graph\":[{\"@type\":\"Article\",\"@id\":\"https:\\\/\\\/www.anovapeneira.gal\\\/index.php\\\/2021\\\/08\\\/09\\\/ikf-a-guarda-solidariedade-de-clase-na-loita-polo-ben-comun\\\/#article\",\"isPartOf\":{\"@id\":\"https:\\\/\\\/www.anovapeneira.gal\\\/index.php\\\/2021\\\/08\\\/09\\\/ikf-a-guarda-solidariedade-de-clase-na-loita-polo-ben-comun\\\/\"},\"author\":{\"name\":\"Redacci\u00f3n A Nova Peneira\",\"@id\":\"https:\\\/\\\/www.anovapeneira.gal\\\/#\\\/schema\\\/person\\\/b93e3f8932e3f8da96334607eb6ac6aa\"},\"headline\":\"IKF A Guarda Solidariedade de clase na loita polo ben com\u00fan\",\"datePublished\":\"2021-08-09T08:00:12+00:00\",\"mainEntityOfPage\":{\"@id\":\"https:\\\/\\\/www.anovapeneira.gal\\\/index.php\\\/2021\\\/08\\\/09\\\/ikf-a-guarda-solidariedade-de-clase-na-loita-polo-ben-comun\\\/\"},\"wordCount\":1362,\"commentCount\":0,\"publisher\":{\"@id\":\"https:\\\/\\\/www.anovapeneira.gal\\\/#organization\"},\"image\":{\"@id\":\"https:\\\/\\\/www.anovapeneira.gal\\\/index.php\\\/2021\\\/08\\\/09\\\/ikf-a-guarda-solidariedade-de-clase-na-loita-polo-ben-comun\\\/#primaryimage\"},\"thumbnailUrl\":\"https:\\\/\\\/www.anovapeneira.gal\\\/wp-content\\\/uploads\\\/2021\\\/08\\\/folga_guarda.jpg\",\"keywords\":[\"Concello da Guarda\"],\"articleSection\":[\"Baixo Mi\u00f1o\"],\"inLanguage\":\"gl-ES\",\"potentialAction\":[{\"@type\":\"CommentAction\",\"name\":\"Comment\",\"target\":[\"https:\\\/\\\/www.anovapeneira.gal\\\/index.php\\\/2021\\\/08\\\/09\\\/ikf-a-guarda-solidariedade-de-clase-na-loita-polo-ben-comun\\\/#respond\"]}]},{\"@type\":\"WebPage\",\"@id\":\"https:\\\/\\\/www.anovapeneira.gal\\\/index.php\\\/2021\\\/08\\\/09\\\/ikf-a-guarda-solidariedade-de-clase-na-loita-polo-ben-comun\\\/\",\"url\":\"https:\\\/\\\/www.anovapeneira.gal\\\/index.php\\\/2021\\\/08\\\/09\\\/ikf-a-guarda-solidariedade-de-clase-na-loita-polo-ben-comun\\\/\",\"name\":\"IKF A Guarda Solidariedade de clase na loita polo ben com\u00fan -\",\"isPartOf\":{\"@id\":\"https:\\\/\\\/www.anovapeneira.gal\\\/#website\"},\"primaryImageOfPage\":{\"@id\":\"https:\\\/\\\/www.anovapeneira.gal\\\/index.php\\\/2021\\\/08\\\/09\\\/ikf-a-guarda-solidariedade-de-clase-na-loita-polo-ben-comun\\\/#primaryimage\"},\"image\":{\"@id\":\"https:\\\/\\\/www.anovapeneira.gal\\\/index.php\\\/2021\\\/08\\\/09\\\/ikf-a-guarda-solidariedade-de-clase-na-loita-polo-ben-comun\\\/#primaryimage\"},\"thumbnailUrl\":\"https:\\\/\\\/www.anovapeneira.gal\\\/wp-content\\\/uploads\\\/2021\\\/08\\\/folga_guarda.jpg\",\"datePublished\":\"2021-08-09T08:00:12+00:00\",\"description\":\"\u201cA igual traballo igual salario \u201c \u00e9 un axioma hist\u00f3rico nas loitas sindicais de todos os tempos. Por\u00e9n seica estamos en tempos nos que c\u00f3mpre dar a batalla para reivindicar o obvio. E que d\u00faas persoas que fan o mesmo non cobren o mesmo \u00e9 unha inxustiza flagrante\",\"breadcrumb\":{\"@id\":\"https:\\\/\\\/www.anovapeneira.gal\\\/index.php\\\/2021\\\/08\\\/09\\\/ikf-a-guarda-solidariedade-de-clase-na-loita-polo-ben-comun\\\/#breadcrumb\"},\"inLanguage\":\"gl-ES\",\"potentialAction\":[{\"@type\":\"ReadAction\",\"target\":[\"https:\\\/\\\/www.anovapeneira.gal\\\/index.php\\\/2021\\\/08\\\/09\\\/ikf-a-guarda-solidariedade-de-clase-na-loita-polo-ben-comun\\\/\"]}]},{\"@type\":\"ImageObject\",\"inLanguage\":\"gl-ES\",\"@id\":\"https:\\\/\\\/www.anovapeneira.gal\\\/index.php\\\/2021\\\/08\\\/09\\\/ikf-a-guarda-solidariedade-de-clase-na-loita-polo-ben-comun\\\/#primaryimage\",\"url\":\"https:\\\/\\\/www.anovapeneira.gal\\\/wp-content\\\/uploads\\\/2021\\\/08\\\/folga_guarda.jpg\",\"contentUrl\":\"https:\\\/\\\/www.anovapeneira.gal\\\/wp-content\\\/uploads\\\/2021\\\/08\\\/folga_guarda.jpg\",\"width\":720,\"height\":432,\"caption\":\"IKF A Guarda Solidariedade de clase na loita polo ben com\u00fan\"},{\"@type\":\"BreadcrumbList\",\"@id\":\"https:\\\/\\\/www.anovapeneira.gal\\\/index.php\\\/2021\\\/08\\\/09\\\/ikf-a-guarda-solidariedade-de-clase-na-loita-polo-ben-comun\\\/#breadcrumb\",\"itemListElement\":[{\"@type\":\"ListItem\",\"position\":1,\"name\":\"Portada\",\"item\":\"https:\\\/\\\/www.anovapeneira.gal\\\/\"},{\"@type\":\"ListItem\",\"position\":2,\"name\":\"IKF A Guarda Solidariedade de clase na loita polo ben com\u00fan\"}]},{\"@type\":\"WebSite\",\"@id\":\"https:\\\/\\\/www.anovapeneira.gal\\\/#website\",\"url\":\"https:\\\/\\\/www.anovapeneira.gal\\\/\",\"name\":\"\",\"description\":\"Xornal galego de informaci\u00f3n xeral Publicaci\u00f3n mensual de novas de Galicia e en especial dos Concellos da sur da provincia de Pontevedra.\",\"publisher\":{\"@id\":\"https:\\\/\\\/www.anovapeneira.gal\\\/#organization\"},\"potentialAction\":[{\"@type\":\"SearchAction\",\"target\":{\"@type\":\"EntryPoint\",\"urlTemplate\":\"https:\\\/\\\/www.anovapeneira.gal\\\/?s={search_term_string}\"},\"query-input\":{\"@type\":\"PropertyValueSpecification\",\"valueRequired\":true,\"valueName\":\"search_term_string\"}}],\"inLanguage\":\"gl-ES\"},{\"@type\":\"Organization\",\"@id\":\"https:\\\/\\\/www.anovapeneira.gal\\\/#organization\",\"name\":\"A Nova Peneira\",\"url\":\"https:\\\/\\\/www.anovapeneira.gal\\\/\",\"logo\":{\"@type\":\"ImageObject\",\"inLanguage\":\"gl-ES\",\"@id\":\"https:\\\/\\\/www.anovapeneira.gal\\\/#\\\/schema\\\/logo\\\/image\\\/\",\"url\":\"http:\\\/\\\/www.anovapeneira.gal\\\/wp-content\\\/uploads\\\/2019\\\/06\\\/logo_a_nova_peneira_portal_web.png\",\"contentUrl\":\"http:\\\/\\\/www.anovapeneira.gal\\\/wp-content\\\/uploads\\\/2019\\\/06\\\/logo_a_nova_peneira_portal_web.png\",\"width\":300,\"height\":100,\"caption\":\"A Nova Peneira\"},\"image\":{\"@id\":\"https:\\\/\\\/www.anovapeneira.gal\\\/#\\\/schema\\\/logo\\\/image\\\/\"},\"sameAs\":[\"https:\\\/\\\/www.facebook.com\\\/anovapeneira\",\"https:\\\/\\\/x.com\\\/APeneira\"]},{\"@type\":\"Person\",\"@id\":\"https:\\\/\\\/www.anovapeneira.gal\\\/#\\\/schema\\\/person\\\/b93e3f8932e3f8da96334607eb6ac6aa\",\"name\":\"Redacci\u00f3n A Nova Peneira\",\"image\":{\"@type\":\"ImageObject\",\"inLanguage\":\"gl-ES\",\"@id\":\"https:\\\/\\\/secure.gravatar.com\\\/avatar\\\/c052a2551a06e23fac63626232eaa90abd78dbcf1700fc46a2b2c89fd27b735f?s=96&d=mm&r=g\",\"url\":\"https:\\\/\\\/secure.gravatar.com\\\/avatar\\\/c052a2551a06e23fac63626232eaa90abd78dbcf1700fc46a2b2c89fd27b735f?s=96&d=mm&r=g\",\"contentUrl\":\"https:\\\/\\\/secure.gravatar.com\\\/avatar\\\/c052a2551a06e23fac63626232eaa90abd78dbcf1700fc46a2b2c89fd27b735f?s=96&d=mm&r=g\",\"caption\":\"Redacci\u00f3n A Nova Peneira\"},\"sameAs\":[\"http:\\\/\\\/www.anovapeneira.gal\\\/\"],\"url\":\"https:\\\/\\\/www.anovapeneira.gal\\\/index.php\\\/author\\\/redactor\\\/\"}]}<\/script>\n<!-- \/ Yoast SEO plugin. -->","yoast_head_json":{"title":"IKF A Guarda Solidariedade de clase na loita polo ben com\u00fan -","description":"\u201cA igual traballo igual salario \u201c \u00e9 un axioma hist\u00f3rico nas loitas sindicais de todos os tempos. Por\u00e9n seica estamos en tempos nos que c\u00f3mpre dar a batalla para reivindicar o obvio. E que d\u00faas persoas que fan o mesmo non cobren o mesmo \u00e9 unha inxustiza flagrante","robots":{"index":"index","follow":"follow","max-snippet":"max-snippet:-1","max-image-preview":"max-image-preview:large","max-video-preview":"max-video-preview:-1"},"canonical":"https:\/\/www.anovapeneira.gal\/index.php\/2021\/08\/09\/ikf-a-guarda-solidariedade-de-clase-na-loita-polo-ben-comun\/","og_locale":"gl_ES","og_type":"article","og_title":"IKF A Guarda Solidariedade de clase na loita polo ben com\u00fan -","og_description":"\u201cA igual traballo igual salario \u201c \u00e9 un axioma hist\u00f3rico nas loitas sindicais de todos os tempos. Por\u00e9n seica estamos en tempos nos que c\u00f3mpre dar a batalla para reivindicar o obvio. E que d\u00faas persoas que fan o mesmo non cobren o mesmo \u00e9 unha inxustiza flagrante","og_url":"https:\/\/www.anovapeneira.gal\/index.php\/2021\/08\/09\/ikf-a-guarda-solidariedade-de-clase-na-loita-polo-ben-comun\/","article_publisher":"https:\/\/www.facebook.com\/anovapeneira","article_published_time":"2021-08-09T08:00:12+00:00","og_image":[{"width":720,"height":432,"url":"https:\/\/www.anovapeneira.gal\/wp-content\/uploads\/2021\/08\/folga_guarda.jpg","type":"image\/jpeg"}],"author":"Redacci\u00f3n A Nova Peneira","twitter_card":"summary_large_image","twitter_creator":"@APeneira","twitter_site":"@APeneira","twitter_misc":{"Escrito por":"Redacci\u00f3n A Nova Peneira","Tempo de lectura":"7 minutos"},"schema":{"@context":"https:\/\/schema.org","@graph":[{"@type":"Article","@id":"https:\/\/www.anovapeneira.gal\/index.php\/2021\/08\/09\/ikf-a-guarda-solidariedade-de-clase-na-loita-polo-ben-comun\/#article","isPartOf":{"@id":"https:\/\/www.anovapeneira.gal\/index.php\/2021\/08\/09\/ikf-a-guarda-solidariedade-de-clase-na-loita-polo-ben-comun\/"},"author":{"name":"Redacci\u00f3n A Nova Peneira","@id":"https:\/\/www.anovapeneira.gal\/#\/schema\/person\/b93e3f8932e3f8da96334607eb6ac6aa"},"headline":"IKF A Guarda Solidariedade de clase na loita polo ben com\u00fan","datePublished":"2021-08-09T08:00:12+00:00","mainEntityOfPage":{"@id":"https:\/\/www.anovapeneira.gal\/index.php\/2021\/08\/09\/ikf-a-guarda-solidariedade-de-clase-na-loita-polo-ben-comun\/"},"wordCount":1362,"commentCount":0,"publisher":{"@id":"https:\/\/www.anovapeneira.gal\/#organization"},"image":{"@id":"https:\/\/www.anovapeneira.gal\/index.php\/2021\/08\/09\/ikf-a-guarda-solidariedade-de-clase-na-loita-polo-ben-comun\/#primaryimage"},"thumbnailUrl":"https:\/\/www.anovapeneira.gal\/wp-content\/uploads\/2021\/08\/folga_guarda.jpg","keywords":["Concello da Guarda"],"articleSection":["Baixo Mi\u00f1o"],"inLanguage":"gl-ES","potentialAction":[{"@type":"CommentAction","name":"Comment","target":["https:\/\/www.anovapeneira.gal\/index.php\/2021\/08\/09\/ikf-a-guarda-solidariedade-de-clase-na-loita-polo-ben-comun\/#respond"]}]},{"@type":"WebPage","@id":"https:\/\/www.anovapeneira.gal\/index.php\/2021\/08\/09\/ikf-a-guarda-solidariedade-de-clase-na-loita-polo-ben-comun\/","url":"https:\/\/www.anovapeneira.gal\/index.php\/2021\/08\/09\/ikf-a-guarda-solidariedade-de-clase-na-loita-polo-ben-comun\/","name":"IKF A Guarda Solidariedade de clase na loita polo ben com\u00fan -","isPartOf":{"@id":"https:\/\/www.anovapeneira.gal\/#website"},"primaryImageOfPage":{"@id":"https:\/\/www.anovapeneira.gal\/index.php\/2021\/08\/09\/ikf-a-guarda-solidariedade-de-clase-na-loita-polo-ben-comun\/#primaryimage"},"image":{"@id":"https:\/\/www.anovapeneira.gal\/index.php\/2021\/08\/09\/ikf-a-guarda-solidariedade-de-clase-na-loita-polo-ben-comun\/#primaryimage"},"thumbnailUrl":"https:\/\/www.anovapeneira.gal\/wp-content\/uploads\/2021\/08\/folga_guarda.jpg","datePublished":"2021-08-09T08:00:12+00:00","description":"\u201cA igual traballo igual salario \u201c \u00e9 un axioma hist\u00f3rico nas loitas sindicais de todos os tempos. Por\u00e9n seica estamos en tempos nos que c\u00f3mpre dar a batalla para reivindicar o obvio. E que d\u00faas persoas que fan o mesmo non cobren o mesmo \u00e9 unha inxustiza flagrante","breadcrumb":{"@id":"https:\/\/www.anovapeneira.gal\/index.php\/2021\/08\/09\/ikf-a-guarda-solidariedade-de-clase-na-loita-polo-ben-comun\/#breadcrumb"},"inLanguage":"gl-ES","potentialAction":[{"@type":"ReadAction","target":["https:\/\/www.anovapeneira.gal\/index.php\/2021\/08\/09\/ikf-a-guarda-solidariedade-de-clase-na-loita-polo-ben-comun\/"]}]},{"@type":"ImageObject","inLanguage":"gl-ES","@id":"https:\/\/www.anovapeneira.gal\/index.php\/2021\/08\/09\/ikf-a-guarda-solidariedade-de-clase-na-loita-polo-ben-comun\/#primaryimage","url":"https:\/\/www.anovapeneira.gal\/wp-content\/uploads\/2021\/08\/folga_guarda.jpg","contentUrl":"https:\/\/www.anovapeneira.gal\/wp-content\/uploads\/2021\/08\/folga_guarda.jpg","width":720,"height":432,"caption":"IKF A Guarda Solidariedade de clase na loita polo ben com\u00fan"},{"@type":"BreadcrumbList","@id":"https:\/\/www.anovapeneira.gal\/index.php\/2021\/08\/09\/ikf-a-guarda-solidariedade-de-clase-na-loita-polo-ben-comun\/#breadcrumb","itemListElement":[{"@type":"ListItem","position":1,"name":"Portada","item":"https:\/\/www.anovapeneira.gal\/"},{"@type":"ListItem","position":2,"name":"IKF A Guarda Solidariedade de clase na loita polo ben com\u00fan"}]},{"@type":"WebSite","@id":"https:\/\/www.anovapeneira.gal\/#website","url":"https:\/\/www.anovapeneira.gal\/","name":"","description":"Xornal galego de informaci\u00f3n xeral Publicaci\u00f3n mensual de novas de Galicia e en especial dos Concellos da sur da provincia de Pontevedra.","publisher":{"@id":"https:\/\/www.anovapeneira.gal\/#organization"},"potentialAction":[{"@type":"SearchAction","target":{"@type":"EntryPoint","urlTemplate":"https:\/\/www.anovapeneira.gal\/?s={search_term_string}"},"query-input":{"@type":"PropertyValueSpecification","valueRequired":true,"valueName":"search_term_string"}}],"inLanguage":"gl-ES"},{"@type":"Organization","@id":"https:\/\/www.anovapeneira.gal\/#organization","name":"A Nova Peneira","url":"https:\/\/www.anovapeneira.gal\/","logo":{"@type":"ImageObject","inLanguage":"gl-ES","@id":"https:\/\/www.anovapeneira.gal\/#\/schema\/logo\/image\/","url":"http:\/\/www.anovapeneira.gal\/wp-content\/uploads\/2019\/06\/logo_a_nova_peneira_portal_web.png","contentUrl":"http:\/\/www.anovapeneira.gal\/wp-content\/uploads\/2019\/06\/logo_a_nova_peneira_portal_web.png","width":300,"height":100,"caption":"A Nova Peneira"},"image":{"@id":"https:\/\/www.anovapeneira.gal\/#\/schema\/logo\/image\/"},"sameAs":["https:\/\/www.facebook.com\/anovapeneira","https:\/\/x.com\/APeneira"]},{"@type":"Person","@id":"https:\/\/www.anovapeneira.gal\/#\/schema\/person\/b93e3f8932e3f8da96334607eb6ac6aa","name":"Redacci\u00f3n A Nova Peneira","image":{"@type":"ImageObject","inLanguage":"gl-ES","@id":"https:\/\/secure.gravatar.com\/avatar\/c052a2551a06e23fac63626232eaa90abd78dbcf1700fc46a2b2c89fd27b735f?s=96&d=mm&r=g","url":"https:\/\/secure.gravatar.com\/avatar\/c052a2551a06e23fac63626232eaa90abd78dbcf1700fc46a2b2c89fd27b735f?s=96&d=mm&r=g","contentUrl":"https:\/\/secure.gravatar.com\/avatar\/c052a2551a06e23fac63626232eaa90abd78dbcf1700fc46a2b2c89fd27b735f?s=96&d=mm&r=g","caption":"Redacci\u00f3n A Nova Peneira"},"sameAs":["http:\/\/www.anovapeneira.gal\/"],"url":"https:\/\/www.anovapeneira.gal\/index.php\/author\/redactor\/"}]}},"jetpack_featured_media_url":"https:\/\/www.anovapeneira.gal\/wp-content\/uploads\/2021\/08\/folga_guarda.jpg","_links":{"self":[{"href":"https:\/\/www.anovapeneira.gal\/index.php\/wp-json\/wp\/v2\/posts\/5893","targetHints":{"allow":["GET"]}}],"collection":[{"href":"https:\/\/www.anovapeneira.gal\/index.php\/wp-json\/wp\/v2\/posts"}],"about":[{"href":"https:\/\/www.anovapeneira.gal\/index.php\/wp-json\/wp\/v2\/types\/post"}],"author":[{"embeddable":true,"href":"https:\/\/www.anovapeneira.gal\/index.php\/wp-json\/wp\/v2\/users\/3"}],"replies":[{"embeddable":true,"href":"https:\/\/www.anovapeneira.gal\/index.php\/wp-json\/wp\/v2\/comments?post=5893"}],"version-history":[{"count":2,"href":"https:\/\/www.anovapeneira.gal\/index.php\/wp-json\/wp\/v2\/posts\/5893\/revisions"}],"predecessor-version":[{"id":5899,"href":"https:\/\/www.anovapeneira.gal\/index.php\/wp-json\/wp\/v2\/posts\/5893\/revisions\/5899"}],"wp:featuredmedia":[{"embeddable":true,"href":"https:\/\/www.anovapeneira.gal\/index.php\/wp-json\/wp\/v2\/media\/5894"}],"wp:attachment":[{"href":"https:\/\/www.anovapeneira.gal\/index.php\/wp-json\/wp\/v2\/media?parent=5893"}],"wp:term":[{"taxonomy":"category","embeddable":true,"href":"https:\/\/www.anovapeneira.gal\/index.php\/wp-json\/wp\/v2\/categories?post=5893"},{"taxonomy":"post_tag","embeddable":true,"href":"https:\/\/www.anovapeneira.gal\/index.php\/wp-json\/wp\/v2\/tags?post=5893"}],"curies":[{"name":"wp","href":"https:\/\/api.w.org\/{rel}","templated":true}]}}