{"id":5915,"date":"2021-08-11T10:00:51","date_gmt":"2021-08-11T08:00:51","guid":{"rendered":"https:\/\/www.anovapeneira.gal\/?p=5915"},"modified":"2021-08-07T12:36:30","modified_gmt":"2021-08-07T10:36:30","slug":"xulia-maria-barros","status":"publish","type":"post","link":"https:\/\/www.anovapeneira.gal\/index.php\/2021\/08\/11\/xulia-maria-barros\/","title":{"rendered":"Xulia Mar\u00eda Barros"},"content":{"rendered":"\n<h3 class=\"wp-block-heading\">A Nova Peneira conversa con Xulia M. Barros, unha muller de Cesantes namorada da historia da s\u00faa vila, escritora, poeta, psic\u00f3loga que ven de escribir o libro a \u201c\u00c1rbore dos vagalumes\u201d sobre o que nos fala nesta charla tan agradable.<\/h3>\n\n\n\n<pre class=\"wp-block-verse\">Marcos Santos<\/pre>\n\n\n\n<p>\u201c<em><strong>F\u00e1lolle aos nenos e as nenas do que significou para os homes estar presos na Illa de San Sim\u00f3n, dun xeito m\u00e1xico e doado para que poidan entender que foi o que pasou e como se sentiron.\u201d<\/strong><\/em><\/p>\n\n\n\n<p><strong>Naciches en cesantes non?<\/strong><\/p>\n\n\n\n<blockquote class=\"wp-block-quote is-layout-flow wp-block-quote-is-layout-flow\"><p>Si, de todas as vent\u00e1s da mi\u00f1a casa mir\u00e1base a Illa de San Sim\u00f3n.<\/p><\/blockquote>\n\n\n\n<p><strong>Tam\u00e9n tes algo coa Illa, a t\u00faa avoa igual que a mi\u00f1a foron madri\u00f1as de San Sim\u00f3n?<\/strong><\/p>\n\n\n\n<blockquote class=\"wp-block-quote is-layout-flow wp-block-quote-is-layout-flow\"><p>Si,a mi\u00f1a avoa tivo un irm\u00e1n preso na Illa e outro que non sei se chegou a estar preso pero tivo que marchar cara a Arxentina.<\/p><\/blockquote>\n\n\n\n<p><strong>Estiveches na Illa nun acto oficial, que sentes ao pisar a Illa?<\/strong><\/p>\n\n\n\n<blockquote class=\"wp-block-quote is-layout-flow wp-block-quote-is-layout-flow\"><p>Moita emoci\u00f3n, \u00e9 algo moi simb\u00f3lico, todo o meu imaxinario literario ten que ver coa Illa. Para min a imaxe da illa coa praia de Cesantes son un lugar id\u00edlico e m\u00e1xico.<\/p><\/blockquote>\n\n\n\n<p><strong>Que nos conta o teu \u00faltimo libro?<\/strong><\/p>\n\n\n\n<blockquote class=\"wp-block-quote is-layout-flow wp-block-quote-is-layout-flow\"><p>A \u00e1rbores \u00e9 ese simbolismo que fala da memoria da familia e de Redondela tam\u00e9n, dos seus costumes dunha maneira que non lles sexa complexa. O av\u00f3, que \u00e9 o protagonista xunto co neno, converten o coti\u00e1n en algo m\u00e1xico e marabilloso. Os av\u00f3s e as avoas son o f\u00edo condutor e os que nos poden guiar e tam\u00e9n vai desta m\u00e1xica relaci\u00f3n.<\/p><\/blockquote>\n\n\n\n<p><strong>Aos rapaces nunca se lles conta a historia m\u00e1is negra da Illa como campo de concentraci\u00f3n Que as instituci\u00f3ns traten de embranquecer ese pasado que che parece?<\/strong><\/p>\n\n\n\n<blockquote class=\"wp-block-quote is-layout-flow wp-block-quote-is-layout-flow\"><p>A min par\u00e9ceme terrible, de feito, nunha parte do libro f\u00e1lolle aos nenos e as nenas do que significou para os homes estar presos al\u00ed, dun xeito m\u00e1xico e doado para que poidan entender que foi o que pasou e como se sentiron. A Illa ten unha historia e \u00e9 fundamental que toda se co\u00f1eza. \u00c9 fundamental co\u00f1ecer a s\u00faa historia m\u00e1is recente para que non se volva a repetir.<\/p><\/blockquote>\n\n\n\n<p><strong>Es cantante, escritora de prosa, de poes\u00eda, terapeuta de intelixencia emocional. Isto non sei o que \u00e9, podes explicalo?<\/strong><\/p>\n\n\n\n<blockquote class=\"wp-block-quote is-layout-flow wp-block-quote-is-layout-flow\"><p>Eu estudei psicolox\u00eda e est\u00e1 moi ben o que estudamos nas escolas pero, ademais, hai que atender a parte humana e cada rapaz e rapaza son diferentes ent\u00f3n hai que traballar sobre a potencialidade de cada un e non que iso sexa unha cousa grupal\u00a0<\/p><\/blockquote>\n\n\n\n<p><strong>Agora tes que mollarte, poes\u00eda ou prosa?<\/strong><\/p>\n\n\n\n<blockquote class=\"wp-block-quote is-layout-flow wp-block-quote-is-layout-flow\"><p>A min o que me move \u00e9 a poes\u00eda, esta \u00e9 a semente de todo o demais. A mi\u00f1a avoa ti\u00f1a moi boa memoria e incorporou moito da literatura oral, recitaba de memoria as poes\u00edas e os relatos e as noites coa mi\u00f1a avoa recit\u00e1ndome poemas \u00e9 o mi\u00f1a primeira semente, logo cando entro na escola e descubro o mundo marabillosos dos libros xa me namorei deles.<\/p><\/blockquote>\n\n\n\n<p><strong>Es m\u00e1is de libro ou de ebook, agora levase moito?<\/strong><\/p>\n\n\n\n<blockquote class=\"wp-block-quote is-layout-flow wp-block-quote-is-layout-flow\"><p>O meu fetiche e o libro pero tam\u00e9n incorporei o ebook e todo o que ten que ver con internet. Internet para min e a biblioteca da sabedor\u00eda que che da moita liberdade \u00e1 hora de buscar algo.<\/p><\/blockquote>\n\n\n\n<p><strong>Levaches un espect\u00e1culo po\u00e9tico-musical m\u00e1is al\u00f3 do charco, f\u00e1lanos disto, Arxentina, Cuba&#8230;<\/strong><\/p>\n\n\n\n<blockquote class=\"wp-block-quote is-layout-flow wp-block-quote-is-layout-flow\"><p>Cando sa\u00edu o meu libro \u201cCarne y Ceniza\u201d que \u00e9 poes\u00eda social, xunto co libro \u00eda un espect\u00e1culo po\u00e9tico-musical. Fixen a presentaci\u00f3n no festival de poes\u00eda da Habana, logo convid\u00e1ronme o festival que est\u00e1 dentro do festival de Cosqu\u00edn de poes\u00eda Arxentina, este \u00e9 un evento de poes\u00eda moi importante e marabilloso, isto foi o que estiven facendo por al\u00e1.\u00a0<\/p><\/blockquote>\n\n\n\n<p><strong>A t\u00faa parella foi uns dos mellores compositores arxentinos?<\/strong><\/p>\n\n\n\n<blockquote class=\"wp-block-quote is-layout-flow wp-block-quote-is-layout-flow\"><p>El foi cantautor. El e Rafael Amor tiveron moito que ver que eu me metera neste circulo de mesas redondas da poes\u00eda na Arxentina. Rafael Amor foi o que nos convidou ao festival de Cosqu\u00edn e foi co que comezamos. Rafa foi unhas das mi\u00f1as gu\u00edas ao principio porque aqu\u00ed \u00e9rame moi dif\u00edcil atopar un c\u00edrculo de poes\u00eda f\u00f3ra dos libros.<\/p><\/blockquote>\n\n\n\n<blockquote class=\"wp-block-quote is-layout-flow wp-block-quote-is-layout-flow\"><p>Creo que o que estar en Galiza agora \u00e9 marabilloso, consid\u00e9roo como o s\u00e9culo de ouro da poes\u00eda na Galiza. En Santiago hai poetas, homes e mulleres, marabillosos, isto hai anos non exist\u00eda. Nas novas xeraci\u00f3n hai mulleres marabillosas das que estou aprendendo un mont\u00f3n.<\/p><\/blockquote>\n","protected":false},"excerpt":{"rendered":"<div class=\"mh-excerpt\"><p>A Nova Peneira conversa con Xulia M. Barros, unha muller de Cesantes namorada da historia da s\u00faa vila, escritora, poeta, psic\u00f3loga que ven de escribir o libro a \u201c\u00c1rbore dos vagalumes\u201d sobre o que nos <a class=\"mh-excerpt-more\" href=\"https:\/\/www.anovapeneira.gal\/index.php\/2021\/08\/11\/xulia-maria-barros\/\" title=\"Xulia Mar\u00eda Barros\">[&#8230;]<\/a><\/p>\n<\/div>","protected":false},"author":6,"featured_media":5916,"comment_status":"open","ping_status":"open","sticky":false,"template":"","format":"standard","meta":{"_exactmetrics_skip_tracking":false,"_exactmetrics_sitenote_active":false,"_exactmetrics_sitenote_note":"","_exactmetrics_sitenote_category":0,"footnotes":""},"categories":[270],"tags":[171],"class_list":{"0":"post-5915","1":"post","2":"type-post","3":"status-publish","4":"format-standard","5":"has-post-thumbnail","7":"category-redondela-entrevistas","8":"tag-concello-de-redondela"},"yoast_head":"<!-- This site is optimized with the Yoast SEO plugin v27.4 - https:\/\/yoast.com\/product\/yoast-seo-wordpress\/ -->\n<title>Xulia Mar\u00eda Barros -<\/title>\n<meta name=\"description\" content=\"A Nova Peneira conversa con Xulia M. Barros, unha muller de Cesantes namorada da historia da s\u00faa vila, escritora, poeta, psic\u00f3loga que ven de escribir o libro a \u201c\u00c1rbore dos vagalumes\u201d sobre o que nos fala nesta charla tan agradable.\" \/>\n<meta name=\"robots\" content=\"index, follow, max-snippet:-1, max-image-preview:large, max-video-preview:-1\" \/>\n<link rel=\"canonical\" href=\"https:\/\/www.anovapeneira.gal\/index.php\/2021\/08\/11\/xulia-maria-barros\/\" \/>\n<meta property=\"og:locale\" content=\"gl_ES\" \/>\n<meta property=\"og:type\" content=\"article\" \/>\n<meta property=\"og:title\" content=\"Xulia Mar\u00eda Barros -\" \/>\n<meta property=\"og:description\" content=\"A Nova Peneira conversa con Xulia M. Barros, unha muller de Cesantes namorada da historia da s\u00faa vila, escritora, poeta, psic\u00f3loga que ven de escribir o libro a \u201c\u00c1rbore dos vagalumes\u201d sobre o que nos fala nesta charla tan agradable.\" \/>\n<meta property=\"og:url\" content=\"https:\/\/www.anovapeneira.gal\/index.php\/2021\/08\/11\/xulia-maria-barros\/\" \/>\n<meta property=\"article:publisher\" content=\"https:\/\/www.facebook.com\/anovapeneira\" \/>\n<meta property=\"article:published_time\" content=\"2021-08-11T08:00:51+00:00\" \/>\n<meta property=\"og:image\" content=\"https:\/\/www.anovapeneira.gal\/wp-content\/uploads\/2021\/08\/xulia_maria_barrios_redondela.jpg\" \/>\n\t<meta property=\"og:image:width\" content=\"720\" \/>\n\t<meta property=\"og:image:height\" content=\"432\" \/>\n\t<meta property=\"og:image:type\" content=\"image\/jpeg\" \/>\n<meta name=\"author\" content=\"Marcos Santos\" \/>\n<meta name=\"twitter:card\" content=\"summary_large_image\" \/>\n<meta name=\"twitter:creator\" content=\"@APeneira\" \/>\n<meta name=\"twitter:site\" content=\"@APeneira\" \/>\n<meta name=\"twitter:label1\" content=\"Escrito por\" \/>\n\t<meta name=\"twitter:data1\" content=\"Marcos Santos\" \/>\n\t<meta name=\"twitter:label2\" content=\"Tempo de lectura\" \/>\n\t<meta name=\"twitter:data2\" content=\"4 minutos\" \/>\n<script type=\"application\/ld+json\" class=\"yoast-schema-graph\">{\"@context\":\"https:\\\/\\\/schema.org\",\"@graph\":[{\"@type\":\"Article\",\"@id\":\"https:\\\/\\\/www.anovapeneira.gal\\\/index.php\\\/2021\\\/08\\\/11\\\/xulia-maria-barros\\\/#article\",\"isPartOf\":{\"@id\":\"https:\\\/\\\/www.anovapeneira.gal\\\/index.php\\\/2021\\\/08\\\/11\\\/xulia-maria-barros\\\/\"},\"author\":{\"name\":\"Marcos Santos\",\"@id\":\"https:\\\/\\\/www.anovapeneira.gal\\\/#\\\/schema\\\/person\\\/d9d84823564720e7593293bab054e52d\"},\"headline\":\"Xulia Mar\u00eda Barros\",\"datePublished\":\"2021-08-11T08:00:51+00:00\",\"mainEntityOfPage\":{\"@id\":\"https:\\\/\\\/www.anovapeneira.gal\\\/index.php\\\/2021\\\/08\\\/11\\\/xulia-maria-barros\\\/\"},\"wordCount\":795,\"commentCount\":0,\"publisher\":{\"@id\":\"https:\\\/\\\/www.anovapeneira.gal\\\/#organization\"},\"image\":{\"@id\":\"https:\\\/\\\/www.anovapeneira.gal\\\/index.php\\\/2021\\\/08\\\/11\\\/xulia-maria-barros\\\/#primaryimage\"},\"thumbnailUrl\":\"https:\\\/\\\/www.anovapeneira.gal\\\/wp-content\\\/uploads\\\/2021\\\/08\\\/xulia_maria_barrios_redondela.jpg\",\"keywords\":[\"Concello de Redondela\"],\"articleSection\":[\"Redondela\"],\"inLanguage\":\"gl-ES\",\"potentialAction\":[{\"@type\":\"CommentAction\",\"name\":\"Comment\",\"target\":[\"https:\\\/\\\/www.anovapeneira.gal\\\/index.php\\\/2021\\\/08\\\/11\\\/xulia-maria-barros\\\/#respond\"]}]},{\"@type\":\"WebPage\",\"@id\":\"https:\\\/\\\/www.anovapeneira.gal\\\/index.php\\\/2021\\\/08\\\/11\\\/xulia-maria-barros\\\/\",\"url\":\"https:\\\/\\\/www.anovapeneira.gal\\\/index.php\\\/2021\\\/08\\\/11\\\/xulia-maria-barros\\\/\",\"name\":\"Xulia Mar\u00eda Barros -\",\"isPartOf\":{\"@id\":\"https:\\\/\\\/www.anovapeneira.gal\\\/#website\"},\"primaryImageOfPage\":{\"@id\":\"https:\\\/\\\/www.anovapeneira.gal\\\/index.php\\\/2021\\\/08\\\/11\\\/xulia-maria-barros\\\/#primaryimage\"},\"image\":{\"@id\":\"https:\\\/\\\/www.anovapeneira.gal\\\/index.php\\\/2021\\\/08\\\/11\\\/xulia-maria-barros\\\/#primaryimage\"},\"thumbnailUrl\":\"https:\\\/\\\/www.anovapeneira.gal\\\/wp-content\\\/uploads\\\/2021\\\/08\\\/xulia_maria_barrios_redondela.jpg\",\"datePublished\":\"2021-08-11T08:00:51+00:00\",\"description\":\"A Nova Peneira conversa con Xulia M. Barros, unha muller de Cesantes namorada da historia da s\u00faa vila, escritora, poeta, psic\u00f3loga que ven de escribir o libro a \u201c\u00c1rbore dos vagalumes\u201d sobre o que nos fala nesta charla tan agradable.\",\"breadcrumb\":{\"@id\":\"https:\\\/\\\/www.anovapeneira.gal\\\/index.php\\\/2021\\\/08\\\/11\\\/xulia-maria-barros\\\/#breadcrumb\"},\"inLanguage\":\"gl-ES\",\"potentialAction\":[{\"@type\":\"ReadAction\",\"target\":[\"https:\\\/\\\/www.anovapeneira.gal\\\/index.php\\\/2021\\\/08\\\/11\\\/xulia-maria-barros\\\/\"]}]},{\"@type\":\"ImageObject\",\"inLanguage\":\"gl-ES\",\"@id\":\"https:\\\/\\\/www.anovapeneira.gal\\\/index.php\\\/2021\\\/08\\\/11\\\/xulia-maria-barros\\\/#primaryimage\",\"url\":\"https:\\\/\\\/www.anovapeneira.gal\\\/wp-content\\\/uploads\\\/2021\\\/08\\\/xulia_maria_barrios_redondela.jpg\",\"contentUrl\":\"https:\\\/\\\/www.anovapeneira.gal\\\/wp-content\\\/uploads\\\/2021\\\/08\\\/xulia_maria_barrios_redondela.jpg\",\"width\":720,\"height\":432,\"caption\":\"Xulia Mar\u00eda Barrios Concello de Redondela\"},{\"@type\":\"BreadcrumbList\",\"@id\":\"https:\\\/\\\/www.anovapeneira.gal\\\/index.php\\\/2021\\\/08\\\/11\\\/xulia-maria-barros\\\/#breadcrumb\",\"itemListElement\":[{\"@type\":\"ListItem\",\"position\":1,\"name\":\"Portada\",\"item\":\"https:\\\/\\\/www.anovapeneira.gal\\\/\"},{\"@type\":\"ListItem\",\"position\":2,\"name\":\"Xulia Mar\u00eda Barros\"}]},{\"@type\":\"WebSite\",\"@id\":\"https:\\\/\\\/www.anovapeneira.gal\\\/#website\",\"url\":\"https:\\\/\\\/www.anovapeneira.gal\\\/\",\"name\":\"\",\"description\":\"Xornal galego de informaci\u00f3n xeral Publicaci\u00f3n mensual de novas de Galicia e en especial dos Concellos da sur da provincia de Pontevedra.\",\"publisher\":{\"@id\":\"https:\\\/\\\/www.anovapeneira.gal\\\/#organization\"},\"potentialAction\":[{\"@type\":\"SearchAction\",\"target\":{\"@type\":\"EntryPoint\",\"urlTemplate\":\"https:\\\/\\\/www.anovapeneira.gal\\\/?s={search_term_string}\"},\"query-input\":{\"@type\":\"PropertyValueSpecification\",\"valueRequired\":true,\"valueName\":\"search_term_string\"}}],\"inLanguage\":\"gl-ES\"},{\"@type\":\"Organization\",\"@id\":\"https:\\\/\\\/www.anovapeneira.gal\\\/#organization\",\"name\":\"A Nova Peneira\",\"url\":\"https:\\\/\\\/www.anovapeneira.gal\\\/\",\"logo\":{\"@type\":\"ImageObject\",\"inLanguage\":\"gl-ES\",\"@id\":\"https:\\\/\\\/www.anovapeneira.gal\\\/#\\\/schema\\\/logo\\\/image\\\/\",\"url\":\"http:\\\/\\\/www.anovapeneira.gal\\\/wp-content\\\/uploads\\\/2019\\\/06\\\/logo_a_nova_peneira_portal_web.png\",\"contentUrl\":\"http:\\\/\\\/www.anovapeneira.gal\\\/wp-content\\\/uploads\\\/2019\\\/06\\\/logo_a_nova_peneira_portal_web.png\",\"width\":300,\"height\":100,\"caption\":\"A Nova Peneira\"},\"image\":{\"@id\":\"https:\\\/\\\/www.anovapeneira.gal\\\/#\\\/schema\\\/logo\\\/image\\\/\"},\"sameAs\":[\"https:\\\/\\\/www.facebook.com\\\/anovapeneira\",\"https:\\\/\\\/x.com\\\/APeneira\"]},{\"@type\":\"Person\",\"@id\":\"https:\\\/\\\/www.anovapeneira.gal\\\/#\\\/schema\\\/person\\\/d9d84823564720e7593293bab054e52d\",\"name\":\"Marcos Santos\",\"image\":{\"@type\":\"ImageObject\",\"inLanguage\":\"gl-ES\",\"@id\":\"https:\\\/\\\/secure.gravatar.com\\\/avatar\\\/0e8017099a7a47c0a9d2275e865fe326484561eb3d70649069e4b8e61a8d2e8c?s=96&d=mm&r=g\",\"url\":\"https:\\\/\\\/secure.gravatar.com\\\/avatar\\\/0e8017099a7a47c0a9d2275e865fe326484561eb3d70649069e4b8e61a8d2e8c?s=96&d=mm&r=g\",\"contentUrl\":\"https:\\\/\\\/secure.gravatar.com\\\/avatar\\\/0e8017099a7a47c0a9d2275e865fe326484561eb3d70649069e4b8e61a8d2e8c?s=96&d=mm&r=g\",\"caption\":\"Marcos Santos\"},\"sameAs\":[\"http:\\\/\\\/anovapeneira.gal\"],\"url\":\"https:\\\/\\\/www.anovapeneira.gal\\\/index.php\\\/author\\\/marcos-santos\\\/\"}]}<\/script>\n<!-- \/ Yoast SEO plugin. -->","yoast_head_json":{"title":"Xulia Mar\u00eda Barros -","description":"A Nova Peneira conversa con Xulia M. Barros, unha muller de Cesantes namorada da historia da s\u00faa vila, escritora, poeta, psic\u00f3loga que ven de escribir o libro a \u201c\u00c1rbore dos vagalumes\u201d sobre o que nos fala nesta charla tan agradable.","robots":{"index":"index","follow":"follow","max-snippet":"max-snippet:-1","max-image-preview":"max-image-preview:large","max-video-preview":"max-video-preview:-1"},"canonical":"https:\/\/www.anovapeneira.gal\/index.php\/2021\/08\/11\/xulia-maria-barros\/","og_locale":"gl_ES","og_type":"article","og_title":"Xulia Mar\u00eda Barros -","og_description":"A Nova Peneira conversa con Xulia M. Barros, unha muller de Cesantes namorada da historia da s\u00faa vila, escritora, poeta, psic\u00f3loga que ven de escribir o libro a \u201c\u00c1rbore dos vagalumes\u201d sobre o que nos fala nesta charla tan agradable.","og_url":"https:\/\/www.anovapeneira.gal\/index.php\/2021\/08\/11\/xulia-maria-barros\/","article_publisher":"https:\/\/www.facebook.com\/anovapeneira","article_published_time":"2021-08-11T08:00:51+00:00","og_image":[{"width":720,"height":432,"url":"https:\/\/www.anovapeneira.gal\/wp-content\/uploads\/2021\/08\/xulia_maria_barrios_redondela.jpg","type":"image\/jpeg"}],"author":"Marcos Santos","twitter_card":"summary_large_image","twitter_creator":"@APeneira","twitter_site":"@APeneira","twitter_misc":{"Escrito por":"Marcos Santos","Tempo de lectura":"4 minutos"},"schema":{"@context":"https:\/\/schema.org","@graph":[{"@type":"Article","@id":"https:\/\/www.anovapeneira.gal\/index.php\/2021\/08\/11\/xulia-maria-barros\/#article","isPartOf":{"@id":"https:\/\/www.anovapeneira.gal\/index.php\/2021\/08\/11\/xulia-maria-barros\/"},"author":{"name":"Marcos Santos","@id":"https:\/\/www.anovapeneira.gal\/#\/schema\/person\/d9d84823564720e7593293bab054e52d"},"headline":"Xulia Mar\u00eda Barros","datePublished":"2021-08-11T08:00:51+00:00","mainEntityOfPage":{"@id":"https:\/\/www.anovapeneira.gal\/index.php\/2021\/08\/11\/xulia-maria-barros\/"},"wordCount":795,"commentCount":0,"publisher":{"@id":"https:\/\/www.anovapeneira.gal\/#organization"},"image":{"@id":"https:\/\/www.anovapeneira.gal\/index.php\/2021\/08\/11\/xulia-maria-barros\/#primaryimage"},"thumbnailUrl":"https:\/\/www.anovapeneira.gal\/wp-content\/uploads\/2021\/08\/xulia_maria_barrios_redondela.jpg","keywords":["Concello de Redondela"],"articleSection":["Redondela"],"inLanguage":"gl-ES","potentialAction":[{"@type":"CommentAction","name":"Comment","target":["https:\/\/www.anovapeneira.gal\/index.php\/2021\/08\/11\/xulia-maria-barros\/#respond"]}]},{"@type":"WebPage","@id":"https:\/\/www.anovapeneira.gal\/index.php\/2021\/08\/11\/xulia-maria-barros\/","url":"https:\/\/www.anovapeneira.gal\/index.php\/2021\/08\/11\/xulia-maria-barros\/","name":"Xulia Mar\u00eda Barros -","isPartOf":{"@id":"https:\/\/www.anovapeneira.gal\/#website"},"primaryImageOfPage":{"@id":"https:\/\/www.anovapeneira.gal\/index.php\/2021\/08\/11\/xulia-maria-barros\/#primaryimage"},"image":{"@id":"https:\/\/www.anovapeneira.gal\/index.php\/2021\/08\/11\/xulia-maria-barros\/#primaryimage"},"thumbnailUrl":"https:\/\/www.anovapeneira.gal\/wp-content\/uploads\/2021\/08\/xulia_maria_barrios_redondela.jpg","datePublished":"2021-08-11T08:00:51+00:00","description":"A Nova Peneira conversa con Xulia M. Barros, unha muller de Cesantes namorada da historia da s\u00faa vila, escritora, poeta, psic\u00f3loga que ven de escribir o libro a \u201c\u00c1rbore dos vagalumes\u201d sobre o que nos fala nesta charla tan agradable.","breadcrumb":{"@id":"https:\/\/www.anovapeneira.gal\/index.php\/2021\/08\/11\/xulia-maria-barros\/#breadcrumb"},"inLanguage":"gl-ES","potentialAction":[{"@type":"ReadAction","target":["https:\/\/www.anovapeneira.gal\/index.php\/2021\/08\/11\/xulia-maria-barros\/"]}]},{"@type":"ImageObject","inLanguage":"gl-ES","@id":"https:\/\/www.anovapeneira.gal\/index.php\/2021\/08\/11\/xulia-maria-barros\/#primaryimage","url":"https:\/\/www.anovapeneira.gal\/wp-content\/uploads\/2021\/08\/xulia_maria_barrios_redondela.jpg","contentUrl":"https:\/\/www.anovapeneira.gal\/wp-content\/uploads\/2021\/08\/xulia_maria_barrios_redondela.jpg","width":720,"height":432,"caption":"Xulia Mar\u00eda Barrios Concello de Redondela"},{"@type":"BreadcrumbList","@id":"https:\/\/www.anovapeneira.gal\/index.php\/2021\/08\/11\/xulia-maria-barros\/#breadcrumb","itemListElement":[{"@type":"ListItem","position":1,"name":"Portada","item":"https:\/\/www.anovapeneira.gal\/"},{"@type":"ListItem","position":2,"name":"Xulia Mar\u00eda Barros"}]},{"@type":"WebSite","@id":"https:\/\/www.anovapeneira.gal\/#website","url":"https:\/\/www.anovapeneira.gal\/","name":"","description":"Xornal galego de informaci\u00f3n xeral Publicaci\u00f3n mensual de novas de Galicia e en especial dos Concellos da sur da provincia de Pontevedra.","publisher":{"@id":"https:\/\/www.anovapeneira.gal\/#organization"},"potentialAction":[{"@type":"SearchAction","target":{"@type":"EntryPoint","urlTemplate":"https:\/\/www.anovapeneira.gal\/?s={search_term_string}"},"query-input":{"@type":"PropertyValueSpecification","valueRequired":true,"valueName":"search_term_string"}}],"inLanguage":"gl-ES"},{"@type":"Organization","@id":"https:\/\/www.anovapeneira.gal\/#organization","name":"A Nova Peneira","url":"https:\/\/www.anovapeneira.gal\/","logo":{"@type":"ImageObject","inLanguage":"gl-ES","@id":"https:\/\/www.anovapeneira.gal\/#\/schema\/logo\/image\/","url":"http:\/\/www.anovapeneira.gal\/wp-content\/uploads\/2019\/06\/logo_a_nova_peneira_portal_web.png","contentUrl":"http:\/\/www.anovapeneira.gal\/wp-content\/uploads\/2019\/06\/logo_a_nova_peneira_portal_web.png","width":300,"height":100,"caption":"A Nova Peneira"},"image":{"@id":"https:\/\/www.anovapeneira.gal\/#\/schema\/logo\/image\/"},"sameAs":["https:\/\/www.facebook.com\/anovapeneira","https:\/\/x.com\/APeneira"]},{"@type":"Person","@id":"https:\/\/www.anovapeneira.gal\/#\/schema\/person\/d9d84823564720e7593293bab054e52d","name":"Marcos Santos","image":{"@type":"ImageObject","inLanguage":"gl-ES","@id":"https:\/\/secure.gravatar.com\/avatar\/0e8017099a7a47c0a9d2275e865fe326484561eb3d70649069e4b8e61a8d2e8c?s=96&d=mm&r=g","url":"https:\/\/secure.gravatar.com\/avatar\/0e8017099a7a47c0a9d2275e865fe326484561eb3d70649069e4b8e61a8d2e8c?s=96&d=mm&r=g","contentUrl":"https:\/\/secure.gravatar.com\/avatar\/0e8017099a7a47c0a9d2275e865fe326484561eb3d70649069e4b8e61a8d2e8c?s=96&d=mm&r=g","caption":"Marcos Santos"},"sameAs":["http:\/\/anovapeneira.gal"],"url":"https:\/\/www.anovapeneira.gal\/index.php\/author\/marcos-santos\/"}]}},"jetpack_featured_media_url":"https:\/\/www.anovapeneira.gal\/wp-content\/uploads\/2021\/08\/xulia_maria_barrios_redondela.jpg","_links":{"self":[{"href":"https:\/\/www.anovapeneira.gal\/index.php\/wp-json\/wp\/v2\/posts\/5915","targetHints":{"allow":["GET"]}}],"collection":[{"href":"https:\/\/www.anovapeneira.gal\/index.php\/wp-json\/wp\/v2\/posts"}],"about":[{"href":"https:\/\/www.anovapeneira.gal\/index.php\/wp-json\/wp\/v2\/types\/post"}],"author":[{"embeddable":true,"href":"https:\/\/www.anovapeneira.gal\/index.php\/wp-json\/wp\/v2\/users\/6"}],"replies":[{"embeddable":true,"href":"https:\/\/www.anovapeneira.gal\/index.php\/wp-json\/wp\/v2\/comments?post=5915"}],"version-history":[{"count":1,"href":"https:\/\/www.anovapeneira.gal\/index.php\/wp-json\/wp\/v2\/posts\/5915\/revisions"}],"predecessor-version":[{"id":5917,"href":"https:\/\/www.anovapeneira.gal\/index.php\/wp-json\/wp\/v2\/posts\/5915\/revisions\/5917"}],"wp:featuredmedia":[{"embeddable":true,"href":"https:\/\/www.anovapeneira.gal\/index.php\/wp-json\/wp\/v2\/media\/5916"}],"wp:attachment":[{"href":"https:\/\/www.anovapeneira.gal\/index.php\/wp-json\/wp\/v2\/media?parent=5915"}],"wp:term":[{"taxonomy":"category","embeddable":true,"href":"https:\/\/www.anovapeneira.gal\/index.php\/wp-json\/wp\/v2\/categories?post=5915"},{"taxonomy":"post_tag","embeddable":true,"href":"https:\/\/www.anovapeneira.gal\/index.php\/wp-json\/wp\/v2\/tags?post=5915"}],"curies":[{"name":"wp","href":"https:\/\/api.w.org\/{rel}","templated":true}]}}