{"id":5921,"date":"2021-08-12T10:00:45","date_gmt":"2021-08-12T08:00:45","guid":{"rendered":"https:\/\/www.anovapeneira.gal\/?p=5921"},"modified":"2021-08-09T20:34:33","modified_gmt":"2021-08-09T18:34:33","slug":"rafael-perez-castro-delegado-da-cig-en-barreras-despedido-polo-estaleiro-despois-de-23-anos-de-servizos","status":"publish","type":"post","link":"https:\/\/www.anovapeneira.gal\/index.php\/2021\/08\/12\/rafael-perez-castro-delegado-da-cig-en-barreras-despedido-polo-estaleiro-despois-de-23-anos-de-servizos\/","title":{"rendered":"Rafael P\u00e9rez Castro delegado da CIG en Barreras despedido polo estaleiro despois de 23 anos de servizos"},"content":{"rendered":"\n<p>A situaci\u00f3n do sector naval na r\u00eda de Vigo \u00e9 enormemente preocupante. A nosa comarca non se pode entender sen o naval, non ser\u00eda o que \u00e9 sen un sector tan importante na historia da bisbarra viguesa. Os dous estaleiros privados m\u00e1is importantes de todo o estado son vigueses, o segundo, Vulcano, est\u00e1 case morto. E o primeiro, Barreras, atravesa unha situaci\u00f3n enormemente delicada e non \u00e9 en absoluto descartable, de feito \u00e9 probable, que siga o mesmo cami\u00f1o que a factor\u00eda de Teis. Barreras \u00e9 agora mesmo propiedade do grupo Ritz-Carlton e a s\u00faa actitude na xesti\u00f3n parece apuntar que non te\u00f1en ning\u00fan interese na continuidade da actividade empresarial na centenaria empresa viguesa. Semella que o est\u00e1n deixando morrer por inanici\u00f3n sen facer nada para evitar a s\u00faa morte, m\u00e1is ben dando pequenos pasos para aos poucos conducir \u00e1 empresa ao concurso de acredores.<\/p>\n\n\n\n<p>Rafa \u00e9 delegado da CIG no estaleiro. El leva 23 anos traballando en Barreras, m\u00e1is da metade da s\u00faa vida, ten 45 anos, sen unha soa mancha na s\u00faa folla de servizos, sen unha soa sanci\u00f3n previa, sen unha soa amoestaci\u00f3n anterior en 23 anos. Por\u00e9n o pasado 2 de xullo foi sometido a despedimento disciplinario de maneira fulminante de xeito inexplicable. N\u00f3s falamos con el. Vela\u00ed vai o que deu de si a nosa conversa<\/p>\n\n\n\n<p>\u201c<strong>Estou seguro de que a propiedade do estaleiro non ten ning\u00fan interese en proseguir coa actividade, e o meu despedimento \u00e9 un chanzo m\u00e1is na s\u00faa intenci\u00f3n de desfacerse de Barreras\u201d<\/strong><\/p>\n\n\n\n<p><strong>Cantos anos levas traballando en Barreras?<\/strong><\/p>\n\n\n\n<blockquote class=\"wp-block-quote is-layout-flow wp-block-quote-is-layout-flow\"><p>23 anos e medio<\/p><\/blockquote>\n\n\n\n<p><strong>Fagamos un pouco de memoria. Como chegaches a entrar a traballar no estaleiro?<\/strong><\/p>\n\n\n\n<blockquote class=\"wp-block-quote is-layout-flow wp-block-quote-is-layout-flow\"><p>Entrei en 1.998. Daquela Barreras era a\u00ednda unha empresa p\u00fablica. E naquel momento fixeron unha convocatoria que ti\u00f1a por obxecto rexuvenecer o persoal. Arredor de 70 persoas marchaban por xubilaci\u00f3n e despois de superar unha especie de oposici\u00f3n entramos m\u00e1is ou menos o mesmo n\u00famero. Present\u00e1monos moitos aspirantes, se non lembro mal sobre 1.200<\/p><\/blockquote>\n\n\n\n<p><strong>Debeu ser aos poucos de entrares cando se privatizou o estaleiro verdade?<\/strong><\/p>\n\n\n\n<blockquote class=\"wp-block-quote is-layout-flow wp-block-quote-is-layout-flow\"><p>Si, eu creo que foi ese mesmo ano, despois da vitoria electoral de Jose Mar\u00eda Aznar. De feito non fomos os \u00fanicos que privatizou<\/p><\/blockquote>\n\n\n\n<p><strong>Unha vez privatizada a factor\u00eda Pucho Vi\u00f1as foi o seu director durante moitos anos. Que recordas ti da \u00e9poca de Vi\u00f1as como m\u00e1ximo responsable da empresa?<\/strong><\/p>\n\n\n\n<blockquote class=\"wp-block-quote is-layout-flow wp-block-quote-is-layout-flow\"><p>Foron tempos bastante bos, primeiro porque cando nos privatizaron d\u00e9ronnos carga de traballo para varios anos e, por outra parte porque Pucho Vi\u00f1as, ter\u00eda moitos defectos pero era un magn\u00edfico comercial .A captaci\u00f3n de clientes d\u00e1baselle moi ben<\/p><\/blockquote>\n\n\n\n<p><strong>Cando e por que se produciu a sa\u00edda de Pucho Vi\u00f1as?<\/strong><\/p>\n\n\n\n<blockquote class=\"wp-block-quote is-layout-flow wp-block-quote-is-layout-flow\"><p>Non recordo exactamente o ano, creo que foi no 2.010, pero foi motivada pola crise do tax lease que como sabes levounos ao concurso de acredores. Naquel momento ante a imposibilidade de contratar, Barreras queda nunha situaci\u00f3n moi delicada, porque Pucho, como che dixen antes, era moi bo comercial pero semella que xestionar non se lle daba tan ben. Tam\u00e9n te\u00f1o que dicir que era un home moi traballador. Eu te\u00f1o chegado \u00e1s 7 da ma\u00f1\u00e1 \u00e1 empresa e xa estar el al\u00ed traballando.<\/p><\/blockquote>\n\n\n\n<p><strong>Ben, sae Pucho e entran Pemex e Garc\u00eda Costas?<\/strong><\/p>\n\n\n\n<blockquote class=\"wp-block-quote is-layout-flow wp-block-quote-is-layout-flow\"><p>Si. Garc\u00eda Costas xa era un accionista moi importante do estaleiro pero no momento en que na famosa operaci\u00f3n de Feij\u00f3o con Pemex os mexicanos fanse co 51% das acci\u00f3ns, non sei como, chegan \u00e1 conclusi\u00f3n de nomear a Garc\u00eda Costas m\u00e1ximo responsable da empresa<\/p><\/blockquote>\n\n\n\n<p><strong>Como valoras a xesti\u00f3n de Garc\u00eda Costas?<\/strong><\/p>\n\n\n\n<blockquote class=\"wp-block-quote is-layout-flow wp-block-quote-is-layout-flow\"><p>El ti\u00f1a un paquete de acci\u00f3ns pero non era o dono de Barreras. El era o propietario de varias empresas auxiliares que traballaban para Barreras. E, ao meu xu\u00edzo, a s\u00faa pol\u00edtica estivo orientada a que as s\u00faas empresas ga\u00f1asen cartos non a procurar a solvencia econ\u00f3mica do estaleiro. Moitas das compras, que poder\u00eda ter feito directamente Barreras, fac\u00edanse a trav\u00e9s de empresas do grupo Costas<\/p><\/blockquote>\n\n\n\n<p><strong>Ent\u00f3n parece, insisto parece, que se pode dicir que a xesti\u00f3n de Garc\u00eda Costas ao fronte do estaleiro foi como pouco neglixente?<\/strong><\/p>\n\n\n\n<blockquote class=\"wp-block-quote is-layout-flow wp-block-quote-is-layout-flow\"><p>Para min si.<\/p><\/blockquote>\n\n\n\n<p><strong>Agora mesmo Barreras est\u00e1 nunha situaci\u00f3n de enorme dificultade. A s\u00faa nova propiedade \u00e9 a dun grupo empresarial que son os armadores do barco que estades rematando en Santander. Eu lembro ter falado contigo o ano pasado e non ti\u00f1as claro se acced\u00edan \u00e1 propiedade coa intenci\u00f3n de apostar en serio pola construci\u00f3n naval ou se o fac\u00edan porque non lles quedaba m\u00e1is remedio para poder rematar o seu barco e logo irse coa m\u00fasica a outra parte. Agora mesmo cal \u00e9 a t\u00faa opini\u00f3n ao respecto?<\/strong><\/p>\n\n\n\n<blockquote class=\"wp-block-quote is-layout-flow wp-block-quote-is-layout-flow\"><p>Por desgraza creo que se confirman os peores temores. Penso que o que queren \u00e9 rematar o seu barco e marchar. Na negociaci\u00f3n do ERTE actual vimos as contas do 2.020 e resulta que a compra da empresa \u00e9 unha compra \u201cvirtual\u201d, fix\u00e9ronse coa factor\u00eda sen pagar un \u20ac.E agora mesmo din que fan falta 50 mill\u00f3ns de \u20ac para rematar o barco. A verdade eu te\u00f1o ser\u00edas d\u00fabidas de que se remate.<\/p><\/blockquote>\n\n\n\n<p><strong>A nova direcci\u00f3n que trae a actual propiedade ten idea do que \u00e9 a construci\u00f3n naval?<\/strong><\/p>\n\n\n\n<blockquote class=\"wp-block-quote is-layout-flow wp-block-quote-is-layout-flow\"><p>Ag\u00e1s dous ingleses que si te\u00f1en algo de idea, un xa non est\u00e1, o resto non ti\u00f1an ni idea do sector<\/p><\/blockquote>\n\n\n\n<p><strong>Hai alg\u00fan indicio s\u00f3lido que vos leve a considerar que a intenci\u00f3n da propiedade non \u00e9 apostar pola construci\u00f3n naval?<\/strong><\/p>\n\n\n\n<blockquote class=\"wp-block-quote is-layout-flow wp-block-quote-is-layout-flow\"><p>Hai moitos, pero cando o presidente que nomea a nova propiedade , Douglas Prothero,( xa destitu\u00eddo pola consultor\u00eda \u00e1 que \u00e1 propiedade lle deu poderes de xesti\u00f3n) sae publicamente a dicir que non \u00e9 capaz de rematar o barco aqu\u00ed, penso que \u00e9 m\u00e1is ca un indicio<\/p><\/blockquote>\n\n\n\n<p><strong>Ben, semella que a situaci\u00f3n xeral do estaleiro \u00e9 moi complicada. Falemos do teu caso persoal. Levas 23 anos na empresa e es delegado sindical da CIG verdade?<\/strong><\/p>\n\n\n\n<blockquote class=\"wp-block-quote is-layout-flow wp-block-quote-is-layout-flow\"><p>Si, son membro do comit\u00e9<\/p><\/blockquote>\n\n\n\n<p><strong>Que distribuci\u00f3n aritm\u00e9tica ten o comit\u00e9?<\/strong><\/p>\n\n\n\n<blockquote class=\"wp-block-quote is-layout-flow wp-block-quote-is-layout-flow\"><p>6 UXT, 2 CCOO e eu son \u00fanico da CIG<\/p><\/blockquote>\n\n\n\n<p><strong>Cantos anos levas afiliado \u00e1 CIG?<\/strong><\/p>\n\n\n\n<blockquote class=\"wp-block-quote is-layout-flow wp-block-quote-is-layout-flow\"><p>Sobre 20 anos<\/p><\/blockquote>\n\n\n\n<p><strong>Nestes 23 anos como traballador tiveches alg\u00fan tipo de sanci\u00f3n ou advertencia da empresa por facer mal o teu traballo ou por manter alg\u00fan tipo de conducta neglixente?<\/strong><\/p>\n\n\n\n<blockquote class=\"wp-block-quote is-layout-flow wp-block-quote-is-layout-flow\"><p>Non, nunca xamais<\/p><\/blockquote>\n\n\n\n<p><strong>Nalgunha ocasi\u00f3n a t\u00faa actividade sindical, nestes 20 anos, orixinou alg\u00fan tipo de problema ou queixa por parte da empresa?<\/strong><\/p>\n\n\n\n<blockquote class=\"wp-block-quote is-layout-flow wp-block-quote-is-layout-flow\"><p>Non, nunca xamais<\/p><\/blockquote>\n\n\n\n<p><strong>Ent\u00f3n que \u00e9 o que supostamente fixeches para que sexas sometido a un despedimento disciplinario de hoxe para ma\u00f1\u00e1?<\/strong><\/p>\n\n\n\n<blockquote class=\"wp-block-quote is-layout-flow wp-block-quote-is-layout-flow\"><p>A verdade quedei abraiado. Foi unha sorpresa brutal. Como che dixen antes n\u00f3s estamos seguros de que a propiedade de Barreras non quere saber nada da construci\u00f3n naval e o meu despedimento \u00e9 un chanzo m\u00e1is na s\u00faa intenci\u00f3n de desfacerse da empresa. F\u00edxate a persoa que o asina, Aguilera, xa non est\u00e1 na empresa. El asina o meu despido e marcha. Que lle importa se xa non est\u00e1?<\/p><\/blockquote>\n\n\n\n<p><strong>Como foron os feitos?<\/strong><\/p>\n\n\n\n<blockquote class=\"wp-block-quote is-layout-flow wp-block-quote-is-layout-flow\"><p>O d\u00eda 27 de maio a CIG fai unha ocupaci\u00f3n simb\u00f3lica dentro de Barreras. Entra na explanada coloca unhas faixas e fai unha pequena concentraci\u00f3n. Eu estou traballando e sobre as 12,15 da ma\u00f1\u00e1 un compa\u00f1eiro dime \u201c hai xente da CIG na entrada\u201d<\/p><\/blockquote>\n\n\n\n<p><strong>Ti eras co\u00f1ecedor de que se \u00eda producir esa acci\u00f3n sindical en Barreras?<\/strong><\/p>\n\n\n\n<blockquote class=\"wp-block-quote is-layout-flow wp-block-quote-is-layout-flow\"><p>Non, eu non sab\u00eda nada. Cando fun avisado de que estaban na factor\u00eda fun un momento ata al\u00ed a ver que pasaba<\/p><\/blockquote>\n\n\n\n<p><strong>Moito tempo?<\/strong><\/p>\n\n\n\n<blockquote class=\"wp-block-quote is-layout-flow wp-block-quote-is-layout-flow\"><p>Entre 1 e 2 minutos. Vin que estaba o SC da CIG e el mesmo dime que me vaia pois o que estaban facendo eles non ti\u00f1a nada que ver comigo. Volvo ao meu posto de traballo de contado. \u00c1s 13,00 ti\u00f1a unha reuni\u00f3n. \u00c1s 12,55 dir\u00edxome \u00e1 xuntanza que ti\u00f1a cun dos responsables de persoal e ao pasar por onde estaban as persoas da CIG preg\u00fantanme con quen poden falar para trasladarlle a opini\u00f3n da CIG sobre que facer con Barreras e para co\u00f1ecer as intenci\u00f3ns de Barreras, e eu d\u00edgolles que a m\u00e1xima autoridade que se encontra nese momento na empresa \u00e9 o se\u00f1or Aguilera. Iso foi todo, respond\u00edn ao que me preguntaron e fun \u00e1 xuntanza que ti\u00f1a co responsable de persoal<\/p><\/blockquote>\n\n\n\n<p><strong>Iso foi todo?<\/strong><\/p>\n\n\n\n<blockquote class=\"wp-block-quote is-layout-flow wp-block-quote-is-layout-flow\"><p>Si.<\/p><\/blockquote>\n\n\n\n<p><strong>E como se desenvolveron os acontecementos posteriores?<\/strong><\/p>\n\n\n\n<blockquote class=\"wp-block-quote is-layout-flow wp-block-quote-is-layout-flow\"><p>Un mes m\u00e1is tarde ch\u00e1manme para unha xuntanza e danme un aviso dunha sanci\u00f3n no que formulan d\u00faas supostas faltas moi graves: o abandono do meu posto de traballo( falso radicalmente falso) e que colei a 4 persoas da CIG no edificio principal de Barreras( igualmente falso, absolutamente falso).Eu aleguei contra ambas falsidades e inicio as mi\u00f1as vacaci\u00f3ns. O d\u00eda 2 de xullo conv\u00f3canme a unha reuni\u00f3n, era un venres eu estaba de vacaci\u00f3n e f\u00f3ra de Vigo, e respondo que a partir do luns o que queiran cando queiran. Pero non tiven que agardar ao luns, ese mesmo venres xa me env\u00edan un correo electr\u00f3nico comunic\u00e1ndome o meu despedimento.<\/p><\/blockquote>\n\n\n\n<p><strong>Desp\u00eddenche estando de vacaci\u00f3ns?<\/strong><\/p>\n\n\n\n<blockquote class=\"wp-block-quote is-layout-flow wp-block-quote-is-layout-flow\"><p>Si, de feito eu estou a\u00ednda de vacaci\u00f3ns ata o 23 de agosto. Eu estou cotizando. Estarei en situaci\u00f3n do desemprego o 24 de agosto<\/p><\/blockquote>\n\n\n\n<p><strong>E non intentaches falar con alg\u00fan responsable?<\/strong><\/p>\n\n\n\n<blockquote class=\"wp-block-quote is-layout-flow wp-block-quote-is-layout-flow\"><p>Si claro, tanto eu como o meu sindicato. Pero non fomos atendidos<\/p><\/blockquote>\n\n\n\n<p><strong>Pero ata que non se resolva o xu\u00edzo , e que a sentenza sexa firme, ti seguir\u00e1s sendo membro do comit\u00e9 de empresa, a\u00ednda que esteas en desemprego por despedimento desde o 24 de agosto?<\/strong><\/p>\n\n\n\n<blockquote class=\"wp-block-quote is-layout-flow wp-block-quote-is-layout-flow\"><p>Si, ata que non haxa sentenza firme eu sigo sendo membro do comit\u00e9 mentres dure o noso mandato.<\/p><\/blockquote>\n\n\n\n<p><strong>Que reacci\u00f3n encontraches nos teus compa\u00f1eiros de Barreras?<\/strong><\/p>\n\n\n\n<blockquote class=\"wp-block-quote is-layout-flow wp-block-quote-is-layout-flow\"><p>En xeral boa, expres\u00e1ronme apoio e solidariedade?<\/p><\/blockquote>\n\n\n\n<p><strong>E en particular?<\/strong><\/p>\n\n\n\n<blockquote class=\"wp-block-quote is-layout-flow wp-block-quote-is-layout-flow\"><p>A xente que ten que ver coa CIG e COOO moi ben. As que te\u00f1en que ver con UGT todo o contrario<\/p><\/blockquote>\n\n\n\n<p><strong>Non me digas<\/strong><\/p>\n\n\n\n<blockquote class=\"wp-block-quote is-layout-flow wp-block-quote-is-layout-flow\"><p>Tal cal cho digo. A parte maioritaria do comit\u00e9, UGT, \u00e9 m\u00e1is empresa que a propia empresa, especialmente o se\u00f1or G\u00e1lvez, presidente do comit\u00e9. Non podo dicir que UXT tivera algo que ver no meu despedimento porque non o sei, pero que non fixeron nada, pero nada en absoluto por evitalo, seguro<\/p><\/blockquote>\n\n\n\n<p><strong>Alg\u00fan compa\u00f1eiro de UXT expresouche o seu apoio?<\/strong><\/p>\n\n\n\n<blockquote class=\"wp-block-quote is-layout-flow wp-block-quote-is-layout-flow\"><p>S\u00f3 1.<\/p><\/blockquote>\n\n\n\n<p><strong>Ti cres que na negociaci\u00f3n do ERTE actual, se UXT esixira a t\u00faa readmisi\u00f3n como condici\u00f3n para asinalo, ti estar\u00edas dentro?<\/strong><\/p>\n\n\n\n<blockquote class=\"wp-block-quote is-layout-flow wp-block-quote-is-layout-flow\"><p>Estou seguro.<\/p><\/blockquote>\n\n\n\n<p><strong>A vosa posici\u00f3n \u00e9 contraria ao ERTE por que?<\/strong><\/p>\n\n\n\n<blockquote class=\"wp-block-quote is-layout-flow wp-block-quote-is-layout-flow\"><p>N\u00f3s non compartimos un ERTE a tan longo prazo sen un plan de viabilidade que asegure o futuro da empresa. Por outra parte entendemos que o barco que temos debemos rematalo n\u00f3s e non hai motivo para levalo a outro sitio. N\u00f3s propuxemos que o ERTE fose de 3 meses e que ao final estiveramos todos traballando no barco.<\/p><\/blockquote>\n\n\n\n<p><strong>As vosas expectativas futuras?<\/strong><\/p>\n\n\n\n<blockquote class=\"wp-block-quote is-layout-flow wp-block-quote-is-layout-flow\"><p>Non son nada boas. N\u00f3s cremos que por desgraza antes que acabe este ERTE( \u00e9 dun ano), entramos en lei concursal<\/p><\/blockquote>\n\n\n\n<p><strong>Os 23 mill\u00f3ns que anunciou o presidente Feij\u00f3o non cambian algo a cousa?<\/strong><\/p>\n\n\n\n<blockquote class=\"wp-block-quote is-layout-flow wp-block-quote-is-layout-flow\"><p>Eses cartos, a\u00ednda que os anunciara Feij\u00f3o, ve\u00f1en de Madrid, e non, non cambian nada. \u00c9 un di\u00f1eiro finalista para pagar d\u00e9bedas que ten Barreras coas auxiliares. Est\u00e1 moi ben para quen o cobre claro, pero son cartos que parchean problemas pasados pero que non serven en absoluto para o futuro.<\/p><\/blockquote>\n\n\n\n<p><strong>O SMAC telo o 18.Ti cres que a empresa vaise presentar?<\/strong><\/p>\n\n\n\n<blockquote class=\"wp-block-quote is-layout-flow wp-block-quote-is-layout-flow\"><p>Non o sei, pero penso que non<\/p><\/blockquote>\n\n\n\n<p><strong>E se, como parece, vas a xu\u00edzo que che din os avogados da CIG?<\/strong><\/p>\n\n\n\n<blockquote class=\"wp-block-quote is-layout-flow wp-block-quote-is-layout-flow\"><p>Dinme que o despedimento non vai a ning\u00fan sitio. Pero que cando entras nun proceso xudicial nunca sabes como vai rematar.<\/p><\/blockquote>\n\n\n\n<p><strong>Rematamos Rafa, que tal eses \u00e1nimos e os da t\u00faa familia?<\/strong><\/p>\n\n\n\n<blockquote class=\"wp-block-quote is-layout-flow wp-block-quote-is-layout-flow\"><p>Hai d\u00edas mellores e d\u00edas peores. Non \u00e9 nada f\u00e1cil<\/p><\/blockquote>\n","protected":false},"excerpt":{"rendered":"<div class=\"mh-excerpt\"><p>A situaci\u00f3n do sector naval na r\u00eda de Vigo \u00e9 enormemente preocupante. A nosa comarca non se pode entender sen o naval, non ser\u00eda o que \u00e9 sen un sector tan importante na historia da bisbarra viguesa. Os dous estaleiros privados m\u00e1is importantes de todo o estado son vigueses, o segundo, Vulcano, est\u00e1 case morto <a class=\"mh-excerpt-more\" href=\"https:\/\/www.anovapeneira.gal\/index.php\/2021\/08\/12\/rafael-perez-castro-delegado-da-cig-en-barreras-despedido-polo-estaleiro-despois-de-23-anos-de-servizos\/\" title=\"Rafael P\u00e9rez Castro delegado da CIG en Barreras despedido polo estaleiro despois de 23 anos de servizos\">[&#8230;]<\/a><\/p>\n<\/div>","protected":false},"author":3,"featured_media":5923,"comment_status":"open","ping_status":"open","sticky":false,"template":"","format":"standard","meta":{"_exactmetrics_skip_tracking":false,"_exactmetrics_sitenote_active":false,"_exactmetrics_sitenote_note":"","_exactmetrics_sitenote_category":0,"footnotes":""},"categories":[272],"tags":[285,227],"class_list":{"0":"post-5921","1":"post","2":"type-post","3":"status-publish","4":"format-standard","5":"has-post-thumbnail","7":"category-vigo-entrevistas","8":"tag-barreras","9":"tag-concello-de-vigo"},"yoast_head":"<!-- This site is optimized with the Yoast SEO plugin v27.4 - https:\/\/yoast.com\/product\/yoast-seo-wordpress\/ -->\n<title>Rafael P\u00e9rez Castro delegado da CIG en Barreras despedido polo estaleiro despois de 23 anos de servizos -<\/title>\n<meta name=\"description\" content=\"A situaci\u00f3n do sector naval na r\u00eda de Vigo \u00e9 enormemente preocupante. A nosa comarca non se pode entender sen o naval, non ser\u00eda o que \u00e9 sen un sector tan importante na historia da bisbarra viguesa. Os dous estaleiros privados m\u00e1is importantes de todo o estado son vigueses, o segundo, Vulcano, est\u00e1 case morto\" \/>\n<meta name=\"robots\" content=\"index, follow, max-snippet:-1, max-image-preview:large, max-video-preview:-1\" \/>\n<link rel=\"canonical\" href=\"https:\/\/www.anovapeneira.gal\/index.php\/2021\/08\/12\/rafael-perez-castro-delegado-da-cig-en-barreras-despedido-polo-estaleiro-despois-de-23-anos-de-servizos\/\" \/>\n<meta property=\"og:locale\" content=\"gl_ES\" \/>\n<meta property=\"og:type\" content=\"article\" \/>\n<meta property=\"og:title\" content=\"Rafael P\u00e9rez Castro delegado da CIG en Barreras despedido polo estaleiro despois de 23 anos de servizos -\" \/>\n<meta property=\"og:description\" content=\"A situaci\u00f3n do sector naval na r\u00eda de Vigo \u00e9 enormemente preocupante. A nosa comarca non se pode entender sen o naval, non ser\u00eda o que \u00e9 sen un sector tan importante na historia da bisbarra viguesa. Os dous estaleiros privados m\u00e1is importantes de todo o estado son vigueses, o segundo, Vulcano, est\u00e1 case morto\" \/>\n<meta property=\"og:url\" content=\"https:\/\/www.anovapeneira.gal\/index.php\/2021\/08\/12\/rafael-perez-castro-delegado-da-cig-en-barreras-despedido-polo-estaleiro-despois-de-23-anos-de-servizos\/\" \/>\n<meta property=\"article:publisher\" content=\"https:\/\/www.facebook.com\/anovapeneira\" \/>\n<meta property=\"article:published_time\" content=\"2021-08-12T08:00:45+00:00\" \/>\n<meta property=\"og:image\" content=\"https:\/\/www.anovapeneira.gal\/wp-content\/uploads\/2021\/08\/cig_barreras.jpg\" \/>\n\t<meta property=\"og:image:width\" content=\"720\" \/>\n\t<meta property=\"og:image:height\" content=\"432\" \/>\n\t<meta property=\"og:image:type\" content=\"image\/jpeg\" \/>\n<meta name=\"author\" content=\"Redacci\u00f3n A Nova Peneira\" \/>\n<meta name=\"twitter:card\" content=\"summary_large_image\" \/>\n<meta name=\"twitter:creator\" content=\"@APeneira\" \/>\n<meta name=\"twitter:site\" content=\"@APeneira\" \/>\n<meta name=\"twitter:label1\" content=\"Escrito por\" \/>\n\t<meta name=\"twitter:data1\" content=\"Redacci\u00f3n A Nova Peneira\" \/>\n\t<meta name=\"twitter:label2\" content=\"Tempo de lectura\" \/>\n\t<meta name=\"twitter:data2\" content=\"9 minutos\" \/>\n<script type=\"application\/ld+json\" class=\"yoast-schema-graph\">{\"@context\":\"https:\\\/\\\/schema.org\",\"@graph\":[{\"@type\":\"Article\",\"@id\":\"https:\\\/\\\/www.anovapeneira.gal\\\/index.php\\\/2021\\\/08\\\/12\\\/rafael-perez-castro-delegado-da-cig-en-barreras-despedido-polo-estaleiro-despois-de-23-anos-de-servizos\\\/#article\",\"isPartOf\":{\"@id\":\"https:\\\/\\\/www.anovapeneira.gal\\\/index.php\\\/2021\\\/08\\\/12\\\/rafael-perez-castro-delegado-da-cig-en-barreras-despedido-polo-estaleiro-despois-de-23-anos-de-servizos\\\/\"},\"author\":{\"name\":\"Redacci\u00f3n A Nova Peneira\",\"@id\":\"https:\\\/\\\/www.anovapeneira.gal\\\/#\\\/schema\\\/person\\\/b93e3f8932e3f8da96334607eb6ac6aa\"},\"headline\":\"Rafael P\u00e9rez Castro delegado da CIG en Barreras despedido polo estaleiro despois de 23 anos de servizos\",\"datePublished\":\"2021-08-12T08:00:45+00:00\",\"mainEntityOfPage\":{\"@id\":\"https:\\\/\\\/www.anovapeneira.gal\\\/index.php\\\/2021\\\/08\\\/12\\\/rafael-perez-castro-delegado-da-cig-en-barreras-despedido-polo-estaleiro-despois-de-23-anos-de-servizos\\\/\"},\"wordCount\":2079,\"commentCount\":0,\"publisher\":{\"@id\":\"https:\\\/\\\/www.anovapeneira.gal\\\/#organization\"},\"image\":{\"@id\":\"https:\\\/\\\/www.anovapeneira.gal\\\/index.php\\\/2021\\\/08\\\/12\\\/rafael-perez-castro-delegado-da-cig-en-barreras-despedido-polo-estaleiro-despois-de-23-anos-de-servizos\\\/#primaryimage\"},\"thumbnailUrl\":\"https:\\\/\\\/www.anovapeneira.gal\\\/wp-content\\\/uploads\\\/2021\\\/08\\\/cig_barreras.jpg\",\"keywords\":[\"Barreras\",\"Concello de Vigo\"],\"articleSection\":[\"Vigo\"],\"inLanguage\":\"gl-ES\",\"potentialAction\":[{\"@type\":\"CommentAction\",\"name\":\"Comment\",\"target\":[\"https:\\\/\\\/www.anovapeneira.gal\\\/index.php\\\/2021\\\/08\\\/12\\\/rafael-perez-castro-delegado-da-cig-en-barreras-despedido-polo-estaleiro-despois-de-23-anos-de-servizos\\\/#respond\"]}]},{\"@type\":\"WebPage\",\"@id\":\"https:\\\/\\\/www.anovapeneira.gal\\\/index.php\\\/2021\\\/08\\\/12\\\/rafael-perez-castro-delegado-da-cig-en-barreras-despedido-polo-estaleiro-despois-de-23-anos-de-servizos\\\/\",\"url\":\"https:\\\/\\\/www.anovapeneira.gal\\\/index.php\\\/2021\\\/08\\\/12\\\/rafael-perez-castro-delegado-da-cig-en-barreras-despedido-polo-estaleiro-despois-de-23-anos-de-servizos\\\/\",\"name\":\"Rafael P\u00e9rez Castro delegado da CIG en Barreras despedido polo estaleiro despois de 23 anos de servizos -\",\"isPartOf\":{\"@id\":\"https:\\\/\\\/www.anovapeneira.gal\\\/#website\"},\"primaryImageOfPage\":{\"@id\":\"https:\\\/\\\/www.anovapeneira.gal\\\/index.php\\\/2021\\\/08\\\/12\\\/rafael-perez-castro-delegado-da-cig-en-barreras-despedido-polo-estaleiro-despois-de-23-anos-de-servizos\\\/#primaryimage\"},\"image\":{\"@id\":\"https:\\\/\\\/www.anovapeneira.gal\\\/index.php\\\/2021\\\/08\\\/12\\\/rafael-perez-castro-delegado-da-cig-en-barreras-despedido-polo-estaleiro-despois-de-23-anos-de-servizos\\\/#primaryimage\"},\"thumbnailUrl\":\"https:\\\/\\\/www.anovapeneira.gal\\\/wp-content\\\/uploads\\\/2021\\\/08\\\/cig_barreras.jpg\",\"datePublished\":\"2021-08-12T08:00:45+00:00\",\"description\":\"A situaci\u00f3n do sector naval na r\u00eda de Vigo \u00e9 enormemente preocupante. A nosa comarca non se pode entender sen o naval, non ser\u00eda o que \u00e9 sen un sector tan importante na historia da bisbarra viguesa. Os dous estaleiros privados m\u00e1is importantes de todo o estado son vigueses, o segundo, Vulcano, est\u00e1 case morto\",\"breadcrumb\":{\"@id\":\"https:\\\/\\\/www.anovapeneira.gal\\\/index.php\\\/2021\\\/08\\\/12\\\/rafael-perez-castro-delegado-da-cig-en-barreras-despedido-polo-estaleiro-despois-de-23-anos-de-servizos\\\/#breadcrumb\"},\"inLanguage\":\"gl-ES\",\"potentialAction\":[{\"@type\":\"ReadAction\",\"target\":[\"https:\\\/\\\/www.anovapeneira.gal\\\/index.php\\\/2021\\\/08\\\/12\\\/rafael-perez-castro-delegado-da-cig-en-barreras-despedido-polo-estaleiro-despois-de-23-anos-de-servizos\\\/\"]}]},{\"@type\":\"ImageObject\",\"inLanguage\":\"gl-ES\",\"@id\":\"https:\\\/\\\/www.anovapeneira.gal\\\/index.php\\\/2021\\\/08\\\/12\\\/rafael-perez-castro-delegado-da-cig-en-barreras-despedido-polo-estaleiro-despois-de-23-anos-de-servizos\\\/#primaryimage\",\"url\":\"https:\\\/\\\/www.anovapeneira.gal\\\/wp-content\\\/uploads\\\/2021\\\/08\\\/cig_barreras.jpg\",\"contentUrl\":\"https:\\\/\\\/www.anovapeneira.gal\\\/wp-content\\\/uploads\\\/2021\\\/08\\\/cig_barreras.jpg\",\"width\":720,\"height\":432,\"caption\":\"Delegado CIG Barreras\"},{\"@type\":\"BreadcrumbList\",\"@id\":\"https:\\\/\\\/www.anovapeneira.gal\\\/index.php\\\/2021\\\/08\\\/12\\\/rafael-perez-castro-delegado-da-cig-en-barreras-despedido-polo-estaleiro-despois-de-23-anos-de-servizos\\\/#breadcrumb\",\"itemListElement\":[{\"@type\":\"ListItem\",\"position\":1,\"name\":\"Portada\",\"item\":\"https:\\\/\\\/www.anovapeneira.gal\\\/\"},{\"@type\":\"ListItem\",\"position\":2,\"name\":\"Rafael P\u00e9rez Castro delegado da CIG en Barreras despedido polo estaleiro despois de 23 anos de servizos\"}]},{\"@type\":\"WebSite\",\"@id\":\"https:\\\/\\\/www.anovapeneira.gal\\\/#website\",\"url\":\"https:\\\/\\\/www.anovapeneira.gal\\\/\",\"name\":\"\",\"description\":\"Xornal galego de informaci\u00f3n xeral Publicaci\u00f3n mensual de novas de Galicia e en especial dos Concellos da sur da provincia de Pontevedra.\",\"publisher\":{\"@id\":\"https:\\\/\\\/www.anovapeneira.gal\\\/#organization\"},\"potentialAction\":[{\"@type\":\"SearchAction\",\"target\":{\"@type\":\"EntryPoint\",\"urlTemplate\":\"https:\\\/\\\/www.anovapeneira.gal\\\/?s={search_term_string}\"},\"query-input\":{\"@type\":\"PropertyValueSpecification\",\"valueRequired\":true,\"valueName\":\"search_term_string\"}}],\"inLanguage\":\"gl-ES\"},{\"@type\":\"Organization\",\"@id\":\"https:\\\/\\\/www.anovapeneira.gal\\\/#organization\",\"name\":\"A Nova Peneira\",\"url\":\"https:\\\/\\\/www.anovapeneira.gal\\\/\",\"logo\":{\"@type\":\"ImageObject\",\"inLanguage\":\"gl-ES\",\"@id\":\"https:\\\/\\\/www.anovapeneira.gal\\\/#\\\/schema\\\/logo\\\/image\\\/\",\"url\":\"http:\\\/\\\/www.anovapeneira.gal\\\/wp-content\\\/uploads\\\/2019\\\/06\\\/logo_a_nova_peneira_portal_web.png\",\"contentUrl\":\"http:\\\/\\\/www.anovapeneira.gal\\\/wp-content\\\/uploads\\\/2019\\\/06\\\/logo_a_nova_peneira_portal_web.png\",\"width\":300,\"height\":100,\"caption\":\"A Nova Peneira\"},\"image\":{\"@id\":\"https:\\\/\\\/www.anovapeneira.gal\\\/#\\\/schema\\\/logo\\\/image\\\/\"},\"sameAs\":[\"https:\\\/\\\/www.facebook.com\\\/anovapeneira\",\"https:\\\/\\\/x.com\\\/APeneira\"]},{\"@type\":\"Person\",\"@id\":\"https:\\\/\\\/www.anovapeneira.gal\\\/#\\\/schema\\\/person\\\/b93e3f8932e3f8da96334607eb6ac6aa\",\"name\":\"Redacci\u00f3n A Nova Peneira\",\"image\":{\"@type\":\"ImageObject\",\"inLanguage\":\"gl-ES\",\"@id\":\"https:\\\/\\\/secure.gravatar.com\\\/avatar\\\/c052a2551a06e23fac63626232eaa90abd78dbcf1700fc46a2b2c89fd27b735f?s=96&d=mm&r=g\",\"url\":\"https:\\\/\\\/secure.gravatar.com\\\/avatar\\\/c052a2551a06e23fac63626232eaa90abd78dbcf1700fc46a2b2c89fd27b735f?s=96&d=mm&r=g\",\"contentUrl\":\"https:\\\/\\\/secure.gravatar.com\\\/avatar\\\/c052a2551a06e23fac63626232eaa90abd78dbcf1700fc46a2b2c89fd27b735f?s=96&d=mm&r=g\",\"caption\":\"Redacci\u00f3n A Nova Peneira\"},\"sameAs\":[\"http:\\\/\\\/www.anovapeneira.gal\\\/\"],\"url\":\"https:\\\/\\\/www.anovapeneira.gal\\\/index.php\\\/author\\\/redactor\\\/\"}]}<\/script>\n<!-- \/ Yoast SEO plugin. -->","yoast_head_json":{"title":"Rafael P\u00e9rez Castro delegado da CIG en Barreras despedido polo estaleiro despois de 23 anos de servizos -","description":"A situaci\u00f3n do sector naval na r\u00eda de Vigo \u00e9 enormemente preocupante. A nosa comarca non se pode entender sen o naval, non ser\u00eda o que \u00e9 sen un sector tan importante na historia da bisbarra viguesa. Os dous estaleiros privados m\u00e1is importantes de todo o estado son vigueses, o segundo, Vulcano, est\u00e1 case morto","robots":{"index":"index","follow":"follow","max-snippet":"max-snippet:-1","max-image-preview":"max-image-preview:large","max-video-preview":"max-video-preview:-1"},"canonical":"https:\/\/www.anovapeneira.gal\/index.php\/2021\/08\/12\/rafael-perez-castro-delegado-da-cig-en-barreras-despedido-polo-estaleiro-despois-de-23-anos-de-servizos\/","og_locale":"gl_ES","og_type":"article","og_title":"Rafael P\u00e9rez Castro delegado da CIG en Barreras despedido polo estaleiro despois de 23 anos de servizos -","og_description":"A situaci\u00f3n do sector naval na r\u00eda de Vigo \u00e9 enormemente preocupante. A nosa comarca non se pode entender sen o naval, non ser\u00eda o que \u00e9 sen un sector tan importante na historia da bisbarra viguesa. Os dous estaleiros privados m\u00e1is importantes de todo o estado son vigueses, o segundo, Vulcano, est\u00e1 case morto","og_url":"https:\/\/www.anovapeneira.gal\/index.php\/2021\/08\/12\/rafael-perez-castro-delegado-da-cig-en-barreras-despedido-polo-estaleiro-despois-de-23-anos-de-servizos\/","article_publisher":"https:\/\/www.facebook.com\/anovapeneira","article_published_time":"2021-08-12T08:00:45+00:00","og_image":[{"width":720,"height":432,"url":"https:\/\/www.anovapeneira.gal\/wp-content\/uploads\/2021\/08\/cig_barreras.jpg","type":"image\/jpeg"}],"author":"Redacci\u00f3n A Nova Peneira","twitter_card":"summary_large_image","twitter_creator":"@APeneira","twitter_site":"@APeneira","twitter_misc":{"Escrito por":"Redacci\u00f3n A Nova Peneira","Tempo de lectura":"9 minutos"},"schema":{"@context":"https:\/\/schema.org","@graph":[{"@type":"Article","@id":"https:\/\/www.anovapeneira.gal\/index.php\/2021\/08\/12\/rafael-perez-castro-delegado-da-cig-en-barreras-despedido-polo-estaleiro-despois-de-23-anos-de-servizos\/#article","isPartOf":{"@id":"https:\/\/www.anovapeneira.gal\/index.php\/2021\/08\/12\/rafael-perez-castro-delegado-da-cig-en-barreras-despedido-polo-estaleiro-despois-de-23-anos-de-servizos\/"},"author":{"name":"Redacci\u00f3n A Nova Peneira","@id":"https:\/\/www.anovapeneira.gal\/#\/schema\/person\/b93e3f8932e3f8da96334607eb6ac6aa"},"headline":"Rafael P\u00e9rez Castro delegado da CIG en Barreras despedido polo estaleiro despois de 23 anos de servizos","datePublished":"2021-08-12T08:00:45+00:00","mainEntityOfPage":{"@id":"https:\/\/www.anovapeneira.gal\/index.php\/2021\/08\/12\/rafael-perez-castro-delegado-da-cig-en-barreras-despedido-polo-estaleiro-despois-de-23-anos-de-servizos\/"},"wordCount":2079,"commentCount":0,"publisher":{"@id":"https:\/\/www.anovapeneira.gal\/#organization"},"image":{"@id":"https:\/\/www.anovapeneira.gal\/index.php\/2021\/08\/12\/rafael-perez-castro-delegado-da-cig-en-barreras-despedido-polo-estaleiro-despois-de-23-anos-de-servizos\/#primaryimage"},"thumbnailUrl":"https:\/\/www.anovapeneira.gal\/wp-content\/uploads\/2021\/08\/cig_barreras.jpg","keywords":["Barreras","Concello de Vigo"],"articleSection":["Vigo"],"inLanguage":"gl-ES","potentialAction":[{"@type":"CommentAction","name":"Comment","target":["https:\/\/www.anovapeneira.gal\/index.php\/2021\/08\/12\/rafael-perez-castro-delegado-da-cig-en-barreras-despedido-polo-estaleiro-despois-de-23-anos-de-servizos\/#respond"]}]},{"@type":"WebPage","@id":"https:\/\/www.anovapeneira.gal\/index.php\/2021\/08\/12\/rafael-perez-castro-delegado-da-cig-en-barreras-despedido-polo-estaleiro-despois-de-23-anos-de-servizos\/","url":"https:\/\/www.anovapeneira.gal\/index.php\/2021\/08\/12\/rafael-perez-castro-delegado-da-cig-en-barreras-despedido-polo-estaleiro-despois-de-23-anos-de-servizos\/","name":"Rafael P\u00e9rez Castro delegado da CIG en Barreras despedido polo estaleiro despois de 23 anos de servizos -","isPartOf":{"@id":"https:\/\/www.anovapeneira.gal\/#website"},"primaryImageOfPage":{"@id":"https:\/\/www.anovapeneira.gal\/index.php\/2021\/08\/12\/rafael-perez-castro-delegado-da-cig-en-barreras-despedido-polo-estaleiro-despois-de-23-anos-de-servizos\/#primaryimage"},"image":{"@id":"https:\/\/www.anovapeneira.gal\/index.php\/2021\/08\/12\/rafael-perez-castro-delegado-da-cig-en-barreras-despedido-polo-estaleiro-despois-de-23-anos-de-servizos\/#primaryimage"},"thumbnailUrl":"https:\/\/www.anovapeneira.gal\/wp-content\/uploads\/2021\/08\/cig_barreras.jpg","datePublished":"2021-08-12T08:00:45+00:00","description":"A situaci\u00f3n do sector naval na r\u00eda de Vigo \u00e9 enormemente preocupante. A nosa comarca non se pode entender sen o naval, non ser\u00eda o que \u00e9 sen un sector tan importante na historia da bisbarra viguesa. Os dous estaleiros privados m\u00e1is importantes de todo o estado son vigueses, o segundo, Vulcano, est\u00e1 case morto","breadcrumb":{"@id":"https:\/\/www.anovapeneira.gal\/index.php\/2021\/08\/12\/rafael-perez-castro-delegado-da-cig-en-barreras-despedido-polo-estaleiro-despois-de-23-anos-de-servizos\/#breadcrumb"},"inLanguage":"gl-ES","potentialAction":[{"@type":"ReadAction","target":["https:\/\/www.anovapeneira.gal\/index.php\/2021\/08\/12\/rafael-perez-castro-delegado-da-cig-en-barreras-despedido-polo-estaleiro-despois-de-23-anos-de-servizos\/"]}]},{"@type":"ImageObject","inLanguage":"gl-ES","@id":"https:\/\/www.anovapeneira.gal\/index.php\/2021\/08\/12\/rafael-perez-castro-delegado-da-cig-en-barreras-despedido-polo-estaleiro-despois-de-23-anos-de-servizos\/#primaryimage","url":"https:\/\/www.anovapeneira.gal\/wp-content\/uploads\/2021\/08\/cig_barreras.jpg","contentUrl":"https:\/\/www.anovapeneira.gal\/wp-content\/uploads\/2021\/08\/cig_barreras.jpg","width":720,"height":432,"caption":"Delegado CIG Barreras"},{"@type":"BreadcrumbList","@id":"https:\/\/www.anovapeneira.gal\/index.php\/2021\/08\/12\/rafael-perez-castro-delegado-da-cig-en-barreras-despedido-polo-estaleiro-despois-de-23-anos-de-servizos\/#breadcrumb","itemListElement":[{"@type":"ListItem","position":1,"name":"Portada","item":"https:\/\/www.anovapeneira.gal\/"},{"@type":"ListItem","position":2,"name":"Rafael P\u00e9rez Castro delegado da CIG en Barreras despedido polo estaleiro despois de 23 anos de servizos"}]},{"@type":"WebSite","@id":"https:\/\/www.anovapeneira.gal\/#website","url":"https:\/\/www.anovapeneira.gal\/","name":"","description":"Xornal galego de informaci\u00f3n xeral Publicaci\u00f3n mensual de novas de Galicia e en especial dos Concellos da sur da provincia de Pontevedra.","publisher":{"@id":"https:\/\/www.anovapeneira.gal\/#organization"},"potentialAction":[{"@type":"SearchAction","target":{"@type":"EntryPoint","urlTemplate":"https:\/\/www.anovapeneira.gal\/?s={search_term_string}"},"query-input":{"@type":"PropertyValueSpecification","valueRequired":true,"valueName":"search_term_string"}}],"inLanguage":"gl-ES"},{"@type":"Organization","@id":"https:\/\/www.anovapeneira.gal\/#organization","name":"A Nova Peneira","url":"https:\/\/www.anovapeneira.gal\/","logo":{"@type":"ImageObject","inLanguage":"gl-ES","@id":"https:\/\/www.anovapeneira.gal\/#\/schema\/logo\/image\/","url":"http:\/\/www.anovapeneira.gal\/wp-content\/uploads\/2019\/06\/logo_a_nova_peneira_portal_web.png","contentUrl":"http:\/\/www.anovapeneira.gal\/wp-content\/uploads\/2019\/06\/logo_a_nova_peneira_portal_web.png","width":300,"height":100,"caption":"A Nova Peneira"},"image":{"@id":"https:\/\/www.anovapeneira.gal\/#\/schema\/logo\/image\/"},"sameAs":["https:\/\/www.facebook.com\/anovapeneira","https:\/\/x.com\/APeneira"]},{"@type":"Person","@id":"https:\/\/www.anovapeneira.gal\/#\/schema\/person\/b93e3f8932e3f8da96334607eb6ac6aa","name":"Redacci\u00f3n A Nova Peneira","image":{"@type":"ImageObject","inLanguage":"gl-ES","@id":"https:\/\/secure.gravatar.com\/avatar\/c052a2551a06e23fac63626232eaa90abd78dbcf1700fc46a2b2c89fd27b735f?s=96&d=mm&r=g","url":"https:\/\/secure.gravatar.com\/avatar\/c052a2551a06e23fac63626232eaa90abd78dbcf1700fc46a2b2c89fd27b735f?s=96&d=mm&r=g","contentUrl":"https:\/\/secure.gravatar.com\/avatar\/c052a2551a06e23fac63626232eaa90abd78dbcf1700fc46a2b2c89fd27b735f?s=96&d=mm&r=g","caption":"Redacci\u00f3n A Nova Peneira"},"sameAs":["http:\/\/www.anovapeneira.gal\/"],"url":"https:\/\/www.anovapeneira.gal\/index.php\/author\/redactor\/"}]}},"jetpack_featured_media_url":"https:\/\/www.anovapeneira.gal\/wp-content\/uploads\/2021\/08\/cig_barreras.jpg","_links":{"self":[{"href":"https:\/\/www.anovapeneira.gal\/index.php\/wp-json\/wp\/v2\/posts\/5921","targetHints":{"allow":["GET"]}}],"collection":[{"href":"https:\/\/www.anovapeneira.gal\/index.php\/wp-json\/wp\/v2\/posts"}],"about":[{"href":"https:\/\/www.anovapeneira.gal\/index.php\/wp-json\/wp\/v2\/types\/post"}],"author":[{"embeddable":true,"href":"https:\/\/www.anovapeneira.gal\/index.php\/wp-json\/wp\/v2\/users\/3"}],"replies":[{"embeddable":true,"href":"https:\/\/www.anovapeneira.gal\/index.php\/wp-json\/wp\/v2\/comments?post=5921"}],"version-history":[{"count":1,"href":"https:\/\/www.anovapeneira.gal\/index.php\/wp-json\/wp\/v2\/posts\/5921\/revisions"}],"predecessor-version":[{"id":5922,"href":"https:\/\/www.anovapeneira.gal\/index.php\/wp-json\/wp\/v2\/posts\/5921\/revisions\/5922"}],"wp:featuredmedia":[{"embeddable":true,"href":"https:\/\/www.anovapeneira.gal\/index.php\/wp-json\/wp\/v2\/media\/5923"}],"wp:attachment":[{"href":"https:\/\/www.anovapeneira.gal\/index.php\/wp-json\/wp\/v2\/media?parent=5921"}],"wp:term":[{"taxonomy":"category","embeddable":true,"href":"https:\/\/www.anovapeneira.gal\/index.php\/wp-json\/wp\/v2\/categories?post=5921"},{"taxonomy":"post_tag","embeddable":true,"href":"https:\/\/www.anovapeneira.gal\/index.php\/wp-json\/wp\/v2\/tags?post=5921"}],"curies":[{"name":"wp","href":"https:\/\/api.w.org\/{rel}","templated":true}]}}