{"id":5924,"date":"2021-08-12T12:00:16","date_gmt":"2021-08-12T10:00:16","guid":{"rendered":"https:\/\/www.anovapeneira.gal\/?p=5924"},"modified":"2021-08-09T20:34:48","modified_gmt":"2021-08-09T18:34:48","slug":"o-neoplatonismo-e-a-estupidez","status":"publish","type":"post","link":"https:\/\/www.anovapeneira.gal\/index.php\/2021\/08\/12\/o-neoplatonismo-e-a-estupidez\/","title":{"rendered":"O neoplatonismo e a estupidez"},"content":{"rendered":"\n<figure class=\"wp-block-image size-large is-resized\"><img loading=\"lazy\" decoding=\"async\" src=\"https:\/\/www.anovapeneira.gal\/wp-content\/uploads\/2019\/05\/tino_lago_director_a_nova_peneira.jpg\" alt=\"Tino Lago director a Nova Peneira\" class=\"wp-image-189\" width=\"95\" height=\"111\"\/><figcaption>Tino Lago director a Nova Peneira<\/figcaption><\/figure>\n\n\n\n<p>Non, manter posici\u00f3ns intelectuais pr\u00f3ximas ao platonismo non ten nada que ver coa estupidez, desde logo que non. Pero citar a Plat\u00f3n sen telo lido nunca e sen comprender o que est\u00e1s citando, s\u00f3 porque pretendes aparentar un rigor e unha solvencia argumental, que non tes, si \u00e9 unha actitude manifestamente censurable, cando non simplemente est\u00fapida.<\/p>\n\n\n\n<p>Eu non son neoplat\u00f3nico, pero si lin a Plat\u00f3n, e lino tratando de comprendelo. Ao respecto dos seus textos a mi\u00f1a posici\u00f3n intelectual ,acertada ou errada, \u00e9 como todas a posteriori, pois procuro fuxir de interpretaci\u00f3ns emocionais e escapar dos \u201c asesores\u201d que preparan textos con citas buscadas coa intenci\u00f3n de xustificar apriorismos , con independencia de se o apriorismo \u00e9 unha xenialidade, unha imbecilidade ou unha inmoralidade .Este tipo de \u201casesores\u201d non fan outra cousa que exercer a deshonestidade intelectual e , xa que logo, denigrar calquera proxecto ao que asesoren por moi nobre que pareza o seu contido conceptual<\/p>\n\n\n\n<p>Non pretendo entrar nun debate en profundidade sobre filosof\u00eda, entre outras cousas porque non creo ter a capacidade necesaria para iso, pero si quixera dicir que, se cadra, a raz\u00f3n fundamental pola que lle te\u00f1o certa man\u00eda ao platonismo \u00e9 porque a s\u00faa concepci\u00f3n mental dual entre o metaf\u00edsico , mundo das ideas, e o f\u00edsico, mundo das cosas, \u00e9, ao meu xu\u00edzo, en parte responsable do triunfo do monote\u00edsmo cristi\u00e1n .As\u00ed o manifestaba por exemplo San Agust\u00edn que cr\u00eda que mediante Plat\u00f3n era posible artellar teoloxicamente a fe cristi\u00e1. E que lle queren, amigos e amigas, un pensa nas cruzadas, na inquisici\u00f3n, no franquismo&#8230;.e moita simpat\u00eda non \u00e9 que me provoque o cristianismo.<\/p>\n\n\n\n<p>Eu non son neoplat\u00f3nico creo que o esp\u00edrito \u00e9 unha consecuencia da materia ,finito como ela, e non d\u00faas realidades paralelas. A primeira perfecta, como dir\u00eda Plat\u00f3n e os neoplat\u00f3nicos galegos, e a segunda unha copia imperfecta, como dir\u00edan Plat\u00f3n e os neoplat\u00f3nicos galegos. Pero si son permeable a ser convencido argumentalmente se calquera dos neoplat\u00f3nicos da nosa comarca tivera a ben ilustrarme acerca da \u201cperfecci\u00f3n do mundo das ideas\u201d.<\/p>\n\n\n\n<p>Eu non son neoplat\u00f3nico, vou confesar o que son; un humilde cartesiano. Ref\u00edrome a un seguidor de parte do pensamento de Ren\u00e9 Descartes ,non a nada que te\u00f1a que ver coa compa\u00f1\u00eda de correos e tel\u00e9grafos( por aclarar aos neoplat\u00f3nicos que puideran confundir ser cartesiano coa afecci\u00f3n a escribir cartas).E manifesto a mi\u00f1a admiraci\u00f3n polo pensamento do franc\u00e9s concretamente no referente aquilo que dic\u00eda de \u201c dubido de todo, pero non podo dubidar de que dubido e se dubido e que penso e se penso \u00e9 que existo\u201d. Eu, como Descartes, tam\u00e9n dubido, non de todo, pero si de case todo. A mi\u00f1a vida \u00e9 o cami\u00f1o por unha autoestrada de d\u00fabidas e por unha corredoira de certezas entre as que hai algunhas como por exemplo as seguintes:<\/p>\n\n\n\n<p>-A pol\u00edtica \u00e9 unha actividade representativa, os cargos institucionais s\u00f3 son representantes da vontade colectiva das persoas que os escolleron<\/p>\n\n\n\n<p>-Ningu\u00e9n \u00e9 obrigado a participar en pol\u00edtica, quen o fai faino de maneira voluntaria<\/p>\n\n\n\n<p>-Cando se produce unha discordancia irreversible, entre o sentir individual e o colectivo, non hai m\u00e1is que unha posici\u00f3n \u00e9tica : dimitir, pois no caso contrario estariamos traizoando a confianza colectiva de quen confiou en n\u00f3s<\/p>\n\n\n\n<p>-Quen traizoa a confianza, non merece confianza.<\/p>\n","protected":false},"excerpt":{"rendered":"<div class=\"mh-excerpt\"><p>Non, manter posici\u00f3ns intelectuais pr\u00f3ximas ao platonismo non ten nada que ver coa estupidez, desde logo que non. Pero citar a Plat\u00f3n sen telo lido nunca e sen comprender o que est\u00e1s citando, s\u00f3 porque pretendes aparentar un rigor e unha solvencia argumental, que non tes, si \u00e9 unha actitude manifestamente censurable, cando non simplemente est\u00fapida <a class=\"mh-excerpt-more\" href=\"https:\/\/www.anovapeneira.gal\/index.php\/2021\/08\/12\/o-neoplatonismo-e-a-estupidez\/\" title=\"O neoplatonismo e a estupidez\">[&#8230;]<\/a><\/p>\n<\/div>","protected":false},"author":1,"featured_media":5926,"comment_status":"open","ping_status":"open","sticky":false,"template":"","format":"standard","meta":{"_exactmetrics_skip_tracking":false,"_exactmetrics_sitenote_active":false,"_exactmetrics_sitenote_note":"","_exactmetrics_sitenote_category":0,"footnotes":""},"categories":[61],"tags":[],"class_list":{"0":"post-5924","1":"post","2":"type-post","3":"status-publish","4":"format-standard","5":"has-post-thumbnail","7":"category-artigo-editorial"},"yoast_head":"<!-- This site is optimized with the Yoast SEO plugin v27.4 - https:\/\/yoast.com\/product\/yoast-seo-wordpress\/ -->\n<title>O neoplatonismo e a estupidez -<\/title>\n<meta name=\"description\" content=\"Non, manter posici\u00f3ns intelectuais pr\u00f3ximas ao platonismo non ten nada que ver coa estupidez, desde logo que non. Pero citar a Plat\u00f3n sen telo lido nunca e sen comprender o que est\u00e1s citando, s\u00f3 porque pretendes aparentar un rigor e unha solvencia argumental, que non tes, si \u00e9 unha actitude manifestamente censurable, cando non simplemente est\u00fapida\" \/>\n<meta name=\"robots\" content=\"index, follow, max-snippet:-1, max-image-preview:large, max-video-preview:-1\" \/>\n<link rel=\"canonical\" href=\"https:\/\/www.anovapeneira.gal\/index.php\/2021\/08\/12\/o-neoplatonismo-e-a-estupidez\/\" \/>\n<meta property=\"og:locale\" content=\"gl_ES\" \/>\n<meta property=\"og:type\" content=\"article\" \/>\n<meta property=\"og:title\" content=\"O neoplatonismo e a estupidez -\" \/>\n<meta property=\"og:description\" content=\"Non, manter posici\u00f3ns intelectuais pr\u00f3ximas ao platonismo non ten nada que ver coa estupidez, desde logo que non. Pero citar a Plat\u00f3n sen telo lido nunca e sen comprender o que est\u00e1s citando, s\u00f3 porque pretendes aparentar un rigor e unha solvencia argumental, que non tes, si \u00e9 unha actitude manifestamente censurable, cando non simplemente est\u00fapida\" \/>\n<meta property=\"og:url\" content=\"https:\/\/www.anovapeneira.gal\/index.php\/2021\/08\/12\/o-neoplatonismo-e-a-estupidez\/\" \/>\n<meta property=\"article:publisher\" content=\"https:\/\/www.facebook.com\/anovapeneira\" \/>\n<meta property=\"article:author\" content=\"https:\/\/www.facebook.com\/anovapeneira\/\" \/>\n<meta property=\"article:published_time\" content=\"2021-08-12T10:00:16+00:00\" \/>\n<meta property=\"og:image\" content=\"https:\/\/www.anovapeneira.gal\/wp-content\/uploads\/2021\/08\/pensador_rodin.jpg\" \/>\n\t<meta property=\"og:image:width\" content=\"720\" \/>\n\t<meta property=\"og:image:height\" content=\"432\" \/>\n\t<meta property=\"og:image:type\" content=\"image\/jpeg\" \/>\n<meta name=\"author\" content=\"admin\" \/>\n<meta name=\"twitter:card\" content=\"summary_large_image\" \/>\n<meta name=\"twitter:image\" content=\"https:\/\/www.anovapeneira.gal\/wp-content\/uploads\/2021\/08\/pensador_rodin.jpg\" \/>\n<meta name=\"twitter:creator\" content=\"@APeneira\" \/>\n<meta name=\"twitter:site\" content=\"@APeneira\" \/>\n<meta name=\"twitter:label1\" content=\"Escrito por\" \/>\n\t<meta name=\"twitter:data1\" content=\"admin\" \/>\n\t<meta name=\"twitter:label2\" content=\"Tempo de lectura\" \/>\n\t<meta name=\"twitter:data2\" content=\"3 minutos\" \/>\n<script type=\"application\/ld+json\" class=\"yoast-schema-graph\">{\"@context\":\"https:\\\/\\\/schema.org\",\"@graph\":[{\"@type\":\"Article\",\"@id\":\"https:\\\/\\\/www.anovapeneira.gal\\\/index.php\\\/2021\\\/08\\\/12\\\/o-neoplatonismo-e-a-estupidez\\\/#article\",\"isPartOf\":{\"@id\":\"https:\\\/\\\/www.anovapeneira.gal\\\/index.php\\\/2021\\\/08\\\/12\\\/o-neoplatonismo-e-a-estupidez\\\/\"},\"author\":{\"name\":\"admin\",\"@id\":\"https:\\\/\\\/www.anovapeneira.gal\\\/#\\\/schema\\\/person\\\/fb77575328c93684dae4b0075f90c2cb\"},\"headline\":\"O neoplatonismo e a estupidez\",\"datePublished\":\"2021-08-12T10:00:16+00:00\",\"mainEntityOfPage\":{\"@id\":\"https:\\\/\\\/www.anovapeneira.gal\\\/index.php\\\/2021\\\/08\\\/12\\\/o-neoplatonismo-e-a-estupidez\\\/\"},\"wordCount\":601,\"commentCount\":0,\"publisher\":{\"@id\":\"https:\\\/\\\/www.anovapeneira.gal\\\/#organization\"},\"image\":{\"@id\":\"https:\\\/\\\/www.anovapeneira.gal\\\/index.php\\\/2021\\\/08\\\/12\\\/o-neoplatonismo-e-a-estupidez\\\/#primaryimage\"},\"thumbnailUrl\":\"https:\\\/\\\/www.anovapeneira.gal\\\/wp-content\\\/uploads\\\/2021\\\/08\\\/pensador_rodin.jpg\",\"articleSection\":[\"Artigo editorial\"],\"inLanguage\":\"gl-ES\",\"potentialAction\":[{\"@type\":\"CommentAction\",\"name\":\"Comment\",\"target\":[\"https:\\\/\\\/www.anovapeneira.gal\\\/index.php\\\/2021\\\/08\\\/12\\\/o-neoplatonismo-e-a-estupidez\\\/#respond\"]}]},{\"@type\":\"WebPage\",\"@id\":\"https:\\\/\\\/www.anovapeneira.gal\\\/index.php\\\/2021\\\/08\\\/12\\\/o-neoplatonismo-e-a-estupidez\\\/\",\"url\":\"https:\\\/\\\/www.anovapeneira.gal\\\/index.php\\\/2021\\\/08\\\/12\\\/o-neoplatonismo-e-a-estupidez\\\/\",\"name\":\"O neoplatonismo e a estupidez -\",\"isPartOf\":{\"@id\":\"https:\\\/\\\/www.anovapeneira.gal\\\/#website\"},\"primaryImageOfPage\":{\"@id\":\"https:\\\/\\\/www.anovapeneira.gal\\\/index.php\\\/2021\\\/08\\\/12\\\/o-neoplatonismo-e-a-estupidez\\\/#primaryimage\"},\"image\":{\"@id\":\"https:\\\/\\\/www.anovapeneira.gal\\\/index.php\\\/2021\\\/08\\\/12\\\/o-neoplatonismo-e-a-estupidez\\\/#primaryimage\"},\"thumbnailUrl\":\"https:\\\/\\\/www.anovapeneira.gal\\\/wp-content\\\/uploads\\\/2021\\\/08\\\/pensador_rodin.jpg\",\"datePublished\":\"2021-08-12T10:00:16+00:00\",\"description\":\"Non, manter posici\u00f3ns intelectuais pr\u00f3ximas ao platonismo non ten nada que ver coa estupidez, desde logo que non. Pero citar a Plat\u00f3n sen telo lido nunca e sen comprender o que est\u00e1s citando, s\u00f3 porque pretendes aparentar un rigor e unha solvencia argumental, que non tes, si \u00e9 unha actitude manifestamente censurable, cando non simplemente est\u00fapida\",\"breadcrumb\":{\"@id\":\"https:\\\/\\\/www.anovapeneira.gal\\\/index.php\\\/2021\\\/08\\\/12\\\/o-neoplatonismo-e-a-estupidez\\\/#breadcrumb\"},\"inLanguage\":\"gl-ES\",\"potentialAction\":[{\"@type\":\"ReadAction\",\"target\":[\"https:\\\/\\\/www.anovapeneira.gal\\\/index.php\\\/2021\\\/08\\\/12\\\/o-neoplatonismo-e-a-estupidez\\\/\"]}]},{\"@type\":\"ImageObject\",\"inLanguage\":\"gl-ES\",\"@id\":\"https:\\\/\\\/www.anovapeneira.gal\\\/index.php\\\/2021\\\/08\\\/12\\\/o-neoplatonismo-e-a-estupidez\\\/#primaryimage\",\"url\":\"https:\\\/\\\/www.anovapeneira.gal\\\/wp-content\\\/uploads\\\/2021\\\/08\\\/pensador_rodin.jpg\",\"contentUrl\":\"https:\\\/\\\/www.anovapeneira.gal\\\/wp-content\\\/uploads\\\/2021\\\/08\\\/pensador_rodin.jpg\",\"width\":720,\"height\":432,\"caption\":\"Pensador Rodin\"},{\"@type\":\"BreadcrumbList\",\"@id\":\"https:\\\/\\\/www.anovapeneira.gal\\\/index.php\\\/2021\\\/08\\\/12\\\/o-neoplatonismo-e-a-estupidez\\\/#breadcrumb\",\"itemListElement\":[{\"@type\":\"ListItem\",\"position\":1,\"name\":\"Portada\",\"item\":\"https:\\\/\\\/www.anovapeneira.gal\\\/\"},{\"@type\":\"ListItem\",\"position\":2,\"name\":\"O neoplatonismo e a estupidez\"}]},{\"@type\":\"WebSite\",\"@id\":\"https:\\\/\\\/www.anovapeneira.gal\\\/#website\",\"url\":\"https:\\\/\\\/www.anovapeneira.gal\\\/\",\"name\":\"\",\"description\":\"Xornal galego de informaci\u00f3n xeral Publicaci\u00f3n mensual de novas de Galicia e en especial dos Concellos da sur da provincia de Pontevedra.\",\"publisher\":{\"@id\":\"https:\\\/\\\/www.anovapeneira.gal\\\/#organization\"},\"potentialAction\":[{\"@type\":\"SearchAction\",\"target\":{\"@type\":\"EntryPoint\",\"urlTemplate\":\"https:\\\/\\\/www.anovapeneira.gal\\\/?s={search_term_string}\"},\"query-input\":{\"@type\":\"PropertyValueSpecification\",\"valueRequired\":true,\"valueName\":\"search_term_string\"}}],\"inLanguage\":\"gl-ES\"},{\"@type\":\"Organization\",\"@id\":\"https:\\\/\\\/www.anovapeneira.gal\\\/#organization\",\"name\":\"A Nova Peneira\",\"url\":\"https:\\\/\\\/www.anovapeneira.gal\\\/\",\"logo\":{\"@type\":\"ImageObject\",\"inLanguage\":\"gl-ES\",\"@id\":\"https:\\\/\\\/www.anovapeneira.gal\\\/#\\\/schema\\\/logo\\\/image\\\/\",\"url\":\"http:\\\/\\\/www.anovapeneira.gal\\\/wp-content\\\/uploads\\\/2019\\\/06\\\/logo_a_nova_peneira_portal_web.png\",\"contentUrl\":\"http:\\\/\\\/www.anovapeneira.gal\\\/wp-content\\\/uploads\\\/2019\\\/06\\\/logo_a_nova_peneira_portal_web.png\",\"width\":300,\"height\":100,\"caption\":\"A Nova Peneira\"},\"image\":{\"@id\":\"https:\\\/\\\/www.anovapeneira.gal\\\/#\\\/schema\\\/logo\\\/image\\\/\"},\"sameAs\":[\"https:\\\/\\\/www.facebook.com\\\/anovapeneira\",\"https:\\\/\\\/x.com\\\/APeneira\"]},{\"@type\":\"Person\",\"@id\":\"https:\\\/\\\/www.anovapeneira.gal\\\/#\\\/schema\\\/person\\\/fb77575328c93684dae4b0075f90c2cb\",\"name\":\"admin\",\"image\":{\"@type\":\"ImageObject\",\"inLanguage\":\"gl-ES\",\"@id\":\"https:\\\/\\\/secure.gravatar.com\\\/avatar\\\/df15c36ce375448325e0bc870e91bbee95947a002eb98dcfd6c2b053e18843e9?s=96&d=mm&r=g\",\"url\":\"https:\\\/\\\/secure.gravatar.com\\\/avatar\\\/df15c36ce375448325e0bc870e91bbee95947a002eb98dcfd6c2b053e18843e9?s=96&d=mm&r=g\",\"contentUrl\":\"https:\\\/\\\/secure.gravatar.com\\\/avatar\\\/df15c36ce375448325e0bc870e91bbee95947a002eb98dcfd6c2b053e18843e9?s=96&d=mm&r=g\",\"caption\":\"admin\"},\"description\":\"Xornal galego de informaci\u00f3n xeral Publicaci\u00f3n mensual de novas de Galicia e en especial dos Concellos da sur da provincia de Pontevedra.\",\"sameAs\":[\"http:\\\/\\\/www.anovapeneira.gal\\\/\",\"https:\\\/\\\/www.facebook.com\\\/anovapeneira\\\/\"],\"url\":\"https:\\\/\\\/www.anovapeneira.gal\\\/index.php\\\/author\\\/admin\\\/\"}]}<\/script>\n<!-- \/ Yoast SEO plugin. -->","yoast_head_json":{"title":"O neoplatonismo e a estupidez -","description":"Non, manter posici\u00f3ns intelectuais pr\u00f3ximas ao platonismo non ten nada que ver coa estupidez, desde logo que non. Pero citar a Plat\u00f3n sen telo lido nunca e sen comprender o que est\u00e1s citando, s\u00f3 porque pretendes aparentar un rigor e unha solvencia argumental, que non tes, si \u00e9 unha actitude manifestamente censurable, cando non simplemente est\u00fapida","robots":{"index":"index","follow":"follow","max-snippet":"max-snippet:-1","max-image-preview":"max-image-preview:large","max-video-preview":"max-video-preview:-1"},"canonical":"https:\/\/www.anovapeneira.gal\/index.php\/2021\/08\/12\/o-neoplatonismo-e-a-estupidez\/","og_locale":"gl_ES","og_type":"article","og_title":"O neoplatonismo e a estupidez -","og_description":"Non, manter posici\u00f3ns intelectuais pr\u00f3ximas ao platonismo non ten nada que ver coa estupidez, desde logo que non. Pero citar a Plat\u00f3n sen telo lido nunca e sen comprender o que est\u00e1s citando, s\u00f3 porque pretendes aparentar un rigor e unha solvencia argumental, que non tes, si \u00e9 unha actitude manifestamente censurable, cando non simplemente est\u00fapida","og_url":"https:\/\/www.anovapeneira.gal\/index.php\/2021\/08\/12\/o-neoplatonismo-e-a-estupidez\/","article_publisher":"https:\/\/www.facebook.com\/anovapeneira","article_author":"https:\/\/www.facebook.com\/anovapeneira\/","article_published_time":"2021-08-12T10:00:16+00:00","og_image":[{"width":720,"height":432,"url":"https:\/\/www.anovapeneira.gal\/wp-content\/uploads\/2021\/08\/pensador_rodin.jpg","type":"image\/jpeg"}],"author":"admin","twitter_card":"summary_large_image","twitter_image":"https:\/\/www.anovapeneira.gal\/wp-content\/uploads\/2021\/08\/pensador_rodin.jpg","twitter_creator":"@APeneira","twitter_site":"@APeneira","twitter_misc":{"Escrito por":"admin","Tempo de lectura":"3 minutos"},"schema":{"@context":"https:\/\/schema.org","@graph":[{"@type":"Article","@id":"https:\/\/www.anovapeneira.gal\/index.php\/2021\/08\/12\/o-neoplatonismo-e-a-estupidez\/#article","isPartOf":{"@id":"https:\/\/www.anovapeneira.gal\/index.php\/2021\/08\/12\/o-neoplatonismo-e-a-estupidez\/"},"author":{"name":"admin","@id":"https:\/\/www.anovapeneira.gal\/#\/schema\/person\/fb77575328c93684dae4b0075f90c2cb"},"headline":"O neoplatonismo e a estupidez","datePublished":"2021-08-12T10:00:16+00:00","mainEntityOfPage":{"@id":"https:\/\/www.anovapeneira.gal\/index.php\/2021\/08\/12\/o-neoplatonismo-e-a-estupidez\/"},"wordCount":601,"commentCount":0,"publisher":{"@id":"https:\/\/www.anovapeneira.gal\/#organization"},"image":{"@id":"https:\/\/www.anovapeneira.gal\/index.php\/2021\/08\/12\/o-neoplatonismo-e-a-estupidez\/#primaryimage"},"thumbnailUrl":"https:\/\/www.anovapeneira.gal\/wp-content\/uploads\/2021\/08\/pensador_rodin.jpg","articleSection":["Artigo editorial"],"inLanguage":"gl-ES","potentialAction":[{"@type":"CommentAction","name":"Comment","target":["https:\/\/www.anovapeneira.gal\/index.php\/2021\/08\/12\/o-neoplatonismo-e-a-estupidez\/#respond"]}]},{"@type":"WebPage","@id":"https:\/\/www.anovapeneira.gal\/index.php\/2021\/08\/12\/o-neoplatonismo-e-a-estupidez\/","url":"https:\/\/www.anovapeneira.gal\/index.php\/2021\/08\/12\/o-neoplatonismo-e-a-estupidez\/","name":"O neoplatonismo e a estupidez -","isPartOf":{"@id":"https:\/\/www.anovapeneira.gal\/#website"},"primaryImageOfPage":{"@id":"https:\/\/www.anovapeneira.gal\/index.php\/2021\/08\/12\/o-neoplatonismo-e-a-estupidez\/#primaryimage"},"image":{"@id":"https:\/\/www.anovapeneira.gal\/index.php\/2021\/08\/12\/o-neoplatonismo-e-a-estupidez\/#primaryimage"},"thumbnailUrl":"https:\/\/www.anovapeneira.gal\/wp-content\/uploads\/2021\/08\/pensador_rodin.jpg","datePublished":"2021-08-12T10:00:16+00:00","description":"Non, manter posici\u00f3ns intelectuais pr\u00f3ximas ao platonismo non ten nada que ver coa estupidez, desde logo que non. Pero citar a Plat\u00f3n sen telo lido nunca e sen comprender o que est\u00e1s citando, s\u00f3 porque pretendes aparentar un rigor e unha solvencia argumental, que non tes, si \u00e9 unha actitude manifestamente censurable, cando non simplemente est\u00fapida","breadcrumb":{"@id":"https:\/\/www.anovapeneira.gal\/index.php\/2021\/08\/12\/o-neoplatonismo-e-a-estupidez\/#breadcrumb"},"inLanguage":"gl-ES","potentialAction":[{"@type":"ReadAction","target":["https:\/\/www.anovapeneira.gal\/index.php\/2021\/08\/12\/o-neoplatonismo-e-a-estupidez\/"]}]},{"@type":"ImageObject","inLanguage":"gl-ES","@id":"https:\/\/www.anovapeneira.gal\/index.php\/2021\/08\/12\/o-neoplatonismo-e-a-estupidez\/#primaryimage","url":"https:\/\/www.anovapeneira.gal\/wp-content\/uploads\/2021\/08\/pensador_rodin.jpg","contentUrl":"https:\/\/www.anovapeneira.gal\/wp-content\/uploads\/2021\/08\/pensador_rodin.jpg","width":720,"height":432,"caption":"Pensador Rodin"},{"@type":"BreadcrumbList","@id":"https:\/\/www.anovapeneira.gal\/index.php\/2021\/08\/12\/o-neoplatonismo-e-a-estupidez\/#breadcrumb","itemListElement":[{"@type":"ListItem","position":1,"name":"Portada","item":"https:\/\/www.anovapeneira.gal\/"},{"@type":"ListItem","position":2,"name":"O neoplatonismo e a estupidez"}]},{"@type":"WebSite","@id":"https:\/\/www.anovapeneira.gal\/#website","url":"https:\/\/www.anovapeneira.gal\/","name":"","description":"Xornal galego de informaci\u00f3n xeral Publicaci\u00f3n mensual de novas de Galicia e en especial dos Concellos da sur da provincia de Pontevedra.","publisher":{"@id":"https:\/\/www.anovapeneira.gal\/#organization"},"potentialAction":[{"@type":"SearchAction","target":{"@type":"EntryPoint","urlTemplate":"https:\/\/www.anovapeneira.gal\/?s={search_term_string}"},"query-input":{"@type":"PropertyValueSpecification","valueRequired":true,"valueName":"search_term_string"}}],"inLanguage":"gl-ES"},{"@type":"Organization","@id":"https:\/\/www.anovapeneira.gal\/#organization","name":"A Nova Peneira","url":"https:\/\/www.anovapeneira.gal\/","logo":{"@type":"ImageObject","inLanguage":"gl-ES","@id":"https:\/\/www.anovapeneira.gal\/#\/schema\/logo\/image\/","url":"http:\/\/www.anovapeneira.gal\/wp-content\/uploads\/2019\/06\/logo_a_nova_peneira_portal_web.png","contentUrl":"http:\/\/www.anovapeneira.gal\/wp-content\/uploads\/2019\/06\/logo_a_nova_peneira_portal_web.png","width":300,"height":100,"caption":"A Nova Peneira"},"image":{"@id":"https:\/\/www.anovapeneira.gal\/#\/schema\/logo\/image\/"},"sameAs":["https:\/\/www.facebook.com\/anovapeneira","https:\/\/x.com\/APeneira"]},{"@type":"Person","@id":"https:\/\/www.anovapeneira.gal\/#\/schema\/person\/fb77575328c93684dae4b0075f90c2cb","name":"admin","image":{"@type":"ImageObject","inLanguage":"gl-ES","@id":"https:\/\/secure.gravatar.com\/avatar\/df15c36ce375448325e0bc870e91bbee95947a002eb98dcfd6c2b053e18843e9?s=96&d=mm&r=g","url":"https:\/\/secure.gravatar.com\/avatar\/df15c36ce375448325e0bc870e91bbee95947a002eb98dcfd6c2b053e18843e9?s=96&d=mm&r=g","contentUrl":"https:\/\/secure.gravatar.com\/avatar\/df15c36ce375448325e0bc870e91bbee95947a002eb98dcfd6c2b053e18843e9?s=96&d=mm&r=g","caption":"admin"},"description":"Xornal galego de informaci\u00f3n xeral Publicaci\u00f3n mensual de novas de Galicia e en especial dos Concellos da sur da provincia de Pontevedra.","sameAs":["http:\/\/www.anovapeneira.gal\/","https:\/\/www.facebook.com\/anovapeneira\/"],"url":"https:\/\/www.anovapeneira.gal\/index.php\/author\/admin\/"}]}},"jetpack_featured_media_url":"https:\/\/www.anovapeneira.gal\/wp-content\/uploads\/2021\/08\/pensador_rodin.jpg","_links":{"self":[{"href":"https:\/\/www.anovapeneira.gal\/index.php\/wp-json\/wp\/v2\/posts\/5924","targetHints":{"allow":["GET"]}}],"collection":[{"href":"https:\/\/www.anovapeneira.gal\/index.php\/wp-json\/wp\/v2\/posts"}],"about":[{"href":"https:\/\/www.anovapeneira.gal\/index.php\/wp-json\/wp\/v2\/types\/post"}],"author":[{"embeddable":true,"href":"https:\/\/www.anovapeneira.gal\/index.php\/wp-json\/wp\/v2\/users\/1"}],"replies":[{"embeddable":true,"href":"https:\/\/www.anovapeneira.gal\/index.php\/wp-json\/wp\/v2\/comments?post=5924"}],"version-history":[{"count":1,"href":"https:\/\/www.anovapeneira.gal\/index.php\/wp-json\/wp\/v2\/posts\/5924\/revisions"}],"predecessor-version":[{"id":5925,"href":"https:\/\/www.anovapeneira.gal\/index.php\/wp-json\/wp\/v2\/posts\/5924\/revisions\/5925"}],"wp:featuredmedia":[{"embeddable":true,"href":"https:\/\/www.anovapeneira.gal\/index.php\/wp-json\/wp\/v2\/media\/5926"}],"wp:attachment":[{"href":"https:\/\/www.anovapeneira.gal\/index.php\/wp-json\/wp\/v2\/media?parent=5924"}],"wp:term":[{"taxonomy":"category","embeddable":true,"href":"https:\/\/www.anovapeneira.gal\/index.php\/wp-json\/wp\/v2\/categories?post=5924"},{"taxonomy":"post_tag","embeddable":true,"href":"https:\/\/www.anovapeneira.gal\/index.php\/wp-json\/wp\/v2\/tags?post=5924"}],"curies":[{"name":"wp","href":"https:\/\/api.w.org\/{rel}","templated":true}]}}