{"id":5927,"date":"2021-08-13T10:00:13","date_gmt":"2021-08-13T08:00:13","guid":{"rendered":"https:\/\/www.anovapeneira.gal\/?p=5927"},"modified":"2021-08-09T20:35:30","modified_gmt":"2021-08-09T18:35:30","slug":"anxo-lusquinos-presidente-da-anpa-do-ies-mendino-de-redondela","status":"publish","type":"post","link":"https:\/\/www.anovapeneira.gal\/index.php\/2021\/08\/13\/anxo-lusquinos-presidente-da-anpa-do-ies-mendino-de-redondela\/","title":{"rendered":"Anxo Lusqui\u00f1os presidente da ANPA do IES Mendi\u00f1o de Redondela"},"content":{"rendered":"\n<pre class=\"wp-block-verse\"><strong>Marcos Santos<\/strong><\/pre>\n\n\n\n<p><strong>En Redondela existe unha hist\u00f3rica demanda social sobre a necesidade de que se lle conceda \u00e1 Vila o Bacharelato de artes, pois non se imparte en ning\u00fan dos seus catro institutos e os alumnos e alumnas que o desexen cursar non te\u00f1en m\u00e1is remedio que desprazarse a outras localidades .Un dos colectivos que pelexa con intensidade por corrixir esa situaci\u00f3n inxusta \u00e9 a ANPA do IES Mendi\u00f1o. N\u00f3s falamos con Anxo, o seu presidente<\/strong><\/p>\n\n\n\n<p>\u201c<strong>Que en Mos haxa bacharelato de artes e en Redondela non, parece indicar que a alcaldesa de Mos ten m\u00e1is capacidade para influ\u00edr na Xunta da que deben de ter os deputados Javier Bas e Alberto Pazos\u201d<\/strong><\/p>\n\n\n\n<p><strong>De onde es ti Anxo?<\/strong><\/p>\n\n\n\n<blockquote class=\"wp-block-quote is-layout-flow wp-block-quote-is-layout-flow\"><p>Eu son da parroquia do Viso<\/p><\/blockquote>\n\n\n\n<p><strong>Canto tempo levas como presidente da Anpa?<\/strong><\/p>\n\n\n\n<blockquote class=\"wp-block-quote is-layout-flow wp-block-quote-is-layout-flow\"><p>Cando a mi\u00f1a filla entrou no instituto, no ano 2.018 non hab\u00eda Anpa pois por distintas circunstancias a anterior desfix\u00e9rase. A mediados do curso houbo unha problem\u00e1tica importante co transporte xa que quixeron impedir aos rapaces e rapazas de bacharelato o uso dos autobuses<\/p><\/blockquote>\n\n\n\n<p><strong>O alumnado do IES Mendi\u00f1o \u00e9 maioritariamente de onde?<\/strong><\/p>\n\n\n\n<blockquote class=\"wp-block-quote is-layout-flow wp-block-quote-is-layout-flow\"><p>Maioritaramente das parroquias de Redondela. Ag\u00e1s Chapela, Reboreda e Ventosela todas as demais parroquias van ao Mendi\u00f1o. O IES consta de arredor de 420 alumn@s. Pois ben a ra\u00edz daquela problem\u00e1tica en concreto decidimos formar a Anpa. Eu entrei como presidente e de momento sigo.<\/p><\/blockquote>\n\n\n\n<p><strong>Ese conflito est\u00e1 resolto?<\/strong><\/p>\n\n\n\n<blockquote class=\"wp-block-quote is-layout-flow wp-block-quote-is-layout-flow\"><p>Si, despois de moitas protestas conseguimos que a Conseller\u00eda volvese admitir ao alumnado de bacharelato no transporte p\u00fablico.<\/p><\/blockquote>\n\n\n\n<p><strong>Costou moito resolvelo?<\/strong><\/p>\n\n\n\n<blockquote class=\"wp-block-quote is-layout-flow wp-block-quote-is-layout-flow\"><p>Si, a verdade \u00e9 que si.<\/p><\/blockquote>\n\n\n\n<p><strong>Naquel momento, no ano 2018, O PP gobernaba o concello de Redondela, que posici\u00f3n tomou o goberno municipal ao respecto deste conflito do transporte?<\/strong><\/p>\n\n\n\n<blockquote class=\"wp-block-quote is-layout-flow wp-block-quote-is-layout-flow\"><p>Non tivemos ning\u00fan apoio do goberno de Javier Bas<\/p><\/blockquote>\n\n\n\n<p><strong>Pero falastes con eles?<\/strong><\/p>\n\n\n\n<blockquote class=\"wp-block-quote is-layout-flow wp-block-quote-is-layout-flow\"><p>Si claro. Ped\u00edmoslles que nos conseguiran unha entrevista coa inspecci\u00f3n en Pontevedra e non fixeron ningunha xesti\u00f3n. Tivemos que ser n\u00f3s, as propias familias, as que fomos a Pontevedra a procurar a entrevista.<\/p><\/blockquote>\n\n\n\n<p><strong>Como foi esa xuntanza en inspecci\u00f3n?<\/strong><\/p>\n\n\n\n<blockquote class=\"wp-block-quote is-layout-flow wp-block-quote-is-layout-flow\"><p>Bastante tensa, non nos quer\u00edan deixar entrar. Incluso ameazaron con mandarnos \u00e1 seguridade, pero finalmente ante a nosa insistencia atend\u00e9ronos<strong>.<\/strong><\/p><\/blockquote>\n\n\n\n<p><strong>Antes de entrar no tema principal quero preguntarche se hai alg\u00fan outro problema salientable co que a Anpa que presides tivera que lidar nestes anos?<\/strong><\/p>\n\n\n\n<blockquote class=\"wp-block-quote is-layout-flow wp-block-quote-is-layout-flow\"><p>Si, e xa foi con este goberno. En concreto durante o confinamento n\u00f3s detectamos que bastantes alumnos non dispu\u00f1an de impresoras nas s\u00faas casas, o que lles imped\u00eda desenvolver os traballos que lles demandaban os seus profesores e profesoras. N\u00f3s ped\u00edmoslle a concelleira de ensino que imprimise eses traballos e non o fixo, o que foi moi unha decepci\u00f3n para n\u00f3s. Tivemos que imprimir eses traballos n\u00f3s, membros da anpa, cos nosos propios medios.<\/p><\/blockquote>\n\n\n\n<p><strong>Ben, despois desta introduci\u00f3n \u201chist\u00f3rica\u201d sobre o voso traballo, imos entrar na cerna da entrevista; que pasa co bacharelato de artes?<\/strong><\/p>\n\n\n\n<blockquote class=\"wp-block-quote is-layout-flow wp-block-quote-is-layout-flow\"><p>En Redondela hai unha demanda hist\u00f3rica para que se imparta ese bacharelato que non existe en ning\u00fan dos catro institutos da nosa localidade. Somos o 4\u00ba Concello da provincia e considero que esa deficiencia \u00e9 unha clara discriminaci\u00f3n cara a veci\u00f1anza de Redondela<\/p><\/blockquote>\n\n\n\n<p><strong>Como fan os rapaces e rapazas de Redondela que o quere cursar?<\/strong><\/p>\n\n\n\n<blockquote class=\"wp-block-quote is-layout-flow wp-block-quote-is-layout-flow\"><p>Te\u00f1en que desprazarse a Vigo, ou a Pontevedra ou ben a Mos<\/p><\/blockquote>\n\n\n\n<p><strong>A Mos\u00a1\u00a1, pero se Mos ten arredor da metade de habitantes que Redondela\u00a1\u00a1.Quero dicir, par\u00e9ceme xenial que o haxa en Mos, pero moi estra\u00f1o que al\u00ed si e en Redondela non..<\/strong><\/p>\n\n\n\n<blockquote class=\"wp-block-quote is-layout-flow wp-block-quote-is-layout-flow\"><p>Xa, a min tam\u00e9n. Ser\u00e1 que a s\u00faa alcaldesa ten m\u00e1is capacidade para influ\u00edr na Xunta da que a te\u00f1en o deputado Javier Bas ou o deputado Alberto Pazos.<\/p><\/blockquote>\n\n\n\n<p><strong>Supo\u00f1o que para alg\u00fans alumnos e alumnas non debe de ser nada f\u00e1cil?<\/strong><\/p>\n\n\n\n<blockquote class=\"wp-block-quote is-layout-flow wp-block-quote-is-layout-flow\"><p>E tanto que \u00e9 dif\u00edcil. Hai alg\u00fans que te\u00f1en que erguerse \u00e1s 6 da ma\u00f1\u00e1 pois precisan coller ata tres autobuses diferentes para chegar ao seu instituto<\/p><\/blockquote>\n\n\n\n<p><strong>Por que canles tedes transmitido esta demanda?<\/strong><\/p>\n\n\n\n<blockquote class=\"wp-block-quote is-layout-flow wp-block-quote-is-layout-flow\"><p>Hai un acordo un\u00e1nime do consello escolar municipal formado por representantes de todos os grupos pol\u00edticos e de todo o que \u00e9 o mundo educativo de Redondela. Fixemos mobilizaci\u00f3ns e p\u00faxose en contacto con n\u00f3s o deputado do BNG Manu Lourenzo<\/p><\/blockquote>\n\n\n\n<p><strong>El foi profesor no IES Mendinho non?<\/strong><\/p>\n\n\n\n<blockquote class=\"wp-block-quote is-layout-flow wp-block-quote-is-layout-flow\"><p>Si, e co\u00f1ece de primeira man esta demanda cuxa resoluci\u00f3n positiva que ser\u00eda beneficiosa para toda a comarca. Este deputado levou o tema ao parlamento en concreto o 7 de maio. Pero por desgraza na comisi\u00f3n que se tratou non sa\u00edu<\/p><\/blockquote>\n\n\n\n<p><strong>O PP votou en contra?<\/strong><\/p>\n\n\n\n<blockquote class=\"wp-block-quote is-layout-flow wp-block-quote-is-layout-flow\"><p>Si<\/p><\/blockquote>\n\n\n\n<p><strong>Vaia. Non ser\u00eda Alberto Pazos quen defendeu o voto en contra?<\/strong><\/p>\n\n\n\n<blockquote class=\"wp-block-quote is-layout-flow wp-block-quote-is-layout-flow\"><p>Non, foi unha deputada de Mos. Ela , que no seu concello si ten ese bacharelato, chegou a dicir que en Redondela non exist\u00eda demanda, algo indefendible<\/p><\/blockquote>\n\n\n\n<p><strong>Honestamente; Existe demanda suficiente para que a Redondela lle dean ese bacharelato?<\/strong><\/p>\n\n\n\n<blockquote class=\"wp-block-quote is-layout-flow wp-block-quote-is-layout-flow\"><p>Si, radicalmente si. No curso 2.019\/20 houbo arredor de 30 alumnos e alumnas de Redondela facendo ese bacharelato f\u00f3ra do noso concello. E isto \u00e9 como todo ; ao non telo ofertado alg\u00fans rapaces e rapazas que o queren cursar non o fan, prefiren matricularse noutro que desprazarse de concello.<\/p><\/blockquote>\n\n\n\n<p><strong>Que fixestes despois de que a comisi\u00f3n parlamentar non aceptase conceder a Redondela o bacharelato de artes?<\/strong><\/p>\n\n\n\n<blockquote class=\"wp-block-quote is-layout-flow wp-block-quote-is-layout-flow\"><p>Decidimos presentar unha moci\u00f3n que foi avalada por todas as anpas de Redondela, as 14 que hai sen ningunha excepci\u00f3n. A moci\u00f3n foi defendida por unha moza que, se non cambia nada, vai ter que ir f\u00f3ra de Redondela a facer ese bacharelato<\/p><\/blockquote>\n\n\n\n<p><strong>Que votou o PP de Redondela no pleno?<\/strong><\/p>\n\n\n\n<blockquote class=\"wp-block-quote is-layout-flow wp-block-quote-is-layout-flow\"><p>Votou a favor ao igual que todos os demais. Incluso no seu discurso manifestou compartir a necesidade de que a Redondela se lle concedese o bacharelato de artes. Despois desa moci\u00f3n o deputado que antes che comentei volveu a p\u00f3rse en contacto con n\u00f3s para presentar de novo a proposta. N\u00f3s non entenderiamos que o PP vote unha cousa en Redondela e a que puidera votar a contraria en Santiago. Ser\u00eda inexplicable. E estamos moi confiados en obter unha resposta positiva.<\/p><\/blockquote>\n","protected":false},"excerpt":{"rendered":"<div class=\"mh-excerpt\"><p>En Redondela existe unha hist\u00f3rica demanda social sobre a necesidade de que se lle conceda \u00e1 Vila o Bacharelato de artes, pois non se imparte en ning\u00fan dos seus catro institutos e os alumnos e alumnas que o desexen cursar non te\u00f1en m\u00e1is remedio que desprazarse a outras localidades .Un dos colectivos que pelexa con intensidade por corrixir esa situaci\u00f3n inxusta \u00e9 a ANPA do IES Mendi\u00f1o. N\u00f3s falamos con Anxo, o seu presidente <a class=\"mh-excerpt-more\" href=\"https:\/\/www.anovapeneira.gal\/index.php\/2021\/08\/13\/anxo-lusquinos-presidente-da-anpa-do-ies-mendino-de-redondela\/\" title=\"Anxo Lusqui\u00f1os presidente da ANPA do IES Mendi\u00f1o de Redondela\">[&#8230;]<\/a><\/p>\n<\/div>","protected":false},"author":6,"featured_media":5928,"comment_status":"open","ping_status":"open","sticky":false,"template":"","format":"standard","meta":{"_exactmetrics_skip_tracking":false,"_exactmetrics_sitenote_active":false,"_exactmetrics_sitenote_note":"","_exactmetrics_sitenote_category":0,"footnotes":""},"categories":[270],"tags":[171],"class_list":{"0":"post-5927","1":"post","2":"type-post","3":"status-publish","4":"format-standard","5":"has-post-thumbnail","7":"category-redondela-entrevistas","8":"tag-concello-de-redondela"},"yoast_head":"<!-- This site is optimized with the Yoast SEO plugin v27.4 - https:\/\/yoast.com\/product\/yoast-seo-wordpress\/ -->\n<title>Anxo Lusqui\u00f1os presidente da ANPA do IES Mendi\u00f1o de Redondela -<\/title>\n<meta name=\"description\" content=\"En Redondela existe unha hist\u00f3rica demanda social sobre a necesidade de que se lle conceda \u00e1 Vila o Bacharelato de artes, pois non se imparte en ning\u00fan dos seus catro institutos e os alumnos e alumnas que o desexen cursar non te\u00f1en m\u00e1is remedio que desprazarse a outras localidades .Un dos colectivos que pelexa con intensidade por corrixir esa situaci\u00f3n inxusta \u00e9 a ANPA do IES Mendi\u00f1o. N\u00f3s falamos con Anxo, o seu presidente\" \/>\n<meta name=\"robots\" content=\"index, follow, max-snippet:-1, max-image-preview:large, max-video-preview:-1\" \/>\n<link rel=\"canonical\" href=\"https:\/\/www.anovapeneira.gal\/index.php\/2021\/08\/13\/anxo-lusquinos-presidente-da-anpa-do-ies-mendino-de-redondela\/\" \/>\n<meta property=\"og:locale\" content=\"gl_ES\" \/>\n<meta property=\"og:type\" content=\"article\" \/>\n<meta property=\"og:title\" content=\"Anxo Lusqui\u00f1os presidente da ANPA do IES Mendi\u00f1o de Redondela -\" \/>\n<meta property=\"og:description\" content=\"En Redondela existe unha hist\u00f3rica demanda social sobre a necesidade de que se lle conceda \u00e1 Vila o Bacharelato de artes, pois non se imparte en ning\u00fan dos seus catro institutos e os alumnos e alumnas que o desexen cursar non te\u00f1en m\u00e1is remedio que desprazarse a outras localidades .Un dos colectivos que pelexa con intensidade por corrixir esa situaci\u00f3n inxusta \u00e9 a ANPA do IES Mendi\u00f1o. N\u00f3s falamos con Anxo, o seu presidente\" \/>\n<meta property=\"og:url\" content=\"https:\/\/www.anovapeneira.gal\/index.php\/2021\/08\/13\/anxo-lusquinos-presidente-da-anpa-do-ies-mendino-de-redondela\/\" \/>\n<meta property=\"article:publisher\" content=\"https:\/\/www.facebook.com\/anovapeneira\" \/>\n<meta property=\"article:published_time\" content=\"2021-08-13T08:00:13+00:00\" \/>\n<meta property=\"og:image\" content=\"https:\/\/www.anovapeneira.gal\/wp-content\/uploads\/2021\/08\/anxo_lusquinos.jpg\" \/>\n\t<meta property=\"og:image:width\" content=\"720\" \/>\n\t<meta property=\"og:image:height\" content=\"432\" \/>\n\t<meta property=\"og:image:type\" content=\"image\/jpeg\" \/>\n<meta name=\"author\" content=\"Marcos Santos\" \/>\n<meta name=\"twitter:card\" content=\"summary_large_image\" \/>\n<meta name=\"twitter:creator\" content=\"@APeneira\" \/>\n<meta name=\"twitter:site\" content=\"@APeneira\" \/>\n<meta name=\"twitter:label1\" content=\"Escrito por\" \/>\n\t<meta name=\"twitter:data1\" content=\"Marcos Santos\" \/>\n\t<meta name=\"twitter:label2\" content=\"Tempo de lectura\" \/>\n\t<meta name=\"twitter:data2\" content=\"5 minutos\" \/>\n<script type=\"application\/ld+json\" class=\"yoast-schema-graph\">{\"@context\":\"https:\\\/\\\/schema.org\",\"@graph\":[{\"@type\":\"Article\",\"@id\":\"https:\\\/\\\/www.anovapeneira.gal\\\/index.php\\\/2021\\\/08\\\/13\\\/anxo-lusquinos-presidente-da-anpa-do-ies-mendino-de-redondela\\\/#article\",\"isPartOf\":{\"@id\":\"https:\\\/\\\/www.anovapeneira.gal\\\/index.php\\\/2021\\\/08\\\/13\\\/anxo-lusquinos-presidente-da-anpa-do-ies-mendino-de-redondela\\\/\"},\"author\":{\"name\":\"Marcos Santos\",\"@id\":\"https:\\\/\\\/www.anovapeneira.gal\\\/#\\\/schema\\\/person\\\/d9d84823564720e7593293bab054e52d\"},\"headline\":\"Anxo Lusqui\u00f1os presidente da ANPA do IES Mendi\u00f1o de Redondela\",\"datePublished\":\"2021-08-13T08:00:13+00:00\",\"mainEntityOfPage\":{\"@id\":\"https:\\\/\\\/www.anovapeneira.gal\\\/index.php\\\/2021\\\/08\\\/13\\\/anxo-lusquinos-presidente-da-anpa-do-ies-mendino-de-redondela\\\/\"},\"wordCount\":1069,\"commentCount\":0,\"publisher\":{\"@id\":\"https:\\\/\\\/www.anovapeneira.gal\\\/#organization\"},\"image\":{\"@id\":\"https:\\\/\\\/www.anovapeneira.gal\\\/index.php\\\/2021\\\/08\\\/13\\\/anxo-lusquinos-presidente-da-anpa-do-ies-mendino-de-redondela\\\/#primaryimage\"},\"thumbnailUrl\":\"https:\\\/\\\/www.anovapeneira.gal\\\/wp-content\\\/uploads\\\/2021\\\/08\\\/anxo_lusquinos.jpg\",\"keywords\":[\"Concello de Redondela\"],\"articleSection\":[\"Redondela\"],\"inLanguage\":\"gl-ES\",\"potentialAction\":[{\"@type\":\"CommentAction\",\"name\":\"Comment\",\"target\":[\"https:\\\/\\\/www.anovapeneira.gal\\\/index.php\\\/2021\\\/08\\\/13\\\/anxo-lusquinos-presidente-da-anpa-do-ies-mendino-de-redondela\\\/#respond\"]}]},{\"@type\":\"WebPage\",\"@id\":\"https:\\\/\\\/www.anovapeneira.gal\\\/index.php\\\/2021\\\/08\\\/13\\\/anxo-lusquinos-presidente-da-anpa-do-ies-mendino-de-redondela\\\/\",\"url\":\"https:\\\/\\\/www.anovapeneira.gal\\\/index.php\\\/2021\\\/08\\\/13\\\/anxo-lusquinos-presidente-da-anpa-do-ies-mendino-de-redondela\\\/\",\"name\":\"Anxo Lusqui\u00f1os presidente da ANPA do IES Mendi\u00f1o de Redondela -\",\"isPartOf\":{\"@id\":\"https:\\\/\\\/www.anovapeneira.gal\\\/#website\"},\"primaryImageOfPage\":{\"@id\":\"https:\\\/\\\/www.anovapeneira.gal\\\/index.php\\\/2021\\\/08\\\/13\\\/anxo-lusquinos-presidente-da-anpa-do-ies-mendino-de-redondela\\\/#primaryimage\"},\"image\":{\"@id\":\"https:\\\/\\\/www.anovapeneira.gal\\\/index.php\\\/2021\\\/08\\\/13\\\/anxo-lusquinos-presidente-da-anpa-do-ies-mendino-de-redondela\\\/#primaryimage\"},\"thumbnailUrl\":\"https:\\\/\\\/www.anovapeneira.gal\\\/wp-content\\\/uploads\\\/2021\\\/08\\\/anxo_lusquinos.jpg\",\"datePublished\":\"2021-08-13T08:00:13+00:00\",\"description\":\"En Redondela existe unha hist\u00f3rica demanda social sobre a necesidade de que se lle conceda \u00e1 Vila o Bacharelato de artes, pois non se imparte en ning\u00fan dos seus catro institutos e os alumnos e alumnas que o desexen cursar non te\u00f1en m\u00e1is remedio que desprazarse a outras localidades .Un dos colectivos que pelexa con intensidade por corrixir esa situaci\u00f3n inxusta \u00e9 a ANPA do IES Mendi\u00f1o. N\u00f3s falamos con Anxo, o seu presidente\",\"breadcrumb\":{\"@id\":\"https:\\\/\\\/www.anovapeneira.gal\\\/index.php\\\/2021\\\/08\\\/13\\\/anxo-lusquinos-presidente-da-anpa-do-ies-mendino-de-redondela\\\/#breadcrumb\"},\"inLanguage\":\"gl-ES\",\"potentialAction\":[{\"@type\":\"ReadAction\",\"target\":[\"https:\\\/\\\/www.anovapeneira.gal\\\/index.php\\\/2021\\\/08\\\/13\\\/anxo-lusquinos-presidente-da-anpa-do-ies-mendino-de-redondela\\\/\"]}]},{\"@type\":\"ImageObject\",\"inLanguage\":\"gl-ES\",\"@id\":\"https:\\\/\\\/www.anovapeneira.gal\\\/index.php\\\/2021\\\/08\\\/13\\\/anxo-lusquinos-presidente-da-anpa-do-ies-mendino-de-redondela\\\/#primaryimage\",\"url\":\"https:\\\/\\\/www.anovapeneira.gal\\\/wp-content\\\/uploads\\\/2021\\\/08\\\/anxo_lusquinos.jpg\",\"contentUrl\":\"https:\\\/\\\/www.anovapeneira.gal\\\/wp-content\\\/uploads\\\/2021\\\/08\\\/anxo_lusquinos.jpg\",\"width\":720,\"height\":432,\"caption\":\"Anxo Lusqui\u00f1os Concello Redondela\"},{\"@type\":\"BreadcrumbList\",\"@id\":\"https:\\\/\\\/www.anovapeneira.gal\\\/index.php\\\/2021\\\/08\\\/13\\\/anxo-lusquinos-presidente-da-anpa-do-ies-mendino-de-redondela\\\/#breadcrumb\",\"itemListElement\":[{\"@type\":\"ListItem\",\"position\":1,\"name\":\"Portada\",\"item\":\"https:\\\/\\\/www.anovapeneira.gal\\\/\"},{\"@type\":\"ListItem\",\"position\":2,\"name\":\"Anxo Lusqui\u00f1os presidente da ANPA do IES Mendi\u00f1o de Redondela\"}]},{\"@type\":\"WebSite\",\"@id\":\"https:\\\/\\\/www.anovapeneira.gal\\\/#website\",\"url\":\"https:\\\/\\\/www.anovapeneira.gal\\\/\",\"name\":\"\",\"description\":\"Xornal galego de informaci\u00f3n xeral Publicaci\u00f3n mensual de novas de Galicia e en especial dos Concellos da sur da provincia de Pontevedra.\",\"publisher\":{\"@id\":\"https:\\\/\\\/www.anovapeneira.gal\\\/#organization\"},\"potentialAction\":[{\"@type\":\"SearchAction\",\"target\":{\"@type\":\"EntryPoint\",\"urlTemplate\":\"https:\\\/\\\/www.anovapeneira.gal\\\/?s={search_term_string}\"},\"query-input\":{\"@type\":\"PropertyValueSpecification\",\"valueRequired\":true,\"valueName\":\"search_term_string\"}}],\"inLanguage\":\"gl-ES\"},{\"@type\":\"Organization\",\"@id\":\"https:\\\/\\\/www.anovapeneira.gal\\\/#organization\",\"name\":\"A Nova Peneira\",\"url\":\"https:\\\/\\\/www.anovapeneira.gal\\\/\",\"logo\":{\"@type\":\"ImageObject\",\"inLanguage\":\"gl-ES\",\"@id\":\"https:\\\/\\\/www.anovapeneira.gal\\\/#\\\/schema\\\/logo\\\/image\\\/\",\"url\":\"http:\\\/\\\/www.anovapeneira.gal\\\/wp-content\\\/uploads\\\/2019\\\/06\\\/logo_a_nova_peneira_portal_web.png\",\"contentUrl\":\"http:\\\/\\\/www.anovapeneira.gal\\\/wp-content\\\/uploads\\\/2019\\\/06\\\/logo_a_nova_peneira_portal_web.png\",\"width\":300,\"height\":100,\"caption\":\"A Nova Peneira\"},\"image\":{\"@id\":\"https:\\\/\\\/www.anovapeneira.gal\\\/#\\\/schema\\\/logo\\\/image\\\/\"},\"sameAs\":[\"https:\\\/\\\/www.facebook.com\\\/anovapeneira\",\"https:\\\/\\\/x.com\\\/APeneira\"]},{\"@type\":\"Person\",\"@id\":\"https:\\\/\\\/www.anovapeneira.gal\\\/#\\\/schema\\\/person\\\/d9d84823564720e7593293bab054e52d\",\"name\":\"Marcos Santos\",\"image\":{\"@type\":\"ImageObject\",\"inLanguage\":\"gl-ES\",\"@id\":\"https:\\\/\\\/secure.gravatar.com\\\/avatar\\\/0e8017099a7a47c0a9d2275e865fe326484561eb3d70649069e4b8e61a8d2e8c?s=96&d=mm&r=g\",\"url\":\"https:\\\/\\\/secure.gravatar.com\\\/avatar\\\/0e8017099a7a47c0a9d2275e865fe326484561eb3d70649069e4b8e61a8d2e8c?s=96&d=mm&r=g\",\"contentUrl\":\"https:\\\/\\\/secure.gravatar.com\\\/avatar\\\/0e8017099a7a47c0a9d2275e865fe326484561eb3d70649069e4b8e61a8d2e8c?s=96&d=mm&r=g\",\"caption\":\"Marcos Santos\"},\"sameAs\":[\"http:\\\/\\\/anovapeneira.gal\"],\"url\":\"https:\\\/\\\/www.anovapeneira.gal\\\/index.php\\\/author\\\/marcos-santos\\\/\"}]}<\/script>\n<!-- \/ Yoast SEO plugin. -->","yoast_head_json":{"title":"Anxo Lusqui\u00f1os presidente da ANPA do IES Mendi\u00f1o de Redondela -","description":"En Redondela existe unha hist\u00f3rica demanda social sobre a necesidade de que se lle conceda \u00e1 Vila o Bacharelato de artes, pois non se imparte en ning\u00fan dos seus catro institutos e os alumnos e alumnas que o desexen cursar non te\u00f1en m\u00e1is remedio que desprazarse a outras localidades .Un dos colectivos que pelexa con intensidade por corrixir esa situaci\u00f3n inxusta \u00e9 a ANPA do IES Mendi\u00f1o. N\u00f3s falamos con Anxo, o seu presidente","robots":{"index":"index","follow":"follow","max-snippet":"max-snippet:-1","max-image-preview":"max-image-preview:large","max-video-preview":"max-video-preview:-1"},"canonical":"https:\/\/www.anovapeneira.gal\/index.php\/2021\/08\/13\/anxo-lusquinos-presidente-da-anpa-do-ies-mendino-de-redondela\/","og_locale":"gl_ES","og_type":"article","og_title":"Anxo Lusqui\u00f1os presidente da ANPA do IES Mendi\u00f1o de Redondela -","og_description":"En Redondela existe unha hist\u00f3rica demanda social sobre a necesidade de que se lle conceda \u00e1 Vila o Bacharelato de artes, pois non se imparte en ning\u00fan dos seus catro institutos e os alumnos e alumnas que o desexen cursar non te\u00f1en m\u00e1is remedio que desprazarse a outras localidades .Un dos colectivos que pelexa con intensidade por corrixir esa situaci\u00f3n inxusta \u00e9 a ANPA do IES Mendi\u00f1o. N\u00f3s falamos con Anxo, o seu presidente","og_url":"https:\/\/www.anovapeneira.gal\/index.php\/2021\/08\/13\/anxo-lusquinos-presidente-da-anpa-do-ies-mendino-de-redondela\/","article_publisher":"https:\/\/www.facebook.com\/anovapeneira","article_published_time":"2021-08-13T08:00:13+00:00","og_image":[{"width":720,"height":432,"url":"https:\/\/www.anovapeneira.gal\/wp-content\/uploads\/2021\/08\/anxo_lusquinos.jpg","type":"image\/jpeg"}],"author":"Marcos Santos","twitter_card":"summary_large_image","twitter_creator":"@APeneira","twitter_site":"@APeneira","twitter_misc":{"Escrito por":"Marcos Santos","Tempo de lectura":"5 minutos"},"schema":{"@context":"https:\/\/schema.org","@graph":[{"@type":"Article","@id":"https:\/\/www.anovapeneira.gal\/index.php\/2021\/08\/13\/anxo-lusquinos-presidente-da-anpa-do-ies-mendino-de-redondela\/#article","isPartOf":{"@id":"https:\/\/www.anovapeneira.gal\/index.php\/2021\/08\/13\/anxo-lusquinos-presidente-da-anpa-do-ies-mendino-de-redondela\/"},"author":{"name":"Marcos Santos","@id":"https:\/\/www.anovapeneira.gal\/#\/schema\/person\/d9d84823564720e7593293bab054e52d"},"headline":"Anxo Lusqui\u00f1os presidente da ANPA do IES Mendi\u00f1o de Redondela","datePublished":"2021-08-13T08:00:13+00:00","mainEntityOfPage":{"@id":"https:\/\/www.anovapeneira.gal\/index.php\/2021\/08\/13\/anxo-lusquinos-presidente-da-anpa-do-ies-mendino-de-redondela\/"},"wordCount":1069,"commentCount":0,"publisher":{"@id":"https:\/\/www.anovapeneira.gal\/#organization"},"image":{"@id":"https:\/\/www.anovapeneira.gal\/index.php\/2021\/08\/13\/anxo-lusquinos-presidente-da-anpa-do-ies-mendino-de-redondela\/#primaryimage"},"thumbnailUrl":"https:\/\/www.anovapeneira.gal\/wp-content\/uploads\/2021\/08\/anxo_lusquinos.jpg","keywords":["Concello de Redondela"],"articleSection":["Redondela"],"inLanguage":"gl-ES","potentialAction":[{"@type":"CommentAction","name":"Comment","target":["https:\/\/www.anovapeneira.gal\/index.php\/2021\/08\/13\/anxo-lusquinos-presidente-da-anpa-do-ies-mendino-de-redondela\/#respond"]}]},{"@type":"WebPage","@id":"https:\/\/www.anovapeneira.gal\/index.php\/2021\/08\/13\/anxo-lusquinos-presidente-da-anpa-do-ies-mendino-de-redondela\/","url":"https:\/\/www.anovapeneira.gal\/index.php\/2021\/08\/13\/anxo-lusquinos-presidente-da-anpa-do-ies-mendino-de-redondela\/","name":"Anxo Lusqui\u00f1os presidente da ANPA do IES Mendi\u00f1o de Redondela -","isPartOf":{"@id":"https:\/\/www.anovapeneira.gal\/#website"},"primaryImageOfPage":{"@id":"https:\/\/www.anovapeneira.gal\/index.php\/2021\/08\/13\/anxo-lusquinos-presidente-da-anpa-do-ies-mendino-de-redondela\/#primaryimage"},"image":{"@id":"https:\/\/www.anovapeneira.gal\/index.php\/2021\/08\/13\/anxo-lusquinos-presidente-da-anpa-do-ies-mendino-de-redondela\/#primaryimage"},"thumbnailUrl":"https:\/\/www.anovapeneira.gal\/wp-content\/uploads\/2021\/08\/anxo_lusquinos.jpg","datePublished":"2021-08-13T08:00:13+00:00","description":"En Redondela existe unha hist\u00f3rica demanda social sobre a necesidade de que se lle conceda \u00e1 Vila o Bacharelato de artes, pois non se imparte en ning\u00fan dos seus catro institutos e os alumnos e alumnas que o desexen cursar non te\u00f1en m\u00e1is remedio que desprazarse a outras localidades .Un dos colectivos que pelexa con intensidade por corrixir esa situaci\u00f3n inxusta \u00e9 a ANPA do IES Mendi\u00f1o. N\u00f3s falamos con Anxo, o seu presidente","breadcrumb":{"@id":"https:\/\/www.anovapeneira.gal\/index.php\/2021\/08\/13\/anxo-lusquinos-presidente-da-anpa-do-ies-mendino-de-redondela\/#breadcrumb"},"inLanguage":"gl-ES","potentialAction":[{"@type":"ReadAction","target":["https:\/\/www.anovapeneira.gal\/index.php\/2021\/08\/13\/anxo-lusquinos-presidente-da-anpa-do-ies-mendino-de-redondela\/"]}]},{"@type":"ImageObject","inLanguage":"gl-ES","@id":"https:\/\/www.anovapeneira.gal\/index.php\/2021\/08\/13\/anxo-lusquinos-presidente-da-anpa-do-ies-mendino-de-redondela\/#primaryimage","url":"https:\/\/www.anovapeneira.gal\/wp-content\/uploads\/2021\/08\/anxo_lusquinos.jpg","contentUrl":"https:\/\/www.anovapeneira.gal\/wp-content\/uploads\/2021\/08\/anxo_lusquinos.jpg","width":720,"height":432,"caption":"Anxo Lusqui\u00f1os Concello Redondela"},{"@type":"BreadcrumbList","@id":"https:\/\/www.anovapeneira.gal\/index.php\/2021\/08\/13\/anxo-lusquinos-presidente-da-anpa-do-ies-mendino-de-redondela\/#breadcrumb","itemListElement":[{"@type":"ListItem","position":1,"name":"Portada","item":"https:\/\/www.anovapeneira.gal\/"},{"@type":"ListItem","position":2,"name":"Anxo Lusqui\u00f1os presidente da ANPA do IES Mendi\u00f1o de Redondela"}]},{"@type":"WebSite","@id":"https:\/\/www.anovapeneira.gal\/#website","url":"https:\/\/www.anovapeneira.gal\/","name":"","description":"Xornal galego de informaci\u00f3n xeral Publicaci\u00f3n mensual de novas de Galicia e en especial dos Concellos da sur da provincia de Pontevedra.","publisher":{"@id":"https:\/\/www.anovapeneira.gal\/#organization"},"potentialAction":[{"@type":"SearchAction","target":{"@type":"EntryPoint","urlTemplate":"https:\/\/www.anovapeneira.gal\/?s={search_term_string}"},"query-input":{"@type":"PropertyValueSpecification","valueRequired":true,"valueName":"search_term_string"}}],"inLanguage":"gl-ES"},{"@type":"Organization","@id":"https:\/\/www.anovapeneira.gal\/#organization","name":"A Nova Peneira","url":"https:\/\/www.anovapeneira.gal\/","logo":{"@type":"ImageObject","inLanguage":"gl-ES","@id":"https:\/\/www.anovapeneira.gal\/#\/schema\/logo\/image\/","url":"http:\/\/www.anovapeneira.gal\/wp-content\/uploads\/2019\/06\/logo_a_nova_peneira_portal_web.png","contentUrl":"http:\/\/www.anovapeneira.gal\/wp-content\/uploads\/2019\/06\/logo_a_nova_peneira_portal_web.png","width":300,"height":100,"caption":"A Nova Peneira"},"image":{"@id":"https:\/\/www.anovapeneira.gal\/#\/schema\/logo\/image\/"},"sameAs":["https:\/\/www.facebook.com\/anovapeneira","https:\/\/x.com\/APeneira"]},{"@type":"Person","@id":"https:\/\/www.anovapeneira.gal\/#\/schema\/person\/d9d84823564720e7593293bab054e52d","name":"Marcos Santos","image":{"@type":"ImageObject","inLanguage":"gl-ES","@id":"https:\/\/secure.gravatar.com\/avatar\/0e8017099a7a47c0a9d2275e865fe326484561eb3d70649069e4b8e61a8d2e8c?s=96&d=mm&r=g","url":"https:\/\/secure.gravatar.com\/avatar\/0e8017099a7a47c0a9d2275e865fe326484561eb3d70649069e4b8e61a8d2e8c?s=96&d=mm&r=g","contentUrl":"https:\/\/secure.gravatar.com\/avatar\/0e8017099a7a47c0a9d2275e865fe326484561eb3d70649069e4b8e61a8d2e8c?s=96&d=mm&r=g","caption":"Marcos Santos"},"sameAs":["http:\/\/anovapeneira.gal"],"url":"https:\/\/www.anovapeneira.gal\/index.php\/author\/marcos-santos\/"}]}},"jetpack_featured_media_url":"https:\/\/www.anovapeneira.gal\/wp-content\/uploads\/2021\/08\/anxo_lusquinos.jpg","_links":{"self":[{"href":"https:\/\/www.anovapeneira.gal\/index.php\/wp-json\/wp\/v2\/posts\/5927","targetHints":{"allow":["GET"]}}],"collection":[{"href":"https:\/\/www.anovapeneira.gal\/index.php\/wp-json\/wp\/v2\/posts"}],"about":[{"href":"https:\/\/www.anovapeneira.gal\/index.php\/wp-json\/wp\/v2\/types\/post"}],"author":[{"embeddable":true,"href":"https:\/\/www.anovapeneira.gal\/index.php\/wp-json\/wp\/v2\/users\/6"}],"replies":[{"embeddable":true,"href":"https:\/\/www.anovapeneira.gal\/index.php\/wp-json\/wp\/v2\/comments?post=5927"}],"version-history":[{"count":1,"href":"https:\/\/www.anovapeneira.gal\/index.php\/wp-json\/wp\/v2\/posts\/5927\/revisions"}],"predecessor-version":[{"id":5929,"href":"https:\/\/www.anovapeneira.gal\/index.php\/wp-json\/wp\/v2\/posts\/5927\/revisions\/5929"}],"wp:featuredmedia":[{"embeddable":true,"href":"https:\/\/www.anovapeneira.gal\/index.php\/wp-json\/wp\/v2\/media\/5928"}],"wp:attachment":[{"href":"https:\/\/www.anovapeneira.gal\/index.php\/wp-json\/wp\/v2\/media?parent=5927"}],"wp:term":[{"taxonomy":"category","embeddable":true,"href":"https:\/\/www.anovapeneira.gal\/index.php\/wp-json\/wp\/v2\/categories?post=5927"},{"taxonomy":"post_tag","embeddable":true,"href":"https:\/\/www.anovapeneira.gal\/index.php\/wp-json\/wp\/v2\/tags?post=5927"}],"curies":[{"name":"wp","href":"https:\/\/api.w.org\/{rel}","templated":true}]}}