{"id":5932,"date":"2021-08-16T10:00:57","date_gmt":"2021-08-16T08:00:57","guid":{"rendered":"https:\/\/www.anovapeneira.gal\/?p=5932"},"modified":"2021-08-11T19:27:36","modified_gmt":"2021-08-11T17:27:36","slug":"independentismo-e-cuestion-confederal","status":"publish","type":"post","link":"https:\/\/www.anovapeneira.gal\/index.php\/2021\/08\/16\/independentismo-e-cuestion-confederal\/","title":{"rendered":"Independentismo e cuesti\u00f3n (con)federal"},"content":{"rendered":"\n<figure class=\"wp-block-image size-large is-resized\"><img loading=\"lazy\" decoding=\"async\" src=\"http:\/\/www.anovapeneira.gal\/wp-content\/uploads\/2019\/07\/moncho_lareu_a_nova_peneira_bn.jpg\" alt=\"\" class=\"wp-image-751\" width=\"95\" height=\"111\"\/><figcaption>Moncho Lareu. Membro de Anova e do CC da FPG<\/figcaption><\/figure>\n\n\n\n<p>O independentismo e o federalismo te\u00f1en sido d\u00faas opci\u00f3ns estrat\u00e9xicas de diferente importancia tanto na historia do nacionalismo coma do republicanismo galegos. O federalismo galego tivo moita forza na segunda metade do XIX da man de Aureliano Pereira (e incluso chegou a promover un \u201cProxecto de Constituci\u00f3n para o futuro Estado galego\u201den 1887), recuperou a s\u00faa vitalidade nos anos da II Rep\u00fablica e acabou sendo asimilado por toda a esquerda na malchamada \u201cTransici\u00f3n\u201d.<\/p>\n\n\n\n<p>Pola s\u00faa parte o independentismo \u00e9 residual no XIX, minoritario ou ex\u00f3tico no primeiro terzo do XX, e asumido como opci\u00f3n estrat\u00e9xica fundamental polo comunismo galego non-sucursalista a partir dos anos 70\/80 co PGP, Galicia Ceibe e PCLN. Dende este momento, e como temos glosado noutros artigos, foron habituais as alianzas t\u00e1cticas&nbsp;\u2013m\u00e1is ou menos exitosas\u2013entre o federalismo e o independentismo galego&nbsp;\u2013sempre de esquerdas e republicanos\u2013para acadar obxectivos com\u00fans.<\/p>\n\n\n\n<p>No marco destas alianzas, e tam\u00e9n no interior de frontes, te\u00f1en xurdido debates sobre se \u00e9 mellor para Galiza seguir sendo unha autonom\u00eda, a parte integrante dun estado federal (ou confederal) ou un estado completamente independente. Nestes debates s\u00f3ese cometer o erro de pensar que unha estrutura (con)federalista se constr\u00fae de arriba cara abaixo, como unha concesi\u00f3n do total \u00e1s s\u00faas partes, algo que contrad\u00ed a esencia mesma do feito federal e confederal ao longo da historia.<\/p>\n\n\n\n<p>Imos ver. Para a construci\u00f3n dunha Federaci\u00f3n ou dunha Confederaci\u00f3n, ch\u00e1mese Federaci\u00f3n X (coma a Rusia actual), Confederaci\u00f3n X (coma Su\u00edza) ou Uni\u00f3n de Rep\u00fablicas X (coma a URSS), c\u00f3mpre que as partes integrantes gocen dun momento inicial de independencia, de total soberan\u00eda para decidir libremente que tipo de relaci\u00f3ns desexan establecer cos pobos ou naci\u00f3ns veci\u00f1as e a que partes desa soberan\u00eda van a renunciar para que se xestionen en com\u00fan na (con)federaci\u00f3n.&nbsp;<\/p>\n\n\n\n<p>Por\u00e9n, se un estado xa pre-constitu\u00eddo, por moi descentralizado que sexa, decide establecerse como \u201cestado federal\u201d ou \u201cestado conferederal\u201d simplemente cedendo dende arriba maiores competencias \u00e1s s\u00faas autonom\u00edas, tal estado nunca ser\u00e1 nin un aut\u00e9ntica federac\u00ed\u00f3n nin tampouco unha xenuina confederaci\u00f3n, tan s\u00f3 sera, en tal caso un estado auton\u00f3mico cuxas partes gozan dun alto nivel de descentralizaci\u00f3n, pero sen capacidade inici\u00e1tica real de ter decido soberana e libremente.&nbsp;<\/p>\n\n\n\n<p>En resumidas contas, a autodeterminaci\u00f3n ex\u00e9rcese dende abaixo, non se concede dende arriba. O dereito a decidir esixe as m\u00e1is grande cotas de liberdade colectiva nacional para ser exercido, non pode vir da man de pactos entre forzas centralistas e forzas nacionalistas, por moi \u201csoberanistas\u201d que digan ser. Tan s\u00f3 unha rep\u00fablica independente pode decir libremente o que quere ser e con quen quere selo. Dito doutro xeito, un aut\u00e9ntico federalista debe ser primeiro un activo independentista.<\/p>\n","protected":false},"excerpt":{"rendered":"<div class=\"mh-excerpt\"><p>O independentismo e o federalismo te\u00f1en sido d\u00faas opci\u00f3ns estrat\u00e9xicas de diferente importancia tanto na historia do nacionalismo coma do republicanismo galegos. O federalismo galego tivo moita forza na segunda metade do XIX da man de Aureliano Pereira (e incluso chegou a promover un \u201cProxecto de Constituci\u00f3n para o futuro Estado galego\u201den 1887), recuperou a s\u00faa vitalidade nos anos da II Rep\u00fablica e acabou sendo asimilado por toda a esquerda na malchamada \u201cTransici\u00f3n\u201d. <a class=\"mh-excerpt-more\" href=\"https:\/\/www.anovapeneira.gal\/index.php\/2021\/08\/16\/independentismo-e-cuestion-confederal\/\" title=\"Independentismo e cuesti\u00f3n (con)federal\">[&#8230;]<\/a><\/p>\n<\/div>","protected":false},"author":20,"featured_media":584,"comment_status":"open","ping_status":"open","sticky":false,"template":"","format":"standard","meta":{"_exactmetrics_skip_tracking":false,"_exactmetrics_sitenote_active":false,"_exactmetrics_sitenote_note":"","_exactmetrics_sitenote_category":0,"footnotes":""},"categories":[7],"tags":[],"class_list":{"0":"post-5932","1":"post","2":"type-post","3":"status-publish","4":"format-standard","5":"has-post-thumbnail","7":"category-artigos-de-opinion"},"yoast_head":"<!-- This site is optimized with the Yoast SEO plugin v27.4 - https:\/\/yoast.com\/product\/yoast-seo-wordpress\/ -->\n<title>Independentismo e cuesti\u00f3n (con)federal -<\/title>\n<meta name=\"description\" content=\"O independentismo e o federalismo te\u00f1en sido d\u00faas opci\u00f3ns estrat\u00e9xicas de diferente importancia tanto na historia do nacionalismo coma do republicanismo galegos. O federalismo galego tivo moita forza na segunda metade do XIX da man de Aureliano Pereira (e incluso chegou a promover un \u201cProxecto de Constituci\u00f3n para o futuro Estado galego\u201den 1887), recuperou a s\u00faa vitalidade nos anos da II Rep\u00fablica e acabou sendo asimilado por toda a esquerda na malchamada \u201cTransici\u00f3n\u201d.\" \/>\n<meta name=\"robots\" content=\"index, follow, max-snippet:-1, max-image-preview:large, max-video-preview:-1\" \/>\n<link rel=\"canonical\" href=\"https:\/\/www.anovapeneira.gal\/index.php\/2021\/08\/16\/independentismo-e-cuestion-confederal\/\" \/>\n<meta property=\"og:locale\" content=\"gl_ES\" \/>\n<meta property=\"og:type\" content=\"article\" \/>\n<meta property=\"og:title\" content=\"Independentismo e cuesti\u00f3n (con)federal -\" \/>\n<meta property=\"og:description\" content=\"O independentismo e o federalismo te\u00f1en sido d\u00faas opci\u00f3ns estrat\u00e9xicas de diferente importancia tanto na historia do nacionalismo coma do republicanismo galegos. O federalismo galego tivo moita forza na segunda metade do XIX da man de Aureliano Pereira (e incluso chegou a promover un \u201cProxecto de Constituci\u00f3n para o futuro Estado galego\u201den 1887), recuperou a s\u00faa vitalidade nos anos da II Rep\u00fablica e acabou sendo asimilado por toda a esquerda na malchamada \u201cTransici\u00f3n\u201d.\" \/>\n<meta property=\"og:url\" content=\"https:\/\/www.anovapeneira.gal\/index.php\/2021\/08\/16\/independentismo-e-cuestion-confederal\/\" \/>\n<meta property=\"article:publisher\" content=\"https:\/\/www.facebook.com\/anovapeneira\" \/>\n<meta property=\"article:published_time\" content=\"2021-08-16T08:00:57+00:00\" \/>\n<meta property=\"og:image\" content=\"https:\/\/www.anovapeneira.gal\/wp-content\/uploads\/2019\/07\/ARTIGO_DE_OPINION_A_NOVA_PENEIRA.jpg\" \/>\n\t<meta property=\"og:image:width\" content=\"720\" \/>\n\t<meta property=\"og:image:height\" content=\"473\" \/>\n\t<meta property=\"og:image:type\" content=\"image\/jpeg\" \/>\n<meta name=\"author\" content=\"Moncho Lareu\" \/>\n<meta name=\"twitter:card\" content=\"summary_large_image\" \/>\n<meta name=\"twitter:image\" content=\"https:\/\/www.anovapeneira.gal\/wp-content\/uploads\/2019\/07\/ARTIGO_DE_OPINION_A_NOVA_PENEIRA.jpg\" \/>\n<meta name=\"twitter:creator\" content=\"@APeneira\" \/>\n<meta name=\"twitter:site\" content=\"@APeneira\" \/>\n<meta name=\"twitter:label1\" content=\"Escrito por\" \/>\n\t<meta name=\"twitter:data1\" content=\"Moncho Lareu\" \/>\n\t<meta name=\"twitter:label2\" content=\"Tempo de lectura\" \/>\n\t<meta name=\"twitter:data2\" content=\"2 minutos\" \/>\n<script type=\"application\/ld+json\" class=\"yoast-schema-graph\">{\"@context\":\"https:\\\/\\\/schema.org\",\"@graph\":[{\"@type\":\"Article\",\"@id\":\"https:\\\/\\\/www.anovapeneira.gal\\\/index.php\\\/2021\\\/08\\\/16\\\/independentismo-e-cuestion-confederal\\\/#article\",\"isPartOf\":{\"@id\":\"https:\\\/\\\/www.anovapeneira.gal\\\/index.php\\\/2021\\\/08\\\/16\\\/independentismo-e-cuestion-confederal\\\/\"},\"author\":{\"name\":\"Moncho Lareu\",\"@id\":\"https:\\\/\\\/www.anovapeneira.gal\\\/#\\\/schema\\\/person\\\/3df7d3e1f38ddcee2ddb9d0bee1a0628\"},\"headline\":\"Independentismo e cuesti\u00f3n (con)federal\",\"datePublished\":\"2021-08-16T08:00:57+00:00\",\"mainEntityOfPage\":{\"@id\":\"https:\\\/\\\/www.anovapeneira.gal\\\/index.php\\\/2021\\\/08\\\/16\\\/independentismo-e-cuestion-confederal\\\/\"},\"wordCount\":505,\"commentCount\":0,\"publisher\":{\"@id\":\"https:\\\/\\\/www.anovapeneira.gal\\\/#organization\"},\"image\":{\"@id\":\"https:\\\/\\\/www.anovapeneira.gal\\\/index.php\\\/2021\\\/08\\\/16\\\/independentismo-e-cuestion-confederal\\\/#primaryimage\"},\"thumbnailUrl\":\"https:\\\/\\\/www.anovapeneira.gal\\\/wp-content\\\/uploads\\\/2019\\\/07\\\/ARTIGO_DE_OPINION_A_NOVA_PENEIRA.jpg\",\"articleSection\":[\"Artigos de opini\u00f3n\"],\"inLanguage\":\"gl-ES\",\"potentialAction\":[{\"@type\":\"CommentAction\",\"name\":\"Comment\",\"target\":[\"https:\\\/\\\/www.anovapeneira.gal\\\/index.php\\\/2021\\\/08\\\/16\\\/independentismo-e-cuestion-confederal\\\/#respond\"]}]},{\"@type\":\"WebPage\",\"@id\":\"https:\\\/\\\/www.anovapeneira.gal\\\/index.php\\\/2021\\\/08\\\/16\\\/independentismo-e-cuestion-confederal\\\/\",\"url\":\"https:\\\/\\\/www.anovapeneira.gal\\\/index.php\\\/2021\\\/08\\\/16\\\/independentismo-e-cuestion-confederal\\\/\",\"name\":\"Independentismo e cuesti\u00f3n (con)federal -\",\"isPartOf\":{\"@id\":\"https:\\\/\\\/www.anovapeneira.gal\\\/#website\"},\"primaryImageOfPage\":{\"@id\":\"https:\\\/\\\/www.anovapeneira.gal\\\/index.php\\\/2021\\\/08\\\/16\\\/independentismo-e-cuestion-confederal\\\/#primaryimage\"},\"image\":{\"@id\":\"https:\\\/\\\/www.anovapeneira.gal\\\/index.php\\\/2021\\\/08\\\/16\\\/independentismo-e-cuestion-confederal\\\/#primaryimage\"},\"thumbnailUrl\":\"https:\\\/\\\/www.anovapeneira.gal\\\/wp-content\\\/uploads\\\/2019\\\/07\\\/ARTIGO_DE_OPINION_A_NOVA_PENEIRA.jpg\",\"datePublished\":\"2021-08-16T08:00:57+00:00\",\"description\":\"O independentismo e o federalismo te\u00f1en sido d\u00faas opci\u00f3ns estrat\u00e9xicas de diferente importancia tanto na historia do nacionalismo coma do republicanismo galegos. O federalismo galego tivo moita forza na segunda metade do XIX da man de Aureliano Pereira (e incluso chegou a promover un \u201cProxecto de Constituci\u00f3n para o futuro Estado galego\u201den 1887), recuperou a s\u00faa vitalidade nos anos da II Rep\u00fablica e acabou sendo asimilado por toda a esquerda na malchamada \u201cTransici\u00f3n\u201d.\",\"breadcrumb\":{\"@id\":\"https:\\\/\\\/www.anovapeneira.gal\\\/index.php\\\/2021\\\/08\\\/16\\\/independentismo-e-cuestion-confederal\\\/#breadcrumb\"},\"inLanguage\":\"gl-ES\",\"potentialAction\":[{\"@type\":\"ReadAction\",\"target\":[\"https:\\\/\\\/www.anovapeneira.gal\\\/index.php\\\/2021\\\/08\\\/16\\\/independentismo-e-cuestion-confederal\\\/\"]}]},{\"@type\":\"ImageObject\",\"inLanguage\":\"gl-ES\",\"@id\":\"https:\\\/\\\/www.anovapeneira.gal\\\/index.php\\\/2021\\\/08\\\/16\\\/independentismo-e-cuestion-confederal\\\/#primaryimage\",\"url\":\"https:\\\/\\\/www.anovapeneira.gal\\\/wp-content\\\/uploads\\\/2019\\\/07\\\/ARTIGO_DE_OPINION_A_NOVA_PENEIRA.jpg\",\"contentUrl\":\"https:\\\/\\\/www.anovapeneira.gal\\\/wp-content\\\/uploads\\\/2019\\\/07\\\/ARTIGO_DE_OPINION_A_NOVA_PENEIRA.jpg\",\"width\":720,\"height\":473,\"caption\":\"Artigo de opini\u00f3n A Nova Peneira\"},{\"@type\":\"BreadcrumbList\",\"@id\":\"https:\\\/\\\/www.anovapeneira.gal\\\/index.php\\\/2021\\\/08\\\/16\\\/independentismo-e-cuestion-confederal\\\/#breadcrumb\",\"itemListElement\":[{\"@type\":\"ListItem\",\"position\":1,\"name\":\"Portada\",\"item\":\"https:\\\/\\\/www.anovapeneira.gal\\\/\"},{\"@type\":\"ListItem\",\"position\":2,\"name\":\"Independentismo e cuesti\u00f3n (con)federal\"}]},{\"@type\":\"WebSite\",\"@id\":\"https:\\\/\\\/www.anovapeneira.gal\\\/#website\",\"url\":\"https:\\\/\\\/www.anovapeneira.gal\\\/\",\"name\":\"\",\"description\":\"Xornal galego de informaci\u00f3n xeral Publicaci\u00f3n mensual de novas de Galicia e en especial dos Concellos da sur da provincia de Pontevedra.\",\"publisher\":{\"@id\":\"https:\\\/\\\/www.anovapeneira.gal\\\/#organization\"},\"potentialAction\":[{\"@type\":\"SearchAction\",\"target\":{\"@type\":\"EntryPoint\",\"urlTemplate\":\"https:\\\/\\\/www.anovapeneira.gal\\\/?s={search_term_string}\"},\"query-input\":{\"@type\":\"PropertyValueSpecification\",\"valueRequired\":true,\"valueName\":\"search_term_string\"}}],\"inLanguage\":\"gl-ES\"},{\"@type\":\"Organization\",\"@id\":\"https:\\\/\\\/www.anovapeneira.gal\\\/#organization\",\"name\":\"A Nova Peneira\",\"url\":\"https:\\\/\\\/www.anovapeneira.gal\\\/\",\"logo\":{\"@type\":\"ImageObject\",\"inLanguage\":\"gl-ES\",\"@id\":\"https:\\\/\\\/www.anovapeneira.gal\\\/#\\\/schema\\\/logo\\\/image\\\/\",\"url\":\"http:\\\/\\\/www.anovapeneira.gal\\\/wp-content\\\/uploads\\\/2019\\\/06\\\/logo_a_nova_peneira_portal_web.png\",\"contentUrl\":\"http:\\\/\\\/www.anovapeneira.gal\\\/wp-content\\\/uploads\\\/2019\\\/06\\\/logo_a_nova_peneira_portal_web.png\",\"width\":300,\"height\":100,\"caption\":\"A Nova Peneira\"},\"image\":{\"@id\":\"https:\\\/\\\/www.anovapeneira.gal\\\/#\\\/schema\\\/logo\\\/image\\\/\"},\"sameAs\":[\"https:\\\/\\\/www.facebook.com\\\/anovapeneira\",\"https:\\\/\\\/x.com\\\/APeneira\"]},{\"@type\":\"Person\",\"@id\":\"https:\\\/\\\/www.anovapeneira.gal\\\/#\\\/schema\\\/person\\\/3df7d3e1f38ddcee2ddb9d0bee1a0628\",\"name\":\"Moncho Lareu\",\"image\":{\"@type\":\"ImageObject\",\"inLanguage\":\"gl-ES\",\"@id\":\"https:\\\/\\\/secure.gravatar.com\\\/avatar\\\/47b1711433a3b83d9747992d63c05708f734f76ad2d588ae93638a06737a5471?s=96&d=mm&r=g\",\"url\":\"https:\\\/\\\/secure.gravatar.com\\\/avatar\\\/47b1711433a3b83d9747992d63c05708f734f76ad2d588ae93638a06737a5471?s=96&d=mm&r=g\",\"contentUrl\":\"https:\\\/\\\/secure.gravatar.com\\\/avatar\\\/47b1711433a3b83d9747992d63c05708f734f76ad2d588ae93638a06737a5471?s=96&d=mm&r=g\",\"caption\":\"Moncho Lareu\"},\"sameAs\":[\"http:\\\/\\\/www.anovapeneira.gal\\\/\"],\"url\":\"https:\\\/\\\/www.anovapeneira.gal\\\/index.php\\\/author\\\/moncho-lareu\\\/\"}]}<\/script>\n<!-- \/ Yoast SEO plugin. -->","yoast_head_json":{"title":"Independentismo e cuesti\u00f3n (con)federal -","description":"O independentismo e o federalismo te\u00f1en sido d\u00faas opci\u00f3ns estrat\u00e9xicas de diferente importancia tanto na historia do nacionalismo coma do republicanismo galegos. O federalismo galego tivo moita forza na segunda metade do XIX da man de Aureliano Pereira (e incluso chegou a promover un \u201cProxecto de Constituci\u00f3n para o futuro Estado galego\u201den 1887), recuperou a s\u00faa vitalidade nos anos da II Rep\u00fablica e acabou sendo asimilado por toda a esquerda na malchamada \u201cTransici\u00f3n\u201d.","robots":{"index":"index","follow":"follow","max-snippet":"max-snippet:-1","max-image-preview":"max-image-preview:large","max-video-preview":"max-video-preview:-1"},"canonical":"https:\/\/www.anovapeneira.gal\/index.php\/2021\/08\/16\/independentismo-e-cuestion-confederal\/","og_locale":"gl_ES","og_type":"article","og_title":"Independentismo e cuesti\u00f3n (con)federal -","og_description":"O independentismo e o federalismo te\u00f1en sido d\u00faas opci\u00f3ns estrat\u00e9xicas de diferente importancia tanto na historia do nacionalismo coma do republicanismo galegos. O federalismo galego tivo moita forza na segunda metade do XIX da man de Aureliano Pereira (e incluso chegou a promover un \u201cProxecto de Constituci\u00f3n para o futuro Estado galego\u201den 1887), recuperou a s\u00faa vitalidade nos anos da II Rep\u00fablica e acabou sendo asimilado por toda a esquerda na malchamada \u201cTransici\u00f3n\u201d.","og_url":"https:\/\/www.anovapeneira.gal\/index.php\/2021\/08\/16\/independentismo-e-cuestion-confederal\/","article_publisher":"https:\/\/www.facebook.com\/anovapeneira","article_published_time":"2021-08-16T08:00:57+00:00","og_image":[{"width":720,"height":473,"url":"https:\/\/www.anovapeneira.gal\/wp-content\/uploads\/2019\/07\/ARTIGO_DE_OPINION_A_NOVA_PENEIRA.jpg","type":"image\/jpeg"}],"author":"Moncho Lareu","twitter_card":"summary_large_image","twitter_image":"https:\/\/www.anovapeneira.gal\/wp-content\/uploads\/2019\/07\/ARTIGO_DE_OPINION_A_NOVA_PENEIRA.jpg","twitter_creator":"@APeneira","twitter_site":"@APeneira","twitter_misc":{"Escrito por":"Moncho Lareu","Tempo de lectura":"2 minutos"},"schema":{"@context":"https:\/\/schema.org","@graph":[{"@type":"Article","@id":"https:\/\/www.anovapeneira.gal\/index.php\/2021\/08\/16\/independentismo-e-cuestion-confederal\/#article","isPartOf":{"@id":"https:\/\/www.anovapeneira.gal\/index.php\/2021\/08\/16\/independentismo-e-cuestion-confederal\/"},"author":{"name":"Moncho Lareu","@id":"https:\/\/www.anovapeneira.gal\/#\/schema\/person\/3df7d3e1f38ddcee2ddb9d0bee1a0628"},"headline":"Independentismo e cuesti\u00f3n (con)federal","datePublished":"2021-08-16T08:00:57+00:00","mainEntityOfPage":{"@id":"https:\/\/www.anovapeneira.gal\/index.php\/2021\/08\/16\/independentismo-e-cuestion-confederal\/"},"wordCount":505,"commentCount":0,"publisher":{"@id":"https:\/\/www.anovapeneira.gal\/#organization"},"image":{"@id":"https:\/\/www.anovapeneira.gal\/index.php\/2021\/08\/16\/independentismo-e-cuestion-confederal\/#primaryimage"},"thumbnailUrl":"https:\/\/www.anovapeneira.gal\/wp-content\/uploads\/2019\/07\/ARTIGO_DE_OPINION_A_NOVA_PENEIRA.jpg","articleSection":["Artigos de opini\u00f3n"],"inLanguage":"gl-ES","potentialAction":[{"@type":"CommentAction","name":"Comment","target":["https:\/\/www.anovapeneira.gal\/index.php\/2021\/08\/16\/independentismo-e-cuestion-confederal\/#respond"]}]},{"@type":"WebPage","@id":"https:\/\/www.anovapeneira.gal\/index.php\/2021\/08\/16\/independentismo-e-cuestion-confederal\/","url":"https:\/\/www.anovapeneira.gal\/index.php\/2021\/08\/16\/independentismo-e-cuestion-confederal\/","name":"Independentismo e cuesti\u00f3n (con)federal -","isPartOf":{"@id":"https:\/\/www.anovapeneira.gal\/#website"},"primaryImageOfPage":{"@id":"https:\/\/www.anovapeneira.gal\/index.php\/2021\/08\/16\/independentismo-e-cuestion-confederal\/#primaryimage"},"image":{"@id":"https:\/\/www.anovapeneira.gal\/index.php\/2021\/08\/16\/independentismo-e-cuestion-confederal\/#primaryimage"},"thumbnailUrl":"https:\/\/www.anovapeneira.gal\/wp-content\/uploads\/2019\/07\/ARTIGO_DE_OPINION_A_NOVA_PENEIRA.jpg","datePublished":"2021-08-16T08:00:57+00:00","description":"O independentismo e o federalismo te\u00f1en sido d\u00faas opci\u00f3ns estrat\u00e9xicas de diferente importancia tanto na historia do nacionalismo coma do republicanismo galegos. O federalismo galego tivo moita forza na segunda metade do XIX da man de Aureliano Pereira (e incluso chegou a promover un \u201cProxecto de Constituci\u00f3n para o futuro Estado galego\u201den 1887), recuperou a s\u00faa vitalidade nos anos da II Rep\u00fablica e acabou sendo asimilado por toda a esquerda na malchamada \u201cTransici\u00f3n\u201d.","breadcrumb":{"@id":"https:\/\/www.anovapeneira.gal\/index.php\/2021\/08\/16\/independentismo-e-cuestion-confederal\/#breadcrumb"},"inLanguage":"gl-ES","potentialAction":[{"@type":"ReadAction","target":["https:\/\/www.anovapeneira.gal\/index.php\/2021\/08\/16\/independentismo-e-cuestion-confederal\/"]}]},{"@type":"ImageObject","inLanguage":"gl-ES","@id":"https:\/\/www.anovapeneira.gal\/index.php\/2021\/08\/16\/independentismo-e-cuestion-confederal\/#primaryimage","url":"https:\/\/www.anovapeneira.gal\/wp-content\/uploads\/2019\/07\/ARTIGO_DE_OPINION_A_NOVA_PENEIRA.jpg","contentUrl":"https:\/\/www.anovapeneira.gal\/wp-content\/uploads\/2019\/07\/ARTIGO_DE_OPINION_A_NOVA_PENEIRA.jpg","width":720,"height":473,"caption":"Artigo de opini\u00f3n A Nova Peneira"},{"@type":"BreadcrumbList","@id":"https:\/\/www.anovapeneira.gal\/index.php\/2021\/08\/16\/independentismo-e-cuestion-confederal\/#breadcrumb","itemListElement":[{"@type":"ListItem","position":1,"name":"Portada","item":"https:\/\/www.anovapeneira.gal\/"},{"@type":"ListItem","position":2,"name":"Independentismo e cuesti\u00f3n (con)federal"}]},{"@type":"WebSite","@id":"https:\/\/www.anovapeneira.gal\/#website","url":"https:\/\/www.anovapeneira.gal\/","name":"","description":"Xornal galego de informaci\u00f3n xeral Publicaci\u00f3n mensual de novas de Galicia e en especial dos Concellos da sur da provincia de Pontevedra.","publisher":{"@id":"https:\/\/www.anovapeneira.gal\/#organization"},"potentialAction":[{"@type":"SearchAction","target":{"@type":"EntryPoint","urlTemplate":"https:\/\/www.anovapeneira.gal\/?s={search_term_string}"},"query-input":{"@type":"PropertyValueSpecification","valueRequired":true,"valueName":"search_term_string"}}],"inLanguage":"gl-ES"},{"@type":"Organization","@id":"https:\/\/www.anovapeneira.gal\/#organization","name":"A Nova Peneira","url":"https:\/\/www.anovapeneira.gal\/","logo":{"@type":"ImageObject","inLanguage":"gl-ES","@id":"https:\/\/www.anovapeneira.gal\/#\/schema\/logo\/image\/","url":"http:\/\/www.anovapeneira.gal\/wp-content\/uploads\/2019\/06\/logo_a_nova_peneira_portal_web.png","contentUrl":"http:\/\/www.anovapeneira.gal\/wp-content\/uploads\/2019\/06\/logo_a_nova_peneira_portal_web.png","width":300,"height":100,"caption":"A Nova Peneira"},"image":{"@id":"https:\/\/www.anovapeneira.gal\/#\/schema\/logo\/image\/"},"sameAs":["https:\/\/www.facebook.com\/anovapeneira","https:\/\/x.com\/APeneira"]},{"@type":"Person","@id":"https:\/\/www.anovapeneira.gal\/#\/schema\/person\/3df7d3e1f38ddcee2ddb9d0bee1a0628","name":"Moncho Lareu","image":{"@type":"ImageObject","inLanguage":"gl-ES","@id":"https:\/\/secure.gravatar.com\/avatar\/47b1711433a3b83d9747992d63c05708f734f76ad2d588ae93638a06737a5471?s=96&d=mm&r=g","url":"https:\/\/secure.gravatar.com\/avatar\/47b1711433a3b83d9747992d63c05708f734f76ad2d588ae93638a06737a5471?s=96&d=mm&r=g","contentUrl":"https:\/\/secure.gravatar.com\/avatar\/47b1711433a3b83d9747992d63c05708f734f76ad2d588ae93638a06737a5471?s=96&d=mm&r=g","caption":"Moncho Lareu"},"sameAs":["http:\/\/www.anovapeneira.gal\/"],"url":"https:\/\/www.anovapeneira.gal\/index.php\/author\/moncho-lareu\/"}]}},"jetpack_featured_media_url":"https:\/\/www.anovapeneira.gal\/wp-content\/uploads\/2019\/07\/ARTIGO_DE_OPINION_A_NOVA_PENEIRA.jpg","_links":{"self":[{"href":"https:\/\/www.anovapeneira.gal\/index.php\/wp-json\/wp\/v2\/posts\/5932","targetHints":{"allow":["GET"]}}],"collection":[{"href":"https:\/\/www.anovapeneira.gal\/index.php\/wp-json\/wp\/v2\/posts"}],"about":[{"href":"https:\/\/www.anovapeneira.gal\/index.php\/wp-json\/wp\/v2\/types\/post"}],"author":[{"embeddable":true,"href":"https:\/\/www.anovapeneira.gal\/index.php\/wp-json\/wp\/v2\/users\/20"}],"replies":[{"embeddable":true,"href":"https:\/\/www.anovapeneira.gal\/index.php\/wp-json\/wp\/v2\/comments?post=5932"}],"version-history":[{"count":1,"href":"https:\/\/www.anovapeneira.gal\/index.php\/wp-json\/wp\/v2\/posts\/5932\/revisions"}],"predecessor-version":[{"id":5933,"href":"https:\/\/www.anovapeneira.gal\/index.php\/wp-json\/wp\/v2\/posts\/5932\/revisions\/5933"}],"wp:featuredmedia":[{"embeddable":true,"href":"https:\/\/www.anovapeneira.gal\/index.php\/wp-json\/wp\/v2\/media\/584"}],"wp:attachment":[{"href":"https:\/\/www.anovapeneira.gal\/index.php\/wp-json\/wp\/v2\/media?parent=5932"}],"wp:term":[{"taxonomy":"category","embeddable":true,"href":"https:\/\/www.anovapeneira.gal\/index.php\/wp-json\/wp\/v2\/categories?post=5932"},{"taxonomy":"post_tag","embeddable":true,"href":"https:\/\/www.anovapeneira.gal\/index.php\/wp-json\/wp\/v2\/tags?post=5932"}],"curies":[{"name":"wp","href":"https:\/\/api.w.org\/{rel}","templated":true}]}}