{"id":5934,"date":"2021-08-16T12:00:37","date_gmt":"2021-08-16T10:00:37","guid":{"rendered":"https:\/\/www.anovapeneira.gal\/?p=5934"},"modified":"2021-08-13T18:23:17","modified_gmt":"2021-08-13T16:23:17","slug":"felix-juncal-alcalde-de-bueu-2","status":"publish","type":"post","link":"https:\/\/www.anovapeneira.gal\/index.php\/2021\/08\/16\/felix-juncal-alcalde-de-bueu-2\/","title":{"rendered":"F\u00e9lix Juncal alcalde de Bueu"},"content":{"rendered":"\n<pre class=\"wp-block-verse\">Tino Lago<\/pre>\n\n\n\n<p><strong>No ano 2.019 o BNG de Bueu, encabezado por F\u00e9lix Juncal acadaba a s\u00faa cuarta vitoria consecutiva nas elecci\u00f3ns municipais. Por\u00e9n, desta volta sufriu un importante descenso tanto en votos como en concelleir@s, pois pasou de 12 a 8 perdendo a maior\u00eda absoluta. Naquel momento hab\u00eda unha pulsi\u00f3n, de certa importancia, polas r\u00faas de Bueu que falaba dunha certa relaxaci\u00f3n do goberno local. F\u00e9lix manifestounos ser co\u00f1ecedor desa corrente de opini\u00f3n, comprendela e respectala pero consideraba que non se correspond\u00eda coa realidade. Hoxe, no ecuador do mandato, volvemos falar con el e encontr\u00e1molo con moita enerx\u00eda, ilusionado e con forza para seguir pelexando. Vela\u00ed vai o que deu de si a nosa conversa<\/strong><\/p>\n\n\n\n<p>\u201c<strong>Te\u00f1o toneladas de ilusi\u00f3n e ga\u00f1as por seguir facendo cousas para mellorar a vida da veci\u00f1anza de Bueu \u201c<\/strong><\/p>\n\n\n\n<p><strong>A \u00faltima vez que conversamos, pouco despois de ga\u00f1ares as municipais do 2.019 , comenteiche que nas r\u00faas de Bueu hab\u00eda segmentos de poboaci\u00f3n que consideraban a existencia dunha certa relaxaci\u00f3n do teu goberno. Ti manifestaches e defendiches o teu desacordo pero dixeches que eras consciente da existencia desa pulsi\u00f3n. Hoxe, no ecuador do mandato, est\u00e1s relaxado F\u00e9lix?<\/strong><\/p>\n\n\n\n<blockquote class=\"wp-block-quote is-layout-flow wp-block-quote-is-layout-flow\"><p>Ben, lembro todo o que dis e a mi\u00f1a resposta \u00e9 a mesma que hai dous anos; non, non estou relaxado en absoluto. Asemade, desta volta creo que nin sequera as persoas m\u00e1is esc\u00e9pticas poden considerar que este mandato, pand\u00e9mico, estea a ser relaxado para n\u00f3s. Todo o contrario, est\u00e1 a ser un mandato dunha extraordinaria tensi\u00f3n no que como consecuencia da situaci\u00f3n sanitaria xorden realidades que son imposibles de resolver para un goberno municipal. A pesar da enorme dificultade do contexto COVID e das dificultades administrativas ,cada vez maiores, para tramitar todo tipo de proxectos, penso que estamos avanzando bastante ben nos obxectivos que nos marcaramos ao inicio do mandato.<\/p><\/blockquote>\n\n\n\n<p><strong>A d\u00eda de hoxe, 11 de agosto, como est\u00e1 a situaci\u00f3n sanitaria en Bueu?<\/strong><\/p>\n\n\n\n<blockquote class=\"wp-block-quote is-layout-flow wp-block-quote-is-layout-flow\"><p>Hai uns d\u00edas estabamos moi preocupados pois pasamos de 73 a 90 casos activos. Agora mesmo estamos en 81 casos. Levamos dous d\u00edas consecutivos \u00e1 baixa. Agardo que se confirme a tendencia descendente<\/p><\/blockquote>\n\n\n\n<p><strong>Outros alcaldes e alcaldesas dinme que a pandemia provocou un aumento significativo de familias que precisan da axuda dos servizos sociais do concello, incluso para atender as necesidades m\u00e1is b\u00e1sicas. En Bueu notastes esta situaci\u00f3n?<\/strong><\/p>\n\n\n\n<blockquote class=\"wp-block-quote is-layout-flow wp-block-quote-is-layout-flow\"><p>Si. O ano pasado o persoal de servizos sociais tivo que se multiplicar para atender a moitas m\u00e1is persoas e familias. Realizaron un moi bo traballo e contin\u00faan e continuar\u00e1n fac\u00e9ndoo na medida que as necesidades poidan persistir sen baixar a garda en absoluto.<\/p><\/blockquote>\n\n\n\n<p><strong>Falemos da RPT que acabades de aprobar. O PP manifestou a s\u00faa oposici\u00f3n afirmando que a aprobastes con informes contrarios dos t\u00e9cnicos municipais. Que ten que dicir o alcalde?<\/strong><\/p>\n\n\n\n<blockquote class=\"wp-block-quote is-layout-flow wp-block-quote-is-layout-flow\"><p>Si, iso era algo que n\u00f3s xa sabiamos e xa apuntabamos que \u00eda ser as\u00ed. Entendemos que a decisi\u00f3n do goberno \u00e9 a correcta e est\u00e1 apoiada por un informe xur\u00eddico<\/p><\/blockquote>\n\n\n\n<p><strong>De quen \u00e9 o informe?<\/strong><\/p>\n\n\n\n<blockquote class=\"wp-block-quote is-layout-flow wp-block-quote-is-layout-flow\"><p>\u00c9 externo. Un informe especializado e rigoroso da empresa Galivalia<\/p><\/blockquote>\n\n\n\n<p><strong>Esa empresa \u00e9 \u00e1 que denominou o PP de Bueu como \u201cantigos asesores de Anxo Quintana\u201d?<\/strong><\/p>\n\n\n\n<blockquote class=\"wp-block-quote is-layout-flow wp-block-quote-is-layout-flow\"><p>Eu non co\u00f1ezo aos seus clientes, pero si podo dicir con certeza que colaboran con moitos concellos na tramitaci\u00f3n de RPTs e asesoran moitas administraci\u00f3ns en cuesti\u00f3ns diversas. O seu rigor e a s\u00faa solvencia est\u00e1n de sobra acreditados. O que non \u00e9 de recibo \u00e9 o que fai o PP; criticar ao goberno por non aprobar unha RPT e logo criticalo tam\u00e9n por aprobala<\/p><\/blockquote>\n\n\n\n<p><strong>En calquera caso chamoume a atenci\u00f3n a dura oposici\u00f3n do PP e logo que se abstiveran e non votaran en contra?<\/strong><\/p>\n\n\n\n<blockquote class=\"wp-block-quote is-layout-flow wp-block-quote-is-layout-flow\"><p>Si, a min tam\u00e9n. Non quixeron dar a cara diante das traballadoras e traballadores co NON, que \u00e9 o que realmente querer\u00edan votar<\/p><\/blockquote>\n\n\n\n<p><strong>A RPT vai vir acompa\u00f1ada dunha suba de impostos municipais?<\/strong><\/p>\n\n\n\n<blockquote class=\"wp-block-quote is-layout-flow wp-block-quote-is-layout-flow\"><p>En principio non est\u00e1 na axenda do goberno. A\u00ednda que non est\u00e1 de m\u00e1is recordar que este goberno leva desde o 2.005 sen actualizar as taxas e impostos municipais, e nestes \u00faltimos anos a suba do IPC acumulado \u00e9 tranquilamente dun 10%, o tipo do IVE sobe tam\u00e9n do 16 ao 21.\u00c9 dicir nestes anos o noso gasto sobe un m\u00ednimo de 15 puntos. E non actualizamos os impostos<\/p><\/blockquote>\n\n\n\n<p><strong>Que tal as relaci\u00f3ns co teu socio de goberno de ACB SON?<\/strong><\/p>\n\n\n\n<blockquote class=\"wp-block-quote is-layout-flow wp-block-quote-is-layout-flow\"><p>O entendemento e a comodidade son impecables<\/p><\/blockquote>\n\n\n\n<p><strong>E a oposici\u00f3n do PP como a valoras?<\/strong><\/p>\n\n\n\n<blockquote class=\"wp-block-quote is-layout-flow wp-block-quote-is-layout-flow\"><p>O PP de Bueu non ten un proxecto para Bueu pensado desde Bueu. Son s\u00f3 unha sucursal do PP de Santiago. Non te\u00f1en perfil propio. Eu sempre lle estarei agradecido ao BNG pola confianza e pola autonom\u00eda para podemos facer o noso proxecto para Bueu, desde Bueu. Pensando s\u00f3 no ben com\u00fan de Bueu.<\/p><\/blockquote>\n\n\n\n<p><strong>Como est\u00e1 na actualidade a situaci\u00f3n da veci\u00f1anza de Ons?<\/strong><\/p>\n\n\n\n<blockquote class=\"wp-block-quote is-layout-flow wp-block-quote-is-layout-flow\"><p>Est\u00e1 tranquila. Demostrouse que as e os veci\u00f1os ti\u00f1an raz\u00f3n. Os controis que pretend\u00edan establecer a trav\u00e9s de carn\u00e9s non ti\u00f1an raz\u00f3n de ser. Neste momento tanto eles como o seu entorno poden iren con liberdade \u00e1s s\u00faas vivendas<\/p><\/blockquote>\n\n\n\n<p><strong>Temos que darche os parab\u00e9ns pola inauguraci\u00f3n da piscina, sen d\u00fabida un logro moi importante para Bueu. Pero da s\u00faa xesti\u00f3n est\u00e1s satisfeito?<\/strong><\/p>\n\n\n\n<blockquote class=\"wp-block-quote is-layout-flow wp-block-quote-is-layout-flow\"><p>A s\u00faa xesti\u00f3n, de momento \u00e9 parcial e transitoria. N\u00f3s agardamos que de cara a outono poidamos ter un contrato para a prestaci\u00f3n do servizo. Ese contrato levar\u00e1 impl\u00edcito que a empresa a que se lle adxudique ten que incorporar o equipamento necesario para as salas das distintas actividades f\u00edsicas<\/p><\/blockquote>\n\n\n\n<p><strong>Que volume de usuarios e usuarias aproximado ten de momento?<\/strong><\/p>\n\n\n\n<blockquote class=\"wp-block-quote is-layout-flow wp-block-quote-is-layout-flow\"><p>A pesar do escepticismo de moitos e de que a\u00ednda faltan as salas para actividade f\u00edsica temos arredor de 1.200 persoas inscritas que a utilizan con regularidade. Hai que aclarar que de momento \u00e9 gratu\u00edta, pero que cando comecemos a cobrar os prezos van ser razoables<\/p><\/blockquote>\n\n\n\n<p><strong>Que coste anual vai ter o mantemento da piscina?<\/strong><\/p>\n\n\n\n<blockquote class=\"wp-block-quote is-layout-flow wp-block-quote-is-layout-flow\"><p>Arredor de 400.000\u20ac<\/p><\/blockquote>\n\n\n\n<p><strong>Cando se comece a cobrar que porcentaxe prev\u00e9s que sufrague o concello?<\/strong><\/p>\n\n\n\n<blockquote class=\"wp-block-quote is-layout-flow wp-block-quote-is-layout-flow\"><p>Todo depende dos ingresos que consigamos, pero o que sexa necesario ,claro.<\/p><\/blockquote>\n\n\n\n<p><strong>\u00c9 verdade que a piscina f\u00edxose con fondos do Concello e da DEP, pois a Xunta puxo 0\u20ac?<\/strong><\/p>\n\n\n\n<blockquote class=\"wp-block-quote is-layout-flow wp-block-quote-is-layout-flow\"><p>Si, \u00e9 verdade<\/p><\/blockquote>\n\n\n\n<p><strong>Pero ped\u00edsteslle colaboraci\u00f3n econ\u00f3mica?<\/strong><\/p>\n\n\n\n<blockquote class=\"wp-block-quote is-layout-flow wp-block-quote-is-layout-flow\"><p>Reiteradas veces<\/p><\/blockquote>\n\n\n\n<p><strong>E que vos contestaron?<\/strong><\/p>\n\n\n\n<blockquote class=\"wp-block-quote is-layout-flow wp-block-quote-is-layout-flow\"><p>Non nos contestaron<\/p><\/blockquote>\n\n\n\n<p><strong>Tedes mal rollo co museo Masso?<\/strong><\/p>\n\n\n\n<blockquote class=\"wp-block-quote is-layout-flow wp-block-quote-is-layout-flow\"><p>Non, mal rollo, non. Si houbo un motivo de certo distanciamento derivado do proxecto de rehabilitaci\u00f3n da carpinter\u00eda de Ribeira .N\u00f3s tomamos unha decisi\u00f3n que ti\u00f1a que ver cun criterio esencial : A seguridade. Parte da estrutura estaba en moi mal estado e non quedou m\u00e1is remedio que modificar. Al\u00ed xurdiron as diferencias. Eu qu\u00e9dome coa satisfacci\u00f3n de non termos nin un s\u00f3 reproche da direcci\u00f3n xeral de patrimonio e quero dar as grazas a todas as persoas que co seu compromiso social son as responsables de que esa carpinter\u00eda se conservase.<\/p><\/blockquote>\n\n\n\n<p><strong>Na zona de Cividade hai un cami\u00f1o no que un poste de Naturgy impedir\u00eda o paso a unha ambulancia se tivera que desprazarse ata algunha desas casas. Es co\u00f1ecedor desta circunstancia?<\/strong><\/p>\n\n\n\n<blockquote class=\"wp-block-quote is-layout-flow wp-block-quote-is-layout-flow\"><p>Si, claro. \u00c9 nun cami\u00f1o que vai de Norte a Cividade. Pero \u00e9 un poste de media tensi\u00f3n e iso non \u00e9 nada f\u00e1cil. Xa hai anos intentamos resolvelo e con motivo dunha actuaci\u00f3n que tivemos recentemente volv\u00e9ronme a preguntar por iso. Novamente intentaremos estudar todas as posibles soluci\u00f3ns a ese problema<\/p><\/blockquote>\n\n\n\n<p><strong>Imos facer algo na Banda do R\u00edo?<\/strong><\/p>\n\n\n\n<blockquote class=\"wp-block-quote is-layout-flow wp-block-quote-is-layout-flow\"><p>Agora mesmo estamos traballando a nivel t\u00e9cnico no dese\u00f1o do futuro do Barrio. Haber\u00e1 un tratamento integral<\/p><\/blockquote>\n\n\n\n<p><strong>Este \u00e9 o teu \u00faltimo mandato F\u00e9lix?<\/strong><\/p>\n\n\n\n<blockquote class=\"wp-block-quote is-layout-flow wp-block-quote-is-layout-flow\"><p>Non podo responder a iso de momento<\/p><\/blockquote>\n\n\n\n<p><strong>Escoitei algunhas voces que me manifestaron que est\u00e1s canso<\/strong><\/p>\n\n\n\n<blockquote class=\"wp-block-quote is-layout-flow wp-block-quote-is-layout-flow\"><p>Pois non. Todo o contrario. Estou ilusionado, moi estimulado e con moitas ga\u00f1as de seguir facendo cousas. Que este sexa o meu \u00faltimo mandato ou non, non se poder\u00e1 saber ata dentro de dous anos e depender\u00e1 de tres variables: a mi\u00f1a decisi\u00f3n persoal, a decisi\u00f3n colectiva dos compa\u00f1eiros e compa\u00f1eiras do BNG e, de ser o caso que me volva presentar a vontade maioritaria da veci\u00f1anza de Bueu.<\/p><\/blockquote>\n\n\n\n<p><strong>Rematamos alcalde. Nestes dous anos que quedan de mandato temos previsto algunha actuaci\u00f3n relevante?<\/strong><\/p>\n\n\n\n<blockquote class=\"wp-block-quote is-layout-flow wp-block-quote-is-layout-flow\"><p>Hai moitas pero por destacar algunha falar dun proxecto que consiste en que a partir da Biblioteca municipal crear un novo espazo fermoso con moitos e m\u00e1is variados servizos que ata o momento non estabamos en condici\u00f3ns de prestar. Tam\u00e9n imos completar a actuaci\u00f3n na carpinter\u00eda de Ribeira , por outra parte estamos a poucos d\u00edas de que comece a segunda fase da rexeneraci\u00f3n do entorno da igrexa de Hermelo&#8230;En definitiva; te\u00f1o ilusi\u00f3n e ga\u00f1as a toneladas por seguir facendo cousas que melloren a vida da veci\u00f1anza<\/p><\/blockquote>\n","protected":false},"excerpt":{"rendered":"<div class=\"mh-excerpt\"><p>No ano 2.019 o BNG de Bueu, encabezado por F\u00e9lix Juncal acadaba a s\u00faa cuarta vitoria consecutiva nas elecci\u00f3ns municipais. Por\u00e9n, desta volta sufriu un importante descenso tanto en votos como en concelleir@s, pois pasou de 12 a 8 perdendo a maior\u00eda absoluta <a class=\"mh-excerpt-more\" href=\"https:\/\/www.anovapeneira.gal\/index.php\/2021\/08\/16\/felix-juncal-alcalde-de-bueu-2\/\" title=\"F\u00e9lix Juncal alcalde de Bueu\">[&#8230;]<\/a><\/p>\n<\/div>","protected":false},"author":2,"featured_media":5935,"comment_status":"open","ping_status":"open","sticky":false,"template":"","format":"standard","meta":{"_exactmetrics_skip_tracking":false,"_exactmetrics_sitenote_active":false,"_exactmetrics_sitenote_note":"","_exactmetrics_sitenote_category":0,"footnotes":""},"categories":[268],"tags":[440],"class_list":{"0":"post-5934","1":"post","2":"type-post","3":"status-publish","4":"format-standard","5":"has-post-thumbnail","7":"category-morrazo-entrevistas","8":"tag-concello-de-bueu"},"yoast_head":"<!-- This site is optimized with the Yoast SEO plugin v27.4 - https:\/\/yoast.com\/product\/yoast-seo-wordpress\/ -->\n<title>F\u00e9lix Juncal alcalde de Bueu -<\/title>\n<meta name=\"description\" content=\"No ano 2.019 o BNG de Bueu, encabezado por F\u00e9lix Juncal acadaba a s\u00faa cuarta vitoria consecutiva nas elecci\u00f3ns municipais. Por\u00e9n, desta volta sufriu un importante descenso tanto en votos como en concelleir@s, pois pasou de 12 a 8 perdendo a maior\u00eda absoluta\" \/>\n<meta name=\"robots\" content=\"index, follow, max-snippet:-1, max-image-preview:large, max-video-preview:-1\" \/>\n<link rel=\"canonical\" href=\"https:\/\/www.anovapeneira.gal\/index.php\/2021\/08\/16\/felix-juncal-alcalde-de-bueu-2\/\" \/>\n<meta property=\"og:locale\" content=\"gl_ES\" \/>\n<meta property=\"og:type\" content=\"article\" \/>\n<meta property=\"og:title\" content=\"F\u00e9lix Juncal alcalde de Bueu -\" \/>\n<meta property=\"og:description\" content=\"No ano 2.019 o BNG de Bueu, encabezado por F\u00e9lix Juncal acadaba a s\u00faa cuarta vitoria consecutiva nas elecci\u00f3ns municipais. Por\u00e9n, desta volta sufriu un importante descenso tanto en votos como en concelleir@s, pois pasou de 12 a 8 perdendo a maior\u00eda absoluta\" \/>\n<meta property=\"og:url\" content=\"https:\/\/www.anovapeneira.gal\/index.php\/2021\/08\/16\/felix-juncal-alcalde-de-bueu-2\/\" \/>\n<meta property=\"article:publisher\" content=\"https:\/\/www.facebook.com\/anovapeneira\" \/>\n<meta property=\"article:published_time\" content=\"2021-08-16T10:00:37+00:00\" \/>\n<meta property=\"og:image\" content=\"https:\/\/www.anovapeneira.gal\/wp-content\/uploads\/2021\/08\/felix_bueu.jpg\" \/>\n\t<meta property=\"og:image:width\" content=\"1500\" \/>\n\t<meta property=\"og:image:height\" content=\"790\" \/>\n\t<meta property=\"og:image:type\" content=\"image\/jpeg\" \/>\n<meta name=\"author\" content=\"Tino Lago\" \/>\n<meta name=\"twitter:card\" content=\"summary_large_image\" \/>\n<meta name=\"twitter:creator\" content=\"@APeneira\" \/>\n<meta name=\"twitter:site\" content=\"@APeneira\" \/>\n<meta name=\"twitter:label1\" content=\"Escrito por\" \/>\n\t<meta name=\"twitter:data1\" content=\"Tino Lago\" \/>\n\t<meta name=\"twitter:label2\" content=\"Tempo de lectura\" \/>\n\t<meta name=\"twitter:data2\" content=\"7 minutos\" \/>\n<script type=\"application\/ld+json\" class=\"yoast-schema-graph\">{\"@context\":\"https:\\\/\\\/schema.org\",\"@graph\":[{\"@type\":\"Article\",\"@id\":\"https:\\\/\\\/www.anovapeneira.gal\\\/index.php\\\/2021\\\/08\\\/16\\\/felix-juncal-alcalde-de-bueu-2\\\/#article\",\"isPartOf\":{\"@id\":\"https:\\\/\\\/www.anovapeneira.gal\\\/index.php\\\/2021\\\/08\\\/16\\\/felix-juncal-alcalde-de-bueu-2\\\/\"},\"author\":{\"name\":\"Tino Lago\",\"@id\":\"https:\\\/\\\/www.anovapeneira.gal\\\/#\\\/schema\\\/person\\\/424dfe65e3070fd8a44d22d2c088762a\"},\"headline\":\"F\u00e9lix Juncal alcalde de Bueu\",\"datePublished\":\"2021-08-16T10:00:37+00:00\",\"mainEntityOfPage\":{\"@id\":\"https:\\\/\\\/www.anovapeneira.gal\\\/index.php\\\/2021\\\/08\\\/16\\\/felix-juncal-alcalde-de-bueu-2\\\/\"},\"wordCount\":1548,\"commentCount\":0,\"publisher\":{\"@id\":\"https:\\\/\\\/www.anovapeneira.gal\\\/#organization\"},\"image\":{\"@id\":\"https:\\\/\\\/www.anovapeneira.gal\\\/index.php\\\/2021\\\/08\\\/16\\\/felix-juncal-alcalde-de-bueu-2\\\/#primaryimage\"},\"thumbnailUrl\":\"https:\\\/\\\/www.anovapeneira.gal\\\/wp-content\\\/uploads\\\/2021\\\/08\\\/felix_bueu.jpg\",\"keywords\":[\"Concello de Bueu\"],\"articleSection\":[\"Morrazo\"],\"inLanguage\":\"gl-ES\",\"potentialAction\":[{\"@type\":\"CommentAction\",\"name\":\"Comment\",\"target\":[\"https:\\\/\\\/www.anovapeneira.gal\\\/index.php\\\/2021\\\/08\\\/16\\\/felix-juncal-alcalde-de-bueu-2\\\/#respond\"]}]},{\"@type\":\"WebPage\",\"@id\":\"https:\\\/\\\/www.anovapeneira.gal\\\/index.php\\\/2021\\\/08\\\/16\\\/felix-juncal-alcalde-de-bueu-2\\\/\",\"url\":\"https:\\\/\\\/www.anovapeneira.gal\\\/index.php\\\/2021\\\/08\\\/16\\\/felix-juncal-alcalde-de-bueu-2\\\/\",\"name\":\"F\u00e9lix Juncal alcalde de Bueu -\",\"isPartOf\":{\"@id\":\"https:\\\/\\\/www.anovapeneira.gal\\\/#website\"},\"primaryImageOfPage\":{\"@id\":\"https:\\\/\\\/www.anovapeneira.gal\\\/index.php\\\/2021\\\/08\\\/16\\\/felix-juncal-alcalde-de-bueu-2\\\/#primaryimage\"},\"image\":{\"@id\":\"https:\\\/\\\/www.anovapeneira.gal\\\/index.php\\\/2021\\\/08\\\/16\\\/felix-juncal-alcalde-de-bueu-2\\\/#primaryimage\"},\"thumbnailUrl\":\"https:\\\/\\\/www.anovapeneira.gal\\\/wp-content\\\/uploads\\\/2021\\\/08\\\/felix_bueu.jpg\",\"datePublished\":\"2021-08-16T10:00:37+00:00\",\"description\":\"No ano 2.019 o BNG de Bueu, encabezado por F\u00e9lix Juncal acadaba a s\u00faa cuarta vitoria consecutiva nas elecci\u00f3ns municipais. Por\u00e9n, desta volta sufriu un importante descenso tanto en votos como en concelleir@s, pois pasou de 12 a 8 perdendo a maior\u00eda absoluta\",\"breadcrumb\":{\"@id\":\"https:\\\/\\\/www.anovapeneira.gal\\\/index.php\\\/2021\\\/08\\\/16\\\/felix-juncal-alcalde-de-bueu-2\\\/#breadcrumb\"},\"inLanguage\":\"gl-ES\",\"potentialAction\":[{\"@type\":\"ReadAction\",\"target\":[\"https:\\\/\\\/www.anovapeneira.gal\\\/index.php\\\/2021\\\/08\\\/16\\\/felix-juncal-alcalde-de-bueu-2\\\/\"]}]},{\"@type\":\"ImageObject\",\"inLanguage\":\"gl-ES\",\"@id\":\"https:\\\/\\\/www.anovapeneira.gal\\\/index.php\\\/2021\\\/08\\\/16\\\/felix-juncal-alcalde-de-bueu-2\\\/#primaryimage\",\"url\":\"https:\\\/\\\/www.anovapeneira.gal\\\/wp-content\\\/uploads\\\/2021\\\/08\\\/felix_bueu.jpg\",\"contentUrl\":\"https:\\\/\\\/www.anovapeneira.gal\\\/wp-content\\\/uploads\\\/2021\\\/08\\\/felix_bueu.jpg\",\"width\":1500,\"height\":790,\"caption\":\"Alcalde de Bueu\"},{\"@type\":\"BreadcrumbList\",\"@id\":\"https:\\\/\\\/www.anovapeneira.gal\\\/index.php\\\/2021\\\/08\\\/16\\\/felix-juncal-alcalde-de-bueu-2\\\/#breadcrumb\",\"itemListElement\":[{\"@type\":\"ListItem\",\"position\":1,\"name\":\"Portada\",\"item\":\"https:\\\/\\\/www.anovapeneira.gal\\\/\"},{\"@type\":\"ListItem\",\"position\":2,\"name\":\"F\u00e9lix Juncal alcalde de Bueu\"}]},{\"@type\":\"WebSite\",\"@id\":\"https:\\\/\\\/www.anovapeneira.gal\\\/#website\",\"url\":\"https:\\\/\\\/www.anovapeneira.gal\\\/\",\"name\":\"\",\"description\":\"Xornal galego de informaci\u00f3n xeral Publicaci\u00f3n mensual de novas de Galicia e en especial dos Concellos da sur da provincia de Pontevedra.\",\"publisher\":{\"@id\":\"https:\\\/\\\/www.anovapeneira.gal\\\/#organization\"},\"potentialAction\":[{\"@type\":\"SearchAction\",\"target\":{\"@type\":\"EntryPoint\",\"urlTemplate\":\"https:\\\/\\\/www.anovapeneira.gal\\\/?s={search_term_string}\"},\"query-input\":{\"@type\":\"PropertyValueSpecification\",\"valueRequired\":true,\"valueName\":\"search_term_string\"}}],\"inLanguage\":\"gl-ES\"},{\"@type\":\"Organization\",\"@id\":\"https:\\\/\\\/www.anovapeneira.gal\\\/#organization\",\"name\":\"A Nova Peneira\",\"url\":\"https:\\\/\\\/www.anovapeneira.gal\\\/\",\"logo\":{\"@type\":\"ImageObject\",\"inLanguage\":\"gl-ES\",\"@id\":\"https:\\\/\\\/www.anovapeneira.gal\\\/#\\\/schema\\\/logo\\\/image\\\/\",\"url\":\"http:\\\/\\\/www.anovapeneira.gal\\\/wp-content\\\/uploads\\\/2019\\\/06\\\/logo_a_nova_peneira_portal_web.png\",\"contentUrl\":\"http:\\\/\\\/www.anovapeneira.gal\\\/wp-content\\\/uploads\\\/2019\\\/06\\\/logo_a_nova_peneira_portal_web.png\",\"width\":300,\"height\":100,\"caption\":\"A Nova Peneira\"},\"image\":{\"@id\":\"https:\\\/\\\/www.anovapeneira.gal\\\/#\\\/schema\\\/logo\\\/image\\\/\"},\"sameAs\":[\"https:\\\/\\\/www.facebook.com\\\/anovapeneira\",\"https:\\\/\\\/x.com\\\/APeneira\"]},{\"@type\":\"Person\",\"@id\":\"https:\\\/\\\/www.anovapeneira.gal\\\/#\\\/schema\\\/person\\\/424dfe65e3070fd8a44d22d2c088762a\",\"name\":\"Tino Lago\",\"image\":{\"@type\":\"ImageObject\",\"inLanguage\":\"gl-ES\",\"@id\":\"https:\\\/\\\/secure.gravatar.com\\\/avatar\\\/b3df6a06e44bab3111583b90f0f33a0379ee5e3d22cbadd232d39f21c30c62be?s=96&d=mm&r=g\",\"url\":\"https:\\\/\\\/secure.gravatar.com\\\/avatar\\\/b3df6a06e44bab3111583b90f0f33a0379ee5e3d22cbadd232d39f21c30c62be?s=96&d=mm&r=g\",\"contentUrl\":\"https:\\\/\\\/secure.gravatar.com\\\/avatar\\\/b3df6a06e44bab3111583b90f0f33a0379ee5e3d22cbadd232d39f21c30c62be?s=96&d=mm&r=g\",\"caption\":\"Tino Lago\"},\"sameAs\":[\"http:\\\/\\\/www.anovapeneira.gal\"],\"url\":\"https:\\\/\\\/www.anovapeneira.gal\\\/index.php\\\/author\\\/director\\\/\"}]}<\/script>\n<!-- \/ Yoast SEO plugin. -->","yoast_head_json":{"title":"F\u00e9lix Juncal alcalde de Bueu -","description":"No ano 2.019 o BNG de Bueu, encabezado por F\u00e9lix Juncal acadaba a s\u00faa cuarta vitoria consecutiva nas elecci\u00f3ns municipais. Por\u00e9n, desta volta sufriu un importante descenso tanto en votos como en concelleir@s, pois pasou de 12 a 8 perdendo a maior\u00eda absoluta","robots":{"index":"index","follow":"follow","max-snippet":"max-snippet:-1","max-image-preview":"max-image-preview:large","max-video-preview":"max-video-preview:-1"},"canonical":"https:\/\/www.anovapeneira.gal\/index.php\/2021\/08\/16\/felix-juncal-alcalde-de-bueu-2\/","og_locale":"gl_ES","og_type":"article","og_title":"F\u00e9lix Juncal alcalde de Bueu -","og_description":"No ano 2.019 o BNG de Bueu, encabezado por F\u00e9lix Juncal acadaba a s\u00faa cuarta vitoria consecutiva nas elecci\u00f3ns municipais. Por\u00e9n, desta volta sufriu un importante descenso tanto en votos como en concelleir@s, pois pasou de 12 a 8 perdendo a maior\u00eda absoluta","og_url":"https:\/\/www.anovapeneira.gal\/index.php\/2021\/08\/16\/felix-juncal-alcalde-de-bueu-2\/","article_publisher":"https:\/\/www.facebook.com\/anovapeneira","article_published_time":"2021-08-16T10:00:37+00:00","og_image":[{"width":1500,"height":790,"url":"https:\/\/www.anovapeneira.gal\/wp-content\/uploads\/2021\/08\/felix_bueu.jpg","type":"image\/jpeg"}],"author":"Tino Lago","twitter_card":"summary_large_image","twitter_creator":"@APeneira","twitter_site":"@APeneira","twitter_misc":{"Escrito por":"Tino Lago","Tempo de lectura":"7 minutos"},"schema":{"@context":"https:\/\/schema.org","@graph":[{"@type":"Article","@id":"https:\/\/www.anovapeneira.gal\/index.php\/2021\/08\/16\/felix-juncal-alcalde-de-bueu-2\/#article","isPartOf":{"@id":"https:\/\/www.anovapeneira.gal\/index.php\/2021\/08\/16\/felix-juncal-alcalde-de-bueu-2\/"},"author":{"name":"Tino Lago","@id":"https:\/\/www.anovapeneira.gal\/#\/schema\/person\/424dfe65e3070fd8a44d22d2c088762a"},"headline":"F\u00e9lix Juncal alcalde de Bueu","datePublished":"2021-08-16T10:00:37+00:00","mainEntityOfPage":{"@id":"https:\/\/www.anovapeneira.gal\/index.php\/2021\/08\/16\/felix-juncal-alcalde-de-bueu-2\/"},"wordCount":1548,"commentCount":0,"publisher":{"@id":"https:\/\/www.anovapeneira.gal\/#organization"},"image":{"@id":"https:\/\/www.anovapeneira.gal\/index.php\/2021\/08\/16\/felix-juncal-alcalde-de-bueu-2\/#primaryimage"},"thumbnailUrl":"https:\/\/www.anovapeneira.gal\/wp-content\/uploads\/2021\/08\/felix_bueu.jpg","keywords":["Concello de Bueu"],"articleSection":["Morrazo"],"inLanguage":"gl-ES","potentialAction":[{"@type":"CommentAction","name":"Comment","target":["https:\/\/www.anovapeneira.gal\/index.php\/2021\/08\/16\/felix-juncal-alcalde-de-bueu-2\/#respond"]}]},{"@type":"WebPage","@id":"https:\/\/www.anovapeneira.gal\/index.php\/2021\/08\/16\/felix-juncal-alcalde-de-bueu-2\/","url":"https:\/\/www.anovapeneira.gal\/index.php\/2021\/08\/16\/felix-juncal-alcalde-de-bueu-2\/","name":"F\u00e9lix Juncal alcalde de Bueu -","isPartOf":{"@id":"https:\/\/www.anovapeneira.gal\/#website"},"primaryImageOfPage":{"@id":"https:\/\/www.anovapeneira.gal\/index.php\/2021\/08\/16\/felix-juncal-alcalde-de-bueu-2\/#primaryimage"},"image":{"@id":"https:\/\/www.anovapeneira.gal\/index.php\/2021\/08\/16\/felix-juncal-alcalde-de-bueu-2\/#primaryimage"},"thumbnailUrl":"https:\/\/www.anovapeneira.gal\/wp-content\/uploads\/2021\/08\/felix_bueu.jpg","datePublished":"2021-08-16T10:00:37+00:00","description":"No ano 2.019 o BNG de Bueu, encabezado por F\u00e9lix Juncal acadaba a s\u00faa cuarta vitoria consecutiva nas elecci\u00f3ns municipais. Por\u00e9n, desta volta sufriu un importante descenso tanto en votos como en concelleir@s, pois pasou de 12 a 8 perdendo a maior\u00eda absoluta","breadcrumb":{"@id":"https:\/\/www.anovapeneira.gal\/index.php\/2021\/08\/16\/felix-juncal-alcalde-de-bueu-2\/#breadcrumb"},"inLanguage":"gl-ES","potentialAction":[{"@type":"ReadAction","target":["https:\/\/www.anovapeneira.gal\/index.php\/2021\/08\/16\/felix-juncal-alcalde-de-bueu-2\/"]}]},{"@type":"ImageObject","inLanguage":"gl-ES","@id":"https:\/\/www.anovapeneira.gal\/index.php\/2021\/08\/16\/felix-juncal-alcalde-de-bueu-2\/#primaryimage","url":"https:\/\/www.anovapeneira.gal\/wp-content\/uploads\/2021\/08\/felix_bueu.jpg","contentUrl":"https:\/\/www.anovapeneira.gal\/wp-content\/uploads\/2021\/08\/felix_bueu.jpg","width":1500,"height":790,"caption":"Alcalde de Bueu"},{"@type":"BreadcrumbList","@id":"https:\/\/www.anovapeneira.gal\/index.php\/2021\/08\/16\/felix-juncal-alcalde-de-bueu-2\/#breadcrumb","itemListElement":[{"@type":"ListItem","position":1,"name":"Portada","item":"https:\/\/www.anovapeneira.gal\/"},{"@type":"ListItem","position":2,"name":"F\u00e9lix Juncal alcalde de Bueu"}]},{"@type":"WebSite","@id":"https:\/\/www.anovapeneira.gal\/#website","url":"https:\/\/www.anovapeneira.gal\/","name":"","description":"Xornal galego de informaci\u00f3n xeral Publicaci\u00f3n mensual de novas de Galicia e en especial dos Concellos da sur da provincia de Pontevedra.","publisher":{"@id":"https:\/\/www.anovapeneira.gal\/#organization"},"potentialAction":[{"@type":"SearchAction","target":{"@type":"EntryPoint","urlTemplate":"https:\/\/www.anovapeneira.gal\/?s={search_term_string}"},"query-input":{"@type":"PropertyValueSpecification","valueRequired":true,"valueName":"search_term_string"}}],"inLanguage":"gl-ES"},{"@type":"Organization","@id":"https:\/\/www.anovapeneira.gal\/#organization","name":"A Nova Peneira","url":"https:\/\/www.anovapeneira.gal\/","logo":{"@type":"ImageObject","inLanguage":"gl-ES","@id":"https:\/\/www.anovapeneira.gal\/#\/schema\/logo\/image\/","url":"http:\/\/www.anovapeneira.gal\/wp-content\/uploads\/2019\/06\/logo_a_nova_peneira_portal_web.png","contentUrl":"http:\/\/www.anovapeneira.gal\/wp-content\/uploads\/2019\/06\/logo_a_nova_peneira_portal_web.png","width":300,"height":100,"caption":"A Nova Peneira"},"image":{"@id":"https:\/\/www.anovapeneira.gal\/#\/schema\/logo\/image\/"},"sameAs":["https:\/\/www.facebook.com\/anovapeneira","https:\/\/x.com\/APeneira"]},{"@type":"Person","@id":"https:\/\/www.anovapeneira.gal\/#\/schema\/person\/424dfe65e3070fd8a44d22d2c088762a","name":"Tino Lago","image":{"@type":"ImageObject","inLanguage":"gl-ES","@id":"https:\/\/secure.gravatar.com\/avatar\/b3df6a06e44bab3111583b90f0f33a0379ee5e3d22cbadd232d39f21c30c62be?s=96&d=mm&r=g","url":"https:\/\/secure.gravatar.com\/avatar\/b3df6a06e44bab3111583b90f0f33a0379ee5e3d22cbadd232d39f21c30c62be?s=96&d=mm&r=g","contentUrl":"https:\/\/secure.gravatar.com\/avatar\/b3df6a06e44bab3111583b90f0f33a0379ee5e3d22cbadd232d39f21c30c62be?s=96&d=mm&r=g","caption":"Tino Lago"},"sameAs":["http:\/\/www.anovapeneira.gal"],"url":"https:\/\/www.anovapeneira.gal\/index.php\/author\/director\/"}]}},"jetpack_featured_media_url":"https:\/\/www.anovapeneira.gal\/wp-content\/uploads\/2021\/08\/felix_bueu.jpg","_links":{"self":[{"href":"https:\/\/www.anovapeneira.gal\/index.php\/wp-json\/wp\/v2\/posts\/5934","targetHints":{"allow":["GET"]}}],"collection":[{"href":"https:\/\/www.anovapeneira.gal\/index.php\/wp-json\/wp\/v2\/posts"}],"about":[{"href":"https:\/\/www.anovapeneira.gal\/index.php\/wp-json\/wp\/v2\/types\/post"}],"author":[{"embeddable":true,"href":"https:\/\/www.anovapeneira.gal\/index.php\/wp-json\/wp\/v2\/users\/2"}],"replies":[{"embeddable":true,"href":"https:\/\/www.anovapeneira.gal\/index.php\/wp-json\/wp\/v2\/comments?post=5934"}],"version-history":[{"count":1,"href":"https:\/\/www.anovapeneira.gal\/index.php\/wp-json\/wp\/v2\/posts\/5934\/revisions"}],"predecessor-version":[{"id":5936,"href":"https:\/\/www.anovapeneira.gal\/index.php\/wp-json\/wp\/v2\/posts\/5934\/revisions\/5936"}],"wp:featuredmedia":[{"embeddable":true,"href":"https:\/\/www.anovapeneira.gal\/index.php\/wp-json\/wp\/v2\/media\/5935"}],"wp:attachment":[{"href":"https:\/\/www.anovapeneira.gal\/index.php\/wp-json\/wp\/v2\/media?parent=5934"}],"wp:term":[{"taxonomy":"category","embeddable":true,"href":"https:\/\/www.anovapeneira.gal\/index.php\/wp-json\/wp\/v2\/categories?post=5934"},{"taxonomy":"post_tag","embeddable":true,"href":"https:\/\/www.anovapeneira.gal\/index.php\/wp-json\/wp\/v2\/tags?post=5934"}],"curies":[{"name":"wp","href":"https:\/\/api.w.org\/{rel}","templated":true}]}}