{"id":5937,"date":"2021-08-17T10:00:30","date_gmt":"2021-08-17T08:00:30","guid":{"rendered":"https:\/\/www.anovapeneira.gal\/?p=5937"},"modified":"2021-08-13T18:34:57","modified_gmt":"2021-08-13T16:34:57","slug":"lii-festa-do-vino-do-condado-do-tea-en-salvaterra-de-mino","status":"publish","type":"post","link":"https:\/\/www.anovapeneira.gal\/index.php\/2021\/08\/17\/lii-festa-do-vino-do-condado-do-tea-en-salvaterra-de-mino\/","title":{"rendered":"LII Festa do Vi\u00f1o do Condado do Tea en Salvaterra de Mi\u00f1o"},"content":{"rendered":"\n<p><strong>G.Figueiredo<\/strong><\/p>\n\n\n\n<h3 class=\"wp-block-heading\">Por fin despois dun ano de sequ\u00eda no que se refire a festas gastron\u00f3micas, volve a Festa do Vi\u00f1o de Salvaterra e os veci\u00f1os e visitantes da vila poder\u00e1n gozar dos magn\u00edficos vi\u00f1os que se cultivan nas terras do Condado.<\/h3>\n\n\n\n<figure class=\"wp-block-image size-large\"><img loading=\"lazy\" decoding=\"async\" width=\"838\" height=\"628\" src=\"https:\/\/www.anovapeneira.gal\/wp-content\/uploads\/2021\/08\/image-3.png\" alt=\"\" class=\"wp-image-5939\" srcset=\"https:\/\/www.anovapeneira.gal\/wp-content\/uploads\/2021\/08\/image-3.png 838w, https:\/\/www.anovapeneira.gal\/wp-content\/uploads\/2021\/08\/image-3-300x225.png 300w, https:\/\/www.anovapeneira.gal\/wp-content\/uploads\/2021\/08\/image-3-768x576.png 768w, https:\/\/www.anovapeneira.gal\/wp-content\/uploads\/2021\/08\/image-3-678x509.png 678w, https:\/\/www.anovapeneira.gal\/wp-content\/uploads\/2021\/08\/image-3-326x245.png 326w, https:\/\/www.anovapeneira.gal\/wp-content\/uploads\/2021\/08\/image-3-80x60.png 80w\" sizes=\"auto, (max-width: 838px) 100vw, 838px\" \/><\/figure>\n\n\n\n<p>Est\u00e1 \u00e9 a segunda festa gastron\u00f3mica m\u00e1is antiga de Galicia, remont\u00e1ndose as s\u00faas orixes ao ano 1959.<\/p>\n\n\n\n<p>Desde ent\u00f3n v\u00e9n celebr\u00e1ndose anualmente e de forma ininterrompida cada \u00faltima fin de semana do mes de agosto, ag\u00e1s o ano pasado que por mor da crise sanitaria do Covid19 tivo que se suspender como a maior\u00eda dos eventos no noso pa\u00eds . As diferentes actividades da festa te\u00f1en lugar no interior da rexia fortaleza de pedra, un marco incomparable no que gozar dos seus afamados caldos.<\/p>\n\n\n\n<p>Durante os tres d\u00edas de celebraci\u00f3n da festa, \u00e9 posible degustar este exquisito produto acompa\u00f1\u00e1ndoo da rica gastronom\u00eda local. Paralelamente, durante os d\u00edas de festa, suc\u00e9dense exposici\u00f3ns, actuaci\u00f3ns e concertos que amenizan estas xornadas enogastron\u00f3micas.<\/p>\n\n\n\n<p>Ademais, os asistentes ter\u00e1n a oportunidade de degustar o vi\u00f1o branco \u201cCondado do Tea\u201d, un vi\u00f1o propio da subzona e amparado polos controis de calidade da Denominaci\u00f3n de Orixe R\u00edas Baixas. Un vi\u00f1o \u00fanico, froito da combinaci\u00f3n perfecta entre diferentes variedades aut\u00f3ctonas de uva e encomiado por mestres da gastronom\u00eda galega como o grande escritor galego \u00c1lvaro Cunqueiro no seu libro \u201cA coci\u00f1a galega\u201d.<\/p>\n\n\n\n<p>As\u00ed mesmo, en cada edici\u00f3n desde o ano 2000, un grupo de expertos elixen os \u201cVi\u00f1os deliciosos do Ano\u201d, un reco\u00f1ecemento aos mellores vi\u00f1os da comarca do Condado do Tea e ao bo facer dos viticultores.<\/p>\n\n\n\n<p>No ano 2016, a Festa do Vi\u00f1o do Condado do Tea foi declarada \u201cFesta de Interese Tur\u00edstico de Galicia\u201d. \u00c9 organizada polo Concello de Salvaterra e a s\u00faa celebraci\u00f3n \u00e9 nun lugar tan emblem\u00e1tico como \u00e9 o recinto amurallado da vila.<\/p>\n\n\n\n<p>Sobre a festa deste ano contarvos que&nbsp;a pesares da situaci\u00f3n sanitaria que restrinxe de forma considerable a celebraci\u00f3n de moitos actos gastron\u00f3micos e multitudinarios dos que nos podemos deleitar ao longo do ano por toda Galicia, o Concello de Salvaterra de Mi\u00f1o non quixo deixar pasar a ocasi\u00f3n outro ano m\u00e1is e decidiu celebrar a s\u00faa festa por excelencia, a Festa do Vi\u00f1o do Condado do Tea, declarada Festa de Interese tur\u00edstico de Galicia e totalmente adaptada a normativa COVID.<\/p>\n\n\n\n<p>Deste modo a conmemoraci\u00f3n da festa este ano xirar\u00e1 en base a cinco grandes piares, a&nbsp;<em><strong>\u201cCata \u00e1 procura dos vi\u00f1os deliciosos do ano\u201d, \u201co T\u00fanel do Vi\u00f1o\u201d, \u201cCatas Comentadas\u201d , \u201cVisita \u00e1s adegas\u201d e \u201cConcertos\u201d.<\/strong><\/em><\/p>\n\n\n\n<p>As actividades desenvolveranse os d\u00edas 27, 28 e 29 de agosto. As\u00ed o t\u00fanel do vi\u00f1o arrancar\u00e1 o venres pola ma\u00f1\u00e1 ata o domingo, nas instalaci\u00f3ns do Museo da Ciencia do Vi\u00f1o, durante ese fin de semana os participantes poder\u00e1n degustar os vi\u00f1os das 27 adegas que participan da subzona do Condado do Tea e dos espumosos da Do R\u00edas Baixas. Durante o venres 27, s\u00e1bado 28 e domingo 29 celebrarase no Museo d\u00e1 Ciencia do Vi\u00f1o do Condado o antes mencionado T\u00fanel do Vi\u00f1o cuxos horarios ser\u00e1n:<\/p>\n\n\n\n<p>Venres 27 e s\u00e1bado 28; de 11.00 a 12.30 horas, de 12.45 a 14.15 horas, de 18.00 a 19.30 horas e de 19.45 a 21.15 horas.<\/p>\n\n\n\n<p>Xa o domingo 29; de 11.00 a 12.30 horas e de 12.45 a 14.15 horas.<\/p>\n\n\n\n<p>O prezo por visita ascender\u00e1 a 15 euros.<\/p>\n\n\n\n<p>Durante os mesmos d\u00edas todos aqueles que queiran poder\u00e1n desfrutar das catas comentadas que ofrecer\u00e1n 14 das &nbsp;adegas participantes na Casa do Vi\u00f1o.<\/p>\n\n\n\n<p>Tam\u00e9n nesa fin de semana seis adegas que participan na Festa ofrecen a posibilidade de visitas as s\u00faas instalaci\u00f3ns con degustaci\u00f3n de vi\u00f1o inclu\u00edda.<\/p>\n\n\n\n<p>Todas as persoas que queiran participar nalgunha das actividades que se realizan en torno a Festa do Vi\u00f1o do Condado do Tea ter\u00e1n que inscribirse.<\/p>\n\n\n\n<p>E o s\u00e1bado 28 levarase a cabo a cata \u00e1 procura dos vi\u00f1os deliciosos do ano.<\/p>\n\n\n\n<p>Este ano tampouco faltar\u00e1 a m\u00fasica arredor das celebraci\u00f3ns, as\u00ed o venres teremos o concerto da \u201cBanda Crebinsky\u201d, o s\u00e1bado estar\u00e1 con n\u00f3s \u201cSusana Seivane\u201d e o domingo pecharase con \u201cA Roda\u201d, os concertos celebraranse na praza do Concello. Todos ser\u00e1n \u00e1s 22:30 horas e de balde por orde de chegada ata completar aforo.<\/p>\n\n\n\n<p>Unha programaci\u00f3n ampla e variada, de acordo coas restrici\u00f3ns sanitarias vixentes.<\/p>\n\n\n\n<p>As&nbsp;adegas participantes festa do vi\u00f1o do condado do tea deste 2021 son:<\/p>\n\n\n\n<figure class=\"wp-block-table\"><table><tbody><tr><td>ADEGAS VI\u00d1A NORA<br>JOSE ARAUJO PE\u00d1A<br>ADEGA FILLABOA, S.A.<br>SE\u00d1ORIO DEL SOBRAL, S.L.<br>PAZO SAN MAURO, S.A.<br>PAZOS DE LUSCO S.L.<br>BODEGAS AS LAXAS, S.A.<br>BODEGAS MARQUES DE VIZHOJA, S.A.<br>ADEGA MARIA BARGIELA<br>ADEGAS LAVALSE\u00d1ORIO DE RUBIOS<br>PAZO PONDALEIDO SELA<br>ABAD\u00cdA DE TORTOREOS<\/td><td>VINICOLA DEL MI\u00d1O<br>ADEGA VEIRA ARAL<br>ADEGA ADRAL<br>ADEGAS GALEGAS<br>FINCA GARABELOS<br>PAZO AS BARREIRAS<br>VALTEAGENAROS<br>PAZO PEGULLAL<br>EIDO DA FONTE<br>ADEGAS GANDARA<br>TERRAS DO SURTRICO<\/td><\/tr><\/tbody><\/table><\/figure>\n\n\n\n<p>De seguido vos deixo o cartel da festa por se queredes ter toda a informaci\u00f3n competa e dicirvos que o pasedese en grande, desfrutedes e o fagades con sentidi\u00f1o e sempre seguindo as recomendaci\u00f3ns sanitarias.<\/p>\n\n\n\n<figure class=\"wp-block-image size-large\"><img loading=\"lazy\" decoding=\"async\" width=\"725\" height=\"1024\" src=\"https:\/\/www.anovapeneira.gal\/wp-content\/uploads\/2021\/08\/image-2.png\" alt=\"\" class=\"wp-image-5938\" srcset=\"https:\/\/www.anovapeneira.gal\/wp-content\/uploads\/2021\/08\/image-2.png 725w, https:\/\/www.anovapeneira.gal\/wp-content\/uploads\/2021\/08\/image-2-212x300.png 212w\" sizes=\"auto, (max-width: 725px) 100vw, 725px\" \/><\/figure>\n\n\n\n<p><strong>fonte: Concello de Salvaterra&nbsp;<\/strong><\/p>\n","protected":false},"excerpt":{"rendered":"<div class=\"mh-excerpt\"><p>Por fin despois dun ano de sequ\u00eda no que se refire a festas gastron\u00f3micas, volve a Festa do Vi\u00f1o de Salvaterra e os veci\u00f1os e visitantes da vila poder\u00e1n gozar dos magn\u00edficos vi\u00f1os que se cultivan nas terras do Condado <a class=\"mh-excerpt-more\" href=\"https:\/\/www.anovapeneira.gal\/index.php\/2021\/08\/17\/lii-festa-do-vino-do-condado-do-tea-en-salvaterra-de-mino\/\" title=\"LII Festa do Vi\u00f1o do Condado do Tea en Salvaterra de Mi\u00f1o\">[&#8230;]<\/a><\/p>\n<\/div>","protected":false},"author":17,"featured_media":5940,"comment_status":"open","ping_status":"open","sticky":false,"template":"","format":"standard","meta":{"_exactmetrics_skip_tracking":false,"_exactmetrics_sitenote_active":false,"_exactmetrics_sitenote_note":"","_exactmetrics_sitenote_category":0,"footnotes":""},"categories":[492],"tags":[186],"class_list":{"0":"post-5937","1":"post","2":"type-post","3":"status-publish","4":"format-standard","5":"has-post-thumbnail","7":"category-condado-reportaxes","8":"tag-concello-de-salvaterra-do-mino"},"yoast_head":"<!-- This site is optimized with the Yoast SEO plugin v27.4 - https:\/\/yoast.com\/product\/yoast-seo-wordpress\/ -->\n<title>LII Festa do Vi\u00f1o do Condado do Tea en Salvaterra de Mi\u00f1o -<\/title>\n<meta name=\"description\" content=\"Por fin despois dun ano de sequ\u00eda no que se refire a festas gastron\u00f3micas, volve a Festa do Vi\u00f1o de Salvaterra e os veci\u00f1os e visitantes da vila poder\u00e1n gozar dos magn\u00edficos vi\u00f1os que se cultivan nas terras do Condado\" \/>\n<meta name=\"robots\" content=\"index, follow, max-snippet:-1, max-image-preview:large, max-video-preview:-1\" \/>\n<link rel=\"canonical\" href=\"https:\/\/www.anovapeneira.gal\/index.php\/2021\/08\/17\/lii-festa-do-vino-do-condado-do-tea-en-salvaterra-de-mino\/\" \/>\n<meta property=\"og:locale\" content=\"gl_ES\" \/>\n<meta property=\"og:type\" content=\"article\" \/>\n<meta property=\"og:title\" content=\"LII Festa do Vi\u00f1o do Condado do Tea en Salvaterra de Mi\u00f1o -\" \/>\n<meta property=\"og:description\" content=\"Por fin despois dun ano de sequ\u00eda no que se refire a festas gastron\u00f3micas, volve a Festa do Vi\u00f1o de Salvaterra e os veci\u00f1os e visitantes da vila poder\u00e1n gozar dos magn\u00edficos vi\u00f1os que se cultivan nas terras do Condado\" \/>\n<meta property=\"og:url\" content=\"https:\/\/www.anovapeneira.gal\/index.php\/2021\/08\/17\/lii-festa-do-vino-do-condado-do-tea-en-salvaterra-de-mino\/\" \/>\n<meta property=\"article:publisher\" content=\"https:\/\/www.facebook.com\/anovapeneira\" \/>\n<meta property=\"article:published_time\" content=\"2021-08-17T08:00:30+00:00\" \/>\n<meta property=\"og:image\" content=\"https:\/\/www.anovapeneira.gal\/wp-content\/uploads\/2021\/08\/festa_do_vino_salvaterra.jpg\" \/>\n\t<meta property=\"og:image:width\" content=\"1500\" \/>\n\t<meta property=\"og:image:height\" content=\"790\" \/>\n\t<meta property=\"og:image:type\" content=\"image\/jpeg\" \/>\n<meta name=\"author\" content=\"G. Figueiredo\" \/>\n<meta name=\"twitter:card\" content=\"summary_large_image\" \/>\n<meta name=\"twitter:creator\" content=\"@APeneira\" \/>\n<meta name=\"twitter:site\" content=\"@APeneira\" \/>\n<meta name=\"twitter:label1\" content=\"Escrito por\" \/>\n\t<meta name=\"twitter:data1\" content=\"G. Figueiredo\" \/>\n\t<meta name=\"twitter:label2\" content=\"Tempo de lectura\" \/>\n\t<meta name=\"twitter:data2\" content=\"5 minutos\" \/>\n<script type=\"application\/ld+json\" class=\"yoast-schema-graph\">{\"@context\":\"https:\\\/\\\/schema.org\",\"@graph\":[{\"@type\":\"Article\",\"@id\":\"https:\\\/\\\/www.anovapeneira.gal\\\/index.php\\\/2021\\\/08\\\/17\\\/lii-festa-do-vino-do-condado-do-tea-en-salvaterra-de-mino\\\/#article\",\"isPartOf\":{\"@id\":\"https:\\\/\\\/www.anovapeneira.gal\\\/index.php\\\/2021\\\/08\\\/17\\\/lii-festa-do-vino-do-condado-do-tea-en-salvaterra-de-mino\\\/\"},\"author\":{\"name\":\"G. Figueiredo\",\"@id\":\"https:\\\/\\\/www.anovapeneira.gal\\\/#\\\/schema\\\/person\\\/42f904d7cac80cf3f5a31494dd82a9b6\"},\"headline\":\"LII Festa do Vi\u00f1o do Condado do Tea en Salvaterra de Mi\u00f1o\",\"datePublished\":\"2021-08-17T08:00:30+00:00\",\"mainEntityOfPage\":{\"@id\":\"https:\\\/\\\/www.anovapeneira.gal\\\/index.php\\\/2021\\\/08\\\/17\\\/lii-festa-do-vino-do-condado-do-tea-en-salvaterra-de-mino\\\/\"},\"wordCount\":905,\"commentCount\":0,\"publisher\":{\"@id\":\"https:\\\/\\\/www.anovapeneira.gal\\\/#organization\"},\"image\":{\"@id\":\"https:\\\/\\\/www.anovapeneira.gal\\\/index.php\\\/2021\\\/08\\\/17\\\/lii-festa-do-vino-do-condado-do-tea-en-salvaterra-de-mino\\\/#primaryimage\"},\"thumbnailUrl\":\"https:\\\/\\\/www.anovapeneira.gal\\\/wp-content\\\/uploads\\\/2021\\\/08\\\/festa_do_vino_salvaterra.jpg\",\"keywords\":[\"Concello de Salvaterra do Mi\u00f1o\"],\"articleSection\":[\"Condado\"],\"inLanguage\":\"gl-ES\",\"potentialAction\":[{\"@type\":\"CommentAction\",\"name\":\"Comment\",\"target\":[\"https:\\\/\\\/www.anovapeneira.gal\\\/index.php\\\/2021\\\/08\\\/17\\\/lii-festa-do-vino-do-condado-do-tea-en-salvaterra-de-mino\\\/#respond\"]}]},{\"@type\":\"WebPage\",\"@id\":\"https:\\\/\\\/www.anovapeneira.gal\\\/index.php\\\/2021\\\/08\\\/17\\\/lii-festa-do-vino-do-condado-do-tea-en-salvaterra-de-mino\\\/\",\"url\":\"https:\\\/\\\/www.anovapeneira.gal\\\/index.php\\\/2021\\\/08\\\/17\\\/lii-festa-do-vino-do-condado-do-tea-en-salvaterra-de-mino\\\/\",\"name\":\"LII Festa do Vi\u00f1o do Condado do Tea en Salvaterra de Mi\u00f1o -\",\"isPartOf\":{\"@id\":\"https:\\\/\\\/www.anovapeneira.gal\\\/#website\"},\"primaryImageOfPage\":{\"@id\":\"https:\\\/\\\/www.anovapeneira.gal\\\/index.php\\\/2021\\\/08\\\/17\\\/lii-festa-do-vino-do-condado-do-tea-en-salvaterra-de-mino\\\/#primaryimage\"},\"image\":{\"@id\":\"https:\\\/\\\/www.anovapeneira.gal\\\/index.php\\\/2021\\\/08\\\/17\\\/lii-festa-do-vino-do-condado-do-tea-en-salvaterra-de-mino\\\/#primaryimage\"},\"thumbnailUrl\":\"https:\\\/\\\/www.anovapeneira.gal\\\/wp-content\\\/uploads\\\/2021\\\/08\\\/festa_do_vino_salvaterra.jpg\",\"datePublished\":\"2021-08-17T08:00:30+00:00\",\"description\":\"Por fin despois dun ano de sequ\u00eda no que se refire a festas gastron\u00f3micas, volve a Festa do Vi\u00f1o de Salvaterra e os veci\u00f1os e visitantes da vila poder\u00e1n gozar dos magn\u00edficos vi\u00f1os que se cultivan nas terras do Condado\",\"breadcrumb\":{\"@id\":\"https:\\\/\\\/www.anovapeneira.gal\\\/index.php\\\/2021\\\/08\\\/17\\\/lii-festa-do-vino-do-condado-do-tea-en-salvaterra-de-mino\\\/#breadcrumb\"},\"inLanguage\":\"gl-ES\",\"potentialAction\":[{\"@type\":\"ReadAction\",\"target\":[\"https:\\\/\\\/www.anovapeneira.gal\\\/index.php\\\/2021\\\/08\\\/17\\\/lii-festa-do-vino-do-condado-do-tea-en-salvaterra-de-mino\\\/\"]}]},{\"@type\":\"ImageObject\",\"inLanguage\":\"gl-ES\",\"@id\":\"https:\\\/\\\/www.anovapeneira.gal\\\/index.php\\\/2021\\\/08\\\/17\\\/lii-festa-do-vino-do-condado-do-tea-en-salvaterra-de-mino\\\/#primaryimage\",\"url\":\"https:\\\/\\\/www.anovapeneira.gal\\\/wp-content\\\/uploads\\\/2021\\\/08\\\/festa_do_vino_salvaterra.jpg\",\"contentUrl\":\"https:\\\/\\\/www.anovapeneira.gal\\\/wp-content\\\/uploads\\\/2021\\\/08\\\/festa_do_vino_salvaterra.jpg\",\"width\":1500,\"height\":790,\"caption\":\"Festa do vivo Salvaterra de Mi\u00f1o\"},{\"@type\":\"BreadcrumbList\",\"@id\":\"https:\\\/\\\/www.anovapeneira.gal\\\/index.php\\\/2021\\\/08\\\/17\\\/lii-festa-do-vino-do-condado-do-tea-en-salvaterra-de-mino\\\/#breadcrumb\",\"itemListElement\":[{\"@type\":\"ListItem\",\"position\":1,\"name\":\"Portada\",\"item\":\"https:\\\/\\\/www.anovapeneira.gal\\\/\"},{\"@type\":\"ListItem\",\"position\":2,\"name\":\"LII Festa do Vi\u00f1o do Condado do Tea en Salvaterra de Mi\u00f1o\"}]},{\"@type\":\"WebSite\",\"@id\":\"https:\\\/\\\/www.anovapeneira.gal\\\/#website\",\"url\":\"https:\\\/\\\/www.anovapeneira.gal\\\/\",\"name\":\"\",\"description\":\"Xornal galego de informaci\u00f3n xeral Publicaci\u00f3n mensual de novas de Galicia e en especial dos Concellos da sur da provincia de Pontevedra.\",\"publisher\":{\"@id\":\"https:\\\/\\\/www.anovapeneira.gal\\\/#organization\"},\"potentialAction\":[{\"@type\":\"SearchAction\",\"target\":{\"@type\":\"EntryPoint\",\"urlTemplate\":\"https:\\\/\\\/www.anovapeneira.gal\\\/?s={search_term_string}\"},\"query-input\":{\"@type\":\"PropertyValueSpecification\",\"valueRequired\":true,\"valueName\":\"search_term_string\"}}],\"inLanguage\":\"gl-ES\"},{\"@type\":\"Organization\",\"@id\":\"https:\\\/\\\/www.anovapeneira.gal\\\/#organization\",\"name\":\"A Nova Peneira\",\"url\":\"https:\\\/\\\/www.anovapeneira.gal\\\/\",\"logo\":{\"@type\":\"ImageObject\",\"inLanguage\":\"gl-ES\",\"@id\":\"https:\\\/\\\/www.anovapeneira.gal\\\/#\\\/schema\\\/logo\\\/image\\\/\",\"url\":\"http:\\\/\\\/www.anovapeneira.gal\\\/wp-content\\\/uploads\\\/2019\\\/06\\\/logo_a_nova_peneira_portal_web.png\",\"contentUrl\":\"http:\\\/\\\/www.anovapeneira.gal\\\/wp-content\\\/uploads\\\/2019\\\/06\\\/logo_a_nova_peneira_portal_web.png\",\"width\":300,\"height\":100,\"caption\":\"A Nova Peneira\"},\"image\":{\"@id\":\"https:\\\/\\\/www.anovapeneira.gal\\\/#\\\/schema\\\/logo\\\/image\\\/\"},\"sameAs\":[\"https:\\\/\\\/www.facebook.com\\\/anovapeneira\",\"https:\\\/\\\/x.com\\\/APeneira\"]},{\"@type\":\"Person\",\"@id\":\"https:\\\/\\\/www.anovapeneira.gal\\\/#\\\/schema\\\/person\\\/42f904d7cac80cf3f5a31494dd82a9b6\",\"name\":\"G. Figueiredo\",\"image\":{\"@type\":\"ImageObject\",\"inLanguage\":\"gl-ES\",\"@id\":\"https:\\\/\\\/secure.gravatar.com\\\/avatar\\\/2d970086688458e0398ef8b84f5cbb8cc1ec3ab115aeb8435135a9f556af97b3?s=96&d=mm&r=g\",\"url\":\"https:\\\/\\\/secure.gravatar.com\\\/avatar\\\/2d970086688458e0398ef8b84f5cbb8cc1ec3ab115aeb8435135a9f556af97b3?s=96&d=mm&r=g\",\"contentUrl\":\"https:\\\/\\\/secure.gravatar.com\\\/avatar\\\/2d970086688458e0398ef8b84f5cbb8cc1ec3ab115aeb8435135a9f556af97b3?s=96&d=mm&r=g\",\"caption\":\"G. Figueiredo\"},\"sameAs\":[\"http:\\\/\\\/www.anovapeneira.gal\\\/\"],\"url\":\"https:\\\/\\\/www.anovapeneira.gal\\\/index.php\\\/author\\\/g-figueiredo\\\/\"}]}<\/script>\n<!-- \/ Yoast SEO plugin. -->","yoast_head_json":{"title":"LII Festa do Vi\u00f1o do Condado do Tea en Salvaterra de Mi\u00f1o -","description":"Por fin despois dun ano de sequ\u00eda no que se refire a festas gastron\u00f3micas, volve a Festa do Vi\u00f1o de Salvaterra e os veci\u00f1os e visitantes da vila poder\u00e1n gozar dos magn\u00edficos vi\u00f1os que se cultivan nas terras do Condado","robots":{"index":"index","follow":"follow","max-snippet":"max-snippet:-1","max-image-preview":"max-image-preview:large","max-video-preview":"max-video-preview:-1"},"canonical":"https:\/\/www.anovapeneira.gal\/index.php\/2021\/08\/17\/lii-festa-do-vino-do-condado-do-tea-en-salvaterra-de-mino\/","og_locale":"gl_ES","og_type":"article","og_title":"LII Festa do Vi\u00f1o do Condado do Tea en Salvaterra de Mi\u00f1o -","og_description":"Por fin despois dun ano de sequ\u00eda no que se refire a festas gastron\u00f3micas, volve a Festa do Vi\u00f1o de Salvaterra e os veci\u00f1os e visitantes da vila poder\u00e1n gozar dos magn\u00edficos vi\u00f1os que se cultivan nas terras do Condado","og_url":"https:\/\/www.anovapeneira.gal\/index.php\/2021\/08\/17\/lii-festa-do-vino-do-condado-do-tea-en-salvaterra-de-mino\/","article_publisher":"https:\/\/www.facebook.com\/anovapeneira","article_published_time":"2021-08-17T08:00:30+00:00","og_image":[{"width":1500,"height":790,"url":"https:\/\/www.anovapeneira.gal\/wp-content\/uploads\/2021\/08\/festa_do_vino_salvaterra.jpg","type":"image\/jpeg"}],"author":"G. Figueiredo","twitter_card":"summary_large_image","twitter_creator":"@APeneira","twitter_site":"@APeneira","twitter_misc":{"Escrito por":"G. Figueiredo","Tempo de lectura":"5 minutos"},"schema":{"@context":"https:\/\/schema.org","@graph":[{"@type":"Article","@id":"https:\/\/www.anovapeneira.gal\/index.php\/2021\/08\/17\/lii-festa-do-vino-do-condado-do-tea-en-salvaterra-de-mino\/#article","isPartOf":{"@id":"https:\/\/www.anovapeneira.gal\/index.php\/2021\/08\/17\/lii-festa-do-vino-do-condado-do-tea-en-salvaterra-de-mino\/"},"author":{"name":"G. Figueiredo","@id":"https:\/\/www.anovapeneira.gal\/#\/schema\/person\/42f904d7cac80cf3f5a31494dd82a9b6"},"headline":"LII Festa do Vi\u00f1o do Condado do Tea en Salvaterra de Mi\u00f1o","datePublished":"2021-08-17T08:00:30+00:00","mainEntityOfPage":{"@id":"https:\/\/www.anovapeneira.gal\/index.php\/2021\/08\/17\/lii-festa-do-vino-do-condado-do-tea-en-salvaterra-de-mino\/"},"wordCount":905,"commentCount":0,"publisher":{"@id":"https:\/\/www.anovapeneira.gal\/#organization"},"image":{"@id":"https:\/\/www.anovapeneira.gal\/index.php\/2021\/08\/17\/lii-festa-do-vino-do-condado-do-tea-en-salvaterra-de-mino\/#primaryimage"},"thumbnailUrl":"https:\/\/www.anovapeneira.gal\/wp-content\/uploads\/2021\/08\/festa_do_vino_salvaterra.jpg","keywords":["Concello de Salvaterra do Mi\u00f1o"],"articleSection":["Condado"],"inLanguage":"gl-ES","potentialAction":[{"@type":"CommentAction","name":"Comment","target":["https:\/\/www.anovapeneira.gal\/index.php\/2021\/08\/17\/lii-festa-do-vino-do-condado-do-tea-en-salvaterra-de-mino\/#respond"]}]},{"@type":"WebPage","@id":"https:\/\/www.anovapeneira.gal\/index.php\/2021\/08\/17\/lii-festa-do-vino-do-condado-do-tea-en-salvaterra-de-mino\/","url":"https:\/\/www.anovapeneira.gal\/index.php\/2021\/08\/17\/lii-festa-do-vino-do-condado-do-tea-en-salvaterra-de-mino\/","name":"LII Festa do Vi\u00f1o do Condado do Tea en Salvaterra de Mi\u00f1o -","isPartOf":{"@id":"https:\/\/www.anovapeneira.gal\/#website"},"primaryImageOfPage":{"@id":"https:\/\/www.anovapeneira.gal\/index.php\/2021\/08\/17\/lii-festa-do-vino-do-condado-do-tea-en-salvaterra-de-mino\/#primaryimage"},"image":{"@id":"https:\/\/www.anovapeneira.gal\/index.php\/2021\/08\/17\/lii-festa-do-vino-do-condado-do-tea-en-salvaterra-de-mino\/#primaryimage"},"thumbnailUrl":"https:\/\/www.anovapeneira.gal\/wp-content\/uploads\/2021\/08\/festa_do_vino_salvaterra.jpg","datePublished":"2021-08-17T08:00:30+00:00","description":"Por fin despois dun ano de sequ\u00eda no que se refire a festas gastron\u00f3micas, volve a Festa do Vi\u00f1o de Salvaterra e os veci\u00f1os e visitantes da vila poder\u00e1n gozar dos magn\u00edficos vi\u00f1os que se cultivan nas terras do Condado","breadcrumb":{"@id":"https:\/\/www.anovapeneira.gal\/index.php\/2021\/08\/17\/lii-festa-do-vino-do-condado-do-tea-en-salvaterra-de-mino\/#breadcrumb"},"inLanguage":"gl-ES","potentialAction":[{"@type":"ReadAction","target":["https:\/\/www.anovapeneira.gal\/index.php\/2021\/08\/17\/lii-festa-do-vino-do-condado-do-tea-en-salvaterra-de-mino\/"]}]},{"@type":"ImageObject","inLanguage":"gl-ES","@id":"https:\/\/www.anovapeneira.gal\/index.php\/2021\/08\/17\/lii-festa-do-vino-do-condado-do-tea-en-salvaterra-de-mino\/#primaryimage","url":"https:\/\/www.anovapeneira.gal\/wp-content\/uploads\/2021\/08\/festa_do_vino_salvaterra.jpg","contentUrl":"https:\/\/www.anovapeneira.gal\/wp-content\/uploads\/2021\/08\/festa_do_vino_salvaterra.jpg","width":1500,"height":790,"caption":"Festa do vivo Salvaterra de Mi\u00f1o"},{"@type":"BreadcrumbList","@id":"https:\/\/www.anovapeneira.gal\/index.php\/2021\/08\/17\/lii-festa-do-vino-do-condado-do-tea-en-salvaterra-de-mino\/#breadcrumb","itemListElement":[{"@type":"ListItem","position":1,"name":"Portada","item":"https:\/\/www.anovapeneira.gal\/"},{"@type":"ListItem","position":2,"name":"LII Festa do Vi\u00f1o do Condado do Tea en Salvaterra de Mi\u00f1o"}]},{"@type":"WebSite","@id":"https:\/\/www.anovapeneira.gal\/#website","url":"https:\/\/www.anovapeneira.gal\/","name":"","description":"Xornal galego de informaci\u00f3n xeral Publicaci\u00f3n mensual de novas de Galicia e en especial dos Concellos da sur da provincia de Pontevedra.","publisher":{"@id":"https:\/\/www.anovapeneira.gal\/#organization"},"potentialAction":[{"@type":"SearchAction","target":{"@type":"EntryPoint","urlTemplate":"https:\/\/www.anovapeneira.gal\/?s={search_term_string}"},"query-input":{"@type":"PropertyValueSpecification","valueRequired":true,"valueName":"search_term_string"}}],"inLanguage":"gl-ES"},{"@type":"Organization","@id":"https:\/\/www.anovapeneira.gal\/#organization","name":"A Nova Peneira","url":"https:\/\/www.anovapeneira.gal\/","logo":{"@type":"ImageObject","inLanguage":"gl-ES","@id":"https:\/\/www.anovapeneira.gal\/#\/schema\/logo\/image\/","url":"http:\/\/www.anovapeneira.gal\/wp-content\/uploads\/2019\/06\/logo_a_nova_peneira_portal_web.png","contentUrl":"http:\/\/www.anovapeneira.gal\/wp-content\/uploads\/2019\/06\/logo_a_nova_peneira_portal_web.png","width":300,"height":100,"caption":"A Nova Peneira"},"image":{"@id":"https:\/\/www.anovapeneira.gal\/#\/schema\/logo\/image\/"},"sameAs":["https:\/\/www.facebook.com\/anovapeneira","https:\/\/x.com\/APeneira"]},{"@type":"Person","@id":"https:\/\/www.anovapeneira.gal\/#\/schema\/person\/42f904d7cac80cf3f5a31494dd82a9b6","name":"G. Figueiredo","image":{"@type":"ImageObject","inLanguage":"gl-ES","@id":"https:\/\/secure.gravatar.com\/avatar\/2d970086688458e0398ef8b84f5cbb8cc1ec3ab115aeb8435135a9f556af97b3?s=96&d=mm&r=g","url":"https:\/\/secure.gravatar.com\/avatar\/2d970086688458e0398ef8b84f5cbb8cc1ec3ab115aeb8435135a9f556af97b3?s=96&d=mm&r=g","contentUrl":"https:\/\/secure.gravatar.com\/avatar\/2d970086688458e0398ef8b84f5cbb8cc1ec3ab115aeb8435135a9f556af97b3?s=96&d=mm&r=g","caption":"G. Figueiredo"},"sameAs":["http:\/\/www.anovapeneira.gal\/"],"url":"https:\/\/www.anovapeneira.gal\/index.php\/author\/g-figueiredo\/"}]}},"jetpack_featured_media_url":"https:\/\/www.anovapeneira.gal\/wp-content\/uploads\/2021\/08\/festa_do_vino_salvaterra.jpg","_links":{"self":[{"href":"https:\/\/www.anovapeneira.gal\/index.php\/wp-json\/wp\/v2\/posts\/5937","targetHints":{"allow":["GET"]}}],"collection":[{"href":"https:\/\/www.anovapeneira.gal\/index.php\/wp-json\/wp\/v2\/posts"}],"about":[{"href":"https:\/\/www.anovapeneira.gal\/index.php\/wp-json\/wp\/v2\/types\/post"}],"author":[{"embeddable":true,"href":"https:\/\/www.anovapeneira.gal\/index.php\/wp-json\/wp\/v2\/users\/17"}],"replies":[{"embeddable":true,"href":"https:\/\/www.anovapeneira.gal\/index.php\/wp-json\/wp\/v2\/comments?post=5937"}],"version-history":[{"count":1,"href":"https:\/\/www.anovapeneira.gal\/index.php\/wp-json\/wp\/v2\/posts\/5937\/revisions"}],"predecessor-version":[{"id":5941,"href":"https:\/\/www.anovapeneira.gal\/index.php\/wp-json\/wp\/v2\/posts\/5937\/revisions\/5941"}],"wp:featuredmedia":[{"embeddable":true,"href":"https:\/\/www.anovapeneira.gal\/index.php\/wp-json\/wp\/v2\/media\/5940"}],"wp:attachment":[{"href":"https:\/\/www.anovapeneira.gal\/index.php\/wp-json\/wp\/v2\/media?parent=5937"}],"wp:term":[{"taxonomy":"category","embeddable":true,"href":"https:\/\/www.anovapeneira.gal\/index.php\/wp-json\/wp\/v2\/categories?post=5937"},{"taxonomy":"post_tag","embeddable":true,"href":"https:\/\/www.anovapeneira.gal\/index.php\/wp-json\/wp\/v2\/tags?post=5937"}],"curies":[{"name":"wp","href":"https:\/\/api.w.org\/{rel}","templated":true}]}}