{"id":5942,"date":"2021-08-17T12:00:34","date_gmt":"2021-08-17T10:00:34","guid":{"rendered":"https:\/\/www.anovapeneira.gal\/?p=5942"},"modified":"2021-08-13T18:44:52","modified_gmt":"2021-08-13T16:44:52","slug":"ponte-caldelas-avanza-no-desbroce-da-area-arqueoloxica-de-touron","status":"publish","type":"post","link":"https:\/\/www.anovapeneira.gal\/index.php\/2021\/08\/17\/ponte-caldelas-avanza-no-desbroce-da-area-arqueoloxica-de-touron\/","title":{"rendered":"Ponte Caldelas avanza no desbroce da \u00c1rea Arqueol\u00f3xica de Tour\u00f3n"},"content":{"rendered":"\n<h2 class=\"wp-block-heading\">Durante toda esta semana levouse a cabo a roza con tractores e medios manuais acompa\u00f1ada en todo momento por unha arque\u00f3loga, tal e como determinou a Xunta de Galicia<\/h2>\n\n\n\n<p><strong>Ponte Caldelas, 12 de agosto de 2021.\u00a0<\/strong><\/p>\n\n\n\n<p>O Concello de Ponte Caldelas est\u00e1 a ultimar o desbroce da \u00c1rea Arqueol\u00f3xica de Tour\u00f3n, despois de que en 2020 non se puidese executar debido \u00e1s novas esixencias impostas por Patrimonio da Xunta de Galicia e que non se lle esixiran con anterioridade. O luns 9 de agosto inici\u00e1ronse os traballos de roza supervisados en todo momento por unha arque\u00f3loga e que contemplan o uso de medios manuais nas zonas pr\u00f3ximas \u00e1s estaci\u00f3ns de petr\u00f3glifos e mec\u00e1nicos no resto da zona de traballo dentro dos 15.000 metros cadrados que ocupa a \u00c1rea Arqueol\u00f3xica de Tour\u00f3n.<\/p>\n\n\n\n<p>Dende o ano 2015, coa chegada de Andr\u00e9s D\u00edaz \u00e1 Alcald\u00eda de Ponte Caldelas, este espectacular espazo patrimonial \u00e9 sometido todos os anos \u00e1s labores de roza e conservaci\u00f3n. De feito, ese mesmo ano o estado de abandono era tal e os toxos superaban a altura dos tractores que desbrozaban a zona. O ano pasado, 2020, a Xunta impediu a realizaci\u00f3n destes traballos de mantemento do espazo, \u00f3 solicitar \u00f3 Concello de Ponte Caldelas a realizaci\u00f3n dun proxecto que, unha vez enviado por parte do Concello, tardaron m\u00e1is de nove meses en dar resposta. Ademais, esixiron a supervisi\u00f3n continua dun arque\u00f3logo durante a realizaci\u00f3n dos traballos, cuesti\u00f3ns \u00e1mbalas d\u00faas que nunca antes se lle requeriran a esta administraci\u00f3n local.<\/p>\n\n\n\n<p>Est\u00e1 previsto que os traballos de desbroce rematen nos vindeiros d\u00edas e a continuaci\u00f3n realizaranse o resto de traballos de reparaci\u00f3ns, que non pod\u00edan levarse a cabo antes da roza do terreo. D\u00edaz insta \u00e1 Xunta de Galicia a que deixe de po\u00f1er atrancos para o coidado e conservaci\u00f3n da \u00c1rea Arqueol\u00f3xica, \u201ctendo en conta que non axudan nada na s\u00faa conservaci\u00f3n nin no seu mantemento. O \u00fanico que po\u00f1en \u00e9 trabas para poder manter en bo estado este importante legado dos nosos antepasados\u201d.<\/p>\n","protected":false},"excerpt":{"rendered":"<div class=\"mh-excerpt\"><p>Durante toda esta semana levouse a cabo a roza con tractores e medios manuais acompa\u00f1ada en todo momento por unha arque\u00f3loga, tal e como determinou a Xunta de Galicia <a class=\"mh-excerpt-more\" href=\"https:\/\/www.anovapeneira.gal\/index.php\/2021\/08\/17\/ponte-caldelas-avanza-no-desbroce-da-area-arqueoloxica-de-touron\/\" title=\"Ponte Caldelas avanza no desbroce da \u00c1rea Arqueol\u00f3xica de Tour\u00f3n\">[&#8230;]<\/a><\/p>\n<\/div>","protected":false},"author":3,"featured_media":5943,"comment_status":"open","ping_status":"open","sticky":false,"template":"","format":"standard","meta":{"_exactmetrics_skip_tracking":false,"_exactmetrics_sitenote_active":false,"_exactmetrics_sitenote_note":"","_exactmetrics_sitenote_category":0,"footnotes":""},"categories":[26],"tags":[128],"class_list":{"0":"post-5942","1":"post","2":"type-post","3":"status-publish","4":"format-standard","5":"has-post-thumbnail","7":"category-pontevedra","8":"tag-concello-de-ponte-caldelas"},"yoast_head":"<!-- This site is optimized with the Yoast SEO plugin v27.4 - https:\/\/yoast.com\/product\/yoast-seo-wordpress\/ -->\n<title>Ponte Caldelas avanza no desbroce da \u00c1rea Arqueol\u00f3xica de Tour\u00f3n -<\/title>\n<meta name=\"description\" content=\"Durante toda esta semana levouse a cabo a roza con tractores e medios manuais acompa\u00f1ada en todo momento por unha arque\u00f3loga, tal e como determinou a Xunta de Galicia\" \/>\n<meta name=\"robots\" content=\"index, follow, max-snippet:-1, max-image-preview:large, max-video-preview:-1\" \/>\n<link rel=\"canonical\" href=\"https:\/\/www.anovapeneira.gal\/index.php\/2021\/08\/17\/ponte-caldelas-avanza-no-desbroce-da-area-arqueoloxica-de-touron\/\" \/>\n<meta property=\"og:locale\" content=\"gl_ES\" \/>\n<meta property=\"og:type\" content=\"article\" \/>\n<meta property=\"og:title\" content=\"Ponte Caldelas avanza no desbroce da \u00c1rea Arqueol\u00f3xica de Tour\u00f3n -\" \/>\n<meta property=\"og:description\" content=\"Durante toda esta semana levouse a cabo a roza con tractores e medios manuais acompa\u00f1ada en todo momento por unha arque\u00f3loga, tal e como determinou a Xunta de Galicia\" \/>\n<meta property=\"og:url\" content=\"https:\/\/www.anovapeneira.gal\/index.php\/2021\/08\/17\/ponte-caldelas-avanza-no-desbroce-da-area-arqueoloxica-de-touron\/\" \/>\n<meta property=\"article:publisher\" content=\"https:\/\/www.facebook.com\/anovapeneira\" \/>\n<meta property=\"article:published_time\" content=\"2021-08-17T10:00:34+00:00\" \/>\n<meta property=\"og:image\" content=\"https:\/\/www.anovapeneira.gal\/wp-content\/uploads\/2021\/08\/foto_touron.jpg\" \/>\n\t<meta property=\"og:image:width\" content=\"1500\" \/>\n\t<meta property=\"og:image:height\" content=\"790\" \/>\n\t<meta property=\"og:image:type\" content=\"image\/jpeg\" \/>\n<meta name=\"author\" content=\"Redacci\u00f3n A Nova Peneira\" \/>\n<meta name=\"twitter:card\" content=\"summary_large_image\" \/>\n<meta name=\"twitter:creator\" content=\"@APeneira\" \/>\n<meta name=\"twitter:site\" content=\"@APeneira\" \/>\n<meta name=\"twitter:label1\" content=\"Escrito por\" \/>\n\t<meta name=\"twitter:data1\" content=\"Redacci\u00f3n A Nova Peneira\" \/>\n\t<meta name=\"twitter:label2\" content=\"Tempo de lectura\" \/>\n\t<meta name=\"twitter:data2\" content=\"2 minutos\" \/>\n<script type=\"application\/ld+json\" class=\"yoast-schema-graph\">{\"@context\":\"https:\\\/\\\/schema.org\",\"@graph\":[{\"@type\":\"Article\",\"@id\":\"https:\\\/\\\/www.anovapeneira.gal\\\/index.php\\\/2021\\\/08\\\/17\\\/ponte-caldelas-avanza-no-desbroce-da-area-arqueoloxica-de-touron\\\/#article\",\"isPartOf\":{\"@id\":\"https:\\\/\\\/www.anovapeneira.gal\\\/index.php\\\/2021\\\/08\\\/17\\\/ponte-caldelas-avanza-no-desbroce-da-area-arqueoloxica-de-touron\\\/\"},\"author\":{\"name\":\"Redacci\u00f3n A Nova Peneira\",\"@id\":\"https:\\\/\\\/www.anovapeneira.gal\\\/#\\\/schema\\\/person\\\/b93e3f8932e3f8da96334607eb6ac6aa\"},\"headline\":\"Ponte Caldelas avanza no desbroce da \u00c1rea Arqueol\u00f3xica de Tour\u00f3n\",\"datePublished\":\"2021-08-17T10:00:34+00:00\",\"mainEntityOfPage\":{\"@id\":\"https:\\\/\\\/www.anovapeneira.gal\\\/index.php\\\/2021\\\/08\\\/17\\\/ponte-caldelas-avanza-no-desbroce-da-area-arqueoloxica-de-touron\\\/\"},\"wordCount\":369,\"commentCount\":0,\"publisher\":{\"@id\":\"https:\\\/\\\/www.anovapeneira.gal\\\/#organization\"},\"image\":{\"@id\":\"https:\\\/\\\/www.anovapeneira.gal\\\/index.php\\\/2021\\\/08\\\/17\\\/ponte-caldelas-avanza-no-desbroce-da-area-arqueoloxica-de-touron\\\/#primaryimage\"},\"thumbnailUrl\":\"https:\\\/\\\/www.anovapeneira.gal\\\/wp-content\\\/uploads\\\/2021\\\/08\\\/foto_touron.jpg\",\"keywords\":[\"Concello de Ponte Caldelas\"],\"articleSection\":[\"Pontevedra\"],\"inLanguage\":\"gl-ES\",\"potentialAction\":[{\"@type\":\"CommentAction\",\"name\":\"Comment\",\"target\":[\"https:\\\/\\\/www.anovapeneira.gal\\\/index.php\\\/2021\\\/08\\\/17\\\/ponte-caldelas-avanza-no-desbroce-da-area-arqueoloxica-de-touron\\\/#respond\"]}]},{\"@type\":\"WebPage\",\"@id\":\"https:\\\/\\\/www.anovapeneira.gal\\\/index.php\\\/2021\\\/08\\\/17\\\/ponte-caldelas-avanza-no-desbroce-da-area-arqueoloxica-de-touron\\\/\",\"url\":\"https:\\\/\\\/www.anovapeneira.gal\\\/index.php\\\/2021\\\/08\\\/17\\\/ponte-caldelas-avanza-no-desbroce-da-area-arqueoloxica-de-touron\\\/\",\"name\":\"Ponte Caldelas avanza no desbroce da \u00c1rea Arqueol\u00f3xica de Tour\u00f3n -\",\"isPartOf\":{\"@id\":\"https:\\\/\\\/www.anovapeneira.gal\\\/#website\"},\"primaryImageOfPage\":{\"@id\":\"https:\\\/\\\/www.anovapeneira.gal\\\/index.php\\\/2021\\\/08\\\/17\\\/ponte-caldelas-avanza-no-desbroce-da-area-arqueoloxica-de-touron\\\/#primaryimage\"},\"image\":{\"@id\":\"https:\\\/\\\/www.anovapeneira.gal\\\/index.php\\\/2021\\\/08\\\/17\\\/ponte-caldelas-avanza-no-desbroce-da-area-arqueoloxica-de-touron\\\/#primaryimage\"},\"thumbnailUrl\":\"https:\\\/\\\/www.anovapeneira.gal\\\/wp-content\\\/uploads\\\/2021\\\/08\\\/foto_touron.jpg\",\"datePublished\":\"2021-08-17T10:00:34+00:00\",\"description\":\"Durante toda esta semana levouse a cabo a roza con tractores e medios manuais acompa\u00f1ada en todo momento por unha arque\u00f3loga, tal e como determinou a Xunta de Galicia\",\"breadcrumb\":{\"@id\":\"https:\\\/\\\/www.anovapeneira.gal\\\/index.php\\\/2021\\\/08\\\/17\\\/ponte-caldelas-avanza-no-desbroce-da-area-arqueoloxica-de-touron\\\/#breadcrumb\"},\"inLanguage\":\"gl-ES\",\"potentialAction\":[{\"@type\":\"ReadAction\",\"target\":[\"https:\\\/\\\/www.anovapeneira.gal\\\/index.php\\\/2021\\\/08\\\/17\\\/ponte-caldelas-avanza-no-desbroce-da-area-arqueoloxica-de-touron\\\/\"]}]},{\"@type\":\"ImageObject\",\"inLanguage\":\"gl-ES\",\"@id\":\"https:\\\/\\\/www.anovapeneira.gal\\\/index.php\\\/2021\\\/08\\\/17\\\/ponte-caldelas-avanza-no-desbroce-da-area-arqueoloxica-de-touron\\\/#primaryimage\",\"url\":\"https:\\\/\\\/www.anovapeneira.gal\\\/wp-content\\\/uploads\\\/2021\\\/08\\\/foto_touron.jpg\",\"contentUrl\":\"https:\\\/\\\/www.anovapeneira.gal\\\/wp-content\\\/uploads\\\/2021\\\/08\\\/foto_touron.jpg\",\"width\":1500,\"height\":790,\"caption\":\"Tour\u00f3n Ponte Caldelas\"},{\"@type\":\"BreadcrumbList\",\"@id\":\"https:\\\/\\\/www.anovapeneira.gal\\\/index.php\\\/2021\\\/08\\\/17\\\/ponte-caldelas-avanza-no-desbroce-da-area-arqueoloxica-de-touron\\\/#breadcrumb\",\"itemListElement\":[{\"@type\":\"ListItem\",\"position\":1,\"name\":\"Portada\",\"item\":\"https:\\\/\\\/www.anovapeneira.gal\\\/\"},{\"@type\":\"ListItem\",\"position\":2,\"name\":\"Ponte Caldelas avanza no desbroce da \u00c1rea Arqueol\u00f3xica de Tour\u00f3n\"}]},{\"@type\":\"WebSite\",\"@id\":\"https:\\\/\\\/www.anovapeneira.gal\\\/#website\",\"url\":\"https:\\\/\\\/www.anovapeneira.gal\\\/\",\"name\":\"\",\"description\":\"Xornal galego de informaci\u00f3n xeral Publicaci\u00f3n mensual de novas de Galicia e en especial dos Concellos da sur da provincia de Pontevedra.\",\"publisher\":{\"@id\":\"https:\\\/\\\/www.anovapeneira.gal\\\/#organization\"},\"potentialAction\":[{\"@type\":\"SearchAction\",\"target\":{\"@type\":\"EntryPoint\",\"urlTemplate\":\"https:\\\/\\\/www.anovapeneira.gal\\\/?s={search_term_string}\"},\"query-input\":{\"@type\":\"PropertyValueSpecification\",\"valueRequired\":true,\"valueName\":\"search_term_string\"}}],\"inLanguage\":\"gl-ES\"},{\"@type\":\"Organization\",\"@id\":\"https:\\\/\\\/www.anovapeneira.gal\\\/#organization\",\"name\":\"A Nova Peneira\",\"url\":\"https:\\\/\\\/www.anovapeneira.gal\\\/\",\"logo\":{\"@type\":\"ImageObject\",\"inLanguage\":\"gl-ES\",\"@id\":\"https:\\\/\\\/www.anovapeneira.gal\\\/#\\\/schema\\\/logo\\\/image\\\/\",\"url\":\"http:\\\/\\\/www.anovapeneira.gal\\\/wp-content\\\/uploads\\\/2019\\\/06\\\/logo_a_nova_peneira_portal_web.png\",\"contentUrl\":\"http:\\\/\\\/www.anovapeneira.gal\\\/wp-content\\\/uploads\\\/2019\\\/06\\\/logo_a_nova_peneira_portal_web.png\",\"width\":300,\"height\":100,\"caption\":\"A Nova Peneira\"},\"image\":{\"@id\":\"https:\\\/\\\/www.anovapeneira.gal\\\/#\\\/schema\\\/logo\\\/image\\\/\"},\"sameAs\":[\"https:\\\/\\\/www.facebook.com\\\/anovapeneira\",\"https:\\\/\\\/x.com\\\/APeneira\"]},{\"@type\":\"Person\",\"@id\":\"https:\\\/\\\/www.anovapeneira.gal\\\/#\\\/schema\\\/person\\\/b93e3f8932e3f8da96334607eb6ac6aa\",\"name\":\"Redacci\u00f3n A Nova Peneira\",\"image\":{\"@type\":\"ImageObject\",\"inLanguage\":\"gl-ES\",\"@id\":\"https:\\\/\\\/secure.gravatar.com\\\/avatar\\\/c052a2551a06e23fac63626232eaa90abd78dbcf1700fc46a2b2c89fd27b735f?s=96&d=mm&r=g\",\"url\":\"https:\\\/\\\/secure.gravatar.com\\\/avatar\\\/c052a2551a06e23fac63626232eaa90abd78dbcf1700fc46a2b2c89fd27b735f?s=96&d=mm&r=g\",\"contentUrl\":\"https:\\\/\\\/secure.gravatar.com\\\/avatar\\\/c052a2551a06e23fac63626232eaa90abd78dbcf1700fc46a2b2c89fd27b735f?s=96&d=mm&r=g\",\"caption\":\"Redacci\u00f3n A Nova Peneira\"},\"sameAs\":[\"http:\\\/\\\/www.anovapeneira.gal\\\/\"],\"url\":\"https:\\\/\\\/www.anovapeneira.gal\\\/index.php\\\/author\\\/redactor\\\/\"}]}<\/script>\n<!-- \/ Yoast SEO plugin. -->","yoast_head_json":{"title":"Ponte Caldelas avanza no desbroce da \u00c1rea Arqueol\u00f3xica de Tour\u00f3n -","description":"Durante toda esta semana levouse a cabo a roza con tractores e medios manuais acompa\u00f1ada en todo momento por unha arque\u00f3loga, tal e como determinou a Xunta de Galicia","robots":{"index":"index","follow":"follow","max-snippet":"max-snippet:-1","max-image-preview":"max-image-preview:large","max-video-preview":"max-video-preview:-1"},"canonical":"https:\/\/www.anovapeneira.gal\/index.php\/2021\/08\/17\/ponte-caldelas-avanza-no-desbroce-da-area-arqueoloxica-de-touron\/","og_locale":"gl_ES","og_type":"article","og_title":"Ponte Caldelas avanza no desbroce da \u00c1rea Arqueol\u00f3xica de Tour\u00f3n -","og_description":"Durante toda esta semana levouse a cabo a roza con tractores e medios manuais acompa\u00f1ada en todo momento por unha arque\u00f3loga, tal e como determinou a Xunta de Galicia","og_url":"https:\/\/www.anovapeneira.gal\/index.php\/2021\/08\/17\/ponte-caldelas-avanza-no-desbroce-da-area-arqueoloxica-de-touron\/","article_publisher":"https:\/\/www.facebook.com\/anovapeneira","article_published_time":"2021-08-17T10:00:34+00:00","og_image":[{"width":1500,"height":790,"url":"https:\/\/www.anovapeneira.gal\/wp-content\/uploads\/2021\/08\/foto_touron.jpg","type":"image\/jpeg"}],"author":"Redacci\u00f3n A Nova Peneira","twitter_card":"summary_large_image","twitter_creator":"@APeneira","twitter_site":"@APeneira","twitter_misc":{"Escrito por":"Redacci\u00f3n A Nova Peneira","Tempo de lectura":"2 minutos"},"schema":{"@context":"https:\/\/schema.org","@graph":[{"@type":"Article","@id":"https:\/\/www.anovapeneira.gal\/index.php\/2021\/08\/17\/ponte-caldelas-avanza-no-desbroce-da-area-arqueoloxica-de-touron\/#article","isPartOf":{"@id":"https:\/\/www.anovapeneira.gal\/index.php\/2021\/08\/17\/ponte-caldelas-avanza-no-desbroce-da-area-arqueoloxica-de-touron\/"},"author":{"name":"Redacci\u00f3n A Nova Peneira","@id":"https:\/\/www.anovapeneira.gal\/#\/schema\/person\/b93e3f8932e3f8da96334607eb6ac6aa"},"headline":"Ponte Caldelas avanza no desbroce da \u00c1rea Arqueol\u00f3xica de Tour\u00f3n","datePublished":"2021-08-17T10:00:34+00:00","mainEntityOfPage":{"@id":"https:\/\/www.anovapeneira.gal\/index.php\/2021\/08\/17\/ponte-caldelas-avanza-no-desbroce-da-area-arqueoloxica-de-touron\/"},"wordCount":369,"commentCount":0,"publisher":{"@id":"https:\/\/www.anovapeneira.gal\/#organization"},"image":{"@id":"https:\/\/www.anovapeneira.gal\/index.php\/2021\/08\/17\/ponte-caldelas-avanza-no-desbroce-da-area-arqueoloxica-de-touron\/#primaryimage"},"thumbnailUrl":"https:\/\/www.anovapeneira.gal\/wp-content\/uploads\/2021\/08\/foto_touron.jpg","keywords":["Concello de Ponte Caldelas"],"articleSection":["Pontevedra"],"inLanguage":"gl-ES","potentialAction":[{"@type":"CommentAction","name":"Comment","target":["https:\/\/www.anovapeneira.gal\/index.php\/2021\/08\/17\/ponte-caldelas-avanza-no-desbroce-da-area-arqueoloxica-de-touron\/#respond"]}]},{"@type":"WebPage","@id":"https:\/\/www.anovapeneira.gal\/index.php\/2021\/08\/17\/ponte-caldelas-avanza-no-desbroce-da-area-arqueoloxica-de-touron\/","url":"https:\/\/www.anovapeneira.gal\/index.php\/2021\/08\/17\/ponte-caldelas-avanza-no-desbroce-da-area-arqueoloxica-de-touron\/","name":"Ponte Caldelas avanza no desbroce da \u00c1rea Arqueol\u00f3xica de Tour\u00f3n -","isPartOf":{"@id":"https:\/\/www.anovapeneira.gal\/#website"},"primaryImageOfPage":{"@id":"https:\/\/www.anovapeneira.gal\/index.php\/2021\/08\/17\/ponte-caldelas-avanza-no-desbroce-da-area-arqueoloxica-de-touron\/#primaryimage"},"image":{"@id":"https:\/\/www.anovapeneira.gal\/index.php\/2021\/08\/17\/ponte-caldelas-avanza-no-desbroce-da-area-arqueoloxica-de-touron\/#primaryimage"},"thumbnailUrl":"https:\/\/www.anovapeneira.gal\/wp-content\/uploads\/2021\/08\/foto_touron.jpg","datePublished":"2021-08-17T10:00:34+00:00","description":"Durante toda esta semana levouse a cabo a roza con tractores e medios manuais acompa\u00f1ada en todo momento por unha arque\u00f3loga, tal e como determinou a Xunta de Galicia","breadcrumb":{"@id":"https:\/\/www.anovapeneira.gal\/index.php\/2021\/08\/17\/ponte-caldelas-avanza-no-desbroce-da-area-arqueoloxica-de-touron\/#breadcrumb"},"inLanguage":"gl-ES","potentialAction":[{"@type":"ReadAction","target":["https:\/\/www.anovapeneira.gal\/index.php\/2021\/08\/17\/ponte-caldelas-avanza-no-desbroce-da-area-arqueoloxica-de-touron\/"]}]},{"@type":"ImageObject","inLanguage":"gl-ES","@id":"https:\/\/www.anovapeneira.gal\/index.php\/2021\/08\/17\/ponte-caldelas-avanza-no-desbroce-da-area-arqueoloxica-de-touron\/#primaryimage","url":"https:\/\/www.anovapeneira.gal\/wp-content\/uploads\/2021\/08\/foto_touron.jpg","contentUrl":"https:\/\/www.anovapeneira.gal\/wp-content\/uploads\/2021\/08\/foto_touron.jpg","width":1500,"height":790,"caption":"Tour\u00f3n Ponte Caldelas"},{"@type":"BreadcrumbList","@id":"https:\/\/www.anovapeneira.gal\/index.php\/2021\/08\/17\/ponte-caldelas-avanza-no-desbroce-da-area-arqueoloxica-de-touron\/#breadcrumb","itemListElement":[{"@type":"ListItem","position":1,"name":"Portada","item":"https:\/\/www.anovapeneira.gal\/"},{"@type":"ListItem","position":2,"name":"Ponte Caldelas avanza no desbroce da \u00c1rea Arqueol\u00f3xica de Tour\u00f3n"}]},{"@type":"WebSite","@id":"https:\/\/www.anovapeneira.gal\/#website","url":"https:\/\/www.anovapeneira.gal\/","name":"","description":"Xornal galego de informaci\u00f3n xeral Publicaci\u00f3n mensual de novas de Galicia e en especial dos Concellos da sur da provincia de Pontevedra.","publisher":{"@id":"https:\/\/www.anovapeneira.gal\/#organization"},"potentialAction":[{"@type":"SearchAction","target":{"@type":"EntryPoint","urlTemplate":"https:\/\/www.anovapeneira.gal\/?s={search_term_string}"},"query-input":{"@type":"PropertyValueSpecification","valueRequired":true,"valueName":"search_term_string"}}],"inLanguage":"gl-ES"},{"@type":"Organization","@id":"https:\/\/www.anovapeneira.gal\/#organization","name":"A Nova Peneira","url":"https:\/\/www.anovapeneira.gal\/","logo":{"@type":"ImageObject","inLanguage":"gl-ES","@id":"https:\/\/www.anovapeneira.gal\/#\/schema\/logo\/image\/","url":"http:\/\/www.anovapeneira.gal\/wp-content\/uploads\/2019\/06\/logo_a_nova_peneira_portal_web.png","contentUrl":"http:\/\/www.anovapeneira.gal\/wp-content\/uploads\/2019\/06\/logo_a_nova_peneira_portal_web.png","width":300,"height":100,"caption":"A Nova Peneira"},"image":{"@id":"https:\/\/www.anovapeneira.gal\/#\/schema\/logo\/image\/"},"sameAs":["https:\/\/www.facebook.com\/anovapeneira","https:\/\/x.com\/APeneira"]},{"@type":"Person","@id":"https:\/\/www.anovapeneira.gal\/#\/schema\/person\/b93e3f8932e3f8da96334607eb6ac6aa","name":"Redacci\u00f3n A Nova Peneira","image":{"@type":"ImageObject","inLanguage":"gl-ES","@id":"https:\/\/secure.gravatar.com\/avatar\/c052a2551a06e23fac63626232eaa90abd78dbcf1700fc46a2b2c89fd27b735f?s=96&d=mm&r=g","url":"https:\/\/secure.gravatar.com\/avatar\/c052a2551a06e23fac63626232eaa90abd78dbcf1700fc46a2b2c89fd27b735f?s=96&d=mm&r=g","contentUrl":"https:\/\/secure.gravatar.com\/avatar\/c052a2551a06e23fac63626232eaa90abd78dbcf1700fc46a2b2c89fd27b735f?s=96&d=mm&r=g","caption":"Redacci\u00f3n A Nova Peneira"},"sameAs":["http:\/\/www.anovapeneira.gal\/"],"url":"https:\/\/www.anovapeneira.gal\/index.php\/author\/redactor\/"}]}},"jetpack_featured_media_url":"https:\/\/www.anovapeneira.gal\/wp-content\/uploads\/2021\/08\/foto_touron.jpg","_links":{"self":[{"href":"https:\/\/www.anovapeneira.gal\/index.php\/wp-json\/wp\/v2\/posts\/5942","targetHints":{"allow":["GET"]}}],"collection":[{"href":"https:\/\/www.anovapeneira.gal\/index.php\/wp-json\/wp\/v2\/posts"}],"about":[{"href":"https:\/\/www.anovapeneira.gal\/index.php\/wp-json\/wp\/v2\/types\/post"}],"author":[{"embeddable":true,"href":"https:\/\/www.anovapeneira.gal\/index.php\/wp-json\/wp\/v2\/users\/3"}],"replies":[{"embeddable":true,"href":"https:\/\/www.anovapeneira.gal\/index.php\/wp-json\/wp\/v2\/comments?post=5942"}],"version-history":[{"count":1,"href":"https:\/\/www.anovapeneira.gal\/index.php\/wp-json\/wp\/v2\/posts\/5942\/revisions"}],"predecessor-version":[{"id":5944,"href":"https:\/\/www.anovapeneira.gal\/index.php\/wp-json\/wp\/v2\/posts\/5942\/revisions\/5944"}],"wp:featuredmedia":[{"embeddable":true,"href":"https:\/\/www.anovapeneira.gal\/index.php\/wp-json\/wp\/v2\/media\/5943"}],"wp:attachment":[{"href":"https:\/\/www.anovapeneira.gal\/index.php\/wp-json\/wp\/v2\/media?parent=5942"}],"wp:term":[{"taxonomy":"category","embeddable":true,"href":"https:\/\/www.anovapeneira.gal\/index.php\/wp-json\/wp\/v2\/categories?post=5942"},{"taxonomy":"post_tag","embeddable":true,"href":"https:\/\/www.anovapeneira.gal\/index.php\/wp-json\/wp\/v2\/tags?post=5942"}],"curies":[{"name":"wp","href":"https:\/\/api.w.org\/{rel}","templated":true}]}}