{"id":5953,"date":"2021-08-19T10:00:52","date_gmt":"2021-08-19T08:00:52","guid":{"rendered":"https:\/\/www.anovapeneira.gal\/?p=5953"},"modified":"2021-08-17T09:26:34","modified_gmt":"2021-08-17T07:26:34","slug":"de-negacionismo-e-covardia","status":"publish","type":"post","link":"https:\/\/www.anovapeneira.gal\/index.php\/2021\/08\/19\/de-negacionismo-e-covardia\/","title":{"rendered":"De negacionismo e covard\u00eda"},"content":{"rendered":"\n<p>Negar a evidencia, a realidade, feitos relevantes e datos obxectivos, alegando a existencia dunha conspiraci\u00f3n ou trama oculta. Iso \u00e9 o negacionismo. As e os negacionistas rexeitan todo o que non conv\u00e9n ao seu marco de pensamento, o que contrad\u00ed o seu relato sobre o que aconteceu ou o est\u00e1 a acontecer. Algo na mesma li\u00f1a do tan co\u00f1ecido conto do traxe do emperador.<\/p>\n\n\n\n<p>A continuaci\u00f3n van unha serie de datos obxectivos. Non est\u00e1n todos os que deber\u00edan pero son todos os que est\u00e1n, por raz\u00f3ns obvias de espazo e non cansar a quen le. Falan sobre a xesti\u00f3n da cousa p\u00fablica e o transcorrer da pol\u00edtica municipal no Porri\u00f1o dende o 2015 ata hoxe.<\/p>\n\n\n\n<p><strong>O Consello de Contas<\/strong> di no seu informe sobre os exercicios 2017 e 2018 que no Concello do Porri\u00f1o se utiliza como habitual a pr\u00e1ctica de <strong>contratar directa e verbalmente sen procedemento alg\u00fan, sen cr\u00e9dito e sen fiscalizaci\u00f3n.<\/strong> Tam\u00e9n di que dita situaci\u00f3n segue a manterse no 2019, ano de finalizaci\u00f3n da elaboraci\u00f3n do informe, sen que obedeza a necesidades excepcionais. O informe est\u00e1 ao dispor de calquera que queira botarlle unha ollada na p\u00e1xina web do Consello de Contas de Galicia.<\/p>\n\n\n\n<p><strong>O maxistrado do Xulgado do Contencioso \u2013 Administrativo n\u00ba 1 de Pontevedra<\/strong> en varias sentenzas deste mesmo ano concl\u00fae que <strong>a contrataci\u00f3n do Concello do Porri\u00f1o \u00e9 irregular, masiva, descontrolada e xeralizada nos \u00faltimos anos<\/strong><strong>.<\/strong> Cualifica o acontecido como <strong>moi grave e intolerable para unha Administraci\u00f3n p\u00fablica<\/strong>. Fala dunha actuaci\u00f3n \u201cconsciente y groseramente ilegal\u201d e que provoca un prexu\u00edzo notorio ao interese p\u00fablico.<\/p>\n\n\n\n<p><strong>A alcaldesa est\u00e1 investigada<\/strong>, xunto con outro concelleiro, un exconcelleiro e varios empresarios, no <strong>\u201cCaso Desbroces\u201d no Xulgado de Primeira Instancia e Instruci\u00f3n n\u00ba 2 do Porri\u00f1o<\/strong> por <strong>presunta falsificaci\u00f3n, tr\u00e1fico de influencias e prevaricaci\u00f3n<\/strong>. A Fiscal\u00eda pide tam\u00e9n agora que sexa investigada por <strong>malversaci\u00f3n<\/strong> a ra\u00edz dos testemu\u00f1os do maxistrado do Contencioso Administrativo n\u00ba 1 de Pontevedra con relaci\u00f3n \u00e1 contrataci\u00f3n.<\/p>\n\n\n\n<p>En canto \u00e1 <strong>situaci\u00f3n econ\u00f3mico financeira<\/strong> sabemos en EU Son, como grupo da Corporaci\u00f3n Municipal, que as contas municipais suman un importe de <strong>4.626.494,96 de euros en concepto de <\/strong><strong>\u201cacredores por operaci\u00f3ns pendentes de aplicar ao orzamento\u201d,<\/strong> ou o que podemos chamar para entendernos mellor, <strong>facturas contabilizadas e impagadas<\/strong> \u201cno caix\u00f3n\u201d porque non se aplicaron a ninguha partida orzamentaria. Ve\u00f1en acumul\u00e1ndose dende o 2016 ata o 2020 por servizos e subministraci\u00f3ns encargados verbalmente na s\u00faa maior\u00eda.<\/p>\n\n\n\n<p>Dentro deste importe figura unha <strong>d\u00e9beda<\/strong> por <strong>subministraci\u00f3n el\u00e9ctrica<\/strong> de <strong>716.000 euros<\/strong>. En febreiro de 2020 cortouse a luz en varios edificios municipais por falta de pagamento. Usouse o di\u00f1eiro en pagar outros gastos correntes. O mesmo xeito de proceder deuse coa xesti\u00f3n da piscina municipal e coa telefon\u00eda.<\/p>\n\n\n\n<p>\u00c1 marxe deste cantidade millonaria temos unha <strong>d\u00e9beda co Concello de Vigo<\/strong> pola <strong>auga<\/strong> que v\u00e9n da presa de Eiras de <strong>m\u00e1is de<\/strong> <strong>1 mill\u00f3n de euros<\/strong>, xa reclamados por v\u00eda de constrinximento e que corresponden aos cinco \u00faltimos anos.<\/p>\n\n\n\n<p>Son varias as <strong>subvenci\u00f3ns perdidas<\/strong> para plans de emprego, infraestruturas, seguridade viaria e mellora de cami\u00f1os, a \u00faltima de case 30.000 euros. Houbo que devolver o importe por <strong>non presentar a documentaci\u00f3n xustificativa en prazo<\/strong>, as\u00ed o esixiu a Axencia de Desenvolvemento Rural.<\/p>\n\n\n\n<p>Todo o anteriormente exposto \u00e9 patente, claro, evidente, non admite discusi\u00f3n, non hai volta de folla, non hai controversia posible. \u00c9 tan innegable como que a terra \u00e9 redonda, que xira arredor do sol e que a auga molla.<\/p>\n\n\n\n<p>Tam\u00e9n \u00e9 incuestionable a par\u00e1lise e desgoberno. <strong>A falta de proxecto no Concello do Porri\u00f1o \u00e9 tam\u00e9n consecuencia de levar sen orzamento tres anos.<\/strong> O descontrol na xesti\u00f3n econ\u00f3mica e na contrataci\u00f3n dende o ano 2015 \u00e9 un feito. Esta situaci\u00f3n mantense ao longo dos seis anos de alcald\u00eda de Eva Garc\u00eda de la Torre. E isto non o di EU Son, dio tanto o Consello de Contas nas s\u00faas conclusi\u00f3ns, un maxistrado do Contencioso Administrativo en varias sentenzas e calquera membro da Corporaci\u00f3n pode comprobalo coa informaci\u00f3n \u00e1 que ten acceso para poder cumprir co seu labor, no noso caso de fiscalizaci\u00f3n e control do goberno.<\/p>\n\n\n\n<p>Do mesmo xeito calquera veci\u00f1o ou veci\u00f1a ve e padece o <strong>descoido e abandono de r\u00faas, estradas, parques infant\u00eds, dotaci\u00f3ns e infraestruturas en xeral<\/strong>, que rascan como as silvas que enchen moitas beirarr\u00faas. Isto \u00e9 o tema de conversa a diario en r\u00faas e redes sociais.<\/p>\n\n\n\n<p>Outro asunto para a reflexi\u00f3n son o <strong>despotismo e as constantes faltas de respecto aos grupos da oposici\u00f3n<\/strong> por parte de quen deber\u00e1 representar con dignidade e exemplaridade ao Porri\u00f1o. As sesi\u00f3ns plenarias est\u00e1n gravadas, que cadaqu\u00e9n tire as s\u00faas conclusi\u00f3ns.<\/p>\n\n\n\n<p>Chegando a este punto, analicemos quen anda neste <strong>negacionismo porri\u00f1\u00e9s<\/strong> e por que.<\/p>\n\n\n\n<p>Hai negacionistas por teren informaci\u00f3n terxiversada que algu\u00e9n espalla intencionadamente pero tam\u00e9n os hai por interese propio ou do grupo do que forman parte. Este segundo tipo de negacionistas non dubida en usar a mentira ou, de ser o caso, tratar de descualificar os argumentos de peso e datos obxectivos como os aqu\u00ed expostos. Tentan facer a menos de quen lle retruca, por motivos partidistas ou simplemente pragm\u00e1ticos e sen pudor de ning\u00fan tipo.<\/p>\n\n\n\n<p>E quen e cales son os seus motivos? En primeiro lugar, <strong>a propia<\/strong> <strong>alcaldesa<\/strong>, por pura supervivencia. A seguir <strong>o seu grupo municipal<\/strong>, por id\u00e9nticas raz\u00f3ns e por enfrontamentos internos. A agrupaci\u00f3n <strong>do PSdG do Porri\u00f1o<\/strong> tam\u00e9n, xu\u00edza e parte nestas tirapuxas e por intereses individuais cara as vindeiras elecci\u00f3ns municipais. Prefiren manter todo como est\u00e1, a\u00ednda que sexa con respiraci\u00f3n asistida. Non vaia ser que outra persoa do seu grupo, ou doutro, asuma a alcald\u00eda e obte\u00f1a r\u00e9ditos electorais cara ao 2023. \u201cLas cosas de Porri\u00f1o se arreglan en Porri\u00f1o\u201d pero o \u00fanico que pensan en arranxar as s\u00faas, dalgo hai que vivir.<\/p>\n\n\n\n<p>E por suposto, nun lugar moi destacado, destacad\u00edsimo, <strong>os se\u00f1ores Regades e Caballero<\/strong>, responsables provincial e auton\u00f3mico, que co\u00f1ecendo perfectamente o panorama que temos, sobre todo o primeiro, miran para outro lado. Non saben onde colocar a alcaldesa agora quen antes soubo que posto dar a outra persoa para ter unha alcald\u00eda m\u00e1is no seu marcador. Dato tam\u00e9n comprobable.<\/p>\n\n\n\n<p>\u00c9 mellor para todas e todos os implicados usar o vitimismo como forma de manipulaci\u00f3n, tentar desacreditar outras posturas e crear unha atmosfera de conspiranoia constante. Mesmo parece que o que est\u00e1 a pasar esta alcaldesa \u00e9 un aut\u00e9ntico \u201cv\u00eda crucis\u201d, \u201cantes todo se fac\u00eda peor\u201d, \u201cno \u00faltimo ano est\u00e1n a sacarse a concurso case todos os contratos\u201d, \u201ctodo se xudicializa\u201d (as empresas queren cobrar). Ata as sesi\u00f3ns plenarias semellan \u00e1s veces que sesi\u00f3ns psicoterap\u00e9uticas e non de rendici\u00f3n de contas e achega de propostas.<\/p>\n\n\n\n<p>A fantas\u00eda ref\u00f3rzase con t\u00edtulos como os da \u201ccidade amiga da infancia\u201d e aspirantes a \u201ccidade amigable coas persoas maiores\u201d, un chiste ben triste, cando a \u00fanica beneficiada foi a empresa que fixo os traballos de preparaci\u00f3n da documentaci\u00f3n. Que falen as criaturas, as familias e maiores, a ver que opinan.<\/p>\n\n\n\n<p>Acadar este clima de delirio precisa tam\u00e9n da <strong>colaboraci\u00f3n necesaria de palmeiros e palmeiras<\/strong>, que sempre axudan \u00e1 festa. Outro xeito de negacionismo. Aqu\u00ed atopamos d\u00faas castes: a <strong>de despacho<\/strong>, que se move por intereses econ\u00f3micos, e a <strong>de terraza e\/ou redes sociais<\/strong>. Neste segundo equipo est\u00e1n as e os fans que consideran as siglas do PSdG e tam\u00e9n do BNG un salvoconduto, un escudo ante calquera cr\u00edtica ao goberno municipal. Fuxen da racionalidade e abrazan a fe nalg\u00fans casos ata extremos propios do hooliganismo. Hai que dicir no seu favor que o fan case sempre sen \u00e1nimo de lucro, s\u00f3 agardan unha man polo lombo e un sorriso. Non dan un s\u00f3 argumento porque non lles interesa, porque non queren facerse as preguntas que saben van ter unha resposta inc\u00f3moda. Dan como moito en tentar facer algunha graza, alg\u00fan comentario \u201cpavero\u201d e alg\u00fan insulto.<\/p>\n\n\n\n<p>Calquera denuncia desta situaci\u00f3n cualif\u00edcase como \u201cfacer o caldo gordo ao PP\u201d. Todas e todos os citados negan o que pasou e o que segue a pasar. Ag\u00f3chanse detr\u00e1s da marca dun partido, mentres a maior\u00eda de veci\u00f1as e veci\u00f1os o que queren \u00e9 un goberno responsable e respectuoso cos cartos p\u00fablicos que solucione os problemas do pobo e non os agrave. O seu negacionismo ponnos en perigo a todas e todos.<\/p>\n\n\n\n<p>Ser\u00e1n tam\u00e9n quen de negar que Eva Garc\u00eda de la Torre levaba raz\u00f3n cando na campa\u00f1a do 2015 dixo aquilo de: \u201c<strong>Mano en la caja se puede meter de muchas maneras \u2026no hace falta ir a la caja y llevarte el dinero metido en bolsas, no hace falta\u2026cuando t\u00fa te saltas la ley, contratas a dedo, sin control\u2026\u201d ?<\/strong><\/p>\n\n\n\n<p>Unha vez m\u00e1is apelamos a un m\u00ednimo de preocupaci\u00f3n polas s\u00faas veci\u00f1as e veci\u00f1os, que agardemos quede algunha, para que pola banda que di ser \u201cde esquerda\u201d e que est\u00e1 no goberno, se dea o paso para que outra persoa asuma a alcald\u00eda.<\/p>\n\n\n\n<p>Pode facerse algo digno nos dous anos que quedan desta lexislatura e sentar as bases dun Porri\u00f1o para a maior\u00eda, para a xente traballadora (que somos o 99%). Covard\u00eda non \u00e9 non entrar nun goberno liderado con maneiras xa moi cuestionables cando lle demos a investidura a Eva Garc\u00eda. Sinalar as tremendas irregularidades e podremia descuberta logo non \u00e9 ser as tontas \u00fatiles de ningu\u00e9n. Ch\u00e1mase responsabilidade e \u00e9 actuar conforme a principios, que mantemos firmes, para arremangarnos as primeiras e gobernar con quen respecte a transparencia, a participaci\u00f3n e loite polo ben com\u00fan. N\u00f3s non nos movemos por intereses e igual iso a\u00ednda a algu\u00e9n non lle quedou claro, ser\u00e1 que falamos idiomas diferentes. Con n\u00f3s que non conten porque iso non \u00e9 facer pol\u00edtica sen\u00f3n vivir dela.<\/p>\n\n\n\n<p>Covard\u00eda e negacionismo \u00e9 ser de \u201cest\u00f3mago agradecido\u201d e manter isto. Como dic\u00eda D. Julio Anguita, exemplo indiscutible de integridade e coherencia, \u201cprograma, programa y programa\u201d. O que toca \u00e9 traballar para cambiar as condici\u00f3ns de vida da xente dende as instituci\u00f3ns e sempre, sen escusa, dende a r\u00faa. O resto \u00e9 antipol\u00edtica e d\u00e1 de comer ao monstro tam\u00e9n dende o municipal, non o esquezamos.<\/p>\n\n\n\n<p>Posdata: Despois non vaian dicir que a xente non sabe votar.<\/p>\n","protected":false},"excerpt":{"rendered":"<div class=\"mh-excerpt\"><p>Negar a evidencia, a realidade, feitos relevantes e datos obxectivos, alegando a existencia dunha conspiraci\u00f3n ou trama oculta. Iso \u00e9 o negacionismo. As e os negacionistas rexeitan todo o que non conv\u00e9n ao seu marco de pensamento, o que contrad\u00ed o seu relato sobre o que aconteceu ou o est\u00e1 a acontecer. Algo na mesma li\u00f1a do tan co\u00f1ecido conto do traxe do emperador. <a class=\"mh-excerpt-more\" href=\"https:\/\/www.anovapeneira.gal\/index.php\/2021\/08\/19\/de-negacionismo-e-covardia\/\" title=\"De negacionismo e covard\u00eda\">[&#8230;]<\/a><\/p>\n<\/div>","protected":false},"author":12,"featured_media":5954,"comment_status":"open","ping_status":"open","sticky":false,"template":"","format":"standard","meta":{"_exactmetrics_skip_tracking":false,"_exactmetrics_sitenote_active":false,"_exactmetrics_sitenote_note":"","_exactmetrics_sitenote_category":0,"footnotes":""},"categories":[7],"tags":[],"class_list":{"0":"post-5953","1":"post","2":"type-post","3":"status-publish","4":"format-standard","5":"has-post-thumbnail","7":"category-artigos-de-opinion"},"yoast_head":"<!-- This site is optimized with the Yoast SEO plugin v27.4 - https:\/\/yoast.com\/product\/yoast-seo-wordpress\/ -->\n<title>De negacionismo e covard\u00eda -<\/title>\n<meta name=\"description\" content=\"Negar a evidencia, a realidade, feitos relevantes e datos obxectivos, alegando a existencia dunha conspiraci\u00f3n ou trama oculta. Iso \u00e9 o negacionismo. As e os negacionistas rexeitan todo o que non conv\u00e9n ao seu marco de pensamento, o que contrad\u00ed o seu relato sobre o que aconteceu ou o est\u00e1 a acontecer. Algo na mesma li\u00f1a do tan co\u00f1ecido conto do traxe do emperador\" \/>\n<meta name=\"robots\" content=\"index, follow, max-snippet:-1, max-image-preview:large, max-video-preview:-1\" \/>\n<link rel=\"canonical\" href=\"https:\/\/www.anovapeneira.gal\/index.php\/2021\/08\/19\/de-negacionismo-e-covardia\/\" \/>\n<meta property=\"og:locale\" content=\"gl_ES\" \/>\n<meta property=\"og:type\" content=\"article\" \/>\n<meta property=\"og:title\" content=\"De negacionismo e covard\u00eda -\" \/>\n<meta property=\"og:description\" content=\"Negar a evidencia, a realidade, feitos relevantes e datos obxectivos, alegando a existencia dunha conspiraci\u00f3n ou trama oculta. Iso \u00e9 o negacionismo. As e os negacionistas rexeitan todo o que non conv\u00e9n ao seu marco de pensamento, o que contrad\u00ed o seu relato sobre o que aconteceu ou o est\u00e1 a acontecer. Algo na mesma li\u00f1a do tan co\u00f1ecido conto do traxe do emperador\" \/>\n<meta property=\"og:url\" content=\"https:\/\/www.anovapeneira.gal\/index.php\/2021\/08\/19\/de-negacionismo-e-covardia\/\" \/>\n<meta property=\"article:publisher\" content=\"https:\/\/www.facebook.com\/anovapeneira\" \/>\n<meta property=\"article:published_time\" content=\"2021-08-19T08:00:52+00:00\" \/>\n<meta property=\"og:image\" content=\"https:\/\/www.anovapeneira.gal\/wp-content\/uploads\/2021\/08\/patricia_sio_eu_son_porrino.jpg\" \/>\n\t<meta property=\"og:image:width\" content=\"720\" \/>\n\t<meta property=\"og:image:height\" content=\"432\" \/>\n\t<meta property=\"og:image:type\" content=\"image\/jpeg\" \/>\n<meta name=\"author\" content=\"Artigos Opini\u00f3n\" \/>\n<meta name=\"twitter:card\" content=\"summary_large_image\" \/>\n<meta name=\"twitter:creator\" content=\"@APeneira\" \/>\n<meta name=\"twitter:site\" content=\"@APeneira\" \/>\n<meta name=\"twitter:label1\" content=\"Escrito por\" \/>\n\t<meta name=\"twitter:data1\" content=\"Artigos Opini\u00f3n\" \/>\n\t<meta name=\"twitter:label2\" content=\"Tempo de lectura\" \/>\n\t<meta name=\"twitter:data2\" content=\"8 minutos\" \/>\n<script type=\"application\/ld+json\" class=\"yoast-schema-graph\">{\"@context\":\"https:\\\/\\\/schema.org\",\"@graph\":[{\"@type\":\"Article\",\"@id\":\"https:\\\/\\\/www.anovapeneira.gal\\\/index.php\\\/2021\\\/08\\\/19\\\/de-negacionismo-e-covardia\\\/#article\",\"isPartOf\":{\"@id\":\"https:\\\/\\\/www.anovapeneira.gal\\\/index.php\\\/2021\\\/08\\\/19\\\/de-negacionismo-e-covardia\\\/\"},\"author\":{\"name\":\"Artigos Opini\u00f3n\",\"@id\":\"https:\\\/\\\/www.anovapeneira.gal\\\/#\\\/schema\\\/person\\\/f18a4feb302e8f20bcef4490b5b60bb3\"},\"headline\":\"De negacionismo e covard\u00eda\",\"datePublished\":\"2021-08-19T08:00:52+00:00\",\"mainEntityOfPage\":{\"@id\":\"https:\\\/\\\/www.anovapeneira.gal\\\/index.php\\\/2021\\\/08\\\/19\\\/de-negacionismo-e-covardia\\\/\"},\"wordCount\":1830,\"commentCount\":0,\"publisher\":{\"@id\":\"https:\\\/\\\/www.anovapeneira.gal\\\/#organization\"},\"image\":{\"@id\":\"https:\\\/\\\/www.anovapeneira.gal\\\/index.php\\\/2021\\\/08\\\/19\\\/de-negacionismo-e-covardia\\\/#primaryimage\"},\"thumbnailUrl\":\"https:\\\/\\\/www.anovapeneira.gal\\\/wp-content\\\/uploads\\\/2021\\\/08\\\/patricia_sio_eu_son_porrino.jpg\",\"articleSection\":[\"Artigos de opini\u00f3n\"],\"inLanguage\":\"gl-ES\",\"potentialAction\":[{\"@type\":\"CommentAction\",\"name\":\"Comment\",\"target\":[\"https:\\\/\\\/www.anovapeneira.gal\\\/index.php\\\/2021\\\/08\\\/19\\\/de-negacionismo-e-covardia\\\/#respond\"]}]},{\"@type\":\"WebPage\",\"@id\":\"https:\\\/\\\/www.anovapeneira.gal\\\/index.php\\\/2021\\\/08\\\/19\\\/de-negacionismo-e-covardia\\\/\",\"url\":\"https:\\\/\\\/www.anovapeneira.gal\\\/index.php\\\/2021\\\/08\\\/19\\\/de-negacionismo-e-covardia\\\/\",\"name\":\"De negacionismo e covard\u00eda -\",\"isPartOf\":{\"@id\":\"https:\\\/\\\/www.anovapeneira.gal\\\/#website\"},\"primaryImageOfPage\":{\"@id\":\"https:\\\/\\\/www.anovapeneira.gal\\\/index.php\\\/2021\\\/08\\\/19\\\/de-negacionismo-e-covardia\\\/#primaryimage\"},\"image\":{\"@id\":\"https:\\\/\\\/www.anovapeneira.gal\\\/index.php\\\/2021\\\/08\\\/19\\\/de-negacionismo-e-covardia\\\/#primaryimage\"},\"thumbnailUrl\":\"https:\\\/\\\/www.anovapeneira.gal\\\/wp-content\\\/uploads\\\/2021\\\/08\\\/patricia_sio_eu_son_porrino.jpg\",\"datePublished\":\"2021-08-19T08:00:52+00:00\",\"description\":\"Negar a evidencia, a realidade, feitos relevantes e datos obxectivos, alegando a existencia dunha conspiraci\u00f3n ou trama oculta. Iso \u00e9 o negacionismo. As e os negacionistas rexeitan todo o que non conv\u00e9n ao seu marco de pensamento, o que contrad\u00ed o seu relato sobre o que aconteceu ou o est\u00e1 a acontecer. Algo na mesma li\u00f1a do tan co\u00f1ecido conto do traxe do emperador\",\"breadcrumb\":{\"@id\":\"https:\\\/\\\/www.anovapeneira.gal\\\/index.php\\\/2021\\\/08\\\/19\\\/de-negacionismo-e-covardia\\\/#breadcrumb\"},\"inLanguage\":\"gl-ES\",\"potentialAction\":[{\"@type\":\"ReadAction\",\"target\":[\"https:\\\/\\\/www.anovapeneira.gal\\\/index.php\\\/2021\\\/08\\\/19\\\/de-negacionismo-e-covardia\\\/\"]}]},{\"@type\":\"ImageObject\",\"inLanguage\":\"gl-ES\",\"@id\":\"https:\\\/\\\/www.anovapeneira.gal\\\/index.php\\\/2021\\\/08\\\/19\\\/de-negacionismo-e-covardia\\\/#primaryimage\",\"url\":\"https:\\\/\\\/www.anovapeneira.gal\\\/wp-content\\\/uploads\\\/2021\\\/08\\\/patricia_sio_eu_son_porrino.jpg\",\"contentUrl\":\"https:\\\/\\\/www.anovapeneira.gal\\\/wp-content\\\/uploads\\\/2021\\\/08\\\/patricia_sio_eu_son_porrino.jpg\",\"width\":720,\"height\":432,\"caption\":\"Patricia S\u00edo Concelleira de EU SON do Porri\u00f1o\"},{\"@type\":\"BreadcrumbList\",\"@id\":\"https:\\\/\\\/www.anovapeneira.gal\\\/index.php\\\/2021\\\/08\\\/19\\\/de-negacionismo-e-covardia\\\/#breadcrumb\",\"itemListElement\":[{\"@type\":\"ListItem\",\"position\":1,\"name\":\"Portada\",\"item\":\"https:\\\/\\\/www.anovapeneira.gal\\\/\"},{\"@type\":\"ListItem\",\"position\":2,\"name\":\"De negacionismo e covard\u00eda\"}]},{\"@type\":\"WebSite\",\"@id\":\"https:\\\/\\\/www.anovapeneira.gal\\\/#website\",\"url\":\"https:\\\/\\\/www.anovapeneira.gal\\\/\",\"name\":\"\",\"description\":\"Xornal galego de informaci\u00f3n xeral Publicaci\u00f3n mensual de novas de Galicia e en especial dos Concellos da sur da provincia de Pontevedra.\",\"publisher\":{\"@id\":\"https:\\\/\\\/www.anovapeneira.gal\\\/#organization\"},\"potentialAction\":[{\"@type\":\"SearchAction\",\"target\":{\"@type\":\"EntryPoint\",\"urlTemplate\":\"https:\\\/\\\/www.anovapeneira.gal\\\/?s={search_term_string}\"},\"query-input\":{\"@type\":\"PropertyValueSpecification\",\"valueRequired\":true,\"valueName\":\"search_term_string\"}}],\"inLanguage\":\"gl-ES\"},{\"@type\":\"Organization\",\"@id\":\"https:\\\/\\\/www.anovapeneira.gal\\\/#organization\",\"name\":\"A Nova Peneira\",\"url\":\"https:\\\/\\\/www.anovapeneira.gal\\\/\",\"logo\":{\"@type\":\"ImageObject\",\"inLanguage\":\"gl-ES\",\"@id\":\"https:\\\/\\\/www.anovapeneira.gal\\\/#\\\/schema\\\/logo\\\/image\\\/\",\"url\":\"http:\\\/\\\/www.anovapeneira.gal\\\/wp-content\\\/uploads\\\/2019\\\/06\\\/logo_a_nova_peneira_portal_web.png\",\"contentUrl\":\"http:\\\/\\\/www.anovapeneira.gal\\\/wp-content\\\/uploads\\\/2019\\\/06\\\/logo_a_nova_peneira_portal_web.png\",\"width\":300,\"height\":100,\"caption\":\"A Nova Peneira\"},\"image\":{\"@id\":\"https:\\\/\\\/www.anovapeneira.gal\\\/#\\\/schema\\\/logo\\\/image\\\/\"},\"sameAs\":[\"https:\\\/\\\/www.facebook.com\\\/anovapeneira\",\"https:\\\/\\\/x.com\\\/APeneira\"]},{\"@type\":\"Person\",\"@id\":\"https:\\\/\\\/www.anovapeneira.gal\\\/#\\\/schema\\\/person\\\/f18a4feb302e8f20bcef4490b5b60bb3\",\"name\":\"Artigos Opini\u00f3n\",\"image\":{\"@type\":\"ImageObject\",\"inLanguage\":\"gl-ES\",\"@id\":\"https:\\\/\\\/secure.gravatar.com\\\/avatar\\\/072844300f4881150aee2da4278f7a65d16eefdf8262eb67085f1e702de2b959?s=96&d=mm&r=g\",\"url\":\"https:\\\/\\\/secure.gravatar.com\\\/avatar\\\/072844300f4881150aee2da4278f7a65d16eefdf8262eb67085f1e702de2b959?s=96&d=mm&r=g\",\"contentUrl\":\"https:\\\/\\\/secure.gravatar.com\\\/avatar\\\/072844300f4881150aee2da4278f7a65d16eefdf8262eb67085f1e702de2b959?s=96&d=mm&r=g\",\"caption\":\"Artigos Opini\u00f3n\"},\"sameAs\":[\"http:\\\/\\\/anovapeneira.gal\"],\"url\":\"https:\\\/\\\/www.anovapeneira.gal\\\/index.php\\\/author\\\/artigosopinion\\\/\"}]}<\/script>\n<!-- \/ Yoast SEO plugin. -->","yoast_head_json":{"title":"De negacionismo e covard\u00eda -","description":"Negar a evidencia, a realidade, feitos relevantes e datos obxectivos, alegando a existencia dunha conspiraci\u00f3n ou trama oculta. Iso \u00e9 o negacionismo. As e os negacionistas rexeitan todo o que non conv\u00e9n ao seu marco de pensamento, o que contrad\u00ed o seu relato sobre o que aconteceu ou o est\u00e1 a acontecer. Algo na mesma li\u00f1a do tan co\u00f1ecido conto do traxe do emperador","robots":{"index":"index","follow":"follow","max-snippet":"max-snippet:-1","max-image-preview":"max-image-preview:large","max-video-preview":"max-video-preview:-1"},"canonical":"https:\/\/www.anovapeneira.gal\/index.php\/2021\/08\/19\/de-negacionismo-e-covardia\/","og_locale":"gl_ES","og_type":"article","og_title":"De negacionismo e covard\u00eda -","og_description":"Negar a evidencia, a realidade, feitos relevantes e datos obxectivos, alegando a existencia dunha conspiraci\u00f3n ou trama oculta. Iso \u00e9 o negacionismo. As e os negacionistas rexeitan todo o que non conv\u00e9n ao seu marco de pensamento, o que contrad\u00ed o seu relato sobre o que aconteceu ou o est\u00e1 a acontecer. Algo na mesma li\u00f1a do tan co\u00f1ecido conto do traxe do emperador","og_url":"https:\/\/www.anovapeneira.gal\/index.php\/2021\/08\/19\/de-negacionismo-e-covardia\/","article_publisher":"https:\/\/www.facebook.com\/anovapeneira","article_published_time":"2021-08-19T08:00:52+00:00","og_image":[{"width":720,"height":432,"url":"https:\/\/www.anovapeneira.gal\/wp-content\/uploads\/2021\/08\/patricia_sio_eu_son_porrino.jpg","type":"image\/jpeg"}],"author":"Artigos Opini\u00f3n","twitter_card":"summary_large_image","twitter_creator":"@APeneira","twitter_site":"@APeneira","twitter_misc":{"Escrito por":"Artigos Opini\u00f3n","Tempo de lectura":"8 minutos"},"schema":{"@context":"https:\/\/schema.org","@graph":[{"@type":"Article","@id":"https:\/\/www.anovapeneira.gal\/index.php\/2021\/08\/19\/de-negacionismo-e-covardia\/#article","isPartOf":{"@id":"https:\/\/www.anovapeneira.gal\/index.php\/2021\/08\/19\/de-negacionismo-e-covardia\/"},"author":{"name":"Artigos Opini\u00f3n","@id":"https:\/\/www.anovapeneira.gal\/#\/schema\/person\/f18a4feb302e8f20bcef4490b5b60bb3"},"headline":"De negacionismo e covard\u00eda","datePublished":"2021-08-19T08:00:52+00:00","mainEntityOfPage":{"@id":"https:\/\/www.anovapeneira.gal\/index.php\/2021\/08\/19\/de-negacionismo-e-covardia\/"},"wordCount":1830,"commentCount":0,"publisher":{"@id":"https:\/\/www.anovapeneira.gal\/#organization"},"image":{"@id":"https:\/\/www.anovapeneira.gal\/index.php\/2021\/08\/19\/de-negacionismo-e-covardia\/#primaryimage"},"thumbnailUrl":"https:\/\/www.anovapeneira.gal\/wp-content\/uploads\/2021\/08\/patricia_sio_eu_son_porrino.jpg","articleSection":["Artigos de opini\u00f3n"],"inLanguage":"gl-ES","potentialAction":[{"@type":"CommentAction","name":"Comment","target":["https:\/\/www.anovapeneira.gal\/index.php\/2021\/08\/19\/de-negacionismo-e-covardia\/#respond"]}]},{"@type":"WebPage","@id":"https:\/\/www.anovapeneira.gal\/index.php\/2021\/08\/19\/de-negacionismo-e-covardia\/","url":"https:\/\/www.anovapeneira.gal\/index.php\/2021\/08\/19\/de-negacionismo-e-covardia\/","name":"De negacionismo e covard\u00eda -","isPartOf":{"@id":"https:\/\/www.anovapeneira.gal\/#website"},"primaryImageOfPage":{"@id":"https:\/\/www.anovapeneira.gal\/index.php\/2021\/08\/19\/de-negacionismo-e-covardia\/#primaryimage"},"image":{"@id":"https:\/\/www.anovapeneira.gal\/index.php\/2021\/08\/19\/de-negacionismo-e-covardia\/#primaryimage"},"thumbnailUrl":"https:\/\/www.anovapeneira.gal\/wp-content\/uploads\/2021\/08\/patricia_sio_eu_son_porrino.jpg","datePublished":"2021-08-19T08:00:52+00:00","description":"Negar a evidencia, a realidade, feitos relevantes e datos obxectivos, alegando a existencia dunha conspiraci\u00f3n ou trama oculta. Iso \u00e9 o negacionismo. As e os negacionistas rexeitan todo o que non conv\u00e9n ao seu marco de pensamento, o que contrad\u00ed o seu relato sobre o que aconteceu ou o est\u00e1 a acontecer. Algo na mesma li\u00f1a do tan co\u00f1ecido conto do traxe do emperador","breadcrumb":{"@id":"https:\/\/www.anovapeneira.gal\/index.php\/2021\/08\/19\/de-negacionismo-e-covardia\/#breadcrumb"},"inLanguage":"gl-ES","potentialAction":[{"@type":"ReadAction","target":["https:\/\/www.anovapeneira.gal\/index.php\/2021\/08\/19\/de-negacionismo-e-covardia\/"]}]},{"@type":"ImageObject","inLanguage":"gl-ES","@id":"https:\/\/www.anovapeneira.gal\/index.php\/2021\/08\/19\/de-negacionismo-e-covardia\/#primaryimage","url":"https:\/\/www.anovapeneira.gal\/wp-content\/uploads\/2021\/08\/patricia_sio_eu_son_porrino.jpg","contentUrl":"https:\/\/www.anovapeneira.gal\/wp-content\/uploads\/2021\/08\/patricia_sio_eu_son_porrino.jpg","width":720,"height":432,"caption":"Patricia S\u00edo Concelleira de EU SON do Porri\u00f1o"},{"@type":"BreadcrumbList","@id":"https:\/\/www.anovapeneira.gal\/index.php\/2021\/08\/19\/de-negacionismo-e-covardia\/#breadcrumb","itemListElement":[{"@type":"ListItem","position":1,"name":"Portada","item":"https:\/\/www.anovapeneira.gal\/"},{"@type":"ListItem","position":2,"name":"De negacionismo e covard\u00eda"}]},{"@type":"WebSite","@id":"https:\/\/www.anovapeneira.gal\/#website","url":"https:\/\/www.anovapeneira.gal\/","name":"","description":"Xornal galego de informaci\u00f3n xeral Publicaci\u00f3n mensual de novas de Galicia e en especial dos Concellos da sur da provincia de Pontevedra.","publisher":{"@id":"https:\/\/www.anovapeneira.gal\/#organization"},"potentialAction":[{"@type":"SearchAction","target":{"@type":"EntryPoint","urlTemplate":"https:\/\/www.anovapeneira.gal\/?s={search_term_string}"},"query-input":{"@type":"PropertyValueSpecification","valueRequired":true,"valueName":"search_term_string"}}],"inLanguage":"gl-ES"},{"@type":"Organization","@id":"https:\/\/www.anovapeneira.gal\/#organization","name":"A Nova Peneira","url":"https:\/\/www.anovapeneira.gal\/","logo":{"@type":"ImageObject","inLanguage":"gl-ES","@id":"https:\/\/www.anovapeneira.gal\/#\/schema\/logo\/image\/","url":"http:\/\/www.anovapeneira.gal\/wp-content\/uploads\/2019\/06\/logo_a_nova_peneira_portal_web.png","contentUrl":"http:\/\/www.anovapeneira.gal\/wp-content\/uploads\/2019\/06\/logo_a_nova_peneira_portal_web.png","width":300,"height":100,"caption":"A Nova Peneira"},"image":{"@id":"https:\/\/www.anovapeneira.gal\/#\/schema\/logo\/image\/"},"sameAs":["https:\/\/www.facebook.com\/anovapeneira","https:\/\/x.com\/APeneira"]},{"@type":"Person","@id":"https:\/\/www.anovapeneira.gal\/#\/schema\/person\/f18a4feb302e8f20bcef4490b5b60bb3","name":"Artigos Opini\u00f3n","image":{"@type":"ImageObject","inLanguage":"gl-ES","@id":"https:\/\/secure.gravatar.com\/avatar\/072844300f4881150aee2da4278f7a65d16eefdf8262eb67085f1e702de2b959?s=96&d=mm&r=g","url":"https:\/\/secure.gravatar.com\/avatar\/072844300f4881150aee2da4278f7a65d16eefdf8262eb67085f1e702de2b959?s=96&d=mm&r=g","contentUrl":"https:\/\/secure.gravatar.com\/avatar\/072844300f4881150aee2da4278f7a65d16eefdf8262eb67085f1e702de2b959?s=96&d=mm&r=g","caption":"Artigos Opini\u00f3n"},"sameAs":["http:\/\/anovapeneira.gal"],"url":"https:\/\/www.anovapeneira.gal\/index.php\/author\/artigosopinion\/"}]}},"jetpack_featured_media_url":"https:\/\/www.anovapeneira.gal\/wp-content\/uploads\/2021\/08\/patricia_sio_eu_son_porrino.jpg","_links":{"self":[{"href":"https:\/\/www.anovapeneira.gal\/index.php\/wp-json\/wp\/v2\/posts\/5953","targetHints":{"allow":["GET"]}}],"collection":[{"href":"https:\/\/www.anovapeneira.gal\/index.php\/wp-json\/wp\/v2\/posts"}],"about":[{"href":"https:\/\/www.anovapeneira.gal\/index.php\/wp-json\/wp\/v2\/types\/post"}],"author":[{"embeddable":true,"href":"https:\/\/www.anovapeneira.gal\/index.php\/wp-json\/wp\/v2\/users\/12"}],"replies":[{"embeddable":true,"href":"https:\/\/www.anovapeneira.gal\/index.php\/wp-json\/wp\/v2\/comments?post=5953"}],"version-history":[{"count":1,"href":"https:\/\/www.anovapeneira.gal\/index.php\/wp-json\/wp\/v2\/posts\/5953\/revisions"}],"predecessor-version":[{"id":5955,"href":"https:\/\/www.anovapeneira.gal\/index.php\/wp-json\/wp\/v2\/posts\/5953\/revisions\/5955"}],"wp:featuredmedia":[{"embeddable":true,"href":"https:\/\/www.anovapeneira.gal\/index.php\/wp-json\/wp\/v2\/media\/5954"}],"wp:attachment":[{"href":"https:\/\/www.anovapeneira.gal\/index.php\/wp-json\/wp\/v2\/media?parent=5953"}],"wp:term":[{"taxonomy":"category","embeddable":true,"href":"https:\/\/www.anovapeneira.gal\/index.php\/wp-json\/wp\/v2\/categories?post=5953"},{"taxonomy":"post_tag","embeddable":true,"href":"https:\/\/www.anovapeneira.gal\/index.php\/wp-json\/wp\/v2\/tags?post=5953"}],"curies":[{"name":"wp","href":"https:\/\/api.w.org\/{rel}","templated":true}]}}