{"id":5961,"date":"2021-08-20T12:00:10","date_gmt":"2021-08-20T10:00:10","guid":{"rendered":"https:\/\/www.anovapeneira.gal\/?p=5961"},"modified":"2021-08-17T09:23:36","modified_gmt":"2021-08-17T07:23:36","slug":"costa-abaixo-e-sen-freo","status":"publish","type":"post","link":"https:\/\/www.anovapeneira.gal\/index.php\/2021\/08\/20\/costa-abaixo-e-sen-freo\/","title":{"rendered":"Costa abaixo e sen freo"},"content":{"rendered":"\n<figure class=\"wp-block-image size-large is-resized\"><img loading=\"lazy\" decoding=\"async\" src=\"http:\/\/www.anovapeneira.gal\/wp-content\/uploads\/2019\/07\/Baldomero_Iglesias_Dobarrio_Mero.jpg\" alt=\"Baldomero Iglesias Dobarrio Mero artigos de opini\u00f3n A Nova Peneira\" class=\"wp-image-482\" width=\"95\" height=\"111\"\/><figcaption>Baldomero Iglesias Dobarrio, Mero<\/figcaption><\/figure>\n\n\n\n<p>A degradaci\u00f3n, nesta pel\u00edcula que nos po\u00f1en diante dos ollos, \u00e9 total e s\u00e1lvanse os tolos tarabelos. A pol\u00edtica est\u00e1 en cotas de n\u00fameros moi negativos, de erros continuos e o peor do conto, de moita xente prexudicada. Temos a impresi\u00f3n de xa ter visto algunhas das escenas e, desde o sosego da cadeira, contemplar os medios de comunicaci\u00f3n ao servizo da algarab\u00eda e botell\u00f3n, dos que negan a mesma negaci\u00f3n para afirmarse.<\/p>\n\n\n\n<p>Met\u00e9ndonos no tema un pouco, not\u00e1monos entregados en mans de fantasmas, de actores de excesivas imposturas e que arremeten imposici\u00f3ns de l\u00edmites, de prezos \u00e1 vida -eles din ao consumo, con postureos e acenos sobre dimensionados que deixan ver, sen pudor, o desastre, o cami\u00f1o dun futuro a\u00ednda m\u00e1is problem\u00e1tico do que hoxe temos. Cami\u00f1o, claro, &nbsp;que est\u00e1 lonxe dos valores e condutas sociais que vi\u00f1an sendo habituais e de car\u00e1cter com\u00fan. As\u00ed son as cousas estas de xogar e improvisar, de amagar elecci\u00f3ns en estado de graza, de dicir a verdade a pesar do silencios e medias mentiras. Resulta que non, que pesa m\u00e1is a actitude dos gui\u00f3ns do espect\u00e1culo -leis obsoletas- dunha democracia mal entendida onde once parvos mandan m\u00e1is c\u00e1 dez sabios, que ser\u00edan o argumento veraz para fundamentalas.<\/p>\n\n\n\n<p>Neste punto da pel\u00edcula estamos. S\u00f3 hai que lles mirar \u00e1 cara, pararse a ver como interpretan, como desenvolven o gui\u00f3n p\u00e9rfido de aconteceres, c\u00e1lculos que sempre nos feren como o prezo da luz, dos servizos nos que tam\u00e9n xogamos a nosa sa\u00fade e a educaci\u00f3n, a econom\u00eda de toda a cidadan\u00eda. Mirarlles \u00e9 ver o finximento, a devoluci\u00f3n do xogo en fames e miserias, en quente, nas actitudes non s\u00f3 torpes sen\u00f3n vingativas que ser\u00e1n produto de multiplicaci\u00f3ns do privado e da privaci\u00f3n do que \u00e9 de todos, na exclusi\u00f3n do p\u00fablico, no mal encami\u00f1ado progreso. Ser\u00e1n trampas, siloxismos vencidos por hipotecas ruinosas, dogmas de an\u00e1lises mal facturados, historias contadas desde arriba, polos poderosos, que se cren os que nos salvan, polos que sempre vencen a golpe de talonario, os que destr\u00faen probas e bailan a danza das portas xiratorias, das mentiras arrogantes, dos &#8220;hilillos de plastilina&#8221;, das tramas de corrupci\u00f3n, de damas e cabaleiros de alto copete, e evaden obrigas e gardan en para\u00edsos fiscais. Iso si, con moita cautela e finximento. Ver figura em\u00e9rita, que tam\u00e9n xoga pola banda e case nos d\u00e1 pena.<\/p>\n\n\n\n<p>Agora queda perfectamente demostrado que o pol\u00edtico, non importa o signo, debe facturar votos e fotos, vender fumes e nubes, prometer cervexas nas noites mesetarias e a fachenda altiva de soberbias que se nacionalizan no embigo. Si, debe buscar o voto coa foto, seducir arrogancias sen retroceso, b\u00e9bedos de feliz avoengo, ousadas formas de comportamento que aventuren vaidades e m\u00e1steres inventados, carreiras nunca feitas. Miren sen\u00f3n, aos que representan o poder e as derivas extremas e totalitarias, esas da frase lapidaria, da urxente resposta demag\u00f3xica e intolerante, esas verbas que non perdoan pero enfrontan, excl\u00faen, arredan, envelenan, sinalan e marcan, po\u00f1en l\u00edmite e couto \u00e1 liberdade. Iso si, fuxindo do p\u00fablico para que as amizades te\u00f1an oficio e beneficio no privado. Anque tanto proclaman a liberdade, enchendo a boca de mentiras. Liberdade de escoller entre o que &#8220;nos dan&#8221;.<\/p>\n\n\n\n<p>Esa \u00e9 a pel\u00edcula que estamos a ver. Conv\u00e9n mirar no arredor. Mirar con sosego, anque semelle incr\u00edbel. Caeron na trampa moitos e moi expertos. Ningu\u00e9n deses administradores est\u00e1 libre. \u00c9 unha importante lecci\u00f3n captar adeptos. Sorrir, que nos vexan vencedores na derrota. A realidade \u00e9 que hai que captar adeptos por f\u00f3ra, non nas propias filas. Engano tantas veces asumido. Coidamos ser moitos, convocamos aos nosos, e ve\u00f1en. Non facemos o m\u00e1is dif\u00edcil, convencer f\u00f3ra. O discurso cambia, as palabras deben ser outras e con feitos. As promesas poucas, pero veraces e cribles. Calquera cousa, se se fai con mal humor ou impaciencia, con obriga e arduo compromiso s\u00f3 verbal, nunca ser\u00e1 aceptada. Pens\u00e1ndoo ben, de consellos est\u00e1 o mundo cheo. En fin, foi unha cavilaci\u00f3n sen m\u00e1is eco que o coidado por min, de cara a dentro. Anque tam\u00e9n consta nas memorias da Nosa Historia. Ser\u00e1 a mesma pedra de sempre.<\/p>\n","protected":false},"excerpt":{"rendered":"<div class=\"mh-excerpt\"><p>A degradaci\u00f3n, nesta pel\u00edcula que nos po\u00f1en diante dos ollos, \u00e9 total e s\u00e1lvanse os tolos tarabelos. A pol\u00edtica est\u00e1 en cotas de n\u00fameros moi negativos, de erros continuos e o peor do conto, de moita xente prexudicada. Temos a impresi\u00f3n de xa ter visto algunhas das escenas e, desde o sosego da cadeira, contemplar os medios de comunicaci\u00f3n ao servizo da algarab\u00eda e botell\u00f3n, dos que negan a mesma negaci\u00f3n para afirmarse <a class=\"mh-excerpt-more\" href=\"https:\/\/www.anovapeneira.gal\/index.php\/2021\/08\/20\/costa-abaixo-e-sen-freo\/\" title=\"Costa abaixo e sen freo\">[&#8230;]<\/a><\/p>\n<\/div>","protected":false},"author":5,"featured_media":584,"comment_status":"open","ping_status":"open","sticky":false,"template":"","format":"standard","meta":{"_exactmetrics_skip_tracking":false,"_exactmetrics_sitenote_active":false,"_exactmetrics_sitenote_note":"","_exactmetrics_sitenote_category":0,"footnotes":""},"categories":[7],"tags":[],"class_list":{"0":"post-5961","1":"post","2":"type-post","3":"status-publish","4":"format-standard","5":"has-post-thumbnail","7":"category-artigos-de-opinion"},"yoast_head":"<!-- This site is optimized with the Yoast SEO plugin v27.4 - https:\/\/yoast.com\/product\/yoast-seo-wordpress\/ -->\n<title>Costa abaixo e sen freo -<\/title>\n<meta name=\"description\" content=\"A degradaci\u00f3n, nesta pel\u00edcula que nos po\u00f1en diante dos ollos, \u00e9 total e s\u00e1lvanse os tolos tarabelos. A pol\u00edtica est\u00e1 en cotas de n\u00fameros moi negativos, de erros continuos e o peor do conto, de moita xente prexudicada. Temos a impresi\u00f3n de xa ter visto algunhas das escenas e, desde o sosego da cadeira, contemplar os medios de comunicaci\u00f3n ao servizo da algarab\u00eda e botell\u00f3n, dos que negan a mesma negaci\u00f3n para afirmarse\" \/>\n<meta name=\"robots\" content=\"index, follow, max-snippet:-1, max-image-preview:large, max-video-preview:-1\" \/>\n<link rel=\"canonical\" href=\"https:\/\/www.anovapeneira.gal\/index.php\/2021\/08\/20\/costa-abaixo-e-sen-freo\/\" \/>\n<meta property=\"og:locale\" content=\"gl_ES\" \/>\n<meta property=\"og:type\" content=\"article\" \/>\n<meta property=\"og:title\" content=\"Costa abaixo e sen freo -\" \/>\n<meta property=\"og:description\" content=\"A degradaci\u00f3n, nesta pel\u00edcula que nos po\u00f1en diante dos ollos, \u00e9 total e s\u00e1lvanse os tolos tarabelos. A pol\u00edtica est\u00e1 en cotas de n\u00fameros moi negativos, de erros continuos e o peor do conto, de moita xente prexudicada. Temos a impresi\u00f3n de xa ter visto algunhas das escenas e, desde o sosego da cadeira, contemplar os medios de comunicaci\u00f3n ao servizo da algarab\u00eda e botell\u00f3n, dos que negan a mesma negaci\u00f3n para afirmarse\" \/>\n<meta property=\"og:url\" content=\"https:\/\/www.anovapeneira.gal\/index.php\/2021\/08\/20\/costa-abaixo-e-sen-freo\/\" \/>\n<meta property=\"article:publisher\" content=\"https:\/\/www.facebook.com\/anovapeneira\" \/>\n<meta property=\"article:published_time\" content=\"2021-08-20T10:00:10+00:00\" \/>\n<meta property=\"og:image\" content=\"https:\/\/www.anovapeneira.gal\/wp-content\/uploads\/2019\/07\/ARTIGO_DE_OPINION_A_NOVA_PENEIRA.jpg\" \/>\n\t<meta property=\"og:image:width\" content=\"720\" \/>\n\t<meta property=\"og:image:height\" content=\"473\" \/>\n\t<meta property=\"og:image:type\" content=\"image\/jpeg\" \/>\n<meta name=\"author\" content=\"Baldomero Iglesias Dobarrio, Mero\" \/>\n<meta name=\"twitter:card\" content=\"summary_large_image\" \/>\n<meta name=\"twitter:image\" content=\"https:\/\/www.anovapeneira.gal\/wp-content\/uploads\/2019\/07\/ARTIGO_DE_OPINION_A_NOVA_PENEIRA.jpg\" \/>\n<meta name=\"twitter:creator\" content=\"@APeneira\" \/>\n<meta name=\"twitter:site\" content=\"@APeneira\" \/>\n<meta name=\"twitter:label1\" content=\"Escrito por\" \/>\n\t<meta name=\"twitter:data1\" content=\"Baldomero Iglesias Dobarrio, Mero\" \/>\n\t<meta name=\"twitter:label2\" content=\"Tempo de lectura\" \/>\n\t<meta name=\"twitter:data2\" content=\"3 minutos\" \/>\n<script type=\"application\/ld+json\" class=\"yoast-schema-graph\">{\"@context\":\"https:\\\/\\\/schema.org\",\"@graph\":[{\"@type\":\"Article\",\"@id\":\"https:\\\/\\\/www.anovapeneira.gal\\\/index.php\\\/2021\\\/08\\\/20\\\/costa-abaixo-e-sen-freo\\\/#article\",\"isPartOf\":{\"@id\":\"https:\\\/\\\/www.anovapeneira.gal\\\/index.php\\\/2021\\\/08\\\/20\\\/costa-abaixo-e-sen-freo\\\/\"},\"author\":{\"name\":\"Baldomero Iglesias Dobarrio, Mero\",\"@id\":\"https:\\\/\\\/www.anovapeneira.gal\\\/#\\\/schema\\\/person\\\/b051ed40cfc100e281476674783b32fc\"},\"headline\":\"Costa abaixo e sen freo\",\"datePublished\":\"2021-08-20T10:00:10+00:00\",\"mainEntityOfPage\":{\"@id\":\"https:\\\/\\\/www.anovapeneira.gal\\\/index.php\\\/2021\\\/08\\\/20\\\/costa-abaixo-e-sen-freo\\\/\"},\"wordCount\":758,\"commentCount\":0,\"publisher\":{\"@id\":\"https:\\\/\\\/www.anovapeneira.gal\\\/#organization\"},\"image\":{\"@id\":\"https:\\\/\\\/www.anovapeneira.gal\\\/index.php\\\/2021\\\/08\\\/20\\\/costa-abaixo-e-sen-freo\\\/#primaryimage\"},\"thumbnailUrl\":\"https:\\\/\\\/www.anovapeneira.gal\\\/wp-content\\\/uploads\\\/2019\\\/07\\\/ARTIGO_DE_OPINION_A_NOVA_PENEIRA.jpg\",\"articleSection\":[\"Artigos de opini\u00f3n\"],\"inLanguage\":\"gl-ES\",\"potentialAction\":[{\"@type\":\"CommentAction\",\"name\":\"Comment\",\"target\":[\"https:\\\/\\\/www.anovapeneira.gal\\\/index.php\\\/2021\\\/08\\\/20\\\/costa-abaixo-e-sen-freo\\\/#respond\"]}]},{\"@type\":\"WebPage\",\"@id\":\"https:\\\/\\\/www.anovapeneira.gal\\\/index.php\\\/2021\\\/08\\\/20\\\/costa-abaixo-e-sen-freo\\\/\",\"url\":\"https:\\\/\\\/www.anovapeneira.gal\\\/index.php\\\/2021\\\/08\\\/20\\\/costa-abaixo-e-sen-freo\\\/\",\"name\":\"Costa abaixo e sen freo -\",\"isPartOf\":{\"@id\":\"https:\\\/\\\/www.anovapeneira.gal\\\/#website\"},\"primaryImageOfPage\":{\"@id\":\"https:\\\/\\\/www.anovapeneira.gal\\\/index.php\\\/2021\\\/08\\\/20\\\/costa-abaixo-e-sen-freo\\\/#primaryimage\"},\"image\":{\"@id\":\"https:\\\/\\\/www.anovapeneira.gal\\\/index.php\\\/2021\\\/08\\\/20\\\/costa-abaixo-e-sen-freo\\\/#primaryimage\"},\"thumbnailUrl\":\"https:\\\/\\\/www.anovapeneira.gal\\\/wp-content\\\/uploads\\\/2019\\\/07\\\/ARTIGO_DE_OPINION_A_NOVA_PENEIRA.jpg\",\"datePublished\":\"2021-08-20T10:00:10+00:00\",\"description\":\"A degradaci\u00f3n, nesta pel\u00edcula que nos po\u00f1en diante dos ollos, \u00e9 total e s\u00e1lvanse os tolos tarabelos. A pol\u00edtica est\u00e1 en cotas de n\u00fameros moi negativos, de erros continuos e o peor do conto, de moita xente prexudicada. Temos a impresi\u00f3n de xa ter visto algunhas das escenas e, desde o sosego da cadeira, contemplar os medios de comunicaci\u00f3n ao servizo da algarab\u00eda e botell\u00f3n, dos que negan a mesma negaci\u00f3n para afirmarse\",\"breadcrumb\":{\"@id\":\"https:\\\/\\\/www.anovapeneira.gal\\\/index.php\\\/2021\\\/08\\\/20\\\/costa-abaixo-e-sen-freo\\\/#breadcrumb\"},\"inLanguage\":\"gl-ES\",\"potentialAction\":[{\"@type\":\"ReadAction\",\"target\":[\"https:\\\/\\\/www.anovapeneira.gal\\\/index.php\\\/2021\\\/08\\\/20\\\/costa-abaixo-e-sen-freo\\\/\"]}]},{\"@type\":\"ImageObject\",\"inLanguage\":\"gl-ES\",\"@id\":\"https:\\\/\\\/www.anovapeneira.gal\\\/index.php\\\/2021\\\/08\\\/20\\\/costa-abaixo-e-sen-freo\\\/#primaryimage\",\"url\":\"https:\\\/\\\/www.anovapeneira.gal\\\/wp-content\\\/uploads\\\/2019\\\/07\\\/ARTIGO_DE_OPINION_A_NOVA_PENEIRA.jpg\",\"contentUrl\":\"https:\\\/\\\/www.anovapeneira.gal\\\/wp-content\\\/uploads\\\/2019\\\/07\\\/ARTIGO_DE_OPINION_A_NOVA_PENEIRA.jpg\",\"width\":720,\"height\":473,\"caption\":\"Artigo de opini\u00f3n A Nova Peneira\"},{\"@type\":\"BreadcrumbList\",\"@id\":\"https:\\\/\\\/www.anovapeneira.gal\\\/index.php\\\/2021\\\/08\\\/20\\\/costa-abaixo-e-sen-freo\\\/#breadcrumb\",\"itemListElement\":[{\"@type\":\"ListItem\",\"position\":1,\"name\":\"Portada\",\"item\":\"https:\\\/\\\/www.anovapeneira.gal\\\/\"},{\"@type\":\"ListItem\",\"position\":2,\"name\":\"Costa abaixo e sen freo\"}]},{\"@type\":\"WebSite\",\"@id\":\"https:\\\/\\\/www.anovapeneira.gal\\\/#website\",\"url\":\"https:\\\/\\\/www.anovapeneira.gal\\\/\",\"name\":\"\",\"description\":\"Xornal galego de informaci\u00f3n xeral Publicaci\u00f3n mensual de novas de Galicia e en especial dos Concellos da sur da provincia de Pontevedra.\",\"publisher\":{\"@id\":\"https:\\\/\\\/www.anovapeneira.gal\\\/#organization\"},\"potentialAction\":[{\"@type\":\"SearchAction\",\"target\":{\"@type\":\"EntryPoint\",\"urlTemplate\":\"https:\\\/\\\/www.anovapeneira.gal\\\/?s={search_term_string}\"},\"query-input\":{\"@type\":\"PropertyValueSpecification\",\"valueRequired\":true,\"valueName\":\"search_term_string\"}}],\"inLanguage\":\"gl-ES\"},{\"@type\":\"Organization\",\"@id\":\"https:\\\/\\\/www.anovapeneira.gal\\\/#organization\",\"name\":\"A Nova Peneira\",\"url\":\"https:\\\/\\\/www.anovapeneira.gal\\\/\",\"logo\":{\"@type\":\"ImageObject\",\"inLanguage\":\"gl-ES\",\"@id\":\"https:\\\/\\\/www.anovapeneira.gal\\\/#\\\/schema\\\/logo\\\/image\\\/\",\"url\":\"http:\\\/\\\/www.anovapeneira.gal\\\/wp-content\\\/uploads\\\/2019\\\/06\\\/logo_a_nova_peneira_portal_web.png\",\"contentUrl\":\"http:\\\/\\\/www.anovapeneira.gal\\\/wp-content\\\/uploads\\\/2019\\\/06\\\/logo_a_nova_peneira_portal_web.png\",\"width\":300,\"height\":100,\"caption\":\"A Nova Peneira\"},\"image\":{\"@id\":\"https:\\\/\\\/www.anovapeneira.gal\\\/#\\\/schema\\\/logo\\\/image\\\/\"},\"sameAs\":[\"https:\\\/\\\/www.facebook.com\\\/anovapeneira\",\"https:\\\/\\\/x.com\\\/APeneira\"]},{\"@type\":\"Person\",\"@id\":\"https:\\\/\\\/www.anovapeneira.gal\\\/#\\\/schema\\\/person\\\/b051ed40cfc100e281476674783b32fc\",\"name\":\"Baldomero Iglesias Dobarrio, Mero\",\"image\":{\"@type\":\"ImageObject\",\"inLanguage\":\"gl-ES\",\"@id\":\"https:\\\/\\\/secure.gravatar.com\\\/avatar\\\/ca78fc089f8cf28197f88de2c9ac213e2f7d2097d8e359d9359b8778b539c59d?s=96&d=mm&r=g\",\"url\":\"https:\\\/\\\/secure.gravatar.com\\\/avatar\\\/ca78fc089f8cf28197f88de2c9ac213e2f7d2097d8e359d9359b8778b539c59d?s=96&d=mm&r=g\",\"contentUrl\":\"https:\\\/\\\/secure.gravatar.com\\\/avatar\\\/ca78fc089f8cf28197f88de2c9ac213e2f7d2097d8e359d9359b8778b539c59d?s=96&d=mm&r=g\",\"caption\":\"Baldomero Iglesias Dobarrio, Mero\"},\"sameAs\":[\"http:\\\/\\\/anovapeneira.gal\"],\"url\":\"https:\\\/\\\/www.anovapeneira.gal\\\/index.php\\\/author\\\/opinionmero\\\/\"}]}<\/script>\n<!-- \/ Yoast SEO plugin. -->","yoast_head_json":{"title":"Costa abaixo e sen freo -","description":"A degradaci\u00f3n, nesta pel\u00edcula que nos po\u00f1en diante dos ollos, \u00e9 total e s\u00e1lvanse os tolos tarabelos. A pol\u00edtica est\u00e1 en cotas de n\u00fameros moi negativos, de erros continuos e o peor do conto, de moita xente prexudicada. Temos a impresi\u00f3n de xa ter visto algunhas das escenas e, desde o sosego da cadeira, contemplar os medios de comunicaci\u00f3n ao servizo da algarab\u00eda e botell\u00f3n, dos que negan a mesma negaci\u00f3n para afirmarse","robots":{"index":"index","follow":"follow","max-snippet":"max-snippet:-1","max-image-preview":"max-image-preview:large","max-video-preview":"max-video-preview:-1"},"canonical":"https:\/\/www.anovapeneira.gal\/index.php\/2021\/08\/20\/costa-abaixo-e-sen-freo\/","og_locale":"gl_ES","og_type":"article","og_title":"Costa abaixo e sen freo -","og_description":"A degradaci\u00f3n, nesta pel\u00edcula que nos po\u00f1en diante dos ollos, \u00e9 total e s\u00e1lvanse os tolos tarabelos. A pol\u00edtica est\u00e1 en cotas de n\u00fameros moi negativos, de erros continuos e o peor do conto, de moita xente prexudicada. Temos a impresi\u00f3n de xa ter visto algunhas das escenas e, desde o sosego da cadeira, contemplar os medios de comunicaci\u00f3n ao servizo da algarab\u00eda e botell\u00f3n, dos que negan a mesma negaci\u00f3n para afirmarse","og_url":"https:\/\/www.anovapeneira.gal\/index.php\/2021\/08\/20\/costa-abaixo-e-sen-freo\/","article_publisher":"https:\/\/www.facebook.com\/anovapeneira","article_published_time":"2021-08-20T10:00:10+00:00","og_image":[{"width":720,"height":473,"url":"https:\/\/www.anovapeneira.gal\/wp-content\/uploads\/2019\/07\/ARTIGO_DE_OPINION_A_NOVA_PENEIRA.jpg","type":"image\/jpeg"}],"author":"Baldomero Iglesias Dobarrio, Mero","twitter_card":"summary_large_image","twitter_image":"https:\/\/www.anovapeneira.gal\/wp-content\/uploads\/2019\/07\/ARTIGO_DE_OPINION_A_NOVA_PENEIRA.jpg","twitter_creator":"@APeneira","twitter_site":"@APeneira","twitter_misc":{"Escrito por":"Baldomero Iglesias Dobarrio, Mero","Tempo de lectura":"3 minutos"},"schema":{"@context":"https:\/\/schema.org","@graph":[{"@type":"Article","@id":"https:\/\/www.anovapeneira.gal\/index.php\/2021\/08\/20\/costa-abaixo-e-sen-freo\/#article","isPartOf":{"@id":"https:\/\/www.anovapeneira.gal\/index.php\/2021\/08\/20\/costa-abaixo-e-sen-freo\/"},"author":{"name":"Baldomero Iglesias Dobarrio, Mero","@id":"https:\/\/www.anovapeneira.gal\/#\/schema\/person\/b051ed40cfc100e281476674783b32fc"},"headline":"Costa abaixo e sen freo","datePublished":"2021-08-20T10:00:10+00:00","mainEntityOfPage":{"@id":"https:\/\/www.anovapeneira.gal\/index.php\/2021\/08\/20\/costa-abaixo-e-sen-freo\/"},"wordCount":758,"commentCount":0,"publisher":{"@id":"https:\/\/www.anovapeneira.gal\/#organization"},"image":{"@id":"https:\/\/www.anovapeneira.gal\/index.php\/2021\/08\/20\/costa-abaixo-e-sen-freo\/#primaryimage"},"thumbnailUrl":"https:\/\/www.anovapeneira.gal\/wp-content\/uploads\/2019\/07\/ARTIGO_DE_OPINION_A_NOVA_PENEIRA.jpg","articleSection":["Artigos de opini\u00f3n"],"inLanguage":"gl-ES","potentialAction":[{"@type":"CommentAction","name":"Comment","target":["https:\/\/www.anovapeneira.gal\/index.php\/2021\/08\/20\/costa-abaixo-e-sen-freo\/#respond"]}]},{"@type":"WebPage","@id":"https:\/\/www.anovapeneira.gal\/index.php\/2021\/08\/20\/costa-abaixo-e-sen-freo\/","url":"https:\/\/www.anovapeneira.gal\/index.php\/2021\/08\/20\/costa-abaixo-e-sen-freo\/","name":"Costa abaixo e sen freo -","isPartOf":{"@id":"https:\/\/www.anovapeneira.gal\/#website"},"primaryImageOfPage":{"@id":"https:\/\/www.anovapeneira.gal\/index.php\/2021\/08\/20\/costa-abaixo-e-sen-freo\/#primaryimage"},"image":{"@id":"https:\/\/www.anovapeneira.gal\/index.php\/2021\/08\/20\/costa-abaixo-e-sen-freo\/#primaryimage"},"thumbnailUrl":"https:\/\/www.anovapeneira.gal\/wp-content\/uploads\/2019\/07\/ARTIGO_DE_OPINION_A_NOVA_PENEIRA.jpg","datePublished":"2021-08-20T10:00:10+00:00","description":"A degradaci\u00f3n, nesta pel\u00edcula que nos po\u00f1en diante dos ollos, \u00e9 total e s\u00e1lvanse os tolos tarabelos. A pol\u00edtica est\u00e1 en cotas de n\u00fameros moi negativos, de erros continuos e o peor do conto, de moita xente prexudicada. Temos a impresi\u00f3n de xa ter visto algunhas das escenas e, desde o sosego da cadeira, contemplar os medios de comunicaci\u00f3n ao servizo da algarab\u00eda e botell\u00f3n, dos que negan a mesma negaci\u00f3n para afirmarse","breadcrumb":{"@id":"https:\/\/www.anovapeneira.gal\/index.php\/2021\/08\/20\/costa-abaixo-e-sen-freo\/#breadcrumb"},"inLanguage":"gl-ES","potentialAction":[{"@type":"ReadAction","target":["https:\/\/www.anovapeneira.gal\/index.php\/2021\/08\/20\/costa-abaixo-e-sen-freo\/"]}]},{"@type":"ImageObject","inLanguage":"gl-ES","@id":"https:\/\/www.anovapeneira.gal\/index.php\/2021\/08\/20\/costa-abaixo-e-sen-freo\/#primaryimage","url":"https:\/\/www.anovapeneira.gal\/wp-content\/uploads\/2019\/07\/ARTIGO_DE_OPINION_A_NOVA_PENEIRA.jpg","contentUrl":"https:\/\/www.anovapeneira.gal\/wp-content\/uploads\/2019\/07\/ARTIGO_DE_OPINION_A_NOVA_PENEIRA.jpg","width":720,"height":473,"caption":"Artigo de opini\u00f3n A Nova Peneira"},{"@type":"BreadcrumbList","@id":"https:\/\/www.anovapeneira.gal\/index.php\/2021\/08\/20\/costa-abaixo-e-sen-freo\/#breadcrumb","itemListElement":[{"@type":"ListItem","position":1,"name":"Portada","item":"https:\/\/www.anovapeneira.gal\/"},{"@type":"ListItem","position":2,"name":"Costa abaixo e sen freo"}]},{"@type":"WebSite","@id":"https:\/\/www.anovapeneira.gal\/#website","url":"https:\/\/www.anovapeneira.gal\/","name":"","description":"Xornal galego de informaci\u00f3n xeral Publicaci\u00f3n mensual de novas de Galicia e en especial dos Concellos da sur da provincia de Pontevedra.","publisher":{"@id":"https:\/\/www.anovapeneira.gal\/#organization"},"potentialAction":[{"@type":"SearchAction","target":{"@type":"EntryPoint","urlTemplate":"https:\/\/www.anovapeneira.gal\/?s={search_term_string}"},"query-input":{"@type":"PropertyValueSpecification","valueRequired":true,"valueName":"search_term_string"}}],"inLanguage":"gl-ES"},{"@type":"Organization","@id":"https:\/\/www.anovapeneira.gal\/#organization","name":"A Nova Peneira","url":"https:\/\/www.anovapeneira.gal\/","logo":{"@type":"ImageObject","inLanguage":"gl-ES","@id":"https:\/\/www.anovapeneira.gal\/#\/schema\/logo\/image\/","url":"http:\/\/www.anovapeneira.gal\/wp-content\/uploads\/2019\/06\/logo_a_nova_peneira_portal_web.png","contentUrl":"http:\/\/www.anovapeneira.gal\/wp-content\/uploads\/2019\/06\/logo_a_nova_peneira_portal_web.png","width":300,"height":100,"caption":"A Nova Peneira"},"image":{"@id":"https:\/\/www.anovapeneira.gal\/#\/schema\/logo\/image\/"},"sameAs":["https:\/\/www.facebook.com\/anovapeneira","https:\/\/x.com\/APeneira"]},{"@type":"Person","@id":"https:\/\/www.anovapeneira.gal\/#\/schema\/person\/b051ed40cfc100e281476674783b32fc","name":"Baldomero Iglesias Dobarrio, Mero","image":{"@type":"ImageObject","inLanguage":"gl-ES","@id":"https:\/\/secure.gravatar.com\/avatar\/ca78fc089f8cf28197f88de2c9ac213e2f7d2097d8e359d9359b8778b539c59d?s=96&d=mm&r=g","url":"https:\/\/secure.gravatar.com\/avatar\/ca78fc089f8cf28197f88de2c9ac213e2f7d2097d8e359d9359b8778b539c59d?s=96&d=mm&r=g","contentUrl":"https:\/\/secure.gravatar.com\/avatar\/ca78fc089f8cf28197f88de2c9ac213e2f7d2097d8e359d9359b8778b539c59d?s=96&d=mm&r=g","caption":"Baldomero Iglesias Dobarrio, Mero"},"sameAs":["http:\/\/anovapeneira.gal"],"url":"https:\/\/www.anovapeneira.gal\/index.php\/author\/opinionmero\/"}]}},"jetpack_featured_media_url":"https:\/\/www.anovapeneira.gal\/wp-content\/uploads\/2019\/07\/ARTIGO_DE_OPINION_A_NOVA_PENEIRA.jpg","_links":{"self":[{"href":"https:\/\/www.anovapeneira.gal\/index.php\/wp-json\/wp\/v2\/posts\/5961","targetHints":{"allow":["GET"]}}],"collection":[{"href":"https:\/\/www.anovapeneira.gal\/index.php\/wp-json\/wp\/v2\/posts"}],"about":[{"href":"https:\/\/www.anovapeneira.gal\/index.php\/wp-json\/wp\/v2\/types\/post"}],"author":[{"embeddable":true,"href":"https:\/\/www.anovapeneira.gal\/index.php\/wp-json\/wp\/v2\/users\/5"}],"replies":[{"embeddable":true,"href":"https:\/\/www.anovapeneira.gal\/index.php\/wp-json\/wp\/v2\/comments?post=5961"}],"version-history":[{"count":1,"href":"https:\/\/www.anovapeneira.gal\/index.php\/wp-json\/wp\/v2\/posts\/5961\/revisions"}],"predecessor-version":[{"id":5962,"href":"https:\/\/www.anovapeneira.gal\/index.php\/wp-json\/wp\/v2\/posts\/5961\/revisions\/5962"}],"wp:featuredmedia":[{"embeddable":true,"href":"https:\/\/www.anovapeneira.gal\/index.php\/wp-json\/wp\/v2\/media\/584"}],"wp:attachment":[{"href":"https:\/\/www.anovapeneira.gal\/index.php\/wp-json\/wp\/v2\/media?parent=5961"}],"wp:term":[{"taxonomy":"category","embeddable":true,"href":"https:\/\/www.anovapeneira.gal\/index.php\/wp-json\/wp\/v2\/categories?post=5961"},{"taxonomy":"post_tag","embeddable":true,"href":"https:\/\/www.anovapeneira.gal\/index.php\/wp-json\/wp\/v2\/tags?post=5961"}],"curies":[{"name":"wp","href":"https:\/\/api.w.org\/{rel}","templated":true}]}}