{"id":5966,"date":"2021-08-23T10:00:55","date_gmt":"2021-08-23T08:00:55","guid":{"rendered":"https:\/\/www.anovapeneira.gal\/?p=5966"},"modified":"2021-08-17T09:38:28","modified_gmt":"2021-08-17T07:38:28","slug":"afganistan-desastre-de-proporcions-epicas","status":"publish","type":"post","link":"https:\/\/www.anovapeneira.gal\/index.php\/2021\/08\/23\/afganistan-desastre-de-proporcions-epicas\/","title":{"rendered":"Afganist\u00e1n, desastre de proporci\u00f3ns \u00e9picas"},"content":{"rendered":"\n<figure class=\"wp-block-image size-large is-resized is-style-default\"><img loading=\"lazy\" decoding=\"async\" src=\"http:\/\/www.anovapeneira.gal\/wp-content\/uploads\/2020\/12\/Xurxo-Agra-do-Pazo.jpg\" alt=\"\" class=\"wp-image-4554\" width=\"95\" height=\"115\"\/><figcaption>Xurxo Agra. Especialista en pol\u00edtica internacional<\/figcaption><\/figure>\n\n\n\n<p>O domingo 15 de agosto consumouse o colapso do goberno afg\u00e1n coa fuxida do presidente Ashraf Ghani cara Taxiquist\u00e1n e a toma de Kabul por parte dos talib\u00e1n, 2 semanas antes da data final fixada polo presidente estadounidense Joe Biden para a retirada das tropas estranxeiras de Afganist\u00e1n, e que representa un dos maiores fracasos da historia dos EEUU-OTAN.<\/p>\n\n\n\n<p>Desde o pasado mes de maio, coincidindo co inicio da retirada de Afganist\u00e1n, os talib\u00e1n impulsaron a ofensiva que iniciaran meses atr\u00e1s e o seu avance impar\u00e1bel sobre as zonas rurais do pa\u00eds puxo de manifesto que as forzas de seguridade afg\u00e1s, superadas completamente sobre o terreo, \u00edan ter moitos problemas para conter o seu empuxe.<\/p>\n\n\n\n<p>Durante os meses de maio, xu\u00f1o e xullo os talib\u00e1n foron incrementando o seu control sobre o pa\u00eds, incorporando m\u00e1is e m\u00e1is distritos e numerosos postos fronteirizos con Pakist\u00e1n, Ir\u00e1n e Turkmenist\u00e1n. Mais desde que o 6 de agosto cae a primeira capital provincial, Zaranj, as cidades van caendo como pezas de domin\u00f3, e os talib\u00e1n van fac\u00e9ndose con Kunduz, Herat, Kandahar, Mazar-i-Sharif, Jalalabad&#8230; at\u00e9 que, tan s\u00f3 9 d\u00edas despois, cae Kabul.<\/p>\n\n\n\n<p>\u00c9 un desastre de proporci\u00f3ns \u00e9picas. Nin os propios talib\u00e1n so\u00f1aban con tomar o control do pa\u00eds tan axi\u00f1a. Sorprende sobremaneira a extrema fraxilidade dun goberno que durante 20 anos gozou do apoio de Occidente. Parece evidente que a retirada sen condici\u00f3ns de Afganist\u00e1n envalentonou aos talib\u00e1n, mais non \u00e9 menos certo que o desenlace \u00e9 a constataci\u00f3n do absoluto fracaso de nada m\u00e1is e nada menos que 20 anos de actuaci\u00f3n err\u00e1tica por parte dos EEUU-OTAN no pa\u00eds centroasi\u00e1tico, durante os cales despreg\u00e1ronse centos de milleiros de soldados e gast\u00e1ronse inxentes cantidades de di\u00f1eiro.<\/p>\n\n\n\n<p>Ante a evidencia de que a situaci\u00f3n deteri\u00f3rase moito m\u00e1is r\u00e1pido do que calquera pod\u00eda imaxinar, a finais de xullo e comezos de agosto os pa\u00edses da rexi\u00f3n comezan a manifestar as s\u00faas inquedanzas. Ir\u00e1n e Pakist\u00e1n acollen o 90% dos 4,6 mill\u00f3ns de refuxiados afg\u00e1ns, polo que estes pa\u00edses est\u00e1n especialmente preocupados polo volume de refuxiados que poden cruzar as fronteiras. Rusia advirte de que non tolerar\u00e1 ningunha inxerencia nas rep\u00fablicas da s\u00faa \u00e1rea de influencia en Asia Central e China quere garant\u00edas de que o solo afgano non ser\u00e1 utilizado para axudar o movemento islamista de Xinjiang.<\/p>\n\n\n\n<p>Pola s\u00faa banda, os EEUU e outras potencias occidentais comezan a evacuar a cidad\u00e1ns afg\u00e1ns que colaboraron coas tropas estranxeiras, e nos d\u00edas previos \u00e1 toma de Kabul comeza a evacuaci\u00f3n do persoal estranxeiro e varios pa\u00edses pechan as embaixadas.<\/p>\n\n\n\n<p>A entrega de Kabul evitou o que pod\u00eda ter sido unha terr\u00edbel cat\u00e1strofe humanitaria, mais c\u00f3mpre lembrar que no que vai de ano as persoas desprazadas superan as 400.000, 250.000 desde maio, e nestes meses produciuse un n\u00famero elevad\u00edsimo de v\u00edctimas civ\u00eds nos combates.<\/p>\n\n\n\n<p>A toma de Afganist\u00e1n por parte dos talib\u00e1n leva ao pa\u00eds centroasi\u00e1tico ao pasado, e o temor inst\u00e1lase entre as mulleres, defensores dos dereitos humanos, a incipiente sociedade civil e minor\u00edas como a hazara, minor\u00eda xi\u00edta obxecto de numerosos ataques durante as \u00faltimas d\u00e9cadas por parte dos talib\u00e1n, Al Qaida e o Estado Isl\u00e1mico.<\/p>\n\n\n\n<p>Os talib\u00e1n ve\u00f1en afirmando que aprenderon dos erros cometidos durante o per\u00edodo 1996-2001 no que gobernaron o pa\u00eds con man de ferro, e que non son os mesmos. Daquela s\u00f3 Arabia Saud\u00ed, Emiratos \u00c1rabes Unidos e Pakist\u00e1n reco\u00f1eceron o goberno talib\u00e1n, coas conseguintes dificultades para edificar un estado funcional. O certo \u00e9 que precisan acadar lexitimidade dom\u00e9stica e internacional, polo que agora deben pasar das palabras aos feitos.<\/p>\n\n\n\n<p>Segundo as primeiras informaci\u00f3ns que chegan de Kabul, os talib\u00e1n est\u00e1n traballando na configuraci\u00f3n dun goberno isl\u00e1mico aberto e inclusivo, rexido pola lei isl\u00e1mica, mais onde os dereitos das mulleres ser\u00e1n respectados (acceso \u00e1 educaci\u00f3n e ao traballo), a xente poder\u00e1 criticar o que considere nun pa\u00eds con liberdade de prensa e os tribunais ser\u00e1n quen decida os castigos (entre eles as execuci\u00f3ns).<\/p>\n\n\n\n<p>Nos vindeiros d\u00edas veremos se Afganist\u00e1n volta \u00e1 Idade Media ou \u201ctan s\u00f3\u201d retrocede 200 anos.<\/p>\n","protected":false},"excerpt":{"rendered":"<div class=\"mh-excerpt\"><p>O domingo 15 de agosto consumouse o colapso do goberno afg\u00e1n coa fuxida do presidente Ashraf Ghani cara Taxiquist\u00e1n e a toma de Kabul por parte dos talib\u00e1n, 2 semanas antes da data final fixada polo presidente estadounidense Joe Biden para a retirada das tropas estranxeiras de Afganist\u00e1n, e que representa un dos maiores fracasos da historia dos EEUU-OTAN. <a class=\"mh-excerpt-more\" href=\"https:\/\/www.anovapeneira.gal\/index.php\/2021\/08\/23\/afganistan-desastre-de-proporcions-epicas\/\" title=\"Afganist\u00e1n, desastre de proporci\u00f3ns \u00e9picas\">[&#8230;]<\/a><\/p>\n<\/div>","protected":false},"author":35,"featured_media":584,"comment_status":"open","ping_status":"open","sticky":false,"template":"","format":"standard","meta":{"_exactmetrics_skip_tracking":false,"_exactmetrics_sitenote_active":false,"_exactmetrics_sitenote_note":"","_exactmetrics_sitenote_category":0,"footnotes":""},"categories":[7],"tags":[1267],"class_list":{"0":"post-5966","1":"post","2":"type-post","3":"status-publish","4":"format-standard","5":"has-post-thumbnail","7":"category-artigos-de-opinion","8":"tag-afganistan"},"yoast_head":"<!-- This site is optimized with the Yoast SEO plugin v27.4 - https:\/\/yoast.com\/product\/yoast-seo-wordpress\/ -->\n<title>Afganist\u00e1n, desastre de proporci\u00f3ns \u00e9picas -<\/title>\n<meta name=\"description\" content=\"O domingo 15 de agosto consumouse o colapso do goberno afg\u00e1n coa fuxida do presidente Ashraf Ghani cara Taxiquist\u00e1n e a toma de Kabul por parte dos talib\u00e1n, 2 semanas antes da data final fixada polo presidente estadounidense Joe Biden para a retirada das tropas estranxeiras de Afganist\u00e1n, e que representa un dos maiores fracasos da historia dos EEUU-OTAN.\" \/>\n<meta name=\"robots\" content=\"index, follow, max-snippet:-1, max-image-preview:large, max-video-preview:-1\" \/>\n<link rel=\"canonical\" href=\"https:\/\/www.anovapeneira.gal\/index.php\/2021\/08\/23\/afganistan-desastre-de-proporcions-epicas\/\" \/>\n<meta property=\"og:locale\" content=\"gl_ES\" \/>\n<meta property=\"og:type\" content=\"article\" \/>\n<meta property=\"og:title\" content=\"Afganist\u00e1n, desastre de proporci\u00f3ns \u00e9picas -\" \/>\n<meta property=\"og:description\" content=\"O domingo 15 de agosto consumouse o colapso do goberno afg\u00e1n coa fuxida do presidente Ashraf Ghani cara Taxiquist\u00e1n e a toma de Kabul por parte dos talib\u00e1n, 2 semanas antes da data final fixada polo presidente estadounidense Joe Biden para a retirada das tropas estranxeiras de Afganist\u00e1n, e que representa un dos maiores fracasos da historia dos EEUU-OTAN.\" \/>\n<meta property=\"og:url\" content=\"https:\/\/www.anovapeneira.gal\/index.php\/2021\/08\/23\/afganistan-desastre-de-proporcions-epicas\/\" \/>\n<meta property=\"article:publisher\" content=\"https:\/\/www.facebook.com\/anovapeneira\" \/>\n<meta property=\"article:published_time\" content=\"2021-08-23T08:00:55+00:00\" \/>\n<meta property=\"og:image\" content=\"https:\/\/www.anovapeneira.gal\/wp-content\/uploads\/2019\/07\/ARTIGO_DE_OPINION_A_NOVA_PENEIRA.jpg\" \/>\n\t<meta property=\"og:image:width\" content=\"720\" \/>\n\t<meta property=\"og:image:height\" content=\"473\" \/>\n\t<meta property=\"og:image:type\" content=\"image\/jpeg\" \/>\n<meta name=\"author\" content=\"Xurxo Agra\" \/>\n<meta name=\"twitter:card\" content=\"summary_large_image\" \/>\n<meta name=\"twitter:image\" content=\"https:\/\/www.anovapeneira.gal\/wp-content\/uploads\/2019\/07\/ARTIGO_DE_OPINION_A_NOVA_PENEIRA.jpg\" \/>\n<meta name=\"twitter:creator\" content=\"@APeneira\" \/>\n<meta name=\"twitter:site\" content=\"@APeneira\" \/>\n<meta name=\"twitter:label1\" content=\"Escrito por\" \/>\n\t<meta name=\"twitter:data1\" content=\"Xurxo Agra\" \/>\n\t<meta name=\"twitter:label2\" content=\"Tempo de lectura\" \/>\n\t<meta name=\"twitter:data2\" content=\"3 minutos\" \/>\n<script type=\"application\/ld+json\" class=\"yoast-schema-graph\">{\"@context\":\"https:\\\/\\\/schema.org\",\"@graph\":[{\"@type\":\"Article\",\"@id\":\"https:\\\/\\\/www.anovapeneira.gal\\\/index.php\\\/2021\\\/08\\\/23\\\/afganistan-desastre-de-proporcions-epicas\\\/#article\",\"isPartOf\":{\"@id\":\"https:\\\/\\\/www.anovapeneira.gal\\\/index.php\\\/2021\\\/08\\\/23\\\/afganistan-desastre-de-proporcions-epicas\\\/\"},\"author\":{\"name\":\"Xurxo Agra\",\"@id\":\"https:\\\/\\\/www.anovapeneira.gal\\\/#\\\/schema\\\/person\\\/a366bebab0087abcaac646148d290ba6\"},\"headline\":\"Afganist\u00e1n, desastre de proporci\u00f3ns \u00e9picas\",\"datePublished\":\"2021-08-23T08:00:55+00:00\",\"mainEntityOfPage\":{\"@id\":\"https:\\\/\\\/www.anovapeneira.gal\\\/index.php\\\/2021\\\/08\\\/23\\\/afganistan-desastre-de-proporcions-epicas\\\/\"},\"wordCount\":757,\"commentCount\":0,\"publisher\":{\"@id\":\"https:\\\/\\\/www.anovapeneira.gal\\\/#organization\"},\"image\":{\"@id\":\"https:\\\/\\\/www.anovapeneira.gal\\\/index.php\\\/2021\\\/08\\\/23\\\/afganistan-desastre-de-proporcions-epicas\\\/#primaryimage\"},\"thumbnailUrl\":\"https:\\\/\\\/www.anovapeneira.gal\\\/wp-content\\\/uploads\\\/2019\\\/07\\\/ARTIGO_DE_OPINION_A_NOVA_PENEIRA.jpg\",\"keywords\":[\"Afganist\u00e1n\"],\"articleSection\":[\"Artigos de opini\u00f3n\"],\"inLanguage\":\"gl-ES\",\"potentialAction\":[{\"@type\":\"CommentAction\",\"name\":\"Comment\",\"target\":[\"https:\\\/\\\/www.anovapeneira.gal\\\/index.php\\\/2021\\\/08\\\/23\\\/afganistan-desastre-de-proporcions-epicas\\\/#respond\"]}]},{\"@type\":\"WebPage\",\"@id\":\"https:\\\/\\\/www.anovapeneira.gal\\\/index.php\\\/2021\\\/08\\\/23\\\/afganistan-desastre-de-proporcions-epicas\\\/\",\"url\":\"https:\\\/\\\/www.anovapeneira.gal\\\/index.php\\\/2021\\\/08\\\/23\\\/afganistan-desastre-de-proporcions-epicas\\\/\",\"name\":\"Afganist\u00e1n, desastre de proporci\u00f3ns \u00e9picas -\",\"isPartOf\":{\"@id\":\"https:\\\/\\\/www.anovapeneira.gal\\\/#website\"},\"primaryImageOfPage\":{\"@id\":\"https:\\\/\\\/www.anovapeneira.gal\\\/index.php\\\/2021\\\/08\\\/23\\\/afganistan-desastre-de-proporcions-epicas\\\/#primaryimage\"},\"image\":{\"@id\":\"https:\\\/\\\/www.anovapeneira.gal\\\/index.php\\\/2021\\\/08\\\/23\\\/afganistan-desastre-de-proporcions-epicas\\\/#primaryimage\"},\"thumbnailUrl\":\"https:\\\/\\\/www.anovapeneira.gal\\\/wp-content\\\/uploads\\\/2019\\\/07\\\/ARTIGO_DE_OPINION_A_NOVA_PENEIRA.jpg\",\"datePublished\":\"2021-08-23T08:00:55+00:00\",\"description\":\"O domingo 15 de agosto consumouse o colapso do goberno afg\u00e1n coa fuxida do presidente Ashraf Ghani cara Taxiquist\u00e1n e a toma de Kabul por parte dos talib\u00e1n, 2 semanas antes da data final fixada polo presidente estadounidense Joe Biden para a retirada das tropas estranxeiras de Afganist\u00e1n, e que representa un dos maiores fracasos da historia dos EEUU-OTAN.\",\"breadcrumb\":{\"@id\":\"https:\\\/\\\/www.anovapeneira.gal\\\/index.php\\\/2021\\\/08\\\/23\\\/afganistan-desastre-de-proporcions-epicas\\\/#breadcrumb\"},\"inLanguage\":\"gl-ES\",\"potentialAction\":[{\"@type\":\"ReadAction\",\"target\":[\"https:\\\/\\\/www.anovapeneira.gal\\\/index.php\\\/2021\\\/08\\\/23\\\/afganistan-desastre-de-proporcions-epicas\\\/\"]}]},{\"@type\":\"ImageObject\",\"inLanguage\":\"gl-ES\",\"@id\":\"https:\\\/\\\/www.anovapeneira.gal\\\/index.php\\\/2021\\\/08\\\/23\\\/afganistan-desastre-de-proporcions-epicas\\\/#primaryimage\",\"url\":\"https:\\\/\\\/www.anovapeneira.gal\\\/wp-content\\\/uploads\\\/2019\\\/07\\\/ARTIGO_DE_OPINION_A_NOVA_PENEIRA.jpg\",\"contentUrl\":\"https:\\\/\\\/www.anovapeneira.gal\\\/wp-content\\\/uploads\\\/2019\\\/07\\\/ARTIGO_DE_OPINION_A_NOVA_PENEIRA.jpg\",\"width\":720,\"height\":473,\"caption\":\"Artigo de opini\u00f3n A Nova Peneira\"},{\"@type\":\"BreadcrumbList\",\"@id\":\"https:\\\/\\\/www.anovapeneira.gal\\\/index.php\\\/2021\\\/08\\\/23\\\/afganistan-desastre-de-proporcions-epicas\\\/#breadcrumb\",\"itemListElement\":[{\"@type\":\"ListItem\",\"position\":1,\"name\":\"Portada\",\"item\":\"https:\\\/\\\/www.anovapeneira.gal\\\/\"},{\"@type\":\"ListItem\",\"position\":2,\"name\":\"Afganist\u00e1n, desastre de proporci\u00f3ns \u00e9picas\"}]},{\"@type\":\"WebSite\",\"@id\":\"https:\\\/\\\/www.anovapeneira.gal\\\/#website\",\"url\":\"https:\\\/\\\/www.anovapeneira.gal\\\/\",\"name\":\"\",\"description\":\"Xornal galego de informaci\u00f3n xeral Publicaci\u00f3n mensual de novas de Galicia e en especial dos Concellos da sur da provincia de Pontevedra.\",\"publisher\":{\"@id\":\"https:\\\/\\\/www.anovapeneira.gal\\\/#organization\"},\"potentialAction\":[{\"@type\":\"SearchAction\",\"target\":{\"@type\":\"EntryPoint\",\"urlTemplate\":\"https:\\\/\\\/www.anovapeneira.gal\\\/?s={search_term_string}\"},\"query-input\":{\"@type\":\"PropertyValueSpecification\",\"valueRequired\":true,\"valueName\":\"search_term_string\"}}],\"inLanguage\":\"gl-ES\"},{\"@type\":\"Organization\",\"@id\":\"https:\\\/\\\/www.anovapeneira.gal\\\/#organization\",\"name\":\"A Nova Peneira\",\"url\":\"https:\\\/\\\/www.anovapeneira.gal\\\/\",\"logo\":{\"@type\":\"ImageObject\",\"inLanguage\":\"gl-ES\",\"@id\":\"https:\\\/\\\/www.anovapeneira.gal\\\/#\\\/schema\\\/logo\\\/image\\\/\",\"url\":\"http:\\\/\\\/www.anovapeneira.gal\\\/wp-content\\\/uploads\\\/2019\\\/06\\\/logo_a_nova_peneira_portal_web.png\",\"contentUrl\":\"http:\\\/\\\/www.anovapeneira.gal\\\/wp-content\\\/uploads\\\/2019\\\/06\\\/logo_a_nova_peneira_portal_web.png\",\"width\":300,\"height\":100,\"caption\":\"A Nova Peneira\"},\"image\":{\"@id\":\"https:\\\/\\\/www.anovapeneira.gal\\\/#\\\/schema\\\/logo\\\/image\\\/\"},\"sameAs\":[\"https:\\\/\\\/www.facebook.com\\\/anovapeneira\",\"https:\\\/\\\/x.com\\\/APeneira\"]},{\"@type\":\"Person\",\"@id\":\"https:\\\/\\\/www.anovapeneira.gal\\\/#\\\/schema\\\/person\\\/a366bebab0087abcaac646148d290ba6\",\"name\":\"Xurxo Agra\",\"image\":{\"@type\":\"ImageObject\",\"inLanguage\":\"gl-ES\",\"@id\":\"https:\\\/\\\/secure.gravatar.com\\\/avatar\\\/2393f992666bf58af5aa00ae513f24da53518b6d1531c6fd7b2e60fde1026c15?s=96&d=mm&r=g\",\"url\":\"https:\\\/\\\/secure.gravatar.com\\\/avatar\\\/2393f992666bf58af5aa00ae513f24da53518b6d1531c6fd7b2e60fde1026c15?s=96&d=mm&r=g\",\"contentUrl\":\"https:\\\/\\\/secure.gravatar.com\\\/avatar\\\/2393f992666bf58af5aa00ae513f24da53518b6d1531c6fd7b2e60fde1026c15?s=96&d=mm&r=g\",\"caption\":\"Xurxo Agra\"},\"url\":\"https:\\\/\\\/www.anovapeneira.gal\\\/index.php\\\/author\\\/xurxoagra\\\/\"}]}<\/script>\n<!-- \/ Yoast SEO plugin. -->","yoast_head_json":{"title":"Afganist\u00e1n, desastre de proporci\u00f3ns \u00e9picas -","description":"O domingo 15 de agosto consumouse o colapso do goberno afg\u00e1n coa fuxida do presidente Ashraf Ghani cara Taxiquist\u00e1n e a toma de Kabul por parte dos talib\u00e1n, 2 semanas antes da data final fixada polo presidente estadounidense Joe Biden para a retirada das tropas estranxeiras de Afganist\u00e1n, e que representa un dos maiores fracasos da historia dos EEUU-OTAN.","robots":{"index":"index","follow":"follow","max-snippet":"max-snippet:-1","max-image-preview":"max-image-preview:large","max-video-preview":"max-video-preview:-1"},"canonical":"https:\/\/www.anovapeneira.gal\/index.php\/2021\/08\/23\/afganistan-desastre-de-proporcions-epicas\/","og_locale":"gl_ES","og_type":"article","og_title":"Afganist\u00e1n, desastre de proporci\u00f3ns \u00e9picas -","og_description":"O domingo 15 de agosto consumouse o colapso do goberno afg\u00e1n coa fuxida do presidente Ashraf Ghani cara Taxiquist\u00e1n e a toma de Kabul por parte dos talib\u00e1n, 2 semanas antes da data final fixada polo presidente estadounidense Joe Biden para a retirada das tropas estranxeiras de Afganist\u00e1n, e que representa un dos maiores fracasos da historia dos EEUU-OTAN.","og_url":"https:\/\/www.anovapeneira.gal\/index.php\/2021\/08\/23\/afganistan-desastre-de-proporcions-epicas\/","article_publisher":"https:\/\/www.facebook.com\/anovapeneira","article_published_time":"2021-08-23T08:00:55+00:00","og_image":[{"width":720,"height":473,"url":"https:\/\/www.anovapeneira.gal\/wp-content\/uploads\/2019\/07\/ARTIGO_DE_OPINION_A_NOVA_PENEIRA.jpg","type":"image\/jpeg"}],"author":"Xurxo Agra","twitter_card":"summary_large_image","twitter_image":"https:\/\/www.anovapeneira.gal\/wp-content\/uploads\/2019\/07\/ARTIGO_DE_OPINION_A_NOVA_PENEIRA.jpg","twitter_creator":"@APeneira","twitter_site":"@APeneira","twitter_misc":{"Escrito por":"Xurxo Agra","Tempo de lectura":"3 minutos"},"schema":{"@context":"https:\/\/schema.org","@graph":[{"@type":"Article","@id":"https:\/\/www.anovapeneira.gal\/index.php\/2021\/08\/23\/afganistan-desastre-de-proporcions-epicas\/#article","isPartOf":{"@id":"https:\/\/www.anovapeneira.gal\/index.php\/2021\/08\/23\/afganistan-desastre-de-proporcions-epicas\/"},"author":{"name":"Xurxo Agra","@id":"https:\/\/www.anovapeneira.gal\/#\/schema\/person\/a366bebab0087abcaac646148d290ba6"},"headline":"Afganist\u00e1n, desastre de proporci\u00f3ns \u00e9picas","datePublished":"2021-08-23T08:00:55+00:00","mainEntityOfPage":{"@id":"https:\/\/www.anovapeneira.gal\/index.php\/2021\/08\/23\/afganistan-desastre-de-proporcions-epicas\/"},"wordCount":757,"commentCount":0,"publisher":{"@id":"https:\/\/www.anovapeneira.gal\/#organization"},"image":{"@id":"https:\/\/www.anovapeneira.gal\/index.php\/2021\/08\/23\/afganistan-desastre-de-proporcions-epicas\/#primaryimage"},"thumbnailUrl":"https:\/\/www.anovapeneira.gal\/wp-content\/uploads\/2019\/07\/ARTIGO_DE_OPINION_A_NOVA_PENEIRA.jpg","keywords":["Afganist\u00e1n"],"articleSection":["Artigos de opini\u00f3n"],"inLanguage":"gl-ES","potentialAction":[{"@type":"CommentAction","name":"Comment","target":["https:\/\/www.anovapeneira.gal\/index.php\/2021\/08\/23\/afganistan-desastre-de-proporcions-epicas\/#respond"]}]},{"@type":"WebPage","@id":"https:\/\/www.anovapeneira.gal\/index.php\/2021\/08\/23\/afganistan-desastre-de-proporcions-epicas\/","url":"https:\/\/www.anovapeneira.gal\/index.php\/2021\/08\/23\/afganistan-desastre-de-proporcions-epicas\/","name":"Afganist\u00e1n, desastre de proporci\u00f3ns \u00e9picas -","isPartOf":{"@id":"https:\/\/www.anovapeneira.gal\/#website"},"primaryImageOfPage":{"@id":"https:\/\/www.anovapeneira.gal\/index.php\/2021\/08\/23\/afganistan-desastre-de-proporcions-epicas\/#primaryimage"},"image":{"@id":"https:\/\/www.anovapeneira.gal\/index.php\/2021\/08\/23\/afganistan-desastre-de-proporcions-epicas\/#primaryimage"},"thumbnailUrl":"https:\/\/www.anovapeneira.gal\/wp-content\/uploads\/2019\/07\/ARTIGO_DE_OPINION_A_NOVA_PENEIRA.jpg","datePublished":"2021-08-23T08:00:55+00:00","description":"O domingo 15 de agosto consumouse o colapso do goberno afg\u00e1n coa fuxida do presidente Ashraf Ghani cara Taxiquist\u00e1n e a toma de Kabul por parte dos talib\u00e1n, 2 semanas antes da data final fixada polo presidente estadounidense Joe Biden para a retirada das tropas estranxeiras de Afganist\u00e1n, e que representa un dos maiores fracasos da historia dos EEUU-OTAN.","breadcrumb":{"@id":"https:\/\/www.anovapeneira.gal\/index.php\/2021\/08\/23\/afganistan-desastre-de-proporcions-epicas\/#breadcrumb"},"inLanguage":"gl-ES","potentialAction":[{"@type":"ReadAction","target":["https:\/\/www.anovapeneira.gal\/index.php\/2021\/08\/23\/afganistan-desastre-de-proporcions-epicas\/"]}]},{"@type":"ImageObject","inLanguage":"gl-ES","@id":"https:\/\/www.anovapeneira.gal\/index.php\/2021\/08\/23\/afganistan-desastre-de-proporcions-epicas\/#primaryimage","url":"https:\/\/www.anovapeneira.gal\/wp-content\/uploads\/2019\/07\/ARTIGO_DE_OPINION_A_NOVA_PENEIRA.jpg","contentUrl":"https:\/\/www.anovapeneira.gal\/wp-content\/uploads\/2019\/07\/ARTIGO_DE_OPINION_A_NOVA_PENEIRA.jpg","width":720,"height":473,"caption":"Artigo de opini\u00f3n A Nova Peneira"},{"@type":"BreadcrumbList","@id":"https:\/\/www.anovapeneira.gal\/index.php\/2021\/08\/23\/afganistan-desastre-de-proporcions-epicas\/#breadcrumb","itemListElement":[{"@type":"ListItem","position":1,"name":"Portada","item":"https:\/\/www.anovapeneira.gal\/"},{"@type":"ListItem","position":2,"name":"Afganist\u00e1n, desastre de proporci\u00f3ns \u00e9picas"}]},{"@type":"WebSite","@id":"https:\/\/www.anovapeneira.gal\/#website","url":"https:\/\/www.anovapeneira.gal\/","name":"","description":"Xornal galego de informaci\u00f3n xeral Publicaci\u00f3n mensual de novas de Galicia e en especial dos Concellos da sur da provincia de Pontevedra.","publisher":{"@id":"https:\/\/www.anovapeneira.gal\/#organization"},"potentialAction":[{"@type":"SearchAction","target":{"@type":"EntryPoint","urlTemplate":"https:\/\/www.anovapeneira.gal\/?s={search_term_string}"},"query-input":{"@type":"PropertyValueSpecification","valueRequired":true,"valueName":"search_term_string"}}],"inLanguage":"gl-ES"},{"@type":"Organization","@id":"https:\/\/www.anovapeneira.gal\/#organization","name":"A Nova Peneira","url":"https:\/\/www.anovapeneira.gal\/","logo":{"@type":"ImageObject","inLanguage":"gl-ES","@id":"https:\/\/www.anovapeneira.gal\/#\/schema\/logo\/image\/","url":"http:\/\/www.anovapeneira.gal\/wp-content\/uploads\/2019\/06\/logo_a_nova_peneira_portal_web.png","contentUrl":"http:\/\/www.anovapeneira.gal\/wp-content\/uploads\/2019\/06\/logo_a_nova_peneira_portal_web.png","width":300,"height":100,"caption":"A Nova Peneira"},"image":{"@id":"https:\/\/www.anovapeneira.gal\/#\/schema\/logo\/image\/"},"sameAs":["https:\/\/www.facebook.com\/anovapeneira","https:\/\/x.com\/APeneira"]},{"@type":"Person","@id":"https:\/\/www.anovapeneira.gal\/#\/schema\/person\/a366bebab0087abcaac646148d290ba6","name":"Xurxo Agra","image":{"@type":"ImageObject","inLanguage":"gl-ES","@id":"https:\/\/secure.gravatar.com\/avatar\/2393f992666bf58af5aa00ae513f24da53518b6d1531c6fd7b2e60fde1026c15?s=96&d=mm&r=g","url":"https:\/\/secure.gravatar.com\/avatar\/2393f992666bf58af5aa00ae513f24da53518b6d1531c6fd7b2e60fde1026c15?s=96&d=mm&r=g","contentUrl":"https:\/\/secure.gravatar.com\/avatar\/2393f992666bf58af5aa00ae513f24da53518b6d1531c6fd7b2e60fde1026c15?s=96&d=mm&r=g","caption":"Xurxo Agra"},"url":"https:\/\/www.anovapeneira.gal\/index.php\/author\/xurxoagra\/"}]}},"jetpack_featured_media_url":"https:\/\/www.anovapeneira.gal\/wp-content\/uploads\/2019\/07\/ARTIGO_DE_OPINION_A_NOVA_PENEIRA.jpg","_links":{"self":[{"href":"https:\/\/www.anovapeneira.gal\/index.php\/wp-json\/wp\/v2\/posts\/5966","targetHints":{"allow":["GET"]}}],"collection":[{"href":"https:\/\/www.anovapeneira.gal\/index.php\/wp-json\/wp\/v2\/posts"}],"about":[{"href":"https:\/\/www.anovapeneira.gal\/index.php\/wp-json\/wp\/v2\/types\/post"}],"author":[{"embeddable":true,"href":"https:\/\/www.anovapeneira.gal\/index.php\/wp-json\/wp\/v2\/users\/35"}],"replies":[{"embeddable":true,"href":"https:\/\/www.anovapeneira.gal\/index.php\/wp-json\/wp\/v2\/comments?post=5966"}],"version-history":[{"count":1,"href":"https:\/\/www.anovapeneira.gal\/index.php\/wp-json\/wp\/v2\/posts\/5966\/revisions"}],"predecessor-version":[{"id":5967,"href":"https:\/\/www.anovapeneira.gal\/index.php\/wp-json\/wp\/v2\/posts\/5966\/revisions\/5967"}],"wp:featuredmedia":[{"embeddable":true,"href":"https:\/\/www.anovapeneira.gal\/index.php\/wp-json\/wp\/v2\/media\/584"}],"wp:attachment":[{"href":"https:\/\/www.anovapeneira.gal\/index.php\/wp-json\/wp\/v2\/media?parent=5966"}],"wp:term":[{"taxonomy":"category","embeddable":true,"href":"https:\/\/www.anovapeneira.gal\/index.php\/wp-json\/wp\/v2\/categories?post=5966"},{"taxonomy":"post_tag","embeddable":true,"href":"https:\/\/www.anovapeneira.gal\/index.php\/wp-json\/wp\/v2\/tags?post=5966"}],"curies":[{"name":"wp","href":"https:\/\/api.w.org\/{rel}","templated":true}]}}