{"id":5969,"date":"2021-08-23T12:00:41","date_gmt":"2021-08-23T10:00:41","guid":{"rendered":"https:\/\/www.anovapeneira.gal\/?p=5969"},"modified":"2021-08-22T10:43:59","modified_gmt":"2021-08-22T08:43:59","slug":"a-vecinanza-pode-gozar-xa-dos-novos-parques-das-bornetas-e-a-gandara-en-guillarei","status":"publish","type":"post","link":"https:\/\/www.anovapeneira.gal\/index.php\/2021\/08\/23\/a-vecinanza-pode-gozar-xa-dos-novos-parques-das-bornetas-e-a-gandara-en-guillarei\/","title":{"rendered":"A veci\u00f1anza pode gozar xa dos novos parques das Bornetas e A G\u00e1ndara en Guillarei"},"content":{"rendered":"\n<h2 class=\"wp-block-heading\">Son espazos inclusivos, integradores e para toda a familia nos que amais de xogos infant\u00eds se instalaron tam\u00e9n biosaudables<\/h2>\n\n\n\n<p><em><strong>Tui. Venres, 13 de agosto de 2021.<\/strong><\/em> <\/p>\n\n\n\n<p>Dous novos parques pensados para o disfrute de toda a familia, ao combinar xogos infant\u00eds con elementos biosaudables, est\u00e1n xa a dispor da veci\u00f1anza. Ambos foron financiados con cargo ao Plan Concellos da Deputaci\u00f3n.<\/p>\n\n\n\n<p>O primeiro deles est\u00e1 situado na sede do Colexio Rural Agrupado Mestra Clara Torres, nas Bornetas, e pode gozar do mesmo o p\u00fablico en xeral. Cunha superficie de 346 m2 con c\u00e9spede artificial. Na \u00e1rea de xogos infant\u00eds destaca a monta\u00f1a, con zona de escalada por cordas, 15 pu\u00f1os de escalada, un trampol\u00edn circular, un tobog\u00e1n para os m\u00e1is pequenos, e un t\u00fanel \u00e9 un dos elementos destacados do novo parque. Os nenos e nenas poden gozar tam\u00e9n dunha randeeira (columpio) de dobre asento: asento plano e asento tipo berce para bebes; balanc\u00edn dobre e dunha torre dobre con escaleira colgante, muro inclinado de escalada, e tobog\u00e1n. Mentres na zona de biosaudables instal\u00e1ronse elementos de cintura para 3 usuarios, de esqu\u00ed de fondo elevador para 2 usuarios e unha bicicleta est\u00e1tica. O muro perimetral do parque loce os graffitis realizados por Gori.<\/p>\n\n\n\n<p>Coa mesma li\u00f1a de traballo de acondicionamento e recuperaci\u00f3n de espazos de lecer ao aire libre actuouse tam\u00e9n no parque da G\u00e1ndara en Guillarei. Cre\u00e1ronse dous espazos diferenciados, ambos con c\u00e9spede artificial. Un de 650 m2 destinarase aos xogos infant\u00eds e outro de 190 m2 \u00e1 colocaci\u00f3n de biosaudables e mesas de xogo. As\u00ed a zona de xogos infant\u00eds conta cunha tirolina de 24 metros de longo, cun bamb\u00e1n dobre e un bamb\u00e1n adaptado para persoas con mobilidade reducida, o primeiro destas caracter\u00edsticas instalado en Tui. Amais coloc\u00e1ronse dous xogos combinados, un con d\u00faas torres principais, tobog\u00e1n, roc\u00f3dromos, rede de escalada e panel l\u00fadico; e con d\u00faas torres tobog\u00e1n, un panel l\u00fadico e un t\u00fanel. Instalarase amais unha casi\u00f1a tipo cabana, dous balanc\u00edns simples e un dobre.<\/p>\n\n\n\n<p>Mentres na zona de biosaudables colocouse un elemento de exercicio de cintura para 3 usuarios, un esqu\u00ed de fondo, un elevador para 2 usuarios, e unha bicicleta est\u00e1tica. Tam\u00e9n se colocou unha mesa de ping-pong e tam\u00e9n un taboleiro de xadrez, xunto a un conxunto de mesa con bancos.<\/p>\n\n\n\n<p>Dende a conceller\u00eda de Parques e Xard\u00edns, fan un chamamento a poboaci\u00f3n ao respecto e coidado tanto destes novos espazos de lecer coma dos outros existentes no municipio. Avanzan que continuar\u00e1n traballando para que todos os parques infant\u00eds do termo municipal estean nas mellores condici\u00f3ns.<\/p>\n","protected":false},"excerpt":{"rendered":"<div class=\"mh-excerpt\"><p>Son espazos inclusivos, integradores e para toda a familia nos que amais de xogos infant\u00eds se instalaron tam\u00e9n biosaudables <a class=\"mh-excerpt-more\" href=\"https:\/\/www.anovapeneira.gal\/index.php\/2021\/08\/23\/a-vecinanza-pode-gozar-xa-dos-novos-parques-das-bornetas-e-a-gandara-en-guillarei\/\" title=\"A veci\u00f1anza pode gozar xa dos novos parques das Bornetas e A G\u00e1ndara en Guillarei\">[&#8230;]<\/a><\/p>\n<\/div>","protected":false},"author":3,"featured_media":5970,"comment_status":"open","ping_status":"open","sticky":false,"template":"","format":"standard","meta":{"_exactmetrics_skip_tracking":false,"_exactmetrics_sitenote_active":false,"_exactmetrics_sitenote_note":"","_exactmetrics_sitenote_category":0,"footnotes":""},"categories":[21],"tags":[426],"class_list":{"0":"post-5969","1":"post","2":"type-post","3":"status-publish","4":"format-standard","5":"has-post-thumbnail","7":"category-baixo-mino","8":"tag-concello-de-tui"},"yoast_head":"<!-- This site is optimized with the Yoast SEO plugin v27.4 - https:\/\/yoast.com\/product\/yoast-seo-wordpress\/ -->\n<title>A veci\u00f1anza pode gozar xa dos novos parques das Bornetas e A G\u00e1ndara en Guillarei -<\/title>\n<meta name=\"description\" content=\"Son espazos inclusivos, integradores e para toda a familia nos que amais de xogos infant\u00eds se instalaron tam\u00e9n biosaudables\" \/>\n<meta name=\"robots\" content=\"index, follow, max-snippet:-1, max-image-preview:large, max-video-preview:-1\" \/>\n<link rel=\"canonical\" href=\"https:\/\/www.anovapeneira.gal\/index.php\/2021\/08\/23\/a-vecinanza-pode-gozar-xa-dos-novos-parques-das-bornetas-e-a-gandara-en-guillarei\/\" \/>\n<meta property=\"og:locale\" content=\"gl_ES\" \/>\n<meta property=\"og:type\" content=\"article\" \/>\n<meta property=\"og:title\" content=\"A veci\u00f1anza pode gozar xa dos novos parques das Bornetas e A G\u00e1ndara en Guillarei -\" \/>\n<meta property=\"og:description\" content=\"Son espazos inclusivos, integradores e para toda a familia nos que amais de xogos infant\u00eds se instalaron tam\u00e9n biosaudables\" \/>\n<meta property=\"og:url\" content=\"https:\/\/www.anovapeneira.gal\/index.php\/2021\/08\/23\/a-vecinanza-pode-gozar-xa-dos-novos-parques-das-bornetas-e-a-gandara-en-guillarei\/\" \/>\n<meta property=\"article:publisher\" content=\"https:\/\/www.facebook.com\/anovapeneira\" \/>\n<meta property=\"article:published_time\" content=\"2021-08-23T10:00:41+00:00\" \/>\n<meta property=\"og:image\" content=\"https:\/\/www.anovapeneira.gal\/wp-content\/uploads\/2021\/08\/parque_infantil_tui.jpg\" \/>\n\t<meta property=\"og:image:width\" content=\"720\" \/>\n\t<meta property=\"og:image:height\" content=\"432\" \/>\n\t<meta property=\"og:image:type\" content=\"image\/jpeg\" \/>\n<meta name=\"author\" content=\"Redacci\u00f3n A Nova Peneira\" \/>\n<meta name=\"twitter:card\" content=\"summary_large_image\" \/>\n<meta name=\"twitter:creator\" content=\"@APeneira\" \/>\n<meta name=\"twitter:site\" content=\"@APeneira\" \/>\n<meta name=\"twitter:label1\" content=\"Escrito por\" \/>\n\t<meta name=\"twitter:data1\" content=\"Redacci\u00f3n A Nova Peneira\" \/>\n\t<meta name=\"twitter:label2\" content=\"Tempo de lectura\" \/>\n\t<meta name=\"twitter:data2\" content=\"2 minutos\" \/>\n<script type=\"application\/ld+json\" class=\"yoast-schema-graph\">{\"@context\":\"https:\\\/\\\/schema.org\",\"@graph\":[{\"@type\":\"Article\",\"@id\":\"https:\\\/\\\/www.anovapeneira.gal\\\/index.php\\\/2021\\\/08\\\/23\\\/a-vecinanza-pode-gozar-xa-dos-novos-parques-das-bornetas-e-a-gandara-en-guillarei\\\/#article\",\"isPartOf\":{\"@id\":\"https:\\\/\\\/www.anovapeneira.gal\\\/index.php\\\/2021\\\/08\\\/23\\\/a-vecinanza-pode-gozar-xa-dos-novos-parques-das-bornetas-e-a-gandara-en-guillarei\\\/\"},\"author\":{\"name\":\"Redacci\u00f3n A Nova Peneira\",\"@id\":\"https:\\\/\\\/www.anovapeneira.gal\\\/#\\\/schema\\\/person\\\/b93e3f8932e3f8da96334607eb6ac6aa\"},\"headline\":\"A veci\u00f1anza pode gozar xa dos novos parques das Bornetas e A G\u00e1ndara en Guillarei\",\"datePublished\":\"2021-08-23T10:00:41+00:00\",\"mainEntityOfPage\":{\"@id\":\"https:\\\/\\\/www.anovapeneira.gal\\\/index.php\\\/2021\\\/08\\\/23\\\/a-vecinanza-pode-gozar-xa-dos-novos-parques-das-bornetas-e-a-gandara-en-guillarei\\\/\"},\"wordCount\":479,\"commentCount\":0,\"publisher\":{\"@id\":\"https:\\\/\\\/www.anovapeneira.gal\\\/#organization\"},\"image\":{\"@id\":\"https:\\\/\\\/www.anovapeneira.gal\\\/index.php\\\/2021\\\/08\\\/23\\\/a-vecinanza-pode-gozar-xa-dos-novos-parques-das-bornetas-e-a-gandara-en-guillarei\\\/#primaryimage\"},\"thumbnailUrl\":\"https:\\\/\\\/www.anovapeneira.gal\\\/wp-content\\\/uploads\\\/2021\\\/08\\\/parque_infantil_tui.jpg\",\"keywords\":[\"Concello de Tui\"],\"articleSection\":[\"Baixo Mi\u00f1o\"],\"inLanguage\":\"gl-ES\",\"potentialAction\":[{\"@type\":\"CommentAction\",\"name\":\"Comment\",\"target\":[\"https:\\\/\\\/www.anovapeneira.gal\\\/index.php\\\/2021\\\/08\\\/23\\\/a-vecinanza-pode-gozar-xa-dos-novos-parques-das-bornetas-e-a-gandara-en-guillarei\\\/#respond\"]}]},{\"@type\":\"WebPage\",\"@id\":\"https:\\\/\\\/www.anovapeneira.gal\\\/index.php\\\/2021\\\/08\\\/23\\\/a-vecinanza-pode-gozar-xa-dos-novos-parques-das-bornetas-e-a-gandara-en-guillarei\\\/\",\"url\":\"https:\\\/\\\/www.anovapeneira.gal\\\/index.php\\\/2021\\\/08\\\/23\\\/a-vecinanza-pode-gozar-xa-dos-novos-parques-das-bornetas-e-a-gandara-en-guillarei\\\/\",\"name\":\"A veci\u00f1anza pode gozar xa dos novos parques das Bornetas e A G\u00e1ndara en Guillarei -\",\"isPartOf\":{\"@id\":\"https:\\\/\\\/www.anovapeneira.gal\\\/#website\"},\"primaryImageOfPage\":{\"@id\":\"https:\\\/\\\/www.anovapeneira.gal\\\/index.php\\\/2021\\\/08\\\/23\\\/a-vecinanza-pode-gozar-xa-dos-novos-parques-das-bornetas-e-a-gandara-en-guillarei\\\/#primaryimage\"},\"image\":{\"@id\":\"https:\\\/\\\/www.anovapeneira.gal\\\/index.php\\\/2021\\\/08\\\/23\\\/a-vecinanza-pode-gozar-xa-dos-novos-parques-das-bornetas-e-a-gandara-en-guillarei\\\/#primaryimage\"},\"thumbnailUrl\":\"https:\\\/\\\/www.anovapeneira.gal\\\/wp-content\\\/uploads\\\/2021\\\/08\\\/parque_infantil_tui.jpg\",\"datePublished\":\"2021-08-23T10:00:41+00:00\",\"description\":\"Son espazos inclusivos, integradores e para toda a familia nos que amais de xogos infant\u00eds se instalaron tam\u00e9n biosaudables\",\"breadcrumb\":{\"@id\":\"https:\\\/\\\/www.anovapeneira.gal\\\/index.php\\\/2021\\\/08\\\/23\\\/a-vecinanza-pode-gozar-xa-dos-novos-parques-das-bornetas-e-a-gandara-en-guillarei\\\/#breadcrumb\"},\"inLanguage\":\"gl-ES\",\"potentialAction\":[{\"@type\":\"ReadAction\",\"target\":[\"https:\\\/\\\/www.anovapeneira.gal\\\/index.php\\\/2021\\\/08\\\/23\\\/a-vecinanza-pode-gozar-xa-dos-novos-parques-das-bornetas-e-a-gandara-en-guillarei\\\/\"]}]},{\"@type\":\"ImageObject\",\"inLanguage\":\"gl-ES\",\"@id\":\"https:\\\/\\\/www.anovapeneira.gal\\\/index.php\\\/2021\\\/08\\\/23\\\/a-vecinanza-pode-gozar-xa-dos-novos-parques-das-bornetas-e-a-gandara-en-guillarei\\\/#primaryimage\",\"url\":\"https:\\\/\\\/www.anovapeneira.gal\\\/wp-content\\\/uploads\\\/2021\\\/08\\\/parque_infantil_tui.jpg\",\"contentUrl\":\"https:\\\/\\\/www.anovapeneira.gal\\\/wp-content\\\/uploads\\\/2021\\\/08\\\/parque_infantil_tui.jpg\",\"width\":720,\"height\":432,\"caption\":\"A veci\u00f1anza pode gozar xa dos novos parques das Bornetas e A G\u00e1ndara en Guillarei\"},{\"@type\":\"BreadcrumbList\",\"@id\":\"https:\\\/\\\/www.anovapeneira.gal\\\/index.php\\\/2021\\\/08\\\/23\\\/a-vecinanza-pode-gozar-xa-dos-novos-parques-das-bornetas-e-a-gandara-en-guillarei\\\/#breadcrumb\",\"itemListElement\":[{\"@type\":\"ListItem\",\"position\":1,\"name\":\"Portada\",\"item\":\"https:\\\/\\\/www.anovapeneira.gal\\\/\"},{\"@type\":\"ListItem\",\"position\":2,\"name\":\"A veci\u00f1anza pode gozar xa dos novos parques das Bornetas e A G\u00e1ndara en Guillarei\"}]},{\"@type\":\"WebSite\",\"@id\":\"https:\\\/\\\/www.anovapeneira.gal\\\/#website\",\"url\":\"https:\\\/\\\/www.anovapeneira.gal\\\/\",\"name\":\"\",\"description\":\"Xornal galego de informaci\u00f3n xeral Publicaci\u00f3n mensual de novas de Galicia e en especial dos Concellos da sur da provincia de Pontevedra.\",\"publisher\":{\"@id\":\"https:\\\/\\\/www.anovapeneira.gal\\\/#organization\"},\"potentialAction\":[{\"@type\":\"SearchAction\",\"target\":{\"@type\":\"EntryPoint\",\"urlTemplate\":\"https:\\\/\\\/www.anovapeneira.gal\\\/?s={search_term_string}\"},\"query-input\":{\"@type\":\"PropertyValueSpecification\",\"valueRequired\":true,\"valueName\":\"search_term_string\"}}],\"inLanguage\":\"gl-ES\"},{\"@type\":\"Organization\",\"@id\":\"https:\\\/\\\/www.anovapeneira.gal\\\/#organization\",\"name\":\"A Nova Peneira\",\"url\":\"https:\\\/\\\/www.anovapeneira.gal\\\/\",\"logo\":{\"@type\":\"ImageObject\",\"inLanguage\":\"gl-ES\",\"@id\":\"https:\\\/\\\/www.anovapeneira.gal\\\/#\\\/schema\\\/logo\\\/image\\\/\",\"url\":\"http:\\\/\\\/www.anovapeneira.gal\\\/wp-content\\\/uploads\\\/2019\\\/06\\\/logo_a_nova_peneira_portal_web.png\",\"contentUrl\":\"http:\\\/\\\/www.anovapeneira.gal\\\/wp-content\\\/uploads\\\/2019\\\/06\\\/logo_a_nova_peneira_portal_web.png\",\"width\":300,\"height\":100,\"caption\":\"A Nova Peneira\"},\"image\":{\"@id\":\"https:\\\/\\\/www.anovapeneira.gal\\\/#\\\/schema\\\/logo\\\/image\\\/\"},\"sameAs\":[\"https:\\\/\\\/www.facebook.com\\\/anovapeneira\",\"https:\\\/\\\/x.com\\\/APeneira\"]},{\"@type\":\"Person\",\"@id\":\"https:\\\/\\\/www.anovapeneira.gal\\\/#\\\/schema\\\/person\\\/b93e3f8932e3f8da96334607eb6ac6aa\",\"name\":\"Redacci\u00f3n A Nova Peneira\",\"image\":{\"@type\":\"ImageObject\",\"inLanguage\":\"gl-ES\",\"@id\":\"https:\\\/\\\/secure.gravatar.com\\\/avatar\\\/c052a2551a06e23fac63626232eaa90abd78dbcf1700fc46a2b2c89fd27b735f?s=96&d=mm&r=g\",\"url\":\"https:\\\/\\\/secure.gravatar.com\\\/avatar\\\/c052a2551a06e23fac63626232eaa90abd78dbcf1700fc46a2b2c89fd27b735f?s=96&d=mm&r=g\",\"contentUrl\":\"https:\\\/\\\/secure.gravatar.com\\\/avatar\\\/c052a2551a06e23fac63626232eaa90abd78dbcf1700fc46a2b2c89fd27b735f?s=96&d=mm&r=g\",\"caption\":\"Redacci\u00f3n A Nova Peneira\"},\"sameAs\":[\"http:\\\/\\\/www.anovapeneira.gal\\\/\"],\"url\":\"https:\\\/\\\/www.anovapeneira.gal\\\/index.php\\\/author\\\/redactor\\\/\"}]}<\/script>\n<!-- \/ Yoast SEO plugin. -->","yoast_head_json":{"title":"A veci\u00f1anza pode gozar xa dos novos parques das Bornetas e A G\u00e1ndara en Guillarei -","description":"Son espazos inclusivos, integradores e para toda a familia nos que amais de xogos infant\u00eds se instalaron tam\u00e9n biosaudables","robots":{"index":"index","follow":"follow","max-snippet":"max-snippet:-1","max-image-preview":"max-image-preview:large","max-video-preview":"max-video-preview:-1"},"canonical":"https:\/\/www.anovapeneira.gal\/index.php\/2021\/08\/23\/a-vecinanza-pode-gozar-xa-dos-novos-parques-das-bornetas-e-a-gandara-en-guillarei\/","og_locale":"gl_ES","og_type":"article","og_title":"A veci\u00f1anza pode gozar xa dos novos parques das Bornetas e A G\u00e1ndara en Guillarei -","og_description":"Son espazos inclusivos, integradores e para toda a familia nos que amais de xogos infant\u00eds se instalaron tam\u00e9n biosaudables","og_url":"https:\/\/www.anovapeneira.gal\/index.php\/2021\/08\/23\/a-vecinanza-pode-gozar-xa-dos-novos-parques-das-bornetas-e-a-gandara-en-guillarei\/","article_publisher":"https:\/\/www.facebook.com\/anovapeneira","article_published_time":"2021-08-23T10:00:41+00:00","og_image":[{"width":720,"height":432,"url":"https:\/\/www.anovapeneira.gal\/wp-content\/uploads\/2021\/08\/parque_infantil_tui.jpg","type":"image\/jpeg"}],"author":"Redacci\u00f3n A Nova Peneira","twitter_card":"summary_large_image","twitter_creator":"@APeneira","twitter_site":"@APeneira","twitter_misc":{"Escrito por":"Redacci\u00f3n A Nova Peneira","Tempo de lectura":"2 minutos"},"schema":{"@context":"https:\/\/schema.org","@graph":[{"@type":"Article","@id":"https:\/\/www.anovapeneira.gal\/index.php\/2021\/08\/23\/a-vecinanza-pode-gozar-xa-dos-novos-parques-das-bornetas-e-a-gandara-en-guillarei\/#article","isPartOf":{"@id":"https:\/\/www.anovapeneira.gal\/index.php\/2021\/08\/23\/a-vecinanza-pode-gozar-xa-dos-novos-parques-das-bornetas-e-a-gandara-en-guillarei\/"},"author":{"name":"Redacci\u00f3n A Nova Peneira","@id":"https:\/\/www.anovapeneira.gal\/#\/schema\/person\/b93e3f8932e3f8da96334607eb6ac6aa"},"headline":"A veci\u00f1anza pode gozar xa dos novos parques das Bornetas e A G\u00e1ndara en Guillarei","datePublished":"2021-08-23T10:00:41+00:00","mainEntityOfPage":{"@id":"https:\/\/www.anovapeneira.gal\/index.php\/2021\/08\/23\/a-vecinanza-pode-gozar-xa-dos-novos-parques-das-bornetas-e-a-gandara-en-guillarei\/"},"wordCount":479,"commentCount":0,"publisher":{"@id":"https:\/\/www.anovapeneira.gal\/#organization"},"image":{"@id":"https:\/\/www.anovapeneira.gal\/index.php\/2021\/08\/23\/a-vecinanza-pode-gozar-xa-dos-novos-parques-das-bornetas-e-a-gandara-en-guillarei\/#primaryimage"},"thumbnailUrl":"https:\/\/www.anovapeneira.gal\/wp-content\/uploads\/2021\/08\/parque_infantil_tui.jpg","keywords":["Concello de Tui"],"articleSection":["Baixo Mi\u00f1o"],"inLanguage":"gl-ES","potentialAction":[{"@type":"CommentAction","name":"Comment","target":["https:\/\/www.anovapeneira.gal\/index.php\/2021\/08\/23\/a-vecinanza-pode-gozar-xa-dos-novos-parques-das-bornetas-e-a-gandara-en-guillarei\/#respond"]}]},{"@type":"WebPage","@id":"https:\/\/www.anovapeneira.gal\/index.php\/2021\/08\/23\/a-vecinanza-pode-gozar-xa-dos-novos-parques-das-bornetas-e-a-gandara-en-guillarei\/","url":"https:\/\/www.anovapeneira.gal\/index.php\/2021\/08\/23\/a-vecinanza-pode-gozar-xa-dos-novos-parques-das-bornetas-e-a-gandara-en-guillarei\/","name":"A veci\u00f1anza pode gozar xa dos novos parques das Bornetas e A G\u00e1ndara en Guillarei -","isPartOf":{"@id":"https:\/\/www.anovapeneira.gal\/#website"},"primaryImageOfPage":{"@id":"https:\/\/www.anovapeneira.gal\/index.php\/2021\/08\/23\/a-vecinanza-pode-gozar-xa-dos-novos-parques-das-bornetas-e-a-gandara-en-guillarei\/#primaryimage"},"image":{"@id":"https:\/\/www.anovapeneira.gal\/index.php\/2021\/08\/23\/a-vecinanza-pode-gozar-xa-dos-novos-parques-das-bornetas-e-a-gandara-en-guillarei\/#primaryimage"},"thumbnailUrl":"https:\/\/www.anovapeneira.gal\/wp-content\/uploads\/2021\/08\/parque_infantil_tui.jpg","datePublished":"2021-08-23T10:00:41+00:00","description":"Son espazos inclusivos, integradores e para toda a familia nos que amais de xogos infant\u00eds se instalaron tam\u00e9n biosaudables","breadcrumb":{"@id":"https:\/\/www.anovapeneira.gal\/index.php\/2021\/08\/23\/a-vecinanza-pode-gozar-xa-dos-novos-parques-das-bornetas-e-a-gandara-en-guillarei\/#breadcrumb"},"inLanguage":"gl-ES","potentialAction":[{"@type":"ReadAction","target":["https:\/\/www.anovapeneira.gal\/index.php\/2021\/08\/23\/a-vecinanza-pode-gozar-xa-dos-novos-parques-das-bornetas-e-a-gandara-en-guillarei\/"]}]},{"@type":"ImageObject","inLanguage":"gl-ES","@id":"https:\/\/www.anovapeneira.gal\/index.php\/2021\/08\/23\/a-vecinanza-pode-gozar-xa-dos-novos-parques-das-bornetas-e-a-gandara-en-guillarei\/#primaryimage","url":"https:\/\/www.anovapeneira.gal\/wp-content\/uploads\/2021\/08\/parque_infantil_tui.jpg","contentUrl":"https:\/\/www.anovapeneira.gal\/wp-content\/uploads\/2021\/08\/parque_infantil_tui.jpg","width":720,"height":432,"caption":"A veci\u00f1anza pode gozar xa dos novos parques das Bornetas e A G\u00e1ndara en Guillarei"},{"@type":"BreadcrumbList","@id":"https:\/\/www.anovapeneira.gal\/index.php\/2021\/08\/23\/a-vecinanza-pode-gozar-xa-dos-novos-parques-das-bornetas-e-a-gandara-en-guillarei\/#breadcrumb","itemListElement":[{"@type":"ListItem","position":1,"name":"Portada","item":"https:\/\/www.anovapeneira.gal\/"},{"@type":"ListItem","position":2,"name":"A veci\u00f1anza pode gozar xa dos novos parques das Bornetas e A G\u00e1ndara en Guillarei"}]},{"@type":"WebSite","@id":"https:\/\/www.anovapeneira.gal\/#website","url":"https:\/\/www.anovapeneira.gal\/","name":"","description":"Xornal galego de informaci\u00f3n xeral Publicaci\u00f3n mensual de novas de Galicia e en especial dos Concellos da sur da provincia de Pontevedra.","publisher":{"@id":"https:\/\/www.anovapeneira.gal\/#organization"},"potentialAction":[{"@type":"SearchAction","target":{"@type":"EntryPoint","urlTemplate":"https:\/\/www.anovapeneira.gal\/?s={search_term_string}"},"query-input":{"@type":"PropertyValueSpecification","valueRequired":true,"valueName":"search_term_string"}}],"inLanguage":"gl-ES"},{"@type":"Organization","@id":"https:\/\/www.anovapeneira.gal\/#organization","name":"A Nova Peneira","url":"https:\/\/www.anovapeneira.gal\/","logo":{"@type":"ImageObject","inLanguage":"gl-ES","@id":"https:\/\/www.anovapeneira.gal\/#\/schema\/logo\/image\/","url":"http:\/\/www.anovapeneira.gal\/wp-content\/uploads\/2019\/06\/logo_a_nova_peneira_portal_web.png","contentUrl":"http:\/\/www.anovapeneira.gal\/wp-content\/uploads\/2019\/06\/logo_a_nova_peneira_portal_web.png","width":300,"height":100,"caption":"A Nova Peneira"},"image":{"@id":"https:\/\/www.anovapeneira.gal\/#\/schema\/logo\/image\/"},"sameAs":["https:\/\/www.facebook.com\/anovapeneira","https:\/\/x.com\/APeneira"]},{"@type":"Person","@id":"https:\/\/www.anovapeneira.gal\/#\/schema\/person\/b93e3f8932e3f8da96334607eb6ac6aa","name":"Redacci\u00f3n A Nova Peneira","image":{"@type":"ImageObject","inLanguage":"gl-ES","@id":"https:\/\/secure.gravatar.com\/avatar\/c052a2551a06e23fac63626232eaa90abd78dbcf1700fc46a2b2c89fd27b735f?s=96&d=mm&r=g","url":"https:\/\/secure.gravatar.com\/avatar\/c052a2551a06e23fac63626232eaa90abd78dbcf1700fc46a2b2c89fd27b735f?s=96&d=mm&r=g","contentUrl":"https:\/\/secure.gravatar.com\/avatar\/c052a2551a06e23fac63626232eaa90abd78dbcf1700fc46a2b2c89fd27b735f?s=96&d=mm&r=g","caption":"Redacci\u00f3n A Nova Peneira"},"sameAs":["http:\/\/www.anovapeneira.gal\/"],"url":"https:\/\/www.anovapeneira.gal\/index.php\/author\/redactor\/"}]}},"jetpack_featured_media_url":"https:\/\/www.anovapeneira.gal\/wp-content\/uploads\/2021\/08\/parque_infantil_tui.jpg","_links":{"self":[{"href":"https:\/\/www.anovapeneira.gal\/index.php\/wp-json\/wp\/v2\/posts\/5969","targetHints":{"allow":["GET"]}}],"collection":[{"href":"https:\/\/www.anovapeneira.gal\/index.php\/wp-json\/wp\/v2\/posts"}],"about":[{"href":"https:\/\/www.anovapeneira.gal\/index.php\/wp-json\/wp\/v2\/types\/post"}],"author":[{"embeddable":true,"href":"https:\/\/www.anovapeneira.gal\/index.php\/wp-json\/wp\/v2\/users\/3"}],"replies":[{"embeddable":true,"href":"https:\/\/www.anovapeneira.gal\/index.php\/wp-json\/wp\/v2\/comments?post=5969"}],"version-history":[{"count":1,"href":"https:\/\/www.anovapeneira.gal\/index.php\/wp-json\/wp\/v2\/posts\/5969\/revisions"}],"predecessor-version":[{"id":5971,"href":"https:\/\/www.anovapeneira.gal\/index.php\/wp-json\/wp\/v2\/posts\/5969\/revisions\/5971"}],"wp:featuredmedia":[{"embeddable":true,"href":"https:\/\/www.anovapeneira.gal\/index.php\/wp-json\/wp\/v2\/media\/5970"}],"wp:attachment":[{"href":"https:\/\/www.anovapeneira.gal\/index.php\/wp-json\/wp\/v2\/media?parent=5969"}],"wp:term":[{"taxonomy":"category","embeddable":true,"href":"https:\/\/www.anovapeneira.gal\/index.php\/wp-json\/wp\/v2\/categories?post=5969"},{"taxonomy":"post_tag","embeddable":true,"href":"https:\/\/www.anovapeneira.gal\/index.php\/wp-json\/wp\/v2\/tags?post=5969"}],"curies":[{"name":"wp","href":"https:\/\/api.w.org\/{rel}","templated":true}]}}