{"id":5972,"date":"2021-08-24T10:00:20","date_gmt":"2021-08-24T08:00:20","guid":{"rendered":"https:\/\/www.anovapeneira.gal\/?p=5972"},"modified":"2021-08-22T10:49:43","modified_gmt":"2021-08-22T08:49:43","slug":"o-pavillon-municipal-do-rosal-loce-o-seu-novo-pavimento","status":"publish","type":"post","link":"https:\/\/www.anovapeneira.gal\/index.php\/2021\/08\/24\/o-pavillon-municipal-do-rosal-loce-o-seu-novo-pavimento\/","title":{"rendered":"O pavill\u00f3n municipal do Rosal loce o seu novo pavimento"},"content":{"rendered":"\n<h2 class=\"wp-block-heading\"><strong>O Concello acaba de rematar uns traballos de renovaci\u00f3n que \u201cpermiten empregar o espazo para practicar deporte de xeito intensivo e seguro\u201d<\/strong><\/h2>\n\n\n\n<h4 class=\"wp-block-heading\"><strong>A alcaldesa, \u00c1nxela Fern\u00e1ndez, o secretario xeral de Deporte, Jos\u00e9 Ram\u00f3n Lete, o concelleiro de Deportes, Germ\u00e1n Fern\u00e1ndez e xogadores do Acanor Valinox comprobaron hoxe os resultados da intervenci\u00f3n<\/strong><\/h4>\n\n\n\n<p><strong>O Rosal, 17 de agosto de 2021<\/strong><\/p>\n\n\n\n<p>O Concello do Rosal acaba de finalizar as obras de renovaci\u00f3n do pavill\u00f3n municipal, uns traballos de mellora das instalaci\u00f3ns que \u201cpermiten empregar o espazo para practicar deporte de xeito intensivo e seguro, diminu\u00edndo o risco de lesi\u00f3ns dos e das xogadoras en adestramentos e competici\u00f3ns\u201d, destaca a alcaldesa, \u00c1nxela Fern\u00e1ndez. \u201cDebido ao grande uso do pavill\u00f3n o pavimento atop\u00e1base deteriorado e non ofrec\u00eda as condici\u00f3ns \u00f3ptimas de amortiguaci\u00f3n para o uso deportivo de alta intensidade practicado na actualidade\u201d, explica, engadindo ademais, que a mellora \u201cperm\u00edtenos seguir promovendo o deporte cunhas instalaci\u00f3ns axeitadas e prestar \u00e1 veci\u00f1anza un servizo de calidade\u201d.<\/p>\n\n\n\n<p>A alcaldesa, \u00c1nxela Fern\u00e1ndez, o secretario xeral de Deporte, Jos\u00e9 Ram\u00f3n Lete, o concelleiro de Deportes, Germ\u00e1n Fern\u00e1ndez, e xogadores do Acanor Valinox comprobaron hoxe os resultados da intervenci\u00f3n cun recorrido polo pavill\u00f3n. O novo pavimento \u00e9 froito dun convenio de colaboraci\u00f3n entre o Concello e a Secretar\u00eda Xeral para o Deporte da Xunta de Galicia para unha mellora nas dotaci\u00f3ns de infraestruturas municipais que esixe a pr\u00e1ctica deportiva, dando as\u00ed resposta \u00e1 crecente demanda social e preparando as instalaci\u00f3ns para as esixencias deportivas actuais.<\/p>\n\n\n\n<p>O adestrador de base do Acanor, C\u00e9sar Arm\u00e1n, destaca a obra como \u201cunha mellora moi importante para a prevenci\u00f3n de lesi\u00f3ns e a mellora do rendemento na competici\u00f3n\u201d. O xogador do equipo masculino, Iago Flores, engade ademais que o novo pavimento \u201cn\u00f3tase moito nos impactos. Agora non estamos tan cargados e podemos alongar m\u00e1is o traballo\u201d. Ambos coinciden que as novas instalaci\u00f3ns te\u00f1en que \u201caxudarnos a facer un ano a\u00ednda mellor que o anterior, cousa dif\u00edcil, pero para a que non deixamos de traballar\u201d.<\/p>\n\n\n\n<p>A mellora consistiu no levantamento do pavimento anterior e a colocaci\u00f3n dun aeroel\u00e1stico con acabado de madeira composto por unha estrutura inferior sobre unha l\u00e1mina de polietileno de galga estendida previamente sobre a soleira para evitar a penetraci\u00f3n da humidade. Enriba sit\u00faase unha estrutura de list\u00f3ns de madeira e por riba unha l\u00e1mina e as pranchas encargadas de recibir a carga e redistribu\u00edla cara a estrutura aerol\u00e1stica. Por \u00faltimo recolocouse o pavimento de PVC retirado.<\/p>\n\n\n\n<p>Os traballos de mellora supuxeron un investimento total de m\u00e1is de 48.000 euros financiados ao 80% pola Secretar\u00eda Xeral do Deporte e o 20% restante con fondos propios do Concello.<\/p>\n","protected":false},"excerpt":{"rendered":"<div class=\"mh-excerpt\"><p>O Concello acaba de rematar uns traballos de renovaci\u00f3n que \u201cpermiten empregar o espazo para practicar deporte de xeito intensivo e seguro\u201d <a class=\"mh-excerpt-more\" href=\"https:\/\/www.anovapeneira.gal\/index.php\/2021\/08\/24\/o-pavillon-municipal-do-rosal-loce-o-seu-novo-pavimento\/\" title=\"O pavill\u00f3n municipal do Rosal loce o seu novo pavimento\">[&#8230;]<\/a><\/p>\n<\/div>","protected":false},"author":3,"featured_media":5973,"comment_status":"open","ping_status":"open","sticky":false,"template":"","format":"standard","meta":{"_exactmetrics_skip_tracking":false,"_exactmetrics_sitenote_active":false,"_exactmetrics_sitenote_note":"","_exactmetrics_sitenote_category":0,"footnotes":""},"categories":[21],"tags":[131],"class_list":{"0":"post-5972","1":"post","2":"type-post","3":"status-publish","4":"format-standard","5":"has-post-thumbnail","7":"category-baixo-mino","8":"tag-concello-do-rosal"},"yoast_head":"<!-- This site is optimized with the Yoast SEO plugin v27.4 - https:\/\/yoast.com\/product\/yoast-seo-wordpress\/ -->\n<title>O pavill\u00f3n municipal do Rosal loce o seu novo pavimento -<\/title>\n<meta name=\"description\" content=\"O Concello acaba de rematar uns traballos de renovaci\u00f3n que \u201cpermiten empregar o espazo para practicar deporte de xeito intensivo e seguro\u201d\" \/>\n<meta name=\"robots\" content=\"index, follow, max-snippet:-1, max-image-preview:large, max-video-preview:-1\" \/>\n<link rel=\"canonical\" href=\"https:\/\/www.anovapeneira.gal\/index.php\/2021\/08\/24\/o-pavillon-municipal-do-rosal-loce-o-seu-novo-pavimento\/\" \/>\n<meta property=\"og:locale\" content=\"gl_ES\" \/>\n<meta property=\"og:type\" content=\"article\" \/>\n<meta property=\"og:title\" content=\"O pavill\u00f3n municipal do Rosal loce o seu novo pavimento -\" \/>\n<meta property=\"og:description\" content=\"O Concello acaba de rematar uns traballos de renovaci\u00f3n que \u201cpermiten empregar o espazo para practicar deporte de xeito intensivo e seguro\u201d\" \/>\n<meta property=\"og:url\" content=\"https:\/\/www.anovapeneira.gal\/index.php\/2021\/08\/24\/o-pavillon-municipal-do-rosal-loce-o-seu-novo-pavimento\/\" \/>\n<meta property=\"article:publisher\" content=\"https:\/\/www.facebook.com\/anovapeneira\" \/>\n<meta property=\"article:published_time\" content=\"2021-08-24T08:00:20+00:00\" \/>\n<meta property=\"og:image\" content=\"https:\/\/www.anovapeneira.gal\/wp-content\/uploads\/2021\/08\/pavillon_o_rosal.jpg\" \/>\n\t<meta property=\"og:image:width\" content=\"720\" \/>\n\t<meta property=\"og:image:height\" content=\"432\" \/>\n\t<meta property=\"og:image:type\" content=\"image\/jpeg\" \/>\n<meta name=\"author\" content=\"Redacci\u00f3n A Nova Peneira\" \/>\n<meta name=\"twitter:card\" content=\"summary_large_image\" \/>\n<meta name=\"twitter:creator\" content=\"@APeneira\" \/>\n<meta name=\"twitter:site\" content=\"@APeneira\" \/>\n<meta name=\"twitter:label1\" content=\"Escrito por\" \/>\n\t<meta name=\"twitter:data1\" content=\"Redacci\u00f3n A Nova Peneira\" \/>\n\t<meta name=\"twitter:label2\" content=\"Tempo de lectura\" \/>\n\t<meta name=\"twitter:data2\" content=\"2 minutos\" \/>\n<script type=\"application\/ld+json\" class=\"yoast-schema-graph\">{\"@context\":\"https:\\\/\\\/schema.org\",\"@graph\":[{\"@type\":\"Article\",\"@id\":\"https:\\\/\\\/www.anovapeneira.gal\\\/index.php\\\/2021\\\/08\\\/24\\\/o-pavillon-municipal-do-rosal-loce-o-seu-novo-pavimento\\\/#article\",\"isPartOf\":{\"@id\":\"https:\\\/\\\/www.anovapeneira.gal\\\/index.php\\\/2021\\\/08\\\/24\\\/o-pavillon-municipal-do-rosal-loce-o-seu-novo-pavimento\\\/\"},\"author\":{\"name\":\"Redacci\u00f3n A Nova Peneira\",\"@id\":\"https:\\\/\\\/www.anovapeneira.gal\\\/#\\\/schema\\\/person\\\/b93e3f8932e3f8da96334607eb6ac6aa\"},\"headline\":\"O pavill\u00f3n municipal do Rosal loce o seu novo pavimento\",\"datePublished\":\"2021-08-24T08:00:20+00:00\",\"mainEntityOfPage\":{\"@id\":\"https:\\\/\\\/www.anovapeneira.gal\\\/index.php\\\/2021\\\/08\\\/24\\\/o-pavillon-municipal-do-rosal-loce-o-seu-novo-pavimento\\\/\"},\"wordCount\":490,\"commentCount\":0,\"publisher\":{\"@id\":\"https:\\\/\\\/www.anovapeneira.gal\\\/#organization\"},\"image\":{\"@id\":\"https:\\\/\\\/www.anovapeneira.gal\\\/index.php\\\/2021\\\/08\\\/24\\\/o-pavillon-municipal-do-rosal-loce-o-seu-novo-pavimento\\\/#primaryimage\"},\"thumbnailUrl\":\"https:\\\/\\\/www.anovapeneira.gal\\\/wp-content\\\/uploads\\\/2021\\\/08\\\/pavillon_o_rosal.jpg\",\"keywords\":[\"Concello do Rosal\"],\"articleSection\":[\"Baixo Mi\u00f1o\"],\"inLanguage\":\"gl-ES\",\"potentialAction\":[{\"@type\":\"CommentAction\",\"name\":\"Comment\",\"target\":[\"https:\\\/\\\/www.anovapeneira.gal\\\/index.php\\\/2021\\\/08\\\/24\\\/o-pavillon-municipal-do-rosal-loce-o-seu-novo-pavimento\\\/#respond\"]}]},{\"@type\":\"WebPage\",\"@id\":\"https:\\\/\\\/www.anovapeneira.gal\\\/index.php\\\/2021\\\/08\\\/24\\\/o-pavillon-municipal-do-rosal-loce-o-seu-novo-pavimento\\\/\",\"url\":\"https:\\\/\\\/www.anovapeneira.gal\\\/index.php\\\/2021\\\/08\\\/24\\\/o-pavillon-municipal-do-rosal-loce-o-seu-novo-pavimento\\\/\",\"name\":\"O pavill\u00f3n municipal do Rosal loce o seu novo pavimento -\",\"isPartOf\":{\"@id\":\"https:\\\/\\\/www.anovapeneira.gal\\\/#website\"},\"primaryImageOfPage\":{\"@id\":\"https:\\\/\\\/www.anovapeneira.gal\\\/index.php\\\/2021\\\/08\\\/24\\\/o-pavillon-municipal-do-rosal-loce-o-seu-novo-pavimento\\\/#primaryimage\"},\"image\":{\"@id\":\"https:\\\/\\\/www.anovapeneira.gal\\\/index.php\\\/2021\\\/08\\\/24\\\/o-pavillon-municipal-do-rosal-loce-o-seu-novo-pavimento\\\/#primaryimage\"},\"thumbnailUrl\":\"https:\\\/\\\/www.anovapeneira.gal\\\/wp-content\\\/uploads\\\/2021\\\/08\\\/pavillon_o_rosal.jpg\",\"datePublished\":\"2021-08-24T08:00:20+00:00\",\"description\":\"O Concello acaba de rematar uns traballos de renovaci\u00f3n que \u201cpermiten empregar o espazo para practicar deporte de xeito intensivo e seguro\u201d\",\"breadcrumb\":{\"@id\":\"https:\\\/\\\/www.anovapeneira.gal\\\/index.php\\\/2021\\\/08\\\/24\\\/o-pavillon-municipal-do-rosal-loce-o-seu-novo-pavimento\\\/#breadcrumb\"},\"inLanguage\":\"gl-ES\",\"potentialAction\":[{\"@type\":\"ReadAction\",\"target\":[\"https:\\\/\\\/www.anovapeneira.gal\\\/index.php\\\/2021\\\/08\\\/24\\\/o-pavillon-municipal-do-rosal-loce-o-seu-novo-pavimento\\\/\"]}]},{\"@type\":\"ImageObject\",\"inLanguage\":\"gl-ES\",\"@id\":\"https:\\\/\\\/www.anovapeneira.gal\\\/index.php\\\/2021\\\/08\\\/24\\\/o-pavillon-municipal-do-rosal-loce-o-seu-novo-pavimento\\\/#primaryimage\",\"url\":\"https:\\\/\\\/www.anovapeneira.gal\\\/wp-content\\\/uploads\\\/2021\\\/08\\\/pavillon_o_rosal.jpg\",\"contentUrl\":\"https:\\\/\\\/www.anovapeneira.gal\\\/wp-content\\\/uploads\\\/2021\\\/08\\\/pavillon_o_rosal.jpg\",\"width\":720,\"height\":432,\"caption\":\"Pavill\u00f3n O Rosal\"},{\"@type\":\"BreadcrumbList\",\"@id\":\"https:\\\/\\\/www.anovapeneira.gal\\\/index.php\\\/2021\\\/08\\\/24\\\/o-pavillon-municipal-do-rosal-loce-o-seu-novo-pavimento\\\/#breadcrumb\",\"itemListElement\":[{\"@type\":\"ListItem\",\"position\":1,\"name\":\"Portada\",\"item\":\"https:\\\/\\\/www.anovapeneira.gal\\\/\"},{\"@type\":\"ListItem\",\"position\":2,\"name\":\"O pavill\u00f3n municipal do Rosal loce o seu novo pavimento\"}]},{\"@type\":\"WebSite\",\"@id\":\"https:\\\/\\\/www.anovapeneira.gal\\\/#website\",\"url\":\"https:\\\/\\\/www.anovapeneira.gal\\\/\",\"name\":\"\",\"description\":\"Xornal galego de informaci\u00f3n xeral Publicaci\u00f3n mensual de novas de Galicia e en especial dos Concellos da sur da provincia de Pontevedra.\",\"publisher\":{\"@id\":\"https:\\\/\\\/www.anovapeneira.gal\\\/#organization\"},\"potentialAction\":[{\"@type\":\"SearchAction\",\"target\":{\"@type\":\"EntryPoint\",\"urlTemplate\":\"https:\\\/\\\/www.anovapeneira.gal\\\/?s={search_term_string}\"},\"query-input\":{\"@type\":\"PropertyValueSpecification\",\"valueRequired\":true,\"valueName\":\"search_term_string\"}}],\"inLanguage\":\"gl-ES\"},{\"@type\":\"Organization\",\"@id\":\"https:\\\/\\\/www.anovapeneira.gal\\\/#organization\",\"name\":\"A Nova Peneira\",\"url\":\"https:\\\/\\\/www.anovapeneira.gal\\\/\",\"logo\":{\"@type\":\"ImageObject\",\"inLanguage\":\"gl-ES\",\"@id\":\"https:\\\/\\\/www.anovapeneira.gal\\\/#\\\/schema\\\/logo\\\/image\\\/\",\"url\":\"http:\\\/\\\/www.anovapeneira.gal\\\/wp-content\\\/uploads\\\/2019\\\/06\\\/logo_a_nova_peneira_portal_web.png\",\"contentUrl\":\"http:\\\/\\\/www.anovapeneira.gal\\\/wp-content\\\/uploads\\\/2019\\\/06\\\/logo_a_nova_peneira_portal_web.png\",\"width\":300,\"height\":100,\"caption\":\"A Nova Peneira\"},\"image\":{\"@id\":\"https:\\\/\\\/www.anovapeneira.gal\\\/#\\\/schema\\\/logo\\\/image\\\/\"},\"sameAs\":[\"https:\\\/\\\/www.facebook.com\\\/anovapeneira\",\"https:\\\/\\\/x.com\\\/APeneira\"]},{\"@type\":\"Person\",\"@id\":\"https:\\\/\\\/www.anovapeneira.gal\\\/#\\\/schema\\\/person\\\/b93e3f8932e3f8da96334607eb6ac6aa\",\"name\":\"Redacci\u00f3n A Nova Peneira\",\"image\":{\"@type\":\"ImageObject\",\"inLanguage\":\"gl-ES\",\"@id\":\"https:\\\/\\\/secure.gravatar.com\\\/avatar\\\/c052a2551a06e23fac63626232eaa90abd78dbcf1700fc46a2b2c89fd27b735f?s=96&d=mm&r=g\",\"url\":\"https:\\\/\\\/secure.gravatar.com\\\/avatar\\\/c052a2551a06e23fac63626232eaa90abd78dbcf1700fc46a2b2c89fd27b735f?s=96&d=mm&r=g\",\"contentUrl\":\"https:\\\/\\\/secure.gravatar.com\\\/avatar\\\/c052a2551a06e23fac63626232eaa90abd78dbcf1700fc46a2b2c89fd27b735f?s=96&d=mm&r=g\",\"caption\":\"Redacci\u00f3n A Nova Peneira\"},\"sameAs\":[\"http:\\\/\\\/www.anovapeneira.gal\\\/\"],\"url\":\"https:\\\/\\\/www.anovapeneira.gal\\\/index.php\\\/author\\\/redactor\\\/\"}]}<\/script>\n<!-- \/ Yoast SEO plugin. -->","yoast_head_json":{"title":"O pavill\u00f3n municipal do Rosal loce o seu novo pavimento -","description":"O Concello acaba de rematar uns traballos de renovaci\u00f3n que \u201cpermiten empregar o espazo para practicar deporte de xeito intensivo e seguro\u201d","robots":{"index":"index","follow":"follow","max-snippet":"max-snippet:-1","max-image-preview":"max-image-preview:large","max-video-preview":"max-video-preview:-1"},"canonical":"https:\/\/www.anovapeneira.gal\/index.php\/2021\/08\/24\/o-pavillon-municipal-do-rosal-loce-o-seu-novo-pavimento\/","og_locale":"gl_ES","og_type":"article","og_title":"O pavill\u00f3n municipal do Rosal loce o seu novo pavimento -","og_description":"O Concello acaba de rematar uns traballos de renovaci\u00f3n que \u201cpermiten empregar o espazo para practicar deporte de xeito intensivo e seguro\u201d","og_url":"https:\/\/www.anovapeneira.gal\/index.php\/2021\/08\/24\/o-pavillon-municipal-do-rosal-loce-o-seu-novo-pavimento\/","article_publisher":"https:\/\/www.facebook.com\/anovapeneira","article_published_time":"2021-08-24T08:00:20+00:00","og_image":[{"width":720,"height":432,"url":"https:\/\/www.anovapeneira.gal\/wp-content\/uploads\/2021\/08\/pavillon_o_rosal.jpg","type":"image\/jpeg"}],"author":"Redacci\u00f3n A Nova Peneira","twitter_card":"summary_large_image","twitter_creator":"@APeneira","twitter_site":"@APeneira","twitter_misc":{"Escrito por":"Redacci\u00f3n A Nova Peneira","Tempo de lectura":"2 minutos"},"schema":{"@context":"https:\/\/schema.org","@graph":[{"@type":"Article","@id":"https:\/\/www.anovapeneira.gal\/index.php\/2021\/08\/24\/o-pavillon-municipal-do-rosal-loce-o-seu-novo-pavimento\/#article","isPartOf":{"@id":"https:\/\/www.anovapeneira.gal\/index.php\/2021\/08\/24\/o-pavillon-municipal-do-rosal-loce-o-seu-novo-pavimento\/"},"author":{"name":"Redacci\u00f3n A Nova Peneira","@id":"https:\/\/www.anovapeneira.gal\/#\/schema\/person\/b93e3f8932e3f8da96334607eb6ac6aa"},"headline":"O pavill\u00f3n municipal do Rosal loce o seu novo pavimento","datePublished":"2021-08-24T08:00:20+00:00","mainEntityOfPage":{"@id":"https:\/\/www.anovapeneira.gal\/index.php\/2021\/08\/24\/o-pavillon-municipal-do-rosal-loce-o-seu-novo-pavimento\/"},"wordCount":490,"commentCount":0,"publisher":{"@id":"https:\/\/www.anovapeneira.gal\/#organization"},"image":{"@id":"https:\/\/www.anovapeneira.gal\/index.php\/2021\/08\/24\/o-pavillon-municipal-do-rosal-loce-o-seu-novo-pavimento\/#primaryimage"},"thumbnailUrl":"https:\/\/www.anovapeneira.gal\/wp-content\/uploads\/2021\/08\/pavillon_o_rosal.jpg","keywords":["Concello do Rosal"],"articleSection":["Baixo Mi\u00f1o"],"inLanguage":"gl-ES","potentialAction":[{"@type":"CommentAction","name":"Comment","target":["https:\/\/www.anovapeneira.gal\/index.php\/2021\/08\/24\/o-pavillon-municipal-do-rosal-loce-o-seu-novo-pavimento\/#respond"]}]},{"@type":"WebPage","@id":"https:\/\/www.anovapeneira.gal\/index.php\/2021\/08\/24\/o-pavillon-municipal-do-rosal-loce-o-seu-novo-pavimento\/","url":"https:\/\/www.anovapeneira.gal\/index.php\/2021\/08\/24\/o-pavillon-municipal-do-rosal-loce-o-seu-novo-pavimento\/","name":"O pavill\u00f3n municipal do Rosal loce o seu novo pavimento -","isPartOf":{"@id":"https:\/\/www.anovapeneira.gal\/#website"},"primaryImageOfPage":{"@id":"https:\/\/www.anovapeneira.gal\/index.php\/2021\/08\/24\/o-pavillon-municipal-do-rosal-loce-o-seu-novo-pavimento\/#primaryimage"},"image":{"@id":"https:\/\/www.anovapeneira.gal\/index.php\/2021\/08\/24\/o-pavillon-municipal-do-rosal-loce-o-seu-novo-pavimento\/#primaryimage"},"thumbnailUrl":"https:\/\/www.anovapeneira.gal\/wp-content\/uploads\/2021\/08\/pavillon_o_rosal.jpg","datePublished":"2021-08-24T08:00:20+00:00","description":"O Concello acaba de rematar uns traballos de renovaci\u00f3n que \u201cpermiten empregar o espazo para practicar deporte de xeito intensivo e seguro\u201d","breadcrumb":{"@id":"https:\/\/www.anovapeneira.gal\/index.php\/2021\/08\/24\/o-pavillon-municipal-do-rosal-loce-o-seu-novo-pavimento\/#breadcrumb"},"inLanguage":"gl-ES","potentialAction":[{"@type":"ReadAction","target":["https:\/\/www.anovapeneira.gal\/index.php\/2021\/08\/24\/o-pavillon-municipal-do-rosal-loce-o-seu-novo-pavimento\/"]}]},{"@type":"ImageObject","inLanguage":"gl-ES","@id":"https:\/\/www.anovapeneira.gal\/index.php\/2021\/08\/24\/o-pavillon-municipal-do-rosal-loce-o-seu-novo-pavimento\/#primaryimage","url":"https:\/\/www.anovapeneira.gal\/wp-content\/uploads\/2021\/08\/pavillon_o_rosal.jpg","contentUrl":"https:\/\/www.anovapeneira.gal\/wp-content\/uploads\/2021\/08\/pavillon_o_rosal.jpg","width":720,"height":432,"caption":"Pavill\u00f3n O Rosal"},{"@type":"BreadcrumbList","@id":"https:\/\/www.anovapeneira.gal\/index.php\/2021\/08\/24\/o-pavillon-municipal-do-rosal-loce-o-seu-novo-pavimento\/#breadcrumb","itemListElement":[{"@type":"ListItem","position":1,"name":"Portada","item":"https:\/\/www.anovapeneira.gal\/"},{"@type":"ListItem","position":2,"name":"O pavill\u00f3n municipal do Rosal loce o seu novo pavimento"}]},{"@type":"WebSite","@id":"https:\/\/www.anovapeneira.gal\/#website","url":"https:\/\/www.anovapeneira.gal\/","name":"","description":"Xornal galego de informaci\u00f3n xeral Publicaci\u00f3n mensual de novas de Galicia e en especial dos Concellos da sur da provincia de Pontevedra.","publisher":{"@id":"https:\/\/www.anovapeneira.gal\/#organization"},"potentialAction":[{"@type":"SearchAction","target":{"@type":"EntryPoint","urlTemplate":"https:\/\/www.anovapeneira.gal\/?s={search_term_string}"},"query-input":{"@type":"PropertyValueSpecification","valueRequired":true,"valueName":"search_term_string"}}],"inLanguage":"gl-ES"},{"@type":"Organization","@id":"https:\/\/www.anovapeneira.gal\/#organization","name":"A Nova Peneira","url":"https:\/\/www.anovapeneira.gal\/","logo":{"@type":"ImageObject","inLanguage":"gl-ES","@id":"https:\/\/www.anovapeneira.gal\/#\/schema\/logo\/image\/","url":"http:\/\/www.anovapeneira.gal\/wp-content\/uploads\/2019\/06\/logo_a_nova_peneira_portal_web.png","contentUrl":"http:\/\/www.anovapeneira.gal\/wp-content\/uploads\/2019\/06\/logo_a_nova_peneira_portal_web.png","width":300,"height":100,"caption":"A Nova Peneira"},"image":{"@id":"https:\/\/www.anovapeneira.gal\/#\/schema\/logo\/image\/"},"sameAs":["https:\/\/www.facebook.com\/anovapeneira","https:\/\/x.com\/APeneira"]},{"@type":"Person","@id":"https:\/\/www.anovapeneira.gal\/#\/schema\/person\/b93e3f8932e3f8da96334607eb6ac6aa","name":"Redacci\u00f3n A Nova Peneira","image":{"@type":"ImageObject","inLanguage":"gl-ES","@id":"https:\/\/secure.gravatar.com\/avatar\/c052a2551a06e23fac63626232eaa90abd78dbcf1700fc46a2b2c89fd27b735f?s=96&d=mm&r=g","url":"https:\/\/secure.gravatar.com\/avatar\/c052a2551a06e23fac63626232eaa90abd78dbcf1700fc46a2b2c89fd27b735f?s=96&d=mm&r=g","contentUrl":"https:\/\/secure.gravatar.com\/avatar\/c052a2551a06e23fac63626232eaa90abd78dbcf1700fc46a2b2c89fd27b735f?s=96&d=mm&r=g","caption":"Redacci\u00f3n A Nova Peneira"},"sameAs":["http:\/\/www.anovapeneira.gal\/"],"url":"https:\/\/www.anovapeneira.gal\/index.php\/author\/redactor\/"}]}},"jetpack_featured_media_url":"https:\/\/www.anovapeneira.gal\/wp-content\/uploads\/2021\/08\/pavillon_o_rosal.jpg","_links":{"self":[{"href":"https:\/\/www.anovapeneira.gal\/index.php\/wp-json\/wp\/v2\/posts\/5972","targetHints":{"allow":["GET"]}}],"collection":[{"href":"https:\/\/www.anovapeneira.gal\/index.php\/wp-json\/wp\/v2\/posts"}],"about":[{"href":"https:\/\/www.anovapeneira.gal\/index.php\/wp-json\/wp\/v2\/types\/post"}],"author":[{"embeddable":true,"href":"https:\/\/www.anovapeneira.gal\/index.php\/wp-json\/wp\/v2\/users\/3"}],"replies":[{"embeddable":true,"href":"https:\/\/www.anovapeneira.gal\/index.php\/wp-json\/wp\/v2\/comments?post=5972"}],"version-history":[{"count":1,"href":"https:\/\/www.anovapeneira.gal\/index.php\/wp-json\/wp\/v2\/posts\/5972\/revisions"}],"predecessor-version":[{"id":5974,"href":"https:\/\/www.anovapeneira.gal\/index.php\/wp-json\/wp\/v2\/posts\/5972\/revisions\/5974"}],"wp:featuredmedia":[{"embeddable":true,"href":"https:\/\/www.anovapeneira.gal\/index.php\/wp-json\/wp\/v2\/media\/5973"}],"wp:attachment":[{"href":"https:\/\/www.anovapeneira.gal\/index.php\/wp-json\/wp\/v2\/media?parent=5972"}],"wp:term":[{"taxonomy":"category","embeddable":true,"href":"https:\/\/www.anovapeneira.gal\/index.php\/wp-json\/wp\/v2\/categories?post=5972"},{"taxonomy":"post_tag","embeddable":true,"href":"https:\/\/www.anovapeneira.gal\/index.php\/wp-json\/wp\/v2\/tags?post=5972"}],"curies":[{"name":"wp","href":"https:\/\/api.w.org\/{rel}","templated":true}]}}