{"id":5975,"date":"2021-08-24T10:53:26","date_gmt":"2021-08-24T08:53:26","guid":{"rendered":"https:\/\/www.anovapeneira.gal\/?p=5975"},"modified":"2021-08-22T10:53:42","modified_gmt":"2021-08-22T08:53:42","slug":"a-oficina-municipal-de-igualdade-de-tomino-pon-en-marcha-un-servizo-de-atencion-psicoloxica-especializado-en-vitimas-de-violencia-de-xenero","status":"publish","type":"post","link":"https:\/\/www.anovapeneira.gal\/index.php\/2021\/08\/24\/a-oficina-municipal-de-igualdade-de-tomino-pon-en-marcha-un-servizo-de-atencion-psicoloxica-especializado-en-vitimas-de-violencia-de-xenero\/","title":{"rendered":"A Oficina Municipal de Igualdade de Tomi\u00f1o pon en marcha un servizo de atenci\u00f3n psicol\u00f3xica especializado en v\u00edtimas de violencia de x\u00e9nero"},"content":{"rendered":"\n<h2 class=\"wp-block-heading\"><strong>Unha profesional atender\u00e1 todos os luns de tarde, previa cita, que se pode concertar a trav\u00e9s dos servizos sociais, no tel\u00e9fono 986 623211<\/strong><\/h2>\n\n\n\n<p><strong>Tomi\u00f1o, 17 de agosto de 2021<\/strong><\/p>\n\n\n\n<p>A Oficina Municipal de Igualdade do Concello de Tomi\u00f1o v\u00e9n de por en marcha un Servizo de atenci\u00f3n psicol\u00f3xica especializado a mulleres v\u00edtimas de violencia de x\u00e9nero ou noutras situaci\u00f3ns de vulnerabilidade.<\/p>\n\n\n\n<p>Tr\u00e1tase dunha experiencia piloto \u2013explica Cristina Mart\u00ednez, concelleira de Igualdade- a trav\u00e9s da cal o Concello quere facilitar \u00e1s mulleres que o precisen un apoio que sirva de complemento \u00e1 atenci\u00f3n xur\u00eddica que xa se presta, e evitar as\u00ed que te\u00f1an que desprazarse a outros municipios, prestando as\u00ed un servizo integral especializado.<\/p>\n\n\n\n<p>A situaci\u00f3n que se est\u00e1 a vivir como consecuencia da pandemia provocada pola Covid-19, v\u00e9n a empeorar as condici\u00f3ns, xa de por si dif\u00edciles de moitas mulleres, e imposibilita ou dificulta seriamente a s\u00faa autonom\u00eda, \u201cIsto nos casos de violencia de x\u00e9nero sup\u00f3n moitas veces a tendencia a continuar coa convivencia co agresor, coas graves implicaci\u00f3ns que elo sup\u00f3n, tanto no plano xur\u00eddico e econ\u00f3mico como no psicol\u00f3xico\u201d, comenta a concelleira.<\/p>\n\n\n\n<p>As\u00ed, dende a Oficina Municipal de Igualdade informan que o servizo de asesoramento xur\u00eddico supera xa as<strong> 100 consultas no que vai de ano<\/strong>, sobre violencia de x\u00e9nero e outras situaci\u00f3ns de vulnerabilidade, especialmente no \u00e1mbito de Dereito de Familia, ademais dos tr\u00e1mites relacionados coas mesmas que son precisos para a correcta atenci\u00f3n das mulleres segundo as s\u00faas necesidades.<\/p>\n\n\n\n<p>Asemade, rexistr\u00e1ronse <strong>20 novas usuarias nos \u00faltimos meses<\/strong> , que se suman \u00e1s de anos anteriores e que precisan unha continuidade na s\u00faa atenci\u00f3n, tendo en conta que, se ben hai casos moi puntuais de consultas que poden resolverse nunha soa visita (e, no seu caso, coas derivaci\u00f3ns necesarias) o habitual \u00e9 a necesidade de dar resposta \u00e1s distintas vicisitudes con transcendencia xur\u00eddica, nas que a muller se atopa ao longo dunha situaci\u00f3n de violencia de x\u00e9nero ou de separaci\u00f3n ou divorcio, que se agrava cando existen fillo\/as a cargo ou, como sucede habitualmente, en situaci\u00f3ns de precariedade econ\u00f3mica e laboral.<\/p>\n\n\n\n<p>Esta realidade implica non s\u00f3 as consultas e resoluci\u00f3n das situaci\u00f3ns plantexadas polas usuarias, sen\u00f3n tam\u00e9n o reforzo nas comunicaci\u00f3ns e colaboraci\u00f3ns con outros departamentos e organismos para a resoluci\u00f3n dos casos concretos.<\/p>\n\n\n\n<p>\u201cNeste contexto, dende o Concello, no marco das s\u00faas competencias, entendemos que a atenci\u00f3n \u00e1s v\u00edtimas de violencia de x\u00e9nero ou especialmente vulnerables, debe ser especializado, integral e de proximidade, favorecendo o acceso a recursos que axuden \u00e1 muller na s\u00faa autonom\u00eda. A atenci\u00f3n psicol\u00f3xica especializada v\u00e9n a dar continuidade e incrementar este car\u00e1cter multidisciplinar da oficina\u201d, salienta Mart\u00ednez.<\/p>\n\n\n\n<p>A psic\u00f3loga atende os luns en horario de tarde, de 16.00 a 20.00h, previa cita, que as mulleres poden concertar a trav\u00e9s da Oficina de Igualdade. Para elo , poden chamar ao tel\u00e9fono 986 623211, deixando os seus datos de contacto, e posteriormente ser\u00e1n citadas.<\/p>\n","protected":false},"excerpt":{"rendered":"<div class=\"mh-excerpt\"><p>Unha profesional atender\u00e1 todos os luns de tarde, previa cita, que se pode concertar a trav\u00e9s dos servizos sociais, no tel\u00e9fono 986 623211 <a class=\"mh-excerpt-more\" href=\"https:\/\/www.anovapeneira.gal\/index.php\/2021\/08\/24\/a-oficina-municipal-de-igualdade-de-tomino-pon-en-marcha-un-servizo-de-atencion-psicoloxica-especializado-en-vitimas-de-violencia-de-xenero\/\" title=\"A Oficina Municipal de Igualdade de Tomi\u00f1o pon en marcha un servizo de atenci\u00f3n psicol\u00f3xica especializado en v\u00edtimas de violencia de x\u00e9nero\">[&#8230;]<\/a><\/p>\n<\/div>","protected":false},"author":1,"featured_media":1336,"comment_status":"open","ping_status":"open","sticky":false,"template":"","format":"standard","meta":{"_exactmetrics_skip_tracking":false,"_exactmetrics_sitenote_active":false,"_exactmetrics_sitenote_note":"","_exactmetrics_sitenote_category":0,"footnotes":""},"categories":[21],"tags":[81],"class_list":{"0":"post-5975","1":"post","2":"type-post","3":"status-publish","4":"format-standard","5":"has-post-thumbnail","7":"category-baixo-mino","8":"tag-concello-de-tomino"},"yoast_head":"<!-- This site is optimized with the Yoast SEO plugin v27.4 - https:\/\/yoast.com\/product\/yoast-seo-wordpress\/ -->\n<title>A Oficina Municipal de Igualdade de Tomi\u00f1o pon en marcha un servizo de atenci\u00f3n psicol\u00f3xica especializado en v\u00edtimas de violencia de x\u00e9nero -<\/title>\n<meta name=\"description\" content=\"Unha profesional atender\u00e1 todos os luns de tarde, previa cita, que se pode concertar a trav\u00e9s dos servizos sociais, no tel\u00e9fono 986 623211\" \/>\n<meta name=\"robots\" content=\"index, follow, max-snippet:-1, max-image-preview:large, max-video-preview:-1\" \/>\n<link rel=\"canonical\" href=\"https:\/\/www.anovapeneira.gal\/index.php\/2021\/08\/24\/a-oficina-municipal-de-igualdade-de-tomino-pon-en-marcha-un-servizo-de-atencion-psicoloxica-especializado-en-vitimas-de-violencia-de-xenero\/\" \/>\n<meta property=\"og:locale\" content=\"gl_ES\" \/>\n<meta property=\"og:type\" content=\"article\" \/>\n<meta property=\"og:title\" content=\"A Oficina Municipal de Igualdade de Tomi\u00f1o pon en marcha un servizo de atenci\u00f3n psicol\u00f3xica especializado en v\u00edtimas de violencia de x\u00e9nero -\" \/>\n<meta property=\"og:description\" content=\"Unha profesional atender\u00e1 todos os luns de tarde, previa cita, que se pode concertar a trav\u00e9s dos servizos sociais, no tel\u00e9fono 986 623211\" \/>\n<meta property=\"og:url\" content=\"https:\/\/www.anovapeneira.gal\/index.php\/2021\/08\/24\/a-oficina-municipal-de-igualdade-de-tomino-pon-en-marcha-un-servizo-de-atencion-psicoloxica-especializado-en-vitimas-de-violencia-de-xenero\/\" \/>\n<meta property=\"article:publisher\" content=\"https:\/\/www.facebook.com\/anovapeneira\" \/>\n<meta property=\"article:author\" content=\"https:\/\/www.facebook.com\/anovapeneira\/\" \/>\n<meta property=\"article:published_time\" content=\"2021-08-24T08:53:26+00:00\" \/>\n<meta property=\"og:image\" content=\"https:\/\/www.anovapeneira.gal\/wp-content\/uploads\/2019\/09\/concello_De_tominho_a_nova_peneria.jpg\" \/>\n\t<meta property=\"og:image:width\" content=\"720\" \/>\n\t<meta property=\"og:image:height\" content=\"473\" \/>\n\t<meta property=\"og:image:type\" content=\"image\/jpeg\" \/>\n<meta name=\"author\" content=\"admin\" \/>\n<meta name=\"twitter:card\" content=\"summary_large_image\" \/>\n<meta name=\"twitter:creator\" content=\"@APeneira\" \/>\n<meta name=\"twitter:site\" content=\"@APeneira\" \/>\n<meta name=\"twitter:label1\" content=\"Escrito por\" \/>\n\t<meta name=\"twitter:data1\" content=\"admin\" \/>\n\t<meta name=\"twitter:label2\" content=\"Tempo de lectura\" \/>\n\t<meta name=\"twitter:data2\" content=\"3 minutos\" \/>\n<script type=\"application\/ld+json\" class=\"yoast-schema-graph\">{\"@context\":\"https:\\\/\\\/schema.org\",\"@graph\":[{\"@type\":\"Article\",\"@id\":\"https:\\\/\\\/www.anovapeneira.gal\\\/index.php\\\/2021\\\/08\\\/24\\\/a-oficina-municipal-de-igualdade-de-tomino-pon-en-marcha-un-servizo-de-atencion-psicoloxica-especializado-en-vitimas-de-violencia-de-xenero\\\/#article\",\"isPartOf\":{\"@id\":\"https:\\\/\\\/www.anovapeneira.gal\\\/index.php\\\/2021\\\/08\\\/24\\\/a-oficina-municipal-de-igualdade-de-tomino-pon-en-marcha-un-servizo-de-atencion-psicoloxica-especializado-en-vitimas-de-violencia-de-xenero\\\/\"},\"author\":{\"name\":\"admin\",\"@id\":\"https:\\\/\\\/www.anovapeneira.gal\\\/#\\\/schema\\\/person\\\/fb77575328c93684dae4b0075f90c2cb\"},\"headline\":\"A Oficina Municipal de Igualdade de Tomi\u00f1o pon en marcha un servizo de atenci\u00f3n psicol\u00f3xica especializado en v\u00edtimas de violencia de x\u00e9nero\",\"datePublished\":\"2021-08-24T08:53:26+00:00\",\"mainEntityOfPage\":{\"@id\":\"https:\\\/\\\/www.anovapeneira.gal\\\/index.php\\\/2021\\\/08\\\/24\\\/a-oficina-municipal-de-igualdade-de-tomino-pon-en-marcha-un-servizo-de-atencion-psicoloxica-especializado-en-vitimas-de-violencia-de-xenero\\\/\"},\"wordCount\":562,\"commentCount\":0,\"publisher\":{\"@id\":\"https:\\\/\\\/www.anovapeneira.gal\\\/#organization\"},\"image\":{\"@id\":\"https:\\\/\\\/www.anovapeneira.gal\\\/index.php\\\/2021\\\/08\\\/24\\\/a-oficina-municipal-de-igualdade-de-tomino-pon-en-marcha-un-servizo-de-atencion-psicoloxica-especializado-en-vitimas-de-violencia-de-xenero\\\/#primaryimage\"},\"thumbnailUrl\":\"https:\\\/\\\/www.anovapeneira.gal\\\/wp-content\\\/uploads\\\/2019\\\/09\\\/concello_De_tominho_a_nova_peneria.jpg\",\"keywords\":[\"Concello de Tomi\u00f1o\"],\"articleSection\":[\"Baixo Mi\u00f1o\"],\"inLanguage\":\"gl-ES\",\"potentialAction\":[{\"@type\":\"CommentAction\",\"name\":\"Comment\",\"target\":[\"https:\\\/\\\/www.anovapeneira.gal\\\/index.php\\\/2021\\\/08\\\/24\\\/a-oficina-municipal-de-igualdade-de-tomino-pon-en-marcha-un-servizo-de-atencion-psicoloxica-especializado-en-vitimas-de-violencia-de-xenero\\\/#respond\"]}]},{\"@type\":\"WebPage\",\"@id\":\"https:\\\/\\\/www.anovapeneira.gal\\\/index.php\\\/2021\\\/08\\\/24\\\/a-oficina-municipal-de-igualdade-de-tomino-pon-en-marcha-un-servizo-de-atencion-psicoloxica-especializado-en-vitimas-de-violencia-de-xenero\\\/\",\"url\":\"https:\\\/\\\/www.anovapeneira.gal\\\/index.php\\\/2021\\\/08\\\/24\\\/a-oficina-municipal-de-igualdade-de-tomino-pon-en-marcha-un-servizo-de-atencion-psicoloxica-especializado-en-vitimas-de-violencia-de-xenero\\\/\",\"name\":\"A Oficina Municipal de Igualdade de Tomi\u00f1o pon en marcha un servizo de atenci\u00f3n psicol\u00f3xica especializado en v\u00edtimas de violencia de x\u00e9nero -\",\"isPartOf\":{\"@id\":\"https:\\\/\\\/www.anovapeneira.gal\\\/#website\"},\"primaryImageOfPage\":{\"@id\":\"https:\\\/\\\/www.anovapeneira.gal\\\/index.php\\\/2021\\\/08\\\/24\\\/a-oficina-municipal-de-igualdade-de-tomino-pon-en-marcha-un-servizo-de-atencion-psicoloxica-especializado-en-vitimas-de-violencia-de-xenero\\\/#primaryimage\"},\"image\":{\"@id\":\"https:\\\/\\\/www.anovapeneira.gal\\\/index.php\\\/2021\\\/08\\\/24\\\/a-oficina-municipal-de-igualdade-de-tomino-pon-en-marcha-un-servizo-de-atencion-psicoloxica-especializado-en-vitimas-de-violencia-de-xenero\\\/#primaryimage\"},\"thumbnailUrl\":\"https:\\\/\\\/www.anovapeneira.gal\\\/wp-content\\\/uploads\\\/2019\\\/09\\\/concello_De_tominho_a_nova_peneria.jpg\",\"datePublished\":\"2021-08-24T08:53:26+00:00\",\"description\":\"Unha profesional atender\u00e1 todos os luns de tarde, previa cita, que se pode concertar a trav\u00e9s dos servizos sociais, no tel\u00e9fono 986 623211\",\"breadcrumb\":{\"@id\":\"https:\\\/\\\/www.anovapeneira.gal\\\/index.php\\\/2021\\\/08\\\/24\\\/a-oficina-municipal-de-igualdade-de-tomino-pon-en-marcha-un-servizo-de-atencion-psicoloxica-especializado-en-vitimas-de-violencia-de-xenero\\\/#breadcrumb\"},\"inLanguage\":\"gl-ES\",\"potentialAction\":[{\"@type\":\"ReadAction\",\"target\":[\"https:\\\/\\\/www.anovapeneira.gal\\\/index.php\\\/2021\\\/08\\\/24\\\/a-oficina-municipal-de-igualdade-de-tomino-pon-en-marcha-un-servizo-de-atencion-psicoloxica-especializado-en-vitimas-de-violencia-de-xenero\\\/\"]}]},{\"@type\":\"ImageObject\",\"inLanguage\":\"gl-ES\",\"@id\":\"https:\\\/\\\/www.anovapeneira.gal\\\/index.php\\\/2021\\\/08\\\/24\\\/a-oficina-municipal-de-igualdade-de-tomino-pon-en-marcha-un-servizo-de-atencion-psicoloxica-especializado-en-vitimas-de-violencia-de-xenero\\\/#primaryimage\",\"url\":\"https:\\\/\\\/www.anovapeneira.gal\\\/wp-content\\\/uploads\\\/2019\\\/09\\\/concello_De_tominho_a_nova_peneria.jpg\",\"contentUrl\":\"https:\\\/\\\/www.anovapeneira.gal\\\/wp-content\\\/uploads\\\/2019\\\/09\\\/concello_De_tominho_a_nova_peneria.jpg\",\"width\":720,\"height\":473,\"caption\":\"Concello de Tomi\u00f1o A Nova Peneira\"},{\"@type\":\"BreadcrumbList\",\"@id\":\"https:\\\/\\\/www.anovapeneira.gal\\\/index.php\\\/2021\\\/08\\\/24\\\/a-oficina-municipal-de-igualdade-de-tomino-pon-en-marcha-un-servizo-de-atencion-psicoloxica-especializado-en-vitimas-de-violencia-de-xenero\\\/#breadcrumb\",\"itemListElement\":[{\"@type\":\"ListItem\",\"position\":1,\"name\":\"Portada\",\"item\":\"https:\\\/\\\/www.anovapeneira.gal\\\/\"},{\"@type\":\"ListItem\",\"position\":2,\"name\":\"A Oficina Municipal de Igualdade de Tomi\u00f1o pon en marcha un servizo de atenci\u00f3n psicol\u00f3xica especializado en v\u00edtimas de violencia de x\u00e9nero\"}]},{\"@type\":\"WebSite\",\"@id\":\"https:\\\/\\\/www.anovapeneira.gal\\\/#website\",\"url\":\"https:\\\/\\\/www.anovapeneira.gal\\\/\",\"name\":\"\",\"description\":\"Xornal galego de informaci\u00f3n xeral Publicaci\u00f3n mensual de novas de Galicia e en especial dos Concellos da sur da provincia de Pontevedra.\",\"publisher\":{\"@id\":\"https:\\\/\\\/www.anovapeneira.gal\\\/#organization\"},\"potentialAction\":[{\"@type\":\"SearchAction\",\"target\":{\"@type\":\"EntryPoint\",\"urlTemplate\":\"https:\\\/\\\/www.anovapeneira.gal\\\/?s={search_term_string}\"},\"query-input\":{\"@type\":\"PropertyValueSpecification\",\"valueRequired\":true,\"valueName\":\"search_term_string\"}}],\"inLanguage\":\"gl-ES\"},{\"@type\":\"Organization\",\"@id\":\"https:\\\/\\\/www.anovapeneira.gal\\\/#organization\",\"name\":\"A Nova Peneira\",\"url\":\"https:\\\/\\\/www.anovapeneira.gal\\\/\",\"logo\":{\"@type\":\"ImageObject\",\"inLanguage\":\"gl-ES\",\"@id\":\"https:\\\/\\\/www.anovapeneira.gal\\\/#\\\/schema\\\/logo\\\/image\\\/\",\"url\":\"http:\\\/\\\/www.anovapeneira.gal\\\/wp-content\\\/uploads\\\/2019\\\/06\\\/logo_a_nova_peneira_portal_web.png\",\"contentUrl\":\"http:\\\/\\\/www.anovapeneira.gal\\\/wp-content\\\/uploads\\\/2019\\\/06\\\/logo_a_nova_peneira_portal_web.png\",\"width\":300,\"height\":100,\"caption\":\"A Nova Peneira\"},\"image\":{\"@id\":\"https:\\\/\\\/www.anovapeneira.gal\\\/#\\\/schema\\\/logo\\\/image\\\/\"},\"sameAs\":[\"https:\\\/\\\/www.facebook.com\\\/anovapeneira\",\"https:\\\/\\\/x.com\\\/APeneira\"]},{\"@type\":\"Person\",\"@id\":\"https:\\\/\\\/www.anovapeneira.gal\\\/#\\\/schema\\\/person\\\/fb77575328c93684dae4b0075f90c2cb\",\"name\":\"admin\",\"image\":{\"@type\":\"ImageObject\",\"inLanguage\":\"gl-ES\",\"@id\":\"https:\\\/\\\/secure.gravatar.com\\\/avatar\\\/df15c36ce375448325e0bc870e91bbee95947a002eb98dcfd6c2b053e18843e9?s=96&d=mm&r=g\",\"url\":\"https:\\\/\\\/secure.gravatar.com\\\/avatar\\\/df15c36ce375448325e0bc870e91bbee95947a002eb98dcfd6c2b053e18843e9?s=96&d=mm&r=g\",\"contentUrl\":\"https:\\\/\\\/secure.gravatar.com\\\/avatar\\\/df15c36ce375448325e0bc870e91bbee95947a002eb98dcfd6c2b053e18843e9?s=96&d=mm&r=g\",\"caption\":\"admin\"},\"description\":\"Xornal galego de informaci\u00f3n xeral Publicaci\u00f3n mensual de novas de Galicia e en especial dos Concellos da sur da provincia de Pontevedra.\",\"sameAs\":[\"http:\\\/\\\/www.anovapeneira.gal\\\/\",\"https:\\\/\\\/www.facebook.com\\\/anovapeneira\\\/\"],\"url\":\"https:\\\/\\\/www.anovapeneira.gal\\\/index.php\\\/author\\\/admin\\\/\"}]}<\/script>\n<!-- \/ Yoast SEO plugin. -->","yoast_head_json":{"title":"A Oficina Municipal de Igualdade de Tomi\u00f1o pon en marcha un servizo de atenci\u00f3n psicol\u00f3xica especializado en v\u00edtimas de violencia de x\u00e9nero -","description":"Unha profesional atender\u00e1 todos os luns de tarde, previa cita, que se pode concertar a trav\u00e9s dos servizos sociais, no tel\u00e9fono 986 623211","robots":{"index":"index","follow":"follow","max-snippet":"max-snippet:-1","max-image-preview":"max-image-preview:large","max-video-preview":"max-video-preview:-1"},"canonical":"https:\/\/www.anovapeneira.gal\/index.php\/2021\/08\/24\/a-oficina-municipal-de-igualdade-de-tomino-pon-en-marcha-un-servizo-de-atencion-psicoloxica-especializado-en-vitimas-de-violencia-de-xenero\/","og_locale":"gl_ES","og_type":"article","og_title":"A Oficina Municipal de Igualdade de Tomi\u00f1o pon en marcha un servizo de atenci\u00f3n psicol\u00f3xica especializado en v\u00edtimas de violencia de x\u00e9nero -","og_description":"Unha profesional atender\u00e1 todos os luns de tarde, previa cita, que se pode concertar a trav\u00e9s dos servizos sociais, no tel\u00e9fono 986 623211","og_url":"https:\/\/www.anovapeneira.gal\/index.php\/2021\/08\/24\/a-oficina-municipal-de-igualdade-de-tomino-pon-en-marcha-un-servizo-de-atencion-psicoloxica-especializado-en-vitimas-de-violencia-de-xenero\/","article_publisher":"https:\/\/www.facebook.com\/anovapeneira","article_author":"https:\/\/www.facebook.com\/anovapeneira\/","article_published_time":"2021-08-24T08:53:26+00:00","og_image":[{"width":720,"height":473,"url":"https:\/\/www.anovapeneira.gal\/wp-content\/uploads\/2019\/09\/concello_De_tominho_a_nova_peneria.jpg","type":"image\/jpeg"}],"author":"admin","twitter_card":"summary_large_image","twitter_creator":"@APeneira","twitter_site":"@APeneira","twitter_misc":{"Escrito por":"admin","Tempo de lectura":"3 minutos"},"schema":{"@context":"https:\/\/schema.org","@graph":[{"@type":"Article","@id":"https:\/\/www.anovapeneira.gal\/index.php\/2021\/08\/24\/a-oficina-municipal-de-igualdade-de-tomino-pon-en-marcha-un-servizo-de-atencion-psicoloxica-especializado-en-vitimas-de-violencia-de-xenero\/#article","isPartOf":{"@id":"https:\/\/www.anovapeneira.gal\/index.php\/2021\/08\/24\/a-oficina-municipal-de-igualdade-de-tomino-pon-en-marcha-un-servizo-de-atencion-psicoloxica-especializado-en-vitimas-de-violencia-de-xenero\/"},"author":{"name":"admin","@id":"https:\/\/www.anovapeneira.gal\/#\/schema\/person\/fb77575328c93684dae4b0075f90c2cb"},"headline":"A Oficina Municipal de Igualdade de Tomi\u00f1o pon en marcha un servizo de atenci\u00f3n psicol\u00f3xica especializado en v\u00edtimas de violencia de x\u00e9nero","datePublished":"2021-08-24T08:53:26+00:00","mainEntityOfPage":{"@id":"https:\/\/www.anovapeneira.gal\/index.php\/2021\/08\/24\/a-oficina-municipal-de-igualdade-de-tomino-pon-en-marcha-un-servizo-de-atencion-psicoloxica-especializado-en-vitimas-de-violencia-de-xenero\/"},"wordCount":562,"commentCount":0,"publisher":{"@id":"https:\/\/www.anovapeneira.gal\/#organization"},"image":{"@id":"https:\/\/www.anovapeneira.gal\/index.php\/2021\/08\/24\/a-oficina-municipal-de-igualdade-de-tomino-pon-en-marcha-un-servizo-de-atencion-psicoloxica-especializado-en-vitimas-de-violencia-de-xenero\/#primaryimage"},"thumbnailUrl":"https:\/\/www.anovapeneira.gal\/wp-content\/uploads\/2019\/09\/concello_De_tominho_a_nova_peneria.jpg","keywords":["Concello de Tomi\u00f1o"],"articleSection":["Baixo Mi\u00f1o"],"inLanguage":"gl-ES","potentialAction":[{"@type":"CommentAction","name":"Comment","target":["https:\/\/www.anovapeneira.gal\/index.php\/2021\/08\/24\/a-oficina-municipal-de-igualdade-de-tomino-pon-en-marcha-un-servizo-de-atencion-psicoloxica-especializado-en-vitimas-de-violencia-de-xenero\/#respond"]}]},{"@type":"WebPage","@id":"https:\/\/www.anovapeneira.gal\/index.php\/2021\/08\/24\/a-oficina-municipal-de-igualdade-de-tomino-pon-en-marcha-un-servizo-de-atencion-psicoloxica-especializado-en-vitimas-de-violencia-de-xenero\/","url":"https:\/\/www.anovapeneira.gal\/index.php\/2021\/08\/24\/a-oficina-municipal-de-igualdade-de-tomino-pon-en-marcha-un-servizo-de-atencion-psicoloxica-especializado-en-vitimas-de-violencia-de-xenero\/","name":"A Oficina Municipal de Igualdade de Tomi\u00f1o pon en marcha un servizo de atenci\u00f3n psicol\u00f3xica especializado en v\u00edtimas de violencia de x\u00e9nero -","isPartOf":{"@id":"https:\/\/www.anovapeneira.gal\/#website"},"primaryImageOfPage":{"@id":"https:\/\/www.anovapeneira.gal\/index.php\/2021\/08\/24\/a-oficina-municipal-de-igualdade-de-tomino-pon-en-marcha-un-servizo-de-atencion-psicoloxica-especializado-en-vitimas-de-violencia-de-xenero\/#primaryimage"},"image":{"@id":"https:\/\/www.anovapeneira.gal\/index.php\/2021\/08\/24\/a-oficina-municipal-de-igualdade-de-tomino-pon-en-marcha-un-servizo-de-atencion-psicoloxica-especializado-en-vitimas-de-violencia-de-xenero\/#primaryimage"},"thumbnailUrl":"https:\/\/www.anovapeneira.gal\/wp-content\/uploads\/2019\/09\/concello_De_tominho_a_nova_peneria.jpg","datePublished":"2021-08-24T08:53:26+00:00","description":"Unha profesional atender\u00e1 todos os luns de tarde, previa cita, que se pode concertar a trav\u00e9s dos servizos sociais, no tel\u00e9fono 986 623211","breadcrumb":{"@id":"https:\/\/www.anovapeneira.gal\/index.php\/2021\/08\/24\/a-oficina-municipal-de-igualdade-de-tomino-pon-en-marcha-un-servizo-de-atencion-psicoloxica-especializado-en-vitimas-de-violencia-de-xenero\/#breadcrumb"},"inLanguage":"gl-ES","potentialAction":[{"@type":"ReadAction","target":["https:\/\/www.anovapeneira.gal\/index.php\/2021\/08\/24\/a-oficina-municipal-de-igualdade-de-tomino-pon-en-marcha-un-servizo-de-atencion-psicoloxica-especializado-en-vitimas-de-violencia-de-xenero\/"]}]},{"@type":"ImageObject","inLanguage":"gl-ES","@id":"https:\/\/www.anovapeneira.gal\/index.php\/2021\/08\/24\/a-oficina-municipal-de-igualdade-de-tomino-pon-en-marcha-un-servizo-de-atencion-psicoloxica-especializado-en-vitimas-de-violencia-de-xenero\/#primaryimage","url":"https:\/\/www.anovapeneira.gal\/wp-content\/uploads\/2019\/09\/concello_De_tominho_a_nova_peneria.jpg","contentUrl":"https:\/\/www.anovapeneira.gal\/wp-content\/uploads\/2019\/09\/concello_De_tominho_a_nova_peneria.jpg","width":720,"height":473,"caption":"Concello de Tomi\u00f1o A Nova Peneira"},{"@type":"BreadcrumbList","@id":"https:\/\/www.anovapeneira.gal\/index.php\/2021\/08\/24\/a-oficina-municipal-de-igualdade-de-tomino-pon-en-marcha-un-servizo-de-atencion-psicoloxica-especializado-en-vitimas-de-violencia-de-xenero\/#breadcrumb","itemListElement":[{"@type":"ListItem","position":1,"name":"Portada","item":"https:\/\/www.anovapeneira.gal\/"},{"@type":"ListItem","position":2,"name":"A Oficina Municipal de Igualdade de Tomi\u00f1o pon en marcha un servizo de atenci\u00f3n psicol\u00f3xica especializado en v\u00edtimas de violencia de x\u00e9nero"}]},{"@type":"WebSite","@id":"https:\/\/www.anovapeneira.gal\/#website","url":"https:\/\/www.anovapeneira.gal\/","name":"","description":"Xornal galego de informaci\u00f3n xeral Publicaci\u00f3n mensual de novas de Galicia e en especial dos Concellos da sur da provincia de Pontevedra.","publisher":{"@id":"https:\/\/www.anovapeneira.gal\/#organization"},"potentialAction":[{"@type":"SearchAction","target":{"@type":"EntryPoint","urlTemplate":"https:\/\/www.anovapeneira.gal\/?s={search_term_string}"},"query-input":{"@type":"PropertyValueSpecification","valueRequired":true,"valueName":"search_term_string"}}],"inLanguage":"gl-ES"},{"@type":"Organization","@id":"https:\/\/www.anovapeneira.gal\/#organization","name":"A Nova Peneira","url":"https:\/\/www.anovapeneira.gal\/","logo":{"@type":"ImageObject","inLanguage":"gl-ES","@id":"https:\/\/www.anovapeneira.gal\/#\/schema\/logo\/image\/","url":"http:\/\/www.anovapeneira.gal\/wp-content\/uploads\/2019\/06\/logo_a_nova_peneira_portal_web.png","contentUrl":"http:\/\/www.anovapeneira.gal\/wp-content\/uploads\/2019\/06\/logo_a_nova_peneira_portal_web.png","width":300,"height":100,"caption":"A Nova Peneira"},"image":{"@id":"https:\/\/www.anovapeneira.gal\/#\/schema\/logo\/image\/"},"sameAs":["https:\/\/www.facebook.com\/anovapeneira","https:\/\/x.com\/APeneira"]},{"@type":"Person","@id":"https:\/\/www.anovapeneira.gal\/#\/schema\/person\/fb77575328c93684dae4b0075f90c2cb","name":"admin","image":{"@type":"ImageObject","inLanguage":"gl-ES","@id":"https:\/\/secure.gravatar.com\/avatar\/df15c36ce375448325e0bc870e91bbee95947a002eb98dcfd6c2b053e18843e9?s=96&d=mm&r=g","url":"https:\/\/secure.gravatar.com\/avatar\/df15c36ce375448325e0bc870e91bbee95947a002eb98dcfd6c2b053e18843e9?s=96&d=mm&r=g","contentUrl":"https:\/\/secure.gravatar.com\/avatar\/df15c36ce375448325e0bc870e91bbee95947a002eb98dcfd6c2b053e18843e9?s=96&d=mm&r=g","caption":"admin"},"description":"Xornal galego de informaci\u00f3n xeral Publicaci\u00f3n mensual de novas de Galicia e en especial dos Concellos da sur da provincia de Pontevedra.","sameAs":["http:\/\/www.anovapeneira.gal\/","https:\/\/www.facebook.com\/anovapeneira\/"],"url":"https:\/\/www.anovapeneira.gal\/index.php\/author\/admin\/"}]}},"jetpack_featured_media_url":"https:\/\/www.anovapeneira.gal\/wp-content\/uploads\/2019\/09\/concello_De_tominho_a_nova_peneria.jpg","_links":{"self":[{"href":"https:\/\/www.anovapeneira.gal\/index.php\/wp-json\/wp\/v2\/posts\/5975","targetHints":{"allow":["GET"]}}],"collection":[{"href":"https:\/\/www.anovapeneira.gal\/index.php\/wp-json\/wp\/v2\/posts"}],"about":[{"href":"https:\/\/www.anovapeneira.gal\/index.php\/wp-json\/wp\/v2\/types\/post"}],"author":[{"embeddable":true,"href":"https:\/\/www.anovapeneira.gal\/index.php\/wp-json\/wp\/v2\/users\/1"}],"replies":[{"embeddable":true,"href":"https:\/\/www.anovapeneira.gal\/index.php\/wp-json\/wp\/v2\/comments?post=5975"}],"version-history":[{"count":1,"href":"https:\/\/www.anovapeneira.gal\/index.php\/wp-json\/wp\/v2\/posts\/5975\/revisions"}],"predecessor-version":[{"id":5976,"href":"https:\/\/www.anovapeneira.gal\/index.php\/wp-json\/wp\/v2\/posts\/5975\/revisions\/5976"}],"wp:featuredmedia":[{"embeddable":true,"href":"https:\/\/www.anovapeneira.gal\/index.php\/wp-json\/wp\/v2\/media\/1336"}],"wp:attachment":[{"href":"https:\/\/www.anovapeneira.gal\/index.php\/wp-json\/wp\/v2\/media?parent=5975"}],"wp:term":[{"taxonomy":"category","embeddable":true,"href":"https:\/\/www.anovapeneira.gal\/index.php\/wp-json\/wp\/v2\/categories?post=5975"},{"taxonomy":"post_tag","embeddable":true,"href":"https:\/\/www.anovapeneira.gal\/index.php\/wp-json\/wp\/v2\/tags?post=5975"}],"curies":[{"name":"wp","href":"https:\/\/api.w.org\/{rel}","templated":true}]}}