{"id":5977,"date":"2021-08-25T10:00:46","date_gmt":"2021-08-25T08:00:46","guid":{"rendered":"https:\/\/www.anovapeneira.gal\/?p=5977"},"modified":"2021-08-22T10:57:07","modified_gmt":"2021-08-22T08:57:07","slug":"por-que-pasa-o-que-pasa-en-afganistan","status":"publish","type":"post","link":"https:\/\/www.anovapeneira.gal\/index.php\/2021\/08\/25\/por-que-pasa-o-que-pasa-en-afganistan\/","title":{"rendered":"Por que pasa o que pasa en Afganist\u00e1n?"},"content":{"rendered":"\n<figure class=\"wp-block-image size-large is-resized\"><img loading=\"lazy\" decoding=\"async\" src=\"https:\/\/www.anovapeneira.gal\/wp-content\/uploads\/2019\/08\/aaron_franco_a_nova_peneira.jpg\" alt=\"\" class=\"wp-image-830\" width=\"95\" height=\"111\"\/><figcaption>Aar\u00f3n Franco, escritor de Mar\u00edn<\/figcaption><\/figure>\n\n\n\n<p>Fagamos un pouco de historia.<\/p>\n\n\n\n<p>Desde que no ano 1919 Afganist\u00e1n se independiza a casta dos mullah ten o dominio da superficie agr\u00edcola do pa\u00eds. Durante d\u00e9cadas a cidadan\u00eda do com\u00fan afgana padece un atraso econ\u00f3mico e cultural profundo ata que no ano 78 o Partido Democr\u00e1tico Popular afgano, de corte marxista e axudado polo ex\u00e9rcito toma o poder.&nbsp;<\/p>\n\n\n\n<p>Neste mesmo intre d\u00e1 inicio a primavera afgana, cunha profunda modernizaci\u00f3n do pa\u00eds nos diferentes eidos:<\/p>\n\n\n\n<p>A) Eido econ\u00f3mico: os campesi\u00f1os pasan a tomar o control das terras, establ\u00e9cese un salario m\u00ednimo&#8230;<\/p>\n\n\n\n<p>B) Eido democr\u00e1tico e das liberdades: aprobaci\u00f3n da Constituci\u00f3n, separaci\u00f3n igrexa &#8211; estado, legalizaci\u00f3n dos sindicatos&#8230;<\/p>\n\n\n\n<p>C) Eido educativo: creaci\u00f3n dunha rede de escolas primarias, secundarias e universidades.&nbsp;<\/p>\n\n\n\n<p>D) Eido da igualdade: a muller accede a todos os niveis educativos, prohibici\u00f3n do burka, supresi\u00f3n da dote&#8230;<\/p>\n\n\n\n<p>Dada toda esta pol\u00edtica comeza a REACCI\u00d3N. As organizaci\u00f3ns ultrarrelixiosas xunto cos grandes poderes econ\u00f3micos e cos EEUU financiando a contrarrevoluci\u00f3n, comezan a atentar contra membros do goberno e persoas significadas co proceso revolucionario e coa primavera afgana.&nbsp;<\/p>\n\n\n\n<p>\u00c9 neste contexto no que a URSS e s\u00f3 tras ser solicitado o auxilio por parte do goberno afgano, env\u00eda tropas a combater a contrarrevoluci\u00f3n que formaban os fundamentalistas relixiosos, ocasi\u00f3n que o imperio americano non deixa escapar para financiar a cara descuberta a estes grupos. Evidentemente a URSS, ao entrar na s\u00faa crise interna, tivo que abandonar Afganist\u00e1n ata que en 1992 e cos EEUU de financiador e promotor, o presidente Najibullah \u00e9 asasinado e o islamismo accede ao poder para trazar sobre o ceo afgano unha longa noite na que volveu o burka, o lapidamento e o encerro das mulleres nas s\u00faas casas.&nbsp;<\/p>\n\n\n\n<p>Autom\u00e1ticamente Al Qaeda (que era o grupo da REACCI\u00d3N financiado polos EEUU) s\u00famase ao mundo talib\u00e1n e participa en conflitos occidentais como por exemplo as guerras de Yugoslavia.<\/p>\n\n\n\n<p>E de s\u00fapeto a EEUU vaiselle o seu puto xoguete das mans. Concretamente desde o ano 1993.&nbsp;<\/p>\n\n\n\n<p>O resto da historia xa a sabedes ( 11-S, os tenores das Azores, a invasi\u00f3n de Irak, o 11 M, o 7 X&#8230;)<\/p>\n","protected":false},"excerpt":{"rendered":"<div class=\"mh-excerpt\"><p>Desde que no ano 1919 Afganist\u00e1n se independiza a casta dos mullah ten o dominio da superficie agr\u00edcola do pa\u00eds. Durante d\u00e9cadas a cidadan\u00eda do com\u00fan afgana padece un atraso econ\u00f3mico e cultural profundo ata que no ano 78 o Partido Democr\u00e1tico Popular afgano, de corte marxista e axudado polo ex\u00e9rcito toma o poder.  <a class=\"mh-excerpt-more\" href=\"https:\/\/www.anovapeneira.gal\/index.php\/2021\/08\/25\/por-que-pasa-o-que-pasa-en-afganistan\/\" title=\"Por que pasa o que pasa en Afganist\u00e1n?\">[&#8230;]<\/a><\/p>\n<\/div>","protected":false},"author":23,"featured_media":0,"comment_status":"open","ping_status":"open","sticky":false,"template":"","format":"standard","meta":{"_exactmetrics_skip_tracking":false,"_exactmetrics_sitenote_active":false,"_exactmetrics_sitenote_note":"","_exactmetrics_sitenote_category":0,"footnotes":""},"categories":[7],"tags":[],"class_list":{"0":"post-5977","1":"post","2":"type-post","3":"status-publish","4":"format-standard","6":"category-artigos-de-opinion"},"yoast_head":"<!-- This site is optimized with the Yoast SEO plugin v27.4 - https:\/\/yoast.com\/product\/yoast-seo-wordpress\/ -->\n<title>Por que pasa o que pasa en Afganist\u00e1n? -<\/title>\n<meta name=\"description\" content=\"Desde que no ano 1919 Afganist\u00e1n se independiza a casta dos mullah ten o dominio da superficie agr\u00edcola do pa\u00eds. Durante d\u00e9cadas a cidadan\u00eda do com\u00fan afgana padece un atraso econ\u00f3mico e cultural profundo ata que no ano 78 o Partido Democr\u00e1tico Popular afgano, de corte marxista e axudado polo ex\u00e9rcito toma o poder.\" \/>\n<meta name=\"robots\" content=\"index, follow, max-snippet:-1, max-image-preview:large, max-video-preview:-1\" \/>\n<link rel=\"canonical\" href=\"https:\/\/www.anovapeneira.gal\/index.php\/2021\/08\/25\/por-que-pasa-o-que-pasa-en-afganistan\/\" \/>\n<meta property=\"og:locale\" content=\"gl_ES\" \/>\n<meta property=\"og:type\" content=\"article\" \/>\n<meta property=\"og:title\" content=\"Por que pasa o que pasa en Afganist\u00e1n? -\" \/>\n<meta property=\"og:description\" content=\"Desde que no ano 1919 Afganist\u00e1n se independiza a casta dos mullah ten o dominio da superficie agr\u00edcola do pa\u00eds. Durante d\u00e9cadas a cidadan\u00eda do com\u00fan afgana padece un atraso econ\u00f3mico e cultural profundo ata que no ano 78 o Partido Democr\u00e1tico Popular afgano, de corte marxista e axudado polo ex\u00e9rcito toma o poder.\" \/>\n<meta property=\"og:url\" content=\"https:\/\/www.anovapeneira.gal\/index.php\/2021\/08\/25\/por-que-pasa-o-que-pasa-en-afganistan\/\" \/>\n<meta property=\"article:publisher\" content=\"https:\/\/www.facebook.com\/anovapeneira\" \/>\n<meta property=\"article:published_time\" content=\"2021-08-25T08:00:46+00:00\" \/>\n<meta property=\"og:image\" content=\"https:\/\/www.anovapeneira.gal\/wp-content\/uploads\/2019\/08\/aaron_franco_a_nova_peneira.jpg\" \/>\n<meta name=\"author\" content=\"Aar\u00f3n Franco\" \/>\n<meta name=\"twitter:card\" content=\"summary_large_image\" \/>\n<meta name=\"twitter:creator\" content=\"@APeneira\" \/>\n<meta name=\"twitter:site\" content=\"@APeneira\" \/>\n<meta name=\"twitter:label1\" content=\"Escrito por\" \/>\n\t<meta name=\"twitter:data1\" content=\"Aar\u00f3n Franco\" \/>\n\t<meta name=\"twitter:label2\" content=\"Tempo de lectura\" \/>\n\t<meta name=\"twitter:data2\" content=\"2 minutos\" \/>\n<script type=\"application\/ld+json\" class=\"yoast-schema-graph\">{\"@context\":\"https:\\\/\\\/schema.org\",\"@graph\":[{\"@type\":\"Article\",\"@id\":\"https:\\\/\\\/www.anovapeneira.gal\\\/index.php\\\/2021\\\/08\\\/25\\\/por-que-pasa-o-que-pasa-en-afganistan\\\/#article\",\"isPartOf\":{\"@id\":\"https:\\\/\\\/www.anovapeneira.gal\\\/index.php\\\/2021\\\/08\\\/25\\\/por-que-pasa-o-que-pasa-en-afganistan\\\/\"},\"author\":{\"name\":\"Aar\u00f3n Franco\",\"@id\":\"https:\\\/\\\/www.anovapeneira.gal\\\/#\\\/schema\\\/person\\\/a907e49c1885c12d6f281770afd68766\"},\"headline\":\"Por que pasa o que pasa en Afganist\u00e1n?\",\"datePublished\":\"2021-08-25T08:00:46+00:00\",\"mainEntityOfPage\":{\"@id\":\"https:\\\/\\\/www.anovapeneira.gal\\\/index.php\\\/2021\\\/08\\\/25\\\/por-que-pasa-o-que-pasa-en-afganistan\\\/\"},\"wordCount\":400,\"commentCount\":0,\"publisher\":{\"@id\":\"https:\\\/\\\/www.anovapeneira.gal\\\/#organization\"},\"image\":{\"@id\":\"https:\\\/\\\/www.anovapeneira.gal\\\/index.php\\\/2021\\\/08\\\/25\\\/por-que-pasa-o-que-pasa-en-afganistan\\\/#primaryimage\"},\"thumbnailUrl\":\"https:\\\/\\\/www.anovapeneira.gal\\\/wp-content\\\/uploads\\\/2019\\\/08\\\/aaron_franco_a_nova_peneira.jpg\",\"articleSection\":[\"Artigos de opini\u00f3n\"],\"inLanguage\":\"gl-ES\",\"potentialAction\":[{\"@type\":\"CommentAction\",\"name\":\"Comment\",\"target\":[\"https:\\\/\\\/www.anovapeneira.gal\\\/index.php\\\/2021\\\/08\\\/25\\\/por-que-pasa-o-que-pasa-en-afganistan\\\/#respond\"]}]},{\"@type\":\"WebPage\",\"@id\":\"https:\\\/\\\/www.anovapeneira.gal\\\/index.php\\\/2021\\\/08\\\/25\\\/por-que-pasa-o-que-pasa-en-afganistan\\\/\",\"url\":\"https:\\\/\\\/www.anovapeneira.gal\\\/index.php\\\/2021\\\/08\\\/25\\\/por-que-pasa-o-que-pasa-en-afganistan\\\/\",\"name\":\"Por que pasa o que pasa en Afganist\u00e1n? -\",\"isPartOf\":{\"@id\":\"https:\\\/\\\/www.anovapeneira.gal\\\/#website\"},\"primaryImageOfPage\":{\"@id\":\"https:\\\/\\\/www.anovapeneira.gal\\\/index.php\\\/2021\\\/08\\\/25\\\/por-que-pasa-o-que-pasa-en-afganistan\\\/#primaryimage\"},\"image\":{\"@id\":\"https:\\\/\\\/www.anovapeneira.gal\\\/index.php\\\/2021\\\/08\\\/25\\\/por-que-pasa-o-que-pasa-en-afganistan\\\/#primaryimage\"},\"thumbnailUrl\":\"https:\\\/\\\/www.anovapeneira.gal\\\/wp-content\\\/uploads\\\/2019\\\/08\\\/aaron_franco_a_nova_peneira.jpg\",\"datePublished\":\"2021-08-25T08:00:46+00:00\",\"description\":\"Desde que no ano 1919 Afganist\u00e1n se independiza a casta dos mullah ten o dominio da superficie agr\u00edcola do pa\u00eds. Durante d\u00e9cadas a cidadan\u00eda do com\u00fan afgana padece un atraso econ\u00f3mico e cultural profundo ata que no ano 78 o Partido Democr\u00e1tico Popular afgano, de corte marxista e axudado polo ex\u00e9rcito toma o poder.\",\"breadcrumb\":{\"@id\":\"https:\\\/\\\/www.anovapeneira.gal\\\/index.php\\\/2021\\\/08\\\/25\\\/por-que-pasa-o-que-pasa-en-afganistan\\\/#breadcrumb\"},\"inLanguage\":\"gl-ES\",\"potentialAction\":[{\"@type\":\"ReadAction\",\"target\":[\"https:\\\/\\\/www.anovapeneira.gal\\\/index.php\\\/2021\\\/08\\\/25\\\/por-que-pasa-o-que-pasa-en-afganistan\\\/\"]}]},{\"@type\":\"ImageObject\",\"inLanguage\":\"gl-ES\",\"@id\":\"https:\\\/\\\/www.anovapeneira.gal\\\/index.php\\\/2021\\\/08\\\/25\\\/por-que-pasa-o-que-pasa-en-afganistan\\\/#primaryimage\",\"url\":\"https:\\\/\\\/www.anovapeneira.gal\\\/wp-content\\\/uploads\\\/2019\\\/08\\\/aaron_franco_a_nova_peneira.jpg\",\"contentUrl\":\"https:\\\/\\\/www.anovapeneira.gal\\\/wp-content\\\/uploads\\\/2019\\\/08\\\/aaron_franco_a_nova_peneira.jpg\",\"width\":190,\"height\":222,\"caption\":\"Aar\u00f3n Franco, escritor de Mar\u00edn\"},{\"@type\":\"BreadcrumbList\",\"@id\":\"https:\\\/\\\/www.anovapeneira.gal\\\/index.php\\\/2021\\\/08\\\/25\\\/por-que-pasa-o-que-pasa-en-afganistan\\\/#breadcrumb\",\"itemListElement\":[{\"@type\":\"ListItem\",\"position\":1,\"name\":\"Portada\",\"item\":\"https:\\\/\\\/www.anovapeneira.gal\\\/\"},{\"@type\":\"ListItem\",\"position\":2,\"name\":\"Por que pasa o que pasa en Afganist\u00e1n?\"}]},{\"@type\":\"WebSite\",\"@id\":\"https:\\\/\\\/www.anovapeneira.gal\\\/#website\",\"url\":\"https:\\\/\\\/www.anovapeneira.gal\\\/\",\"name\":\"\",\"description\":\"Xornal galego de informaci\u00f3n xeral Publicaci\u00f3n mensual de novas de Galicia e en especial dos Concellos da sur da provincia de Pontevedra.\",\"publisher\":{\"@id\":\"https:\\\/\\\/www.anovapeneira.gal\\\/#organization\"},\"potentialAction\":[{\"@type\":\"SearchAction\",\"target\":{\"@type\":\"EntryPoint\",\"urlTemplate\":\"https:\\\/\\\/www.anovapeneira.gal\\\/?s={search_term_string}\"},\"query-input\":{\"@type\":\"PropertyValueSpecification\",\"valueRequired\":true,\"valueName\":\"search_term_string\"}}],\"inLanguage\":\"gl-ES\"},{\"@type\":\"Organization\",\"@id\":\"https:\\\/\\\/www.anovapeneira.gal\\\/#organization\",\"name\":\"A Nova Peneira\",\"url\":\"https:\\\/\\\/www.anovapeneira.gal\\\/\",\"logo\":{\"@type\":\"ImageObject\",\"inLanguage\":\"gl-ES\",\"@id\":\"https:\\\/\\\/www.anovapeneira.gal\\\/#\\\/schema\\\/logo\\\/image\\\/\",\"url\":\"http:\\\/\\\/www.anovapeneira.gal\\\/wp-content\\\/uploads\\\/2019\\\/06\\\/logo_a_nova_peneira_portal_web.png\",\"contentUrl\":\"http:\\\/\\\/www.anovapeneira.gal\\\/wp-content\\\/uploads\\\/2019\\\/06\\\/logo_a_nova_peneira_portal_web.png\",\"width\":300,\"height\":100,\"caption\":\"A Nova Peneira\"},\"image\":{\"@id\":\"https:\\\/\\\/www.anovapeneira.gal\\\/#\\\/schema\\\/logo\\\/image\\\/\"},\"sameAs\":[\"https:\\\/\\\/www.facebook.com\\\/anovapeneira\",\"https:\\\/\\\/x.com\\\/APeneira\"]},{\"@type\":\"Person\",\"@id\":\"https:\\\/\\\/www.anovapeneira.gal\\\/#\\\/schema\\\/person\\\/a907e49c1885c12d6f281770afd68766\",\"name\":\"Aar\u00f3n Franco\",\"image\":{\"@type\":\"ImageObject\",\"inLanguage\":\"gl-ES\",\"@id\":\"https:\\\/\\\/secure.gravatar.com\\\/avatar\\\/82f0614fe09ae3f066983f8d670d0ff15a0917fefe52b93ffa425275b87d6102?s=96&d=mm&r=g\",\"url\":\"https:\\\/\\\/secure.gravatar.com\\\/avatar\\\/82f0614fe09ae3f066983f8d670d0ff15a0917fefe52b93ffa425275b87d6102?s=96&d=mm&r=g\",\"contentUrl\":\"https:\\\/\\\/secure.gravatar.com\\\/avatar\\\/82f0614fe09ae3f066983f8d670d0ff15a0917fefe52b93ffa425275b87d6102?s=96&d=mm&r=g\",\"caption\":\"Aar\u00f3n Franco\"},\"sameAs\":[\"http:\\\/\\\/www.anovapeneira.gal\\\/\"],\"url\":\"https:\\\/\\\/www.anovapeneira.gal\\\/index.php\\\/author\\\/aaron-franco\\\/\"}]}<\/script>\n<!-- \/ Yoast SEO plugin. -->","yoast_head_json":{"title":"Por que pasa o que pasa en Afganist\u00e1n? -","description":"Desde que no ano 1919 Afganist\u00e1n se independiza a casta dos mullah ten o dominio da superficie agr\u00edcola do pa\u00eds. Durante d\u00e9cadas a cidadan\u00eda do com\u00fan afgana padece un atraso econ\u00f3mico e cultural profundo ata que no ano 78 o Partido Democr\u00e1tico Popular afgano, de corte marxista e axudado polo ex\u00e9rcito toma o poder.","robots":{"index":"index","follow":"follow","max-snippet":"max-snippet:-1","max-image-preview":"max-image-preview:large","max-video-preview":"max-video-preview:-1"},"canonical":"https:\/\/www.anovapeneira.gal\/index.php\/2021\/08\/25\/por-que-pasa-o-que-pasa-en-afganistan\/","og_locale":"gl_ES","og_type":"article","og_title":"Por que pasa o que pasa en Afganist\u00e1n? -","og_description":"Desde que no ano 1919 Afganist\u00e1n se independiza a casta dos mullah ten o dominio da superficie agr\u00edcola do pa\u00eds. Durante d\u00e9cadas a cidadan\u00eda do com\u00fan afgana padece un atraso econ\u00f3mico e cultural profundo ata que no ano 78 o Partido Democr\u00e1tico Popular afgano, de corte marxista e axudado polo ex\u00e9rcito toma o poder.","og_url":"https:\/\/www.anovapeneira.gal\/index.php\/2021\/08\/25\/por-que-pasa-o-que-pasa-en-afganistan\/","article_publisher":"https:\/\/www.facebook.com\/anovapeneira","article_published_time":"2021-08-25T08:00:46+00:00","og_image":[{"url":"https:\/\/www.anovapeneira.gal\/wp-content\/uploads\/2019\/08\/aaron_franco_a_nova_peneira.jpg","type":"","width":"","height":""}],"author":"Aar\u00f3n Franco","twitter_card":"summary_large_image","twitter_creator":"@APeneira","twitter_site":"@APeneira","twitter_misc":{"Escrito por":"Aar\u00f3n Franco","Tempo de lectura":"2 minutos"},"schema":{"@context":"https:\/\/schema.org","@graph":[{"@type":"Article","@id":"https:\/\/www.anovapeneira.gal\/index.php\/2021\/08\/25\/por-que-pasa-o-que-pasa-en-afganistan\/#article","isPartOf":{"@id":"https:\/\/www.anovapeneira.gal\/index.php\/2021\/08\/25\/por-que-pasa-o-que-pasa-en-afganistan\/"},"author":{"name":"Aar\u00f3n Franco","@id":"https:\/\/www.anovapeneira.gal\/#\/schema\/person\/a907e49c1885c12d6f281770afd68766"},"headline":"Por que pasa o que pasa en Afganist\u00e1n?","datePublished":"2021-08-25T08:00:46+00:00","mainEntityOfPage":{"@id":"https:\/\/www.anovapeneira.gal\/index.php\/2021\/08\/25\/por-que-pasa-o-que-pasa-en-afganistan\/"},"wordCount":400,"commentCount":0,"publisher":{"@id":"https:\/\/www.anovapeneira.gal\/#organization"},"image":{"@id":"https:\/\/www.anovapeneira.gal\/index.php\/2021\/08\/25\/por-que-pasa-o-que-pasa-en-afganistan\/#primaryimage"},"thumbnailUrl":"https:\/\/www.anovapeneira.gal\/wp-content\/uploads\/2019\/08\/aaron_franco_a_nova_peneira.jpg","articleSection":["Artigos de opini\u00f3n"],"inLanguage":"gl-ES","potentialAction":[{"@type":"CommentAction","name":"Comment","target":["https:\/\/www.anovapeneira.gal\/index.php\/2021\/08\/25\/por-que-pasa-o-que-pasa-en-afganistan\/#respond"]}]},{"@type":"WebPage","@id":"https:\/\/www.anovapeneira.gal\/index.php\/2021\/08\/25\/por-que-pasa-o-que-pasa-en-afganistan\/","url":"https:\/\/www.anovapeneira.gal\/index.php\/2021\/08\/25\/por-que-pasa-o-que-pasa-en-afganistan\/","name":"Por que pasa o que pasa en Afganist\u00e1n? -","isPartOf":{"@id":"https:\/\/www.anovapeneira.gal\/#website"},"primaryImageOfPage":{"@id":"https:\/\/www.anovapeneira.gal\/index.php\/2021\/08\/25\/por-que-pasa-o-que-pasa-en-afganistan\/#primaryimage"},"image":{"@id":"https:\/\/www.anovapeneira.gal\/index.php\/2021\/08\/25\/por-que-pasa-o-que-pasa-en-afganistan\/#primaryimage"},"thumbnailUrl":"https:\/\/www.anovapeneira.gal\/wp-content\/uploads\/2019\/08\/aaron_franco_a_nova_peneira.jpg","datePublished":"2021-08-25T08:00:46+00:00","description":"Desde que no ano 1919 Afganist\u00e1n se independiza a casta dos mullah ten o dominio da superficie agr\u00edcola do pa\u00eds. Durante d\u00e9cadas a cidadan\u00eda do com\u00fan afgana padece un atraso econ\u00f3mico e cultural profundo ata que no ano 78 o Partido Democr\u00e1tico Popular afgano, de corte marxista e axudado polo ex\u00e9rcito toma o poder.","breadcrumb":{"@id":"https:\/\/www.anovapeneira.gal\/index.php\/2021\/08\/25\/por-que-pasa-o-que-pasa-en-afganistan\/#breadcrumb"},"inLanguage":"gl-ES","potentialAction":[{"@type":"ReadAction","target":["https:\/\/www.anovapeneira.gal\/index.php\/2021\/08\/25\/por-que-pasa-o-que-pasa-en-afganistan\/"]}]},{"@type":"ImageObject","inLanguage":"gl-ES","@id":"https:\/\/www.anovapeneira.gal\/index.php\/2021\/08\/25\/por-que-pasa-o-que-pasa-en-afganistan\/#primaryimage","url":"https:\/\/www.anovapeneira.gal\/wp-content\/uploads\/2019\/08\/aaron_franco_a_nova_peneira.jpg","contentUrl":"https:\/\/www.anovapeneira.gal\/wp-content\/uploads\/2019\/08\/aaron_franco_a_nova_peneira.jpg","width":190,"height":222,"caption":"Aar\u00f3n Franco, escritor de Mar\u00edn"},{"@type":"BreadcrumbList","@id":"https:\/\/www.anovapeneira.gal\/index.php\/2021\/08\/25\/por-que-pasa-o-que-pasa-en-afganistan\/#breadcrumb","itemListElement":[{"@type":"ListItem","position":1,"name":"Portada","item":"https:\/\/www.anovapeneira.gal\/"},{"@type":"ListItem","position":2,"name":"Por que pasa o que pasa en Afganist\u00e1n?"}]},{"@type":"WebSite","@id":"https:\/\/www.anovapeneira.gal\/#website","url":"https:\/\/www.anovapeneira.gal\/","name":"","description":"Xornal galego de informaci\u00f3n xeral Publicaci\u00f3n mensual de novas de Galicia e en especial dos Concellos da sur da provincia de Pontevedra.","publisher":{"@id":"https:\/\/www.anovapeneira.gal\/#organization"},"potentialAction":[{"@type":"SearchAction","target":{"@type":"EntryPoint","urlTemplate":"https:\/\/www.anovapeneira.gal\/?s={search_term_string}"},"query-input":{"@type":"PropertyValueSpecification","valueRequired":true,"valueName":"search_term_string"}}],"inLanguage":"gl-ES"},{"@type":"Organization","@id":"https:\/\/www.anovapeneira.gal\/#organization","name":"A Nova Peneira","url":"https:\/\/www.anovapeneira.gal\/","logo":{"@type":"ImageObject","inLanguage":"gl-ES","@id":"https:\/\/www.anovapeneira.gal\/#\/schema\/logo\/image\/","url":"http:\/\/www.anovapeneira.gal\/wp-content\/uploads\/2019\/06\/logo_a_nova_peneira_portal_web.png","contentUrl":"http:\/\/www.anovapeneira.gal\/wp-content\/uploads\/2019\/06\/logo_a_nova_peneira_portal_web.png","width":300,"height":100,"caption":"A Nova Peneira"},"image":{"@id":"https:\/\/www.anovapeneira.gal\/#\/schema\/logo\/image\/"},"sameAs":["https:\/\/www.facebook.com\/anovapeneira","https:\/\/x.com\/APeneira"]},{"@type":"Person","@id":"https:\/\/www.anovapeneira.gal\/#\/schema\/person\/a907e49c1885c12d6f281770afd68766","name":"Aar\u00f3n Franco","image":{"@type":"ImageObject","inLanguage":"gl-ES","@id":"https:\/\/secure.gravatar.com\/avatar\/82f0614fe09ae3f066983f8d670d0ff15a0917fefe52b93ffa425275b87d6102?s=96&d=mm&r=g","url":"https:\/\/secure.gravatar.com\/avatar\/82f0614fe09ae3f066983f8d670d0ff15a0917fefe52b93ffa425275b87d6102?s=96&d=mm&r=g","contentUrl":"https:\/\/secure.gravatar.com\/avatar\/82f0614fe09ae3f066983f8d670d0ff15a0917fefe52b93ffa425275b87d6102?s=96&d=mm&r=g","caption":"Aar\u00f3n Franco"},"sameAs":["http:\/\/www.anovapeneira.gal\/"],"url":"https:\/\/www.anovapeneira.gal\/index.php\/author\/aaron-franco\/"}]}},"jetpack_featured_media_url":"","_links":{"self":[{"href":"https:\/\/www.anovapeneira.gal\/index.php\/wp-json\/wp\/v2\/posts\/5977","targetHints":{"allow":["GET"]}}],"collection":[{"href":"https:\/\/www.anovapeneira.gal\/index.php\/wp-json\/wp\/v2\/posts"}],"about":[{"href":"https:\/\/www.anovapeneira.gal\/index.php\/wp-json\/wp\/v2\/types\/post"}],"author":[{"embeddable":true,"href":"https:\/\/www.anovapeneira.gal\/index.php\/wp-json\/wp\/v2\/users\/23"}],"replies":[{"embeddable":true,"href":"https:\/\/www.anovapeneira.gal\/index.php\/wp-json\/wp\/v2\/comments?post=5977"}],"version-history":[{"count":2,"href":"https:\/\/www.anovapeneira.gal\/index.php\/wp-json\/wp\/v2\/posts\/5977\/revisions"}],"predecessor-version":[{"id":5979,"href":"https:\/\/www.anovapeneira.gal\/index.php\/wp-json\/wp\/v2\/posts\/5977\/revisions\/5979"}],"wp:attachment":[{"href":"https:\/\/www.anovapeneira.gal\/index.php\/wp-json\/wp\/v2\/media?parent=5977"}],"wp:term":[{"taxonomy":"category","embeddable":true,"href":"https:\/\/www.anovapeneira.gal\/index.php\/wp-json\/wp\/v2\/categories?post=5977"},{"taxonomy":"post_tag","embeddable":true,"href":"https:\/\/www.anovapeneira.gal\/index.php\/wp-json\/wp\/v2\/tags?post=5977"}],"curies":[{"name":"wp","href":"https:\/\/api.w.org\/{rel}","templated":true}]}}