{"id":5988,"date":"2021-08-27T10:00:19","date_gmt":"2021-08-27T08:00:19","guid":{"rendered":"https:\/\/www.anovapeneira.gal\/?p=5988"},"modified":"2021-08-23T09:12:25","modified_gmt":"2021-08-23T07:12:25","slug":"a-panaderia-luisa-abre-o-seu-3o-local-na-nosa-comarca","status":"publish","type":"post","link":"https:\/\/www.anovapeneira.gal\/index.php\/2021\/08\/27\/a-panaderia-luisa-abre-o-seu-3o-local-na-nosa-comarca\/","title":{"rendered":"A Panader\u00eda Luisa abre o seu 3\u00ba local na nosa comarca"},"content":{"rendered":"\n<p><strong>Luisa \u00e9 unha muller de Redondela que hai pouco m\u00e1is de tres anos iniciou unha experiencia empresarial abrindo unha panader\u00eda na parroquia de Berducido, do veci\u00f1o concello de A Lama. Hoxe o \u00e9xito da panader\u00eda \u00e9 incuestionable pois xa pos\u00faen 3 locais; o orixinal de Berducido, un despacho en Redondela que abriron no 2.019 e outro en Fornelos de Montes que ve\u00f1en de inaugurar hai un par de meses. N\u00f3s al\u00e1 fomos a co\u00f1ecelos mellor e falamos con Luisa, a s\u00faa propietaria. Por certo, se poden proben as s\u00faas empanadas de millo, unha exquisitez inigualable<\/strong><\/p>\n\n\n\n<p><strong>Luisa Peneira<\/strong><\/p>\n\n\n\n<p>\u201c<strong>Fago as empanadas de millo segundo me ensinou a mi\u00f1a avoa\u201d<\/strong><\/p>\n\n\n\n<p><strong>Como comezou esta aventura Luisa?<\/strong><\/p>\n\n\n\n<blockquote class=\"wp-block-quote is-layout-flow wp-block-quote-is-layout-flow\"><p>Pois por amor. O meu fillo namorouse dunha rapaza de Berducido, n\u00f3s tivemos novas de que hab\u00eda a posibilidade de coller unha panader\u00eda na zona e un d\u00eda fomos ata al\u00ed e ata hoxe.<\/p><\/blockquote>\n\n\n\n<p><strong>Cando foi?<\/strong><\/p>\n\n\n\n<blockquote class=\"wp-block-quote is-layout-flow wp-block-quote-is-layout-flow\"><p>O 1 de abril do 2.018 logo abrimos o despacho de Redondela que fixo dous anos o 28 de febreiro, e finalmente este de Fornelos hai dous meses e medio<\/p><\/blockquote>\n\n\n\n<p><strong>Ti\u00f1ades experiencia previa neste mundo?<\/strong><\/p>\n\n\n\n<blockquote class=\"wp-block-quote is-layout-flow wp-block-quote-is-layout-flow\"><p>Eu ti\u00f1a experiencia en pasteler\u00eda e o meu home en Panader\u00eda.<\/p><\/blockquote>\n\n\n\n<p><strong>Est\u00e1s contenta da experiencia?<\/strong><\/p>\n\n\n\n<blockquote class=\"wp-block-quote is-layout-flow wp-block-quote-is-layout-flow\"><p>Si, a verdade \u00e9 que est\u00e1 indo todo moi ben<\/p><\/blockquote>\n\n\n\n<p><strong>Se tiveras que recomendarnos algunha das t\u00faas especialidades?<\/strong><\/p>\n\n\n\n<blockquote class=\"wp-block-quote is-layout-flow wp-block-quote-is-layout-flow\"><p>N\u00f3s tratamos de facer todo con amor e de que o cliente saia satisfeito. Se cadra un produto que ten moito \u00e9xito son as empanadas de millo. F\u00e1goas seguindo unha receita que me ensinou a mi\u00f1a avoa e creo que quedan moi ricas, polo menos te\u00f1en moita demanda<\/p><\/blockquote>\n\n\n\n<p><strong>En Fornelos levas moi pouco tempo, est\u00e1s tan contenta do resultado do despacho como o est\u00e1s do que tes en Redondela?<\/strong><\/p>\n\n\n\n<blockquote class=\"wp-block-quote is-layout-flow wp-block-quote-is-layout-flow\"><p>Si estou moi satisfeita coa aceptaci\u00f3n dos clientes pero hai unha circunstancia que me desgusta e quero dicila<\/p><\/blockquote>\n\n\n\n<p><strong>De que se trata?<\/strong><\/p>\n\n\n\n<blockquote class=\"wp-block-quote is-layout-flow wp-block-quote-is-layout-flow\"><p>Ben a n\u00f3s obr\u00edgannos a deixar 1,5 metros de distancia entre as mesas da terraza e a fin da beirarr\u00faa para que puidera pasar unha persoa que precise usar cadeira de rodas, pero non todo o mundo cumpre esa norma. E a min par\u00e9ceme moi ben cumprir as normas pero s\u00f3 pido que as te\u00f1amos que cumprir todos por igual.<\/p><\/blockquote>\n","protected":false},"excerpt":{"rendered":"<div class=\"mh-excerpt\"><p>Luisa \u00e9 unha muller de Redondela que hai pouco m\u00e1is de tres anos iniciou unha experiencia empresarial abrindo unha panader\u00eda na parroquia de Berducido, do veci\u00f1o concello de A Lama <a class=\"mh-excerpt-more\" href=\"https:\/\/www.anovapeneira.gal\/index.php\/2021\/08\/27\/a-panaderia-luisa-abre-o-seu-3o-local-na-nosa-comarca\/\" title=\"A Panader\u00eda Luisa abre o seu 3\u00ba local na nosa comarca\">[&#8230;]<\/a><\/p>\n<\/div>","protected":false},"author":3,"featured_media":5989,"comment_status":"open","ping_status":"open","sticky":false,"template":"","format":"standard","meta":{"_exactmetrics_skip_tracking":false,"_exactmetrics_sitenote_active":false,"_exactmetrics_sitenote_note":"","_exactmetrics_sitenote_category":0,"footnotes":""},"categories":[270],"tags":[171],"class_list":{"0":"post-5988","1":"post","2":"type-post","3":"status-publish","4":"format-standard","5":"has-post-thumbnail","7":"category-redondela-entrevistas","8":"tag-concello-de-redondela"},"yoast_head":"<!-- This site is optimized with the Yoast SEO plugin v27.4 - https:\/\/yoast.com\/product\/yoast-seo-wordpress\/ -->\n<title>A Panader\u00eda Luisa abre o seu 3\u00ba local na nosa comarca -<\/title>\n<meta name=\"description\" content=\"Luisa \u00e9 unha muller de Redondela que hai pouco m\u00e1is de tres anos iniciou unha experiencia empresarial abrindo unha panader\u00eda na parroquia de Berducido, do veci\u00f1o concello de A Lama.\" \/>\n<meta name=\"robots\" content=\"index, follow, max-snippet:-1, max-image-preview:large, max-video-preview:-1\" \/>\n<link rel=\"canonical\" href=\"https:\/\/www.anovapeneira.gal\/index.php\/2021\/08\/27\/a-panaderia-luisa-abre-o-seu-3o-local-na-nosa-comarca\/\" \/>\n<meta property=\"og:locale\" content=\"gl_ES\" \/>\n<meta property=\"og:type\" content=\"article\" \/>\n<meta property=\"og:title\" content=\"A Panader\u00eda Luisa abre o seu 3\u00ba local na nosa comarca -\" \/>\n<meta property=\"og:description\" content=\"Luisa \u00e9 unha muller de Redondela que hai pouco m\u00e1is de tres anos iniciou unha experiencia empresarial abrindo unha panader\u00eda na parroquia de Berducido, do veci\u00f1o concello de A Lama.\" \/>\n<meta property=\"og:url\" content=\"https:\/\/www.anovapeneira.gal\/index.php\/2021\/08\/27\/a-panaderia-luisa-abre-o-seu-3o-local-na-nosa-comarca\/\" \/>\n<meta property=\"article:publisher\" content=\"https:\/\/www.facebook.com\/anovapeneira\" \/>\n<meta property=\"article:published_time\" content=\"2021-08-27T08:00:19+00:00\" \/>\n<meta property=\"og:image\" content=\"https:\/\/www.anovapeneira.gal\/wp-content\/uploads\/2021\/08\/panaderia_luisa.jpg\" \/>\n\t<meta property=\"og:image:width\" content=\"720\" \/>\n\t<meta property=\"og:image:height\" content=\"432\" \/>\n\t<meta property=\"og:image:type\" content=\"image\/jpeg\" \/>\n<meta name=\"author\" content=\"Redacci\u00f3n A Nova Peneira\" \/>\n<meta name=\"twitter:card\" content=\"summary_large_image\" \/>\n<meta name=\"twitter:creator\" content=\"@APeneira\" \/>\n<meta name=\"twitter:site\" content=\"@APeneira\" \/>\n<meta name=\"twitter:label1\" content=\"Escrito por\" \/>\n\t<meta name=\"twitter:data1\" content=\"Redacci\u00f3n A Nova Peneira\" \/>\n\t<meta name=\"twitter:label2\" content=\"Tempo de lectura\" \/>\n\t<meta name=\"twitter:data2\" content=\"2 minutos\" \/>\n<script type=\"application\/ld+json\" class=\"yoast-schema-graph\">{\"@context\":\"https:\\\/\\\/schema.org\",\"@graph\":[{\"@type\":\"Article\",\"@id\":\"https:\\\/\\\/www.anovapeneira.gal\\\/index.php\\\/2021\\\/08\\\/27\\\/a-panaderia-luisa-abre-o-seu-3o-local-na-nosa-comarca\\\/#article\",\"isPartOf\":{\"@id\":\"https:\\\/\\\/www.anovapeneira.gal\\\/index.php\\\/2021\\\/08\\\/27\\\/a-panaderia-luisa-abre-o-seu-3o-local-na-nosa-comarca\\\/\"},\"author\":{\"name\":\"Redacci\u00f3n A Nova Peneira\",\"@id\":\"https:\\\/\\\/www.anovapeneira.gal\\\/#\\\/schema\\\/person\\\/b93e3f8932e3f8da96334607eb6ac6aa\"},\"headline\":\"A Panader\u00eda Luisa abre o seu 3\u00ba local na nosa comarca\",\"datePublished\":\"2021-08-27T08:00:19+00:00\",\"mainEntityOfPage\":{\"@id\":\"https:\\\/\\\/www.anovapeneira.gal\\\/index.php\\\/2021\\\/08\\\/27\\\/a-panaderia-luisa-abre-o-seu-3o-local-na-nosa-comarca\\\/\"},\"wordCount\":403,\"commentCount\":0,\"publisher\":{\"@id\":\"https:\\\/\\\/www.anovapeneira.gal\\\/#organization\"},\"image\":{\"@id\":\"https:\\\/\\\/www.anovapeneira.gal\\\/index.php\\\/2021\\\/08\\\/27\\\/a-panaderia-luisa-abre-o-seu-3o-local-na-nosa-comarca\\\/#primaryimage\"},\"thumbnailUrl\":\"https:\\\/\\\/www.anovapeneira.gal\\\/wp-content\\\/uploads\\\/2021\\\/08\\\/panaderia_luisa.jpg\",\"keywords\":[\"Concello de Redondela\"],\"articleSection\":[\"Redondela\"],\"inLanguage\":\"gl-ES\",\"potentialAction\":[{\"@type\":\"CommentAction\",\"name\":\"Comment\",\"target\":[\"https:\\\/\\\/www.anovapeneira.gal\\\/index.php\\\/2021\\\/08\\\/27\\\/a-panaderia-luisa-abre-o-seu-3o-local-na-nosa-comarca\\\/#respond\"]}]},{\"@type\":\"WebPage\",\"@id\":\"https:\\\/\\\/www.anovapeneira.gal\\\/index.php\\\/2021\\\/08\\\/27\\\/a-panaderia-luisa-abre-o-seu-3o-local-na-nosa-comarca\\\/\",\"url\":\"https:\\\/\\\/www.anovapeneira.gal\\\/index.php\\\/2021\\\/08\\\/27\\\/a-panaderia-luisa-abre-o-seu-3o-local-na-nosa-comarca\\\/\",\"name\":\"A Panader\u00eda Luisa abre o seu 3\u00ba local na nosa comarca -\",\"isPartOf\":{\"@id\":\"https:\\\/\\\/www.anovapeneira.gal\\\/#website\"},\"primaryImageOfPage\":{\"@id\":\"https:\\\/\\\/www.anovapeneira.gal\\\/index.php\\\/2021\\\/08\\\/27\\\/a-panaderia-luisa-abre-o-seu-3o-local-na-nosa-comarca\\\/#primaryimage\"},\"image\":{\"@id\":\"https:\\\/\\\/www.anovapeneira.gal\\\/index.php\\\/2021\\\/08\\\/27\\\/a-panaderia-luisa-abre-o-seu-3o-local-na-nosa-comarca\\\/#primaryimage\"},\"thumbnailUrl\":\"https:\\\/\\\/www.anovapeneira.gal\\\/wp-content\\\/uploads\\\/2021\\\/08\\\/panaderia_luisa.jpg\",\"datePublished\":\"2021-08-27T08:00:19+00:00\",\"description\":\"Luisa \u00e9 unha muller de Redondela que hai pouco m\u00e1is de tres anos iniciou unha experiencia empresarial abrindo unha panader\u00eda na parroquia de Berducido, do veci\u00f1o concello de A Lama.\",\"breadcrumb\":{\"@id\":\"https:\\\/\\\/www.anovapeneira.gal\\\/index.php\\\/2021\\\/08\\\/27\\\/a-panaderia-luisa-abre-o-seu-3o-local-na-nosa-comarca\\\/#breadcrumb\"},\"inLanguage\":\"gl-ES\",\"potentialAction\":[{\"@type\":\"ReadAction\",\"target\":[\"https:\\\/\\\/www.anovapeneira.gal\\\/index.php\\\/2021\\\/08\\\/27\\\/a-panaderia-luisa-abre-o-seu-3o-local-na-nosa-comarca\\\/\"]}]},{\"@type\":\"ImageObject\",\"inLanguage\":\"gl-ES\",\"@id\":\"https:\\\/\\\/www.anovapeneira.gal\\\/index.php\\\/2021\\\/08\\\/27\\\/a-panaderia-luisa-abre-o-seu-3o-local-na-nosa-comarca\\\/#primaryimage\",\"url\":\"https:\\\/\\\/www.anovapeneira.gal\\\/wp-content\\\/uploads\\\/2021\\\/08\\\/panaderia_luisa.jpg\",\"contentUrl\":\"https:\\\/\\\/www.anovapeneira.gal\\\/wp-content\\\/uploads\\\/2021\\\/08\\\/panaderia_luisa.jpg\",\"width\":720,\"height\":432,\"caption\":\"A Panader\u00eda Luisa abre o seu 3\u00ba local na nosa comarca\"},{\"@type\":\"BreadcrumbList\",\"@id\":\"https:\\\/\\\/www.anovapeneira.gal\\\/index.php\\\/2021\\\/08\\\/27\\\/a-panaderia-luisa-abre-o-seu-3o-local-na-nosa-comarca\\\/#breadcrumb\",\"itemListElement\":[{\"@type\":\"ListItem\",\"position\":1,\"name\":\"Portada\",\"item\":\"https:\\\/\\\/www.anovapeneira.gal\\\/\"},{\"@type\":\"ListItem\",\"position\":2,\"name\":\"A Panader\u00eda Luisa abre o seu 3\u00ba local na nosa comarca\"}]},{\"@type\":\"WebSite\",\"@id\":\"https:\\\/\\\/www.anovapeneira.gal\\\/#website\",\"url\":\"https:\\\/\\\/www.anovapeneira.gal\\\/\",\"name\":\"\",\"description\":\"Xornal galego de informaci\u00f3n xeral Publicaci\u00f3n mensual de novas de Galicia e en especial dos Concellos da sur da provincia de Pontevedra.\",\"publisher\":{\"@id\":\"https:\\\/\\\/www.anovapeneira.gal\\\/#organization\"},\"potentialAction\":[{\"@type\":\"SearchAction\",\"target\":{\"@type\":\"EntryPoint\",\"urlTemplate\":\"https:\\\/\\\/www.anovapeneira.gal\\\/?s={search_term_string}\"},\"query-input\":{\"@type\":\"PropertyValueSpecification\",\"valueRequired\":true,\"valueName\":\"search_term_string\"}}],\"inLanguage\":\"gl-ES\"},{\"@type\":\"Organization\",\"@id\":\"https:\\\/\\\/www.anovapeneira.gal\\\/#organization\",\"name\":\"A Nova Peneira\",\"url\":\"https:\\\/\\\/www.anovapeneira.gal\\\/\",\"logo\":{\"@type\":\"ImageObject\",\"inLanguage\":\"gl-ES\",\"@id\":\"https:\\\/\\\/www.anovapeneira.gal\\\/#\\\/schema\\\/logo\\\/image\\\/\",\"url\":\"http:\\\/\\\/www.anovapeneira.gal\\\/wp-content\\\/uploads\\\/2019\\\/06\\\/logo_a_nova_peneira_portal_web.png\",\"contentUrl\":\"http:\\\/\\\/www.anovapeneira.gal\\\/wp-content\\\/uploads\\\/2019\\\/06\\\/logo_a_nova_peneira_portal_web.png\",\"width\":300,\"height\":100,\"caption\":\"A Nova Peneira\"},\"image\":{\"@id\":\"https:\\\/\\\/www.anovapeneira.gal\\\/#\\\/schema\\\/logo\\\/image\\\/\"},\"sameAs\":[\"https:\\\/\\\/www.facebook.com\\\/anovapeneira\",\"https:\\\/\\\/x.com\\\/APeneira\"]},{\"@type\":\"Person\",\"@id\":\"https:\\\/\\\/www.anovapeneira.gal\\\/#\\\/schema\\\/person\\\/b93e3f8932e3f8da96334607eb6ac6aa\",\"name\":\"Redacci\u00f3n A Nova Peneira\",\"image\":{\"@type\":\"ImageObject\",\"inLanguage\":\"gl-ES\",\"@id\":\"https:\\\/\\\/secure.gravatar.com\\\/avatar\\\/c052a2551a06e23fac63626232eaa90abd78dbcf1700fc46a2b2c89fd27b735f?s=96&d=mm&r=g\",\"url\":\"https:\\\/\\\/secure.gravatar.com\\\/avatar\\\/c052a2551a06e23fac63626232eaa90abd78dbcf1700fc46a2b2c89fd27b735f?s=96&d=mm&r=g\",\"contentUrl\":\"https:\\\/\\\/secure.gravatar.com\\\/avatar\\\/c052a2551a06e23fac63626232eaa90abd78dbcf1700fc46a2b2c89fd27b735f?s=96&d=mm&r=g\",\"caption\":\"Redacci\u00f3n A Nova Peneira\"},\"sameAs\":[\"http:\\\/\\\/www.anovapeneira.gal\\\/\"],\"url\":\"https:\\\/\\\/www.anovapeneira.gal\\\/index.php\\\/author\\\/redactor\\\/\"}]}<\/script>\n<!-- \/ Yoast SEO plugin. -->","yoast_head_json":{"title":"A Panader\u00eda Luisa abre o seu 3\u00ba local na nosa comarca -","description":"Luisa \u00e9 unha muller de Redondela que hai pouco m\u00e1is de tres anos iniciou unha experiencia empresarial abrindo unha panader\u00eda na parroquia de Berducido, do veci\u00f1o concello de A Lama.","robots":{"index":"index","follow":"follow","max-snippet":"max-snippet:-1","max-image-preview":"max-image-preview:large","max-video-preview":"max-video-preview:-1"},"canonical":"https:\/\/www.anovapeneira.gal\/index.php\/2021\/08\/27\/a-panaderia-luisa-abre-o-seu-3o-local-na-nosa-comarca\/","og_locale":"gl_ES","og_type":"article","og_title":"A Panader\u00eda Luisa abre o seu 3\u00ba local na nosa comarca -","og_description":"Luisa \u00e9 unha muller de Redondela que hai pouco m\u00e1is de tres anos iniciou unha experiencia empresarial abrindo unha panader\u00eda na parroquia de Berducido, do veci\u00f1o concello de A Lama.","og_url":"https:\/\/www.anovapeneira.gal\/index.php\/2021\/08\/27\/a-panaderia-luisa-abre-o-seu-3o-local-na-nosa-comarca\/","article_publisher":"https:\/\/www.facebook.com\/anovapeneira","article_published_time":"2021-08-27T08:00:19+00:00","og_image":[{"width":720,"height":432,"url":"https:\/\/www.anovapeneira.gal\/wp-content\/uploads\/2021\/08\/panaderia_luisa.jpg","type":"image\/jpeg"}],"author":"Redacci\u00f3n A Nova Peneira","twitter_card":"summary_large_image","twitter_creator":"@APeneira","twitter_site":"@APeneira","twitter_misc":{"Escrito por":"Redacci\u00f3n A Nova Peneira","Tempo de lectura":"2 minutos"},"schema":{"@context":"https:\/\/schema.org","@graph":[{"@type":"Article","@id":"https:\/\/www.anovapeneira.gal\/index.php\/2021\/08\/27\/a-panaderia-luisa-abre-o-seu-3o-local-na-nosa-comarca\/#article","isPartOf":{"@id":"https:\/\/www.anovapeneira.gal\/index.php\/2021\/08\/27\/a-panaderia-luisa-abre-o-seu-3o-local-na-nosa-comarca\/"},"author":{"name":"Redacci\u00f3n A Nova Peneira","@id":"https:\/\/www.anovapeneira.gal\/#\/schema\/person\/b93e3f8932e3f8da96334607eb6ac6aa"},"headline":"A Panader\u00eda Luisa abre o seu 3\u00ba local na nosa comarca","datePublished":"2021-08-27T08:00:19+00:00","mainEntityOfPage":{"@id":"https:\/\/www.anovapeneira.gal\/index.php\/2021\/08\/27\/a-panaderia-luisa-abre-o-seu-3o-local-na-nosa-comarca\/"},"wordCount":403,"commentCount":0,"publisher":{"@id":"https:\/\/www.anovapeneira.gal\/#organization"},"image":{"@id":"https:\/\/www.anovapeneira.gal\/index.php\/2021\/08\/27\/a-panaderia-luisa-abre-o-seu-3o-local-na-nosa-comarca\/#primaryimage"},"thumbnailUrl":"https:\/\/www.anovapeneira.gal\/wp-content\/uploads\/2021\/08\/panaderia_luisa.jpg","keywords":["Concello de Redondela"],"articleSection":["Redondela"],"inLanguage":"gl-ES","potentialAction":[{"@type":"CommentAction","name":"Comment","target":["https:\/\/www.anovapeneira.gal\/index.php\/2021\/08\/27\/a-panaderia-luisa-abre-o-seu-3o-local-na-nosa-comarca\/#respond"]}]},{"@type":"WebPage","@id":"https:\/\/www.anovapeneira.gal\/index.php\/2021\/08\/27\/a-panaderia-luisa-abre-o-seu-3o-local-na-nosa-comarca\/","url":"https:\/\/www.anovapeneira.gal\/index.php\/2021\/08\/27\/a-panaderia-luisa-abre-o-seu-3o-local-na-nosa-comarca\/","name":"A Panader\u00eda Luisa abre o seu 3\u00ba local na nosa comarca -","isPartOf":{"@id":"https:\/\/www.anovapeneira.gal\/#website"},"primaryImageOfPage":{"@id":"https:\/\/www.anovapeneira.gal\/index.php\/2021\/08\/27\/a-panaderia-luisa-abre-o-seu-3o-local-na-nosa-comarca\/#primaryimage"},"image":{"@id":"https:\/\/www.anovapeneira.gal\/index.php\/2021\/08\/27\/a-panaderia-luisa-abre-o-seu-3o-local-na-nosa-comarca\/#primaryimage"},"thumbnailUrl":"https:\/\/www.anovapeneira.gal\/wp-content\/uploads\/2021\/08\/panaderia_luisa.jpg","datePublished":"2021-08-27T08:00:19+00:00","description":"Luisa \u00e9 unha muller de Redondela que hai pouco m\u00e1is de tres anos iniciou unha experiencia empresarial abrindo unha panader\u00eda na parroquia de Berducido, do veci\u00f1o concello de A Lama.","breadcrumb":{"@id":"https:\/\/www.anovapeneira.gal\/index.php\/2021\/08\/27\/a-panaderia-luisa-abre-o-seu-3o-local-na-nosa-comarca\/#breadcrumb"},"inLanguage":"gl-ES","potentialAction":[{"@type":"ReadAction","target":["https:\/\/www.anovapeneira.gal\/index.php\/2021\/08\/27\/a-panaderia-luisa-abre-o-seu-3o-local-na-nosa-comarca\/"]}]},{"@type":"ImageObject","inLanguage":"gl-ES","@id":"https:\/\/www.anovapeneira.gal\/index.php\/2021\/08\/27\/a-panaderia-luisa-abre-o-seu-3o-local-na-nosa-comarca\/#primaryimage","url":"https:\/\/www.anovapeneira.gal\/wp-content\/uploads\/2021\/08\/panaderia_luisa.jpg","contentUrl":"https:\/\/www.anovapeneira.gal\/wp-content\/uploads\/2021\/08\/panaderia_luisa.jpg","width":720,"height":432,"caption":"A Panader\u00eda Luisa abre o seu 3\u00ba local na nosa comarca"},{"@type":"BreadcrumbList","@id":"https:\/\/www.anovapeneira.gal\/index.php\/2021\/08\/27\/a-panaderia-luisa-abre-o-seu-3o-local-na-nosa-comarca\/#breadcrumb","itemListElement":[{"@type":"ListItem","position":1,"name":"Portada","item":"https:\/\/www.anovapeneira.gal\/"},{"@type":"ListItem","position":2,"name":"A Panader\u00eda Luisa abre o seu 3\u00ba local na nosa comarca"}]},{"@type":"WebSite","@id":"https:\/\/www.anovapeneira.gal\/#website","url":"https:\/\/www.anovapeneira.gal\/","name":"","description":"Xornal galego de informaci\u00f3n xeral Publicaci\u00f3n mensual de novas de Galicia e en especial dos Concellos da sur da provincia de Pontevedra.","publisher":{"@id":"https:\/\/www.anovapeneira.gal\/#organization"},"potentialAction":[{"@type":"SearchAction","target":{"@type":"EntryPoint","urlTemplate":"https:\/\/www.anovapeneira.gal\/?s={search_term_string}"},"query-input":{"@type":"PropertyValueSpecification","valueRequired":true,"valueName":"search_term_string"}}],"inLanguage":"gl-ES"},{"@type":"Organization","@id":"https:\/\/www.anovapeneira.gal\/#organization","name":"A Nova Peneira","url":"https:\/\/www.anovapeneira.gal\/","logo":{"@type":"ImageObject","inLanguage":"gl-ES","@id":"https:\/\/www.anovapeneira.gal\/#\/schema\/logo\/image\/","url":"http:\/\/www.anovapeneira.gal\/wp-content\/uploads\/2019\/06\/logo_a_nova_peneira_portal_web.png","contentUrl":"http:\/\/www.anovapeneira.gal\/wp-content\/uploads\/2019\/06\/logo_a_nova_peneira_portal_web.png","width":300,"height":100,"caption":"A Nova Peneira"},"image":{"@id":"https:\/\/www.anovapeneira.gal\/#\/schema\/logo\/image\/"},"sameAs":["https:\/\/www.facebook.com\/anovapeneira","https:\/\/x.com\/APeneira"]},{"@type":"Person","@id":"https:\/\/www.anovapeneira.gal\/#\/schema\/person\/b93e3f8932e3f8da96334607eb6ac6aa","name":"Redacci\u00f3n A Nova Peneira","image":{"@type":"ImageObject","inLanguage":"gl-ES","@id":"https:\/\/secure.gravatar.com\/avatar\/c052a2551a06e23fac63626232eaa90abd78dbcf1700fc46a2b2c89fd27b735f?s=96&d=mm&r=g","url":"https:\/\/secure.gravatar.com\/avatar\/c052a2551a06e23fac63626232eaa90abd78dbcf1700fc46a2b2c89fd27b735f?s=96&d=mm&r=g","contentUrl":"https:\/\/secure.gravatar.com\/avatar\/c052a2551a06e23fac63626232eaa90abd78dbcf1700fc46a2b2c89fd27b735f?s=96&d=mm&r=g","caption":"Redacci\u00f3n A Nova Peneira"},"sameAs":["http:\/\/www.anovapeneira.gal\/"],"url":"https:\/\/www.anovapeneira.gal\/index.php\/author\/redactor\/"}]}},"jetpack_featured_media_url":"https:\/\/www.anovapeneira.gal\/wp-content\/uploads\/2021\/08\/panaderia_luisa.jpg","_links":{"self":[{"href":"https:\/\/www.anovapeneira.gal\/index.php\/wp-json\/wp\/v2\/posts\/5988","targetHints":{"allow":["GET"]}}],"collection":[{"href":"https:\/\/www.anovapeneira.gal\/index.php\/wp-json\/wp\/v2\/posts"}],"about":[{"href":"https:\/\/www.anovapeneira.gal\/index.php\/wp-json\/wp\/v2\/types\/post"}],"author":[{"embeddable":true,"href":"https:\/\/www.anovapeneira.gal\/index.php\/wp-json\/wp\/v2\/users\/3"}],"replies":[{"embeddable":true,"href":"https:\/\/www.anovapeneira.gal\/index.php\/wp-json\/wp\/v2\/comments?post=5988"}],"version-history":[{"count":1,"href":"https:\/\/www.anovapeneira.gal\/index.php\/wp-json\/wp\/v2\/posts\/5988\/revisions"}],"predecessor-version":[{"id":5990,"href":"https:\/\/www.anovapeneira.gal\/index.php\/wp-json\/wp\/v2\/posts\/5988\/revisions\/5990"}],"wp:featuredmedia":[{"embeddable":true,"href":"https:\/\/www.anovapeneira.gal\/index.php\/wp-json\/wp\/v2\/media\/5989"}],"wp:attachment":[{"href":"https:\/\/www.anovapeneira.gal\/index.php\/wp-json\/wp\/v2\/media?parent=5988"}],"wp:term":[{"taxonomy":"category","embeddable":true,"href":"https:\/\/www.anovapeneira.gal\/index.php\/wp-json\/wp\/v2\/categories?post=5988"},{"taxonomy":"post_tag","embeddable":true,"href":"https:\/\/www.anovapeneira.gal\/index.php\/wp-json\/wp\/v2\/tags?post=5988"}],"curies":[{"name":"wp","href":"https:\/\/api.w.org\/{rel}","templated":true}]}}