{"id":5991,"date":"2021-08-27T12:00:44","date_gmt":"2021-08-27T10:00:44","guid":{"rendered":"https:\/\/www.anovapeneira.gal\/?p=5991"},"modified":"2021-08-23T09:23:30","modified_gmt":"2021-08-23T07:23:30","slug":"o-festival-de-cans-faise-maior-de-idade","status":"publish","type":"post","link":"https:\/\/www.anovapeneira.gal\/index.php\/2021\/08\/27\/o-festival-de-cans-faise-maior-de-idade\/","title":{"rendered":"O Festival de Cans faise maior  de idade"},"content":{"rendered":"\n<pre class=\"wp-block-verse\"><strong>G.Figueiredo<\/strong><\/pre>\n\n\n\n<h2 class=\"wp-block-heading\"><strong>A s\u00faa XVIII edici\u00f3n celebrarase do 1 ao 4 de setembro<\/strong><\/h2>\n\n\n\n<p><em><strong>O pasado 18 de agosto tanto a organizaci\u00f3n do festival co seu director Alfonso Pato, como as diferentes autoridades pol\u00edticas que o apoian fixeron a s\u00faa XVIII presentaci\u00f3n no xa ben co\u00f1ecido torreiro de Cans.<\/strong><\/em><\/p>\n\n\n\n<h5 class=\"wp-block-heading\">CANS RECUPERA O PULSO no medio da pandemia CON CASE 40 ACTIVIDADES E 25 CURTAMETRAXES A CONCURSO.<\/h5>\n\n\n\n<p>Esta xa \u00e9 a segunda edici\u00f3n que ten que mudar de data por mor desta pandemia mundial que nos asola e non nos quere deixar atr\u00e1s. Desta volta celebrarase o festival no mes de setembro coma a anterior edici\u00f3n, do 1 ao 4, e coas restrici\u00f3ns sanitarias que nos acompa\u00f1an desde ano e medio xa. Cineastas de Israel, Brasil, Portugal ou Colombia pasar\u00e1n pola nova edici\u00f3n do certame. \u201cResponsabilidade, resistencia e rebeld\u00eda\u201d, Vela\u00ed os tres factores que est\u00e1n detr\u00e1s da proposta e programaci\u00f3n do Festival este ano. As\u00ed o dixo o seu director, Alfonso Pato.<\/p>\n\n\n\n<p>A alcaldesa Eva Garc\u00eda eloxiou ao Festival de Cans como &#8220;distintivo da identidade do Porri\u00f1o, \u00e9 de todos n\u00f3s&#8221; e como sinal desa condici\u00f3n referiu o recente acordo un\u00e1nime da corporaci\u00f3n municipal que decidiu dobrar a achega que o Concello outorga para a organizaci\u00f3n deste evento. Concretamente de 20.000 a 40.000 euros que recibe neste ano.<\/p>\n\n\n\n<p>A rexedora lembrou primeiramente na s\u00faa intervenci\u00f3n que hai un ano &#8220;afrontamos unha situaci\u00f3n in\u00e9dita coa pandemia&#8221; e significou que o Festival de Cans &#8220;foi quen de ter a valent\u00eda de facer unha proposta moi responsable e levar a cabo a edici\u00f3n de 2020, co apoio de instituci\u00f3ns e patrocinadores que estivemos ao voso lado&#8221;.<\/p>\n\n\n\n<p>Pola s\u00faa banda, Cami Moreira, concelleira de Cultura agradeceu a colaboraci\u00f3n entre o Concello e a asociaci\u00f3n &#8220;Arela&#8221;, organizadora do certame audiovisual, &#8220;polo seu bo dispor&#8221;. A concelleira reivindicou ao Festival de Cans &#8220;coma a canle que nos transmite co\u00f1ecementos e ideas, tradici\u00f3ns e costumes que nos identifican como &#8216;jalp\u00f3n&#8217;, como parroquia, que nos identifican como pobo, como pa\u00eds e como planeta&#8221;.<\/p>\n\n\n\n<p>Ao acto de presentaci\u00f3n do XVIII Festival de Cans tam\u00e9n asistiron Roman Rodr\u00edguez, conselleiro de Cultura da Xunta de Galicia que lembrou a importancia deste certame \u201cpara o desenvolvemento do audiovisual na nosa comunidade\u201d e Vitoria Alonso, deputada delegada que reivindicou o apoio da Deputaci\u00f3n de Pontevedra que \u201cincl\u00fae ao festival de Cans no abeiro do programa R\u00edas Baixas Film Fest que patrocina o organismo provincial.<\/p>\n\n\n\n<p>Durante 4 d\u00edas, celebraranse preto de 40 actividades, dende proxecci\u00f3ns a roteiros, concertos, exposici\u00f3ns ou coloquios. O Festival recupera ademais este ano alg\u00fans dos seus espazos m\u00e1is emblem\u00e1ticos. Son os casos do Baixo do Moncho, a Casa do Carreira ou o Invernadoiro de Mucha e Juan do Peso ata sumar 11 espazos. As normas de seguridade seguen a estar no centro da organizaci\u00f3n. Pero os avances na loita contra a pandemia tam\u00e9n permiten recuperar eses espazos ou volver celebrar actividades no Torreiro.<\/p>\n\n\n\n<p>Un total de 15 curtametraxes formar\u00e1n parte este ano da secci\u00f3n oficial da competici\u00f3n de ficci\u00f3n e animaci\u00f3n no Festival. Ata 8 estrearanse en Cans. Entre elas est\u00e1n \u201cWhat a Circus\u201d, dirixida pola coru\u00f1esa Anita Pico, que sup\u00f3n a estrea en Espa\u00f1a desta obra seleccionada por un programa de Xoves talentos da BBC; \u201cRetorno a Eleusis\u201d, animaci\u00f3n de Borja Santom\u00e9, ga\u00f1ador de Cans en 2018, ou \u201cDeux Options\u201d, obra do vigu\u00e9s Gon Caride, seleccionada xa en numerosos festivais internacionais.<\/p>\n\n\n\n<p>Xunto a estas 15 &nbsp;curtametraxes participan noutras secci\u00f3ns competitivas do certame as 10 da categor\u00eda de Furac\u00e1ns e as 8 da secci\u00f3n Novas Camadas. Son, en total, 34 as obras en competici\u00f3n. Adem\u00e1is, 20 videoclips competir\u00e1n polo premio do xurado na Noite Lasal dos videoclips, un vibrante escaparate da m\u00fasica do momento en Galicia. F\u00f3ra de competici\u00f3n, Cans acoller\u00e1 a estrea de catro longametraxes.<\/p>\n\n\n\n<div class=\"wp-block-columns is-layout-flex wp-container-core-columns-is-layout-9d6595d7 wp-block-columns-is-layout-flex\">\n<div class=\"wp-block-column is-layout-flow wp-block-column-is-layout-flow\">\n<figure class=\"wp-block-image size-large is-resized\"><img loading=\"lazy\" decoding=\"async\" src=\"https:\/\/www.anovapeneira.gal\/wp-content\/uploads\/2021\/08\/imagen.png\" alt=\"\" class=\"wp-image-5992\" width=\"326\" height=\"384\" srcset=\"https:\/\/www.anovapeneira.gal\/wp-content\/uploads\/2021\/08\/imagen.png 652w, https:\/\/www.anovapeneira.gal\/wp-content\/uploads\/2021\/08\/imagen-255x300.png 255w\" sizes=\"auto, (max-width: 326px) 100vw, 326px\" \/><\/figure>\n<\/div>\n\n\n\n<div class=\"wp-block-column is-layout-flow wp-block-column-is-layout-flow\">\n<p>A promoci\u00f3n do di\u00e1logo cos cineastas, e entre cineastas, est\u00e1 entre os eixos de traballo do certame. De a\u00ed outra das novidades da programaci\u00f3n deste ano. Inaug\u00farase a secci\u00f3n \u2019Correspondencias\u2019. Nela, realizadoras e realizadores de Galicia intercambian \u2019cartas\u2019 audiovisuais sobre a vida, a cinematograf\u00eda, o mundo\u2026 Inaugurar\u00e1 esta secci\u00f3n a presentaci\u00f3n dalgunhas das partes da \u2019correspondencia\u2019 audiovisual que mantiveron dende o confinamento o director colombiano Samuel Moreno e m\u00e1is o galego Eloy Rodr\u00edguez Ser\u00e9n.<\/p>\n<\/div>\n<\/div>\n\n\n\n<p>No \u00e1mbito internacional, c\u00f3mpre salientar tam\u00e9n &nbsp;a presenza do portugu\u00e9s Nuno Beato, que presentar\u00e1 avance do seu filme. Tam\u00e9n participa no Festival a realizadora israel\u00ed Imbar Horesh.<\/p>\n\n\n\n<p>Os profesionais do audiovisual e da cultura volver\u00e1n percorrer en chimp\u00edn unha aldea de cinema que este ano homenaxea no seu Festival ao realizador galego Jorge Coira, ao actor Tamar Nov\u00e1s, e \u00e1 veci\u00f1a Marisol Gonz\u00e1lez, unha das moitas que levan anos apoiando con compromiso e desinterese o desenvolvemento do Festival. Tam\u00e9n ser\u00e1 homenaxeado o inesquecible Silvino Gonz\u00e1lez, o colocador das estrelas, veci\u00f1o da aldea e tristemente falecido hai pouco tempo.<\/p>\n\n\n\n<p>Nos paseos en chimp\u00edn&nbsp;tam\u00e9n ser\u00e1 obrigatorio o tapabocas. O mesmo que en todas as actividades do evento. Entre as medidas de seguridade tam\u00e9n est\u00e1 a reduci\u00f3n do aforo nun 50%. Mesmo nos chimp\u00edns, nos que non poder\u00e1n subir m\u00e1is de 4 persoas a un tempo.<\/p>\n\n\n\n<p>A aldea deber\u00e1 ser desaloxada cada d\u00eda antes da 1AM polo p\u00fablico, que s\u00f3 poder\u00e1 chegar ao Festival en bus se conta con entradas ou inscrici\u00f3ns para as s\u00faas actividades. Non haber\u00e1 aparcadoiros para o p\u00fablico en Cans.<\/p>\n\n\n\n<p>As actividades con preinscripci\u00f3n previa por\u00e1n facerse no seguinte enlace: <a href=\"https:\/\/tenda.festivaldecans.com\/inscricions.html\">https:\/\/tenda.festivaldecans.com\/inscricions.html<\/a><\/p>\n\n\n\n<p>As actividades con entrada de pago anticipada en: https:\/\/tenda.festivaldecans.com\/entradas-festival-de-cans.html<\/p>\n\n\n\n<p>O Festival de Cans volve propo\u00f1er, tam\u00e9n, actividades did\u00e1cticas para nenas e nenos relacionadas coa cultura e o cinema. Eis os roteiros literarios ou musicais, con cl\u00e1sicos do certame coma o escritor Carlos Meixide e o polifac\u00e9tico creador Xurxo Souto. &nbsp; A XVIII edici\u00f3n do Festival de Cans ten entre os seus principais patrocinadores a Estrella Galicia, Galicia Calidade, Gadis, Xunta de Galicia, Concello de O Porri\u00f1o, Deputaci\u00f3n de Pontevedra e o Ministerio de Cultura do Goberno de Espa\u00f1a, a trav\u00e9s do ICAA.<\/p>\n\n\n\n<p>Todas estas catividades concentraranse entre a contorna do Concello de Porri\u00f1o e a parroquia de Cans nos catro d\u00edas de festival, podedes ver a programaci\u00f3n completa na web do festival.<\/p>\n\n\n\n<p>Desexamos que esta pandemia pase de largo das nosas vidas e poidamos voltar aos bicos, abrazos e agarimos sen ter que lavar o cubrebocas para poder volver vernos as caras e que este aniversario sexa, dentro desta situaci\u00f3n, outro gran \u00e9xito. Parab\u00e9ns a esta organizaci\u00f3n por non amedrentarse e tirar cara a adiante para non deixarnos sen este gran festival cineasta que nada ten que ver co outro franc\u00e9s co que comparten nada m\u00e1is que o nome.<\/p>\n\n\n\n<div class=\"wp-block-columns is-layout-flex wp-container-core-columns-is-layout-9d6595d7 wp-block-columns-is-layout-flex\">\n<div class=\"wp-block-column is-layout-flow wp-block-column-is-layout-flow\">\n<figure class=\"wp-block-image size-large\"><img loading=\"lazy\" decoding=\"async\" width=\"667\" height=\"631\" src=\"https:\/\/www.anovapeneira.gal\/wp-content\/uploads\/2021\/08\/imagen-1.png\" alt=\"\" class=\"wp-image-5994\" srcset=\"https:\/\/www.anovapeneira.gal\/wp-content\/uploads\/2021\/08\/imagen-1.png 667w, https:\/\/www.anovapeneira.gal\/wp-content\/uploads\/2021\/08\/imagen-1-300x284.png 300w\" sizes=\"auto, (max-width: 667px) 100vw, 667px\" \/><figcaption><strong>Alfonso \u201cPato\u201d, director do festival de Cans<\/strong><\/figcaption><\/figure>\n<\/div>\n\n\n\n<div class=\"wp-block-column is-layout-flow wp-block-column-is-layout-flow\">\n<blockquote class=\"wp-block-quote is-layout-flow wp-block-quote-is-layout-flow\"><p><strong>Cando estudei a carreira en Compostela de cando en vez compart\u00eda ca\u00f1as cun rapaz de Cans ao que lle encantaba o cinema. E xa daquela comentaba aos seus amigos e amigas que lle gustar\u00eda moito poder organizar un festival de cinema na aldea que lle viu nacer. O meu compa\u00f1eiro de conversas e ilusi\u00f3ns adolescentes era Alfonso, o actual director do festival de Cans, ao que haber\u00eda que reco\u00f1ecerlle como se merece o inmenso m\u00e9rito da \u201ctolemia\u201d que sup\u00f3n converter os so\u00f1os en realidades. Vela\u00ed vai a conversa que me encantou ter e agardo que sexa o petisco da ca\u00f1a que pronto poida volver a compartir con el<\/strong><\/p><cite><strong>Tino Lago<\/strong><\/cite><\/blockquote>\n<\/div>\n<\/div>\n\n\n\n<p>\u201c<strong>A mi\u00f1a ilusi\u00f3n \u00e9 que cando Alfonso Pato non estea o<\/strong> <strong>Festival de Cans siga estando\u201d<\/strong><\/p>\n\n\n\n<p><strong>Unha nova edici\u00f3n e xa van XVIII<\/strong><\/p>\n\n\n\n<blockquote class=\"wp-block-quote is-layout-flow wp-block-quote-is-layout-flow\"><p>Si, cumprimos a maior\u00eda de idade e , se cadra, \u00e9 un compo\u00f1ente de ilusi\u00f3n engadido a\u00ednda que nun contexto, igual c\u00f3 ano pasado, enormemente complexo<\/p><\/blockquote>\n\n\n\n<p><strong>Lembras como comezou todo?<\/strong><\/p>\n\n\n\n<blockquote class=\"wp-block-quote is-layout-flow wp-block-quote-is-layout-flow\"><p>Comezou, como moitas outras cousas, case como unha broma de bar nunha tarde de s\u00e1bado dun mes de maio. E recordo o d\u00eda exacto pois coincidiu coa voda do actual xefe do estado nun d\u00eda de moita chuvia en Madrid e claro, azul e luminoso en Cans. Esa primeira edici\u00f3n xa foi un grande \u00e9xito pois arredor de 500 persoas pasaron pola aldea a facernos compa\u00f1\u00eda<\/p><\/blockquote>\n\n\n\n<p><strong>Pero eu creo, Alfonso, que todo isto debeu de comezar na t\u00faa cabeza moito tempo antes que os 18 anos de vida que ten o festival. Ti e eu estudamos a mesma carreira e temos compartido algunha que outra ca\u00f1a naquelas luminosas noites da Compostela dos anos 90 do pasado s\u00e9culo, e lembro a un rapaz que sent\u00eda paix\u00f3n polo cinema e que xa daquela, na segunda d\u00e9cada da s\u00faa vida, coment\u00e1balle aos seus amigos que lle far\u00eda unha ilusi\u00f3n enorme organizar un festival na aldea na que naceu?<\/strong><\/p>\n\n\n\n<blockquote class=\"wp-block-quote is-layout-flow wp-block-quote-is-layout-flow\"><p>Vaia memoria que tes. Efectivamente foi as\u00ed. Eu xa desde moi rapaz ti\u00f1a na cabeza organizar alg\u00fan tipo de encontro cultural arredor do cine .E chegou un momento en que as lapas se espallan, as cousas encaixan e eu dei coa asociaci\u00f3n cultural Arela que xa organizara algunhas cousas e comezamos a probar todo. A verdade \u00e9 que o resultado final foi moi bo, mellor do esperado<\/p><\/blockquote>\n\n\n\n<p><strong>A primeira vez, Alfonso, cando comentaches cos teus amigos e amigas a intenci\u00f3n de organizar un festival de cinema que levara o nome da t\u00faa parroquia, supo\u00f1o que aproveitando a analox\u00eda fon\u00e9tica co famoso festival franc\u00e9s, non alucinaron?<\/strong><\/p>\n\n\n\n<blockquote class=\"wp-block-quote is-layout-flow wp-block-quote-is-layout-flow\"><p>Ben, a verdade \u00e9 que inicialmente \u00e1 veci\u00f1anza parec\u00edalle todo un pouco \u201c marciano\u201d porque claro sen visualizalo antes ningu\u00e9n pode saber o que tes intenci\u00f3n de facer. Pero como as catro casas que comezaron o festival eran de familia e amigos deix\u00e1ronnos facer iso si, coa condici\u00f3n de non romper nada<\/p><\/blockquote>\n\n\n\n<p><strong>Ha ha ha ha ha. E supo\u00f1o que quedar\u00edan abraiados co resultado?<\/strong><\/p>\n\n\n\n<blockquote class=\"wp-block-quote is-layout-flow wp-block-quote-is-layout-flow\"><p>Si, igual ca min. Como che dixen antes o resultado foi mellor do esperado. Ao principio non agardabamos a dimensi\u00f3n que colleu nin de lonxe. Foi a partir da 4\u00ba ou 5\u00ba edici\u00f3n cando comezamos a decat\u00e1rmonos das enormes potencialidades que ti\u00f1a o festival. Al\u00ed xa demos o cambio ao semi profesionalismo e a constru\u00edrmos unha estrutura xur\u00eddica e administrativa que lle dera seguridade ao festival<\/p><\/blockquote>\n\n\n\n<p><strong>Este ano , igual c\u00f3 anterior , celebr\u00e1delo en setembro pero o habitual \u00e9 maio non?<\/strong><\/p>\n\n\n\n<blockquote class=\"wp-block-quote is-layout-flow wp-block-quote-is-layout-flow\"><p>Si, agardemos que este pesadelo pand\u00e9mico remate canto antes e xa na edici\u00f3n vindeira podermos recuperar as nosas datas naturais<\/p><\/blockquote>\n\n\n\n<p><strong>O ano pasado a celebraci\u00f3n do festival correu perigo?<\/strong><\/p>\n\n\n\n<blockquote class=\"wp-block-quote is-layout-flow wp-block-quote-is-layout-flow\"><p>Si, correu moito perigo.<\/p><\/blockquote>\n\n\n\n<p><strong>Neste contexto pand\u00e9mico a captaci\u00f3n de patrocinadores resulta moito m\u00e1is dif\u00edcil do normal?<\/strong><\/p>\n\n\n\n<blockquote class=\"wp-block-quote is-layout-flow wp-block-quote-is-layout-flow\"><p>A maior\u00eda de patrocinadores mantiv\u00e9ronse , ag\u00e1s pequenos negocios locais, que son aos que m\u00e1is lles afecta esta situaci\u00f3n. N\u00f3s o ano pasado mantiv\u00e9molo pois levan tempo con n\u00f3s e queriamos que seguiran. O peor, por\u00e9n, resulta da extrema dificultade de xerar recursos propios pois a restrici\u00f3n de espectadores implica moitas menos entradas e dificulta a venda de camisolas, bebidas&#8230;..Afortunadamente as instituci\u00f3ns port\u00e1ronse moi ben<\/p><\/blockquote>\n\n\n\n<p><strong>O festival est\u00e1 xa inserido na psique colectiva de maneira que estea a salvo de calquera conxuntura pol\u00edtica?<\/strong><\/p>\n\n\n\n<blockquote class=\"wp-block-quote is-layout-flow wp-block-quote-is-layout-flow\"><p>Eu creo que si. Non creo que haxa problema por a\u00ed. Se cadra o problema poida estar no relevo xeracional<\/p><\/blockquote>\n\n\n\n<p><strong>Cando Alfonso \u201cpato\u201d non estea o festival de Cans vai estar?<\/strong><\/p>\n\n\n\n<blockquote class=\"wp-block-quote is-layout-flow wp-block-quote-is-layout-flow\"><p>Eu agardo que si. \u00c9 a mi\u00f1a ilusi\u00f3n. Hai xente por detr\u00e1s que ten moita experiencia, sabe facer as cousas, e m\u00e1is pronto que tarde ter\u00e1 que haber relevo xeracional. Eu quero estar apoiando ao festival toda a mi\u00f1a vida, pero non estar ao fronte toda a vida<\/p><\/blockquote>\n\n\n\n<p><strong>Ti segues tan ilusionado como ao principio?<\/strong><\/p>\n\n\n\n<blockquote class=\"wp-block-quote is-layout-flow wp-block-quote-is-layout-flow\"><p>Rotundamente si. \u00c9 unha honra para min facer un festival de cine na aldea na que nac\u00edn e na que alg\u00fan d\u00eda repousar\u00e1n os meus restos<\/p><\/blockquote>\n\n\n\n<p><strong>Rematamos Alfonso. Algunha caracter\u00edstica especial desta edici\u00f3n que queiras destacar?<\/strong><\/p>\n\n\n\n<blockquote class=\"wp-block-quote is-layout-flow wp-block-quote-is-layout-flow\"><p>Manteremos a estrutura do ano pasado con aforos reducidos e con poucas entradas. Para acceder a Cans hai que ter algunha pre inscrici\u00f3n feita. Ag\u00e1s un par de roteiros non haber\u00e1n actividades de p\u00e9. E ben, creo que o festival vai ter cousas moi interesantes como o encontro con Kleber Mendo\u00e7a Filho, gran director brasileiro cuxas pel\u00edculas recibiron m\u00e1is de 120 premios, teremos tam\u00e9n un coloquio co historiador Ian Gibson no torreiro de Cans<\/p><\/blockquote>\n\n\n\n<p><strong>Vaia luxo, supo\u00f1o que xa teredes as prazas cubertas para escoitalo?<\/strong><\/p>\n\n\n\n<blockquote class=\"wp-block-quote is-layout-flow wp-block-quote-is-layout-flow\"><p>Si para escoitar a Ian, s\u00f3 se poden inscribir 100 persoas e xa est\u00e1 as prazas cubertas. Ian Gibson ten 85 anos e \u00e9 case unha lenda. Teremos tam\u00e9n as actuaci\u00f3ns de Ses, a entrega do premio a Jorge Coira, o encontro con Celso Bugallo&#8230; e moitas cousas m\u00e1is<\/p><\/blockquote>\n\n\n\n<p><strong>E a competici\u00f3n de curtas claro?<\/strong><\/p>\n\n\n\n<blockquote class=\"wp-block-quote is-layout-flow wp-block-quote-is-layout-flow\"><p>Desde logo. Iso \u00e9 a xoia da coroa do festival. O d\u00eda 29 imos pechar a venda de entradas, estea que estea vendido, pois os protocolos sanitarios esixen que todo o mundo ten que estar rexistrado<\/p><\/blockquote>\n","protected":false},"excerpt":{"rendered":"<div class=\"mh-excerpt\"><p>O pasado 18 de agosto tanto a organizaci\u00f3n do festival co seu director Alfonso Pato, como as diferentes autoridades pol\u00edticas que o apoian fixeron a s\u00faa XVIII presentaci\u00f3n no xa ben co\u00f1ecido torreiro de Cans <a class=\"mh-excerpt-more\" href=\"https:\/\/www.anovapeneira.gal\/index.php\/2021\/08\/27\/o-festival-de-cans-faise-maior-de-idade\/\" title=\"O Festival de Cans faise maior  de idade\">[&#8230;]<\/a><\/p>\n<\/div>","protected":false},"author":17,"featured_media":5995,"comment_status":"open","ping_status":"open","sticky":false,"template":"","format":"standard","meta":{"_exactmetrics_skip_tracking":false,"_exactmetrics_sitenote_active":false,"_exactmetrics_sitenote_note":"","_exactmetrics_sitenote_category":0,"footnotes":""},"categories":[490],"tags":[1251,1268],"class_list":{"0":"post-5991","1":"post","2":"type-post","3":"status-publish","4":"format-standard","5":"has-post-thumbnail","7":"category-a-lourina-reportaxes","8":"tag-concello-de-porrino","9":"tag-festival-de-cans"},"yoast_head":"<!-- This site is optimized with the Yoast SEO plugin v27.4 - https:\/\/yoast.com\/product\/yoast-seo-wordpress\/ -->\n<title>O Festival de Cans faise maior de idade -<\/title>\n<meta name=\"description\" content=\"O pasado 18 de agosto tanto a organizaci\u00f3n do festival co seu director Alfonso Pato, como as diferentes autoridades pol\u00edticas que o apoian fixeron a s\u00faa XVIII presentaci\u00f3n no xa ben co\u00f1ecido torreiro de Cans.\" \/>\n<meta name=\"robots\" content=\"index, follow, max-snippet:-1, max-image-preview:large, max-video-preview:-1\" \/>\n<link rel=\"canonical\" href=\"https:\/\/www.anovapeneira.gal\/index.php\/2021\/08\/27\/o-festival-de-cans-faise-maior-de-idade\/\" \/>\n<meta property=\"og:locale\" content=\"gl_ES\" \/>\n<meta property=\"og:type\" content=\"article\" \/>\n<meta property=\"og:title\" content=\"O Festival de Cans faise maior de idade -\" \/>\n<meta property=\"og:description\" content=\"O pasado 18 de agosto tanto a organizaci\u00f3n do festival co seu director Alfonso Pato, como as diferentes autoridades pol\u00edticas que o apoian fixeron a s\u00faa XVIII presentaci\u00f3n no xa ben co\u00f1ecido torreiro de Cans.\" \/>\n<meta property=\"og:url\" content=\"https:\/\/www.anovapeneira.gal\/index.php\/2021\/08\/27\/o-festival-de-cans-faise-maior-de-idade\/\" \/>\n<meta property=\"article:publisher\" content=\"https:\/\/www.facebook.com\/anovapeneira\" \/>\n<meta property=\"article:published_time\" content=\"2021-08-27T10:00:44+00:00\" \/>\n<meta property=\"og:image\" content=\"https:\/\/www.anovapeneira.gal\/wp-content\/uploads\/2021\/08\/festival_cans.jpg\" \/>\n\t<meta property=\"og:image:width\" content=\"720\" \/>\n\t<meta property=\"og:image:height\" content=\"432\" \/>\n\t<meta property=\"og:image:type\" content=\"image\/jpeg\" \/>\n<meta name=\"author\" content=\"G. Figueiredo\" \/>\n<meta name=\"twitter:card\" content=\"summary_large_image\" \/>\n<meta name=\"twitter:creator\" content=\"@APeneira\" \/>\n<meta name=\"twitter:site\" content=\"@APeneira\" \/>\n<meta name=\"twitter:label1\" content=\"Escrito por\" \/>\n\t<meta name=\"twitter:data1\" content=\"G. Figueiredo\" \/>\n\t<meta name=\"twitter:label2\" content=\"Tempo de lectura\" \/>\n\t<meta name=\"twitter:data2\" content=\"10 minutos\" \/>\n<script type=\"application\/ld+json\" class=\"yoast-schema-graph\">{\"@context\":\"https:\\\/\\\/schema.org\",\"@graph\":[{\"@type\":\"Article\",\"@id\":\"https:\\\/\\\/www.anovapeneira.gal\\\/index.php\\\/2021\\\/08\\\/27\\\/o-festival-de-cans-faise-maior-de-idade\\\/#article\",\"isPartOf\":{\"@id\":\"https:\\\/\\\/www.anovapeneira.gal\\\/index.php\\\/2021\\\/08\\\/27\\\/o-festival-de-cans-faise-maior-de-idade\\\/\"},\"author\":{\"name\":\"G. Figueiredo\",\"@id\":\"https:\\\/\\\/www.anovapeneira.gal\\\/#\\\/schema\\\/person\\\/42f904d7cac80cf3f5a31494dd82a9b6\"},\"headline\":\"O Festival de Cans faise maior de idade\",\"datePublished\":\"2021-08-27T10:00:44+00:00\",\"mainEntityOfPage\":{\"@id\":\"https:\\\/\\\/www.anovapeneira.gal\\\/index.php\\\/2021\\\/08\\\/27\\\/o-festival-de-cans-faise-maior-de-idade\\\/\"},\"wordCount\":2294,\"commentCount\":0,\"publisher\":{\"@id\":\"https:\\\/\\\/www.anovapeneira.gal\\\/#organization\"},\"image\":{\"@id\":\"https:\\\/\\\/www.anovapeneira.gal\\\/index.php\\\/2021\\\/08\\\/27\\\/o-festival-de-cans-faise-maior-de-idade\\\/#primaryimage\"},\"thumbnailUrl\":\"https:\\\/\\\/www.anovapeneira.gal\\\/wp-content\\\/uploads\\\/2021\\\/08\\\/festival_cans.jpg\",\"keywords\":[\"Concello de Porri\u00f1o\",\"Festival de Cans\"],\"articleSection\":[\"A Louri\u00f1a\"],\"inLanguage\":\"gl-ES\",\"potentialAction\":[{\"@type\":\"CommentAction\",\"name\":\"Comment\",\"target\":[\"https:\\\/\\\/www.anovapeneira.gal\\\/index.php\\\/2021\\\/08\\\/27\\\/o-festival-de-cans-faise-maior-de-idade\\\/#respond\"]}]},{\"@type\":\"WebPage\",\"@id\":\"https:\\\/\\\/www.anovapeneira.gal\\\/index.php\\\/2021\\\/08\\\/27\\\/o-festival-de-cans-faise-maior-de-idade\\\/\",\"url\":\"https:\\\/\\\/www.anovapeneira.gal\\\/index.php\\\/2021\\\/08\\\/27\\\/o-festival-de-cans-faise-maior-de-idade\\\/\",\"name\":\"O Festival de Cans faise maior de idade -\",\"isPartOf\":{\"@id\":\"https:\\\/\\\/www.anovapeneira.gal\\\/#website\"},\"primaryImageOfPage\":{\"@id\":\"https:\\\/\\\/www.anovapeneira.gal\\\/index.php\\\/2021\\\/08\\\/27\\\/o-festival-de-cans-faise-maior-de-idade\\\/#primaryimage\"},\"image\":{\"@id\":\"https:\\\/\\\/www.anovapeneira.gal\\\/index.php\\\/2021\\\/08\\\/27\\\/o-festival-de-cans-faise-maior-de-idade\\\/#primaryimage\"},\"thumbnailUrl\":\"https:\\\/\\\/www.anovapeneira.gal\\\/wp-content\\\/uploads\\\/2021\\\/08\\\/festival_cans.jpg\",\"datePublished\":\"2021-08-27T10:00:44+00:00\",\"description\":\"O pasado 18 de agosto tanto a organizaci\u00f3n do festival co seu director Alfonso Pato, como as diferentes autoridades pol\u00edticas que o apoian fixeron a s\u00faa XVIII presentaci\u00f3n no xa ben co\u00f1ecido torreiro de Cans.\",\"breadcrumb\":{\"@id\":\"https:\\\/\\\/www.anovapeneira.gal\\\/index.php\\\/2021\\\/08\\\/27\\\/o-festival-de-cans-faise-maior-de-idade\\\/#breadcrumb\"},\"inLanguage\":\"gl-ES\",\"potentialAction\":[{\"@type\":\"ReadAction\",\"target\":[\"https:\\\/\\\/www.anovapeneira.gal\\\/index.php\\\/2021\\\/08\\\/27\\\/o-festival-de-cans-faise-maior-de-idade\\\/\"]}]},{\"@type\":\"ImageObject\",\"inLanguage\":\"gl-ES\",\"@id\":\"https:\\\/\\\/www.anovapeneira.gal\\\/index.php\\\/2021\\\/08\\\/27\\\/o-festival-de-cans-faise-maior-de-idade\\\/#primaryimage\",\"url\":\"https:\\\/\\\/www.anovapeneira.gal\\\/wp-content\\\/uploads\\\/2021\\\/08\\\/festival_cans.jpg\",\"contentUrl\":\"https:\\\/\\\/www.anovapeneira.gal\\\/wp-content\\\/uploads\\\/2021\\\/08\\\/festival_cans.jpg\",\"width\":720,\"height\":432,\"caption\":\"Festival de Cans\"},{\"@type\":\"BreadcrumbList\",\"@id\":\"https:\\\/\\\/www.anovapeneira.gal\\\/index.php\\\/2021\\\/08\\\/27\\\/o-festival-de-cans-faise-maior-de-idade\\\/#breadcrumb\",\"itemListElement\":[{\"@type\":\"ListItem\",\"position\":1,\"name\":\"Portada\",\"item\":\"https:\\\/\\\/www.anovapeneira.gal\\\/\"},{\"@type\":\"ListItem\",\"position\":2,\"name\":\"O Festival de Cans faise maior de idade\"}]},{\"@type\":\"WebSite\",\"@id\":\"https:\\\/\\\/www.anovapeneira.gal\\\/#website\",\"url\":\"https:\\\/\\\/www.anovapeneira.gal\\\/\",\"name\":\"\",\"description\":\"Xornal galego de informaci\u00f3n xeral Publicaci\u00f3n mensual de novas de Galicia e en especial dos Concellos da sur da provincia de Pontevedra.\",\"publisher\":{\"@id\":\"https:\\\/\\\/www.anovapeneira.gal\\\/#organization\"},\"potentialAction\":[{\"@type\":\"SearchAction\",\"target\":{\"@type\":\"EntryPoint\",\"urlTemplate\":\"https:\\\/\\\/www.anovapeneira.gal\\\/?s={search_term_string}\"},\"query-input\":{\"@type\":\"PropertyValueSpecification\",\"valueRequired\":true,\"valueName\":\"search_term_string\"}}],\"inLanguage\":\"gl-ES\"},{\"@type\":\"Organization\",\"@id\":\"https:\\\/\\\/www.anovapeneira.gal\\\/#organization\",\"name\":\"A Nova Peneira\",\"url\":\"https:\\\/\\\/www.anovapeneira.gal\\\/\",\"logo\":{\"@type\":\"ImageObject\",\"inLanguage\":\"gl-ES\",\"@id\":\"https:\\\/\\\/www.anovapeneira.gal\\\/#\\\/schema\\\/logo\\\/image\\\/\",\"url\":\"http:\\\/\\\/www.anovapeneira.gal\\\/wp-content\\\/uploads\\\/2019\\\/06\\\/logo_a_nova_peneira_portal_web.png\",\"contentUrl\":\"http:\\\/\\\/www.anovapeneira.gal\\\/wp-content\\\/uploads\\\/2019\\\/06\\\/logo_a_nova_peneira_portal_web.png\",\"width\":300,\"height\":100,\"caption\":\"A Nova Peneira\"},\"image\":{\"@id\":\"https:\\\/\\\/www.anovapeneira.gal\\\/#\\\/schema\\\/logo\\\/image\\\/\"},\"sameAs\":[\"https:\\\/\\\/www.facebook.com\\\/anovapeneira\",\"https:\\\/\\\/x.com\\\/APeneira\"]},{\"@type\":\"Person\",\"@id\":\"https:\\\/\\\/www.anovapeneira.gal\\\/#\\\/schema\\\/person\\\/42f904d7cac80cf3f5a31494dd82a9b6\",\"name\":\"G. Figueiredo\",\"image\":{\"@type\":\"ImageObject\",\"inLanguage\":\"gl-ES\",\"@id\":\"https:\\\/\\\/secure.gravatar.com\\\/avatar\\\/2d970086688458e0398ef8b84f5cbb8cc1ec3ab115aeb8435135a9f556af97b3?s=96&d=mm&r=g\",\"url\":\"https:\\\/\\\/secure.gravatar.com\\\/avatar\\\/2d970086688458e0398ef8b84f5cbb8cc1ec3ab115aeb8435135a9f556af97b3?s=96&d=mm&r=g\",\"contentUrl\":\"https:\\\/\\\/secure.gravatar.com\\\/avatar\\\/2d970086688458e0398ef8b84f5cbb8cc1ec3ab115aeb8435135a9f556af97b3?s=96&d=mm&r=g\",\"caption\":\"G. Figueiredo\"},\"sameAs\":[\"http:\\\/\\\/www.anovapeneira.gal\\\/\"],\"url\":\"https:\\\/\\\/www.anovapeneira.gal\\\/index.php\\\/author\\\/g-figueiredo\\\/\"}]}<\/script>\n<!-- \/ Yoast SEO plugin. -->","yoast_head_json":{"title":"O Festival de Cans faise maior de idade -","description":"O pasado 18 de agosto tanto a organizaci\u00f3n do festival co seu director Alfonso Pato, como as diferentes autoridades pol\u00edticas que o apoian fixeron a s\u00faa XVIII presentaci\u00f3n no xa ben co\u00f1ecido torreiro de Cans.","robots":{"index":"index","follow":"follow","max-snippet":"max-snippet:-1","max-image-preview":"max-image-preview:large","max-video-preview":"max-video-preview:-1"},"canonical":"https:\/\/www.anovapeneira.gal\/index.php\/2021\/08\/27\/o-festival-de-cans-faise-maior-de-idade\/","og_locale":"gl_ES","og_type":"article","og_title":"O Festival de Cans faise maior de idade -","og_description":"O pasado 18 de agosto tanto a organizaci\u00f3n do festival co seu director Alfonso Pato, como as diferentes autoridades pol\u00edticas que o apoian fixeron a s\u00faa XVIII presentaci\u00f3n no xa ben co\u00f1ecido torreiro de Cans.","og_url":"https:\/\/www.anovapeneira.gal\/index.php\/2021\/08\/27\/o-festival-de-cans-faise-maior-de-idade\/","article_publisher":"https:\/\/www.facebook.com\/anovapeneira","article_published_time":"2021-08-27T10:00:44+00:00","og_image":[{"width":720,"height":432,"url":"https:\/\/www.anovapeneira.gal\/wp-content\/uploads\/2021\/08\/festival_cans.jpg","type":"image\/jpeg"}],"author":"G. Figueiredo","twitter_card":"summary_large_image","twitter_creator":"@APeneira","twitter_site":"@APeneira","twitter_misc":{"Escrito por":"G. Figueiredo","Tempo de lectura":"10 minutos"},"schema":{"@context":"https:\/\/schema.org","@graph":[{"@type":"Article","@id":"https:\/\/www.anovapeneira.gal\/index.php\/2021\/08\/27\/o-festival-de-cans-faise-maior-de-idade\/#article","isPartOf":{"@id":"https:\/\/www.anovapeneira.gal\/index.php\/2021\/08\/27\/o-festival-de-cans-faise-maior-de-idade\/"},"author":{"name":"G. Figueiredo","@id":"https:\/\/www.anovapeneira.gal\/#\/schema\/person\/42f904d7cac80cf3f5a31494dd82a9b6"},"headline":"O Festival de Cans faise maior de idade","datePublished":"2021-08-27T10:00:44+00:00","mainEntityOfPage":{"@id":"https:\/\/www.anovapeneira.gal\/index.php\/2021\/08\/27\/o-festival-de-cans-faise-maior-de-idade\/"},"wordCount":2294,"commentCount":0,"publisher":{"@id":"https:\/\/www.anovapeneira.gal\/#organization"},"image":{"@id":"https:\/\/www.anovapeneira.gal\/index.php\/2021\/08\/27\/o-festival-de-cans-faise-maior-de-idade\/#primaryimage"},"thumbnailUrl":"https:\/\/www.anovapeneira.gal\/wp-content\/uploads\/2021\/08\/festival_cans.jpg","keywords":["Concello de Porri\u00f1o","Festival de Cans"],"articleSection":["A Louri\u00f1a"],"inLanguage":"gl-ES","potentialAction":[{"@type":"CommentAction","name":"Comment","target":["https:\/\/www.anovapeneira.gal\/index.php\/2021\/08\/27\/o-festival-de-cans-faise-maior-de-idade\/#respond"]}]},{"@type":"WebPage","@id":"https:\/\/www.anovapeneira.gal\/index.php\/2021\/08\/27\/o-festival-de-cans-faise-maior-de-idade\/","url":"https:\/\/www.anovapeneira.gal\/index.php\/2021\/08\/27\/o-festival-de-cans-faise-maior-de-idade\/","name":"O Festival de Cans faise maior de idade -","isPartOf":{"@id":"https:\/\/www.anovapeneira.gal\/#website"},"primaryImageOfPage":{"@id":"https:\/\/www.anovapeneira.gal\/index.php\/2021\/08\/27\/o-festival-de-cans-faise-maior-de-idade\/#primaryimage"},"image":{"@id":"https:\/\/www.anovapeneira.gal\/index.php\/2021\/08\/27\/o-festival-de-cans-faise-maior-de-idade\/#primaryimage"},"thumbnailUrl":"https:\/\/www.anovapeneira.gal\/wp-content\/uploads\/2021\/08\/festival_cans.jpg","datePublished":"2021-08-27T10:00:44+00:00","description":"O pasado 18 de agosto tanto a organizaci\u00f3n do festival co seu director Alfonso Pato, como as diferentes autoridades pol\u00edticas que o apoian fixeron a s\u00faa XVIII presentaci\u00f3n no xa ben co\u00f1ecido torreiro de Cans.","breadcrumb":{"@id":"https:\/\/www.anovapeneira.gal\/index.php\/2021\/08\/27\/o-festival-de-cans-faise-maior-de-idade\/#breadcrumb"},"inLanguage":"gl-ES","potentialAction":[{"@type":"ReadAction","target":["https:\/\/www.anovapeneira.gal\/index.php\/2021\/08\/27\/o-festival-de-cans-faise-maior-de-idade\/"]}]},{"@type":"ImageObject","inLanguage":"gl-ES","@id":"https:\/\/www.anovapeneira.gal\/index.php\/2021\/08\/27\/o-festival-de-cans-faise-maior-de-idade\/#primaryimage","url":"https:\/\/www.anovapeneira.gal\/wp-content\/uploads\/2021\/08\/festival_cans.jpg","contentUrl":"https:\/\/www.anovapeneira.gal\/wp-content\/uploads\/2021\/08\/festival_cans.jpg","width":720,"height":432,"caption":"Festival de Cans"},{"@type":"BreadcrumbList","@id":"https:\/\/www.anovapeneira.gal\/index.php\/2021\/08\/27\/o-festival-de-cans-faise-maior-de-idade\/#breadcrumb","itemListElement":[{"@type":"ListItem","position":1,"name":"Portada","item":"https:\/\/www.anovapeneira.gal\/"},{"@type":"ListItem","position":2,"name":"O Festival de Cans faise maior de idade"}]},{"@type":"WebSite","@id":"https:\/\/www.anovapeneira.gal\/#website","url":"https:\/\/www.anovapeneira.gal\/","name":"","description":"Xornal galego de informaci\u00f3n xeral Publicaci\u00f3n mensual de novas de Galicia e en especial dos Concellos da sur da provincia de Pontevedra.","publisher":{"@id":"https:\/\/www.anovapeneira.gal\/#organization"},"potentialAction":[{"@type":"SearchAction","target":{"@type":"EntryPoint","urlTemplate":"https:\/\/www.anovapeneira.gal\/?s={search_term_string}"},"query-input":{"@type":"PropertyValueSpecification","valueRequired":true,"valueName":"search_term_string"}}],"inLanguage":"gl-ES"},{"@type":"Organization","@id":"https:\/\/www.anovapeneira.gal\/#organization","name":"A Nova Peneira","url":"https:\/\/www.anovapeneira.gal\/","logo":{"@type":"ImageObject","inLanguage":"gl-ES","@id":"https:\/\/www.anovapeneira.gal\/#\/schema\/logo\/image\/","url":"http:\/\/www.anovapeneira.gal\/wp-content\/uploads\/2019\/06\/logo_a_nova_peneira_portal_web.png","contentUrl":"http:\/\/www.anovapeneira.gal\/wp-content\/uploads\/2019\/06\/logo_a_nova_peneira_portal_web.png","width":300,"height":100,"caption":"A Nova Peneira"},"image":{"@id":"https:\/\/www.anovapeneira.gal\/#\/schema\/logo\/image\/"},"sameAs":["https:\/\/www.facebook.com\/anovapeneira","https:\/\/x.com\/APeneira"]},{"@type":"Person","@id":"https:\/\/www.anovapeneira.gal\/#\/schema\/person\/42f904d7cac80cf3f5a31494dd82a9b6","name":"G. Figueiredo","image":{"@type":"ImageObject","inLanguage":"gl-ES","@id":"https:\/\/secure.gravatar.com\/avatar\/2d970086688458e0398ef8b84f5cbb8cc1ec3ab115aeb8435135a9f556af97b3?s=96&d=mm&r=g","url":"https:\/\/secure.gravatar.com\/avatar\/2d970086688458e0398ef8b84f5cbb8cc1ec3ab115aeb8435135a9f556af97b3?s=96&d=mm&r=g","contentUrl":"https:\/\/secure.gravatar.com\/avatar\/2d970086688458e0398ef8b84f5cbb8cc1ec3ab115aeb8435135a9f556af97b3?s=96&d=mm&r=g","caption":"G. Figueiredo"},"sameAs":["http:\/\/www.anovapeneira.gal\/"],"url":"https:\/\/www.anovapeneira.gal\/index.php\/author\/g-figueiredo\/"}]}},"jetpack_featured_media_url":"https:\/\/www.anovapeneira.gal\/wp-content\/uploads\/2021\/08\/festival_cans.jpg","_links":{"self":[{"href":"https:\/\/www.anovapeneira.gal\/index.php\/wp-json\/wp\/v2\/posts\/5991","targetHints":{"allow":["GET"]}}],"collection":[{"href":"https:\/\/www.anovapeneira.gal\/index.php\/wp-json\/wp\/v2\/posts"}],"about":[{"href":"https:\/\/www.anovapeneira.gal\/index.php\/wp-json\/wp\/v2\/types\/post"}],"author":[{"embeddable":true,"href":"https:\/\/www.anovapeneira.gal\/index.php\/wp-json\/wp\/v2\/users\/17"}],"replies":[{"embeddable":true,"href":"https:\/\/www.anovapeneira.gal\/index.php\/wp-json\/wp\/v2\/comments?post=5991"}],"version-history":[{"count":2,"href":"https:\/\/www.anovapeneira.gal\/index.php\/wp-json\/wp\/v2\/posts\/5991\/revisions"}],"predecessor-version":[{"id":5996,"href":"https:\/\/www.anovapeneira.gal\/index.php\/wp-json\/wp\/v2\/posts\/5991\/revisions\/5996"}],"wp:featuredmedia":[{"embeddable":true,"href":"https:\/\/www.anovapeneira.gal\/index.php\/wp-json\/wp\/v2\/media\/5995"}],"wp:attachment":[{"href":"https:\/\/www.anovapeneira.gal\/index.php\/wp-json\/wp\/v2\/media?parent=5991"}],"wp:term":[{"taxonomy":"category","embeddable":true,"href":"https:\/\/www.anovapeneira.gal\/index.php\/wp-json\/wp\/v2\/categories?post=5991"},{"taxonomy":"post_tag","embeddable":true,"href":"https:\/\/www.anovapeneira.gal\/index.php\/wp-json\/wp\/v2\/tags?post=5991"}],"curies":[{"name":"wp","href":"https:\/\/api.w.org\/{rel}","templated":true}]}}